{"id":42896,"date":"2023-02-16T19:49:42","date_gmt":"2023-02-16T17:49:42","guid":{"rendered":"https:\/\/www.laguiadepamplona.com\/actualidad\/?p=42896"},"modified":"2023-04-11T11:47:11","modified_gmt":"2023-04-11T09:47:11","slug":"el-cuerpo-de-ciudad-de-pamplona-saldra-de-forma-extraordinaria-el-proximo-25-de-marzo-para-celebrar-su-declaracion-como-bien-de-interes-cultural-inmaterial","status":"publish","type":"post","link":"https:\/\/www.laguiadepamplona.com\/actualidad\/el-cuerpo-de-ciudad-de-pamplona-saldra-de-forma-extraordinaria-el-proximo-25-de-marzo-para-celebrar-su-declaracion-como-bien-de-interes-cultural-inmaterial\/","title":{"rendered":"El Cuerpo de Ciudad de Pamplona saldr\u00e1 de forma extraordinaria el pr\u00f3ximo 25 de marzo para celebrar su declaraci\u00f3n como Bien de Inter\u00e9s Cultural inmaterial"},"content":{"rendered":"<h5>El cortejo desfilar\u00e1 desde la Casa Consistorial hasta el Palacio de Navarra, donde tendr\u00e1 lugar un acto p\u00fablico<\/h5>\n<p><!--more--><\/p>\n<p>La Junta de Portavoces del Ayuntamiento ha conocido esta ma\u00f1ana la propuesta preparada para celebrar con un acto p\u00fablico la declaraci\u00f3n por el Gobierno de Navarra el pasado 25 de enero del Cuerpo de Ciudad de Pamplona \/ Iru\u00f1a como Bien de Inter\u00e9s Cultural (BIC) inmaterial. La propuesta ha sido elaborada conjuntamente por el propio Ayuntamiento de Pamplona y por el Gobierno de Navarra.<br \/>\n<script async src=\"\/\/pagead2.googlesyndication.com\/pagead\/js\/adsbygoogle.js\"><\/script><br \/>\n<!-- Noticias La Guia de Pamplona --><br \/>\n<ins class=\"adsbygoogle\"\nstyle=\"display:block\"\ndata-ad-client=\"ca-pub-6943679897239327\"\ndata-ad-slot=\"7048180777\"\ndata-ad-format=\"auto\"><\/ins><br \/>\n<script>\n(adsbygoogle = window.adsbygoogle || []).push({});\n<\/script><\/p>\n<p>El acto se desarrollar\u00e1 durante la ma\u00f1ana del pr\u00f3ximo s\u00e1bado 25 de marzo. Constar\u00e1 de un desfile en Cuerpo de Ciudad desde la Casa Consistorial hasta el Palacio de Navarra, donde tendr\u00e1 lugar un breve acto institucional. Tras ese acto, la comparsa de Gigantes y Cabezudos y el grupo de dantzaris municipales Duguna Taldea realizar\u00e1n diferentes bailes frente al Palacio de Navarra. Posteriormente, el cortejo recorrer\u00e1 las calles del Casco Antiguo hasta regresar a la Casa Consistorial, donde se dar\u00e1 por concluido el acto.<\/p>\n<p>Seg\u00fan recoge el Reglamento de Protocolo, Ceremonial, Honores y Distinciones del Ayuntamiento de Pamplona, la Corporaci\u00f3n municipal se constituye en Cuerpo de Ciudad \u201cpara asistir a los actos institucionales y es la forma en que la Corporaci\u00f3n asiste con etiqueta determinada y formando parte de un cortejo, integrado, en todo caso, por clarines y timbales, abanderado y porta-borlas, maceros y la guardia de gala, precedida por la comparsa de gigantes y cabezudos, grupo municipal de danzas, banda municipal de txistularis y banda municipal de m\u00fasica\u201d.<\/p>\n<p>En su art\u00edculo 8, las salidas extraordinarias en Cuerpo de Ciudad se pueden establecer por acuerdo del Pleno del Ayuntamiento. Esta propuesta de salida extraordinaria se debatir\u00e1 en el Pleno previsto para el jueves 2 de marzo.<br \/>\n<script async src=\"\/\/pagead2.googlesyndication.com\/pagead\/js\/adsbygoogle.js\"><\/script><br \/>\n<!-- Noticias La Guia de Pamplona --><br \/>\n<ins class=\"adsbygoogle\"\nstyle=\"display:block\"\ndata-ad-client=\"ca-pub-6943679897239327\"\ndata-ad-slot=\"7048180777\"\ndata-ad-format=\"auto\"><\/ins><br \/>\n<script>\n(adsbygoogle = window.adsbygoogle || []).push({});\n<\/script><\/p>\n<p><strong>Cuerpo de Ciudad, patrimonio inmaterial<\/strong><\/p>\n<p>El patrimonio inmaterial es intangible y, por tanto, existe cuando se recrea o representa. Por este motivo, esta salida busca poner en valor y transmitir a la ciudadan\u00eda este legado cultural urbano \u00fanico, cumpliendo de esta forma con uno de los objetivos de su declaraci\u00f3n como BIC.<\/p>\n<p>La visibilidad p\u00fablica es un eje vertebrador en la protecci\u00f3n de los bienes inmateriales. El desarrollo de los actos en los que participa la ciudadan\u00eda ayuda a su conservaci\u00f3n, difusi\u00f3n, conocimiento y puesta en valor, ya que estos bienes necesitan de su depositario para existir. En el caso del cortejo municipal los depositarios son la instituci\u00f3n municipal y las asociaciones culturales que participan en \u00e9l, pero tambi\u00e9n lo es el p\u00fablico que lo contempla como elemento necesario y fundamental para su desarrollo. Es, por tanto, un bien de toda la ciudad.<\/p>\n<p>De forma general, las manifestaciones de patrimonio cultural inmaterial han estado asociadas a las tradiciones culturales que presentan una mayor perdurabilidad en el \u00e1mbito rural. El Cuerpo de Ciudad de Pamplona \/ Iru\u00f1a es la primera declaraci\u00f3n de este tipo en el \u00e1mbito urbano de la Comunidad Foral.<\/p>\n","protected":false},"excerpt":{"rendered":"<p>El cortejo desfilar\u00e1 desde la Casa Consistorial hasta el Palacio de Navarra, donde tendr\u00e1 lugar un acto p\u00fablico<\/p>\n","protected":false},"author":1,"featured_media":42689,"comment_status":"open","ping_status":"closed","sticky":false,"template":"","format":"standard","meta":{"footnotes":""},"categories":[2],"tags":[],"class_list":["post-42896","post","type-post","status-publish","format-standard","has-post-thumbnail","hentry","category-ayuntamiento-pamplona"],"yoast_head":"<!-- This site is optimized with the Yoast SEO plugin v27.3 - https:\/\/yoast.com\/product\/yoast-seo-wordpress\/ -->\n<title>El Cuerpo de Ciudad de Pamplona saldr\u00e1 de forma extraordinaria el pr\u00f3ximo 25 de marzo para celebrar su declaraci\u00f3n como Bien de Inter\u00e9s Cultural inmaterial<\/title>\n<meta name=\"description\" content=\"El cortejo desfilar\u00e1 desde la Casa Consistorial hasta el Palacio de Navarra, donde tendr\u00e1 lugar un acto p\u00fablico\" \/>\n<meta name=\"robots\" content=\"index, follow, max-snippet:-1, max-image-preview:large, max-video-preview:-1\" \/>\n<link rel=\"canonical\" href=\"https:\/\/www.laguiadepamplona.com\/actualidad\/el-cuerpo-de-ciudad-de-pamplona-saldra-de-forma-extraordinaria-el-proximo-25-de-marzo-para-celebrar-su-declaracion-como-bien-de-interes-cultural-inmaterial\/\" \/>\n<meta property=\"og:locale\" content=\"es_ES\" \/>\n<meta property=\"og:type\" content=\"article\" \/>\n<meta property=\"og:title\" content=\"El Cuerpo de Ciudad de Pamplona saldr\u00e1 de forma extraordinaria el pr\u00f3ximo 25 de marzo para celebrar su declaraci\u00f3n como Bien de Inter\u00e9s Cultural inmaterial\" \/>\n<meta property=\"og:description\" content=\"El cortejo desfilar\u00e1 desde la Casa Consistorial hasta el Palacio de Navarra, donde tendr\u00e1 lugar un acto p\u00fablico\" \/>\n<meta property=\"og:url\" content=\"https:\/\/www.laguiadepamplona.com\/actualidad\/el-cuerpo-de-ciudad-de-pamplona-saldra-de-forma-extraordinaria-el-proximo-25-de-marzo-para-celebrar-su-declaracion-como-bien-de-interes-cultural-inmaterial\/\" \/>\n<meta property=\"og:site_name\" content=\"La Gu\u00eda de Pamplona\" \/>\n<meta property=\"article:publisher\" content=\"https:\/\/www.facebook.com\/laguiadepamplonacom-133175176762273\/?ref=hl\" \/>\n<meta property=\"article:published_time\" content=\"2023-02-16T17:49:42+00:00\" \/>\n<meta property=\"article:modified_time\" content=\"2023-04-11T09:47:11+00:00\" \/>\n<meta property=\"og:image\" content=\"https:\/\/www.laguiadepamplona.com\/actualidad\/wp-content\/uploads\/2023\/01\/20190707104732_035A1450_cuerpo_ciudad_pamplona.webp\" \/>\n\t<meta property=\"og:image:width\" content=\"1920\" \/>\n\t<meta property=\"og:image:height\" content=\"1280\" \/>\n\t<meta property=\"og:image:type\" content=\"image\/webp\" \/>\n<meta name=\"author\" content=\"La Gu\u00eda de Pamplona\" \/>\n<meta name=\"twitter:card\" content=\"summary_large_image\" \/>\n<meta name=\"twitter:creator\" content=\"@LaGuiadPamplona\" \/>\n<meta name=\"twitter:site\" content=\"@LaGuiadPamplona\" \/>\n<meta name=\"twitter:label1\" content=\"Escrito por\" \/>\n\t<meta name=\"twitter:data1\" content=\"La Gu\u00eda de Pamplona\" \/>\n\t<meta name=\"twitter:label2\" content=\"Tiempo de lectura\" \/>\n\t<meta name=\"twitter:data2\" content=\"3 minutos\" \/>\n<script type=\"application\/ld+json\" class=\"yoast-schema-graph\">{\"@context\":\"https:\\\/\\\/schema.org\",\"@graph\":[{\"@type\":\"Article\",\"@id\":\"https:\\\/\\\/www.laguiadepamplona.com\\\/actualidad\\\/el-cuerpo-de-ciudad-de-pamplona-saldra-de-forma-extraordinaria-el-proximo-25-de-marzo-para-celebrar-su-declaracion-como-bien-de-interes-cultural-inmaterial\\\/#article\",\"isPartOf\":{\"@id\":\"https:\\\/\\\/www.laguiadepamplona.com\\\/actualidad\\\/el-cuerpo-de-ciudad-de-pamplona-saldra-de-forma-extraordinaria-el-proximo-25-de-marzo-para-celebrar-su-declaracion-como-bien-de-interes-cultural-inmaterial\\\/\"},\"author\":{\"name\":\"La Gu\u00eda de Pamplona\",\"@id\":\"https:\\\/\\\/www.laguiadepamplona.com\\\/actualidad\\\/#\\\/schema\\\/person\\\/efe887376f0213d4657c93adc50b1fdb\"},\"headline\":\"El Cuerpo de Ciudad de Pamplona saldr\u00e1 de forma extraordinaria el pr\u00f3ximo 25 de marzo para celebrar su declaraci\u00f3n como Bien de Inter\u00e9s Cultural inmaterial\",\"datePublished\":\"2023-02-16T17:49:42+00:00\",\"dateModified\":\"2023-04-11T09:47:11+00:00\",\"mainEntityOfPage\":{\"@id\":\"https:\\\/\\\/www.laguiadepamplona.com\\\/actualidad\\\/el-cuerpo-de-ciudad-de-pamplona-saldra-de-forma-extraordinaria-el-proximo-25-de-marzo-para-celebrar-su-declaracion-como-bien-de-interes-cultural-inmaterial\\\/\"},\"wordCount\":527,\"commentCount\":0,\"publisher\":{\"@id\":\"https:\\\/\\\/www.laguiadepamplona.com\\\/actualidad\\\/#organization\"},\"image\":{\"@id\":\"https:\\\/\\\/www.laguiadepamplona.com\\\/actualidad\\\/el-cuerpo-de-ciudad-de-pamplona-saldra-de-forma-extraordinaria-el-proximo-25-de-marzo-para-celebrar-su-declaracion-como-bien-de-interes-cultural-inmaterial\\\/#primaryimage\"},\"thumbnailUrl\":\"https:\\\/\\\/www.laguiadepamplona.com\\\/actualidad\\\/wp-content\\\/uploads\\\/2023\\\/01\\\/20190707104732_035A1450_cuerpo_ciudad_pamplona.webp\",\"articleSection\":[\"Ayto Pamplona\"],\"inLanguage\":\"es\",\"potentialAction\":[{\"@type\":\"CommentAction\",\"name\":\"Comment\",\"target\":[\"https:\\\/\\\/www.laguiadepamplona.com\\\/actualidad\\\/el-cuerpo-de-ciudad-de-pamplona-saldra-de-forma-extraordinaria-el-proximo-25-de-marzo-para-celebrar-su-declaracion-como-bien-de-interes-cultural-inmaterial\\\/#respond\"]}]},{\"@type\":\"WebPage\",\"@id\":\"https:\\\/\\\/www.laguiadepamplona.com\\\/actualidad\\\/el-cuerpo-de-ciudad-de-pamplona-saldra-de-forma-extraordinaria-el-proximo-25-de-marzo-para-celebrar-su-declaracion-como-bien-de-interes-cultural-inmaterial\\\/\",\"url\":\"https:\\\/\\\/www.laguiadepamplona.com\\\/actualidad\\\/el-cuerpo-de-ciudad-de-pamplona-saldra-de-forma-extraordinaria-el-proximo-25-de-marzo-para-celebrar-su-declaracion-como-bien-de-interes-cultural-inmaterial\\\/\",\"name\":\"El Cuerpo de Ciudad de Pamplona saldr\u00e1 de forma extraordinaria el pr\u00f3ximo 25 de marzo para celebrar su declaraci\u00f3n como Bien de Inter\u00e9s Cultural inmaterial\",\"isPartOf\":{\"@id\":\"https:\\\/\\\/www.laguiadepamplona.com\\\/actualidad\\\/#website\"},\"primaryImageOfPage\":{\"@id\":\"https:\\\/\\\/www.laguiadepamplona.com\\\/actualidad\\\/el-cuerpo-de-ciudad-de-pamplona-saldra-de-forma-extraordinaria-el-proximo-25-de-marzo-para-celebrar-su-declaracion-como-bien-de-interes-cultural-inmaterial\\\/#primaryimage\"},\"image\":{\"@id\":\"https:\\\/\\\/www.laguiadepamplona.com\\\/actualidad\\\/el-cuerpo-de-ciudad-de-pamplona-saldra-de-forma-extraordinaria-el-proximo-25-de-marzo-para-celebrar-su-declaracion-como-bien-de-interes-cultural-inmaterial\\\/#primaryimage\"},\"thumbnailUrl\":\"https:\\\/\\\/www.laguiadepamplona.com\\\/actualidad\\\/wp-content\\\/uploads\\\/2023\\\/01\\\/20190707104732_035A1450_cuerpo_ciudad_pamplona.webp\",\"datePublished\":\"2023-02-16T17:49:42+00:00\",\"dateModified\":\"2023-04-11T09:47:11+00:00\",\"description\":\"El cortejo desfilar\u00e1 desde la Casa Consistorial hasta el Palacio de Navarra, donde tendr\u00e1 lugar un acto p\u00fablico\",\"breadcrumb\":{\"@id\":\"https:\\\/\\\/www.laguiadepamplona.com\\\/actualidad\\\/el-cuerpo-de-ciudad-de-pamplona-saldra-de-forma-extraordinaria-el-proximo-25-de-marzo-para-celebrar-su-declaracion-como-bien-de-interes-cultural-inmaterial\\\/#breadcrumb\"},\"inLanguage\":\"es\",\"potentialAction\":[{\"@type\":\"ReadAction\",\"target\":[\"https:\\\/\\\/www.laguiadepamplona.com\\\/actualidad\\\/el-cuerpo-de-ciudad-de-pamplona-saldra-de-forma-extraordinaria-el-proximo-25-de-marzo-para-celebrar-su-declaracion-como-bien-de-interes-cultural-inmaterial\\\/\"]}]},{\"@type\":\"ImageObject\",\"inLanguage\":\"es\",\"@id\":\"https:\\\/\\\/www.laguiadepamplona.com\\\/actualidad\\\/el-cuerpo-de-ciudad-de-pamplona-saldra-de-forma-extraordinaria-el-proximo-25-de-marzo-para-celebrar-su-declaracion-como-bien-de-interes-cultural-inmaterial\\\/#primaryimage\",\"url\":\"https:\\\/\\\/www.laguiadepamplona.com\\\/actualidad\\\/wp-content\\\/uploads\\\/2023\\\/01\\\/20190707104732_035A1450_cuerpo_ciudad_pamplona.webp\",\"contentUrl\":\"https:\\\/\\\/www.laguiadepamplona.com\\\/actualidad\\\/wp-content\\\/uploads\\\/2023\\\/01\\\/20190707104732_035A1450_cuerpo_ciudad_pamplona.webp\",\"width\":1920,\"height\":1280},{\"@type\":\"BreadcrumbList\",\"@id\":\"https:\\\/\\\/www.laguiadepamplona.com\\\/actualidad\\\/el-cuerpo-de-ciudad-de-pamplona-saldra-de-forma-extraordinaria-el-proximo-25-de-marzo-para-celebrar-su-declaracion-como-bien-de-interes-cultural-inmaterial\\\/#breadcrumb\",\"itemListElement\":[{\"@type\":\"ListItem\",\"position\":1,\"name\":\"Portada\",\"item\":\"https:\\\/\\\/www.laguiadepamplona.com\\\/actualidad\\\/\"},{\"@type\":\"ListItem\",\"position\":2,\"name\":\"El Cuerpo de Ciudad de Pamplona saldr\u00e1 de forma extraordinaria el pr\u00f3ximo 25 de marzo para celebrar su declaraci\u00f3n como Bien de Inter\u00e9s Cultural inmaterial\"}]},{\"@type\":\"WebSite\",\"@id\":\"https:\\\/\\\/www.laguiadepamplona.com\\\/actualidad\\\/#website\",\"url\":\"https:\\\/\\\/www.laguiadepamplona.com\\\/actualidad\\\/\",\"name\":\"La gu\u00eda de Pamplona\",\"description\":\"Noticias de Pamplona\",\"publisher\":{\"@id\":\"https:\\\/\\\/www.laguiadepamplona.com\\\/actualidad\\\/#organization\"},\"potentialAction\":[{\"@type\":\"SearchAction\",\"target\":{\"@type\":\"EntryPoint\",\"urlTemplate\":\"https:\\\/\\\/www.laguiadepamplona.com\\\/actualidad\\\/?s={search_term_string}\"},\"query-input\":{\"@type\":\"PropertyValueSpecification\",\"valueRequired\":true,\"valueName\":\"search_term_string\"}}],\"inLanguage\":\"es\"},{\"@type\":\"Organization\",\"@id\":\"https:\\\/\\\/www.laguiadepamplona.com\\\/actualidad\\\/#organization\",\"name\":\"La Gu\u00eda de Pamplona \\\/ Noticias\",\"url\":\"https:\\\/\\\/www.laguiadepamplona.com\\\/actualidad\\\/\",\"logo\":{\"@type\":\"ImageObject\",\"inLanguage\":\"es\",\"@id\":\"https:\\\/\\\/www.laguiadepamplona.com\\\/actualidad\\\/#\\\/schema\\\/logo\\\/image\\\/\",\"url\":\"https:\\\/\\\/www.laguiadepamplona.com\\\/actualidad\\\/wp-content\\\/uploads\\\/2018\\\/11\\\/logo-laguiadepamplona18-web1.png\",\"contentUrl\":\"https:\\\/\\\/www.laguiadepamplona.com\\\/actualidad\\\/wp-content\\\/uploads\\\/2018\\\/11\\\/logo-laguiadepamplona18-web1.png\",\"width\":600,\"height\":196,\"caption\":\"La Gu\u00eda de Pamplona \\\/ Noticias\"},\"image\":{\"@id\":\"https:\\\/\\\/www.laguiadepamplona.com\\\/actualidad\\\/#\\\/schema\\\/logo\\\/image\\\/\"},\"sameAs\":[\"https:\\\/\\\/www.facebook.com\\\/laguiadepamplonacom-133175176762273\\\/?ref=hl\",\"https:\\\/\\\/x.com\\\/LaGuiadPamplona\",\"https:\\\/\\\/www.instagram.com\\\/la_guia_de_pamplona\\\/\",\"https:\\\/\\\/www.youtube.com\\\/user\\\/laguiadepamplona\"]},{\"@type\":\"Person\",\"@id\":\"https:\\\/\\\/www.laguiadepamplona.com\\\/actualidad\\\/#\\\/schema\\\/person\\\/efe887376f0213d4657c93adc50b1fdb\",\"name\":\"La Gu\u00eda de Pamplona\",\"image\":{\"@type\":\"ImageObject\",\"inLanguage\":\"es\",\"@id\":\"https:\\\/\\\/secure.gravatar.com\\\/avatar\\\/b6992f131dc8d30ab0dff15446e9d346d9dbd95992de0fef795073f5ea83a81c?s=96&d=mm&r=g\",\"url\":\"https:\\\/\\\/secure.gravatar.com\\\/avatar\\\/b6992f131dc8d30ab0dff15446e9d346d9dbd95992de0fef795073f5ea83a81c?s=96&d=mm&r=g\",\"contentUrl\":\"https:\\\/\\\/secure.gravatar.com\\\/avatar\\\/b6992f131dc8d30ab0dff15446e9d346d9dbd95992de0fef795073f5ea83a81c?s=96&d=mm&r=g\",\"caption\":\"La Gu\u00eda de Pamplona\"}}]}<\/script>\n<!-- \/ Yoast SEO plugin. -->","yoast_head_json":{"title":"El Cuerpo de Ciudad de Pamplona saldr\u00e1 de forma extraordinaria el pr\u00f3ximo 25 de marzo para celebrar su declaraci\u00f3n como Bien de Inter\u00e9s Cultural inmaterial","description":"El cortejo desfilar\u00e1 desde la Casa Consistorial hasta el Palacio de Navarra, donde tendr\u00e1 lugar un acto p\u00fablico","robots":{"index":"index","follow":"follow","max-snippet":"max-snippet:-1","max-image-preview":"max-image-preview:large","max-video-preview":"max-video-preview:-1"},"canonical":"https:\/\/www.laguiadepamplona.com\/actualidad\/el-cuerpo-de-ciudad-de-pamplona-saldra-de-forma-extraordinaria-el-proximo-25-de-marzo-para-celebrar-su-declaracion-como-bien-de-interes-cultural-inmaterial\/","og_locale":"es_ES","og_type":"article","og_title":"El Cuerpo de Ciudad de Pamplona saldr\u00e1 de forma extraordinaria el pr\u00f3ximo 25 de marzo para celebrar su declaraci\u00f3n como Bien de Inter\u00e9s Cultural inmaterial","og_description":"El cortejo desfilar\u00e1 desde la Casa Consistorial hasta el Palacio de Navarra, donde tendr\u00e1 lugar un acto p\u00fablico","og_url":"https:\/\/www.laguiadepamplona.com\/actualidad\/el-cuerpo-de-ciudad-de-pamplona-saldra-de-forma-extraordinaria-el-proximo-25-de-marzo-para-celebrar-su-declaracion-como-bien-de-interes-cultural-inmaterial\/","og_site_name":"La Gu\u00eda de Pamplona","article_publisher":"https:\/\/www.facebook.com\/laguiadepamplonacom-133175176762273\/?ref=hl","article_published_time":"2023-02-16T17:49:42+00:00","article_modified_time":"2023-04-11T09:47:11+00:00","og_image":[{"width":1920,"height":1280,"url":"https:\/\/www.laguiadepamplona.com\/actualidad\/wp-content\/uploads\/2023\/01\/20190707104732_035A1450_cuerpo_ciudad_pamplona.webp","type":"image\/webp"}],"author":"La Gu\u00eda de Pamplona","twitter_card":"summary_large_image","twitter_creator":"@LaGuiadPamplona","twitter_site":"@LaGuiadPamplona","twitter_misc":{"Escrito por":"La Gu\u00eda de Pamplona","Tiempo de lectura":"3 minutos"},"schema":{"@context":"https:\/\/schema.org","@graph":[{"@type":"Article","@id":"https:\/\/www.laguiadepamplona.com\/actualidad\/el-cuerpo-de-ciudad-de-pamplona-saldra-de-forma-extraordinaria-el-proximo-25-de-marzo-para-celebrar-su-declaracion-como-bien-de-interes-cultural-inmaterial\/#article","isPartOf":{"@id":"https:\/\/www.laguiadepamplona.com\/actualidad\/el-cuerpo-de-ciudad-de-pamplona-saldra-de-forma-extraordinaria-el-proximo-25-de-marzo-para-celebrar-su-declaracion-como-bien-de-interes-cultural-inmaterial\/"},"author":{"name":"La Gu\u00eda de Pamplona","@id":"https:\/\/www.laguiadepamplona.com\/actualidad\/#\/schema\/person\/efe887376f0213d4657c93adc50b1fdb"},"headline":"El Cuerpo de Ciudad de Pamplona saldr\u00e1 de forma extraordinaria el pr\u00f3ximo 25 de marzo para celebrar su declaraci\u00f3n como Bien de Inter\u00e9s Cultural inmaterial","datePublished":"2023-02-16T17:49:42+00:00","dateModified":"2023-04-11T09:47:11+00:00","mainEntityOfPage":{"@id":"https:\/\/www.laguiadepamplona.com\/actualidad\/el-cuerpo-de-ciudad-de-pamplona-saldra-de-forma-extraordinaria-el-proximo-25-de-marzo-para-celebrar-su-declaracion-como-bien-de-interes-cultural-inmaterial\/"},"wordCount":527,"commentCount":0,"publisher":{"@id":"https:\/\/www.laguiadepamplona.com\/actualidad\/#organization"},"image":{"@id":"https:\/\/www.laguiadepamplona.com\/actualidad\/el-cuerpo-de-ciudad-de-pamplona-saldra-de-forma-extraordinaria-el-proximo-25-de-marzo-para-celebrar-su-declaracion-como-bien-de-interes-cultural-inmaterial\/#primaryimage"},"thumbnailUrl":"https:\/\/www.laguiadepamplona.com\/actualidad\/wp-content\/uploads\/2023\/01\/20190707104732_035A1450_cuerpo_ciudad_pamplona.webp","articleSection":["Ayto Pamplona"],"inLanguage":"es","potentialAction":[{"@type":"CommentAction","name":"Comment","target":["https:\/\/www.laguiadepamplona.com\/actualidad\/el-cuerpo-de-ciudad-de-pamplona-saldra-de-forma-extraordinaria-el-proximo-25-de-marzo-para-celebrar-su-declaracion-como-bien-de-interes-cultural-inmaterial\/#respond"]}]},{"@type":"WebPage","@id":"https:\/\/www.laguiadepamplona.com\/actualidad\/el-cuerpo-de-ciudad-de-pamplona-saldra-de-forma-extraordinaria-el-proximo-25-de-marzo-para-celebrar-su-declaracion-como-bien-de-interes-cultural-inmaterial\/","url":"https:\/\/www.laguiadepamplona.com\/actualidad\/el-cuerpo-de-ciudad-de-pamplona-saldra-de-forma-extraordinaria-el-proximo-25-de-marzo-para-celebrar-su-declaracion-como-bien-de-interes-cultural-inmaterial\/","name":"El Cuerpo de Ciudad de Pamplona saldr\u00e1 de forma extraordinaria el pr\u00f3ximo 25 de marzo para celebrar su declaraci\u00f3n como Bien de Inter\u00e9s Cultural inmaterial","isPartOf":{"@id":"https:\/\/www.laguiadepamplona.com\/actualidad\/#website"},"primaryImageOfPage":{"@id":"https:\/\/www.laguiadepamplona.com\/actualidad\/el-cuerpo-de-ciudad-de-pamplona-saldra-de-forma-extraordinaria-el-proximo-25-de-marzo-para-celebrar-su-declaracion-como-bien-de-interes-cultural-inmaterial\/#primaryimage"},"image":{"@id":"https:\/\/www.laguiadepamplona.com\/actualidad\/el-cuerpo-de-ciudad-de-pamplona-saldra-de-forma-extraordinaria-el-proximo-25-de-marzo-para-celebrar-su-declaracion-como-bien-de-interes-cultural-inmaterial\/#primaryimage"},"thumbnailUrl":"https:\/\/www.laguiadepamplona.com\/actualidad\/wp-content\/uploads\/2023\/01\/20190707104732_035A1450_cuerpo_ciudad_pamplona.webp","datePublished":"2023-02-16T17:49:42+00:00","dateModified":"2023-04-11T09:47:11+00:00","description":"El cortejo desfilar\u00e1 desde la Casa Consistorial hasta el Palacio de Navarra, donde tendr\u00e1 lugar un acto p\u00fablico","breadcrumb":{"@id":"https:\/\/www.laguiadepamplona.com\/actualidad\/el-cuerpo-de-ciudad-de-pamplona-saldra-de-forma-extraordinaria-el-proximo-25-de-marzo-para-celebrar-su-declaracion-como-bien-de-interes-cultural-inmaterial\/#breadcrumb"},"inLanguage":"es","potentialAction":[{"@type":"ReadAction","target":["https:\/\/www.laguiadepamplona.com\/actualidad\/el-cuerpo-de-ciudad-de-pamplona-saldra-de-forma-extraordinaria-el-proximo-25-de-marzo-para-celebrar-su-declaracion-como-bien-de-interes-cultural-inmaterial\/"]}]},{"@type":"ImageObject","inLanguage":"es","@id":"https:\/\/www.laguiadepamplona.com\/actualidad\/el-cuerpo-de-ciudad-de-pamplona-saldra-de-forma-extraordinaria-el-proximo-25-de-marzo-para-celebrar-su-declaracion-como-bien-de-interes-cultural-inmaterial\/#primaryimage","url":"https:\/\/www.laguiadepamplona.com\/actualidad\/wp-content\/uploads\/2023\/01\/20190707104732_035A1450_cuerpo_ciudad_pamplona.webp","contentUrl":"https:\/\/www.laguiadepamplona.com\/actualidad\/wp-content\/uploads\/2023\/01\/20190707104732_035A1450_cuerpo_ciudad_pamplona.webp","width":1920,"height":1280},{"@type":"BreadcrumbList","@id":"https:\/\/www.laguiadepamplona.com\/actualidad\/el-cuerpo-de-ciudad-de-pamplona-saldra-de-forma-extraordinaria-el-proximo-25-de-marzo-para-celebrar-su-declaracion-como-bien-de-interes-cultural-inmaterial\/#breadcrumb","itemListElement":[{"@type":"ListItem","position":1,"name":"Portada","item":"https:\/\/www.laguiadepamplona.com\/actualidad\/"},{"@type":"ListItem","position":2,"name":"El Cuerpo de Ciudad de Pamplona saldr\u00e1 de forma extraordinaria el pr\u00f3ximo 25 de marzo para celebrar su declaraci\u00f3n como Bien de Inter\u00e9s Cultural inmaterial"}]},{"@type":"WebSite","@id":"https:\/\/www.laguiadepamplona.com\/actualidad\/#website","url":"https:\/\/www.laguiadepamplona.com\/actualidad\/","name":"La gu\u00eda de Pamplona","description":"Noticias de Pamplona","publisher":{"@id":"https:\/\/www.laguiadepamplona.com\/actualidad\/#organization"},"potentialAction":[{"@type":"SearchAction","target":{"@type":"EntryPoint","urlTemplate":"https:\/\/www.laguiadepamplona.com\/actualidad\/?s={search_term_string}"},"query-input":{"@type":"PropertyValueSpecification","valueRequired":true,"valueName":"search_term_string"}}],"inLanguage":"es"},{"@type":"Organization","@id":"https:\/\/www.laguiadepamplona.com\/actualidad\/#organization","name":"La Gu\u00eda de Pamplona \/ Noticias","url":"https:\/\/www.laguiadepamplona.com\/actualidad\/","logo":{"@type":"ImageObject","inLanguage":"es","@id":"https:\/\/www.laguiadepamplona.com\/actualidad\/#\/schema\/logo\/image\/","url":"https:\/\/www.laguiadepamplona.com\/actualidad\/wp-content\/uploads\/2018\/11\/logo-laguiadepamplona18-web1.png","contentUrl":"https:\/\/www.laguiadepamplona.com\/actualidad\/wp-content\/uploads\/2018\/11\/logo-laguiadepamplona18-web1.png","width":600,"height":196,"caption":"La Gu\u00eda de Pamplona \/ Noticias"},"image":{"@id":"https:\/\/www.laguiadepamplona.com\/actualidad\/#\/schema\/logo\/image\/"},"sameAs":["https:\/\/www.facebook.com\/laguiadepamplonacom-133175176762273\/?ref=hl","https:\/\/x.com\/LaGuiadPamplona","https:\/\/www.instagram.com\/la_guia_de_pamplona\/","https:\/\/www.youtube.com\/user\/laguiadepamplona"]},{"@type":"Person","@id":"https:\/\/www.laguiadepamplona.com\/actualidad\/#\/schema\/person\/efe887376f0213d4657c93adc50b1fdb","name":"La Gu\u00eda de Pamplona","image":{"@type":"ImageObject","inLanguage":"es","@id":"https:\/\/secure.gravatar.com\/avatar\/b6992f131dc8d30ab0dff15446e9d346d9dbd95992de0fef795073f5ea83a81c?s=96&d=mm&r=g","url":"https:\/\/secure.gravatar.com\/avatar\/b6992f131dc8d30ab0dff15446e9d346d9dbd95992de0fef795073f5ea83a81c?s=96&d=mm&r=g","contentUrl":"https:\/\/secure.gravatar.com\/avatar\/b6992f131dc8d30ab0dff15446e9d346d9dbd95992de0fef795073f5ea83a81c?s=96&d=mm&r=g","caption":"La Gu\u00eda de Pamplona"}}]}},"post_mailing_queue_ids":[],"_links":{"self":[{"href":"https:\/\/www.laguiadepamplona.com\/actualidad\/wp-json\/wp\/v2\/posts\/42896","targetHints":{"allow":["GET"]}}],"collection":[{"href":"https:\/\/www.laguiadepamplona.com\/actualidad\/wp-json\/wp\/v2\/posts"}],"about":[{"href":"https:\/\/www.laguiadepamplona.com\/actualidad\/wp-json\/wp\/v2\/types\/post"}],"author":[{"embeddable":true,"href":"https:\/\/www.laguiadepamplona.com\/actualidad\/wp-json\/wp\/v2\/users\/1"}],"replies":[{"embeddable":true,"href":"https:\/\/www.laguiadepamplona.com\/actualidad\/wp-json\/wp\/v2\/comments?post=42896"}],"version-history":[{"count":0,"href":"https:\/\/www.laguiadepamplona.com\/actualidad\/wp-json\/wp\/v2\/posts\/42896\/revisions"}],"wp:featuredmedia":[{"embeddable":true,"href":"https:\/\/www.laguiadepamplona.com\/actualidad\/wp-json\/wp\/v2\/media\/42689"}],"wp:attachment":[{"href":"https:\/\/www.laguiadepamplona.com\/actualidad\/wp-json\/wp\/v2\/media?parent=42896"}],"wp:term":[{"taxonomy":"category","embeddable":true,"href":"https:\/\/www.laguiadepamplona.com\/actualidad\/wp-json\/wp\/v2\/categories?post=42896"},{"taxonomy":"post_tag","embeddable":true,"href":"https:\/\/www.laguiadepamplona.com\/actualidad\/wp-json\/wp\/v2\/tags?post=42896"}],"curies":[{"name":"wp","href":"https:\/\/api.w.org\/{rel}","templated":true}]}}