{"id":42893,"date":"2023-02-16T19:48:12","date_gmt":"2023-02-16T17:48:12","guid":{"rendered":"https:\/\/www.laguiadepamplona.com\/actualidad\/?p=42893"},"modified":"2023-04-11T11:47:11","modified_gmt":"2023-04-11T09:47:11","slug":"la-exposicion-basado-en-historias-reales-invita-a-adentrarse-en-el-ambito-mas-personal-de-la-fotografia","status":"publish","type":"post","link":"https:\/\/www.laguiadepamplona.com\/actualidad\/la-exposicion-basado-en-historias-reales-invita-a-adentrarse-en-el-ambito-mas-personal-de-la-fotografia\/","title":{"rendered":"La exposici\u00f3n \u2018Basado en historias reales\u2019 invita a adentrarse en el \u00e1mbito m\u00e1s personal de la fotograf\u00eda"},"content":{"rendered":"<h5>La Sala de Armas acoge un centenar de obras de la Colecci\u00f3n Foto Colectania, con autores de renombre que contextualizan sus im\u00e1genes<\/h5>\n<p><!--more--><\/p>\n<p>La Sala de Armas de la Ciudadela acoge del 16 de febrero al 16 de abril la exposici\u00f3n \u2018Basado en historias reales\u2019, que invita a adentrarse en la trastienda de las im\u00e1genes y su contexto de creaci\u00f3n. La muestra plantea una nueva mirada a la Colecci\u00f3n Foto Colectania, uno de los fondos fotogr\u00e1ficos m\u00e1s relevantes del pa\u00eds. Este fondo cuenta con m\u00e1s de tres mil obras de m\u00e1s de ochenta fot\u00f3grafos y fot\u00f3grafas espa\u00f1oles y portugueses realizadas entre 1950 y la actualidad, as\u00ed como con dep\u00f3sitos de coleccionistas privados.<\/p>\n<p>La concejala delegada de Cultura, Mar\u00eda Garc\u00eda Barberena, ha participado en la inauguraci\u00f3n de la muestra junto al director de la Fundaci\u00f3n Foto Colectania, Pepe Font de Mora. La selecci\u00f3n de la primera planta de la Sala de Armas est\u00e1 compuesta por 110 obras de una cincuentena de autores de renombre, entre ellos, Juan Manuel Castro Pietro, Joan Fontcuberta, Cristina Garc\u00eda Rodero, Alberto Garc\u00eda-Alix, Cristina de Middel, Isabel Mu\u00f1oz, Ram\u00f3n Masats o los pamploneses Francisco G\u00f3mez y Carlos C\u00e1novas. La comisaria de la exposici\u00f3n es Irene de Mendoza.<br \/>\n<script async src=\"\/\/pagead2.googlesyndication.com\/pagead\/js\/adsbygoogle.js\"><\/script><br \/>\n<!-- Noticias La Guia de Pamplona --><br \/>\n<ins class=\"adsbygoogle\"\nstyle=\"display:block\"\ndata-ad-client=\"ca-pub-6943679897239327\"\ndata-ad-slot=\"7048180777\"\ndata-ad-format=\"auto\"><\/ins><br \/>\n<script>\n(adsbygoogle = window.adsbygoogle || []).push({});\n<\/script><\/p>\n<p>En torno a las im\u00e1genes se adjuntan testimonios directos de los artistas, que recogen sus intenciones y experiencias, y aportan as\u00ed una mirada diferente, un contexto que de otra manera pasa inadvertido. La composici\u00f3n invita a educar la mirada y a profundizar en los relatos desde este acento personal.<\/p>\n<p>Para que este contexto se perciba mejor, la muestra se organiza en torno a cuatro ejes tem\u00e1ticos. El primero es el \u2018\u00c1lbum personal\u2019, que recoge la visi\u00f3n m\u00e1s \u00edntima, seguido por \u2018La otra historia de las fotograf\u00edas\u2019, que contrapone iconos de la fotograf\u00eda con im\u00e1genes no tan conocidas, todas ellas contextualizadas con textos en torno a las situaciones, los personajes y los lugares en que aparecen. El tercer \u00e1mbito son los \u2018Paisajes reales\u2019 y los \u2018Paisajes imaginados\u2019, sin unos l\u00edmites definidos. Por \u00faltimo, el cuarto espacio son las \u2018Historias construidas\u2019, que muestran los procesos de intervenci\u00f3n de los creadores sobre la obra.<br \/>\n<script async src=\"\/\/pagead2.googlesyndication.com\/pagead\/js\/adsbygoogle.js\"><\/script><br \/>\n<!-- Noticias La Guia de Pamplona --><br \/>\n<ins class=\"adsbygoogle\"\nstyle=\"display:block\"\ndata-ad-client=\"ca-pub-6943679897239327\"\ndata-ad-slot=\"7048180777\"\ndata-ad-format=\"auto\"><\/ins><br \/>\n<script>\n(adsbygoogle = window.adsbygoogle || []).push({});\n<\/script><\/p>\n<p><strong>La Fundaci\u00f3n Foto Colectania<\/strong><\/p>\n<p>La Fundaci\u00f3n Foto Colectania, creada en Barcelona en 2002 y dirigida por Pepe Font de Mora, es una entidad sin \u00e1nimo de lucro que tiene por objetivo la difusi\u00f3n de la fotograf\u00eda, tanto en el \u00e1mbito social y art\u00edstico como en el \u00e1mbito educativo. Los programas que ofrece buscan desarrollar el pensamiento cr\u00edtico en torno a la imagen y sus fundamentos. La Fundaci\u00f3n cuenta con una biblioteca especializada en fotograf\u00eda y con una colecci\u00f3n de fotograf\u00eda que supera las 3.000 obras.\u00a0 Su actividad ha sido reconocida con numerosos premios, entre los cuales destaca el premio ARCO a la Mejor Iniciativa Nacional de Coleccionismo Privado.<br \/>\n<script async src=\"\/\/pagead2.googlesyndication.com\/pagead\/js\/adsbygoogle.js\"><\/script><br \/>\n<!-- Noticias La Guia de Pamplona --><br \/>\n<ins class=\"adsbygoogle\"\nstyle=\"display:block\"\ndata-ad-client=\"ca-pub-6943679897239327\"\ndata-ad-slot=\"7048180777\"\ndata-ad-format=\"auto\"><\/ins><br \/>\n<script>\n(adsbygoogle = window.adsbygoogle || []).push({});\n<\/script><\/p>\n<p>&nbsp;<\/p>\n<h3>\u2018Basado en Historias Reales\u2019. Fundaci\u00f3n Foto Colectania<\/h3>\n<ul>\n<li>Lugar: Sala de Armas de la Ciudadela (primera planta)<\/li>\n<li>Fechas: del 16 de febrero al 16 de abril<\/li>\n<li>Selecci\u00f3n de 110 obras de 53 artistas<\/li>\n<li>Cuatro \u00e1mbitos tem\u00e1ticos\n<ul>\n<li>\u2018\u00c1lbum personal\u2019<\/li>\n<li>\u2018La otra historia de las fotograf\u00edas\u2019<\/li>\n<li>\u2018Paisajes reales\u2019 \u2013 \u2018Paisajes Imaginados\u2019<\/li>\n<li>\u2018Historias construidas\u2019<\/li>\n<\/ul>\n<\/li>\n<li>Horario (lunes cerrado):\n<ul>\n<li>De martes a s\u00e1bados, de 11.30 a 13.30 y de 18.00 a 20.30<\/li>\n<li>Domingos y festivos, de 11.30 h. a 13.30<\/li>\n<\/ul>\n<\/li>\n<\/ul>\n","protected":false},"excerpt":{"rendered":"<p>La Sala de Armas acoge un centenar de obras de la Colecci\u00f3n Foto Colectania, con autores de renombre que contextualizan sus im\u00e1genes<\/p>\n","protected":false},"author":1,"featured_media":42894,"comment_status":"open","ping_status":"closed","sticky":false,"template":"","format":"standard","meta":{"footnotes":""},"categories":[2],"tags":[],"class_list":["post-42893","post","type-post","status-publish","format-standard","has-post-thumbnail","hentry","category-ayuntamiento-pamplona"],"yoast_head":"<!-- This site is optimized with the Yoast SEO plugin v27.5 - https:\/\/yoast.com\/product\/yoast-seo-wordpress\/ -->\n<title>La exposici\u00f3n \u2018Basado en historias reales\u2019 invita a adentrarse en el \u00e1mbito m\u00e1s personal de la fotograf\u00eda<\/title>\n<meta name=\"description\" content=\"La Sala de Armas acoge un centenar de obras de la Colecci\u00f3n Foto Colectania, con autores de renombre que contextualizan sus im\u00e1genes\" \/>\n<meta name=\"robots\" content=\"index, follow, max-snippet:-1, max-image-preview:large, max-video-preview:-1\" \/>\n<link rel=\"canonical\" href=\"https:\/\/www.laguiadepamplona.com\/actualidad\/la-exposicion-basado-en-historias-reales-invita-a-adentrarse-en-el-ambito-mas-personal-de-la-fotografia\/\" \/>\n<meta property=\"og:locale\" content=\"es_ES\" \/>\n<meta property=\"og:type\" content=\"article\" \/>\n<meta property=\"og:title\" content=\"La exposici\u00f3n \u2018Basado en historias reales\u2019 invita a adentrarse en el \u00e1mbito m\u00e1s personal de la fotograf\u00eda\" \/>\n<meta property=\"og:description\" content=\"La Sala de Armas acoge un centenar de obras de la Colecci\u00f3n Foto Colectania, con autores de renombre que contextualizan sus im\u00e1genes\" \/>\n<meta property=\"og:url\" content=\"https:\/\/www.laguiadepamplona.com\/actualidad\/la-exposicion-basado-en-historias-reales-invita-a-adentrarse-en-el-ambito-mas-personal-de-la-fotografia\/\" \/>\n<meta property=\"og:site_name\" content=\"La Gu\u00eda de Pamplona\" \/>\n<meta property=\"article:publisher\" content=\"https:\/\/www.facebook.com\/laguiadepamplonacom-133175176762273\/?ref=hl\" \/>\n<meta property=\"article:published_time\" content=\"2023-02-16T17:48:12+00:00\" \/>\n<meta property=\"article:modified_time\" content=\"2023-04-11T09:47:11+00:00\" \/>\n<meta property=\"og:image\" content=\"https:\/\/www.laguiadepamplona.com\/actualidad\/wp-content\/uploads\/2023\/02\/Banderola-BASADO-EN-HISTORIAS-REALES-bilingue.webp\" \/>\n\t<meta property=\"og:image:width\" content=\"1920\" \/>\n\t<meta property=\"og:image:height\" content=\"1164\" \/>\n\t<meta property=\"og:image:type\" content=\"image\/webp\" \/>\n<meta name=\"author\" content=\"La Gu\u00eda de Pamplona\" \/>\n<meta name=\"twitter:card\" content=\"summary_large_image\" \/>\n<meta name=\"twitter:creator\" content=\"@LaGuiadPamplona\" \/>\n<meta name=\"twitter:site\" content=\"@LaGuiadPamplona\" \/>\n<meta name=\"twitter:label1\" content=\"Escrito por\" \/>\n\t<meta name=\"twitter:data1\" content=\"La Gu\u00eda de Pamplona\" \/>\n\t<meta name=\"twitter:label2\" content=\"Tiempo de lectura\" \/>\n\t<meta name=\"twitter:data2\" content=\"3 minutos\" \/>\n<script type=\"application\/ld+json\" class=\"yoast-schema-graph\">{\"@context\":\"https:\\\/\\\/schema.org\",\"@graph\":[{\"@type\":\"Article\",\"@id\":\"https:\\\/\\\/www.laguiadepamplona.com\\\/actualidad\\\/la-exposicion-basado-en-historias-reales-invita-a-adentrarse-en-el-ambito-mas-personal-de-la-fotografia\\\/#article\",\"isPartOf\":{\"@id\":\"https:\\\/\\\/www.laguiadepamplona.com\\\/actualidad\\\/la-exposicion-basado-en-historias-reales-invita-a-adentrarse-en-el-ambito-mas-personal-de-la-fotografia\\\/\"},\"author\":{\"name\":\"La Gu\u00eda de Pamplona\",\"@id\":\"https:\\\/\\\/www.laguiadepamplona.com\\\/actualidad\\\/#\\\/schema\\\/person\\\/efe887376f0213d4657c93adc50b1fdb\"},\"headline\":\"La exposici\u00f3n \u2018Basado en historias reales\u2019 invita a adentrarse en el \u00e1mbito m\u00e1s personal de la fotograf\u00eda\",\"datePublished\":\"2023-02-16T17:48:12+00:00\",\"dateModified\":\"2023-04-11T09:47:11+00:00\",\"mainEntityOfPage\":{\"@id\":\"https:\\\/\\\/www.laguiadepamplona.com\\\/actualidad\\\/la-exposicion-basado-en-historias-reales-invita-a-adentrarse-en-el-ambito-mas-personal-de-la-fotografia\\\/\"},\"wordCount\":588,\"commentCount\":0,\"publisher\":{\"@id\":\"https:\\\/\\\/www.laguiadepamplona.com\\\/actualidad\\\/#organization\"},\"image\":{\"@id\":\"https:\\\/\\\/www.laguiadepamplona.com\\\/actualidad\\\/la-exposicion-basado-en-historias-reales-invita-a-adentrarse-en-el-ambito-mas-personal-de-la-fotografia\\\/#primaryimage\"},\"thumbnailUrl\":\"https:\\\/\\\/www.laguiadepamplona.com\\\/actualidad\\\/wp-content\\\/uploads\\\/2023\\\/02\\\/Banderola-BASADO-EN-HISTORIAS-REALES-bilingue.webp\",\"articleSection\":[\"Ayto Pamplona\"],\"inLanguage\":\"es\",\"potentialAction\":[{\"@type\":\"CommentAction\",\"name\":\"Comment\",\"target\":[\"https:\\\/\\\/www.laguiadepamplona.com\\\/actualidad\\\/la-exposicion-basado-en-historias-reales-invita-a-adentrarse-en-el-ambito-mas-personal-de-la-fotografia\\\/#respond\"]}]},{\"@type\":\"WebPage\",\"@id\":\"https:\\\/\\\/www.laguiadepamplona.com\\\/actualidad\\\/la-exposicion-basado-en-historias-reales-invita-a-adentrarse-en-el-ambito-mas-personal-de-la-fotografia\\\/\",\"url\":\"https:\\\/\\\/www.laguiadepamplona.com\\\/actualidad\\\/la-exposicion-basado-en-historias-reales-invita-a-adentrarse-en-el-ambito-mas-personal-de-la-fotografia\\\/\",\"name\":\"La exposici\u00f3n \u2018Basado en historias reales\u2019 invita a adentrarse en el \u00e1mbito m\u00e1s personal de la fotograf\u00eda\",\"isPartOf\":{\"@id\":\"https:\\\/\\\/www.laguiadepamplona.com\\\/actualidad\\\/#website\"},\"primaryImageOfPage\":{\"@id\":\"https:\\\/\\\/www.laguiadepamplona.com\\\/actualidad\\\/la-exposicion-basado-en-historias-reales-invita-a-adentrarse-en-el-ambito-mas-personal-de-la-fotografia\\\/#primaryimage\"},\"image\":{\"@id\":\"https:\\\/\\\/www.laguiadepamplona.com\\\/actualidad\\\/la-exposicion-basado-en-historias-reales-invita-a-adentrarse-en-el-ambito-mas-personal-de-la-fotografia\\\/#primaryimage\"},\"thumbnailUrl\":\"https:\\\/\\\/www.laguiadepamplona.com\\\/actualidad\\\/wp-content\\\/uploads\\\/2023\\\/02\\\/Banderola-BASADO-EN-HISTORIAS-REALES-bilingue.webp\",\"datePublished\":\"2023-02-16T17:48:12+00:00\",\"dateModified\":\"2023-04-11T09:47:11+00:00\",\"description\":\"La Sala de Armas acoge un centenar de obras de la Colecci\u00f3n Foto Colectania, con autores de renombre que contextualizan sus im\u00e1genes\",\"breadcrumb\":{\"@id\":\"https:\\\/\\\/www.laguiadepamplona.com\\\/actualidad\\\/la-exposicion-basado-en-historias-reales-invita-a-adentrarse-en-el-ambito-mas-personal-de-la-fotografia\\\/#breadcrumb\"},\"inLanguage\":\"es\",\"potentialAction\":[{\"@type\":\"ReadAction\",\"target\":[\"https:\\\/\\\/www.laguiadepamplona.com\\\/actualidad\\\/la-exposicion-basado-en-historias-reales-invita-a-adentrarse-en-el-ambito-mas-personal-de-la-fotografia\\\/\"]}]},{\"@type\":\"ImageObject\",\"inLanguage\":\"es\",\"@id\":\"https:\\\/\\\/www.laguiadepamplona.com\\\/actualidad\\\/la-exposicion-basado-en-historias-reales-invita-a-adentrarse-en-el-ambito-mas-personal-de-la-fotografia\\\/#primaryimage\",\"url\":\"https:\\\/\\\/www.laguiadepamplona.com\\\/actualidad\\\/wp-content\\\/uploads\\\/2023\\\/02\\\/Banderola-BASADO-EN-HISTORIAS-REALES-bilingue.webp\",\"contentUrl\":\"https:\\\/\\\/www.laguiadepamplona.com\\\/actualidad\\\/wp-content\\\/uploads\\\/2023\\\/02\\\/Banderola-BASADO-EN-HISTORIAS-REALES-bilingue.webp\",\"width\":1920,\"height\":1164},{\"@type\":\"BreadcrumbList\",\"@id\":\"https:\\\/\\\/www.laguiadepamplona.com\\\/actualidad\\\/la-exposicion-basado-en-historias-reales-invita-a-adentrarse-en-el-ambito-mas-personal-de-la-fotografia\\\/#breadcrumb\",\"itemListElement\":[{\"@type\":\"ListItem\",\"position\":1,\"name\":\"Portada\",\"item\":\"https:\\\/\\\/www.laguiadepamplona.com\\\/actualidad\\\/\"},{\"@type\":\"ListItem\",\"position\":2,\"name\":\"La exposici\u00f3n \u2018Basado en historias reales\u2019 invita a adentrarse en el \u00e1mbito m\u00e1s personal de la fotograf\u00eda\"}]},{\"@type\":\"WebSite\",\"@id\":\"https:\\\/\\\/www.laguiadepamplona.com\\\/actualidad\\\/#website\",\"url\":\"https:\\\/\\\/www.laguiadepamplona.com\\\/actualidad\\\/\",\"name\":\"La gu\u00eda de Pamplona\",\"description\":\"Noticias de Pamplona\",\"publisher\":{\"@id\":\"https:\\\/\\\/www.laguiadepamplona.com\\\/actualidad\\\/#organization\"},\"potentialAction\":[{\"@type\":\"SearchAction\",\"target\":{\"@type\":\"EntryPoint\",\"urlTemplate\":\"https:\\\/\\\/www.laguiadepamplona.com\\\/actualidad\\\/?s={search_term_string}\"},\"query-input\":{\"@type\":\"PropertyValueSpecification\",\"valueRequired\":true,\"valueName\":\"search_term_string\"}}],\"inLanguage\":\"es\"},{\"@type\":\"Organization\",\"@id\":\"https:\\\/\\\/www.laguiadepamplona.com\\\/actualidad\\\/#organization\",\"name\":\"La Gu\u00eda de Pamplona \\\/ Noticias\",\"url\":\"https:\\\/\\\/www.laguiadepamplona.com\\\/actualidad\\\/\",\"logo\":{\"@type\":\"ImageObject\",\"inLanguage\":\"es\",\"@id\":\"https:\\\/\\\/www.laguiadepamplona.com\\\/actualidad\\\/#\\\/schema\\\/logo\\\/image\\\/\",\"url\":\"https:\\\/\\\/www.laguiadepamplona.com\\\/actualidad\\\/wp-content\\\/uploads\\\/2018\\\/11\\\/logo-laguiadepamplona18-web1.png\",\"contentUrl\":\"https:\\\/\\\/www.laguiadepamplona.com\\\/actualidad\\\/wp-content\\\/uploads\\\/2018\\\/11\\\/logo-laguiadepamplona18-web1.png\",\"width\":600,\"height\":196,\"caption\":\"La Gu\u00eda de Pamplona \\\/ Noticias\"},\"image\":{\"@id\":\"https:\\\/\\\/www.laguiadepamplona.com\\\/actualidad\\\/#\\\/schema\\\/logo\\\/image\\\/\"},\"sameAs\":[\"https:\\\/\\\/www.facebook.com\\\/laguiadepamplonacom-133175176762273\\\/?ref=hl\",\"https:\\\/\\\/x.com\\\/LaGuiadPamplona\",\"https:\\\/\\\/www.instagram.com\\\/la_guia_de_pamplona\\\/\",\"https:\\\/\\\/www.youtube.com\\\/user\\\/laguiadepamplona\"]},{\"@type\":\"Person\",\"@id\":\"https:\\\/\\\/www.laguiadepamplona.com\\\/actualidad\\\/#\\\/schema\\\/person\\\/efe887376f0213d4657c93adc50b1fdb\",\"name\":\"La Gu\u00eda de Pamplona\",\"image\":{\"@type\":\"ImageObject\",\"inLanguage\":\"es\",\"@id\":\"https:\\\/\\\/secure.gravatar.com\\\/avatar\\\/b6992f131dc8d30ab0dff15446e9d346d9dbd95992de0fef795073f5ea83a81c?s=96&d=mm&r=g\",\"url\":\"https:\\\/\\\/secure.gravatar.com\\\/avatar\\\/b6992f131dc8d30ab0dff15446e9d346d9dbd95992de0fef795073f5ea83a81c?s=96&d=mm&r=g\",\"contentUrl\":\"https:\\\/\\\/secure.gravatar.com\\\/avatar\\\/b6992f131dc8d30ab0dff15446e9d346d9dbd95992de0fef795073f5ea83a81c?s=96&d=mm&r=g\",\"caption\":\"La Gu\u00eda de Pamplona\"}}]}<\/script>\n<!-- \/ Yoast SEO plugin. -->","yoast_head_json":{"title":"La exposici\u00f3n \u2018Basado en historias reales\u2019 invita a adentrarse en el \u00e1mbito m\u00e1s personal de la fotograf\u00eda","description":"La Sala de Armas acoge un centenar de obras de la Colecci\u00f3n Foto Colectania, con autores de renombre que contextualizan sus im\u00e1genes","robots":{"index":"index","follow":"follow","max-snippet":"max-snippet:-1","max-image-preview":"max-image-preview:large","max-video-preview":"max-video-preview:-1"},"canonical":"https:\/\/www.laguiadepamplona.com\/actualidad\/la-exposicion-basado-en-historias-reales-invita-a-adentrarse-en-el-ambito-mas-personal-de-la-fotografia\/","og_locale":"es_ES","og_type":"article","og_title":"La exposici\u00f3n \u2018Basado en historias reales\u2019 invita a adentrarse en el \u00e1mbito m\u00e1s personal de la fotograf\u00eda","og_description":"La Sala de Armas acoge un centenar de obras de la Colecci\u00f3n Foto Colectania, con autores de renombre que contextualizan sus im\u00e1genes","og_url":"https:\/\/www.laguiadepamplona.com\/actualidad\/la-exposicion-basado-en-historias-reales-invita-a-adentrarse-en-el-ambito-mas-personal-de-la-fotografia\/","og_site_name":"La Gu\u00eda de Pamplona","article_publisher":"https:\/\/www.facebook.com\/laguiadepamplonacom-133175176762273\/?ref=hl","article_published_time":"2023-02-16T17:48:12+00:00","article_modified_time":"2023-04-11T09:47:11+00:00","og_image":[{"width":1920,"height":1164,"url":"https:\/\/www.laguiadepamplona.com\/actualidad\/wp-content\/uploads\/2023\/02\/Banderola-BASADO-EN-HISTORIAS-REALES-bilingue.webp","type":"image\/webp"}],"author":"La Gu\u00eda de Pamplona","twitter_card":"summary_large_image","twitter_creator":"@LaGuiadPamplona","twitter_site":"@LaGuiadPamplona","twitter_misc":{"Escrito por":"La Gu\u00eda de Pamplona","Tiempo de lectura":"3 minutos"},"schema":{"@context":"https:\/\/schema.org","@graph":[{"@type":"Article","@id":"https:\/\/www.laguiadepamplona.com\/actualidad\/la-exposicion-basado-en-historias-reales-invita-a-adentrarse-en-el-ambito-mas-personal-de-la-fotografia\/#article","isPartOf":{"@id":"https:\/\/www.laguiadepamplona.com\/actualidad\/la-exposicion-basado-en-historias-reales-invita-a-adentrarse-en-el-ambito-mas-personal-de-la-fotografia\/"},"author":{"name":"La Gu\u00eda de Pamplona","@id":"https:\/\/www.laguiadepamplona.com\/actualidad\/#\/schema\/person\/efe887376f0213d4657c93adc50b1fdb"},"headline":"La exposici\u00f3n \u2018Basado en historias reales\u2019 invita a adentrarse en el \u00e1mbito m\u00e1s personal de la fotograf\u00eda","datePublished":"2023-02-16T17:48:12+00:00","dateModified":"2023-04-11T09:47:11+00:00","mainEntityOfPage":{"@id":"https:\/\/www.laguiadepamplona.com\/actualidad\/la-exposicion-basado-en-historias-reales-invita-a-adentrarse-en-el-ambito-mas-personal-de-la-fotografia\/"},"wordCount":588,"commentCount":0,"publisher":{"@id":"https:\/\/www.laguiadepamplona.com\/actualidad\/#organization"},"image":{"@id":"https:\/\/www.laguiadepamplona.com\/actualidad\/la-exposicion-basado-en-historias-reales-invita-a-adentrarse-en-el-ambito-mas-personal-de-la-fotografia\/#primaryimage"},"thumbnailUrl":"https:\/\/www.laguiadepamplona.com\/actualidad\/wp-content\/uploads\/2023\/02\/Banderola-BASADO-EN-HISTORIAS-REALES-bilingue.webp","articleSection":["Ayto Pamplona"],"inLanguage":"es","potentialAction":[{"@type":"CommentAction","name":"Comment","target":["https:\/\/www.laguiadepamplona.com\/actualidad\/la-exposicion-basado-en-historias-reales-invita-a-adentrarse-en-el-ambito-mas-personal-de-la-fotografia\/#respond"]}]},{"@type":"WebPage","@id":"https:\/\/www.laguiadepamplona.com\/actualidad\/la-exposicion-basado-en-historias-reales-invita-a-adentrarse-en-el-ambito-mas-personal-de-la-fotografia\/","url":"https:\/\/www.laguiadepamplona.com\/actualidad\/la-exposicion-basado-en-historias-reales-invita-a-adentrarse-en-el-ambito-mas-personal-de-la-fotografia\/","name":"La exposici\u00f3n \u2018Basado en historias reales\u2019 invita a adentrarse en el \u00e1mbito m\u00e1s personal de la fotograf\u00eda","isPartOf":{"@id":"https:\/\/www.laguiadepamplona.com\/actualidad\/#website"},"primaryImageOfPage":{"@id":"https:\/\/www.laguiadepamplona.com\/actualidad\/la-exposicion-basado-en-historias-reales-invita-a-adentrarse-en-el-ambito-mas-personal-de-la-fotografia\/#primaryimage"},"image":{"@id":"https:\/\/www.laguiadepamplona.com\/actualidad\/la-exposicion-basado-en-historias-reales-invita-a-adentrarse-en-el-ambito-mas-personal-de-la-fotografia\/#primaryimage"},"thumbnailUrl":"https:\/\/www.laguiadepamplona.com\/actualidad\/wp-content\/uploads\/2023\/02\/Banderola-BASADO-EN-HISTORIAS-REALES-bilingue.webp","datePublished":"2023-02-16T17:48:12+00:00","dateModified":"2023-04-11T09:47:11+00:00","description":"La Sala de Armas acoge un centenar de obras de la Colecci\u00f3n Foto Colectania, con autores de renombre que contextualizan sus im\u00e1genes","breadcrumb":{"@id":"https:\/\/www.laguiadepamplona.com\/actualidad\/la-exposicion-basado-en-historias-reales-invita-a-adentrarse-en-el-ambito-mas-personal-de-la-fotografia\/#breadcrumb"},"inLanguage":"es","potentialAction":[{"@type":"ReadAction","target":["https:\/\/www.laguiadepamplona.com\/actualidad\/la-exposicion-basado-en-historias-reales-invita-a-adentrarse-en-el-ambito-mas-personal-de-la-fotografia\/"]}]},{"@type":"ImageObject","inLanguage":"es","@id":"https:\/\/www.laguiadepamplona.com\/actualidad\/la-exposicion-basado-en-historias-reales-invita-a-adentrarse-en-el-ambito-mas-personal-de-la-fotografia\/#primaryimage","url":"https:\/\/www.laguiadepamplona.com\/actualidad\/wp-content\/uploads\/2023\/02\/Banderola-BASADO-EN-HISTORIAS-REALES-bilingue.webp","contentUrl":"https:\/\/www.laguiadepamplona.com\/actualidad\/wp-content\/uploads\/2023\/02\/Banderola-BASADO-EN-HISTORIAS-REALES-bilingue.webp","width":1920,"height":1164},{"@type":"BreadcrumbList","@id":"https:\/\/www.laguiadepamplona.com\/actualidad\/la-exposicion-basado-en-historias-reales-invita-a-adentrarse-en-el-ambito-mas-personal-de-la-fotografia\/#breadcrumb","itemListElement":[{"@type":"ListItem","position":1,"name":"Portada","item":"https:\/\/www.laguiadepamplona.com\/actualidad\/"},{"@type":"ListItem","position":2,"name":"La exposici\u00f3n \u2018Basado en historias reales\u2019 invita a adentrarse en el \u00e1mbito m\u00e1s personal de la fotograf\u00eda"}]},{"@type":"WebSite","@id":"https:\/\/www.laguiadepamplona.com\/actualidad\/#website","url":"https:\/\/www.laguiadepamplona.com\/actualidad\/","name":"La gu\u00eda de Pamplona","description":"Noticias de Pamplona","publisher":{"@id":"https:\/\/www.laguiadepamplona.com\/actualidad\/#organization"},"potentialAction":[{"@type":"SearchAction","target":{"@type":"EntryPoint","urlTemplate":"https:\/\/www.laguiadepamplona.com\/actualidad\/?s={search_term_string}"},"query-input":{"@type":"PropertyValueSpecification","valueRequired":true,"valueName":"search_term_string"}}],"inLanguage":"es"},{"@type":"Organization","@id":"https:\/\/www.laguiadepamplona.com\/actualidad\/#organization","name":"La Gu\u00eda de Pamplona \/ Noticias","url":"https:\/\/www.laguiadepamplona.com\/actualidad\/","logo":{"@type":"ImageObject","inLanguage":"es","@id":"https:\/\/www.laguiadepamplona.com\/actualidad\/#\/schema\/logo\/image\/","url":"https:\/\/www.laguiadepamplona.com\/actualidad\/wp-content\/uploads\/2018\/11\/logo-laguiadepamplona18-web1.png","contentUrl":"https:\/\/www.laguiadepamplona.com\/actualidad\/wp-content\/uploads\/2018\/11\/logo-laguiadepamplona18-web1.png","width":600,"height":196,"caption":"La Gu\u00eda de Pamplona \/ Noticias"},"image":{"@id":"https:\/\/www.laguiadepamplona.com\/actualidad\/#\/schema\/logo\/image\/"},"sameAs":["https:\/\/www.facebook.com\/laguiadepamplonacom-133175176762273\/?ref=hl","https:\/\/x.com\/LaGuiadPamplona","https:\/\/www.instagram.com\/la_guia_de_pamplona\/","https:\/\/www.youtube.com\/user\/laguiadepamplona"]},{"@type":"Person","@id":"https:\/\/www.laguiadepamplona.com\/actualidad\/#\/schema\/person\/efe887376f0213d4657c93adc50b1fdb","name":"La Gu\u00eda de Pamplona","image":{"@type":"ImageObject","inLanguage":"es","@id":"https:\/\/secure.gravatar.com\/avatar\/b6992f131dc8d30ab0dff15446e9d346d9dbd95992de0fef795073f5ea83a81c?s=96&d=mm&r=g","url":"https:\/\/secure.gravatar.com\/avatar\/b6992f131dc8d30ab0dff15446e9d346d9dbd95992de0fef795073f5ea83a81c?s=96&d=mm&r=g","contentUrl":"https:\/\/secure.gravatar.com\/avatar\/b6992f131dc8d30ab0dff15446e9d346d9dbd95992de0fef795073f5ea83a81c?s=96&d=mm&r=g","caption":"La Gu\u00eda de Pamplona"}}]}},"post_mailing_queue_ids":[],"_links":{"self":[{"href":"https:\/\/www.laguiadepamplona.com\/actualidad\/wp-json\/wp\/v2\/posts\/42893","targetHints":{"allow":["GET"]}}],"collection":[{"href":"https:\/\/www.laguiadepamplona.com\/actualidad\/wp-json\/wp\/v2\/posts"}],"about":[{"href":"https:\/\/www.laguiadepamplona.com\/actualidad\/wp-json\/wp\/v2\/types\/post"}],"author":[{"embeddable":true,"href":"https:\/\/www.laguiadepamplona.com\/actualidad\/wp-json\/wp\/v2\/users\/1"}],"replies":[{"embeddable":true,"href":"https:\/\/www.laguiadepamplona.com\/actualidad\/wp-json\/wp\/v2\/comments?post=42893"}],"version-history":[{"count":0,"href":"https:\/\/www.laguiadepamplona.com\/actualidad\/wp-json\/wp\/v2\/posts\/42893\/revisions"}],"wp:featuredmedia":[{"embeddable":true,"href":"https:\/\/www.laguiadepamplona.com\/actualidad\/wp-json\/wp\/v2\/media\/42894"}],"wp:attachment":[{"href":"https:\/\/www.laguiadepamplona.com\/actualidad\/wp-json\/wp\/v2\/media?parent=42893"}],"wp:term":[{"taxonomy":"category","embeddable":true,"href":"https:\/\/www.laguiadepamplona.com\/actualidad\/wp-json\/wp\/v2\/categories?post=42893"},{"taxonomy":"post_tag","embeddable":true,"href":"https:\/\/www.laguiadepamplona.com\/actualidad\/wp-json\/wp\/v2\/tags?post=42893"}],"curies":[{"name":"wp","href":"https:\/\/api.w.org\/{rel}","templated":true}]}}