{"id":42891,"date":"2023-02-16T13:40:39","date_gmt":"2023-02-16T11:40:39","guid":{"rendered":"https:\/\/www.laguiadepamplona.com\/actualidad\/?p=42891"},"modified":"2023-04-11T11:47:11","modified_gmt":"2023-04-11T09:47:11","slug":"propuesta-de-actividades-organizadas-por-el-ayuntamiento-de-pamplona-del-17-al-20-de-febrero-con-plazas-libres","status":"publish","type":"post","link":"https:\/\/www.laguiadepamplona.com\/actualidad\/propuesta-de-actividades-organizadas-por-el-ayuntamiento-de-pamplona-del-17-al-20-de-febrero-con-plazas-libres\/","title":{"rendered":"Propuesta de actividades organizadas por el Ayuntamiento de Pamplona del 17 al 20 de febrero con plazas libres"},"content":{"rendered":"<p><!--more--><\/p>\n<p><strong>VIERNES 17 DE FEBRERO<\/strong><\/p>\n<p><a href=\"https:\/\/www.pamplona.es\/actualidad\/eventos\/cafeteando-karaoke-casa-de-la-juventud-33\">Cafeteando. Karaoke. Casa de la Juventud<\/a>, 18.30 horas. Actividad con entrada libre<\/p>\n<p>La Casa de la Juventud propone para este viernes una de las actividades m\u00e1s habituales y m\u00e1s concurridas. Vuelven los viernes de karaoke, esta semana con tem\u00e1tica relacionada con San Valent\u00edn y Carnaval.\u00a0 Adem\u00e1s del karaoke cl\u00e1sico se llevar\u00e1n a cabo diferentes juegos como: \u2018Contin\u00faa el ritmo\u2019 y \u2018Adivina la canci\u00f3n\u2019.<\/p>\n<p><a href=\"https:\/\/www.pamplona.es\/actualidad\/eventos\/proyeccion-documental-penitencia\">Proyecci\u00f3n de documental. \u2018Penitencia\u2019, de Pili M\u00fagica<\/a>. Biblioteca P\u00fablica de Txantrea, 19 horas. Entrada libre hasta completar el aforo<\/p>\n<p>El documental \u2018Penitencia\u2019 se conforma a trav\u00e9s de entrevistas a personas presas valientes que han compartido sus vivencias y de conversaciones con personas expertas y voluntarias. Personas que nos recuerdan que el sistema penal est\u00e1 fallando permanentemente. Se necesitan miradas abiertas para dar soluciones m\u00e1s justas no exclusivamente basadas en el castigo. Los discursos dejan patente que el sistema judicial est\u00e1 atravesado por una posici\u00f3n de poder. Este documental pretende abrir un espacio de reflexi\u00f3n entre la ciudadan\u00eda y proponer un debate acerca de las condiciones de exclusi\u00f3n y desigualdad de una sociedad que sanciona, pero no provee a todos sus ciudadanos de mejores oportunidades para vivir con plenitud.<\/p>\n<p><a href=\"https:\/\/www.pamplona.es\/actualidad\/eventos\/teatro-medieval-rito-drama-y-solemnidad-su-huella-en-navarra-concierto-recital\">Teatro medieval: rito drama y solemnidad. Su huella en Navarra. Concierto. Recital de temas medievales<\/a>. Civivox Iturrama, 19 horas. Entrada libre, previa inscripci\u00f3n en el tel\u00e9fono 010, la red Civivox y <a href=\"http:\/\/www.pamplonaescultura.es\">www.pamplonaescultura.es<\/a><\/p>\n<p>Se interpretar\u00e1n varios temas medievales, entre ellos \u2018Chan\u00e7on d\u2019amour del Rey Teobaldo IV\u2019, recogido por Higinio Angl\u00e9s, y \u2018Ad morten festinamus\u2019, monodia del Llibre Vermell del Monasterio de Monserrat, uno de los manuscritos medievales m\u00e1s antiguos con contenido musical conservados. La interpretaci\u00f3n correr\u00e1 a cargo de Coro Gizonak.<\/p>\n<p><a href=\"https:\/\/www.pamplona.es\/actualidad\/eventos\/teatro-medieval-rito-drama-y-solemnidad-su-huella-en-navarra-proyeccion-de\">Teatro medieval: rito drama y solemnidad. Su huella en Navarra. Proyecci\u00f3n de espect\u00e1culo de danza<\/a>. \u2018Danzas de la muerte\u2019. Civivox Iturrama, 19.30 horas. Entrada libre, previa inscripci\u00f3n en el tel\u00e9fono 010, la red Civivox y <a href=\"http:\/\/www.pamplonaescultura.es\">www.pamplonaescultura.es<\/a><\/p>\n<p>Las Danzas de la Muerte son un g\u00e9nero iconogr\u00e1fico que se representaba en el final de la Edad Media y en siglos posteriores. En la localidad gerundense de Verges sigue represent\u00e1ndose en Semana Santa, caso \u00fanico en Europa. Su mensaje trata de hacernos pensar en la brevedad de la vida y en que la muerte nos llamar\u00e1 a todos sin excepci\u00f3n, sea cual sea nuestra condici\u00f3n social o edad, y sin hora prevista. Con el Grupo de Danzas Muthiko Alaiak.<\/p>\n<p><a href=\"https:\/\/www.pamplona.es\/actualidad\/eventos\/pam23-pamplona-accion-musical-concierto-duo-2art-civivox-condestable\">PAM\u00b423. Pamplona Acci\u00f3n Musical. Concierto. D\u00fao 2\u2019ART<\/a>. Civivox Condestable, 19.30 horas. Entrada libre hasta completar el aforo<\/p>\n<p>D\u00fao formado por la flautista bilba\u00edna Natalia S\u00e1nchez Abad y el pianista argentino Michel Reynoso. Esta formaci\u00f3n surge del inter\u00e9s com\u00fan de sus integrantes por compartir con el p\u00fablico el repertorio camer\u00edstico compuesto para esta agrupaci\u00f3n.\u00a0 Se ofrecer\u00e1 un repertorio integrado por la Sonata para flauta y piano de P. Hindemith (1936), La Sonata en La mayor de C. Franck (1886) y la obra \u2018Joueurs de fl\u00fbte\u2019 de A. Roussel (1925).<\/p>\n<p><strong>\u00a0<\/strong><br \/>\n<script async src=\"\/\/pagead2.googlesyndication.com\/pagead\/js\/adsbygoogle.js\"><\/script><br \/>\n<!-- Noticias La Guia de Pamplona --><br \/>\n<ins class=\"adsbygoogle\"\nstyle=\"display:block\"\ndata-ad-client=\"ca-pub-6943679897239327\"\ndata-ad-slot=\"7048180777\"\ndata-ad-format=\"auto\"><\/ins><br \/>\n<script>\n(adsbygoogle = window.adsbygoogle || []).push({});\n<\/script><\/p>\n<p><strong>S\u00c1BADO 18 DE FEBRERO<\/strong><\/p>\n<p><a href=\"https:\/\/www.pamplona.es\/actualidad\/eventos\/bertsoaroa-taller-de-bertsos-infantil-bertso-jasa-bat-bateko-jolasa-civivox\">Bertsoaroa. Taller de bertsos infantil. \u2018Bertso jasa, bat-bateko jolasa\u2019<\/a>. Civivox Milagrosa, 11 horas. Inscripci\u00f3n hasta el 16 de febrero en el correo <a href=\"mailto:nafarroa@bertsozale.eus\">nafarroa@bertsozale.eus<\/a> o en el tel\u00e9fono 948 14 37 47<\/p>\n<p>Los recitales de bertsos que se ofrecen en el circuito habitual de bertsolarismo est\u00e1n dirigidos a un p\u00fablico adulto y las frases, el l\u00e9xico, los temas y, en general, la manera de comunicar est\u00e1n dirigidas a ellos. \u2018Bertso Jasa, bat-bateko Jolasa\u2019 son recitales de bertsos para el p\u00fablico infantil y juvenil. A trav\u00e9s de juegos y actividades ni\u00f1as y ni\u00f1os entre 8 y 12 a\u00f1os propondr\u00e1n temas y situaciones y, de este modo, los bertsolaris Ainara Ieregi e Iker Gorosterrazu compondr\u00e1n la actuaci\u00f3n.<\/p>\n<p><a href=\"https:\/\/www.pamplona.es\/actualidad\/eventos\/teatro-medieval-rito-drama-y-solemnidad-su-huella-en-navarra-visita-guiada-la-0\">Teatro Medieval: rito, drama y solemnidad. Su huella en Navarra. Visita guiada a la exposici\u00f3n \u2018El paisaje de la muerte en la Edad Media en Navarra\u2019<\/a>. Civivox Iturrama, 11.30 horas. Entrada libre, previa inscripci\u00f3n en el tel\u00e9fono 010, la red Civivox y <a href=\"http:\/\/www.pamplonaescultura.es\">www.pamplonaescultura.es<\/a><\/p>\n<p>La Edad Media fue una \u00e9poca dif\u00edcil para vivir. A la presi\u00f3n del discurso religioso, apoyado en la brevedad de la vida y en la necesaria renuncia a los bienes, considerados como pura vanidad, se uni\u00f3 la evidencia terrible de las epidemias de peste. Observamos su huella en pinturas murales que nos advierten de que la muerte es la \u00fanica realidad cierta que nos hace iguales y nos invita a participar en su danza. Ciclo organizado en colaboraci\u00f3n con Astrolabio Rom\u00e1nico.<\/p>\n<p><a href=\"https:\/\/www.pamplona.es\/actualidad\/eventos\/pam23-pamplona-accion-musical-taller-infantil-sinestesia-pintamos-la-musica\">PAM\u00b423. Pamplona Acci\u00f3n Musical. Taller infantil. \u2018Sinestesia: pintamos la m\u00fasica<\/a>. Civivox Condestable, 12 horas. Entrada: 4 euros, previa inscripci\u00f3n en el tel\u00e9fono 010, la red Civivox y <a href=\"http:\/\/www.pamplonaescultura.es\">www.pamplonaescultura.es<\/a><\/p>\n<p>En este taller vamos a hacer un experimento: pintar mientras se escucha la m\u00fasica interpretada en directo por el cuarteto de clarinetes Gokan. Para ello, se dispondr\u00e1 un espacio y un momento para dejar que la imaginaci\u00f3n y la experiencia sensorial fluyan de modo natural. Gracias a la ayuda de la m\u00fasica en vivo y de sus sonidos y ritmos, expresaremos nuestras emociones con la pintura. Para ello, trabajaremos con diferentes t\u00e9cnicas art\u00edsticas de forma individual y en grupo. Con Ariane Garc\u00eda y Gokan Quartet. Para p\u00fablico infantil mayor de 5 a\u00f1os.<\/p>\n<p><a href=\"https:\/\/www.pamplona.es\/actualidad\/eventos\/febrero-magico-taller-de-magia-aprende-magia-con-el-mago-marcos-civivox-0\">Febrero m\u00e1gico. Taller de magia. \u2018Aprende magia con el mago Marcos<\/a>. Civivox Ensanche, 12 y 18 horas. Entrada: 2 euros, previa inscripci\u00f3n en el tel\u00e9fono 010, la red Civivox y <a href=\"http:\/\/www.pamplonaescultura.es\">www.pamplonaescultura.es<\/a><\/p>\n<p>Taller de iniciaci\u00f3n a la magia en el que ni\u00f1os y ni\u00f1as, despu\u00e9s de dise\u00f1ar, construir y ensayar, aprender\u00e1n a realizar dos fant\u00e1sticos trucos. Al terminar el taller, se les har\u00e1 entrega de su diploma de mago o maga y se llevar\u00e1n el truco construido a casa. Dirigido a p\u00fablico infantil de 6 a 8 a\u00f1os a las 12 horas y de 9 a 12 a\u00f1os a partir de las 18 horas.<\/p>\n<p><a href=\"https:\/\/www.pamplona.es\/actualidad\/eventos\/febrero-magico-show-de-magia-aro-y-milagros-aroa-eta-miraiak-civivox-san-jorge\">Febrero m\u00e1gico. Show de magia. \u2018Aro y milagros \/ Aroa eta miraiak\u2019. Civivox San Jorge<\/a>, 12.30 horas (castellano) y 18.30 horas (euskera). Entrada: 1 euro, previa inscripci\u00f3n en el tel\u00e9fono 010, la red Civivox y <a href=\"http:\/\/www.pamplonaescultura.es\">www.pamplonaescultura.es<\/a><\/p>\n<p>Espect\u00e1culo de magia fresco y elegante para p\u00fablico infantil y familiar. Una aut\u00e9ntica experiencia m\u00e1gica en la que Asier Kidam nos muestra sus \u00faltimas creaciones. Gracias al humor y a una cuidada banda sonora, el p\u00fablico disfrutar\u00e1 de peque\u00f1os milagros: Un aro con todo tipo de poderes, ovejas juguetonas\u2026 y hasta un peluche que hace magia. Dirigido a p\u00fablico infantil mayor de 3 a\u00f1os.<\/p>\n<p><a href=\"https:\/\/www.pamplona.es\/actualidad\/eventos\/tarde-de-ocio-tarde-de-baile-y-salseo-casa-de-la-juventud\">Tarde de ocio. Tarde de baile y salseo. Casa de la Juventud<\/a>, 17 horas. Entrada libre hasta completar el aforo<\/p>\n<p>Estilos como la salsa, el chachach\u00e1, la rueda cubana o flamenco, y variantes como el flamenco fitness o la salsa estilo New York, se podr\u00e1n conocer, aprender y bailar este s\u00e1bado en la Casa de la Juventud en una propuesta de tarde de ocio de baile y salseo. Dirigida a j\u00f3venes entre 12 y 30 a\u00f1os, se desarrollar\u00e1 de 17 a 20.30 horas, con entrada libre. Las sesiones de cada baile las impartir\u00e1n Diego Glenny, Amaya Maisterra, Marta P\u00e9rez y Ana Stefanescu, todos ellos con amplia experiencia en el baile.<\/p>\n<p><a href=\"https:\/\/www.pamplona.es\/actualidad\/eventos\/pam23-pamplona-accion-musical-espectaculo-el-misterioso-mundo-de-los-sentidos\">PAM\u00b423. Pamplona Acci\u00f3n Musical. Espect\u00e1culo. \u2018El misterioso mundo de los sentidos\u2019.<\/a> Civivox Condestable, 18.30 horas. Entrada libre hasta completar el aforo<\/p>\n<p>El cuarteto de clarinetes Gokan presenta este espect\u00e1culo, dirigido a p\u00fablico familiar, en el que pintura y m\u00fasica se entrelazan y fusionan para mostrar la magia de la sinestesia, que abre nuestra percepci\u00f3n a la \u2018escucha\u2019 de los colores y la \u2018visi\u00f3n\u2019 de los sonidos. Esta creaci\u00f3n de Bego\u00f1a Mart\u00ednez Agorreta muestra c\u00f3mo algunas obras pict\u00f3ricas quedan envueltas en los caracteres musicales de las piezas que comprende la \u2018Historia del tango\u2019 de Astor Piazzola, transfiriendo estados an\u00edmicos que quedan reflejados en las im\u00e1genes. Espect\u00e1culo dirigido a p\u00fablico infantil mayor de 5 a\u00f1os.<\/p>\n<p>&nbsp;<br \/>\n<script async src=\"\/\/pagead2.googlesyndication.com\/pagead\/js\/adsbygoogle.js\"><\/script><br \/>\n<!-- Noticias La Guia de Pamplona --><br \/>\n<ins class=\"adsbygoogle\"\nstyle=\"display:block\"\ndata-ad-client=\"ca-pub-6943679897239327\"\ndata-ad-slot=\"7048180777\"\ndata-ad-format=\"auto\"><\/ins><br \/>\n<script>\n(adsbygoogle = window.adsbygoogle || []).push({});\n<\/script><\/p>\n<p><strong>LUNES 20 DE FEBRERO<\/strong><\/p>\n<p><a href=\"https:\/\/www.pamplona.es\/actualidad\/eventos\/pam23-pamplona-accion-musical-concierto-synthese-quartet-civivox-condestable\">PAM\u00b423. Pamplona Acci\u00f3n Musical. Concierto. Synth\u00e8se Quartet<\/a>. Civivox Condestable, 19.30 horas. Entrada libre hasta completar el aforo<\/p>\n<p>Este cuarteto es una de las formaciones de c\u00e1mara m\u00e1s prometedoras del panorama de m\u00fasica actual. La agrupaci\u00f3n nace en Salamanca y sus integrantes deciden apostar por el cuarteto de saxofones como un proyecto firme y lleno de posibilidades, que contin\u00faan desarrollando desde hace m\u00e1s de tres a\u00f1os. Esta joven formaci\u00f3n viene trabajando en tres aspectos: la transcripci\u00f3n o adaptaci\u00f3n al cuarteto de saxofones de repertorio original para otras formaciones; la exploraci\u00f3n del repertorio cl\u00e1sico tradicional franc\u00e9s; y finalmente el trabajo en nuevas creaciones para esta formaci\u00f3n. En colaboraci\u00f3n con el programa AIEnRuta-Cl\u00e1sicos.<\/p>\n","protected":false},"excerpt":{"rendered":"","protected":false},"author":1,"featured_media":38590,"comment_status":"open","ping_status":"closed","sticky":false,"template":"","format":"standard","meta":{"footnotes":""},"categories":[2],"tags":[],"class_list":["post-42891","post","type-post","status-publish","format-standard","has-post-thumbnail","hentry","category-ayuntamiento-pamplona"],"yoast_head":"<!-- This site is optimized with the Yoast SEO plugin v27.5 - https:\/\/yoast.com\/product\/yoast-seo-wordpress\/ -->\n<title>Propuesta de actividades organizadas por el Ayuntamiento de Pamplona del 17 al 20 de febrero con plazas libres<\/title>\n<meta name=\"description\" content=\"Propuesta de actividades organizadas por el Ayuntamiento de Pamplona del 17 al 20 de febrero con plazas libres\" \/>\n<meta name=\"robots\" content=\"index, follow, max-snippet:-1, max-image-preview:large, max-video-preview:-1\" \/>\n<link rel=\"canonical\" href=\"https:\/\/www.laguiadepamplona.com\/actualidad\/propuesta-de-actividades-organizadas-por-el-ayuntamiento-de-pamplona-del-17-al-20-de-febrero-con-plazas-libres\/\" \/>\n<meta property=\"og:locale\" content=\"es_ES\" \/>\n<meta property=\"og:type\" content=\"article\" \/>\n<meta property=\"og:title\" content=\"Propuesta de actividades organizadas por el Ayuntamiento de Pamplona del 17 al 20 de febrero con plazas libres\" \/>\n<meta property=\"og:description\" content=\"Propuesta de actividades organizadas por el Ayuntamiento de Pamplona del 17 al 20 de febrero con plazas libres\" \/>\n<meta property=\"og:url\" content=\"https:\/\/www.laguiadepamplona.com\/actualidad\/propuesta-de-actividades-organizadas-por-el-ayuntamiento-de-pamplona-del-17-al-20-de-febrero-con-plazas-libres\/\" \/>\n<meta property=\"og:site_name\" content=\"La Gu\u00eda de Pamplona\" \/>\n<meta property=\"article:publisher\" content=\"https:\/\/www.facebook.com\/laguiadepamplonacom-133175176762273\/?ref=hl\" \/>\n<meta property=\"article:published_time\" content=\"2023-02-16T11:40:39+00:00\" \/>\n<meta property=\"article:modified_time\" content=\"2023-04-11T09:47:11+00:00\" \/>\n<meta property=\"og:image\" content=\"https:\/\/www.laguiadepamplona.com\/actualidad\/wp-content\/uploads\/2022\/02\/magia_mago_sombrero.jpg\" \/>\n\t<meta property=\"og:image:width\" content=\"992\" \/>\n\t<meta property=\"og:image:height\" content=\"507\" \/>\n\t<meta property=\"og:image:type\" content=\"image\/jpeg\" \/>\n<meta name=\"author\" content=\"La Gu\u00eda de Pamplona\" \/>\n<meta name=\"twitter:card\" content=\"summary_large_image\" \/>\n<meta name=\"twitter:creator\" content=\"@LaGuiadPamplona\" \/>\n<meta name=\"twitter:site\" content=\"@LaGuiadPamplona\" \/>\n<meta name=\"twitter:label1\" content=\"Escrito por\" \/>\n\t<meta name=\"twitter:data1\" content=\"La Gu\u00eda de Pamplona\" \/>\n\t<meta name=\"twitter:label2\" content=\"Tiempo de lectura\" \/>\n\t<meta name=\"twitter:data2\" content=\"7 minutos\" \/>\n<script type=\"application\/ld+json\" class=\"yoast-schema-graph\">{\"@context\":\"https:\\\/\\\/schema.org\",\"@graph\":[{\"@type\":\"Article\",\"@id\":\"https:\\\/\\\/www.laguiadepamplona.com\\\/actualidad\\\/propuesta-de-actividades-organizadas-por-el-ayuntamiento-de-pamplona-del-17-al-20-de-febrero-con-plazas-libres\\\/#article\",\"isPartOf\":{\"@id\":\"https:\\\/\\\/www.laguiadepamplona.com\\\/actualidad\\\/propuesta-de-actividades-organizadas-por-el-ayuntamiento-de-pamplona-del-17-al-20-de-febrero-con-plazas-libres\\\/\"},\"author\":{\"name\":\"La Gu\u00eda de Pamplona\",\"@id\":\"https:\\\/\\\/www.laguiadepamplona.com\\\/actualidad\\\/#\\\/schema\\\/person\\\/efe887376f0213d4657c93adc50b1fdb\"},\"headline\":\"Propuesta de actividades organizadas por el Ayuntamiento de Pamplona del 17 al 20 de febrero con plazas libres\",\"datePublished\":\"2023-02-16T11:40:39+00:00\",\"dateModified\":\"2023-04-11T09:47:11+00:00\",\"mainEntityOfPage\":{\"@id\":\"https:\\\/\\\/www.laguiadepamplona.com\\\/actualidad\\\/propuesta-de-actividades-organizadas-por-el-ayuntamiento-de-pamplona-del-17-al-20-de-febrero-con-plazas-libres\\\/\"},\"wordCount\":1508,\"commentCount\":0,\"publisher\":{\"@id\":\"https:\\\/\\\/www.laguiadepamplona.com\\\/actualidad\\\/#organization\"},\"image\":{\"@id\":\"https:\\\/\\\/www.laguiadepamplona.com\\\/actualidad\\\/propuesta-de-actividades-organizadas-por-el-ayuntamiento-de-pamplona-del-17-al-20-de-febrero-con-plazas-libres\\\/#primaryimage\"},\"thumbnailUrl\":\"https:\\\/\\\/www.laguiadepamplona.com\\\/actualidad\\\/wp-content\\\/uploads\\\/2022\\\/02\\\/magia_mago_sombrero.jpg\",\"articleSection\":[\"Ayto Pamplona\"],\"inLanguage\":\"es\",\"potentialAction\":[{\"@type\":\"CommentAction\",\"name\":\"Comment\",\"target\":[\"https:\\\/\\\/www.laguiadepamplona.com\\\/actualidad\\\/propuesta-de-actividades-organizadas-por-el-ayuntamiento-de-pamplona-del-17-al-20-de-febrero-con-plazas-libres\\\/#respond\"]}]},{\"@type\":\"WebPage\",\"@id\":\"https:\\\/\\\/www.laguiadepamplona.com\\\/actualidad\\\/propuesta-de-actividades-organizadas-por-el-ayuntamiento-de-pamplona-del-17-al-20-de-febrero-con-plazas-libres\\\/\",\"url\":\"https:\\\/\\\/www.laguiadepamplona.com\\\/actualidad\\\/propuesta-de-actividades-organizadas-por-el-ayuntamiento-de-pamplona-del-17-al-20-de-febrero-con-plazas-libres\\\/\",\"name\":\"Propuesta de actividades organizadas por el Ayuntamiento de Pamplona del 17 al 20 de febrero con plazas libres\",\"isPartOf\":{\"@id\":\"https:\\\/\\\/www.laguiadepamplona.com\\\/actualidad\\\/#website\"},\"primaryImageOfPage\":{\"@id\":\"https:\\\/\\\/www.laguiadepamplona.com\\\/actualidad\\\/propuesta-de-actividades-organizadas-por-el-ayuntamiento-de-pamplona-del-17-al-20-de-febrero-con-plazas-libres\\\/#primaryimage\"},\"image\":{\"@id\":\"https:\\\/\\\/www.laguiadepamplona.com\\\/actualidad\\\/propuesta-de-actividades-organizadas-por-el-ayuntamiento-de-pamplona-del-17-al-20-de-febrero-con-plazas-libres\\\/#primaryimage\"},\"thumbnailUrl\":\"https:\\\/\\\/www.laguiadepamplona.com\\\/actualidad\\\/wp-content\\\/uploads\\\/2022\\\/02\\\/magia_mago_sombrero.jpg\",\"datePublished\":\"2023-02-16T11:40:39+00:00\",\"dateModified\":\"2023-04-11T09:47:11+00:00\",\"description\":\"Propuesta de actividades organizadas por el Ayuntamiento de Pamplona del 17 al 20 de febrero con plazas libres\",\"breadcrumb\":{\"@id\":\"https:\\\/\\\/www.laguiadepamplona.com\\\/actualidad\\\/propuesta-de-actividades-organizadas-por-el-ayuntamiento-de-pamplona-del-17-al-20-de-febrero-con-plazas-libres\\\/#breadcrumb\"},\"inLanguage\":\"es\",\"potentialAction\":[{\"@type\":\"ReadAction\",\"target\":[\"https:\\\/\\\/www.laguiadepamplona.com\\\/actualidad\\\/propuesta-de-actividades-organizadas-por-el-ayuntamiento-de-pamplona-del-17-al-20-de-febrero-con-plazas-libres\\\/\"]}]},{\"@type\":\"ImageObject\",\"inLanguage\":\"es\",\"@id\":\"https:\\\/\\\/www.laguiadepamplona.com\\\/actualidad\\\/propuesta-de-actividades-organizadas-por-el-ayuntamiento-de-pamplona-del-17-al-20-de-febrero-con-plazas-libres\\\/#primaryimage\",\"url\":\"https:\\\/\\\/www.laguiadepamplona.com\\\/actualidad\\\/wp-content\\\/uploads\\\/2022\\\/02\\\/magia_mago_sombrero.jpg\",\"contentUrl\":\"https:\\\/\\\/www.laguiadepamplona.com\\\/actualidad\\\/wp-content\\\/uploads\\\/2022\\\/02\\\/magia_mago_sombrero.jpg\",\"width\":992,\"height\":507},{\"@type\":\"BreadcrumbList\",\"@id\":\"https:\\\/\\\/www.laguiadepamplona.com\\\/actualidad\\\/propuesta-de-actividades-organizadas-por-el-ayuntamiento-de-pamplona-del-17-al-20-de-febrero-con-plazas-libres\\\/#breadcrumb\",\"itemListElement\":[{\"@type\":\"ListItem\",\"position\":1,\"name\":\"Portada\",\"item\":\"https:\\\/\\\/www.laguiadepamplona.com\\\/actualidad\\\/\"},{\"@type\":\"ListItem\",\"position\":2,\"name\":\"Propuesta de actividades organizadas por el Ayuntamiento de Pamplona del 17 al 20 de febrero con plazas libres\"}]},{\"@type\":\"WebSite\",\"@id\":\"https:\\\/\\\/www.laguiadepamplona.com\\\/actualidad\\\/#website\",\"url\":\"https:\\\/\\\/www.laguiadepamplona.com\\\/actualidad\\\/\",\"name\":\"La gu\u00eda de Pamplona\",\"description\":\"Noticias de Pamplona\",\"publisher\":{\"@id\":\"https:\\\/\\\/www.laguiadepamplona.com\\\/actualidad\\\/#organization\"},\"potentialAction\":[{\"@type\":\"SearchAction\",\"target\":{\"@type\":\"EntryPoint\",\"urlTemplate\":\"https:\\\/\\\/www.laguiadepamplona.com\\\/actualidad\\\/?s={search_term_string}\"},\"query-input\":{\"@type\":\"PropertyValueSpecification\",\"valueRequired\":true,\"valueName\":\"search_term_string\"}}],\"inLanguage\":\"es\"},{\"@type\":\"Organization\",\"@id\":\"https:\\\/\\\/www.laguiadepamplona.com\\\/actualidad\\\/#organization\",\"name\":\"La Gu\u00eda de Pamplona \\\/ Noticias\",\"url\":\"https:\\\/\\\/www.laguiadepamplona.com\\\/actualidad\\\/\",\"logo\":{\"@type\":\"ImageObject\",\"inLanguage\":\"es\",\"@id\":\"https:\\\/\\\/www.laguiadepamplona.com\\\/actualidad\\\/#\\\/schema\\\/logo\\\/image\\\/\",\"url\":\"https:\\\/\\\/www.laguiadepamplona.com\\\/actualidad\\\/wp-content\\\/uploads\\\/2018\\\/11\\\/logo-laguiadepamplona18-web1.png\",\"contentUrl\":\"https:\\\/\\\/www.laguiadepamplona.com\\\/actualidad\\\/wp-content\\\/uploads\\\/2018\\\/11\\\/logo-laguiadepamplona18-web1.png\",\"width\":600,\"height\":196,\"caption\":\"La Gu\u00eda de Pamplona \\\/ Noticias\"},\"image\":{\"@id\":\"https:\\\/\\\/www.laguiadepamplona.com\\\/actualidad\\\/#\\\/schema\\\/logo\\\/image\\\/\"},\"sameAs\":[\"https:\\\/\\\/www.facebook.com\\\/laguiadepamplonacom-133175176762273\\\/?ref=hl\",\"https:\\\/\\\/x.com\\\/LaGuiadPamplona\",\"https:\\\/\\\/www.instagram.com\\\/la_guia_de_pamplona\\\/\",\"https:\\\/\\\/www.youtube.com\\\/user\\\/laguiadepamplona\"]},{\"@type\":\"Person\",\"@id\":\"https:\\\/\\\/www.laguiadepamplona.com\\\/actualidad\\\/#\\\/schema\\\/person\\\/efe887376f0213d4657c93adc50b1fdb\",\"name\":\"La Gu\u00eda de Pamplona\",\"image\":{\"@type\":\"ImageObject\",\"inLanguage\":\"es\",\"@id\":\"https:\\\/\\\/secure.gravatar.com\\\/avatar\\\/b6992f131dc8d30ab0dff15446e9d346d9dbd95992de0fef795073f5ea83a81c?s=96&d=mm&r=g\",\"url\":\"https:\\\/\\\/secure.gravatar.com\\\/avatar\\\/b6992f131dc8d30ab0dff15446e9d346d9dbd95992de0fef795073f5ea83a81c?s=96&d=mm&r=g\",\"contentUrl\":\"https:\\\/\\\/secure.gravatar.com\\\/avatar\\\/b6992f131dc8d30ab0dff15446e9d346d9dbd95992de0fef795073f5ea83a81c?s=96&d=mm&r=g\",\"caption\":\"La Gu\u00eda de Pamplona\"}}]}<\/script>\n<!-- \/ Yoast SEO plugin. -->","yoast_head_json":{"title":"Propuesta de actividades organizadas por el Ayuntamiento de Pamplona del 17 al 20 de febrero con plazas libres","description":"Propuesta de actividades organizadas por el Ayuntamiento de Pamplona del 17 al 20 de febrero con plazas libres","robots":{"index":"index","follow":"follow","max-snippet":"max-snippet:-1","max-image-preview":"max-image-preview:large","max-video-preview":"max-video-preview:-1"},"canonical":"https:\/\/www.laguiadepamplona.com\/actualidad\/propuesta-de-actividades-organizadas-por-el-ayuntamiento-de-pamplona-del-17-al-20-de-febrero-con-plazas-libres\/","og_locale":"es_ES","og_type":"article","og_title":"Propuesta de actividades organizadas por el Ayuntamiento de Pamplona del 17 al 20 de febrero con plazas libres","og_description":"Propuesta de actividades organizadas por el Ayuntamiento de Pamplona del 17 al 20 de febrero con plazas libres","og_url":"https:\/\/www.laguiadepamplona.com\/actualidad\/propuesta-de-actividades-organizadas-por-el-ayuntamiento-de-pamplona-del-17-al-20-de-febrero-con-plazas-libres\/","og_site_name":"La Gu\u00eda de Pamplona","article_publisher":"https:\/\/www.facebook.com\/laguiadepamplonacom-133175176762273\/?ref=hl","article_published_time":"2023-02-16T11:40:39+00:00","article_modified_time":"2023-04-11T09:47:11+00:00","og_image":[{"width":992,"height":507,"url":"https:\/\/www.laguiadepamplona.com\/actualidad\/wp-content\/uploads\/2022\/02\/magia_mago_sombrero.jpg","type":"image\/jpeg"}],"author":"La Gu\u00eda de Pamplona","twitter_card":"summary_large_image","twitter_creator":"@LaGuiadPamplona","twitter_site":"@LaGuiadPamplona","twitter_misc":{"Escrito por":"La Gu\u00eda de Pamplona","Tiempo de lectura":"7 minutos"},"schema":{"@context":"https:\/\/schema.org","@graph":[{"@type":"Article","@id":"https:\/\/www.laguiadepamplona.com\/actualidad\/propuesta-de-actividades-organizadas-por-el-ayuntamiento-de-pamplona-del-17-al-20-de-febrero-con-plazas-libres\/#article","isPartOf":{"@id":"https:\/\/www.laguiadepamplona.com\/actualidad\/propuesta-de-actividades-organizadas-por-el-ayuntamiento-de-pamplona-del-17-al-20-de-febrero-con-plazas-libres\/"},"author":{"name":"La Gu\u00eda de Pamplona","@id":"https:\/\/www.laguiadepamplona.com\/actualidad\/#\/schema\/person\/efe887376f0213d4657c93adc50b1fdb"},"headline":"Propuesta de actividades organizadas por el Ayuntamiento de Pamplona del 17 al 20 de febrero con plazas libres","datePublished":"2023-02-16T11:40:39+00:00","dateModified":"2023-04-11T09:47:11+00:00","mainEntityOfPage":{"@id":"https:\/\/www.laguiadepamplona.com\/actualidad\/propuesta-de-actividades-organizadas-por-el-ayuntamiento-de-pamplona-del-17-al-20-de-febrero-con-plazas-libres\/"},"wordCount":1508,"commentCount":0,"publisher":{"@id":"https:\/\/www.laguiadepamplona.com\/actualidad\/#organization"},"image":{"@id":"https:\/\/www.laguiadepamplona.com\/actualidad\/propuesta-de-actividades-organizadas-por-el-ayuntamiento-de-pamplona-del-17-al-20-de-febrero-con-plazas-libres\/#primaryimage"},"thumbnailUrl":"https:\/\/www.laguiadepamplona.com\/actualidad\/wp-content\/uploads\/2022\/02\/magia_mago_sombrero.jpg","articleSection":["Ayto Pamplona"],"inLanguage":"es","potentialAction":[{"@type":"CommentAction","name":"Comment","target":["https:\/\/www.laguiadepamplona.com\/actualidad\/propuesta-de-actividades-organizadas-por-el-ayuntamiento-de-pamplona-del-17-al-20-de-febrero-con-plazas-libres\/#respond"]}]},{"@type":"WebPage","@id":"https:\/\/www.laguiadepamplona.com\/actualidad\/propuesta-de-actividades-organizadas-por-el-ayuntamiento-de-pamplona-del-17-al-20-de-febrero-con-plazas-libres\/","url":"https:\/\/www.laguiadepamplona.com\/actualidad\/propuesta-de-actividades-organizadas-por-el-ayuntamiento-de-pamplona-del-17-al-20-de-febrero-con-plazas-libres\/","name":"Propuesta de actividades organizadas por el Ayuntamiento de Pamplona del 17 al 20 de febrero con plazas libres","isPartOf":{"@id":"https:\/\/www.laguiadepamplona.com\/actualidad\/#website"},"primaryImageOfPage":{"@id":"https:\/\/www.laguiadepamplona.com\/actualidad\/propuesta-de-actividades-organizadas-por-el-ayuntamiento-de-pamplona-del-17-al-20-de-febrero-con-plazas-libres\/#primaryimage"},"image":{"@id":"https:\/\/www.laguiadepamplona.com\/actualidad\/propuesta-de-actividades-organizadas-por-el-ayuntamiento-de-pamplona-del-17-al-20-de-febrero-con-plazas-libres\/#primaryimage"},"thumbnailUrl":"https:\/\/www.laguiadepamplona.com\/actualidad\/wp-content\/uploads\/2022\/02\/magia_mago_sombrero.jpg","datePublished":"2023-02-16T11:40:39+00:00","dateModified":"2023-04-11T09:47:11+00:00","description":"Propuesta de actividades organizadas por el Ayuntamiento de Pamplona del 17 al 20 de febrero con plazas libres","breadcrumb":{"@id":"https:\/\/www.laguiadepamplona.com\/actualidad\/propuesta-de-actividades-organizadas-por-el-ayuntamiento-de-pamplona-del-17-al-20-de-febrero-con-plazas-libres\/#breadcrumb"},"inLanguage":"es","potentialAction":[{"@type":"ReadAction","target":["https:\/\/www.laguiadepamplona.com\/actualidad\/propuesta-de-actividades-organizadas-por-el-ayuntamiento-de-pamplona-del-17-al-20-de-febrero-con-plazas-libres\/"]}]},{"@type":"ImageObject","inLanguage":"es","@id":"https:\/\/www.laguiadepamplona.com\/actualidad\/propuesta-de-actividades-organizadas-por-el-ayuntamiento-de-pamplona-del-17-al-20-de-febrero-con-plazas-libres\/#primaryimage","url":"https:\/\/www.laguiadepamplona.com\/actualidad\/wp-content\/uploads\/2022\/02\/magia_mago_sombrero.jpg","contentUrl":"https:\/\/www.laguiadepamplona.com\/actualidad\/wp-content\/uploads\/2022\/02\/magia_mago_sombrero.jpg","width":992,"height":507},{"@type":"BreadcrumbList","@id":"https:\/\/www.laguiadepamplona.com\/actualidad\/propuesta-de-actividades-organizadas-por-el-ayuntamiento-de-pamplona-del-17-al-20-de-febrero-con-plazas-libres\/#breadcrumb","itemListElement":[{"@type":"ListItem","position":1,"name":"Portada","item":"https:\/\/www.laguiadepamplona.com\/actualidad\/"},{"@type":"ListItem","position":2,"name":"Propuesta de actividades organizadas por el Ayuntamiento de Pamplona del 17 al 20 de febrero con plazas libres"}]},{"@type":"WebSite","@id":"https:\/\/www.laguiadepamplona.com\/actualidad\/#website","url":"https:\/\/www.laguiadepamplona.com\/actualidad\/","name":"La gu\u00eda de Pamplona","description":"Noticias de Pamplona","publisher":{"@id":"https:\/\/www.laguiadepamplona.com\/actualidad\/#organization"},"potentialAction":[{"@type":"SearchAction","target":{"@type":"EntryPoint","urlTemplate":"https:\/\/www.laguiadepamplona.com\/actualidad\/?s={search_term_string}"},"query-input":{"@type":"PropertyValueSpecification","valueRequired":true,"valueName":"search_term_string"}}],"inLanguage":"es"},{"@type":"Organization","@id":"https:\/\/www.laguiadepamplona.com\/actualidad\/#organization","name":"La Gu\u00eda de Pamplona \/ Noticias","url":"https:\/\/www.laguiadepamplona.com\/actualidad\/","logo":{"@type":"ImageObject","inLanguage":"es","@id":"https:\/\/www.laguiadepamplona.com\/actualidad\/#\/schema\/logo\/image\/","url":"https:\/\/www.laguiadepamplona.com\/actualidad\/wp-content\/uploads\/2018\/11\/logo-laguiadepamplona18-web1.png","contentUrl":"https:\/\/www.laguiadepamplona.com\/actualidad\/wp-content\/uploads\/2018\/11\/logo-laguiadepamplona18-web1.png","width":600,"height":196,"caption":"La Gu\u00eda de Pamplona \/ Noticias"},"image":{"@id":"https:\/\/www.laguiadepamplona.com\/actualidad\/#\/schema\/logo\/image\/"},"sameAs":["https:\/\/www.facebook.com\/laguiadepamplonacom-133175176762273\/?ref=hl","https:\/\/x.com\/LaGuiadPamplona","https:\/\/www.instagram.com\/la_guia_de_pamplona\/","https:\/\/www.youtube.com\/user\/laguiadepamplona"]},{"@type":"Person","@id":"https:\/\/www.laguiadepamplona.com\/actualidad\/#\/schema\/person\/efe887376f0213d4657c93adc50b1fdb","name":"La Gu\u00eda de Pamplona","image":{"@type":"ImageObject","inLanguage":"es","@id":"https:\/\/secure.gravatar.com\/avatar\/b6992f131dc8d30ab0dff15446e9d346d9dbd95992de0fef795073f5ea83a81c?s=96&d=mm&r=g","url":"https:\/\/secure.gravatar.com\/avatar\/b6992f131dc8d30ab0dff15446e9d346d9dbd95992de0fef795073f5ea83a81c?s=96&d=mm&r=g","contentUrl":"https:\/\/secure.gravatar.com\/avatar\/b6992f131dc8d30ab0dff15446e9d346d9dbd95992de0fef795073f5ea83a81c?s=96&d=mm&r=g","caption":"La Gu\u00eda de Pamplona"}}]}},"post_mailing_queue_ids":[],"_links":{"self":[{"href":"https:\/\/www.laguiadepamplona.com\/actualidad\/wp-json\/wp\/v2\/posts\/42891","targetHints":{"allow":["GET"]}}],"collection":[{"href":"https:\/\/www.laguiadepamplona.com\/actualidad\/wp-json\/wp\/v2\/posts"}],"about":[{"href":"https:\/\/www.laguiadepamplona.com\/actualidad\/wp-json\/wp\/v2\/types\/post"}],"author":[{"embeddable":true,"href":"https:\/\/www.laguiadepamplona.com\/actualidad\/wp-json\/wp\/v2\/users\/1"}],"replies":[{"embeddable":true,"href":"https:\/\/www.laguiadepamplona.com\/actualidad\/wp-json\/wp\/v2\/comments?post=42891"}],"version-history":[{"count":0,"href":"https:\/\/www.laguiadepamplona.com\/actualidad\/wp-json\/wp\/v2\/posts\/42891\/revisions"}],"wp:featuredmedia":[{"embeddable":true,"href":"https:\/\/www.laguiadepamplona.com\/actualidad\/wp-json\/wp\/v2\/media\/38590"}],"wp:attachment":[{"href":"https:\/\/www.laguiadepamplona.com\/actualidad\/wp-json\/wp\/v2\/media?parent=42891"}],"wp:term":[{"taxonomy":"category","embeddable":true,"href":"https:\/\/www.laguiadepamplona.com\/actualidad\/wp-json\/wp\/v2\/categories?post=42891"},{"taxonomy":"post_tag","embeddable":true,"href":"https:\/\/www.laguiadepamplona.com\/actualidad\/wp-json\/wp\/v2\/tags?post=42891"}],"curies":[{"name":"wp","href":"https:\/\/api.w.org\/{rel}","templated":true}]}}