{"id":42885,"date":"2023-02-16T13:35:07","date_gmt":"2023-02-16T11:35:07","guid":{"rendered":"https:\/\/www.laguiadepamplona.com\/actualidad\/?p=42885"},"modified":"2023-04-11T11:47:11","modified_gmt":"2023-04-11T09:47:11","slug":"pamplona-se-une-al-acuerdo-tejiendo-redes-para-difundir-creaciones-de-jovenes-artistas-emergentes-y-fomentar-su-profesionalizacion","status":"publish","type":"post","link":"https:\/\/www.laguiadepamplona.com\/actualidad\/pamplona-se-une-al-acuerdo-tejiendo-redes-para-difundir-creaciones-de-jovenes-artistas-emergentes-y-fomentar-su-profesionalizacion\/","title":{"rendered":"Pamplona se une al acuerdo Tejiendo Redes para difundir creaciones de j\u00f3venes artistas emergentes y fomentar su profesionalizaci\u00f3n"},"content":{"rendered":"<h5>El Ayuntamiento suscribe el convenio en Madrid junto a otros ayuntamientos de Espa\u00f1a y el Instituto de la Juventud del Ministerio de Asuntos Sociales<\/h5>\n<p><!--more--><\/p>\n<p>Pamplona ha firmado en Madrid el protocolo Tejiendo Redes que apuesta por la difusi\u00f3n de la creaci\u00f3n art\u00edstica de j\u00f3venes talentos emergentes y su profesionalizaci\u00f3n. El concejal especial de Deporte y Juventud, Fernando Aranguren, se ha unido a los representantes municipales de Logro\u00f1o, M\u00e1laga, Murcia, Santander, Valladolid, Vitoria-Gasteiz y Zaragoza para suscribir el texto a propuesta del Instituto de la Juventud del Ministerio de Asuntos Sociales y Agenda 2030.<\/p>\n<p>Las instituciones plasman en el documento su inter\u00e9s por fomentar las actividades de creaci\u00f3n emergente de j\u00f3venes artistas, mediante di\u00e1logos interterritoriales que ayuden a la juventud a desarrollar sus capacidades y faciliten su desarrollo profesional. Para difundir estas creaciones, los firmantes crear\u00e1n una red de intercambio que promueva la presentaci\u00f3n de las obras art\u00edsticas en Festivales o Eventos organizados por los ayuntamientos firmantes y el Instituto de la Juventud.<br \/>\n<script async src=\"\/\/pagead2.googlesyndication.com\/pagead\/js\/adsbygoogle.js\"><\/script><br \/>\n<!-- Noticias La Guia de Pamplona --><br \/>\n<ins class=\"adsbygoogle\"\nstyle=\"display:block\"\ndata-ad-client=\"ca-pub-6943679897239327\"\ndata-ad-slot=\"7048180777\"\ndata-ad-format=\"auto\"><\/ins><br \/>\n<script>\n(adsbygoogle = window.adsbygoogle || []).push({});\n<\/script><\/p>\n<p>El objetivo principal de este protocolo de actuaci\u00f3n es que las obras, de todas las modalidades, puedan ser vistas por un p\u00fablico lo m\u00e1s amplio posible. Para ello, las instituciones intercambiar\u00e1n informaci\u00f3n y promover\u00e1n la movilidad entre comunidades. Tambi\u00e9n organizar\u00e1n conjuntamente acciones de difusi\u00f3n y promoci\u00f3n institucional, as\u00ed como estrategias de comunicaci\u00f3n. De esta manera, se contribuye a la profesionalizaci\u00f3n de los y las artistas proporcion\u00e1ndoles las condiciones id\u00f3neas de representaci\u00f3n de sus obras.<\/p>\n<p>Esta promoci\u00f3n se va a hacer mediante acuerdos espec\u00edficos y ser\u00e1 supervisada por una comisi\u00f3n de seguimiento de car\u00e1cter paritario de la que formar\u00e1n parte dos representantes designados por cada una de las partes. Esta comisi\u00f3n se reunir\u00e1 como m\u00ednimo una vez al a\u00f1o. El protocolo ya est\u00e1 en vigor y tiene una vigencia inicial de cuatro a\u00f1os, prorrogables hasta un m\u00e1ximo de cuatro a\u00f1os adicionales.<br \/>\n<script async src=\"\/\/pagead2.googlesyndication.com\/pagead\/js\/adsbygoogle.js\"><\/script><br \/>\n<!-- Noticias La Guia de Pamplona --><br \/>\n<ins class=\"adsbygoogle\"\nstyle=\"display:block\"\ndata-ad-client=\"ca-pub-6943679897239327\"\ndata-ad-slot=\"7048180777\"\ndata-ad-format=\"auto\"><\/ins><br \/>\n<script>\n(adsbygoogle = window.adsbygoogle || []).push({});\n<\/script><\/p>\n<p>&nbsp;<\/p>\n<h3>Acuerdo Tejiendo Redes<\/h3>\n<ul>\n<li>Suscrito por el Instituto de la Juventud y los ayuntamientos de Pamplona, Logro\u00f1o, M\u00e1laga, Murcia, Santander, Valladolid, Vitoria-Gasteiz y Zaragoza<\/li>\n<li>Objetivo: difusi\u00f3n de la creaci\u00f3n art\u00edstica de j\u00f3venes creadores y creadoras, mediante acuerdos interterritoriales<\/li>\n<li>Vigencia, cuatro a\u00f1os prorrogables por otros cuatro m\u00e1s<\/li>\n<\/ul>\n","protected":false},"excerpt":{"rendered":"<p>El Ayuntamiento suscribe el convenio en Madrid junto a otros ayuntamientos de Espa\u00f1a y el Instituto de la Juventud del Ministerio de Asuntos Sociales<\/p>\n","protected":false},"author":1,"featured_media":42886,"comment_status":"open","ping_status":"closed","sticky":false,"template":"","format":"standard","meta":{"footnotes":""},"categories":[2],"tags":[],"class_list":["post-42885","post","type-post","status-publish","format-standard","has-post-thumbnail","hentry","category-ayuntamiento-pamplona"],"yoast_head":"<!-- This site is optimized with the Yoast SEO plugin v27.5 - https:\/\/yoast.com\/product\/yoast-seo-wordpress\/ -->\n<title>Pamplona se une al acuerdo Tejiendo Redes para difundir creaciones de j\u00f3venes artistas emergentes y fomentar su profesionalizaci\u00f3n<\/title>\n<meta name=\"robots\" content=\"index, follow, max-snippet:-1, max-image-preview:large, max-video-preview:-1\" \/>\n<link rel=\"canonical\" href=\"https:\/\/www.laguiadepamplona.com\/actualidad\/pamplona-se-une-al-acuerdo-tejiendo-redes-para-difundir-creaciones-de-jovenes-artistas-emergentes-y-fomentar-su-profesionalizacion\/\" \/>\n<meta property=\"og:locale\" content=\"es_ES\" \/>\n<meta property=\"og:type\" content=\"article\" \/>\n<meta property=\"og:title\" content=\"Pamplona se une al acuerdo Tejiendo Redes para difundir creaciones de j\u00f3venes artistas emergentes y fomentar su profesionalizaci\u00f3n\" \/>\n<meta property=\"og:description\" content=\"El Ayuntamiento suscribe el convenio en Madrid junto a otros ayuntamientos de Espa\u00f1a y el Instituto de la Juventud del Ministerio de Asuntos Sociales\" \/>\n<meta property=\"og:url\" content=\"https:\/\/www.laguiadepamplona.com\/actualidad\/pamplona-se-une-al-acuerdo-tejiendo-redes-para-difundir-creaciones-de-jovenes-artistas-emergentes-y-fomentar-su-profesionalizacion\/\" \/>\n<meta property=\"og:site_name\" content=\"La Gu\u00eda de Pamplona\" \/>\n<meta property=\"article:publisher\" content=\"https:\/\/www.facebook.com\/laguiadepamplonacom-133175176762273\/?ref=hl\" \/>\n<meta property=\"article:published_time\" content=\"2023-02-16T11:35:07+00:00\" \/>\n<meta property=\"article:modified_time\" content=\"2023-04-11T09:47:11+00:00\" \/>\n<meta property=\"og:image\" content=\"https:\/\/www.laguiadepamplona.com\/actualidad\/wp-content\/uploads\/2023\/02\/acuerdo-tejiendo-redes-creaciones-jovenes.webp\" \/>\n\t<meta property=\"og:image:width\" content=\"1920\" \/>\n\t<meta property=\"og:image:height\" content=\"1076\" \/>\n\t<meta property=\"og:image:type\" content=\"image\/webp\" \/>\n<meta name=\"author\" content=\"La Gu\u00eda de Pamplona\" \/>\n<meta name=\"twitter:card\" content=\"summary_large_image\" \/>\n<meta name=\"twitter:creator\" content=\"@LaGuiadPamplona\" \/>\n<meta name=\"twitter:site\" content=\"@LaGuiadPamplona\" \/>\n<meta name=\"twitter:label1\" content=\"Escrito por\" \/>\n\t<meta name=\"twitter:data1\" content=\"La Gu\u00eda de Pamplona\" \/>\n\t<meta name=\"twitter:label2\" content=\"Tiempo de lectura\" \/>\n\t<meta name=\"twitter:data2\" content=\"2 minutos\" \/>\n<script type=\"application\/ld+json\" class=\"yoast-schema-graph\">{\"@context\":\"https:\\\/\\\/schema.org\",\"@graph\":[{\"@type\":\"Article\",\"@id\":\"https:\\\/\\\/www.laguiadepamplona.com\\\/actualidad\\\/pamplona-se-une-al-acuerdo-tejiendo-redes-para-difundir-creaciones-de-jovenes-artistas-emergentes-y-fomentar-su-profesionalizacion\\\/#article\",\"isPartOf\":{\"@id\":\"https:\\\/\\\/www.laguiadepamplona.com\\\/actualidad\\\/pamplona-se-une-al-acuerdo-tejiendo-redes-para-difundir-creaciones-de-jovenes-artistas-emergentes-y-fomentar-su-profesionalizacion\\\/\"},\"author\":{\"name\":\"La Gu\u00eda de Pamplona\",\"@id\":\"https:\\\/\\\/www.laguiadepamplona.com\\\/actualidad\\\/#\\\/schema\\\/person\\\/efe887376f0213d4657c93adc50b1fdb\"},\"headline\":\"Pamplona se une al acuerdo Tejiendo Redes para difundir creaciones de j\u00f3venes artistas emergentes y fomentar su profesionalizaci\u00f3n\",\"datePublished\":\"2023-02-16T11:35:07+00:00\",\"dateModified\":\"2023-04-11T09:47:11+00:00\",\"mainEntityOfPage\":{\"@id\":\"https:\\\/\\\/www.laguiadepamplona.com\\\/actualidad\\\/pamplona-se-une-al-acuerdo-tejiendo-redes-para-difundir-creaciones-de-jovenes-artistas-emergentes-y-fomentar-su-profesionalizacion\\\/\"},\"wordCount\":416,\"commentCount\":0,\"publisher\":{\"@id\":\"https:\\\/\\\/www.laguiadepamplona.com\\\/actualidad\\\/#organization\"},\"image\":{\"@id\":\"https:\\\/\\\/www.laguiadepamplona.com\\\/actualidad\\\/pamplona-se-une-al-acuerdo-tejiendo-redes-para-difundir-creaciones-de-jovenes-artistas-emergentes-y-fomentar-su-profesionalizacion\\\/#primaryimage\"},\"thumbnailUrl\":\"https:\\\/\\\/www.laguiadepamplona.com\\\/actualidad\\\/wp-content\\\/uploads\\\/2023\\\/02\\\/acuerdo-tejiendo-redes-creaciones-jovenes.webp\",\"articleSection\":[\"Ayto Pamplona\"],\"inLanguage\":\"es\",\"potentialAction\":[{\"@type\":\"CommentAction\",\"name\":\"Comment\",\"target\":[\"https:\\\/\\\/www.laguiadepamplona.com\\\/actualidad\\\/pamplona-se-une-al-acuerdo-tejiendo-redes-para-difundir-creaciones-de-jovenes-artistas-emergentes-y-fomentar-su-profesionalizacion\\\/#respond\"]}]},{\"@type\":\"WebPage\",\"@id\":\"https:\\\/\\\/www.laguiadepamplona.com\\\/actualidad\\\/pamplona-se-une-al-acuerdo-tejiendo-redes-para-difundir-creaciones-de-jovenes-artistas-emergentes-y-fomentar-su-profesionalizacion\\\/\",\"url\":\"https:\\\/\\\/www.laguiadepamplona.com\\\/actualidad\\\/pamplona-se-une-al-acuerdo-tejiendo-redes-para-difundir-creaciones-de-jovenes-artistas-emergentes-y-fomentar-su-profesionalizacion\\\/\",\"name\":\"Pamplona se une al acuerdo Tejiendo Redes para difundir creaciones de j\u00f3venes artistas emergentes y fomentar su profesionalizaci\u00f3n\",\"isPartOf\":{\"@id\":\"https:\\\/\\\/www.laguiadepamplona.com\\\/actualidad\\\/#website\"},\"primaryImageOfPage\":{\"@id\":\"https:\\\/\\\/www.laguiadepamplona.com\\\/actualidad\\\/pamplona-se-une-al-acuerdo-tejiendo-redes-para-difundir-creaciones-de-jovenes-artistas-emergentes-y-fomentar-su-profesionalizacion\\\/#primaryimage\"},\"image\":{\"@id\":\"https:\\\/\\\/www.laguiadepamplona.com\\\/actualidad\\\/pamplona-se-une-al-acuerdo-tejiendo-redes-para-difundir-creaciones-de-jovenes-artistas-emergentes-y-fomentar-su-profesionalizacion\\\/#primaryimage\"},\"thumbnailUrl\":\"https:\\\/\\\/www.laguiadepamplona.com\\\/actualidad\\\/wp-content\\\/uploads\\\/2023\\\/02\\\/acuerdo-tejiendo-redes-creaciones-jovenes.webp\",\"datePublished\":\"2023-02-16T11:35:07+00:00\",\"dateModified\":\"2023-04-11T09:47:11+00:00\",\"breadcrumb\":{\"@id\":\"https:\\\/\\\/www.laguiadepamplona.com\\\/actualidad\\\/pamplona-se-une-al-acuerdo-tejiendo-redes-para-difundir-creaciones-de-jovenes-artistas-emergentes-y-fomentar-su-profesionalizacion\\\/#breadcrumb\"},\"inLanguage\":\"es\",\"potentialAction\":[{\"@type\":\"ReadAction\",\"target\":[\"https:\\\/\\\/www.laguiadepamplona.com\\\/actualidad\\\/pamplona-se-une-al-acuerdo-tejiendo-redes-para-difundir-creaciones-de-jovenes-artistas-emergentes-y-fomentar-su-profesionalizacion\\\/\"]}]},{\"@type\":\"ImageObject\",\"inLanguage\":\"es\",\"@id\":\"https:\\\/\\\/www.laguiadepamplona.com\\\/actualidad\\\/pamplona-se-une-al-acuerdo-tejiendo-redes-para-difundir-creaciones-de-jovenes-artistas-emergentes-y-fomentar-su-profesionalizacion\\\/#primaryimage\",\"url\":\"https:\\\/\\\/www.laguiadepamplona.com\\\/actualidad\\\/wp-content\\\/uploads\\\/2023\\\/02\\\/acuerdo-tejiendo-redes-creaciones-jovenes.webp\",\"contentUrl\":\"https:\\\/\\\/www.laguiadepamplona.com\\\/actualidad\\\/wp-content\\\/uploads\\\/2023\\\/02\\\/acuerdo-tejiendo-redes-creaciones-jovenes.webp\",\"width\":1920,\"height\":1076},{\"@type\":\"BreadcrumbList\",\"@id\":\"https:\\\/\\\/www.laguiadepamplona.com\\\/actualidad\\\/pamplona-se-une-al-acuerdo-tejiendo-redes-para-difundir-creaciones-de-jovenes-artistas-emergentes-y-fomentar-su-profesionalizacion\\\/#breadcrumb\",\"itemListElement\":[{\"@type\":\"ListItem\",\"position\":1,\"name\":\"Portada\",\"item\":\"https:\\\/\\\/www.laguiadepamplona.com\\\/actualidad\\\/\"},{\"@type\":\"ListItem\",\"position\":2,\"name\":\"Pamplona se une al acuerdo Tejiendo Redes para difundir creaciones de j\u00f3venes artistas emergentes y fomentar su profesionalizaci\u00f3n\"}]},{\"@type\":\"WebSite\",\"@id\":\"https:\\\/\\\/www.laguiadepamplona.com\\\/actualidad\\\/#website\",\"url\":\"https:\\\/\\\/www.laguiadepamplona.com\\\/actualidad\\\/\",\"name\":\"La gu\u00eda de Pamplona\",\"description\":\"Noticias de Pamplona\",\"publisher\":{\"@id\":\"https:\\\/\\\/www.laguiadepamplona.com\\\/actualidad\\\/#organization\"},\"potentialAction\":[{\"@type\":\"SearchAction\",\"target\":{\"@type\":\"EntryPoint\",\"urlTemplate\":\"https:\\\/\\\/www.laguiadepamplona.com\\\/actualidad\\\/?s={search_term_string}\"},\"query-input\":{\"@type\":\"PropertyValueSpecification\",\"valueRequired\":true,\"valueName\":\"search_term_string\"}}],\"inLanguage\":\"es\"},{\"@type\":\"Organization\",\"@id\":\"https:\\\/\\\/www.laguiadepamplona.com\\\/actualidad\\\/#organization\",\"name\":\"La Gu\u00eda de Pamplona \\\/ Noticias\",\"url\":\"https:\\\/\\\/www.laguiadepamplona.com\\\/actualidad\\\/\",\"logo\":{\"@type\":\"ImageObject\",\"inLanguage\":\"es\",\"@id\":\"https:\\\/\\\/www.laguiadepamplona.com\\\/actualidad\\\/#\\\/schema\\\/logo\\\/image\\\/\",\"url\":\"https:\\\/\\\/www.laguiadepamplona.com\\\/actualidad\\\/wp-content\\\/uploads\\\/2018\\\/11\\\/logo-laguiadepamplona18-web1.png\",\"contentUrl\":\"https:\\\/\\\/www.laguiadepamplona.com\\\/actualidad\\\/wp-content\\\/uploads\\\/2018\\\/11\\\/logo-laguiadepamplona18-web1.png\",\"width\":600,\"height\":196,\"caption\":\"La Gu\u00eda de Pamplona \\\/ Noticias\"},\"image\":{\"@id\":\"https:\\\/\\\/www.laguiadepamplona.com\\\/actualidad\\\/#\\\/schema\\\/logo\\\/image\\\/\"},\"sameAs\":[\"https:\\\/\\\/www.facebook.com\\\/laguiadepamplonacom-133175176762273\\\/?ref=hl\",\"https:\\\/\\\/x.com\\\/LaGuiadPamplona\",\"https:\\\/\\\/www.instagram.com\\\/la_guia_de_pamplona\\\/\",\"https:\\\/\\\/www.youtube.com\\\/user\\\/laguiadepamplona\"]},{\"@type\":\"Person\",\"@id\":\"https:\\\/\\\/www.laguiadepamplona.com\\\/actualidad\\\/#\\\/schema\\\/person\\\/efe887376f0213d4657c93adc50b1fdb\",\"name\":\"La Gu\u00eda de Pamplona\",\"image\":{\"@type\":\"ImageObject\",\"inLanguage\":\"es\",\"@id\":\"https:\\\/\\\/secure.gravatar.com\\\/avatar\\\/b6992f131dc8d30ab0dff15446e9d346d9dbd95992de0fef795073f5ea83a81c?s=96&d=mm&r=g\",\"url\":\"https:\\\/\\\/secure.gravatar.com\\\/avatar\\\/b6992f131dc8d30ab0dff15446e9d346d9dbd95992de0fef795073f5ea83a81c?s=96&d=mm&r=g\",\"contentUrl\":\"https:\\\/\\\/secure.gravatar.com\\\/avatar\\\/b6992f131dc8d30ab0dff15446e9d346d9dbd95992de0fef795073f5ea83a81c?s=96&d=mm&r=g\",\"caption\":\"La Gu\u00eda de Pamplona\"}}]}<\/script>\n<!-- \/ Yoast SEO plugin. -->","yoast_head_json":{"title":"Pamplona se une al acuerdo Tejiendo Redes para difundir creaciones de j\u00f3venes artistas emergentes y fomentar su profesionalizaci\u00f3n","robots":{"index":"index","follow":"follow","max-snippet":"max-snippet:-1","max-image-preview":"max-image-preview:large","max-video-preview":"max-video-preview:-1"},"canonical":"https:\/\/www.laguiadepamplona.com\/actualidad\/pamplona-se-une-al-acuerdo-tejiendo-redes-para-difundir-creaciones-de-jovenes-artistas-emergentes-y-fomentar-su-profesionalizacion\/","og_locale":"es_ES","og_type":"article","og_title":"Pamplona se une al acuerdo Tejiendo Redes para difundir creaciones de j\u00f3venes artistas emergentes y fomentar su profesionalizaci\u00f3n","og_description":"El Ayuntamiento suscribe el convenio en Madrid junto a otros ayuntamientos de Espa\u00f1a y el Instituto de la Juventud del Ministerio de Asuntos Sociales","og_url":"https:\/\/www.laguiadepamplona.com\/actualidad\/pamplona-se-une-al-acuerdo-tejiendo-redes-para-difundir-creaciones-de-jovenes-artistas-emergentes-y-fomentar-su-profesionalizacion\/","og_site_name":"La Gu\u00eda de Pamplona","article_publisher":"https:\/\/www.facebook.com\/laguiadepamplonacom-133175176762273\/?ref=hl","article_published_time":"2023-02-16T11:35:07+00:00","article_modified_time":"2023-04-11T09:47:11+00:00","og_image":[{"width":1920,"height":1076,"url":"https:\/\/www.laguiadepamplona.com\/actualidad\/wp-content\/uploads\/2023\/02\/acuerdo-tejiendo-redes-creaciones-jovenes.webp","type":"image\/webp"}],"author":"La Gu\u00eda de Pamplona","twitter_card":"summary_large_image","twitter_creator":"@LaGuiadPamplona","twitter_site":"@LaGuiadPamplona","twitter_misc":{"Escrito por":"La Gu\u00eda de Pamplona","Tiempo de lectura":"2 minutos"},"schema":{"@context":"https:\/\/schema.org","@graph":[{"@type":"Article","@id":"https:\/\/www.laguiadepamplona.com\/actualidad\/pamplona-se-une-al-acuerdo-tejiendo-redes-para-difundir-creaciones-de-jovenes-artistas-emergentes-y-fomentar-su-profesionalizacion\/#article","isPartOf":{"@id":"https:\/\/www.laguiadepamplona.com\/actualidad\/pamplona-se-une-al-acuerdo-tejiendo-redes-para-difundir-creaciones-de-jovenes-artistas-emergentes-y-fomentar-su-profesionalizacion\/"},"author":{"name":"La Gu\u00eda de Pamplona","@id":"https:\/\/www.laguiadepamplona.com\/actualidad\/#\/schema\/person\/efe887376f0213d4657c93adc50b1fdb"},"headline":"Pamplona se une al acuerdo Tejiendo Redes para difundir creaciones de j\u00f3venes artistas emergentes y fomentar su profesionalizaci\u00f3n","datePublished":"2023-02-16T11:35:07+00:00","dateModified":"2023-04-11T09:47:11+00:00","mainEntityOfPage":{"@id":"https:\/\/www.laguiadepamplona.com\/actualidad\/pamplona-se-une-al-acuerdo-tejiendo-redes-para-difundir-creaciones-de-jovenes-artistas-emergentes-y-fomentar-su-profesionalizacion\/"},"wordCount":416,"commentCount":0,"publisher":{"@id":"https:\/\/www.laguiadepamplona.com\/actualidad\/#organization"},"image":{"@id":"https:\/\/www.laguiadepamplona.com\/actualidad\/pamplona-se-une-al-acuerdo-tejiendo-redes-para-difundir-creaciones-de-jovenes-artistas-emergentes-y-fomentar-su-profesionalizacion\/#primaryimage"},"thumbnailUrl":"https:\/\/www.laguiadepamplona.com\/actualidad\/wp-content\/uploads\/2023\/02\/acuerdo-tejiendo-redes-creaciones-jovenes.webp","articleSection":["Ayto Pamplona"],"inLanguage":"es","potentialAction":[{"@type":"CommentAction","name":"Comment","target":["https:\/\/www.laguiadepamplona.com\/actualidad\/pamplona-se-une-al-acuerdo-tejiendo-redes-para-difundir-creaciones-de-jovenes-artistas-emergentes-y-fomentar-su-profesionalizacion\/#respond"]}]},{"@type":"WebPage","@id":"https:\/\/www.laguiadepamplona.com\/actualidad\/pamplona-se-une-al-acuerdo-tejiendo-redes-para-difundir-creaciones-de-jovenes-artistas-emergentes-y-fomentar-su-profesionalizacion\/","url":"https:\/\/www.laguiadepamplona.com\/actualidad\/pamplona-se-une-al-acuerdo-tejiendo-redes-para-difundir-creaciones-de-jovenes-artistas-emergentes-y-fomentar-su-profesionalizacion\/","name":"Pamplona se une al acuerdo Tejiendo Redes para difundir creaciones de j\u00f3venes artistas emergentes y fomentar su profesionalizaci\u00f3n","isPartOf":{"@id":"https:\/\/www.laguiadepamplona.com\/actualidad\/#website"},"primaryImageOfPage":{"@id":"https:\/\/www.laguiadepamplona.com\/actualidad\/pamplona-se-une-al-acuerdo-tejiendo-redes-para-difundir-creaciones-de-jovenes-artistas-emergentes-y-fomentar-su-profesionalizacion\/#primaryimage"},"image":{"@id":"https:\/\/www.laguiadepamplona.com\/actualidad\/pamplona-se-une-al-acuerdo-tejiendo-redes-para-difundir-creaciones-de-jovenes-artistas-emergentes-y-fomentar-su-profesionalizacion\/#primaryimage"},"thumbnailUrl":"https:\/\/www.laguiadepamplona.com\/actualidad\/wp-content\/uploads\/2023\/02\/acuerdo-tejiendo-redes-creaciones-jovenes.webp","datePublished":"2023-02-16T11:35:07+00:00","dateModified":"2023-04-11T09:47:11+00:00","breadcrumb":{"@id":"https:\/\/www.laguiadepamplona.com\/actualidad\/pamplona-se-une-al-acuerdo-tejiendo-redes-para-difundir-creaciones-de-jovenes-artistas-emergentes-y-fomentar-su-profesionalizacion\/#breadcrumb"},"inLanguage":"es","potentialAction":[{"@type":"ReadAction","target":["https:\/\/www.laguiadepamplona.com\/actualidad\/pamplona-se-une-al-acuerdo-tejiendo-redes-para-difundir-creaciones-de-jovenes-artistas-emergentes-y-fomentar-su-profesionalizacion\/"]}]},{"@type":"ImageObject","inLanguage":"es","@id":"https:\/\/www.laguiadepamplona.com\/actualidad\/pamplona-se-une-al-acuerdo-tejiendo-redes-para-difundir-creaciones-de-jovenes-artistas-emergentes-y-fomentar-su-profesionalizacion\/#primaryimage","url":"https:\/\/www.laguiadepamplona.com\/actualidad\/wp-content\/uploads\/2023\/02\/acuerdo-tejiendo-redes-creaciones-jovenes.webp","contentUrl":"https:\/\/www.laguiadepamplona.com\/actualidad\/wp-content\/uploads\/2023\/02\/acuerdo-tejiendo-redes-creaciones-jovenes.webp","width":1920,"height":1076},{"@type":"BreadcrumbList","@id":"https:\/\/www.laguiadepamplona.com\/actualidad\/pamplona-se-une-al-acuerdo-tejiendo-redes-para-difundir-creaciones-de-jovenes-artistas-emergentes-y-fomentar-su-profesionalizacion\/#breadcrumb","itemListElement":[{"@type":"ListItem","position":1,"name":"Portada","item":"https:\/\/www.laguiadepamplona.com\/actualidad\/"},{"@type":"ListItem","position":2,"name":"Pamplona se une al acuerdo Tejiendo Redes para difundir creaciones de j\u00f3venes artistas emergentes y fomentar su profesionalizaci\u00f3n"}]},{"@type":"WebSite","@id":"https:\/\/www.laguiadepamplona.com\/actualidad\/#website","url":"https:\/\/www.laguiadepamplona.com\/actualidad\/","name":"La gu\u00eda de Pamplona","description":"Noticias de Pamplona","publisher":{"@id":"https:\/\/www.laguiadepamplona.com\/actualidad\/#organization"},"potentialAction":[{"@type":"SearchAction","target":{"@type":"EntryPoint","urlTemplate":"https:\/\/www.laguiadepamplona.com\/actualidad\/?s={search_term_string}"},"query-input":{"@type":"PropertyValueSpecification","valueRequired":true,"valueName":"search_term_string"}}],"inLanguage":"es"},{"@type":"Organization","@id":"https:\/\/www.laguiadepamplona.com\/actualidad\/#organization","name":"La Gu\u00eda de Pamplona \/ Noticias","url":"https:\/\/www.laguiadepamplona.com\/actualidad\/","logo":{"@type":"ImageObject","inLanguage":"es","@id":"https:\/\/www.laguiadepamplona.com\/actualidad\/#\/schema\/logo\/image\/","url":"https:\/\/www.laguiadepamplona.com\/actualidad\/wp-content\/uploads\/2018\/11\/logo-laguiadepamplona18-web1.png","contentUrl":"https:\/\/www.laguiadepamplona.com\/actualidad\/wp-content\/uploads\/2018\/11\/logo-laguiadepamplona18-web1.png","width":600,"height":196,"caption":"La Gu\u00eda de Pamplona \/ Noticias"},"image":{"@id":"https:\/\/www.laguiadepamplona.com\/actualidad\/#\/schema\/logo\/image\/"},"sameAs":["https:\/\/www.facebook.com\/laguiadepamplonacom-133175176762273\/?ref=hl","https:\/\/x.com\/LaGuiadPamplona","https:\/\/www.instagram.com\/la_guia_de_pamplona\/","https:\/\/www.youtube.com\/user\/laguiadepamplona"]},{"@type":"Person","@id":"https:\/\/www.laguiadepamplona.com\/actualidad\/#\/schema\/person\/efe887376f0213d4657c93adc50b1fdb","name":"La Gu\u00eda de Pamplona","image":{"@type":"ImageObject","inLanguage":"es","@id":"https:\/\/secure.gravatar.com\/avatar\/b6992f131dc8d30ab0dff15446e9d346d9dbd95992de0fef795073f5ea83a81c?s=96&d=mm&r=g","url":"https:\/\/secure.gravatar.com\/avatar\/b6992f131dc8d30ab0dff15446e9d346d9dbd95992de0fef795073f5ea83a81c?s=96&d=mm&r=g","contentUrl":"https:\/\/secure.gravatar.com\/avatar\/b6992f131dc8d30ab0dff15446e9d346d9dbd95992de0fef795073f5ea83a81c?s=96&d=mm&r=g","caption":"La Gu\u00eda de Pamplona"}}]}},"post_mailing_queue_ids":[],"_links":{"self":[{"href":"https:\/\/www.laguiadepamplona.com\/actualidad\/wp-json\/wp\/v2\/posts\/42885","targetHints":{"allow":["GET"]}}],"collection":[{"href":"https:\/\/www.laguiadepamplona.com\/actualidad\/wp-json\/wp\/v2\/posts"}],"about":[{"href":"https:\/\/www.laguiadepamplona.com\/actualidad\/wp-json\/wp\/v2\/types\/post"}],"author":[{"embeddable":true,"href":"https:\/\/www.laguiadepamplona.com\/actualidad\/wp-json\/wp\/v2\/users\/1"}],"replies":[{"embeddable":true,"href":"https:\/\/www.laguiadepamplona.com\/actualidad\/wp-json\/wp\/v2\/comments?post=42885"}],"version-history":[{"count":0,"href":"https:\/\/www.laguiadepamplona.com\/actualidad\/wp-json\/wp\/v2\/posts\/42885\/revisions"}],"wp:featuredmedia":[{"embeddable":true,"href":"https:\/\/www.laguiadepamplona.com\/actualidad\/wp-json\/wp\/v2\/media\/42886"}],"wp:attachment":[{"href":"https:\/\/www.laguiadepamplona.com\/actualidad\/wp-json\/wp\/v2\/media?parent=42885"}],"wp:term":[{"taxonomy":"category","embeddable":true,"href":"https:\/\/www.laguiadepamplona.com\/actualidad\/wp-json\/wp\/v2\/categories?post=42885"},{"taxonomy":"post_tag","embeddable":true,"href":"https:\/\/www.laguiadepamplona.com\/actualidad\/wp-json\/wp\/v2\/tags?post=42885"}],"curies":[{"name":"wp","href":"https:\/\/api.w.org\/{rel}","templated":true}]}}