{"id":42877,"date":"2023-02-15T14:37:29","date_gmt":"2023-02-15T12:37:29","guid":{"rendered":"https:\/\/www.laguiadepamplona.com\/actualidad\/?p=42877"},"modified":"2023-04-11T11:47:12","modified_gmt":"2023-04-11T09:47:12","slug":"quince-jovenes-se-forman-en-la-tercera-edicion-del-curso-de-emprendimiento-musical-para-conocer-como-funciona-el-sector-como-se-edita-un-disco-o-como-se-organiza-una-gira","status":"publish","type":"post","link":"https:\/\/www.laguiadepamplona.com\/actualidad\/quince-jovenes-se-forman-en-la-tercera-edicion-del-curso-de-emprendimiento-musical-para-conocer-como-funciona-el-sector-como-se-edita-un-disco-o-como-se-organiza-una-gira\/","title":{"rendered":"Quince j\u00f3venes se forman en la tercera edici\u00f3n del Curso de Emprendimiento Musical para conocer c\u00f3mo funciona el sector, c\u00f3mo se edita un disco o c\u00f3mo se organiza una gira"},"content":{"rendered":"<h5>Hasta el 4 de abril, la Casa de la Juventud acoge las sesiones de un curso que est\u00e1 dirigido a j\u00f3venes entre 14 y 30 a\u00f1os<\/h5>\n<p><!--more--><\/p>\n<p>Diferentes estilos musicales en busca de formaci\u00f3n y preparaci\u00f3n para saber c\u00f3mo se mueve la industria y c\u00f3mo se puede salir adelante en el complicado mundo de la m\u00fasica. El Curso de Emprendimiento Musical que imparte la Casa de la Juventud en este primer trimestre del a\u00f1o trata de acercar a quince j\u00f3venes, miembros de grupos musicales o solistas, la realidad del proceso que conlleva la creaci\u00f3n de un disco, su difusi\u00f3n y promoci\u00f3n, sus conciertos y giras\u2026 Este curso se enmarca en la l\u00ednea de apoyo municipal a los grupos de m\u00fasica locales.<br \/>\n<script async src=\"\/\/pagead2.googlesyndication.com\/pagead\/js\/adsbygoogle.js\"><\/script><br \/>\n<!-- Noticias La Guia de Pamplona --><br \/>\n<ins class=\"adsbygoogle\"\nstyle=\"display:block\"\ndata-ad-client=\"ca-pub-6943679897239327\"\ndata-ad-slot=\"7048180777\"\ndata-ad-format=\"auto\"><\/ins><br \/>\n<script>\n(adsbygoogle = window.adsbygoogle || []).push({});\n<\/script><\/p>\n<p>La tercera edici\u00f3n de este curso consta de veinte horas de formaci\u00f3n repartidas en diez sesiones, que tienen lugar los martes por la tarde. El curso comenz\u00f3 el pasado 31 de enero y finalizar\u00e1 el 4 de abril. Una de las novedades de esta nueva edici\u00f3n ha sido el aumento de las plazas, que han pasado de 12 a 15. Hay participantes que pertenecen a la bolsa de grupos de la Casa de la Juventud y tambi\u00e9n personas que solicitan bonos de ensayo o beneficiarias de esa subvenci\u00f3n de bonos de ensayo.<\/p>\n<p>Las sesiones est\u00e1n impartidas por Ferm\u00edn Lorente Doria, agente de artistas para Primavera Labels (Primavera Sound), asistente de contrataci\u00f3n y comunicaci\u00f3n para Phonica Records (Londres), programador para el Ayuntamiento de Pamplona y director del sello discogr\u00e1fico y agencia de contrataci\u00f3n Farmway Records. En las dos ediciones anteriores del curso han participado grupos o solistas que ahora buscan hacerse un hueco en la m\u00fasica navarra como Andrea Santiago, Erel y Ku\u00f1i, Chill Mafia, Bendiak, Peio Lekumberri o M\u00b4arte, entre otros.<\/p>\n<p><script async src=\"\/\/pagead2.googlesyndication.com\/pagead\/js\/adsbygoogle.js\"><\/script><br \/>\n<!-- Noticias La Guia de Pamplona --><br \/>\n<ins class=\"adsbygoogle\"\nstyle=\"display:block\"\ndata-ad-client=\"ca-pub-6943679897239327\"\ndata-ad-slot=\"7048180777\"\ndata-ad-format=\"auto\"><\/ins><br \/>\n<script>\n(adsbygoogle = window.adsbygoogle || []).push({});\n<\/script><\/p>\n<p><strong>Desde la grabaci\u00f3n hasta la promoci\u00f3n y los conciertos<\/strong><\/p>\n<p>El curso ya ha comenzado con la idea de abordar el proceso completo desde la creaci\u00f3n de un \u00e1lbum hasta su distribuci\u00f3n. Se tratan aspectos como los recursos y espacios para realizar las grabaciones, los pros y contras de un estudio profesional o un \u2018home studio\u2019, las opciones que existen a la hora de editar discos, la decisi\u00f3n de los formatos f\u00edsicos o digitales, las tendencias y estrategia de la industria a la hora de sacar nuevos materiales o algo, que parece tan sencillo, pero es muy importante, como la tracklist u orden de temas de un disco o un concierto.<\/p>\n<p>Una vez que ya se tiene disco, hay que pasar a la promoci\u00f3n de la banda y del trabajo realizado. Durante el curso se hablar\u00e1 sobre las campa\u00f1as de promoci\u00f3n, el enganche de audiencias, las redes sociales\u2026 Hay que tratar de controlar todo para poder difundir el material que se tenga a trav\u00e9s de los canales m\u00e1s adecuados. Llegar\u00e1 el momento tambi\u00e9n preparar un concierto o una gira. Entonces ser\u00e1 el turno de buscar los recursos necesarios, desde contactos, informaci\u00f3n, salas o festivales, a material t\u00e9cnico, contratos, altas en la Seguridad Social para el personal\u2026<br \/>\n<script async src=\"\/\/pagead2.googlesyndication.com\/pagead\/js\/adsbygoogle.js\"><\/script><br \/>\n<!-- Noticias La Guia de Pamplona --><br \/>\n<ins class=\"adsbygoogle\"\nstyle=\"display:block\"\ndata-ad-client=\"ca-pub-6943679897239327\"\ndata-ad-slot=\"7048180777\"\ndata-ad-format=\"auto\"><\/ins><br \/>\n<script>\n(adsbygoogle = window.adsbygoogle || []).push({});\n<\/script><\/p>\n<p>Para poder moverse en el mundo de la m\u00fasica hay que conocer a los actores de la industria, artistas, salas, festivales, instituciones, discogr\u00e1ficas, agencias de contrataci\u00f3n&#8230; y tambi\u00e9n sus funciones. No es f\u00e1cil despuntar, pero es necesario tener una identidad, un factor diferencial que sirva para que un programador se fije en el grupo o solista. Aparecer\u00e1n conceptos como la relaci\u00f3n con un sello discogr\u00e1fico, los royalties, el management\u2026 Se realizar\u00e1 un plan de desarrollo de la cada grupo o artista, con objetivos a corto y largo plazo, analizando su viabilidad.<\/p>\n<p>El curso analizar\u00e1 otros aspectos como las ayudas p\u00fablicas o subvenciones para artistas, las ayudas a la edici\u00f3n de discos, a su difusi\u00f3n, a las giras\u2026 No faltar\u00e1n tampoco los ejemplos pr\u00e1cticos o la perspectiva hist\u00f3rica de \u00e9xitos y fracasos en la trayectoria de algunas bandas o de diferentes estilos musicales.<\/p>\n","protected":false},"excerpt":{"rendered":"<p>Hasta el 4 de abril, la Casa de la Juventud acoge las sesiones de un curso que est\u00e1 dirigido a j\u00f3venes entre 14 y 30 a\u00f1os<\/p>\n","protected":false},"author":1,"featured_media":40922,"comment_status":"open","ping_status":"closed","sticky":false,"template":"","format":"standard","meta":{"footnotes":""},"categories":[2],"tags":[],"class_list":["post-42877","post","type-post","status-publish","format-standard","has-post-thumbnail","hentry","category-ayuntamiento-pamplona"],"yoast_head":"<!-- This site is optimized with the Yoast SEO plugin v27.3 - https:\/\/yoast.com\/product\/yoast-seo-wordpress\/ -->\n<title>Quince j\u00f3venes se forman en la tercera edici\u00f3n del Curso de Emprendimiento Musical para conocer c\u00f3mo funciona el sector, c\u00f3mo se edita un disco o c\u00f3mo se organiza una gira<\/title>\n<meta name=\"description\" content=\"Hasta el 4 de abril, la Casa de la Juventud acoge las sesiones de un curso que est\u00e1 dirigido a j\u00f3venes entre 14 y 30 a\u00f1os\" \/>\n<meta name=\"robots\" content=\"index, follow, max-snippet:-1, max-image-preview:large, max-video-preview:-1\" \/>\n<link rel=\"canonical\" href=\"https:\/\/www.laguiadepamplona.com\/actualidad\/quince-jovenes-se-forman-en-la-tercera-edicion-del-curso-de-emprendimiento-musical-para-conocer-como-funciona-el-sector-como-se-edita-un-disco-o-como-se-organiza-una-gira\/\" \/>\n<meta property=\"og:locale\" content=\"es_ES\" \/>\n<meta property=\"og:type\" content=\"article\" \/>\n<meta property=\"og:title\" content=\"Quince j\u00f3venes se forman en la tercera edici\u00f3n del Curso de Emprendimiento Musical para conocer c\u00f3mo funciona el sector, c\u00f3mo se edita un disco o c\u00f3mo se organiza una gira\" \/>\n<meta property=\"og:description\" content=\"Hasta el 4 de abril, la Casa de la Juventud acoge las sesiones de un curso que est\u00e1 dirigido a j\u00f3venes entre 14 y 30 a\u00f1os\" \/>\n<meta property=\"og:url\" content=\"https:\/\/www.laguiadepamplona.com\/actualidad\/quince-jovenes-se-forman-en-la-tercera-edicion-del-curso-de-emprendimiento-musical-para-conocer-como-funciona-el-sector-como-se-edita-un-disco-o-como-se-organiza-una-gira\/\" \/>\n<meta property=\"og:site_name\" content=\"La Gu\u00eda de Pamplona\" \/>\n<meta property=\"article:publisher\" content=\"https:\/\/www.facebook.com\/laguiadepamplonacom-133175176762273\/?ref=hl\" \/>\n<meta property=\"article:published_time\" content=\"2023-02-15T12:37:29+00:00\" \/>\n<meta property=\"article:modified_time\" content=\"2023-04-11T09:47:12+00:00\" \/>\n<meta property=\"og:image\" content=\"https:\/\/www.laguiadepamplona.com\/actualidad\/wp-content\/uploads\/2022\/06\/musica_concierto_guitarra-electrica_0.webp\" \/>\n\t<meta property=\"og:image:width\" content=\"1920\" \/>\n\t<meta property=\"og:image:height\" content=\"1280\" \/>\n\t<meta property=\"og:image:type\" content=\"image\/webp\" \/>\n<meta name=\"author\" content=\"La Gu\u00eda de Pamplona\" \/>\n<meta name=\"twitter:card\" content=\"summary_large_image\" \/>\n<meta name=\"twitter:creator\" content=\"@LaGuiadPamplona\" \/>\n<meta name=\"twitter:site\" content=\"@LaGuiadPamplona\" \/>\n<meta name=\"twitter:label1\" content=\"Escrito por\" \/>\n\t<meta name=\"twitter:data1\" content=\"La Gu\u00eda de Pamplona\" \/>\n\t<meta name=\"twitter:label2\" content=\"Tiempo de lectura\" \/>\n\t<meta name=\"twitter:data2\" content=\"3 minutos\" \/>\n<script type=\"application\/ld+json\" class=\"yoast-schema-graph\">{\"@context\":\"https:\\\/\\\/schema.org\",\"@graph\":[{\"@type\":\"Article\",\"@id\":\"https:\\\/\\\/www.laguiadepamplona.com\\\/actualidad\\\/quince-jovenes-se-forman-en-la-tercera-edicion-del-curso-de-emprendimiento-musical-para-conocer-como-funciona-el-sector-como-se-edita-un-disco-o-como-se-organiza-una-gira\\\/#article\",\"isPartOf\":{\"@id\":\"https:\\\/\\\/www.laguiadepamplona.com\\\/actualidad\\\/quince-jovenes-se-forman-en-la-tercera-edicion-del-curso-de-emprendimiento-musical-para-conocer-como-funciona-el-sector-como-se-edita-un-disco-o-como-se-organiza-una-gira\\\/\"},\"author\":{\"name\":\"La Gu\u00eda de Pamplona\",\"@id\":\"https:\\\/\\\/www.laguiadepamplona.com\\\/actualidad\\\/#\\\/schema\\\/person\\\/efe887376f0213d4657c93adc50b1fdb\"},\"headline\":\"Quince j\u00f3venes se forman en la tercera edici\u00f3n del Curso de Emprendimiento Musical para conocer c\u00f3mo funciona el sector, c\u00f3mo se edita un disco o c\u00f3mo se organiza una gira\",\"datePublished\":\"2023-02-15T12:37:29+00:00\",\"dateModified\":\"2023-04-11T09:47:12+00:00\",\"mainEntityOfPage\":{\"@id\":\"https:\\\/\\\/www.laguiadepamplona.com\\\/actualidad\\\/quince-jovenes-se-forman-en-la-tercera-edicion-del-curso-de-emprendimiento-musical-para-conocer-como-funciona-el-sector-como-se-edita-un-disco-o-como-se-organiza-una-gira\\\/\"},\"wordCount\":722,\"commentCount\":0,\"publisher\":{\"@id\":\"https:\\\/\\\/www.laguiadepamplona.com\\\/actualidad\\\/#organization\"},\"image\":{\"@id\":\"https:\\\/\\\/www.laguiadepamplona.com\\\/actualidad\\\/quince-jovenes-se-forman-en-la-tercera-edicion-del-curso-de-emprendimiento-musical-para-conocer-como-funciona-el-sector-como-se-edita-un-disco-o-como-se-organiza-una-gira\\\/#primaryimage\"},\"thumbnailUrl\":\"https:\\\/\\\/www.laguiadepamplona.com\\\/actualidad\\\/wp-content\\\/uploads\\\/2022\\\/06\\\/musica_concierto_guitarra-electrica_0.webp\",\"articleSection\":[\"Ayto Pamplona\"],\"inLanguage\":\"es\",\"potentialAction\":[{\"@type\":\"CommentAction\",\"name\":\"Comment\",\"target\":[\"https:\\\/\\\/www.laguiadepamplona.com\\\/actualidad\\\/quince-jovenes-se-forman-en-la-tercera-edicion-del-curso-de-emprendimiento-musical-para-conocer-como-funciona-el-sector-como-se-edita-un-disco-o-como-se-organiza-una-gira\\\/#respond\"]}]},{\"@type\":\"WebPage\",\"@id\":\"https:\\\/\\\/www.laguiadepamplona.com\\\/actualidad\\\/quince-jovenes-se-forman-en-la-tercera-edicion-del-curso-de-emprendimiento-musical-para-conocer-como-funciona-el-sector-como-se-edita-un-disco-o-como-se-organiza-una-gira\\\/\",\"url\":\"https:\\\/\\\/www.laguiadepamplona.com\\\/actualidad\\\/quince-jovenes-se-forman-en-la-tercera-edicion-del-curso-de-emprendimiento-musical-para-conocer-como-funciona-el-sector-como-se-edita-un-disco-o-como-se-organiza-una-gira\\\/\",\"name\":\"Quince j\u00f3venes se forman en la tercera edici\u00f3n del Curso de Emprendimiento Musical para conocer c\u00f3mo funciona el sector, c\u00f3mo se edita un disco o c\u00f3mo se organiza una gira\",\"isPartOf\":{\"@id\":\"https:\\\/\\\/www.laguiadepamplona.com\\\/actualidad\\\/#website\"},\"primaryImageOfPage\":{\"@id\":\"https:\\\/\\\/www.laguiadepamplona.com\\\/actualidad\\\/quince-jovenes-se-forman-en-la-tercera-edicion-del-curso-de-emprendimiento-musical-para-conocer-como-funciona-el-sector-como-se-edita-un-disco-o-como-se-organiza-una-gira\\\/#primaryimage\"},\"image\":{\"@id\":\"https:\\\/\\\/www.laguiadepamplona.com\\\/actualidad\\\/quince-jovenes-se-forman-en-la-tercera-edicion-del-curso-de-emprendimiento-musical-para-conocer-como-funciona-el-sector-como-se-edita-un-disco-o-como-se-organiza-una-gira\\\/#primaryimage\"},\"thumbnailUrl\":\"https:\\\/\\\/www.laguiadepamplona.com\\\/actualidad\\\/wp-content\\\/uploads\\\/2022\\\/06\\\/musica_concierto_guitarra-electrica_0.webp\",\"datePublished\":\"2023-02-15T12:37:29+00:00\",\"dateModified\":\"2023-04-11T09:47:12+00:00\",\"description\":\"Hasta el 4 de abril, la Casa de la Juventud acoge las sesiones de un curso que est\u00e1 dirigido a j\u00f3venes entre 14 y 30 a\u00f1os\",\"breadcrumb\":{\"@id\":\"https:\\\/\\\/www.laguiadepamplona.com\\\/actualidad\\\/quince-jovenes-se-forman-en-la-tercera-edicion-del-curso-de-emprendimiento-musical-para-conocer-como-funciona-el-sector-como-se-edita-un-disco-o-como-se-organiza-una-gira\\\/#breadcrumb\"},\"inLanguage\":\"es\",\"potentialAction\":[{\"@type\":\"ReadAction\",\"target\":[\"https:\\\/\\\/www.laguiadepamplona.com\\\/actualidad\\\/quince-jovenes-se-forman-en-la-tercera-edicion-del-curso-de-emprendimiento-musical-para-conocer-como-funciona-el-sector-como-se-edita-un-disco-o-como-se-organiza-una-gira\\\/\"]}]},{\"@type\":\"ImageObject\",\"inLanguage\":\"es\",\"@id\":\"https:\\\/\\\/www.laguiadepamplona.com\\\/actualidad\\\/quince-jovenes-se-forman-en-la-tercera-edicion-del-curso-de-emprendimiento-musical-para-conocer-como-funciona-el-sector-como-se-edita-un-disco-o-como-se-organiza-una-gira\\\/#primaryimage\",\"url\":\"https:\\\/\\\/www.laguiadepamplona.com\\\/actualidad\\\/wp-content\\\/uploads\\\/2022\\\/06\\\/musica_concierto_guitarra-electrica_0.webp\",\"contentUrl\":\"https:\\\/\\\/www.laguiadepamplona.com\\\/actualidad\\\/wp-content\\\/uploads\\\/2022\\\/06\\\/musica_concierto_guitarra-electrica_0.webp\",\"width\":1920,\"height\":1280,\"caption\":\"m\u00fasica grupos\"},{\"@type\":\"BreadcrumbList\",\"@id\":\"https:\\\/\\\/www.laguiadepamplona.com\\\/actualidad\\\/quince-jovenes-se-forman-en-la-tercera-edicion-del-curso-de-emprendimiento-musical-para-conocer-como-funciona-el-sector-como-se-edita-un-disco-o-como-se-organiza-una-gira\\\/#breadcrumb\",\"itemListElement\":[{\"@type\":\"ListItem\",\"position\":1,\"name\":\"Portada\",\"item\":\"https:\\\/\\\/www.laguiadepamplona.com\\\/actualidad\\\/\"},{\"@type\":\"ListItem\",\"position\":2,\"name\":\"Quince j\u00f3venes se forman en la tercera edici\u00f3n del Curso de Emprendimiento Musical para conocer c\u00f3mo funciona el sector, c\u00f3mo se edita un disco o c\u00f3mo se organiza una gira\"}]},{\"@type\":\"WebSite\",\"@id\":\"https:\\\/\\\/www.laguiadepamplona.com\\\/actualidad\\\/#website\",\"url\":\"https:\\\/\\\/www.laguiadepamplona.com\\\/actualidad\\\/\",\"name\":\"La gu\u00eda de Pamplona\",\"description\":\"Noticias de Pamplona\",\"publisher\":{\"@id\":\"https:\\\/\\\/www.laguiadepamplona.com\\\/actualidad\\\/#organization\"},\"potentialAction\":[{\"@type\":\"SearchAction\",\"target\":{\"@type\":\"EntryPoint\",\"urlTemplate\":\"https:\\\/\\\/www.laguiadepamplona.com\\\/actualidad\\\/?s={search_term_string}\"},\"query-input\":{\"@type\":\"PropertyValueSpecification\",\"valueRequired\":true,\"valueName\":\"search_term_string\"}}],\"inLanguage\":\"es\"},{\"@type\":\"Organization\",\"@id\":\"https:\\\/\\\/www.laguiadepamplona.com\\\/actualidad\\\/#organization\",\"name\":\"La Gu\u00eda de Pamplona \\\/ Noticias\",\"url\":\"https:\\\/\\\/www.laguiadepamplona.com\\\/actualidad\\\/\",\"logo\":{\"@type\":\"ImageObject\",\"inLanguage\":\"es\",\"@id\":\"https:\\\/\\\/www.laguiadepamplona.com\\\/actualidad\\\/#\\\/schema\\\/logo\\\/image\\\/\",\"url\":\"https:\\\/\\\/www.laguiadepamplona.com\\\/actualidad\\\/wp-content\\\/uploads\\\/2018\\\/11\\\/logo-laguiadepamplona18-web1.png\",\"contentUrl\":\"https:\\\/\\\/www.laguiadepamplona.com\\\/actualidad\\\/wp-content\\\/uploads\\\/2018\\\/11\\\/logo-laguiadepamplona18-web1.png\",\"width\":600,\"height\":196,\"caption\":\"La Gu\u00eda de Pamplona \\\/ Noticias\"},\"image\":{\"@id\":\"https:\\\/\\\/www.laguiadepamplona.com\\\/actualidad\\\/#\\\/schema\\\/logo\\\/image\\\/\"},\"sameAs\":[\"https:\\\/\\\/www.facebook.com\\\/laguiadepamplonacom-133175176762273\\\/?ref=hl\",\"https:\\\/\\\/x.com\\\/LaGuiadPamplona\",\"https:\\\/\\\/www.instagram.com\\\/la_guia_de_pamplona\\\/\",\"https:\\\/\\\/www.youtube.com\\\/user\\\/laguiadepamplona\"]},{\"@type\":\"Person\",\"@id\":\"https:\\\/\\\/www.laguiadepamplona.com\\\/actualidad\\\/#\\\/schema\\\/person\\\/efe887376f0213d4657c93adc50b1fdb\",\"name\":\"La Gu\u00eda de Pamplona\",\"image\":{\"@type\":\"ImageObject\",\"inLanguage\":\"es\",\"@id\":\"https:\\\/\\\/secure.gravatar.com\\\/avatar\\\/b6992f131dc8d30ab0dff15446e9d346d9dbd95992de0fef795073f5ea83a81c?s=96&d=mm&r=g\",\"url\":\"https:\\\/\\\/secure.gravatar.com\\\/avatar\\\/b6992f131dc8d30ab0dff15446e9d346d9dbd95992de0fef795073f5ea83a81c?s=96&d=mm&r=g\",\"contentUrl\":\"https:\\\/\\\/secure.gravatar.com\\\/avatar\\\/b6992f131dc8d30ab0dff15446e9d346d9dbd95992de0fef795073f5ea83a81c?s=96&d=mm&r=g\",\"caption\":\"La Gu\u00eda de Pamplona\"}}]}<\/script>\n<!-- \/ Yoast SEO plugin. -->","yoast_head_json":{"title":"Quince j\u00f3venes se forman en la tercera edici\u00f3n del Curso de Emprendimiento Musical para conocer c\u00f3mo funciona el sector, c\u00f3mo se edita un disco o c\u00f3mo se organiza una gira","description":"Hasta el 4 de abril, la Casa de la Juventud acoge las sesiones de un curso que est\u00e1 dirigido a j\u00f3venes entre 14 y 30 a\u00f1os","robots":{"index":"index","follow":"follow","max-snippet":"max-snippet:-1","max-image-preview":"max-image-preview:large","max-video-preview":"max-video-preview:-1"},"canonical":"https:\/\/www.laguiadepamplona.com\/actualidad\/quince-jovenes-se-forman-en-la-tercera-edicion-del-curso-de-emprendimiento-musical-para-conocer-como-funciona-el-sector-como-se-edita-un-disco-o-como-se-organiza-una-gira\/","og_locale":"es_ES","og_type":"article","og_title":"Quince j\u00f3venes se forman en la tercera edici\u00f3n del Curso de Emprendimiento Musical para conocer c\u00f3mo funciona el sector, c\u00f3mo se edita un disco o c\u00f3mo se organiza una gira","og_description":"Hasta el 4 de abril, la Casa de la Juventud acoge las sesiones de un curso que est\u00e1 dirigido a j\u00f3venes entre 14 y 30 a\u00f1os","og_url":"https:\/\/www.laguiadepamplona.com\/actualidad\/quince-jovenes-se-forman-en-la-tercera-edicion-del-curso-de-emprendimiento-musical-para-conocer-como-funciona-el-sector-como-se-edita-un-disco-o-como-se-organiza-una-gira\/","og_site_name":"La Gu\u00eda de Pamplona","article_publisher":"https:\/\/www.facebook.com\/laguiadepamplonacom-133175176762273\/?ref=hl","article_published_time":"2023-02-15T12:37:29+00:00","article_modified_time":"2023-04-11T09:47:12+00:00","og_image":[{"width":1920,"height":1280,"url":"https:\/\/www.laguiadepamplona.com\/actualidad\/wp-content\/uploads\/2022\/06\/musica_concierto_guitarra-electrica_0.webp","type":"image\/webp"}],"author":"La Gu\u00eda de Pamplona","twitter_card":"summary_large_image","twitter_creator":"@LaGuiadPamplona","twitter_site":"@LaGuiadPamplona","twitter_misc":{"Escrito por":"La Gu\u00eda de Pamplona","Tiempo de lectura":"3 minutos"},"schema":{"@context":"https:\/\/schema.org","@graph":[{"@type":"Article","@id":"https:\/\/www.laguiadepamplona.com\/actualidad\/quince-jovenes-se-forman-en-la-tercera-edicion-del-curso-de-emprendimiento-musical-para-conocer-como-funciona-el-sector-como-se-edita-un-disco-o-como-se-organiza-una-gira\/#article","isPartOf":{"@id":"https:\/\/www.laguiadepamplona.com\/actualidad\/quince-jovenes-se-forman-en-la-tercera-edicion-del-curso-de-emprendimiento-musical-para-conocer-como-funciona-el-sector-como-se-edita-un-disco-o-como-se-organiza-una-gira\/"},"author":{"name":"La Gu\u00eda de Pamplona","@id":"https:\/\/www.laguiadepamplona.com\/actualidad\/#\/schema\/person\/efe887376f0213d4657c93adc50b1fdb"},"headline":"Quince j\u00f3venes se forman en la tercera edici\u00f3n del Curso de Emprendimiento Musical para conocer c\u00f3mo funciona el sector, c\u00f3mo se edita un disco o c\u00f3mo se organiza una gira","datePublished":"2023-02-15T12:37:29+00:00","dateModified":"2023-04-11T09:47:12+00:00","mainEntityOfPage":{"@id":"https:\/\/www.laguiadepamplona.com\/actualidad\/quince-jovenes-se-forman-en-la-tercera-edicion-del-curso-de-emprendimiento-musical-para-conocer-como-funciona-el-sector-como-se-edita-un-disco-o-como-se-organiza-una-gira\/"},"wordCount":722,"commentCount":0,"publisher":{"@id":"https:\/\/www.laguiadepamplona.com\/actualidad\/#organization"},"image":{"@id":"https:\/\/www.laguiadepamplona.com\/actualidad\/quince-jovenes-se-forman-en-la-tercera-edicion-del-curso-de-emprendimiento-musical-para-conocer-como-funciona-el-sector-como-se-edita-un-disco-o-como-se-organiza-una-gira\/#primaryimage"},"thumbnailUrl":"https:\/\/www.laguiadepamplona.com\/actualidad\/wp-content\/uploads\/2022\/06\/musica_concierto_guitarra-electrica_0.webp","articleSection":["Ayto Pamplona"],"inLanguage":"es","potentialAction":[{"@type":"CommentAction","name":"Comment","target":["https:\/\/www.laguiadepamplona.com\/actualidad\/quince-jovenes-se-forman-en-la-tercera-edicion-del-curso-de-emprendimiento-musical-para-conocer-como-funciona-el-sector-como-se-edita-un-disco-o-como-se-organiza-una-gira\/#respond"]}]},{"@type":"WebPage","@id":"https:\/\/www.laguiadepamplona.com\/actualidad\/quince-jovenes-se-forman-en-la-tercera-edicion-del-curso-de-emprendimiento-musical-para-conocer-como-funciona-el-sector-como-se-edita-un-disco-o-como-se-organiza-una-gira\/","url":"https:\/\/www.laguiadepamplona.com\/actualidad\/quince-jovenes-se-forman-en-la-tercera-edicion-del-curso-de-emprendimiento-musical-para-conocer-como-funciona-el-sector-como-se-edita-un-disco-o-como-se-organiza-una-gira\/","name":"Quince j\u00f3venes se forman en la tercera edici\u00f3n del Curso de Emprendimiento Musical para conocer c\u00f3mo funciona el sector, c\u00f3mo se edita un disco o c\u00f3mo se organiza una gira","isPartOf":{"@id":"https:\/\/www.laguiadepamplona.com\/actualidad\/#website"},"primaryImageOfPage":{"@id":"https:\/\/www.laguiadepamplona.com\/actualidad\/quince-jovenes-se-forman-en-la-tercera-edicion-del-curso-de-emprendimiento-musical-para-conocer-como-funciona-el-sector-como-se-edita-un-disco-o-como-se-organiza-una-gira\/#primaryimage"},"image":{"@id":"https:\/\/www.laguiadepamplona.com\/actualidad\/quince-jovenes-se-forman-en-la-tercera-edicion-del-curso-de-emprendimiento-musical-para-conocer-como-funciona-el-sector-como-se-edita-un-disco-o-como-se-organiza-una-gira\/#primaryimage"},"thumbnailUrl":"https:\/\/www.laguiadepamplona.com\/actualidad\/wp-content\/uploads\/2022\/06\/musica_concierto_guitarra-electrica_0.webp","datePublished":"2023-02-15T12:37:29+00:00","dateModified":"2023-04-11T09:47:12+00:00","description":"Hasta el 4 de abril, la Casa de la Juventud acoge las sesiones de un curso que est\u00e1 dirigido a j\u00f3venes entre 14 y 30 a\u00f1os","breadcrumb":{"@id":"https:\/\/www.laguiadepamplona.com\/actualidad\/quince-jovenes-se-forman-en-la-tercera-edicion-del-curso-de-emprendimiento-musical-para-conocer-como-funciona-el-sector-como-se-edita-un-disco-o-como-se-organiza-una-gira\/#breadcrumb"},"inLanguage":"es","potentialAction":[{"@type":"ReadAction","target":["https:\/\/www.laguiadepamplona.com\/actualidad\/quince-jovenes-se-forman-en-la-tercera-edicion-del-curso-de-emprendimiento-musical-para-conocer-como-funciona-el-sector-como-se-edita-un-disco-o-como-se-organiza-una-gira\/"]}]},{"@type":"ImageObject","inLanguage":"es","@id":"https:\/\/www.laguiadepamplona.com\/actualidad\/quince-jovenes-se-forman-en-la-tercera-edicion-del-curso-de-emprendimiento-musical-para-conocer-como-funciona-el-sector-como-se-edita-un-disco-o-como-se-organiza-una-gira\/#primaryimage","url":"https:\/\/www.laguiadepamplona.com\/actualidad\/wp-content\/uploads\/2022\/06\/musica_concierto_guitarra-electrica_0.webp","contentUrl":"https:\/\/www.laguiadepamplona.com\/actualidad\/wp-content\/uploads\/2022\/06\/musica_concierto_guitarra-electrica_0.webp","width":1920,"height":1280,"caption":"m\u00fasica grupos"},{"@type":"BreadcrumbList","@id":"https:\/\/www.laguiadepamplona.com\/actualidad\/quince-jovenes-se-forman-en-la-tercera-edicion-del-curso-de-emprendimiento-musical-para-conocer-como-funciona-el-sector-como-se-edita-un-disco-o-como-se-organiza-una-gira\/#breadcrumb","itemListElement":[{"@type":"ListItem","position":1,"name":"Portada","item":"https:\/\/www.laguiadepamplona.com\/actualidad\/"},{"@type":"ListItem","position":2,"name":"Quince j\u00f3venes se forman en la tercera edici\u00f3n del Curso de Emprendimiento Musical para conocer c\u00f3mo funciona el sector, c\u00f3mo se edita un disco o c\u00f3mo se organiza una gira"}]},{"@type":"WebSite","@id":"https:\/\/www.laguiadepamplona.com\/actualidad\/#website","url":"https:\/\/www.laguiadepamplona.com\/actualidad\/","name":"La gu\u00eda de Pamplona","description":"Noticias de Pamplona","publisher":{"@id":"https:\/\/www.laguiadepamplona.com\/actualidad\/#organization"},"potentialAction":[{"@type":"SearchAction","target":{"@type":"EntryPoint","urlTemplate":"https:\/\/www.laguiadepamplona.com\/actualidad\/?s={search_term_string}"},"query-input":{"@type":"PropertyValueSpecification","valueRequired":true,"valueName":"search_term_string"}}],"inLanguage":"es"},{"@type":"Organization","@id":"https:\/\/www.laguiadepamplona.com\/actualidad\/#organization","name":"La Gu\u00eda de Pamplona \/ Noticias","url":"https:\/\/www.laguiadepamplona.com\/actualidad\/","logo":{"@type":"ImageObject","inLanguage":"es","@id":"https:\/\/www.laguiadepamplona.com\/actualidad\/#\/schema\/logo\/image\/","url":"https:\/\/www.laguiadepamplona.com\/actualidad\/wp-content\/uploads\/2018\/11\/logo-laguiadepamplona18-web1.png","contentUrl":"https:\/\/www.laguiadepamplona.com\/actualidad\/wp-content\/uploads\/2018\/11\/logo-laguiadepamplona18-web1.png","width":600,"height":196,"caption":"La Gu\u00eda de Pamplona \/ Noticias"},"image":{"@id":"https:\/\/www.laguiadepamplona.com\/actualidad\/#\/schema\/logo\/image\/"},"sameAs":["https:\/\/www.facebook.com\/laguiadepamplonacom-133175176762273\/?ref=hl","https:\/\/x.com\/LaGuiadPamplona","https:\/\/www.instagram.com\/la_guia_de_pamplona\/","https:\/\/www.youtube.com\/user\/laguiadepamplona"]},{"@type":"Person","@id":"https:\/\/www.laguiadepamplona.com\/actualidad\/#\/schema\/person\/efe887376f0213d4657c93adc50b1fdb","name":"La Gu\u00eda de Pamplona","image":{"@type":"ImageObject","inLanguage":"es","@id":"https:\/\/secure.gravatar.com\/avatar\/b6992f131dc8d30ab0dff15446e9d346d9dbd95992de0fef795073f5ea83a81c?s=96&d=mm&r=g","url":"https:\/\/secure.gravatar.com\/avatar\/b6992f131dc8d30ab0dff15446e9d346d9dbd95992de0fef795073f5ea83a81c?s=96&d=mm&r=g","contentUrl":"https:\/\/secure.gravatar.com\/avatar\/b6992f131dc8d30ab0dff15446e9d346d9dbd95992de0fef795073f5ea83a81c?s=96&d=mm&r=g","caption":"La Gu\u00eda de Pamplona"}}]}},"post_mailing_queue_ids":[],"_links":{"self":[{"href":"https:\/\/www.laguiadepamplona.com\/actualidad\/wp-json\/wp\/v2\/posts\/42877","targetHints":{"allow":["GET"]}}],"collection":[{"href":"https:\/\/www.laguiadepamplona.com\/actualidad\/wp-json\/wp\/v2\/posts"}],"about":[{"href":"https:\/\/www.laguiadepamplona.com\/actualidad\/wp-json\/wp\/v2\/types\/post"}],"author":[{"embeddable":true,"href":"https:\/\/www.laguiadepamplona.com\/actualidad\/wp-json\/wp\/v2\/users\/1"}],"replies":[{"embeddable":true,"href":"https:\/\/www.laguiadepamplona.com\/actualidad\/wp-json\/wp\/v2\/comments?post=42877"}],"version-history":[{"count":0,"href":"https:\/\/www.laguiadepamplona.com\/actualidad\/wp-json\/wp\/v2\/posts\/42877\/revisions"}],"wp:featuredmedia":[{"embeddable":true,"href":"https:\/\/www.laguiadepamplona.com\/actualidad\/wp-json\/wp\/v2\/media\/40922"}],"wp:attachment":[{"href":"https:\/\/www.laguiadepamplona.com\/actualidad\/wp-json\/wp\/v2\/media?parent=42877"}],"wp:term":[{"taxonomy":"category","embeddable":true,"href":"https:\/\/www.laguiadepamplona.com\/actualidad\/wp-json\/wp\/v2\/categories?post=42877"},{"taxonomy":"post_tag","embeddable":true,"href":"https:\/\/www.laguiadepamplona.com\/actualidad\/wp-json\/wp\/v2\/tags?post=42877"}],"curies":[{"name":"wp","href":"https:\/\/api.w.org\/{rel}","templated":true}]}}