{"id":42871,"date":"2023-02-14T18:38:49","date_gmt":"2023-02-14T16:38:49","guid":{"rendered":"https:\/\/www.laguiadepamplona.com\/actualidad\/?p=42871"},"modified":"2023-04-11T11:47:12","modified_gmt":"2023-04-11T09:47:12","slug":"el-alcalde-de-pamplona-participa-este-miercoles-en-almussafes-valencia-en-el-i-encuentro-nacional-de-municipios-del-sector-automocion-y-componentes","status":"publish","type":"post","link":"https:\/\/www.laguiadepamplona.com\/actualidad\/el-alcalde-de-pamplona-participa-este-miercoles-en-almussafes-valencia-en-el-i-encuentro-nacional-de-municipios-del-sector-automocion-y-componentes\/","title":{"rendered":"El alcalde de Pamplona participa este mi\u00e9rcoles en Almussafes (Valencia) en el I Encuentro Nacional de Municipios del Sector Automoci\u00f3n y Componentes"},"content":{"rendered":"<h5>Enrique Maya participar\u00e1 en una mesa redonda con los alcaldes de Martorell, Martos y Almussafes, sedes de diferentes empresas de automoci\u00f3n<\/h5>\n<p><!--more--><\/p>\n<p>Pamplona es uno de los centros referentes de la automoci\u00f3n en Espa\u00f1a. La presencia de Volkswagen y sus empresas proveedoras ha generado un importante tejido industrial, con gran repercusi\u00f3n en el mercado laboral y en la econom\u00eda foral. Por ello, el alcalde de Pamplona, Enrique Maya, participar\u00e1 este mi\u00e9rcoles en Almussafes (Valencia) en el I Encuentro Nacional de Municipios del Sector Automoci\u00f3n y Componentes.<br \/>\n<script async src=\"\/\/pagead2.googlesyndication.com\/pagead\/js\/adsbygoogle.js\"><\/script><br \/>\n<!-- Noticias La Guia de Pamplona --><br \/>\n<ins class=\"adsbygoogle\"\nstyle=\"display:block\"\ndata-ad-client=\"ca-pub-6943679897239327\"\ndata-ad-slot=\"7048180777\"\ndata-ad-format=\"auto\"><\/ins><br \/>\n<script>\n(adsbygoogle = window.adsbygoogle || []).push({});\n<\/script><\/p>\n<p>La jornada se desarrollar\u00e1 a lo largo de ma\u00f1ana mi\u00e9rcoles, con diferentes mesas redondas y grupos de trabajo en los que se abordar\u00e1n cuestiones como la electrificaci\u00f3n, los fondos Next Generation EU o las perspectivas de futuro del sector de los componentes. A las 12 horas, tendr\u00e1 lugar una mesa redonda con alcaldes de municipios en los que se ubican empresas de automoci\u00f3n o componentes. Enrique Maya compartir\u00e1 sesi\u00f3n con el alcalde de Almussafes, sede de la f\u00e1brica Ford, Toni Gonz\u00e1lez; con el alcalde de Martorell, sede de Seat, Xabier Fonollosa; y con el alcalde de Martos (Ja\u00e9n), sede de la empresa Valeo, de sistemas de iluminaci\u00f3n para diversas marcas automovil\u00edsticas, Emilio Torres.<\/p>\n<p>Los grandes cambios por los que atraviesa el sector de la automoci\u00f3n, que representa el 9% del empleo nacional, conllevan importantes retos para aquellos municipios en los que este desempe\u00f1a un peso espec\u00edfico, bien por ser ubicaci\u00f3n de grandes f\u00e1bricas de automoci\u00f3n, bien por acoger algunos de los principales ecosistemas de sector de componentes.<br \/>\n<script async src=\"\/\/pagead2.googlesyndication.com\/pagead\/js\/adsbygoogle.js\"><\/script><br \/>\n<!-- Noticias La Guia de Pamplona --><br \/>\n<ins class=\"adsbygoogle\"\nstyle=\"display:block\"\ndata-ad-client=\"ca-pub-6943679897239327\"\ndata-ad-slot=\"7048180777\"\ndata-ad-format=\"auto\"><\/ins><br \/>\n<script>\n(adsbygoogle = window.adsbygoogle || []).push({});\n<\/script><\/p>\n<p>Los municipios participantes en este encuentro cuentan con m\u00e1s de 45.000 trabajadores directos en el sector de automoci\u00f3n y componentes. El objetivo de esta jornada es compartir un an\u00e1lisis territorial de proximidad sobre los desaf\u00edos que representa la electrificaci\u00f3n para el futuro del empleo, as\u00ed como analizar las oportunidades de la segunda fase del PERTE VEC, cuya dotaci\u00f3n prevista es de 2.100 millones de euros.<\/p>\n","protected":false},"excerpt":{"rendered":"<p>Enrique Maya participar\u00e1 en una mesa redonda con los alcaldes de Martorell, Martos y Almussafes, sedes de diferentes empresas de automoci\u00f3n<\/p>\n","protected":false},"author":1,"featured_media":42872,"comment_status":"open","ping_status":"closed","sticky":false,"template":"","format":"standard","meta":{"footnotes":""},"categories":[2],"tags":[],"class_list":["post-42871","post","type-post","status-publish","format-standard","has-post-thumbnail","hentry","category-ayuntamiento-pamplona"],"yoast_head":"<!-- This site is optimized with the Yoast SEO plugin v27.3 - https:\/\/yoast.com\/product\/yoast-seo-wordpress\/ -->\n<title>El alcalde de Pamplona participa este mi\u00e9rcoles en Almussafes (Valencia) en el I Encuentro Nacional de Municipios del Sector Automoci\u00f3n y Componentes<\/title>\n<meta name=\"description\" content=\"Enrique Maya participar\u00e1 en una mesa redonda con los alcaldes de Martorell, Martos y Almussafes, sedes de diferentes empresas de automoci\u00f3n\" \/>\n<meta name=\"robots\" content=\"index, follow, max-snippet:-1, max-image-preview:large, max-video-preview:-1\" \/>\n<link rel=\"canonical\" href=\"https:\/\/www.laguiadepamplona.com\/actualidad\/el-alcalde-de-pamplona-participa-este-miercoles-en-almussafes-valencia-en-el-i-encuentro-nacional-de-municipios-del-sector-automocion-y-componentes\/\" \/>\n<meta property=\"og:locale\" content=\"es_ES\" \/>\n<meta property=\"og:type\" content=\"article\" \/>\n<meta property=\"og:title\" content=\"El alcalde de Pamplona participa este mi\u00e9rcoles en Almussafes (Valencia) en el I Encuentro Nacional de Municipios del Sector Automoci\u00f3n y Componentes\" \/>\n<meta property=\"og:description\" content=\"Enrique Maya participar\u00e1 en una mesa redonda con los alcaldes de Martorell, Martos y Almussafes, sedes de diferentes empresas de automoci\u00f3n\" \/>\n<meta property=\"og:url\" content=\"https:\/\/www.laguiadepamplona.com\/actualidad\/el-alcalde-de-pamplona-participa-este-miercoles-en-almussafes-valencia-en-el-i-encuentro-nacional-de-municipios-del-sector-automocion-y-componentes\/\" \/>\n<meta property=\"og:site_name\" content=\"La Gu\u00eda de Pamplona\" \/>\n<meta property=\"article:publisher\" content=\"https:\/\/www.facebook.com\/laguiadepamplonacom-133175176762273\/?ref=hl\" \/>\n<meta property=\"article:published_time\" content=\"2023-02-14T16:38:49+00:00\" \/>\n<meta property=\"article:modified_time\" content=\"2023-04-11T09:47:12+00:00\" \/>\n<meta property=\"og:image\" content=\"https:\/\/www.laguiadepamplona.com\/actualidad\/wp-content\/uploads\/2023\/02\/captura-de-pantalla-2023-02-09-las-174306.webp\" \/>\n\t<meta property=\"og:image:width\" content=\"446\" \/>\n\t<meta property=\"og:image:height\" content=\"300\" \/>\n\t<meta property=\"og:image:type\" content=\"image\/webp\" \/>\n<meta name=\"author\" content=\"La Gu\u00eda de Pamplona\" \/>\n<meta name=\"twitter:card\" content=\"summary_large_image\" \/>\n<meta name=\"twitter:creator\" content=\"@LaGuiadPamplona\" \/>\n<meta name=\"twitter:site\" content=\"@LaGuiadPamplona\" \/>\n<meta name=\"twitter:label1\" content=\"Escrito por\" \/>\n\t<meta name=\"twitter:data1\" content=\"La Gu\u00eda de Pamplona\" \/>\n\t<meta name=\"twitter:label2\" content=\"Tiempo de lectura\" \/>\n\t<meta name=\"twitter:data2\" content=\"2 minutos\" \/>\n<script type=\"application\/ld+json\" class=\"yoast-schema-graph\">{\"@context\":\"https:\\\/\\\/schema.org\",\"@graph\":[{\"@type\":\"Article\",\"@id\":\"https:\\\/\\\/www.laguiadepamplona.com\\\/actualidad\\\/el-alcalde-de-pamplona-participa-este-miercoles-en-almussafes-valencia-en-el-i-encuentro-nacional-de-municipios-del-sector-automocion-y-componentes\\\/#article\",\"isPartOf\":{\"@id\":\"https:\\\/\\\/www.laguiadepamplona.com\\\/actualidad\\\/el-alcalde-de-pamplona-participa-este-miercoles-en-almussafes-valencia-en-el-i-encuentro-nacional-de-municipios-del-sector-automocion-y-componentes\\\/\"},\"author\":{\"name\":\"La Gu\u00eda de Pamplona\",\"@id\":\"https:\\\/\\\/www.laguiadepamplona.com\\\/actualidad\\\/#\\\/schema\\\/person\\\/efe887376f0213d4657c93adc50b1fdb\"},\"headline\":\"El alcalde de Pamplona participa este mi\u00e9rcoles en Almussafes (Valencia) en el I Encuentro Nacional de Municipios del Sector Automoci\u00f3n y Componentes\",\"datePublished\":\"2023-02-14T16:38:49+00:00\",\"dateModified\":\"2023-04-11T09:47:12+00:00\",\"mainEntityOfPage\":{\"@id\":\"https:\\\/\\\/www.laguiadepamplona.com\\\/actualidad\\\/el-alcalde-de-pamplona-participa-este-miercoles-en-almussafes-valencia-en-el-i-encuentro-nacional-de-municipios-del-sector-automocion-y-componentes\\\/\"},\"wordCount\":367,\"commentCount\":0,\"publisher\":{\"@id\":\"https:\\\/\\\/www.laguiadepamplona.com\\\/actualidad\\\/#organization\"},\"image\":{\"@id\":\"https:\\\/\\\/www.laguiadepamplona.com\\\/actualidad\\\/el-alcalde-de-pamplona-participa-este-miercoles-en-almussafes-valencia-en-el-i-encuentro-nacional-de-municipios-del-sector-automocion-y-componentes\\\/#primaryimage\"},\"thumbnailUrl\":\"https:\\\/\\\/www.laguiadepamplona.com\\\/actualidad\\\/wp-content\\\/uploads\\\/2023\\\/02\\\/captura-de-pantalla-2023-02-09-las-174306.webp\",\"articleSection\":[\"Ayto Pamplona\"],\"inLanguage\":\"es\",\"potentialAction\":[{\"@type\":\"CommentAction\",\"name\":\"Comment\",\"target\":[\"https:\\\/\\\/www.laguiadepamplona.com\\\/actualidad\\\/el-alcalde-de-pamplona-participa-este-miercoles-en-almussafes-valencia-en-el-i-encuentro-nacional-de-municipios-del-sector-automocion-y-componentes\\\/#respond\"]}]},{\"@type\":\"WebPage\",\"@id\":\"https:\\\/\\\/www.laguiadepamplona.com\\\/actualidad\\\/el-alcalde-de-pamplona-participa-este-miercoles-en-almussafes-valencia-en-el-i-encuentro-nacional-de-municipios-del-sector-automocion-y-componentes\\\/\",\"url\":\"https:\\\/\\\/www.laguiadepamplona.com\\\/actualidad\\\/el-alcalde-de-pamplona-participa-este-miercoles-en-almussafes-valencia-en-el-i-encuentro-nacional-de-municipios-del-sector-automocion-y-componentes\\\/\",\"name\":\"El alcalde de Pamplona participa este mi\u00e9rcoles en Almussafes (Valencia) en el I Encuentro Nacional de Municipios del Sector Automoci\u00f3n y Componentes\",\"isPartOf\":{\"@id\":\"https:\\\/\\\/www.laguiadepamplona.com\\\/actualidad\\\/#website\"},\"primaryImageOfPage\":{\"@id\":\"https:\\\/\\\/www.laguiadepamplona.com\\\/actualidad\\\/el-alcalde-de-pamplona-participa-este-miercoles-en-almussafes-valencia-en-el-i-encuentro-nacional-de-municipios-del-sector-automocion-y-componentes\\\/#primaryimage\"},\"image\":{\"@id\":\"https:\\\/\\\/www.laguiadepamplona.com\\\/actualidad\\\/el-alcalde-de-pamplona-participa-este-miercoles-en-almussafes-valencia-en-el-i-encuentro-nacional-de-municipios-del-sector-automocion-y-componentes\\\/#primaryimage\"},\"thumbnailUrl\":\"https:\\\/\\\/www.laguiadepamplona.com\\\/actualidad\\\/wp-content\\\/uploads\\\/2023\\\/02\\\/captura-de-pantalla-2023-02-09-las-174306.webp\",\"datePublished\":\"2023-02-14T16:38:49+00:00\",\"dateModified\":\"2023-04-11T09:47:12+00:00\",\"description\":\"Enrique Maya participar\u00e1 en una mesa redonda con los alcaldes de Martorell, Martos y Almussafes, sedes de diferentes empresas de automoci\u00f3n\",\"breadcrumb\":{\"@id\":\"https:\\\/\\\/www.laguiadepamplona.com\\\/actualidad\\\/el-alcalde-de-pamplona-participa-este-miercoles-en-almussafes-valencia-en-el-i-encuentro-nacional-de-municipios-del-sector-automocion-y-componentes\\\/#breadcrumb\"},\"inLanguage\":\"es\",\"potentialAction\":[{\"@type\":\"ReadAction\",\"target\":[\"https:\\\/\\\/www.laguiadepamplona.com\\\/actualidad\\\/el-alcalde-de-pamplona-participa-este-miercoles-en-almussafes-valencia-en-el-i-encuentro-nacional-de-municipios-del-sector-automocion-y-componentes\\\/\"]}]},{\"@type\":\"ImageObject\",\"inLanguage\":\"es\",\"@id\":\"https:\\\/\\\/www.laguiadepamplona.com\\\/actualidad\\\/el-alcalde-de-pamplona-participa-este-miercoles-en-almussafes-valencia-en-el-i-encuentro-nacional-de-municipios-del-sector-automocion-y-componentes\\\/#primaryimage\",\"url\":\"https:\\\/\\\/www.laguiadepamplona.com\\\/actualidad\\\/wp-content\\\/uploads\\\/2023\\\/02\\\/captura-de-pantalla-2023-02-09-las-174306.webp\",\"contentUrl\":\"https:\\\/\\\/www.laguiadepamplona.com\\\/actualidad\\\/wp-content\\\/uploads\\\/2023\\\/02\\\/captura-de-pantalla-2023-02-09-las-174306.webp\",\"width\":446,\"height\":300},{\"@type\":\"BreadcrumbList\",\"@id\":\"https:\\\/\\\/www.laguiadepamplona.com\\\/actualidad\\\/el-alcalde-de-pamplona-participa-este-miercoles-en-almussafes-valencia-en-el-i-encuentro-nacional-de-municipios-del-sector-automocion-y-componentes\\\/#breadcrumb\",\"itemListElement\":[{\"@type\":\"ListItem\",\"position\":1,\"name\":\"Portada\",\"item\":\"https:\\\/\\\/www.laguiadepamplona.com\\\/actualidad\\\/\"},{\"@type\":\"ListItem\",\"position\":2,\"name\":\"El alcalde de Pamplona participa este mi\u00e9rcoles en Almussafes (Valencia) en el I Encuentro Nacional de Municipios del Sector Automoci\u00f3n y Componentes\"}]},{\"@type\":\"WebSite\",\"@id\":\"https:\\\/\\\/www.laguiadepamplona.com\\\/actualidad\\\/#website\",\"url\":\"https:\\\/\\\/www.laguiadepamplona.com\\\/actualidad\\\/\",\"name\":\"La gu\u00eda de Pamplona\",\"description\":\"Noticias de Pamplona\",\"publisher\":{\"@id\":\"https:\\\/\\\/www.laguiadepamplona.com\\\/actualidad\\\/#organization\"},\"potentialAction\":[{\"@type\":\"SearchAction\",\"target\":{\"@type\":\"EntryPoint\",\"urlTemplate\":\"https:\\\/\\\/www.laguiadepamplona.com\\\/actualidad\\\/?s={search_term_string}\"},\"query-input\":{\"@type\":\"PropertyValueSpecification\",\"valueRequired\":true,\"valueName\":\"search_term_string\"}}],\"inLanguage\":\"es\"},{\"@type\":\"Organization\",\"@id\":\"https:\\\/\\\/www.laguiadepamplona.com\\\/actualidad\\\/#organization\",\"name\":\"La Gu\u00eda de Pamplona \\\/ Noticias\",\"url\":\"https:\\\/\\\/www.laguiadepamplona.com\\\/actualidad\\\/\",\"logo\":{\"@type\":\"ImageObject\",\"inLanguage\":\"es\",\"@id\":\"https:\\\/\\\/www.laguiadepamplona.com\\\/actualidad\\\/#\\\/schema\\\/logo\\\/image\\\/\",\"url\":\"https:\\\/\\\/www.laguiadepamplona.com\\\/actualidad\\\/wp-content\\\/uploads\\\/2018\\\/11\\\/logo-laguiadepamplona18-web1.png\",\"contentUrl\":\"https:\\\/\\\/www.laguiadepamplona.com\\\/actualidad\\\/wp-content\\\/uploads\\\/2018\\\/11\\\/logo-laguiadepamplona18-web1.png\",\"width\":600,\"height\":196,\"caption\":\"La Gu\u00eda de Pamplona \\\/ Noticias\"},\"image\":{\"@id\":\"https:\\\/\\\/www.laguiadepamplona.com\\\/actualidad\\\/#\\\/schema\\\/logo\\\/image\\\/\"},\"sameAs\":[\"https:\\\/\\\/www.facebook.com\\\/laguiadepamplonacom-133175176762273\\\/?ref=hl\",\"https:\\\/\\\/x.com\\\/LaGuiadPamplona\",\"https:\\\/\\\/www.instagram.com\\\/la_guia_de_pamplona\\\/\",\"https:\\\/\\\/www.youtube.com\\\/user\\\/laguiadepamplona\"]},{\"@type\":\"Person\",\"@id\":\"https:\\\/\\\/www.laguiadepamplona.com\\\/actualidad\\\/#\\\/schema\\\/person\\\/efe887376f0213d4657c93adc50b1fdb\",\"name\":\"La Gu\u00eda de Pamplona\",\"image\":{\"@type\":\"ImageObject\",\"inLanguage\":\"es\",\"@id\":\"https:\\\/\\\/secure.gravatar.com\\\/avatar\\\/b6992f131dc8d30ab0dff15446e9d346d9dbd95992de0fef795073f5ea83a81c?s=96&d=mm&r=g\",\"url\":\"https:\\\/\\\/secure.gravatar.com\\\/avatar\\\/b6992f131dc8d30ab0dff15446e9d346d9dbd95992de0fef795073f5ea83a81c?s=96&d=mm&r=g\",\"contentUrl\":\"https:\\\/\\\/secure.gravatar.com\\\/avatar\\\/b6992f131dc8d30ab0dff15446e9d346d9dbd95992de0fef795073f5ea83a81c?s=96&d=mm&r=g\",\"caption\":\"La Gu\u00eda de Pamplona\"}}]}<\/script>\n<!-- \/ Yoast SEO plugin. -->","yoast_head_json":{"title":"El alcalde de Pamplona participa este mi\u00e9rcoles en Almussafes (Valencia) en el I Encuentro Nacional de Municipios del Sector Automoci\u00f3n y Componentes","description":"Enrique Maya participar\u00e1 en una mesa redonda con los alcaldes de Martorell, Martos y Almussafes, sedes de diferentes empresas de automoci\u00f3n","robots":{"index":"index","follow":"follow","max-snippet":"max-snippet:-1","max-image-preview":"max-image-preview:large","max-video-preview":"max-video-preview:-1"},"canonical":"https:\/\/www.laguiadepamplona.com\/actualidad\/el-alcalde-de-pamplona-participa-este-miercoles-en-almussafes-valencia-en-el-i-encuentro-nacional-de-municipios-del-sector-automocion-y-componentes\/","og_locale":"es_ES","og_type":"article","og_title":"El alcalde de Pamplona participa este mi\u00e9rcoles en Almussafes (Valencia) en el I Encuentro Nacional de Municipios del Sector Automoci\u00f3n y Componentes","og_description":"Enrique Maya participar\u00e1 en una mesa redonda con los alcaldes de Martorell, Martos y Almussafes, sedes de diferentes empresas de automoci\u00f3n","og_url":"https:\/\/www.laguiadepamplona.com\/actualidad\/el-alcalde-de-pamplona-participa-este-miercoles-en-almussafes-valencia-en-el-i-encuentro-nacional-de-municipios-del-sector-automocion-y-componentes\/","og_site_name":"La Gu\u00eda de Pamplona","article_publisher":"https:\/\/www.facebook.com\/laguiadepamplonacom-133175176762273\/?ref=hl","article_published_time":"2023-02-14T16:38:49+00:00","article_modified_time":"2023-04-11T09:47:12+00:00","og_image":[{"width":446,"height":300,"url":"https:\/\/www.laguiadepamplona.com\/actualidad\/wp-content\/uploads\/2023\/02\/captura-de-pantalla-2023-02-09-las-174306.webp","type":"image\/webp"}],"author":"La Gu\u00eda de Pamplona","twitter_card":"summary_large_image","twitter_creator":"@LaGuiadPamplona","twitter_site":"@LaGuiadPamplona","twitter_misc":{"Escrito por":"La Gu\u00eda de Pamplona","Tiempo de lectura":"2 minutos"},"schema":{"@context":"https:\/\/schema.org","@graph":[{"@type":"Article","@id":"https:\/\/www.laguiadepamplona.com\/actualidad\/el-alcalde-de-pamplona-participa-este-miercoles-en-almussafes-valencia-en-el-i-encuentro-nacional-de-municipios-del-sector-automocion-y-componentes\/#article","isPartOf":{"@id":"https:\/\/www.laguiadepamplona.com\/actualidad\/el-alcalde-de-pamplona-participa-este-miercoles-en-almussafes-valencia-en-el-i-encuentro-nacional-de-municipios-del-sector-automocion-y-componentes\/"},"author":{"name":"La Gu\u00eda de Pamplona","@id":"https:\/\/www.laguiadepamplona.com\/actualidad\/#\/schema\/person\/efe887376f0213d4657c93adc50b1fdb"},"headline":"El alcalde de Pamplona participa este mi\u00e9rcoles en Almussafes (Valencia) en el I Encuentro Nacional de Municipios del Sector Automoci\u00f3n y Componentes","datePublished":"2023-02-14T16:38:49+00:00","dateModified":"2023-04-11T09:47:12+00:00","mainEntityOfPage":{"@id":"https:\/\/www.laguiadepamplona.com\/actualidad\/el-alcalde-de-pamplona-participa-este-miercoles-en-almussafes-valencia-en-el-i-encuentro-nacional-de-municipios-del-sector-automocion-y-componentes\/"},"wordCount":367,"commentCount":0,"publisher":{"@id":"https:\/\/www.laguiadepamplona.com\/actualidad\/#organization"},"image":{"@id":"https:\/\/www.laguiadepamplona.com\/actualidad\/el-alcalde-de-pamplona-participa-este-miercoles-en-almussafes-valencia-en-el-i-encuentro-nacional-de-municipios-del-sector-automocion-y-componentes\/#primaryimage"},"thumbnailUrl":"https:\/\/www.laguiadepamplona.com\/actualidad\/wp-content\/uploads\/2023\/02\/captura-de-pantalla-2023-02-09-las-174306.webp","articleSection":["Ayto Pamplona"],"inLanguage":"es","potentialAction":[{"@type":"CommentAction","name":"Comment","target":["https:\/\/www.laguiadepamplona.com\/actualidad\/el-alcalde-de-pamplona-participa-este-miercoles-en-almussafes-valencia-en-el-i-encuentro-nacional-de-municipios-del-sector-automocion-y-componentes\/#respond"]}]},{"@type":"WebPage","@id":"https:\/\/www.laguiadepamplona.com\/actualidad\/el-alcalde-de-pamplona-participa-este-miercoles-en-almussafes-valencia-en-el-i-encuentro-nacional-de-municipios-del-sector-automocion-y-componentes\/","url":"https:\/\/www.laguiadepamplona.com\/actualidad\/el-alcalde-de-pamplona-participa-este-miercoles-en-almussafes-valencia-en-el-i-encuentro-nacional-de-municipios-del-sector-automocion-y-componentes\/","name":"El alcalde de Pamplona participa este mi\u00e9rcoles en Almussafes (Valencia) en el I Encuentro Nacional de Municipios del Sector Automoci\u00f3n y Componentes","isPartOf":{"@id":"https:\/\/www.laguiadepamplona.com\/actualidad\/#website"},"primaryImageOfPage":{"@id":"https:\/\/www.laguiadepamplona.com\/actualidad\/el-alcalde-de-pamplona-participa-este-miercoles-en-almussafes-valencia-en-el-i-encuentro-nacional-de-municipios-del-sector-automocion-y-componentes\/#primaryimage"},"image":{"@id":"https:\/\/www.laguiadepamplona.com\/actualidad\/el-alcalde-de-pamplona-participa-este-miercoles-en-almussafes-valencia-en-el-i-encuentro-nacional-de-municipios-del-sector-automocion-y-componentes\/#primaryimage"},"thumbnailUrl":"https:\/\/www.laguiadepamplona.com\/actualidad\/wp-content\/uploads\/2023\/02\/captura-de-pantalla-2023-02-09-las-174306.webp","datePublished":"2023-02-14T16:38:49+00:00","dateModified":"2023-04-11T09:47:12+00:00","description":"Enrique Maya participar\u00e1 en una mesa redonda con los alcaldes de Martorell, Martos y Almussafes, sedes de diferentes empresas de automoci\u00f3n","breadcrumb":{"@id":"https:\/\/www.laguiadepamplona.com\/actualidad\/el-alcalde-de-pamplona-participa-este-miercoles-en-almussafes-valencia-en-el-i-encuentro-nacional-de-municipios-del-sector-automocion-y-componentes\/#breadcrumb"},"inLanguage":"es","potentialAction":[{"@type":"ReadAction","target":["https:\/\/www.laguiadepamplona.com\/actualidad\/el-alcalde-de-pamplona-participa-este-miercoles-en-almussafes-valencia-en-el-i-encuentro-nacional-de-municipios-del-sector-automocion-y-componentes\/"]}]},{"@type":"ImageObject","inLanguage":"es","@id":"https:\/\/www.laguiadepamplona.com\/actualidad\/el-alcalde-de-pamplona-participa-este-miercoles-en-almussafes-valencia-en-el-i-encuentro-nacional-de-municipios-del-sector-automocion-y-componentes\/#primaryimage","url":"https:\/\/www.laguiadepamplona.com\/actualidad\/wp-content\/uploads\/2023\/02\/captura-de-pantalla-2023-02-09-las-174306.webp","contentUrl":"https:\/\/www.laguiadepamplona.com\/actualidad\/wp-content\/uploads\/2023\/02\/captura-de-pantalla-2023-02-09-las-174306.webp","width":446,"height":300},{"@type":"BreadcrumbList","@id":"https:\/\/www.laguiadepamplona.com\/actualidad\/el-alcalde-de-pamplona-participa-este-miercoles-en-almussafes-valencia-en-el-i-encuentro-nacional-de-municipios-del-sector-automocion-y-componentes\/#breadcrumb","itemListElement":[{"@type":"ListItem","position":1,"name":"Portada","item":"https:\/\/www.laguiadepamplona.com\/actualidad\/"},{"@type":"ListItem","position":2,"name":"El alcalde de Pamplona participa este mi\u00e9rcoles en Almussafes (Valencia) en el I Encuentro Nacional de Municipios del Sector Automoci\u00f3n y Componentes"}]},{"@type":"WebSite","@id":"https:\/\/www.laguiadepamplona.com\/actualidad\/#website","url":"https:\/\/www.laguiadepamplona.com\/actualidad\/","name":"La gu\u00eda de Pamplona","description":"Noticias de Pamplona","publisher":{"@id":"https:\/\/www.laguiadepamplona.com\/actualidad\/#organization"},"potentialAction":[{"@type":"SearchAction","target":{"@type":"EntryPoint","urlTemplate":"https:\/\/www.laguiadepamplona.com\/actualidad\/?s={search_term_string}"},"query-input":{"@type":"PropertyValueSpecification","valueRequired":true,"valueName":"search_term_string"}}],"inLanguage":"es"},{"@type":"Organization","@id":"https:\/\/www.laguiadepamplona.com\/actualidad\/#organization","name":"La Gu\u00eda de Pamplona \/ Noticias","url":"https:\/\/www.laguiadepamplona.com\/actualidad\/","logo":{"@type":"ImageObject","inLanguage":"es","@id":"https:\/\/www.laguiadepamplona.com\/actualidad\/#\/schema\/logo\/image\/","url":"https:\/\/www.laguiadepamplona.com\/actualidad\/wp-content\/uploads\/2018\/11\/logo-laguiadepamplona18-web1.png","contentUrl":"https:\/\/www.laguiadepamplona.com\/actualidad\/wp-content\/uploads\/2018\/11\/logo-laguiadepamplona18-web1.png","width":600,"height":196,"caption":"La Gu\u00eda de Pamplona \/ Noticias"},"image":{"@id":"https:\/\/www.laguiadepamplona.com\/actualidad\/#\/schema\/logo\/image\/"},"sameAs":["https:\/\/www.facebook.com\/laguiadepamplonacom-133175176762273\/?ref=hl","https:\/\/x.com\/LaGuiadPamplona","https:\/\/www.instagram.com\/la_guia_de_pamplona\/","https:\/\/www.youtube.com\/user\/laguiadepamplona"]},{"@type":"Person","@id":"https:\/\/www.laguiadepamplona.com\/actualidad\/#\/schema\/person\/efe887376f0213d4657c93adc50b1fdb","name":"La Gu\u00eda de Pamplona","image":{"@type":"ImageObject","inLanguage":"es","@id":"https:\/\/secure.gravatar.com\/avatar\/b6992f131dc8d30ab0dff15446e9d346d9dbd95992de0fef795073f5ea83a81c?s=96&d=mm&r=g","url":"https:\/\/secure.gravatar.com\/avatar\/b6992f131dc8d30ab0dff15446e9d346d9dbd95992de0fef795073f5ea83a81c?s=96&d=mm&r=g","contentUrl":"https:\/\/secure.gravatar.com\/avatar\/b6992f131dc8d30ab0dff15446e9d346d9dbd95992de0fef795073f5ea83a81c?s=96&d=mm&r=g","caption":"La Gu\u00eda de Pamplona"}}]}},"post_mailing_queue_ids":[],"_links":{"self":[{"href":"https:\/\/www.laguiadepamplona.com\/actualidad\/wp-json\/wp\/v2\/posts\/42871","targetHints":{"allow":["GET"]}}],"collection":[{"href":"https:\/\/www.laguiadepamplona.com\/actualidad\/wp-json\/wp\/v2\/posts"}],"about":[{"href":"https:\/\/www.laguiadepamplona.com\/actualidad\/wp-json\/wp\/v2\/types\/post"}],"author":[{"embeddable":true,"href":"https:\/\/www.laguiadepamplona.com\/actualidad\/wp-json\/wp\/v2\/users\/1"}],"replies":[{"embeddable":true,"href":"https:\/\/www.laguiadepamplona.com\/actualidad\/wp-json\/wp\/v2\/comments?post=42871"}],"version-history":[{"count":0,"href":"https:\/\/www.laguiadepamplona.com\/actualidad\/wp-json\/wp\/v2\/posts\/42871\/revisions"}],"wp:featuredmedia":[{"embeddable":true,"href":"https:\/\/www.laguiadepamplona.com\/actualidad\/wp-json\/wp\/v2\/media\/42872"}],"wp:attachment":[{"href":"https:\/\/www.laguiadepamplona.com\/actualidad\/wp-json\/wp\/v2\/media?parent=42871"}],"wp:term":[{"taxonomy":"category","embeddable":true,"href":"https:\/\/www.laguiadepamplona.com\/actualidad\/wp-json\/wp\/v2\/categories?post=42871"},{"taxonomy":"post_tag","embeddable":true,"href":"https:\/\/www.laguiadepamplona.com\/actualidad\/wp-json\/wp\/v2\/tags?post=42871"}],"curies":[{"name":"wp","href":"https:\/\/api.w.org\/{rel}","templated":true}]}}