{"id":42866,"date":"2023-02-14T18:34:08","date_gmt":"2023-02-14T16:34:08","guid":{"rendered":"https:\/\/www.laguiadepamplona.com\/actualidad\/?p=42866"},"modified":"2023-04-11T11:47:12","modified_gmt":"2023-04-11T09:47:12","slug":"el-ayuntamiento-aprueba-el-expediente-de-contratacion-de-la-gestion-del-servicio-de-atencion-integral-a-las-mujeres-y-a-sus-hijos-e-hijas-en-situacion-de-dificultad-social","status":"publish","type":"post","link":"https:\/\/www.laguiadepamplona.com\/actualidad\/el-ayuntamiento-aprueba-el-expediente-de-contratacion-de-la-gestion-del-servicio-de-atencion-integral-a-las-mujeres-y-a-sus-hijos-e-hijas-en-situacion-de-dificultad-social\/","title":{"rendered":"El Ayuntamiento aprueba el expediente de contrataci\u00f3n de la gesti\u00f3n del servicio de atenci\u00f3n integral a las mujeres y a sus hijos e hijas en situaci\u00f3n de dificultad social"},"content":{"rendered":"<h5>Estas familias reciben apoyo desde el programa municipal \u2018Date una oportunidad\u2019 para superar situaciones relacionadas con violencia de g\u00e9nero<\/h5>\n<p><!--more--><\/p>\n<p>La Junta de Gobierno Local ha aprobado el expediente de contrataci\u00f3n de la gesti\u00f3n del servicio de atenci\u00f3n integral a las mujeres y a sus hijos e hijas en situaci\u00f3n de dificultad social. El servicio se presta a trav\u00e9s del programa municipal de atenci\u00f3n a la mujer \u2018Date una oportunidad\u2019. La adjudicaci\u00f3n se realiza por procedimiento abierto y tiene una dotaci\u00f3n de 304.860,28 euros IVA incluido para el periodo del 1 de mayo al 31 de diciembre de 2023, y de 486.037,47 euros para todo el a\u00f1o 2024. El pliego contempla una \u00fanica pr\u00f3rroga por un a\u00f1o m\u00e1s.<\/p>\n<p>Este programa se dirige a mujeres afectadas por violencia de g\u00e9nero y a madres gestantes o con hijos e hijas menores en situaci\u00f3n de vulnerabilidad por falta de recursos econ\u00f3micos y sociales. El objetivo es que las destinatarias reciban la ayuda que necesitan para fomentar su incorporaci\u00f3n social y su promoci\u00f3n personal. Esta ayuda se presta durante 24 meses y la intervenci\u00f3n se realiza en los alojamientos municipales o en el domicilio de la unidad familiar.<br \/>\n<script async src=\"\/\/pagead2.googlesyndication.com\/pagead\/js\/adsbygoogle.js\"><\/script><br \/>\n<!-- Noticias La Guia de Pamplona --><br \/>\n<ins class=\"adsbygoogle\"\nstyle=\"display:block\"\ndata-ad-client=\"ca-pub-6943679897239327\"\ndata-ad-slot=\"7048180777\"\ndata-ad-format=\"auto\"><\/ins><br \/>\n<script>\n(adsbygoogle = window.adsbygoogle || []).push({});\n<\/script><\/p>\n<p>Los criterios para la adjudicaci\u00f3n del contrato se dividen en dos partes, los cualitativos y los cuantificables. Entre los cualitativos, se valoran los objetivos del plan de trabajo, las actividades, la metodolog\u00eda, el soporte documental para la recogida de informaci\u00f3n, la coordinaci\u00f3n con el Servicio Municipal de Atenci\u00f3n a la Mujer y la evaluaci\u00f3n del programa. En cuanto a los criterios cuantificables, se valora la oferta econ\u00f3mica, las mejoras planteadas y el compromiso de contrataci\u00f3n a personas con especiales dificultades de acceso al mercado laboral.<\/p>\n<p>La empresa adjudicataria de este contrato deber\u00e1 cumplir una serie de obligaciones para desarrollar las competencias personales de las mujeres atendidas y de sus hijos e hijas. Tambi\u00e9n trabajar\u00e1 las relaciones familiares, la parentalidad positiva y el aprendizaje de recursos b\u00e1sicos para las familias. Las mujeres participantes recibir\u00e1n orientaci\u00f3n para su inserci\u00f3n laboral, as\u00ed como nociones b\u00e1sicas de mantenimiento del hogar, h\u00e1bitos de salud, organizaci\u00f3n econ\u00f3mica o asesoramiento legal.<\/p>\n<p>El equipo profesional que gestione el servicio deber\u00e1 intervenir con disponibilidad y flexibilidad horaria, para cubrir las necesidades que se presenten. Esta disponibilidad incluye de manera ordinaria la atenci\u00f3n presencial en turnos de ma\u00f1ana y tarde, incluidos fines de semana y festivos. Con car\u00e1cter excepcional, deber\u00e1 atender situaciones de crisis y urgencias las 24 horas.<br \/>\n<script async src=\"\/\/pagead2.googlesyndication.com\/pagead\/js\/adsbygoogle.js\"><\/script><br \/>\n<!-- Noticias La Guia de Pamplona --><br \/>\n<ins class=\"adsbygoogle\"\nstyle=\"display:block\"\ndata-ad-client=\"ca-pub-6943679897239327\"\ndata-ad-slot=\"7048180777\"\ndata-ad-format=\"auto\"><\/ins><br \/>\n<script>\n(adsbygoogle = window.adsbygoogle || []).push({});\n<\/script><\/p>\n<p>&nbsp;<\/p>\n<h3>Datos de la Licitaci\u00f3n<\/h3>\n<ul>\n<li>Presupuesto de licitaci\u00f3n: 790.897,75 euros, IVA incluido\n<ul>\n<li>Servicio del 1 de mayo al 31 de diciembre: 304.860,28 euros<\/li>\n<li>Servicio del 1 de enero al 31 de diciembre: 486.037,47 euros<\/li>\n<\/ul>\n<\/li>\n<li>Profesionales precisos para gestionar el programa: un psic\u00f3logo\/a, un trabajador\/a social y seis educadores\/as sociales<\/li>\n<\/ul>\n","protected":false},"excerpt":{"rendered":"<p>Estas familias reciben apoyo desde el programa municipal \u2018Date una oportunidad\u2019 para superar situaciones relacionadas con violencia de g\u00e9nero<\/p>\n","protected":false},"author":1,"featured_media":41391,"comment_status":"open","ping_status":"closed","sticky":false,"template":"","format":"standard","meta":{"footnotes":""},"categories":[2],"tags":[],"class_list":["post-42866","post","type-post","status-publish","format-standard","has-post-thumbnail","hentry","category-ayuntamiento-pamplona"],"yoast_head":"<!-- This site is optimized with the Yoast SEO plugin v27.3 - https:\/\/yoast.com\/product\/yoast-seo-wordpress\/ -->\n<title>El Ayuntamiento aprueba el expediente de contrataci\u00f3n de la gesti\u00f3n del servicio de atenci\u00f3n integral a las mujeres y a sus hijos e hijas en situaci\u00f3n de dificultad social<\/title>\n<meta name=\"description\" content=\"Estas familias reciben apoyo desde el programa municipal \u2018Date una oportunidad\u2019 para superar situaciones relacionadas con violencia de g\u00e9nero\" \/>\n<meta name=\"robots\" content=\"index, follow, max-snippet:-1, max-image-preview:large, max-video-preview:-1\" \/>\n<link rel=\"canonical\" href=\"https:\/\/www.laguiadepamplona.com\/actualidad\/el-ayuntamiento-aprueba-el-expediente-de-contratacion-de-la-gestion-del-servicio-de-atencion-integral-a-las-mujeres-y-a-sus-hijos-e-hijas-en-situacion-de-dificultad-social\/\" \/>\n<meta property=\"og:locale\" content=\"es_ES\" \/>\n<meta property=\"og:type\" content=\"article\" \/>\n<meta property=\"og:title\" content=\"El Ayuntamiento aprueba el expediente de contrataci\u00f3n de la gesti\u00f3n del servicio de atenci\u00f3n integral a las mujeres y a sus hijos e hijas en situaci\u00f3n de dificultad social\" \/>\n<meta property=\"og:description\" content=\"Estas familias reciben apoyo desde el programa municipal \u2018Date una oportunidad\u2019 para superar situaciones relacionadas con violencia de g\u00e9nero\" \/>\n<meta property=\"og:url\" content=\"https:\/\/www.laguiadepamplona.com\/actualidad\/el-ayuntamiento-aprueba-el-expediente-de-contratacion-de-la-gestion-del-servicio-de-atencion-integral-a-las-mujeres-y-a-sus-hijos-e-hijas-en-situacion-de-dificultad-social\/\" \/>\n<meta property=\"og:site_name\" content=\"La Gu\u00eda de Pamplona\" \/>\n<meta property=\"article:publisher\" content=\"https:\/\/www.facebook.com\/laguiadepamplonacom-133175176762273\/?ref=hl\" \/>\n<meta property=\"article:published_time\" content=\"2023-02-14T16:34:08+00:00\" \/>\n<meta property=\"article:modified_time\" content=\"2023-04-11T09:47:12+00:00\" \/>\n<meta property=\"og:image\" content=\"https:\/\/www.laguiadepamplona.com\/actualidad\/wp-content\/uploads\/2022\/08\/reloj_ayuntamiento.webp\" \/>\n\t<meta property=\"og:image:width\" content=\"1920\" \/>\n\t<meta property=\"og:image:height\" content=\"1245\" \/>\n\t<meta property=\"og:image:type\" content=\"image\/webp\" \/>\n<meta name=\"author\" content=\"La Gu\u00eda de Pamplona\" \/>\n<meta name=\"twitter:card\" content=\"summary_large_image\" \/>\n<meta name=\"twitter:creator\" content=\"@LaGuiadPamplona\" \/>\n<meta name=\"twitter:site\" content=\"@LaGuiadPamplona\" \/>\n<meta name=\"twitter:label1\" content=\"Escrito por\" \/>\n\t<meta name=\"twitter:data1\" content=\"La Gu\u00eda de Pamplona\" \/>\n\t<meta name=\"twitter:label2\" content=\"Tiempo de lectura\" \/>\n\t<meta name=\"twitter:data2\" content=\"3 minutos\" \/>\n<script type=\"application\/ld+json\" class=\"yoast-schema-graph\">{\"@context\":\"https:\\\/\\\/schema.org\",\"@graph\":[{\"@type\":\"Article\",\"@id\":\"https:\\\/\\\/www.laguiadepamplona.com\\\/actualidad\\\/el-ayuntamiento-aprueba-el-expediente-de-contratacion-de-la-gestion-del-servicio-de-atencion-integral-a-las-mujeres-y-a-sus-hijos-e-hijas-en-situacion-de-dificultad-social\\\/#article\",\"isPartOf\":{\"@id\":\"https:\\\/\\\/www.laguiadepamplona.com\\\/actualidad\\\/el-ayuntamiento-aprueba-el-expediente-de-contratacion-de-la-gestion-del-servicio-de-atencion-integral-a-las-mujeres-y-a-sus-hijos-e-hijas-en-situacion-de-dificultad-social\\\/\"},\"author\":{\"name\":\"La Gu\u00eda de Pamplona\",\"@id\":\"https:\\\/\\\/www.laguiadepamplona.com\\\/actualidad\\\/#\\\/schema\\\/person\\\/efe887376f0213d4657c93adc50b1fdb\"},\"headline\":\"El Ayuntamiento aprueba el expediente de contrataci\u00f3n de la gesti\u00f3n del servicio de atenci\u00f3n integral a las mujeres y a sus hijos e hijas en situaci\u00f3n de dificultad social\",\"datePublished\":\"2023-02-14T16:34:08+00:00\",\"dateModified\":\"2023-04-11T09:47:12+00:00\",\"mainEntityOfPage\":{\"@id\":\"https:\\\/\\\/www.laguiadepamplona.com\\\/actualidad\\\/el-ayuntamiento-aprueba-el-expediente-de-contratacion-de-la-gestion-del-servicio-de-atencion-integral-a-las-mujeres-y-a-sus-hijos-e-hijas-en-situacion-de-dificultad-social\\\/\"},\"wordCount\":514,\"commentCount\":0,\"publisher\":{\"@id\":\"https:\\\/\\\/www.laguiadepamplona.com\\\/actualidad\\\/#organization\"},\"image\":{\"@id\":\"https:\\\/\\\/www.laguiadepamplona.com\\\/actualidad\\\/el-ayuntamiento-aprueba-el-expediente-de-contratacion-de-la-gestion-del-servicio-de-atencion-integral-a-las-mujeres-y-a-sus-hijos-e-hijas-en-situacion-de-dificultad-social\\\/#primaryimage\"},\"thumbnailUrl\":\"https:\\\/\\\/www.laguiadepamplona.com\\\/actualidad\\\/wp-content\\\/uploads\\\/2022\\\/08\\\/reloj_ayuntamiento.webp\",\"articleSection\":[\"Ayto Pamplona\"],\"inLanguage\":\"es\",\"potentialAction\":[{\"@type\":\"CommentAction\",\"name\":\"Comment\",\"target\":[\"https:\\\/\\\/www.laguiadepamplona.com\\\/actualidad\\\/el-ayuntamiento-aprueba-el-expediente-de-contratacion-de-la-gestion-del-servicio-de-atencion-integral-a-las-mujeres-y-a-sus-hijos-e-hijas-en-situacion-de-dificultad-social\\\/#respond\"]}]},{\"@type\":\"WebPage\",\"@id\":\"https:\\\/\\\/www.laguiadepamplona.com\\\/actualidad\\\/el-ayuntamiento-aprueba-el-expediente-de-contratacion-de-la-gestion-del-servicio-de-atencion-integral-a-las-mujeres-y-a-sus-hijos-e-hijas-en-situacion-de-dificultad-social\\\/\",\"url\":\"https:\\\/\\\/www.laguiadepamplona.com\\\/actualidad\\\/el-ayuntamiento-aprueba-el-expediente-de-contratacion-de-la-gestion-del-servicio-de-atencion-integral-a-las-mujeres-y-a-sus-hijos-e-hijas-en-situacion-de-dificultad-social\\\/\",\"name\":\"El Ayuntamiento aprueba el expediente de contrataci\u00f3n de la gesti\u00f3n del servicio de atenci\u00f3n integral a las mujeres y a sus hijos e hijas en situaci\u00f3n de dificultad social\",\"isPartOf\":{\"@id\":\"https:\\\/\\\/www.laguiadepamplona.com\\\/actualidad\\\/#website\"},\"primaryImageOfPage\":{\"@id\":\"https:\\\/\\\/www.laguiadepamplona.com\\\/actualidad\\\/el-ayuntamiento-aprueba-el-expediente-de-contratacion-de-la-gestion-del-servicio-de-atencion-integral-a-las-mujeres-y-a-sus-hijos-e-hijas-en-situacion-de-dificultad-social\\\/#primaryimage\"},\"image\":{\"@id\":\"https:\\\/\\\/www.laguiadepamplona.com\\\/actualidad\\\/el-ayuntamiento-aprueba-el-expediente-de-contratacion-de-la-gestion-del-servicio-de-atencion-integral-a-las-mujeres-y-a-sus-hijos-e-hijas-en-situacion-de-dificultad-social\\\/#primaryimage\"},\"thumbnailUrl\":\"https:\\\/\\\/www.laguiadepamplona.com\\\/actualidad\\\/wp-content\\\/uploads\\\/2022\\\/08\\\/reloj_ayuntamiento.webp\",\"datePublished\":\"2023-02-14T16:34:08+00:00\",\"dateModified\":\"2023-04-11T09:47:12+00:00\",\"description\":\"Estas familias reciben apoyo desde el programa municipal \u2018Date una oportunidad\u2019 para superar situaciones relacionadas con violencia de g\u00e9nero\",\"breadcrumb\":{\"@id\":\"https:\\\/\\\/www.laguiadepamplona.com\\\/actualidad\\\/el-ayuntamiento-aprueba-el-expediente-de-contratacion-de-la-gestion-del-servicio-de-atencion-integral-a-las-mujeres-y-a-sus-hijos-e-hijas-en-situacion-de-dificultad-social\\\/#breadcrumb\"},\"inLanguage\":\"es\",\"potentialAction\":[{\"@type\":\"ReadAction\",\"target\":[\"https:\\\/\\\/www.laguiadepamplona.com\\\/actualidad\\\/el-ayuntamiento-aprueba-el-expediente-de-contratacion-de-la-gestion-del-servicio-de-atencion-integral-a-las-mujeres-y-a-sus-hijos-e-hijas-en-situacion-de-dificultad-social\\\/\"]}]},{\"@type\":\"ImageObject\",\"inLanguage\":\"es\",\"@id\":\"https:\\\/\\\/www.laguiadepamplona.com\\\/actualidad\\\/el-ayuntamiento-aprueba-el-expediente-de-contratacion-de-la-gestion-del-servicio-de-atencion-integral-a-las-mujeres-y-a-sus-hijos-e-hijas-en-situacion-de-dificultad-social\\\/#primaryimage\",\"url\":\"https:\\\/\\\/www.laguiadepamplona.com\\\/actualidad\\\/wp-content\\\/uploads\\\/2022\\\/08\\\/reloj_ayuntamiento.webp\",\"contentUrl\":\"https:\\\/\\\/www.laguiadepamplona.com\\\/actualidad\\\/wp-content\\\/uploads\\\/2022\\\/08\\\/reloj_ayuntamiento.webp\",\"width\":1920,\"height\":1245,\"caption\":\"ayuntamiento\"},{\"@type\":\"BreadcrumbList\",\"@id\":\"https:\\\/\\\/www.laguiadepamplona.com\\\/actualidad\\\/el-ayuntamiento-aprueba-el-expediente-de-contratacion-de-la-gestion-del-servicio-de-atencion-integral-a-las-mujeres-y-a-sus-hijos-e-hijas-en-situacion-de-dificultad-social\\\/#breadcrumb\",\"itemListElement\":[{\"@type\":\"ListItem\",\"position\":1,\"name\":\"Portada\",\"item\":\"https:\\\/\\\/www.laguiadepamplona.com\\\/actualidad\\\/\"},{\"@type\":\"ListItem\",\"position\":2,\"name\":\"El Ayuntamiento aprueba el expediente de contrataci\u00f3n de la gesti\u00f3n del servicio de atenci\u00f3n integral a las mujeres y a sus hijos e hijas en situaci\u00f3n de dificultad social\"}]},{\"@type\":\"WebSite\",\"@id\":\"https:\\\/\\\/www.laguiadepamplona.com\\\/actualidad\\\/#website\",\"url\":\"https:\\\/\\\/www.laguiadepamplona.com\\\/actualidad\\\/\",\"name\":\"La gu\u00eda de Pamplona\",\"description\":\"Noticias de Pamplona\",\"publisher\":{\"@id\":\"https:\\\/\\\/www.laguiadepamplona.com\\\/actualidad\\\/#organization\"},\"potentialAction\":[{\"@type\":\"SearchAction\",\"target\":{\"@type\":\"EntryPoint\",\"urlTemplate\":\"https:\\\/\\\/www.laguiadepamplona.com\\\/actualidad\\\/?s={search_term_string}\"},\"query-input\":{\"@type\":\"PropertyValueSpecification\",\"valueRequired\":true,\"valueName\":\"search_term_string\"}}],\"inLanguage\":\"es\"},{\"@type\":\"Organization\",\"@id\":\"https:\\\/\\\/www.laguiadepamplona.com\\\/actualidad\\\/#organization\",\"name\":\"La Gu\u00eda de Pamplona \\\/ Noticias\",\"url\":\"https:\\\/\\\/www.laguiadepamplona.com\\\/actualidad\\\/\",\"logo\":{\"@type\":\"ImageObject\",\"inLanguage\":\"es\",\"@id\":\"https:\\\/\\\/www.laguiadepamplona.com\\\/actualidad\\\/#\\\/schema\\\/logo\\\/image\\\/\",\"url\":\"https:\\\/\\\/www.laguiadepamplona.com\\\/actualidad\\\/wp-content\\\/uploads\\\/2018\\\/11\\\/logo-laguiadepamplona18-web1.png\",\"contentUrl\":\"https:\\\/\\\/www.laguiadepamplona.com\\\/actualidad\\\/wp-content\\\/uploads\\\/2018\\\/11\\\/logo-laguiadepamplona18-web1.png\",\"width\":600,\"height\":196,\"caption\":\"La Gu\u00eda de Pamplona \\\/ Noticias\"},\"image\":{\"@id\":\"https:\\\/\\\/www.laguiadepamplona.com\\\/actualidad\\\/#\\\/schema\\\/logo\\\/image\\\/\"},\"sameAs\":[\"https:\\\/\\\/www.facebook.com\\\/laguiadepamplonacom-133175176762273\\\/?ref=hl\",\"https:\\\/\\\/x.com\\\/LaGuiadPamplona\",\"https:\\\/\\\/www.instagram.com\\\/la_guia_de_pamplona\\\/\",\"https:\\\/\\\/www.youtube.com\\\/user\\\/laguiadepamplona\"]},{\"@type\":\"Person\",\"@id\":\"https:\\\/\\\/www.laguiadepamplona.com\\\/actualidad\\\/#\\\/schema\\\/person\\\/efe887376f0213d4657c93adc50b1fdb\",\"name\":\"La Gu\u00eda de Pamplona\",\"image\":{\"@type\":\"ImageObject\",\"inLanguage\":\"es\",\"@id\":\"https:\\\/\\\/secure.gravatar.com\\\/avatar\\\/b6992f131dc8d30ab0dff15446e9d346d9dbd95992de0fef795073f5ea83a81c?s=96&d=mm&r=g\",\"url\":\"https:\\\/\\\/secure.gravatar.com\\\/avatar\\\/b6992f131dc8d30ab0dff15446e9d346d9dbd95992de0fef795073f5ea83a81c?s=96&d=mm&r=g\",\"contentUrl\":\"https:\\\/\\\/secure.gravatar.com\\\/avatar\\\/b6992f131dc8d30ab0dff15446e9d346d9dbd95992de0fef795073f5ea83a81c?s=96&d=mm&r=g\",\"caption\":\"La Gu\u00eda de Pamplona\"}}]}<\/script>\n<!-- \/ Yoast SEO plugin. -->","yoast_head_json":{"title":"El Ayuntamiento aprueba el expediente de contrataci\u00f3n de la gesti\u00f3n del servicio de atenci\u00f3n integral a las mujeres y a sus hijos e hijas en situaci\u00f3n de dificultad social","description":"Estas familias reciben apoyo desde el programa municipal \u2018Date una oportunidad\u2019 para superar situaciones relacionadas con violencia de g\u00e9nero","robots":{"index":"index","follow":"follow","max-snippet":"max-snippet:-1","max-image-preview":"max-image-preview:large","max-video-preview":"max-video-preview:-1"},"canonical":"https:\/\/www.laguiadepamplona.com\/actualidad\/el-ayuntamiento-aprueba-el-expediente-de-contratacion-de-la-gestion-del-servicio-de-atencion-integral-a-las-mujeres-y-a-sus-hijos-e-hijas-en-situacion-de-dificultad-social\/","og_locale":"es_ES","og_type":"article","og_title":"El Ayuntamiento aprueba el expediente de contrataci\u00f3n de la gesti\u00f3n del servicio de atenci\u00f3n integral a las mujeres y a sus hijos e hijas en situaci\u00f3n de dificultad social","og_description":"Estas familias reciben apoyo desde el programa municipal \u2018Date una oportunidad\u2019 para superar situaciones relacionadas con violencia de g\u00e9nero","og_url":"https:\/\/www.laguiadepamplona.com\/actualidad\/el-ayuntamiento-aprueba-el-expediente-de-contratacion-de-la-gestion-del-servicio-de-atencion-integral-a-las-mujeres-y-a-sus-hijos-e-hijas-en-situacion-de-dificultad-social\/","og_site_name":"La Gu\u00eda de Pamplona","article_publisher":"https:\/\/www.facebook.com\/laguiadepamplonacom-133175176762273\/?ref=hl","article_published_time":"2023-02-14T16:34:08+00:00","article_modified_time":"2023-04-11T09:47:12+00:00","og_image":[{"width":1920,"height":1245,"url":"https:\/\/www.laguiadepamplona.com\/actualidad\/wp-content\/uploads\/2022\/08\/reloj_ayuntamiento.webp","type":"image\/webp"}],"author":"La Gu\u00eda de Pamplona","twitter_card":"summary_large_image","twitter_creator":"@LaGuiadPamplona","twitter_site":"@LaGuiadPamplona","twitter_misc":{"Escrito por":"La Gu\u00eda de Pamplona","Tiempo de lectura":"3 minutos"},"schema":{"@context":"https:\/\/schema.org","@graph":[{"@type":"Article","@id":"https:\/\/www.laguiadepamplona.com\/actualidad\/el-ayuntamiento-aprueba-el-expediente-de-contratacion-de-la-gestion-del-servicio-de-atencion-integral-a-las-mujeres-y-a-sus-hijos-e-hijas-en-situacion-de-dificultad-social\/#article","isPartOf":{"@id":"https:\/\/www.laguiadepamplona.com\/actualidad\/el-ayuntamiento-aprueba-el-expediente-de-contratacion-de-la-gestion-del-servicio-de-atencion-integral-a-las-mujeres-y-a-sus-hijos-e-hijas-en-situacion-de-dificultad-social\/"},"author":{"name":"La Gu\u00eda de Pamplona","@id":"https:\/\/www.laguiadepamplona.com\/actualidad\/#\/schema\/person\/efe887376f0213d4657c93adc50b1fdb"},"headline":"El Ayuntamiento aprueba el expediente de contrataci\u00f3n de la gesti\u00f3n del servicio de atenci\u00f3n integral a las mujeres y a sus hijos e hijas en situaci\u00f3n de dificultad social","datePublished":"2023-02-14T16:34:08+00:00","dateModified":"2023-04-11T09:47:12+00:00","mainEntityOfPage":{"@id":"https:\/\/www.laguiadepamplona.com\/actualidad\/el-ayuntamiento-aprueba-el-expediente-de-contratacion-de-la-gestion-del-servicio-de-atencion-integral-a-las-mujeres-y-a-sus-hijos-e-hijas-en-situacion-de-dificultad-social\/"},"wordCount":514,"commentCount":0,"publisher":{"@id":"https:\/\/www.laguiadepamplona.com\/actualidad\/#organization"},"image":{"@id":"https:\/\/www.laguiadepamplona.com\/actualidad\/el-ayuntamiento-aprueba-el-expediente-de-contratacion-de-la-gestion-del-servicio-de-atencion-integral-a-las-mujeres-y-a-sus-hijos-e-hijas-en-situacion-de-dificultad-social\/#primaryimage"},"thumbnailUrl":"https:\/\/www.laguiadepamplona.com\/actualidad\/wp-content\/uploads\/2022\/08\/reloj_ayuntamiento.webp","articleSection":["Ayto Pamplona"],"inLanguage":"es","potentialAction":[{"@type":"CommentAction","name":"Comment","target":["https:\/\/www.laguiadepamplona.com\/actualidad\/el-ayuntamiento-aprueba-el-expediente-de-contratacion-de-la-gestion-del-servicio-de-atencion-integral-a-las-mujeres-y-a-sus-hijos-e-hijas-en-situacion-de-dificultad-social\/#respond"]}]},{"@type":"WebPage","@id":"https:\/\/www.laguiadepamplona.com\/actualidad\/el-ayuntamiento-aprueba-el-expediente-de-contratacion-de-la-gestion-del-servicio-de-atencion-integral-a-las-mujeres-y-a-sus-hijos-e-hijas-en-situacion-de-dificultad-social\/","url":"https:\/\/www.laguiadepamplona.com\/actualidad\/el-ayuntamiento-aprueba-el-expediente-de-contratacion-de-la-gestion-del-servicio-de-atencion-integral-a-las-mujeres-y-a-sus-hijos-e-hijas-en-situacion-de-dificultad-social\/","name":"El Ayuntamiento aprueba el expediente de contrataci\u00f3n de la gesti\u00f3n del servicio de atenci\u00f3n integral a las mujeres y a sus hijos e hijas en situaci\u00f3n de dificultad social","isPartOf":{"@id":"https:\/\/www.laguiadepamplona.com\/actualidad\/#website"},"primaryImageOfPage":{"@id":"https:\/\/www.laguiadepamplona.com\/actualidad\/el-ayuntamiento-aprueba-el-expediente-de-contratacion-de-la-gestion-del-servicio-de-atencion-integral-a-las-mujeres-y-a-sus-hijos-e-hijas-en-situacion-de-dificultad-social\/#primaryimage"},"image":{"@id":"https:\/\/www.laguiadepamplona.com\/actualidad\/el-ayuntamiento-aprueba-el-expediente-de-contratacion-de-la-gestion-del-servicio-de-atencion-integral-a-las-mujeres-y-a-sus-hijos-e-hijas-en-situacion-de-dificultad-social\/#primaryimage"},"thumbnailUrl":"https:\/\/www.laguiadepamplona.com\/actualidad\/wp-content\/uploads\/2022\/08\/reloj_ayuntamiento.webp","datePublished":"2023-02-14T16:34:08+00:00","dateModified":"2023-04-11T09:47:12+00:00","description":"Estas familias reciben apoyo desde el programa municipal \u2018Date una oportunidad\u2019 para superar situaciones relacionadas con violencia de g\u00e9nero","breadcrumb":{"@id":"https:\/\/www.laguiadepamplona.com\/actualidad\/el-ayuntamiento-aprueba-el-expediente-de-contratacion-de-la-gestion-del-servicio-de-atencion-integral-a-las-mujeres-y-a-sus-hijos-e-hijas-en-situacion-de-dificultad-social\/#breadcrumb"},"inLanguage":"es","potentialAction":[{"@type":"ReadAction","target":["https:\/\/www.laguiadepamplona.com\/actualidad\/el-ayuntamiento-aprueba-el-expediente-de-contratacion-de-la-gestion-del-servicio-de-atencion-integral-a-las-mujeres-y-a-sus-hijos-e-hijas-en-situacion-de-dificultad-social\/"]}]},{"@type":"ImageObject","inLanguage":"es","@id":"https:\/\/www.laguiadepamplona.com\/actualidad\/el-ayuntamiento-aprueba-el-expediente-de-contratacion-de-la-gestion-del-servicio-de-atencion-integral-a-las-mujeres-y-a-sus-hijos-e-hijas-en-situacion-de-dificultad-social\/#primaryimage","url":"https:\/\/www.laguiadepamplona.com\/actualidad\/wp-content\/uploads\/2022\/08\/reloj_ayuntamiento.webp","contentUrl":"https:\/\/www.laguiadepamplona.com\/actualidad\/wp-content\/uploads\/2022\/08\/reloj_ayuntamiento.webp","width":1920,"height":1245,"caption":"ayuntamiento"},{"@type":"BreadcrumbList","@id":"https:\/\/www.laguiadepamplona.com\/actualidad\/el-ayuntamiento-aprueba-el-expediente-de-contratacion-de-la-gestion-del-servicio-de-atencion-integral-a-las-mujeres-y-a-sus-hijos-e-hijas-en-situacion-de-dificultad-social\/#breadcrumb","itemListElement":[{"@type":"ListItem","position":1,"name":"Portada","item":"https:\/\/www.laguiadepamplona.com\/actualidad\/"},{"@type":"ListItem","position":2,"name":"El Ayuntamiento aprueba el expediente de contrataci\u00f3n de la gesti\u00f3n del servicio de atenci\u00f3n integral a las mujeres y a sus hijos e hijas en situaci\u00f3n de dificultad social"}]},{"@type":"WebSite","@id":"https:\/\/www.laguiadepamplona.com\/actualidad\/#website","url":"https:\/\/www.laguiadepamplona.com\/actualidad\/","name":"La gu\u00eda de Pamplona","description":"Noticias de Pamplona","publisher":{"@id":"https:\/\/www.laguiadepamplona.com\/actualidad\/#organization"},"potentialAction":[{"@type":"SearchAction","target":{"@type":"EntryPoint","urlTemplate":"https:\/\/www.laguiadepamplona.com\/actualidad\/?s={search_term_string}"},"query-input":{"@type":"PropertyValueSpecification","valueRequired":true,"valueName":"search_term_string"}}],"inLanguage":"es"},{"@type":"Organization","@id":"https:\/\/www.laguiadepamplona.com\/actualidad\/#organization","name":"La Gu\u00eda de Pamplona \/ Noticias","url":"https:\/\/www.laguiadepamplona.com\/actualidad\/","logo":{"@type":"ImageObject","inLanguage":"es","@id":"https:\/\/www.laguiadepamplona.com\/actualidad\/#\/schema\/logo\/image\/","url":"https:\/\/www.laguiadepamplona.com\/actualidad\/wp-content\/uploads\/2018\/11\/logo-laguiadepamplona18-web1.png","contentUrl":"https:\/\/www.laguiadepamplona.com\/actualidad\/wp-content\/uploads\/2018\/11\/logo-laguiadepamplona18-web1.png","width":600,"height":196,"caption":"La Gu\u00eda de Pamplona \/ Noticias"},"image":{"@id":"https:\/\/www.laguiadepamplona.com\/actualidad\/#\/schema\/logo\/image\/"},"sameAs":["https:\/\/www.facebook.com\/laguiadepamplonacom-133175176762273\/?ref=hl","https:\/\/x.com\/LaGuiadPamplona","https:\/\/www.instagram.com\/la_guia_de_pamplona\/","https:\/\/www.youtube.com\/user\/laguiadepamplona"]},{"@type":"Person","@id":"https:\/\/www.laguiadepamplona.com\/actualidad\/#\/schema\/person\/efe887376f0213d4657c93adc50b1fdb","name":"La Gu\u00eda de Pamplona","image":{"@type":"ImageObject","inLanguage":"es","@id":"https:\/\/secure.gravatar.com\/avatar\/b6992f131dc8d30ab0dff15446e9d346d9dbd95992de0fef795073f5ea83a81c?s=96&d=mm&r=g","url":"https:\/\/secure.gravatar.com\/avatar\/b6992f131dc8d30ab0dff15446e9d346d9dbd95992de0fef795073f5ea83a81c?s=96&d=mm&r=g","contentUrl":"https:\/\/secure.gravatar.com\/avatar\/b6992f131dc8d30ab0dff15446e9d346d9dbd95992de0fef795073f5ea83a81c?s=96&d=mm&r=g","caption":"La Gu\u00eda de Pamplona"}}]}},"post_mailing_queue_ids":[],"_links":{"self":[{"href":"https:\/\/www.laguiadepamplona.com\/actualidad\/wp-json\/wp\/v2\/posts\/42866","targetHints":{"allow":["GET"]}}],"collection":[{"href":"https:\/\/www.laguiadepamplona.com\/actualidad\/wp-json\/wp\/v2\/posts"}],"about":[{"href":"https:\/\/www.laguiadepamplona.com\/actualidad\/wp-json\/wp\/v2\/types\/post"}],"author":[{"embeddable":true,"href":"https:\/\/www.laguiadepamplona.com\/actualidad\/wp-json\/wp\/v2\/users\/1"}],"replies":[{"embeddable":true,"href":"https:\/\/www.laguiadepamplona.com\/actualidad\/wp-json\/wp\/v2\/comments?post=42866"}],"version-history":[{"count":0,"href":"https:\/\/www.laguiadepamplona.com\/actualidad\/wp-json\/wp\/v2\/posts\/42866\/revisions"}],"wp:featuredmedia":[{"embeddable":true,"href":"https:\/\/www.laguiadepamplona.com\/actualidad\/wp-json\/wp\/v2\/media\/41391"}],"wp:attachment":[{"href":"https:\/\/www.laguiadepamplona.com\/actualidad\/wp-json\/wp\/v2\/media?parent=42866"}],"wp:term":[{"taxonomy":"category","embeddable":true,"href":"https:\/\/www.laguiadepamplona.com\/actualidad\/wp-json\/wp\/v2\/categories?post=42866"},{"taxonomy":"post_tag","embeddable":true,"href":"https:\/\/www.laguiadepamplona.com\/actualidad\/wp-json\/wp\/v2\/tags?post=42866"}],"curies":[{"name":"wp","href":"https:\/\/api.w.org\/{rel}","templated":true}]}}