{"id":42858,"date":"2023-02-13T13:50:57","date_gmt":"2023-02-13T11:50:57","guid":{"rendered":"https:\/\/www.laguiadepamplona.com\/actualidad\/?p=42858"},"modified":"2023-04-11T11:47:13","modified_gmt":"2023-04-11T09:47:13","slug":"propuesta-de-actividades-organizadas-por-el-ayuntamiento-de-pamplona-del-14-al-16-de-febrero-con-plazas-libres","status":"publish","type":"post","link":"https:\/\/www.laguiadepamplona.com\/actualidad\/propuesta-de-actividades-organizadas-por-el-ayuntamiento-de-pamplona-del-14-al-16-de-febrero-con-plazas-libres\/","title":{"rendered":"Propuesta de actividades organizadas por el Ayuntamiento de Pamplona del 14 al 16 de febrero con plazas libres"},"content":{"rendered":"<p><!--more--><\/p>\n<p><strong>MARTES 14 DE FEBRERO<\/strong><\/p>\n<p><a href=\"https:\/\/www.pamplona.es\/actualidad\/eventos\/heroinas-de-cine-proyeccion-cinematografica-nomadland-de-chloe-zaho-civivox\">Hero\u00ednas de cine. Proyecci\u00f3n cinematogr\u00e1fica. \u2018Nomadland\u2019, de Chlo\u00e9 Zaho<\/a>. Civivox San Jorge, 18 horas. Entrada libre, previa inscripci\u00f3n en el tel\u00e9fono 010, la red Civivox y <a href=\"http:\/\/www.pamplonaescultura.es\">www.pamplonaescultura.es<\/a><\/p>\n<p>Fern, tras perder su empleo como consecuencia de una crisis global, inicia un viaje f\u00edsico y vital por el oeste americano viviendo como una n\u00f3mada en una caravana. Una <em>road movie<\/em> moderna que roza el western y la cr\u00edtica social para ver el reverso del sue\u00f1o americano desde el punto de vista de un personaje rico y complejo, interpretado por la magn\u00edfica Frances Mcdormand, \u00d3scar a la Mejor Pel\u00edcula y a la Mejor Interpretaci\u00f3n Femenina en 2020.<\/p>\n<p><a href=\"https:\/\/www.pamplona.es\/actualidad\/eventos\/cafeteando-tarde-de-juegos-de-mesa-casa-de-la-juventud-1\">Cafeteando. Tarde de juegos. Casa de la Juventud<\/a>, 18.30 horas. Entrada libre<\/p>\n<p>Para este martes se han preparado juegos como \u2018\u00a1Qu\u00e9date con una!\u2019 y \u2018La historia encadenada\u2019. Con estos juegos se pretende que quienes participen pasen un rato entretenido, divirti\u00e9ndose y ech\u00e1ndose unas risas.<\/p>\n<p><a href=\"https:\/\/www.pamplona.es\/actualidad\/eventos\/cine-en-euskera-dardara-civivox-condestable\">Proyecci\u00f3n de documental en euskera. \u2018Dardara\u2019. Civivox Condestable<\/a>, 19.30 horas. Entrada libre hasta completar aforo.<\/p>\n<p>Pel\u00edcula rodada durante la gira \u2018Ikusi arte\u2019, tour de despedida del grupo musical Berri Txarrak. \u2018Dardara\u2019 es un documental que avanza a trav\u00e9s de las letras y reflexiones de Gorka Urbizu, autor de las canciones del grupo durante un cuarto de siglo y que ahora se enfrenta al v\u00e9rtigo de un futuro creativo por escribir. Una pel\u00edcula sobre el poder de la m\u00fasica y la pasi\u00f3n, la misma que les ha guiado desde sus inicios hasta esta \u00faltima gira y con la que han logrado formar parte importante de la vida de miles de personas. Actividad organizada por el Ayuntamiento de Pamplona y el Ateneo Navarro.<\/p>\n<p><a href=\"https:\/\/www.pamplona.es\/actualidad\/eventos\/concierto-de-la-rondalla-armonia-escuela-de-musica-joaquin-maya\">Concierto de la Rondalla Armon\u00eda. Escuela de M\u00fasica Joaqu\u00edn Maya<\/a>, 19.30 horas. Entrada libre hasta completar el aforo<\/p>\n<p>La Rondalla Armon\u00eda se constituy\u00f3 en Pamplona en abril de 2010 como asociaci\u00f3n sin \u00e1nimo de lucro para el estudio e interpretaci\u00f3n instrumental y vocal de la m\u00fasica, siendo la afici\u00f3n a \u00e9sta el v\u00ednculo de uni\u00f3n de las personas fundadoras. Su actividad cultural principal es ofrecer conciertos, dirigidos principalmente a personas mayores de edad.<br \/>\n<script async src=\"\/\/pagead2.googlesyndication.com\/pagead\/js\/adsbygoogle.js\"><\/script><br \/>\n<!-- Noticias La Guia de Pamplona --><br \/>\n<ins class=\"adsbygoogle\"\nstyle=\"display:block\"\ndata-ad-client=\"ca-pub-6943679897239327\"\ndata-ad-slot=\"7048180777\"\ndata-ad-format=\"auto\"><\/ins><br \/>\n<script>\n(adsbygoogle = window.adsbygoogle || []).push({});\n<\/script><\/p>\n<p>&nbsp;<\/p>\n<p>MI\u00c9RCOLES 15 DE FEBRERO<\/p>\n<p><a href=\"https:\/\/www.pamplona.es\/actualidad\/eventos\/taller-entiende-tu-factura-energetica-museo-de-educacion-ambiental\">Escuela de Sostenibilidad. Taller. Entiende las facturas energ\u00e9ticas. Museo de Educaci\u00f3n Ambiental<\/a>, 18 horas. Inscripci\u00f3n en el tel\u00e9fono 010<\/p>\n<p>\u00bfEntiendes tu factura ele\u0301ctrica y del gas? Esta charla profundiza en el origen y los costes de los recibos de la luz y del gas, como la potencia contratada o la energi\u0301a utilizada, para poder elegir unas mejores condiciones. Tambie\u0301n se informara\u0301 sobre las posibilidades de la actual normativa para el autoconsumo ele\u0301ctrico con energi\u0301as renovables. Imparte la sesi\u00f3n personal de la Agencia Energ\u00e9tica Municipal de Pamplona.<\/p>\n<p><a href=\"https:\/\/www.pamplona.es\/actualidad\/eventos\/animacion-la-lectura-club-de-lectura-en-euskera-biblioteca-publica-de-milagrosa\">Animaci\u00f3n a la lectura. Club de lectura en euskera<\/a>. Biblioteca P\u00fablica de Milagrosa, 18.30 horas. Inscripci\u00f3n en la biblioteca, el tel\u00e9fono 948 24 54 60 o <a href=\"mailto:biblimil@navarra.es\">biblimil@navarra.es<\/a><\/p>\n<p>Se comentar\u00e1 el libro\u00a0<strong>\u201c33 ezkil\u201d<\/strong>, de Miren Gorrotxategi Azkune. La novela describe c\u00f3mo en el caser\u00edo Garizmendi han aparecido huesos humanos que obligan a los familiares, el matrimonio formado por Ferm\u00edn y Carmen, a llamar a su hijo N\u00e9stor para que \u00e9ste se ponga en contacto con la Ertzaintza.<\/p>\n<p><a href=\"https:\/\/www.pamplona.es\/actualidad\/eventos\/ver-oir-aplaudir-proyeccion-cinematografica-dunkerque-de-christopher-nolan\">Ver, o\u00edr, aplaudir. Proyecci\u00f3n cinematogr\u00e1fica. \u2018Dunkerque\u2019, de Christopher Nolan<\/a>. Civivox Iturrama, 19 horas. Entrada libre, previa inscripci\u00f3n en el 010, la red Civivox y <a href=\"http:\/\/www.pamplonaescultura.es\">www.pamplonaescultura.es<\/a><\/p>\n<p>A\u00f1o 1940, Segunda Guerra Mundial. En las playas de Dunkerque, cientos de miles de soldados de las tropas brit\u00e1nicas y francesas se encuentran rodeados por el avance del ej\u00e9rcito alem\u00e1n que ha invadido Francia. 8 nominaciones y 3 premios \u00d3scar (montaje, sonido, efectos sonoros).\u00a0 Proyecci\u00f3n en DVD con sistema de audiodescripci\u00f3n. Programa de accesibilidad universal en colaboraci\u00f3n con Retina Navarra.<\/p>\n<p><a href=\"https:\/\/www.pamplona.es\/actualidad\/eventos\/cafeteando-charla-hablamos-derelaciones-afectivas-saludables-casa-de-la-juventud\">Cafeteando. Hablamos de\u2026 relaciones afectivas saludables<\/a>. Casa de la Juventud, 19 horas. Entrada libre hasta completar el aforo<\/p>\n<p>Aprovechando que estamos en febrero, el mes de San Valent\u00edn\u2026 \u00bfC\u00f3mo cre\u00e9is que deber\u00edan ser las relaciones afectivas saludables? La asesora psicol\u00f3gica de la Casa de la Juventud nos presentar\u00e1 el tema y podremos expresar dudas, opiniones, ideas y experiencias.<\/p>\n<p><a href=\"https:\/\/www.pamplona.es\/actualidad\/eventos\/bertsoaroa-recital-de-bertsos-juvenil-centro-laba\">Bertsoaroa. Recital de bertsos juvenil. Centro LABA<\/a>, 19 horas. Entrada libre hasta completar el aforo<\/p>\n<p><strong>Participar\u00e1n <\/strong>Be\u00f1at Astiz, Bittori Elizalde, Eki Mateorena, Irantzu Idoate, Izaro Bilbao, Maddi Agirre. Presentadora: Iratxe Muxika. Hace ya a\u00f1os que Bertsoaroa hace sitio tambi\u00e9n a bertsolaris j\u00f3venes. Este a\u00f1o tambi\u00e9n se mantiene la apuesta, que dar\u00e1 la oportunidad de practicar y cantar en p\u00fablico a aquellos que son presente y futuro del bertsolarismo. Sobre el escenario habr\u00e1 bertsolaris j\u00f3venes, de Navarra y de otros territorios, una muestra del bertsolarismo de las nuevas generaciones.<br \/>\n<script async src=\"\/\/pagead2.googlesyndication.com\/pagead\/js\/adsbygoogle.js\"><\/script><br \/>\n<!-- Noticias La Guia de Pamplona --><br \/>\n<ins class=\"adsbygoogle\"\nstyle=\"display:block\"\ndata-ad-client=\"ca-pub-6943679897239327\"\ndata-ad-slot=\"7048180777\"\ndata-ad-format=\"auto\"><\/ins><br \/>\n<script>\n(adsbygoogle = window.adsbygoogle || []).push({});\n<\/script><\/p>\n<p>&nbsp;<\/p>\n<p><strong>JUEVES 16 DE FEBRERO<\/strong><\/p>\n<p><a href=\"https:\/\/www.pamplona.es\/actualidad\/eventos\/taller-infantil-palabras-para-leer-el-mundo-biblioteca-publica-de-milagrosa\">Taller infantil. Palabras para leer el mundo. Biblioteca P\u00fablica de Milagrosa<\/a>, 17 horas. Inscripciones en la biblioteca, en el tel\u00e9fono 948 24 54 60 o en <a href=\"mailto:biblimil@navarra.es\">biblimil@navarra.es<\/a><\/p>\n<p>Taller guiado por Esther Guibert, en el que a trav\u00e9s de sesiones mensuales se abordan temas hist\u00f3ricos y de actualidad pol\u00edtica y social, en esta sesi\u00f3n se profundizar\u00e1 sobre los derechos humanos y la abolici\u00f3n de la pena de muerte. Se proyectar\u00e1 la pel\u00edcula\u00a0<strong>\u2018La viuda de Saint-Pierre\u2019<\/strong> de Patrice Leconte.<\/p>\n<p><a href=\"https:\/\/www.pamplona.es\/actualidad\/eventos\/cuentacuentos-con-kamishibai-biblioteca-de-yamaguchi\">Cuentacuentos con kamishibai. Biblioteca P\u00fablica de Yamaguchi<\/a>, 18 horas. Entrada libre, previa retirada de invitaciones en la biblioteca, en tel\u00e9fono 948 26 40 28 o <a href=\"mailto:bibliyam@cfnavarra.es\">bibliyam@cfnavarra.es<\/a><\/p>\n<p>La Biblioteca P\u00fablica de Yamaguchi acoge este jueves un cuentacuentos con kamishibai en una sesi\u00f3n que impartir\u00e1 Loli Franc\u00e9s. La actividad est\u00e1 dirigida a p\u00fablico infantil mayor de 4 a\u00f1os.<\/p>\n<p><a href=\"https:\/\/www.pamplona.es\/actualidad\/eventos\/taller-de-mentoria-social-biblioteca-publica-de-yamaguchi\">Taller de mentor\u00eda social. Biblioteca P\u00fablica de Yamaguchi<\/a>, 18 horas. Inscripci\u00f3n en la biblioteca, en tel\u00e9fono 948 26 40 28 o <a href=\"mailto:bibliyam@cfnavarra.es\">bibliyam@cfnavarra.es<\/a><\/p>\n<p>Taller informativo sobre el programa de atenci\u00f3n integral a j\u00f3venes migrantes sin apoyo familiar en Navarra. Imparte Kideak. Actividad en colaboraci\u00f3n con el Gobierno de Navarra.<\/p>\n<p><a href=\"https:\/\/www.pamplona.es\/actualidad\/eventos\/oh-diosas-amadas-conferencia-marosa-di-giorgio-cabeza-de-chamana-y-otros\">Oh diosas amadas. Conferencia. \u2018Marosa di Giorgio: cabeza de chamana y otros rituales nocturnos\u2019.<\/a> Civivox Condestable, 19 horas. Entrada libre, previa inscripci\u00f3n en el 010, la red Civivox y <a href=\"http:\/\/www.pamplonaescultura.es\">www.pamplonaescultura.es<\/a><\/p>\n<p>M\u00f3nica Ojeda, una de las voces m\u00e1s extraordinarias de la literatura contempor\u00e1nea, que ha construido una turbadora voz propia, un estilo portentoso y un universo reconocible habitado por oscuridades, violencias, heridas y miedos, desplegando todo esto con igual maestr\u00eda tanto en novela, cuento, como poes\u00eda, escoge a Marosa di Giorgio, autora uruguaya de culto, \u00fanica en su propuesta literaria, para esta segunda sesi\u00f3n del ciclo.<\/p>\n<p><a href=\"https:\/\/www.pamplona.es\/actualidad\/eventos\/cafeteando-el-jueves-me-entero-como-se-pone-en-marcha-una-asociacion-juvenil\">Cafeteando. El jueves me entero: como se pone en marcha una asociaci\u00f3n juvenil<\/a>. Casa de la Juventud, 19 horas. Entrada libre hasta completar el aforo<\/p>\n<p>Son muchas las personas j\u00f3venes con proyectos e ideas que poner en marcha y una herramienta para ello es la constituci\u00f3n de una asociaci\u00f3n juvenil. Leyre, alumna en pr\u00e1cticas de la Asesor\u00eda Jur\u00eddica, nos informar\u00e1 este jueves sobre c\u00f3mo constituir una asociaci\u00f3n juvenil \u00a1Te esperamos!<\/p>\n","protected":false},"excerpt":{"rendered":"","protected":false},"author":1,"featured_media":41391,"comment_status":"open","ping_status":"closed","sticky":false,"template":"","format":"standard","meta":{"footnotes":""},"categories":[2],"tags":[],"class_list":["post-42858","post","type-post","status-publish","format-standard","has-post-thumbnail","hentry","category-ayuntamiento-pamplona"],"yoast_head":"<!-- This site is optimized with the Yoast SEO plugin v27.3 - https:\/\/yoast.com\/product\/yoast-seo-wordpress\/ -->\n<title>Propuesta de actividades organizadas por el Ayuntamiento de Pamplona del 14 al 16 de febrero con plazas libres<\/title>\n<meta name=\"robots\" content=\"index, follow, max-snippet:-1, max-image-preview:large, max-video-preview:-1\" \/>\n<link rel=\"canonical\" href=\"https:\/\/www.laguiadepamplona.com\/actualidad\/propuesta-de-actividades-organizadas-por-el-ayuntamiento-de-pamplona-del-14-al-16-de-febrero-con-plazas-libres\/\" \/>\n<meta property=\"og:locale\" content=\"es_ES\" \/>\n<meta property=\"og:type\" content=\"article\" \/>\n<meta property=\"og:title\" content=\"Propuesta de actividades organizadas por el Ayuntamiento de Pamplona del 14 al 16 de febrero con plazas libres\" \/>\n<meta property=\"og:url\" content=\"https:\/\/www.laguiadepamplona.com\/actualidad\/propuesta-de-actividades-organizadas-por-el-ayuntamiento-de-pamplona-del-14-al-16-de-febrero-con-plazas-libres\/\" \/>\n<meta property=\"og:site_name\" content=\"La Gu\u00eda de Pamplona\" \/>\n<meta property=\"article:publisher\" content=\"https:\/\/www.facebook.com\/laguiadepamplonacom-133175176762273\/?ref=hl\" \/>\n<meta property=\"article:published_time\" content=\"2023-02-13T11:50:57+00:00\" \/>\n<meta property=\"article:modified_time\" content=\"2023-04-11T09:47:13+00:00\" \/>\n<meta property=\"og:image\" content=\"https:\/\/www.laguiadepamplona.com\/actualidad\/wp-content\/uploads\/2022\/08\/reloj_ayuntamiento.webp\" \/>\n\t<meta property=\"og:image:width\" content=\"1920\" \/>\n\t<meta property=\"og:image:height\" content=\"1245\" \/>\n\t<meta property=\"og:image:type\" content=\"image\/webp\" \/>\n<meta name=\"author\" content=\"La Gu\u00eda de Pamplona\" \/>\n<meta name=\"twitter:card\" content=\"summary_large_image\" \/>\n<meta name=\"twitter:creator\" content=\"@LaGuiadPamplona\" \/>\n<meta name=\"twitter:site\" content=\"@LaGuiadPamplona\" \/>\n<meta name=\"twitter:label1\" content=\"Escrito por\" \/>\n\t<meta name=\"twitter:data1\" content=\"La Gu\u00eda de Pamplona\" \/>\n\t<meta name=\"twitter:label2\" content=\"Tiempo de lectura\" \/>\n\t<meta name=\"twitter:data2\" content=\"6 minutos\" \/>\n<script type=\"application\/ld+json\" class=\"yoast-schema-graph\">{\"@context\":\"https:\\\/\\\/schema.org\",\"@graph\":[{\"@type\":\"Article\",\"@id\":\"https:\\\/\\\/www.laguiadepamplona.com\\\/actualidad\\\/propuesta-de-actividades-organizadas-por-el-ayuntamiento-de-pamplona-del-14-al-16-de-febrero-con-plazas-libres\\\/#article\",\"isPartOf\":{\"@id\":\"https:\\\/\\\/www.laguiadepamplona.com\\\/actualidad\\\/propuesta-de-actividades-organizadas-por-el-ayuntamiento-de-pamplona-del-14-al-16-de-febrero-con-plazas-libres\\\/\"},\"author\":{\"name\":\"La Gu\u00eda de Pamplona\",\"@id\":\"https:\\\/\\\/www.laguiadepamplona.com\\\/actualidad\\\/#\\\/schema\\\/person\\\/efe887376f0213d4657c93adc50b1fdb\"},\"headline\":\"Propuesta de actividades organizadas por el Ayuntamiento de Pamplona del 14 al 16 de febrero con plazas libres\",\"datePublished\":\"2023-02-13T11:50:57+00:00\",\"dateModified\":\"2023-04-11T09:47:13+00:00\",\"mainEntityOfPage\":{\"@id\":\"https:\\\/\\\/www.laguiadepamplona.com\\\/actualidad\\\/propuesta-de-actividades-organizadas-por-el-ayuntamiento-de-pamplona-del-14-al-16-de-febrero-con-plazas-libres\\\/\"},\"wordCount\":1198,\"commentCount\":0,\"publisher\":{\"@id\":\"https:\\\/\\\/www.laguiadepamplona.com\\\/actualidad\\\/#organization\"},\"image\":{\"@id\":\"https:\\\/\\\/www.laguiadepamplona.com\\\/actualidad\\\/propuesta-de-actividades-organizadas-por-el-ayuntamiento-de-pamplona-del-14-al-16-de-febrero-con-plazas-libres\\\/#primaryimage\"},\"thumbnailUrl\":\"https:\\\/\\\/www.laguiadepamplona.com\\\/actualidad\\\/wp-content\\\/uploads\\\/2022\\\/08\\\/reloj_ayuntamiento.webp\",\"articleSection\":[\"Ayto Pamplona\"],\"inLanguage\":\"es\",\"potentialAction\":[{\"@type\":\"CommentAction\",\"name\":\"Comment\",\"target\":[\"https:\\\/\\\/www.laguiadepamplona.com\\\/actualidad\\\/propuesta-de-actividades-organizadas-por-el-ayuntamiento-de-pamplona-del-14-al-16-de-febrero-con-plazas-libres\\\/#respond\"]}]},{\"@type\":\"WebPage\",\"@id\":\"https:\\\/\\\/www.laguiadepamplona.com\\\/actualidad\\\/propuesta-de-actividades-organizadas-por-el-ayuntamiento-de-pamplona-del-14-al-16-de-febrero-con-plazas-libres\\\/\",\"url\":\"https:\\\/\\\/www.laguiadepamplona.com\\\/actualidad\\\/propuesta-de-actividades-organizadas-por-el-ayuntamiento-de-pamplona-del-14-al-16-de-febrero-con-plazas-libres\\\/\",\"name\":\"Propuesta de actividades organizadas por el Ayuntamiento de Pamplona del 14 al 16 de febrero con plazas libres\",\"isPartOf\":{\"@id\":\"https:\\\/\\\/www.laguiadepamplona.com\\\/actualidad\\\/#website\"},\"primaryImageOfPage\":{\"@id\":\"https:\\\/\\\/www.laguiadepamplona.com\\\/actualidad\\\/propuesta-de-actividades-organizadas-por-el-ayuntamiento-de-pamplona-del-14-al-16-de-febrero-con-plazas-libres\\\/#primaryimage\"},\"image\":{\"@id\":\"https:\\\/\\\/www.laguiadepamplona.com\\\/actualidad\\\/propuesta-de-actividades-organizadas-por-el-ayuntamiento-de-pamplona-del-14-al-16-de-febrero-con-plazas-libres\\\/#primaryimage\"},\"thumbnailUrl\":\"https:\\\/\\\/www.laguiadepamplona.com\\\/actualidad\\\/wp-content\\\/uploads\\\/2022\\\/08\\\/reloj_ayuntamiento.webp\",\"datePublished\":\"2023-02-13T11:50:57+00:00\",\"dateModified\":\"2023-04-11T09:47:13+00:00\",\"breadcrumb\":{\"@id\":\"https:\\\/\\\/www.laguiadepamplona.com\\\/actualidad\\\/propuesta-de-actividades-organizadas-por-el-ayuntamiento-de-pamplona-del-14-al-16-de-febrero-con-plazas-libres\\\/#breadcrumb\"},\"inLanguage\":\"es\",\"potentialAction\":[{\"@type\":\"ReadAction\",\"target\":[\"https:\\\/\\\/www.laguiadepamplona.com\\\/actualidad\\\/propuesta-de-actividades-organizadas-por-el-ayuntamiento-de-pamplona-del-14-al-16-de-febrero-con-plazas-libres\\\/\"]}]},{\"@type\":\"ImageObject\",\"inLanguage\":\"es\",\"@id\":\"https:\\\/\\\/www.laguiadepamplona.com\\\/actualidad\\\/propuesta-de-actividades-organizadas-por-el-ayuntamiento-de-pamplona-del-14-al-16-de-febrero-con-plazas-libres\\\/#primaryimage\",\"url\":\"https:\\\/\\\/www.laguiadepamplona.com\\\/actualidad\\\/wp-content\\\/uploads\\\/2022\\\/08\\\/reloj_ayuntamiento.webp\",\"contentUrl\":\"https:\\\/\\\/www.laguiadepamplona.com\\\/actualidad\\\/wp-content\\\/uploads\\\/2022\\\/08\\\/reloj_ayuntamiento.webp\",\"width\":1920,\"height\":1245,\"caption\":\"ayuntamiento\"},{\"@type\":\"BreadcrumbList\",\"@id\":\"https:\\\/\\\/www.laguiadepamplona.com\\\/actualidad\\\/propuesta-de-actividades-organizadas-por-el-ayuntamiento-de-pamplona-del-14-al-16-de-febrero-con-plazas-libres\\\/#breadcrumb\",\"itemListElement\":[{\"@type\":\"ListItem\",\"position\":1,\"name\":\"Portada\",\"item\":\"https:\\\/\\\/www.laguiadepamplona.com\\\/actualidad\\\/\"},{\"@type\":\"ListItem\",\"position\":2,\"name\":\"Propuesta de actividades organizadas por el Ayuntamiento de Pamplona del 14 al 16 de febrero con plazas libres\"}]},{\"@type\":\"WebSite\",\"@id\":\"https:\\\/\\\/www.laguiadepamplona.com\\\/actualidad\\\/#website\",\"url\":\"https:\\\/\\\/www.laguiadepamplona.com\\\/actualidad\\\/\",\"name\":\"La gu\u00eda de Pamplona\",\"description\":\"Noticias de Pamplona\",\"publisher\":{\"@id\":\"https:\\\/\\\/www.laguiadepamplona.com\\\/actualidad\\\/#organization\"},\"potentialAction\":[{\"@type\":\"SearchAction\",\"target\":{\"@type\":\"EntryPoint\",\"urlTemplate\":\"https:\\\/\\\/www.laguiadepamplona.com\\\/actualidad\\\/?s={search_term_string}\"},\"query-input\":{\"@type\":\"PropertyValueSpecification\",\"valueRequired\":true,\"valueName\":\"search_term_string\"}}],\"inLanguage\":\"es\"},{\"@type\":\"Organization\",\"@id\":\"https:\\\/\\\/www.laguiadepamplona.com\\\/actualidad\\\/#organization\",\"name\":\"La Gu\u00eda de Pamplona \\\/ Noticias\",\"url\":\"https:\\\/\\\/www.laguiadepamplona.com\\\/actualidad\\\/\",\"logo\":{\"@type\":\"ImageObject\",\"inLanguage\":\"es\",\"@id\":\"https:\\\/\\\/www.laguiadepamplona.com\\\/actualidad\\\/#\\\/schema\\\/logo\\\/image\\\/\",\"url\":\"https:\\\/\\\/www.laguiadepamplona.com\\\/actualidad\\\/wp-content\\\/uploads\\\/2018\\\/11\\\/logo-laguiadepamplona18-web1.png\",\"contentUrl\":\"https:\\\/\\\/www.laguiadepamplona.com\\\/actualidad\\\/wp-content\\\/uploads\\\/2018\\\/11\\\/logo-laguiadepamplona18-web1.png\",\"width\":600,\"height\":196,\"caption\":\"La Gu\u00eda de Pamplona \\\/ Noticias\"},\"image\":{\"@id\":\"https:\\\/\\\/www.laguiadepamplona.com\\\/actualidad\\\/#\\\/schema\\\/logo\\\/image\\\/\"},\"sameAs\":[\"https:\\\/\\\/www.facebook.com\\\/laguiadepamplonacom-133175176762273\\\/?ref=hl\",\"https:\\\/\\\/x.com\\\/LaGuiadPamplona\",\"https:\\\/\\\/www.instagram.com\\\/la_guia_de_pamplona\\\/\",\"https:\\\/\\\/www.youtube.com\\\/user\\\/laguiadepamplona\"]},{\"@type\":\"Person\",\"@id\":\"https:\\\/\\\/www.laguiadepamplona.com\\\/actualidad\\\/#\\\/schema\\\/person\\\/efe887376f0213d4657c93adc50b1fdb\",\"name\":\"La Gu\u00eda de Pamplona\",\"image\":{\"@type\":\"ImageObject\",\"inLanguage\":\"es\",\"@id\":\"https:\\\/\\\/secure.gravatar.com\\\/avatar\\\/b6992f131dc8d30ab0dff15446e9d346d9dbd95992de0fef795073f5ea83a81c?s=96&d=mm&r=g\",\"url\":\"https:\\\/\\\/secure.gravatar.com\\\/avatar\\\/b6992f131dc8d30ab0dff15446e9d346d9dbd95992de0fef795073f5ea83a81c?s=96&d=mm&r=g\",\"contentUrl\":\"https:\\\/\\\/secure.gravatar.com\\\/avatar\\\/b6992f131dc8d30ab0dff15446e9d346d9dbd95992de0fef795073f5ea83a81c?s=96&d=mm&r=g\",\"caption\":\"La Gu\u00eda de Pamplona\"}}]}<\/script>\n<!-- \/ Yoast SEO plugin. -->","yoast_head_json":{"title":"Propuesta de actividades organizadas por el Ayuntamiento de Pamplona del 14 al 16 de febrero con plazas libres","robots":{"index":"index","follow":"follow","max-snippet":"max-snippet:-1","max-image-preview":"max-image-preview:large","max-video-preview":"max-video-preview:-1"},"canonical":"https:\/\/www.laguiadepamplona.com\/actualidad\/propuesta-de-actividades-organizadas-por-el-ayuntamiento-de-pamplona-del-14-al-16-de-febrero-con-plazas-libres\/","og_locale":"es_ES","og_type":"article","og_title":"Propuesta de actividades organizadas por el Ayuntamiento de Pamplona del 14 al 16 de febrero con plazas libres","og_url":"https:\/\/www.laguiadepamplona.com\/actualidad\/propuesta-de-actividades-organizadas-por-el-ayuntamiento-de-pamplona-del-14-al-16-de-febrero-con-plazas-libres\/","og_site_name":"La Gu\u00eda de Pamplona","article_publisher":"https:\/\/www.facebook.com\/laguiadepamplonacom-133175176762273\/?ref=hl","article_published_time":"2023-02-13T11:50:57+00:00","article_modified_time":"2023-04-11T09:47:13+00:00","og_image":[{"width":1920,"height":1245,"url":"https:\/\/www.laguiadepamplona.com\/actualidad\/wp-content\/uploads\/2022\/08\/reloj_ayuntamiento.webp","type":"image\/webp"}],"author":"La Gu\u00eda de Pamplona","twitter_card":"summary_large_image","twitter_creator":"@LaGuiadPamplona","twitter_site":"@LaGuiadPamplona","twitter_misc":{"Escrito por":"La Gu\u00eda de Pamplona","Tiempo de lectura":"6 minutos"},"schema":{"@context":"https:\/\/schema.org","@graph":[{"@type":"Article","@id":"https:\/\/www.laguiadepamplona.com\/actualidad\/propuesta-de-actividades-organizadas-por-el-ayuntamiento-de-pamplona-del-14-al-16-de-febrero-con-plazas-libres\/#article","isPartOf":{"@id":"https:\/\/www.laguiadepamplona.com\/actualidad\/propuesta-de-actividades-organizadas-por-el-ayuntamiento-de-pamplona-del-14-al-16-de-febrero-con-plazas-libres\/"},"author":{"name":"La Gu\u00eda de Pamplona","@id":"https:\/\/www.laguiadepamplona.com\/actualidad\/#\/schema\/person\/efe887376f0213d4657c93adc50b1fdb"},"headline":"Propuesta de actividades organizadas por el Ayuntamiento de Pamplona del 14 al 16 de febrero con plazas libres","datePublished":"2023-02-13T11:50:57+00:00","dateModified":"2023-04-11T09:47:13+00:00","mainEntityOfPage":{"@id":"https:\/\/www.laguiadepamplona.com\/actualidad\/propuesta-de-actividades-organizadas-por-el-ayuntamiento-de-pamplona-del-14-al-16-de-febrero-con-plazas-libres\/"},"wordCount":1198,"commentCount":0,"publisher":{"@id":"https:\/\/www.laguiadepamplona.com\/actualidad\/#organization"},"image":{"@id":"https:\/\/www.laguiadepamplona.com\/actualidad\/propuesta-de-actividades-organizadas-por-el-ayuntamiento-de-pamplona-del-14-al-16-de-febrero-con-plazas-libres\/#primaryimage"},"thumbnailUrl":"https:\/\/www.laguiadepamplona.com\/actualidad\/wp-content\/uploads\/2022\/08\/reloj_ayuntamiento.webp","articleSection":["Ayto Pamplona"],"inLanguage":"es","potentialAction":[{"@type":"CommentAction","name":"Comment","target":["https:\/\/www.laguiadepamplona.com\/actualidad\/propuesta-de-actividades-organizadas-por-el-ayuntamiento-de-pamplona-del-14-al-16-de-febrero-con-plazas-libres\/#respond"]}]},{"@type":"WebPage","@id":"https:\/\/www.laguiadepamplona.com\/actualidad\/propuesta-de-actividades-organizadas-por-el-ayuntamiento-de-pamplona-del-14-al-16-de-febrero-con-plazas-libres\/","url":"https:\/\/www.laguiadepamplona.com\/actualidad\/propuesta-de-actividades-organizadas-por-el-ayuntamiento-de-pamplona-del-14-al-16-de-febrero-con-plazas-libres\/","name":"Propuesta de actividades organizadas por el Ayuntamiento de Pamplona del 14 al 16 de febrero con plazas libres","isPartOf":{"@id":"https:\/\/www.laguiadepamplona.com\/actualidad\/#website"},"primaryImageOfPage":{"@id":"https:\/\/www.laguiadepamplona.com\/actualidad\/propuesta-de-actividades-organizadas-por-el-ayuntamiento-de-pamplona-del-14-al-16-de-febrero-con-plazas-libres\/#primaryimage"},"image":{"@id":"https:\/\/www.laguiadepamplona.com\/actualidad\/propuesta-de-actividades-organizadas-por-el-ayuntamiento-de-pamplona-del-14-al-16-de-febrero-con-plazas-libres\/#primaryimage"},"thumbnailUrl":"https:\/\/www.laguiadepamplona.com\/actualidad\/wp-content\/uploads\/2022\/08\/reloj_ayuntamiento.webp","datePublished":"2023-02-13T11:50:57+00:00","dateModified":"2023-04-11T09:47:13+00:00","breadcrumb":{"@id":"https:\/\/www.laguiadepamplona.com\/actualidad\/propuesta-de-actividades-organizadas-por-el-ayuntamiento-de-pamplona-del-14-al-16-de-febrero-con-plazas-libres\/#breadcrumb"},"inLanguage":"es","potentialAction":[{"@type":"ReadAction","target":["https:\/\/www.laguiadepamplona.com\/actualidad\/propuesta-de-actividades-organizadas-por-el-ayuntamiento-de-pamplona-del-14-al-16-de-febrero-con-plazas-libres\/"]}]},{"@type":"ImageObject","inLanguage":"es","@id":"https:\/\/www.laguiadepamplona.com\/actualidad\/propuesta-de-actividades-organizadas-por-el-ayuntamiento-de-pamplona-del-14-al-16-de-febrero-con-plazas-libres\/#primaryimage","url":"https:\/\/www.laguiadepamplona.com\/actualidad\/wp-content\/uploads\/2022\/08\/reloj_ayuntamiento.webp","contentUrl":"https:\/\/www.laguiadepamplona.com\/actualidad\/wp-content\/uploads\/2022\/08\/reloj_ayuntamiento.webp","width":1920,"height":1245,"caption":"ayuntamiento"},{"@type":"BreadcrumbList","@id":"https:\/\/www.laguiadepamplona.com\/actualidad\/propuesta-de-actividades-organizadas-por-el-ayuntamiento-de-pamplona-del-14-al-16-de-febrero-con-plazas-libres\/#breadcrumb","itemListElement":[{"@type":"ListItem","position":1,"name":"Portada","item":"https:\/\/www.laguiadepamplona.com\/actualidad\/"},{"@type":"ListItem","position":2,"name":"Propuesta de actividades organizadas por el Ayuntamiento de Pamplona del 14 al 16 de febrero con plazas libres"}]},{"@type":"WebSite","@id":"https:\/\/www.laguiadepamplona.com\/actualidad\/#website","url":"https:\/\/www.laguiadepamplona.com\/actualidad\/","name":"La gu\u00eda de Pamplona","description":"Noticias de Pamplona","publisher":{"@id":"https:\/\/www.laguiadepamplona.com\/actualidad\/#organization"},"potentialAction":[{"@type":"SearchAction","target":{"@type":"EntryPoint","urlTemplate":"https:\/\/www.laguiadepamplona.com\/actualidad\/?s={search_term_string}"},"query-input":{"@type":"PropertyValueSpecification","valueRequired":true,"valueName":"search_term_string"}}],"inLanguage":"es"},{"@type":"Organization","@id":"https:\/\/www.laguiadepamplona.com\/actualidad\/#organization","name":"La Gu\u00eda de Pamplona \/ Noticias","url":"https:\/\/www.laguiadepamplona.com\/actualidad\/","logo":{"@type":"ImageObject","inLanguage":"es","@id":"https:\/\/www.laguiadepamplona.com\/actualidad\/#\/schema\/logo\/image\/","url":"https:\/\/www.laguiadepamplona.com\/actualidad\/wp-content\/uploads\/2018\/11\/logo-laguiadepamplona18-web1.png","contentUrl":"https:\/\/www.laguiadepamplona.com\/actualidad\/wp-content\/uploads\/2018\/11\/logo-laguiadepamplona18-web1.png","width":600,"height":196,"caption":"La Gu\u00eda de Pamplona \/ Noticias"},"image":{"@id":"https:\/\/www.laguiadepamplona.com\/actualidad\/#\/schema\/logo\/image\/"},"sameAs":["https:\/\/www.facebook.com\/laguiadepamplonacom-133175176762273\/?ref=hl","https:\/\/x.com\/LaGuiadPamplona","https:\/\/www.instagram.com\/la_guia_de_pamplona\/","https:\/\/www.youtube.com\/user\/laguiadepamplona"]},{"@type":"Person","@id":"https:\/\/www.laguiadepamplona.com\/actualidad\/#\/schema\/person\/efe887376f0213d4657c93adc50b1fdb","name":"La Gu\u00eda de Pamplona","image":{"@type":"ImageObject","inLanguage":"es","@id":"https:\/\/secure.gravatar.com\/avatar\/b6992f131dc8d30ab0dff15446e9d346d9dbd95992de0fef795073f5ea83a81c?s=96&d=mm&r=g","url":"https:\/\/secure.gravatar.com\/avatar\/b6992f131dc8d30ab0dff15446e9d346d9dbd95992de0fef795073f5ea83a81c?s=96&d=mm&r=g","contentUrl":"https:\/\/secure.gravatar.com\/avatar\/b6992f131dc8d30ab0dff15446e9d346d9dbd95992de0fef795073f5ea83a81c?s=96&d=mm&r=g","caption":"La Gu\u00eda de Pamplona"}}]}},"post_mailing_queue_ids":[],"_links":{"self":[{"href":"https:\/\/www.laguiadepamplona.com\/actualidad\/wp-json\/wp\/v2\/posts\/42858","targetHints":{"allow":["GET"]}}],"collection":[{"href":"https:\/\/www.laguiadepamplona.com\/actualidad\/wp-json\/wp\/v2\/posts"}],"about":[{"href":"https:\/\/www.laguiadepamplona.com\/actualidad\/wp-json\/wp\/v2\/types\/post"}],"author":[{"embeddable":true,"href":"https:\/\/www.laguiadepamplona.com\/actualidad\/wp-json\/wp\/v2\/users\/1"}],"replies":[{"embeddable":true,"href":"https:\/\/www.laguiadepamplona.com\/actualidad\/wp-json\/wp\/v2\/comments?post=42858"}],"version-history":[{"count":0,"href":"https:\/\/www.laguiadepamplona.com\/actualidad\/wp-json\/wp\/v2\/posts\/42858\/revisions"}],"wp:featuredmedia":[{"embeddable":true,"href":"https:\/\/www.laguiadepamplona.com\/actualidad\/wp-json\/wp\/v2\/media\/41391"}],"wp:attachment":[{"href":"https:\/\/www.laguiadepamplona.com\/actualidad\/wp-json\/wp\/v2\/media?parent=42858"}],"wp:term":[{"taxonomy":"category","embeddable":true,"href":"https:\/\/www.laguiadepamplona.com\/actualidad\/wp-json\/wp\/v2\/categories?post=42858"},{"taxonomy":"post_tag","embeddable":true,"href":"https:\/\/www.laguiadepamplona.com\/actualidad\/wp-json\/wp\/v2\/tags?post=42858"}],"curies":[{"name":"wp","href":"https:\/\/api.w.org\/{rel}","templated":true}]}}