{"id":42843,"date":"2023-02-10T14:11:00","date_gmt":"2023-02-10T12:11:00","guid":{"rendered":"https:\/\/www.laguiadepamplona.com\/actualidad\/?p=42843"},"modified":"2023-04-11T11:47:13","modified_gmt":"2023-04-11T09:47:13","slug":"el-ayuntamiento-y-el-liceo-monjardin-colaboran-para-renaturalizar-una-parcela-municipal-en-el-barrio-de-lezkairu","status":"publish","type":"post","link":"https:\/\/www.laguiadepamplona.com\/actualidad\/el-ayuntamiento-y-el-liceo-monjardin-colaboran-para-renaturalizar-una-parcela-municipal-en-el-barrio-de-lezkairu\/","title":{"rendered":"El Ayuntamiento y el Liceo Monjard\u00edn colaboran para renaturalizar una parcela municipal en el barrio de Lezkairu"},"content":{"rendered":"<h5>Alumnado de primero de Secundaria planta este viernes plantas aut\u00f3ctonas como encinas y arbustos de cornejos en el entorno del campo de f\u00fatbol<\/h5>\n<p><!--more--><\/p>\n<p>El Ayuntamiento de Pamplona y el centro educativo Liceo Monjard\u00edn han colaborado para renaturalizar con plantas aut\u00f3ctonas una parcela de propiedad municipal, situada en el entorno del campo de f\u00fatbol de Lezkairu, junto a la plaza de la Igualdad. Desde las 9 de la ma\u00f1ana, alumnado del primer curso de educaci\u00f3n Secundaria junto a operarios municipales han procedido a la plantaci\u00f3n de encinas y arbustos de cornejos en una zona que estaba ajardinada con c\u00e9sped por riego.<\/p>\n<p>En la plantaci\u00f3n ha colaborado el concejal delegado de Proyectos Estrat\u00e9gicos, Movilidad y Sostenibilidad, Ferm\u00edn Alonso, acompa\u00f1ados por t\u00e9cnicos municipales de las respectivas \u00e1reas.<br \/>\n<script async src=\"\/\/pagead2.googlesyndication.com\/pagead\/js\/adsbygoogle.js\"><\/script><br \/>\n<!-- Noticias La Guia de Pamplona --><br \/>\n<ins class=\"adsbygoogle\"\nstyle=\"display:block\"\ndata-ad-client=\"ca-pub-6943679897239327\"\ndata-ad-slot=\"7048180777\"\ndata-ad-format=\"auto\"><\/ins><br \/>\n<script>\n(adsbygoogle = window.adsbygoogle || []).push({});\n<\/script><\/p>\n<p>Esta iniciativa surge a ra\u00edz de la participaci\u00f3n del centro educativo Liceo Monjard\u00edn en la jornada \u2018Fuera malos humos\u2019, organizada por el Ayuntamiento de Pamplona dentro de la Semana de la Movilidad. En esta actividad se invitaba al alumnado a desplazarse hasta el colegio por medios que no emitieran di\u00f3xido de carbono, como la bicicleta o el patinete. Con el importe ahorrado por las familias en estos desplazamientos, decidieron que se pod\u00edan plantar \u00e1rboles que absorbieran emisiones.<\/p>\n<p>El centro escolar se puso en contacto con el Servicio de Educaci\u00f3n Ambiental para consultar a qu\u00e9 asociaci\u00f3n pod\u00edan donar el importe conseguido, y all\u00ed surgi\u00f3 la opci\u00f3n de que ellos mismos pudieran realizar una plantaci\u00f3n en terreno municipal. Se identific\u00f3 una peque\u00f1a parcela en el entorno del campo de f\u00fatbol, con los requisitos adecuados, debido a que linda con terreno agr\u00edcola, y por ello resulta muy interesante renaturalizar ese espacio con especies aut\u00f3ctonas.<\/p>\n<p>En la actividad han participado 120 estudiantes, que han plantado una alineaci\u00f3n de 7 encinas y 10 arbustos de diferentes tipos, con el asesoramiento del Servicio de Jardines del Ayuntamiento. Esta nueva zona arbolada permitir\u00e1 a la ciudad compensar una parte de las emisiones de di\u00f3xido de carbono que produce.<br \/>\n<script async src=\"\/\/pagead2.googlesyndication.com\/pagead\/js\/adsbygoogle.js\"><\/script><br \/>\n<!-- Noticias La Guia de Pamplona --><br \/>\n<ins class=\"adsbygoogle\"\nstyle=\"display:block\"\ndata-ad-client=\"ca-pub-6943679897239327\"\ndata-ad-slot=\"7048180777\"\ndata-ad-format=\"auto\"><\/ins><br \/>\n<script>\n(adsbygoogle = window.adsbygoogle || []).push({});\n<\/script><\/p>\n<p><strong>Beneficios de la plantaci\u00f3n<\/strong><\/p>\n<p>La renaturalizaci\u00f3n presenta m\u00faltiples beneficios, como el aumento de la biodiversidad, la facilitaci\u00f3n de la polinizaci\u00f3n, la disminuci\u00f3n de la huella ambiental de ese espacio verde y su contribuci\u00f3n a la mitigaci\u00f3n del cambio clim\u00e1tico, al compensar una parte simb\u00f3lica de las emisiones de di\u00f3xido de carbono que emite la ciudad.<\/p>\n<p>El alumnado refuerza el proyecto sobre movilidad y cambio clim\u00e1tico y se compromete a realizar el mantenimiento y el riego hasta final de curso. De este modo, conoce todo el proceso en torno a la plantaci\u00f3n e incrementa su sensibilidad sobre el tema.<\/p>\n<p>Por su parte, el Ayuntamiento, que aporta el resto de materiales necesarios para la plantaci\u00f3n, como los arbustos y herramienta, pone en valor el trabajo de mantenimiento de los espacios verdes urbanos, y ayuda a la sensibilizaci\u00f3n de la ciudadan\u00eda en la renaturalizaci\u00f3n y puesta en valor la vegetaci\u00f3n aut\u00f3ctona como factor clave en acciones de mitigaci\u00f3n en cambio clim\u00e1tico.<\/p>\n<p>Esta iniciativa se enmarca en la estrategia Go Green Pamplona, denominaci\u00f3n que tiene la Estrategia de Transici\u00f3n Energ\u00e9tica y Cambio Clim\u00e1tico 2030 de la ciudad aprobada por el pleno municipal y que trabaja por una ciudad m\u00e1s sostenible y habitable.<br \/>\n<script async src=\"\/\/pagead2.googlesyndication.com\/pagead\/js\/adsbygoogle.js\"><\/script><br \/>\n<!-- Noticias La Guia de Pamplona --><br \/>\n<ins class=\"adsbygoogle\"\nstyle=\"display:block\"\ndata-ad-client=\"ca-pub-6943679897239327\"\ndata-ad-slot=\"7048180777\"\ndata-ad-format=\"auto\"><\/ins><br \/>\n<script>\n(adsbygoogle = window.adsbygoogle || []).push({});\n<\/script><\/p>\n<p>&nbsp;<\/p>\n<h3>La Plantaci\u00f3n de la Parcela<\/h3>\n<ul>\n<li>Alumnado de primero de ESO, 120 estudiantes de Liceo Monjard\u00edn<\/li>\n<li>Se han plantado una alineaci\u00f3n de 7 encinas y 10 arbustos de diferentes tipos, con el asesoramiento del Servicio de Jardines del Ayuntamiento<\/li>\n<\/ul>\n","protected":false},"excerpt":{"rendered":"<p>Alumnado de primero de Secundaria planta este viernes plantas aut\u00f3ctonas como encinas y arbustos de cornejos en el entorno del campo de f\u00fatbol<\/p>\n","protected":false},"author":1,"featured_media":42844,"comment_status":"open","ping_status":"closed","sticky":false,"template":"","format":"standard","meta":{"footnotes":""},"categories":[2],"tags":[],"class_list":["post-42843","post","type-post","status-publish","format-standard","has-post-thumbnail","hentry","category-ayuntamiento-pamplona"],"yoast_head":"<!-- This site is optimized with the Yoast SEO plugin v27.3 - https:\/\/yoast.com\/product\/yoast-seo-wordpress\/ -->\n<title>El Ayuntamiento y el Liceo Monjard\u00edn colaboran para renaturalizar una parcela municipal en el barrio de Lezkairu<\/title>\n<meta name=\"description\" content=\"Alumnado de primero de Secundaria planta este viernes plantas aut\u00f3ctonas como encinas y arbustos de cornejos en el entorno del campo de f\u00fatbol\" \/>\n<meta name=\"robots\" content=\"index, follow, max-snippet:-1, max-image-preview:large, max-video-preview:-1\" \/>\n<link rel=\"canonical\" href=\"https:\/\/www.laguiadepamplona.com\/actualidad\/el-ayuntamiento-y-el-liceo-monjardin-colaboran-para-renaturalizar-una-parcela-municipal-en-el-barrio-de-lezkairu\/\" \/>\n<meta property=\"og:locale\" content=\"es_ES\" \/>\n<meta property=\"og:type\" content=\"article\" \/>\n<meta property=\"og:title\" content=\"El Ayuntamiento y el Liceo Monjard\u00edn colaboran para renaturalizar una parcela municipal en el barrio de Lezkairu\" \/>\n<meta property=\"og:description\" content=\"Alumnado de primero de Secundaria planta este viernes plantas aut\u00f3ctonas como encinas y arbustos de cornejos en el entorno del campo de f\u00fatbol\" \/>\n<meta property=\"og:url\" content=\"https:\/\/www.laguiadepamplona.com\/actualidad\/el-ayuntamiento-y-el-liceo-monjardin-colaboran-para-renaturalizar-una-parcela-municipal-en-el-barrio-de-lezkairu\/\" \/>\n<meta property=\"og:site_name\" content=\"La Gu\u00eda de Pamplona\" \/>\n<meta property=\"article:publisher\" content=\"https:\/\/www.facebook.com\/laguiadepamplonacom-133175176762273\/?ref=hl\" \/>\n<meta property=\"article:published_time\" content=\"2023-02-10T12:11:00+00:00\" \/>\n<meta property=\"article:modified_time\" content=\"2023-04-11T09:47:13+00:00\" \/>\n<meta property=\"og:image\" content=\"https:\/\/www.laguiadepamplona.com\/actualidad\/wp-content\/uploads\/2023\/02\/q5a1192plantacion23-02-10.webp\" \/>\n\t<meta property=\"og:image:width\" content=\"1920\" \/>\n\t<meta property=\"og:image:height\" content=\"1281\" \/>\n\t<meta property=\"og:image:type\" content=\"image\/webp\" \/>\n<meta name=\"author\" content=\"La Gu\u00eda de Pamplona\" \/>\n<meta name=\"twitter:card\" content=\"summary_large_image\" \/>\n<meta name=\"twitter:creator\" content=\"@LaGuiadPamplona\" \/>\n<meta name=\"twitter:site\" content=\"@LaGuiadPamplona\" \/>\n<meta name=\"twitter:label1\" content=\"Escrito por\" \/>\n\t<meta name=\"twitter:data1\" content=\"La Gu\u00eda de Pamplona\" \/>\n\t<meta name=\"twitter:label2\" content=\"Tiempo de lectura\" \/>\n\t<meta name=\"twitter:data2\" content=\"3 minutos\" \/>\n<script type=\"application\/ld+json\" class=\"yoast-schema-graph\">{\"@context\":\"https:\\\/\\\/schema.org\",\"@graph\":[{\"@type\":\"Article\",\"@id\":\"https:\\\/\\\/www.laguiadepamplona.com\\\/actualidad\\\/el-ayuntamiento-y-el-liceo-monjardin-colaboran-para-renaturalizar-una-parcela-municipal-en-el-barrio-de-lezkairu\\\/#article\",\"isPartOf\":{\"@id\":\"https:\\\/\\\/www.laguiadepamplona.com\\\/actualidad\\\/el-ayuntamiento-y-el-liceo-monjardin-colaboran-para-renaturalizar-una-parcela-municipal-en-el-barrio-de-lezkairu\\\/\"},\"author\":{\"name\":\"La Gu\u00eda de Pamplona\",\"@id\":\"https:\\\/\\\/www.laguiadepamplona.com\\\/actualidad\\\/#\\\/schema\\\/person\\\/efe887376f0213d4657c93adc50b1fdb\"},\"headline\":\"El Ayuntamiento y el Liceo Monjard\u00edn colaboran para renaturalizar una parcela municipal en el barrio de Lezkairu\",\"datePublished\":\"2023-02-10T12:11:00+00:00\",\"dateModified\":\"2023-04-11T09:47:13+00:00\",\"mainEntityOfPage\":{\"@id\":\"https:\\\/\\\/www.laguiadepamplona.com\\\/actualidad\\\/el-ayuntamiento-y-el-liceo-monjardin-colaboran-para-renaturalizar-una-parcela-municipal-en-el-barrio-de-lezkairu\\\/\"},\"wordCount\":631,\"commentCount\":0,\"publisher\":{\"@id\":\"https:\\\/\\\/www.laguiadepamplona.com\\\/actualidad\\\/#organization\"},\"image\":{\"@id\":\"https:\\\/\\\/www.laguiadepamplona.com\\\/actualidad\\\/el-ayuntamiento-y-el-liceo-monjardin-colaboran-para-renaturalizar-una-parcela-municipal-en-el-barrio-de-lezkairu\\\/#primaryimage\"},\"thumbnailUrl\":\"https:\\\/\\\/www.laguiadepamplona.com\\\/actualidad\\\/wp-content\\\/uploads\\\/2023\\\/02\\\/q5a1192plantacion23-02-10.webp\",\"articleSection\":[\"Ayto Pamplona\"],\"inLanguage\":\"es\",\"potentialAction\":[{\"@type\":\"CommentAction\",\"name\":\"Comment\",\"target\":[\"https:\\\/\\\/www.laguiadepamplona.com\\\/actualidad\\\/el-ayuntamiento-y-el-liceo-monjardin-colaboran-para-renaturalizar-una-parcela-municipal-en-el-barrio-de-lezkairu\\\/#respond\"]}]},{\"@type\":\"WebPage\",\"@id\":\"https:\\\/\\\/www.laguiadepamplona.com\\\/actualidad\\\/el-ayuntamiento-y-el-liceo-monjardin-colaboran-para-renaturalizar-una-parcela-municipal-en-el-barrio-de-lezkairu\\\/\",\"url\":\"https:\\\/\\\/www.laguiadepamplona.com\\\/actualidad\\\/el-ayuntamiento-y-el-liceo-monjardin-colaboran-para-renaturalizar-una-parcela-municipal-en-el-barrio-de-lezkairu\\\/\",\"name\":\"El Ayuntamiento y el Liceo Monjard\u00edn colaboran para renaturalizar una parcela municipal en el barrio de Lezkairu\",\"isPartOf\":{\"@id\":\"https:\\\/\\\/www.laguiadepamplona.com\\\/actualidad\\\/#website\"},\"primaryImageOfPage\":{\"@id\":\"https:\\\/\\\/www.laguiadepamplona.com\\\/actualidad\\\/el-ayuntamiento-y-el-liceo-monjardin-colaboran-para-renaturalizar-una-parcela-municipal-en-el-barrio-de-lezkairu\\\/#primaryimage\"},\"image\":{\"@id\":\"https:\\\/\\\/www.laguiadepamplona.com\\\/actualidad\\\/el-ayuntamiento-y-el-liceo-monjardin-colaboran-para-renaturalizar-una-parcela-municipal-en-el-barrio-de-lezkairu\\\/#primaryimage\"},\"thumbnailUrl\":\"https:\\\/\\\/www.laguiadepamplona.com\\\/actualidad\\\/wp-content\\\/uploads\\\/2023\\\/02\\\/q5a1192plantacion23-02-10.webp\",\"datePublished\":\"2023-02-10T12:11:00+00:00\",\"dateModified\":\"2023-04-11T09:47:13+00:00\",\"description\":\"Alumnado de primero de Secundaria planta este viernes plantas aut\u00f3ctonas como encinas y arbustos de cornejos en el entorno del campo de f\u00fatbol\",\"breadcrumb\":{\"@id\":\"https:\\\/\\\/www.laguiadepamplona.com\\\/actualidad\\\/el-ayuntamiento-y-el-liceo-monjardin-colaboran-para-renaturalizar-una-parcela-municipal-en-el-barrio-de-lezkairu\\\/#breadcrumb\"},\"inLanguage\":\"es\",\"potentialAction\":[{\"@type\":\"ReadAction\",\"target\":[\"https:\\\/\\\/www.laguiadepamplona.com\\\/actualidad\\\/el-ayuntamiento-y-el-liceo-monjardin-colaboran-para-renaturalizar-una-parcela-municipal-en-el-barrio-de-lezkairu\\\/\"]}]},{\"@type\":\"ImageObject\",\"inLanguage\":\"es\",\"@id\":\"https:\\\/\\\/www.laguiadepamplona.com\\\/actualidad\\\/el-ayuntamiento-y-el-liceo-monjardin-colaboran-para-renaturalizar-una-parcela-municipal-en-el-barrio-de-lezkairu\\\/#primaryimage\",\"url\":\"https:\\\/\\\/www.laguiadepamplona.com\\\/actualidad\\\/wp-content\\\/uploads\\\/2023\\\/02\\\/q5a1192plantacion23-02-10.webp\",\"contentUrl\":\"https:\\\/\\\/www.laguiadepamplona.com\\\/actualidad\\\/wp-content\\\/uploads\\\/2023\\\/02\\\/q5a1192plantacion23-02-10.webp\",\"width\":1920,\"height\":1281},{\"@type\":\"BreadcrumbList\",\"@id\":\"https:\\\/\\\/www.laguiadepamplona.com\\\/actualidad\\\/el-ayuntamiento-y-el-liceo-monjardin-colaboran-para-renaturalizar-una-parcela-municipal-en-el-barrio-de-lezkairu\\\/#breadcrumb\",\"itemListElement\":[{\"@type\":\"ListItem\",\"position\":1,\"name\":\"Portada\",\"item\":\"https:\\\/\\\/www.laguiadepamplona.com\\\/actualidad\\\/\"},{\"@type\":\"ListItem\",\"position\":2,\"name\":\"El Ayuntamiento y el Liceo Monjard\u00edn colaboran para renaturalizar una parcela municipal en el barrio de Lezkairu\"}]},{\"@type\":\"WebSite\",\"@id\":\"https:\\\/\\\/www.laguiadepamplona.com\\\/actualidad\\\/#website\",\"url\":\"https:\\\/\\\/www.laguiadepamplona.com\\\/actualidad\\\/\",\"name\":\"La gu\u00eda de Pamplona\",\"description\":\"Noticias de Pamplona\",\"publisher\":{\"@id\":\"https:\\\/\\\/www.laguiadepamplona.com\\\/actualidad\\\/#organization\"},\"potentialAction\":[{\"@type\":\"SearchAction\",\"target\":{\"@type\":\"EntryPoint\",\"urlTemplate\":\"https:\\\/\\\/www.laguiadepamplona.com\\\/actualidad\\\/?s={search_term_string}\"},\"query-input\":{\"@type\":\"PropertyValueSpecification\",\"valueRequired\":true,\"valueName\":\"search_term_string\"}}],\"inLanguage\":\"es\"},{\"@type\":\"Organization\",\"@id\":\"https:\\\/\\\/www.laguiadepamplona.com\\\/actualidad\\\/#organization\",\"name\":\"La Gu\u00eda de Pamplona \\\/ Noticias\",\"url\":\"https:\\\/\\\/www.laguiadepamplona.com\\\/actualidad\\\/\",\"logo\":{\"@type\":\"ImageObject\",\"inLanguage\":\"es\",\"@id\":\"https:\\\/\\\/www.laguiadepamplona.com\\\/actualidad\\\/#\\\/schema\\\/logo\\\/image\\\/\",\"url\":\"https:\\\/\\\/www.laguiadepamplona.com\\\/actualidad\\\/wp-content\\\/uploads\\\/2018\\\/11\\\/logo-laguiadepamplona18-web1.png\",\"contentUrl\":\"https:\\\/\\\/www.laguiadepamplona.com\\\/actualidad\\\/wp-content\\\/uploads\\\/2018\\\/11\\\/logo-laguiadepamplona18-web1.png\",\"width\":600,\"height\":196,\"caption\":\"La Gu\u00eda de Pamplona \\\/ Noticias\"},\"image\":{\"@id\":\"https:\\\/\\\/www.laguiadepamplona.com\\\/actualidad\\\/#\\\/schema\\\/logo\\\/image\\\/\"},\"sameAs\":[\"https:\\\/\\\/www.facebook.com\\\/laguiadepamplonacom-133175176762273\\\/?ref=hl\",\"https:\\\/\\\/x.com\\\/LaGuiadPamplona\",\"https:\\\/\\\/www.instagram.com\\\/la_guia_de_pamplona\\\/\",\"https:\\\/\\\/www.youtube.com\\\/user\\\/laguiadepamplona\"]},{\"@type\":\"Person\",\"@id\":\"https:\\\/\\\/www.laguiadepamplona.com\\\/actualidad\\\/#\\\/schema\\\/person\\\/efe887376f0213d4657c93adc50b1fdb\",\"name\":\"La Gu\u00eda de Pamplona\",\"image\":{\"@type\":\"ImageObject\",\"inLanguage\":\"es\",\"@id\":\"https:\\\/\\\/secure.gravatar.com\\\/avatar\\\/b6992f131dc8d30ab0dff15446e9d346d9dbd95992de0fef795073f5ea83a81c?s=96&d=mm&r=g\",\"url\":\"https:\\\/\\\/secure.gravatar.com\\\/avatar\\\/b6992f131dc8d30ab0dff15446e9d346d9dbd95992de0fef795073f5ea83a81c?s=96&d=mm&r=g\",\"contentUrl\":\"https:\\\/\\\/secure.gravatar.com\\\/avatar\\\/b6992f131dc8d30ab0dff15446e9d346d9dbd95992de0fef795073f5ea83a81c?s=96&d=mm&r=g\",\"caption\":\"La Gu\u00eda de Pamplona\"}}]}<\/script>\n<!-- \/ Yoast SEO plugin. -->","yoast_head_json":{"title":"El Ayuntamiento y el Liceo Monjard\u00edn colaboran para renaturalizar una parcela municipal en el barrio de Lezkairu","description":"Alumnado de primero de Secundaria planta este viernes plantas aut\u00f3ctonas como encinas y arbustos de cornejos en el entorno del campo de f\u00fatbol","robots":{"index":"index","follow":"follow","max-snippet":"max-snippet:-1","max-image-preview":"max-image-preview:large","max-video-preview":"max-video-preview:-1"},"canonical":"https:\/\/www.laguiadepamplona.com\/actualidad\/el-ayuntamiento-y-el-liceo-monjardin-colaboran-para-renaturalizar-una-parcela-municipal-en-el-barrio-de-lezkairu\/","og_locale":"es_ES","og_type":"article","og_title":"El Ayuntamiento y el Liceo Monjard\u00edn colaboran para renaturalizar una parcela municipal en el barrio de Lezkairu","og_description":"Alumnado de primero de Secundaria planta este viernes plantas aut\u00f3ctonas como encinas y arbustos de cornejos en el entorno del campo de f\u00fatbol","og_url":"https:\/\/www.laguiadepamplona.com\/actualidad\/el-ayuntamiento-y-el-liceo-monjardin-colaboran-para-renaturalizar-una-parcela-municipal-en-el-barrio-de-lezkairu\/","og_site_name":"La Gu\u00eda de Pamplona","article_publisher":"https:\/\/www.facebook.com\/laguiadepamplonacom-133175176762273\/?ref=hl","article_published_time":"2023-02-10T12:11:00+00:00","article_modified_time":"2023-04-11T09:47:13+00:00","og_image":[{"width":1920,"height":1281,"url":"https:\/\/www.laguiadepamplona.com\/actualidad\/wp-content\/uploads\/2023\/02\/q5a1192plantacion23-02-10.webp","type":"image\/webp"}],"author":"La Gu\u00eda de Pamplona","twitter_card":"summary_large_image","twitter_creator":"@LaGuiadPamplona","twitter_site":"@LaGuiadPamplona","twitter_misc":{"Escrito por":"La Gu\u00eda de Pamplona","Tiempo de lectura":"3 minutos"},"schema":{"@context":"https:\/\/schema.org","@graph":[{"@type":"Article","@id":"https:\/\/www.laguiadepamplona.com\/actualidad\/el-ayuntamiento-y-el-liceo-monjardin-colaboran-para-renaturalizar-una-parcela-municipal-en-el-barrio-de-lezkairu\/#article","isPartOf":{"@id":"https:\/\/www.laguiadepamplona.com\/actualidad\/el-ayuntamiento-y-el-liceo-monjardin-colaboran-para-renaturalizar-una-parcela-municipal-en-el-barrio-de-lezkairu\/"},"author":{"name":"La Gu\u00eda de Pamplona","@id":"https:\/\/www.laguiadepamplona.com\/actualidad\/#\/schema\/person\/efe887376f0213d4657c93adc50b1fdb"},"headline":"El Ayuntamiento y el Liceo Monjard\u00edn colaboran para renaturalizar una parcela municipal en el barrio de Lezkairu","datePublished":"2023-02-10T12:11:00+00:00","dateModified":"2023-04-11T09:47:13+00:00","mainEntityOfPage":{"@id":"https:\/\/www.laguiadepamplona.com\/actualidad\/el-ayuntamiento-y-el-liceo-monjardin-colaboran-para-renaturalizar-una-parcela-municipal-en-el-barrio-de-lezkairu\/"},"wordCount":631,"commentCount":0,"publisher":{"@id":"https:\/\/www.laguiadepamplona.com\/actualidad\/#organization"},"image":{"@id":"https:\/\/www.laguiadepamplona.com\/actualidad\/el-ayuntamiento-y-el-liceo-monjardin-colaboran-para-renaturalizar-una-parcela-municipal-en-el-barrio-de-lezkairu\/#primaryimage"},"thumbnailUrl":"https:\/\/www.laguiadepamplona.com\/actualidad\/wp-content\/uploads\/2023\/02\/q5a1192plantacion23-02-10.webp","articleSection":["Ayto Pamplona"],"inLanguage":"es","potentialAction":[{"@type":"CommentAction","name":"Comment","target":["https:\/\/www.laguiadepamplona.com\/actualidad\/el-ayuntamiento-y-el-liceo-monjardin-colaboran-para-renaturalizar-una-parcela-municipal-en-el-barrio-de-lezkairu\/#respond"]}]},{"@type":"WebPage","@id":"https:\/\/www.laguiadepamplona.com\/actualidad\/el-ayuntamiento-y-el-liceo-monjardin-colaboran-para-renaturalizar-una-parcela-municipal-en-el-barrio-de-lezkairu\/","url":"https:\/\/www.laguiadepamplona.com\/actualidad\/el-ayuntamiento-y-el-liceo-monjardin-colaboran-para-renaturalizar-una-parcela-municipal-en-el-barrio-de-lezkairu\/","name":"El Ayuntamiento y el Liceo Monjard\u00edn colaboran para renaturalizar una parcela municipal en el barrio de Lezkairu","isPartOf":{"@id":"https:\/\/www.laguiadepamplona.com\/actualidad\/#website"},"primaryImageOfPage":{"@id":"https:\/\/www.laguiadepamplona.com\/actualidad\/el-ayuntamiento-y-el-liceo-monjardin-colaboran-para-renaturalizar-una-parcela-municipal-en-el-barrio-de-lezkairu\/#primaryimage"},"image":{"@id":"https:\/\/www.laguiadepamplona.com\/actualidad\/el-ayuntamiento-y-el-liceo-monjardin-colaboran-para-renaturalizar-una-parcela-municipal-en-el-barrio-de-lezkairu\/#primaryimage"},"thumbnailUrl":"https:\/\/www.laguiadepamplona.com\/actualidad\/wp-content\/uploads\/2023\/02\/q5a1192plantacion23-02-10.webp","datePublished":"2023-02-10T12:11:00+00:00","dateModified":"2023-04-11T09:47:13+00:00","description":"Alumnado de primero de Secundaria planta este viernes plantas aut\u00f3ctonas como encinas y arbustos de cornejos en el entorno del campo de f\u00fatbol","breadcrumb":{"@id":"https:\/\/www.laguiadepamplona.com\/actualidad\/el-ayuntamiento-y-el-liceo-monjardin-colaboran-para-renaturalizar-una-parcela-municipal-en-el-barrio-de-lezkairu\/#breadcrumb"},"inLanguage":"es","potentialAction":[{"@type":"ReadAction","target":["https:\/\/www.laguiadepamplona.com\/actualidad\/el-ayuntamiento-y-el-liceo-monjardin-colaboran-para-renaturalizar-una-parcela-municipal-en-el-barrio-de-lezkairu\/"]}]},{"@type":"ImageObject","inLanguage":"es","@id":"https:\/\/www.laguiadepamplona.com\/actualidad\/el-ayuntamiento-y-el-liceo-monjardin-colaboran-para-renaturalizar-una-parcela-municipal-en-el-barrio-de-lezkairu\/#primaryimage","url":"https:\/\/www.laguiadepamplona.com\/actualidad\/wp-content\/uploads\/2023\/02\/q5a1192plantacion23-02-10.webp","contentUrl":"https:\/\/www.laguiadepamplona.com\/actualidad\/wp-content\/uploads\/2023\/02\/q5a1192plantacion23-02-10.webp","width":1920,"height":1281},{"@type":"BreadcrumbList","@id":"https:\/\/www.laguiadepamplona.com\/actualidad\/el-ayuntamiento-y-el-liceo-monjardin-colaboran-para-renaturalizar-una-parcela-municipal-en-el-barrio-de-lezkairu\/#breadcrumb","itemListElement":[{"@type":"ListItem","position":1,"name":"Portada","item":"https:\/\/www.laguiadepamplona.com\/actualidad\/"},{"@type":"ListItem","position":2,"name":"El Ayuntamiento y el Liceo Monjard\u00edn colaboran para renaturalizar una parcela municipal en el barrio de Lezkairu"}]},{"@type":"WebSite","@id":"https:\/\/www.laguiadepamplona.com\/actualidad\/#website","url":"https:\/\/www.laguiadepamplona.com\/actualidad\/","name":"La gu\u00eda de Pamplona","description":"Noticias de Pamplona","publisher":{"@id":"https:\/\/www.laguiadepamplona.com\/actualidad\/#organization"},"potentialAction":[{"@type":"SearchAction","target":{"@type":"EntryPoint","urlTemplate":"https:\/\/www.laguiadepamplona.com\/actualidad\/?s={search_term_string}"},"query-input":{"@type":"PropertyValueSpecification","valueRequired":true,"valueName":"search_term_string"}}],"inLanguage":"es"},{"@type":"Organization","@id":"https:\/\/www.laguiadepamplona.com\/actualidad\/#organization","name":"La Gu\u00eda de Pamplona \/ Noticias","url":"https:\/\/www.laguiadepamplona.com\/actualidad\/","logo":{"@type":"ImageObject","inLanguage":"es","@id":"https:\/\/www.laguiadepamplona.com\/actualidad\/#\/schema\/logo\/image\/","url":"https:\/\/www.laguiadepamplona.com\/actualidad\/wp-content\/uploads\/2018\/11\/logo-laguiadepamplona18-web1.png","contentUrl":"https:\/\/www.laguiadepamplona.com\/actualidad\/wp-content\/uploads\/2018\/11\/logo-laguiadepamplona18-web1.png","width":600,"height":196,"caption":"La Gu\u00eda de Pamplona \/ Noticias"},"image":{"@id":"https:\/\/www.laguiadepamplona.com\/actualidad\/#\/schema\/logo\/image\/"},"sameAs":["https:\/\/www.facebook.com\/laguiadepamplonacom-133175176762273\/?ref=hl","https:\/\/x.com\/LaGuiadPamplona","https:\/\/www.instagram.com\/la_guia_de_pamplona\/","https:\/\/www.youtube.com\/user\/laguiadepamplona"]},{"@type":"Person","@id":"https:\/\/www.laguiadepamplona.com\/actualidad\/#\/schema\/person\/efe887376f0213d4657c93adc50b1fdb","name":"La Gu\u00eda de Pamplona","image":{"@type":"ImageObject","inLanguage":"es","@id":"https:\/\/secure.gravatar.com\/avatar\/b6992f131dc8d30ab0dff15446e9d346d9dbd95992de0fef795073f5ea83a81c?s=96&d=mm&r=g","url":"https:\/\/secure.gravatar.com\/avatar\/b6992f131dc8d30ab0dff15446e9d346d9dbd95992de0fef795073f5ea83a81c?s=96&d=mm&r=g","contentUrl":"https:\/\/secure.gravatar.com\/avatar\/b6992f131dc8d30ab0dff15446e9d346d9dbd95992de0fef795073f5ea83a81c?s=96&d=mm&r=g","caption":"La Gu\u00eda de Pamplona"}}]}},"post_mailing_queue_ids":[],"_links":{"self":[{"href":"https:\/\/www.laguiadepamplona.com\/actualidad\/wp-json\/wp\/v2\/posts\/42843","targetHints":{"allow":["GET"]}}],"collection":[{"href":"https:\/\/www.laguiadepamplona.com\/actualidad\/wp-json\/wp\/v2\/posts"}],"about":[{"href":"https:\/\/www.laguiadepamplona.com\/actualidad\/wp-json\/wp\/v2\/types\/post"}],"author":[{"embeddable":true,"href":"https:\/\/www.laguiadepamplona.com\/actualidad\/wp-json\/wp\/v2\/users\/1"}],"replies":[{"embeddable":true,"href":"https:\/\/www.laguiadepamplona.com\/actualidad\/wp-json\/wp\/v2\/comments?post=42843"}],"version-history":[{"count":0,"href":"https:\/\/www.laguiadepamplona.com\/actualidad\/wp-json\/wp\/v2\/posts\/42843\/revisions"}],"wp:featuredmedia":[{"embeddable":true,"href":"https:\/\/www.laguiadepamplona.com\/actualidad\/wp-json\/wp\/v2\/media\/42844"}],"wp:attachment":[{"href":"https:\/\/www.laguiadepamplona.com\/actualidad\/wp-json\/wp\/v2\/media?parent=42843"}],"wp:term":[{"taxonomy":"category","embeddable":true,"href":"https:\/\/www.laguiadepamplona.com\/actualidad\/wp-json\/wp\/v2\/categories?post=42843"},{"taxonomy":"post_tag","embeddable":true,"href":"https:\/\/www.laguiadepamplona.com\/actualidad\/wp-json\/wp\/v2\/tags?post=42843"}],"curies":[{"name":"wp","href":"https:\/\/api.w.org\/{rel}","templated":true}]}}