{"id":42837,"date":"2023-02-10T14:06:16","date_gmt":"2023-02-10T12:06:16","guid":{"rendered":"https:\/\/www.laguiadepamplona.com\/actualidad\/?p=42837"},"modified":"2023-04-11T11:47:13","modified_gmt":"2023-04-11T09:47:13","slug":"el-ciclo-pamplona-accion-musical-muestra-el-futuro-de-la-musica-de-camara-a-traves-de-seis-conciertos-de-jovenes-interpretes-del-13-al-22-de-febrero-en-condestable","status":"publish","type":"post","link":"https:\/\/www.laguiadepamplona.com\/actualidad\/el-ciclo-pamplona-accion-musical-muestra-el-futuro-de-la-musica-de-camara-a-traves-de-seis-conciertos-de-jovenes-interpretes-del-13-al-22-de-febrero-en-condestable\/","title":{"rendered":"El ciclo Pamplona Acci\u00f3n Musical muestra el futuro de la m\u00fasica de c\u00e1mara a trav\u00e9s de seis conciertos de j\u00f3venes int\u00e9rpretes del 13 al 22 de febrero en Condestable"},"content":{"rendered":"<h5>El programa de conciertos gratuitos se completa con completa con actividades infantiles como un taller y un espect\u00e1culo pict\u00f3rico-musicales<\/h5>\n<p><!--more--><\/p>\n<p>Seis conciertos de j\u00f3venes int\u00e9rpretes y dos actividades infantiles conforman el programa de una nueva edici\u00f3n del ciclo Pamplona Acci\u00f3n Musical (PAM\u00b423), que comienza este lunes y se desarrollar\u00e1 hasta el 22 de febrero. El ciclo se organiza en colaboraci\u00f3n con la Fundaci\u00f3n Alb\u00e9niz y el programa AIEnRuta \u2013 Cl\u00e1sicos. Todos los conciertos se celebrar\u00e1n a las 19.30 horas en Condestable, con entrada libre previa inscripci\u00f3n en el 010 \u2013 en la red Civivox o en <a href=\"http:\/\/www.pamplonaescultura.es\" target=\"_blank\" rel=\"noopener\">www.pamplonaescultura.es<\/a>. El taller y el espect\u00e1culo infantiles tienen a la venta entradas al precio de 4 euros.<\/p>\n<p>El d\u00fao internacional de viol\u00edn y piano compuesto por la estadounidense Alexis Hatch y la checa Natalie Achawamova abrir\u00e1 el ciclo este pr\u00f3ximo lunes. Alexis Hatch estudia desde 2020 en la C\u00e1tedra de Viol\u00edn de la Escuela Superior de M\u00fasica Reina Sof\u00eda. Comenz\u00f3 a tocar el viol\u00edn a los 3 a\u00f1os y estudi\u00f3 en el Royal Conservatory de Toronto (Canad\u00e1), donde obtuvo el premio \u2018Concerto Competition\u2019. Natalie Achawamova comenz\u00f3 a tocar el piano a la edad de 5 a\u00f1os. En octubre de 2015 se convirti\u00f3 en una de las pianistas m\u00e1s j\u00f3venes de la historia en participar en el Concurso de Piano Chopin de Varsovia.\u00a0 Desde 2020 estudia en la C\u00e1tedra de Piano de la Escuela Superior de M\u00fasica Reina Sof\u00eda.<br \/>\n<script async src=\"\/\/pagead2.googlesyndication.com\/pagead\/js\/adsbygoogle.js\"><\/script><br \/>\n<!-- Noticias La Guia de Pamplona --><br \/>\n<ins class=\"adsbygoogle\"\nstyle=\"display:block\"\ndata-ad-client=\"ca-pub-6943679897239327\"\ndata-ad-slot=\"7048180777\"\ndata-ad-format=\"auto\"><\/ins><br \/>\n<script>\n(adsbygoogle = window.adsbygoogle || []).push({});\n<\/script><\/p>\n<p>El mi\u00e9rcoles actuar\u00e1 un nuevo d\u00fao, Sonidos de Par\u00eds, formaci\u00f3n compuesta por clarinete y piano con el estell\u00e9s Miguel Ayerra y la vasca Amaia Zipitria. Interpretar\u00e1n para este concierto un programa de tem\u00e1tica francesa, compuesto por obras de compositores que vivieron y desarrollaron su carrera en Par\u00eds, como Francis Pulenc, Fran\u00e7ois Devienne, Camille Saint Saens o Charles \u2013 Marie Widor.<\/p>\n<p>El d\u00fao de flauta y piano 2\u2019Art protagonizar\u00e1 el concierto del viernes 17 de febrero. A la flautista bilba\u00edna Natalia S\u00e1nchez Abad y el pianista argentino Michel Reynoso les une la manera de sentir la m\u00fasica y la necesidad de transmitir emociones y sensaciones a trav\u00e9s de la b\u00fasqueda de un ideal sonoro. Interpretar\u00e1n un repertorio camer\u00edstico con obras como la \u2018Sonata para flauta y piano\u2019 de P. Hindemith, la \u2018Sonata en La mayor\u2019 de C. Franck y la obra \u2018Joueurs de fl\u00fbte\u2019 de A. Roussel.<br \/>\n<script async src=\"\/\/pagead2.googlesyndication.com\/pagead\/js\/adsbygoogle.js\"><\/script><br \/>\n<!-- Noticias La Guia de Pamplona --><br \/>\n<ins class=\"adsbygoogle\"\nstyle=\"display:block\"\ndata-ad-client=\"ca-pub-6943679897239327\"\ndata-ad-slot=\"7048180777\"\ndata-ad-format=\"auto\"><\/ins><br \/>\n<script>\n(adsbygoogle = window.adsbygoogle || []).push({});\n<\/script><\/p>\n<p><strong>Cuartetos y quinteto durante la segunda semana del ciclo<\/strong><\/p>\n<p>La segunda semana del ciclo se iniciar\u00e1 el lunes 20 con el concierto del cuarteto de saxofones Synth\u00e8se Quartet. Nace en Salamanca y sus integrantes deciden apostar por un proyecto firme y lleno de posibilidades, trabajando en tres aspectos: la transcripci\u00f3n o adaptaci\u00f3n al cuarteto de saxofones de repertorio original para otras formaciones; la exploraci\u00f3n del repertorio cl\u00e1sico tradicional franc\u00e9s; y finalmente el trabajo en nuevas creaciones. Forman el cuarteto Javier Valero, \u00c1ngela Romera, Ismael Arroyo y Ra\u00fal Flox.<\/p>\n<p>El mi\u00e9rcoles 22 ser\u00e1 el turno del Cuarteto Alaiz, formado por clarinete y tr\u00edo de cuerda, cuyo objetivo es descubrir, interpretar y poner en valor el repertorio compuesto para esta formaci\u00f3n. Presentan un sugerente concierto que abarca desde el clasicismo hasta nuestros d\u00edas, con obras de compositores como Krommer, Crusell, Zemlinsky o Piazzolla. El Cuarteto Alaiz est\u00e1 formado por Mikel Don\u00e1zar, Garazi Etxeandia, Mar\u00eda Fern\u00e1ndez y Misael Lacasta.<\/p>\n<p>Por \u00faltimo, cerrar\u00e1 los conciertos de la edici\u00f3n de este a\u00f1o de Pamplona Acci\u00f3n Musical el Quinteto \u00c9rable. Tres hermanos parisinos y dos amigas de infancia se unen para abordar un repertorio particular de quinteto para dos violonchelos. El concierto propone un programa con dos imprescindibles de la m\u00fasica de c\u00e1mara: el quinteto \u2018op.13 n.5\u2019 de Boccherini y el quinteto \u2018D.956\u2019 de Schubert. Nicol\u00e1s, Pierre y Alexandre \u00c1lvarez, junto a Maite Abasolo y \u00c1ngela Escauriaza, conforman esta agrupaci\u00f3n.<br \/>\n<script async src=\"\/\/pagead2.googlesyndication.com\/pagead\/js\/adsbygoogle.js\"><\/script><br \/>\n<!-- Noticias La Guia de Pamplona --><br \/>\n<ins class=\"adsbygoogle\"\nstyle=\"display:block\"\ndata-ad-client=\"ca-pub-6943679897239327\"\ndata-ad-slot=\"7048180777\"\ndata-ad-format=\"auto\"><\/ins><br \/>\n<script>\n(adsbygoogle = window.adsbygoogle || []).push({});\n<\/script><\/p>\n<p><strong>Un taller y un concierto pict\u00f3rico-musicales<\/strong><\/p>\n<p>El ciclo cuenta tambi\u00e9n con un par de actividades dirigidas a p\u00fablico infantil, ambas el s\u00e1bado 18 de febrero en Condestable. A las 12 horas, tendr\u00e1 lugar el taller \u2018Sinestesia: pintamos la m\u00fasica\u2019, para menores a partir de 5 a\u00f1os. De la mano Ariane Garc\u00eda y Gokan Quartet, los ni\u00f1os y ni\u00f1as asistentes pintar\u00e1n mientras escuchan la m\u00fasica interpretada en directo por un cuarteto de clarinetes, expresando sus emociones y dejando que fluya la imaginaci\u00f3n y la experiencia sensorial. El precio es de 4 euros, con un inscripci\u00f3n previa en el 010, la red Civivox o <a href=\"http:\/\/www.pamplonaescultura.es\" target=\"_blank\" rel=\"noopener\">www.pamplonaescultura.es<\/a>.<\/p>\n<p>En esa misma l\u00ednea, Ya por la tarde, a las 18.30 horas, Gokan Quartet protagonizar\u00e1 la aventura pict\u00f3rico musical \u2018El misterioso mundo de los sentidos\u2019. Un espect\u00e1culo dirigido a p\u00fablico familiar, en el que pintura y m\u00fasica se entrelazan y fusionan para mostrar la magia de la sinestesia, que abre la percepci\u00f3n a la \u2018escucha\u2019 de los colores y la \u2018visi\u00f3n\u2019 de los sonidos. Creado por Bego\u00f1a Mart\u00ednez Agorreta, muestra c\u00f3mo algunas obras pict\u00f3ricas quedan envueltas en los caracteres musicales de las piezas que comprende la \u2018Historia del tango\u2019 de Astor Piazzola, transfiriendo estados an\u00edmicos que quedan reflejados en las im\u00e1genes. Las entradas se venden al precio de 5 euros a trav\u00e9s de los medios habituales de la red Civivox.<\/p>\n","protected":false},"excerpt":{"rendered":"<p>El programa de conciertos gratuitos se completa con completa con actividades infantiles como un taller y un espect\u00e1culo pict\u00f3rico-musicales<\/p>\n","protected":false},"author":1,"featured_media":42838,"comment_status":"open","ping_status":"closed","sticky":false,"template":"","format":"standard","meta":{"footnotes":""},"categories":[2],"tags":[],"class_list":["post-42837","post","type-post","status-publish","format-standard","has-post-thumbnail","hentry","category-ayuntamiento-pamplona"],"yoast_head":"<!-- This site is optimized with the Yoast SEO plugin v27.3 - https:\/\/yoast.com\/product\/yoast-seo-wordpress\/ -->\n<title>El ciclo Pamplona Acci\u00f3n Musical muestra el futuro de la m\u00fasica de c\u00e1mara a trav\u00e9s de seis conciertos de j\u00f3venes int\u00e9rpretes del 13 al 22 de febrero en Condestable<\/title>\n<meta name=\"description\" content=\"El programa de conciertos gratuitos se completa con completa con actividades infantiles como un taller y un espect\u00e1culo pict\u00f3rico-musicales\" \/>\n<meta name=\"robots\" content=\"index, follow, max-snippet:-1, max-image-preview:large, max-video-preview:-1\" \/>\n<link rel=\"canonical\" href=\"https:\/\/www.laguiadepamplona.com\/actualidad\/el-ciclo-pamplona-accion-musical-muestra-el-futuro-de-la-musica-de-camara-a-traves-de-seis-conciertos-de-jovenes-interpretes-del-13-al-22-de-febrero-en-condestable\/\" \/>\n<meta property=\"og:locale\" content=\"es_ES\" \/>\n<meta property=\"og:type\" content=\"article\" \/>\n<meta property=\"og:title\" content=\"El ciclo Pamplona Acci\u00f3n Musical muestra el futuro de la m\u00fasica de c\u00e1mara a trav\u00e9s de seis conciertos de j\u00f3venes int\u00e9rpretes del 13 al 22 de febrero en Condestable\" \/>\n<meta property=\"og:description\" content=\"El programa de conciertos gratuitos se completa con completa con actividades infantiles como un taller y un espect\u00e1culo pict\u00f3rico-musicales\" \/>\n<meta property=\"og:url\" content=\"https:\/\/www.laguiadepamplona.com\/actualidad\/el-ciclo-pamplona-accion-musical-muestra-el-futuro-de-la-musica-de-camara-a-traves-de-seis-conciertos-de-jovenes-interpretes-del-13-al-22-de-febrero-en-condestable\/\" \/>\n<meta property=\"og:site_name\" content=\"La Gu\u00eda de Pamplona\" \/>\n<meta property=\"article:publisher\" content=\"https:\/\/www.facebook.com\/laguiadepamplonacom-133175176762273\/?ref=hl\" \/>\n<meta property=\"article:published_time\" content=\"2023-02-10T12:06:16+00:00\" \/>\n<meta property=\"article:modified_time\" content=\"2023-04-11T09:47:13+00:00\" \/>\n<meta property=\"og:image\" content=\"https:\/\/www.laguiadepamplona.com\/actualidad\/wp-content\/uploads\/2023\/02\/cuartetodeclarinetesgokan1.jpg\" \/>\n\t<meta property=\"og:image:width\" content=\"887\" \/>\n\t<meta property=\"og:image:height\" content=\"706\" \/>\n\t<meta property=\"og:image:type\" content=\"image\/jpeg\" \/>\n<meta name=\"author\" content=\"La Gu\u00eda de Pamplona\" \/>\n<meta name=\"twitter:card\" content=\"summary_large_image\" \/>\n<meta name=\"twitter:creator\" content=\"@LaGuiadPamplona\" \/>\n<meta name=\"twitter:site\" content=\"@LaGuiadPamplona\" \/>\n<meta name=\"twitter:label1\" content=\"Escrito por\" \/>\n\t<meta name=\"twitter:data1\" content=\"La Gu\u00eda de Pamplona\" \/>\n\t<meta name=\"twitter:label2\" content=\"Tiempo de lectura\" \/>\n\t<meta name=\"twitter:data2\" content=\"4 minutos\" \/>\n<script type=\"application\/ld+json\" class=\"yoast-schema-graph\">{\"@context\":\"https:\\\/\\\/schema.org\",\"@graph\":[{\"@type\":\"Article\",\"@id\":\"https:\\\/\\\/www.laguiadepamplona.com\\\/actualidad\\\/el-ciclo-pamplona-accion-musical-muestra-el-futuro-de-la-musica-de-camara-a-traves-de-seis-conciertos-de-jovenes-interpretes-del-13-al-22-de-febrero-en-condestable\\\/#article\",\"isPartOf\":{\"@id\":\"https:\\\/\\\/www.laguiadepamplona.com\\\/actualidad\\\/el-ciclo-pamplona-accion-musical-muestra-el-futuro-de-la-musica-de-camara-a-traves-de-seis-conciertos-de-jovenes-interpretes-del-13-al-22-de-febrero-en-condestable\\\/\"},\"author\":{\"name\":\"La Gu\u00eda de Pamplona\",\"@id\":\"https:\\\/\\\/www.laguiadepamplona.com\\\/actualidad\\\/#\\\/schema\\\/person\\\/efe887376f0213d4657c93adc50b1fdb\"},\"headline\":\"El ciclo Pamplona Acci\u00f3n Musical muestra el futuro de la m\u00fasica de c\u00e1mara a trav\u00e9s de seis conciertos de j\u00f3venes int\u00e9rpretes del 13 al 22 de febrero en Condestable\",\"datePublished\":\"2023-02-10T12:06:16+00:00\",\"dateModified\":\"2023-04-11T09:47:13+00:00\",\"mainEntityOfPage\":{\"@id\":\"https:\\\/\\\/www.laguiadepamplona.com\\\/actualidad\\\/el-ciclo-pamplona-accion-musical-muestra-el-futuro-de-la-musica-de-camara-a-traves-de-seis-conciertos-de-jovenes-interpretes-del-13-al-22-de-febrero-en-condestable\\\/\"},\"wordCount\":945,\"commentCount\":0,\"publisher\":{\"@id\":\"https:\\\/\\\/www.laguiadepamplona.com\\\/actualidad\\\/#organization\"},\"image\":{\"@id\":\"https:\\\/\\\/www.laguiadepamplona.com\\\/actualidad\\\/el-ciclo-pamplona-accion-musical-muestra-el-futuro-de-la-musica-de-camara-a-traves-de-seis-conciertos-de-jovenes-interpretes-del-13-al-22-de-febrero-en-condestable\\\/#primaryimage\"},\"thumbnailUrl\":\"https:\\\/\\\/www.laguiadepamplona.com\\\/actualidad\\\/wp-content\\\/uploads\\\/2023\\\/02\\\/cuartetodeclarinetesgokan1.jpg\",\"articleSection\":[\"Ayto Pamplona\"],\"inLanguage\":\"es\",\"potentialAction\":[{\"@type\":\"CommentAction\",\"name\":\"Comment\",\"target\":[\"https:\\\/\\\/www.laguiadepamplona.com\\\/actualidad\\\/el-ciclo-pamplona-accion-musical-muestra-el-futuro-de-la-musica-de-camara-a-traves-de-seis-conciertos-de-jovenes-interpretes-del-13-al-22-de-febrero-en-condestable\\\/#respond\"]}]},{\"@type\":\"WebPage\",\"@id\":\"https:\\\/\\\/www.laguiadepamplona.com\\\/actualidad\\\/el-ciclo-pamplona-accion-musical-muestra-el-futuro-de-la-musica-de-camara-a-traves-de-seis-conciertos-de-jovenes-interpretes-del-13-al-22-de-febrero-en-condestable\\\/\",\"url\":\"https:\\\/\\\/www.laguiadepamplona.com\\\/actualidad\\\/el-ciclo-pamplona-accion-musical-muestra-el-futuro-de-la-musica-de-camara-a-traves-de-seis-conciertos-de-jovenes-interpretes-del-13-al-22-de-febrero-en-condestable\\\/\",\"name\":\"El ciclo Pamplona Acci\u00f3n Musical muestra el futuro de la m\u00fasica de c\u00e1mara a trav\u00e9s de seis conciertos de j\u00f3venes int\u00e9rpretes del 13 al 22 de febrero en Condestable\",\"isPartOf\":{\"@id\":\"https:\\\/\\\/www.laguiadepamplona.com\\\/actualidad\\\/#website\"},\"primaryImageOfPage\":{\"@id\":\"https:\\\/\\\/www.laguiadepamplona.com\\\/actualidad\\\/el-ciclo-pamplona-accion-musical-muestra-el-futuro-de-la-musica-de-camara-a-traves-de-seis-conciertos-de-jovenes-interpretes-del-13-al-22-de-febrero-en-condestable\\\/#primaryimage\"},\"image\":{\"@id\":\"https:\\\/\\\/www.laguiadepamplona.com\\\/actualidad\\\/el-ciclo-pamplona-accion-musical-muestra-el-futuro-de-la-musica-de-camara-a-traves-de-seis-conciertos-de-jovenes-interpretes-del-13-al-22-de-febrero-en-condestable\\\/#primaryimage\"},\"thumbnailUrl\":\"https:\\\/\\\/www.laguiadepamplona.com\\\/actualidad\\\/wp-content\\\/uploads\\\/2023\\\/02\\\/cuartetodeclarinetesgokan1.jpg\",\"datePublished\":\"2023-02-10T12:06:16+00:00\",\"dateModified\":\"2023-04-11T09:47:13+00:00\",\"description\":\"El programa de conciertos gratuitos se completa con completa con actividades infantiles como un taller y un espect\u00e1culo pict\u00f3rico-musicales\",\"breadcrumb\":{\"@id\":\"https:\\\/\\\/www.laguiadepamplona.com\\\/actualidad\\\/el-ciclo-pamplona-accion-musical-muestra-el-futuro-de-la-musica-de-camara-a-traves-de-seis-conciertos-de-jovenes-interpretes-del-13-al-22-de-febrero-en-condestable\\\/#breadcrumb\"},\"inLanguage\":\"es\",\"potentialAction\":[{\"@type\":\"ReadAction\",\"target\":[\"https:\\\/\\\/www.laguiadepamplona.com\\\/actualidad\\\/el-ciclo-pamplona-accion-musical-muestra-el-futuro-de-la-musica-de-camara-a-traves-de-seis-conciertos-de-jovenes-interpretes-del-13-al-22-de-febrero-en-condestable\\\/\"]}]},{\"@type\":\"ImageObject\",\"inLanguage\":\"es\",\"@id\":\"https:\\\/\\\/www.laguiadepamplona.com\\\/actualidad\\\/el-ciclo-pamplona-accion-musical-muestra-el-futuro-de-la-musica-de-camara-a-traves-de-seis-conciertos-de-jovenes-interpretes-del-13-al-22-de-febrero-en-condestable\\\/#primaryimage\",\"url\":\"https:\\\/\\\/www.laguiadepamplona.com\\\/actualidad\\\/wp-content\\\/uploads\\\/2023\\\/02\\\/cuartetodeclarinetesgokan1.jpg\",\"contentUrl\":\"https:\\\/\\\/www.laguiadepamplona.com\\\/actualidad\\\/wp-content\\\/uploads\\\/2023\\\/02\\\/cuartetodeclarinetesgokan1.jpg\",\"width\":887,\"height\":706},{\"@type\":\"BreadcrumbList\",\"@id\":\"https:\\\/\\\/www.laguiadepamplona.com\\\/actualidad\\\/el-ciclo-pamplona-accion-musical-muestra-el-futuro-de-la-musica-de-camara-a-traves-de-seis-conciertos-de-jovenes-interpretes-del-13-al-22-de-febrero-en-condestable\\\/#breadcrumb\",\"itemListElement\":[{\"@type\":\"ListItem\",\"position\":1,\"name\":\"Portada\",\"item\":\"https:\\\/\\\/www.laguiadepamplona.com\\\/actualidad\\\/\"},{\"@type\":\"ListItem\",\"position\":2,\"name\":\"El ciclo Pamplona Acci\u00f3n Musical muestra el futuro de la m\u00fasica de c\u00e1mara a trav\u00e9s de seis conciertos de j\u00f3venes int\u00e9rpretes del 13 al 22 de febrero en Condestable\"}]},{\"@type\":\"WebSite\",\"@id\":\"https:\\\/\\\/www.laguiadepamplona.com\\\/actualidad\\\/#website\",\"url\":\"https:\\\/\\\/www.laguiadepamplona.com\\\/actualidad\\\/\",\"name\":\"La gu\u00eda de Pamplona\",\"description\":\"Noticias de Pamplona\",\"publisher\":{\"@id\":\"https:\\\/\\\/www.laguiadepamplona.com\\\/actualidad\\\/#organization\"},\"potentialAction\":[{\"@type\":\"SearchAction\",\"target\":{\"@type\":\"EntryPoint\",\"urlTemplate\":\"https:\\\/\\\/www.laguiadepamplona.com\\\/actualidad\\\/?s={search_term_string}\"},\"query-input\":{\"@type\":\"PropertyValueSpecification\",\"valueRequired\":true,\"valueName\":\"search_term_string\"}}],\"inLanguage\":\"es\"},{\"@type\":\"Organization\",\"@id\":\"https:\\\/\\\/www.laguiadepamplona.com\\\/actualidad\\\/#organization\",\"name\":\"La Gu\u00eda de Pamplona \\\/ Noticias\",\"url\":\"https:\\\/\\\/www.laguiadepamplona.com\\\/actualidad\\\/\",\"logo\":{\"@type\":\"ImageObject\",\"inLanguage\":\"es\",\"@id\":\"https:\\\/\\\/www.laguiadepamplona.com\\\/actualidad\\\/#\\\/schema\\\/logo\\\/image\\\/\",\"url\":\"https:\\\/\\\/www.laguiadepamplona.com\\\/actualidad\\\/wp-content\\\/uploads\\\/2018\\\/11\\\/logo-laguiadepamplona18-web1.png\",\"contentUrl\":\"https:\\\/\\\/www.laguiadepamplona.com\\\/actualidad\\\/wp-content\\\/uploads\\\/2018\\\/11\\\/logo-laguiadepamplona18-web1.png\",\"width\":600,\"height\":196,\"caption\":\"La Gu\u00eda de Pamplona \\\/ Noticias\"},\"image\":{\"@id\":\"https:\\\/\\\/www.laguiadepamplona.com\\\/actualidad\\\/#\\\/schema\\\/logo\\\/image\\\/\"},\"sameAs\":[\"https:\\\/\\\/www.facebook.com\\\/laguiadepamplonacom-133175176762273\\\/?ref=hl\",\"https:\\\/\\\/x.com\\\/LaGuiadPamplona\",\"https:\\\/\\\/www.instagram.com\\\/la_guia_de_pamplona\\\/\",\"https:\\\/\\\/www.youtube.com\\\/user\\\/laguiadepamplona\"]},{\"@type\":\"Person\",\"@id\":\"https:\\\/\\\/www.laguiadepamplona.com\\\/actualidad\\\/#\\\/schema\\\/person\\\/efe887376f0213d4657c93adc50b1fdb\",\"name\":\"La Gu\u00eda de Pamplona\",\"image\":{\"@type\":\"ImageObject\",\"inLanguage\":\"es\",\"@id\":\"https:\\\/\\\/secure.gravatar.com\\\/avatar\\\/b6992f131dc8d30ab0dff15446e9d346d9dbd95992de0fef795073f5ea83a81c?s=96&d=mm&r=g\",\"url\":\"https:\\\/\\\/secure.gravatar.com\\\/avatar\\\/b6992f131dc8d30ab0dff15446e9d346d9dbd95992de0fef795073f5ea83a81c?s=96&d=mm&r=g\",\"contentUrl\":\"https:\\\/\\\/secure.gravatar.com\\\/avatar\\\/b6992f131dc8d30ab0dff15446e9d346d9dbd95992de0fef795073f5ea83a81c?s=96&d=mm&r=g\",\"caption\":\"La Gu\u00eda de Pamplona\"}}]}<\/script>\n<!-- \/ Yoast SEO plugin. -->","yoast_head_json":{"title":"El ciclo Pamplona Acci\u00f3n Musical muestra el futuro de la m\u00fasica de c\u00e1mara a trav\u00e9s de seis conciertos de j\u00f3venes int\u00e9rpretes del 13 al 22 de febrero en Condestable","description":"El programa de conciertos gratuitos se completa con completa con actividades infantiles como un taller y un espect\u00e1culo pict\u00f3rico-musicales","robots":{"index":"index","follow":"follow","max-snippet":"max-snippet:-1","max-image-preview":"max-image-preview:large","max-video-preview":"max-video-preview:-1"},"canonical":"https:\/\/www.laguiadepamplona.com\/actualidad\/el-ciclo-pamplona-accion-musical-muestra-el-futuro-de-la-musica-de-camara-a-traves-de-seis-conciertos-de-jovenes-interpretes-del-13-al-22-de-febrero-en-condestable\/","og_locale":"es_ES","og_type":"article","og_title":"El ciclo Pamplona Acci\u00f3n Musical muestra el futuro de la m\u00fasica de c\u00e1mara a trav\u00e9s de seis conciertos de j\u00f3venes int\u00e9rpretes del 13 al 22 de febrero en Condestable","og_description":"El programa de conciertos gratuitos se completa con completa con actividades infantiles como un taller y un espect\u00e1culo pict\u00f3rico-musicales","og_url":"https:\/\/www.laguiadepamplona.com\/actualidad\/el-ciclo-pamplona-accion-musical-muestra-el-futuro-de-la-musica-de-camara-a-traves-de-seis-conciertos-de-jovenes-interpretes-del-13-al-22-de-febrero-en-condestable\/","og_site_name":"La Gu\u00eda de Pamplona","article_publisher":"https:\/\/www.facebook.com\/laguiadepamplonacom-133175176762273\/?ref=hl","article_published_time":"2023-02-10T12:06:16+00:00","article_modified_time":"2023-04-11T09:47:13+00:00","og_image":[{"width":887,"height":706,"url":"https:\/\/www.laguiadepamplona.com\/actualidad\/wp-content\/uploads\/2023\/02\/cuartetodeclarinetesgokan1.jpg","type":"image\/jpeg"}],"author":"La Gu\u00eda de Pamplona","twitter_card":"summary_large_image","twitter_creator":"@LaGuiadPamplona","twitter_site":"@LaGuiadPamplona","twitter_misc":{"Escrito por":"La Gu\u00eda de Pamplona","Tiempo de lectura":"4 minutos"},"schema":{"@context":"https:\/\/schema.org","@graph":[{"@type":"Article","@id":"https:\/\/www.laguiadepamplona.com\/actualidad\/el-ciclo-pamplona-accion-musical-muestra-el-futuro-de-la-musica-de-camara-a-traves-de-seis-conciertos-de-jovenes-interpretes-del-13-al-22-de-febrero-en-condestable\/#article","isPartOf":{"@id":"https:\/\/www.laguiadepamplona.com\/actualidad\/el-ciclo-pamplona-accion-musical-muestra-el-futuro-de-la-musica-de-camara-a-traves-de-seis-conciertos-de-jovenes-interpretes-del-13-al-22-de-febrero-en-condestable\/"},"author":{"name":"La Gu\u00eda de Pamplona","@id":"https:\/\/www.laguiadepamplona.com\/actualidad\/#\/schema\/person\/efe887376f0213d4657c93adc50b1fdb"},"headline":"El ciclo Pamplona Acci\u00f3n Musical muestra el futuro de la m\u00fasica de c\u00e1mara a trav\u00e9s de seis conciertos de j\u00f3venes int\u00e9rpretes del 13 al 22 de febrero en Condestable","datePublished":"2023-02-10T12:06:16+00:00","dateModified":"2023-04-11T09:47:13+00:00","mainEntityOfPage":{"@id":"https:\/\/www.laguiadepamplona.com\/actualidad\/el-ciclo-pamplona-accion-musical-muestra-el-futuro-de-la-musica-de-camara-a-traves-de-seis-conciertos-de-jovenes-interpretes-del-13-al-22-de-febrero-en-condestable\/"},"wordCount":945,"commentCount":0,"publisher":{"@id":"https:\/\/www.laguiadepamplona.com\/actualidad\/#organization"},"image":{"@id":"https:\/\/www.laguiadepamplona.com\/actualidad\/el-ciclo-pamplona-accion-musical-muestra-el-futuro-de-la-musica-de-camara-a-traves-de-seis-conciertos-de-jovenes-interpretes-del-13-al-22-de-febrero-en-condestable\/#primaryimage"},"thumbnailUrl":"https:\/\/www.laguiadepamplona.com\/actualidad\/wp-content\/uploads\/2023\/02\/cuartetodeclarinetesgokan1.jpg","articleSection":["Ayto Pamplona"],"inLanguage":"es","potentialAction":[{"@type":"CommentAction","name":"Comment","target":["https:\/\/www.laguiadepamplona.com\/actualidad\/el-ciclo-pamplona-accion-musical-muestra-el-futuro-de-la-musica-de-camara-a-traves-de-seis-conciertos-de-jovenes-interpretes-del-13-al-22-de-febrero-en-condestable\/#respond"]}]},{"@type":"WebPage","@id":"https:\/\/www.laguiadepamplona.com\/actualidad\/el-ciclo-pamplona-accion-musical-muestra-el-futuro-de-la-musica-de-camara-a-traves-de-seis-conciertos-de-jovenes-interpretes-del-13-al-22-de-febrero-en-condestable\/","url":"https:\/\/www.laguiadepamplona.com\/actualidad\/el-ciclo-pamplona-accion-musical-muestra-el-futuro-de-la-musica-de-camara-a-traves-de-seis-conciertos-de-jovenes-interpretes-del-13-al-22-de-febrero-en-condestable\/","name":"El ciclo Pamplona Acci\u00f3n Musical muestra el futuro de la m\u00fasica de c\u00e1mara a trav\u00e9s de seis conciertos de j\u00f3venes int\u00e9rpretes del 13 al 22 de febrero en Condestable","isPartOf":{"@id":"https:\/\/www.laguiadepamplona.com\/actualidad\/#website"},"primaryImageOfPage":{"@id":"https:\/\/www.laguiadepamplona.com\/actualidad\/el-ciclo-pamplona-accion-musical-muestra-el-futuro-de-la-musica-de-camara-a-traves-de-seis-conciertos-de-jovenes-interpretes-del-13-al-22-de-febrero-en-condestable\/#primaryimage"},"image":{"@id":"https:\/\/www.laguiadepamplona.com\/actualidad\/el-ciclo-pamplona-accion-musical-muestra-el-futuro-de-la-musica-de-camara-a-traves-de-seis-conciertos-de-jovenes-interpretes-del-13-al-22-de-febrero-en-condestable\/#primaryimage"},"thumbnailUrl":"https:\/\/www.laguiadepamplona.com\/actualidad\/wp-content\/uploads\/2023\/02\/cuartetodeclarinetesgokan1.jpg","datePublished":"2023-02-10T12:06:16+00:00","dateModified":"2023-04-11T09:47:13+00:00","description":"El programa de conciertos gratuitos se completa con completa con actividades infantiles como un taller y un espect\u00e1culo pict\u00f3rico-musicales","breadcrumb":{"@id":"https:\/\/www.laguiadepamplona.com\/actualidad\/el-ciclo-pamplona-accion-musical-muestra-el-futuro-de-la-musica-de-camara-a-traves-de-seis-conciertos-de-jovenes-interpretes-del-13-al-22-de-febrero-en-condestable\/#breadcrumb"},"inLanguage":"es","potentialAction":[{"@type":"ReadAction","target":["https:\/\/www.laguiadepamplona.com\/actualidad\/el-ciclo-pamplona-accion-musical-muestra-el-futuro-de-la-musica-de-camara-a-traves-de-seis-conciertos-de-jovenes-interpretes-del-13-al-22-de-febrero-en-condestable\/"]}]},{"@type":"ImageObject","inLanguage":"es","@id":"https:\/\/www.laguiadepamplona.com\/actualidad\/el-ciclo-pamplona-accion-musical-muestra-el-futuro-de-la-musica-de-camara-a-traves-de-seis-conciertos-de-jovenes-interpretes-del-13-al-22-de-febrero-en-condestable\/#primaryimage","url":"https:\/\/www.laguiadepamplona.com\/actualidad\/wp-content\/uploads\/2023\/02\/cuartetodeclarinetesgokan1.jpg","contentUrl":"https:\/\/www.laguiadepamplona.com\/actualidad\/wp-content\/uploads\/2023\/02\/cuartetodeclarinetesgokan1.jpg","width":887,"height":706},{"@type":"BreadcrumbList","@id":"https:\/\/www.laguiadepamplona.com\/actualidad\/el-ciclo-pamplona-accion-musical-muestra-el-futuro-de-la-musica-de-camara-a-traves-de-seis-conciertos-de-jovenes-interpretes-del-13-al-22-de-febrero-en-condestable\/#breadcrumb","itemListElement":[{"@type":"ListItem","position":1,"name":"Portada","item":"https:\/\/www.laguiadepamplona.com\/actualidad\/"},{"@type":"ListItem","position":2,"name":"El ciclo Pamplona Acci\u00f3n Musical muestra el futuro de la m\u00fasica de c\u00e1mara a trav\u00e9s de seis conciertos de j\u00f3venes int\u00e9rpretes del 13 al 22 de febrero en Condestable"}]},{"@type":"WebSite","@id":"https:\/\/www.laguiadepamplona.com\/actualidad\/#website","url":"https:\/\/www.laguiadepamplona.com\/actualidad\/","name":"La gu\u00eda de Pamplona","description":"Noticias de Pamplona","publisher":{"@id":"https:\/\/www.laguiadepamplona.com\/actualidad\/#organization"},"potentialAction":[{"@type":"SearchAction","target":{"@type":"EntryPoint","urlTemplate":"https:\/\/www.laguiadepamplona.com\/actualidad\/?s={search_term_string}"},"query-input":{"@type":"PropertyValueSpecification","valueRequired":true,"valueName":"search_term_string"}}],"inLanguage":"es"},{"@type":"Organization","@id":"https:\/\/www.laguiadepamplona.com\/actualidad\/#organization","name":"La Gu\u00eda de Pamplona \/ Noticias","url":"https:\/\/www.laguiadepamplona.com\/actualidad\/","logo":{"@type":"ImageObject","inLanguage":"es","@id":"https:\/\/www.laguiadepamplona.com\/actualidad\/#\/schema\/logo\/image\/","url":"https:\/\/www.laguiadepamplona.com\/actualidad\/wp-content\/uploads\/2018\/11\/logo-laguiadepamplona18-web1.png","contentUrl":"https:\/\/www.laguiadepamplona.com\/actualidad\/wp-content\/uploads\/2018\/11\/logo-laguiadepamplona18-web1.png","width":600,"height":196,"caption":"La Gu\u00eda de Pamplona \/ Noticias"},"image":{"@id":"https:\/\/www.laguiadepamplona.com\/actualidad\/#\/schema\/logo\/image\/"},"sameAs":["https:\/\/www.facebook.com\/laguiadepamplonacom-133175176762273\/?ref=hl","https:\/\/x.com\/LaGuiadPamplona","https:\/\/www.instagram.com\/la_guia_de_pamplona\/","https:\/\/www.youtube.com\/user\/laguiadepamplona"]},{"@type":"Person","@id":"https:\/\/www.laguiadepamplona.com\/actualidad\/#\/schema\/person\/efe887376f0213d4657c93adc50b1fdb","name":"La Gu\u00eda de Pamplona","image":{"@type":"ImageObject","inLanguage":"es","@id":"https:\/\/secure.gravatar.com\/avatar\/b6992f131dc8d30ab0dff15446e9d346d9dbd95992de0fef795073f5ea83a81c?s=96&d=mm&r=g","url":"https:\/\/secure.gravatar.com\/avatar\/b6992f131dc8d30ab0dff15446e9d346d9dbd95992de0fef795073f5ea83a81c?s=96&d=mm&r=g","contentUrl":"https:\/\/secure.gravatar.com\/avatar\/b6992f131dc8d30ab0dff15446e9d346d9dbd95992de0fef795073f5ea83a81c?s=96&d=mm&r=g","caption":"La Gu\u00eda de Pamplona"}}]}},"post_mailing_queue_ids":[],"_links":{"self":[{"href":"https:\/\/www.laguiadepamplona.com\/actualidad\/wp-json\/wp\/v2\/posts\/42837","targetHints":{"allow":["GET"]}}],"collection":[{"href":"https:\/\/www.laguiadepamplona.com\/actualidad\/wp-json\/wp\/v2\/posts"}],"about":[{"href":"https:\/\/www.laguiadepamplona.com\/actualidad\/wp-json\/wp\/v2\/types\/post"}],"author":[{"embeddable":true,"href":"https:\/\/www.laguiadepamplona.com\/actualidad\/wp-json\/wp\/v2\/users\/1"}],"replies":[{"embeddable":true,"href":"https:\/\/www.laguiadepamplona.com\/actualidad\/wp-json\/wp\/v2\/comments?post=42837"}],"version-history":[{"count":0,"href":"https:\/\/www.laguiadepamplona.com\/actualidad\/wp-json\/wp\/v2\/posts\/42837\/revisions"}],"wp:featuredmedia":[{"embeddable":true,"href":"https:\/\/www.laguiadepamplona.com\/actualidad\/wp-json\/wp\/v2\/media\/42838"}],"wp:attachment":[{"href":"https:\/\/www.laguiadepamplona.com\/actualidad\/wp-json\/wp\/v2\/media?parent=42837"}],"wp:term":[{"taxonomy":"category","embeddable":true,"href":"https:\/\/www.laguiadepamplona.com\/actualidad\/wp-json\/wp\/v2\/categories?post=42837"},{"taxonomy":"post_tag","embeddable":true,"href":"https:\/\/www.laguiadepamplona.com\/actualidad\/wp-json\/wp\/v2\/tags?post=42837"}],"curies":[{"name":"wp","href":"https:\/\/api.w.org\/{rel}","templated":true}]}}