{"id":42834,"date":"2023-02-10T14:04:18","date_gmt":"2023-02-10T12:04:18","guid":{"rendered":"https:\/\/www.laguiadepamplona.com\/actualidad\/?p=42834"},"modified":"2023-04-11T11:47:13","modified_gmt":"2023-04-11T09:47:13","slug":"la-asociacion-alfredo-sada-decida-su-exposicion-colectiva-anual-a-la-fragilidad-con-mas-de-40-obras-elaboradas-con-diversas-tecnicas-que-se-exhiben-en-la-ciudadela","status":"publish","type":"post","link":"https:\/\/www.laguiadepamplona.com\/actualidad\/la-asociacion-alfredo-sada-decida-su-exposicion-colectiva-anual-a-la-fragilidad-con-mas-de-40-obras-elaboradas-con-diversas-tecnicas-que-se-exhiben-en-la-ciudadela\/","title":{"rendered":"La Asociaci\u00f3n Alfredo Sada decida su exposici\u00f3n colectiva anual a la fragilidad, con m\u00e1s de 40 obras elaboradas con diversas t\u00e9cnicas que se exhiben en la Ciudadela"},"content":{"rendered":"<h5>La muestra puede visitarse hasta el 19 de marzo en la planta baja del Pabell\u00f3n de Mixtos<\/h5>\n<p><!--more--><\/p>\n<p>Fr\u00e1gil. Ese es el tema elegido por la Asociaci\u00f3n Alfredo Sada para guiar la creatividad de sus miembros en su exposici\u00f3n colectiva anual. La planta baja del Pabell\u00f3n de Mixtos recoge hasta el pr\u00f3ximo 19 de marzo los trabajos de 29 artistas, a trav\u00e9s de m\u00e1s de 40 obras con las que quieren transmitir ese concepto, esa sensaci\u00f3n, ese sentimiento de fragilidad. \u2018Fr\u00e1gil\u2019 es un compendio t\u00e9cnicas pict\u00f3ricas al servicio de una idea.<br \/>\n<script async src=\"\/\/pagead2.googlesyndication.com\/pagead\/js\/adsbygoogle.js\"><\/script><br \/>\n<!-- Noticias La Guia de Pamplona --><br \/>\n<ins class=\"adsbygoogle\"\nstyle=\"display:block\"\ndata-ad-client=\"ca-pub-6943679897239327\"\ndata-ad-slot=\"7048180777\"\ndata-ad-format=\"auto\"><\/ins><br \/>\n<script>\n(adsbygoogle = window.adsbygoogle || []).push({});\n<\/script><\/p>\n<p>El director de Cultura e Igualdad, Jorge Urd\u00e1noz, la presidenta de la asociaci\u00f3n Alfredo Sada, Lola Garro, y la coordinadora de la muestra, Mila Boj, ambas adem\u00e1s autoras de dos de las obras expuestas, han presentado esta exposici\u00f3n colectiva que es ya un cl\u00e1sico en la programaci\u00f3n cultural de la ciudad durante el invierno. Cada artista que participa en la exposici\u00f3n imagina esa fragilidad desde su perspectiva personal, enfoc\u00e1ndose hacia personas, naturaleza, objetos\u2026 en su creaci\u00f3n.<\/p>\n<p>La fragilidad convive con la fortaleza, los momentos donde nos sentimos fr\u00e1giles tienen la magia de hacernos recordar quienes somos realmente, nos hace m\u00e1s humanos, m\u00e1s aut\u00e9nticos. En esta muestra nos gustar\u00eda transmitir algo de esta magia. Y eso es lo que han querido representar en sus obras, elaboradas con la t\u00e9cnica aprendida a trav\u00e9s de la formaci\u00f3n art\u00edstica. Esa fragilidad se representa a trav\u00e9s de flores, paisajes, retratos, cristales quebrados, animales u obra abstracta, con amplias gamas crom\u00e1ticas y composiciones naturalistas, on\u00edricas o conceptuales. Adem\u00e1s de la obra individual de cada autor y autora, se presenta en la muestra un trabajo colectivo, que recoge la simbolog\u00eda de la palabra fr\u00e1gil.<br \/>\n<script async src=\"\/\/pagead2.googlesyndication.com\/pagead\/js\/adsbygoogle.js\"><\/script><br \/>\n<!-- Noticias La Guia de Pamplona --><br \/>\n<ins class=\"adsbygoogle\"\nstyle=\"display:block\"\ndata-ad-client=\"ca-pub-6943679897239327\"\ndata-ad-slot=\"7048180777\"\ndata-ad-format=\"auto\"><\/ins><br \/>\n<script>\n(adsbygoogle = window.adsbygoogle || []).push({});\n<\/script><\/p>\n<p><strong>Sobre la Asociaci\u00f3n Alfredo Sada<\/strong><\/p>\n<p>La Asociaci\u00f3n Alfredo Sada est\u00e1 formada, en su mayor parte, por personas que han finalizado los cursos monogr\u00e1ficos de Dibujo Art\u00edstico y Pintura de la Escuela municipal de Arte Catalina de Osc\u00e1riz. Fundada en 1992, 34 personas forman parte actualmente de la asociaci\u00f3n, que cuenta con un taller de trabajo y encuentro en la calle R\u00edo Urederra 20, en el barrio de la Milagrosa. All\u00ed realizan sus obras, profundizan en sus conocimientos art\u00edsticos, organizan talleres sobre distintas t\u00e9cnicas, adem\u00e1s de participar en la vida cultural del barrio con jornadas de puertas abiertas o charlas sobre arte.<\/p>\n<p>Cada a\u00f1o, la asociaci\u00f3n prepara una exposici\u00f3n colectiva sobre un tema concreto, a trav\u00e9s de una puesta en com\u00fan en la que participan los miembros de la asociaci\u00f3n. A partir de ah\u00ed llega el trabajo individual y colectivo para que la muestra resulte atractiva y de calidad para el disfrute del p\u00fablico que se acerque al espacio en el que se exhiba. Desde hace ya muchos a\u00f1os, el Ayuntamiento de Pamplona expone en alguna de las salas municipales, Condestable o Ciudadela principalmente, las obras de este colectivo, que cada a\u00f1o plasma su creatividad con base en temas diversos. El Rom\u00e1nico, la sombra, las aves migratorias, la geometr\u00eda del paisaje urbano, el erotismo o la belleza y la destrucci\u00f3n son ejemplos de las tem\u00e1ticas de sus muestras.<br \/>\n<script async src=\"\/\/pagead2.googlesyndication.com\/pagead\/js\/adsbygoogle.js\"><\/script><br \/>\n<!-- Noticias La Guia de Pamplona --><br \/>\n<ins class=\"adsbygoogle\"\nstyle=\"display:block\"\ndata-ad-client=\"ca-pub-6943679897239327\"\ndata-ad-slot=\"7048180777\"\ndata-ad-format=\"auto\"><\/ins><br \/>\n<script>\n(adsbygoogle = window.adsbygoogle || []).push({});\n<\/script><\/p>\n<p>&nbsp;<\/p>\n<h3>Asociaci\u00f3n Alfredo Sada. Participantes en la exposici\u00f3n \u2018Fr\u00e1gil\u2019<\/h3>\n<p>&nbsp;<\/p>\n<ul>\n<li>WALID ZAYAT<\/li>\n<li>PILI HUARTE<\/li>\n<li>JAVIER ESLAVA<\/li>\n<li>GLORIA LAFUENTE<\/li>\n<li>MARI JOS\u00c9 OCHOAERRARTE<\/li>\n<li>BEATRIZ B. ROMEO<\/li>\n<li>RAFAEL LABARGA<\/li>\n<li>MILA ESCORZA<\/li>\n<li>NIEVES PELLICER LEZAUN<\/li>\n<li>LOLA GARRO<\/li>\n<li>MILA BOJ<\/li>\n<li>IOSU ARRASTIA<\/li>\n<li>M\u00aa ANTONIA AUZMENDI SANTANDER<\/li>\n<li>NIEVES CIGANDA<\/li>\n<li>FLOREN BIDAURRE<\/li>\n<li>FELI HERN\u00c1NDEZ<\/li>\n<li>M\u00aa CARMEN LABIANO LEZ\u00c1UN<\/li>\n<li>ANA PELLICER AIBAR<\/li>\n<li>\u00c1LVARO MATEOS<\/li>\n<li>BLANCA L\u00d3PEZ<\/li>\n<li>FRANCISCA REBOLLO<\/li>\n<li>PILI FLAMARIQUE IRIARTE<\/li>\n<li>BUBU (JUAN JOS\u00c9 ESCOBEDO F.)<\/li>\n<li>ANA S. HOLMES<\/li>\n<li>G. NEGREDO<\/li>\n<li>JAVIER SOLA<\/li>\n<li>ASUN RAMOS<\/li>\n<li>INMACULADA ECH\u00c1VARRI<\/li>\n<li>REBEKA A. VITAL<\/li>\n<\/ul>\n","protected":false},"excerpt":{"rendered":"<p>La muestra puede visitarse hasta el 19 de marzo en la planta baja del Pabell\u00f3n de Mixtos<\/p>\n","protected":false},"author":1,"featured_media":42835,"comment_status":"open","ping_status":"closed","sticky":false,"template":"","format":"standard","meta":{"footnotes":""},"categories":[2],"tags":[],"class_list":["post-42834","post","type-post","status-publish","format-standard","has-post-thumbnail","hentry","category-ayuntamiento-pamplona"],"yoast_head":"<!-- This site is optimized with the Yoast SEO plugin v27.3 - https:\/\/yoast.com\/product\/yoast-seo-wordpress\/ -->\n<title>La Asociaci\u00f3n Alfredo Sada decida su exposici\u00f3n colectiva anual a la fragilidad, con m\u00e1s de 40 obras elaboradas con diversas t\u00e9cnicas que se exhiben en la Ciudadela<\/title>\n<meta name=\"description\" content=\"La muestra puede visitarse hasta el 19 de marzo en la planta baja del Pabell\u00f3n de Mixtos\" \/>\n<meta name=\"robots\" content=\"index, follow, max-snippet:-1, max-image-preview:large, max-video-preview:-1\" \/>\n<link rel=\"canonical\" href=\"https:\/\/www.laguiadepamplona.com\/actualidad\/la-asociacion-alfredo-sada-decida-su-exposicion-colectiva-anual-a-la-fragilidad-con-mas-de-40-obras-elaboradas-con-diversas-tecnicas-que-se-exhiben-en-la-ciudadela\/\" \/>\n<meta property=\"og:locale\" content=\"es_ES\" \/>\n<meta property=\"og:type\" content=\"article\" \/>\n<meta property=\"og:title\" content=\"La Asociaci\u00f3n Alfredo Sada decida su exposici\u00f3n colectiva anual a la fragilidad, con m\u00e1s de 40 obras elaboradas con diversas t\u00e9cnicas que se exhiben en la Ciudadela\" \/>\n<meta property=\"og:description\" content=\"La muestra puede visitarse hasta el 19 de marzo en la planta baja del Pabell\u00f3n de Mixtos\" \/>\n<meta property=\"og:url\" content=\"https:\/\/www.laguiadepamplona.com\/actualidad\/la-asociacion-alfredo-sada-decida-su-exposicion-colectiva-anual-a-la-fragilidad-con-mas-de-40-obras-elaboradas-con-diversas-tecnicas-que-se-exhiben-en-la-ciudadela\/\" \/>\n<meta property=\"og:site_name\" content=\"La Gu\u00eda de Pamplona\" \/>\n<meta property=\"article:publisher\" content=\"https:\/\/www.facebook.com\/laguiadepamplonacom-133175176762273\/?ref=hl\" \/>\n<meta property=\"article:published_time\" content=\"2023-02-10T12:04:18+00:00\" \/>\n<meta property=\"article:modified_time\" content=\"2023-04-11T09:47:13+00:00\" \/>\n<meta property=\"og:image\" content=\"https:\/\/www.laguiadepamplona.com\/actualidad\/wp-content\/uploads\/2023\/02\/expo-alfredo-sada2.jpeg\" \/>\n\t<meta property=\"og:image:width\" content=\"1600\" \/>\n\t<meta property=\"og:image:height\" content=\"736\" \/>\n\t<meta property=\"og:image:type\" content=\"image\/jpeg\" \/>\n<meta name=\"author\" content=\"La Gu\u00eda de Pamplona\" \/>\n<meta name=\"twitter:card\" content=\"summary_large_image\" \/>\n<meta name=\"twitter:creator\" content=\"@LaGuiadPamplona\" \/>\n<meta name=\"twitter:site\" content=\"@LaGuiadPamplona\" \/>\n<meta name=\"twitter:label1\" content=\"Escrito por\" \/>\n\t<meta name=\"twitter:data1\" content=\"La Gu\u00eda de Pamplona\" \/>\n\t<meta name=\"twitter:label2\" content=\"Tiempo de lectura\" \/>\n\t<meta name=\"twitter:data2\" content=\"3 minutos\" \/>\n<script type=\"application\/ld+json\" class=\"yoast-schema-graph\">{\"@context\":\"https:\\\/\\\/schema.org\",\"@graph\":[{\"@type\":\"Article\",\"@id\":\"https:\\\/\\\/www.laguiadepamplona.com\\\/actualidad\\\/la-asociacion-alfredo-sada-decida-su-exposicion-colectiva-anual-a-la-fragilidad-con-mas-de-40-obras-elaboradas-con-diversas-tecnicas-que-se-exhiben-en-la-ciudadela\\\/#article\",\"isPartOf\":{\"@id\":\"https:\\\/\\\/www.laguiadepamplona.com\\\/actualidad\\\/la-asociacion-alfredo-sada-decida-su-exposicion-colectiva-anual-a-la-fragilidad-con-mas-de-40-obras-elaboradas-con-diversas-tecnicas-que-se-exhiben-en-la-ciudadela\\\/\"},\"author\":{\"name\":\"La Gu\u00eda de Pamplona\",\"@id\":\"https:\\\/\\\/www.laguiadepamplona.com\\\/actualidad\\\/#\\\/schema\\\/person\\\/efe887376f0213d4657c93adc50b1fdb\"},\"headline\":\"La Asociaci\u00f3n Alfredo Sada decida su exposici\u00f3n colectiva anual a la fragilidad, con m\u00e1s de 40 obras elaboradas con diversas t\u00e9cnicas que se exhiben en la Ciudadela\",\"datePublished\":\"2023-02-10T12:04:18+00:00\",\"dateModified\":\"2023-04-11T09:47:13+00:00\",\"mainEntityOfPage\":{\"@id\":\"https:\\\/\\\/www.laguiadepamplona.com\\\/actualidad\\\/la-asociacion-alfredo-sada-decida-su-exposicion-colectiva-anual-a-la-fragilidad-con-mas-de-40-obras-elaboradas-con-diversas-tecnicas-que-se-exhiben-en-la-ciudadela\\\/\"},\"wordCount\":675,\"commentCount\":0,\"publisher\":{\"@id\":\"https:\\\/\\\/www.laguiadepamplona.com\\\/actualidad\\\/#organization\"},\"image\":{\"@id\":\"https:\\\/\\\/www.laguiadepamplona.com\\\/actualidad\\\/la-asociacion-alfredo-sada-decida-su-exposicion-colectiva-anual-a-la-fragilidad-con-mas-de-40-obras-elaboradas-con-diversas-tecnicas-que-se-exhiben-en-la-ciudadela\\\/#primaryimage\"},\"thumbnailUrl\":\"https:\\\/\\\/www.laguiadepamplona.com\\\/actualidad\\\/wp-content\\\/uploads\\\/2023\\\/02\\\/expo-alfredo-sada2.jpeg\",\"articleSection\":[\"Ayto Pamplona\"],\"inLanguage\":\"es\",\"potentialAction\":[{\"@type\":\"CommentAction\",\"name\":\"Comment\",\"target\":[\"https:\\\/\\\/www.laguiadepamplona.com\\\/actualidad\\\/la-asociacion-alfredo-sada-decida-su-exposicion-colectiva-anual-a-la-fragilidad-con-mas-de-40-obras-elaboradas-con-diversas-tecnicas-que-se-exhiben-en-la-ciudadela\\\/#respond\"]}]},{\"@type\":\"WebPage\",\"@id\":\"https:\\\/\\\/www.laguiadepamplona.com\\\/actualidad\\\/la-asociacion-alfredo-sada-decida-su-exposicion-colectiva-anual-a-la-fragilidad-con-mas-de-40-obras-elaboradas-con-diversas-tecnicas-que-se-exhiben-en-la-ciudadela\\\/\",\"url\":\"https:\\\/\\\/www.laguiadepamplona.com\\\/actualidad\\\/la-asociacion-alfredo-sada-decida-su-exposicion-colectiva-anual-a-la-fragilidad-con-mas-de-40-obras-elaboradas-con-diversas-tecnicas-que-se-exhiben-en-la-ciudadela\\\/\",\"name\":\"La Asociaci\u00f3n Alfredo Sada decida su exposici\u00f3n colectiva anual a la fragilidad, con m\u00e1s de 40 obras elaboradas con diversas t\u00e9cnicas que se exhiben en la Ciudadela\",\"isPartOf\":{\"@id\":\"https:\\\/\\\/www.laguiadepamplona.com\\\/actualidad\\\/#website\"},\"primaryImageOfPage\":{\"@id\":\"https:\\\/\\\/www.laguiadepamplona.com\\\/actualidad\\\/la-asociacion-alfredo-sada-decida-su-exposicion-colectiva-anual-a-la-fragilidad-con-mas-de-40-obras-elaboradas-con-diversas-tecnicas-que-se-exhiben-en-la-ciudadela\\\/#primaryimage\"},\"image\":{\"@id\":\"https:\\\/\\\/www.laguiadepamplona.com\\\/actualidad\\\/la-asociacion-alfredo-sada-decida-su-exposicion-colectiva-anual-a-la-fragilidad-con-mas-de-40-obras-elaboradas-con-diversas-tecnicas-que-se-exhiben-en-la-ciudadela\\\/#primaryimage\"},\"thumbnailUrl\":\"https:\\\/\\\/www.laguiadepamplona.com\\\/actualidad\\\/wp-content\\\/uploads\\\/2023\\\/02\\\/expo-alfredo-sada2.jpeg\",\"datePublished\":\"2023-02-10T12:04:18+00:00\",\"dateModified\":\"2023-04-11T09:47:13+00:00\",\"description\":\"La muestra puede visitarse hasta el 19 de marzo en la planta baja del Pabell\u00f3n de Mixtos\",\"breadcrumb\":{\"@id\":\"https:\\\/\\\/www.laguiadepamplona.com\\\/actualidad\\\/la-asociacion-alfredo-sada-decida-su-exposicion-colectiva-anual-a-la-fragilidad-con-mas-de-40-obras-elaboradas-con-diversas-tecnicas-que-se-exhiben-en-la-ciudadela\\\/#breadcrumb\"},\"inLanguage\":\"es\",\"potentialAction\":[{\"@type\":\"ReadAction\",\"target\":[\"https:\\\/\\\/www.laguiadepamplona.com\\\/actualidad\\\/la-asociacion-alfredo-sada-decida-su-exposicion-colectiva-anual-a-la-fragilidad-con-mas-de-40-obras-elaboradas-con-diversas-tecnicas-que-se-exhiben-en-la-ciudadela\\\/\"]}]},{\"@type\":\"ImageObject\",\"inLanguage\":\"es\",\"@id\":\"https:\\\/\\\/www.laguiadepamplona.com\\\/actualidad\\\/la-asociacion-alfredo-sada-decida-su-exposicion-colectiva-anual-a-la-fragilidad-con-mas-de-40-obras-elaboradas-con-diversas-tecnicas-que-se-exhiben-en-la-ciudadela\\\/#primaryimage\",\"url\":\"https:\\\/\\\/www.laguiadepamplona.com\\\/actualidad\\\/wp-content\\\/uploads\\\/2023\\\/02\\\/expo-alfredo-sada2.jpeg\",\"contentUrl\":\"https:\\\/\\\/www.laguiadepamplona.com\\\/actualidad\\\/wp-content\\\/uploads\\\/2023\\\/02\\\/expo-alfredo-sada2.jpeg\",\"width\":1600,\"height\":736},{\"@type\":\"BreadcrumbList\",\"@id\":\"https:\\\/\\\/www.laguiadepamplona.com\\\/actualidad\\\/la-asociacion-alfredo-sada-decida-su-exposicion-colectiva-anual-a-la-fragilidad-con-mas-de-40-obras-elaboradas-con-diversas-tecnicas-que-se-exhiben-en-la-ciudadela\\\/#breadcrumb\",\"itemListElement\":[{\"@type\":\"ListItem\",\"position\":1,\"name\":\"Portada\",\"item\":\"https:\\\/\\\/www.laguiadepamplona.com\\\/actualidad\\\/\"},{\"@type\":\"ListItem\",\"position\":2,\"name\":\"La Asociaci\u00f3n Alfredo Sada decida su exposici\u00f3n colectiva anual a la fragilidad, con m\u00e1s de 40 obras elaboradas con diversas t\u00e9cnicas que se exhiben en la Ciudadela\"}]},{\"@type\":\"WebSite\",\"@id\":\"https:\\\/\\\/www.laguiadepamplona.com\\\/actualidad\\\/#website\",\"url\":\"https:\\\/\\\/www.laguiadepamplona.com\\\/actualidad\\\/\",\"name\":\"La gu\u00eda de Pamplona\",\"description\":\"Noticias de Pamplona\",\"publisher\":{\"@id\":\"https:\\\/\\\/www.laguiadepamplona.com\\\/actualidad\\\/#organization\"},\"potentialAction\":[{\"@type\":\"SearchAction\",\"target\":{\"@type\":\"EntryPoint\",\"urlTemplate\":\"https:\\\/\\\/www.laguiadepamplona.com\\\/actualidad\\\/?s={search_term_string}\"},\"query-input\":{\"@type\":\"PropertyValueSpecification\",\"valueRequired\":true,\"valueName\":\"search_term_string\"}}],\"inLanguage\":\"es\"},{\"@type\":\"Organization\",\"@id\":\"https:\\\/\\\/www.laguiadepamplona.com\\\/actualidad\\\/#organization\",\"name\":\"La Gu\u00eda de Pamplona \\\/ Noticias\",\"url\":\"https:\\\/\\\/www.laguiadepamplona.com\\\/actualidad\\\/\",\"logo\":{\"@type\":\"ImageObject\",\"inLanguage\":\"es\",\"@id\":\"https:\\\/\\\/www.laguiadepamplona.com\\\/actualidad\\\/#\\\/schema\\\/logo\\\/image\\\/\",\"url\":\"https:\\\/\\\/www.laguiadepamplona.com\\\/actualidad\\\/wp-content\\\/uploads\\\/2018\\\/11\\\/logo-laguiadepamplona18-web1.png\",\"contentUrl\":\"https:\\\/\\\/www.laguiadepamplona.com\\\/actualidad\\\/wp-content\\\/uploads\\\/2018\\\/11\\\/logo-laguiadepamplona18-web1.png\",\"width\":600,\"height\":196,\"caption\":\"La Gu\u00eda de Pamplona \\\/ Noticias\"},\"image\":{\"@id\":\"https:\\\/\\\/www.laguiadepamplona.com\\\/actualidad\\\/#\\\/schema\\\/logo\\\/image\\\/\"},\"sameAs\":[\"https:\\\/\\\/www.facebook.com\\\/laguiadepamplonacom-133175176762273\\\/?ref=hl\",\"https:\\\/\\\/x.com\\\/LaGuiadPamplona\",\"https:\\\/\\\/www.instagram.com\\\/la_guia_de_pamplona\\\/\",\"https:\\\/\\\/www.youtube.com\\\/user\\\/laguiadepamplona\"]},{\"@type\":\"Person\",\"@id\":\"https:\\\/\\\/www.laguiadepamplona.com\\\/actualidad\\\/#\\\/schema\\\/person\\\/efe887376f0213d4657c93adc50b1fdb\",\"name\":\"La Gu\u00eda de Pamplona\",\"image\":{\"@type\":\"ImageObject\",\"inLanguage\":\"es\",\"@id\":\"https:\\\/\\\/secure.gravatar.com\\\/avatar\\\/b6992f131dc8d30ab0dff15446e9d346d9dbd95992de0fef795073f5ea83a81c?s=96&d=mm&r=g\",\"url\":\"https:\\\/\\\/secure.gravatar.com\\\/avatar\\\/b6992f131dc8d30ab0dff15446e9d346d9dbd95992de0fef795073f5ea83a81c?s=96&d=mm&r=g\",\"contentUrl\":\"https:\\\/\\\/secure.gravatar.com\\\/avatar\\\/b6992f131dc8d30ab0dff15446e9d346d9dbd95992de0fef795073f5ea83a81c?s=96&d=mm&r=g\",\"caption\":\"La Gu\u00eda de Pamplona\"}}]}<\/script>\n<!-- \/ Yoast SEO plugin. -->","yoast_head_json":{"title":"La Asociaci\u00f3n Alfredo Sada decida su exposici\u00f3n colectiva anual a la fragilidad, con m\u00e1s de 40 obras elaboradas con diversas t\u00e9cnicas que se exhiben en la Ciudadela","description":"La muestra puede visitarse hasta el 19 de marzo en la planta baja del Pabell\u00f3n de Mixtos","robots":{"index":"index","follow":"follow","max-snippet":"max-snippet:-1","max-image-preview":"max-image-preview:large","max-video-preview":"max-video-preview:-1"},"canonical":"https:\/\/www.laguiadepamplona.com\/actualidad\/la-asociacion-alfredo-sada-decida-su-exposicion-colectiva-anual-a-la-fragilidad-con-mas-de-40-obras-elaboradas-con-diversas-tecnicas-que-se-exhiben-en-la-ciudadela\/","og_locale":"es_ES","og_type":"article","og_title":"La Asociaci\u00f3n Alfredo Sada decida su exposici\u00f3n colectiva anual a la fragilidad, con m\u00e1s de 40 obras elaboradas con diversas t\u00e9cnicas que se exhiben en la Ciudadela","og_description":"La muestra puede visitarse hasta el 19 de marzo en la planta baja del Pabell\u00f3n de Mixtos","og_url":"https:\/\/www.laguiadepamplona.com\/actualidad\/la-asociacion-alfredo-sada-decida-su-exposicion-colectiva-anual-a-la-fragilidad-con-mas-de-40-obras-elaboradas-con-diversas-tecnicas-que-se-exhiben-en-la-ciudadela\/","og_site_name":"La Gu\u00eda de Pamplona","article_publisher":"https:\/\/www.facebook.com\/laguiadepamplonacom-133175176762273\/?ref=hl","article_published_time":"2023-02-10T12:04:18+00:00","article_modified_time":"2023-04-11T09:47:13+00:00","og_image":[{"width":1600,"height":736,"url":"https:\/\/www.laguiadepamplona.com\/actualidad\/wp-content\/uploads\/2023\/02\/expo-alfredo-sada2.jpeg","type":"image\/jpeg"}],"author":"La Gu\u00eda de Pamplona","twitter_card":"summary_large_image","twitter_creator":"@LaGuiadPamplona","twitter_site":"@LaGuiadPamplona","twitter_misc":{"Escrito por":"La Gu\u00eda de Pamplona","Tiempo de lectura":"3 minutos"},"schema":{"@context":"https:\/\/schema.org","@graph":[{"@type":"Article","@id":"https:\/\/www.laguiadepamplona.com\/actualidad\/la-asociacion-alfredo-sada-decida-su-exposicion-colectiva-anual-a-la-fragilidad-con-mas-de-40-obras-elaboradas-con-diversas-tecnicas-que-se-exhiben-en-la-ciudadela\/#article","isPartOf":{"@id":"https:\/\/www.laguiadepamplona.com\/actualidad\/la-asociacion-alfredo-sada-decida-su-exposicion-colectiva-anual-a-la-fragilidad-con-mas-de-40-obras-elaboradas-con-diversas-tecnicas-que-se-exhiben-en-la-ciudadela\/"},"author":{"name":"La Gu\u00eda de Pamplona","@id":"https:\/\/www.laguiadepamplona.com\/actualidad\/#\/schema\/person\/efe887376f0213d4657c93adc50b1fdb"},"headline":"La Asociaci\u00f3n Alfredo Sada decida su exposici\u00f3n colectiva anual a la fragilidad, con m\u00e1s de 40 obras elaboradas con diversas t\u00e9cnicas que se exhiben en la Ciudadela","datePublished":"2023-02-10T12:04:18+00:00","dateModified":"2023-04-11T09:47:13+00:00","mainEntityOfPage":{"@id":"https:\/\/www.laguiadepamplona.com\/actualidad\/la-asociacion-alfredo-sada-decida-su-exposicion-colectiva-anual-a-la-fragilidad-con-mas-de-40-obras-elaboradas-con-diversas-tecnicas-que-se-exhiben-en-la-ciudadela\/"},"wordCount":675,"commentCount":0,"publisher":{"@id":"https:\/\/www.laguiadepamplona.com\/actualidad\/#organization"},"image":{"@id":"https:\/\/www.laguiadepamplona.com\/actualidad\/la-asociacion-alfredo-sada-decida-su-exposicion-colectiva-anual-a-la-fragilidad-con-mas-de-40-obras-elaboradas-con-diversas-tecnicas-que-se-exhiben-en-la-ciudadela\/#primaryimage"},"thumbnailUrl":"https:\/\/www.laguiadepamplona.com\/actualidad\/wp-content\/uploads\/2023\/02\/expo-alfredo-sada2.jpeg","articleSection":["Ayto Pamplona"],"inLanguage":"es","potentialAction":[{"@type":"CommentAction","name":"Comment","target":["https:\/\/www.laguiadepamplona.com\/actualidad\/la-asociacion-alfredo-sada-decida-su-exposicion-colectiva-anual-a-la-fragilidad-con-mas-de-40-obras-elaboradas-con-diversas-tecnicas-que-se-exhiben-en-la-ciudadela\/#respond"]}]},{"@type":"WebPage","@id":"https:\/\/www.laguiadepamplona.com\/actualidad\/la-asociacion-alfredo-sada-decida-su-exposicion-colectiva-anual-a-la-fragilidad-con-mas-de-40-obras-elaboradas-con-diversas-tecnicas-que-se-exhiben-en-la-ciudadela\/","url":"https:\/\/www.laguiadepamplona.com\/actualidad\/la-asociacion-alfredo-sada-decida-su-exposicion-colectiva-anual-a-la-fragilidad-con-mas-de-40-obras-elaboradas-con-diversas-tecnicas-que-se-exhiben-en-la-ciudadela\/","name":"La Asociaci\u00f3n Alfredo Sada decida su exposici\u00f3n colectiva anual a la fragilidad, con m\u00e1s de 40 obras elaboradas con diversas t\u00e9cnicas que se exhiben en la Ciudadela","isPartOf":{"@id":"https:\/\/www.laguiadepamplona.com\/actualidad\/#website"},"primaryImageOfPage":{"@id":"https:\/\/www.laguiadepamplona.com\/actualidad\/la-asociacion-alfredo-sada-decida-su-exposicion-colectiva-anual-a-la-fragilidad-con-mas-de-40-obras-elaboradas-con-diversas-tecnicas-que-se-exhiben-en-la-ciudadela\/#primaryimage"},"image":{"@id":"https:\/\/www.laguiadepamplona.com\/actualidad\/la-asociacion-alfredo-sada-decida-su-exposicion-colectiva-anual-a-la-fragilidad-con-mas-de-40-obras-elaboradas-con-diversas-tecnicas-que-se-exhiben-en-la-ciudadela\/#primaryimage"},"thumbnailUrl":"https:\/\/www.laguiadepamplona.com\/actualidad\/wp-content\/uploads\/2023\/02\/expo-alfredo-sada2.jpeg","datePublished":"2023-02-10T12:04:18+00:00","dateModified":"2023-04-11T09:47:13+00:00","description":"La muestra puede visitarse hasta el 19 de marzo en la planta baja del Pabell\u00f3n de Mixtos","breadcrumb":{"@id":"https:\/\/www.laguiadepamplona.com\/actualidad\/la-asociacion-alfredo-sada-decida-su-exposicion-colectiva-anual-a-la-fragilidad-con-mas-de-40-obras-elaboradas-con-diversas-tecnicas-que-se-exhiben-en-la-ciudadela\/#breadcrumb"},"inLanguage":"es","potentialAction":[{"@type":"ReadAction","target":["https:\/\/www.laguiadepamplona.com\/actualidad\/la-asociacion-alfredo-sada-decida-su-exposicion-colectiva-anual-a-la-fragilidad-con-mas-de-40-obras-elaboradas-con-diversas-tecnicas-que-se-exhiben-en-la-ciudadela\/"]}]},{"@type":"ImageObject","inLanguage":"es","@id":"https:\/\/www.laguiadepamplona.com\/actualidad\/la-asociacion-alfredo-sada-decida-su-exposicion-colectiva-anual-a-la-fragilidad-con-mas-de-40-obras-elaboradas-con-diversas-tecnicas-que-se-exhiben-en-la-ciudadela\/#primaryimage","url":"https:\/\/www.laguiadepamplona.com\/actualidad\/wp-content\/uploads\/2023\/02\/expo-alfredo-sada2.jpeg","contentUrl":"https:\/\/www.laguiadepamplona.com\/actualidad\/wp-content\/uploads\/2023\/02\/expo-alfredo-sada2.jpeg","width":1600,"height":736},{"@type":"BreadcrumbList","@id":"https:\/\/www.laguiadepamplona.com\/actualidad\/la-asociacion-alfredo-sada-decida-su-exposicion-colectiva-anual-a-la-fragilidad-con-mas-de-40-obras-elaboradas-con-diversas-tecnicas-que-se-exhiben-en-la-ciudadela\/#breadcrumb","itemListElement":[{"@type":"ListItem","position":1,"name":"Portada","item":"https:\/\/www.laguiadepamplona.com\/actualidad\/"},{"@type":"ListItem","position":2,"name":"La Asociaci\u00f3n Alfredo Sada decida su exposici\u00f3n colectiva anual a la fragilidad, con m\u00e1s de 40 obras elaboradas con diversas t\u00e9cnicas que se exhiben en la Ciudadela"}]},{"@type":"WebSite","@id":"https:\/\/www.laguiadepamplona.com\/actualidad\/#website","url":"https:\/\/www.laguiadepamplona.com\/actualidad\/","name":"La gu\u00eda de Pamplona","description":"Noticias de Pamplona","publisher":{"@id":"https:\/\/www.laguiadepamplona.com\/actualidad\/#organization"},"potentialAction":[{"@type":"SearchAction","target":{"@type":"EntryPoint","urlTemplate":"https:\/\/www.laguiadepamplona.com\/actualidad\/?s={search_term_string}"},"query-input":{"@type":"PropertyValueSpecification","valueRequired":true,"valueName":"search_term_string"}}],"inLanguage":"es"},{"@type":"Organization","@id":"https:\/\/www.laguiadepamplona.com\/actualidad\/#organization","name":"La Gu\u00eda de Pamplona \/ Noticias","url":"https:\/\/www.laguiadepamplona.com\/actualidad\/","logo":{"@type":"ImageObject","inLanguage":"es","@id":"https:\/\/www.laguiadepamplona.com\/actualidad\/#\/schema\/logo\/image\/","url":"https:\/\/www.laguiadepamplona.com\/actualidad\/wp-content\/uploads\/2018\/11\/logo-laguiadepamplona18-web1.png","contentUrl":"https:\/\/www.laguiadepamplona.com\/actualidad\/wp-content\/uploads\/2018\/11\/logo-laguiadepamplona18-web1.png","width":600,"height":196,"caption":"La Gu\u00eda de Pamplona \/ Noticias"},"image":{"@id":"https:\/\/www.laguiadepamplona.com\/actualidad\/#\/schema\/logo\/image\/"},"sameAs":["https:\/\/www.facebook.com\/laguiadepamplonacom-133175176762273\/?ref=hl","https:\/\/x.com\/LaGuiadPamplona","https:\/\/www.instagram.com\/la_guia_de_pamplona\/","https:\/\/www.youtube.com\/user\/laguiadepamplona"]},{"@type":"Person","@id":"https:\/\/www.laguiadepamplona.com\/actualidad\/#\/schema\/person\/efe887376f0213d4657c93adc50b1fdb","name":"La Gu\u00eda de Pamplona","image":{"@type":"ImageObject","inLanguage":"es","@id":"https:\/\/secure.gravatar.com\/avatar\/b6992f131dc8d30ab0dff15446e9d346d9dbd95992de0fef795073f5ea83a81c?s=96&d=mm&r=g","url":"https:\/\/secure.gravatar.com\/avatar\/b6992f131dc8d30ab0dff15446e9d346d9dbd95992de0fef795073f5ea83a81c?s=96&d=mm&r=g","contentUrl":"https:\/\/secure.gravatar.com\/avatar\/b6992f131dc8d30ab0dff15446e9d346d9dbd95992de0fef795073f5ea83a81c?s=96&d=mm&r=g","caption":"La Gu\u00eda de Pamplona"}}]}},"post_mailing_queue_ids":[],"_links":{"self":[{"href":"https:\/\/www.laguiadepamplona.com\/actualidad\/wp-json\/wp\/v2\/posts\/42834","targetHints":{"allow":["GET"]}}],"collection":[{"href":"https:\/\/www.laguiadepamplona.com\/actualidad\/wp-json\/wp\/v2\/posts"}],"about":[{"href":"https:\/\/www.laguiadepamplona.com\/actualidad\/wp-json\/wp\/v2\/types\/post"}],"author":[{"embeddable":true,"href":"https:\/\/www.laguiadepamplona.com\/actualidad\/wp-json\/wp\/v2\/users\/1"}],"replies":[{"embeddable":true,"href":"https:\/\/www.laguiadepamplona.com\/actualidad\/wp-json\/wp\/v2\/comments?post=42834"}],"version-history":[{"count":0,"href":"https:\/\/www.laguiadepamplona.com\/actualidad\/wp-json\/wp\/v2\/posts\/42834\/revisions"}],"wp:featuredmedia":[{"embeddable":true,"href":"https:\/\/www.laguiadepamplona.com\/actualidad\/wp-json\/wp\/v2\/media\/42835"}],"wp:attachment":[{"href":"https:\/\/www.laguiadepamplona.com\/actualidad\/wp-json\/wp\/v2\/media?parent=42834"}],"wp:term":[{"taxonomy":"category","embeddable":true,"href":"https:\/\/www.laguiadepamplona.com\/actualidad\/wp-json\/wp\/v2\/categories?post=42834"},{"taxonomy":"post_tag","embeddable":true,"href":"https:\/\/www.laguiadepamplona.com\/actualidad\/wp-json\/wp\/v2\/tags?post=42834"}],"curies":[{"name":"wp","href":"https:\/\/api.w.org\/{rel}","templated":true}]}}