{"id":42832,"date":"2023-02-10T14:02:00","date_gmt":"2023-02-10T12:02:00","guid":{"rendered":"https:\/\/www.laguiadepamplona.com\/actualidad\/?p=42832"},"modified":"2023-04-11T11:47:13","modified_gmt":"2023-04-11T09:47:13","slug":"las-escuelas-infantiles-municipales-ofertan-967-plazas-para-un-curso-2023-2024-cuyo-periodo-de-preinscripcion-tendra-lugar-del-6-al-17-de-marzo","status":"publish","type":"post","link":"https:\/\/www.laguiadepamplona.com\/actualidad\/las-escuelas-infantiles-municipales-ofertan-967-plazas-para-un-curso-2023-2024-cuyo-periodo-de-preinscripcion-tendra-lugar-del-6-al-17-de-marzo\/","title":{"rendered":"Las escuelas infantiles municipales ofertan 967 plazas para un curso 2023 \u2013 2024, cuyo periodo de preinscripci\u00f3n tendr\u00e1 lugar del 6 al 17 de marzo"},"content":{"rendered":"<h5>La Escuela Infantil Donibane permanecer\u00e1 cerrada el pr\u00f3ximo curso para afrontar una reforma integral que la adecuar\u00e1 a la normativa foral<\/h5>\n<p><!--more--><\/p>\n<p>El periodo de preinscripci\u00f3n para el primer ciclo de Educaci\u00f3n Infantil, para menores de 0 a 3 a\u00f1os, se desarrollar\u00e1 del 6 al 17 de marzo. Para el pr\u00f3ximo curso 2023 \u2013 2024, las escuelas infantiles municipales de Pamplona ofertan 967 plazas, 102 menos que este curso, debido al cierre de la E.I. Donibane para acometer una reforma integral que adec\u00fae sus instalaciones a la normativa foral y se completen as\u00ed las actuaciones llevadas a cabo en varias escuelas en los \u00faltimos a\u00f1os para cumplir ese objetivo.<br \/>\n<script async src=\"\/\/pagead2.googlesyndication.com\/pagead\/js\/adsbygoogle.js\"><\/script><br \/>\n<!-- Noticias La Guia de Pamplona --><br \/>\n<ins class=\"adsbygoogle\"\nstyle=\"display:block\"\ndata-ad-client=\"ca-pub-6943679897239327\"\ndata-ad-slot=\"7048180777\"\ndata-ad-format=\"auto\"><\/ins><br \/>\n<script>\n(adsbygoogle = window.adsbygoogle || []).push({});\n<\/script><\/p>\n<p>El proceso de preinscripci\u00f3n lo realizar\u00e1n conjuntamente con el organismo aut\u00f3nomo de Escuelas Infantiles Municipales de Pamplona y Departamento de Educaci\u00f3n del Gobierno de Navarra. De esta forma se a\u00fana la presentaci\u00f3n de solicitudes para la oferta tanto de las once escuelas infantiles municipales como de las cinco que el Gobierno foral tiene en Pamplona. El proceso de preinscripci\u00f3n se llevar\u00e1 a cabo de forma telem\u00e1tica, a trav\u00e9s del portal Educa o bien en la sala municipal de la calle Calderer\u00eda, donde se habilitar\u00e1 un punto de ayuda con diferentes puestos de atenci\u00f3n.<\/p>\n<p>Para realizar la preinscripci\u00f3n por Educa, se necesita usuario y contrase\u00f1a y, en el caso de no tenerla, hay que solicitarla con clave y PIN o con DNI electr\u00f3nico. El punto de ayuda de la calle Calderer\u00eda requerir\u00e1 de cita previa, que se puede solicitar en el tel\u00e9fono 948 420 098, a trav\u00e9s de la <a href=\"https:\/\/www.pamplona.es\/escuelasinfantiles\/\" target=\"_blank\" rel=\"noopener\">web de Escuelas Infantiles Municipales<\/a> y tambi\u00e9n en el registro electr\u00f3nico del Ayuntamiento de Pamplona. El proceso ser\u00e1 tambi\u00e9n telem\u00e1tico, aunque la persona contar\u00e1 con el apoyo y la ayuda para poder realizarlo de forma correcta.<br \/>\n<script async src=\"\/\/pagead2.googlesyndication.com\/pagead\/js\/adsbygoogle.js\"><\/script><br \/>\n<!-- Noticias La Guia de Pamplona --><br \/>\n<ins class=\"adsbygoogle\"\nstyle=\"display:block\"\ndata-ad-client=\"ca-pub-6943679897239327\"\ndata-ad-slot=\"7048180777\"\ndata-ad-format=\"auto\"><\/ins><br \/>\n<script>\n(adsbygoogle = window.adsbygoogle || []).push({});\n<\/script><\/p>\n<p><strong>Un 87,9% de plazas en jornada completa<\/strong><\/p>\n<p>Pamplona contar\u00e1 en el curso 2023 \u2013 2024 con once escuelas infantiles municipales, todas ellas gratuitas: Mendebaldea, Mendillorri, Haurtzaro, Izartegi, Hello Buztintxuri, Hello Egunsenti, Hello Azpilaga\u00f1a, Fuerte el Pr\u00edncipe &#8211; Printzearen Harresi, Jos\u00e9 Mar\u00eda Huarte, Goiz Eder y Lezkairu. De las 967 plazas, 850 (un 87,9%) son de jornada completa y 117 (un 12,1%) ofertan media jornada. Hello Azpilaga\u00f1a y Goiz Eder cuenta con plazas tanto en jornada completa como en media jornada, Jos\u00e9 Mar\u00eda Huarte sigue ofreciendo \u00fanicamente media jornada y el resto tienen solo plazas en jornada completa.<\/p>\n<p>La oferta ling\u00fc\u00edstica se mantiene respecto al curso pasado, con la excepci\u00f3n del cierre de la Escuela Infantil Donibane con sus 102 plazas en castellano. De las 967 plazas, 426 (un 44%) son en castellano con actividades en ingl\u00e9s, 282 (29,2%) en castellano, 130 (un 13,5%) en euskera y 129 (un 13,3%) en euskera con actividades en ingl\u00e9s. Las escuelas infantiles Mendebaldea, Mendillorri y Haurtzaro ofertan plazas de modelo solo en castellano e Izartegi cuenta con plazas solo en modelo en euskera. Hello Egunsenti, Hello Azpilaga\u00f1a y Jos\u00e9 Mar\u00eda Huarte apuestan por un modelo de castellano con actividades en ingl\u00e9s. Goiz Eder, en castellano con actividades en ingl\u00e9s y en euskera. Hello Buztintxuri, Fuerte del Pr\u00edncipe-Printzearen Harresi y Lezkairu imparten castellano con actividades en ingl\u00e9s y euskera con actividades en ingl\u00e9s.<\/p>\n<p>Este pr\u00f3ximo curso se habr\u00e1 completado, adem\u00e1s, la reestructuraci\u00f3n de la oferta educativa efectuada tras la sentencia del Juzgado de lo Contencioso Administrativo que dej\u00f3 sin efectos los cambios de modelo ling\u00fc\u00edstico en varias escuelas aprobados en 2016. La Escuela Infantil Fuerte el Pr\u00edncipe \u2013 Printzearen Harresi ofertar\u00e1 ya \u00fanicamente actividades en castellano con ingl\u00e9s y actividades en euskera con ingl\u00e9s. La modalidad en castellano, que se ha impartido en los \u00faltimos a\u00f1os, finaliza este curso con los \u00faltimos ni\u00f1os y ni\u00f1as inscritas en ese modelo.<br \/>\n<script async src=\"\/\/pagead2.googlesyndication.com\/pagead\/js\/adsbygoogle.js\"><\/script><br \/>\n<!-- Noticias La Guia de Pamplona --><br \/>\n<ins class=\"adsbygoogle\"\nstyle=\"display:block\"\ndata-ad-client=\"ca-pub-6943679897239327\"\ndata-ad-slot=\"7048180777\"\ndata-ad-format=\"auto\"><\/ins><br \/>\n<script>\n(adsbygoogle = window.adsbygoogle || []).push({});\n<\/script><\/p>\n<p>&nbsp;<\/p>\n<h3>Oferta de plazas en las Escuelas Infantiles Municipales de Pamplona. Curso 2023-2024<\/h3>\n<p>&nbsp;<\/p>\n<table>\n<tbody>\n<tr>\n<td width=\"177\"><strong>Escuela Infantil <\/strong><\/td>\n<td width=\"104\"><strong>J. Completa<\/strong><\/td>\n<td width=\"123\"><strong>Media Jornada<\/strong><\/td>\n<td width=\"239\"><strong>Lenguas<\/strong><\/td>\n<\/tr>\n<tr>\n<td width=\"177\">Haurtzaro<\/td>\n<td width=\"104\">82<\/td>\n<td width=\"123\">&#8211;<\/td>\n<td width=\"239\">CAST<\/td>\n<\/tr>\n<tr>\n<td width=\"177\">Mendebaldea<\/td>\n<td width=\"104\">82<\/td>\n<td width=\"123\">&#8211;<\/td>\n<td width=\"239\">CAST<\/td>\n<\/tr>\n<tr>\n<td width=\"177\">Mendillorri<\/td>\n<td width=\"104\">102<\/td>\n<td width=\"123\">&#8211;<\/td>\n<td width=\"239\">CAST<\/td>\n<\/tr>\n<tr>\n<td width=\"177\">Fuerte el Pr\u00edncipe &#8211; Printzearen Harresi<\/td>\n<td width=\"104\">102<\/td>\n<td width=\"123\">&#8211;<\/td>\n<td width=\"239\">CAST + ING; EUSK + ING<\/td>\n<\/tr>\n<tr>\n<td width=\"177\">Izartegi<\/td>\n<td width=\"104\">82<\/td>\n<td width=\"123\">&#8211;<\/td>\n<td width=\"239\">EUSK<\/td>\n<\/tr>\n<tr>\n<td width=\"177\">Goiz Eder<\/td>\n<td width=\"104\">64<\/td>\n<td width=\"123\">32<\/td>\n<td width=\"239\">EUSK; CAST + ING<\/td>\n<\/tr>\n<tr>\n<td width=\"177\">Hello Azpilaga\u00f1a<\/td>\n<td width=\"104\">82<\/td>\n<td width=\"123\">41<\/td>\n<td width=\"239\">CAST + ING<\/td>\n<\/tr>\n<tr>\n<td width=\"177\">Hello Buztintxuri<\/td>\n<td width=\"104\">86<\/td>\n<td width=\"123\">&#8211;<\/td>\n<td width=\"239\">CAST + ING; EUSK + ING<\/td>\n<\/tr>\n<tr>\n<td width=\"177\">Hello Egunsenti<\/td>\n<td width=\"104\">58<\/td>\n<td width=\"123\">&#8211;<\/td>\n<td width=\"239\">CAST + ING<\/td>\n<\/tr>\n<tr>\n<td width=\"177\">Jos\u00e9 Mar\u00eda Huarte<\/td>\n<td width=\"104\">&#8211;<\/td>\n<td width=\"123\">44<\/td>\n<td width=\"239\">CAST + ING<\/td>\n<\/tr>\n<tr>\n<td width=\"177\">Lezkairu<\/td>\n<td width=\"104\">110<\/td>\n<td width=\"123\">&#8211;<\/td>\n<td width=\"239\">CAST + ING; EUSK + ING<\/td>\n<\/tr>\n<tr>\n<td width=\"177\"><strong>TOTAL<\/strong><\/td>\n<td colspan=\"2\" width=\"227\"><strong>967 PLAZAS<\/strong><\/td>\n<td width=\"239\">&nbsp;<\/td>\n<\/tr>\n<\/tbody>\n<\/table>\n<p>&nbsp;<\/p>\n","protected":false},"excerpt":{"rendered":"<p>La Escuela Infantil Donibane permanecer\u00e1 cerrada el pr\u00f3ximo curso para afrontar una reforma integral que la adecuar\u00e1 a la normativa foral<\/p>\n","protected":false},"author":1,"featured_media":38900,"comment_status":"open","ping_status":"closed","sticky":false,"template":"","format":"standard","meta":{"footnotes":""},"categories":[2],"tags":[],"class_list":["post-42832","post","type-post","status-publish","format-standard","has-post-thumbnail","hentry","category-ayuntamiento-pamplona"],"yoast_head":"<!-- This site is optimized with the Yoast SEO plugin v27.3 - https:\/\/yoast.com\/product\/yoast-seo-wordpress\/ -->\n<title>Las escuelas infantiles municipales ofertan 967 plazas para un curso 2023 \u2013 2024, cuyo periodo de preinscripci\u00f3n tendr\u00e1 lugar del 6 al 17 de marzo<\/title>\n<meta name=\"description\" content=\"La Escuela Infantil Donibane permanecer\u00e1 cerrada el pr\u00f3ximo curso para afrontar una reforma integral que la adecuar\u00e1 a la normativa foral\" \/>\n<meta name=\"robots\" content=\"index, follow, max-snippet:-1, max-image-preview:large, max-video-preview:-1\" \/>\n<link rel=\"canonical\" href=\"https:\/\/www.laguiadepamplona.com\/actualidad\/las-escuelas-infantiles-municipales-ofertan-967-plazas-para-un-curso-2023-2024-cuyo-periodo-de-preinscripcion-tendra-lugar-del-6-al-17-de-marzo\/\" \/>\n<meta property=\"og:locale\" content=\"es_ES\" \/>\n<meta property=\"og:type\" content=\"article\" \/>\n<meta property=\"og:title\" content=\"Las escuelas infantiles municipales ofertan 967 plazas para un curso 2023 \u2013 2024, cuyo periodo de preinscripci\u00f3n tendr\u00e1 lugar del 6 al 17 de marzo\" \/>\n<meta property=\"og:description\" content=\"La Escuela Infantil Donibane permanecer\u00e1 cerrada el pr\u00f3ximo curso para afrontar una reforma integral que la adecuar\u00e1 a la normativa foral\" \/>\n<meta property=\"og:url\" content=\"https:\/\/www.laguiadepamplona.com\/actualidad\/las-escuelas-infantiles-municipales-ofertan-967-plazas-para-un-curso-2023-2024-cuyo-periodo-de-preinscripcion-tendra-lugar-del-6-al-17-de-marzo\/\" \/>\n<meta property=\"og:site_name\" content=\"La Gu\u00eda de Pamplona\" \/>\n<meta property=\"article:publisher\" content=\"https:\/\/www.facebook.com\/laguiadepamplonacom-133175176762273\/?ref=hl\" \/>\n<meta property=\"article:published_time\" content=\"2023-02-10T12:02:00+00:00\" \/>\n<meta property=\"article:modified_time\" content=\"2023-04-11T09:47:13+00:00\" \/>\n<meta property=\"og:image\" content=\"https:\/\/www.laguiadepamplona.com\/actualidad\/wp-content\/uploads\/2022\/02\/escuela-infantil-municipal-medillorri-ee5a2220.jpg\" \/>\n\t<meta property=\"og:image:width\" content=\"1920\" \/>\n\t<meta property=\"og:image:height\" content=\"1280\" \/>\n\t<meta property=\"og:image:type\" content=\"image\/jpeg\" \/>\n<meta name=\"author\" content=\"La Gu\u00eda de Pamplona\" \/>\n<meta name=\"twitter:card\" content=\"summary_large_image\" \/>\n<meta name=\"twitter:creator\" content=\"@LaGuiadPamplona\" \/>\n<meta name=\"twitter:site\" content=\"@LaGuiadPamplona\" \/>\n<meta name=\"twitter:label1\" content=\"Escrito por\" \/>\n\t<meta name=\"twitter:data1\" content=\"La Gu\u00eda de Pamplona\" \/>\n\t<meta name=\"twitter:label2\" content=\"Tiempo de lectura\" \/>\n\t<meta name=\"twitter:data2\" content=\"4 minutos\" \/>\n<script type=\"application\/ld+json\" class=\"yoast-schema-graph\">{\"@context\":\"https:\\\/\\\/schema.org\",\"@graph\":[{\"@type\":\"Article\",\"@id\":\"https:\\\/\\\/www.laguiadepamplona.com\\\/actualidad\\\/las-escuelas-infantiles-municipales-ofertan-967-plazas-para-un-curso-2023-2024-cuyo-periodo-de-preinscripcion-tendra-lugar-del-6-al-17-de-marzo\\\/#article\",\"isPartOf\":{\"@id\":\"https:\\\/\\\/www.laguiadepamplona.com\\\/actualidad\\\/las-escuelas-infantiles-municipales-ofertan-967-plazas-para-un-curso-2023-2024-cuyo-periodo-de-preinscripcion-tendra-lugar-del-6-al-17-de-marzo\\\/\"},\"author\":{\"name\":\"La Gu\u00eda de Pamplona\",\"@id\":\"https:\\\/\\\/www.laguiadepamplona.com\\\/actualidad\\\/#\\\/schema\\\/person\\\/efe887376f0213d4657c93adc50b1fdb\"},\"headline\":\"Las escuelas infantiles municipales ofertan 967 plazas para un curso 2023 \u2013 2024, cuyo periodo de preinscripci\u00f3n tendr\u00e1 lugar del 6 al 17 de marzo\",\"datePublished\":\"2023-02-10T12:02:00+00:00\",\"dateModified\":\"2023-04-11T09:47:13+00:00\",\"mainEntityOfPage\":{\"@id\":\"https:\\\/\\\/www.laguiadepamplona.com\\\/actualidad\\\/las-escuelas-infantiles-municipales-ofertan-967-plazas-para-un-curso-2023-2024-cuyo-periodo-de-preinscripcion-tendra-lugar-del-6-al-17-de-marzo\\\/\"},\"wordCount\":732,\"commentCount\":0,\"publisher\":{\"@id\":\"https:\\\/\\\/www.laguiadepamplona.com\\\/actualidad\\\/#organization\"},\"image\":{\"@id\":\"https:\\\/\\\/www.laguiadepamplona.com\\\/actualidad\\\/las-escuelas-infantiles-municipales-ofertan-967-plazas-para-un-curso-2023-2024-cuyo-periodo-de-preinscripcion-tendra-lugar-del-6-al-17-de-marzo\\\/#primaryimage\"},\"thumbnailUrl\":\"https:\\\/\\\/www.laguiadepamplona.com\\\/actualidad\\\/wp-content\\\/uploads\\\/2022\\\/02\\\/escuela-infantil-municipal-medillorri-ee5a2220.jpg\",\"articleSection\":[\"Ayto Pamplona\"],\"inLanguage\":\"es\",\"potentialAction\":[{\"@type\":\"CommentAction\",\"name\":\"Comment\",\"target\":[\"https:\\\/\\\/www.laguiadepamplona.com\\\/actualidad\\\/las-escuelas-infantiles-municipales-ofertan-967-plazas-para-un-curso-2023-2024-cuyo-periodo-de-preinscripcion-tendra-lugar-del-6-al-17-de-marzo\\\/#respond\"]}]},{\"@type\":\"WebPage\",\"@id\":\"https:\\\/\\\/www.laguiadepamplona.com\\\/actualidad\\\/las-escuelas-infantiles-municipales-ofertan-967-plazas-para-un-curso-2023-2024-cuyo-periodo-de-preinscripcion-tendra-lugar-del-6-al-17-de-marzo\\\/\",\"url\":\"https:\\\/\\\/www.laguiadepamplona.com\\\/actualidad\\\/las-escuelas-infantiles-municipales-ofertan-967-plazas-para-un-curso-2023-2024-cuyo-periodo-de-preinscripcion-tendra-lugar-del-6-al-17-de-marzo\\\/\",\"name\":\"Las escuelas infantiles municipales ofertan 967 plazas para un curso 2023 \u2013 2024, cuyo periodo de preinscripci\u00f3n tendr\u00e1 lugar del 6 al 17 de marzo\",\"isPartOf\":{\"@id\":\"https:\\\/\\\/www.laguiadepamplona.com\\\/actualidad\\\/#website\"},\"primaryImageOfPage\":{\"@id\":\"https:\\\/\\\/www.laguiadepamplona.com\\\/actualidad\\\/las-escuelas-infantiles-municipales-ofertan-967-plazas-para-un-curso-2023-2024-cuyo-periodo-de-preinscripcion-tendra-lugar-del-6-al-17-de-marzo\\\/#primaryimage\"},\"image\":{\"@id\":\"https:\\\/\\\/www.laguiadepamplona.com\\\/actualidad\\\/las-escuelas-infantiles-municipales-ofertan-967-plazas-para-un-curso-2023-2024-cuyo-periodo-de-preinscripcion-tendra-lugar-del-6-al-17-de-marzo\\\/#primaryimage\"},\"thumbnailUrl\":\"https:\\\/\\\/www.laguiadepamplona.com\\\/actualidad\\\/wp-content\\\/uploads\\\/2022\\\/02\\\/escuela-infantil-municipal-medillorri-ee5a2220.jpg\",\"datePublished\":\"2023-02-10T12:02:00+00:00\",\"dateModified\":\"2023-04-11T09:47:13+00:00\",\"description\":\"La Escuela Infantil Donibane permanecer\u00e1 cerrada el pr\u00f3ximo curso para afrontar una reforma integral que la adecuar\u00e1 a la normativa foral\",\"breadcrumb\":{\"@id\":\"https:\\\/\\\/www.laguiadepamplona.com\\\/actualidad\\\/las-escuelas-infantiles-municipales-ofertan-967-plazas-para-un-curso-2023-2024-cuyo-periodo-de-preinscripcion-tendra-lugar-del-6-al-17-de-marzo\\\/#breadcrumb\"},\"inLanguage\":\"es\",\"potentialAction\":[{\"@type\":\"ReadAction\",\"target\":[\"https:\\\/\\\/www.laguiadepamplona.com\\\/actualidad\\\/las-escuelas-infantiles-municipales-ofertan-967-plazas-para-un-curso-2023-2024-cuyo-periodo-de-preinscripcion-tendra-lugar-del-6-al-17-de-marzo\\\/\"]}]},{\"@type\":\"ImageObject\",\"inLanguage\":\"es\",\"@id\":\"https:\\\/\\\/www.laguiadepamplona.com\\\/actualidad\\\/las-escuelas-infantiles-municipales-ofertan-967-plazas-para-un-curso-2023-2024-cuyo-periodo-de-preinscripcion-tendra-lugar-del-6-al-17-de-marzo\\\/#primaryimage\",\"url\":\"https:\\\/\\\/www.laguiadepamplona.com\\\/actualidad\\\/wp-content\\\/uploads\\\/2022\\\/02\\\/escuela-infantil-municipal-medillorri-ee5a2220.jpg\",\"contentUrl\":\"https:\\\/\\\/www.laguiadepamplona.com\\\/actualidad\\\/wp-content\\\/uploads\\\/2022\\\/02\\\/escuela-infantil-municipal-medillorri-ee5a2220.jpg\",\"width\":1920,\"height\":1280},{\"@type\":\"BreadcrumbList\",\"@id\":\"https:\\\/\\\/www.laguiadepamplona.com\\\/actualidad\\\/las-escuelas-infantiles-municipales-ofertan-967-plazas-para-un-curso-2023-2024-cuyo-periodo-de-preinscripcion-tendra-lugar-del-6-al-17-de-marzo\\\/#breadcrumb\",\"itemListElement\":[{\"@type\":\"ListItem\",\"position\":1,\"name\":\"Portada\",\"item\":\"https:\\\/\\\/www.laguiadepamplona.com\\\/actualidad\\\/\"},{\"@type\":\"ListItem\",\"position\":2,\"name\":\"Las escuelas infantiles municipales ofertan 967 plazas para un curso 2023 \u2013 2024, cuyo periodo de preinscripci\u00f3n tendr\u00e1 lugar del 6 al 17 de marzo\"}]},{\"@type\":\"WebSite\",\"@id\":\"https:\\\/\\\/www.laguiadepamplona.com\\\/actualidad\\\/#website\",\"url\":\"https:\\\/\\\/www.laguiadepamplona.com\\\/actualidad\\\/\",\"name\":\"La gu\u00eda de Pamplona\",\"description\":\"Noticias de Pamplona\",\"publisher\":{\"@id\":\"https:\\\/\\\/www.laguiadepamplona.com\\\/actualidad\\\/#organization\"},\"potentialAction\":[{\"@type\":\"SearchAction\",\"target\":{\"@type\":\"EntryPoint\",\"urlTemplate\":\"https:\\\/\\\/www.laguiadepamplona.com\\\/actualidad\\\/?s={search_term_string}\"},\"query-input\":{\"@type\":\"PropertyValueSpecification\",\"valueRequired\":true,\"valueName\":\"search_term_string\"}}],\"inLanguage\":\"es\"},{\"@type\":\"Organization\",\"@id\":\"https:\\\/\\\/www.laguiadepamplona.com\\\/actualidad\\\/#organization\",\"name\":\"La Gu\u00eda de Pamplona \\\/ Noticias\",\"url\":\"https:\\\/\\\/www.laguiadepamplona.com\\\/actualidad\\\/\",\"logo\":{\"@type\":\"ImageObject\",\"inLanguage\":\"es\",\"@id\":\"https:\\\/\\\/www.laguiadepamplona.com\\\/actualidad\\\/#\\\/schema\\\/logo\\\/image\\\/\",\"url\":\"https:\\\/\\\/www.laguiadepamplona.com\\\/actualidad\\\/wp-content\\\/uploads\\\/2018\\\/11\\\/logo-laguiadepamplona18-web1.png\",\"contentUrl\":\"https:\\\/\\\/www.laguiadepamplona.com\\\/actualidad\\\/wp-content\\\/uploads\\\/2018\\\/11\\\/logo-laguiadepamplona18-web1.png\",\"width\":600,\"height\":196,\"caption\":\"La Gu\u00eda de Pamplona \\\/ Noticias\"},\"image\":{\"@id\":\"https:\\\/\\\/www.laguiadepamplona.com\\\/actualidad\\\/#\\\/schema\\\/logo\\\/image\\\/\"},\"sameAs\":[\"https:\\\/\\\/www.facebook.com\\\/laguiadepamplonacom-133175176762273\\\/?ref=hl\",\"https:\\\/\\\/x.com\\\/LaGuiadPamplona\",\"https:\\\/\\\/www.instagram.com\\\/la_guia_de_pamplona\\\/\",\"https:\\\/\\\/www.youtube.com\\\/user\\\/laguiadepamplona\"]},{\"@type\":\"Person\",\"@id\":\"https:\\\/\\\/www.laguiadepamplona.com\\\/actualidad\\\/#\\\/schema\\\/person\\\/efe887376f0213d4657c93adc50b1fdb\",\"name\":\"La Gu\u00eda de Pamplona\",\"image\":{\"@type\":\"ImageObject\",\"inLanguage\":\"es\",\"@id\":\"https:\\\/\\\/secure.gravatar.com\\\/avatar\\\/b6992f131dc8d30ab0dff15446e9d346d9dbd95992de0fef795073f5ea83a81c?s=96&d=mm&r=g\",\"url\":\"https:\\\/\\\/secure.gravatar.com\\\/avatar\\\/b6992f131dc8d30ab0dff15446e9d346d9dbd95992de0fef795073f5ea83a81c?s=96&d=mm&r=g\",\"contentUrl\":\"https:\\\/\\\/secure.gravatar.com\\\/avatar\\\/b6992f131dc8d30ab0dff15446e9d346d9dbd95992de0fef795073f5ea83a81c?s=96&d=mm&r=g\",\"caption\":\"La Gu\u00eda de Pamplona\"}}]}<\/script>\n<!-- \/ Yoast SEO plugin. -->","yoast_head_json":{"title":"Las escuelas infantiles municipales ofertan 967 plazas para un curso 2023 \u2013 2024, cuyo periodo de preinscripci\u00f3n tendr\u00e1 lugar del 6 al 17 de marzo","description":"La Escuela Infantil Donibane permanecer\u00e1 cerrada el pr\u00f3ximo curso para afrontar una reforma integral que la adecuar\u00e1 a la normativa foral","robots":{"index":"index","follow":"follow","max-snippet":"max-snippet:-1","max-image-preview":"max-image-preview:large","max-video-preview":"max-video-preview:-1"},"canonical":"https:\/\/www.laguiadepamplona.com\/actualidad\/las-escuelas-infantiles-municipales-ofertan-967-plazas-para-un-curso-2023-2024-cuyo-periodo-de-preinscripcion-tendra-lugar-del-6-al-17-de-marzo\/","og_locale":"es_ES","og_type":"article","og_title":"Las escuelas infantiles municipales ofertan 967 plazas para un curso 2023 \u2013 2024, cuyo periodo de preinscripci\u00f3n tendr\u00e1 lugar del 6 al 17 de marzo","og_description":"La Escuela Infantil Donibane permanecer\u00e1 cerrada el pr\u00f3ximo curso para afrontar una reforma integral que la adecuar\u00e1 a la normativa foral","og_url":"https:\/\/www.laguiadepamplona.com\/actualidad\/las-escuelas-infantiles-municipales-ofertan-967-plazas-para-un-curso-2023-2024-cuyo-periodo-de-preinscripcion-tendra-lugar-del-6-al-17-de-marzo\/","og_site_name":"La Gu\u00eda de Pamplona","article_publisher":"https:\/\/www.facebook.com\/laguiadepamplonacom-133175176762273\/?ref=hl","article_published_time":"2023-02-10T12:02:00+00:00","article_modified_time":"2023-04-11T09:47:13+00:00","og_image":[{"width":1920,"height":1280,"url":"https:\/\/www.laguiadepamplona.com\/actualidad\/wp-content\/uploads\/2022\/02\/escuela-infantil-municipal-medillorri-ee5a2220.jpg","type":"image\/jpeg"}],"author":"La Gu\u00eda de Pamplona","twitter_card":"summary_large_image","twitter_creator":"@LaGuiadPamplona","twitter_site":"@LaGuiadPamplona","twitter_misc":{"Escrito por":"La Gu\u00eda de Pamplona","Tiempo de lectura":"4 minutos"},"schema":{"@context":"https:\/\/schema.org","@graph":[{"@type":"Article","@id":"https:\/\/www.laguiadepamplona.com\/actualidad\/las-escuelas-infantiles-municipales-ofertan-967-plazas-para-un-curso-2023-2024-cuyo-periodo-de-preinscripcion-tendra-lugar-del-6-al-17-de-marzo\/#article","isPartOf":{"@id":"https:\/\/www.laguiadepamplona.com\/actualidad\/las-escuelas-infantiles-municipales-ofertan-967-plazas-para-un-curso-2023-2024-cuyo-periodo-de-preinscripcion-tendra-lugar-del-6-al-17-de-marzo\/"},"author":{"name":"La Gu\u00eda de Pamplona","@id":"https:\/\/www.laguiadepamplona.com\/actualidad\/#\/schema\/person\/efe887376f0213d4657c93adc50b1fdb"},"headline":"Las escuelas infantiles municipales ofertan 967 plazas para un curso 2023 \u2013 2024, cuyo periodo de preinscripci\u00f3n tendr\u00e1 lugar del 6 al 17 de marzo","datePublished":"2023-02-10T12:02:00+00:00","dateModified":"2023-04-11T09:47:13+00:00","mainEntityOfPage":{"@id":"https:\/\/www.laguiadepamplona.com\/actualidad\/las-escuelas-infantiles-municipales-ofertan-967-plazas-para-un-curso-2023-2024-cuyo-periodo-de-preinscripcion-tendra-lugar-del-6-al-17-de-marzo\/"},"wordCount":732,"commentCount":0,"publisher":{"@id":"https:\/\/www.laguiadepamplona.com\/actualidad\/#organization"},"image":{"@id":"https:\/\/www.laguiadepamplona.com\/actualidad\/las-escuelas-infantiles-municipales-ofertan-967-plazas-para-un-curso-2023-2024-cuyo-periodo-de-preinscripcion-tendra-lugar-del-6-al-17-de-marzo\/#primaryimage"},"thumbnailUrl":"https:\/\/www.laguiadepamplona.com\/actualidad\/wp-content\/uploads\/2022\/02\/escuela-infantil-municipal-medillorri-ee5a2220.jpg","articleSection":["Ayto Pamplona"],"inLanguage":"es","potentialAction":[{"@type":"CommentAction","name":"Comment","target":["https:\/\/www.laguiadepamplona.com\/actualidad\/las-escuelas-infantiles-municipales-ofertan-967-plazas-para-un-curso-2023-2024-cuyo-periodo-de-preinscripcion-tendra-lugar-del-6-al-17-de-marzo\/#respond"]}]},{"@type":"WebPage","@id":"https:\/\/www.laguiadepamplona.com\/actualidad\/las-escuelas-infantiles-municipales-ofertan-967-plazas-para-un-curso-2023-2024-cuyo-periodo-de-preinscripcion-tendra-lugar-del-6-al-17-de-marzo\/","url":"https:\/\/www.laguiadepamplona.com\/actualidad\/las-escuelas-infantiles-municipales-ofertan-967-plazas-para-un-curso-2023-2024-cuyo-periodo-de-preinscripcion-tendra-lugar-del-6-al-17-de-marzo\/","name":"Las escuelas infantiles municipales ofertan 967 plazas para un curso 2023 \u2013 2024, cuyo periodo de preinscripci\u00f3n tendr\u00e1 lugar del 6 al 17 de marzo","isPartOf":{"@id":"https:\/\/www.laguiadepamplona.com\/actualidad\/#website"},"primaryImageOfPage":{"@id":"https:\/\/www.laguiadepamplona.com\/actualidad\/las-escuelas-infantiles-municipales-ofertan-967-plazas-para-un-curso-2023-2024-cuyo-periodo-de-preinscripcion-tendra-lugar-del-6-al-17-de-marzo\/#primaryimage"},"image":{"@id":"https:\/\/www.laguiadepamplona.com\/actualidad\/las-escuelas-infantiles-municipales-ofertan-967-plazas-para-un-curso-2023-2024-cuyo-periodo-de-preinscripcion-tendra-lugar-del-6-al-17-de-marzo\/#primaryimage"},"thumbnailUrl":"https:\/\/www.laguiadepamplona.com\/actualidad\/wp-content\/uploads\/2022\/02\/escuela-infantil-municipal-medillorri-ee5a2220.jpg","datePublished":"2023-02-10T12:02:00+00:00","dateModified":"2023-04-11T09:47:13+00:00","description":"La Escuela Infantil Donibane permanecer\u00e1 cerrada el pr\u00f3ximo curso para afrontar una reforma integral que la adecuar\u00e1 a la normativa foral","breadcrumb":{"@id":"https:\/\/www.laguiadepamplona.com\/actualidad\/las-escuelas-infantiles-municipales-ofertan-967-plazas-para-un-curso-2023-2024-cuyo-periodo-de-preinscripcion-tendra-lugar-del-6-al-17-de-marzo\/#breadcrumb"},"inLanguage":"es","potentialAction":[{"@type":"ReadAction","target":["https:\/\/www.laguiadepamplona.com\/actualidad\/las-escuelas-infantiles-municipales-ofertan-967-plazas-para-un-curso-2023-2024-cuyo-periodo-de-preinscripcion-tendra-lugar-del-6-al-17-de-marzo\/"]}]},{"@type":"ImageObject","inLanguage":"es","@id":"https:\/\/www.laguiadepamplona.com\/actualidad\/las-escuelas-infantiles-municipales-ofertan-967-plazas-para-un-curso-2023-2024-cuyo-periodo-de-preinscripcion-tendra-lugar-del-6-al-17-de-marzo\/#primaryimage","url":"https:\/\/www.laguiadepamplona.com\/actualidad\/wp-content\/uploads\/2022\/02\/escuela-infantil-municipal-medillorri-ee5a2220.jpg","contentUrl":"https:\/\/www.laguiadepamplona.com\/actualidad\/wp-content\/uploads\/2022\/02\/escuela-infantil-municipal-medillorri-ee5a2220.jpg","width":1920,"height":1280},{"@type":"BreadcrumbList","@id":"https:\/\/www.laguiadepamplona.com\/actualidad\/las-escuelas-infantiles-municipales-ofertan-967-plazas-para-un-curso-2023-2024-cuyo-periodo-de-preinscripcion-tendra-lugar-del-6-al-17-de-marzo\/#breadcrumb","itemListElement":[{"@type":"ListItem","position":1,"name":"Portada","item":"https:\/\/www.laguiadepamplona.com\/actualidad\/"},{"@type":"ListItem","position":2,"name":"Las escuelas infantiles municipales ofertan 967 plazas para un curso 2023 \u2013 2024, cuyo periodo de preinscripci\u00f3n tendr\u00e1 lugar del 6 al 17 de marzo"}]},{"@type":"WebSite","@id":"https:\/\/www.laguiadepamplona.com\/actualidad\/#website","url":"https:\/\/www.laguiadepamplona.com\/actualidad\/","name":"La gu\u00eda de Pamplona","description":"Noticias de Pamplona","publisher":{"@id":"https:\/\/www.laguiadepamplona.com\/actualidad\/#organization"},"potentialAction":[{"@type":"SearchAction","target":{"@type":"EntryPoint","urlTemplate":"https:\/\/www.laguiadepamplona.com\/actualidad\/?s={search_term_string}"},"query-input":{"@type":"PropertyValueSpecification","valueRequired":true,"valueName":"search_term_string"}}],"inLanguage":"es"},{"@type":"Organization","@id":"https:\/\/www.laguiadepamplona.com\/actualidad\/#organization","name":"La Gu\u00eda de Pamplona \/ Noticias","url":"https:\/\/www.laguiadepamplona.com\/actualidad\/","logo":{"@type":"ImageObject","inLanguage":"es","@id":"https:\/\/www.laguiadepamplona.com\/actualidad\/#\/schema\/logo\/image\/","url":"https:\/\/www.laguiadepamplona.com\/actualidad\/wp-content\/uploads\/2018\/11\/logo-laguiadepamplona18-web1.png","contentUrl":"https:\/\/www.laguiadepamplona.com\/actualidad\/wp-content\/uploads\/2018\/11\/logo-laguiadepamplona18-web1.png","width":600,"height":196,"caption":"La Gu\u00eda de Pamplona \/ Noticias"},"image":{"@id":"https:\/\/www.laguiadepamplona.com\/actualidad\/#\/schema\/logo\/image\/"},"sameAs":["https:\/\/www.facebook.com\/laguiadepamplonacom-133175176762273\/?ref=hl","https:\/\/x.com\/LaGuiadPamplona","https:\/\/www.instagram.com\/la_guia_de_pamplona\/","https:\/\/www.youtube.com\/user\/laguiadepamplona"]},{"@type":"Person","@id":"https:\/\/www.laguiadepamplona.com\/actualidad\/#\/schema\/person\/efe887376f0213d4657c93adc50b1fdb","name":"La Gu\u00eda de Pamplona","image":{"@type":"ImageObject","inLanguage":"es","@id":"https:\/\/secure.gravatar.com\/avatar\/b6992f131dc8d30ab0dff15446e9d346d9dbd95992de0fef795073f5ea83a81c?s=96&d=mm&r=g","url":"https:\/\/secure.gravatar.com\/avatar\/b6992f131dc8d30ab0dff15446e9d346d9dbd95992de0fef795073f5ea83a81c?s=96&d=mm&r=g","contentUrl":"https:\/\/secure.gravatar.com\/avatar\/b6992f131dc8d30ab0dff15446e9d346d9dbd95992de0fef795073f5ea83a81c?s=96&d=mm&r=g","caption":"La Gu\u00eda de Pamplona"}}]}},"post_mailing_queue_ids":[],"_links":{"self":[{"href":"https:\/\/www.laguiadepamplona.com\/actualidad\/wp-json\/wp\/v2\/posts\/42832","targetHints":{"allow":["GET"]}}],"collection":[{"href":"https:\/\/www.laguiadepamplona.com\/actualidad\/wp-json\/wp\/v2\/posts"}],"about":[{"href":"https:\/\/www.laguiadepamplona.com\/actualidad\/wp-json\/wp\/v2\/types\/post"}],"author":[{"embeddable":true,"href":"https:\/\/www.laguiadepamplona.com\/actualidad\/wp-json\/wp\/v2\/users\/1"}],"replies":[{"embeddable":true,"href":"https:\/\/www.laguiadepamplona.com\/actualidad\/wp-json\/wp\/v2\/comments?post=42832"}],"version-history":[{"count":0,"href":"https:\/\/www.laguiadepamplona.com\/actualidad\/wp-json\/wp\/v2\/posts\/42832\/revisions"}],"wp:featuredmedia":[{"embeddable":true,"href":"https:\/\/www.laguiadepamplona.com\/actualidad\/wp-json\/wp\/v2\/media\/38900"}],"wp:attachment":[{"href":"https:\/\/www.laguiadepamplona.com\/actualidad\/wp-json\/wp\/v2\/media?parent=42832"}],"wp:term":[{"taxonomy":"category","embeddable":true,"href":"https:\/\/www.laguiadepamplona.com\/actualidad\/wp-json\/wp\/v2\/categories?post=42832"},{"taxonomy":"post_tag","embeddable":true,"href":"https:\/\/www.laguiadepamplona.com\/actualidad\/wp-json\/wp\/v2\/tags?post=42832"}],"curies":[{"name":"wp","href":"https:\/\/api.w.org\/{rel}","templated":true}]}}