{"id":4283,"date":"2014-12-29T14:48:27","date_gmt":"2014-12-29T12:48:27","guid":{"rendered":"http:\/\/laguiadepamplona.com\/actualidad\/?p=4283"},"modified":"2014-12-29T14:48:27","modified_gmt":"2014-12-29T12:48:27","slug":"manana-a-partir-de-las-9-horas-continuara-el-reparto-de-mas-de-7-000-calendarios-municipales-gratuitos-en-el-ayuntamiento-los-civivox-y-la-casa-de-la-juventud","status":"publish","type":"post","link":"https:\/\/www.laguiadepamplona.com\/actualidad\/manana-a-partir-de-las-9-horas-continuara-el-reparto-de-mas-de-7-000-calendarios-municipales-gratuitos-en-el-ayuntamiento-los-civivox-y-la-casa-de-la-juventud\/","title":{"rendered":"Ma\u00f1ana a partir de las 9 horas continuar\u00e1 el reparto de m\u00e1s de 7.000 calendarios municipales gratuitos en el Ayuntamiento, los civivox y la Casa de la Juventud"},"content":{"rendered":"<h4>El calendario municipal se puede descargar en castellano y en euskera en la p\u00e1gina <a href=\"http:\/\/www.pamplona.es\/\" target=\"_blank\">www.pamplona.es<\/a><\/h4>\n<p><a href=\"http:\/\/laguiadepamplona.com\/actualidad\/wp-content\/uploads\/2014\/12\/8-Agosto-Iglesia-San-Saturnino-desde-Catedral-Nerea-Urtasun.jpg\"><img loading=\"lazy\" decoding=\"async\" class=\"alignleft size-medium wp-image-4220\" src=\"http:\/\/laguiadepamplona.com\/actualidad\/wp-content\/uploads\/2014\/12\/8-Agosto-Iglesia-San-Saturnino-desde-Catedral-Nerea-Urtasun-300x225.jpg\" alt=\"8 Agosto Iglesia San Saturnino desde Catedral Nerea Urtasun\" width=\"300\" height=\"225\" \/><\/a>El Ayuntamiento de Pamplona ha repartido esta ma\u00f1ana m\u00e1s de 7.000 calendarios municipales para 2015. La entrega ha comenzado a las 9 de la ma\u00f1ana y dos horas despu\u00e9s se hab\u00edan distribuido todos los ejemplares destinados para este d\u00eda. Ma\u00f1ana martes, a partir tambi\u00e9n de las 9 horas, continuar\u00e1 el reparto de almanaques en los mismos lugares que hoy: en la trasera de la Casa Consistorial, en los siete civivox de la ciudad y en la Casa de la Juventud. Al igual que estaba previsto para hoy, el reparto se llevar\u00e1 a cabo hasta que se agoten las existencias.<\/p>\n<p>Adem\u00e1s, en la p\u00e1gina web municipal <a href=\"http:\/\/www.pamplona.es\" target=\"_blank\">www.pamplona.es<\/a>, se puede descargar el calendario municipal completo en alta o en baja resoluci\u00f3n, tanto en castellano no como en euskera. El enlace para descargarlo se ha incluido en la parte superior de la portada entre los cuatro destacados.<\/p>\n<p>Como en a\u00f1os anteriores, el Ayuntamiento de Pamplona reparte de manera gratuita el calendario municipal editado con las fotograf\u00edas ganadoras del concurso que el Consistorio organiza para ilustrarlo. Este a\u00f1o se han editado unos 15.000 ejemplares, tanto en castellano como en euskera. El calendario mantiene el dise\u00f1o de a\u00f1os anteriores con una p\u00e1gina para la fotograf\u00eda ganadora y otra con las fechas de cada mes. Al concurso de este a\u00f1o se presentaron 1.019 im\u00e1genes de la ciudad realizadas por 114 participantes diferentes.<\/p>\n<p><strong>Doce im\u00e1genes de distintas zonas de la ciudad<\/strong><\/p>\n<p>Abren el calendario en los meses de enero y febrero, dos detalles arquitect\u00f3nicos. Eduardo Bar\u00e1soain recoge en la foto de enero las simetr\u00edas y las l\u00edneas rectas del entorno de la plaza Yamaguchi. Febrero lo ilustra una instant\u00e1nea de Jos\u00e9 Luis Zubiri con los reflejos de las viviendas en el envoltorio acristalado de los edificios inteligentes en el barrio de la Milagrosa. El primer trimestre se cierra con una vista al atardecer del paseo en Echavacoiz Norte, captada por Kike Balenzategui.<\/p>\n<p>Las im\u00e1genes de los meses de abril y mayo son obra de Daniel Andi\u00f3n. Abril refleja una vista de un edificio de la calle General Chinchilla tomada desde el interior del palacio de Congresos y Auditorio Baluarte. Mayo, por su parte, plasma una parte del lago de Arrosad\u00eda con las viviendas del barrio de Azpilaga\u00f1a al fondo. La foto del mes de junio es obra de I\u00f1aki Larrea y muestra una vista panor\u00e1mica de Pamplona al atardecer tomada desde Burlada con el perfil de la catedral y una persona realizando parapente.<\/p>\n<p>El tercer trimestre del a\u00f1o tiene como denominador com\u00fan el Casco Antiguo de la ciudad. El mes de julio se ilustra con una foto de Jos\u00e9 Luis Sanag\u00e9rico que muestra una vista desde la calle Dos de Mayo de las torres de San Saturnino y del antiguo seminario de San Juan, sede del Archivo Municipal. Para agosto, Nerea Urtasun ofrece una imagen de las torres de la iglesia de San Saturnino iluminadas tomadas desde la catedral. El mes de septiembre plasma, bajo la \u00f3ptica de I\u00f1aki Zenotz, la simetr\u00eda de un edificio rehabilitado de la calle Ma\u00f1ueta 16 desde la plaza de los Burgos.<\/p>\n<p>La imagen del mes de octubre la firma \u00cd\u00f1igo Aranguren y refleja una estampa t\u00edpicamente oto\u00f1al del parque de la Media Luna con el suelo lleno de las hojas ca\u00eddas de los \u00e1rboles y dos ni\u00f1os jugando con ellas alrededor de una fuente. Las dos \u00faltimas fotos son obra de Kike Balenzategui, autor tambi\u00e9n de la imagen ganadora del mes de marzo. La instant\u00e1nea de noviembre muestra una imagen del ascensor de Echavacoiz con el reflejo del arco\u00edris al fondo. En mes de diciembre aparece una Plaza del Castillo cubierta con un manto blanco mientras sigue cayendo la nieve.<\/p>\n<p><strong>Ganadores concurso fotograf\u00eda calendario 2015<\/strong><\/p>\n<ul>\n<li>Enero &#8211; Yamaguchi. Eduardo Bar\u00e1soain Mill\u00e1n<\/li>\n<li>Febrero &#8211; Edificio Inteligente. Jos\u00e9 Luis Zubiri Mun\u00e1rriz<\/li>\n<li>Marzo &#8211; Echavacoiz Norte. Kike Balenzategui<\/li>\n<li>Abril &#8211; Daniel Andi\u00f3n Espinal<\/li>\n<li>Mayo &#8211; Parque Arrosad\u00eda. Daniel Andi\u00f3n Espinal<\/li>\n<li>Junio &#8211; Desde Burlada hacia Pamplona. I\u00f1aki Larrea Rastrilla<\/li>\n<li>Julio \u2013 Calle Dos de Mayo. Jos\u00e9 Luis Sanag\u00e9rico<\/li>\n<li>Agosto \u2013 Iglesia de San Saturnino desde la Catedral de Pamplona. Nerea Urtasun<\/li>\n<li>Septiembre \u2013 Ma\u00f1ueta 16 desde la plaza de los Burgos. I\u00f1aki Zenotz<\/li>\n<li>Octubre \u2013 Parque de la Media Luna. I\u00f1igo Aranguren<\/li>\n<li>Noviembre \u2013 Echavacoiz Norte. Kike Balenzategui<\/li>\n<li>Diciembre \u2013 Plaza del Castillo. Kike Balenzategui<\/li>\n<\/ul>\n<p>&nbsp;<\/p>\n","protected":false},"excerpt":{"rendered":"<p>El calendario municipal se puede descargar en castellano y en euskera en la p\u00e1gina www.pamplona.es El Ayuntamiento de Pamplona ha repartido esta ma\u00f1ana m\u00e1s de 7.000 calendarios municipales para 2015&#8230;.<\/p>\n","protected":false},"author":1,"featured_media":4220,"comment_status":"closed","ping_status":"open","sticky":false,"template":"","format":"standard","meta":{"footnotes":""},"categories":[2],"tags":[2191,5,3785,6,509,2315,3786,1582,8,9],"class_list":["post-4283","post","type-post","status-publish","format-standard","has-post-thumbnail","hentry","category-ayuntamiento-pamplona","tag-2191","tag-actualidad","tag-agotado","tag-ayto-pamplona","tag-ayuntamiento-de-pamplona","tag-calendario","tag-descargar","tag-municipal","tag-noticias","tag-pamplona"],"yoast_head":"<!-- This site is optimized with the Yoast SEO plugin v27.5 - https:\/\/yoast.com\/product\/yoast-seo-wordpress\/ -->\n<title>Ma\u00f1ana a partir de las 9 horas continuar\u00e1 el reparto de m\u00e1s de 7.000 calendarios municipales gratuitos en el Ayuntamiento, los civivox y la Casa de la Juventud<\/title>\n<meta name=\"robots\" content=\"index, follow, max-snippet:-1, max-image-preview:large, max-video-preview:-1\" \/>\n<link rel=\"canonical\" href=\"https:\/\/www.laguiadepamplona.com\/actualidad\/manana-a-partir-de-las-9-horas-continuara-el-reparto-de-mas-de-7-000-calendarios-municipales-gratuitos-en-el-ayuntamiento-los-civivox-y-la-casa-de-la-juventud\/\" \/>\n<meta property=\"og:locale\" content=\"es_ES\" \/>\n<meta property=\"og:type\" content=\"article\" \/>\n<meta property=\"og:title\" content=\"Ma\u00f1ana a partir de las 9 horas continuar\u00e1 el reparto de m\u00e1s de 7.000 calendarios municipales gratuitos en el Ayuntamiento, los civivox y la Casa de la Juventud\" \/>\n<meta property=\"og:description\" content=\"El calendario municipal se puede descargar en castellano y en euskera en la p\u00e1gina www.pamplona.es El Ayuntamiento de Pamplona ha repartido esta ma\u00f1ana m\u00e1s de 7.000 calendarios municipales para 2015....\" \/>\n<meta property=\"og:url\" content=\"https:\/\/www.laguiadepamplona.com\/actualidad\/manana-a-partir-de-las-9-horas-continuara-el-reparto-de-mas-de-7-000-calendarios-municipales-gratuitos-en-el-ayuntamiento-los-civivox-y-la-casa-de-la-juventud\/\" \/>\n<meta property=\"og:site_name\" content=\"La Gu\u00eda de Pamplona\" \/>\n<meta property=\"article:publisher\" content=\"https:\/\/www.facebook.com\/laguiadepamplonacom-133175176762273\/?ref=hl\" \/>\n<meta property=\"article:published_time\" content=\"2014-12-29T12:48:27+00:00\" \/>\n<meta name=\"author\" content=\"La Gu\u00eda de Pamplona\" \/>\n<meta name=\"twitter:card\" content=\"summary_large_image\" \/>\n<meta name=\"twitter:creator\" content=\"@LaGuiadPamplona\" \/>\n<meta name=\"twitter:site\" content=\"@LaGuiadPamplona\" \/>\n<meta name=\"twitter:label1\" content=\"Escrito por\" \/>\n\t<meta name=\"twitter:data1\" content=\"La Gu\u00eda de Pamplona\" \/>\n\t<meta name=\"twitter:label2\" content=\"Tiempo de lectura\" \/>\n\t<meta name=\"twitter:data2\" content=\"4 minutos\" \/>\n<script type=\"application\/ld+json\" class=\"yoast-schema-graph\">{\"@context\":\"https:\\\/\\\/schema.org\",\"@graph\":[{\"@type\":\"Article\",\"@id\":\"https:\\\/\\\/www.laguiadepamplona.com\\\/actualidad\\\/manana-a-partir-de-las-9-horas-continuara-el-reparto-de-mas-de-7-000-calendarios-municipales-gratuitos-en-el-ayuntamiento-los-civivox-y-la-casa-de-la-juventud\\\/#article\",\"isPartOf\":{\"@id\":\"https:\\\/\\\/www.laguiadepamplona.com\\\/actualidad\\\/manana-a-partir-de-las-9-horas-continuara-el-reparto-de-mas-de-7-000-calendarios-municipales-gratuitos-en-el-ayuntamiento-los-civivox-y-la-casa-de-la-juventud\\\/\"},\"author\":{\"name\":\"La Gu\u00eda de Pamplona\",\"@id\":\"https:\\\/\\\/www.laguiadepamplona.com\\\/actualidad\\\/#\\\/schema\\\/person\\\/efe887376f0213d4657c93adc50b1fdb\"},\"headline\":\"Ma\u00f1ana a partir de las 9 horas continuar\u00e1 el reparto de m\u00e1s de 7.000 calendarios municipales gratuitos en el Ayuntamiento, los civivox y la Casa de la Juventud\",\"datePublished\":\"2014-12-29T12:48:27+00:00\",\"mainEntityOfPage\":{\"@id\":\"https:\\\/\\\/www.laguiadepamplona.com\\\/actualidad\\\/manana-a-partir-de-las-9-horas-continuara-el-reparto-de-mas-de-7-000-calendarios-municipales-gratuitos-en-el-ayuntamiento-los-civivox-y-la-casa-de-la-juventud\\\/\"},\"wordCount\":801,\"publisher\":{\"@id\":\"https:\\\/\\\/www.laguiadepamplona.com\\\/actualidad\\\/#organization\"},\"image\":{\"@id\":\"https:\\\/\\\/www.laguiadepamplona.com\\\/actualidad\\\/manana-a-partir-de-las-9-horas-continuara-el-reparto-de-mas-de-7-000-calendarios-municipales-gratuitos-en-el-ayuntamiento-los-civivox-y-la-casa-de-la-juventud\\\/#primaryimage\"},\"thumbnailUrl\":\"\",\"keywords\":[\"2015\",\"actualidad\",\"agotado\",\"ayto pamplona\",\"Ayuntamiento de Pamplona\",\"calendario\",\"descargar\",\"municipal\",\"noticias\",\"pamplona\"],\"articleSection\":[\"Ayto Pamplona\"],\"inLanguage\":\"es\"},{\"@type\":\"WebPage\",\"@id\":\"https:\\\/\\\/www.laguiadepamplona.com\\\/actualidad\\\/manana-a-partir-de-las-9-horas-continuara-el-reparto-de-mas-de-7-000-calendarios-municipales-gratuitos-en-el-ayuntamiento-los-civivox-y-la-casa-de-la-juventud\\\/\",\"url\":\"https:\\\/\\\/www.laguiadepamplona.com\\\/actualidad\\\/manana-a-partir-de-las-9-horas-continuara-el-reparto-de-mas-de-7-000-calendarios-municipales-gratuitos-en-el-ayuntamiento-los-civivox-y-la-casa-de-la-juventud\\\/\",\"name\":\"Ma\u00f1ana a partir de las 9 horas continuar\u00e1 el reparto de m\u00e1s de 7.000 calendarios municipales gratuitos en el Ayuntamiento, los civivox y la Casa de la Juventud\",\"isPartOf\":{\"@id\":\"https:\\\/\\\/www.laguiadepamplona.com\\\/actualidad\\\/#website\"},\"primaryImageOfPage\":{\"@id\":\"https:\\\/\\\/www.laguiadepamplona.com\\\/actualidad\\\/manana-a-partir-de-las-9-horas-continuara-el-reparto-de-mas-de-7-000-calendarios-municipales-gratuitos-en-el-ayuntamiento-los-civivox-y-la-casa-de-la-juventud\\\/#primaryimage\"},\"image\":{\"@id\":\"https:\\\/\\\/www.laguiadepamplona.com\\\/actualidad\\\/manana-a-partir-de-las-9-horas-continuara-el-reparto-de-mas-de-7-000-calendarios-municipales-gratuitos-en-el-ayuntamiento-los-civivox-y-la-casa-de-la-juventud\\\/#primaryimage\"},\"thumbnailUrl\":\"\",\"datePublished\":\"2014-12-29T12:48:27+00:00\",\"breadcrumb\":{\"@id\":\"https:\\\/\\\/www.laguiadepamplona.com\\\/actualidad\\\/manana-a-partir-de-las-9-horas-continuara-el-reparto-de-mas-de-7-000-calendarios-municipales-gratuitos-en-el-ayuntamiento-los-civivox-y-la-casa-de-la-juventud\\\/#breadcrumb\"},\"inLanguage\":\"es\",\"potentialAction\":[{\"@type\":\"ReadAction\",\"target\":[\"https:\\\/\\\/www.laguiadepamplona.com\\\/actualidad\\\/manana-a-partir-de-las-9-horas-continuara-el-reparto-de-mas-de-7-000-calendarios-municipales-gratuitos-en-el-ayuntamiento-los-civivox-y-la-casa-de-la-juventud\\\/\"]}]},{\"@type\":\"ImageObject\",\"inLanguage\":\"es\",\"@id\":\"https:\\\/\\\/www.laguiadepamplona.com\\\/actualidad\\\/manana-a-partir-de-las-9-horas-continuara-el-reparto-de-mas-de-7-000-calendarios-municipales-gratuitos-en-el-ayuntamiento-los-civivox-y-la-casa-de-la-juventud\\\/#primaryimage\",\"url\":\"\",\"contentUrl\":\"\"},{\"@type\":\"BreadcrumbList\",\"@id\":\"https:\\\/\\\/www.laguiadepamplona.com\\\/actualidad\\\/manana-a-partir-de-las-9-horas-continuara-el-reparto-de-mas-de-7-000-calendarios-municipales-gratuitos-en-el-ayuntamiento-los-civivox-y-la-casa-de-la-juventud\\\/#breadcrumb\",\"itemListElement\":[{\"@type\":\"ListItem\",\"position\":1,\"name\":\"Portada\",\"item\":\"https:\\\/\\\/www.laguiadepamplona.com\\\/actualidad\\\/\"},{\"@type\":\"ListItem\",\"position\":2,\"name\":\"Ma\u00f1ana a partir de las 9 horas continuar\u00e1 el reparto de m\u00e1s de 7.000 calendarios municipales gratuitos en el Ayuntamiento, los civivox y la Casa de la Juventud\"}]},{\"@type\":\"WebSite\",\"@id\":\"https:\\\/\\\/www.laguiadepamplona.com\\\/actualidad\\\/#website\",\"url\":\"https:\\\/\\\/www.laguiadepamplona.com\\\/actualidad\\\/\",\"name\":\"La gu\u00eda de Pamplona\",\"description\":\"Noticias de Pamplona\",\"publisher\":{\"@id\":\"https:\\\/\\\/www.laguiadepamplona.com\\\/actualidad\\\/#organization\"},\"potentialAction\":[{\"@type\":\"SearchAction\",\"target\":{\"@type\":\"EntryPoint\",\"urlTemplate\":\"https:\\\/\\\/www.laguiadepamplona.com\\\/actualidad\\\/?s={search_term_string}\"},\"query-input\":{\"@type\":\"PropertyValueSpecification\",\"valueRequired\":true,\"valueName\":\"search_term_string\"}}],\"inLanguage\":\"es\"},{\"@type\":\"Organization\",\"@id\":\"https:\\\/\\\/www.laguiadepamplona.com\\\/actualidad\\\/#organization\",\"name\":\"La Gu\u00eda de Pamplona \\\/ Noticias\",\"url\":\"https:\\\/\\\/www.laguiadepamplona.com\\\/actualidad\\\/\",\"logo\":{\"@type\":\"ImageObject\",\"inLanguage\":\"es\",\"@id\":\"https:\\\/\\\/www.laguiadepamplona.com\\\/actualidad\\\/#\\\/schema\\\/logo\\\/image\\\/\",\"url\":\"https:\\\/\\\/www.laguiadepamplona.com\\\/actualidad\\\/wp-content\\\/uploads\\\/2018\\\/11\\\/logo-laguiadepamplona18-web1.png\",\"contentUrl\":\"https:\\\/\\\/www.laguiadepamplona.com\\\/actualidad\\\/wp-content\\\/uploads\\\/2018\\\/11\\\/logo-laguiadepamplona18-web1.png\",\"width\":600,\"height\":196,\"caption\":\"La Gu\u00eda de Pamplona \\\/ Noticias\"},\"image\":{\"@id\":\"https:\\\/\\\/www.laguiadepamplona.com\\\/actualidad\\\/#\\\/schema\\\/logo\\\/image\\\/\"},\"sameAs\":[\"https:\\\/\\\/www.facebook.com\\\/laguiadepamplonacom-133175176762273\\\/?ref=hl\",\"https:\\\/\\\/x.com\\\/LaGuiadPamplona\",\"https:\\\/\\\/www.instagram.com\\\/la_guia_de_pamplona\\\/\",\"https:\\\/\\\/www.youtube.com\\\/user\\\/laguiadepamplona\"]},{\"@type\":\"Person\",\"@id\":\"https:\\\/\\\/www.laguiadepamplona.com\\\/actualidad\\\/#\\\/schema\\\/person\\\/efe887376f0213d4657c93adc50b1fdb\",\"name\":\"La Gu\u00eda de Pamplona\",\"image\":{\"@type\":\"ImageObject\",\"inLanguage\":\"es\",\"@id\":\"https:\\\/\\\/secure.gravatar.com\\\/avatar\\\/b6992f131dc8d30ab0dff15446e9d346d9dbd95992de0fef795073f5ea83a81c?s=96&d=mm&r=g\",\"url\":\"https:\\\/\\\/secure.gravatar.com\\\/avatar\\\/b6992f131dc8d30ab0dff15446e9d346d9dbd95992de0fef795073f5ea83a81c?s=96&d=mm&r=g\",\"contentUrl\":\"https:\\\/\\\/secure.gravatar.com\\\/avatar\\\/b6992f131dc8d30ab0dff15446e9d346d9dbd95992de0fef795073f5ea83a81c?s=96&d=mm&r=g\",\"caption\":\"La Gu\u00eda de Pamplona\"}}]}<\/script>\n<!-- \/ Yoast SEO plugin. -->","yoast_head_json":{"title":"Ma\u00f1ana a partir de las 9 horas continuar\u00e1 el reparto de m\u00e1s de 7.000 calendarios municipales gratuitos en el Ayuntamiento, los civivox y la Casa de la Juventud","robots":{"index":"index","follow":"follow","max-snippet":"max-snippet:-1","max-image-preview":"max-image-preview:large","max-video-preview":"max-video-preview:-1"},"canonical":"https:\/\/www.laguiadepamplona.com\/actualidad\/manana-a-partir-de-las-9-horas-continuara-el-reparto-de-mas-de-7-000-calendarios-municipales-gratuitos-en-el-ayuntamiento-los-civivox-y-la-casa-de-la-juventud\/","og_locale":"es_ES","og_type":"article","og_title":"Ma\u00f1ana a partir de las 9 horas continuar\u00e1 el reparto de m\u00e1s de 7.000 calendarios municipales gratuitos en el Ayuntamiento, los civivox y la Casa de la Juventud","og_description":"El calendario municipal se puede descargar en castellano y en euskera en la p\u00e1gina www.pamplona.es El Ayuntamiento de Pamplona ha repartido esta ma\u00f1ana m\u00e1s de 7.000 calendarios municipales para 2015....","og_url":"https:\/\/www.laguiadepamplona.com\/actualidad\/manana-a-partir-de-las-9-horas-continuara-el-reparto-de-mas-de-7-000-calendarios-municipales-gratuitos-en-el-ayuntamiento-los-civivox-y-la-casa-de-la-juventud\/","og_site_name":"La Gu\u00eda de Pamplona","article_publisher":"https:\/\/www.facebook.com\/laguiadepamplonacom-133175176762273\/?ref=hl","article_published_time":"2014-12-29T12:48:27+00:00","author":"La Gu\u00eda de Pamplona","twitter_card":"summary_large_image","twitter_creator":"@LaGuiadPamplona","twitter_site":"@LaGuiadPamplona","twitter_misc":{"Escrito por":"La Gu\u00eda de Pamplona","Tiempo de lectura":"4 minutos"},"schema":{"@context":"https:\/\/schema.org","@graph":[{"@type":"Article","@id":"https:\/\/www.laguiadepamplona.com\/actualidad\/manana-a-partir-de-las-9-horas-continuara-el-reparto-de-mas-de-7-000-calendarios-municipales-gratuitos-en-el-ayuntamiento-los-civivox-y-la-casa-de-la-juventud\/#article","isPartOf":{"@id":"https:\/\/www.laguiadepamplona.com\/actualidad\/manana-a-partir-de-las-9-horas-continuara-el-reparto-de-mas-de-7-000-calendarios-municipales-gratuitos-en-el-ayuntamiento-los-civivox-y-la-casa-de-la-juventud\/"},"author":{"name":"La Gu\u00eda de Pamplona","@id":"https:\/\/www.laguiadepamplona.com\/actualidad\/#\/schema\/person\/efe887376f0213d4657c93adc50b1fdb"},"headline":"Ma\u00f1ana a partir de las 9 horas continuar\u00e1 el reparto de m\u00e1s de 7.000 calendarios municipales gratuitos en el Ayuntamiento, los civivox y la Casa de la Juventud","datePublished":"2014-12-29T12:48:27+00:00","mainEntityOfPage":{"@id":"https:\/\/www.laguiadepamplona.com\/actualidad\/manana-a-partir-de-las-9-horas-continuara-el-reparto-de-mas-de-7-000-calendarios-municipales-gratuitos-en-el-ayuntamiento-los-civivox-y-la-casa-de-la-juventud\/"},"wordCount":801,"publisher":{"@id":"https:\/\/www.laguiadepamplona.com\/actualidad\/#organization"},"image":{"@id":"https:\/\/www.laguiadepamplona.com\/actualidad\/manana-a-partir-de-las-9-horas-continuara-el-reparto-de-mas-de-7-000-calendarios-municipales-gratuitos-en-el-ayuntamiento-los-civivox-y-la-casa-de-la-juventud\/#primaryimage"},"thumbnailUrl":"","keywords":["2015","actualidad","agotado","ayto pamplona","Ayuntamiento de Pamplona","calendario","descargar","municipal","noticias","pamplona"],"articleSection":["Ayto Pamplona"],"inLanguage":"es"},{"@type":"WebPage","@id":"https:\/\/www.laguiadepamplona.com\/actualidad\/manana-a-partir-de-las-9-horas-continuara-el-reparto-de-mas-de-7-000-calendarios-municipales-gratuitos-en-el-ayuntamiento-los-civivox-y-la-casa-de-la-juventud\/","url":"https:\/\/www.laguiadepamplona.com\/actualidad\/manana-a-partir-de-las-9-horas-continuara-el-reparto-de-mas-de-7-000-calendarios-municipales-gratuitos-en-el-ayuntamiento-los-civivox-y-la-casa-de-la-juventud\/","name":"Ma\u00f1ana a partir de las 9 horas continuar\u00e1 el reparto de m\u00e1s de 7.000 calendarios municipales gratuitos en el Ayuntamiento, los civivox y la Casa de la Juventud","isPartOf":{"@id":"https:\/\/www.laguiadepamplona.com\/actualidad\/#website"},"primaryImageOfPage":{"@id":"https:\/\/www.laguiadepamplona.com\/actualidad\/manana-a-partir-de-las-9-horas-continuara-el-reparto-de-mas-de-7-000-calendarios-municipales-gratuitos-en-el-ayuntamiento-los-civivox-y-la-casa-de-la-juventud\/#primaryimage"},"image":{"@id":"https:\/\/www.laguiadepamplona.com\/actualidad\/manana-a-partir-de-las-9-horas-continuara-el-reparto-de-mas-de-7-000-calendarios-municipales-gratuitos-en-el-ayuntamiento-los-civivox-y-la-casa-de-la-juventud\/#primaryimage"},"thumbnailUrl":"","datePublished":"2014-12-29T12:48:27+00:00","breadcrumb":{"@id":"https:\/\/www.laguiadepamplona.com\/actualidad\/manana-a-partir-de-las-9-horas-continuara-el-reparto-de-mas-de-7-000-calendarios-municipales-gratuitos-en-el-ayuntamiento-los-civivox-y-la-casa-de-la-juventud\/#breadcrumb"},"inLanguage":"es","potentialAction":[{"@type":"ReadAction","target":["https:\/\/www.laguiadepamplona.com\/actualidad\/manana-a-partir-de-las-9-horas-continuara-el-reparto-de-mas-de-7-000-calendarios-municipales-gratuitos-en-el-ayuntamiento-los-civivox-y-la-casa-de-la-juventud\/"]}]},{"@type":"ImageObject","inLanguage":"es","@id":"https:\/\/www.laguiadepamplona.com\/actualidad\/manana-a-partir-de-las-9-horas-continuara-el-reparto-de-mas-de-7-000-calendarios-municipales-gratuitos-en-el-ayuntamiento-los-civivox-y-la-casa-de-la-juventud\/#primaryimage","url":"","contentUrl":""},{"@type":"BreadcrumbList","@id":"https:\/\/www.laguiadepamplona.com\/actualidad\/manana-a-partir-de-las-9-horas-continuara-el-reparto-de-mas-de-7-000-calendarios-municipales-gratuitos-en-el-ayuntamiento-los-civivox-y-la-casa-de-la-juventud\/#breadcrumb","itemListElement":[{"@type":"ListItem","position":1,"name":"Portada","item":"https:\/\/www.laguiadepamplona.com\/actualidad\/"},{"@type":"ListItem","position":2,"name":"Ma\u00f1ana a partir de las 9 horas continuar\u00e1 el reparto de m\u00e1s de 7.000 calendarios municipales gratuitos en el Ayuntamiento, los civivox y la Casa de la Juventud"}]},{"@type":"WebSite","@id":"https:\/\/www.laguiadepamplona.com\/actualidad\/#website","url":"https:\/\/www.laguiadepamplona.com\/actualidad\/","name":"La gu\u00eda de Pamplona","description":"Noticias de Pamplona","publisher":{"@id":"https:\/\/www.laguiadepamplona.com\/actualidad\/#organization"},"potentialAction":[{"@type":"SearchAction","target":{"@type":"EntryPoint","urlTemplate":"https:\/\/www.laguiadepamplona.com\/actualidad\/?s={search_term_string}"},"query-input":{"@type":"PropertyValueSpecification","valueRequired":true,"valueName":"search_term_string"}}],"inLanguage":"es"},{"@type":"Organization","@id":"https:\/\/www.laguiadepamplona.com\/actualidad\/#organization","name":"La Gu\u00eda de Pamplona \/ Noticias","url":"https:\/\/www.laguiadepamplona.com\/actualidad\/","logo":{"@type":"ImageObject","inLanguage":"es","@id":"https:\/\/www.laguiadepamplona.com\/actualidad\/#\/schema\/logo\/image\/","url":"https:\/\/www.laguiadepamplona.com\/actualidad\/wp-content\/uploads\/2018\/11\/logo-laguiadepamplona18-web1.png","contentUrl":"https:\/\/www.laguiadepamplona.com\/actualidad\/wp-content\/uploads\/2018\/11\/logo-laguiadepamplona18-web1.png","width":600,"height":196,"caption":"La Gu\u00eda de Pamplona \/ Noticias"},"image":{"@id":"https:\/\/www.laguiadepamplona.com\/actualidad\/#\/schema\/logo\/image\/"},"sameAs":["https:\/\/www.facebook.com\/laguiadepamplonacom-133175176762273\/?ref=hl","https:\/\/x.com\/LaGuiadPamplona","https:\/\/www.instagram.com\/la_guia_de_pamplona\/","https:\/\/www.youtube.com\/user\/laguiadepamplona"]},{"@type":"Person","@id":"https:\/\/www.laguiadepamplona.com\/actualidad\/#\/schema\/person\/efe887376f0213d4657c93adc50b1fdb","name":"La Gu\u00eda de Pamplona","image":{"@type":"ImageObject","inLanguage":"es","@id":"https:\/\/secure.gravatar.com\/avatar\/b6992f131dc8d30ab0dff15446e9d346d9dbd95992de0fef795073f5ea83a81c?s=96&d=mm&r=g","url":"https:\/\/secure.gravatar.com\/avatar\/b6992f131dc8d30ab0dff15446e9d346d9dbd95992de0fef795073f5ea83a81c?s=96&d=mm&r=g","contentUrl":"https:\/\/secure.gravatar.com\/avatar\/b6992f131dc8d30ab0dff15446e9d346d9dbd95992de0fef795073f5ea83a81c?s=96&d=mm&r=g","caption":"La Gu\u00eda de Pamplona"}}]}},"post_mailing_queue_ids":[],"_links":{"self":[{"href":"https:\/\/www.laguiadepamplona.com\/actualidad\/wp-json\/wp\/v2\/posts\/4283","targetHints":{"allow":["GET"]}}],"collection":[{"href":"https:\/\/www.laguiadepamplona.com\/actualidad\/wp-json\/wp\/v2\/posts"}],"about":[{"href":"https:\/\/www.laguiadepamplona.com\/actualidad\/wp-json\/wp\/v2\/types\/post"}],"author":[{"embeddable":true,"href":"https:\/\/www.laguiadepamplona.com\/actualidad\/wp-json\/wp\/v2\/users\/1"}],"replies":[{"embeddable":true,"href":"https:\/\/www.laguiadepamplona.com\/actualidad\/wp-json\/wp\/v2\/comments?post=4283"}],"version-history":[{"count":0,"href":"https:\/\/www.laguiadepamplona.com\/actualidad\/wp-json\/wp\/v2\/posts\/4283\/revisions"}],"wp:featuredmedia":[{"embeddable":true,"href":"https:\/\/www.laguiadepamplona.com\/actualidad\/wp-json\/"}],"wp:attachment":[{"href":"https:\/\/www.laguiadepamplona.com\/actualidad\/wp-json\/wp\/v2\/media?parent=4283"}],"wp:term":[{"taxonomy":"category","embeddable":true,"href":"https:\/\/www.laguiadepamplona.com\/actualidad\/wp-json\/wp\/v2\/categories?post=4283"},{"taxonomy":"post_tag","embeddable":true,"href":"https:\/\/www.laguiadepamplona.com\/actualidad\/wp-json\/wp\/v2\/tags?post=4283"}],"curies":[{"name":"wp","href":"https:\/\/api.w.org\/{rel}","templated":true}]}}