{"id":42829,"date":"2023-02-09T19:02:01","date_gmt":"2023-02-09T17:02:01","guid":{"rendered":"https:\/\/www.laguiadepamplona.com\/actualidad\/?p=42829"},"modified":"2023-04-11T11:47:13","modified_gmt":"2023-04-11T09:47:13","slug":"pamplona-celebra-el-lunes-el-dia-internacional-de-las-mujeres-y-las-ninas-en-la-ciencia-con-una-charla-sobre-inteligencia-artificial-y-feminismo","status":"publish","type":"post","link":"https:\/\/www.laguiadepamplona.com\/actualidad\/pamplona-celebra-el-lunes-el-dia-internacional-de-las-mujeres-y-las-ninas-en-la-ciencia-con-una-charla-sobre-inteligencia-artificial-y-feminismo\/","title":{"rendered":"Pamplona celebra el lunes el D\u00eda Internacional de las Mujeres y las Ni\u00f1as en la Ciencia con una charla sobre \u2018inteligencia artificial y feminismo\u2019"},"content":{"rendered":"<h5>La sesi\u00f3n la impartir\u00e1 la directora de comunicaci\u00f3n digital de la Universidad de Deusto, Lorena Fern\u00e1ndez \u00c1lvarez, a las 18 horas en Civican<\/h5>\n<p><!--more--><\/p>\n<p>El Ayuntamiento de Pamplona ha organizado este pr\u00f3ximo lunes una conferencia titulada \u2018Inteligencia artificial y feminismo\u2019 para conmemorar la celebraci\u00f3n del D\u00eda Internacional de las Mujeres y las Ni\u00f1as en la Ciencia. La charla la impartir\u00e1 la ingeniera inform\u00e1tica, directora de comunicaci\u00f3n digital de la Universidad de Deusto y divulgadora sobre STEAM con perspectiva de g\u00e9nero, Lorena Fern\u00e1ndez \u00c1lvarez. Tendr\u00e1 lugar a las 18 horas en Civican, con entrada libre hasta completar el aforo.<br \/>\n<script async src=\"\/\/pagead2.googlesyndication.com\/pagead\/js\/adsbygoogle.js\"><\/script><br \/>\n<!-- Noticias La Guia de Pamplona --><br \/>\n<ins class=\"adsbygoogle\"\nstyle=\"display:block\"\ndata-ad-client=\"ca-pub-6943679897239327\"\ndata-ad-slot=\"7048180777\"\ndata-ad-format=\"auto\"><\/ins><br \/>\n<script>\n(adsbygoogle = window.adsbygoogle || []).push({});\n<\/script><\/p>\n<p>En los \u00faltimos a\u00f1os han sido mucho los debates en torno a la inteligencia artificial y la necesaria inclusi\u00f3n de una dimensi\u00f3n social y \u00e9tica. Esta conferencia pretende ofrecer a la ciudadan\u00eda un espacio en el que acercarse a la inteligencia artificial desde un punto de vista cr\u00edtico, que pueda detectar c\u00f3mo puede contribuir a una mayor igualdad, superando sesgos de g\u00e9nero tanto en la producci\u00f3n como en la accesibilidad. Se analizar\u00e1n, por ejemplo, cuestiones relacionadas con los dise\u00f1os de algoritmos para procesos de aprendizaje autom\u00e1tico, desarrollo de la rob\u00f3tica, etc\u00e9tera.<\/p>\n<p>El D\u00eda Internacional de las Mujeres y las Ni\u00f1as en la Ciencia se celebra el d\u00eda 11 de febrero. Fue proclamado como tal por la Asamblea General de las Naciones Unidas en 2015, con el objetivo visibilizar a las mujeres y sus aportaciones en el \u00e1mbito de la ciencia y tecnolog\u00eda y alcanzar la participaci\u00f3n plena y equitativa de las mujeres y las ni\u00f1as en la ciencia.<\/p>\n","protected":false},"excerpt":{"rendered":"<p>La sesi\u00f3n la impartir\u00e1 la directora de comunicaci\u00f3n digital de la Universidad de Deusto, Lorena Fern\u00e1ndez \u00c1lvarez, a las 18 horas en Civican<\/p>\n","protected":false},"author":1,"featured_media":42830,"comment_status":"open","ping_status":"closed","sticky":false,"template":"","format":"standard","meta":{"footnotes":""},"categories":[2],"tags":[],"class_list":["post-42829","post","type-post","status-publish","format-standard","has-post-thumbnail","hentry","category-ayuntamiento-pamplona"],"yoast_head":"<!-- This site is optimized with the Yoast SEO plugin v27.5 - https:\/\/yoast.com\/product\/yoast-seo-wordpress\/ -->\n<title>Pamplona celebra el lunes el D\u00eda Internacional de las Mujeres y las Ni\u00f1as en la Ciencia con una charla sobre \u2018inteligencia artificial y feminismo\u2019<\/title>\n<meta name=\"description\" content=\"La sesi\u00f3n la impartir\u00e1 la directora de comunicaci\u00f3n digital de la Universidad de Deusto, Lorena Fern\u00e1ndez \u00c1lvarez, a las 18 horas en Civican\" \/>\n<meta name=\"robots\" content=\"index, follow, max-snippet:-1, max-image-preview:large, max-video-preview:-1\" \/>\n<link rel=\"canonical\" href=\"https:\/\/www.laguiadepamplona.com\/actualidad\/pamplona-celebra-el-lunes-el-dia-internacional-de-las-mujeres-y-las-ninas-en-la-ciencia-con-una-charla-sobre-inteligencia-artificial-y-feminismo\/\" \/>\n<meta property=\"og:locale\" content=\"es_ES\" \/>\n<meta property=\"og:type\" content=\"article\" \/>\n<meta property=\"og:title\" content=\"Pamplona celebra el lunes el D\u00eda Internacional de las Mujeres y las Ni\u00f1as en la Ciencia con una charla sobre \u2018inteligencia artificial y feminismo\u2019\" \/>\n<meta property=\"og:description\" content=\"La sesi\u00f3n la impartir\u00e1 la directora de comunicaci\u00f3n digital de la Universidad de Deusto, Lorena Fern\u00e1ndez \u00c1lvarez, a las 18 horas en Civican\" \/>\n<meta property=\"og:url\" content=\"https:\/\/www.laguiadepamplona.com\/actualidad\/pamplona-celebra-el-lunes-el-dia-internacional-de-las-mujeres-y-las-ninas-en-la-ciencia-con-una-charla-sobre-inteligencia-artificial-y-feminismo\/\" \/>\n<meta property=\"og:site_name\" content=\"La Gu\u00eda de Pamplona\" \/>\n<meta property=\"article:publisher\" content=\"https:\/\/www.facebook.com\/laguiadepamplonacom-133175176762273\/?ref=hl\" \/>\n<meta property=\"article:published_time\" content=\"2023-02-09T17:02:01+00:00\" \/>\n<meta property=\"article:modified_time\" content=\"2023-04-11T09:47:13+00:00\" \/>\n<meta property=\"og:image\" content=\"https:\/\/www.laguiadepamplona.com\/actualidad\/wp-content\/uploads\/2023\/02\/cartel-dia-internacional-mujer-ninas-ciencia.webp\" \/>\n\t<meta property=\"og:image:width\" content=\"1080\" \/>\n\t<meta property=\"og:image:height\" content=\"1080\" \/>\n\t<meta property=\"og:image:type\" content=\"image\/webp\" \/>\n<meta name=\"author\" content=\"La Gu\u00eda de Pamplona\" \/>\n<meta name=\"twitter:card\" content=\"summary_large_image\" \/>\n<meta name=\"twitter:creator\" content=\"@LaGuiadPamplona\" \/>\n<meta name=\"twitter:site\" content=\"@LaGuiadPamplona\" \/>\n<meta name=\"twitter:label1\" content=\"Escrito por\" \/>\n\t<meta name=\"twitter:data1\" content=\"La Gu\u00eda de Pamplona\" \/>\n\t<meta name=\"twitter:label2\" content=\"Tiempo de lectura\" \/>\n\t<meta name=\"twitter:data2\" content=\"2 minutos\" \/>\n<script type=\"application\/ld+json\" class=\"yoast-schema-graph\">{\"@context\":\"https:\\\/\\\/schema.org\",\"@graph\":[{\"@type\":\"Article\",\"@id\":\"https:\\\/\\\/www.laguiadepamplona.com\\\/actualidad\\\/pamplona-celebra-el-lunes-el-dia-internacional-de-las-mujeres-y-las-ninas-en-la-ciencia-con-una-charla-sobre-inteligencia-artificial-y-feminismo\\\/#article\",\"isPartOf\":{\"@id\":\"https:\\\/\\\/www.laguiadepamplona.com\\\/actualidad\\\/pamplona-celebra-el-lunes-el-dia-internacional-de-las-mujeres-y-las-ninas-en-la-ciencia-con-una-charla-sobre-inteligencia-artificial-y-feminismo\\\/\"},\"author\":{\"name\":\"La Gu\u00eda de Pamplona\",\"@id\":\"https:\\\/\\\/www.laguiadepamplona.com\\\/actualidad\\\/#\\\/schema\\\/person\\\/efe887376f0213d4657c93adc50b1fdb\"},\"headline\":\"Pamplona celebra el lunes el D\u00eda Internacional de las Mujeres y las Ni\u00f1as en la Ciencia con una charla sobre \u2018inteligencia artificial y feminismo\u2019\",\"datePublished\":\"2023-02-09T17:02:01+00:00\",\"dateModified\":\"2023-04-11T09:47:13+00:00\",\"mainEntityOfPage\":{\"@id\":\"https:\\\/\\\/www.laguiadepamplona.com\\\/actualidad\\\/pamplona-celebra-el-lunes-el-dia-internacional-de-las-mujeres-y-las-ninas-en-la-ciencia-con-una-charla-sobre-inteligencia-artificial-y-feminismo\\\/\"},\"wordCount\":307,\"commentCount\":0,\"publisher\":{\"@id\":\"https:\\\/\\\/www.laguiadepamplona.com\\\/actualidad\\\/#organization\"},\"image\":{\"@id\":\"https:\\\/\\\/www.laguiadepamplona.com\\\/actualidad\\\/pamplona-celebra-el-lunes-el-dia-internacional-de-las-mujeres-y-las-ninas-en-la-ciencia-con-una-charla-sobre-inteligencia-artificial-y-feminismo\\\/#primaryimage\"},\"thumbnailUrl\":\"https:\\\/\\\/www.laguiadepamplona.com\\\/actualidad\\\/wp-content\\\/uploads\\\/2023\\\/02\\\/cartel-dia-internacional-mujer-ninas-ciencia.webp\",\"articleSection\":[\"Ayto Pamplona\"],\"inLanguage\":\"es\",\"potentialAction\":[{\"@type\":\"CommentAction\",\"name\":\"Comment\",\"target\":[\"https:\\\/\\\/www.laguiadepamplona.com\\\/actualidad\\\/pamplona-celebra-el-lunes-el-dia-internacional-de-las-mujeres-y-las-ninas-en-la-ciencia-con-una-charla-sobre-inteligencia-artificial-y-feminismo\\\/#respond\"]}]},{\"@type\":\"WebPage\",\"@id\":\"https:\\\/\\\/www.laguiadepamplona.com\\\/actualidad\\\/pamplona-celebra-el-lunes-el-dia-internacional-de-las-mujeres-y-las-ninas-en-la-ciencia-con-una-charla-sobre-inteligencia-artificial-y-feminismo\\\/\",\"url\":\"https:\\\/\\\/www.laguiadepamplona.com\\\/actualidad\\\/pamplona-celebra-el-lunes-el-dia-internacional-de-las-mujeres-y-las-ninas-en-la-ciencia-con-una-charla-sobre-inteligencia-artificial-y-feminismo\\\/\",\"name\":\"Pamplona celebra el lunes el D\u00eda Internacional de las Mujeres y las Ni\u00f1as en la Ciencia con una charla sobre \u2018inteligencia artificial y feminismo\u2019\",\"isPartOf\":{\"@id\":\"https:\\\/\\\/www.laguiadepamplona.com\\\/actualidad\\\/#website\"},\"primaryImageOfPage\":{\"@id\":\"https:\\\/\\\/www.laguiadepamplona.com\\\/actualidad\\\/pamplona-celebra-el-lunes-el-dia-internacional-de-las-mujeres-y-las-ninas-en-la-ciencia-con-una-charla-sobre-inteligencia-artificial-y-feminismo\\\/#primaryimage\"},\"image\":{\"@id\":\"https:\\\/\\\/www.laguiadepamplona.com\\\/actualidad\\\/pamplona-celebra-el-lunes-el-dia-internacional-de-las-mujeres-y-las-ninas-en-la-ciencia-con-una-charla-sobre-inteligencia-artificial-y-feminismo\\\/#primaryimage\"},\"thumbnailUrl\":\"https:\\\/\\\/www.laguiadepamplona.com\\\/actualidad\\\/wp-content\\\/uploads\\\/2023\\\/02\\\/cartel-dia-internacional-mujer-ninas-ciencia.webp\",\"datePublished\":\"2023-02-09T17:02:01+00:00\",\"dateModified\":\"2023-04-11T09:47:13+00:00\",\"description\":\"La sesi\u00f3n la impartir\u00e1 la directora de comunicaci\u00f3n digital de la Universidad de Deusto, Lorena Fern\u00e1ndez \u00c1lvarez, a las 18 horas en Civican\",\"breadcrumb\":{\"@id\":\"https:\\\/\\\/www.laguiadepamplona.com\\\/actualidad\\\/pamplona-celebra-el-lunes-el-dia-internacional-de-las-mujeres-y-las-ninas-en-la-ciencia-con-una-charla-sobre-inteligencia-artificial-y-feminismo\\\/#breadcrumb\"},\"inLanguage\":\"es\",\"potentialAction\":[{\"@type\":\"ReadAction\",\"target\":[\"https:\\\/\\\/www.laguiadepamplona.com\\\/actualidad\\\/pamplona-celebra-el-lunes-el-dia-internacional-de-las-mujeres-y-las-ninas-en-la-ciencia-con-una-charla-sobre-inteligencia-artificial-y-feminismo\\\/\"]}]},{\"@type\":\"ImageObject\",\"inLanguage\":\"es\",\"@id\":\"https:\\\/\\\/www.laguiadepamplona.com\\\/actualidad\\\/pamplona-celebra-el-lunes-el-dia-internacional-de-las-mujeres-y-las-ninas-en-la-ciencia-con-una-charla-sobre-inteligencia-artificial-y-feminismo\\\/#primaryimage\",\"url\":\"https:\\\/\\\/www.laguiadepamplona.com\\\/actualidad\\\/wp-content\\\/uploads\\\/2023\\\/02\\\/cartel-dia-internacional-mujer-ninas-ciencia.webp\",\"contentUrl\":\"https:\\\/\\\/www.laguiadepamplona.com\\\/actualidad\\\/wp-content\\\/uploads\\\/2023\\\/02\\\/cartel-dia-internacional-mujer-ninas-ciencia.webp\",\"width\":1080,\"height\":1080},{\"@type\":\"BreadcrumbList\",\"@id\":\"https:\\\/\\\/www.laguiadepamplona.com\\\/actualidad\\\/pamplona-celebra-el-lunes-el-dia-internacional-de-las-mujeres-y-las-ninas-en-la-ciencia-con-una-charla-sobre-inteligencia-artificial-y-feminismo\\\/#breadcrumb\",\"itemListElement\":[{\"@type\":\"ListItem\",\"position\":1,\"name\":\"Portada\",\"item\":\"https:\\\/\\\/www.laguiadepamplona.com\\\/actualidad\\\/\"},{\"@type\":\"ListItem\",\"position\":2,\"name\":\"Pamplona celebra el lunes el D\u00eda Internacional de las Mujeres y las Ni\u00f1as en la Ciencia con una charla sobre \u2018inteligencia artificial y feminismo\u2019\"}]},{\"@type\":\"WebSite\",\"@id\":\"https:\\\/\\\/www.laguiadepamplona.com\\\/actualidad\\\/#website\",\"url\":\"https:\\\/\\\/www.laguiadepamplona.com\\\/actualidad\\\/\",\"name\":\"La gu\u00eda de Pamplona\",\"description\":\"Noticias de Pamplona\",\"publisher\":{\"@id\":\"https:\\\/\\\/www.laguiadepamplona.com\\\/actualidad\\\/#organization\"},\"potentialAction\":[{\"@type\":\"SearchAction\",\"target\":{\"@type\":\"EntryPoint\",\"urlTemplate\":\"https:\\\/\\\/www.laguiadepamplona.com\\\/actualidad\\\/?s={search_term_string}\"},\"query-input\":{\"@type\":\"PropertyValueSpecification\",\"valueRequired\":true,\"valueName\":\"search_term_string\"}}],\"inLanguage\":\"es\"},{\"@type\":\"Organization\",\"@id\":\"https:\\\/\\\/www.laguiadepamplona.com\\\/actualidad\\\/#organization\",\"name\":\"La Gu\u00eda de Pamplona \\\/ Noticias\",\"url\":\"https:\\\/\\\/www.laguiadepamplona.com\\\/actualidad\\\/\",\"logo\":{\"@type\":\"ImageObject\",\"inLanguage\":\"es\",\"@id\":\"https:\\\/\\\/www.laguiadepamplona.com\\\/actualidad\\\/#\\\/schema\\\/logo\\\/image\\\/\",\"url\":\"https:\\\/\\\/www.laguiadepamplona.com\\\/actualidad\\\/wp-content\\\/uploads\\\/2018\\\/11\\\/logo-laguiadepamplona18-web1.png\",\"contentUrl\":\"https:\\\/\\\/www.laguiadepamplona.com\\\/actualidad\\\/wp-content\\\/uploads\\\/2018\\\/11\\\/logo-laguiadepamplona18-web1.png\",\"width\":600,\"height\":196,\"caption\":\"La Gu\u00eda de Pamplona \\\/ Noticias\"},\"image\":{\"@id\":\"https:\\\/\\\/www.laguiadepamplona.com\\\/actualidad\\\/#\\\/schema\\\/logo\\\/image\\\/\"},\"sameAs\":[\"https:\\\/\\\/www.facebook.com\\\/laguiadepamplonacom-133175176762273\\\/?ref=hl\",\"https:\\\/\\\/x.com\\\/LaGuiadPamplona\",\"https:\\\/\\\/www.instagram.com\\\/la_guia_de_pamplona\\\/\",\"https:\\\/\\\/www.youtube.com\\\/user\\\/laguiadepamplona\"]},{\"@type\":\"Person\",\"@id\":\"https:\\\/\\\/www.laguiadepamplona.com\\\/actualidad\\\/#\\\/schema\\\/person\\\/efe887376f0213d4657c93adc50b1fdb\",\"name\":\"La Gu\u00eda de Pamplona\",\"image\":{\"@type\":\"ImageObject\",\"inLanguage\":\"es\",\"@id\":\"https:\\\/\\\/secure.gravatar.com\\\/avatar\\\/b6992f131dc8d30ab0dff15446e9d346d9dbd95992de0fef795073f5ea83a81c?s=96&d=mm&r=g\",\"url\":\"https:\\\/\\\/secure.gravatar.com\\\/avatar\\\/b6992f131dc8d30ab0dff15446e9d346d9dbd95992de0fef795073f5ea83a81c?s=96&d=mm&r=g\",\"contentUrl\":\"https:\\\/\\\/secure.gravatar.com\\\/avatar\\\/b6992f131dc8d30ab0dff15446e9d346d9dbd95992de0fef795073f5ea83a81c?s=96&d=mm&r=g\",\"caption\":\"La Gu\u00eda de Pamplona\"}}]}<\/script>\n<!-- \/ Yoast SEO plugin. -->","yoast_head_json":{"title":"Pamplona celebra el lunes el D\u00eda Internacional de las Mujeres y las Ni\u00f1as en la Ciencia con una charla sobre \u2018inteligencia artificial y feminismo\u2019","description":"La sesi\u00f3n la impartir\u00e1 la directora de comunicaci\u00f3n digital de la Universidad de Deusto, Lorena Fern\u00e1ndez \u00c1lvarez, a las 18 horas en Civican","robots":{"index":"index","follow":"follow","max-snippet":"max-snippet:-1","max-image-preview":"max-image-preview:large","max-video-preview":"max-video-preview:-1"},"canonical":"https:\/\/www.laguiadepamplona.com\/actualidad\/pamplona-celebra-el-lunes-el-dia-internacional-de-las-mujeres-y-las-ninas-en-la-ciencia-con-una-charla-sobre-inteligencia-artificial-y-feminismo\/","og_locale":"es_ES","og_type":"article","og_title":"Pamplona celebra el lunes el D\u00eda Internacional de las Mujeres y las Ni\u00f1as en la Ciencia con una charla sobre \u2018inteligencia artificial y feminismo\u2019","og_description":"La sesi\u00f3n la impartir\u00e1 la directora de comunicaci\u00f3n digital de la Universidad de Deusto, Lorena Fern\u00e1ndez \u00c1lvarez, a las 18 horas en Civican","og_url":"https:\/\/www.laguiadepamplona.com\/actualidad\/pamplona-celebra-el-lunes-el-dia-internacional-de-las-mujeres-y-las-ninas-en-la-ciencia-con-una-charla-sobre-inteligencia-artificial-y-feminismo\/","og_site_name":"La Gu\u00eda de Pamplona","article_publisher":"https:\/\/www.facebook.com\/laguiadepamplonacom-133175176762273\/?ref=hl","article_published_time":"2023-02-09T17:02:01+00:00","article_modified_time":"2023-04-11T09:47:13+00:00","og_image":[{"width":1080,"height":1080,"url":"https:\/\/www.laguiadepamplona.com\/actualidad\/wp-content\/uploads\/2023\/02\/cartel-dia-internacional-mujer-ninas-ciencia.webp","type":"image\/webp"}],"author":"La Gu\u00eda de Pamplona","twitter_card":"summary_large_image","twitter_creator":"@LaGuiadPamplona","twitter_site":"@LaGuiadPamplona","twitter_misc":{"Escrito por":"La Gu\u00eda de Pamplona","Tiempo de lectura":"2 minutos"},"schema":{"@context":"https:\/\/schema.org","@graph":[{"@type":"Article","@id":"https:\/\/www.laguiadepamplona.com\/actualidad\/pamplona-celebra-el-lunes-el-dia-internacional-de-las-mujeres-y-las-ninas-en-la-ciencia-con-una-charla-sobre-inteligencia-artificial-y-feminismo\/#article","isPartOf":{"@id":"https:\/\/www.laguiadepamplona.com\/actualidad\/pamplona-celebra-el-lunes-el-dia-internacional-de-las-mujeres-y-las-ninas-en-la-ciencia-con-una-charla-sobre-inteligencia-artificial-y-feminismo\/"},"author":{"name":"La Gu\u00eda de Pamplona","@id":"https:\/\/www.laguiadepamplona.com\/actualidad\/#\/schema\/person\/efe887376f0213d4657c93adc50b1fdb"},"headline":"Pamplona celebra el lunes el D\u00eda Internacional de las Mujeres y las Ni\u00f1as en la Ciencia con una charla sobre \u2018inteligencia artificial y feminismo\u2019","datePublished":"2023-02-09T17:02:01+00:00","dateModified":"2023-04-11T09:47:13+00:00","mainEntityOfPage":{"@id":"https:\/\/www.laguiadepamplona.com\/actualidad\/pamplona-celebra-el-lunes-el-dia-internacional-de-las-mujeres-y-las-ninas-en-la-ciencia-con-una-charla-sobre-inteligencia-artificial-y-feminismo\/"},"wordCount":307,"commentCount":0,"publisher":{"@id":"https:\/\/www.laguiadepamplona.com\/actualidad\/#organization"},"image":{"@id":"https:\/\/www.laguiadepamplona.com\/actualidad\/pamplona-celebra-el-lunes-el-dia-internacional-de-las-mujeres-y-las-ninas-en-la-ciencia-con-una-charla-sobre-inteligencia-artificial-y-feminismo\/#primaryimage"},"thumbnailUrl":"https:\/\/www.laguiadepamplona.com\/actualidad\/wp-content\/uploads\/2023\/02\/cartel-dia-internacional-mujer-ninas-ciencia.webp","articleSection":["Ayto Pamplona"],"inLanguage":"es","potentialAction":[{"@type":"CommentAction","name":"Comment","target":["https:\/\/www.laguiadepamplona.com\/actualidad\/pamplona-celebra-el-lunes-el-dia-internacional-de-las-mujeres-y-las-ninas-en-la-ciencia-con-una-charla-sobre-inteligencia-artificial-y-feminismo\/#respond"]}]},{"@type":"WebPage","@id":"https:\/\/www.laguiadepamplona.com\/actualidad\/pamplona-celebra-el-lunes-el-dia-internacional-de-las-mujeres-y-las-ninas-en-la-ciencia-con-una-charla-sobre-inteligencia-artificial-y-feminismo\/","url":"https:\/\/www.laguiadepamplona.com\/actualidad\/pamplona-celebra-el-lunes-el-dia-internacional-de-las-mujeres-y-las-ninas-en-la-ciencia-con-una-charla-sobre-inteligencia-artificial-y-feminismo\/","name":"Pamplona celebra el lunes el D\u00eda Internacional de las Mujeres y las Ni\u00f1as en la Ciencia con una charla sobre \u2018inteligencia artificial y feminismo\u2019","isPartOf":{"@id":"https:\/\/www.laguiadepamplona.com\/actualidad\/#website"},"primaryImageOfPage":{"@id":"https:\/\/www.laguiadepamplona.com\/actualidad\/pamplona-celebra-el-lunes-el-dia-internacional-de-las-mujeres-y-las-ninas-en-la-ciencia-con-una-charla-sobre-inteligencia-artificial-y-feminismo\/#primaryimage"},"image":{"@id":"https:\/\/www.laguiadepamplona.com\/actualidad\/pamplona-celebra-el-lunes-el-dia-internacional-de-las-mujeres-y-las-ninas-en-la-ciencia-con-una-charla-sobre-inteligencia-artificial-y-feminismo\/#primaryimage"},"thumbnailUrl":"https:\/\/www.laguiadepamplona.com\/actualidad\/wp-content\/uploads\/2023\/02\/cartel-dia-internacional-mujer-ninas-ciencia.webp","datePublished":"2023-02-09T17:02:01+00:00","dateModified":"2023-04-11T09:47:13+00:00","description":"La sesi\u00f3n la impartir\u00e1 la directora de comunicaci\u00f3n digital de la Universidad de Deusto, Lorena Fern\u00e1ndez \u00c1lvarez, a las 18 horas en Civican","breadcrumb":{"@id":"https:\/\/www.laguiadepamplona.com\/actualidad\/pamplona-celebra-el-lunes-el-dia-internacional-de-las-mujeres-y-las-ninas-en-la-ciencia-con-una-charla-sobre-inteligencia-artificial-y-feminismo\/#breadcrumb"},"inLanguage":"es","potentialAction":[{"@type":"ReadAction","target":["https:\/\/www.laguiadepamplona.com\/actualidad\/pamplona-celebra-el-lunes-el-dia-internacional-de-las-mujeres-y-las-ninas-en-la-ciencia-con-una-charla-sobre-inteligencia-artificial-y-feminismo\/"]}]},{"@type":"ImageObject","inLanguage":"es","@id":"https:\/\/www.laguiadepamplona.com\/actualidad\/pamplona-celebra-el-lunes-el-dia-internacional-de-las-mujeres-y-las-ninas-en-la-ciencia-con-una-charla-sobre-inteligencia-artificial-y-feminismo\/#primaryimage","url":"https:\/\/www.laguiadepamplona.com\/actualidad\/wp-content\/uploads\/2023\/02\/cartel-dia-internacional-mujer-ninas-ciencia.webp","contentUrl":"https:\/\/www.laguiadepamplona.com\/actualidad\/wp-content\/uploads\/2023\/02\/cartel-dia-internacional-mujer-ninas-ciencia.webp","width":1080,"height":1080},{"@type":"BreadcrumbList","@id":"https:\/\/www.laguiadepamplona.com\/actualidad\/pamplona-celebra-el-lunes-el-dia-internacional-de-las-mujeres-y-las-ninas-en-la-ciencia-con-una-charla-sobre-inteligencia-artificial-y-feminismo\/#breadcrumb","itemListElement":[{"@type":"ListItem","position":1,"name":"Portada","item":"https:\/\/www.laguiadepamplona.com\/actualidad\/"},{"@type":"ListItem","position":2,"name":"Pamplona celebra el lunes el D\u00eda Internacional de las Mujeres y las Ni\u00f1as en la Ciencia con una charla sobre \u2018inteligencia artificial y feminismo\u2019"}]},{"@type":"WebSite","@id":"https:\/\/www.laguiadepamplona.com\/actualidad\/#website","url":"https:\/\/www.laguiadepamplona.com\/actualidad\/","name":"La gu\u00eda de Pamplona","description":"Noticias de Pamplona","publisher":{"@id":"https:\/\/www.laguiadepamplona.com\/actualidad\/#organization"},"potentialAction":[{"@type":"SearchAction","target":{"@type":"EntryPoint","urlTemplate":"https:\/\/www.laguiadepamplona.com\/actualidad\/?s={search_term_string}"},"query-input":{"@type":"PropertyValueSpecification","valueRequired":true,"valueName":"search_term_string"}}],"inLanguage":"es"},{"@type":"Organization","@id":"https:\/\/www.laguiadepamplona.com\/actualidad\/#organization","name":"La Gu\u00eda de Pamplona \/ Noticias","url":"https:\/\/www.laguiadepamplona.com\/actualidad\/","logo":{"@type":"ImageObject","inLanguage":"es","@id":"https:\/\/www.laguiadepamplona.com\/actualidad\/#\/schema\/logo\/image\/","url":"https:\/\/www.laguiadepamplona.com\/actualidad\/wp-content\/uploads\/2018\/11\/logo-laguiadepamplona18-web1.png","contentUrl":"https:\/\/www.laguiadepamplona.com\/actualidad\/wp-content\/uploads\/2018\/11\/logo-laguiadepamplona18-web1.png","width":600,"height":196,"caption":"La Gu\u00eda de Pamplona \/ Noticias"},"image":{"@id":"https:\/\/www.laguiadepamplona.com\/actualidad\/#\/schema\/logo\/image\/"},"sameAs":["https:\/\/www.facebook.com\/laguiadepamplonacom-133175176762273\/?ref=hl","https:\/\/x.com\/LaGuiadPamplona","https:\/\/www.instagram.com\/la_guia_de_pamplona\/","https:\/\/www.youtube.com\/user\/laguiadepamplona"]},{"@type":"Person","@id":"https:\/\/www.laguiadepamplona.com\/actualidad\/#\/schema\/person\/efe887376f0213d4657c93adc50b1fdb","name":"La Gu\u00eda de Pamplona","image":{"@type":"ImageObject","inLanguage":"es","@id":"https:\/\/secure.gravatar.com\/avatar\/b6992f131dc8d30ab0dff15446e9d346d9dbd95992de0fef795073f5ea83a81c?s=96&d=mm&r=g","url":"https:\/\/secure.gravatar.com\/avatar\/b6992f131dc8d30ab0dff15446e9d346d9dbd95992de0fef795073f5ea83a81c?s=96&d=mm&r=g","contentUrl":"https:\/\/secure.gravatar.com\/avatar\/b6992f131dc8d30ab0dff15446e9d346d9dbd95992de0fef795073f5ea83a81c?s=96&d=mm&r=g","caption":"La Gu\u00eda de Pamplona"}}]}},"post_mailing_queue_ids":[],"_links":{"self":[{"href":"https:\/\/www.laguiadepamplona.com\/actualidad\/wp-json\/wp\/v2\/posts\/42829","targetHints":{"allow":["GET"]}}],"collection":[{"href":"https:\/\/www.laguiadepamplona.com\/actualidad\/wp-json\/wp\/v2\/posts"}],"about":[{"href":"https:\/\/www.laguiadepamplona.com\/actualidad\/wp-json\/wp\/v2\/types\/post"}],"author":[{"embeddable":true,"href":"https:\/\/www.laguiadepamplona.com\/actualidad\/wp-json\/wp\/v2\/users\/1"}],"replies":[{"embeddable":true,"href":"https:\/\/www.laguiadepamplona.com\/actualidad\/wp-json\/wp\/v2\/comments?post=42829"}],"version-history":[{"count":0,"href":"https:\/\/www.laguiadepamplona.com\/actualidad\/wp-json\/wp\/v2\/posts\/42829\/revisions"}],"wp:featuredmedia":[{"embeddable":true,"href":"https:\/\/www.laguiadepamplona.com\/actualidad\/wp-json\/wp\/v2\/media\/42830"}],"wp:attachment":[{"href":"https:\/\/www.laguiadepamplona.com\/actualidad\/wp-json\/wp\/v2\/media?parent=42829"}],"wp:term":[{"taxonomy":"category","embeddable":true,"href":"https:\/\/www.laguiadepamplona.com\/actualidad\/wp-json\/wp\/v2\/categories?post=42829"},{"taxonomy":"post_tag","embeddable":true,"href":"https:\/\/www.laguiadepamplona.com\/actualidad\/wp-json\/wp\/v2\/tags?post=42829"}],"curies":[{"name":"wp","href":"https:\/\/api.w.org\/{rel}","templated":true}]}}