{"id":42826,"date":"2023-02-09T19:00:13","date_gmt":"2023-02-09T17:00:13","guid":{"rendered":"https:\/\/www.laguiadepamplona.com\/actualidad\/?p=42826"},"modified":"2023-04-11T11:47:13","modified_gmt":"2023-04-11T09:47:13","slug":"85-ninos-y-ninas-participan-en-los-grupos-mixtos-de-futbol-y-futbol-sala-que-la-fundacion-osasuna-desarrolla-cada-semana-con-el-programa-coworkids","status":"publish","type":"post","link":"https:\/\/www.laguiadepamplona.com\/actualidad\/85-ninos-y-ninas-participan-en-los-grupos-mixtos-de-futbol-y-futbol-sala-que-la-fundacion-osasuna-desarrolla-cada-semana-con-el-programa-coworkids\/","title":{"rendered":"85 ni\u00f1os y ni\u00f1as participan en los grupos mixtos de f\u00fatbol y f\u00fatbol sala que la Fundaci\u00f3n Osasuna desarrolla cada semana con el programa COworkids"},"content":{"rendered":"<h5>La campa\u00f1a \u2018Regala Pamplona\u2019, protagonizada por futbolistas de Osasuna, logr\u00f3 m\u00e1s de 300.000 reproducciones en las redes sociales municipales<\/h5>\n<p><!--more--><\/p>\n<p>Los barrios de Milagrosa, Rochapea, Lezkairu y Etxabakoitz ofrecen dentro de la programaci\u00f3n de COworkids las actividades gratuitas de f\u00fatbol y f\u00fatbol sala impartidas por monitores de la Fundaci\u00f3n Osasuna. M\u00e1s de 85 ni\u00f1os y ni\u00f1as est\u00e1n participando en los diferentes grupos mixtos que se han organizado cada semana. COworkids se plantea crear un nuevo grupo en el barrio de San Jorge, donde hay una gran demanda de esta actividad.<br \/>\n<script async src=\"\/\/pagead2.googlesyndication.com\/pagead\/js\/adsbygoogle.js\"><\/script><br \/>\n<!-- Noticias La Guia de Pamplona --><br \/>\n<ins class=\"adsbygoogle\"\nstyle=\"display:block\"\ndata-ad-client=\"ca-pub-6943679897239327\"\ndata-ad-slot=\"7048180777\"\ndata-ad-format=\"auto\"><\/ins><br \/>\n<script>\n(adsbygoogle = window.adsbygoogle || []).push({});\n<\/script><\/p>\n<p>Cada grupo est\u00e1 compuesto por un m\u00e1ximo de 22 ni\u00f1os y ni\u00f1as, de edades entre comprendidas entre los 8 y 14 a\u00f1os. Desde el programa COworkids se potencian los m\u00faltiples beneficios del f\u00fatbol para el desarrollo f\u00edsico y psicol\u00f3gico de ni\u00f1os, ni\u00f1as y adolescentes. Adquieren valores, se potencia el esp\u00edritu de superaci\u00f3n y sacrificio y se aporta disciplina o capacidad de trabajar en grupo. La pr\u00e1ctica deportiva, en este caso el f\u00fatbol, ayuda a los ni\u00f1os y las ni\u00f1as a socializar, a pas\u00e1rselo bien haciendo deporte con nuevas amistades y a tolerar la frustraci\u00f3n.<\/p>\n<p>Estos datos se han dado a conocer en una nueva reuni\u00f3n de la comisi\u00f3n de seguimiento del contrato de patrocinio firmado por el Ayuntamiento de Pamplona y el C.A. Osasuna para la promoci\u00f3n de la imagen de la ciudad y de los valores del deporte.<br \/>\n<script async src=\"\/\/pagead2.googlesyndication.com\/pagead\/js\/adsbygoogle.js\"><\/script><br \/>\n<!-- Noticias La Guia de Pamplona --><br \/>\n<ins class=\"adsbygoogle\"\nstyle=\"display:block\"\ndata-ad-client=\"ca-pub-6943679897239327\"\ndata-ad-slot=\"7048180777\"\ndata-ad-format=\"auto\"><\/ins><br \/>\n<script>\n(adsbygoogle = window.adsbygoogle || []).push({});\n<\/script><\/p>\n<p><strong>Impacto de la campa\u00f1a \u2018Regala Pamplona\u2019 con integrantes de equipos de Osasuna<\/strong><\/p>\n<p>La comisi\u00f3n de seguimiento tambi\u00e9n ha analizado la participaci\u00f3n del C.A. Osasuna en la campa\u00f1a \u2018Regala Pamplona\u2019, que durante las fechas navide\u00f1as incentiv\u00f3 y anim\u00f3 a las compras en el comercio local. M\u00e1s de 400 establecimientos se sumaron a la campa\u00f1a financiada a trav\u00e9s de los fondos europeos Next Generation EU a trav\u00e9s del Plan de Recuperaci\u00f3n, Transformaci\u00f3n y Resiliencia (PRTR) del Gobierno de Espa\u00f1a.<\/p>\n<p>Los diez v\u00eddeos elaborados para la campa\u00f1a, y protagonizados por jugadores y jugadoras de diferentes equipos del C.A. Osasuna, generaron m\u00e1s de 300.000 reproducciones en las cuentas oficiales del Ayuntamiento de Pamplona en Instagram, Twitter y Facebook. En Instagram, a las m\u00e1s de 200.000 reproducciones, se suma el impacto de las stories, con una media de 2.000 visualizaciones por cada v\u00eddeo. El v\u00eddeo m\u00e1s viral fue el de Rub\u00e9n Garc\u00eda, que super\u00f3 las 110.000 reproducciones. En Twitter se a\u00f1adieron 20.000 impactos reales m\u00e1s y en Facebook, m\u00e1s de 50.000.<br \/>\n<script async src=\"\/\/pagead2.googlesyndication.com\/pagead\/js\/adsbygoogle.js\"><\/script><br \/>\n<!-- Noticias La Guia de Pamplona --><br \/>\n<ins class=\"adsbygoogle\"\nstyle=\"display:block\"\ndata-ad-client=\"ca-pub-6943679897239327\"\ndata-ad-slot=\"7048180777\"\ndata-ad-format=\"auto\"><\/ins><br \/>\n<script>\n(adsbygoogle = window.adsbygoogle || []).push({});\n<\/script><\/p>\n<p>Los datos se corresponden \u00fanicamente con los perfiles municipales en redes sociales. Los materiales promocionales de la campa\u00f1a se facilitaron tambi\u00e9n a los establecimientos participantes, a las asociaciones de comerciantes y a los medios de comunicaci\u00f3n, que han publicado los contenidos en sus propios perfiles, con la consiguiente multiplicaci\u00f3n del impacto de la campa\u00f1a.<\/p>\n","protected":false},"excerpt":{"rendered":"<p>La campa\u00f1a \u2018Regala Pamplona\u2019, protagonizada por futbolistas de Osasuna, logr\u00f3 m\u00e1s de 300.000 reproducciones en las redes sociales municipales<\/p>\n","protected":false},"author":1,"featured_media":42827,"comment_status":"open","ping_status":"closed","sticky":false,"template":"","format":"standard","meta":{"footnotes":""},"categories":[2],"tags":[],"class_list":["post-42826","post","type-post","status-publish","format-standard","has-post-thumbnail","hentry","category-ayuntamiento-pamplona"],"yoast_head":"<!-- This site is optimized with the Yoast SEO plugin v27.3 - https:\/\/yoast.com\/product\/yoast-seo-wordpress\/ -->\n<title>85 ni\u00f1os y ni\u00f1as participan en los grupos mixtos de f\u00fatbol y f\u00fatbol sala que la Fundaci\u00f3n Osasuna desarrolla cada semana con el programa COworkids<\/title>\n<meta name=\"description\" content=\"La campa\u00f1a \u2018Regala Pamplona\u2019, protagonizada por futbolistas de Osasuna, logr\u00f3 m\u00e1s de 300.000 reproducciones en las redes sociales municipales\" \/>\n<meta name=\"robots\" content=\"index, follow, max-snippet:-1, max-image-preview:large, max-video-preview:-1\" \/>\n<link rel=\"canonical\" href=\"https:\/\/www.laguiadepamplona.com\/actualidad\/85-ninos-y-ninas-participan-en-los-grupos-mixtos-de-futbol-y-futbol-sala-que-la-fundacion-osasuna-desarrolla-cada-semana-con-el-programa-coworkids\/\" \/>\n<meta property=\"og:locale\" content=\"es_ES\" \/>\n<meta property=\"og:type\" content=\"article\" \/>\n<meta property=\"og:title\" content=\"85 ni\u00f1os y ni\u00f1as participan en los grupos mixtos de f\u00fatbol y f\u00fatbol sala que la Fundaci\u00f3n Osasuna desarrolla cada semana con el programa COworkids\" \/>\n<meta property=\"og:description\" content=\"La campa\u00f1a \u2018Regala Pamplona\u2019, protagonizada por futbolistas de Osasuna, logr\u00f3 m\u00e1s de 300.000 reproducciones en las redes sociales municipales\" \/>\n<meta property=\"og:url\" content=\"https:\/\/www.laguiadepamplona.com\/actualidad\/85-ninos-y-ninas-participan-en-los-grupos-mixtos-de-futbol-y-futbol-sala-que-la-fundacion-osasuna-desarrolla-cada-semana-con-el-programa-coworkids\/\" \/>\n<meta property=\"og:site_name\" content=\"La Gu\u00eda de Pamplona\" \/>\n<meta property=\"article:publisher\" content=\"https:\/\/www.facebook.com\/laguiadepamplonacom-133175176762273\/?ref=hl\" \/>\n<meta property=\"article:published_time\" content=\"2023-02-09T17:00:13+00:00\" \/>\n<meta property=\"article:modified_time\" content=\"2023-04-11T09:47:13+00:00\" \/>\n<meta property=\"og:image\" content=\"https:\/\/www.laguiadepamplona.com\/actualidad\/wp-content\/uploads\/2023\/02\/FUTBOL-ROCHA-infantil_EE5A4480.webp\" \/>\n\t<meta property=\"og:image:width\" content=\"1920\" \/>\n\t<meta property=\"og:image:height\" content=\"1281\" \/>\n\t<meta property=\"og:image:type\" content=\"image\/webp\" \/>\n<meta name=\"author\" content=\"La Gu\u00eda de Pamplona\" \/>\n<meta name=\"twitter:card\" content=\"summary_large_image\" \/>\n<meta name=\"twitter:creator\" content=\"@LaGuiadPamplona\" \/>\n<meta name=\"twitter:site\" content=\"@LaGuiadPamplona\" \/>\n<meta name=\"twitter:label1\" content=\"Escrito por\" \/>\n\t<meta name=\"twitter:data1\" content=\"La Gu\u00eda de Pamplona\" \/>\n\t<meta name=\"twitter:label2\" content=\"Tiempo de lectura\" \/>\n\t<meta name=\"twitter:data2\" content=\"3 minutos\" \/>\n<script type=\"application\/ld+json\" class=\"yoast-schema-graph\">{\"@context\":\"https:\\\/\\\/schema.org\",\"@graph\":[{\"@type\":\"Article\",\"@id\":\"https:\\\/\\\/www.laguiadepamplona.com\\\/actualidad\\\/85-ninos-y-ninas-participan-en-los-grupos-mixtos-de-futbol-y-futbol-sala-que-la-fundacion-osasuna-desarrolla-cada-semana-con-el-programa-coworkids\\\/#article\",\"isPartOf\":{\"@id\":\"https:\\\/\\\/www.laguiadepamplona.com\\\/actualidad\\\/85-ninos-y-ninas-participan-en-los-grupos-mixtos-de-futbol-y-futbol-sala-que-la-fundacion-osasuna-desarrolla-cada-semana-con-el-programa-coworkids\\\/\"},\"author\":{\"name\":\"La Gu\u00eda de Pamplona\",\"@id\":\"https:\\\/\\\/www.laguiadepamplona.com\\\/actualidad\\\/#\\\/schema\\\/person\\\/efe887376f0213d4657c93adc50b1fdb\"},\"headline\":\"85 ni\u00f1os y ni\u00f1as participan en los grupos mixtos de f\u00fatbol y f\u00fatbol sala que la Fundaci\u00f3n Osasuna desarrolla cada semana con el programa COworkids\",\"datePublished\":\"2023-02-09T17:00:13+00:00\",\"dateModified\":\"2023-04-11T09:47:13+00:00\",\"mainEntityOfPage\":{\"@id\":\"https:\\\/\\\/www.laguiadepamplona.com\\\/actualidad\\\/85-ninos-y-ninas-participan-en-los-grupos-mixtos-de-futbol-y-futbol-sala-que-la-fundacion-osasuna-desarrolla-cada-semana-con-el-programa-coworkids\\\/\"},\"wordCount\":529,\"commentCount\":0,\"publisher\":{\"@id\":\"https:\\\/\\\/www.laguiadepamplona.com\\\/actualidad\\\/#organization\"},\"image\":{\"@id\":\"https:\\\/\\\/www.laguiadepamplona.com\\\/actualidad\\\/85-ninos-y-ninas-participan-en-los-grupos-mixtos-de-futbol-y-futbol-sala-que-la-fundacion-osasuna-desarrolla-cada-semana-con-el-programa-coworkids\\\/#primaryimage\"},\"thumbnailUrl\":\"https:\\\/\\\/www.laguiadepamplona.com\\\/actualidad\\\/wp-content\\\/uploads\\\/2023\\\/02\\\/FUTBOL-ROCHA-infantil_EE5A4480.webp\",\"articleSection\":[\"Ayto Pamplona\"],\"inLanguage\":\"es\",\"potentialAction\":[{\"@type\":\"CommentAction\",\"name\":\"Comment\",\"target\":[\"https:\\\/\\\/www.laguiadepamplona.com\\\/actualidad\\\/85-ninos-y-ninas-participan-en-los-grupos-mixtos-de-futbol-y-futbol-sala-que-la-fundacion-osasuna-desarrolla-cada-semana-con-el-programa-coworkids\\\/#respond\"]}]},{\"@type\":\"WebPage\",\"@id\":\"https:\\\/\\\/www.laguiadepamplona.com\\\/actualidad\\\/85-ninos-y-ninas-participan-en-los-grupos-mixtos-de-futbol-y-futbol-sala-que-la-fundacion-osasuna-desarrolla-cada-semana-con-el-programa-coworkids\\\/\",\"url\":\"https:\\\/\\\/www.laguiadepamplona.com\\\/actualidad\\\/85-ninos-y-ninas-participan-en-los-grupos-mixtos-de-futbol-y-futbol-sala-que-la-fundacion-osasuna-desarrolla-cada-semana-con-el-programa-coworkids\\\/\",\"name\":\"85 ni\u00f1os y ni\u00f1as participan en los grupos mixtos de f\u00fatbol y f\u00fatbol sala que la Fundaci\u00f3n Osasuna desarrolla cada semana con el programa COworkids\",\"isPartOf\":{\"@id\":\"https:\\\/\\\/www.laguiadepamplona.com\\\/actualidad\\\/#website\"},\"primaryImageOfPage\":{\"@id\":\"https:\\\/\\\/www.laguiadepamplona.com\\\/actualidad\\\/85-ninos-y-ninas-participan-en-los-grupos-mixtos-de-futbol-y-futbol-sala-que-la-fundacion-osasuna-desarrolla-cada-semana-con-el-programa-coworkids\\\/#primaryimage\"},\"image\":{\"@id\":\"https:\\\/\\\/www.laguiadepamplona.com\\\/actualidad\\\/85-ninos-y-ninas-participan-en-los-grupos-mixtos-de-futbol-y-futbol-sala-que-la-fundacion-osasuna-desarrolla-cada-semana-con-el-programa-coworkids\\\/#primaryimage\"},\"thumbnailUrl\":\"https:\\\/\\\/www.laguiadepamplona.com\\\/actualidad\\\/wp-content\\\/uploads\\\/2023\\\/02\\\/FUTBOL-ROCHA-infantil_EE5A4480.webp\",\"datePublished\":\"2023-02-09T17:00:13+00:00\",\"dateModified\":\"2023-04-11T09:47:13+00:00\",\"description\":\"La campa\u00f1a \u2018Regala Pamplona\u2019, protagonizada por futbolistas de Osasuna, logr\u00f3 m\u00e1s de 300.000 reproducciones en las redes sociales municipales\",\"breadcrumb\":{\"@id\":\"https:\\\/\\\/www.laguiadepamplona.com\\\/actualidad\\\/85-ninos-y-ninas-participan-en-los-grupos-mixtos-de-futbol-y-futbol-sala-que-la-fundacion-osasuna-desarrolla-cada-semana-con-el-programa-coworkids\\\/#breadcrumb\"},\"inLanguage\":\"es\",\"potentialAction\":[{\"@type\":\"ReadAction\",\"target\":[\"https:\\\/\\\/www.laguiadepamplona.com\\\/actualidad\\\/85-ninos-y-ninas-participan-en-los-grupos-mixtos-de-futbol-y-futbol-sala-que-la-fundacion-osasuna-desarrolla-cada-semana-con-el-programa-coworkids\\\/\"]}]},{\"@type\":\"ImageObject\",\"inLanguage\":\"es\",\"@id\":\"https:\\\/\\\/www.laguiadepamplona.com\\\/actualidad\\\/85-ninos-y-ninas-participan-en-los-grupos-mixtos-de-futbol-y-futbol-sala-que-la-fundacion-osasuna-desarrolla-cada-semana-con-el-programa-coworkids\\\/#primaryimage\",\"url\":\"https:\\\/\\\/www.laguiadepamplona.com\\\/actualidad\\\/wp-content\\\/uploads\\\/2023\\\/02\\\/FUTBOL-ROCHA-infantil_EE5A4480.webp\",\"contentUrl\":\"https:\\\/\\\/www.laguiadepamplona.com\\\/actualidad\\\/wp-content\\\/uploads\\\/2023\\\/02\\\/FUTBOL-ROCHA-infantil_EE5A4480.webp\",\"width\":1920,\"height\":1281},{\"@type\":\"BreadcrumbList\",\"@id\":\"https:\\\/\\\/www.laguiadepamplona.com\\\/actualidad\\\/85-ninos-y-ninas-participan-en-los-grupos-mixtos-de-futbol-y-futbol-sala-que-la-fundacion-osasuna-desarrolla-cada-semana-con-el-programa-coworkids\\\/#breadcrumb\",\"itemListElement\":[{\"@type\":\"ListItem\",\"position\":1,\"name\":\"Portada\",\"item\":\"https:\\\/\\\/www.laguiadepamplona.com\\\/actualidad\\\/\"},{\"@type\":\"ListItem\",\"position\":2,\"name\":\"85 ni\u00f1os y ni\u00f1as participan en los grupos mixtos de f\u00fatbol y f\u00fatbol sala que la Fundaci\u00f3n Osasuna desarrolla cada semana con el programa COworkids\"}]},{\"@type\":\"WebSite\",\"@id\":\"https:\\\/\\\/www.laguiadepamplona.com\\\/actualidad\\\/#website\",\"url\":\"https:\\\/\\\/www.laguiadepamplona.com\\\/actualidad\\\/\",\"name\":\"La gu\u00eda de Pamplona\",\"description\":\"Noticias de Pamplona\",\"publisher\":{\"@id\":\"https:\\\/\\\/www.laguiadepamplona.com\\\/actualidad\\\/#organization\"},\"potentialAction\":[{\"@type\":\"SearchAction\",\"target\":{\"@type\":\"EntryPoint\",\"urlTemplate\":\"https:\\\/\\\/www.laguiadepamplona.com\\\/actualidad\\\/?s={search_term_string}\"},\"query-input\":{\"@type\":\"PropertyValueSpecification\",\"valueRequired\":true,\"valueName\":\"search_term_string\"}}],\"inLanguage\":\"es\"},{\"@type\":\"Organization\",\"@id\":\"https:\\\/\\\/www.laguiadepamplona.com\\\/actualidad\\\/#organization\",\"name\":\"La Gu\u00eda de Pamplona \\\/ Noticias\",\"url\":\"https:\\\/\\\/www.laguiadepamplona.com\\\/actualidad\\\/\",\"logo\":{\"@type\":\"ImageObject\",\"inLanguage\":\"es\",\"@id\":\"https:\\\/\\\/www.laguiadepamplona.com\\\/actualidad\\\/#\\\/schema\\\/logo\\\/image\\\/\",\"url\":\"https:\\\/\\\/www.laguiadepamplona.com\\\/actualidad\\\/wp-content\\\/uploads\\\/2018\\\/11\\\/logo-laguiadepamplona18-web1.png\",\"contentUrl\":\"https:\\\/\\\/www.laguiadepamplona.com\\\/actualidad\\\/wp-content\\\/uploads\\\/2018\\\/11\\\/logo-laguiadepamplona18-web1.png\",\"width\":600,\"height\":196,\"caption\":\"La Gu\u00eda de Pamplona \\\/ Noticias\"},\"image\":{\"@id\":\"https:\\\/\\\/www.laguiadepamplona.com\\\/actualidad\\\/#\\\/schema\\\/logo\\\/image\\\/\"},\"sameAs\":[\"https:\\\/\\\/www.facebook.com\\\/laguiadepamplonacom-133175176762273\\\/?ref=hl\",\"https:\\\/\\\/x.com\\\/LaGuiadPamplona\",\"https:\\\/\\\/www.instagram.com\\\/la_guia_de_pamplona\\\/\",\"https:\\\/\\\/www.youtube.com\\\/user\\\/laguiadepamplona\"]},{\"@type\":\"Person\",\"@id\":\"https:\\\/\\\/www.laguiadepamplona.com\\\/actualidad\\\/#\\\/schema\\\/person\\\/efe887376f0213d4657c93adc50b1fdb\",\"name\":\"La Gu\u00eda de Pamplona\",\"image\":{\"@type\":\"ImageObject\",\"inLanguage\":\"es\",\"@id\":\"https:\\\/\\\/secure.gravatar.com\\\/avatar\\\/b6992f131dc8d30ab0dff15446e9d346d9dbd95992de0fef795073f5ea83a81c?s=96&d=mm&r=g\",\"url\":\"https:\\\/\\\/secure.gravatar.com\\\/avatar\\\/b6992f131dc8d30ab0dff15446e9d346d9dbd95992de0fef795073f5ea83a81c?s=96&d=mm&r=g\",\"contentUrl\":\"https:\\\/\\\/secure.gravatar.com\\\/avatar\\\/b6992f131dc8d30ab0dff15446e9d346d9dbd95992de0fef795073f5ea83a81c?s=96&d=mm&r=g\",\"caption\":\"La Gu\u00eda de Pamplona\"}}]}<\/script>\n<!-- \/ Yoast SEO plugin. -->","yoast_head_json":{"title":"85 ni\u00f1os y ni\u00f1as participan en los grupos mixtos de f\u00fatbol y f\u00fatbol sala que la Fundaci\u00f3n Osasuna desarrolla cada semana con el programa COworkids","description":"La campa\u00f1a \u2018Regala Pamplona\u2019, protagonizada por futbolistas de Osasuna, logr\u00f3 m\u00e1s de 300.000 reproducciones en las redes sociales municipales","robots":{"index":"index","follow":"follow","max-snippet":"max-snippet:-1","max-image-preview":"max-image-preview:large","max-video-preview":"max-video-preview:-1"},"canonical":"https:\/\/www.laguiadepamplona.com\/actualidad\/85-ninos-y-ninas-participan-en-los-grupos-mixtos-de-futbol-y-futbol-sala-que-la-fundacion-osasuna-desarrolla-cada-semana-con-el-programa-coworkids\/","og_locale":"es_ES","og_type":"article","og_title":"85 ni\u00f1os y ni\u00f1as participan en los grupos mixtos de f\u00fatbol y f\u00fatbol sala que la Fundaci\u00f3n Osasuna desarrolla cada semana con el programa COworkids","og_description":"La campa\u00f1a \u2018Regala Pamplona\u2019, protagonizada por futbolistas de Osasuna, logr\u00f3 m\u00e1s de 300.000 reproducciones en las redes sociales municipales","og_url":"https:\/\/www.laguiadepamplona.com\/actualidad\/85-ninos-y-ninas-participan-en-los-grupos-mixtos-de-futbol-y-futbol-sala-que-la-fundacion-osasuna-desarrolla-cada-semana-con-el-programa-coworkids\/","og_site_name":"La Gu\u00eda de Pamplona","article_publisher":"https:\/\/www.facebook.com\/laguiadepamplonacom-133175176762273\/?ref=hl","article_published_time":"2023-02-09T17:00:13+00:00","article_modified_time":"2023-04-11T09:47:13+00:00","og_image":[{"width":1920,"height":1281,"url":"https:\/\/www.laguiadepamplona.com\/actualidad\/wp-content\/uploads\/2023\/02\/FUTBOL-ROCHA-infantil_EE5A4480.webp","type":"image\/webp"}],"author":"La Gu\u00eda de Pamplona","twitter_card":"summary_large_image","twitter_creator":"@LaGuiadPamplona","twitter_site":"@LaGuiadPamplona","twitter_misc":{"Escrito por":"La Gu\u00eda de Pamplona","Tiempo de lectura":"3 minutos"},"schema":{"@context":"https:\/\/schema.org","@graph":[{"@type":"Article","@id":"https:\/\/www.laguiadepamplona.com\/actualidad\/85-ninos-y-ninas-participan-en-los-grupos-mixtos-de-futbol-y-futbol-sala-que-la-fundacion-osasuna-desarrolla-cada-semana-con-el-programa-coworkids\/#article","isPartOf":{"@id":"https:\/\/www.laguiadepamplona.com\/actualidad\/85-ninos-y-ninas-participan-en-los-grupos-mixtos-de-futbol-y-futbol-sala-que-la-fundacion-osasuna-desarrolla-cada-semana-con-el-programa-coworkids\/"},"author":{"name":"La Gu\u00eda de Pamplona","@id":"https:\/\/www.laguiadepamplona.com\/actualidad\/#\/schema\/person\/efe887376f0213d4657c93adc50b1fdb"},"headline":"85 ni\u00f1os y ni\u00f1as participan en los grupos mixtos de f\u00fatbol y f\u00fatbol sala que la Fundaci\u00f3n Osasuna desarrolla cada semana con el programa COworkids","datePublished":"2023-02-09T17:00:13+00:00","dateModified":"2023-04-11T09:47:13+00:00","mainEntityOfPage":{"@id":"https:\/\/www.laguiadepamplona.com\/actualidad\/85-ninos-y-ninas-participan-en-los-grupos-mixtos-de-futbol-y-futbol-sala-que-la-fundacion-osasuna-desarrolla-cada-semana-con-el-programa-coworkids\/"},"wordCount":529,"commentCount":0,"publisher":{"@id":"https:\/\/www.laguiadepamplona.com\/actualidad\/#organization"},"image":{"@id":"https:\/\/www.laguiadepamplona.com\/actualidad\/85-ninos-y-ninas-participan-en-los-grupos-mixtos-de-futbol-y-futbol-sala-que-la-fundacion-osasuna-desarrolla-cada-semana-con-el-programa-coworkids\/#primaryimage"},"thumbnailUrl":"https:\/\/www.laguiadepamplona.com\/actualidad\/wp-content\/uploads\/2023\/02\/FUTBOL-ROCHA-infantil_EE5A4480.webp","articleSection":["Ayto Pamplona"],"inLanguage":"es","potentialAction":[{"@type":"CommentAction","name":"Comment","target":["https:\/\/www.laguiadepamplona.com\/actualidad\/85-ninos-y-ninas-participan-en-los-grupos-mixtos-de-futbol-y-futbol-sala-que-la-fundacion-osasuna-desarrolla-cada-semana-con-el-programa-coworkids\/#respond"]}]},{"@type":"WebPage","@id":"https:\/\/www.laguiadepamplona.com\/actualidad\/85-ninos-y-ninas-participan-en-los-grupos-mixtos-de-futbol-y-futbol-sala-que-la-fundacion-osasuna-desarrolla-cada-semana-con-el-programa-coworkids\/","url":"https:\/\/www.laguiadepamplona.com\/actualidad\/85-ninos-y-ninas-participan-en-los-grupos-mixtos-de-futbol-y-futbol-sala-que-la-fundacion-osasuna-desarrolla-cada-semana-con-el-programa-coworkids\/","name":"85 ni\u00f1os y ni\u00f1as participan en los grupos mixtos de f\u00fatbol y f\u00fatbol sala que la Fundaci\u00f3n Osasuna desarrolla cada semana con el programa COworkids","isPartOf":{"@id":"https:\/\/www.laguiadepamplona.com\/actualidad\/#website"},"primaryImageOfPage":{"@id":"https:\/\/www.laguiadepamplona.com\/actualidad\/85-ninos-y-ninas-participan-en-los-grupos-mixtos-de-futbol-y-futbol-sala-que-la-fundacion-osasuna-desarrolla-cada-semana-con-el-programa-coworkids\/#primaryimage"},"image":{"@id":"https:\/\/www.laguiadepamplona.com\/actualidad\/85-ninos-y-ninas-participan-en-los-grupos-mixtos-de-futbol-y-futbol-sala-que-la-fundacion-osasuna-desarrolla-cada-semana-con-el-programa-coworkids\/#primaryimage"},"thumbnailUrl":"https:\/\/www.laguiadepamplona.com\/actualidad\/wp-content\/uploads\/2023\/02\/FUTBOL-ROCHA-infantil_EE5A4480.webp","datePublished":"2023-02-09T17:00:13+00:00","dateModified":"2023-04-11T09:47:13+00:00","description":"La campa\u00f1a \u2018Regala Pamplona\u2019, protagonizada por futbolistas de Osasuna, logr\u00f3 m\u00e1s de 300.000 reproducciones en las redes sociales municipales","breadcrumb":{"@id":"https:\/\/www.laguiadepamplona.com\/actualidad\/85-ninos-y-ninas-participan-en-los-grupos-mixtos-de-futbol-y-futbol-sala-que-la-fundacion-osasuna-desarrolla-cada-semana-con-el-programa-coworkids\/#breadcrumb"},"inLanguage":"es","potentialAction":[{"@type":"ReadAction","target":["https:\/\/www.laguiadepamplona.com\/actualidad\/85-ninos-y-ninas-participan-en-los-grupos-mixtos-de-futbol-y-futbol-sala-que-la-fundacion-osasuna-desarrolla-cada-semana-con-el-programa-coworkids\/"]}]},{"@type":"ImageObject","inLanguage":"es","@id":"https:\/\/www.laguiadepamplona.com\/actualidad\/85-ninos-y-ninas-participan-en-los-grupos-mixtos-de-futbol-y-futbol-sala-que-la-fundacion-osasuna-desarrolla-cada-semana-con-el-programa-coworkids\/#primaryimage","url":"https:\/\/www.laguiadepamplona.com\/actualidad\/wp-content\/uploads\/2023\/02\/FUTBOL-ROCHA-infantil_EE5A4480.webp","contentUrl":"https:\/\/www.laguiadepamplona.com\/actualidad\/wp-content\/uploads\/2023\/02\/FUTBOL-ROCHA-infantil_EE5A4480.webp","width":1920,"height":1281},{"@type":"BreadcrumbList","@id":"https:\/\/www.laguiadepamplona.com\/actualidad\/85-ninos-y-ninas-participan-en-los-grupos-mixtos-de-futbol-y-futbol-sala-que-la-fundacion-osasuna-desarrolla-cada-semana-con-el-programa-coworkids\/#breadcrumb","itemListElement":[{"@type":"ListItem","position":1,"name":"Portada","item":"https:\/\/www.laguiadepamplona.com\/actualidad\/"},{"@type":"ListItem","position":2,"name":"85 ni\u00f1os y ni\u00f1as participan en los grupos mixtos de f\u00fatbol y f\u00fatbol sala que la Fundaci\u00f3n Osasuna desarrolla cada semana con el programa COworkids"}]},{"@type":"WebSite","@id":"https:\/\/www.laguiadepamplona.com\/actualidad\/#website","url":"https:\/\/www.laguiadepamplona.com\/actualidad\/","name":"La gu\u00eda de Pamplona","description":"Noticias de Pamplona","publisher":{"@id":"https:\/\/www.laguiadepamplona.com\/actualidad\/#organization"},"potentialAction":[{"@type":"SearchAction","target":{"@type":"EntryPoint","urlTemplate":"https:\/\/www.laguiadepamplona.com\/actualidad\/?s={search_term_string}"},"query-input":{"@type":"PropertyValueSpecification","valueRequired":true,"valueName":"search_term_string"}}],"inLanguage":"es"},{"@type":"Organization","@id":"https:\/\/www.laguiadepamplona.com\/actualidad\/#organization","name":"La Gu\u00eda de Pamplona \/ Noticias","url":"https:\/\/www.laguiadepamplona.com\/actualidad\/","logo":{"@type":"ImageObject","inLanguage":"es","@id":"https:\/\/www.laguiadepamplona.com\/actualidad\/#\/schema\/logo\/image\/","url":"https:\/\/www.laguiadepamplona.com\/actualidad\/wp-content\/uploads\/2018\/11\/logo-laguiadepamplona18-web1.png","contentUrl":"https:\/\/www.laguiadepamplona.com\/actualidad\/wp-content\/uploads\/2018\/11\/logo-laguiadepamplona18-web1.png","width":600,"height":196,"caption":"La Gu\u00eda de Pamplona \/ Noticias"},"image":{"@id":"https:\/\/www.laguiadepamplona.com\/actualidad\/#\/schema\/logo\/image\/"},"sameAs":["https:\/\/www.facebook.com\/laguiadepamplonacom-133175176762273\/?ref=hl","https:\/\/x.com\/LaGuiadPamplona","https:\/\/www.instagram.com\/la_guia_de_pamplona\/","https:\/\/www.youtube.com\/user\/laguiadepamplona"]},{"@type":"Person","@id":"https:\/\/www.laguiadepamplona.com\/actualidad\/#\/schema\/person\/efe887376f0213d4657c93adc50b1fdb","name":"La Gu\u00eda de Pamplona","image":{"@type":"ImageObject","inLanguage":"es","@id":"https:\/\/secure.gravatar.com\/avatar\/b6992f131dc8d30ab0dff15446e9d346d9dbd95992de0fef795073f5ea83a81c?s=96&d=mm&r=g","url":"https:\/\/secure.gravatar.com\/avatar\/b6992f131dc8d30ab0dff15446e9d346d9dbd95992de0fef795073f5ea83a81c?s=96&d=mm&r=g","contentUrl":"https:\/\/secure.gravatar.com\/avatar\/b6992f131dc8d30ab0dff15446e9d346d9dbd95992de0fef795073f5ea83a81c?s=96&d=mm&r=g","caption":"La Gu\u00eda de Pamplona"}}]}},"post_mailing_queue_ids":[],"_links":{"self":[{"href":"https:\/\/www.laguiadepamplona.com\/actualidad\/wp-json\/wp\/v2\/posts\/42826","targetHints":{"allow":["GET"]}}],"collection":[{"href":"https:\/\/www.laguiadepamplona.com\/actualidad\/wp-json\/wp\/v2\/posts"}],"about":[{"href":"https:\/\/www.laguiadepamplona.com\/actualidad\/wp-json\/wp\/v2\/types\/post"}],"author":[{"embeddable":true,"href":"https:\/\/www.laguiadepamplona.com\/actualidad\/wp-json\/wp\/v2\/users\/1"}],"replies":[{"embeddable":true,"href":"https:\/\/www.laguiadepamplona.com\/actualidad\/wp-json\/wp\/v2\/comments?post=42826"}],"version-history":[{"count":0,"href":"https:\/\/www.laguiadepamplona.com\/actualidad\/wp-json\/wp\/v2\/posts\/42826\/revisions"}],"wp:featuredmedia":[{"embeddable":true,"href":"https:\/\/www.laguiadepamplona.com\/actualidad\/wp-json\/wp\/v2\/media\/42827"}],"wp:attachment":[{"href":"https:\/\/www.laguiadepamplona.com\/actualidad\/wp-json\/wp\/v2\/media?parent=42826"}],"wp:term":[{"taxonomy":"category","embeddable":true,"href":"https:\/\/www.laguiadepamplona.com\/actualidad\/wp-json\/wp\/v2\/categories?post=42826"},{"taxonomy":"post_tag","embeddable":true,"href":"https:\/\/www.laguiadepamplona.com\/actualidad\/wp-json\/wp\/v2\/tags?post=42826"}],"curies":[{"name":"wp","href":"https:\/\/api.w.org\/{rel}","templated":true}]}}