{"id":42822,"date":"2023-02-09T13:51:06","date_gmt":"2023-02-09T11:51:06","guid":{"rendered":"https:\/\/www.laguiadepamplona.com\/actualidad\/?p=42822"},"modified":"2023-04-11T11:47:14","modified_gmt":"2023-04-11T09:47:14","slug":"el-ayuntamiento-convoca-el-concurso-literario-infantil-pamplona-iruna-2023-para-escolares-de-6-a-14-anos-de-primaria-y-primer-ciclo-de-secundaria","status":"publish","type":"post","link":"https:\/\/www.laguiadepamplona.com\/actualidad\/el-ayuntamiento-convoca-el-concurso-literario-infantil-pamplona-iruna-2023-para-escolares-de-6-a-14-anos-de-primaria-y-primer-ciclo-de-secundaria\/","title":{"rendered":"El Ayuntamiento convoca el concurso literario infantil Pamplona-Iru\u00f1a 2023 para escolares de 6 a 14 a\u00f1os de Primaria y primer ciclo de Secundaria"},"content":{"rendered":"<h5>Puede participar, hasta el 26 de abril, alumnado de Pamplona o matriculado en centros de la ciudad, en las modalidades de cuento o c\u00f3mic<\/h5>\n<p><!--more--><\/p>\n<p>El Ayuntamiento ha convocado el concurso literario Pamplona-Iru\u00f1a 2023, dirigido a escolares de Pamplona que cursen Educaci\u00f3n Primaria o Primer Ciclo de Ense\u00f1anza Secundaria. El concurso tiene por objetivo fomentar el gusto por las actividades literarias y art\u00edsticas y contribuir a la mejora de la expresi\u00f3n escrita y el desarrollo de la creatividad. Adem\u00e1s, aporta visibilidad al talento literario del alumnado.<\/p>\n<p>En este concurso pueden tomar parte estudiantes de 6 a 14 a\u00f1os empadronados en Pamplona y alumnado de Educaci\u00f3n Primaria y Primer Ciclo de Educaci\u00f3n Secundaria cuyo centro de estudios se encuentre en la ciudad. Solo se admite un \u00fanico trabajo por modalidad, de tema libre, redactado en castellano o euskera y que debe ser original e in\u00e9dito. Los trabajos pueden ser individuales o colectivos, realizados por escolares de un mismo centro. El mismo trabajo no se puede presentar en los dos idiomas.<br \/>\n<script async src=\"\/\/pagead2.googlesyndication.com\/pagead\/js\/adsbygoogle.js\"><\/script><br \/>\n<!-- Noticias La Guia de Pamplona --><br \/>\n<ins class=\"adsbygoogle\"\nstyle=\"display:block\"\ndata-ad-client=\"ca-pub-6943679897239327\"\ndata-ad-slot=\"7048180777\"\ndata-ad-format=\"auto\"><\/ins><br \/>\n<script>\n(adsbygoogle = window.adsbygoogle || []).push({});\n<\/script><\/p>\n<p>El \u00faltimo d\u00eda para presentar los trabajos es el 26 de abril y hay dos modalidades: cuento y c\u00f3mic. En la modalidad de cuento, se contemplan cuatro categor\u00edas, por tramos de edad: categor\u00eda A, para primer y segundo curso de Educaci\u00f3n Primaria; categor\u00eda B, para tercer y cuarto curso de Educaci\u00f3n Primaria; categor\u00eda C, para quinto y sexto curso de Educaci\u00f3n Primaria; y categor\u00eda D, para primer y segundo curso de Educaci\u00f3n Secundaria Obligatoria.<\/p>\n<p>En la modalidad de c\u00f3mic, las categor\u00edas son dos: categor\u00eda A, para quinto y sexto curso de Educaci\u00f3n Primaria y categor\u00eda B, para primer y segundo curso de Educaci\u00f3n Secundaria Obligatoria. Todas las categor\u00edas contemplan trabajos en castellano y en euskera.<\/p>\n<p>Los trabajos se entregar\u00e1n en formato papel, con distinta extensi\u00f3n en funci\u00f3n de la categor\u00eda. En la modalidad de cuento, en la categor\u00eda A el m\u00e1ximo es de dos folios; en la categor\u00eda B, de tres folios; en la categor\u00eda C, de cuatro folios; y en la categor\u00eda D, de seis. Todos estos folios se cuentan por una sola cara e incluidas ilustraciones. En la modalidad de c\u00f3mic, en la categor\u00eda A el m\u00e1ximo es de tres folios y en la B, de cuatro, en ambos casos por una sola cara, excluida la portada, y en formato DIN A-4 o tama\u00f1o proporcional.<br \/>\n<script async src=\"\/\/pagead2.googlesyndication.com\/pagead\/js\/adsbygoogle.js\"><\/script><br \/>\n<!-- Noticias La Guia de Pamplona --><br \/>\n<ins class=\"adsbygoogle\"\nstyle=\"display:block\"\ndata-ad-client=\"ca-pub-6943679897239327\"\ndata-ad-slot=\"7048180777\"\ndata-ad-format=\"auto\"><\/ins><br \/>\n<script>\n(adsbygoogle = window.adsbygoogle || []).push({});\n<\/script><\/p>\n<p><strong>Valoraci\u00f3n y premios<\/strong><\/p>\n<p>En cuanto a los criterios para valorar las obras presentadas, se trata de los mismos que se utilizan en las pruebas de evaluaci\u00f3n del alumnado: presentaci\u00f3n y ortograf\u00eda, coherencia y estructura de la historia, creaci\u00f3n y tratamiento de los personajes, correcci\u00f3n gramatical y riqueza l\u00e9xica, originalidad y creatividad, y verosimilitud. Tambi\u00e9n se valoran otros aspectos literarios y extraliterarios y otros recursos del lenguaje del c\u00f3mic.<\/p>\n<p>Con estos criterios se otorgar\u00e1n tres premios por cada categor\u00eda e idioma. El primer premio consiste en un lote de material escolar por un importe de 200 euros para el autor o autora y un lote de material escolar por importe de 250 euros para el colegio en el que est\u00e9 matriculado o matriculada. El segundo premio obtiene un lote de material escolar para el autor o autora, por un importe de 150 euros; y el tercer premio, un lote de material escolar para el autor o autora por un importe de 100 euros.<br \/>\n<script async src=\"\/\/pagead2.googlesyndication.com\/pagead\/js\/adsbygoogle.js\"><\/script><br \/>\n<!-- Noticias La Guia de Pamplona --><br \/>\n<ins class=\"adsbygoogle\"\nstyle=\"display:block\"\ndata-ad-client=\"ca-pub-6943679897239327\"\ndata-ad-slot=\"7048180777\"\ndata-ad-format=\"auto\"><\/ins><br \/>\n<script>\n(adsbygoogle = window.adsbygoogle || []).push({});\n<\/script><\/p>\n<p>El primer premio se concede tanto al autor o autora como al colegio en el que est\u00e1 matriculado. Esta circunstancia est\u00e1 motivada porque debido a la edad de los candidatos y candidatas habitualmente las obras presentadas han sido trabajadas en clase como actividad para el aprendizaje de aspectos curriculares.<\/p>\n<p>En el caso de que la persona que obtenga el primer premio asista a un colegio de fuera de Pamplona, el colegio no obtendr\u00e1 el lote de material escolar correspondiente. Si el trabajo premiado ha sido realizado por varios autores\/as el importe de los premios no variar\u00e1: el grupo recibir\u00e1 un \u00fanico vale por el importe correspondiente al premio concedido.<\/p>\n<p>El certamen, que ha registrado una alta participaci\u00f3n en ediciones anteriores, supone una oportunidad para motivar al alumnado con dificultades en expresi\u00f3n escrita. Al mismo tiempo, puede reforzar o despertar vocaciones en ciernes y fomenta el desarrollo de la competencia comunicativa.<br \/>\n<script async src=\"\/\/pagead2.googlesyndication.com\/pagead\/js\/adsbygoogle.js\"><\/script><br \/>\n<!-- Noticias La Guia de Pamplona --><br \/>\n<ins class=\"adsbygoogle\"\nstyle=\"display:block\"\ndata-ad-client=\"ca-pub-6943679897239327\"\ndata-ad-slot=\"7048180777\"\ndata-ad-format=\"auto\"><\/ins><br \/>\n<script>\n(adsbygoogle = window.adsbygoogle || []).push({});\n<\/script><\/p>\n<p>&nbsp;<\/p>\n<h3>Concurso Literario Pamplona-Iru\u00f1a 2023<\/h3>\n<ul>\n<li>Plazo de presentaci\u00f3n: hasta el 26 de abril<\/li>\n<li>Dos modalidades, divididas en seis categor\u00edas, en castellano y euskera<\/li>\n<\/ul>\n<p><span style=\"color: #ff0000;\"><strong>MODALIDAD DE CUENTO<\/strong><\/span><\/p>\n<ul>\n<li>Categor\u00eda A: Primer y segundo curso de Educaci\u00f3n Primaria (extensi\u00f3n m\u00e1xima: dos folios)<\/li>\n<li>Categor\u00eda B: Tercer y cuarto curso de Educaci\u00f3n Primaria (extensi\u00f3n m\u00e1xima: tres folios)<\/li>\n<li>Categor\u00eda C: Quinto y sexto curso de Educaci\u00f3n Primaria (extensi\u00f3n m\u00e1xima: cuatro folios)<\/li>\n<li>Categor\u00eda D: Primer y segundo curso de Educaci\u00f3n Secundaria Obligatoria (extensi\u00f3n m\u00e1xima: seis folios)<\/li>\n<\/ul>\n<p><span style=\"color: #ff0000;\"><strong>MODALIDAD C\u00d3MIC<\/strong><\/span><\/p>\n<ul>\n<li>Categor\u00eda A: Quinto y sexto curso de Educaci\u00f3n Primaria (extensi\u00f3n m\u00e1xima: tres folios)<\/li>\n<li>Categor\u00eda B: Primer y segundo curso de Educaci\u00f3n Secundaria Obligatoria (extensi\u00f3n m\u00e1xima: cuatro folios)<\/li>\n<\/ul>\n<ul>\n<li>Los premios (tres premios por categor\u00eda e idioma)\n<ul>\n<li>Primer Premio: lote de material escolar por un importe de 200 euros para el autor o autora y lote de material escolar por importe de 250 euros para el colegio en el que est\u00e9 matriculado o matriculada.<\/li>\n<li>Segundo Premio: lote de material escolar para el autor o autora por un importe de 150 euros.<\/li>\n<li>Tercer Premio: lote de material escolar para el autor o autora por un importe de 100 euros.<\/li>\n<\/ul>\n<\/li>\n<\/ul>\n","protected":false},"excerpt":{"rendered":"<p>Puede participar, hasta el 26 de abril, alumnado de Pamplona o matriculado en centros de la ciudad, en las modalidades de cuento o c\u00f3mic<\/p>\n","protected":false},"author":1,"featured_media":42823,"comment_status":"open","ping_status":"closed","sticky":false,"template":"","format":"standard","meta":{"footnotes":""},"categories":[2],"tags":[],"class_list":["post-42822","post","type-post","status-publish","format-standard","has-post-thumbnail","hentry","category-ayuntamiento-pamplona"],"yoast_head":"<!-- This site is optimized with the Yoast SEO plugin v27.5 - https:\/\/yoast.com\/product\/yoast-seo-wordpress\/ -->\n<title>El Ayuntamiento convoca el concurso literario infantil Pamplona-Iru\u00f1a 2023 para escolares de 6 a 14 a\u00f1os de Primaria y primer ciclo de Secundaria<\/title>\n<meta name=\"description\" content=\"Puede participar, hasta el 26 de abril, alumnado de Pamplona o matriculado en centros de la ciudad, en las modalidades de cuento o c\u00f3mic\" \/>\n<meta name=\"robots\" content=\"index, follow, max-snippet:-1, max-image-preview:large, max-video-preview:-1\" \/>\n<link rel=\"canonical\" href=\"https:\/\/www.laguiadepamplona.com\/actualidad\/el-ayuntamiento-convoca-el-concurso-literario-infantil-pamplona-iruna-2023-para-escolares-de-6-a-14-anos-de-primaria-y-primer-ciclo-de-secundaria\/\" \/>\n<meta property=\"og:locale\" content=\"es_ES\" \/>\n<meta property=\"og:type\" content=\"article\" \/>\n<meta property=\"og:title\" content=\"El Ayuntamiento convoca el concurso literario infantil Pamplona-Iru\u00f1a 2023 para escolares de 6 a 14 a\u00f1os de Primaria y primer ciclo de Secundaria\" \/>\n<meta property=\"og:description\" content=\"Puede participar, hasta el 26 de abril, alumnado de Pamplona o matriculado en centros de la ciudad, en las modalidades de cuento o c\u00f3mic\" \/>\n<meta property=\"og:url\" content=\"https:\/\/www.laguiadepamplona.com\/actualidad\/el-ayuntamiento-convoca-el-concurso-literario-infantil-pamplona-iruna-2023-para-escolares-de-6-a-14-anos-de-primaria-y-primer-ciclo-de-secundaria\/\" \/>\n<meta property=\"og:site_name\" content=\"La Gu\u00eda de Pamplona\" \/>\n<meta property=\"article:publisher\" content=\"https:\/\/www.facebook.com\/laguiadepamplonacom-133175176762273\/?ref=hl\" \/>\n<meta property=\"article:published_time\" content=\"2023-02-09T11:51:06+00:00\" \/>\n<meta property=\"article:modified_time\" content=\"2023-04-11T09:47:14+00:00\" \/>\n<meta property=\"og:image\" content=\"https:\/\/www.laguiadepamplona.com\/actualidad\/wp-content\/uploads\/2023\/02\/concurso-cuentos-infantiles.webp\" \/>\n\t<meta property=\"og:image:width\" content=\"1920\" \/>\n\t<meta property=\"og:image:height\" content=\"1080\" \/>\n\t<meta property=\"og:image:type\" content=\"image\/webp\" \/>\n<meta name=\"author\" content=\"La Gu\u00eda de Pamplona\" \/>\n<meta name=\"twitter:card\" content=\"summary_large_image\" \/>\n<meta name=\"twitter:creator\" content=\"@LaGuiadPamplona\" \/>\n<meta name=\"twitter:site\" content=\"@LaGuiadPamplona\" \/>\n<meta name=\"twitter:label1\" content=\"Escrito por\" \/>\n\t<meta name=\"twitter:data1\" content=\"La Gu\u00eda de Pamplona\" \/>\n\t<meta name=\"twitter:label2\" content=\"Tiempo de lectura\" \/>\n\t<meta name=\"twitter:data2\" content=\"5 minutos\" \/>\n<script type=\"application\/ld+json\" class=\"yoast-schema-graph\">{\"@context\":\"https:\\\/\\\/schema.org\",\"@graph\":[{\"@type\":\"Article\",\"@id\":\"https:\\\/\\\/www.laguiadepamplona.com\\\/actualidad\\\/el-ayuntamiento-convoca-el-concurso-literario-infantil-pamplona-iruna-2023-para-escolares-de-6-a-14-anos-de-primaria-y-primer-ciclo-de-secundaria\\\/#article\",\"isPartOf\":{\"@id\":\"https:\\\/\\\/www.laguiadepamplona.com\\\/actualidad\\\/el-ayuntamiento-convoca-el-concurso-literario-infantil-pamplona-iruna-2023-para-escolares-de-6-a-14-anos-de-primaria-y-primer-ciclo-de-secundaria\\\/\"},\"author\":{\"name\":\"La Gu\u00eda de Pamplona\",\"@id\":\"https:\\\/\\\/www.laguiadepamplona.com\\\/actualidad\\\/#\\\/schema\\\/person\\\/efe887376f0213d4657c93adc50b1fdb\"},\"headline\":\"El Ayuntamiento convoca el concurso literario infantil Pamplona-Iru\u00f1a 2023 para escolares de 6 a 14 a\u00f1os de Primaria y primer ciclo de Secundaria\",\"datePublished\":\"2023-02-09T11:51:06+00:00\",\"dateModified\":\"2023-04-11T09:47:14+00:00\",\"mainEntityOfPage\":{\"@id\":\"https:\\\/\\\/www.laguiadepamplona.com\\\/actualidad\\\/el-ayuntamiento-convoca-el-concurso-literario-infantil-pamplona-iruna-2023-para-escolares-de-6-a-14-anos-de-primaria-y-primer-ciclo-de-secundaria\\\/\"},\"wordCount\":976,\"commentCount\":0,\"publisher\":{\"@id\":\"https:\\\/\\\/www.laguiadepamplona.com\\\/actualidad\\\/#organization\"},\"image\":{\"@id\":\"https:\\\/\\\/www.laguiadepamplona.com\\\/actualidad\\\/el-ayuntamiento-convoca-el-concurso-literario-infantil-pamplona-iruna-2023-para-escolares-de-6-a-14-anos-de-primaria-y-primer-ciclo-de-secundaria\\\/#primaryimage\"},\"thumbnailUrl\":\"https:\\\/\\\/www.laguiadepamplona.com\\\/actualidad\\\/wp-content\\\/uploads\\\/2023\\\/02\\\/concurso-cuentos-infantiles.webp\",\"articleSection\":[\"Ayto Pamplona\"],\"inLanguage\":\"es\",\"potentialAction\":[{\"@type\":\"CommentAction\",\"name\":\"Comment\",\"target\":[\"https:\\\/\\\/www.laguiadepamplona.com\\\/actualidad\\\/el-ayuntamiento-convoca-el-concurso-literario-infantil-pamplona-iruna-2023-para-escolares-de-6-a-14-anos-de-primaria-y-primer-ciclo-de-secundaria\\\/#respond\"]}]},{\"@type\":\"WebPage\",\"@id\":\"https:\\\/\\\/www.laguiadepamplona.com\\\/actualidad\\\/el-ayuntamiento-convoca-el-concurso-literario-infantil-pamplona-iruna-2023-para-escolares-de-6-a-14-anos-de-primaria-y-primer-ciclo-de-secundaria\\\/\",\"url\":\"https:\\\/\\\/www.laguiadepamplona.com\\\/actualidad\\\/el-ayuntamiento-convoca-el-concurso-literario-infantil-pamplona-iruna-2023-para-escolares-de-6-a-14-anos-de-primaria-y-primer-ciclo-de-secundaria\\\/\",\"name\":\"El Ayuntamiento convoca el concurso literario infantil Pamplona-Iru\u00f1a 2023 para escolares de 6 a 14 a\u00f1os de Primaria y primer ciclo de Secundaria\",\"isPartOf\":{\"@id\":\"https:\\\/\\\/www.laguiadepamplona.com\\\/actualidad\\\/#website\"},\"primaryImageOfPage\":{\"@id\":\"https:\\\/\\\/www.laguiadepamplona.com\\\/actualidad\\\/el-ayuntamiento-convoca-el-concurso-literario-infantil-pamplona-iruna-2023-para-escolares-de-6-a-14-anos-de-primaria-y-primer-ciclo-de-secundaria\\\/#primaryimage\"},\"image\":{\"@id\":\"https:\\\/\\\/www.laguiadepamplona.com\\\/actualidad\\\/el-ayuntamiento-convoca-el-concurso-literario-infantil-pamplona-iruna-2023-para-escolares-de-6-a-14-anos-de-primaria-y-primer-ciclo-de-secundaria\\\/#primaryimage\"},\"thumbnailUrl\":\"https:\\\/\\\/www.laguiadepamplona.com\\\/actualidad\\\/wp-content\\\/uploads\\\/2023\\\/02\\\/concurso-cuentos-infantiles.webp\",\"datePublished\":\"2023-02-09T11:51:06+00:00\",\"dateModified\":\"2023-04-11T09:47:14+00:00\",\"description\":\"Puede participar, hasta el 26 de abril, alumnado de Pamplona o matriculado en centros de la ciudad, en las modalidades de cuento o c\u00f3mic\",\"breadcrumb\":{\"@id\":\"https:\\\/\\\/www.laguiadepamplona.com\\\/actualidad\\\/el-ayuntamiento-convoca-el-concurso-literario-infantil-pamplona-iruna-2023-para-escolares-de-6-a-14-anos-de-primaria-y-primer-ciclo-de-secundaria\\\/#breadcrumb\"},\"inLanguage\":\"es\",\"potentialAction\":[{\"@type\":\"ReadAction\",\"target\":[\"https:\\\/\\\/www.laguiadepamplona.com\\\/actualidad\\\/el-ayuntamiento-convoca-el-concurso-literario-infantil-pamplona-iruna-2023-para-escolares-de-6-a-14-anos-de-primaria-y-primer-ciclo-de-secundaria\\\/\"]}]},{\"@type\":\"ImageObject\",\"inLanguage\":\"es\",\"@id\":\"https:\\\/\\\/www.laguiadepamplona.com\\\/actualidad\\\/el-ayuntamiento-convoca-el-concurso-literario-infantil-pamplona-iruna-2023-para-escolares-de-6-a-14-anos-de-primaria-y-primer-ciclo-de-secundaria\\\/#primaryimage\",\"url\":\"https:\\\/\\\/www.laguiadepamplona.com\\\/actualidad\\\/wp-content\\\/uploads\\\/2023\\\/02\\\/concurso-cuentos-infantiles.webp\",\"contentUrl\":\"https:\\\/\\\/www.laguiadepamplona.com\\\/actualidad\\\/wp-content\\\/uploads\\\/2023\\\/02\\\/concurso-cuentos-infantiles.webp\",\"width\":1920,\"height\":1080},{\"@type\":\"BreadcrumbList\",\"@id\":\"https:\\\/\\\/www.laguiadepamplona.com\\\/actualidad\\\/el-ayuntamiento-convoca-el-concurso-literario-infantil-pamplona-iruna-2023-para-escolares-de-6-a-14-anos-de-primaria-y-primer-ciclo-de-secundaria\\\/#breadcrumb\",\"itemListElement\":[{\"@type\":\"ListItem\",\"position\":1,\"name\":\"Portada\",\"item\":\"https:\\\/\\\/www.laguiadepamplona.com\\\/actualidad\\\/\"},{\"@type\":\"ListItem\",\"position\":2,\"name\":\"El Ayuntamiento convoca el concurso literario infantil Pamplona-Iru\u00f1a 2023 para escolares de 6 a 14 a\u00f1os de Primaria y primer ciclo de Secundaria\"}]},{\"@type\":\"WebSite\",\"@id\":\"https:\\\/\\\/www.laguiadepamplona.com\\\/actualidad\\\/#website\",\"url\":\"https:\\\/\\\/www.laguiadepamplona.com\\\/actualidad\\\/\",\"name\":\"La gu\u00eda de Pamplona\",\"description\":\"Noticias de Pamplona\",\"publisher\":{\"@id\":\"https:\\\/\\\/www.laguiadepamplona.com\\\/actualidad\\\/#organization\"},\"potentialAction\":[{\"@type\":\"SearchAction\",\"target\":{\"@type\":\"EntryPoint\",\"urlTemplate\":\"https:\\\/\\\/www.laguiadepamplona.com\\\/actualidad\\\/?s={search_term_string}\"},\"query-input\":{\"@type\":\"PropertyValueSpecification\",\"valueRequired\":true,\"valueName\":\"search_term_string\"}}],\"inLanguage\":\"es\"},{\"@type\":\"Organization\",\"@id\":\"https:\\\/\\\/www.laguiadepamplona.com\\\/actualidad\\\/#organization\",\"name\":\"La Gu\u00eda de Pamplona \\\/ Noticias\",\"url\":\"https:\\\/\\\/www.laguiadepamplona.com\\\/actualidad\\\/\",\"logo\":{\"@type\":\"ImageObject\",\"inLanguage\":\"es\",\"@id\":\"https:\\\/\\\/www.laguiadepamplona.com\\\/actualidad\\\/#\\\/schema\\\/logo\\\/image\\\/\",\"url\":\"https:\\\/\\\/www.laguiadepamplona.com\\\/actualidad\\\/wp-content\\\/uploads\\\/2018\\\/11\\\/logo-laguiadepamplona18-web1.png\",\"contentUrl\":\"https:\\\/\\\/www.laguiadepamplona.com\\\/actualidad\\\/wp-content\\\/uploads\\\/2018\\\/11\\\/logo-laguiadepamplona18-web1.png\",\"width\":600,\"height\":196,\"caption\":\"La Gu\u00eda de Pamplona \\\/ Noticias\"},\"image\":{\"@id\":\"https:\\\/\\\/www.laguiadepamplona.com\\\/actualidad\\\/#\\\/schema\\\/logo\\\/image\\\/\"},\"sameAs\":[\"https:\\\/\\\/www.facebook.com\\\/laguiadepamplonacom-133175176762273\\\/?ref=hl\",\"https:\\\/\\\/x.com\\\/LaGuiadPamplona\",\"https:\\\/\\\/www.instagram.com\\\/la_guia_de_pamplona\\\/\",\"https:\\\/\\\/www.youtube.com\\\/user\\\/laguiadepamplona\"]},{\"@type\":\"Person\",\"@id\":\"https:\\\/\\\/www.laguiadepamplona.com\\\/actualidad\\\/#\\\/schema\\\/person\\\/efe887376f0213d4657c93adc50b1fdb\",\"name\":\"La Gu\u00eda de Pamplona\",\"image\":{\"@type\":\"ImageObject\",\"inLanguage\":\"es\",\"@id\":\"https:\\\/\\\/secure.gravatar.com\\\/avatar\\\/b6992f131dc8d30ab0dff15446e9d346d9dbd95992de0fef795073f5ea83a81c?s=96&d=mm&r=g\",\"url\":\"https:\\\/\\\/secure.gravatar.com\\\/avatar\\\/b6992f131dc8d30ab0dff15446e9d346d9dbd95992de0fef795073f5ea83a81c?s=96&d=mm&r=g\",\"contentUrl\":\"https:\\\/\\\/secure.gravatar.com\\\/avatar\\\/b6992f131dc8d30ab0dff15446e9d346d9dbd95992de0fef795073f5ea83a81c?s=96&d=mm&r=g\",\"caption\":\"La Gu\u00eda de Pamplona\"}}]}<\/script>\n<!-- \/ Yoast SEO plugin. -->","yoast_head_json":{"title":"El Ayuntamiento convoca el concurso literario infantil Pamplona-Iru\u00f1a 2023 para escolares de 6 a 14 a\u00f1os de Primaria y primer ciclo de Secundaria","description":"Puede participar, hasta el 26 de abril, alumnado de Pamplona o matriculado en centros de la ciudad, en las modalidades de cuento o c\u00f3mic","robots":{"index":"index","follow":"follow","max-snippet":"max-snippet:-1","max-image-preview":"max-image-preview:large","max-video-preview":"max-video-preview:-1"},"canonical":"https:\/\/www.laguiadepamplona.com\/actualidad\/el-ayuntamiento-convoca-el-concurso-literario-infantil-pamplona-iruna-2023-para-escolares-de-6-a-14-anos-de-primaria-y-primer-ciclo-de-secundaria\/","og_locale":"es_ES","og_type":"article","og_title":"El Ayuntamiento convoca el concurso literario infantil Pamplona-Iru\u00f1a 2023 para escolares de 6 a 14 a\u00f1os de Primaria y primer ciclo de Secundaria","og_description":"Puede participar, hasta el 26 de abril, alumnado de Pamplona o matriculado en centros de la ciudad, en las modalidades de cuento o c\u00f3mic","og_url":"https:\/\/www.laguiadepamplona.com\/actualidad\/el-ayuntamiento-convoca-el-concurso-literario-infantil-pamplona-iruna-2023-para-escolares-de-6-a-14-anos-de-primaria-y-primer-ciclo-de-secundaria\/","og_site_name":"La Gu\u00eda de Pamplona","article_publisher":"https:\/\/www.facebook.com\/laguiadepamplonacom-133175176762273\/?ref=hl","article_published_time":"2023-02-09T11:51:06+00:00","article_modified_time":"2023-04-11T09:47:14+00:00","og_image":[{"width":1920,"height":1080,"url":"https:\/\/www.laguiadepamplona.com\/actualidad\/wp-content\/uploads\/2023\/02\/concurso-cuentos-infantiles.webp","type":"image\/webp"}],"author":"La Gu\u00eda de Pamplona","twitter_card":"summary_large_image","twitter_creator":"@LaGuiadPamplona","twitter_site":"@LaGuiadPamplona","twitter_misc":{"Escrito por":"La Gu\u00eda de Pamplona","Tiempo de lectura":"5 minutos"},"schema":{"@context":"https:\/\/schema.org","@graph":[{"@type":"Article","@id":"https:\/\/www.laguiadepamplona.com\/actualidad\/el-ayuntamiento-convoca-el-concurso-literario-infantil-pamplona-iruna-2023-para-escolares-de-6-a-14-anos-de-primaria-y-primer-ciclo-de-secundaria\/#article","isPartOf":{"@id":"https:\/\/www.laguiadepamplona.com\/actualidad\/el-ayuntamiento-convoca-el-concurso-literario-infantil-pamplona-iruna-2023-para-escolares-de-6-a-14-anos-de-primaria-y-primer-ciclo-de-secundaria\/"},"author":{"name":"La Gu\u00eda de Pamplona","@id":"https:\/\/www.laguiadepamplona.com\/actualidad\/#\/schema\/person\/efe887376f0213d4657c93adc50b1fdb"},"headline":"El Ayuntamiento convoca el concurso literario infantil Pamplona-Iru\u00f1a 2023 para escolares de 6 a 14 a\u00f1os de Primaria y primer ciclo de Secundaria","datePublished":"2023-02-09T11:51:06+00:00","dateModified":"2023-04-11T09:47:14+00:00","mainEntityOfPage":{"@id":"https:\/\/www.laguiadepamplona.com\/actualidad\/el-ayuntamiento-convoca-el-concurso-literario-infantil-pamplona-iruna-2023-para-escolares-de-6-a-14-anos-de-primaria-y-primer-ciclo-de-secundaria\/"},"wordCount":976,"commentCount":0,"publisher":{"@id":"https:\/\/www.laguiadepamplona.com\/actualidad\/#organization"},"image":{"@id":"https:\/\/www.laguiadepamplona.com\/actualidad\/el-ayuntamiento-convoca-el-concurso-literario-infantil-pamplona-iruna-2023-para-escolares-de-6-a-14-anos-de-primaria-y-primer-ciclo-de-secundaria\/#primaryimage"},"thumbnailUrl":"https:\/\/www.laguiadepamplona.com\/actualidad\/wp-content\/uploads\/2023\/02\/concurso-cuentos-infantiles.webp","articleSection":["Ayto Pamplona"],"inLanguage":"es","potentialAction":[{"@type":"CommentAction","name":"Comment","target":["https:\/\/www.laguiadepamplona.com\/actualidad\/el-ayuntamiento-convoca-el-concurso-literario-infantil-pamplona-iruna-2023-para-escolares-de-6-a-14-anos-de-primaria-y-primer-ciclo-de-secundaria\/#respond"]}]},{"@type":"WebPage","@id":"https:\/\/www.laguiadepamplona.com\/actualidad\/el-ayuntamiento-convoca-el-concurso-literario-infantil-pamplona-iruna-2023-para-escolares-de-6-a-14-anos-de-primaria-y-primer-ciclo-de-secundaria\/","url":"https:\/\/www.laguiadepamplona.com\/actualidad\/el-ayuntamiento-convoca-el-concurso-literario-infantil-pamplona-iruna-2023-para-escolares-de-6-a-14-anos-de-primaria-y-primer-ciclo-de-secundaria\/","name":"El Ayuntamiento convoca el concurso literario infantil Pamplona-Iru\u00f1a 2023 para escolares de 6 a 14 a\u00f1os de Primaria y primer ciclo de Secundaria","isPartOf":{"@id":"https:\/\/www.laguiadepamplona.com\/actualidad\/#website"},"primaryImageOfPage":{"@id":"https:\/\/www.laguiadepamplona.com\/actualidad\/el-ayuntamiento-convoca-el-concurso-literario-infantil-pamplona-iruna-2023-para-escolares-de-6-a-14-anos-de-primaria-y-primer-ciclo-de-secundaria\/#primaryimage"},"image":{"@id":"https:\/\/www.laguiadepamplona.com\/actualidad\/el-ayuntamiento-convoca-el-concurso-literario-infantil-pamplona-iruna-2023-para-escolares-de-6-a-14-anos-de-primaria-y-primer-ciclo-de-secundaria\/#primaryimage"},"thumbnailUrl":"https:\/\/www.laguiadepamplona.com\/actualidad\/wp-content\/uploads\/2023\/02\/concurso-cuentos-infantiles.webp","datePublished":"2023-02-09T11:51:06+00:00","dateModified":"2023-04-11T09:47:14+00:00","description":"Puede participar, hasta el 26 de abril, alumnado de Pamplona o matriculado en centros de la ciudad, en las modalidades de cuento o c\u00f3mic","breadcrumb":{"@id":"https:\/\/www.laguiadepamplona.com\/actualidad\/el-ayuntamiento-convoca-el-concurso-literario-infantil-pamplona-iruna-2023-para-escolares-de-6-a-14-anos-de-primaria-y-primer-ciclo-de-secundaria\/#breadcrumb"},"inLanguage":"es","potentialAction":[{"@type":"ReadAction","target":["https:\/\/www.laguiadepamplona.com\/actualidad\/el-ayuntamiento-convoca-el-concurso-literario-infantil-pamplona-iruna-2023-para-escolares-de-6-a-14-anos-de-primaria-y-primer-ciclo-de-secundaria\/"]}]},{"@type":"ImageObject","inLanguage":"es","@id":"https:\/\/www.laguiadepamplona.com\/actualidad\/el-ayuntamiento-convoca-el-concurso-literario-infantil-pamplona-iruna-2023-para-escolares-de-6-a-14-anos-de-primaria-y-primer-ciclo-de-secundaria\/#primaryimage","url":"https:\/\/www.laguiadepamplona.com\/actualidad\/wp-content\/uploads\/2023\/02\/concurso-cuentos-infantiles.webp","contentUrl":"https:\/\/www.laguiadepamplona.com\/actualidad\/wp-content\/uploads\/2023\/02\/concurso-cuentos-infantiles.webp","width":1920,"height":1080},{"@type":"BreadcrumbList","@id":"https:\/\/www.laguiadepamplona.com\/actualidad\/el-ayuntamiento-convoca-el-concurso-literario-infantil-pamplona-iruna-2023-para-escolares-de-6-a-14-anos-de-primaria-y-primer-ciclo-de-secundaria\/#breadcrumb","itemListElement":[{"@type":"ListItem","position":1,"name":"Portada","item":"https:\/\/www.laguiadepamplona.com\/actualidad\/"},{"@type":"ListItem","position":2,"name":"El Ayuntamiento convoca el concurso literario infantil Pamplona-Iru\u00f1a 2023 para escolares de 6 a 14 a\u00f1os de Primaria y primer ciclo de Secundaria"}]},{"@type":"WebSite","@id":"https:\/\/www.laguiadepamplona.com\/actualidad\/#website","url":"https:\/\/www.laguiadepamplona.com\/actualidad\/","name":"La gu\u00eda de Pamplona","description":"Noticias de Pamplona","publisher":{"@id":"https:\/\/www.laguiadepamplona.com\/actualidad\/#organization"},"potentialAction":[{"@type":"SearchAction","target":{"@type":"EntryPoint","urlTemplate":"https:\/\/www.laguiadepamplona.com\/actualidad\/?s={search_term_string}"},"query-input":{"@type":"PropertyValueSpecification","valueRequired":true,"valueName":"search_term_string"}}],"inLanguage":"es"},{"@type":"Organization","@id":"https:\/\/www.laguiadepamplona.com\/actualidad\/#organization","name":"La Gu\u00eda de Pamplona \/ Noticias","url":"https:\/\/www.laguiadepamplona.com\/actualidad\/","logo":{"@type":"ImageObject","inLanguage":"es","@id":"https:\/\/www.laguiadepamplona.com\/actualidad\/#\/schema\/logo\/image\/","url":"https:\/\/www.laguiadepamplona.com\/actualidad\/wp-content\/uploads\/2018\/11\/logo-laguiadepamplona18-web1.png","contentUrl":"https:\/\/www.laguiadepamplona.com\/actualidad\/wp-content\/uploads\/2018\/11\/logo-laguiadepamplona18-web1.png","width":600,"height":196,"caption":"La Gu\u00eda de Pamplona \/ Noticias"},"image":{"@id":"https:\/\/www.laguiadepamplona.com\/actualidad\/#\/schema\/logo\/image\/"},"sameAs":["https:\/\/www.facebook.com\/laguiadepamplonacom-133175176762273\/?ref=hl","https:\/\/x.com\/LaGuiadPamplona","https:\/\/www.instagram.com\/la_guia_de_pamplona\/","https:\/\/www.youtube.com\/user\/laguiadepamplona"]},{"@type":"Person","@id":"https:\/\/www.laguiadepamplona.com\/actualidad\/#\/schema\/person\/efe887376f0213d4657c93adc50b1fdb","name":"La Gu\u00eda de Pamplona","image":{"@type":"ImageObject","inLanguage":"es","@id":"https:\/\/secure.gravatar.com\/avatar\/b6992f131dc8d30ab0dff15446e9d346d9dbd95992de0fef795073f5ea83a81c?s=96&d=mm&r=g","url":"https:\/\/secure.gravatar.com\/avatar\/b6992f131dc8d30ab0dff15446e9d346d9dbd95992de0fef795073f5ea83a81c?s=96&d=mm&r=g","contentUrl":"https:\/\/secure.gravatar.com\/avatar\/b6992f131dc8d30ab0dff15446e9d346d9dbd95992de0fef795073f5ea83a81c?s=96&d=mm&r=g","caption":"La Gu\u00eda de Pamplona"}}]}},"post_mailing_queue_ids":[],"_links":{"self":[{"href":"https:\/\/www.laguiadepamplona.com\/actualidad\/wp-json\/wp\/v2\/posts\/42822","targetHints":{"allow":["GET"]}}],"collection":[{"href":"https:\/\/www.laguiadepamplona.com\/actualidad\/wp-json\/wp\/v2\/posts"}],"about":[{"href":"https:\/\/www.laguiadepamplona.com\/actualidad\/wp-json\/wp\/v2\/types\/post"}],"author":[{"embeddable":true,"href":"https:\/\/www.laguiadepamplona.com\/actualidad\/wp-json\/wp\/v2\/users\/1"}],"replies":[{"embeddable":true,"href":"https:\/\/www.laguiadepamplona.com\/actualidad\/wp-json\/wp\/v2\/comments?post=42822"}],"version-history":[{"count":0,"href":"https:\/\/www.laguiadepamplona.com\/actualidad\/wp-json\/wp\/v2\/posts\/42822\/revisions"}],"wp:featuredmedia":[{"embeddable":true,"href":"https:\/\/www.laguiadepamplona.com\/actualidad\/wp-json\/wp\/v2\/media\/42823"}],"wp:attachment":[{"href":"https:\/\/www.laguiadepamplona.com\/actualidad\/wp-json\/wp\/v2\/media?parent=42822"}],"wp:term":[{"taxonomy":"category","embeddable":true,"href":"https:\/\/www.laguiadepamplona.com\/actualidad\/wp-json\/wp\/v2\/categories?post=42822"},{"taxonomy":"post_tag","embeddable":true,"href":"https:\/\/www.laguiadepamplona.com\/actualidad\/wp-json\/wp\/v2\/tags?post=42822"}],"curies":[{"name":"wp","href":"https:\/\/api.w.org\/{rel}","templated":true}]}}