{"id":42819,"date":"2023-02-09T13:48:43","date_gmt":"2023-02-09T11:48:43","guid":{"rendered":"https:\/\/www.laguiadepamplona.com\/actualidad\/?p=42819"},"modified":"2023-04-11T11:47:14","modified_gmt":"2023-04-11T09:47:14","slug":"un-ciclo-propone-recuperar-las-huellas-de-las-artes-escenicas-medievales-a-traves-de-conferencias-conciertos-y-exposiciones-en-los-civivox-iturrama-y-mendillorri","status":"publish","type":"post","link":"https:\/\/www.laguiadepamplona.com\/actualidad\/un-ciclo-propone-recuperar-las-huellas-de-las-artes-escenicas-medievales-a-traves-de-conferencias-conciertos-y-exposiciones-en-los-civivox-iturrama-y-mendillorri\/","title":{"rendered":"Un ciclo propone recuperar las huellas de las artes esc\u00e9nicas medievales a trav\u00e9s de conferencias, conciertos y exposiciones en los Civivox Iturrama y Mendillorri"},"content":{"rendered":"<h5>Las actividades se desarrollar\u00e1n desde este jueves y durante los meses de febrero y marzo, con entrada libre, previa inscripci\u00f3n<\/h5>\n<p><!--more--><\/p>\n<p>\u2018Teatro medieval: rito, drama y solemnidad. Su huella en Navarra\u2019 es un programa que trata de recuperar las huellas que las artes esc\u00e9nicas medievales dejaron en nuestro entorno. El Ayuntamiento de Pamplona, a trav\u00e9s de la red Civivox, junto a la asociaci\u00f3n Astrolabio Rom\u00e1nico, ha organizado este ciclo con conciertos, conferencias, exposiciones y danza durante los meses de febrero y marzo. Todas las actividades tiene la entrada libre, previa inscripci\u00f3n en el 010, la propia red Civivox o <a href=\"http:\/\/www.pamplonaescultura.es\" target=\"_blank\" rel=\"noopener\">www.pamplonaescultura.es<\/a>. En febrero se celebrar\u00e1n en Civivox Iturrama y en marzo en Civivox Mendillorri.<\/p>\n<p>Las artes esc\u00e9nicas no solo son las representaciones teatrales en el sentido en que ahora se conocen o su representaci\u00f3n en capiteles, esculturas o pinturas. Tambi\u00e9n forman parten de ellas las costumbres (rituales con el agua, fiesta del obispillo\u2026), como otras relacionadas con el poder eclesi\u00e1stico o civil (procesiones, rituales penitenciales, desfiles\u2026). El ciclo comienza este jueves, a las 19 horas, con una conferencia sobre la iconograf\u00eda de la muerte en la Edad Media. Eduardo Bayona viajar\u00e1 a trav\u00e9s del contexto religioso, filos\u00f3fico e hist\u00f3rico de la muerte en la Edad Media. Su presencia es cotidiana y a veces pasa desapercibida, pero se cuenta con muestras de primer nivel de temas como la Rueda de la Fortuna, el Encuentro de los Tres Vivos y los Tres Muertos, o una Danza de Muertos.<br \/>\n<script async src=\"\/\/pagead2.googlesyndication.com\/pagead\/js\/adsbygoogle.js\"><\/script><br \/>\n<!-- Noticias La Guia de Pamplona --><br \/>\n<ins class=\"adsbygoogle\"\nstyle=\"display:block\"\ndata-ad-client=\"ca-pub-6943679897239327\"\ndata-ad-slot=\"7048180777\"\ndata-ad-format=\"auto\"><\/ins><br \/>\n<script>\n(adsbygoogle = window.adsbygoogle || []).push({});\n<\/script><\/p>\n<p>El 17 de febrero, a las 19 horas, el coro Gizonak interpretar\u00e1 varios temas medievales, entre ellos \u2018Chan\u00e7on d\u2019amour del Rey Teobaldo IV\u2019, recogido por Higinio Angl\u00e9s, y \u2018Ad morten festinamus\u2019, monodia del Llibre Vermell del Monasterio de Monserrat, uno de los manuscritos medievales m\u00e1s antiguos con contenido musical conservados. Media hora despu\u00e9s, a las 19.30 horas, se proyectar\u00e1 un espect\u00e1culo sobre las danzas de la muerte con el grupo de danzas Muthiko Alaiak. Las Danzas de la Muerte son un g\u00e9nero iconogr\u00e1fico que se representaba en el final de la Edad Media y en siglos posteriores. Su mensaje trata de hacer pensar en la brevedad de la vida y en que la muerte nos llamar\u00e1 a todos sin excepci\u00f3n, sea cual sea nuestra condici\u00f3n social o edad, y sin hora prevista.<\/p>\n<p>Una conferencia analizar\u00e1 el 24 de febrero las nuevas interpretaciones de las pinturas de Eristain y la escultura de Katalain en la Valdorba. De la mano de Javier Intxusta, se realizar\u00e1 una lectura innovadora sobre c\u00f3mo determinados ritos religiosos teatralizados influyeron durante el periodo rom\u00e1nico en edificios y en programas iconogr\u00e1ficos, como es el caso de Katalain en Valdorba. Se ver\u00e1 c\u00f3mo la pintura en muchas ocasiones toma como modelo representaciones teatrales de su \u00e9poca, intentando ser fieles a \u00e9stas en lugar de a los textos evang\u00e9licos o b\u00edblicos. Este es el caso de los frescos de Eristain, tambi\u00e9n en la Valdorba.<br \/>\n<script async src=\"\/\/pagead2.googlesyndication.com\/pagead\/js\/adsbygoogle.js\"><\/script><br \/>\n<!-- Noticias La Guia de Pamplona --><br \/>\n<ins class=\"adsbygoogle\"\nstyle=\"display:block\"\ndata-ad-client=\"ca-pub-6943679897239327\"\ndata-ad-slot=\"7048180777\"\ndata-ad-format=\"auto\"><\/ins><br \/>\n<script>\n(adsbygoogle = window.adsbygoogle || []).push({});\n<\/script><\/p>\n<p><strong>Conferencias y actividades en el mes de marzo en Civivox Mendillorri<\/strong><\/p>\n<p>El ciclo contin\u00faa en el mes de marzo en Mendillorri con conciertos, conferencias, proyecciones y una nueva exposici\u00f3n. El 10 de marzo, a las 19 y 19.30 horas, el coro Gizonak recitar\u00e1 temas medievales y el grupo de danzas Muthiko Alaiak participar\u00e1 en la proyecci\u00f3n del espect\u00e1culo de danzas de la muerte.<\/p>\n<p>El 17 de marzo, a las 19 horas, est\u00e1 prevista la conferencia en euskera \u201cAstokeriak eta astokizunak\u201d, a cargo de Pello Belaskoain. Siempre se ha o\u00eddo que el carnaval y la iglesia han sido enemigos, pero no siempre ha sido as\u00ed. Antes los cristianos celebraban el carnaval y se celebraban ceremonias religiosas especiales durante muchos siglos. A la jerarqu\u00eda superior le cost\u00f3 mucho despedirla de la iglesia.<\/p>\n<p>Por \u00faltimo, el 24 de marzo, tambi\u00e9n a las 19 horas, Isabel Beitia impartir\u00e1 la conferencia \u2018Representaciones de la justicia y a las ordal\u00edas\u2019. Despu\u00e9s de la desaparici\u00f3n del Derecho Romano, la justicia en la Edad Media dej\u00f3 de ser \u2018igual\u2019 para todas las personas. Pas\u00f3 a depender de qui\u00e9n eras, d\u00f3nde viv\u00edas, a d\u00f3nde ibas y por qu\u00e9. El juramento, los testigos y la ordal\u00eda o prueba judicial eran fundamentales en los procesos.<br \/>\n<script async src=\"\/\/pagead2.googlesyndication.com\/pagead\/js\/adsbygoogle.js\"><\/script><br \/>\n<!-- Noticias La Guia de Pamplona --><br \/>\n<ins class=\"adsbygoogle\"\nstyle=\"display:block\"\ndata-ad-client=\"ca-pub-6943679897239327\"\ndata-ad-slot=\"7048180777\"\ndata-ad-format=\"auto\"><\/ins><br \/>\n<script>\n(adsbygoogle = window.adsbygoogle || []).push({});\n<\/script><\/p>\n<p><strong>Dos exposiciones fotogr\u00e1ficas<\/strong><\/p>\n<p>En este mes de febrero, Civivox Iturrama acoge la muestra fotogr\u00e1fica \u2018El paisaje de la muerte en la Edad Media en Navarra\u2019. A la presi\u00f3n del discurso religioso \u2013apoyado en la brevedad de la vida y en la necesaria renuncia a los bienes, considerados como pura vanidad, se uni\u00f3 la evidencia terrible de las epidemias de peste. Esas creencias dejaron su huella en pinturas murales que advierten de que la muerte es la \u00fanica realidad cierta que nos hace iguales y nos invita a participar en su danza. Se puede contemplar la exposici\u00f3n hasta el 25 de febrero, con visitas guiadas los s\u00e1bados a las 11.30 horas, con entrada libre.<\/p>\n<p>Durante el mes de marzo, el ciclo mostrar\u00e1 una segunda exposici\u00f3n en Civivox Mendillorri, \u2018Ordal\u00edas, juicio, ritos y costumbres en Navarra\u2019. En Navarra existen vestigios muy significativos de la celebraci\u00f3n de torneos, justas y ordal\u00edas como modo de dirimir conflictos, apoy\u00e1ndose en el criterio del Juicio de Dios. Pero, si es importante reclamar justicia y exigir que se imparta, tambi\u00e9n lo es disfrutar de la subversi\u00f3n, aunque solo sea por un d\u00eda, a trav\u00e9s de un buen n\u00famero de rituales y tradiciones de origen medieval como la del obispillo que, aunque puede ser la m\u00e1s conocida, no es la \u00fanica. Al igual que la exposici\u00f3n anterior, habr\u00e1 visitas guiadas los s\u00e1bados, a las 11.30 horas, con entrada libre.<\/p>\n","protected":false},"excerpt":{"rendered":"<p>Las actividades se desarrollar\u00e1n desde este jueves y durante los meses de febrero y marzo, con entrada libre, previa inscripci\u00f3n<\/p>\n","protected":false},"author":1,"featured_media":42820,"comment_status":"open","ping_status":"closed","sticky":false,"template":"","format":"standard","meta":{"footnotes":""},"categories":[2],"tags":[],"class_list":["post-42819","post","type-post","status-publish","format-standard","has-post-thumbnail","hentry","category-ayuntamiento-pamplona"],"yoast_head":"<!-- This site is optimized with the Yoast SEO plugin v27.3 - https:\/\/yoast.com\/product\/yoast-seo-wordpress\/ -->\n<title>Un ciclo propone recuperar las huellas de las artes esc\u00e9nicas medievales a trav\u00e9s de conferencias, conciertos y exposiciones en los Civivox Iturrama y Mendillorri<\/title>\n<meta name=\"description\" content=\"Las actividades se desarrollar\u00e1n desde este jueves y durante los meses de febrero y marzo, con entrada libre, previa inscripci\u00f3n\" \/>\n<meta name=\"robots\" content=\"index, follow, max-snippet:-1, max-image-preview:large, max-video-preview:-1\" \/>\n<link rel=\"canonical\" href=\"https:\/\/www.laguiadepamplona.com\/actualidad\/un-ciclo-propone-recuperar-las-huellas-de-las-artes-escenicas-medievales-a-traves-de-conferencias-conciertos-y-exposiciones-en-los-civivox-iturrama-y-mendillorri\/\" \/>\n<meta property=\"og:locale\" content=\"es_ES\" \/>\n<meta property=\"og:type\" content=\"article\" \/>\n<meta property=\"og:title\" content=\"Un ciclo propone recuperar las huellas de las artes esc\u00e9nicas medievales a trav\u00e9s de conferencias, conciertos y exposiciones en los Civivox Iturrama y Mendillorri\" \/>\n<meta property=\"og:description\" content=\"Las actividades se desarrollar\u00e1n desde este jueves y durante los meses de febrero y marzo, con entrada libre, previa inscripci\u00f3n\" \/>\n<meta property=\"og:url\" content=\"https:\/\/www.laguiadepamplona.com\/actualidad\/un-ciclo-propone-recuperar-las-huellas-de-las-artes-escenicas-medievales-a-traves-de-conferencias-conciertos-y-exposiciones-en-los-civivox-iturrama-y-mendillorri\/\" \/>\n<meta property=\"og:site_name\" content=\"La Gu\u00eda de Pamplona\" \/>\n<meta property=\"article:publisher\" content=\"https:\/\/www.facebook.com\/laguiadepamplonacom-133175176762273\/?ref=hl\" \/>\n<meta property=\"article:published_time\" content=\"2023-02-09T11:48:43+00:00\" \/>\n<meta property=\"article:modified_time\" content=\"2023-04-11T09:47:14+00:00\" \/>\n<meta property=\"og:image\" content=\"https:\/\/www.laguiadepamplona.com\/actualidad\/wp-content\/uploads\/2023\/02\/3verges.webp\" \/>\n\t<meta property=\"og:image:width\" content=\"1920\" \/>\n\t<meta property=\"og:image:height\" content=\"1277\" \/>\n\t<meta property=\"og:image:type\" content=\"image\/webp\" \/>\n<meta name=\"author\" content=\"La Gu\u00eda de Pamplona\" \/>\n<meta name=\"twitter:card\" content=\"summary_large_image\" \/>\n<meta name=\"twitter:creator\" content=\"@LaGuiadPamplona\" \/>\n<meta name=\"twitter:site\" content=\"@LaGuiadPamplona\" \/>\n<meta name=\"twitter:label1\" content=\"Escrito por\" \/>\n\t<meta name=\"twitter:data1\" content=\"La Gu\u00eda de Pamplona\" \/>\n\t<meta name=\"twitter:label2\" content=\"Tiempo de lectura\" \/>\n\t<meta name=\"twitter:data2\" content=\"5 minutos\" \/>\n<script type=\"application\/ld+json\" class=\"yoast-schema-graph\">{\"@context\":\"https:\\\/\\\/schema.org\",\"@graph\":[{\"@type\":\"Article\",\"@id\":\"https:\\\/\\\/www.laguiadepamplona.com\\\/actualidad\\\/un-ciclo-propone-recuperar-las-huellas-de-las-artes-escenicas-medievales-a-traves-de-conferencias-conciertos-y-exposiciones-en-los-civivox-iturrama-y-mendillorri\\\/#article\",\"isPartOf\":{\"@id\":\"https:\\\/\\\/www.laguiadepamplona.com\\\/actualidad\\\/un-ciclo-propone-recuperar-las-huellas-de-las-artes-escenicas-medievales-a-traves-de-conferencias-conciertos-y-exposiciones-en-los-civivox-iturrama-y-mendillorri\\\/\"},\"author\":{\"name\":\"La Gu\u00eda de Pamplona\",\"@id\":\"https:\\\/\\\/www.laguiadepamplona.com\\\/actualidad\\\/#\\\/schema\\\/person\\\/efe887376f0213d4657c93adc50b1fdb\"},\"headline\":\"Un ciclo propone recuperar las huellas de las artes esc\u00e9nicas medievales a trav\u00e9s de conferencias, conciertos y exposiciones en los Civivox Iturrama y Mendillorri\",\"datePublished\":\"2023-02-09T11:48:43+00:00\",\"dateModified\":\"2023-04-11T09:47:14+00:00\",\"mainEntityOfPage\":{\"@id\":\"https:\\\/\\\/www.laguiadepamplona.com\\\/actualidad\\\/un-ciclo-propone-recuperar-las-huellas-de-las-artes-escenicas-medievales-a-traves-de-conferencias-conciertos-y-exposiciones-en-los-civivox-iturrama-y-mendillorri\\\/\"},\"wordCount\":991,\"commentCount\":0,\"publisher\":{\"@id\":\"https:\\\/\\\/www.laguiadepamplona.com\\\/actualidad\\\/#organization\"},\"image\":{\"@id\":\"https:\\\/\\\/www.laguiadepamplona.com\\\/actualidad\\\/un-ciclo-propone-recuperar-las-huellas-de-las-artes-escenicas-medievales-a-traves-de-conferencias-conciertos-y-exposiciones-en-los-civivox-iturrama-y-mendillorri\\\/#primaryimage\"},\"thumbnailUrl\":\"https:\\\/\\\/www.laguiadepamplona.com\\\/actualidad\\\/wp-content\\\/uploads\\\/2023\\\/02\\\/3verges.webp\",\"articleSection\":[\"Ayto Pamplona\"],\"inLanguage\":\"es\",\"potentialAction\":[{\"@type\":\"CommentAction\",\"name\":\"Comment\",\"target\":[\"https:\\\/\\\/www.laguiadepamplona.com\\\/actualidad\\\/un-ciclo-propone-recuperar-las-huellas-de-las-artes-escenicas-medievales-a-traves-de-conferencias-conciertos-y-exposiciones-en-los-civivox-iturrama-y-mendillorri\\\/#respond\"]}]},{\"@type\":\"WebPage\",\"@id\":\"https:\\\/\\\/www.laguiadepamplona.com\\\/actualidad\\\/un-ciclo-propone-recuperar-las-huellas-de-las-artes-escenicas-medievales-a-traves-de-conferencias-conciertos-y-exposiciones-en-los-civivox-iturrama-y-mendillorri\\\/\",\"url\":\"https:\\\/\\\/www.laguiadepamplona.com\\\/actualidad\\\/un-ciclo-propone-recuperar-las-huellas-de-las-artes-escenicas-medievales-a-traves-de-conferencias-conciertos-y-exposiciones-en-los-civivox-iturrama-y-mendillorri\\\/\",\"name\":\"Un ciclo propone recuperar las huellas de las artes esc\u00e9nicas medievales a trav\u00e9s de conferencias, conciertos y exposiciones en los Civivox Iturrama y Mendillorri\",\"isPartOf\":{\"@id\":\"https:\\\/\\\/www.laguiadepamplona.com\\\/actualidad\\\/#website\"},\"primaryImageOfPage\":{\"@id\":\"https:\\\/\\\/www.laguiadepamplona.com\\\/actualidad\\\/un-ciclo-propone-recuperar-las-huellas-de-las-artes-escenicas-medievales-a-traves-de-conferencias-conciertos-y-exposiciones-en-los-civivox-iturrama-y-mendillorri\\\/#primaryimage\"},\"image\":{\"@id\":\"https:\\\/\\\/www.laguiadepamplona.com\\\/actualidad\\\/un-ciclo-propone-recuperar-las-huellas-de-las-artes-escenicas-medievales-a-traves-de-conferencias-conciertos-y-exposiciones-en-los-civivox-iturrama-y-mendillorri\\\/#primaryimage\"},\"thumbnailUrl\":\"https:\\\/\\\/www.laguiadepamplona.com\\\/actualidad\\\/wp-content\\\/uploads\\\/2023\\\/02\\\/3verges.webp\",\"datePublished\":\"2023-02-09T11:48:43+00:00\",\"dateModified\":\"2023-04-11T09:47:14+00:00\",\"description\":\"Las actividades se desarrollar\u00e1n desde este jueves y durante los meses de febrero y marzo, con entrada libre, previa inscripci\u00f3n\",\"breadcrumb\":{\"@id\":\"https:\\\/\\\/www.laguiadepamplona.com\\\/actualidad\\\/un-ciclo-propone-recuperar-las-huellas-de-las-artes-escenicas-medievales-a-traves-de-conferencias-conciertos-y-exposiciones-en-los-civivox-iturrama-y-mendillorri\\\/#breadcrumb\"},\"inLanguage\":\"es\",\"potentialAction\":[{\"@type\":\"ReadAction\",\"target\":[\"https:\\\/\\\/www.laguiadepamplona.com\\\/actualidad\\\/un-ciclo-propone-recuperar-las-huellas-de-las-artes-escenicas-medievales-a-traves-de-conferencias-conciertos-y-exposiciones-en-los-civivox-iturrama-y-mendillorri\\\/\"]}]},{\"@type\":\"ImageObject\",\"inLanguage\":\"es\",\"@id\":\"https:\\\/\\\/www.laguiadepamplona.com\\\/actualidad\\\/un-ciclo-propone-recuperar-las-huellas-de-las-artes-escenicas-medievales-a-traves-de-conferencias-conciertos-y-exposiciones-en-los-civivox-iturrama-y-mendillorri\\\/#primaryimage\",\"url\":\"https:\\\/\\\/www.laguiadepamplona.com\\\/actualidad\\\/wp-content\\\/uploads\\\/2023\\\/02\\\/3verges.webp\",\"contentUrl\":\"https:\\\/\\\/www.laguiadepamplona.com\\\/actualidad\\\/wp-content\\\/uploads\\\/2023\\\/02\\\/3verges.webp\",\"width\":1920,\"height\":1277},{\"@type\":\"BreadcrumbList\",\"@id\":\"https:\\\/\\\/www.laguiadepamplona.com\\\/actualidad\\\/un-ciclo-propone-recuperar-las-huellas-de-las-artes-escenicas-medievales-a-traves-de-conferencias-conciertos-y-exposiciones-en-los-civivox-iturrama-y-mendillorri\\\/#breadcrumb\",\"itemListElement\":[{\"@type\":\"ListItem\",\"position\":1,\"name\":\"Portada\",\"item\":\"https:\\\/\\\/www.laguiadepamplona.com\\\/actualidad\\\/\"},{\"@type\":\"ListItem\",\"position\":2,\"name\":\"Un ciclo propone recuperar las huellas de las artes esc\u00e9nicas medievales a trav\u00e9s de conferencias, conciertos y exposiciones en los Civivox Iturrama y Mendillorri\"}]},{\"@type\":\"WebSite\",\"@id\":\"https:\\\/\\\/www.laguiadepamplona.com\\\/actualidad\\\/#website\",\"url\":\"https:\\\/\\\/www.laguiadepamplona.com\\\/actualidad\\\/\",\"name\":\"La gu\u00eda de Pamplona\",\"description\":\"Noticias de Pamplona\",\"publisher\":{\"@id\":\"https:\\\/\\\/www.laguiadepamplona.com\\\/actualidad\\\/#organization\"},\"potentialAction\":[{\"@type\":\"SearchAction\",\"target\":{\"@type\":\"EntryPoint\",\"urlTemplate\":\"https:\\\/\\\/www.laguiadepamplona.com\\\/actualidad\\\/?s={search_term_string}\"},\"query-input\":{\"@type\":\"PropertyValueSpecification\",\"valueRequired\":true,\"valueName\":\"search_term_string\"}}],\"inLanguage\":\"es\"},{\"@type\":\"Organization\",\"@id\":\"https:\\\/\\\/www.laguiadepamplona.com\\\/actualidad\\\/#organization\",\"name\":\"La Gu\u00eda de Pamplona \\\/ Noticias\",\"url\":\"https:\\\/\\\/www.laguiadepamplona.com\\\/actualidad\\\/\",\"logo\":{\"@type\":\"ImageObject\",\"inLanguage\":\"es\",\"@id\":\"https:\\\/\\\/www.laguiadepamplona.com\\\/actualidad\\\/#\\\/schema\\\/logo\\\/image\\\/\",\"url\":\"https:\\\/\\\/www.laguiadepamplona.com\\\/actualidad\\\/wp-content\\\/uploads\\\/2018\\\/11\\\/logo-laguiadepamplona18-web1.png\",\"contentUrl\":\"https:\\\/\\\/www.laguiadepamplona.com\\\/actualidad\\\/wp-content\\\/uploads\\\/2018\\\/11\\\/logo-laguiadepamplona18-web1.png\",\"width\":600,\"height\":196,\"caption\":\"La Gu\u00eda de Pamplona \\\/ Noticias\"},\"image\":{\"@id\":\"https:\\\/\\\/www.laguiadepamplona.com\\\/actualidad\\\/#\\\/schema\\\/logo\\\/image\\\/\"},\"sameAs\":[\"https:\\\/\\\/www.facebook.com\\\/laguiadepamplonacom-133175176762273\\\/?ref=hl\",\"https:\\\/\\\/x.com\\\/LaGuiadPamplona\",\"https:\\\/\\\/www.instagram.com\\\/la_guia_de_pamplona\\\/\",\"https:\\\/\\\/www.youtube.com\\\/user\\\/laguiadepamplona\"]},{\"@type\":\"Person\",\"@id\":\"https:\\\/\\\/www.laguiadepamplona.com\\\/actualidad\\\/#\\\/schema\\\/person\\\/efe887376f0213d4657c93adc50b1fdb\",\"name\":\"La Gu\u00eda de Pamplona\",\"image\":{\"@type\":\"ImageObject\",\"inLanguage\":\"es\",\"@id\":\"https:\\\/\\\/secure.gravatar.com\\\/avatar\\\/b6992f131dc8d30ab0dff15446e9d346d9dbd95992de0fef795073f5ea83a81c?s=96&d=mm&r=g\",\"url\":\"https:\\\/\\\/secure.gravatar.com\\\/avatar\\\/b6992f131dc8d30ab0dff15446e9d346d9dbd95992de0fef795073f5ea83a81c?s=96&d=mm&r=g\",\"contentUrl\":\"https:\\\/\\\/secure.gravatar.com\\\/avatar\\\/b6992f131dc8d30ab0dff15446e9d346d9dbd95992de0fef795073f5ea83a81c?s=96&d=mm&r=g\",\"caption\":\"La Gu\u00eda de Pamplona\"}}]}<\/script>\n<!-- \/ Yoast SEO plugin. -->","yoast_head_json":{"title":"Un ciclo propone recuperar las huellas de las artes esc\u00e9nicas medievales a trav\u00e9s de conferencias, conciertos y exposiciones en los Civivox Iturrama y Mendillorri","description":"Las actividades se desarrollar\u00e1n desde este jueves y durante los meses de febrero y marzo, con entrada libre, previa inscripci\u00f3n","robots":{"index":"index","follow":"follow","max-snippet":"max-snippet:-1","max-image-preview":"max-image-preview:large","max-video-preview":"max-video-preview:-1"},"canonical":"https:\/\/www.laguiadepamplona.com\/actualidad\/un-ciclo-propone-recuperar-las-huellas-de-las-artes-escenicas-medievales-a-traves-de-conferencias-conciertos-y-exposiciones-en-los-civivox-iturrama-y-mendillorri\/","og_locale":"es_ES","og_type":"article","og_title":"Un ciclo propone recuperar las huellas de las artes esc\u00e9nicas medievales a trav\u00e9s de conferencias, conciertos y exposiciones en los Civivox Iturrama y Mendillorri","og_description":"Las actividades se desarrollar\u00e1n desde este jueves y durante los meses de febrero y marzo, con entrada libre, previa inscripci\u00f3n","og_url":"https:\/\/www.laguiadepamplona.com\/actualidad\/un-ciclo-propone-recuperar-las-huellas-de-las-artes-escenicas-medievales-a-traves-de-conferencias-conciertos-y-exposiciones-en-los-civivox-iturrama-y-mendillorri\/","og_site_name":"La Gu\u00eda de Pamplona","article_publisher":"https:\/\/www.facebook.com\/laguiadepamplonacom-133175176762273\/?ref=hl","article_published_time":"2023-02-09T11:48:43+00:00","article_modified_time":"2023-04-11T09:47:14+00:00","og_image":[{"width":1920,"height":1277,"url":"https:\/\/www.laguiadepamplona.com\/actualidad\/wp-content\/uploads\/2023\/02\/3verges.webp","type":"image\/webp"}],"author":"La Gu\u00eda de Pamplona","twitter_card":"summary_large_image","twitter_creator":"@LaGuiadPamplona","twitter_site":"@LaGuiadPamplona","twitter_misc":{"Escrito por":"La Gu\u00eda de Pamplona","Tiempo de lectura":"5 minutos"},"schema":{"@context":"https:\/\/schema.org","@graph":[{"@type":"Article","@id":"https:\/\/www.laguiadepamplona.com\/actualidad\/un-ciclo-propone-recuperar-las-huellas-de-las-artes-escenicas-medievales-a-traves-de-conferencias-conciertos-y-exposiciones-en-los-civivox-iturrama-y-mendillorri\/#article","isPartOf":{"@id":"https:\/\/www.laguiadepamplona.com\/actualidad\/un-ciclo-propone-recuperar-las-huellas-de-las-artes-escenicas-medievales-a-traves-de-conferencias-conciertos-y-exposiciones-en-los-civivox-iturrama-y-mendillorri\/"},"author":{"name":"La Gu\u00eda de Pamplona","@id":"https:\/\/www.laguiadepamplona.com\/actualidad\/#\/schema\/person\/efe887376f0213d4657c93adc50b1fdb"},"headline":"Un ciclo propone recuperar las huellas de las artes esc\u00e9nicas medievales a trav\u00e9s de conferencias, conciertos y exposiciones en los Civivox Iturrama y Mendillorri","datePublished":"2023-02-09T11:48:43+00:00","dateModified":"2023-04-11T09:47:14+00:00","mainEntityOfPage":{"@id":"https:\/\/www.laguiadepamplona.com\/actualidad\/un-ciclo-propone-recuperar-las-huellas-de-las-artes-escenicas-medievales-a-traves-de-conferencias-conciertos-y-exposiciones-en-los-civivox-iturrama-y-mendillorri\/"},"wordCount":991,"commentCount":0,"publisher":{"@id":"https:\/\/www.laguiadepamplona.com\/actualidad\/#organization"},"image":{"@id":"https:\/\/www.laguiadepamplona.com\/actualidad\/un-ciclo-propone-recuperar-las-huellas-de-las-artes-escenicas-medievales-a-traves-de-conferencias-conciertos-y-exposiciones-en-los-civivox-iturrama-y-mendillorri\/#primaryimage"},"thumbnailUrl":"https:\/\/www.laguiadepamplona.com\/actualidad\/wp-content\/uploads\/2023\/02\/3verges.webp","articleSection":["Ayto Pamplona"],"inLanguage":"es","potentialAction":[{"@type":"CommentAction","name":"Comment","target":["https:\/\/www.laguiadepamplona.com\/actualidad\/un-ciclo-propone-recuperar-las-huellas-de-las-artes-escenicas-medievales-a-traves-de-conferencias-conciertos-y-exposiciones-en-los-civivox-iturrama-y-mendillorri\/#respond"]}]},{"@type":"WebPage","@id":"https:\/\/www.laguiadepamplona.com\/actualidad\/un-ciclo-propone-recuperar-las-huellas-de-las-artes-escenicas-medievales-a-traves-de-conferencias-conciertos-y-exposiciones-en-los-civivox-iturrama-y-mendillorri\/","url":"https:\/\/www.laguiadepamplona.com\/actualidad\/un-ciclo-propone-recuperar-las-huellas-de-las-artes-escenicas-medievales-a-traves-de-conferencias-conciertos-y-exposiciones-en-los-civivox-iturrama-y-mendillorri\/","name":"Un ciclo propone recuperar las huellas de las artes esc\u00e9nicas medievales a trav\u00e9s de conferencias, conciertos y exposiciones en los Civivox Iturrama y Mendillorri","isPartOf":{"@id":"https:\/\/www.laguiadepamplona.com\/actualidad\/#website"},"primaryImageOfPage":{"@id":"https:\/\/www.laguiadepamplona.com\/actualidad\/un-ciclo-propone-recuperar-las-huellas-de-las-artes-escenicas-medievales-a-traves-de-conferencias-conciertos-y-exposiciones-en-los-civivox-iturrama-y-mendillorri\/#primaryimage"},"image":{"@id":"https:\/\/www.laguiadepamplona.com\/actualidad\/un-ciclo-propone-recuperar-las-huellas-de-las-artes-escenicas-medievales-a-traves-de-conferencias-conciertos-y-exposiciones-en-los-civivox-iturrama-y-mendillorri\/#primaryimage"},"thumbnailUrl":"https:\/\/www.laguiadepamplona.com\/actualidad\/wp-content\/uploads\/2023\/02\/3verges.webp","datePublished":"2023-02-09T11:48:43+00:00","dateModified":"2023-04-11T09:47:14+00:00","description":"Las actividades se desarrollar\u00e1n desde este jueves y durante los meses de febrero y marzo, con entrada libre, previa inscripci\u00f3n","breadcrumb":{"@id":"https:\/\/www.laguiadepamplona.com\/actualidad\/un-ciclo-propone-recuperar-las-huellas-de-las-artes-escenicas-medievales-a-traves-de-conferencias-conciertos-y-exposiciones-en-los-civivox-iturrama-y-mendillorri\/#breadcrumb"},"inLanguage":"es","potentialAction":[{"@type":"ReadAction","target":["https:\/\/www.laguiadepamplona.com\/actualidad\/un-ciclo-propone-recuperar-las-huellas-de-las-artes-escenicas-medievales-a-traves-de-conferencias-conciertos-y-exposiciones-en-los-civivox-iturrama-y-mendillorri\/"]}]},{"@type":"ImageObject","inLanguage":"es","@id":"https:\/\/www.laguiadepamplona.com\/actualidad\/un-ciclo-propone-recuperar-las-huellas-de-las-artes-escenicas-medievales-a-traves-de-conferencias-conciertos-y-exposiciones-en-los-civivox-iturrama-y-mendillorri\/#primaryimage","url":"https:\/\/www.laguiadepamplona.com\/actualidad\/wp-content\/uploads\/2023\/02\/3verges.webp","contentUrl":"https:\/\/www.laguiadepamplona.com\/actualidad\/wp-content\/uploads\/2023\/02\/3verges.webp","width":1920,"height":1277},{"@type":"BreadcrumbList","@id":"https:\/\/www.laguiadepamplona.com\/actualidad\/un-ciclo-propone-recuperar-las-huellas-de-las-artes-escenicas-medievales-a-traves-de-conferencias-conciertos-y-exposiciones-en-los-civivox-iturrama-y-mendillorri\/#breadcrumb","itemListElement":[{"@type":"ListItem","position":1,"name":"Portada","item":"https:\/\/www.laguiadepamplona.com\/actualidad\/"},{"@type":"ListItem","position":2,"name":"Un ciclo propone recuperar las huellas de las artes esc\u00e9nicas medievales a trav\u00e9s de conferencias, conciertos y exposiciones en los Civivox Iturrama y Mendillorri"}]},{"@type":"WebSite","@id":"https:\/\/www.laguiadepamplona.com\/actualidad\/#website","url":"https:\/\/www.laguiadepamplona.com\/actualidad\/","name":"La gu\u00eda de Pamplona","description":"Noticias de Pamplona","publisher":{"@id":"https:\/\/www.laguiadepamplona.com\/actualidad\/#organization"},"potentialAction":[{"@type":"SearchAction","target":{"@type":"EntryPoint","urlTemplate":"https:\/\/www.laguiadepamplona.com\/actualidad\/?s={search_term_string}"},"query-input":{"@type":"PropertyValueSpecification","valueRequired":true,"valueName":"search_term_string"}}],"inLanguage":"es"},{"@type":"Organization","@id":"https:\/\/www.laguiadepamplona.com\/actualidad\/#organization","name":"La Gu\u00eda de Pamplona \/ Noticias","url":"https:\/\/www.laguiadepamplona.com\/actualidad\/","logo":{"@type":"ImageObject","inLanguage":"es","@id":"https:\/\/www.laguiadepamplona.com\/actualidad\/#\/schema\/logo\/image\/","url":"https:\/\/www.laguiadepamplona.com\/actualidad\/wp-content\/uploads\/2018\/11\/logo-laguiadepamplona18-web1.png","contentUrl":"https:\/\/www.laguiadepamplona.com\/actualidad\/wp-content\/uploads\/2018\/11\/logo-laguiadepamplona18-web1.png","width":600,"height":196,"caption":"La Gu\u00eda de Pamplona \/ Noticias"},"image":{"@id":"https:\/\/www.laguiadepamplona.com\/actualidad\/#\/schema\/logo\/image\/"},"sameAs":["https:\/\/www.facebook.com\/laguiadepamplonacom-133175176762273\/?ref=hl","https:\/\/x.com\/LaGuiadPamplona","https:\/\/www.instagram.com\/la_guia_de_pamplona\/","https:\/\/www.youtube.com\/user\/laguiadepamplona"]},{"@type":"Person","@id":"https:\/\/www.laguiadepamplona.com\/actualidad\/#\/schema\/person\/efe887376f0213d4657c93adc50b1fdb","name":"La Gu\u00eda de Pamplona","image":{"@type":"ImageObject","inLanguage":"es","@id":"https:\/\/secure.gravatar.com\/avatar\/b6992f131dc8d30ab0dff15446e9d346d9dbd95992de0fef795073f5ea83a81c?s=96&d=mm&r=g","url":"https:\/\/secure.gravatar.com\/avatar\/b6992f131dc8d30ab0dff15446e9d346d9dbd95992de0fef795073f5ea83a81c?s=96&d=mm&r=g","contentUrl":"https:\/\/secure.gravatar.com\/avatar\/b6992f131dc8d30ab0dff15446e9d346d9dbd95992de0fef795073f5ea83a81c?s=96&d=mm&r=g","caption":"La Gu\u00eda de Pamplona"}}]}},"post_mailing_queue_ids":[],"_links":{"self":[{"href":"https:\/\/www.laguiadepamplona.com\/actualidad\/wp-json\/wp\/v2\/posts\/42819","targetHints":{"allow":["GET"]}}],"collection":[{"href":"https:\/\/www.laguiadepamplona.com\/actualidad\/wp-json\/wp\/v2\/posts"}],"about":[{"href":"https:\/\/www.laguiadepamplona.com\/actualidad\/wp-json\/wp\/v2\/types\/post"}],"author":[{"embeddable":true,"href":"https:\/\/www.laguiadepamplona.com\/actualidad\/wp-json\/wp\/v2\/users\/1"}],"replies":[{"embeddable":true,"href":"https:\/\/www.laguiadepamplona.com\/actualidad\/wp-json\/wp\/v2\/comments?post=42819"}],"version-history":[{"count":0,"href":"https:\/\/www.laguiadepamplona.com\/actualidad\/wp-json\/wp\/v2\/posts\/42819\/revisions"}],"wp:featuredmedia":[{"embeddable":true,"href":"https:\/\/www.laguiadepamplona.com\/actualidad\/wp-json\/wp\/v2\/media\/42820"}],"wp:attachment":[{"href":"https:\/\/www.laguiadepamplona.com\/actualidad\/wp-json\/wp\/v2\/media?parent=42819"}],"wp:term":[{"taxonomy":"category","embeddable":true,"href":"https:\/\/www.laguiadepamplona.com\/actualidad\/wp-json\/wp\/v2\/categories?post=42819"},{"taxonomy":"post_tag","embeddable":true,"href":"https:\/\/www.laguiadepamplona.com\/actualidad\/wp-json\/wp\/v2\/tags?post=42819"}],"curies":[{"name":"wp","href":"https:\/\/api.w.org\/{rel}","templated":true}]}}