{"id":42816,"date":"2023-02-09T13:46:37","date_gmt":"2023-02-09T11:46:37","guid":{"rendered":"https:\/\/www.laguiadepamplona.com\/actualidad\/?p=42816"},"modified":"2023-04-11T11:47:14","modified_gmt":"2023-04-11T09:47:14","slug":"el-ascensor-urbano-de-trinitarios-se-levanta-ya-en-el-nuevo-parque-que-conecta-la-parte-alta-de-la-ciudad-con-los-barrios-de-san-jorge-y-rochapea","status":"publish","type":"post","link":"https:\/\/www.laguiadepamplona.com\/actualidad\/el-ascensor-urbano-de-trinitarios-se-levanta-ya-en-el-nuevo-parque-que-conecta-la-parte-alta-de-la-ciudad-con-los-barrios-de-san-jorge-y-rochapea\/","title":{"rendered":"El ascensor urbano de Trinitarios se levanta ya en el nuevo parque que conecta la parte alta de la ciudad con los barrios de San Jorge y Rochapea"},"content":{"rendered":"<h5>La infraestructura se convertir\u00e1 en el und\u00e9cimo ascensor urbano, que facilitan la accesibilidad en los distintos barrios de la ciudad<\/h5>\n<p><!--more--><\/p>\n<p>Las obras del parque de Trinitarios llegan a su fin con la instalaci\u00f3n esta semana del ascensor urbano, que conectar\u00e1 la parte alta de la ciudad en el entorno de la calle Doctor L\u00f3pez Sanz con el Paseo del Plazaola, entre los barrios de San Jorge y Rochapea. La estructura, en forma de L, comenz\u00f3 a levantarse en la jornada de ayer, con la secci\u00f3n vertical, de 20 metros de altura. Hoy se ha procedido a la instalaci\u00f3n de la pasarela horizontal, de 18 metros de longitud, desde la calle Doctor L\u00f3pez Sanz hasta la boca del ascensor. El elevador, con una estructura similar al ubicado en el parque de la Media Luna, cuenta con una estructura met\u00e1lica de acero pintado y un cuerpo vertical de vidrio para acoger la cabina. Para su instalaci\u00f3n, se han utilizado dos gr\u00faas. Una de mayor altura, con una longitud de 56 metros, que asciende a 124 con plumines, y con capacidad para soportar 350 toneladas; y otra de una longitud de 51 metros, capaz de levantar 60 toneladas.<\/p>\n<p>Esta nueva dotaci\u00f3n, que entrar\u00e1 en funcionamiento a finales de mayo, cuando se complete la urbanizaci\u00f3n del parque, se convertir\u00e1 en el und\u00e9cimo ascensor urbano de la ciudad, sum\u00e1ndose as\u00ed a los de Descalzos, Media Luna, Erletokieta, Isaac Alb\u00e9niz, plaza Felisa Mun\u00e1rriz, Monasterio de Fitero, Etxabakoitz Norte, Concepci\u00f3n Ben\u00edtez, Lezkairu y Mendillorri. El objetivo de todos ellos es facilitar la accesibilidad entre puntos de la ciudad pr\u00f3ximos, pero con un gran desnivel entre ellos. El ascensor de Trinitarios, de hecho, sortea 20 metros de desnivel, entre la zona del Club Deportivo Anaitasuna y las dependencias de Polic\u00eda Municipal, y la parte baja, pr\u00f3xima al r\u00edo. Junto al ascensor, se han construido unas nuevas escaleras en zigzag, que sustituyen a las anteriores.<br \/>\n<script async src=\"\/\/pagead2.googlesyndication.com\/pagead\/js\/adsbygoogle.js\"><\/script><br \/>\n<!-- Noticias La Guia de Pamplona --><br \/>\n<ins class=\"adsbygoogle\"\nstyle=\"display:block\"\ndata-ad-client=\"ca-pub-6943679897239327\"\ndata-ad-slot=\"7048180777\"\ndata-ad-format=\"auto\"><\/ins><br \/>\n<script>\n(adsbygoogle = window.adsbygoogle || []).push({});\n<\/script><\/p>\n<p>Las actuaciones desarrolladas en este espacio en los \u00faltimos meses han supuesto una renovaci\u00f3n completa del entorno. Desde la adjudicaci\u00f3n de las obras en diciembre de 2021 hasta la actualidad, se han generado un nuevo parque en la parte inferior y se ha comenzado la reurbanizaci\u00f3n en la parte superior, en el entorno de la calle Doctor L\u00f3pez Sanz. En conjunto, se ha intervenido en m\u00e1s de 15.000 metros cuadrados, que se han ganado como espacio de ocio y esparcimiento. Las obras se est\u00e1n desarrollando en dos fases: la primera de ellas comenz\u00f3 en marzo de 2022 y terminar\u00e1 en mayo de este a\u00f1o, y la segunda fase, correspondiente a la reurbanizaci\u00f3n de la calle Cuesta de la Reina y su conexi\u00f3n con la Taconera, ha comenzado en enero de este a\u00f1o y su terminaci\u00f3n est\u00e1 prevista para finales del mes de junio.<\/p>\n<p>El nuevo parque ocupa 9.981 metros cuadrados, incluyendo los m\u00e1s de 4.000 metros cuadrados del antiguo dep\u00f3sito de la gr\u00faa que se han integrado en la zona verde. Se ha generado una plaza circular en el entorno del paseo del Plazaola, que es donde desemboca el ascensor en la parte inferior. La plaza est\u00e1 conformada por dos muros de contenci\u00f3n curvos, encargados de fijar la pendiente entre el tramo superior e inferior. Adem\u00e1s, se han creado nuevos recorridos peatonales y ciclistas en el entorno ajardinado, que confluyen en esta plaza. Su forma curva permitir\u00e1 dar visibilidad tanto a los accesos peatonales como al ascensor, aportando seguridad a las personas usuarias.<br \/>\n<script async src=\"\/\/pagead2.googlesyndication.com\/pagead\/js\/adsbygoogle.js\"><\/script><br \/>\n<!-- Noticias La Guia de Pamplona --><br \/>\n<ins class=\"adsbygoogle\"\nstyle=\"display:block\"\ndata-ad-client=\"ca-pub-6943679897239327\"\ndata-ad-slot=\"7048180777\"\ndata-ad-format=\"auto\"><\/ins><br \/>\n<script>\n(adsbygoogle = window.adsbygoogle || []).push({});\n<\/script><\/p>\n<p><strong>Nuevo carril bici y aceras<\/strong><\/p>\n<p>En la parte superior, se est\u00e1 actuando en 5.811 metros cuadrados, con el objetivo de reurbanizar y reordenar los recorridos peatonales y ciclistas en la calle Doctor L\u00f3pez Sanz, en el entorno de las Casas de Larraina y en el final del parque de la Taconera, en su cruce con Monasterio de Irache. Las obras incluyen la reurbanizaci\u00f3n de todo este tramo, modificando la secci\u00f3n de la calle cuesta de la Reina, como principal recorrido peatonal y ciclista de acceso al ascensor.<\/p>\n<p>El objetivo es ampliar las aceras y generar cruces peatonales m\u00e1s amables, al mismo nivel que la acera, acordes a los nuevos tr\u00e1nsitos que se prev\u00e9 generar\u00e1 toda esta zona. El carril bici, inicialmente previsto sobre la acera, se bajar\u00e1 a la calzada, para adecuarlo a los nuevos criterios de movilidad. El nuevo carril bici se separar\u00e1 de los veh\u00edculos de motor por la franja arbolada existente en la actualidad en la zona de las Casas de Larraina.<\/p>\n<p>Las obras, con un coste total de 2,5 millones de euros, cuentan con financiaci\u00f3n del Plan de Recuperaci\u00f3n, Transformaci\u00f3n y Resiliencia (PRTR) a trav\u00e9s de los fondos europeos Next Generation EU, de los que el Ayuntamiento de Pamplona ha obtenido 2,3 millones de euros.<\/p>\n","protected":false},"excerpt":{"rendered":"<p>La infraestructura se convertir\u00e1 en el und\u00e9cimo ascensor urbano, que facilitan la accesibilidad en los distintos barrios de la ciudad<\/p>\n","protected":false},"author":1,"featured_media":42817,"comment_status":"open","ping_status":"closed","sticky":false,"template":"","format":"standard","meta":{"footnotes":""},"categories":[2],"tags":[],"class_list":["post-42816","post","type-post","status-publish","format-standard","has-post-thumbnail","hentry","category-ayuntamiento-pamplona"],"yoast_head":"<!-- This site is optimized with the Yoast SEO plugin v27.3 - https:\/\/yoast.com\/product\/yoast-seo-wordpress\/ -->\n<title>El ascensor urbano de Trinitarios se levanta ya en el nuevo parque que conecta la parte alta de la ciudad con los barrios de San Jorge y Rochapea<\/title>\n<meta name=\"description\" content=\"La infraestructura se convertir\u00e1 en el und\u00e9cimo ascensor urbano, que facilitan la accesibilidad en los distintos barrios de la ciudad\" \/>\n<meta name=\"robots\" content=\"index, follow, max-snippet:-1, max-image-preview:large, max-video-preview:-1\" \/>\n<link rel=\"canonical\" href=\"https:\/\/www.laguiadepamplona.com\/actualidad\/el-ascensor-urbano-de-trinitarios-se-levanta-ya-en-el-nuevo-parque-que-conecta-la-parte-alta-de-la-ciudad-con-los-barrios-de-san-jorge-y-rochapea\/\" \/>\n<meta property=\"og:locale\" content=\"es_ES\" \/>\n<meta property=\"og:type\" content=\"article\" \/>\n<meta property=\"og:title\" content=\"El ascensor urbano de Trinitarios se levanta ya en el nuevo parque que conecta la parte alta de la ciudad con los barrios de San Jorge y Rochapea\" \/>\n<meta property=\"og:description\" content=\"La infraestructura se convertir\u00e1 en el und\u00e9cimo ascensor urbano, que facilitan la accesibilidad en los distintos barrios de la ciudad\" \/>\n<meta property=\"og:url\" content=\"https:\/\/www.laguiadepamplona.com\/actualidad\/el-ascensor-urbano-de-trinitarios-se-levanta-ya-en-el-nuevo-parque-que-conecta-la-parte-alta-de-la-ciudad-con-los-barrios-de-san-jorge-y-rochapea\/\" \/>\n<meta property=\"og:site_name\" content=\"La Gu\u00eda de Pamplona\" \/>\n<meta property=\"article:publisher\" content=\"https:\/\/www.facebook.com\/laguiadepamplonacom-133175176762273\/?ref=hl\" \/>\n<meta property=\"article:published_time\" content=\"2023-02-09T11:46:37+00:00\" \/>\n<meta property=\"article:modified_time\" content=\"2023-04-11T09:47:14+00:00\" \/>\n<meta property=\"og:image\" content=\"https:\/\/www.laguiadepamplona.com\/actualidad\/wp-content\/uploads\/2023\/02\/maniobras-ascensor-trinitarios-ee5a8230_0.webp\" \/>\n\t<meta property=\"og:image:width\" content=\"1920\" \/>\n\t<meta property=\"og:image:height\" content=\"1280\" \/>\n\t<meta property=\"og:image:type\" content=\"image\/webp\" \/>\n<meta name=\"author\" content=\"La Gu\u00eda de Pamplona\" \/>\n<meta name=\"twitter:card\" content=\"summary_large_image\" \/>\n<meta name=\"twitter:creator\" content=\"@LaGuiadPamplona\" \/>\n<meta name=\"twitter:site\" content=\"@LaGuiadPamplona\" \/>\n<meta name=\"twitter:label1\" content=\"Escrito por\" \/>\n\t<meta name=\"twitter:data1\" content=\"La Gu\u00eda de Pamplona\" \/>\n\t<meta name=\"twitter:label2\" content=\"Tiempo de lectura\" \/>\n\t<meta name=\"twitter:data2\" content=\"4 minutos\" \/>\n<script type=\"application\/ld+json\" class=\"yoast-schema-graph\">{\"@context\":\"https:\\\/\\\/schema.org\",\"@graph\":[{\"@type\":\"Article\",\"@id\":\"https:\\\/\\\/www.laguiadepamplona.com\\\/actualidad\\\/el-ascensor-urbano-de-trinitarios-se-levanta-ya-en-el-nuevo-parque-que-conecta-la-parte-alta-de-la-ciudad-con-los-barrios-de-san-jorge-y-rochapea\\\/#article\",\"isPartOf\":{\"@id\":\"https:\\\/\\\/www.laguiadepamplona.com\\\/actualidad\\\/el-ascensor-urbano-de-trinitarios-se-levanta-ya-en-el-nuevo-parque-que-conecta-la-parte-alta-de-la-ciudad-con-los-barrios-de-san-jorge-y-rochapea\\\/\"},\"author\":{\"name\":\"La Gu\u00eda de Pamplona\",\"@id\":\"https:\\\/\\\/www.laguiadepamplona.com\\\/actualidad\\\/#\\\/schema\\\/person\\\/efe887376f0213d4657c93adc50b1fdb\"},\"headline\":\"El ascensor urbano de Trinitarios se levanta ya en el nuevo parque que conecta la parte alta de la ciudad con los barrios de San Jorge y Rochapea\",\"datePublished\":\"2023-02-09T11:46:37+00:00\",\"dateModified\":\"2023-04-11T09:47:14+00:00\",\"mainEntityOfPage\":{\"@id\":\"https:\\\/\\\/www.laguiadepamplona.com\\\/actualidad\\\/el-ascensor-urbano-de-trinitarios-se-levanta-ya-en-el-nuevo-parque-que-conecta-la-parte-alta-de-la-ciudad-con-los-barrios-de-san-jorge-y-rochapea\\\/\"},\"wordCount\":837,\"commentCount\":0,\"publisher\":{\"@id\":\"https:\\\/\\\/www.laguiadepamplona.com\\\/actualidad\\\/#organization\"},\"image\":{\"@id\":\"https:\\\/\\\/www.laguiadepamplona.com\\\/actualidad\\\/el-ascensor-urbano-de-trinitarios-se-levanta-ya-en-el-nuevo-parque-que-conecta-la-parte-alta-de-la-ciudad-con-los-barrios-de-san-jorge-y-rochapea\\\/#primaryimage\"},\"thumbnailUrl\":\"https:\\\/\\\/www.laguiadepamplona.com\\\/actualidad\\\/wp-content\\\/uploads\\\/2023\\\/02\\\/maniobras-ascensor-trinitarios-ee5a8230_0.webp\",\"articleSection\":[\"Ayto Pamplona\"],\"inLanguage\":\"es\",\"potentialAction\":[{\"@type\":\"CommentAction\",\"name\":\"Comment\",\"target\":[\"https:\\\/\\\/www.laguiadepamplona.com\\\/actualidad\\\/el-ascensor-urbano-de-trinitarios-se-levanta-ya-en-el-nuevo-parque-que-conecta-la-parte-alta-de-la-ciudad-con-los-barrios-de-san-jorge-y-rochapea\\\/#respond\"]}]},{\"@type\":\"WebPage\",\"@id\":\"https:\\\/\\\/www.laguiadepamplona.com\\\/actualidad\\\/el-ascensor-urbano-de-trinitarios-se-levanta-ya-en-el-nuevo-parque-que-conecta-la-parte-alta-de-la-ciudad-con-los-barrios-de-san-jorge-y-rochapea\\\/\",\"url\":\"https:\\\/\\\/www.laguiadepamplona.com\\\/actualidad\\\/el-ascensor-urbano-de-trinitarios-se-levanta-ya-en-el-nuevo-parque-que-conecta-la-parte-alta-de-la-ciudad-con-los-barrios-de-san-jorge-y-rochapea\\\/\",\"name\":\"El ascensor urbano de Trinitarios se levanta ya en el nuevo parque que conecta la parte alta de la ciudad con los barrios de San Jorge y Rochapea\",\"isPartOf\":{\"@id\":\"https:\\\/\\\/www.laguiadepamplona.com\\\/actualidad\\\/#website\"},\"primaryImageOfPage\":{\"@id\":\"https:\\\/\\\/www.laguiadepamplona.com\\\/actualidad\\\/el-ascensor-urbano-de-trinitarios-se-levanta-ya-en-el-nuevo-parque-que-conecta-la-parte-alta-de-la-ciudad-con-los-barrios-de-san-jorge-y-rochapea\\\/#primaryimage\"},\"image\":{\"@id\":\"https:\\\/\\\/www.laguiadepamplona.com\\\/actualidad\\\/el-ascensor-urbano-de-trinitarios-se-levanta-ya-en-el-nuevo-parque-que-conecta-la-parte-alta-de-la-ciudad-con-los-barrios-de-san-jorge-y-rochapea\\\/#primaryimage\"},\"thumbnailUrl\":\"https:\\\/\\\/www.laguiadepamplona.com\\\/actualidad\\\/wp-content\\\/uploads\\\/2023\\\/02\\\/maniobras-ascensor-trinitarios-ee5a8230_0.webp\",\"datePublished\":\"2023-02-09T11:46:37+00:00\",\"dateModified\":\"2023-04-11T09:47:14+00:00\",\"description\":\"La infraestructura se convertir\u00e1 en el und\u00e9cimo ascensor urbano, que facilitan la accesibilidad en los distintos barrios de la ciudad\",\"breadcrumb\":{\"@id\":\"https:\\\/\\\/www.laguiadepamplona.com\\\/actualidad\\\/el-ascensor-urbano-de-trinitarios-se-levanta-ya-en-el-nuevo-parque-que-conecta-la-parte-alta-de-la-ciudad-con-los-barrios-de-san-jorge-y-rochapea\\\/#breadcrumb\"},\"inLanguage\":\"es\",\"potentialAction\":[{\"@type\":\"ReadAction\",\"target\":[\"https:\\\/\\\/www.laguiadepamplona.com\\\/actualidad\\\/el-ascensor-urbano-de-trinitarios-se-levanta-ya-en-el-nuevo-parque-que-conecta-la-parte-alta-de-la-ciudad-con-los-barrios-de-san-jorge-y-rochapea\\\/\"]}]},{\"@type\":\"ImageObject\",\"inLanguage\":\"es\",\"@id\":\"https:\\\/\\\/www.laguiadepamplona.com\\\/actualidad\\\/el-ascensor-urbano-de-trinitarios-se-levanta-ya-en-el-nuevo-parque-que-conecta-la-parte-alta-de-la-ciudad-con-los-barrios-de-san-jorge-y-rochapea\\\/#primaryimage\",\"url\":\"https:\\\/\\\/www.laguiadepamplona.com\\\/actualidad\\\/wp-content\\\/uploads\\\/2023\\\/02\\\/maniobras-ascensor-trinitarios-ee5a8230_0.webp\",\"contentUrl\":\"https:\\\/\\\/www.laguiadepamplona.com\\\/actualidad\\\/wp-content\\\/uploads\\\/2023\\\/02\\\/maniobras-ascensor-trinitarios-ee5a8230_0.webp\",\"width\":1920,\"height\":1280},{\"@type\":\"BreadcrumbList\",\"@id\":\"https:\\\/\\\/www.laguiadepamplona.com\\\/actualidad\\\/el-ascensor-urbano-de-trinitarios-se-levanta-ya-en-el-nuevo-parque-que-conecta-la-parte-alta-de-la-ciudad-con-los-barrios-de-san-jorge-y-rochapea\\\/#breadcrumb\",\"itemListElement\":[{\"@type\":\"ListItem\",\"position\":1,\"name\":\"Portada\",\"item\":\"https:\\\/\\\/www.laguiadepamplona.com\\\/actualidad\\\/\"},{\"@type\":\"ListItem\",\"position\":2,\"name\":\"El ascensor urbano de Trinitarios se levanta ya en el nuevo parque que conecta la parte alta de la ciudad con los barrios de San Jorge y Rochapea\"}]},{\"@type\":\"WebSite\",\"@id\":\"https:\\\/\\\/www.laguiadepamplona.com\\\/actualidad\\\/#website\",\"url\":\"https:\\\/\\\/www.laguiadepamplona.com\\\/actualidad\\\/\",\"name\":\"La gu\u00eda de Pamplona\",\"description\":\"Noticias de Pamplona\",\"publisher\":{\"@id\":\"https:\\\/\\\/www.laguiadepamplona.com\\\/actualidad\\\/#organization\"},\"potentialAction\":[{\"@type\":\"SearchAction\",\"target\":{\"@type\":\"EntryPoint\",\"urlTemplate\":\"https:\\\/\\\/www.laguiadepamplona.com\\\/actualidad\\\/?s={search_term_string}\"},\"query-input\":{\"@type\":\"PropertyValueSpecification\",\"valueRequired\":true,\"valueName\":\"search_term_string\"}}],\"inLanguage\":\"es\"},{\"@type\":\"Organization\",\"@id\":\"https:\\\/\\\/www.laguiadepamplona.com\\\/actualidad\\\/#organization\",\"name\":\"La Gu\u00eda de Pamplona \\\/ Noticias\",\"url\":\"https:\\\/\\\/www.laguiadepamplona.com\\\/actualidad\\\/\",\"logo\":{\"@type\":\"ImageObject\",\"inLanguage\":\"es\",\"@id\":\"https:\\\/\\\/www.laguiadepamplona.com\\\/actualidad\\\/#\\\/schema\\\/logo\\\/image\\\/\",\"url\":\"https:\\\/\\\/www.laguiadepamplona.com\\\/actualidad\\\/wp-content\\\/uploads\\\/2018\\\/11\\\/logo-laguiadepamplona18-web1.png\",\"contentUrl\":\"https:\\\/\\\/www.laguiadepamplona.com\\\/actualidad\\\/wp-content\\\/uploads\\\/2018\\\/11\\\/logo-laguiadepamplona18-web1.png\",\"width\":600,\"height\":196,\"caption\":\"La Gu\u00eda de Pamplona \\\/ Noticias\"},\"image\":{\"@id\":\"https:\\\/\\\/www.laguiadepamplona.com\\\/actualidad\\\/#\\\/schema\\\/logo\\\/image\\\/\"},\"sameAs\":[\"https:\\\/\\\/www.facebook.com\\\/laguiadepamplonacom-133175176762273\\\/?ref=hl\",\"https:\\\/\\\/x.com\\\/LaGuiadPamplona\",\"https:\\\/\\\/www.instagram.com\\\/la_guia_de_pamplona\\\/\",\"https:\\\/\\\/www.youtube.com\\\/user\\\/laguiadepamplona\"]},{\"@type\":\"Person\",\"@id\":\"https:\\\/\\\/www.laguiadepamplona.com\\\/actualidad\\\/#\\\/schema\\\/person\\\/efe887376f0213d4657c93adc50b1fdb\",\"name\":\"La Gu\u00eda de Pamplona\",\"image\":{\"@type\":\"ImageObject\",\"inLanguage\":\"es\",\"@id\":\"https:\\\/\\\/secure.gravatar.com\\\/avatar\\\/b6992f131dc8d30ab0dff15446e9d346d9dbd95992de0fef795073f5ea83a81c?s=96&d=mm&r=g\",\"url\":\"https:\\\/\\\/secure.gravatar.com\\\/avatar\\\/b6992f131dc8d30ab0dff15446e9d346d9dbd95992de0fef795073f5ea83a81c?s=96&d=mm&r=g\",\"contentUrl\":\"https:\\\/\\\/secure.gravatar.com\\\/avatar\\\/b6992f131dc8d30ab0dff15446e9d346d9dbd95992de0fef795073f5ea83a81c?s=96&d=mm&r=g\",\"caption\":\"La Gu\u00eda de Pamplona\"}}]}<\/script>\n<!-- \/ Yoast SEO plugin. -->","yoast_head_json":{"title":"El ascensor urbano de Trinitarios se levanta ya en el nuevo parque que conecta la parte alta de la ciudad con los barrios de San Jorge y Rochapea","description":"La infraestructura se convertir\u00e1 en el und\u00e9cimo ascensor urbano, que facilitan la accesibilidad en los distintos barrios de la ciudad","robots":{"index":"index","follow":"follow","max-snippet":"max-snippet:-1","max-image-preview":"max-image-preview:large","max-video-preview":"max-video-preview:-1"},"canonical":"https:\/\/www.laguiadepamplona.com\/actualidad\/el-ascensor-urbano-de-trinitarios-se-levanta-ya-en-el-nuevo-parque-que-conecta-la-parte-alta-de-la-ciudad-con-los-barrios-de-san-jorge-y-rochapea\/","og_locale":"es_ES","og_type":"article","og_title":"El ascensor urbano de Trinitarios se levanta ya en el nuevo parque que conecta la parte alta de la ciudad con los barrios de San Jorge y Rochapea","og_description":"La infraestructura se convertir\u00e1 en el und\u00e9cimo ascensor urbano, que facilitan la accesibilidad en los distintos barrios de la ciudad","og_url":"https:\/\/www.laguiadepamplona.com\/actualidad\/el-ascensor-urbano-de-trinitarios-se-levanta-ya-en-el-nuevo-parque-que-conecta-la-parte-alta-de-la-ciudad-con-los-barrios-de-san-jorge-y-rochapea\/","og_site_name":"La Gu\u00eda de Pamplona","article_publisher":"https:\/\/www.facebook.com\/laguiadepamplonacom-133175176762273\/?ref=hl","article_published_time":"2023-02-09T11:46:37+00:00","article_modified_time":"2023-04-11T09:47:14+00:00","og_image":[{"width":1920,"height":1280,"url":"https:\/\/www.laguiadepamplona.com\/actualidad\/wp-content\/uploads\/2023\/02\/maniobras-ascensor-trinitarios-ee5a8230_0.webp","type":"image\/webp"}],"author":"La Gu\u00eda de Pamplona","twitter_card":"summary_large_image","twitter_creator":"@LaGuiadPamplona","twitter_site":"@LaGuiadPamplona","twitter_misc":{"Escrito por":"La Gu\u00eda de Pamplona","Tiempo de lectura":"4 minutos"},"schema":{"@context":"https:\/\/schema.org","@graph":[{"@type":"Article","@id":"https:\/\/www.laguiadepamplona.com\/actualidad\/el-ascensor-urbano-de-trinitarios-se-levanta-ya-en-el-nuevo-parque-que-conecta-la-parte-alta-de-la-ciudad-con-los-barrios-de-san-jorge-y-rochapea\/#article","isPartOf":{"@id":"https:\/\/www.laguiadepamplona.com\/actualidad\/el-ascensor-urbano-de-trinitarios-se-levanta-ya-en-el-nuevo-parque-que-conecta-la-parte-alta-de-la-ciudad-con-los-barrios-de-san-jorge-y-rochapea\/"},"author":{"name":"La Gu\u00eda de Pamplona","@id":"https:\/\/www.laguiadepamplona.com\/actualidad\/#\/schema\/person\/efe887376f0213d4657c93adc50b1fdb"},"headline":"El ascensor urbano de Trinitarios se levanta ya en el nuevo parque que conecta la parte alta de la ciudad con los barrios de San Jorge y Rochapea","datePublished":"2023-02-09T11:46:37+00:00","dateModified":"2023-04-11T09:47:14+00:00","mainEntityOfPage":{"@id":"https:\/\/www.laguiadepamplona.com\/actualidad\/el-ascensor-urbano-de-trinitarios-se-levanta-ya-en-el-nuevo-parque-que-conecta-la-parte-alta-de-la-ciudad-con-los-barrios-de-san-jorge-y-rochapea\/"},"wordCount":837,"commentCount":0,"publisher":{"@id":"https:\/\/www.laguiadepamplona.com\/actualidad\/#organization"},"image":{"@id":"https:\/\/www.laguiadepamplona.com\/actualidad\/el-ascensor-urbano-de-trinitarios-se-levanta-ya-en-el-nuevo-parque-que-conecta-la-parte-alta-de-la-ciudad-con-los-barrios-de-san-jorge-y-rochapea\/#primaryimage"},"thumbnailUrl":"https:\/\/www.laguiadepamplona.com\/actualidad\/wp-content\/uploads\/2023\/02\/maniobras-ascensor-trinitarios-ee5a8230_0.webp","articleSection":["Ayto Pamplona"],"inLanguage":"es","potentialAction":[{"@type":"CommentAction","name":"Comment","target":["https:\/\/www.laguiadepamplona.com\/actualidad\/el-ascensor-urbano-de-trinitarios-se-levanta-ya-en-el-nuevo-parque-que-conecta-la-parte-alta-de-la-ciudad-con-los-barrios-de-san-jorge-y-rochapea\/#respond"]}]},{"@type":"WebPage","@id":"https:\/\/www.laguiadepamplona.com\/actualidad\/el-ascensor-urbano-de-trinitarios-se-levanta-ya-en-el-nuevo-parque-que-conecta-la-parte-alta-de-la-ciudad-con-los-barrios-de-san-jorge-y-rochapea\/","url":"https:\/\/www.laguiadepamplona.com\/actualidad\/el-ascensor-urbano-de-trinitarios-se-levanta-ya-en-el-nuevo-parque-que-conecta-la-parte-alta-de-la-ciudad-con-los-barrios-de-san-jorge-y-rochapea\/","name":"El ascensor urbano de Trinitarios se levanta ya en el nuevo parque que conecta la parte alta de la ciudad con los barrios de San Jorge y Rochapea","isPartOf":{"@id":"https:\/\/www.laguiadepamplona.com\/actualidad\/#website"},"primaryImageOfPage":{"@id":"https:\/\/www.laguiadepamplona.com\/actualidad\/el-ascensor-urbano-de-trinitarios-se-levanta-ya-en-el-nuevo-parque-que-conecta-la-parte-alta-de-la-ciudad-con-los-barrios-de-san-jorge-y-rochapea\/#primaryimage"},"image":{"@id":"https:\/\/www.laguiadepamplona.com\/actualidad\/el-ascensor-urbano-de-trinitarios-se-levanta-ya-en-el-nuevo-parque-que-conecta-la-parte-alta-de-la-ciudad-con-los-barrios-de-san-jorge-y-rochapea\/#primaryimage"},"thumbnailUrl":"https:\/\/www.laguiadepamplona.com\/actualidad\/wp-content\/uploads\/2023\/02\/maniobras-ascensor-trinitarios-ee5a8230_0.webp","datePublished":"2023-02-09T11:46:37+00:00","dateModified":"2023-04-11T09:47:14+00:00","description":"La infraestructura se convertir\u00e1 en el und\u00e9cimo ascensor urbano, que facilitan la accesibilidad en los distintos barrios de la ciudad","breadcrumb":{"@id":"https:\/\/www.laguiadepamplona.com\/actualidad\/el-ascensor-urbano-de-trinitarios-se-levanta-ya-en-el-nuevo-parque-que-conecta-la-parte-alta-de-la-ciudad-con-los-barrios-de-san-jorge-y-rochapea\/#breadcrumb"},"inLanguage":"es","potentialAction":[{"@type":"ReadAction","target":["https:\/\/www.laguiadepamplona.com\/actualidad\/el-ascensor-urbano-de-trinitarios-se-levanta-ya-en-el-nuevo-parque-que-conecta-la-parte-alta-de-la-ciudad-con-los-barrios-de-san-jorge-y-rochapea\/"]}]},{"@type":"ImageObject","inLanguage":"es","@id":"https:\/\/www.laguiadepamplona.com\/actualidad\/el-ascensor-urbano-de-trinitarios-se-levanta-ya-en-el-nuevo-parque-que-conecta-la-parte-alta-de-la-ciudad-con-los-barrios-de-san-jorge-y-rochapea\/#primaryimage","url":"https:\/\/www.laguiadepamplona.com\/actualidad\/wp-content\/uploads\/2023\/02\/maniobras-ascensor-trinitarios-ee5a8230_0.webp","contentUrl":"https:\/\/www.laguiadepamplona.com\/actualidad\/wp-content\/uploads\/2023\/02\/maniobras-ascensor-trinitarios-ee5a8230_0.webp","width":1920,"height":1280},{"@type":"BreadcrumbList","@id":"https:\/\/www.laguiadepamplona.com\/actualidad\/el-ascensor-urbano-de-trinitarios-se-levanta-ya-en-el-nuevo-parque-que-conecta-la-parte-alta-de-la-ciudad-con-los-barrios-de-san-jorge-y-rochapea\/#breadcrumb","itemListElement":[{"@type":"ListItem","position":1,"name":"Portada","item":"https:\/\/www.laguiadepamplona.com\/actualidad\/"},{"@type":"ListItem","position":2,"name":"El ascensor urbano de Trinitarios se levanta ya en el nuevo parque que conecta la parte alta de la ciudad con los barrios de San Jorge y Rochapea"}]},{"@type":"WebSite","@id":"https:\/\/www.laguiadepamplona.com\/actualidad\/#website","url":"https:\/\/www.laguiadepamplona.com\/actualidad\/","name":"La gu\u00eda de Pamplona","description":"Noticias de Pamplona","publisher":{"@id":"https:\/\/www.laguiadepamplona.com\/actualidad\/#organization"},"potentialAction":[{"@type":"SearchAction","target":{"@type":"EntryPoint","urlTemplate":"https:\/\/www.laguiadepamplona.com\/actualidad\/?s={search_term_string}"},"query-input":{"@type":"PropertyValueSpecification","valueRequired":true,"valueName":"search_term_string"}}],"inLanguage":"es"},{"@type":"Organization","@id":"https:\/\/www.laguiadepamplona.com\/actualidad\/#organization","name":"La Gu\u00eda de Pamplona \/ Noticias","url":"https:\/\/www.laguiadepamplona.com\/actualidad\/","logo":{"@type":"ImageObject","inLanguage":"es","@id":"https:\/\/www.laguiadepamplona.com\/actualidad\/#\/schema\/logo\/image\/","url":"https:\/\/www.laguiadepamplona.com\/actualidad\/wp-content\/uploads\/2018\/11\/logo-laguiadepamplona18-web1.png","contentUrl":"https:\/\/www.laguiadepamplona.com\/actualidad\/wp-content\/uploads\/2018\/11\/logo-laguiadepamplona18-web1.png","width":600,"height":196,"caption":"La Gu\u00eda de Pamplona \/ Noticias"},"image":{"@id":"https:\/\/www.laguiadepamplona.com\/actualidad\/#\/schema\/logo\/image\/"},"sameAs":["https:\/\/www.facebook.com\/laguiadepamplonacom-133175176762273\/?ref=hl","https:\/\/x.com\/LaGuiadPamplona","https:\/\/www.instagram.com\/la_guia_de_pamplona\/","https:\/\/www.youtube.com\/user\/laguiadepamplona"]},{"@type":"Person","@id":"https:\/\/www.laguiadepamplona.com\/actualidad\/#\/schema\/person\/efe887376f0213d4657c93adc50b1fdb","name":"La Gu\u00eda de Pamplona","image":{"@type":"ImageObject","inLanguage":"es","@id":"https:\/\/secure.gravatar.com\/avatar\/b6992f131dc8d30ab0dff15446e9d346d9dbd95992de0fef795073f5ea83a81c?s=96&d=mm&r=g","url":"https:\/\/secure.gravatar.com\/avatar\/b6992f131dc8d30ab0dff15446e9d346d9dbd95992de0fef795073f5ea83a81c?s=96&d=mm&r=g","contentUrl":"https:\/\/secure.gravatar.com\/avatar\/b6992f131dc8d30ab0dff15446e9d346d9dbd95992de0fef795073f5ea83a81c?s=96&d=mm&r=g","caption":"La Gu\u00eda de Pamplona"}}]}},"post_mailing_queue_ids":[],"_links":{"self":[{"href":"https:\/\/www.laguiadepamplona.com\/actualidad\/wp-json\/wp\/v2\/posts\/42816","targetHints":{"allow":["GET"]}}],"collection":[{"href":"https:\/\/www.laguiadepamplona.com\/actualidad\/wp-json\/wp\/v2\/posts"}],"about":[{"href":"https:\/\/www.laguiadepamplona.com\/actualidad\/wp-json\/wp\/v2\/types\/post"}],"author":[{"embeddable":true,"href":"https:\/\/www.laguiadepamplona.com\/actualidad\/wp-json\/wp\/v2\/users\/1"}],"replies":[{"embeddable":true,"href":"https:\/\/www.laguiadepamplona.com\/actualidad\/wp-json\/wp\/v2\/comments?post=42816"}],"version-history":[{"count":0,"href":"https:\/\/www.laguiadepamplona.com\/actualidad\/wp-json\/wp\/v2\/posts\/42816\/revisions"}],"wp:featuredmedia":[{"embeddable":true,"href":"https:\/\/www.laguiadepamplona.com\/actualidad\/wp-json\/wp\/v2\/media\/42817"}],"wp:attachment":[{"href":"https:\/\/www.laguiadepamplona.com\/actualidad\/wp-json\/wp\/v2\/media?parent=42816"}],"wp:term":[{"taxonomy":"category","embeddable":true,"href":"https:\/\/www.laguiadepamplona.com\/actualidad\/wp-json\/wp\/v2\/categories?post=42816"},{"taxonomy":"post_tag","embeddable":true,"href":"https:\/\/www.laguiadepamplona.com\/actualidad\/wp-json\/wp\/v2\/tags?post=42816"}],"curies":[{"name":"wp","href":"https:\/\/api.w.org\/{rel}","templated":true}]}}