{"id":42806,"date":"2023-02-08T14:36:52","date_gmt":"2023-02-08T12:36:52","guid":{"rendered":"https:\/\/www.laguiadepamplona.com\/actualidad\/?p=42806"},"modified":"2023-04-11T11:47:14","modified_gmt":"2023-04-11T09:47:14","slug":"este-viernes-se-cierra-el-plazo-para-inscribirse-en-el-taller-gratuito-cuidando-a-quienes-cuidan-dirigido-a-cuidadores-no-profesionales-de-familiares-mayores-o-dependientes","status":"publish","type":"post","link":"https:\/\/www.laguiadepamplona.com\/actualidad\/este-viernes-se-cierra-el-plazo-para-inscribirse-en-el-taller-gratuito-cuidando-a-quienes-cuidan-dirigido-a-cuidadores-no-profesionales-de-familiares-mayores-o-dependientes\/","title":{"rendered":"Este viernes se cierra el plazo para inscribirse en el taller gratuito \u2018Cuidando a quienes cuidan\u2019, dirigido a cuidadores no profesionales de familiares mayores o dependientes"},"content":{"rendered":"<h5>El taller consta de cinco sesiones de dos horas por la tarde y las plazas se cubren por orden de llamada al tel\u00e9fono 010 (948420100)<\/h5>\n<p><!--more--><\/p>\n<p>Este viernes se cierra el plazo para participar en el taller gratuito \u2018Cuidando a quienes cuidan\u2019, que se ofrece dentro de la estrategia municipal \u2018Pamplona te cuida\u2019. Este taller est\u00e1 dirigido a personas no profesionales que cuidan a familiares mayores o dependientes. El taller consta de un total de diez horas, divididas en cinco sesiones que se celebran los jueves 16 y 23 de febrero y 2, 9 y 16 de marzo, en horario de 16.30 a 18.30, en el Centro San Juan Bosco de Iturrama.<\/p>\n<p>Las personas interesadas pueden inscribirse en el tel\u00e9fono de Atenci\u00f3n Ciudadana 010 (948 420 100 si se llama desde fuera de Pamplona), en el que las plazas se cubren por orden de llamada. Tienen prioridad las personas que est\u00e1n empadronadas en la ciudad.<br \/>\n<script async src=\"\/\/pagead2.googlesyndication.com\/pagead\/js\/adsbygoogle.js\"><\/script><br \/>\n<!-- Noticias La Guia de Pamplona --><br \/>\n<ins class=\"adsbygoogle\"\nstyle=\"display:block\"\ndata-ad-client=\"ca-pub-6943679897239327\"\ndata-ad-slot=\"7048180777\"\ndata-ad-format=\"auto\"><\/ins><br \/>\n<script>\n(adsbygoogle = window.adsbygoogle || []).push({});\n<\/script><\/p>\n<p>Entre los temas previstos para las sesiones del taller se encuentra la gesti\u00f3n de las emociones cuando se cuida a una persona mayor. Se mostrar\u00e1n as\u00ed mismo t\u00e9cnicas de relajaci\u00f3n para controlar el estr\u00e9s e ideas para la gesti\u00f3n de los conflictos familiares ante el cuidado. Tambi\u00e9n tendr\u00e1 cabida la propia organizaci\u00f3n del tiempo personal y otros temas que planteen las personas participantes.<\/p>\n<p>Este taller busca mejorar la calidad de vida de la ciudadan\u00eda, al igual que otros talleres organizados desde el \u00e1rea, como \u2018Trabajar el bienestar personal\u2019, \u2018Entender la depresi\u00f3n\u2019 o \u2018Mejorar la comunicaci\u00f3n interpersonal\u2019. Todos ellos se enmarcan en la estrategia \u2018Pamplona te cuida\u2019, que recoge las actividades, servicios y prestaciones municipales dirigidas a personas mayores de 65 a\u00f1os.<br \/>\n<script async src=\"\/\/pagead2.googlesyndication.com\/pagead\/js\/adsbygoogle.js\"><\/script><br \/>\n<!-- Noticias La Guia de Pamplona --><br \/>\n<ins class=\"adsbygoogle\"\nstyle=\"display:block\"\ndata-ad-client=\"ca-pub-6943679897239327\"\ndata-ad-slot=\"7048180777\"\ndata-ad-format=\"auto\"><\/ins><br \/>\n<script>\n(adsbygoogle = window.adsbygoogle || []).push({});\n<\/script><\/p>\n<p>&nbsp;<\/p>\n<h3>\u2018Cuidando a Quienes Cuidan\u2019<\/h3>\n<ul>\n<li>Taller gratuito dentro de la estrategia municipal \u2018Pamplona te cuida\u2019\n<ul>\n<li>Fechas: 16 y 23 de febrero, y 2, 9 y 16 de marzo (jueves)<\/li>\n<li>Horario: 16.30 a 18.30<\/li>\n<li>Lugar: Centro San Juan Bosco (calle San Juan Bosco 15)<\/li>\n<\/ul>\n<\/li>\n<\/ul>\n","protected":false},"excerpt":{"rendered":"<p>El taller consta de cinco sesiones de dos horas por la tarde y las plazas se cubren por orden de llamada al tel\u00e9fono 010 (948420100)<\/p>\n","protected":false},"author":1,"featured_media":42807,"comment_status":"open","ping_status":"closed","sticky":false,"template":"","format":"standard","meta":{"footnotes":""},"categories":[2],"tags":[],"class_list":["post-42806","post","type-post","status-publish","format-standard","has-post-thumbnail","hentry","category-ayuntamiento-pamplona"],"yoast_head":"<!-- This site is optimized with the Yoast SEO plugin v27.3 - https:\/\/yoast.com\/product\/yoast-seo-wordpress\/ -->\n<title>Este viernes se cierra el plazo para inscribirse en el taller gratuito \u2018Cuidando a quienes cuidan\u2019, dirigido a cuidadores no profesionales de familiares mayores o dependientes<\/title>\n<meta name=\"description\" content=\"El taller consta de cinco sesiones de dos horas por la tarde y las plazas se cubren por orden de llamada al tel\u00e9fono 010 (948420100)\" \/>\n<meta name=\"robots\" content=\"index, follow, max-snippet:-1, max-image-preview:large, max-video-preview:-1\" \/>\n<link rel=\"canonical\" href=\"https:\/\/www.laguiadepamplona.com\/actualidad\/este-viernes-se-cierra-el-plazo-para-inscribirse-en-el-taller-gratuito-cuidando-a-quienes-cuidan-dirigido-a-cuidadores-no-profesionales-de-familiares-mayores-o-dependientes\/\" \/>\n<meta property=\"og:locale\" content=\"es_ES\" \/>\n<meta property=\"og:type\" content=\"article\" \/>\n<meta property=\"og:title\" content=\"Este viernes se cierra el plazo para inscribirse en el taller gratuito \u2018Cuidando a quienes cuidan\u2019, dirigido a cuidadores no profesionales de familiares mayores o dependientes\" \/>\n<meta property=\"og:description\" content=\"El taller consta de cinco sesiones de dos horas por la tarde y las plazas se cubren por orden de llamada al tel\u00e9fono 010 (948420100)\" \/>\n<meta property=\"og:url\" content=\"https:\/\/www.laguiadepamplona.com\/actualidad\/este-viernes-se-cierra-el-plazo-para-inscribirse-en-el-taller-gratuito-cuidando-a-quienes-cuidan-dirigido-a-cuidadores-no-profesionales-de-familiares-mayores-o-dependientes\/\" \/>\n<meta property=\"og:site_name\" content=\"La Gu\u00eda de Pamplona\" \/>\n<meta property=\"article:publisher\" content=\"https:\/\/www.facebook.com\/laguiadepamplonacom-133175176762273\/?ref=hl\" \/>\n<meta property=\"article:published_time\" content=\"2023-02-08T12:36:52+00:00\" \/>\n<meta property=\"article:modified_time\" content=\"2023-04-11T09:47:14+00:00\" \/>\n<meta property=\"og:image\" content=\"https:\/\/www.laguiadepamplona.com\/actualidad\/wp-content\/uploads\/2023\/02\/pamplona-te-cuida.webp\" \/>\n\t<meta property=\"og:image:width\" content=\"877\" \/>\n\t<meta property=\"og:image:height\" content=\"603\" \/>\n\t<meta property=\"og:image:type\" content=\"image\/webp\" \/>\n<meta name=\"author\" content=\"La Gu\u00eda de Pamplona\" \/>\n<meta name=\"twitter:card\" content=\"summary_large_image\" \/>\n<meta name=\"twitter:creator\" content=\"@LaGuiadPamplona\" \/>\n<meta name=\"twitter:site\" content=\"@LaGuiadPamplona\" \/>\n<meta name=\"twitter:label1\" content=\"Escrito por\" \/>\n\t<meta name=\"twitter:data1\" content=\"La Gu\u00eda de Pamplona\" \/>\n\t<meta name=\"twitter:label2\" content=\"Tiempo de lectura\" \/>\n\t<meta name=\"twitter:data2\" content=\"2 minutos\" \/>\n<script type=\"application\/ld+json\" class=\"yoast-schema-graph\">{\"@context\":\"https:\\\/\\\/schema.org\",\"@graph\":[{\"@type\":\"Article\",\"@id\":\"https:\\\/\\\/www.laguiadepamplona.com\\\/actualidad\\\/este-viernes-se-cierra-el-plazo-para-inscribirse-en-el-taller-gratuito-cuidando-a-quienes-cuidan-dirigido-a-cuidadores-no-profesionales-de-familiares-mayores-o-dependientes\\\/#article\",\"isPartOf\":{\"@id\":\"https:\\\/\\\/www.laguiadepamplona.com\\\/actualidad\\\/este-viernes-se-cierra-el-plazo-para-inscribirse-en-el-taller-gratuito-cuidando-a-quienes-cuidan-dirigido-a-cuidadores-no-profesionales-de-familiares-mayores-o-dependientes\\\/\"},\"author\":{\"name\":\"La Gu\u00eda de Pamplona\",\"@id\":\"https:\\\/\\\/www.laguiadepamplona.com\\\/actualidad\\\/#\\\/schema\\\/person\\\/efe887376f0213d4657c93adc50b1fdb\"},\"headline\":\"Este viernes se cierra el plazo para inscribirse en el taller gratuito \u2018Cuidando a quienes cuidan\u2019, dirigido a cuidadores no profesionales de familiares mayores o dependientes\",\"datePublished\":\"2023-02-08T12:36:52+00:00\",\"dateModified\":\"2023-04-11T09:47:14+00:00\",\"mainEntityOfPage\":{\"@id\":\"https:\\\/\\\/www.laguiadepamplona.com\\\/actualidad\\\/este-viernes-se-cierra-el-plazo-para-inscribirse-en-el-taller-gratuito-cuidando-a-quienes-cuidan-dirigido-a-cuidadores-no-profesionales-de-familiares-mayores-o-dependientes\\\/\"},\"wordCount\":338,\"commentCount\":0,\"publisher\":{\"@id\":\"https:\\\/\\\/www.laguiadepamplona.com\\\/actualidad\\\/#organization\"},\"image\":{\"@id\":\"https:\\\/\\\/www.laguiadepamplona.com\\\/actualidad\\\/este-viernes-se-cierra-el-plazo-para-inscribirse-en-el-taller-gratuito-cuidando-a-quienes-cuidan-dirigido-a-cuidadores-no-profesionales-de-familiares-mayores-o-dependientes\\\/#primaryimage\"},\"thumbnailUrl\":\"https:\\\/\\\/www.laguiadepamplona.com\\\/actualidad\\\/wp-content\\\/uploads\\\/2023\\\/02\\\/pamplona-te-cuida.webp\",\"articleSection\":[\"Ayto Pamplona\"],\"inLanguage\":\"es\",\"potentialAction\":[{\"@type\":\"CommentAction\",\"name\":\"Comment\",\"target\":[\"https:\\\/\\\/www.laguiadepamplona.com\\\/actualidad\\\/este-viernes-se-cierra-el-plazo-para-inscribirse-en-el-taller-gratuito-cuidando-a-quienes-cuidan-dirigido-a-cuidadores-no-profesionales-de-familiares-mayores-o-dependientes\\\/#respond\"]}]},{\"@type\":\"WebPage\",\"@id\":\"https:\\\/\\\/www.laguiadepamplona.com\\\/actualidad\\\/este-viernes-se-cierra-el-plazo-para-inscribirse-en-el-taller-gratuito-cuidando-a-quienes-cuidan-dirigido-a-cuidadores-no-profesionales-de-familiares-mayores-o-dependientes\\\/\",\"url\":\"https:\\\/\\\/www.laguiadepamplona.com\\\/actualidad\\\/este-viernes-se-cierra-el-plazo-para-inscribirse-en-el-taller-gratuito-cuidando-a-quienes-cuidan-dirigido-a-cuidadores-no-profesionales-de-familiares-mayores-o-dependientes\\\/\",\"name\":\"Este viernes se cierra el plazo para inscribirse en el taller gratuito \u2018Cuidando a quienes cuidan\u2019, dirigido a cuidadores no profesionales de familiares mayores o dependientes\",\"isPartOf\":{\"@id\":\"https:\\\/\\\/www.laguiadepamplona.com\\\/actualidad\\\/#website\"},\"primaryImageOfPage\":{\"@id\":\"https:\\\/\\\/www.laguiadepamplona.com\\\/actualidad\\\/este-viernes-se-cierra-el-plazo-para-inscribirse-en-el-taller-gratuito-cuidando-a-quienes-cuidan-dirigido-a-cuidadores-no-profesionales-de-familiares-mayores-o-dependientes\\\/#primaryimage\"},\"image\":{\"@id\":\"https:\\\/\\\/www.laguiadepamplona.com\\\/actualidad\\\/este-viernes-se-cierra-el-plazo-para-inscribirse-en-el-taller-gratuito-cuidando-a-quienes-cuidan-dirigido-a-cuidadores-no-profesionales-de-familiares-mayores-o-dependientes\\\/#primaryimage\"},\"thumbnailUrl\":\"https:\\\/\\\/www.laguiadepamplona.com\\\/actualidad\\\/wp-content\\\/uploads\\\/2023\\\/02\\\/pamplona-te-cuida.webp\",\"datePublished\":\"2023-02-08T12:36:52+00:00\",\"dateModified\":\"2023-04-11T09:47:14+00:00\",\"description\":\"El taller consta de cinco sesiones de dos horas por la tarde y las plazas se cubren por orden de llamada al tel\u00e9fono 010 (948420100)\",\"breadcrumb\":{\"@id\":\"https:\\\/\\\/www.laguiadepamplona.com\\\/actualidad\\\/este-viernes-se-cierra-el-plazo-para-inscribirse-en-el-taller-gratuito-cuidando-a-quienes-cuidan-dirigido-a-cuidadores-no-profesionales-de-familiares-mayores-o-dependientes\\\/#breadcrumb\"},\"inLanguage\":\"es\",\"potentialAction\":[{\"@type\":\"ReadAction\",\"target\":[\"https:\\\/\\\/www.laguiadepamplona.com\\\/actualidad\\\/este-viernes-se-cierra-el-plazo-para-inscribirse-en-el-taller-gratuito-cuidando-a-quienes-cuidan-dirigido-a-cuidadores-no-profesionales-de-familiares-mayores-o-dependientes\\\/\"]}]},{\"@type\":\"ImageObject\",\"inLanguage\":\"es\",\"@id\":\"https:\\\/\\\/www.laguiadepamplona.com\\\/actualidad\\\/este-viernes-se-cierra-el-plazo-para-inscribirse-en-el-taller-gratuito-cuidando-a-quienes-cuidan-dirigido-a-cuidadores-no-profesionales-de-familiares-mayores-o-dependientes\\\/#primaryimage\",\"url\":\"https:\\\/\\\/www.laguiadepamplona.com\\\/actualidad\\\/wp-content\\\/uploads\\\/2023\\\/02\\\/pamplona-te-cuida.webp\",\"contentUrl\":\"https:\\\/\\\/www.laguiadepamplona.com\\\/actualidad\\\/wp-content\\\/uploads\\\/2023\\\/02\\\/pamplona-te-cuida.webp\",\"width\":877,\"height\":603},{\"@type\":\"BreadcrumbList\",\"@id\":\"https:\\\/\\\/www.laguiadepamplona.com\\\/actualidad\\\/este-viernes-se-cierra-el-plazo-para-inscribirse-en-el-taller-gratuito-cuidando-a-quienes-cuidan-dirigido-a-cuidadores-no-profesionales-de-familiares-mayores-o-dependientes\\\/#breadcrumb\",\"itemListElement\":[{\"@type\":\"ListItem\",\"position\":1,\"name\":\"Portada\",\"item\":\"https:\\\/\\\/www.laguiadepamplona.com\\\/actualidad\\\/\"},{\"@type\":\"ListItem\",\"position\":2,\"name\":\"Este viernes se cierra el plazo para inscribirse en el taller gratuito \u2018Cuidando a quienes cuidan\u2019, dirigido a cuidadores no profesionales de familiares mayores o dependientes\"}]},{\"@type\":\"WebSite\",\"@id\":\"https:\\\/\\\/www.laguiadepamplona.com\\\/actualidad\\\/#website\",\"url\":\"https:\\\/\\\/www.laguiadepamplona.com\\\/actualidad\\\/\",\"name\":\"La gu\u00eda de Pamplona\",\"description\":\"Noticias de Pamplona\",\"publisher\":{\"@id\":\"https:\\\/\\\/www.laguiadepamplona.com\\\/actualidad\\\/#organization\"},\"potentialAction\":[{\"@type\":\"SearchAction\",\"target\":{\"@type\":\"EntryPoint\",\"urlTemplate\":\"https:\\\/\\\/www.laguiadepamplona.com\\\/actualidad\\\/?s={search_term_string}\"},\"query-input\":{\"@type\":\"PropertyValueSpecification\",\"valueRequired\":true,\"valueName\":\"search_term_string\"}}],\"inLanguage\":\"es\"},{\"@type\":\"Organization\",\"@id\":\"https:\\\/\\\/www.laguiadepamplona.com\\\/actualidad\\\/#organization\",\"name\":\"La Gu\u00eda de Pamplona \\\/ Noticias\",\"url\":\"https:\\\/\\\/www.laguiadepamplona.com\\\/actualidad\\\/\",\"logo\":{\"@type\":\"ImageObject\",\"inLanguage\":\"es\",\"@id\":\"https:\\\/\\\/www.laguiadepamplona.com\\\/actualidad\\\/#\\\/schema\\\/logo\\\/image\\\/\",\"url\":\"https:\\\/\\\/www.laguiadepamplona.com\\\/actualidad\\\/wp-content\\\/uploads\\\/2018\\\/11\\\/logo-laguiadepamplona18-web1.png\",\"contentUrl\":\"https:\\\/\\\/www.laguiadepamplona.com\\\/actualidad\\\/wp-content\\\/uploads\\\/2018\\\/11\\\/logo-laguiadepamplona18-web1.png\",\"width\":600,\"height\":196,\"caption\":\"La Gu\u00eda de Pamplona \\\/ Noticias\"},\"image\":{\"@id\":\"https:\\\/\\\/www.laguiadepamplona.com\\\/actualidad\\\/#\\\/schema\\\/logo\\\/image\\\/\"},\"sameAs\":[\"https:\\\/\\\/www.facebook.com\\\/laguiadepamplonacom-133175176762273\\\/?ref=hl\",\"https:\\\/\\\/x.com\\\/LaGuiadPamplona\",\"https:\\\/\\\/www.instagram.com\\\/la_guia_de_pamplona\\\/\",\"https:\\\/\\\/www.youtube.com\\\/user\\\/laguiadepamplona\"]},{\"@type\":\"Person\",\"@id\":\"https:\\\/\\\/www.laguiadepamplona.com\\\/actualidad\\\/#\\\/schema\\\/person\\\/efe887376f0213d4657c93adc50b1fdb\",\"name\":\"La Gu\u00eda de Pamplona\",\"image\":{\"@type\":\"ImageObject\",\"inLanguage\":\"es\",\"@id\":\"https:\\\/\\\/secure.gravatar.com\\\/avatar\\\/b6992f131dc8d30ab0dff15446e9d346d9dbd95992de0fef795073f5ea83a81c?s=96&d=mm&r=g\",\"url\":\"https:\\\/\\\/secure.gravatar.com\\\/avatar\\\/b6992f131dc8d30ab0dff15446e9d346d9dbd95992de0fef795073f5ea83a81c?s=96&d=mm&r=g\",\"contentUrl\":\"https:\\\/\\\/secure.gravatar.com\\\/avatar\\\/b6992f131dc8d30ab0dff15446e9d346d9dbd95992de0fef795073f5ea83a81c?s=96&d=mm&r=g\",\"caption\":\"La Gu\u00eda de Pamplona\"}}]}<\/script>\n<!-- \/ Yoast SEO plugin. -->","yoast_head_json":{"title":"Este viernes se cierra el plazo para inscribirse en el taller gratuito \u2018Cuidando a quienes cuidan\u2019, dirigido a cuidadores no profesionales de familiares mayores o dependientes","description":"El taller consta de cinco sesiones de dos horas por la tarde y las plazas se cubren por orden de llamada al tel\u00e9fono 010 (948420100)","robots":{"index":"index","follow":"follow","max-snippet":"max-snippet:-1","max-image-preview":"max-image-preview:large","max-video-preview":"max-video-preview:-1"},"canonical":"https:\/\/www.laguiadepamplona.com\/actualidad\/este-viernes-se-cierra-el-plazo-para-inscribirse-en-el-taller-gratuito-cuidando-a-quienes-cuidan-dirigido-a-cuidadores-no-profesionales-de-familiares-mayores-o-dependientes\/","og_locale":"es_ES","og_type":"article","og_title":"Este viernes se cierra el plazo para inscribirse en el taller gratuito \u2018Cuidando a quienes cuidan\u2019, dirigido a cuidadores no profesionales de familiares mayores o dependientes","og_description":"El taller consta de cinco sesiones de dos horas por la tarde y las plazas se cubren por orden de llamada al tel\u00e9fono 010 (948420100)","og_url":"https:\/\/www.laguiadepamplona.com\/actualidad\/este-viernes-se-cierra-el-plazo-para-inscribirse-en-el-taller-gratuito-cuidando-a-quienes-cuidan-dirigido-a-cuidadores-no-profesionales-de-familiares-mayores-o-dependientes\/","og_site_name":"La Gu\u00eda de Pamplona","article_publisher":"https:\/\/www.facebook.com\/laguiadepamplonacom-133175176762273\/?ref=hl","article_published_time":"2023-02-08T12:36:52+00:00","article_modified_time":"2023-04-11T09:47:14+00:00","og_image":[{"width":877,"height":603,"url":"https:\/\/www.laguiadepamplona.com\/actualidad\/wp-content\/uploads\/2023\/02\/pamplona-te-cuida.webp","type":"image\/webp"}],"author":"La Gu\u00eda de Pamplona","twitter_card":"summary_large_image","twitter_creator":"@LaGuiadPamplona","twitter_site":"@LaGuiadPamplona","twitter_misc":{"Escrito por":"La Gu\u00eda de Pamplona","Tiempo de lectura":"2 minutos"},"schema":{"@context":"https:\/\/schema.org","@graph":[{"@type":"Article","@id":"https:\/\/www.laguiadepamplona.com\/actualidad\/este-viernes-se-cierra-el-plazo-para-inscribirse-en-el-taller-gratuito-cuidando-a-quienes-cuidan-dirigido-a-cuidadores-no-profesionales-de-familiares-mayores-o-dependientes\/#article","isPartOf":{"@id":"https:\/\/www.laguiadepamplona.com\/actualidad\/este-viernes-se-cierra-el-plazo-para-inscribirse-en-el-taller-gratuito-cuidando-a-quienes-cuidan-dirigido-a-cuidadores-no-profesionales-de-familiares-mayores-o-dependientes\/"},"author":{"name":"La Gu\u00eda de Pamplona","@id":"https:\/\/www.laguiadepamplona.com\/actualidad\/#\/schema\/person\/efe887376f0213d4657c93adc50b1fdb"},"headline":"Este viernes se cierra el plazo para inscribirse en el taller gratuito \u2018Cuidando a quienes cuidan\u2019, dirigido a cuidadores no profesionales de familiares mayores o dependientes","datePublished":"2023-02-08T12:36:52+00:00","dateModified":"2023-04-11T09:47:14+00:00","mainEntityOfPage":{"@id":"https:\/\/www.laguiadepamplona.com\/actualidad\/este-viernes-se-cierra-el-plazo-para-inscribirse-en-el-taller-gratuito-cuidando-a-quienes-cuidan-dirigido-a-cuidadores-no-profesionales-de-familiares-mayores-o-dependientes\/"},"wordCount":338,"commentCount":0,"publisher":{"@id":"https:\/\/www.laguiadepamplona.com\/actualidad\/#organization"},"image":{"@id":"https:\/\/www.laguiadepamplona.com\/actualidad\/este-viernes-se-cierra-el-plazo-para-inscribirse-en-el-taller-gratuito-cuidando-a-quienes-cuidan-dirigido-a-cuidadores-no-profesionales-de-familiares-mayores-o-dependientes\/#primaryimage"},"thumbnailUrl":"https:\/\/www.laguiadepamplona.com\/actualidad\/wp-content\/uploads\/2023\/02\/pamplona-te-cuida.webp","articleSection":["Ayto Pamplona"],"inLanguage":"es","potentialAction":[{"@type":"CommentAction","name":"Comment","target":["https:\/\/www.laguiadepamplona.com\/actualidad\/este-viernes-se-cierra-el-plazo-para-inscribirse-en-el-taller-gratuito-cuidando-a-quienes-cuidan-dirigido-a-cuidadores-no-profesionales-de-familiares-mayores-o-dependientes\/#respond"]}]},{"@type":"WebPage","@id":"https:\/\/www.laguiadepamplona.com\/actualidad\/este-viernes-se-cierra-el-plazo-para-inscribirse-en-el-taller-gratuito-cuidando-a-quienes-cuidan-dirigido-a-cuidadores-no-profesionales-de-familiares-mayores-o-dependientes\/","url":"https:\/\/www.laguiadepamplona.com\/actualidad\/este-viernes-se-cierra-el-plazo-para-inscribirse-en-el-taller-gratuito-cuidando-a-quienes-cuidan-dirigido-a-cuidadores-no-profesionales-de-familiares-mayores-o-dependientes\/","name":"Este viernes se cierra el plazo para inscribirse en el taller gratuito \u2018Cuidando a quienes cuidan\u2019, dirigido a cuidadores no profesionales de familiares mayores o dependientes","isPartOf":{"@id":"https:\/\/www.laguiadepamplona.com\/actualidad\/#website"},"primaryImageOfPage":{"@id":"https:\/\/www.laguiadepamplona.com\/actualidad\/este-viernes-se-cierra-el-plazo-para-inscribirse-en-el-taller-gratuito-cuidando-a-quienes-cuidan-dirigido-a-cuidadores-no-profesionales-de-familiares-mayores-o-dependientes\/#primaryimage"},"image":{"@id":"https:\/\/www.laguiadepamplona.com\/actualidad\/este-viernes-se-cierra-el-plazo-para-inscribirse-en-el-taller-gratuito-cuidando-a-quienes-cuidan-dirigido-a-cuidadores-no-profesionales-de-familiares-mayores-o-dependientes\/#primaryimage"},"thumbnailUrl":"https:\/\/www.laguiadepamplona.com\/actualidad\/wp-content\/uploads\/2023\/02\/pamplona-te-cuida.webp","datePublished":"2023-02-08T12:36:52+00:00","dateModified":"2023-04-11T09:47:14+00:00","description":"El taller consta de cinco sesiones de dos horas por la tarde y las plazas se cubren por orden de llamada al tel\u00e9fono 010 (948420100)","breadcrumb":{"@id":"https:\/\/www.laguiadepamplona.com\/actualidad\/este-viernes-se-cierra-el-plazo-para-inscribirse-en-el-taller-gratuito-cuidando-a-quienes-cuidan-dirigido-a-cuidadores-no-profesionales-de-familiares-mayores-o-dependientes\/#breadcrumb"},"inLanguage":"es","potentialAction":[{"@type":"ReadAction","target":["https:\/\/www.laguiadepamplona.com\/actualidad\/este-viernes-se-cierra-el-plazo-para-inscribirse-en-el-taller-gratuito-cuidando-a-quienes-cuidan-dirigido-a-cuidadores-no-profesionales-de-familiares-mayores-o-dependientes\/"]}]},{"@type":"ImageObject","inLanguage":"es","@id":"https:\/\/www.laguiadepamplona.com\/actualidad\/este-viernes-se-cierra-el-plazo-para-inscribirse-en-el-taller-gratuito-cuidando-a-quienes-cuidan-dirigido-a-cuidadores-no-profesionales-de-familiares-mayores-o-dependientes\/#primaryimage","url":"https:\/\/www.laguiadepamplona.com\/actualidad\/wp-content\/uploads\/2023\/02\/pamplona-te-cuida.webp","contentUrl":"https:\/\/www.laguiadepamplona.com\/actualidad\/wp-content\/uploads\/2023\/02\/pamplona-te-cuida.webp","width":877,"height":603},{"@type":"BreadcrumbList","@id":"https:\/\/www.laguiadepamplona.com\/actualidad\/este-viernes-se-cierra-el-plazo-para-inscribirse-en-el-taller-gratuito-cuidando-a-quienes-cuidan-dirigido-a-cuidadores-no-profesionales-de-familiares-mayores-o-dependientes\/#breadcrumb","itemListElement":[{"@type":"ListItem","position":1,"name":"Portada","item":"https:\/\/www.laguiadepamplona.com\/actualidad\/"},{"@type":"ListItem","position":2,"name":"Este viernes se cierra el plazo para inscribirse en el taller gratuito \u2018Cuidando a quienes cuidan\u2019, dirigido a cuidadores no profesionales de familiares mayores o dependientes"}]},{"@type":"WebSite","@id":"https:\/\/www.laguiadepamplona.com\/actualidad\/#website","url":"https:\/\/www.laguiadepamplona.com\/actualidad\/","name":"La gu\u00eda de Pamplona","description":"Noticias de Pamplona","publisher":{"@id":"https:\/\/www.laguiadepamplona.com\/actualidad\/#organization"},"potentialAction":[{"@type":"SearchAction","target":{"@type":"EntryPoint","urlTemplate":"https:\/\/www.laguiadepamplona.com\/actualidad\/?s={search_term_string}"},"query-input":{"@type":"PropertyValueSpecification","valueRequired":true,"valueName":"search_term_string"}}],"inLanguage":"es"},{"@type":"Organization","@id":"https:\/\/www.laguiadepamplona.com\/actualidad\/#organization","name":"La Gu\u00eda de Pamplona \/ Noticias","url":"https:\/\/www.laguiadepamplona.com\/actualidad\/","logo":{"@type":"ImageObject","inLanguage":"es","@id":"https:\/\/www.laguiadepamplona.com\/actualidad\/#\/schema\/logo\/image\/","url":"https:\/\/www.laguiadepamplona.com\/actualidad\/wp-content\/uploads\/2018\/11\/logo-laguiadepamplona18-web1.png","contentUrl":"https:\/\/www.laguiadepamplona.com\/actualidad\/wp-content\/uploads\/2018\/11\/logo-laguiadepamplona18-web1.png","width":600,"height":196,"caption":"La Gu\u00eda de Pamplona \/ Noticias"},"image":{"@id":"https:\/\/www.laguiadepamplona.com\/actualidad\/#\/schema\/logo\/image\/"},"sameAs":["https:\/\/www.facebook.com\/laguiadepamplonacom-133175176762273\/?ref=hl","https:\/\/x.com\/LaGuiadPamplona","https:\/\/www.instagram.com\/la_guia_de_pamplona\/","https:\/\/www.youtube.com\/user\/laguiadepamplona"]},{"@type":"Person","@id":"https:\/\/www.laguiadepamplona.com\/actualidad\/#\/schema\/person\/efe887376f0213d4657c93adc50b1fdb","name":"La Gu\u00eda de Pamplona","image":{"@type":"ImageObject","inLanguage":"es","@id":"https:\/\/secure.gravatar.com\/avatar\/b6992f131dc8d30ab0dff15446e9d346d9dbd95992de0fef795073f5ea83a81c?s=96&d=mm&r=g","url":"https:\/\/secure.gravatar.com\/avatar\/b6992f131dc8d30ab0dff15446e9d346d9dbd95992de0fef795073f5ea83a81c?s=96&d=mm&r=g","contentUrl":"https:\/\/secure.gravatar.com\/avatar\/b6992f131dc8d30ab0dff15446e9d346d9dbd95992de0fef795073f5ea83a81c?s=96&d=mm&r=g","caption":"La Gu\u00eda de Pamplona"}}]}},"post_mailing_queue_ids":[],"_links":{"self":[{"href":"https:\/\/www.laguiadepamplona.com\/actualidad\/wp-json\/wp\/v2\/posts\/42806","targetHints":{"allow":["GET"]}}],"collection":[{"href":"https:\/\/www.laguiadepamplona.com\/actualidad\/wp-json\/wp\/v2\/posts"}],"about":[{"href":"https:\/\/www.laguiadepamplona.com\/actualidad\/wp-json\/wp\/v2\/types\/post"}],"author":[{"embeddable":true,"href":"https:\/\/www.laguiadepamplona.com\/actualidad\/wp-json\/wp\/v2\/users\/1"}],"replies":[{"embeddable":true,"href":"https:\/\/www.laguiadepamplona.com\/actualidad\/wp-json\/wp\/v2\/comments?post=42806"}],"version-history":[{"count":0,"href":"https:\/\/www.laguiadepamplona.com\/actualidad\/wp-json\/wp\/v2\/posts\/42806\/revisions"}],"wp:featuredmedia":[{"embeddable":true,"href":"https:\/\/www.laguiadepamplona.com\/actualidad\/wp-json\/wp\/v2\/media\/42807"}],"wp:attachment":[{"href":"https:\/\/www.laguiadepamplona.com\/actualidad\/wp-json\/wp\/v2\/media?parent=42806"}],"wp:term":[{"taxonomy":"category","embeddable":true,"href":"https:\/\/www.laguiadepamplona.com\/actualidad\/wp-json\/wp\/v2\/categories?post=42806"},{"taxonomy":"post_tag","embeddable":true,"href":"https:\/\/www.laguiadepamplona.com\/actualidad\/wp-json\/wp\/v2\/tags?post=42806"}],"curies":[{"name":"wp","href":"https:\/\/api.w.org\/{rel}","templated":true}]}}