{"id":42799,"date":"2023-02-07T14:35:40","date_gmt":"2023-02-07T12:35:40","guid":{"rendered":"https:\/\/www.laguiadepamplona.com\/actualidad\/?p=42799"},"modified":"2023-04-11T11:47:15","modified_gmt":"2023-04-11T09:47:15","slug":"el-ayuntamiento-de-pamplona-abre-el-plazo-para-que-los-centros-escolares-soliciten-talleres-sobre-aves-urbanas-refugios-y-cajas-nido","status":"publish","type":"post","link":"https:\/\/www.laguiadepamplona.com\/actualidad\/el-ayuntamiento-de-pamplona-abre-el-plazo-para-que-los-centros-escolares-soliciten-talleres-sobre-aves-urbanas-refugios-y-cajas-nido\/","title":{"rendered":"El Ayuntamiento de Pamplona abre el plazo para que los centros escolares soliciten talleres sobre aves urbanas, refugios y cajas-nido"},"content":{"rendered":"<h5>La iniciativa municipal naci\u00f3 en 2018 y este curso Ornitolan Servicios Ambientales tambi\u00e9n impartir\u00e1 actividades sobre murci\u00e9lagos o gal\u00e1pagos<\/h5>\n<p><!--more--><\/p>\n<p>A partir de ma\u00f1ana los centros escolares, pero tambi\u00e9n asociaciones y centros para personas de la tercera edad de la ciudad, podr\u00e1n solicitar del Ayuntamiento de Pamplona algunos de los talleres sobre biodiversidad en el entorno urbano que se ofrece desde el Consistorio durante todo el a\u00f1o y de forma gratuita. En concreto la primera propuesta es un <a href=\"https:\/\/pamplonaciudadeducadora.es\/programa-educativo\/cajas-nido-en-centros-educativos\/\" target=\"_blank\" rel=\"noopener\">taller de educaci\u00f3n ambiental sobre aves urbanas y refugios<\/a> destinado a grupos de 25 a 30 personas de todos los ciclos de educaci\u00f3n obligatoria y posobligatoria. Los contenidos se pueden adaptar, bajo demanda, a alumnado de diversidad funcional y tambi\u00e9n se podr\u00e1 solicitar su desarrollo en castellano, euskera e ingl\u00e9s.<\/p>\n<p>En la primera sesi\u00f3n del taller, de 90 a 120 minutos de duraci\u00f3n, engloba una presentaci\u00f3n del proyecto de refugios para p\u00e1ridos (herrerillos, carboneros\u2026), insect\u00edvoros (petirrojos, lavanderas\u2026), autillos, lechuzas y cern\u00edcalos. Tras una introducci\u00f3n con nociones te\u00f3ricas con una proyecci\u00f3n de las especies objetivo y del problema que les supone la baja disponibilidad de \u00e1rboles viejos en las ciudades Tras la explicaci\u00f3n, se acometer\u00e1 con el alumnado el ensamblaje y pintado de cajas pre-fabricadas realizadas en madera certificada con el sello PEFC.<br \/>\n<script async src=\"\/\/pagead2.googlesyndication.com\/pagead\/js\/adsbygoogle.js\"><\/script><br \/>\n<!-- Noticias La Guia de Pamplona --><br \/>\n<ins class=\"adsbygoogle\"\nstyle=\"display:block\"\ndata-ad-client=\"ca-pub-6943679897239327\"\ndata-ad-slot=\"7048180777\"\ndata-ad-format=\"auto\"><\/ins><br \/>\n<script>\n(adsbygoogle = window.adsbygoogle || []).push({});\n<\/script><\/p>\n<p>Despu\u00e9s, se colocar\u00e1n las cajas-nido con ayuda de una p\u00e9rtiga en ramas secundarias de arbolado pr\u00f3ximo a los centros escolares. En primavera, entre los meses de abril y julio, en la segunda sesi\u00f3n del taller, el personal t\u00e9cnico de Ornitolan realizar\u00e1 la revisi\u00f3n de los refugios con el aula o grupo que coloc\u00f3 las cajas-nido y, caso de que haya sido utilizado para la cr\u00eda, se anillar\u00e1 a los pollluelos. La labor de los escolares se centra, principalmente, en cajas para aves insect\u00edvoras, m\u00e1s sencillas de realizar. De hecho, cada especie tiene unas costumbres de anidaci\u00f3n distintas, con orificios de entrada al nido en diferentes posiciones, en algunos casos frontal, otros en superior y otros en inferior.<\/p>\n<p>Los centros interesados podr\u00e1n inscribirse a trav\u00e9s de un <a href=\"https:\/\/forms.office.com\/r\/y6c4LD0RM0\" target=\"_blank\" rel=\"noopener\">formulario on line<\/a>. A partir de ah\u00ed se podr\u00e1 acordar con los servicios del Consistorio los horarios concretos de realizaci\u00f3n de las actividades para organizar el calendario. Esta iniciativa educativa y de sensibilizaci\u00f3n comenz\u00f3 en Pamplona en 2018 y forma parte de parte de las acciones municipales realizadas dentro de la estrategia `Go Green Pamplona\u00b4, de transici\u00f3n energ\u00e9tica y contra el cambio clim\u00e1tico. Adem\u00e1s de la vertiente educativa, la actividad crea espacios para que las aves urbanas puedan convivir con un entorno humanizado, contribuyendo a equilibrar el ecosistema de la ciudad y mejorando sus \u00edndices de biodiversidad, en definitiva, de su calidad ambiental. Las cajas nido incluyen una etiqueta del proyecto con la fecha de instalaci\u00f3n y centro escolar que lo ha colocado, y se georreferencian.<\/p>\n<p>En el curso 2021\/2022, en los 63 talleres realizados se han colocado 63 cajas nido, han participado estudiantes de 12 centros distintos: Sanduzelai IP, Patxi Larraintzar IP, IES I\u00f1aki Ochoa de Olza, El Red\u00edn, San Francisco CEIP, Cardenal Ilund\u00e1in CPEIP, Azpilaga\u00f1a CP, Liceo Monjardin, Garc\u00eda Galdeano CP, Iparralde BHI, Hegoalde Ikastola y Do\u00f1a Mayor CP. M\u00e1s de 1.800 alumnos desde 1\u00ba de Educaci\u00f3n infantil hasta 4\u00ba de la ESO, han colocado cajas nido, construido hoteles de insectos y han colocado comederos para ayudar a pasar el invierno a peque\u00f1as aves.<br \/>\n<script async src=\"\/\/pagead2.googlesyndication.com\/pagead\/js\/adsbygoogle.js\"><\/script><br \/>\n<!-- Noticias La Guia de Pamplona --><br \/>\n<ins class=\"adsbygoogle\"\nstyle=\"display:block\"\ndata-ad-client=\"ca-pub-6943679897239327\"\ndata-ad-slot=\"7048180777\"\ndata-ad-format=\"auto\"><\/ins><br \/>\n<script>\n(adsbygoogle = window.adsbygoogle || []).push({});\n<\/script><\/p>\n<p><strong>Un tercio de los refugios instalados en Pamplona son para otras aves<\/strong><\/p>\n<p>De las m\u00e1s de 415 cajas colocadas en los \u00e1rboles pamploneses, 302 est\u00e1n pensadas para p\u00e1jaros insect\u00edvoros (sobre todo para herrerillos y carboneros, pero tambi\u00e9n para petirrojos, lavanderas blancas y agateadores comunes). El resto est\u00e1n pensadas para autillos europeos, cern\u00edcalos y lechuzas. Adem\u00e1s, se han colocado cajas especiales para insectos con el fin de atacar a la plaga de la cameraria que afecta al casta\u00f1o de indias.<\/p>\n<p>Una vez colocadas las cajas, \u00e9stas se revisan anualmente para conocer si son ocupadas por las especies consideradas diana o por otras especies, tanto de aves como de insectos. En las revisiones realizadas este pasado 2022, se han comprobado 148 cajas nido. La ocupaci\u00f3n (tanto en el momento como con restos que certifican una ocupaci\u00f3n) es variable. Hay ocupaci\u00f3n del 100% en algunas cajas como las que se encuentran en Media Luna, las colocadas por el CEIP San Jorge o la asociaci\u00f3n ANASAPS. Tambi\u00e9n son destacables el 75% de ocupaci\u00f3n del BHI Biurdana o el 76,9% de la Ikastola Hegoalde. La mitad de las cajas colocadas por la Casa de la Misericordia ten\u00edan polluelos.<br \/>\n<script async src=\"\/\/pagead2.googlesyndication.com\/pagead\/js\/adsbygoogle.js\"><\/script><br \/>\n<!-- Noticias La Guia de Pamplona --><br \/>\n<ins class=\"adsbygoogle\"\nstyle=\"display:block\"\ndata-ad-client=\"ca-pub-6943679897239327\"\ndata-ad-slot=\"7048180777\"\ndata-ad-format=\"auto\"><\/ins><br \/>\n<script>\n(adsbygoogle = window.adsbygoogle || []).push({});\n<\/script><\/p>\n<p>La informaci\u00f3n de todos los talleres disponibles se encuentran en la <a href=\"https:\/\/pamplonaciudadeducadora.es\/programas-de-medio-ambiente-y-sostenibilidad\/\" target=\"_blank\" rel=\"noopener\">p\u00e1gina de programas de medio ambiente y sostenibilidad de Pamplona Ciudad Educadora.<\/a><\/p>\n","protected":false},"excerpt":{"rendered":"<p>La iniciativa municipal naci\u00f3 en 2018 y este curso Ornitolan Servicios Ambientales tambi\u00e9n impartir\u00e1 actividades sobre murci\u00e9lagos o gal\u00e1pagos<\/p>\n","protected":false},"author":1,"featured_media":35810,"comment_status":"open","ping_status":"closed","sticky":false,"template":"","format":"standard","meta":{"footnotes":""},"categories":[2],"tags":[],"class_list":["post-42799","post","type-post","status-publish","format-standard","has-post-thumbnail","hentry","category-ayuntamiento-pamplona"],"yoast_head":"<!-- This site is optimized with the Yoast SEO plugin v27.3 - https:\/\/yoast.com\/product\/yoast-seo-wordpress\/ -->\n<title>El Ayuntamiento de Pamplona abre el plazo para que los centros escolares soliciten talleres sobre aves urbanas, refugios y cajas-nido<\/title>\n<meta name=\"description\" content=\"La iniciativa municipal naci\u00f3 en 2018 y este curso Ornitolan Servicios Ambientales tambi\u00e9n impartir\u00e1 actividades sobre murci\u00e9lagos o gal\u00e1pagos\" \/>\n<meta name=\"robots\" content=\"index, follow, max-snippet:-1, max-image-preview:large, max-video-preview:-1\" \/>\n<link rel=\"canonical\" href=\"https:\/\/www.laguiadepamplona.com\/actualidad\/el-ayuntamiento-de-pamplona-abre-el-plazo-para-que-los-centros-escolares-soliciten-talleres-sobre-aves-urbanas-refugios-y-cajas-nido\/\" \/>\n<meta property=\"og:locale\" content=\"es_ES\" \/>\n<meta property=\"og:type\" content=\"article\" \/>\n<meta property=\"og:title\" content=\"El Ayuntamiento de Pamplona abre el plazo para que los centros escolares soliciten talleres sobre aves urbanas, refugios y cajas-nido\" \/>\n<meta property=\"og:description\" content=\"La iniciativa municipal naci\u00f3 en 2018 y este curso Ornitolan Servicios Ambientales tambi\u00e9n impartir\u00e1 actividades sobre murci\u00e9lagos o gal\u00e1pagos\" \/>\n<meta property=\"og:url\" content=\"https:\/\/www.laguiadepamplona.com\/actualidad\/el-ayuntamiento-de-pamplona-abre-el-plazo-para-que-los-centros-escolares-soliciten-talleres-sobre-aves-urbanas-refugios-y-cajas-nido\/\" \/>\n<meta property=\"og:site_name\" content=\"La Gu\u00eda de Pamplona\" \/>\n<meta property=\"article:publisher\" content=\"https:\/\/www.facebook.com\/laguiadepamplonacom-133175176762273\/?ref=hl\" \/>\n<meta property=\"article:published_time\" content=\"2023-02-07T12:35:40+00:00\" \/>\n<meta property=\"article:modified_time\" content=\"2023-04-11T09:47:15+00:00\" \/>\n<meta property=\"og:image\" content=\"https:\/\/www.laguiadepamplona.com\/actualidad\/wp-content\/uploads\/2021\/07\/nidos.jpg\" \/>\n\t<meta property=\"og:image:width\" content=\"1920\" \/>\n\t<meta property=\"og:image:height\" content=\"1368\" \/>\n\t<meta property=\"og:image:type\" content=\"image\/jpeg\" \/>\n<meta name=\"author\" content=\"La Gu\u00eda de Pamplona\" \/>\n<meta name=\"twitter:card\" content=\"summary_large_image\" \/>\n<meta name=\"twitter:creator\" content=\"@LaGuiadPamplona\" \/>\n<meta name=\"twitter:site\" content=\"@LaGuiadPamplona\" \/>\n<meta name=\"twitter:label1\" content=\"Escrito por\" \/>\n\t<meta name=\"twitter:data1\" content=\"La Gu\u00eda de Pamplona\" \/>\n\t<meta name=\"twitter:label2\" content=\"Tiempo de lectura\" \/>\n\t<meta name=\"twitter:data2\" content=\"4 minutos\" \/>\n<script type=\"application\/ld+json\" class=\"yoast-schema-graph\">{\"@context\":\"https:\\\/\\\/schema.org\",\"@graph\":[{\"@type\":\"Article\",\"@id\":\"https:\\\/\\\/www.laguiadepamplona.com\\\/actualidad\\\/el-ayuntamiento-de-pamplona-abre-el-plazo-para-que-los-centros-escolares-soliciten-talleres-sobre-aves-urbanas-refugios-y-cajas-nido\\\/#article\",\"isPartOf\":{\"@id\":\"https:\\\/\\\/www.laguiadepamplona.com\\\/actualidad\\\/el-ayuntamiento-de-pamplona-abre-el-plazo-para-que-los-centros-escolares-soliciten-talleres-sobre-aves-urbanas-refugios-y-cajas-nido\\\/\"},\"author\":{\"name\":\"La Gu\u00eda de Pamplona\",\"@id\":\"https:\\\/\\\/www.laguiadepamplona.com\\\/actualidad\\\/#\\\/schema\\\/person\\\/efe887376f0213d4657c93adc50b1fdb\"},\"headline\":\"El Ayuntamiento de Pamplona abre el plazo para que los centros escolares soliciten talleres sobre aves urbanas, refugios y cajas-nido\",\"datePublished\":\"2023-02-07T12:35:40+00:00\",\"dateModified\":\"2023-04-11T09:47:15+00:00\",\"mainEntityOfPage\":{\"@id\":\"https:\\\/\\\/www.laguiadepamplona.com\\\/actualidad\\\/el-ayuntamiento-de-pamplona-abre-el-plazo-para-que-los-centros-escolares-soliciten-talleres-sobre-aves-urbanas-refugios-y-cajas-nido\\\/\"},\"wordCount\":835,\"commentCount\":0,\"publisher\":{\"@id\":\"https:\\\/\\\/www.laguiadepamplona.com\\\/actualidad\\\/#organization\"},\"image\":{\"@id\":\"https:\\\/\\\/www.laguiadepamplona.com\\\/actualidad\\\/el-ayuntamiento-de-pamplona-abre-el-plazo-para-que-los-centros-escolares-soliciten-talleres-sobre-aves-urbanas-refugios-y-cajas-nido\\\/#primaryimage\"},\"thumbnailUrl\":\"https:\\\/\\\/www.laguiadepamplona.com\\\/actualidad\\\/wp-content\\\/uploads\\\/2021\\\/07\\\/nidos.jpg\",\"articleSection\":[\"Ayto Pamplona\"],\"inLanguage\":\"es\",\"potentialAction\":[{\"@type\":\"CommentAction\",\"name\":\"Comment\",\"target\":[\"https:\\\/\\\/www.laguiadepamplona.com\\\/actualidad\\\/el-ayuntamiento-de-pamplona-abre-el-plazo-para-que-los-centros-escolares-soliciten-talleres-sobre-aves-urbanas-refugios-y-cajas-nido\\\/#respond\"]}]},{\"@type\":\"WebPage\",\"@id\":\"https:\\\/\\\/www.laguiadepamplona.com\\\/actualidad\\\/el-ayuntamiento-de-pamplona-abre-el-plazo-para-que-los-centros-escolares-soliciten-talleres-sobre-aves-urbanas-refugios-y-cajas-nido\\\/\",\"url\":\"https:\\\/\\\/www.laguiadepamplona.com\\\/actualidad\\\/el-ayuntamiento-de-pamplona-abre-el-plazo-para-que-los-centros-escolares-soliciten-talleres-sobre-aves-urbanas-refugios-y-cajas-nido\\\/\",\"name\":\"El Ayuntamiento de Pamplona abre el plazo para que los centros escolares soliciten talleres sobre aves urbanas, refugios y cajas-nido\",\"isPartOf\":{\"@id\":\"https:\\\/\\\/www.laguiadepamplona.com\\\/actualidad\\\/#website\"},\"primaryImageOfPage\":{\"@id\":\"https:\\\/\\\/www.laguiadepamplona.com\\\/actualidad\\\/el-ayuntamiento-de-pamplona-abre-el-plazo-para-que-los-centros-escolares-soliciten-talleres-sobre-aves-urbanas-refugios-y-cajas-nido\\\/#primaryimage\"},\"image\":{\"@id\":\"https:\\\/\\\/www.laguiadepamplona.com\\\/actualidad\\\/el-ayuntamiento-de-pamplona-abre-el-plazo-para-que-los-centros-escolares-soliciten-talleres-sobre-aves-urbanas-refugios-y-cajas-nido\\\/#primaryimage\"},\"thumbnailUrl\":\"https:\\\/\\\/www.laguiadepamplona.com\\\/actualidad\\\/wp-content\\\/uploads\\\/2021\\\/07\\\/nidos.jpg\",\"datePublished\":\"2023-02-07T12:35:40+00:00\",\"dateModified\":\"2023-04-11T09:47:15+00:00\",\"description\":\"La iniciativa municipal naci\u00f3 en 2018 y este curso Ornitolan Servicios Ambientales tambi\u00e9n impartir\u00e1 actividades sobre murci\u00e9lagos o gal\u00e1pagos\",\"breadcrumb\":{\"@id\":\"https:\\\/\\\/www.laguiadepamplona.com\\\/actualidad\\\/el-ayuntamiento-de-pamplona-abre-el-plazo-para-que-los-centros-escolares-soliciten-talleres-sobre-aves-urbanas-refugios-y-cajas-nido\\\/#breadcrumb\"},\"inLanguage\":\"es\",\"potentialAction\":[{\"@type\":\"ReadAction\",\"target\":[\"https:\\\/\\\/www.laguiadepamplona.com\\\/actualidad\\\/el-ayuntamiento-de-pamplona-abre-el-plazo-para-que-los-centros-escolares-soliciten-talleres-sobre-aves-urbanas-refugios-y-cajas-nido\\\/\"]}]},{\"@type\":\"ImageObject\",\"inLanguage\":\"es\",\"@id\":\"https:\\\/\\\/www.laguiadepamplona.com\\\/actualidad\\\/el-ayuntamiento-de-pamplona-abre-el-plazo-para-que-los-centros-escolares-soliciten-talleres-sobre-aves-urbanas-refugios-y-cajas-nido\\\/#primaryimage\",\"url\":\"https:\\\/\\\/www.laguiadepamplona.com\\\/actualidad\\\/wp-content\\\/uploads\\\/2021\\\/07\\\/nidos.jpg\",\"contentUrl\":\"https:\\\/\\\/www.laguiadepamplona.com\\\/actualidad\\\/wp-content\\\/uploads\\\/2021\\\/07\\\/nidos.jpg\",\"width\":1920,\"height\":1368},{\"@type\":\"BreadcrumbList\",\"@id\":\"https:\\\/\\\/www.laguiadepamplona.com\\\/actualidad\\\/el-ayuntamiento-de-pamplona-abre-el-plazo-para-que-los-centros-escolares-soliciten-talleres-sobre-aves-urbanas-refugios-y-cajas-nido\\\/#breadcrumb\",\"itemListElement\":[{\"@type\":\"ListItem\",\"position\":1,\"name\":\"Portada\",\"item\":\"https:\\\/\\\/www.laguiadepamplona.com\\\/actualidad\\\/\"},{\"@type\":\"ListItem\",\"position\":2,\"name\":\"El Ayuntamiento de Pamplona abre el plazo para que los centros escolares soliciten talleres sobre aves urbanas, refugios y cajas-nido\"}]},{\"@type\":\"WebSite\",\"@id\":\"https:\\\/\\\/www.laguiadepamplona.com\\\/actualidad\\\/#website\",\"url\":\"https:\\\/\\\/www.laguiadepamplona.com\\\/actualidad\\\/\",\"name\":\"La gu\u00eda de Pamplona\",\"description\":\"Noticias de Pamplona\",\"publisher\":{\"@id\":\"https:\\\/\\\/www.laguiadepamplona.com\\\/actualidad\\\/#organization\"},\"potentialAction\":[{\"@type\":\"SearchAction\",\"target\":{\"@type\":\"EntryPoint\",\"urlTemplate\":\"https:\\\/\\\/www.laguiadepamplona.com\\\/actualidad\\\/?s={search_term_string}\"},\"query-input\":{\"@type\":\"PropertyValueSpecification\",\"valueRequired\":true,\"valueName\":\"search_term_string\"}}],\"inLanguage\":\"es\"},{\"@type\":\"Organization\",\"@id\":\"https:\\\/\\\/www.laguiadepamplona.com\\\/actualidad\\\/#organization\",\"name\":\"La Gu\u00eda de Pamplona \\\/ Noticias\",\"url\":\"https:\\\/\\\/www.laguiadepamplona.com\\\/actualidad\\\/\",\"logo\":{\"@type\":\"ImageObject\",\"inLanguage\":\"es\",\"@id\":\"https:\\\/\\\/www.laguiadepamplona.com\\\/actualidad\\\/#\\\/schema\\\/logo\\\/image\\\/\",\"url\":\"https:\\\/\\\/www.laguiadepamplona.com\\\/actualidad\\\/wp-content\\\/uploads\\\/2018\\\/11\\\/logo-laguiadepamplona18-web1.png\",\"contentUrl\":\"https:\\\/\\\/www.laguiadepamplona.com\\\/actualidad\\\/wp-content\\\/uploads\\\/2018\\\/11\\\/logo-laguiadepamplona18-web1.png\",\"width\":600,\"height\":196,\"caption\":\"La Gu\u00eda de Pamplona \\\/ Noticias\"},\"image\":{\"@id\":\"https:\\\/\\\/www.laguiadepamplona.com\\\/actualidad\\\/#\\\/schema\\\/logo\\\/image\\\/\"},\"sameAs\":[\"https:\\\/\\\/www.facebook.com\\\/laguiadepamplonacom-133175176762273\\\/?ref=hl\",\"https:\\\/\\\/x.com\\\/LaGuiadPamplona\",\"https:\\\/\\\/www.instagram.com\\\/la_guia_de_pamplona\\\/\",\"https:\\\/\\\/www.youtube.com\\\/user\\\/laguiadepamplona\"]},{\"@type\":\"Person\",\"@id\":\"https:\\\/\\\/www.laguiadepamplona.com\\\/actualidad\\\/#\\\/schema\\\/person\\\/efe887376f0213d4657c93adc50b1fdb\",\"name\":\"La Gu\u00eda de Pamplona\",\"image\":{\"@type\":\"ImageObject\",\"inLanguage\":\"es\",\"@id\":\"https:\\\/\\\/secure.gravatar.com\\\/avatar\\\/b6992f131dc8d30ab0dff15446e9d346d9dbd95992de0fef795073f5ea83a81c?s=96&d=mm&r=g\",\"url\":\"https:\\\/\\\/secure.gravatar.com\\\/avatar\\\/b6992f131dc8d30ab0dff15446e9d346d9dbd95992de0fef795073f5ea83a81c?s=96&d=mm&r=g\",\"contentUrl\":\"https:\\\/\\\/secure.gravatar.com\\\/avatar\\\/b6992f131dc8d30ab0dff15446e9d346d9dbd95992de0fef795073f5ea83a81c?s=96&d=mm&r=g\",\"caption\":\"La Gu\u00eda de Pamplona\"}}]}<\/script>\n<!-- \/ Yoast SEO plugin. -->","yoast_head_json":{"title":"El Ayuntamiento de Pamplona abre el plazo para que los centros escolares soliciten talleres sobre aves urbanas, refugios y cajas-nido","description":"La iniciativa municipal naci\u00f3 en 2018 y este curso Ornitolan Servicios Ambientales tambi\u00e9n impartir\u00e1 actividades sobre murci\u00e9lagos o gal\u00e1pagos","robots":{"index":"index","follow":"follow","max-snippet":"max-snippet:-1","max-image-preview":"max-image-preview:large","max-video-preview":"max-video-preview:-1"},"canonical":"https:\/\/www.laguiadepamplona.com\/actualidad\/el-ayuntamiento-de-pamplona-abre-el-plazo-para-que-los-centros-escolares-soliciten-talleres-sobre-aves-urbanas-refugios-y-cajas-nido\/","og_locale":"es_ES","og_type":"article","og_title":"El Ayuntamiento de Pamplona abre el plazo para que los centros escolares soliciten talleres sobre aves urbanas, refugios y cajas-nido","og_description":"La iniciativa municipal naci\u00f3 en 2018 y este curso Ornitolan Servicios Ambientales tambi\u00e9n impartir\u00e1 actividades sobre murci\u00e9lagos o gal\u00e1pagos","og_url":"https:\/\/www.laguiadepamplona.com\/actualidad\/el-ayuntamiento-de-pamplona-abre-el-plazo-para-que-los-centros-escolares-soliciten-talleres-sobre-aves-urbanas-refugios-y-cajas-nido\/","og_site_name":"La Gu\u00eda de Pamplona","article_publisher":"https:\/\/www.facebook.com\/laguiadepamplonacom-133175176762273\/?ref=hl","article_published_time":"2023-02-07T12:35:40+00:00","article_modified_time":"2023-04-11T09:47:15+00:00","og_image":[{"width":1920,"height":1368,"url":"https:\/\/www.laguiadepamplona.com\/actualidad\/wp-content\/uploads\/2021\/07\/nidos.jpg","type":"image\/jpeg"}],"author":"La Gu\u00eda de Pamplona","twitter_card":"summary_large_image","twitter_creator":"@LaGuiadPamplona","twitter_site":"@LaGuiadPamplona","twitter_misc":{"Escrito por":"La Gu\u00eda de Pamplona","Tiempo de lectura":"4 minutos"},"schema":{"@context":"https:\/\/schema.org","@graph":[{"@type":"Article","@id":"https:\/\/www.laguiadepamplona.com\/actualidad\/el-ayuntamiento-de-pamplona-abre-el-plazo-para-que-los-centros-escolares-soliciten-talleres-sobre-aves-urbanas-refugios-y-cajas-nido\/#article","isPartOf":{"@id":"https:\/\/www.laguiadepamplona.com\/actualidad\/el-ayuntamiento-de-pamplona-abre-el-plazo-para-que-los-centros-escolares-soliciten-talleres-sobre-aves-urbanas-refugios-y-cajas-nido\/"},"author":{"name":"La Gu\u00eda de Pamplona","@id":"https:\/\/www.laguiadepamplona.com\/actualidad\/#\/schema\/person\/efe887376f0213d4657c93adc50b1fdb"},"headline":"El Ayuntamiento de Pamplona abre el plazo para que los centros escolares soliciten talleres sobre aves urbanas, refugios y cajas-nido","datePublished":"2023-02-07T12:35:40+00:00","dateModified":"2023-04-11T09:47:15+00:00","mainEntityOfPage":{"@id":"https:\/\/www.laguiadepamplona.com\/actualidad\/el-ayuntamiento-de-pamplona-abre-el-plazo-para-que-los-centros-escolares-soliciten-talleres-sobre-aves-urbanas-refugios-y-cajas-nido\/"},"wordCount":835,"commentCount":0,"publisher":{"@id":"https:\/\/www.laguiadepamplona.com\/actualidad\/#organization"},"image":{"@id":"https:\/\/www.laguiadepamplona.com\/actualidad\/el-ayuntamiento-de-pamplona-abre-el-plazo-para-que-los-centros-escolares-soliciten-talleres-sobre-aves-urbanas-refugios-y-cajas-nido\/#primaryimage"},"thumbnailUrl":"https:\/\/www.laguiadepamplona.com\/actualidad\/wp-content\/uploads\/2021\/07\/nidos.jpg","articleSection":["Ayto Pamplona"],"inLanguage":"es","potentialAction":[{"@type":"CommentAction","name":"Comment","target":["https:\/\/www.laguiadepamplona.com\/actualidad\/el-ayuntamiento-de-pamplona-abre-el-plazo-para-que-los-centros-escolares-soliciten-talleres-sobre-aves-urbanas-refugios-y-cajas-nido\/#respond"]}]},{"@type":"WebPage","@id":"https:\/\/www.laguiadepamplona.com\/actualidad\/el-ayuntamiento-de-pamplona-abre-el-plazo-para-que-los-centros-escolares-soliciten-talleres-sobre-aves-urbanas-refugios-y-cajas-nido\/","url":"https:\/\/www.laguiadepamplona.com\/actualidad\/el-ayuntamiento-de-pamplona-abre-el-plazo-para-que-los-centros-escolares-soliciten-talleres-sobre-aves-urbanas-refugios-y-cajas-nido\/","name":"El Ayuntamiento de Pamplona abre el plazo para que los centros escolares soliciten talleres sobre aves urbanas, refugios y cajas-nido","isPartOf":{"@id":"https:\/\/www.laguiadepamplona.com\/actualidad\/#website"},"primaryImageOfPage":{"@id":"https:\/\/www.laguiadepamplona.com\/actualidad\/el-ayuntamiento-de-pamplona-abre-el-plazo-para-que-los-centros-escolares-soliciten-talleres-sobre-aves-urbanas-refugios-y-cajas-nido\/#primaryimage"},"image":{"@id":"https:\/\/www.laguiadepamplona.com\/actualidad\/el-ayuntamiento-de-pamplona-abre-el-plazo-para-que-los-centros-escolares-soliciten-talleres-sobre-aves-urbanas-refugios-y-cajas-nido\/#primaryimage"},"thumbnailUrl":"https:\/\/www.laguiadepamplona.com\/actualidad\/wp-content\/uploads\/2021\/07\/nidos.jpg","datePublished":"2023-02-07T12:35:40+00:00","dateModified":"2023-04-11T09:47:15+00:00","description":"La iniciativa municipal naci\u00f3 en 2018 y este curso Ornitolan Servicios Ambientales tambi\u00e9n impartir\u00e1 actividades sobre murci\u00e9lagos o gal\u00e1pagos","breadcrumb":{"@id":"https:\/\/www.laguiadepamplona.com\/actualidad\/el-ayuntamiento-de-pamplona-abre-el-plazo-para-que-los-centros-escolares-soliciten-talleres-sobre-aves-urbanas-refugios-y-cajas-nido\/#breadcrumb"},"inLanguage":"es","potentialAction":[{"@type":"ReadAction","target":["https:\/\/www.laguiadepamplona.com\/actualidad\/el-ayuntamiento-de-pamplona-abre-el-plazo-para-que-los-centros-escolares-soliciten-talleres-sobre-aves-urbanas-refugios-y-cajas-nido\/"]}]},{"@type":"ImageObject","inLanguage":"es","@id":"https:\/\/www.laguiadepamplona.com\/actualidad\/el-ayuntamiento-de-pamplona-abre-el-plazo-para-que-los-centros-escolares-soliciten-talleres-sobre-aves-urbanas-refugios-y-cajas-nido\/#primaryimage","url":"https:\/\/www.laguiadepamplona.com\/actualidad\/wp-content\/uploads\/2021\/07\/nidos.jpg","contentUrl":"https:\/\/www.laguiadepamplona.com\/actualidad\/wp-content\/uploads\/2021\/07\/nidos.jpg","width":1920,"height":1368},{"@type":"BreadcrumbList","@id":"https:\/\/www.laguiadepamplona.com\/actualidad\/el-ayuntamiento-de-pamplona-abre-el-plazo-para-que-los-centros-escolares-soliciten-talleres-sobre-aves-urbanas-refugios-y-cajas-nido\/#breadcrumb","itemListElement":[{"@type":"ListItem","position":1,"name":"Portada","item":"https:\/\/www.laguiadepamplona.com\/actualidad\/"},{"@type":"ListItem","position":2,"name":"El Ayuntamiento de Pamplona abre el plazo para que los centros escolares soliciten talleres sobre aves urbanas, refugios y cajas-nido"}]},{"@type":"WebSite","@id":"https:\/\/www.laguiadepamplona.com\/actualidad\/#website","url":"https:\/\/www.laguiadepamplona.com\/actualidad\/","name":"La gu\u00eda de Pamplona","description":"Noticias de Pamplona","publisher":{"@id":"https:\/\/www.laguiadepamplona.com\/actualidad\/#organization"},"potentialAction":[{"@type":"SearchAction","target":{"@type":"EntryPoint","urlTemplate":"https:\/\/www.laguiadepamplona.com\/actualidad\/?s={search_term_string}"},"query-input":{"@type":"PropertyValueSpecification","valueRequired":true,"valueName":"search_term_string"}}],"inLanguage":"es"},{"@type":"Organization","@id":"https:\/\/www.laguiadepamplona.com\/actualidad\/#organization","name":"La Gu\u00eda de Pamplona \/ Noticias","url":"https:\/\/www.laguiadepamplona.com\/actualidad\/","logo":{"@type":"ImageObject","inLanguage":"es","@id":"https:\/\/www.laguiadepamplona.com\/actualidad\/#\/schema\/logo\/image\/","url":"https:\/\/www.laguiadepamplona.com\/actualidad\/wp-content\/uploads\/2018\/11\/logo-laguiadepamplona18-web1.png","contentUrl":"https:\/\/www.laguiadepamplona.com\/actualidad\/wp-content\/uploads\/2018\/11\/logo-laguiadepamplona18-web1.png","width":600,"height":196,"caption":"La Gu\u00eda de Pamplona \/ Noticias"},"image":{"@id":"https:\/\/www.laguiadepamplona.com\/actualidad\/#\/schema\/logo\/image\/"},"sameAs":["https:\/\/www.facebook.com\/laguiadepamplonacom-133175176762273\/?ref=hl","https:\/\/x.com\/LaGuiadPamplona","https:\/\/www.instagram.com\/la_guia_de_pamplona\/","https:\/\/www.youtube.com\/user\/laguiadepamplona"]},{"@type":"Person","@id":"https:\/\/www.laguiadepamplona.com\/actualidad\/#\/schema\/person\/efe887376f0213d4657c93adc50b1fdb","name":"La Gu\u00eda de Pamplona","image":{"@type":"ImageObject","inLanguage":"es","@id":"https:\/\/secure.gravatar.com\/avatar\/b6992f131dc8d30ab0dff15446e9d346d9dbd95992de0fef795073f5ea83a81c?s=96&d=mm&r=g","url":"https:\/\/secure.gravatar.com\/avatar\/b6992f131dc8d30ab0dff15446e9d346d9dbd95992de0fef795073f5ea83a81c?s=96&d=mm&r=g","contentUrl":"https:\/\/secure.gravatar.com\/avatar\/b6992f131dc8d30ab0dff15446e9d346d9dbd95992de0fef795073f5ea83a81c?s=96&d=mm&r=g","caption":"La Gu\u00eda de Pamplona"}}]}},"post_mailing_queue_ids":[],"_links":{"self":[{"href":"https:\/\/www.laguiadepamplona.com\/actualidad\/wp-json\/wp\/v2\/posts\/42799","targetHints":{"allow":["GET"]}}],"collection":[{"href":"https:\/\/www.laguiadepamplona.com\/actualidad\/wp-json\/wp\/v2\/posts"}],"about":[{"href":"https:\/\/www.laguiadepamplona.com\/actualidad\/wp-json\/wp\/v2\/types\/post"}],"author":[{"embeddable":true,"href":"https:\/\/www.laguiadepamplona.com\/actualidad\/wp-json\/wp\/v2\/users\/1"}],"replies":[{"embeddable":true,"href":"https:\/\/www.laguiadepamplona.com\/actualidad\/wp-json\/wp\/v2\/comments?post=42799"}],"version-history":[{"count":0,"href":"https:\/\/www.laguiadepamplona.com\/actualidad\/wp-json\/wp\/v2\/posts\/42799\/revisions"}],"wp:featuredmedia":[{"embeddable":true,"href":"https:\/\/www.laguiadepamplona.com\/actualidad\/wp-json\/wp\/v2\/media\/35810"}],"wp:attachment":[{"href":"https:\/\/www.laguiadepamplona.com\/actualidad\/wp-json\/wp\/v2\/media?parent=42799"}],"wp:term":[{"taxonomy":"category","embeddable":true,"href":"https:\/\/www.laguiadepamplona.com\/actualidad\/wp-json\/wp\/v2\/categories?post=42799"},{"taxonomy":"post_tag","embeddable":true,"href":"https:\/\/www.laguiadepamplona.com\/actualidad\/wp-json\/wp\/v2\/tags?post=42799"}],"curies":[{"name":"wp","href":"https:\/\/api.w.org\/{rel}","templated":true}]}}