{"id":42796,"date":"2023-02-07T14:33:28","date_gmt":"2023-02-07T12:33:28","guid":{"rendered":"https:\/\/www.laguiadepamplona.com\/actualidad\/?p=42796"},"modified":"2023-04-11T11:47:15","modified_gmt":"2023-04-11T09:47:15","slug":"el-pleno-extraordinario-del-viernes-debatira-una-propuesta-de-modificaciones-al-presupuesto-prorrogado-del-ayuntamiento-por-valor-de-295-millones","status":"publish","type":"post","link":"https:\/\/www.laguiadepamplona.com\/actualidad\/el-pleno-extraordinario-del-viernes-debatira-una-propuesta-de-modificaciones-al-presupuesto-prorrogado-del-ayuntamiento-por-valor-de-295-millones\/","title":{"rendered":"El Pleno extraordinario del viernes debatir\u00e1 una propuesta de modificaciones al presupuesto prorrogado del Ayuntamiento por valor de 29,5 millones"},"content":{"rendered":"<h5>Incluye inversiones como Civivox Ensanche o el polideportivo de Buztintxuri, ayudas a la rehabilitaci\u00f3n o proyectos financiados con fondos europeos<\/h5>\n<p><!--more--><\/p>\n<p>La Comisi\u00f3n de Presidencia ha conocido esta ma\u00f1ana la propuesta de modificaciones al presupuesto de este a\u00f1o que se debatir\u00e1 el viernes en un Pleno extraordinario. La propuesta recoge 36 nuevas partidas para incrementar en 29.493.448,86 euros los 200 millones de euros de ese presupuesto prorrogado de 2023. Esas inversiones se financiar\u00e1n con cargo al remanente de tesorer\u00eda, a los fondos Next Generation EU o a pr\u00e9stamos a largo plazo.<\/p>\n<p>Las principales cantidades de la propuesta se destinan a la construcci\u00f3n del polideportivo de Buztintxuri y del nuevo Civivox Ensanche, con 6.445.590,67 euros y 6.228.099,24 euros, respectivamente. Superan el mill\u00f3n de euros las inversiones del proyecto PSTD Pamplona SF365 (1.517.812,24 euros, a la que se suma otra partida de 254.150 euros), convocatorias de ayudas a la rehabilitaci\u00f3n (1.000.000 euros), finalizaci\u00f3n de la reurbanizaci\u00f3n del barrio de Milagrosa (1.085.000 euros) y la reforma de viviendas del Grupo San pedro dentro del proyecto Open Lab (1.000.000 euros). Rondan esas cifras los 917.250 euros necesarios para el carril bici entre Pamplona y Mutilva, financiado con fondos Next Generation EU.<br \/>\n<script async src=\"\/\/pagead2.googlesyndication.com\/pagead\/js\/adsbygoogle.js\"><\/script><br \/>\n<!-- Noticias La Guia de Pamplona --><br \/>\n<ins class=\"adsbygoogle\"\nstyle=\"display:block\"\ndata-ad-client=\"ca-pub-6943679897239327\"\ndata-ad-slot=\"7048180777\"\ndata-ad-format=\"auto\"><\/ins><br \/>\n<script>\n(adsbygoogle = window.adsbygoogle || []).push({});\n<\/script><\/p>\n<p>La propuesta recoge 771.500 euros para amortizaciones del pr\u00e9stamo de Pamplona Centro Hist\u00f3rico, 771.193,55 euros para convenios de rehabilitaci\u00f3n de viviendas, 661.510 euros para aplicaciones inform\u00e1ticas y licencias de software, dos partidas para dise\u00f1o e implementaci\u00f3n del sistema de gesti\u00f3n de las Zonas de Bajas Emisiones y sistemas embarcables de Polic\u00eda Municipal de 300.139,47 y 328.163,24 euros, 500.000 euros para cambios de ventanas en colegios p\u00fablicos y otros 500.000 euros para mantenimiento de pavimentos en la v\u00eda p\u00fablica.<\/p>\n<p>Asimismo, se incluyen 450.000 euros para la convocatoria de ayudas para paliar las inundaciones, 451.858 euros para proyectos en las motas dentro del proyecto RUNA 2025 financiado por fondos europeos Next Generation EU, 426.100 euros para la Escuela Infantil Lezkairu y 240.953,66 euros para la modernizaci\u00f3n y transformaci\u00f3n digital del Ayuntamiento. La propuesta se completa con otras inversiones de menor cuant\u00eda para proyectos de renaturalizaci\u00f3n de patios escolares, cubiertas de juegos infantiles, alumbrado, un segundo horno crematorio, un pante\u00f3n para fusilados de la guerra en el cementerio, actuaciones en las piscinas de Aranzadi y San Jorge, entre otras.<\/p>\n<p>Este expediente de modificaciones presupuestarias incluye, adem\u00e1s, 3.988.000 euros para Gerencia de Urbanismo y 750.000 euros para el organismo aut\u00f3nomo Escuelas Infantiles Municipales de Pamplona. Los casi 4 millones para Gerencia de Urbanismo tienen que ver con proyectos como el ascensor de Trinitarios (2.064.000 euros) financiados con fondos Next Generation EU, el colector de Errotazar, los parques de Aranzadi y del Camino de Santiago (1.774.000 euros) y el planeamiento y reparcelaci\u00f3n de Donapea (150.000 euros). Las modificaciones para escuelas infantiles se destinar\u00e1n a reformas en Donibane, Mendebaldea y Fuerte el Pr\u00edncipe.<br \/>\n<script async src=\"\/\/pagead2.googlesyndication.com\/pagead\/js\/adsbygoogle.js\"><\/script><br \/>\n<!-- Noticias La Guia de Pamplona --><br \/>\n<ins class=\"adsbygoogle\"\nstyle=\"display:block\"\ndata-ad-client=\"ca-pub-6943679897239327\"\ndata-ad-slot=\"7048180777\"\ndata-ad-format=\"auto\"><\/ins><br \/>\n<script>\n(adsbygoogle = window.adsbygoogle || []).push({});\n<\/script><\/p>\n<p><strong>Subvenciones nominativas<\/strong><\/p>\n<p>Un segundo expediente que se ha dado a conocer en la Comisi\u00f3n de Presidencia tiene que ver con las subvenciones nominativas que concede el Ayuntamiento de Pamplona. Esas subvenciones ascienden a 418.000 euros y se reparten entre catorce entidades. Se proponen 100.000 euros para el Orfe\u00f3n Pamplon\u00e9s para ayuda a la difusi\u00f3n y conservaci\u00f3n del patrimonio musical, 55.000 euros a la Asociaci\u00f3n Cabalgata de Reyes Magos por las actividades navide\u00f1as que organizan, 40.000 euros a la Fundaci\u00f3n Banco de Alimentos, 36.000 euros a la Coordinadora de Organizaciones No Gubernamentales de Desarrollo de Navarra y 30.000 euros para la Fundaci\u00f3n Secretariado Gitano.<\/p>\n<p>El Ayuntamiento de Pamplona prev\u00e9 25.500 euros para el Colegio de Abogados de Pamplona y la Oficina de Mediaci\u00f3n Hipotecaria, otros 25.500 euros para la Fundaci\u00f3n Instituto de Estudios Sociales IPES Elkartea, 24.000 euros para la Asociaci\u00f3n para la Reflexi\u00f3n Estrat\u00e9gica acerca de la Arquitectura (AREA) que organiza la Bienal de Arquitectura, 20.000 euros para actividades culturales de la Universidad P\u00fablica de Navarra, 15.000 euros para la Asociaci\u00f3n Amigos del Olentzero y 15.000 para el Comit\u00e9 de Representantes de Personas con Discapacidad de Navarra. Por \u00faltimo, se proponen 12.000 euros para la Real Academia de la Lengua Vasca \u2013 Euskaltzaindia y 10.000 euros tanto para NICDO en relaci\u00f3n a los festivales Pamplona Negra y Punto de Vista y como para la Federaci\u00f3n de Asociaciones Gitanas de Navarra Gaz Kal\u00f3.<\/p>\n<p>Con estas modificaciones incorporadas a las previsiones globales el sector p\u00fablico local, este mantiene capacidad de financiaci\u00f3n y cumple con la sostenibilidad financiera, con un porcentaje de deuda que, a final de 2023, ser\u00eda del 17,5% de los ingresos corrientes, en caso de que se mantengan las previsiones actuales de no recurrir a la contrataci\u00f3n de pr\u00e9stamo.<\/p>\n","protected":false},"excerpt":{"rendered":"<p>Incluye inversiones como Civivox Ensanche o el polideportivo de Buztintxuri, ayudas a la rehabilitaci\u00f3n o proyectos financiados con fondos europeos<\/p>\n","protected":false},"author":1,"featured_media":42797,"comment_status":"open","ping_status":"closed","sticky":false,"template":"","format":"standard","meta":{"footnotes":""},"categories":[2],"tags":[],"class_list":["post-42796","post","type-post","status-publish","format-standard","has-post-thumbnail","hentry","category-ayuntamiento-pamplona"],"yoast_head":"<!-- This site is optimized with the Yoast SEO plugin v27.3 - https:\/\/yoast.com\/product\/yoast-seo-wordpress\/ -->\n<title>El Pleno extraordinario del viernes debatir\u00e1 una propuesta de modificaciones al presupuesto prorrogado del Ayuntamiento por valor de 29,5 millones<\/title>\n<meta name=\"description\" content=\"Incluye inversiones como Civivox Ensanche o el polideportivo de Buztintxuri, ayudas a la rehabilitaci\u00f3n o proyectos financiados con fondos europeos\" \/>\n<meta name=\"robots\" content=\"index, follow, max-snippet:-1, max-image-preview:large, max-video-preview:-1\" \/>\n<link rel=\"canonical\" href=\"https:\/\/www.laguiadepamplona.com\/actualidad\/el-pleno-extraordinario-del-viernes-debatira-una-propuesta-de-modificaciones-al-presupuesto-prorrogado-del-ayuntamiento-por-valor-de-295-millones\/\" \/>\n<meta property=\"og:locale\" content=\"es_ES\" \/>\n<meta property=\"og:type\" content=\"article\" \/>\n<meta property=\"og:title\" content=\"El Pleno extraordinario del viernes debatir\u00e1 una propuesta de modificaciones al presupuesto prorrogado del Ayuntamiento por valor de 29,5 millones\" \/>\n<meta property=\"og:description\" content=\"Incluye inversiones como Civivox Ensanche o el polideportivo de Buztintxuri, ayudas a la rehabilitaci\u00f3n o proyectos financiados con fondos europeos\" \/>\n<meta property=\"og:url\" content=\"https:\/\/www.laguiadepamplona.com\/actualidad\/el-pleno-extraordinario-del-viernes-debatira-una-propuesta-de-modificaciones-al-presupuesto-prorrogado-del-ayuntamiento-por-valor-de-295-millones\/\" \/>\n<meta property=\"og:site_name\" content=\"La Gu\u00eda de Pamplona\" \/>\n<meta property=\"article:publisher\" content=\"https:\/\/www.facebook.com\/laguiadepamplonacom-133175176762273\/?ref=hl\" \/>\n<meta property=\"article:published_time\" content=\"2023-02-07T12:33:28+00:00\" \/>\n<meta property=\"article:modified_time\" content=\"2023-04-11T09:47:15+00:00\" \/>\n<meta property=\"og:image\" content=\"https:\/\/www.laguiadepamplona.com\/actualidad\/wp-content\/uploads\/2023\/02\/contabilidad-cuentas-copia.webp\" \/>\n\t<meta property=\"og:image:width\" content=\"1920\" \/>\n\t<meta property=\"og:image:height\" content=\"1281\" \/>\n\t<meta property=\"og:image:type\" content=\"image\/webp\" \/>\n<meta name=\"author\" content=\"La Gu\u00eda de Pamplona\" \/>\n<meta name=\"twitter:card\" content=\"summary_large_image\" \/>\n<meta name=\"twitter:creator\" content=\"@LaGuiadPamplona\" \/>\n<meta name=\"twitter:site\" content=\"@LaGuiadPamplona\" \/>\n<meta name=\"twitter:label1\" content=\"Escrito por\" \/>\n\t<meta name=\"twitter:data1\" content=\"La Gu\u00eda de Pamplona\" \/>\n\t<meta name=\"twitter:label2\" content=\"Tiempo de lectura\" \/>\n\t<meta name=\"twitter:data2\" content=\"4 minutos\" \/>\n<script type=\"application\/ld+json\" class=\"yoast-schema-graph\">{\"@context\":\"https:\\\/\\\/schema.org\",\"@graph\":[{\"@type\":\"Article\",\"@id\":\"https:\\\/\\\/www.laguiadepamplona.com\\\/actualidad\\\/el-pleno-extraordinario-del-viernes-debatira-una-propuesta-de-modificaciones-al-presupuesto-prorrogado-del-ayuntamiento-por-valor-de-295-millones\\\/#article\",\"isPartOf\":{\"@id\":\"https:\\\/\\\/www.laguiadepamplona.com\\\/actualidad\\\/el-pleno-extraordinario-del-viernes-debatira-una-propuesta-de-modificaciones-al-presupuesto-prorrogado-del-ayuntamiento-por-valor-de-295-millones\\\/\"},\"author\":{\"name\":\"La Gu\u00eda de Pamplona\",\"@id\":\"https:\\\/\\\/www.laguiadepamplona.com\\\/actualidad\\\/#\\\/schema\\\/person\\\/efe887376f0213d4657c93adc50b1fdb\"},\"headline\":\"El Pleno extraordinario del viernes debatir\u00e1 una propuesta de modificaciones al presupuesto prorrogado del Ayuntamiento por valor de 29,5 millones\",\"datePublished\":\"2023-02-07T12:33:28+00:00\",\"dateModified\":\"2023-04-11T09:47:15+00:00\",\"mainEntityOfPage\":{\"@id\":\"https:\\\/\\\/www.laguiadepamplona.com\\\/actualidad\\\/el-pleno-extraordinario-del-viernes-debatira-una-propuesta-de-modificaciones-al-presupuesto-prorrogado-del-ayuntamiento-por-valor-de-295-millones\\\/\"},\"wordCount\":780,\"commentCount\":0,\"publisher\":{\"@id\":\"https:\\\/\\\/www.laguiadepamplona.com\\\/actualidad\\\/#organization\"},\"image\":{\"@id\":\"https:\\\/\\\/www.laguiadepamplona.com\\\/actualidad\\\/el-pleno-extraordinario-del-viernes-debatira-una-propuesta-de-modificaciones-al-presupuesto-prorrogado-del-ayuntamiento-por-valor-de-295-millones\\\/#primaryimage\"},\"thumbnailUrl\":\"https:\\\/\\\/www.laguiadepamplona.com\\\/actualidad\\\/wp-content\\\/uploads\\\/2023\\\/02\\\/contabilidad-cuentas-copia.webp\",\"articleSection\":[\"Ayto Pamplona\"],\"inLanguage\":\"es\",\"potentialAction\":[{\"@type\":\"CommentAction\",\"name\":\"Comment\",\"target\":[\"https:\\\/\\\/www.laguiadepamplona.com\\\/actualidad\\\/el-pleno-extraordinario-del-viernes-debatira-una-propuesta-de-modificaciones-al-presupuesto-prorrogado-del-ayuntamiento-por-valor-de-295-millones\\\/#respond\"]}]},{\"@type\":\"WebPage\",\"@id\":\"https:\\\/\\\/www.laguiadepamplona.com\\\/actualidad\\\/el-pleno-extraordinario-del-viernes-debatira-una-propuesta-de-modificaciones-al-presupuesto-prorrogado-del-ayuntamiento-por-valor-de-295-millones\\\/\",\"url\":\"https:\\\/\\\/www.laguiadepamplona.com\\\/actualidad\\\/el-pleno-extraordinario-del-viernes-debatira-una-propuesta-de-modificaciones-al-presupuesto-prorrogado-del-ayuntamiento-por-valor-de-295-millones\\\/\",\"name\":\"El Pleno extraordinario del viernes debatir\u00e1 una propuesta de modificaciones al presupuesto prorrogado del Ayuntamiento por valor de 29,5 millones\",\"isPartOf\":{\"@id\":\"https:\\\/\\\/www.laguiadepamplona.com\\\/actualidad\\\/#website\"},\"primaryImageOfPage\":{\"@id\":\"https:\\\/\\\/www.laguiadepamplona.com\\\/actualidad\\\/el-pleno-extraordinario-del-viernes-debatira-una-propuesta-de-modificaciones-al-presupuesto-prorrogado-del-ayuntamiento-por-valor-de-295-millones\\\/#primaryimage\"},\"image\":{\"@id\":\"https:\\\/\\\/www.laguiadepamplona.com\\\/actualidad\\\/el-pleno-extraordinario-del-viernes-debatira-una-propuesta-de-modificaciones-al-presupuesto-prorrogado-del-ayuntamiento-por-valor-de-295-millones\\\/#primaryimage\"},\"thumbnailUrl\":\"https:\\\/\\\/www.laguiadepamplona.com\\\/actualidad\\\/wp-content\\\/uploads\\\/2023\\\/02\\\/contabilidad-cuentas-copia.webp\",\"datePublished\":\"2023-02-07T12:33:28+00:00\",\"dateModified\":\"2023-04-11T09:47:15+00:00\",\"description\":\"Incluye inversiones como Civivox Ensanche o el polideportivo de Buztintxuri, ayudas a la rehabilitaci\u00f3n o proyectos financiados con fondos europeos\",\"breadcrumb\":{\"@id\":\"https:\\\/\\\/www.laguiadepamplona.com\\\/actualidad\\\/el-pleno-extraordinario-del-viernes-debatira-una-propuesta-de-modificaciones-al-presupuesto-prorrogado-del-ayuntamiento-por-valor-de-295-millones\\\/#breadcrumb\"},\"inLanguage\":\"es\",\"potentialAction\":[{\"@type\":\"ReadAction\",\"target\":[\"https:\\\/\\\/www.laguiadepamplona.com\\\/actualidad\\\/el-pleno-extraordinario-del-viernes-debatira-una-propuesta-de-modificaciones-al-presupuesto-prorrogado-del-ayuntamiento-por-valor-de-295-millones\\\/\"]}]},{\"@type\":\"ImageObject\",\"inLanguage\":\"es\",\"@id\":\"https:\\\/\\\/www.laguiadepamplona.com\\\/actualidad\\\/el-pleno-extraordinario-del-viernes-debatira-una-propuesta-de-modificaciones-al-presupuesto-prorrogado-del-ayuntamiento-por-valor-de-295-millones\\\/#primaryimage\",\"url\":\"https:\\\/\\\/www.laguiadepamplona.com\\\/actualidad\\\/wp-content\\\/uploads\\\/2023\\\/02\\\/contabilidad-cuentas-copia.webp\",\"contentUrl\":\"https:\\\/\\\/www.laguiadepamplona.com\\\/actualidad\\\/wp-content\\\/uploads\\\/2023\\\/02\\\/contabilidad-cuentas-copia.webp\",\"width\":1920,\"height\":1281},{\"@type\":\"BreadcrumbList\",\"@id\":\"https:\\\/\\\/www.laguiadepamplona.com\\\/actualidad\\\/el-pleno-extraordinario-del-viernes-debatira-una-propuesta-de-modificaciones-al-presupuesto-prorrogado-del-ayuntamiento-por-valor-de-295-millones\\\/#breadcrumb\",\"itemListElement\":[{\"@type\":\"ListItem\",\"position\":1,\"name\":\"Portada\",\"item\":\"https:\\\/\\\/www.laguiadepamplona.com\\\/actualidad\\\/\"},{\"@type\":\"ListItem\",\"position\":2,\"name\":\"El Pleno extraordinario del viernes debatir\u00e1 una propuesta de modificaciones al presupuesto prorrogado del Ayuntamiento por valor de 29,5 millones\"}]},{\"@type\":\"WebSite\",\"@id\":\"https:\\\/\\\/www.laguiadepamplona.com\\\/actualidad\\\/#website\",\"url\":\"https:\\\/\\\/www.laguiadepamplona.com\\\/actualidad\\\/\",\"name\":\"La gu\u00eda de Pamplona\",\"description\":\"Noticias de Pamplona\",\"publisher\":{\"@id\":\"https:\\\/\\\/www.laguiadepamplona.com\\\/actualidad\\\/#organization\"},\"potentialAction\":[{\"@type\":\"SearchAction\",\"target\":{\"@type\":\"EntryPoint\",\"urlTemplate\":\"https:\\\/\\\/www.laguiadepamplona.com\\\/actualidad\\\/?s={search_term_string}\"},\"query-input\":{\"@type\":\"PropertyValueSpecification\",\"valueRequired\":true,\"valueName\":\"search_term_string\"}}],\"inLanguage\":\"es\"},{\"@type\":\"Organization\",\"@id\":\"https:\\\/\\\/www.laguiadepamplona.com\\\/actualidad\\\/#organization\",\"name\":\"La Gu\u00eda de Pamplona \\\/ Noticias\",\"url\":\"https:\\\/\\\/www.laguiadepamplona.com\\\/actualidad\\\/\",\"logo\":{\"@type\":\"ImageObject\",\"inLanguage\":\"es\",\"@id\":\"https:\\\/\\\/www.laguiadepamplona.com\\\/actualidad\\\/#\\\/schema\\\/logo\\\/image\\\/\",\"url\":\"https:\\\/\\\/www.laguiadepamplona.com\\\/actualidad\\\/wp-content\\\/uploads\\\/2018\\\/11\\\/logo-laguiadepamplona18-web1.png\",\"contentUrl\":\"https:\\\/\\\/www.laguiadepamplona.com\\\/actualidad\\\/wp-content\\\/uploads\\\/2018\\\/11\\\/logo-laguiadepamplona18-web1.png\",\"width\":600,\"height\":196,\"caption\":\"La Gu\u00eda de Pamplona \\\/ Noticias\"},\"image\":{\"@id\":\"https:\\\/\\\/www.laguiadepamplona.com\\\/actualidad\\\/#\\\/schema\\\/logo\\\/image\\\/\"},\"sameAs\":[\"https:\\\/\\\/www.facebook.com\\\/laguiadepamplonacom-133175176762273\\\/?ref=hl\",\"https:\\\/\\\/x.com\\\/LaGuiadPamplona\",\"https:\\\/\\\/www.instagram.com\\\/la_guia_de_pamplona\\\/\",\"https:\\\/\\\/www.youtube.com\\\/user\\\/laguiadepamplona\"]},{\"@type\":\"Person\",\"@id\":\"https:\\\/\\\/www.laguiadepamplona.com\\\/actualidad\\\/#\\\/schema\\\/person\\\/efe887376f0213d4657c93adc50b1fdb\",\"name\":\"La Gu\u00eda de Pamplona\",\"image\":{\"@type\":\"ImageObject\",\"inLanguage\":\"es\",\"@id\":\"https:\\\/\\\/secure.gravatar.com\\\/avatar\\\/b6992f131dc8d30ab0dff15446e9d346d9dbd95992de0fef795073f5ea83a81c?s=96&d=mm&r=g\",\"url\":\"https:\\\/\\\/secure.gravatar.com\\\/avatar\\\/b6992f131dc8d30ab0dff15446e9d346d9dbd95992de0fef795073f5ea83a81c?s=96&d=mm&r=g\",\"contentUrl\":\"https:\\\/\\\/secure.gravatar.com\\\/avatar\\\/b6992f131dc8d30ab0dff15446e9d346d9dbd95992de0fef795073f5ea83a81c?s=96&d=mm&r=g\",\"caption\":\"La Gu\u00eda de Pamplona\"}}]}<\/script>\n<!-- \/ Yoast SEO plugin. -->","yoast_head_json":{"title":"El Pleno extraordinario del viernes debatir\u00e1 una propuesta de modificaciones al presupuesto prorrogado del Ayuntamiento por valor de 29,5 millones","description":"Incluye inversiones como Civivox Ensanche o el polideportivo de Buztintxuri, ayudas a la rehabilitaci\u00f3n o proyectos financiados con fondos europeos","robots":{"index":"index","follow":"follow","max-snippet":"max-snippet:-1","max-image-preview":"max-image-preview:large","max-video-preview":"max-video-preview:-1"},"canonical":"https:\/\/www.laguiadepamplona.com\/actualidad\/el-pleno-extraordinario-del-viernes-debatira-una-propuesta-de-modificaciones-al-presupuesto-prorrogado-del-ayuntamiento-por-valor-de-295-millones\/","og_locale":"es_ES","og_type":"article","og_title":"El Pleno extraordinario del viernes debatir\u00e1 una propuesta de modificaciones al presupuesto prorrogado del Ayuntamiento por valor de 29,5 millones","og_description":"Incluye inversiones como Civivox Ensanche o el polideportivo de Buztintxuri, ayudas a la rehabilitaci\u00f3n o proyectos financiados con fondos europeos","og_url":"https:\/\/www.laguiadepamplona.com\/actualidad\/el-pleno-extraordinario-del-viernes-debatira-una-propuesta-de-modificaciones-al-presupuesto-prorrogado-del-ayuntamiento-por-valor-de-295-millones\/","og_site_name":"La Gu\u00eda de Pamplona","article_publisher":"https:\/\/www.facebook.com\/laguiadepamplonacom-133175176762273\/?ref=hl","article_published_time":"2023-02-07T12:33:28+00:00","article_modified_time":"2023-04-11T09:47:15+00:00","og_image":[{"width":1920,"height":1281,"url":"https:\/\/www.laguiadepamplona.com\/actualidad\/wp-content\/uploads\/2023\/02\/contabilidad-cuentas-copia.webp","type":"image\/webp"}],"author":"La Gu\u00eda de Pamplona","twitter_card":"summary_large_image","twitter_creator":"@LaGuiadPamplona","twitter_site":"@LaGuiadPamplona","twitter_misc":{"Escrito por":"La Gu\u00eda de Pamplona","Tiempo de lectura":"4 minutos"},"schema":{"@context":"https:\/\/schema.org","@graph":[{"@type":"Article","@id":"https:\/\/www.laguiadepamplona.com\/actualidad\/el-pleno-extraordinario-del-viernes-debatira-una-propuesta-de-modificaciones-al-presupuesto-prorrogado-del-ayuntamiento-por-valor-de-295-millones\/#article","isPartOf":{"@id":"https:\/\/www.laguiadepamplona.com\/actualidad\/el-pleno-extraordinario-del-viernes-debatira-una-propuesta-de-modificaciones-al-presupuesto-prorrogado-del-ayuntamiento-por-valor-de-295-millones\/"},"author":{"name":"La Gu\u00eda de Pamplona","@id":"https:\/\/www.laguiadepamplona.com\/actualidad\/#\/schema\/person\/efe887376f0213d4657c93adc50b1fdb"},"headline":"El Pleno extraordinario del viernes debatir\u00e1 una propuesta de modificaciones al presupuesto prorrogado del Ayuntamiento por valor de 29,5 millones","datePublished":"2023-02-07T12:33:28+00:00","dateModified":"2023-04-11T09:47:15+00:00","mainEntityOfPage":{"@id":"https:\/\/www.laguiadepamplona.com\/actualidad\/el-pleno-extraordinario-del-viernes-debatira-una-propuesta-de-modificaciones-al-presupuesto-prorrogado-del-ayuntamiento-por-valor-de-295-millones\/"},"wordCount":780,"commentCount":0,"publisher":{"@id":"https:\/\/www.laguiadepamplona.com\/actualidad\/#organization"},"image":{"@id":"https:\/\/www.laguiadepamplona.com\/actualidad\/el-pleno-extraordinario-del-viernes-debatira-una-propuesta-de-modificaciones-al-presupuesto-prorrogado-del-ayuntamiento-por-valor-de-295-millones\/#primaryimage"},"thumbnailUrl":"https:\/\/www.laguiadepamplona.com\/actualidad\/wp-content\/uploads\/2023\/02\/contabilidad-cuentas-copia.webp","articleSection":["Ayto Pamplona"],"inLanguage":"es","potentialAction":[{"@type":"CommentAction","name":"Comment","target":["https:\/\/www.laguiadepamplona.com\/actualidad\/el-pleno-extraordinario-del-viernes-debatira-una-propuesta-de-modificaciones-al-presupuesto-prorrogado-del-ayuntamiento-por-valor-de-295-millones\/#respond"]}]},{"@type":"WebPage","@id":"https:\/\/www.laguiadepamplona.com\/actualidad\/el-pleno-extraordinario-del-viernes-debatira-una-propuesta-de-modificaciones-al-presupuesto-prorrogado-del-ayuntamiento-por-valor-de-295-millones\/","url":"https:\/\/www.laguiadepamplona.com\/actualidad\/el-pleno-extraordinario-del-viernes-debatira-una-propuesta-de-modificaciones-al-presupuesto-prorrogado-del-ayuntamiento-por-valor-de-295-millones\/","name":"El Pleno extraordinario del viernes debatir\u00e1 una propuesta de modificaciones al presupuesto prorrogado del Ayuntamiento por valor de 29,5 millones","isPartOf":{"@id":"https:\/\/www.laguiadepamplona.com\/actualidad\/#website"},"primaryImageOfPage":{"@id":"https:\/\/www.laguiadepamplona.com\/actualidad\/el-pleno-extraordinario-del-viernes-debatira-una-propuesta-de-modificaciones-al-presupuesto-prorrogado-del-ayuntamiento-por-valor-de-295-millones\/#primaryimage"},"image":{"@id":"https:\/\/www.laguiadepamplona.com\/actualidad\/el-pleno-extraordinario-del-viernes-debatira-una-propuesta-de-modificaciones-al-presupuesto-prorrogado-del-ayuntamiento-por-valor-de-295-millones\/#primaryimage"},"thumbnailUrl":"https:\/\/www.laguiadepamplona.com\/actualidad\/wp-content\/uploads\/2023\/02\/contabilidad-cuentas-copia.webp","datePublished":"2023-02-07T12:33:28+00:00","dateModified":"2023-04-11T09:47:15+00:00","description":"Incluye inversiones como Civivox Ensanche o el polideportivo de Buztintxuri, ayudas a la rehabilitaci\u00f3n o proyectos financiados con fondos europeos","breadcrumb":{"@id":"https:\/\/www.laguiadepamplona.com\/actualidad\/el-pleno-extraordinario-del-viernes-debatira-una-propuesta-de-modificaciones-al-presupuesto-prorrogado-del-ayuntamiento-por-valor-de-295-millones\/#breadcrumb"},"inLanguage":"es","potentialAction":[{"@type":"ReadAction","target":["https:\/\/www.laguiadepamplona.com\/actualidad\/el-pleno-extraordinario-del-viernes-debatira-una-propuesta-de-modificaciones-al-presupuesto-prorrogado-del-ayuntamiento-por-valor-de-295-millones\/"]}]},{"@type":"ImageObject","inLanguage":"es","@id":"https:\/\/www.laguiadepamplona.com\/actualidad\/el-pleno-extraordinario-del-viernes-debatira-una-propuesta-de-modificaciones-al-presupuesto-prorrogado-del-ayuntamiento-por-valor-de-295-millones\/#primaryimage","url":"https:\/\/www.laguiadepamplona.com\/actualidad\/wp-content\/uploads\/2023\/02\/contabilidad-cuentas-copia.webp","contentUrl":"https:\/\/www.laguiadepamplona.com\/actualidad\/wp-content\/uploads\/2023\/02\/contabilidad-cuentas-copia.webp","width":1920,"height":1281},{"@type":"BreadcrumbList","@id":"https:\/\/www.laguiadepamplona.com\/actualidad\/el-pleno-extraordinario-del-viernes-debatira-una-propuesta-de-modificaciones-al-presupuesto-prorrogado-del-ayuntamiento-por-valor-de-295-millones\/#breadcrumb","itemListElement":[{"@type":"ListItem","position":1,"name":"Portada","item":"https:\/\/www.laguiadepamplona.com\/actualidad\/"},{"@type":"ListItem","position":2,"name":"El Pleno extraordinario del viernes debatir\u00e1 una propuesta de modificaciones al presupuesto prorrogado del Ayuntamiento por valor de 29,5 millones"}]},{"@type":"WebSite","@id":"https:\/\/www.laguiadepamplona.com\/actualidad\/#website","url":"https:\/\/www.laguiadepamplona.com\/actualidad\/","name":"La gu\u00eda de Pamplona","description":"Noticias de Pamplona","publisher":{"@id":"https:\/\/www.laguiadepamplona.com\/actualidad\/#organization"},"potentialAction":[{"@type":"SearchAction","target":{"@type":"EntryPoint","urlTemplate":"https:\/\/www.laguiadepamplona.com\/actualidad\/?s={search_term_string}"},"query-input":{"@type":"PropertyValueSpecification","valueRequired":true,"valueName":"search_term_string"}}],"inLanguage":"es"},{"@type":"Organization","@id":"https:\/\/www.laguiadepamplona.com\/actualidad\/#organization","name":"La Gu\u00eda de Pamplona \/ Noticias","url":"https:\/\/www.laguiadepamplona.com\/actualidad\/","logo":{"@type":"ImageObject","inLanguage":"es","@id":"https:\/\/www.laguiadepamplona.com\/actualidad\/#\/schema\/logo\/image\/","url":"https:\/\/www.laguiadepamplona.com\/actualidad\/wp-content\/uploads\/2018\/11\/logo-laguiadepamplona18-web1.png","contentUrl":"https:\/\/www.laguiadepamplona.com\/actualidad\/wp-content\/uploads\/2018\/11\/logo-laguiadepamplona18-web1.png","width":600,"height":196,"caption":"La Gu\u00eda de Pamplona \/ Noticias"},"image":{"@id":"https:\/\/www.laguiadepamplona.com\/actualidad\/#\/schema\/logo\/image\/"},"sameAs":["https:\/\/www.facebook.com\/laguiadepamplonacom-133175176762273\/?ref=hl","https:\/\/x.com\/LaGuiadPamplona","https:\/\/www.instagram.com\/la_guia_de_pamplona\/","https:\/\/www.youtube.com\/user\/laguiadepamplona"]},{"@type":"Person","@id":"https:\/\/www.laguiadepamplona.com\/actualidad\/#\/schema\/person\/efe887376f0213d4657c93adc50b1fdb","name":"La Gu\u00eda de Pamplona","image":{"@type":"ImageObject","inLanguage":"es","@id":"https:\/\/secure.gravatar.com\/avatar\/b6992f131dc8d30ab0dff15446e9d346d9dbd95992de0fef795073f5ea83a81c?s=96&d=mm&r=g","url":"https:\/\/secure.gravatar.com\/avatar\/b6992f131dc8d30ab0dff15446e9d346d9dbd95992de0fef795073f5ea83a81c?s=96&d=mm&r=g","contentUrl":"https:\/\/secure.gravatar.com\/avatar\/b6992f131dc8d30ab0dff15446e9d346d9dbd95992de0fef795073f5ea83a81c?s=96&d=mm&r=g","caption":"La Gu\u00eda de Pamplona"}}]}},"post_mailing_queue_ids":[],"_links":{"self":[{"href":"https:\/\/www.laguiadepamplona.com\/actualidad\/wp-json\/wp\/v2\/posts\/42796","targetHints":{"allow":["GET"]}}],"collection":[{"href":"https:\/\/www.laguiadepamplona.com\/actualidad\/wp-json\/wp\/v2\/posts"}],"about":[{"href":"https:\/\/www.laguiadepamplona.com\/actualidad\/wp-json\/wp\/v2\/types\/post"}],"author":[{"embeddable":true,"href":"https:\/\/www.laguiadepamplona.com\/actualidad\/wp-json\/wp\/v2\/users\/1"}],"replies":[{"embeddable":true,"href":"https:\/\/www.laguiadepamplona.com\/actualidad\/wp-json\/wp\/v2\/comments?post=42796"}],"version-history":[{"count":0,"href":"https:\/\/www.laguiadepamplona.com\/actualidad\/wp-json\/wp\/v2\/posts\/42796\/revisions"}],"wp:featuredmedia":[{"embeddable":true,"href":"https:\/\/www.laguiadepamplona.com\/actualidad\/wp-json\/wp\/v2\/media\/42797"}],"wp:attachment":[{"href":"https:\/\/www.laguiadepamplona.com\/actualidad\/wp-json\/wp\/v2\/media?parent=42796"}],"wp:term":[{"taxonomy":"category","embeddable":true,"href":"https:\/\/www.laguiadepamplona.com\/actualidad\/wp-json\/wp\/v2\/categories?post=42796"},{"taxonomy":"post_tag","embeddable":true,"href":"https:\/\/www.laguiadepamplona.com\/actualidad\/wp-json\/wp\/v2\/tags?post=42796"}],"curies":[{"name":"wp","href":"https:\/\/api.w.org\/{rel}","templated":true}]}}