{"id":42791,"date":"2023-02-06T18:25:40","date_gmt":"2023-02-06T16:25:40","guid":{"rendered":"https:\/\/www.laguiadepamplona.com\/actualidad\/?p=42791"},"modified":"2023-04-11T11:47:15","modified_gmt":"2023-04-11T09:47:15","slug":"gerencia-de-urbanismo-trata-el-miercoles-la-subasta-de-dos-parcelas-una-en-san-jorge-y-otra-en-salesianos-destinadas-a-viviendas-y-equipamiento-comercial-respectivamente","status":"publish","type":"post","link":"https:\/\/www.laguiadepamplona.com\/actualidad\/gerencia-de-urbanismo-trata-el-miercoles-la-subasta-de-dos-parcelas-una-en-san-jorge-y-otra-en-salesianos-destinadas-a-viviendas-y-equipamiento-comercial-respectivamente\/","title":{"rendered":"Gerencia de Urbanismo trata el mi\u00e9rcoles la subasta de dos parcelas, una en San Jorge y otra en Salesianos, destinadas a viviendas y equipamiento comercial, respectivamente"},"content":{"rendered":"<h5>La parcela de San Jorge partir\u00e1 de una base de licitaci\u00f3n de 1,1 millones de euros y la de Salesianos, de 1,8 millones, en ambos casos IVA no incluido<\/h5>\n<p><!--more--><\/p>\n<p>La Gerencia de Urbanismo estudiar\u00e1 este mi\u00e9rcoles la enajenaci\u00f3n, mediante subasta p\u00fablica, de dos parcelas municipales en San Jorge y en el solar de Salesianos para la construcci\u00f3n de vivienda libre y para la construcci\u00f3n de una dotaci\u00f3n comercial, respectivamente. La parcela de Salesianos parte con un precio de 1.827.201 euros y la de San Jorge con un coste de 1.111.058,94 euros, en ambos casos IVA no incluido. Para que el procedimiento se ponga en marcha, deber\u00e1 ser aprobado la Junta de Gobierno Local.<br \/>\n<script async src=\"\/\/pagead2.googlesyndication.com\/pagead\/js\/adsbygoogle.js\"><\/script><br \/>\n<!-- Noticias La Guia de Pamplona --><br \/>\n<ins class=\"adsbygoogle\"\nstyle=\"display:block\"\ndata-ad-client=\"ca-pub-6943679897239327\"\ndata-ad-slot=\"7048180777\"\ndata-ad-format=\"auto\"><\/ins><br \/>\n<script>\n(adsbygoogle = window.adsbygoogle || []).push({});\n<\/script><\/p>\n<p>La parcela de Salesianos se corresponde con la P-4 de la reparcelaci\u00f3n y tiene salida a la calle Aralar. Su superficie es de 1.800,80 metros cuadrados y tiene destino comercial. El Ayuntamiento de Pamplona enajena, adem\u00e1s del 87,4335% que le pertenece, el 12,5665% de Navarra de Suevo y Vivienda S.A. (NASUVINSA), como se recoge en el convenio suscrito en 2021. Se establece el uso comercial debiendo responder \u00e9ste a las condiciones de implantaci\u00f3n de un modelo de proximidad, para el que se ha fijado un plazo de 12 meses para la solicitud de licencia de obras.<\/p>\n<p>La parcela de San Jorge se corresponde con el aparcamiento disuasorio existente en la avenida de San Jorge, frente a Tasubinsa, y la propiedad es 100% municipal. Es una parcela de 1.135,82 metros cuadrados destinada a la promoci\u00f3n de vivienda libre.<br \/>\n<script async src=\"\/\/pagead2.googlesyndication.com\/pagead\/js\/adsbygoogle.js\"><\/script><br \/>\n<!-- Noticias La Guia de Pamplona --><br \/>\n<ins class=\"adsbygoogle\"\nstyle=\"display:block\"\ndata-ad-client=\"ca-pub-6943679897239327\"\ndata-ad-slot=\"7048180777\"\ndata-ad-format=\"auto\"><\/ins><br \/>\n<script>\n(adsbygoogle = window.adsbygoogle || []).push({});\n<\/script><\/p>\n<p>Ambas parcelas cuentan con cuotas de urbanizaci\u00f3n exterior derivadas de los diferentes proyectos de reparcelaci\u00f3n que deber\u00e1n asumir los adquirentes. Las cargas de la parcela de Salesianos ascienden a 11.615 euros y las de la parcela de San Jorge a 341.262,38 euros.<\/p>\n<p>Podr\u00e1n participar en la subasta las personas f\u00edsicas y las personas jur\u00eddicas que se hallen en plena posesi\u00f3n de su capacidad de obrar y jur\u00eddica, y no est\u00e9n comprendidas en ninguno de los casos de exclusi\u00f3n establecidos en la Ley Foral de Contratos P\u00fablicos. Una vez que se apruebe el procedimiento, se deber\u00e1n presentar las propuestas en los registros municipales o en cualquiera de los previstos en la Ley de Procedimiento Administrativo Com\u00fan de las Administraciones P\u00fablicas.<\/p>\n","protected":false},"excerpt":{"rendered":"<p>La parcela de San Jorge partir\u00e1 de una base de licitaci\u00f3n de 1,1 millones de euros y la de Salesianos, de 1,8 millones, en ambos casos IVA no incluido<\/p>\n","protected":false},"author":1,"featured_media":41391,"comment_status":"open","ping_status":"closed","sticky":false,"template":"","format":"standard","meta":{"footnotes":""},"categories":[2],"tags":[],"class_list":["post-42791","post","type-post","status-publish","format-standard","has-post-thumbnail","hentry","category-ayuntamiento-pamplona"],"yoast_head":"<!-- This site is optimized with the Yoast SEO plugin v27.3 - https:\/\/yoast.com\/product\/yoast-seo-wordpress\/ -->\n<title>Gerencia de Urbanismo trata el mi\u00e9rcoles la subasta de dos parcelas, una en San Jorge y otra en Salesianos, destinadas a viviendas y equipamiento comercial, respectivamente<\/title>\n<meta name=\"description\" content=\"La parcela de San Jorge partir\u00e1 de una base de licitaci\u00f3n de 1,1 millones de euros y la de Salesianos, de 1,8 millones, en ambos casos IVA no incluido\" \/>\n<meta name=\"robots\" content=\"index, follow, max-snippet:-1, max-image-preview:large, max-video-preview:-1\" \/>\n<link rel=\"canonical\" href=\"https:\/\/www.laguiadepamplona.com\/actualidad\/gerencia-de-urbanismo-trata-el-miercoles-la-subasta-de-dos-parcelas-una-en-san-jorge-y-otra-en-salesianos-destinadas-a-viviendas-y-equipamiento-comercial-respectivamente\/\" \/>\n<meta property=\"og:locale\" content=\"es_ES\" \/>\n<meta property=\"og:type\" content=\"article\" \/>\n<meta property=\"og:title\" content=\"Gerencia de Urbanismo trata el mi\u00e9rcoles la subasta de dos parcelas, una en San Jorge y otra en Salesianos, destinadas a viviendas y equipamiento comercial, respectivamente\" \/>\n<meta property=\"og:description\" content=\"La parcela de San Jorge partir\u00e1 de una base de licitaci\u00f3n de 1,1 millones de euros y la de Salesianos, de 1,8 millones, en ambos casos IVA no incluido\" \/>\n<meta property=\"og:url\" content=\"https:\/\/www.laguiadepamplona.com\/actualidad\/gerencia-de-urbanismo-trata-el-miercoles-la-subasta-de-dos-parcelas-una-en-san-jorge-y-otra-en-salesianos-destinadas-a-viviendas-y-equipamiento-comercial-respectivamente\/\" \/>\n<meta property=\"og:site_name\" content=\"La Gu\u00eda de Pamplona\" \/>\n<meta property=\"article:publisher\" content=\"https:\/\/www.facebook.com\/laguiadepamplonacom-133175176762273\/?ref=hl\" \/>\n<meta property=\"article:published_time\" content=\"2023-02-06T16:25:40+00:00\" \/>\n<meta property=\"article:modified_time\" content=\"2023-04-11T09:47:15+00:00\" \/>\n<meta property=\"og:image\" content=\"https:\/\/www.laguiadepamplona.com\/actualidad\/wp-content\/uploads\/2022\/08\/reloj_ayuntamiento.webp\" \/>\n\t<meta property=\"og:image:width\" content=\"1920\" \/>\n\t<meta property=\"og:image:height\" content=\"1245\" \/>\n\t<meta property=\"og:image:type\" content=\"image\/webp\" \/>\n<meta name=\"author\" content=\"La Gu\u00eda de Pamplona\" \/>\n<meta name=\"twitter:card\" content=\"summary_large_image\" \/>\n<meta name=\"twitter:creator\" content=\"@LaGuiadPamplona\" \/>\n<meta name=\"twitter:site\" content=\"@LaGuiadPamplona\" \/>\n<meta name=\"twitter:label1\" content=\"Escrito por\" \/>\n\t<meta name=\"twitter:data1\" content=\"La Gu\u00eda de Pamplona\" \/>\n\t<meta name=\"twitter:label2\" content=\"Tiempo de lectura\" \/>\n\t<meta name=\"twitter:data2\" content=\"2 minutos\" \/>\n<script type=\"application\/ld+json\" class=\"yoast-schema-graph\">{\"@context\":\"https:\\\/\\\/schema.org\",\"@graph\":[{\"@type\":\"Article\",\"@id\":\"https:\\\/\\\/www.laguiadepamplona.com\\\/actualidad\\\/gerencia-de-urbanismo-trata-el-miercoles-la-subasta-de-dos-parcelas-una-en-san-jorge-y-otra-en-salesianos-destinadas-a-viviendas-y-equipamiento-comercial-respectivamente\\\/#article\",\"isPartOf\":{\"@id\":\"https:\\\/\\\/www.laguiadepamplona.com\\\/actualidad\\\/gerencia-de-urbanismo-trata-el-miercoles-la-subasta-de-dos-parcelas-una-en-san-jorge-y-otra-en-salesianos-destinadas-a-viviendas-y-equipamiento-comercial-respectivamente\\\/\"},\"author\":{\"name\":\"La Gu\u00eda de Pamplona\",\"@id\":\"https:\\\/\\\/www.laguiadepamplona.com\\\/actualidad\\\/#\\\/schema\\\/person\\\/efe887376f0213d4657c93adc50b1fdb\"},\"headline\":\"Gerencia de Urbanismo trata el mi\u00e9rcoles la subasta de dos parcelas, una en San Jorge y otra en Salesianos, destinadas a viviendas y equipamiento comercial, respectivamente\",\"datePublished\":\"2023-02-06T16:25:40+00:00\",\"dateModified\":\"2023-04-11T09:47:15+00:00\",\"mainEntityOfPage\":{\"@id\":\"https:\\\/\\\/www.laguiadepamplona.com\\\/actualidad\\\/gerencia-de-urbanismo-trata-el-miercoles-la-subasta-de-dos-parcelas-una-en-san-jorge-y-otra-en-salesianos-destinadas-a-viviendas-y-equipamiento-comercial-respectivamente\\\/\"},\"wordCount\":409,\"commentCount\":0,\"publisher\":{\"@id\":\"https:\\\/\\\/www.laguiadepamplona.com\\\/actualidad\\\/#organization\"},\"image\":{\"@id\":\"https:\\\/\\\/www.laguiadepamplona.com\\\/actualidad\\\/gerencia-de-urbanismo-trata-el-miercoles-la-subasta-de-dos-parcelas-una-en-san-jorge-y-otra-en-salesianos-destinadas-a-viviendas-y-equipamiento-comercial-respectivamente\\\/#primaryimage\"},\"thumbnailUrl\":\"https:\\\/\\\/www.laguiadepamplona.com\\\/actualidad\\\/wp-content\\\/uploads\\\/2022\\\/08\\\/reloj_ayuntamiento.webp\",\"articleSection\":[\"Ayto Pamplona\"],\"inLanguage\":\"es\",\"potentialAction\":[{\"@type\":\"CommentAction\",\"name\":\"Comment\",\"target\":[\"https:\\\/\\\/www.laguiadepamplona.com\\\/actualidad\\\/gerencia-de-urbanismo-trata-el-miercoles-la-subasta-de-dos-parcelas-una-en-san-jorge-y-otra-en-salesianos-destinadas-a-viviendas-y-equipamiento-comercial-respectivamente\\\/#respond\"]}]},{\"@type\":\"WebPage\",\"@id\":\"https:\\\/\\\/www.laguiadepamplona.com\\\/actualidad\\\/gerencia-de-urbanismo-trata-el-miercoles-la-subasta-de-dos-parcelas-una-en-san-jorge-y-otra-en-salesianos-destinadas-a-viviendas-y-equipamiento-comercial-respectivamente\\\/\",\"url\":\"https:\\\/\\\/www.laguiadepamplona.com\\\/actualidad\\\/gerencia-de-urbanismo-trata-el-miercoles-la-subasta-de-dos-parcelas-una-en-san-jorge-y-otra-en-salesianos-destinadas-a-viviendas-y-equipamiento-comercial-respectivamente\\\/\",\"name\":\"Gerencia de Urbanismo trata el mi\u00e9rcoles la subasta de dos parcelas, una en San Jorge y otra en Salesianos, destinadas a viviendas y equipamiento comercial, respectivamente\",\"isPartOf\":{\"@id\":\"https:\\\/\\\/www.laguiadepamplona.com\\\/actualidad\\\/#website\"},\"primaryImageOfPage\":{\"@id\":\"https:\\\/\\\/www.laguiadepamplona.com\\\/actualidad\\\/gerencia-de-urbanismo-trata-el-miercoles-la-subasta-de-dos-parcelas-una-en-san-jorge-y-otra-en-salesianos-destinadas-a-viviendas-y-equipamiento-comercial-respectivamente\\\/#primaryimage\"},\"image\":{\"@id\":\"https:\\\/\\\/www.laguiadepamplona.com\\\/actualidad\\\/gerencia-de-urbanismo-trata-el-miercoles-la-subasta-de-dos-parcelas-una-en-san-jorge-y-otra-en-salesianos-destinadas-a-viviendas-y-equipamiento-comercial-respectivamente\\\/#primaryimage\"},\"thumbnailUrl\":\"https:\\\/\\\/www.laguiadepamplona.com\\\/actualidad\\\/wp-content\\\/uploads\\\/2022\\\/08\\\/reloj_ayuntamiento.webp\",\"datePublished\":\"2023-02-06T16:25:40+00:00\",\"dateModified\":\"2023-04-11T09:47:15+00:00\",\"description\":\"La parcela de San Jorge partir\u00e1 de una base de licitaci\u00f3n de 1,1 millones de euros y la de Salesianos, de 1,8 millones, en ambos casos IVA no incluido\",\"breadcrumb\":{\"@id\":\"https:\\\/\\\/www.laguiadepamplona.com\\\/actualidad\\\/gerencia-de-urbanismo-trata-el-miercoles-la-subasta-de-dos-parcelas-una-en-san-jorge-y-otra-en-salesianos-destinadas-a-viviendas-y-equipamiento-comercial-respectivamente\\\/#breadcrumb\"},\"inLanguage\":\"es\",\"potentialAction\":[{\"@type\":\"ReadAction\",\"target\":[\"https:\\\/\\\/www.laguiadepamplona.com\\\/actualidad\\\/gerencia-de-urbanismo-trata-el-miercoles-la-subasta-de-dos-parcelas-una-en-san-jorge-y-otra-en-salesianos-destinadas-a-viviendas-y-equipamiento-comercial-respectivamente\\\/\"]}]},{\"@type\":\"ImageObject\",\"inLanguage\":\"es\",\"@id\":\"https:\\\/\\\/www.laguiadepamplona.com\\\/actualidad\\\/gerencia-de-urbanismo-trata-el-miercoles-la-subasta-de-dos-parcelas-una-en-san-jorge-y-otra-en-salesianos-destinadas-a-viviendas-y-equipamiento-comercial-respectivamente\\\/#primaryimage\",\"url\":\"https:\\\/\\\/www.laguiadepamplona.com\\\/actualidad\\\/wp-content\\\/uploads\\\/2022\\\/08\\\/reloj_ayuntamiento.webp\",\"contentUrl\":\"https:\\\/\\\/www.laguiadepamplona.com\\\/actualidad\\\/wp-content\\\/uploads\\\/2022\\\/08\\\/reloj_ayuntamiento.webp\",\"width\":1920,\"height\":1245,\"caption\":\"ayuntamiento\"},{\"@type\":\"BreadcrumbList\",\"@id\":\"https:\\\/\\\/www.laguiadepamplona.com\\\/actualidad\\\/gerencia-de-urbanismo-trata-el-miercoles-la-subasta-de-dos-parcelas-una-en-san-jorge-y-otra-en-salesianos-destinadas-a-viviendas-y-equipamiento-comercial-respectivamente\\\/#breadcrumb\",\"itemListElement\":[{\"@type\":\"ListItem\",\"position\":1,\"name\":\"Portada\",\"item\":\"https:\\\/\\\/www.laguiadepamplona.com\\\/actualidad\\\/\"},{\"@type\":\"ListItem\",\"position\":2,\"name\":\"Gerencia de Urbanismo trata el mi\u00e9rcoles la subasta de dos parcelas, una en San Jorge y otra en Salesianos, destinadas a viviendas y equipamiento comercial, respectivamente\"}]},{\"@type\":\"WebSite\",\"@id\":\"https:\\\/\\\/www.laguiadepamplona.com\\\/actualidad\\\/#website\",\"url\":\"https:\\\/\\\/www.laguiadepamplona.com\\\/actualidad\\\/\",\"name\":\"La gu\u00eda de Pamplona\",\"description\":\"Noticias de Pamplona\",\"publisher\":{\"@id\":\"https:\\\/\\\/www.laguiadepamplona.com\\\/actualidad\\\/#organization\"},\"potentialAction\":[{\"@type\":\"SearchAction\",\"target\":{\"@type\":\"EntryPoint\",\"urlTemplate\":\"https:\\\/\\\/www.laguiadepamplona.com\\\/actualidad\\\/?s={search_term_string}\"},\"query-input\":{\"@type\":\"PropertyValueSpecification\",\"valueRequired\":true,\"valueName\":\"search_term_string\"}}],\"inLanguage\":\"es\"},{\"@type\":\"Organization\",\"@id\":\"https:\\\/\\\/www.laguiadepamplona.com\\\/actualidad\\\/#organization\",\"name\":\"La Gu\u00eda de Pamplona \\\/ Noticias\",\"url\":\"https:\\\/\\\/www.laguiadepamplona.com\\\/actualidad\\\/\",\"logo\":{\"@type\":\"ImageObject\",\"inLanguage\":\"es\",\"@id\":\"https:\\\/\\\/www.laguiadepamplona.com\\\/actualidad\\\/#\\\/schema\\\/logo\\\/image\\\/\",\"url\":\"https:\\\/\\\/www.laguiadepamplona.com\\\/actualidad\\\/wp-content\\\/uploads\\\/2018\\\/11\\\/logo-laguiadepamplona18-web1.png\",\"contentUrl\":\"https:\\\/\\\/www.laguiadepamplona.com\\\/actualidad\\\/wp-content\\\/uploads\\\/2018\\\/11\\\/logo-laguiadepamplona18-web1.png\",\"width\":600,\"height\":196,\"caption\":\"La Gu\u00eda de Pamplona \\\/ Noticias\"},\"image\":{\"@id\":\"https:\\\/\\\/www.laguiadepamplona.com\\\/actualidad\\\/#\\\/schema\\\/logo\\\/image\\\/\"},\"sameAs\":[\"https:\\\/\\\/www.facebook.com\\\/laguiadepamplonacom-133175176762273\\\/?ref=hl\",\"https:\\\/\\\/x.com\\\/LaGuiadPamplona\",\"https:\\\/\\\/www.instagram.com\\\/la_guia_de_pamplona\\\/\",\"https:\\\/\\\/www.youtube.com\\\/user\\\/laguiadepamplona\"]},{\"@type\":\"Person\",\"@id\":\"https:\\\/\\\/www.laguiadepamplona.com\\\/actualidad\\\/#\\\/schema\\\/person\\\/efe887376f0213d4657c93adc50b1fdb\",\"name\":\"La Gu\u00eda de Pamplona\",\"image\":{\"@type\":\"ImageObject\",\"inLanguage\":\"es\",\"@id\":\"https:\\\/\\\/secure.gravatar.com\\\/avatar\\\/b6992f131dc8d30ab0dff15446e9d346d9dbd95992de0fef795073f5ea83a81c?s=96&d=mm&r=g\",\"url\":\"https:\\\/\\\/secure.gravatar.com\\\/avatar\\\/b6992f131dc8d30ab0dff15446e9d346d9dbd95992de0fef795073f5ea83a81c?s=96&d=mm&r=g\",\"contentUrl\":\"https:\\\/\\\/secure.gravatar.com\\\/avatar\\\/b6992f131dc8d30ab0dff15446e9d346d9dbd95992de0fef795073f5ea83a81c?s=96&d=mm&r=g\",\"caption\":\"La Gu\u00eda de Pamplona\"}}]}<\/script>\n<!-- \/ Yoast SEO plugin. -->","yoast_head_json":{"title":"Gerencia de Urbanismo trata el mi\u00e9rcoles la subasta de dos parcelas, una en San Jorge y otra en Salesianos, destinadas a viviendas y equipamiento comercial, respectivamente","description":"La parcela de San Jorge partir\u00e1 de una base de licitaci\u00f3n de 1,1 millones de euros y la de Salesianos, de 1,8 millones, en ambos casos IVA no incluido","robots":{"index":"index","follow":"follow","max-snippet":"max-snippet:-1","max-image-preview":"max-image-preview:large","max-video-preview":"max-video-preview:-1"},"canonical":"https:\/\/www.laguiadepamplona.com\/actualidad\/gerencia-de-urbanismo-trata-el-miercoles-la-subasta-de-dos-parcelas-una-en-san-jorge-y-otra-en-salesianos-destinadas-a-viviendas-y-equipamiento-comercial-respectivamente\/","og_locale":"es_ES","og_type":"article","og_title":"Gerencia de Urbanismo trata el mi\u00e9rcoles la subasta de dos parcelas, una en San Jorge y otra en Salesianos, destinadas a viviendas y equipamiento comercial, respectivamente","og_description":"La parcela de San Jorge partir\u00e1 de una base de licitaci\u00f3n de 1,1 millones de euros y la de Salesianos, de 1,8 millones, en ambos casos IVA no incluido","og_url":"https:\/\/www.laguiadepamplona.com\/actualidad\/gerencia-de-urbanismo-trata-el-miercoles-la-subasta-de-dos-parcelas-una-en-san-jorge-y-otra-en-salesianos-destinadas-a-viviendas-y-equipamiento-comercial-respectivamente\/","og_site_name":"La Gu\u00eda de Pamplona","article_publisher":"https:\/\/www.facebook.com\/laguiadepamplonacom-133175176762273\/?ref=hl","article_published_time":"2023-02-06T16:25:40+00:00","article_modified_time":"2023-04-11T09:47:15+00:00","og_image":[{"width":1920,"height":1245,"url":"https:\/\/www.laguiadepamplona.com\/actualidad\/wp-content\/uploads\/2022\/08\/reloj_ayuntamiento.webp","type":"image\/webp"}],"author":"La Gu\u00eda de Pamplona","twitter_card":"summary_large_image","twitter_creator":"@LaGuiadPamplona","twitter_site":"@LaGuiadPamplona","twitter_misc":{"Escrito por":"La Gu\u00eda de Pamplona","Tiempo de lectura":"2 minutos"},"schema":{"@context":"https:\/\/schema.org","@graph":[{"@type":"Article","@id":"https:\/\/www.laguiadepamplona.com\/actualidad\/gerencia-de-urbanismo-trata-el-miercoles-la-subasta-de-dos-parcelas-una-en-san-jorge-y-otra-en-salesianos-destinadas-a-viviendas-y-equipamiento-comercial-respectivamente\/#article","isPartOf":{"@id":"https:\/\/www.laguiadepamplona.com\/actualidad\/gerencia-de-urbanismo-trata-el-miercoles-la-subasta-de-dos-parcelas-una-en-san-jorge-y-otra-en-salesianos-destinadas-a-viviendas-y-equipamiento-comercial-respectivamente\/"},"author":{"name":"La Gu\u00eda de Pamplona","@id":"https:\/\/www.laguiadepamplona.com\/actualidad\/#\/schema\/person\/efe887376f0213d4657c93adc50b1fdb"},"headline":"Gerencia de Urbanismo trata el mi\u00e9rcoles la subasta de dos parcelas, una en San Jorge y otra en Salesianos, destinadas a viviendas y equipamiento comercial, respectivamente","datePublished":"2023-02-06T16:25:40+00:00","dateModified":"2023-04-11T09:47:15+00:00","mainEntityOfPage":{"@id":"https:\/\/www.laguiadepamplona.com\/actualidad\/gerencia-de-urbanismo-trata-el-miercoles-la-subasta-de-dos-parcelas-una-en-san-jorge-y-otra-en-salesianos-destinadas-a-viviendas-y-equipamiento-comercial-respectivamente\/"},"wordCount":409,"commentCount":0,"publisher":{"@id":"https:\/\/www.laguiadepamplona.com\/actualidad\/#organization"},"image":{"@id":"https:\/\/www.laguiadepamplona.com\/actualidad\/gerencia-de-urbanismo-trata-el-miercoles-la-subasta-de-dos-parcelas-una-en-san-jorge-y-otra-en-salesianos-destinadas-a-viviendas-y-equipamiento-comercial-respectivamente\/#primaryimage"},"thumbnailUrl":"https:\/\/www.laguiadepamplona.com\/actualidad\/wp-content\/uploads\/2022\/08\/reloj_ayuntamiento.webp","articleSection":["Ayto Pamplona"],"inLanguage":"es","potentialAction":[{"@type":"CommentAction","name":"Comment","target":["https:\/\/www.laguiadepamplona.com\/actualidad\/gerencia-de-urbanismo-trata-el-miercoles-la-subasta-de-dos-parcelas-una-en-san-jorge-y-otra-en-salesianos-destinadas-a-viviendas-y-equipamiento-comercial-respectivamente\/#respond"]}]},{"@type":"WebPage","@id":"https:\/\/www.laguiadepamplona.com\/actualidad\/gerencia-de-urbanismo-trata-el-miercoles-la-subasta-de-dos-parcelas-una-en-san-jorge-y-otra-en-salesianos-destinadas-a-viviendas-y-equipamiento-comercial-respectivamente\/","url":"https:\/\/www.laguiadepamplona.com\/actualidad\/gerencia-de-urbanismo-trata-el-miercoles-la-subasta-de-dos-parcelas-una-en-san-jorge-y-otra-en-salesianos-destinadas-a-viviendas-y-equipamiento-comercial-respectivamente\/","name":"Gerencia de Urbanismo trata el mi\u00e9rcoles la subasta de dos parcelas, una en San Jorge y otra en Salesianos, destinadas a viviendas y equipamiento comercial, respectivamente","isPartOf":{"@id":"https:\/\/www.laguiadepamplona.com\/actualidad\/#website"},"primaryImageOfPage":{"@id":"https:\/\/www.laguiadepamplona.com\/actualidad\/gerencia-de-urbanismo-trata-el-miercoles-la-subasta-de-dos-parcelas-una-en-san-jorge-y-otra-en-salesianos-destinadas-a-viviendas-y-equipamiento-comercial-respectivamente\/#primaryimage"},"image":{"@id":"https:\/\/www.laguiadepamplona.com\/actualidad\/gerencia-de-urbanismo-trata-el-miercoles-la-subasta-de-dos-parcelas-una-en-san-jorge-y-otra-en-salesianos-destinadas-a-viviendas-y-equipamiento-comercial-respectivamente\/#primaryimage"},"thumbnailUrl":"https:\/\/www.laguiadepamplona.com\/actualidad\/wp-content\/uploads\/2022\/08\/reloj_ayuntamiento.webp","datePublished":"2023-02-06T16:25:40+00:00","dateModified":"2023-04-11T09:47:15+00:00","description":"La parcela de San Jorge partir\u00e1 de una base de licitaci\u00f3n de 1,1 millones de euros y la de Salesianos, de 1,8 millones, en ambos casos IVA no incluido","breadcrumb":{"@id":"https:\/\/www.laguiadepamplona.com\/actualidad\/gerencia-de-urbanismo-trata-el-miercoles-la-subasta-de-dos-parcelas-una-en-san-jorge-y-otra-en-salesianos-destinadas-a-viviendas-y-equipamiento-comercial-respectivamente\/#breadcrumb"},"inLanguage":"es","potentialAction":[{"@type":"ReadAction","target":["https:\/\/www.laguiadepamplona.com\/actualidad\/gerencia-de-urbanismo-trata-el-miercoles-la-subasta-de-dos-parcelas-una-en-san-jorge-y-otra-en-salesianos-destinadas-a-viviendas-y-equipamiento-comercial-respectivamente\/"]}]},{"@type":"ImageObject","inLanguage":"es","@id":"https:\/\/www.laguiadepamplona.com\/actualidad\/gerencia-de-urbanismo-trata-el-miercoles-la-subasta-de-dos-parcelas-una-en-san-jorge-y-otra-en-salesianos-destinadas-a-viviendas-y-equipamiento-comercial-respectivamente\/#primaryimage","url":"https:\/\/www.laguiadepamplona.com\/actualidad\/wp-content\/uploads\/2022\/08\/reloj_ayuntamiento.webp","contentUrl":"https:\/\/www.laguiadepamplona.com\/actualidad\/wp-content\/uploads\/2022\/08\/reloj_ayuntamiento.webp","width":1920,"height":1245,"caption":"ayuntamiento"},{"@type":"BreadcrumbList","@id":"https:\/\/www.laguiadepamplona.com\/actualidad\/gerencia-de-urbanismo-trata-el-miercoles-la-subasta-de-dos-parcelas-una-en-san-jorge-y-otra-en-salesianos-destinadas-a-viviendas-y-equipamiento-comercial-respectivamente\/#breadcrumb","itemListElement":[{"@type":"ListItem","position":1,"name":"Portada","item":"https:\/\/www.laguiadepamplona.com\/actualidad\/"},{"@type":"ListItem","position":2,"name":"Gerencia de Urbanismo trata el mi\u00e9rcoles la subasta de dos parcelas, una en San Jorge y otra en Salesianos, destinadas a viviendas y equipamiento comercial, respectivamente"}]},{"@type":"WebSite","@id":"https:\/\/www.laguiadepamplona.com\/actualidad\/#website","url":"https:\/\/www.laguiadepamplona.com\/actualidad\/","name":"La gu\u00eda de Pamplona","description":"Noticias de Pamplona","publisher":{"@id":"https:\/\/www.laguiadepamplona.com\/actualidad\/#organization"},"potentialAction":[{"@type":"SearchAction","target":{"@type":"EntryPoint","urlTemplate":"https:\/\/www.laguiadepamplona.com\/actualidad\/?s={search_term_string}"},"query-input":{"@type":"PropertyValueSpecification","valueRequired":true,"valueName":"search_term_string"}}],"inLanguage":"es"},{"@type":"Organization","@id":"https:\/\/www.laguiadepamplona.com\/actualidad\/#organization","name":"La Gu\u00eda de Pamplona \/ Noticias","url":"https:\/\/www.laguiadepamplona.com\/actualidad\/","logo":{"@type":"ImageObject","inLanguage":"es","@id":"https:\/\/www.laguiadepamplona.com\/actualidad\/#\/schema\/logo\/image\/","url":"https:\/\/www.laguiadepamplona.com\/actualidad\/wp-content\/uploads\/2018\/11\/logo-laguiadepamplona18-web1.png","contentUrl":"https:\/\/www.laguiadepamplona.com\/actualidad\/wp-content\/uploads\/2018\/11\/logo-laguiadepamplona18-web1.png","width":600,"height":196,"caption":"La Gu\u00eda de Pamplona \/ Noticias"},"image":{"@id":"https:\/\/www.laguiadepamplona.com\/actualidad\/#\/schema\/logo\/image\/"},"sameAs":["https:\/\/www.facebook.com\/laguiadepamplonacom-133175176762273\/?ref=hl","https:\/\/x.com\/LaGuiadPamplona","https:\/\/www.instagram.com\/la_guia_de_pamplona\/","https:\/\/www.youtube.com\/user\/laguiadepamplona"]},{"@type":"Person","@id":"https:\/\/www.laguiadepamplona.com\/actualidad\/#\/schema\/person\/efe887376f0213d4657c93adc50b1fdb","name":"La Gu\u00eda de Pamplona","image":{"@type":"ImageObject","inLanguage":"es","@id":"https:\/\/secure.gravatar.com\/avatar\/b6992f131dc8d30ab0dff15446e9d346d9dbd95992de0fef795073f5ea83a81c?s=96&d=mm&r=g","url":"https:\/\/secure.gravatar.com\/avatar\/b6992f131dc8d30ab0dff15446e9d346d9dbd95992de0fef795073f5ea83a81c?s=96&d=mm&r=g","contentUrl":"https:\/\/secure.gravatar.com\/avatar\/b6992f131dc8d30ab0dff15446e9d346d9dbd95992de0fef795073f5ea83a81c?s=96&d=mm&r=g","caption":"La Gu\u00eda de Pamplona"}}]}},"post_mailing_queue_ids":[],"_links":{"self":[{"href":"https:\/\/www.laguiadepamplona.com\/actualidad\/wp-json\/wp\/v2\/posts\/42791","targetHints":{"allow":["GET"]}}],"collection":[{"href":"https:\/\/www.laguiadepamplona.com\/actualidad\/wp-json\/wp\/v2\/posts"}],"about":[{"href":"https:\/\/www.laguiadepamplona.com\/actualidad\/wp-json\/wp\/v2\/types\/post"}],"author":[{"embeddable":true,"href":"https:\/\/www.laguiadepamplona.com\/actualidad\/wp-json\/wp\/v2\/users\/1"}],"replies":[{"embeddable":true,"href":"https:\/\/www.laguiadepamplona.com\/actualidad\/wp-json\/wp\/v2\/comments?post=42791"}],"version-history":[{"count":0,"href":"https:\/\/www.laguiadepamplona.com\/actualidad\/wp-json\/wp\/v2\/posts\/42791\/revisions"}],"wp:featuredmedia":[{"embeddable":true,"href":"https:\/\/www.laguiadepamplona.com\/actualidad\/wp-json\/wp\/v2\/media\/41391"}],"wp:attachment":[{"href":"https:\/\/www.laguiadepamplona.com\/actualidad\/wp-json\/wp\/v2\/media?parent=42791"}],"wp:term":[{"taxonomy":"category","embeddable":true,"href":"https:\/\/www.laguiadepamplona.com\/actualidad\/wp-json\/wp\/v2\/categories?post=42791"},{"taxonomy":"post_tag","embeddable":true,"href":"https:\/\/www.laguiadepamplona.com\/actualidad\/wp-json\/wp\/v2\/tags?post=42791"}],"curies":[{"name":"wp","href":"https:\/\/api.w.org\/{rel}","templated":true}]}}