{"id":42788,"date":"2023-02-06T18:24:14","date_gmt":"2023-02-06T16:24:14","guid":{"rendered":"https:\/\/www.laguiadepamplona.com\/actualidad\/?p=42788"},"modified":"2023-04-11T11:47:15","modified_gmt":"2023-04-11T09:47:15","slug":"el-ayuntamiento-actualiza-el-contrato-de-la-banda-municipal-de-musica-la-pamplonesa-con-una-subida-del-3-para-este-ano","status":"publish","type":"post","link":"https:\/\/www.laguiadepamplona.com\/actualidad\/el-ayuntamiento-actualiza-el-contrato-de-la-banda-municipal-de-musica-la-pamplonesa-con-una-subida-del-3-para-este-ano\/","title":{"rendered":"El Ayuntamiento actualiza el contrato de la Banda Municipal de M\u00fasica La Pamplonesa con una subida del 3% para este a\u00f1o"},"content":{"rendered":"<h5>La revisi\u00f3n de precios anual est\u00e1 prevista en el contrato y se realiza con referencia al \u00edndice de precios al consumo de los doce meses anteriores<\/h5>\n<p><!--more--><\/p>\n<p>La Junta de Gobierno del Ayuntamiento de Pamplona ha actualizado el precio del contrato que tiene suscrito con la Banda Municipal de M\u00fasica La Pamplonesa para este a\u00f1o. La agrupaci\u00f3n recibir\u00e1 31.737,96 euros m\u00e1s, un incremento del 3%, lo que supone una anualidad de 1.132.282,67 euros. Tambi\u00e9n se actualizan las anualidades de 2024 a 2035, en 32.979,11 euros, y la de 2036, en 23.176,98.<br \/>\n<script async src=\"\/\/pagead2.googlesyndication.com\/pagead\/js\/adsbygoogle.js\"><\/script><br \/>\n<!-- Noticias La Guia de Pamplona --><br \/>\n<ins class=\"adsbygoogle\"\nstyle=\"display:block\"\ndata-ad-client=\"ca-pub-6943679897239327\"\ndata-ad-slot=\"7048180777\"\ndata-ad-format=\"auto\"><\/ins><br \/>\n<script>\n(adsbygoogle = window.adsbygoogle || []).push({});\n<\/script><\/p>\n<p>La actualizaci\u00f3n contemplada en el contrato afecta al a\u00f1o en curso, no tiene car\u00e1cter retroactivo y se produce el 14 de enero de cada a\u00f1o, tras la paralizaci\u00f3n de cuatro meses con motivo de la pandemia. En esta fecha se toma como referencia el \u00edndice de precios al consumo de Navarra interanual, correspondiente a los doce meses anteriores: en este caso, de diciembre de 2021 a diciembre de 2022, que es del 6,4%.<\/p>\n<p>Sin embargo, la coyuntura econ\u00f3mica desfavorable, sobre todo en cuanto a los precios de la energ\u00eda, unida a la situaci\u00f3n de presupuesto prorrogado del Ayuntamiento, han llevado a actualizar parcialmente el precio del contrato, en un 3%, a la espera de una evoluci\u00f3n favorable de la situaci\u00f3n presupuestaria del \u00e1rea de Cultura e Igualdad. Este porcentaje del 3% es el que se ha utilizado para actualizar el salario de los trabajadores p\u00fablicos.<br \/>\n<script async src=\"\/\/pagead2.googlesyndication.com\/pagead\/js\/adsbygoogle.js\"><\/script><br \/>\n<!-- Noticias La Guia de Pamplona --><br \/>\n<ins class=\"adsbygoogle\"\nstyle=\"display:block\"\ndata-ad-client=\"ca-pub-6943679897239327\"\ndata-ad-slot=\"7048180777\"\ndata-ad-format=\"auto\"><\/ins><br \/>\n<script>\n(adsbygoogle = window.adsbygoogle || []).push({});\n<\/script><\/p>\n<p><strong>Contrato hasta 2036<\/strong><\/p>\n<p>El contrato de la banda de m\u00fasica municipal firmado en 2016 para 20 a\u00f1os prev\u00e9 la realizaci\u00f3n de conciertos y actuaciones acompa\u00f1ando al cortejo municipal y otras actuaciones de inter\u00e9s durante el a\u00f1o. La banda acompa\u00f1a con car\u00e1cter exclusivo a la Corporaci\u00f3n municipal en actos oficiales y festivos como los de las fiestas de San Ferm\u00edn, la procesi\u00f3n traslado de la Dolorosa, procesi\u00f3n de Viernes Santo, el Privilegio de la Uni\u00f3n, fiesta de Santa Cecilia o San Saturnino. Adem\u00e1s, con car\u00e1cter anual, la banda ofrece un ciclo de conciertos.<\/p>\n","protected":false},"excerpt":{"rendered":"<p>La revisi\u00f3n de precios anual est\u00e1 prevista en el contrato y se realiza con referencia al \u00edndice de precios al consumo de los doce meses anteriores<\/p>\n","protected":false},"author":1,"featured_media":42789,"comment_status":"open","ping_status":"closed","sticky":false,"template":"","format":"standard","meta":{"footnotes":""},"categories":[2],"tags":[],"class_list":["post-42788","post","type-post","status-publish","format-standard","has-post-thumbnail","hentry","category-ayuntamiento-pamplona"],"yoast_head":"<!-- This site is optimized with the Yoast SEO plugin v27.3 - https:\/\/yoast.com\/product\/yoast-seo-wordpress\/ -->\n<title>El Ayuntamiento actualiza el contrato de la Banda Municipal de M\u00fasica La Pamplonesa con una subida del 3% para este a\u00f1o<\/title>\n<meta name=\"description\" content=\"La revisi\u00f3n de precios anual est\u00e1 prevista en el contrato y se realiza con referencia al \u00edndice de precios al consumo de los doce meses anteriores\" \/>\n<meta name=\"robots\" content=\"index, follow, max-snippet:-1, max-image-preview:large, max-video-preview:-1\" \/>\n<link rel=\"canonical\" href=\"https:\/\/www.laguiadepamplona.com\/actualidad\/el-ayuntamiento-actualiza-el-contrato-de-la-banda-municipal-de-musica-la-pamplonesa-con-una-subida-del-3-para-este-ano\/\" \/>\n<meta property=\"og:locale\" content=\"es_ES\" \/>\n<meta property=\"og:type\" content=\"article\" \/>\n<meta property=\"og:title\" content=\"El Ayuntamiento actualiza el contrato de la Banda Municipal de M\u00fasica La Pamplonesa con una subida del 3% para este a\u00f1o\" \/>\n<meta property=\"og:description\" content=\"La revisi\u00f3n de precios anual est\u00e1 prevista en el contrato y se realiza con referencia al \u00edndice de precios al consumo de los doce meses anteriores\" \/>\n<meta property=\"og:url\" content=\"https:\/\/www.laguiadepamplona.com\/actualidad\/el-ayuntamiento-actualiza-el-contrato-de-la-banda-municipal-de-musica-la-pamplonesa-con-una-subida-del-3-para-este-ano\/\" \/>\n<meta property=\"og:site_name\" content=\"La Gu\u00eda de Pamplona\" \/>\n<meta property=\"article:publisher\" content=\"https:\/\/www.facebook.com\/laguiadepamplonacom-133175176762273\/?ref=hl\" \/>\n<meta property=\"article:published_time\" content=\"2023-02-06T16:24:14+00:00\" \/>\n<meta property=\"article:modified_time\" content=\"2023-04-11T09:47:15+00:00\" \/>\n<meta property=\"og:image\" content=\"https:\/\/www.laguiadepamplona.com\/actualidad\/wp-content\/uploads\/2023\/02\/pamplonesa20220610_Q5A4114.webp\" \/>\n\t<meta property=\"og:image:width\" content=\"1920\" \/>\n\t<meta property=\"og:image:height\" content=\"1281\" \/>\n\t<meta property=\"og:image:type\" content=\"image\/webp\" \/>\n<meta name=\"author\" content=\"La Gu\u00eda de Pamplona\" \/>\n<meta name=\"twitter:card\" content=\"summary_large_image\" \/>\n<meta name=\"twitter:creator\" content=\"@LaGuiadPamplona\" \/>\n<meta name=\"twitter:site\" content=\"@LaGuiadPamplona\" \/>\n<meta name=\"twitter:label1\" content=\"Escrito por\" \/>\n\t<meta name=\"twitter:data1\" content=\"La Gu\u00eda de Pamplona\" \/>\n\t<meta name=\"twitter:label2\" content=\"Tiempo de lectura\" \/>\n\t<meta name=\"twitter:data2\" content=\"2 minutos\" \/>\n<script type=\"application\/ld+json\" class=\"yoast-schema-graph\">{\"@context\":\"https:\\\/\\\/schema.org\",\"@graph\":[{\"@type\":\"Article\",\"@id\":\"https:\\\/\\\/www.laguiadepamplona.com\\\/actualidad\\\/el-ayuntamiento-actualiza-el-contrato-de-la-banda-municipal-de-musica-la-pamplonesa-con-una-subida-del-3-para-este-ano\\\/#article\",\"isPartOf\":{\"@id\":\"https:\\\/\\\/www.laguiadepamplona.com\\\/actualidad\\\/el-ayuntamiento-actualiza-el-contrato-de-la-banda-municipal-de-musica-la-pamplonesa-con-una-subida-del-3-para-este-ano\\\/\"},\"author\":{\"name\":\"La Gu\u00eda de Pamplona\",\"@id\":\"https:\\\/\\\/www.laguiadepamplona.com\\\/actualidad\\\/#\\\/schema\\\/person\\\/efe887376f0213d4657c93adc50b1fdb\"},\"headline\":\"El Ayuntamiento actualiza el contrato de la Banda Municipal de M\u00fasica La Pamplonesa con una subida del 3% para este a\u00f1o\",\"datePublished\":\"2023-02-06T16:24:14+00:00\",\"dateModified\":\"2023-04-11T09:47:15+00:00\",\"mainEntityOfPage\":{\"@id\":\"https:\\\/\\\/www.laguiadepamplona.com\\\/actualidad\\\/el-ayuntamiento-actualiza-el-contrato-de-la-banda-municipal-de-musica-la-pamplonesa-con-una-subida-del-3-para-este-ano\\\/\"},\"wordCount\":364,\"commentCount\":0,\"publisher\":{\"@id\":\"https:\\\/\\\/www.laguiadepamplona.com\\\/actualidad\\\/#organization\"},\"image\":{\"@id\":\"https:\\\/\\\/www.laguiadepamplona.com\\\/actualidad\\\/el-ayuntamiento-actualiza-el-contrato-de-la-banda-municipal-de-musica-la-pamplonesa-con-una-subida-del-3-para-este-ano\\\/#primaryimage\"},\"thumbnailUrl\":\"https:\\\/\\\/www.laguiadepamplona.com\\\/actualidad\\\/wp-content\\\/uploads\\\/2023\\\/02\\\/pamplonesa20220610_Q5A4114.webp\",\"articleSection\":[\"Ayto Pamplona\"],\"inLanguage\":\"es\",\"potentialAction\":[{\"@type\":\"CommentAction\",\"name\":\"Comment\",\"target\":[\"https:\\\/\\\/www.laguiadepamplona.com\\\/actualidad\\\/el-ayuntamiento-actualiza-el-contrato-de-la-banda-municipal-de-musica-la-pamplonesa-con-una-subida-del-3-para-este-ano\\\/#respond\"]}]},{\"@type\":\"WebPage\",\"@id\":\"https:\\\/\\\/www.laguiadepamplona.com\\\/actualidad\\\/el-ayuntamiento-actualiza-el-contrato-de-la-banda-municipal-de-musica-la-pamplonesa-con-una-subida-del-3-para-este-ano\\\/\",\"url\":\"https:\\\/\\\/www.laguiadepamplona.com\\\/actualidad\\\/el-ayuntamiento-actualiza-el-contrato-de-la-banda-municipal-de-musica-la-pamplonesa-con-una-subida-del-3-para-este-ano\\\/\",\"name\":\"El Ayuntamiento actualiza el contrato de la Banda Municipal de M\u00fasica La Pamplonesa con una subida del 3% para este a\u00f1o\",\"isPartOf\":{\"@id\":\"https:\\\/\\\/www.laguiadepamplona.com\\\/actualidad\\\/#website\"},\"primaryImageOfPage\":{\"@id\":\"https:\\\/\\\/www.laguiadepamplona.com\\\/actualidad\\\/el-ayuntamiento-actualiza-el-contrato-de-la-banda-municipal-de-musica-la-pamplonesa-con-una-subida-del-3-para-este-ano\\\/#primaryimage\"},\"image\":{\"@id\":\"https:\\\/\\\/www.laguiadepamplona.com\\\/actualidad\\\/el-ayuntamiento-actualiza-el-contrato-de-la-banda-municipal-de-musica-la-pamplonesa-con-una-subida-del-3-para-este-ano\\\/#primaryimage\"},\"thumbnailUrl\":\"https:\\\/\\\/www.laguiadepamplona.com\\\/actualidad\\\/wp-content\\\/uploads\\\/2023\\\/02\\\/pamplonesa20220610_Q5A4114.webp\",\"datePublished\":\"2023-02-06T16:24:14+00:00\",\"dateModified\":\"2023-04-11T09:47:15+00:00\",\"description\":\"La revisi\u00f3n de precios anual est\u00e1 prevista en el contrato y se realiza con referencia al \u00edndice de precios al consumo de los doce meses anteriores\",\"breadcrumb\":{\"@id\":\"https:\\\/\\\/www.laguiadepamplona.com\\\/actualidad\\\/el-ayuntamiento-actualiza-el-contrato-de-la-banda-municipal-de-musica-la-pamplonesa-con-una-subida-del-3-para-este-ano\\\/#breadcrumb\"},\"inLanguage\":\"es\",\"potentialAction\":[{\"@type\":\"ReadAction\",\"target\":[\"https:\\\/\\\/www.laguiadepamplona.com\\\/actualidad\\\/el-ayuntamiento-actualiza-el-contrato-de-la-banda-municipal-de-musica-la-pamplonesa-con-una-subida-del-3-para-este-ano\\\/\"]}]},{\"@type\":\"ImageObject\",\"inLanguage\":\"es\",\"@id\":\"https:\\\/\\\/www.laguiadepamplona.com\\\/actualidad\\\/el-ayuntamiento-actualiza-el-contrato-de-la-banda-municipal-de-musica-la-pamplonesa-con-una-subida-del-3-para-este-ano\\\/#primaryimage\",\"url\":\"https:\\\/\\\/www.laguiadepamplona.com\\\/actualidad\\\/wp-content\\\/uploads\\\/2023\\\/02\\\/pamplonesa20220610_Q5A4114.webp\",\"contentUrl\":\"https:\\\/\\\/www.laguiadepamplona.com\\\/actualidad\\\/wp-content\\\/uploads\\\/2023\\\/02\\\/pamplonesa20220610_Q5A4114.webp\",\"width\":1920,\"height\":1281},{\"@type\":\"BreadcrumbList\",\"@id\":\"https:\\\/\\\/www.laguiadepamplona.com\\\/actualidad\\\/el-ayuntamiento-actualiza-el-contrato-de-la-banda-municipal-de-musica-la-pamplonesa-con-una-subida-del-3-para-este-ano\\\/#breadcrumb\",\"itemListElement\":[{\"@type\":\"ListItem\",\"position\":1,\"name\":\"Portada\",\"item\":\"https:\\\/\\\/www.laguiadepamplona.com\\\/actualidad\\\/\"},{\"@type\":\"ListItem\",\"position\":2,\"name\":\"El Ayuntamiento actualiza el contrato de la Banda Municipal de M\u00fasica La Pamplonesa con una subida del 3% para este a\u00f1o\"}]},{\"@type\":\"WebSite\",\"@id\":\"https:\\\/\\\/www.laguiadepamplona.com\\\/actualidad\\\/#website\",\"url\":\"https:\\\/\\\/www.laguiadepamplona.com\\\/actualidad\\\/\",\"name\":\"La gu\u00eda de Pamplona\",\"description\":\"Noticias de Pamplona\",\"publisher\":{\"@id\":\"https:\\\/\\\/www.laguiadepamplona.com\\\/actualidad\\\/#organization\"},\"potentialAction\":[{\"@type\":\"SearchAction\",\"target\":{\"@type\":\"EntryPoint\",\"urlTemplate\":\"https:\\\/\\\/www.laguiadepamplona.com\\\/actualidad\\\/?s={search_term_string}\"},\"query-input\":{\"@type\":\"PropertyValueSpecification\",\"valueRequired\":true,\"valueName\":\"search_term_string\"}}],\"inLanguage\":\"es\"},{\"@type\":\"Organization\",\"@id\":\"https:\\\/\\\/www.laguiadepamplona.com\\\/actualidad\\\/#organization\",\"name\":\"La Gu\u00eda de Pamplona \\\/ Noticias\",\"url\":\"https:\\\/\\\/www.laguiadepamplona.com\\\/actualidad\\\/\",\"logo\":{\"@type\":\"ImageObject\",\"inLanguage\":\"es\",\"@id\":\"https:\\\/\\\/www.laguiadepamplona.com\\\/actualidad\\\/#\\\/schema\\\/logo\\\/image\\\/\",\"url\":\"https:\\\/\\\/www.laguiadepamplona.com\\\/actualidad\\\/wp-content\\\/uploads\\\/2018\\\/11\\\/logo-laguiadepamplona18-web1.png\",\"contentUrl\":\"https:\\\/\\\/www.laguiadepamplona.com\\\/actualidad\\\/wp-content\\\/uploads\\\/2018\\\/11\\\/logo-laguiadepamplona18-web1.png\",\"width\":600,\"height\":196,\"caption\":\"La Gu\u00eda de Pamplona \\\/ Noticias\"},\"image\":{\"@id\":\"https:\\\/\\\/www.laguiadepamplona.com\\\/actualidad\\\/#\\\/schema\\\/logo\\\/image\\\/\"},\"sameAs\":[\"https:\\\/\\\/www.facebook.com\\\/laguiadepamplonacom-133175176762273\\\/?ref=hl\",\"https:\\\/\\\/x.com\\\/LaGuiadPamplona\",\"https:\\\/\\\/www.instagram.com\\\/la_guia_de_pamplona\\\/\",\"https:\\\/\\\/www.youtube.com\\\/user\\\/laguiadepamplona\"]},{\"@type\":\"Person\",\"@id\":\"https:\\\/\\\/www.laguiadepamplona.com\\\/actualidad\\\/#\\\/schema\\\/person\\\/efe887376f0213d4657c93adc50b1fdb\",\"name\":\"La Gu\u00eda de Pamplona\",\"image\":{\"@type\":\"ImageObject\",\"inLanguage\":\"es\",\"@id\":\"https:\\\/\\\/secure.gravatar.com\\\/avatar\\\/b6992f131dc8d30ab0dff15446e9d346d9dbd95992de0fef795073f5ea83a81c?s=96&d=mm&r=g\",\"url\":\"https:\\\/\\\/secure.gravatar.com\\\/avatar\\\/b6992f131dc8d30ab0dff15446e9d346d9dbd95992de0fef795073f5ea83a81c?s=96&d=mm&r=g\",\"contentUrl\":\"https:\\\/\\\/secure.gravatar.com\\\/avatar\\\/b6992f131dc8d30ab0dff15446e9d346d9dbd95992de0fef795073f5ea83a81c?s=96&d=mm&r=g\",\"caption\":\"La Gu\u00eda de Pamplona\"}}]}<\/script>\n<!-- \/ Yoast SEO plugin. -->","yoast_head_json":{"title":"El Ayuntamiento actualiza el contrato de la Banda Municipal de M\u00fasica La Pamplonesa con una subida del 3% para este a\u00f1o","description":"La revisi\u00f3n de precios anual est\u00e1 prevista en el contrato y se realiza con referencia al \u00edndice de precios al consumo de los doce meses anteriores","robots":{"index":"index","follow":"follow","max-snippet":"max-snippet:-1","max-image-preview":"max-image-preview:large","max-video-preview":"max-video-preview:-1"},"canonical":"https:\/\/www.laguiadepamplona.com\/actualidad\/el-ayuntamiento-actualiza-el-contrato-de-la-banda-municipal-de-musica-la-pamplonesa-con-una-subida-del-3-para-este-ano\/","og_locale":"es_ES","og_type":"article","og_title":"El Ayuntamiento actualiza el contrato de la Banda Municipal de M\u00fasica La Pamplonesa con una subida del 3% para este a\u00f1o","og_description":"La revisi\u00f3n de precios anual est\u00e1 prevista en el contrato y se realiza con referencia al \u00edndice de precios al consumo de los doce meses anteriores","og_url":"https:\/\/www.laguiadepamplona.com\/actualidad\/el-ayuntamiento-actualiza-el-contrato-de-la-banda-municipal-de-musica-la-pamplonesa-con-una-subida-del-3-para-este-ano\/","og_site_name":"La Gu\u00eda de Pamplona","article_publisher":"https:\/\/www.facebook.com\/laguiadepamplonacom-133175176762273\/?ref=hl","article_published_time":"2023-02-06T16:24:14+00:00","article_modified_time":"2023-04-11T09:47:15+00:00","og_image":[{"width":1920,"height":1281,"url":"https:\/\/www.laguiadepamplona.com\/actualidad\/wp-content\/uploads\/2023\/02\/pamplonesa20220610_Q5A4114.webp","type":"image\/webp"}],"author":"La Gu\u00eda de Pamplona","twitter_card":"summary_large_image","twitter_creator":"@LaGuiadPamplona","twitter_site":"@LaGuiadPamplona","twitter_misc":{"Escrito por":"La Gu\u00eda de Pamplona","Tiempo de lectura":"2 minutos"},"schema":{"@context":"https:\/\/schema.org","@graph":[{"@type":"Article","@id":"https:\/\/www.laguiadepamplona.com\/actualidad\/el-ayuntamiento-actualiza-el-contrato-de-la-banda-municipal-de-musica-la-pamplonesa-con-una-subida-del-3-para-este-ano\/#article","isPartOf":{"@id":"https:\/\/www.laguiadepamplona.com\/actualidad\/el-ayuntamiento-actualiza-el-contrato-de-la-banda-municipal-de-musica-la-pamplonesa-con-una-subida-del-3-para-este-ano\/"},"author":{"name":"La Gu\u00eda de Pamplona","@id":"https:\/\/www.laguiadepamplona.com\/actualidad\/#\/schema\/person\/efe887376f0213d4657c93adc50b1fdb"},"headline":"El Ayuntamiento actualiza el contrato de la Banda Municipal de M\u00fasica La Pamplonesa con una subida del 3% para este a\u00f1o","datePublished":"2023-02-06T16:24:14+00:00","dateModified":"2023-04-11T09:47:15+00:00","mainEntityOfPage":{"@id":"https:\/\/www.laguiadepamplona.com\/actualidad\/el-ayuntamiento-actualiza-el-contrato-de-la-banda-municipal-de-musica-la-pamplonesa-con-una-subida-del-3-para-este-ano\/"},"wordCount":364,"commentCount":0,"publisher":{"@id":"https:\/\/www.laguiadepamplona.com\/actualidad\/#organization"},"image":{"@id":"https:\/\/www.laguiadepamplona.com\/actualidad\/el-ayuntamiento-actualiza-el-contrato-de-la-banda-municipal-de-musica-la-pamplonesa-con-una-subida-del-3-para-este-ano\/#primaryimage"},"thumbnailUrl":"https:\/\/www.laguiadepamplona.com\/actualidad\/wp-content\/uploads\/2023\/02\/pamplonesa20220610_Q5A4114.webp","articleSection":["Ayto Pamplona"],"inLanguage":"es","potentialAction":[{"@type":"CommentAction","name":"Comment","target":["https:\/\/www.laguiadepamplona.com\/actualidad\/el-ayuntamiento-actualiza-el-contrato-de-la-banda-municipal-de-musica-la-pamplonesa-con-una-subida-del-3-para-este-ano\/#respond"]}]},{"@type":"WebPage","@id":"https:\/\/www.laguiadepamplona.com\/actualidad\/el-ayuntamiento-actualiza-el-contrato-de-la-banda-municipal-de-musica-la-pamplonesa-con-una-subida-del-3-para-este-ano\/","url":"https:\/\/www.laguiadepamplona.com\/actualidad\/el-ayuntamiento-actualiza-el-contrato-de-la-banda-municipal-de-musica-la-pamplonesa-con-una-subida-del-3-para-este-ano\/","name":"El Ayuntamiento actualiza el contrato de la Banda Municipal de M\u00fasica La Pamplonesa con una subida del 3% para este a\u00f1o","isPartOf":{"@id":"https:\/\/www.laguiadepamplona.com\/actualidad\/#website"},"primaryImageOfPage":{"@id":"https:\/\/www.laguiadepamplona.com\/actualidad\/el-ayuntamiento-actualiza-el-contrato-de-la-banda-municipal-de-musica-la-pamplonesa-con-una-subida-del-3-para-este-ano\/#primaryimage"},"image":{"@id":"https:\/\/www.laguiadepamplona.com\/actualidad\/el-ayuntamiento-actualiza-el-contrato-de-la-banda-municipal-de-musica-la-pamplonesa-con-una-subida-del-3-para-este-ano\/#primaryimage"},"thumbnailUrl":"https:\/\/www.laguiadepamplona.com\/actualidad\/wp-content\/uploads\/2023\/02\/pamplonesa20220610_Q5A4114.webp","datePublished":"2023-02-06T16:24:14+00:00","dateModified":"2023-04-11T09:47:15+00:00","description":"La revisi\u00f3n de precios anual est\u00e1 prevista en el contrato y se realiza con referencia al \u00edndice de precios al consumo de los doce meses anteriores","breadcrumb":{"@id":"https:\/\/www.laguiadepamplona.com\/actualidad\/el-ayuntamiento-actualiza-el-contrato-de-la-banda-municipal-de-musica-la-pamplonesa-con-una-subida-del-3-para-este-ano\/#breadcrumb"},"inLanguage":"es","potentialAction":[{"@type":"ReadAction","target":["https:\/\/www.laguiadepamplona.com\/actualidad\/el-ayuntamiento-actualiza-el-contrato-de-la-banda-municipal-de-musica-la-pamplonesa-con-una-subida-del-3-para-este-ano\/"]}]},{"@type":"ImageObject","inLanguage":"es","@id":"https:\/\/www.laguiadepamplona.com\/actualidad\/el-ayuntamiento-actualiza-el-contrato-de-la-banda-municipal-de-musica-la-pamplonesa-con-una-subida-del-3-para-este-ano\/#primaryimage","url":"https:\/\/www.laguiadepamplona.com\/actualidad\/wp-content\/uploads\/2023\/02\/pamplonesa20220610_Q5A4114.webp","contentUrl":"https:\/\/www.laguiadepamplona.com\/actualidad\/wp-content\/uploads\/2023\/02\/pamplonesa20220610_Q5A4114.webp","width":1920,"height":1281},{"@type":"BreadcrumbList","@id":"https:\/\/www.laguiadepamplona.com\/actualidad\/el-ayuntamiento-actualiza-el-contrato-de-la-banda-municipal-de-musica-la-pamplonesa-con-una-subida-del-3-para-este-ano\/#breadcrumb","itemListElement":[{"@type":"ListItem","position":1,"name":"Portada","item":"https:\/\/www.laguiadepamplona.com\/actualidad\/"},{"@type":"ListItem","position":2,"name":"El Ayuntamiento actualiza el contrato de la Banda Municipal de M\u00fasica La Pamplonesa con una subida del 3% para este a\u00f1o"}]},{"@type":"WebSite","@id":"https:\/\/www.laguiadepamplona.com\/actualidad\/#website","url":"https:\/\/www.laguiadepamplona.com\/actualidad\/","name":"La gu\u00eda de Pamplona","description":"Noticias de Pamplona","publisher":{"@id":"https:\/\/www.laguiadepamplona.com\/actualidad\/#organization"},"potentialAction":[{"@type":"SearchAction","target":{"@type":"EntryPoint","urlTemplate":"https:\/\/www.laguiadepamplona.com\/actualidad\/?s={search_term_string}"},"query-input":{"@type":"PropertyValueSpecification","valueRequired":true,"valueName":"search_term_string"}}],"inLanguage":"es"},{"@type":"Organization","@id":"https:\/\/www.laguiadepamplona.com\/actualidad\/#organization","name":"La Gu\u00eda de Pamplona \/ Noticias","url":"https:\/\/www.laguiadepamplona.com\/actualidad\/","logo":{"@type":"ImageObject","inLanguage":"es","@id":"https:\/\/www.laguiadepamplona.com\/actualidad\/#\/schema\/logo\/image\/","url":"https:\/\/www.laguiadepamplona.com\/actualidad\/wp-content\/uploads\/2018\/11\/logo-laguiadepamplona18-web1.png","contentUrl":"https:\/\/www.laguiadepamplona.com\/actualidad\/wp-content\/uploads\/2018\/11\/logo-laguiadepamplona18-web1.png","width":600,"height":196,"caption":"La Gu\u00eda de Pamplona \/ Noticias"},"image":{"@id":"https:\/\/www.laguiadepamplona.com\/actualidad\/#\/schema\/logo\/image\/"},"sameAs":["https:\/\/www.facebook.com\/laguiadepamplonacom-133175176762273\/?ref=hl","https:\/\/x.com\/LaGuiadPamplona","https:\/\/www.instagram.com\/la_guia_de_pamplona\/","https:\/\/www.youtube.com\/user\/laguiadepamplona"]},{"@type":"Person","@id":"https:\/\/www.laguiadepamplona.com\/actualidad\/#\/schema\/person\/efe887376f0213d4657c93adc50b1fdb","name":"La Gu\u00eda de Pamplona","image":{"@type":"ImageObject","inLanguage":"es","@id":"https:\/\/secure.gravatar.com\/avatar\/b6992f131dc8d30ab0dff15446e9d346d9dbd95992de0fef795073f5ea83a81c?s=96&d=mm&r=g","url":"https:\/\/secure.gravatar.com\/avatar\/b6992f131dc8d30ab0dff15446e9d346d9dbd95992de0fef795073f5ea83a81c?s=96&d=mm&r=g","contentUrl":"https:\/\/secure.gravatar.com\/avatar\/b6992f131dc8d30ab0dff15446e9d346d9dbd95992de0fef795073f5ea83a81c?s=96&d=mm&r=g","caption":"La Gu\u00eda de Pamplona"}}]}},"post_mailing_queue_ids":[],"_links":{"self":[{"href":"https:\/\/www.laguiadepamplona.com\/actualidad\/wp-json\/wp\/v2\/posts\/42788","targetHints":{"allow":["GET"]}}],"collection":[{"href":"https:\/\/www.laguiadepamplona.com\/actualidad\/wp-json\/wp\/v2\/posts"}],"about":[{"href":"https:\/\/www.laguiadepamplona.com\/actualidad\/wp-json\/wp\/v2\/types\/post"}],"author":[{"embeddable":true,"href":"https:\/\/www.laguiadepamplona.com\/actualidad\/wp-json\/wp\/v2\/users\/1"}],"replies":[{"embeddable":true,"href":"https:\/\/www.laguiadepamplona.com\/actualidad\/wp-json\/wp\/v2\/comments?post=42788"}],"version-history":[{"count":0,"href":"https:\/\/www.laguiadepamplona.com\/actualidad\/wp-json\/wp\/v2\/posts\/42788\/revisions"}],"wp:featuredmedia":[{"embeddable":true,"href":"https:\/\/www.laguiadepamplona.com\/actualidad\/wp-json\/wp\/v2\/media\/42789"}],"wp:attachment":[{"href":"https:\/\/www.laguiadepamplona.com\/actualidad\/wp-json\/wp\/v2\/media?parent=42788"}],"wp:term":[{"taxonomy":"category","embeddable":true,"href":"https:\/\/www.laguiadepamplona.com\/actualidad\/wp-json\/wp\/v2\/categories?post=42788"},{"taxonomy":"post_tag","embeddable":true,"href":"https:\/\/www.laguiadepamplona.com\/actualidad\/wp-json\/wp\/v2\/tags?post=42788"}],"curies":[{"name":"wp","href":"https:\/\/api.w.org\/{rel}","templated":true}]}}