{"id":42786,"date":"2023-02-06T14:25:01","date_gmt":"2023-02-06T12:25:01","guid":{"rendered":"https:\/\/www.laguiadepamplona.com\/actualidad\/?p=42786"},"modified":"2023-04-11T11:47:15","modified_gmt":"2023-04-11T09:47:15","slug":"aprobada-la-licitacion-del-contrato-para-el-desarrollo-y-gestion-de-los-programas-de-intervencion-familiar-en-domicilios","status":"publish","type":"post","link":"https:\/\/www.laguiadepamplona.com\/actualidad\/aprobada-la-licitacion-del-contrato-para-el-desarrollo-y-gestion-de-los-programas-de-intervencion-familiar-en-domicilios\/","title":{"rendered":"Aprobada la licitaci\u00f3n del contrato para el desarrollo y gesti\u00f3n de los programas de intervenci\u00f3n familiar en domicilios"},"content":{"rendered":"<h5>El contrato tiene por objeto la atenci\u00f3n socioeducativa en los domicilios de unidades familiares en las que se aprecie riesgo de desprotecci\u00f3n infantil<\/h5>\n<p><!--more--><\/p>\n<p>La Junta de Gobierno Local ha aprobado la licitaci\u00f3n del contrato de gesti\u00f3n del servicio para el desarrollo y gesti\u00f3n de los programas de intervenci\u00f3n familiar en los domicilios de las personas atendidas desde el programa de atenci\u00f3n a la infancia y familia del Ayuntamiento de Pamplona. El contrato cuenta con un presupuesto de 1.541.867,67 euros para su ejecuci\u00f3n entre el 1 de mayo de este a\u00f1o y el 31 de diciembre de 2024, con opci\u00f3n a una pr\u00f3rroga anual m\u00e1s.<br \/>\n<script async src=\"\/\/pagead2.googlesyndication.com\/pagead\/js\/adsbygoogle.js\"><\/script><br \/>\n<!-- Noticias La Guia de Pamplona --><br \/>\n<ins class=\"adsbygoogle\"\nstyle=\"display:block\"\ndata-ad-client=\"ca-pub-6943679897239327\"\ndata-ad-slot=\"7048180777\"\ndata-ad-format=\"auto\"><\/ins><br \/>\n<script>\n(adsbygoogle = window.adsbygoogle || []).push({});\n<\/script><\/p>\n<p>Gracias a este contrato, se presta atenci\u00f3n socioeducativa en los domicilios de unidades familiares en las que el equipo t\u00e9cnico responsable aprecie la existencia de un riesgo de desprotecci\u00f3n infantil, mediante una intervenci\u00f3n t\u00e9cnica planificada. Se trata, por tanto, de atender las necesidades de la poblaci\u00f3n infantil y adolescente comprendida entre los 0 y los 18 a\u00f1os, as\u00ed como las de sus progenitores o tutores legales, en los que se haya planteado la intervenci\u00f3n educativa familiar para contrarrestar los factores de desprotecci\u00f3n existentes y, de esta manera, evita la separaci\u00f3n de ni\u00f1os, ni\u00f1as y adolescentes de su medio familiar.<\/p>\n<p>El programa se desarrolla con unidades familiares derivadas desde el Equipo de Atenci\u00f3n a la Infancia en Dificultad Social (EAIA) y\/o desde los Equipos de Infancia (EIF) de las Unidades de Barrio del Ayuntamiento de Pamplona. Las familias deben estar empadronadas y\/o residir en Pamplona.<br \/>\n<script async src=\"\/\/pagead2.googlesyndication.com\/pagead\/js\/adsbygoogle.js\"><\/script><br \/>\n<!-- Noticias La Guia de Pamplona --><br \/>\n<ins class=\"adsbygoogle\"\nstyle=\"display:block\"\ndata-ad-client=\"ca-pub-6943679897239327\"\ndata-ad-slot=\"7048180777\"\ndata-ad-format=\"auto\"><\/ins><br \/>\n<script>\n(adsbygoogle = window.adsbygoogle || []).push({});\n<\/script><\/p>\n<p>La atenci\u00f3n socioeducativa se gestiona mediante planes individuales y globales de trabajo con cada familia. Estos planes deber\u00e1n ir orientados a modificar las relaciones familiares inadecuadas y a dotar a los padres y\/o madres de las competencias y habilidades para satisfacer las necesidades b\u00e1sicas, emocionales, cognitivas y sociales de sus hijos e hijas y el manejo m\u00e1s eficaz de su conducta.<\/p>\n","protected":false},"excerpt":{"rendered":"<p>El contrato tiene por objeto la atenci\u00f3n socioeducativa en los domicilios de unidades familiares en las que se aprecie riesgo de desprotecci\u00f3n infantil<\/p>\n","protected":false},"author":1,"featured_media":40272,"comment_status":"open","ping_status":"closed","sticky":false,"template":"","format":"standard","meta":{"footnotes":""},"categories":[2],"tags":[],"class_list":["post-42786","post","type-post","status-publish","format-standard","has-post-thumbnail","hentry","category-ayuntamiento-pamplona"],"yoast_head":"<!-- This site is optimized with the Yoast SEO plugin v27.3 - https:\/\/yoast.com\/product\/yoast-seo-wordpress\/ -->\n<title>Aprobada la licitaci\u00f3n del contrato para el desarrollo y gesti\u00f3n de los programas de intervenci\u00f3n familiar en domicilios<\/title>\n<meta name=\"description\" content=\"El contrato tiene por objeto la atenci\u00f3n socioeducativa en los domicilios de unidades familiares en las que se aprecie riesgo de desprotecci\u00f3n infantil\" \/>\n<meta name=\"robots\" content=\"index, follow, max-snippet:-1, max-image-preview:large, max-video-preview:-1\" \/>\n<link rel=\"canonical\" href=\"https:\/\/www.laguiadepamplona.com\/actualidad\/aprobada-la-licitacion-del-contrato-para-el-desarrollo-y-gestion-de-los-programas-de-intervencion-familiar-en-domicilios\/\" \/>\n<meta property=\"og:locale\" content=\"es_ES\" \/>\n<meta property=\"og:type\" content=\"article\" \/>\n<meta property=\"og:title\" content=\"Aprobada la licitaci\u00f3n del contrato para el desarrollo y gesti\u00f3n de los programas de intervenci\u00f3n familiar en domicilios\" \/>\n<meta property=\"og:description\" content=\"El contrato tiene por objeto la atenci\u00f3n socioeducativa en los domicilios de unidades familiares en las que se aprecie riesgo de desprotecci\u00f3n infantil\" \/>\n<meta property=\"og:url\" content=\"https:\/\/www.laguiadepamplona.com\/actualidad\/aprobada-la-licitacion-del-contrato-para-el-desarrollo-y-gestion-de-los-programas-de-intervencion-familiar-en-domicilios\/\" \/>\n<meta property=\"og:site_name\" content=\"La Gu\u00eda de Pamplona\" \/>\n<meta property=\"article:publisher\" content=\"https:\/\/www.facebook.com\/laguiadepamplonacom-133175176762273\/?ref=hl\" \/>\n<meta property=\"article:published_time\" content=\"2023-02-06T12:25:01+00:00\" \/>\n<meta property=\"article:modified_time\" content=\"2023-04-11T09:47:15+00:00\" \/>\n<meta property=\"og:image\" content=\"https:\/\/www.laguiadepamplona.com\/actualidad\/wp-content\/uploads\/2022\/05\/ninos_02-mediana.webp\" \/>\n\t<meta property=\"og:image:width\" content=\"1731\" \/>\n\t<meta property=\"og:image:height\" content=\"1154\" \/>\n\t<meta property=\"og:image:type\" content=\"image\/webp\" \/>\n<meta name=\"author\" content=\"La Gu\u00eda de Pamplona\" \/>\n<meta name=\"twitter:card\" content=\"summary_large_image\" \/>\n<meta name=\"twitter:creator\" content=\"@LaGuiadPamplona\" \/>\n<meta name=\"twitter:site\" content=\"@LaGuiadPamplona\" \/>\n<meta name=\"twitter:label1\" content=\"Escrito por\" \/>\n\t<meta name=\"twitter:data1\" content=\"La Gu\u00eda de Pamplona\" \/>\n\t<meta name=\"twitter:label2\" content=\"Tiempo de lectura\" \/>\n\t<meta name=\"twitter:data2\" content=\"2 minutos\" \/>\n<script type=\"application\/ld+json\" class=\"yoast-schema-graph\">{\"@context\":\"https:\\\/\\\/schema.org\",\"@graph\":[{\"@type\":\"Article\",\"@id\":\"https:\\\/\\\/www.laguiadepamplona.com\\\/actualidad\\\/aprobada-la-licitacion-del-contrato-para-el-desarrollo-y-gestion-de-los-programas-de-intervencion-familiar-en-domicilios\\\/#article\",\"isPartOf\":{\"@id\":\"https:\\\/\\\/www.laguiadepamplona.com\\\/actualidad\\\/aprobada-la-licitacion-del-contrato-para-el-desarrollo-y-gestion-de-los-programas-de-intervencion-familiar-en-domicilios\\\/\"},\"author\":{\"name\":\"La Gu\u00eda de Pamplona\",\"@id\":\"https:\\\/\\\/www.laguiadepamplona.com\\\/actualidad\\\/#\\\/schema\\\/person\\\/efe887376f0213d4657c93adc50b1fdb\"},\"headline\":\"Aprobada la licitaci\u00f3n del contrato para el desarrollo y gesti\u00f3n de los programas de intervenci\u00f3n familiar en domicilios\",\"datePublished\":\"2023-02-06T12:25:01+00:00\",\"dateModified\":\"2023-04-11T09:47:15+00:00\",\"mainEntityOfPage\":{\"@id\":\"https:\\\/\\\/www.laguiadepamplona.com\\\/actualidad\\\/aprobada-la-licitacion-del-contrato-para-el-desarrollo-y-gestion-de-los-programas-de-intervencion-familiar-en-domicilios\\\/\"},\"wordCount\":356,\"commentCount\":0,\"publisher\":{\"@id\":\"https:\\\/\\\/www.laguiadepamplona.com\\\/actualidad\\\/#organization\"},\"image\":{\"@id\":\"https:\\\/\\\/www.laguiadepamplona.com\\\/actualidad\\\/aprobada-la-licitacion-del-contrato-para-el-desarrollo-y-gestion-de-los-programas-de-intervencion-familiar-en-domicilios\\\/#primaryimage\"},\"thumbnailUrl\":\"https:\\\/\\\/www.laguiadepamplona.com\\\/actualidad\\\/wp-content\\\/uploads\\\/2022\\\/05\\\/ninos_02-mediana.webp\",\"articleSection\":[\"Ayto Pamplona\"],\"inLanguage\":\"es\",\"potentialAction\":[{\"@type\":\"CommentAction\",\"name\":\"Comment\",\"target\":[\"https:\\\/\\\/www.laguiadepamplona.com\\\/actualidad\\\/aprobada-la-licitacion-del-contrato-para-el-desarrollo-y-gestion-de-los-programas-de-intervencion-familiar-en-domicilios\\\/#respond\"]}]},{\"@type\":\"WebPage\",\"@id\":\"https:\\\/\\\/www.laguiadepamplona.com\\\/actualidad\\\/aprobada-la-licitacion-del-contrato-para-el-desarrollo-y-gestion-de-los-programas-de-intervencion-familiar-en-domicilios\\\/\",\"url\":\"https:\\\/\\\/www.laguiadepamplona.com\\\/actualidad\\\/aprobada-la-licitacion-del-contrato-para-el-desarrollo-y-gestion-de-los-programas-de-intervencion-familiar-en-domicilios\\\/\",\"name\":\"Aprobada la licitaci\u00f3n del contrato para el desarrollo y gesti\u00f3n de los programas de intervenci\u00f3n familiar en domicilios\",\"isPartOf\":{\"@id\":\"https:\\\/\\\/www.laguiadepamplona.com\\\/actualidad\\\/#website\"},\"primaryImageOfPage\":{\"@id\":\"https:\\\/\\\/www.laguiadepamplona.com\\\/actualidad\\\/aprobada-la-licitacion-del-contrato-para-el-desarrollo-y-gestion-de-los-programas-de-intervencion-familiar-en-domicilios\\\/#primaryimage\"},\"image\":{\"@id\":\"https:\\\/\\\/www.laguiadepamplona.com\\\/actualidad\\\/aprobada-la-licitacion-del-contrato-para-el-desarrollo-y-gestion-de-los-programas-de-intervencion-familiar-en-domicilios\\\/#primaryimage\"},\"thumbnailUrl\":\"https:\\\/\\\/www.laguiadepamplona.com\\\/actualidad\\\/wp-content\\\/uploads\\\/2022\\\/05\\\/ninos_02-mediana.webp\",\"datePublished\":\"2023-02-06T12:25:01+00:00\",\"dateModified\":\"2023-04-11T09:47:15+00:00\",\"description\":\"El contrato tiene por objeto la atenci\u00f3n socioeducativa en los domicilios de unidades familiares en las que se aprecie riesgo de desprotecci\u00f3n infantil\",\"breadcrumb\":{\"@id\":\"https:\\\/\\\/www.laguiadepamplona.com\\\/actualidad\\\/aprobada-la-licitacion-del-contrato-para-el-desarrollo-y-gestion-de-los-programas-de-intervencion-familiar-en-domicilios\\\/#breadcrumb\"},\"inLanguage\":\"es\",\"potentialAction\":[{\"@type\":\"ReadAction\",\"target\":[\"https:\\\/\\\/www.laguiadepamplona.com\\\/actualidad\\\/aprobada-la-licitacion-del-contrato-para-el-desarrollo-y-gestion-de-los-programas-de-intervencion-familiar-en-domicilios\\\/\"]}]},{\"@type\":\"ImageObject\",\"inLanguage\":\"es\",\"@id\":\"https:\\\/\\\/www.laguiadepamplona.com\\\/actualidad\\\/aprobada-la-licitacion-del-contrato-para-el-desarrollo-y-gestion-de-los-programas-de-intervencion-familiar-en-domicilios\\\/#primaryimage\",\"url\":\"https:\\\/\\\/www.laguiadepamplona.com\\\/actualidad\\\/wp-content\\\/uploads\\\/2022\\\/05\\\/ninos_02-mediana.webp\",\"contentUrl\":\"https:\\\/\\\/www.laguiadepamplona.com\\\/actualidad\\\/wp-content\\\/uploads\\\/2022\\\/05\\\/ninos_02-mediana.webp\",\"width\":1731,\"height\":1154},{\"@type\":\"BreadcrumbList\",\"@id\":\"https:\\\/\\\/www.laguiadepamplona.com\\\/actualidad\\\/aprobada-la-licitacion-del-contrato-para-el-desarrollo-y-gestion-de-los-programas-de-intervencion-familiar-en-domicilios\\\/#breadcrumb\",\"itemListElement\":[{\"@type\":\"ListItem\",\"position\":1,\"name\":\"Portada\",\"item\":\"https:\\\/\\\/www.laguiadepamplona.com\\\/actualidad\\\/\"},{\"@type\":\"ListItem\",\"position\":2,\"name\":\"Aprobada la licitaci\u00f3n del contrato para el desarrollo y gesti\u00f3n de los programas de intervenci\u00f3n familiar en domicilios\"}]},{\"@type\":\"WebSite\",\"@id\":\"https:\\\/\\\/www.laguiadepamplona.com\\\/actualidad\\\/#website\",\"url\":\"https:\\\/\\\/www.laguiadepamplona.com\\\/actualidad\\\/\",\"name\":\"La gu\u00eda de Pamplona\",\"description\":\"Noticias de Pamplona\",\"publisher\":{\"@id\":\"https:\\\/\\\/www.laguiadepamplona.com\\\/actualidad\\\/#organization\"},\"potentialAction\":[{\"@type\":\"SearchAction\",\"target\":{\"@type\":\"EntryPoint\",\"urlTemplate\":\"https:\\\/\\\/www.laguiadepamplona.com\\\/actualidad\\\/?s={search_term_string}\"},\"query-input\":{\"@type\":\"PropertyValueSpecification\",\"valueRequired\":true,\"valueName\":\"search_term_string\"}}],\"inLanguage\":\"es\"},{\"@type\":\"Organization\",\"@id\":\"https:\\\/\\\/www.laguiadepamplona.com\\\/actualidad\\\/#organization\",\"name\":\"La Gu\u00eda de Pamplona \\\/ Noticias\",\"url\":\"https:\\\/\\\/www.laguiadepamplona.com\\\/actualidad\\\/\",\"logo\":{\"@type\":\"ImageObject\",\"inLanguage\":\"es\",\"@id\":\"https:\\\/\\\/www.laguiadepamplona.com\\\/actualidad\\\/#\\\/schema\\\/logo\\\/image\\\/\",\"url\":\"https:\\\/\\\/www.laguiadepamplona.com\\\/actualidad\\\/wp-content\\\/uploads\\\/2018\\\/11\\\/logo-laguiadepamplona18-web1.png\",\"contentUrl\":\"https:\\\/\\\/www.laguiadepamplona.com\\\/actualidad\\\/wp-content\\\/uploads\\\/2018\\\/11\\\/logo-laguiadepamplona18-web1.png\",\"width\":600,\"height\":196,\"caption\":\"La Gu\u00eda de Pamplona \\\/ Noticias\"},\"image\":{\"@id\":\"https:\\\/\\\/www.laguiadepamplona.com\\\/actualidad\\\/#\\\/schema\\\/logo\\\/image\\\/\"},\"sameAs\":[\"https:\\\/\\\/www.facebook.com\\\/laguiadepamplonacom-133175176762273\\\/?ref=hl\",\"https:\\\/\\\/x.com\\\/LaGuiadPamplona\",\"https:\\\/\\\/www.instagram.com\\\/la_guia_de_pamplona\\\/\",\"https:\\\/\\\/www.youtube.com\\\/user\\\/laguiadepamplona\"]},{\"@type\":\"Person\",\"@id\":\"https:\\\/\\\/www.laguiadepamplona.com\\\/actualidad\\\/#\\\/schema\\\/person\\\/efe887376f0213d4657c93adc50b1fdb\",\"name\":\"La Gu\u00eda de Pamplona\",\"image\":{\"@type\":\"ImageObject\",\"inLanguage\":\"es\",\"@id\":\"https:\\\/\\\/secure.gravatar.com\\\/avatar\\\/b6992f131dc8d30ab0dff15446e9d346d9dbd95992de0fef795073f5ea83a81c?s=96&d=mm&r=g\",\"url\":\"https:\\\/\\\/secure.gravatar.com\\\/avatar\\\/b6992f131dc8d30ab0dff15446e9d346d9dbd95992de0fef795073f5ea83a81c?s=96&d=mm&r=g\",\"contentUrl\":\"https:\\\/\\\/secure.gravatar.com\\\/avatar\\\/b6992f131dc8d30ab0dff15446e9d346d9dbd95992de0fef795073f5ea83a81c?s=96&d=mm&r=g\",\"caption\":\"La Gu\u00eda de Pamplona\"}}]}<\/script>\n<!-- \/ Yoast SEO plugin. -->","yoast_head_json":{"title":"Aprobada la licitaci\u00f3n del contrato para el desarrollo y gesti\u00f3n de los programas de intervenci\u00f3n familiar en domicilios","description":"El contrato tiene por objeto la atenci\u00f3n socioeducativa en los domicilios de unidades familiares en las que se aprecie riesgo de desprotecci\u00f3n infantil","robots":{"index":"index","follow":"follow","max-snippet":"max-snippet:-1","max-image-preview":"max-image-preview:large","max-video-preview":"max-video-preview:-1"},"canonical":"https:\/\/www.laguiadepamplona.com\/actualidad\/aprobada-la-licitacion-del-contrato-para-el-desarrollo-y-gestion-de-los-programas-de-intervencion-familiar-en-domicilios\/","og_locale":"es_ES","og_type":"article","og_title":"Aprobada la licitaci\u00f3n del contrato para el desarrollo y gesti\u00f3n de los programas de intervenci\u00f3n familiar en domicilios","og_description":"El contrato tiene por objeto la atenci\u00f3n socioeducativa en los domicilios de unidades familiares en las que se aprecie riesgo de desprotecci\u00f3n infantil","og_url":"https:\/\/www.laguiadepamplona.com\/actualidad\/aprobada-la-licitacion-del-contrato-para-el-desarrollo-y-gestion-de-los-programas-de-intervencion-familiar-en-domicilios\/","og_site_name":"La Gu\u00eda de Pamplona","article_publisher":"https:\/\/www.facebook.com\/laguiadepamplonacom-133175176762273\/?ref=hl","article_published_time":"2023-02-06T12:25:01+00:00","article_modified_time":"2023-04-11T09:47:15+00:00","og_image":[{"width":1731,"height":1154,"url":"https:\/\/www.laguiadepamplona.com\/actualidad\/wp-content\/uploads\/2022\/05\/ninos_02-mediana.webp","type":"image\/webp"}],"author":"La Gu\u00eda de Pamplona","twitter_card":"summary_large_image","twitter_creator":"@LaGuiadPamplona","twitter_site":"@LaGuiadPamplona","twitter_misc":{"Escrito por":"La Gu\u00eda de Pamplona","Tiempo de lectura":"2 minutos"},"schema":{"@context":"https:\/\/schema.org","@graph":[{"@type":"Article","@id":"https:\/\/www.laguiadepamplona.com\/actualidad\/aprobada-la-licitacion-del-contrato-para-el-desarrollo-y-gestion-de-los-programas-de-intervencion-familiar-en-domicilios\/#article","isPartOf":{"@id":"https:\/\/www.laguiadepamplona.com\/actualidad\/aprobada-la-licitacion-del-contrato-para-el-desarrollo-y-gestion-de-los-programas-de-intervencion-familiar-en-domicilios\/"},"author":{"name":"La Gu\u00eda de Pamplona","@id":"https:\/\/www.laguiadepamplona.com\/actualidad\/#\/schema\/person\/efe887376f0213d4657c93adc50b1fdb"},"headline":"Aprobada la licitaci\u00f3n del contrato para el desarrollo y gesti\u00f3n de los programas de intervenci\u00f3n familiar en domicilios","datePublished":"2023-02-06T12:25:01+00:00","dateModified":"2023-04-11T09:47:15+00:00","mainEntityOfPage":{"@id":"https:\/\/www.laguiadepamplona.com\/actualidad\/aprobada-la-licitacion-del-contrato-para-el-desarrollo-y-gestion-de-los-programas-de-intervencion-familiar-en-domicilios\/"},"wordCount":356,"commentCount":0,"publisher":{"@id":"https:\/\/www.laguiadepamplona.com\/actualidad\/#organization"},"image":{"@id":"https:\/\/www.laguiadepamplona.com\/actualidad\/aprobada-la-licitacion-del-contrato-para-el-desarrollo-y-gestion-de-los-programas-de-intervencion-familiar-en-domicilios\/#primaryimage"},"thumbnailUrl":"https:\/\/www.laguiadepamplona.com\/actualidad\/wp-content\/uploads\/2022\/05\/ninos_02-mediana.webp","articleSection":["Ayto Pamplona"],"inLanguage":"es","potentialAction":[{"@type":"CommentAction","name":"Comment","target":["https:\/\/www.laguiadepamplona.com\/actualidad\/aprobada-la-licitacion-del-contrato-para-el-desarrollo-y-gestion-de-los-programas-de-intervencion-familiar-en-domicilios\/#respond"]}]},{"@type":"WebPage","@id":"https:\/\/www.laguiadepamplona.com\/actualidad\/aprobada-la-licitacion-del-contrato-para-el-desarrollo-y-gestion-de-los-programas-de-intervencion-familiar-en-domicilios\/","url":"https:\/\/www.laguiadepamplona.com\/actualidad\/aprobada-la-licitacion-del-contrato-para-el-desarrollo-y-gestion-de-los-programas-de-intervencion-familiar-en-domicilios\/","name":"Aprobada la licitaci\u00f3n del contrato para el desarrollo y gesti\u00f3n de los programas de intervenci\u00f3n familiar en domicilios","isPartOf":{"@id":"https:\/\/www.laguiadepamplona.com\/actualidad\/#website"},"primaryImageOfPage":{"@id":"https:\/\/www.laguiadepamplona.com\/actualidad\/aprobada-la-licitacion-del-contrato-para-el-desarrollo-y-gestion-de-los-programas-de-intervencion-familiar-en-domicilios\/#primaryimage"},"image":{"@id":"https:\/\/www.laguiadepamplona.com\/actualidad\/aprobada-la-licitacion-del-contrato-para-el-desarrollo-y-gestion-de-los-programas-de-intervencion-familiar-en-domicilios\/#primaryimage"},"thumbnailUrl":"https:\/\/www.laguiadepamplona.com\/actualidad\/wp-content\/uploads\/2022\/05\/ninos_02-mediana.webp","datePublished":"2023-02-06T12:25:01+00:00","dateModified":"2023-04-11T09:47:15+00:00","description":"El contrato tiene por objeto la atenci\u00f3n socioeducativa en los domicilios de unidades familiares en las que se aprecie riesgo de desprotecci\u00f3n infantil","breadcrumb":{"@id":"https:\/\/www.laguiadepamplona.com\/actualidad\/aprobada-la-licitacion-del-contrato-para-el-desarrollo-y-gestion-de-los-programas-de-intervencion-familiar-en-domicilios\/#breadcrumb"},"inLanguage":"es","potentialAction":[{"@type":"ReadAction","target":["https:\/\/www.laguiadepamplona.com\/actualidad\/aprobada-la-licitacion-del-contrato-para-el-desarrollo-y-gestion-de-los-programas-de-intervencion-familiar-en-domicilios\/"]}]},{"@type":"ImageObject","inLanguage":"es","@id":"https:\/\/www.laguiadepamplona.com\/actualidad\/aprobada-la-licitacion-del-contrato-para-el-desarrollo-y-gestion-de-los-programas-de-intervencion-familiar-en-domicilios\/#primaryimage","url":"https:\/\/www.laguiadepamplona.com\/actualidad\/wp-content\/uploads\/2022\/05\/ninos_02-mediana.webp","contentUrl":"https:\/\/www.laguiadepamplona.com\/actualidad\/wp-content\/uploads\/2022\/05\/ninos_02-mediana.webp","width":1731,"height":1154},{"@type":"BreadcrumbList","@id":"https:\/\/www.laguiadepamplona.com\/actualidad\/aprobada-la-licitacion-del-contrato-para-el-desarrollo-y-gestion-de-los-programas-de-intervencion-familiar-en-domicilios\/#breadcrumb","itemListElement":[{"@type":"ListItem","position":1,"name":"Portada","item":"https:\/\/www.laguiadepamplona.com\/actualidad\/"},{"@type":"ListItem","position":2,"name":"Aprobada la licitaci\u00f3n del contrato para el desarrollo y gesti\u00f3n de los programas de intervenci\u00f3n familiar en domicilios"}]},{"@type":"WebSite","@id":"https:\/\/www.laguiadepamplona.com\/actualidad\/#website","url":"https:\/\/www.laguiadepamplona.com\/actualidad\/","name":"La gu\u00eda de Pamplona","description":"Noticias de Pamplona","publisher":{"@id":"https:\/\/www.laguiadepamplona.com\/actualidad\/#organization"},"potentialAction":[{"@type":"SearchAction","target":{"@type":"EntryPoint","urlTemplate":"https:\/\/www.laguiadepamplona.com\/actualidad\/?s={search_term_string}"},"query-input":{"@type":"PropertyValueSpecification","valueRequired":true,"valueName":"search_term_string"}}],"inLanguage":"es"},{"@type":"Organization","@id":"https:\/\/www.laguiadepamplona.com\/actualidad\/#organization","name":"La Gu\u00eda de Pamplona \/ Noticias","url":"https:\/\/www.laguiadepamplona.com\/actualidad\/","logo":{"@type":"ImageObject","inLanguage":"es","@id":"https:\/\/www.laguiadepamplona.com\/actualidad\/#\/schema\/logo\/image\/","url":"https:\/\/www.laguiadepamplona.com\/actualidad\/wp-content\/uploads\/2018\/11\/logo-laguiadepamplona18-web1.png","contentUrl":"https:\/\/www.laguiadepamplona.com\/actualidad\/wp-content\/uploads\/2018\/11\/logo-laguiadepamplona18-web1.png","width":600,"height":196,"caption":"La Gu\u00eda de Pamplona \/ Noticias"},"image":{"@id":"https:\/\/www.laguiadepamplona.com\/actualidad\/#\/schema\/logo\/image\/"},"sameAs":["https:\/\/www.facebook.com\/laguiadepamplonacom-133175176762273\/?ref=hl","https:\/\/x.com\/LaGuiadPamplona","https:\/\/www.instagram.com\/la_guia_de_pamplona\/","https:\/\/www.youtube.com\/user\/laguiadepamplona"]},{"@type":"Person","@id":"https:\/\/www.laguiadepamplona.com\/actualidad\/#\/schema\/person\/efe887376f0213d4657c93adc50b1fdb","name":"La Gu\u00eda de Pamplona","image":{"@type":"ImageObject","inLanguage":"es","@id":"https:\/\/secure.gravatar.com\/avatar\/b6992f131dc8d30ab0dff15446e9d346d9dbd95992de0fef795073f5ea83a81c?s=96&d=mm&r=g","url":"https:\/\/secure.gravatar.com\/avatar\/b6992f131dc8d30ab0dff15446e9d346d9dbd95992de0fef795073f5ea83a81c?s=96&d=mm&r=g","contentUrl":"https:\/\/secure.gravatar.com\/avatar\/b6992f131dc8d30ab0dff15446e9d346d9dbd95992de0fef795073f5ea83a81c?s=96&d=mm&r=g","caption":"La Gu\u00eda de Pamplona"}}]}},"post_mailing_queue_ids":[],"_links":{"self":[{"href":"https:\/\/www.laguiadepamplona.com\/actualidad\/wp-json\/wp\/v2\/posts\/42786","targetHints":{"allow":["GET"]}}],"collection":[{"href":"https:\/\/www.laguiadepamplona.com\/actualidad\/wp-json\/wp\/v2\/posts"}],"about":[{"href":"https:\/\/www.laguiadepamplona.com\/actualidad\/wp-json\/wp\/v2\/types\/post"}],"author":[{"embeddable":true,"href":"https:\/\/www.laguiadepamplona.com\/actualidad\/wp-json\/wp\/v2\/users\/1"}],"replies":[{"embeddable":true,"href":"https:\/\/www.laguiadepamplona.com\/actualidad\/wp-json\/wp\/v2\/comments?post=42786"}],"version-history":[{"count":0,"href":"https:\/\/www.laguiadepamplona.com\/actualidad\/wp-json\/wp\/v2\/posts\/42786\/revisions"}],"wp:featuredmedia":[{"embeddable":true,"href":"https:\/\/www.laguiadepamplona.com\/actualidad\/wp-json\/wp\/v2\/media\/40272"}],"wp:attachment":[{"href":"https:\/\/www.laguiadepamplona.com\/actualidad\/wp-json\/wp\/v2\/media?parent=42786"}],"wp:term":[{"taxonomy":"category","embeddable":true,"href":"https:\/\/www.laguiadepamplona.com\/actualidad\/wp-json\/wp\/v2\/categories?post=42786"},{"taxonomy":"post_tag","embeddable":true,"href":"https:\/\/www.laguiadepamplona.com\/actualidad\/wp-json\/wp\/v2\/tags?post=42786"}],"curies":[{"name":"wp","href":"https:\/\/api.w.org\/{rel}","templated":true}]}}