{"id":42783,"date":"2023-02-06T14:22:43","date_gmt":"2023-02-06T12:22:43","guid":{"rendered":"https:\/\/www.laguiadepamplona.com\/actualidad\/?p=42783"},"modified":"2023-04-11T11:47:16","modified_gmt":"2023-04-11T09:47:16","slug":"el-ayuntamiento-adjudica-la-gestion-de-los-aseos-publicos-municipales-del-paseo-de-sarasate","status":"publish","type":"post","link":"https:\/\/www.laguiadepamplona.com\/actualidad\/el-ayuntamiento-adjudica-la-gestion-de-los-aseos-publicos-municipales-del-paseo-de-sarasate\/","title":{"rendered":"El Ayuntamiento adjudica la gesti\u00f3n de los aseos p\u00fablicos municipales del paseo de Sarasate"},"content":{"rendered":"<h5>La empresa prestar\u00e1 el servicio desde el 1 de marzo de 2023 hasta el 28 de febrero de 2024 con opci\u00f3n a una \u00fanica pr\u00f3rroga de un a\u00f1o<\/h5>\n<p><!--more--><\/p>\n<p>La Junta de Gobierno Local del Ayuntamiento de Pamplona ha adjudicado la gesti\u00f3n de los aseos p\u00fablicos del paseo de Sarasate. La gesti\u00f3n de estos aseos se ajusta a plazos diferentes del resto de aseos p\u00fablicos de la ciudad por las alteraciones que implicaban las obras de reurbanizaci\u00f3n previstas en la zona, que no llegaron a ejecutarse.<\/p>\n<p>La gesti\u00f3n se ha adjudicado a la empresa Distrivisual SL, por un importe de 120.697,5 euros (IVA incluido). Este importe es 5.060,1 euros inferior a los 125.757,6 previstos, un 4% menos. El plazo de ejecuci\u00f3n es de 12 meses, desde el 1 de marzo de 2023 hasta el 28 de febrero de 2024. Una vez finalizado, este contrato se puede prorrogar solo una vez, por un periodo m\u00e1ximo de un a\u00f1o.<br \/>\n<script async src=\"\/\/pagead2.googlesyndication.com\/pagead\/js\/adsbygoogle.js\"><\/script><br \/>\n<!-- Noticias La Guia de Pamplona --><br \/>\n<ins class=\"adsbygoogle\"\nstyle=\"display:block\"\ndata-ad-client=\"ca-pub-6943679897239327\"\ndata-ad-slot=\"7048180777\"\ndata-ad-format=\"auto\"><\/ins><br \/>\n<script>\n(adsbygoogle = window.adsbygoogle || []).push({});\n<\/script><\/p>\n<p>El contrato incluye la prestaci\u00f3n del servicio de aseos en el paseo de Sarasate y el mantenimiento de las instalaciones en las debidas condiciones de higiene y salubridad. Estas condiciones se mantendr\u00e1n con m\u00e9todos, pr\u00e1cticas y productos respetuosos con el medio ambiente y la salud laboral. El acceso a los aseos es gratuito para la ciudadan\u00eda.<\/p>\n<p>La adjudicataria se compromete a abrir las instalaciones con presencia de al menos una persona y realizar el mantenimiento, incluidas reparaciones sencillas, como cambio de bombillas o descalcificaci\u00f3n. La empresa es la encargada de reponer material espec\u00edfico de aseo, para que cualquier persona usuaria disponga en todo momento de papel higi\u00e9nico, jab\u00f3n o contenedores higi\u00e9nicos.<\/p>\n<p>El horario de la instalaci\u00f3n en invierno, del 1 de octubre al 31 de marzo, es de lunes a s\u00e1bado de 10 a 14 horas y de 15.30 a 20.30; domingos y festivos, de 10.30 a 14 horas y de 16.30 a 20.30. En verano, del 1 de abril al 30 de septiembre, es de lunes a s\u00e1bado de 10 a 14 horas y de 16.30 a 21.30; domingos y festivos, de 10.30 a 14 horas y de 16.30 a 21.30. En Sanfermines el servicio est\u00e1 atendido permanentemente por dos personas en horario desde las 9 de la ma\u00f1ana del 6 de julio hasta las 6 horas del 15 de julio, con cierres durante el tiempo indispensable para proceder a su limpieza<br \/>\n<script async src=\"\/\/pagead2.googlesyndication.com\/pagead\/js\/adsbygoogle.js\"><\/script><br \/>\n<!-- Noticias La Guia de Pamplona --><br \/>\n<ins class=\"adsbygoogle\"\nstyle=\"display:block\"\ndata-ad-client=\"ca-pub-6943679897239327\"\ndata-ad-slot=\"7048180777\"\ndata-ad-format=\"auto\"><\/ins><br \/>\n<script>\n(adsbygoogle = window.adsbygoogle || []).push({});\n<\/script><\/p>\n<p>&nbsp;<\/p>\n<h3>Horario de Prestaci\u00f3n del Servicio<\/h3>\n<ul>\n<li>Horario de invierno (del 1 de octubre al 31 de marzo)\n<ul>\n<li>De lunes a s\u00e1bado: de 10 a 14 horas y de 15.30 a 20.30<\/li>\n<li>Domingos y festivos: de 10.30 a 14 horas y de 16.30 h. a 20.30<\/li>\n<\/ul>\n<\/li>\n<li>Horario de verano (del 1 de abril al 30 de septiembre)\n<ul>\n<li>De lunes a s\u00e1bado: de 10 a 14 horas y de 16.30 a 21.30<\/li>\n<li>Domingos y festivos: de 10.30 a 14 horas y de 16.30 a 21.30<\/li>\n<\/ul>\n<\/li>\n<li>Sanfermines (del 6 al 15 de julio)\n<ul>\n<li>Atenci\u00f3n permanente desde las 9 de la ma\u00f1ana del d\u00eda 6 de julio hasta las 6 del d\u00eda 15 de julio.<\/li>\n<\/ul>\n<\/li>\n<\/ul>\n","protected":false},"excerpt":{"rendered":"<p>La empresa prestar\u00e1 el servicio desde el 1 de marzo de 2023 hasta el 28 de febrero de 2024 con opci\u00f3n a una \u00fanica pr\u00f3rroga de un a\u00f1o<\/p>\n","protected":false},"author":1,"featured_media":42784,"comment_status":"open","ping_status":"closed","sticky":false,"template":"","format":"standard","meta":{"footnotes":""},"categories":[2],"tags":[],"class_list":["post-42783","post","type-post","status-publish","format-standard","has-post-thumbnail","hentry","category-ayuntamiento-pamplona"],"yoast_head":"<!-- This site is optimized with the Yoast SEO plugin v27.3 - https:\/\/yoast.com\/product\/yoast-seo-wordpress\/ -->\n<title>El Ayuntamiento adjudica la gesti\u00f3n de los aseos p\u00fablicos municipales del paseo de Sarasate<\/title>\n<meta name=\"description\" content=\"La empresa prestar\u00e1 el servicio desde el 1 de marzo de 2023 hasta el 28 de febrero de 2024 con opci\u00f3n a una \u00fanica pr\u00f3rroga de un a\u00f1o\" \/>\n<meta name=\"robots\" content=\"index, follow, max-snippet:-1, max-image-preview:large, max-video-preview:-1\" \/>\n<link rel=\"canonical\" href=\"https:\/\/www.laguiadepamplona.com\/actualidad\/el-ayuntamiento-adjudica-la-gestion-de-los-aseos-publicos-municipales-del-paseo-de-sarasate\/\" \/>\n<meta property=\"og:locale\" content=\"es_ES\" \/>\n<meta property=\"og:type\" content=\"article\" \/>\n<meta property=\"og:title\" content=\"El Ayuntamiento adjudica la gesti\u00f3n de los aseos p\u00fablicos municipales del paseo de Sarasate\" \/>\n<meta property=\"og:description\" content=\"La empresa prestar\u00e1 el servicio desde el 1 de marzo de 2023 hasta el 28 de febrero de 2024 con opci\u00f3n a una \u00fanica pr\u00f3rroga de un a\u00f1o\" \/>\n<meta property=\"og:url\" content=\"https:\/\/www.laguiadepamplona.com\/actualidad\/el-ayuntamiento-adjudica-la-gestion-de-los-aseos-publicos-municipales-del-paseo-de-sarasate\/\" \/>\n<meta property=\"og:site_name\" content=\"La Gu\u00eda de Pamplona\" \/>\n<meta property=\"article:publisher\" content=\"https:\/\/www.facebook.com\/laguiadepamplonacom-133175176762273\/?ref=hl\" \/>\n<meta property=\"article:published_time\" content=\"2023-02-06T12:22:43+00:00\" \/>\n<meta property=\"article:modified_time\" content=\"2023-04-11T09:47:16+00:00\" \/>\n<meta property=\"og:image\" content=\"https:\/\/www.laguiadepamplona.com\/actualidad\/wp-content\/uploads\/2023\/02\/aseos-publicos-paseo-sarasate.webp\" \/>\n\t<meta property=\"og:image:width\" content=\"1920\" \/>\n\t<meta property=\"og:image:height\" content=\"1440\" \/>\n\t<meta property=\"og:image:type\" content=\"image\/webp\" \/>\n<meta name=\"author\" content=\"La Gu\u00eda de Pamplona\" \/>\n<meta name=\"twitter:card\" content=\"summary_large_image\" \/>\n<meta name=\"twitter:creator\" content=\"@LaGuiadPamplona\" \/>\n<meta name=\"twitter:site\" content=\"@LaGuiadPamplona\" \/>\n<meta name=\"twitter:label1\" content=\"Escrito por\" \/>\n\t<meta name=\"twitter:data1\" content=\"La Gu\u00eda de Pamplona\" \/>\n\t<meta name=\"twitter:label2\" content=\"Tiempo de lectura\" \/>\n\t<meta name=\"twitter:data2\" content=\"3 minutos\" \/>\n<script type=\"application\/ld+json\" class=\"yoast-schema-graph\">{\"@context\":\"https:\\\/\\\/schema.org\",\"@graph\":[{\"@type\":\"Article\",\"@id\":\"https:\\\/\\\/www.laguiadepamplona.com\\\/actualidad\\\/el-ayuntamiento-adjudica-la-gestion-de-los-aseos-publicos-municipales-del-paseo-de-sarasate\\\/#article\",\"isPartOf\":{\"@id\":\"https:\\\/\\\/www.laguiadepamplona.com\\\/actualidad\\\/el-ayuntamiento-adjudica-la-gestion-de-los-aseos-publicos-municipales-del-paseo-de-sarasate\\\/\"},\"author\":{\"name\":\"La Gu\u00eda de Pamplona\",\"@id\":\"https:\\\/\\\/www.laguiadepamplona.com\\\/actualidad\\\/#\\\/schema\\\/person\\\/efe887376f0213d4657c93adc50b1fdb\"},\"headline\":\"El Ayuntamiento adjudica la gesti\u00f3n de los aseos p\u00fablicos municipales del paseo de Sarasate\",\"datePublished\":\"2023-02-06T12:22:43+00:00\",\"dateModified\":\"2023-04-11T09:47:16+00:00\",\"mainEntityOfPage\":{\"@id\":\"https:\\\/\\\/www.laguiadepamplona.com\\\/actualidad\\\/el-ayuntamiento-adjudica-la-gestion-de-los-aseos-publicos-municipales-del-paseo-de-sarasate\\\/\"},\"wordCount\":486,\"commentCount\":0,\"publisher\":{\"@id\":\"https:\\\/\\\/www.laguiadepamplona.com\\\/actualidad\\\/#organization\"},\"image\":{\"@id\":\"https:\\\/\\\/www.laguiadepamplona.com\\\/actualidad\\\/el-ayuntamiento-adjudica-la-gestion-de-los-aseos-publicos-municipales-del-paseo-de-sarasate\\\/#primaryimage\"},\"thumbnailUrl\":\"https:\\\/\\\/www.laguiadepamplona.com\\\/actualidad\\\/wp-content\\\/uploads\\\/2023\\\/02\\\/aseos-publicos-paseo-sarasate.webp\",\"articleSection\":[\"Ayto Pamplona\"],\"inLanguage\":\"es\",\"potentialAction\":[{\"@type\":\"CommentAction\",\"name\":\"Comment\",\"target\":[\"https:\\\/\\\/www.laguiadepamplona.com\\\/actualidad\\\/el-ayuntamiento-adjudica-la-gestion-de-los-aseos-publicos-municipales-del-paseo-de-sarasate\\\/#respond\"]}]},{\"@type\":\"WebPage\",\"@id\":\"https:\\\/\\\/www.laguiadepamplona.com\\\/actualidad\\\/el-ayuntamiento-adjudica-la-gestion-de-los-aseos-publicos-municipales-del-paseo-de-sarasate\\\/\",\"url\":\"https:\\\/\\\/www.laguiadepamplona.com\\\/actualidad\\\/el-ayuntamiento-adjudica-la-gestion-de-los-aseos-publicos-municipales-del-paseo-de-sarasate\\\/\",\"name\":\"El Ayuntamiento adjudica la gesti\u00f3n de los aseos p\u00fablicos municipales del paseo de Sarasate\",\"isPartOf\":{\"@id\":\"https:\\\/\\\/www.laguiadepamplona.com\\\/actualidad\\\/#website\"},\"primaryImageOfPage\":{\"@id\":\"https:\\\/\\\/www.laguiadepamplona.com\\\/actualidad\\\/el-ayuntamiento-adjudica-la-gestion-de-los-aseos-publicos-municipales-del-paseo-de-sarasate\\\/#primaryimage\"},\"image\":{\"@id\":\"https:\\\/\\\/www.laguiadepamplona.com\\\/actualidad\\\/el-ayuntamiento-adjudica-la-gestion-de-los-aseos-publicos-municipales-del-paseo-de-sarasate\\\/#primaryimage\"},\"thumbnailUrl\":\"https:\\\/\\\/www.laguiadepamplona.com\\\/actualidad\\\/wp-content\\\/uploads\\\/2023\\\/02\\\/aseos-publicos-paseo-sarasate.webp\",\"datePublished\":\"2023-02-06T12:22:43+00:00\",\"dateModified\":\"2023-04-11T09:47:16+00:00\",\"description\":\"La empresa prestar\u00e1 el servicio desde el 1 de marzo de 2023 hasta el 28 de febrero de 2024 con opci\u00f3n a una \u00fanica pr\u00f3rroga de un a\u00f1o\",\"breadcrumb\":{\"@id\":\"https:\\\/\\\/www.laguiadepamplona.com\\\/actualidad\\\/el-ayuntamiento-adjudica-la-gestion-de-los-aseos-publicos-municipales-del-paseo-de-sarasate\\\/#breadcrumb\"},\"inLanguage\":\"es\",\"potentialAction\":[{\"@type\":\"ReadAction\",\"target\":[\"https:\\\/\\\/www.laguiadepamplona.com\\\/actualidad\\\/el-ayuntamiento-adjudica-la-gestion-de-los-aseos-publicos-municipales-del-paseo-de-sarasate\\\/\"]}]},{\"@type\":\"ImageObject\",\"inLanguage\":\"es\",\"@id\":\"https:\\\/\\\/www.laguiadepamplona.com\\\/actualidad\\\/el-ayuntamiento-adjudica-la-gestion-de-los-aseos-publicos-municipales-del-paseo-de-sarasate\\\/#primaryimage\",\"url\":\"https:\\\/\\\/www.laguiadepamplona.com\\\/actualidad\\\/wp-content\\\/uploads\\\/2023\\\/02\\\/aseos-publicos-paseo-sarasate.webp\",\"contentUrl\":\"https:\\\/\\\/www.laguiadepamplona.com\\\/actualidad\\\/wp-content\\\/uploads\\\/2023\\\/02\\\/aseos-publicos-paseo-sarasate.webp\",\"width\":1920,\"height\":1440,\"caption\":\"aseo p\u00fablico sarasate\"},{\"@type\":\"BreadcrumbList\",\"@id\":\"https:\\\/\\\/www.laguiadepamplona.com\\\/actualidad\\\/el-ayuntamiento-adjudica-la-gestion-de-los-aseos-publicos-municipales-del-paseo-de-sarasate\\\/#breadcrumb\",\"itemListElement\":[{\"@type\":\"ListItem\",\"position\":1,\"name\":\"Portada\",\"item\":\"https:\\\/\\\/www.laguiadepamplona.com\\\/actualidad\\\/\"},{\"@type\":\"ListItem\",\"position\":2,\"name\":\"El Ayuntamiento adjudica la gesti\u00f3n de los aseos p\u00fablicos municipales del paseo de Sarasate\"}]},{\"@type\":\"WebSite\",\"@id\":\"https:\\\/\\\/www.laguiadepamplona.com\\\/actualidad\\\/#website\",\"url\":\"https:\\\/\\\/www.laguiadepamplona.com\\\/actualidad\\\/\",\"name\":\"La gu\u00eda de Pamplona\",\"description\":\"Noticias de Pamplona\",\"publisher\":{\"@id\":\"https:\\\/\\\/www.laguiadepamplona.com\\\/actualidad\\\/#organization\"},\"potentialAction\":[{\"@type\":\"SearchAction\",\"target\":{\"@type\":\"EntryPoint\",\"urlTemplate\":\"https:\\\/\\\/www.laguiadepamplona.com\\\/actualidad\\\/?s={search_term_string}\"},\"query-input\":{\"@type\":\"PropertyValueSpecification\",\"valueRequired\":true,\"valueName\":\"search_term_string\"}}],\"inLanguage\":\"es\"},{\"@type\":\"Organization\",\"@id\":\"https:\\\/\\\/www.laguiadepamplona.com\\\/actualidad\\\/#organization\",\"name\":\"La Gu\u00eda de Pamplona \\\/ Noticias\",\"url\":\"https:\\\/\\\/www.laguiadepamplona.com\\\/actualidad\\\/\",\"logo\":{\"@type\":\"ImageObject\",\"inLanguage\":\"es\",\"@id\":\"https:\\\/\\\/www.laguiadepamplona.com\\\/actualidad\\\/#\\\/schema\\\/logo\\\/image\\\/\",\"url\":\"https:\\\/\\\/www.laguiadepamplona.com\\\/actualidad\\\/wp-content\\\/uploads\\\/2018\\\/11\\\/logo-laguiadepamplona18-web1.png\",\"contentUrl\":\"https:\\\/\\\/www.laguiadepamplona.com\\\/actualidad\\\/wp-content\\\/uploads\\\/2018\\\/11\\\/logo-laguiadepamplona18-web1.png\",\"width\":600,\"height\":196,\"caption\":\"La Gu\u00eda de Pamplona \\\/ Noticias\"},\"image\":{\"@id\":\"https:\\\/\\\/www.laguiadepamplona.com\\\/actualidad\\\/#\\\/schema\\\/logo\\\/image\\\/\"},\"sameAs\":[\"https:\\\/\\\/www.facebook.com\\\/laguiadepamplonacom-133175176762273\\\/?ref=hl\",\"https:\\\/\\\/x.com\\\/LaGuiadPamplona\",\"https:\\\/\\\/www.instagram.com\\\/la_guia_de_pamplona\\\/\",\"https:\\\/\\\/www.youtube.com\\\/user\\\/laguiadepamplona\"]},{\"@type\":\"Person\",\"@id\":\"https:\\\/\\\/www.laguiadepamplona.com\\\/actualidad\\\/#\\\/schema\\\/person\\\/efe887376f0213d4657c93adc50b1fdb\",\"name\":\"La Gu\u00eda de Pamplona\",\"image\":{\"@type\":\"ImageObject\",\"inLanguage\":\"es\",\"@id\":\"https:\\\/\\\/secure.gravatar.com\\\/avatar\\\/b6992f131dc8d30ab0dff15446e9d346d9dbd95992de0fef795073f5ea83a81c?s=96&d=mm&r=g\",\"url\":\"https:\\\/\\\/secure.gravatar.com\\\/avatar\\\/b6992f131dc8d30ab0dff15446e9d346d9dbd95992de0fef795073f5ea83a81c?s=96&d=mm&r=g\",\"contentUrl\":\"https:\\\/\\\/secure.gravatar.com\\\/avatar\\\/b6992f131dc8d30ab0dff15446e9d346d9dbd95992de0fef795073f5ea83a81c?s=96&d=mm&r=g\",\"caption\":\"La Gu\u00eda de Pamplona\"}}]}<\/script>\n<!-- \/ Yoast SEO plugin. -->","yoast_head_json":{"title":"El Ayuntamiento adjudica la gesti\u00f3n de los aseos p\u00fablicos municipales del paseo de Sarasate","description":"La empresa prestar\u00e1 el servicio desde el 1 de marzo de 2023 hasta el 28 de febrero de 2024 con opci\u00f3n a una \u00fanica pr\u00f3rroga de un a\u00f1o","robots":{"index":"index","follow":"follow","max-snippet":"max-snippet:-1","max-image-preview":"max-image-preview:large","max-video-preview":"max-video-preview:-1"},"canonical":"https:\/\/www.laguiadepamplona.com\/actualidad\/el-ayuntamiento-adjudica-la-gestion-de-los-aseos-publicos-municipales-del-paseo-de-sarasate\/","og_locale":"es_ES","og_type":"article","og_title":"El Ayuntamiento adjudica la gesti\u00f3n de los aseos p\u00fablicos municipales del paseo de Sarasate","og_description":"La empresa prestar\u00e1 el servicio desde el 1 de marzo de 2023 hasta el 28 de febrero de 2024 con opci\u00f3n a una \u00fanica pr\u00f3rroga de un a\u00f1o","og_url":"https:\/\/www.laguiadepamplona.com\/actualidad\/el-ayuntamiento-adjudica-la-gestion-de-los-aseos-publicos-municipales-del-paseo-de-sarasate\/","og_site_name":"La Gu\u00eda de Pamplona","article_publisher":"https:\/\/www.facebook.com\/laguiadepamplonacom-133175176762273\/?ref=hl","article_published_time":"2023-02-06T12:22:43+00:00","article_modified_time":"2023-04-11T09:47:16+00:00","og_image":[{"width":1920,"height":1440,"url":"https:\/\/www.laguiadepamplona.com\/actualidad\/wp-content\/uploads\/2023\/02\/aseos-publicos-paseo-sarasate.webp","type":"image\/webp"}],"author":"La Gu\u00eda de Pamplona","twitter_card":"summary_large_image","twitter_creator":"@LaGuiadPamplona","twitter_site":"@LaGuiadPamplona","twitter_misc":{"Escrito por":"La Gu\u00eda de Pamplona","Tiempo de lectura":"3 minutos"},"schema":{"@context":"https:\/\/schema.org","@graph":[{"@type":"Article","@id":"https:\/\/www.laguiadepamplona.com\/actualidad\/el-ayuntamiento-adjudica-la-gestion-de-los-aseos-publicos-municipales-del-paseo-de-sarasate\/#article","isPartOf":{"@id":"https:\/\/www.laguiadepamplona.com\/actualidad\/el-ayuntamiento-adjudica-la-gestion-de-los-aseos-publicos-municipales-del-paseo-de-sarasate\/"},"author":{"name":"La Gu\u00eda de Pamplona","@id":"https:\/\/www.laguiadepamplona.com\/actualidad\/#\/schema\/person\/efe887376f0213d4657c93adc50b1fdb"},"headline":"El Ayuntamiento adjudica la gesti\u00f3n de los aseos p\u00fablicos municipales del paseo de Sarasate","datePublished":"2023-02-06T12:22:43+00:00","dateModified":"2023-04-11T09:47:16+00:00","mainEntityOfPage":{"@id":"https:\/\/www.laguiadepamplona.com\/actualidad\/el-ayuntamiento-adjudica-la-gestion-de-los-aseos-publicos-municipales-del-paseo-de-sarasate\/"},"wordCount":486,"commentCount":0,"publisher":{"@id":"https:\/\/www.laguiadepamplona.com\/actualidad\/#organization"},"image":{"@id":"https:\/\/www.laguiadepamplona.com\/actualidad\/el-ayuntamiento-adjudica-la-gestion-de-los-aseos-publicos-municipales-del-paseo-de-sarasate\/#primaryimage"},"thumbnailUrl":"https:\/\/www.laguiadepamplona.com\/actualidad\/wp-content\/uploads\/2023\/02\/aseos-publicos-paseo-sarasate.webp","articleSection":["Ayto Pamplona"],"inLanguage":"es","potentialAction":[{"@type":"CommentAction","name":"Comment","target":["https:\/\/www.laguiadepamplona.com\/actualidad\/el-ayuntamiento-adjudica-la-gestion-de-los-aseos-publicos-municipales-del-paseo-de-sarasate\/#respond"]}]},{"@type":"WebPage","@id":"https:\/\/www.laguiadepamplona.com\/actualidad\/el-ayuntamiento-adjudica-la-gestion-de-los-aseos-publicos-municipales-del-paseo-de-sarasate\/","url":"https:\/\/www.laguiadepamplona.com\/actualidad\/el-ayuntamiento-adjudica-la-gestion-de-los-aseos-publicos-municipales-del-paseo-de-sarasate\/","name":"El Ayuntamiento adjudica la gesti\u00f3n de los aseos p\u00fablicos municipales del paseo de Sarasate","isPartOf":{"@id":"https:\/\/www.laguiadepamplona.com\/actualidad\/#website"},"primaryImageOfPage":{"@id":"https:\/\/www.laguiadepamplona.com\/actualidad\/el-ayuntamiento-adjudica-la-gestion-de-los-aseos-publicos-municipales-del-paseo-de-sarasate\/#primaryimage"},"image":{"@id":"https:\/\/www.laguiadepamplona.com\/actualidad\/el-ayuntamiento-adjudica-la-gestion-de-los-aseos-publicos-municipales-del-paseo-de-sarasate\/#primaryimage"},"thumbnailUrl":"https:\/\/www.laguiadepamplona.com\/actualidad\/wp-content\/uploads\/2023\/02\/aseos-publicos-paseo-sarasate.webp","datePublished":"2023-02-06T12:22:43+00:00","dateModified":"2023-04-11T09:47:16+00:00","description":"La empresa prestar\u00e1 el servicio desde el 1 de marzo de 2023 hasta el 28 de febrero de 2024 con opci\u00f3n a una \u00fanica pr\u00f3rroga de un a\u00f1o","breadcrumb":{"@id":"https:\/\/www.laguiadepamplona.com\/actualidad\/el-ayuntamiento-adjudica-la-gestion-de-los-aseos-publicos-municipales-del-paseo-de-sarasate\/#breadcrumb"},"inLanguage":"es","potentialAction":[{"@type":"ReadAction","target":["https:\/\/www.laguiadepamplona.com\/actualidad\/el-ayuntamiento-adjudica-la-gestion-de-los-aseos-publicos-municipales-del-paseo-de-sarasate\/"]}]},{"@type":"ImageObject","inLanguage":"es","@id":"https:\/\/www.laguiadepamplona.com\/actualidad\/el-ayuntamiento-adjudica-la-gestion-de-los-aseos-publicos-municipales-del-paseo-de-sarasate\/#primaryimage","url":"https:\/\/www.laguiadepamplona.com\/actualidad\/wp-content\/uploads\/2023\/02\/aseos-publicos-paseo-sarasate.webp","contentUrl":"https:\/\/www.laguiadepamplona.com\/actualidad\/wp-content\/uploads\/2023\/02\/aseos-publicos-paseo-sarasate.webp","width":1920,"height":1440,"caption":"aseo p\u00fablico sarasate"},{"@type":"BreadcrumbList","@id":"https:\/\/www.laguiadepamplona.com\/actualidad\/el-ayuntamiento-adjudica-la-gestion-de-los-aseos-publicos-municipales-del-paseo-de-sarasate\/#breadcrumb","itemListElement":[{"@type":"ListItem","position":1,"name":"Portada","item":"https:\/\/www.laguiadepamplona.com\/actualidad\/"},{"@type":"ListItem","position":2,"name":"El Ayuntamiento adjudica la gesti\u00f3n de los aseos p\u00fablicos municipales del paseo de Sarasate"}]},{"@type":"WebSite","@id":"https:\/\/www.laguiadepamplona.com\/actualidad\/#website","url":"https:\/\/www.laguiadepamplona.com\/actualidad\/","name":"La gu\u00eda de Pamplona","description":"Noticias de Pamplona","publisher":{"@id":"https:\/\/www.laguiadepamplona.com\/actualidad\/#organization"},"potentialAction":[{"@type":"SearchAction","target":{"@type":"EntryPoint","urlTemplate":"https:\/\/www.laguiadepamplona.com\/actualidad\/?s={search_term_string}"},"query-input":{"@type":"PropertyValueSpecification","valueRequired":true,"valueName":"search_term_string"}}],"inLanguage":"es"},{"@type":"Organization","@id":"https:\/\/www.laguiadepamplona.com\/actualidad\/#organization","name":"La Gu\u00eda de Pamplona \/ Noticias","url":"https:\/\/www.laguiadepamplona.com\/actualidad\/","logo":{"@type":"ImageObject","inLanguage":"es","@id":"https:\/\/www.laguiadepamplona.com\/actualidad\/#\/schema\/logo\/image\/","url":"https:\/\/www.laguiadepamplona.com\/actualidad\/wp-content\/uploads\/2018\/11\/logo-laguiadepamplona18-web1.png","contentUrl":"https:\/\/www.laguiadepamplona.com\/actualidad\/wp-content\/uploads\/2018\/11\/logo-laguiadepamplona18-web1.png","width":600,"height":196,"caption":"La Gu\u00eda de Pamplona \/ Noticias"},"image":{"@id":"https:\/\/www.laguiadepamplona.com\/actualidad\/#\/schema\/logo\/image\/"},"sameAs":["https:\/\/www.facebook.com\/laguiadepamplonacom-133175176762273\/?ref=hl","https:\/\/x.com\/LaGuiadPamplona","https:\/\/www.instagram.com\/la_guia_de_pamplona\/","https:\/\/www.youtube.com\/user\/laguiadepamplona"]},{"@type":"Person","@id":"https:\/\/www.laguiadepamplona.com\/actualidad\/#\/schema\/person\/efe887376f0213d4657c93adc50b1fdb","name":"La Gu\u00eda de Pamplona","image":{"@type":"ImageObject","inLanguage":"es","@id":"https:\/\/secure.gravatar.com\/avatar\/b6992f131dc8d30ab0dff15446e9d346d9dbd95992de0fef795073f5ea83a81c?s=96&d=mm&r=g","url":"https:\/\/secure.gravatar.com\/avatar\/b6992f131dc8d30ab0dff15446e9d346d9dbd95992de0fef795073f5ea83a81c?s=96&d=mm&r=g","contentUrl":"https:\/\/secure.gravatar.com\/avatar\/b6992f131dc8d30ab0dff15446e9d346d9dbd95992de0fef795073f5ea83a81c?s=96&d=mm&r=g","caption":"La Gu\u00eda de Pamplona"}}]}},"post_mailing_queue_ids":[],"_links":{"self":[{"href":"https:\/\/www.laguiadepamplona.com\/actualidad\/wp-json\/wp\/v2\/posts\/42783","targetHints":{"allow":["GET"]}}],"collection":[{"href":"https:\/\/www.laguiadepamplona.com\/actualidad\/wp-json\/wp\/v2\/posts"}],"about":[{"href":"https:\/\/www.laguiadepamplona.com\/actualidad\/wp-json\/wp\/v2\/types\/post"}],"author":[{"embeddable":true,"href":"https:\/\/www.laguiadepamplona.com\/actualidad\/wp-json\/wp\/v2\/users\/1"}],"replies":[{"embeddable":true,"href":"https:\/\/www.laguiadepamplona.com\/actualidad\/wp-json\/wp\/v2\/comments?post=42783"}],"version-history":[{"count":0,"href":"https:\/\/www.laguiadepamplona.com\/actualidad\/wp-json\/wp\/v2\/posts\/42783\/revisions"}],"wp:featuredmedia":[{"embeddable":true,"href":"https:\/\/www.laguiadepamplona.com\/actualidad\/wp-json\/wp\/v2\/media\/42784"}],"wp:attachment":[{"href":"https:\/\/www.laguiadepamplona.com\/actualidad\/wp-json\/wp\/v2\/media?parent=42783"}],"wp:term":[{"taxonomy":"category","embeddable":true,"href":"https:\/\/www.laguiadepamplona.com\/actualidad\/wp-json\/wp\/v2\/categories?post=42783"},{"taxonomy":"post_tag","embeddable":true,"href":"https:\/\/www.laguiadepamplona.com\/actualidad\/wp-json\/wp\/v2\/tags?post=42783"}],"curies":[{"name":"wp","href":"https:\/\/api.w.org\/{rel}","templated":true}]}}