{"id":42780,"date":"2023-02-06T14:21:05","date_gmt":"2023-02-06T12:21:05","guid":{"rendered":"https:\/\/www.laguiadepamplona.com\/actualidad\/?p=42780"},"modified":"2023-04-11T11:47:16","modified_gmt":"2023-04-11T09:47:16","slug":"mas-de-150-colectivos-utilizaron-de-forma-estable-los-centros-comunitarios-de-pamplona-durante-el-ano-pasado","status":"publish","type":"post","link":"https:\/\/www.laguiadepamplona.com\/actualidad\/mas-de-150-colectivos-utilizaron-de-forma-estable-los-centros-comunitarios-de-pamplona-durante-el-ano-pasado\/","title":{"rendered":"M\u00e1s de 150 colectivos utilizaron de forma estable los centros comunitarios de Pamplona durante el a\u00f1o pasado"},"content":{"rendered":"<h5>En 2022 se realizaron 19.685 reservas de alguna de las 128 salas con las que cuentan los centros comunitarios para actividades estables o puntuales<\/h5>\n<p><!--more--><\/p>\n<p>Pamplona cuenta con 23 locales en 11 barrios de la ciudad que funcionan como centros comunitarios. Durante el a\u00f1o pasado, 151 colectivos utilizaron de manera estable las salas de esos centros para el desarrollo de sus actividades. Se registraron un total de 19.685 reservas para actividades tanto estables como puntuales en las 128 salas de las que disponen los centros comunitarios.<\/p>\n<p>Los centros comunitarios son locales de titularidad municipal para uso vecinal, abiertos, polivalentes e inclusivos, destinados a dar promoci\u00f3n a la vida asociativa y fomentar la participaci\u00f3n activa de la ciudadan\u00eda. Pamplona cuenta con diferentes locales en once barrios de la ciudad, que acogen actividades abiertas, sin \u00e1nimo de lucro y con car\u00e1cter intergeneracional, intercultural, con perspectiva de g\u00e9nero e inclusivo.<br \/>\n<script async src=\"\/\/pagead2.googlesyndication.com\/pagead\/js\/adsbygoogle.js\"><\/script><br \/>\n<!-- Noticias La Guia de Pamplona --><br \/>\n<ins class=\"adsbygoogle\"\nstyle=\"display:block\"\ndata-ad-client=\"ca-pub-6943679897239327\"\ndata-ad-slot=\"7048180777\"\ndata-ad-format=\"auto\"><\/ins><br \/>\n<script>\n(adsbygoogle = window.adsbygoogle || []).push({});\n<\/script><\/p>\n<p>A esta programaci\u00f3n se suman las actividades municipales, que se realizan en varios centros comunitarios, como el programa COworkids, actividades para personas mayores, grupos de parentalidad positiva y el programa de intervenci\u00f3n sociocomunitaria de la Milagrosa. Adem\u00e1s de las actividades estables, cualquier colectivo o grupo puede realizar reservas para actos o eventos puntuales que cumplen con la Ordenanza Reguladora de los Centros Comunitarios.<\/p>\n<p>Puede solicitar el uso de las salas de los centros comunitarios cualquier persona o entidad sin \u00e1nimo de lucro que quiera realizar una actividad, bien de forma puntual o de manera estable, que tenga una repercusi\u00f3n en la vida vecinal. Se pueden remitir a <a href=\"mailto:centroscomunitarios@pamplona.es\">centroscomunitarios@pamplona.es<\/a> la <a href=\"https:\/\/www.pamplona.es\/sites\/default\/files\/2022-04\/ficha-solicitud-usobil.pdf\" target=\"_blank\" rel=\"noopener\">ficha de solicitud<\/a> y la <a href=\"http:\/\/www.pamplona.es\/sites\/default\/files\/2022-04\/ficha-proyecto-actividadesbil.pdf\" target=\"_blank\" rel=\"noopener\">ficha del proyecto de actividades<\/a>, contactar con el \u00e1rea de Acci\u00f3n Comunitaria (tel\u00e9fono 948 420 510 o presencialmente en las oficinas de la calle Zapater\u00eda 40 &#8211; 3\u00aa planta) o a trav\u00e9s de asociaciones de los barrios que forman parte de las <a href=\"https:\/\/www.pamplona.es\/sites\/default\/files\/2022-06\/asoc-comisiones-cc-junio22web.pdf\" target=\"_blank\" rel=\"noopener\">comisiones de gesti\u00f3n<\/a>. En el caso de del Centro Comunitario Plazara del Casco Antiguo, la solicitud se realiza directamente en su <a href=\"https:\/\/plazara.org\/es\/peticion-de-espacio\/\" target=\"_blank\" rel=\"noopener\">p\u00e1gina web<\/a> o en el correo electr\u00f3nico <a href=\"mailto:plazara31@gmail.com\">plazara31@gmail.com<\/a>.<\/p>\n<p>La web municipal, en su espacio dedicado a los <a href=\"http:\/\/www.pamplona.es\/accion-comunitaria\" target=\"_blank\" rel=\"noopener\">centros comunitarios<\/a>, incorpora entre sus servicios la posibilidad de consultar qu\u00e9 espacios y en qu\u00e9 momentos est\u00e1n disponibles, de cara a mejorar el servicio y facilitar la organizaci\u00f3n de los colectivos, asociaciones y entidades de la ciudad que habitualmente hacen uso de estos recursos municipales.<br \/>\n<script async src=\"\/\/pagead2.googlesyndication.com\/pagead\/js\/adsbygoogle.js\"><\/script><br \/>\n<!-- Noticias La Guia de Pamplona --><br \/>\n<ins class=\"adsbygoogle\"\nstyle=\"display:block\"\ndata-ad-client=\"ca-pub-6943679897239327\"\ndata-ad-slot=\"7048180777\"\ndata-ad-format=\"auto\"><\/ins><br \/>\n<script>\n(adsbygoogle = window.adsbygoogle || []).push({});\n<\/script><\/p>\n<p>&nbsp;<\/p>\n<h3>Listado de Centros Comunitarios (CC)<\/h3>\n<ul>\n<li>Centro Comunitario Milagrosa\u00a0\u2013 Ilargienea. C\/ Blas de la Serna, 61 bajo<\/li>\n<li>Centros Comunitarios en Rochapea.\n<ul>\n<li>La Carbonilla (Rochapea). Avda. Marcelo Celayeta, 51<\/li>\n<li>C\/ Joaqu\u00edn Beunza, 33<\/li>\n<\/ul>\n<\/li>\n<li>Centros Comunitarios San Jorge\n<ul>\n<li>C\/ Sanduzelai, 11 bajo<\/li>\n<li>C\/ Sanduzelai, 1 bajo \u2013 Chalet de Gridillas \u2013<\/li>\n<li>Centro Karrikagune. C\/ Dr. Labayen, 17<\/li>\n<li>Paseo de Sand\u00faa, 48 &#8211; 50<\/li>\n<\/ul>\n<\/li>\n<li>Centro Comunitario Lezkairu. C\/ Fuente de la Teja E-F (Lezkairu, 1 F bajo)<\/li>\n<li>Centro Comunitario Plazara\u00a0(Casco Antiguo)<\/li>\n<li>Centro Comunitario Salesianas (Txantrea). C\/ Cuenca de Pamplona, 24<\/li>\n<li>Centros Comunitarios Mendillorri.\n<ul>\n<li>Centro comunitario de Mendillorri. C\/ Concejo de Ardanaz, 4<\/li>\n<li>Centro Comunitario Antzara. C\/ Concejo de Sarriguren, s\/n<\/li>\n<\/ul>\n<\/li>\n<li>Centro Comunitario Buztintxuri\n<ul>\n<li>Avda. de Gipuzkoa, Parcela E<\/li>\n<li>Paseo de Santa Luc\u00eda, 60 bajo<\/li>\n<\/ul>\n<\/li>\n<li>Centro Comunitario Etxabakoitz.\u00a0Grupo Urd\u00e1noz 1 y Grupo Urd\u00e1noz 4<\/li>\n<li>Centro Comunitario Ermitaga\u00f1a\n<ul>\n<li>C\/ Ermitaga\u00f1a 30 \u2013 32<\/li>\n<li>C\/ Bartolom\u00e9 de Carranza, 52 bajo<\/li>\n<\/ul>\n<\/li>\n<\/ul>\n","protected":false},"excerpt":{"rendered":"<p>En 2022 se realizaron 19.685 reservas de alguna de las 128 salas con las que cuentan los centros comunitarios para actividades estables o puntuales<\/p>\n","protected":false},"author":1,"featured_media":42781,"comment_status":"open","ping_status":"closed","sticky":false,"template":"","format":"standard","meta":{"footnotes":""},"categories":[2],"tags":[],"class_list":["post-42780","post","type-post","status-publish","format-standard","has-post-thumbnail","hentry","category-ayuntamiento-pamplona"],"yoast_head":"<!-- This site is optimized with the Yoast SEO plugin v27.3 - https:\/\/yoast.com\/product\/yoast-seo-wordpress\/ -->\n<title>M\u00e1s de 150 colectivos utilizaron de forma estable los centros comunitarios de Pamplona durante el a\u00f1o pasado<\/title>\n<meta name=\"description\" content=\"M\u00e1s de 150 colectivos utilizaron de forma estable los centros comunitarios de Pamplona durante el a\u00f1o pasado\" \/>\n<meta name=\"robots\" content=\"index, follow, max-snippet:-1, max-image-preview:large, max-video-preview:-1\" \/>\n<link rel=\"canonical\" href=\"https:\/\/www.laguiadepamplona.com\/actualidad\/mas-de-150-colectivos-utilizaron-de-forma-estable-los-centros-comunitarios-de-pamplona-durante-el-ano-pasado\/\" \/>\n<meta property=\"og:locale\" content=\"es_ES\" \/>\n<meta property=\"og:type\" content=\"article\" \/>\n<meta property=\"og:title\" content=\"M\u00e1s de 150 colectivos utilizaron de forma estable los centros comunitarios de Pamplona durante el a\u00f1o pasado\" \/>\n<meta property=\"og:description\" content=\"M\u00e1s de 150 colectivos utilizaron de forma estable los centros comunitarios de Pamplona durante el a\u00f1o pasado\" \/>\n<meta property=\"og:url\" content=\"https:\/\/www.laguiadepamplona.com\/actualidad\/mas-de-150-colectivos-utilizaron-de-forma-estable-los-centros-comunitarios-de-pamplona-durante-el-ano-pasado\/\" \/>\n<meta property=\"og:site_name\" content=\"La Gu\u00eda de Pamplona\" \/>\n<meta property=\"article:publisher\" content=\"https:\/\/www.facebook.com\/laguiadepamplonacom-133175176762273\/?ref=hl\" \/>\n<meta property=\"article:published_time\" content=\"2023-02-06T12:21:05+00:00\" \/>\n<meta property=\"article:modified_time\" content=\"2023-04-11T09:47:16+00:00\" \/>\n<meta property=\"og:image\" content=\"https:\/\/www.laguiadepamplona.com\/actualidad\/wp-content\/uploads\/2023\/02\/q5a6473actividades23-02-02.webp\" \/>\n\t<meta property=\"og:image:width\" content=\"1920\" \/>\n\t<meta property=\"og:image:height\" content=\"1281\" \/>\n\t<meta property=\"og:image:type\" content=\"image\/webp\" \/>\n<meta name=\"author\" content=\"La Gu\u00eda de Pamplona\" \/>\n<meta name=\"twitter:card\" content=\"summary_large_image\" \/>\n<meta name=\"twitter:creator\" content=\"@LaGuiadPamplona\" \/>\n<meta name=\"twitter:site\" content=\"@LaGuiadPamplona\" \/>\n<meta name=\"twitter:label1\" content=\"Escrito por\" \/>\n\t<meta name=\"twitter:data1\" content=\"La Gu\u00eda de Pamplona\" \/>\n\t<meta name=\"twitter:label2\" content=\"Tiempo de lectura\" \/>\n\t<meta name=\"twitter:data2\" content=\"3 minutos\" \/>\n<script type=\"application\/ld+json\" class=\"yoast-schema-graph\">{\"@context\":\"https:\\\/\\\/schema.org\",\"@graph\":[{\"@type\":\"Article\",\"@id\":\"https:\\\/\\\/www.laguiadepamplona.com\\\/actualidad\\\/mas-de-150-colectivos-utilizaron-de-forma-estable-los-centros-comunitarios-de-pamplona-durante-el-ano-pasado\\\/#article\",\"isPartOf\":{\"@id\":\"https:\\\/\\\/www.laguiadepamplona.com\\\/actualidad\\\/mas-de-150-colectivos-utilizaron-de-forma-estable-los-centros-comunitarios-de-pamplona-durante-el-ano-pasado\\\/\"},\"author\":{\"name\":\"La Gu\u00eda de Pamplona\",\"@id\":\"https:\\\/\\\/www.laguiadepamplona.com\\\/actualidad\\\/#\\\/schema\\\/person\\\/efe887376f0213d4657c93adc50b1fdb\"},\"headline\":\"M\u00e1s de 150 colectivos utilizaron de forma estable los centros comunitarios de Pamplona durante el a\u00f1o pasado\",\"datePublished\":\"2023-02-06T12:21:05+00:00\",\"dateModified\":\"2023-04-11T09:47:16+00:00\",\"mainEntityOfPage\":{\"@id\":\"https:\\\/\\\/www.laguiadepamplona.com\\\/actualidad\\\/mas-de-150-colectivos-utilizaron-de-forma-estable-los-centros-comunitarios-de-pamplona-durante-el-ano-pasado\\\/\"},\"wordCount\":547,\"commentCount\":0,\"publisher\":{\"@id\":\"https:\\\/\\\/www.laguiadepamplona.com\\\/actualidad\\\/#organization\"},\"image\":{\"@id\":\"https:\\\/\\\/www.laguiadepamplona.com\\\/actualidad\\\/mas-de-150-colectivos-utilizaron-de-forma-estable-los-centros-comunitarios-de-pamplona-durante-el-ano-pasado\\\/#primaryimage\"},\"thumbnailUrl\":\"https:\\\/\\\/www.laguiadepamplona.com\\\/actualidad\\\/wp-content\\\/uploads\\\/2023\\\/02\\\/q5a6473actividades23-02-02.webp\",\"articleSection\":[\"Ayto Pamplona\"],\"inLanguage\":\"es\",\"potentialAction\":[{\"@type\":\"CommentAction\",\"name\":\"Comment\",\"target\":[\"https:\\\/\\\/www.laguiadepamplona.com\\\/actualidad\\\/mas-de-150-colectivos-utilizaron-de-forma-estable-los-centros-comunitarios-de-pamplona-durante-el-ano-pasado\\\/#respond\"]}]},{\"@type\":\"WebPage\",\"@id\":\"https:\\\/\\\/www.laguiadepamplona.com\\\/actualidad\\\/mas-de-150-colectivos-utilizaron-de-forma-estable-los-centros-comunitarios-de-pamplona-durante-el-ano-pasado\\\/\",\"url\":\"https:\\\/\\\/www.laguiadepamplona.com\\\/actualidad\\\/mas-de-150-colectivos-utilizaron-de-forma-estable-los-centros-comunitarios-de-pamplona-durante-el-ano-pasado\\\/\",\"name\":\"M\u00e1s de 150 colectivos utilizaron de forma estable los centros comunitarios de Pamplona durante el a\u00f1o pasado\",\"isPartOf\":{\"@id\":\"https:\\\/\\\/www.laguiadepamplona.com\\\/actualidad\\\/#website\"},\"primaryImageOfPage\":{\"@id\":\"https:\\\/\\\/www.laguiadepamplona.com\\\/actualidad\\\/mas-de-150-colectivos-utilizaron-de-forma-estable-los-centros-comunitarios-de-pamplona-durante-el-ano-pasado\\\/#primaryimage\"},\"image\":{\"@id\":\"https:\\\/\\\/www.laguiadepamplona.com\\\/actualidad\\\/mas-de-150-colectivos-utilizaron-de-forma-estable-los-centros-comunitarios-de-pamplona-durante-el-ano-pasado\\\/#primaryimage\"},\"thumbnailUrl\":\"https:\\\/\\\/www.laguiadepamplona.com\\\/actualidad\\\/wp-content\\\/uploads\\\/2023\\\/02\\\/q5a6473actividades23-02-02.webp\",\"datePublished\":\"2023-02-06T12:21:05+00:00\",\"dateModified\":\"2023-04-11T09:47:16+00:00\",\"description\":\"M\u00e1s de 150 colectivos utilizaron de forma estable los centros comunitarios de Pamplona durante el a\u00f1o pasado\",\"breadcrumb\":{\"@id\":\"https:\\\/\\\/www.laguiadepamplona.com\\\/actualidad\\\/mas-de-150-colectivos-utilizaron-de-forma-estable-los-centros-comunitarios-de-pamplona-durante-el-ano-pasado\\\/#breadcrumb\"},\"inLanguage\":\"es\",\"potentialAction\":[{\"@type\":\"ReadAction\",\"target\":[\"https:\\\/\\\/www.laguiadepamplona.com\\\/actualidad\\\/mas-de-150-colectivos-utilizaron-de-forma-estable-los-centros-comunitarios-de-pamplona-durante-el-ano-pasado\\\/\"]}]},{\"@type\":\"ImageObject\",\"inLanguage\":\"es\",\"@id\":\"https:\\\/\\\/www.laguiadepamplona.com\\\/actualidad\\\/mas-de-150-colectivos-utilizaron-de-forma-estable-los-centros-comunitarios-de-pamplona-durante-el-ano-pasado\\\/#primaryimage\",\"url\":\"https:\\\/\\\/www.laguiadepamplona.com\\\/actualidad\\\/wp-content\\\/uploads\\\/2023\\\/02\\\/q5a6473actividades23-02-02.webp\",\"contentUrl\":\"https:\\\/\\\/www.laguiadepamplona.com\\\/actualidad\\\/wp-content\\\/uploads\\\/2023\\\/02\\\/q5a6473actividades23-02-02.webp\",\"width\":1920,\"height\":1281},{\"@type\":\"BreadcrumbList\",\"@id\":\"https:\\\/\\\/www.laguiadepamplona.com\\\/actualidad\\\/mas-de-150-colectivos-utilizaron-de-forma-estable-los-centros-comunitarios-de-pamplona-durante-el-ano-pasado\\\/#breadcrumb\",\"itemListElement\":[{\"@type\":\"ListItem\",\"position\":1,\"name\":\"Portada\",\"item\":\"https:\\\/\\\/www.laguiadepamplona.com\\\/actualidad\\\/\"},{\"@type\":\"ListItem\",\"position\":2,\"name\":\"M\u00e1s de 150 colectivos utilizaron de forma estable los centros comunitarios de Pamplona durante el a\u00f1o pasado\"}]},{\"@type\":\"WebSite\",\"@id\":\"https:\\\/\\\/www.laguiadepamplona.com\\\/actualidad\\\/#website\",\"url\":\"https:\\\/\\\/www.laguiadepamplona.com\\\/actualidad\\\/\",\"name\":\"La gu\u00eda de Pamplona\",\"description\":\"Noticias de Pamplona\",\"publisher\":{\"@id\":\"https:\\\/\\\/www.laguiadepamplona.com\\\/actualidad\\\/#organization\"},\"potentialAction\":[{\"@type\":\"SearchAction\",\"target\":{\"@type\":\"EntryPoint\",\"urlTemplate\":\"https:\\\/\\\/www.laguiadepamplona.com\\\/actualidad\\\/?s={search_term_string}\"},\"query-input\":{\"@type\":\"PropertyValueSpecification\",\"valueRequired\":true,\"valueName\":\"search_term_string\"}}],\"inLanguage\":\"es\"},{\"@type\":\"Organization\",\"@id\":\"https:\\\/\\\/www.laguiadepamplona.com\\\/actualidad\\\/#organization\",\"name\":\"La Gu\u00eda de Pamplona \\\/ Noticias\",\"url\":\"https:\\\/\\\/www.laguiadepamplona.com\\\/actualidad\\\/\",\"logo\":{\"@type\":\"ImageObject\",\"inLanguage\":\"es\",\"@id\":\"https:\\\/\\\/www.laguiadepamplona.com\\\/actualidad\\\/#\\\/schema\\\/logo\\\/image\\\/\",\"url\":\"https:\\\/\\\/www.laguiadepamplona.com\\\/actualidad\\\/wp-content\\\/uploads\\\/2018\\\/11\\\/logo-laguiadepamplona18-web1.png\",\"contentUrl\":\"https:\\\/\\\/www.laguiadepamplona.com\\\/actualidad\\\/wp-content\\\/uploads\\\/2018\\\/11\\\/logo-laguiadepamplona18-web1.png\",\"width\":600,\"height\":196,\"caption\":\"La Gu\u00eda de Pamplona \\\/ Noticias\"},\"image\":{\"@id\":\"https:\\\/\\\/www.laguiadepamplona.com\\\/actualidad\\\/#\\\/schema\\\/logo\\\/image\\\/\"},\"sameAs\":[\"https:\\\/\\\/www.facebook.com\\\/laguiadepamplonacom-133175176762273\\\/?ref=hl\",\"https:\\\/\\\/x.com\\\/LaGuiadPamplona\",\"https:\\\/\\\/www.instagram.com\\\/la_guia_de_pamplona\\\/\",\"https:\\\/\\\/www.youtube.com\\\/user\\\/laguiadepamplona\"]},{\"@type\":\"Person\",\"@id\":\"https:\\\/\\\/www.laguiadepamplona.com\\\/actualidad\\\/#\\\/schema\\\/person\\\/efe887376f0213d4657c93adc50b1fdb\",\"name\":\"La Gu\u00eda de Pamplona\",\"image\":{\"@type\":\"ImageObject\",\"inLanguage\":\"es\",\"@id\":\"https:\\\/\\\/secure.gravatar.com\\\/avatar\\\/b6992f131dc8d30ab0dff15446e9d346d9dbd95992de0fef795073f5ea83a81c?s=96&d=mm&r=g\",\"url\":\"https:\\\/\\\/secure.gravatar.com\\\/avatar\\\/b6992f131dc8d30ab0dff15446e9d346d9dbd95992de0fef795073f5ea83a81c?s=96&d=mm&r=g\",\"contentUrl\":\"https:\\\/\\\/secure.gravatar.com\\\/avatar\\\/b6992f131dc8d30ab0dff15446e9d346d9dbd95992de0fef795073f5ea83a81c?s=96&d=mm&r=g\",\"caption\":\"La Gu\u00eda de Pamplona\"}}]}<\/script>\n<!-- \/ Yoast SEO plugin. -->","yoast_head_json":{"title":"M\u00e1s de 150 colectivos utilizaron de forma estable los centros comunitarios de Pamplona durante el a\u00f1o pasado","description":"M\u00e1s de 150 colectivos utilizaron de forma estable los centros comunitarios de Pamplona durante el a\u00f1o pasado","robots":{"index":"index","follow":"follow","max-snippet":"max-snippet:-1","max-image-preview":"max-image-preview:large","max-video-preview":"max-video-preview:-1"},"canonical":"https:\/\/www.laguiadepamplona.com\/actualidad\/mas-de-150-colectivos-utilizaron-de-forma-estable-los-centros-comunitarios-de-pamplona-durante-el-ano-pasado\/","og_locale":"es_ES","og_type":"article","og_title":"M\u00e1s de 150 colectivos utilizaron de forma estable los centros comunitarios de Pamplona durante el a\u00f1o pasado","og_description":"M\u00e1s de 150 colectivos utilizaron de forma estable los centros comunitarios de Pamplona durante el a\u00f1o pasado","og_url":"https:\/\/www.laguiadepamplona.com\/actualidad\/mas-de-150-colectivos-utilizaron-de-forma-estable-los-centros-comunitarios-de-pamplona-durante-el-ano-pasado\/","og_site_name":"La Gu\u00eda de Pamplona","article_publisher":"https:\/\/www.facebook.com\/laguiadepamplonacom-133175176762273\/?ref=hl","article_published_time":"2023-02-06T12:21:05+00:00","article_modified_time":"2023-04-11T09:47:16+00:00","og_image":[{"width":1920,"height":1281,"url":"https:\/\/www.laguiadepamplona.com\/actualidad\/wp-content\/uploads\/2023\/02\/q5a6473actividades23-02-02.webp","type":"image\/webp"}],"author":"La Gu\u00eda de Pamplona","twitter_card":"summary_large_image","twitter_creator":"@LaGuiadPamplona","twitter_site":"@LaGuiadPamplona","twitter_misc":{"Escrito por":"La Gu\u00eda de Pamplona","Tiempo de lectura":"3 minutos"},"schema":{"@context":"https:\/\/schema.org","@graph":[{"@type":"Article","@id":"https:\/\/www.laguiadepamplona.com\/actualidad\/mas-de-150-colectivos-utilizaron-de-forma-estable-los-centros-comunitarios-de-pamplona-durante-el-ano-pasado\/#article","isPartOf":{"@id":"https:\/\/www.laguiadepamplona.com\/actualidad\/mas-de-150-colectivos-utilizaron-de-forma-estable-los-centros-comunitarios-de-pamplona-durante-el-ano-pasado\/"},"author":{"name":"La Gu\u00eda de Pamplona","@id":"https:\/\/www.laguiadepamplona.com\/actualidad\/#\/schema\/person\/efe887376f0213d4657c93adc50b1fdb"},"headline":"M\u00e1s de 150 colectivos utilizaron de forma estable los centros comunitarios de Pamplona durante el a\u00f1o pasado","datePublished":"2023-02-06T12:21:05+00:00","dateModified":"2023-04-11T09:47:16+00:00","mainEntityOfPage":{"@id":"https:\/\/www.laguiadepamplona.com\/actualidad\/mas-de-150-colectivos-utilizaron-de-forma-estable-los-centros-comunitarios-de-pamplona-durante-el-ano-pasado\/"},"wordCount":547,"commentCount":0,"publisher":{"@id":"https:\/\/www.laguiadepamplona.com\/actualidad\/#organization"},"image":{"@id":"https:\/\/www.laguiadepamplona.com\/actualidad\/mas-de-150-colectivos-utilizaron-de-forma-estable-los-centros-comunitarios-de-pamplona-durante-el-ano-pasado\/#primaryimage"},"thumbnailUrl":"https:\/\/www.laguiadepamplona.com\/actualidad\/wp-content\/uploads\/2023\/02\/q5a6473actividades23-02-02.webp","articleSection":["Ayto Pamplona"],"inLanguage":"es","potentialAction":[{"@type":"CommentAction","name":"Comment","target":["https:\/\/www.laguiadepamplona.com\/actualidad\/mas-de-150-colectivos-utilizaron-de-forma-estable-los-centros-comunitarios-de-pamplona-durante-el-ano-pasado\/#respond"]}]},{"@type":"WebPage","@id":"https:\/\/www.laguiadepamplona.com\/actualidad\/mas-de-150-colectivos-utilizaron-de-forma-estable-los-centros-comunitarios-de-pamplona-durante-el-ano-pasado\/","url":"https:\/\/www.laguiadepamplona.com\/actualidad\/mas-de-150-colectivos-utilizaron-de-forma-estable-los-centros-comunitarios-de-pamplona-durante-el-ano-pasado\/","name":"M\u00e1s de 150 colectivos utilizaron de forma estable los centros comunitarios de Pamplona durante el a\u00f1o pasado","isPartOf":{"@id":"https:\/\/www.laguiadepamplona.com\/actualidad\/#website"},"primaryImageOfPage":{"@id":"https:\/\/www.laguiadepamplona.com\/actualidad\/mas-de-150-colectivos-utilizaron-de-forma-estable-los-centros-comunitarios-de-pamplona-durante-el-ano-pasado\/#primaryimage"},"image":{"@id":"https:\/\/www.laguiadepamplona.com\/actualidad\/mas-de-150-colectivos-utilizaron-de-forma-estable-los-centros-comunitarios-de-pamplona-durante-el-ano-pasado\/#primaryimage"},"thumbnailUrl":"https:\/\/www.laguiadepamplona.com\/actualidad\/wp-content\/uploads\/2023\/02\/q5a6473actividades23-02-02.webp","datePublished":"2023-02-06T12:21:05+00:00","dateModified":"2023-04-11T09:47:16+00:00","description":"M\u00e1s de 150 colectivos utilizaron de forma estable los centros comunitarios de Pamplona durante el a\u00f1o pasado","breadcrumb":{"@id":"https:\/\/www.laguiadepamplona.com\/actualidad\/mas-de-150-colectivos-utilizaron-de-forma-estable-los-centros-comunitarios-de-pamplona-durante-el-ano-pasado\/#breadcrumb"},"inLanguage":"es","potentialAction":[{"@type":"ReadAction","target":["https:\/\/www.laguiadepamplona.com\/actualidad\/mas-de-150-colectivos-utilizaron-de-forma-estable-los-centros-comunitarios-de-pamplona-durante-el-ano-pasado\/"]}]},{"@type":"ImageObject","inLanguage":"es","@id":"https:\/\/www.laguiadepamplona.com\/actualidad\/mas-de-150-colectivos-utilizaron-de-forma-estable-los-centros-comunitarios-de-pamplona-durante-el-ano-pasado\/#primaryimage","url":"https:\/\/www.laguiadepamplona.com\/actualidad\/wp-content\/uploads\/2023\/02\/q5a6473actividades23-02-02.webp","contentUrl":"https:\/\/www.laguiadepamplona.com\/actualidad\/wp-content\/uploads\/2023\/02\/q5a6473actividades23-02-02.webp","width":1920,"height":1281},{"@type":"BreadcrumbList","@id":"https:\/\/www.laguiadepamplona.com\/actualidad\/mas-de-150-colectivos-utilizaron-de-forma-estable-los-centros-comunitarios-de-pamplona-durante-el-ano-pasado\/#breadcrumb","itemListElement":[{"@type":"ListItem","position":1,"name":"Portada","item":"https:\/\/www.laguiadepamplona.com\/actualidad\/"},{"@type":"ListItem","position":2,"name":"M\u00e1s de 150 colectivos utilizaron de forma estable los centros comunitarios de Pamplona durante el a\u00f1o pasado"}]},{"@type":"WebSite","@id":"https:\/\/www.laguiadepamplona.com\/actualidad\/#website","url":"https:\/\/www.laguiadepamplona.com\/actualidad\/","name":"La gu\u00eda de Pamplona","description":"Noticias de Pamplona","publisher":{"@id":"https:\/\/www.laguiadepamplona.com\/actualidad\/#organization"},"potentialAction":[{"@type":"SearchAction","target":{"@type":"EntryPoint","urlTemplate":"https:\/\/www.laguiadepamplona.com\/actualidad\/?s={search_term_string}"},"query-input":{"@type":"PropertyValueSpecification","valueRequired":true,"valueName":"search_term_string"}}],"inLanguage":"es"},{"@type":"Organization","@id":"https:\/\/www.laguiadepamplona.com\/actualidad\/#organization","name":"La Gu\u00eda de Pamplona \/ Noticias","url":"https:\/\/www.laguiadepamplona.com\/actualidad\/","logo":{"@type":"ImageObject","inLanguage":"es","@id":"https:\/\/www.laguiadepamplona.com\/actualidad\/#\/schema\/logo\/image\/","url":"https:\/\/www.laguiadepamplona.com\/actualidad\/wp-content\/uploads\/2018\/11\/logo-laguiadepamplona18-web1.png","contentUrl":"https:\/\/www.laguiadepamplona.com\/actualidad\/wp-content\/uploads\/2018\/11\/logo-laguiadepamplona18-web1.png","width":600,"height":196,"caption":"La Gu\u00eda de Pamplona \/ Noticias"},"image":{"@id":"https:\/\/www.laguiadepamplona.com\/actualidad\/#\/schema\/logo\/image\/"},"sameAs":["https:\/\/www.facebook.com\/laguiadepamplonacom-133175176762273\/?ref=hl","https:\/\/x.com\/LaGuiadPamplona","https:\/\/www.instagram.com\/la_guia_de_pamplona\/","https:\/\/www.youtube.com\/user\/laguiadepamplona"]},{"@type":"Person","@id":"https:\/\/www.laguiadepamplona.com\/actualidad\/#\/schema\/person\/efe887376f0213d4657c93adc50b1fdb","name":"La Gu\u00eda de Pamplona","image":{"@type":"ImageObject","inLanguage":"es","@id":"https:\/\/secure.gravatar.com\/avatar\/b6992f131dc8d30ab0dff15446e9d346d9dbd95992de0fef795073f5ea83a81c?s=96&d=mm&r=g","url":"https:\/\/secure.gravatar.com\/avatar\/b6992f131dc8d30ab0dff15446e9d346d9dbd95992de0fef795073f5ea83a81c?s=96&d=mm&r=g","contentUrl":"https:\/\/secure.gravatar.com\/avatar\/b6992f131dc8d30ab0dff15446e9d346d9dbd95992de0fef795073f5ea83a81c?s=96&d=mm&r=g","caption":"La Gu\u00eda de Pamplona"}}]}},"post_mailing_queue_ids":[],"_links":{"self":[{"href":"https:\/\/www.laguiadepamplona.com\/actualidad\/wp-json\/wp\/v2\/posts\/42780","targetHints":{"allow":["GET"]}}],"collection":[{"href":"https:\/\/www.laguiadepamplona.com\/actualidad\/wp-json\/wp\/v2\/posts"}],"about":[{"href":"https:\/\/www.laguiadepamplona.com\/actualidad\/wp-json\/wp\/v2\/types\/post"}],"author":[{"embeddable":true,"href":"https:\/\/www.laguiadepamplona.com\/actualidad\/wp-json\/wp\/v2\/users\/1"}],"replies":[{"embeddable":true,"href":"https:\/\/www.laguiadepamplona.com\/actualidad\/wp-json\/wp\/v2\/comments?post=42780"}],"version-history":[{"count":0,"href":"https:\/\/www.laguiadepamplona.com\/actualidad\/wp-json\/wp\/v2\/posts\/42780\/revisions"}],"wp:featuredmedia":[{"embeddable":true,"href":"https:\/\/www.laguiadepamplona.com\/actualidad\/wp-json\/wp\/v2\/media\/42781"}],"wp:attachment":[{"href":"https:\/\/www.laguiadepamplona.com\/actualidad\/wp-json\/wp\/v2\/media?parent=42780"}],"wp:term":[{"taxonomy":"category","embeddable":true,"href":"https:\/\/www.laguiadepamplona.com\/actualidad\/wp-json\/wp\/v2\/categories?post=42780"},{"taxonomy":"post_tag","embeddable":true,"href":"https:\/\/www.laguiadepamplona.com\/actualidad\/wp-json\/wp\/v2\/tags?post=42780"}],"curies":[{"name":"wp","href":"https:\/\/api.w.org\/{rel}","templated":true}]}}