{"id":42777,"date":"2023-02-03T19:12:33","date_gmt":"2023-02-03T17:12:33","guid":{"rendered":"https:\/\/www.laguiadepamplona.com\/actualidad\/?p=42777"},"modified":"2023-04-11T11:47:16","modified_gmt":"2023-04-11T09:47:16","slug":"este-lunes-se-cierra-el-plazo-para-participar-en-las-dos-becas-del-ayuntamiento-para-la-ruta-inti-de-este-verano-un-viaje-formativo-a-la-peninsula-del-yucatan-en-mexico","status":"publish","type":"post","link":"https:\/\/www.laguiadepamplona.com\/actualidad\/este-lunes-se-cierra-el-plazo-para-participar-en-las-dos-becas-del-ayuntamiento-para-la-ruta-inti-de-este-verano-un-viaje-formativo-a-la-peninsula-del-yucatan-en-mexico\/","title":{"rendered":"Este lunes se cierra el plazo para participar en las dos becas del Ayuntamiento para la Ruta Inti de este verano, un viaje formativo a la pen\u00ednsula del Yucat\u00e1n, en M\u00e9xico"},"content":{"rendered":"<h5>Las personas interesadas, de 18 a 25 a\u00f1os, tienen que contactar con la unidad de Juventud en el correo electr\u00f3nico <a href=\"mailto:juventud@pamplona.es\">juventud@pamplona.es<\/a><\/h5>\n<p><!--more--><\/p>\n<p>Este lunes se cierra el plazo para inscribirse en las becas que el Ayuntamiento ofrece para la Ruta Inti 2023. Se trata de dos becas que cubren el coste del viaje formativo, de 1.195 euros por persona, excluido el coste de los billetes de avi\u00f3n, para los que la Ruta Inti est\u00e1 negociando un descuento. La experiencia lleva por t\u00edtulo \u2018El misterio de las selvas de Kukulc\u00e1n\u2019 y se celebrar\u00e1 en la pen\u00ednsula de Yucat\u00e1n, en M\u00e9xico, del 23 de julio al 19 de agosto.<\/p>\n<p>Estas becas se encuadran en la l\u00ednea de trabajo para impulsar la participaci\u00f3n juvenil en actividades en el extranjero, dentro del III Plan Pamplona Joven. Las personas interesadas, de 18 a 25 a\u00f1os, deben escribir al correo electr\u00f3nico <a href=\"mailto:juventud@pamplona.es\">juventud@pamplona.es<\/a> explicando su motivaci\u00f3n para optar a las ayudas. Este paso es imprescindible. Una vez cerrado el plazo este lunes, se inicia el proceso de selecci\u00f3n fijado por los organizadores, la Ruta Inti, en la web <a href=\"http:\/\/www.rutainti.com\" target=\"_blank\" rel=\"noopener\">www.rutainti.com<\/a>. All\u00ed se debe acceder al men\u00fa \u201cC\u00f3mo participar\u201d y seguir los pasos que se indican.<br \/>\n<script async src=\"\/\/pagead2.googlesyndication.com\/pagead\/js\/adsbygoogle.js\"><\/script><br \/>\n<!-- Noticias La Guia de Pamplona --><br \/>\n<ins class=\"adsbygoogle\"\nstyle=\"display:block\"\ndata-ad-client=\"ca-pub-6943679897239327\"\ndata-ad-slot=\"7048180777\"\ndata-ad-format=\"auto\"><\/ins><br \/>\n<script>\n(adsbygoogle = window.adsbygoogle || []).push({});\n<\/script><\/p>\n<p>El proceso de selecci\u00f3n se basa en el env\u00edo de una monograf\u00eda y una entrevista personal a los seleccionados. La Ruta Inti busca personas diversas, por lo que la monograf\u00eda se puede realizar en ocho modalidades diferentes: miscel\u00e1nea, literario, cient\u00edfico, human\u00edstico, musical, pl\u00e1stico, audiovisual o hist\u00f3rico. El contenido gira en torno al Yucat\u00e1n, con varios temas que se indican en la web. Esta monograf\u00eda se acompa\u00f1a de una carta de presentaci\u00f3n y el curr\u00edculum personal.<\/p>\n<p>El plazo para este proceso se cierra el lunes 20 de febrero a las 23.59 hora peninsular. Una vez cerrado, las personas seleccionadas participar\u00e1n en una entrevista personal online, el fin de semana del 4 y 5 de marzo. Las entrevistas las realizan miembros de la Ruta Inti y personal del Ayuntamiento de Pamplona. Se comunicar\u00e1 a las dos personas elegidas la concesi\u00f3n de la beca.<\/p>\n<p>Para m\u00e1s informaci\u00f3n sobre estas dos becas, se puede contactar con la unidad de Juventud en el tel\u00e9fono 948 420 532 o en el correo electr\u00f3nico <a href=\"mailto:juventud@pamplona.es\">juventud@pamplona.es<\/a>. Toda la informaci\u00f3n sobre el proceso de inscripci\u00f3n en Ruta Inti est\u00e1 disponible en su p\u00e1gina web <a href=\"https:\/\/www.rutainti.com\" target=\"_blank\" rel=\"noopener\">https:\/\/www.rutainti.com<\/a>.<br \/>\n<script async src=\"\/\/pagead2.googlesyndication.com\/pagead\/js\/adsbygoogle.js\"><\/script><br \/>\n<!-- Noticias La Guia de Pamplona --><br \/>\n<ins class=\"adsbygoogle\"\nstyle=\"display:block\"\ndata-ad-client=\"ca-pub-6943679897239327\"\ndata-ad-slot=\"7048180777\"\ndata-ad-format=\"auto\"><\/ins><br \/>\n<script>\n(adsbygoogle = window.adsbygoogle || []).push({});\n<\/script><\/p>\n<p>&nbsp;<\/p>\n<p><strong>\u2018Ruta Inti: El Misterio de las Selvas de Kukulc\u00e1n\u2019, del 23 de julio al 19 de agosto<\/strong><\/p>\n<ul>\n<li>Para j\u00f3venes de Pamplona de 18 a 25 a\u00f1os<\/li>\n<li>Dos becas: 1.195 euros por persona (viaje de avi\u00f3n a destino no incluido)<\/li>\n<li>Preinscripci\u00f3n: hasta este lunes 6 de febrero en <a href=\"mailto:juventud@pamplona.es\">juventud@pamplona.es<\/a><\/li>\n<li>Env\u00edo de monograf\u00eda: hasta el 20 de febrero en <a href=\"http:\/\/www.rutainti.com\" target=\"_blank\" rel=\"noopener\">rutainti.com<\/a><\/li>\n<li>Entrevista personal (online): 4-5 de marzo<\/li>\n<li>M\u00e1s informaci\u00f3n: tel\u00e9fono 948 420 532, <a href=\"mailto:juventud@pamplona.es\">juventud@pamplona.es<\/a> y <a href=\"https:\/\/www.rutainti.com\" target=\"_blank\" rel=\"noopener\">https:\/\/www.rutainti.com<\/a><\/li>\n<\/ul>\n","protected":false},"excerpt":{"rendered":"<p>Las personas interesadas, de 18 a 25 a\u00f1os, tienen que contactar con la unidad de Juventud en el correo electr\u00f3nico juventud@pamplona.es<\/p>\n","protected":false},"author":1,"featured_media":42778,"comment_status":"open","ping_status":"closed","sticky":false,"template":"","format":"standard","meta":{"footnotes":""},"categories":[2],"tags":[],"class_list":["post-42777","post","type-post","status-publish","format-standard","has-post-thumbnail","hentry","category-ayuntamiento-pamplona"],"yoast_head":"<!-- This site is optimized with the Yoast SEO plugin v27.3 - https:\/\/yoast.com\/product\/yoast-seo-wordpress\/ -->\n<title>Este lunes se cierra el plazo para participar en las dos becas del Ayuntamiento para la Ruta Inti de este verano, un viaje formativo a la pen\u00ednsula del Yucat\u00e1n, en M\u00e9xico<\/title>\n<meta name=\"description\" content=\"Las personas interesadas, de 18 a 25 a\u00f1os, tienen que contactar con la unidad de Juventud en el correo electr\u00f3nico juventud@pamplona.es\" \/>\n<meta name=\"robots\" content=\"index, follow, max-snippet:-1, max-image-preview:large, max-video-preview:-1\" \/>\n<link rel=\"canonical\" href=\"https:\/\/www.laguiadepamplona.com\/actualidad\/este-lunes-se-cierra-el-plazo-para-participar-en-las-dos-becas-del-ayuntamiento-para-la-ruta-inti-de-este-verano-un-viaje-formativo-a-la-peninsula-del-yucatan-en-mexico\/\" \/>\n<meta property=\"og:locale\" content=\"es_ES\" \/>\n<meta property=\"og:type\" content=\"article\" \/>\n<meta property=\"og:title\" content=\"Este lunes se cierra el plazo para participar en las dos becas del Ayuntamiento para la Ruta Inti de este verano, un viaje formativo a la pen\u00ednsula del Yucat\u00e1n, en M\u00e9xico\" \/>\n<meta property=\"og:description\" content=\"Las personas interesadas, de 18 a 25 a\u00f1os, tienen que contactar con la unidad de Juventud en el correo electr\u00f3nico juventud@pamplona.es\" \/>\n<meta property=\"og:url\" content=\"https:\/\/www.laguiadepamplona.com\/actualidad\/este-lunes-se-cierra-el-plazo-para-participar-en-las-dos-becas-del-ayuntamiento-para-la-ruta-inti-de-este-verano-un-viaje-formativo-a-la-peninsula-del-yucatan-en-mexico\/\" \/>\n<meta property=\"og:site_name\" content=\"La Gu\u00eda de Pamplona\" \/>\n<meta property=\"article:publisher\" content=\"https:\/\/www.facebook.com\/laguiadepamplonacom-133175176762273\/?ref=hl\" \/>\n<meta property=\"article:published_time\" content=\"2023-02-03T17:12:33+00:00\" \/>\n<meta property=\"article:modified_time\" content=\"2023-04-11T09:47:16+00:00\" \/>\n<meta property=\"og:image\" content=\"https:\/\/www.laguiadepamplona.com\/actualidad\/wp-content\/uploads\/2023\/02\/ruta-inti_-footer.png\" \/>\n\t<meta property=\"og:image:width\" content=\"517\" \/>\n\t<meta property=\"og:image:height\" content=\"169\" \/>\n\t<meta property=\"og:image:type\" content=\"image\/png\" \/>\n<meta name=\"author\" content=\"La Gu\u00eda de Pamplona\" \/>\n<meta name=\"twitter:card\" content=\"summary_large_image\" \/>\n<meta name=\"twitter:creator\" content=\"@LaGuiadPamplona\" \/>\n<meta name=\"twitter:site\" content=\"@LaGuiadPamplona\" \/>\n<meta name=\"twitter:label1\" content=\"Escrito por\" \/>\n\t<meta name=\"twitter:data1\" content=\"La Gu\u00eda de Pamplona\" \/>\n\t<meta name=\"twitter:label2\" content=\"Tiempo de lectura\" \/>\n\t<meta name=\"twitter:data2\" content=\"3 minutos\" \/>\n<script type=\"application\/ld+json\" class=\"yoast-schema-graph\">{\"@context\":\"https:\\\/\\\/schema.org\",\"@graph\":[{\"@type\":\"Article\",\"@id\":\"https:\\\/\\\/www.laguiadepamplona.com\\\/actualidad\\\/este-lunes-se-cierra-el-plazo-para-participar-en-las-dos-becas-del-ayuntamiento-para-la-ruta-inti-de-este-verano-un-viaje-formativo-a-la-peninsula-del-yucatan-en-mexico\\\/#article\",\"isPartOf\":{\"@id\":\"https:\\\/\\\/www.laguiadepamplona.com\\\/actualidad\\\/este-lunes-se-cierra-el-plazo-para-participar-en-las-dos-becas-del-ayuntamiento-para-la-ruta-inti-de-este-verano-un-viaje-formativo-a-la-peninsula-del-yucatan-en-mexico\\\/\"},\"author\":{\"name\":\"La Gu\u00eda de Pamplona\",\"@id\":\"https:\\\/\\\/www.laguiadepamplona.com\\\/actualidad\\\/#\\\/schema\\\/person\\\/efe887376f0213d4657c93adc50b1fdb\"},\"headline\":\"Este lunes se cierra el plazo para participar en las dos becas del Ayuntamiento para la Ruta Inti de este verano, un viaje formativo a la pen\u00ednsula del Yucat\u00e1n, en M\u00e9xico\",\"datePublished\":\"2023-02-03T17:12:33+00:00\",\"dateModified\":\"2023-04-11T09:47:16+00:00\",\"mainEntityOfPage\":{\"@id\":\"https:\\\/\\\/www.laguiadepamplona.com\\\/actualidad\\\/este-lunes-se-cierra-el-plazo-para-participar-en-las-dos-becas-del-ayuntamiento-para-la-ruta-inti-de-este-verano-un-viaje-formativo-a-la-peninsula-del-yucatan-en-mexico\\\/\"},\"wordCount\":532,\"commentCount\":0,\"publisher\":{\"@id\":\"https:\\\/\\\/www.laguiadepamplona.com\\\/actualidad\\\/#organization\"},\"image\":{\"@id\":\"https:\\\/\\\/www.laguiadepamplona.com\\\/actualidad\\\/este-lunes-se-cierra-el-plazo-para-participar-en-las-dos-becas-del-ayuntamiento-para-la-ruta-inti-de-este-verano-un-viaje-formativo-a-la-peninsula-del-yucatan-en-mexico\\\/#primaryimage\"},\"thumbnailUrl\":\"https:\\\/\\\/www.laguiadepamplona.com\\\/actualidad\\\/wp-content\\\/uploads\\\/2023\\\/02\\\/ruta-inti_-footer.png\",\"articleSection\":[\"Ayto Pamplona\"],\"inLanguage\":\"es\",\"potentialAction\":[{\"@type\":\"CommentAction\",\"name\":\"Comment\",\"target\":[\"https:\\\/\\\/www.laguiadepamplona.com\\\/actualidad\\\/este-lunes-se-cierra-el-plazo-para-participar-en-las-dos-becas-del-ayuntamiento-para-la-ruta-inti-de-este-verano-un-viaje-formativo-a-la-peninsula-del-yucatan-en-mexico\\\/#respond\"]}]},{\"@type\":\"WebPage\",\"@id\":\"https:\\\/\\\/www.laguiadepamplona.com\\\/actualidad\\\/este-lunes-se-cierra-el-plazo-para-participar-en-las-dos-becas-del-ayuntamiento-para-la-ruta-inti-de-este-verano-un-viaje-formativo-a-la-peninsula-del-yucatan-en-mexico\\\/\",\"url\":\"https:\\\/\\\/www.laguiadepamplona.com\\\/actualidad\\\/este-lunes-se-cierra-el-plazo-para-participar-en-las-dos-becas-del-ayuntamiento-para-la-ruta-inti-de-este-verano-un-viaje-formativo-a-la-peninsula-del-yucatan-en-mexico\\\/\",\"name\":\"Este lunes se cierra el plazo para participar en las dos becas del Ayuntamiento para la Ruta Inti de este verano, un viaje formativo a la pen\u00ednsula del Yucat\u00e1n, en M\u00e9xico\",\"isPartOf\":{\"@id\":\"https:\\\/\\\/www.laguiadepamplona.com\\\/actualidad\\\/#website\"},\"primaryImageOfPage\":{\"@id\":\"https:\\\/\\\/www.laguiadepamplona.com\\\/actualidad\\\/este-lunes-se-cierra-el-plazo-para-participar-en-las-dos-becas-del-ayuntamiento-para-la-ruta-inti-de-este-verano-un-viaje-formativo-a-la-peninsula-del-yucatan-en-mexico\\\/#primaryimage\"},\"image\":{\"@id\":\"https:\\\/\\\/www.laguiadepamplona.com\\\/actualidad\\\/este-lunes-se-cierra-el-plazo-para-participar-en-las-dos-becas-del-ayuntamiento-para-la-ruta-inti-de-este-verano-un-viaje-formativo-a-la-peninsula-del-yucatan-en-mexico\\\/#primaryimage\"},\"thumbnailUrl\":\"https:\\\/\\\/www.laguiadepamplona.com\\\/actualidad\\\/wp-content\\\/uploads\\\/2023\\\/02\\\/ruta-inti_-footer.png\",\"datePublished\":\"2023-02-03T17:12:33+00:00\",\"dateModified\":\"2023-04-11T09:47:16+00:00\",\"description\":\"Las personas interesadas, de 18 a 25 a\u00f1os, tienen que contactar con la unidad de Juventud en el correo electr\u00f3nico juventud@pamplona.es\",\"breadcrumb\":{\"@id\":\"https:\\\/\\\/www.laguiadepamplona.com\\\/actualidad\\\/este-lunes-se-cierra-el-plazo-para-participar-en-las-dos-becas-del-ayuntamiento-para-la-ruta-inti-de-este-verano-un-viaje-formativo-a-la-peninsula-del-yucatan-en-mexico\\\/#breadcrumb\"},\"inLanguage\":\"es\",\"potentialAction\":[{\"@type\":\"ReadAction\",\"target\":[\"https:\\\/\\\/www.laguiadepamplona.com\\\/actualidad\\\/este-lunes-se-cierra-el-plazo-para-participar-en-las-dos-becas-del-ayuntamiento-para-la-ruta-inti-de-este-verano-un-viaje-formativo-a-la-peninsula-del-yucatan-en-mexico\\\/\"]}]},{\"@type\":\"ImageObject\",\"inLanguage\":\"es\",\"@id\":\"https:\\\/\\\/www.laguiadepamplona.com\\\/actualidad\\\/este-lunes-se-cierra-el-plazo-para-participar-en-las-dos-becas-del-ayuntamiento-para-la-ruta-inti-de-este-verano-un-viaje-formativo-a-la-peninsula-del-yucatan-en-mexico\\\/#primaryimage\",\"url\":\"https:\\\/\\\/www.laguiadepamplona.com\\\/actualidad\\\/wp-content\\\/uploads\\\/2023\\\/02\\\/ruta-inti_-footer.png\",\"contentUrl\":\"https:\\\/\\\/www.laguiadepamplona.com\\\/actualidad\\\/wp-content\\\/uploads\\\/2023\\\/02\\\/ruta-inti_-footer.png\",\"width\":517,\"height\":169},{\"@type\":\"BreadcrumbList\",\"@id\":\"https:\\\/\\\/www.laguiadepamplona.com\\\/actualidad\\\/este-lunes-se-cierra-el-plazo-para-participar-en-las-dos-becas-del-ayuntamiento-para-la-ruta-inti-de-este-verano-un-viaje-formativo-a-la-peninsula-del-yucatan-en-mexico\\\/#breadcrumb\",\"itemListElement\":[{\"@type\":\"ListItem\",\"position\":1,\"name\":\"Portada\",\"item\":\"https:\\\/\\\/www.laguiadepamplona.com\\\/actualidad\\\/\"},{\"@type\":\"ListItem\",\"position\":2,\"name\":\"Este lunes se cierra el plazo para participar en las dos becas del Ayuntamiento para la Ruta Inti de este verano, un viaje formativo a la pen\u00ednsula del Yucat\u00e1n, en M\u00e9xico\"}]},{\"@type\":\"WebSite\",\"@id\":\"https:\\\/\\\/www.laguiadepamplona.com\\\/actualidad\\\/#website\",\"url\":\"https:\\\/\\\/www.laguiadepamplona.com\\\/actualidad\\\/\",\"name\":\"La gu\u00eda de Pamplona\",\"description\":\"Noticias de Pamplona\",\"publisher\":{\"@id\":\"https:\\\/\\\/www.laguiadepamplona.com\\\/actualidad\\\/#organization\"},\"potentialAction\":[{\"@type\":\"SearchAction\",\"target\":{\"@type\":\"EntryPoint\",\"urlTemplate\":\"https:\\\/\\\/www.laguiadepamplona.com\\\/actualidad\\\/?s={search_term_string}\"},\"query-input\":{\"@type\":\"PropertyValueSpecification\",\"valueRequired\":true,\"valueName\":\"search_term_string\"}}],\"inLanguage\":\"es\"},{\"@type\":\"Organization\",\"@id\":\"https:\\\/\\\/www.laguiadepamplona.com\\\/actualidad\\\/#organization\",\"name\":\"La Gu\u00eda de Pamplona \\\/ Noticias\",\"url\":\"https:\\\/\\\/www.laguiadepamplona.com\\\/actualidad\\\/\",\"logo\":{\"@type\":\"ImageObject\",\"inLanguage\":\"es\",\"@id\":\"https:\\\/\\\/www.laguiadepamplona.com\\\/actualidad\\\/#\\\/schema\\\/logo\\\/image\\\/\",\"url\":\"https:\\\/\\\/www.laguiadepamplona.com\\\/actualidad\\\/wp-content\\\/uploads\\\/2018\\\/11\\\/logo-laguiadepamplona18-web1.png\",\"contentUrl\":\"https:\\\/\\\/www.laguiadepamplona.com\\\/actualidad\\\/wp-content\\\/uploads\\\/2018\\\/11\\\/logo-laguiadepamplona18-web1.png\",\"width\":600,\"height\":196,\"caption\":\"La Gu\u00eda de Pamplona \\\/ Noticias\"},\"image\":{\"@id\":\"https:\\\/\\\/www.laguiadepamplona.com\\\/actualidad\\\/#\\\/schema\\\/logo\\\/image\\\/\"},\"sameAs\":[\"https:\\\/\\\/www.facebook.com\\\/laguiadepamplonacom-133175176762273\\\/?ref=hl\",\"https:\\\/\\\/x.com\\\/LaGuiadPamplona\",\"https:\\\/\\\/www.instagram.com\\\/la_guia_de_pamplona\\\/\",\"https:\\\/\\\/www.youtube.com\\\/user\\\/laguiadepamplona\"]},{\"@type\":\"Person\",\"@id\":\"https:\\\/\\\/www.laguiadepamplona.com\\\/actualidad\\\/#\\\/schema\\\/person\\\/efe887376f0213d4657c93adc50b1fdb\",\"name\":\"La Gu\u00eda de Pamplona\",\"image\":{\"@type\":\"ImageObject\",\"inLanguage\":\"es\",\"@id\":\"https:\\\/\\\/secure.gravatar.com\\\/avatar\\\/b6992f131dc8d30ab0dff15446e9d346d9dbd95992de0fef795073f5ea83a81c?s=96&d=mm&r=g\",\"url\":\"https:\\\/\\\/secure.gravatar.com\\\/avatar\\\/b6992f131dc8d30ab0dff15446e9d346d9dbd95992de0fef795073f5ea83a81c?s=96&d=mm&r=g\",\"contentUrl\":\"https:\\\/\\\/secure.gravatar.com\\\/avatar\\\/b6992f131dc8d30ab0dff15446e9d346d9dbd95992de0fef795073f5ea83a81c?s=96&d=mm&r=g\",\"caption\":\"La Gu\u00eda de Pamplona\"}}]}<\/script>\n<!-- \/ Yoast SEO plugin. -->","yoast_head_json":{"title":"Este lunes se cierra el plazo para participar en las dos becas del Ayuntamiento para la Ruta Inti de este verano, un viaje formativo a la pen\u00ednsula del Yucat\u00e1n, en M\u00e9xico","description":"Las personas interesadas, de 18 a 25 a\u00f1os, tienen que contactar con la unidad de Juventud en el correo electr\u00f3nico juventud@pamplona.es","robots":{"index":"index","follow":"follow","max-snippet":"max-snippet:-1","max-image-preview":"max-image-preview:large","max-video-preview":"max-video-preview:-1"},"canonical":"https:\/\/www.laguiadepamplona.com\/actualidad\/este-lunes-se-cierra-el-plazo-para-participar-en-las-dos-becas-del-ayuntamiento-para-la-ruta-inti-de-este-verano-un-viaje-formativo-a-la-peninsula-del-yucatan-en-mexico\/","og_locale":"es_ES","og_type":"article","og_title":"Este lunes se cierra el plazo para participar en las dos becas del Ayuntamiento para la Ruta Inti de este verano, un viaje formativo a la pen\u00ednsula del Yucat\u00e1n, en M\u00e9xico","og_description":"Las personas interesadas, de 18 a 25 a\u00f1os, tienen que contactar con la unidad de Juventud en el correo electr\u00f3nico juventud@pamplona.es","og_url":"https:\/\/www.laguiadepamplona.com\/actualidad\/este-lunes-se-cierra-el-plazo-para-participar-en-las-dos-becas-del-ayuntamiento-para-la-ruta-inti-de-este-verano-un-viaje-formativo-a-la-peninsula-del-yucatan-en-mexico\/","og_site_name":"La Gu\u00eda de Pamplona","article_publisher":"https:\/\/www.facebook.com\/laguiadepamplonacom-133175176762273\/?ref=hl","article_published_time":"2023-02-03T17:12:33+00:00","article_modified_time":"2023-04-11T09:47:16+00:00","og_image":[{"width":517,"height":169,"url":"https:\/\/www.laguiadepamplona.com\/actualidad\/wp-content\/uploads\/2023\/02\/ruta-inti_-footer.png","type":"image\/png"}],"author":"La Gu\u00eda de Pamplona","twitter_card":"summary_large_image","twitter_creator":"@LaGuiadPamplona","twitter_site":"@LaGuiadPamplona","twitter_misc":{"Escrito por":"La Gu\u00eda de Pamplona","Tiempo de lectura":"3 minutos"},"schema":{"@context":"https:\/\/schema.org","@graph":[{"@type":"Article","@id":"https:\/\/www.laguiadepamplona.com\/actualidad\/este-lunes-se-cierra-el-plazo-para-participar-en-las-dos-becas-del-ayuntamiento-para-la-ruta-inti-de-este-verano-un-viaje-formativo-a-la-peninsula-del-yucatan-en-mexico\/#article","isPartOf":{"@id":"https:\/\/www.laguiadepamplona.com\/actualidad\/este-lunes-se-cierra-el-plazo-para-participar-en-las-dos-becas-del-ayuntamiento-para-la-ruta-inti-de-este-verano-un-viaje-formativo-a-la-peninsula-del-yucatan-en-mexico\/"},"author":{"name":"La Gu\u00eda de Pamplona","@id":"https:\/\/www.laguiadepamplona.com\/actualidad\/#\/schema\/person\/efe887376f0213d4657c93adc50b1fdb"},"headline":"Este lunes se cierra el plazo para participar en las dos becas del Ayuntamiento para la Ruta Inti de este verano, un viaje formativo a la pen\u00ednsula del Yucat\u00e1n, en M\u00e9xico","datePublished":"2023-02-03T17:12:33+00:00","dateModified":"2023-04-11T09:47:16+00:00","mainEntityOfPage":{"@id":"https:\/\/www.laguiadepamplona.com\/actualidad\/este-lunes-se-cierra-el-plazo-para-participar-en-las-dos-becas-del-ayuntamiento-para-la-ruta-inti-de-este-verano-un-viaje-formativo-a-la-peninsula-del-yucatan-en-mexico\/"},"wordCount":532,"commentCount":0,"publisher":{"@id":"https:\/\/www.laguiadepamplona.com\/actualidad\/#organization"},"image":{"@id":"https:\/\/www.laguiadepamplona.com\/actualidad\/este-lunes-se-cierra-el-plazo-para-participar-en-las-dos-becas-del-ayuntamiento-para-la-ruta-inti-de-este-verano-un-viaje-formativo-a-la-peninsula-del-yucatan-en-mexico\/#primaryimage"},"thumbnailUrl":"https:\/\/www.laguiadepamplona.com\/actualidad\/wp-content\/uploads\/2023\/02\/ruta-inti_-footer.png","articleSection":["Ayto Pamplona"],"inLanguage":"es","potentialAction":[{"@type":"CommentAction","name":"Comment","target":["https:\/\/www.laguiadepamplona.com\/actualidad\/este-lunes-se-cierra-el-plazo-para-participar-en-las-dos-becas-del-ayuntamiento-para-la-ruta-inti-de-este-verano-un-viaje-formativo-a-la-peninsula-del-yucatan-en-mexico\/#respond"]}]},{"@type":"WebPage","@id":"https:\/\/www.laguiadepamplona.com\/actualidad\/este-lunes-se-cierra-el-plazo-para-participar-en-las-dos-becas-del-ayuntamiento-para-la-ruta-inti-de-este-verano-un-viaje-formativo-a-la-peninsula-del-yucatan-en-mexico\/","url":"https:\/\/www.laguiadepamplona.com\/actualidad\/este-lunes-se-cierra-el-plazo-para-participar-en-las-dos-becas-del-ayuntamiento-para-la-ruta-inti-de-este-verano-un-viaje-formativo-a-la-peninsula-del-yucatan-en-mexico\/","name":"Este lunes se cierra el plazo para participar en las dos becas del Ayuntamiento para la Ruta Inti de este verano, un viaje formativo a la pen\u00ednsula del Yucat\u00e1n, en M\u00e9xico","isPartOf":{"@id":"https:\/\/www.laguiadepamplona.com\/actualidad\/#website"},"primaryImageOfPage":{"@id":"https:\/\/www.laguiadepamplona.com\/actualidad\/este-lunes-se-cierra-el-plazo-para-participar-en-las-dos-becas-del-ayuntamiento-para-la-ruta-inti-de-este-verano-un-viaje-formativo-a-la-peninsula-del-yucatan-en-mexico\/#primaryimage"},"image":{"@id":"https:\/\/www.laguiadepamplona.com\/actualidad\/este-lunes-se-cierra-el-plazo-para-participar-en-las-dos-becas-del-ayuntamiento-para-la-ruta-inti-de-este-verano-un-viaje-formativo-a-la-peninsula-del-yucatan-en-mexico\/#primaryimage"},"thumbnailUrl":"https:\/\/www.laguiadepamplona.com\/actualidad\/wp-content\/uploads\/2023\/02\/ruta-inti_-footer.png","datePublished":"2023-02-03T17:12:33+00:00","dateModified":"2023-04-11T09:47:16+00:00","description":"Las personas interesadas, de 18 a 25 a\u00f1os, tienen que contactar con la unidad de Juventud en el correo electr\u00f3nico juventud@pamplona.es","breadcrumb":{"@id":"https:\/\/www.laguiadepamplona.com\/actualidad\/este-lunes-se-cierra-el-plazo-para-participar-en-las-dos-becas-del-ayuntamiento-para-la-ruta-inti-de-este-verano-un-viaje-formativo-a-la-peninsula-del-yucatan-en-mexico\/#breadcrumb"},"inLanguage":"es","potentialAction":[{"@type":"ReadAction","target":["https:\/\/www.laguiadepamplona.com\/actualidad\/este-lunes-se-cierra-el-plazo-para-participar-en-las-dos-becas-del-ayuntamiento-para-la-ruta-inti-de-este-verano-un-viaje-formativo-a-la-peninsula-del-yucatan-en-mexico\/"]}]},{"@type":"ImageObject","inLanguage":"es","@id":"https:\/\/www.laguiadepamplona.com\/actualidad\/este-lunes-se-cierra-el-plazo-para-participar-en-las-dos-becas-del-ayuntamiento-para-la-ruta-inti-de-este-verano-un-viaje-formativo-a-la-peninsula-del-yucatan-en-mexico\/#primaryimage","url":"https:\/\/www.laguiadepamplona.com\/actualidad\/wp-content\/uploads\/2023\/02\/ruta-inti_-footer.png","contentUrl":"https:\/\/www.laguiadepamplona.com\/actualidad\/wp-content\/uploads\/2023\/02\/ruta-inti_-footer.png","width":517,"height":169},{"@type":"BreadcrumbList","@id":"https:\/\/www.laguiadepamplona.com\/actualidad\/este-lunes-se-cierra-el-plazo-para-participar-en-las-dos-becas-del-ayuntamiento-para-la-ruta-inti-de-este-verano-un-viaje-formativo-a-la-peninsula-del-yucatan-en-mexico\/#breadcrumb","itemListElement":[{"@type":"ListItem","position":1,"name":"Portada","item":"https:\/\/www.laguiadepamplona.com\/actualidad\/"},{"@type":"ListItem","position":2,"name":"Este lunes se cierra el plazo para participar en las dos becas del Ayuntamiento para la Ruta Inti de este verano, un viaje formativo a la pen\u00ednsula del Yucat\u00e1n, en M\u00e9xico"}]},{"@type":"WebSite","@id":"https:\/\/www.laguiadepamplona.com\/actualidad\/#website","url":"https:\/\/www.laguiadepamplona.com\/actualidad\/","name":"La gu\u00eda de Pamplona","description":"Noticias de Pamplona","publisher":{"@id":"https:\/\/www.laguiadepamplona.com\/actualidad\/#organization"},"potentialAction":[{"@type":"SearchAction","target":{"@type":"EntryPoint","urlTemplate":"https:\/\/www.laguiadepamplona.com\/actualidad\/?s={search_term_string}"},"query-input":{"@type":"PropertyValueSpecification","valueRequired":true,"valueName":"search_term_string"}}],"inLanguage":"es"},{"@type":"Organization","@id":"https:\/\/www.laguiadepamplona.com\/actualidad\/#organization","name":"La Gu\u00eda de Pamplona \/ Noticias","url":"https:\/\/www.laguiadepamplona.com\/actualidad\/","logo":{"@type":"ImageObject","inLanguage":"es","@id":"https:\/\/www.laguiadepamplona.com\/actualidad\/#\/schema\/logo\/image\/","url":"https:\/\/www.laguiadepamplona.com\/actualidad\/wp-content\/uploads\/2018\/11\/logo-laguiadepamplona18-web1.png","contentUrl":"https:\/\/www.laguiadepamplona.com\/actualidad\/wp-content\/uploads\/2018\/11\/logo-laguiadepamplona18-web1.png","width":600,"height":196,"caption":"La Gu\u00eda de Pamplona \/ Noticias"},"image":{"@id":"https:\/\/www.laguiadepamplona.com\/actualidad\/#\/schema\/logo\/image\/"},"sameAs":["https:\/\/www.facebook.com\/laguiadepamplonacom-133175176762273\/?ref=hl","https:\/\/x.com\/LaGuiadPamplona","https:\/\/www.instagram.com\/la_guia_de_pamplona\/","https:\/\/www.youtube.com\/user\/laguiadepamplona"]},{"@type":"Person","@id":"https:\/\/www.laguiadepamplona.com\/actualidad\/#\/schema\/person\/efe887376f0213d4657c93adc50b1fdb","name":"La Gu\u00eda de Pamplona","image":{"@type":"ImageObject","inLanguage":"es","@id":"https:\/\/secure.gravatar.com\/avatar\/b6992f131dc8d30ab0dff15446e9d346d9dbd95992de0fef795073f5ea83a81c?s=96&d=mm&r=g","url":"https:\/\/secure.gravatar.com\/avatar\/b6992f131dc8d30ab0dff15446e9d346d9dbd95992de0fef795073f5ea83a81c?s=96&d=mm&r=g","contentUrl":"https:\/\/secure.gravatar.com\/avatar\/b6992f131dc8d30ab0dff15446e9d346d9dbd95992de0fef795073f5ea83a81c?s=96&d=mm&r=g","caption":"La Gu\u00eda de Pamplona"}}]}},"post_mailing_queue_ids":[],"_links":{"self":[{"href":"https:\/\/www.laguiadepamplona.com\/actualidad\/wp-json\/wp\/v2\/posts\/42777","targetHints":{"allow":["GET"]}}],"collection":[{"href":"https:\/\/www.laguiadepamplona.com\/actualidad\/wp-json\/wp\/v2\/posts"}],"about":[{"href":"https:\/\/www.laguiadepamplona.com\/actualidad\/wp-json\/wp\/v2\/types\/post"}],"author":[{"embeddable":true,"href":"https:\/\/www.laguiadepamplona.com\/actualidad\/wp-json\/wp\/v2\/users\/1"}],"replies":[{"embeddable":true,"href":"https:\/\/www.laguiadepamplona.com\/actualidad\/wp-json\/wp\/v2\/comments?post=42777"}],"version-history":[{"count":0,"href":"https:\/\/www.laguiadepamplona.com\/actualidad\/wp-json\/wp\/v2\/posts\/42777\/revisions"}],"wp:featuredmedia":[{"embeddable":true,"href":"https:\/\/www.laguiadepamplona.com\/actualidad\/wp-json\/wp\/v2\/media\/42778"}],"wp:attachment":[{"href":"https:\/\/www.laguiadepamplona.com\/actualidad\/wp-json\/wp\/v2\/media?parent=42777"}],"wp:term":[{"taxonomy":"category","embeddable":true,"href":"https:\/\/www.laguiadepamplona.com\/actualidad\/wp-json\/wp\/v2\/categories?post=42777"},{"taxonomy":"post_tag","embeddable":true,"href":"https:\/\/www.laguiadepamplona.com\/actualidad\/wp-json\/wp\/v2\/tags?post=42777"}],"curies":[{"name":"wp","href":"https:\/\/api.w.org\/{rel}","templated":true}]}}