{"id":42775,"date":"2023-02-03T13:09:45","date_gmt":"2023-02-03T11:09:45","guid":{"rendered":"https:\/\/www.laguiadepamplona.com\/actualidad\/?p=42775"},"modified":"2023-04-11T11:47:16","modified_gmt":"2023-04-11T09:47:16","slug":"el-ayuntamiento-se-une-este-sabado-al-dia-mundial-contra-el-cancer-iluminando-en-color-verde-la-fachada-consistorial","status":"publish","type":"post","link":"https:\/\/www.laguiadepamplona.com\/actualidad\/el-ayuntamiento-se-une-este-sabado-al-dia-mundial-contra-el-cancer-iluminando-en-color-verde-la-fachada-consistorial\/","title":{"rendered":"El Ayuntamiento se une este s\u00e1bado al D\u00eda Mundial contra el C\u00e1ncer iluminando en color verde la fachada consistorial"},"content":{"rendered":"<h5>El Pleno municipal suscribe el manifiesto institucional de apoyo \u2018Todos contra el c\u00e1ncer\u2019 para fomentar la prevenci\u00f3n, investigaci\u00f3n y divulgaci\u00f3n<\/h5>\n<p><!--more--><\/p>\n<p>La fachada municipal se viste de verde este s\u00e1bado para secundar el D\u00eda Mundial contra el C\u00e1ncer, a solicitud de la Asociaci\u00f3n Espa\u00f1ola contra el C\u00e1ncer. Esta asociaci\u00f3n ha lanzado una campa\u00f1a de prevenci\u00f3n, con el t\u00edtulo \u2018Todos contra el c\u00e1ncer\u2019, para concienciar a la ciudadan\u00eda del calado de la enfermedad e incidir en la prevenci\u00f3n, detecci\u00f3n precoz y la investigaci\u00f3n.<br \/>\n<script async src=\"\/\/pagead2.googlesyndication.com\/pagead\/js\/adsbygoogle.js\"><\/script><br \/>\n<!-- Noticias La Guia de Pamplona --><br \/>\n<ins class=\"adsbygoogle\"\nstyle=\"display:block\"\ndata-ad-client=\"ca-pub-6943679897239327\"\ndata-ad-slot=\"7048180777\"\ndata-ad-format=\"auto\"><\/ins><br \/>\n<script>\n(adsbygoogle = window.adsbygoogle || []).push({});\n<\/script><\/p>\n<p>El objetivo fijado es alcanzar un porcentaje de supervivencia del 70% para el a\u00f1o 2030. En esa fecha se prev\u00e9 que uno de cada dos hombres y una de cada tres mujeres se ver\u00e1n afectados por esta enfermedad. En este momento, se diagnostican en Espa\u00f1a 32 nuevos casos por hora. Con estos datos, la Asociaci\u00f3n hace un llamamiento para pasar a la acci\u00f3n y multiplicar los esfuerzos en la lucha contra la enfermedad.<\/p>\n<p>El Ayuntamiento de Pamplona se ha unido a esta campa\u00f1a contra el c\u00e1ncer. Adem\u00e1s de iluminar la fachada en verde, como forma de dar visibilidad, el Pleno suscribi\u00f3 ayer por unanimidad una declaraci\u00f3n institucional de apoyo a la iniciativa \u2018Todos contra el c\u00e1ncer\u2019. Esta iniciativa ha sido declarada como Acontecimiento de Excepcional Inter\u00e9s P\u00fablico por el Gobierno de Espa\u00f1a, con el fin de incrementar los recursos para prevenci\u00f3n, investigaci\u00f3n, atenci\u00f3n y divulgaci\u00f3n.<\/p>\n<p>Los avances cient\u00edficos y tecnol\u00f3gicos se traducen en un incremento de las curaciones y de la supervivencia en el caso de los principales tumores. As\u00ed mismo, la extensi\u00f3n de los programas de cribado para tumores espec\u00edficos incide en el tratamiento de la enfermedad en estadios iniciales, mejorando los pron\u00f3sticos de las personas afectadas.<br \/>\n<script async src=\"\/\/pagead2.googlesyndication.com\/pagead\/js\/adsbygoogle.js\"><\/script><br \/>\n<!-- Noticias La Guia de Pamplona --><br \/>\n<ins class=\"adsbygoogle\"\nstyle=\"display:block\"\ndata-ad-client=\"ca-pub-6943679897239327\"\ndata-ad-slot=\"7048180777\"\ndata-ad-format=\"auto\"><\/ins><br \/>\n<script>\n(adsbygoogle = window.adsbygoogle || []).push({});\n<\/script><\/p>\n<p>&nbsp;<\/p>\n<h3>D\u00eda Mundial Contra el C\u00e1ncer. 4 de Febrero<\/h3>\n<ul>\n<li>\u2018Todos contra el C\u00e1ncer\u2019\n<ul>\n<li>Objetivo: lograr un 70% de supervivencia para el a\u00f1o 2030<\/li>\n<\/ul>\n<\/li>\n<\/ul>\n","protected":false},"excerpt":{"rendered":"<p>El Pleno municipal suscribe el manifiesto institucional de apoyo \u2018Todos contra el c\u00e1ncer\u2019 para fomentar la prevenci\u00f3n, investigaci\u00f3n y divulgaci\u00f3n<\/p>\n","protected":false},"author":1,"featured_media":33755,"comment_status":"open","ping_status":"closed","sticky":false,"template":"","format":"standard","meta":{"footnotes":""},"categories":[2],"tags":[],"class_list":["post-42775","post","type-post","status-publish","format-standard","has-post-thumbnail","hentry","category-ayuntamiento-pamplona"],"yoast_head":"<!-- This site is optimized with the Yoast SEO plugin v27.5 - https:\/\/yoast.com\/product\/yoast-seo-wordpress\/ -->\n<title>El Ayuntamiento se une este s\u00e1bado al D\u00eda Mundial contra el C\u00e1ncer iluminando en color verde la fachada consistorial<\/title>\n<meta name=\"description\" content=\"El Pleno municipal suscribe el manifiesto institucional de apoyo \u2018Todos contra el c\u00e1ncer\u2019 para fomentar la prevenci\u00f3n, investigaci\u00f3n y divulgaci\u00f3n\" \/>\n<meta name=\"robots\" content=\"index, follow, max-snippet:-1, max-image-preview:large, max-video-preview:-1\" \/>\n<link rel=\"canonical\" href=\"https:\/\/www.laguiadepamplona.com\/actualidad\/el-ayuntamiento-se-une-este-sabado-al-dia-mundial-contra-el-cancer-iluminando-en-color-verde-la-fachada-consistorial\/\" \/>\n<meta property=\"og:locale\" content=\"es_ES\" \/>\n<meta property=\"og:type\" content=\"article\" \/>\n<meta property=\"og:title\" content=\"El Ayuntamiento se une este s\u00e1bado al D\u00eda Mundial contra el C\u00e1ncer iluminando en color verde la fachada consistorial\" \/>\n<meta property=\"og:description\" content=\"El Pleno municipal suscribe el manifiesto institucional de apoyo \u2018Todos contra el c\u00e1ncer\u2019 para fomentar la prevenci\u00f3n, investigaci\u00f3n y divulgaci\u00f3n\" \/>\n<meta property=\"og:url\" content=\"https:\/\/www.laguiadepamplona.com\/actualidad\/el-ayuntamiento-se-une-este-sabado-al-dia-mundial-contra-el-cancer-iluminando-en-color-verde-la-fachada-consistorial\/\" \/>\n<meta property=\"og:site_name\" content=\"La Gu\u00eda de Pamplona\" \/>\n<meta property=\"article:publisher\" content=\"https:\/\/www.facebook.com\/laguiadepamplonacom-133175176762273\/?ref=hl\" \/>\n<meta property=\"article:published_time\" content=\"2023-02-03T11:09:45+00:00\" \/>\n<meta property=\"article:modified_time\" content=\"2023-04-11T09:47:16+00:00\" \/>\n<meta property=\"og:image\" content=\"https:\/\/www.laguiadepamplona.com\/actualidad\/wp-content\/uploads\/2021\/03\/aytoverde_JGV1123.jpg\" \/>\n\t<meta property=\"og:image:width\" content=\"1920\" \/>\n\t<meta property=\"og:image:height\" content=\"1280\" \/>\n\t<meta property=\"og:image:type\" content=\"image\/jpeg\" \/>\n<meta name=\"author\" content=\"La Gu\u00eda de Pamplona\" \/>\n<meta name=\"twitter:card\" content=\"summary_large_image\" \/>\n<meta name=\"twitter:creator\" content=\"@LaGuiadPamplona\" \/>\n<meta name=\"twitter:site\" content=\"@LaGuiadPamplona\" \/>\n<meta name=\"twitter:label1\" content=\"Escrito por\" \/>\n\t<meta name=\"twitter:data1\" content=\"La Gu\u00eda de Pamplona\" \/>\n\t<meta name=\"twitter:label2\" content=\"Tiempo de lectura\" \/>\n\t<meta name=\"twitter:data2\" content=\"2 minutos\" \/>\n<script type=\"application\/ld+json\" class=\"yoast-schema-graph\">{\"@context\":\"https:\\\/\\\/schema.org\",\"@graph\":[{\"@type\":\"Article\",\"@id\":\"https:\\\/\\\/www.laguiadepamplona.com\\\/actualidad\\\/el-ayuntamiento-se-une-este-sabado-al-dia-mundial-contra-el-cancer-iluminando-en-color-verde-la-fachada-consistorial\\\/#article\",\"isPartOf\":{\"@id\":\"https:\\\/\\\/www.laguiadepamplona.com\\\/actualidad\\\/el-ayuntamiento-se-une-este-sabado-al-dia-mundial-contra-el-cancer-iluminando-en-color-verde-la-fachada-consistorial\\\/\"},\"author\":{\"name\":\"La Gu\u00eda de Pamplona\",\"@id\":\"https:\\\/\\\/www.laguiadepamplona.com\\\/actualidad\\\/#\\\/schema\\\/person\\\/efe887376f0213d4657c93adc50b1fdb\"},\"headline\":\"El Ayuntamiento se une este s\u00e1bado al D\u00eda Mundial contra el C\u00e1ncer iluminando en color verde la fachada consistorial\",\"datePublished\":\"2023-02-03T11:09:45+00:00\",\"dateModified\":\"2023-04-11T09:47:16+00:00\",\"mainEntityOfPage\":{\"@id\":\"https:\\\/\\\/www.laguiadepamplona.com\\\/actualidad\\\/el-ayuntamiento-se-une-este-sabado-al-dia-mundial-contra-el-cancer-iluminando-en-color-verde-la-fachada-consistorial\\\/\"},\"wordCount\":363,\"commentCount\":0,\"publisher\":{\"@id\":\"https:\\\/\\\/www.laguiadepamplona.com\\\/actualidad\\\/#organization\"},\"image\":{\"@id\":\"https:\\\/\\\/www.laguiadepamplona.com\\\/actualidad\\\/el-ayuntamiento-se-une-este-sabado-al-dia-mundial-contra-el-cancer-iluminando-en-color-verde-la-fachada-consistorial\\\/#primaryimage\"},\"thumbnailUrl\":\"https:\\\/\\\/www.laguiadepamplona.com\\\/actualidad\\\/wp-content\\\/uploads\\\/2021\\\/03\\\/aytoverde_JGV1123.jpg\",\"articleSection\":[\"Ayto Pamplona\"],\"inLanguage\":\"es\",\"potentialAction\":[{\"@type\":\"CommentAction\",\"name\":\"Comment\",\"target\":[\"https:\\\/\\\/www.laguiadepamplona.com\\\/actualidad\\\/el-ayuntamiento-se-une-este-sabado-al-dia-mundial-contra-el-cancer-iluminando-en-color-verde-la-fachada-consistorial\\\/#respond\"]}]},{\"@type\":\"WebPage\",\"@id\":\"https:\\\/\\\/www.laguiadepamplona.com\\\/actualidad\\\/el-ayuntamiento-se-une-este-sabado-al-dia-mundial-contra-el-cancer-iluminando-en-color-verde-la-fachada-consistorial\\\/\",\"url\":\"https:\\\/\\\/www.laguiadepamplona.com\\\/actualidad\\\/el-ayuntamiento-se-une-este-sabado-al-dia-mundial-contra-el-cancer-iluminando-en-color-verde-la-fachada-consistorial\\\/\",\"name\":\"El Ayuntamiento se une este s\u00e1bado al D\u00eda Mundial contra el C\u00e1ncer iluminando en color verde la fachada consistorial\",\"isPartOf\":{\"@id\":\"https:\\\/\\\/www.laguiadepamplona.com\\\/actualidad\\\/#website\"},\"primaryImageOfPage\":{\"@id\":\"https:\\\/\\\/www.laguiadepamplona.com\\\/actualidad\\\/el-ayuntamiento-se-une-este-sabado-al-dia-mundial-contra-el-cancer-iluminando-en-color-verde-la-fachada-consistorial\\\/#primaryimage\"},\"image\":{\"@id\":\"https:\\\/\\\/www.laguiadepamplona.com\\\/actualidad\\\/el-ayuntamiento-se-une-este-sabado-al-dia-mundial-contra-el-cancer-iluminando-en-color-verde-la-fachada-consistorial\\\/#primaryimage\"},\"thumbnailUrl\":\"https:\\\/\\\/www.laguiadepamplona.com\\\/actualidad\\\/wp-content\\\/uploads\\\/2021\\\/03\\\/aytoverde_JGV1123.jpg\",\"datePublished\":\"2023-02-03T11:09:45+00:00\",\"dateModified\":\"2023-04-11T09:47:16+00:00\",\"description\":\"El Pleno municipal suscribe el manifiesto institucional de apoyo \u2018Todos contra el c\u00e1ncer\u2019 para fomentar la prevenci\u00f3n, investigaci\u00f3n y divulgaci\u00f3n\",\"breadcrumb\":{\"@id\":\"https:\\\/\\\/www.laguiadepamplona.com\\\/actualidad\\\/el-ayuntamiento-se-une-este-sabado-al-dia-mundial-contra-el-cancer-iluminando-en-color-verde-la-fachada-consistorial\\\/#breadcrumb\"},\"inLanguage\":\"es\",\"potentialAction\":[{\"@type\":\"ReadAction\",\"target\":[\"https:\\\/\\\/www.laguiadepamplona.com\\\/actualidad\\\/el-ayuntamiento-se-une-este-sabado-al-dia-mundial-contra-el-cancer-iluminando-en-color-verde-la-fachada-consistorial\\\/\"]}]},{\"@type\":\"ImageObject\",\"inLanguage\":\"es\",\"@id\":\"https:\\\/\\\/www.laguiadepamplona.com\\\/actualidad\\\/el-ayuntamiento-se-une-este-sabado-al-dia-mundial-contra-el-cancer-iluminando-en-color-verde-la-fachada-consistorial\\\/#primaryimage\",\"url\":\"https:\\\/\\\/www.laguiadepamplona.com\\\/actualidad\\\/wp-content\\\/uploads\\\/2021\\\/03\\\/aytoverde_JGV1123.jpg\",\"contentUrl\":\"https:\\\/\\\/www.laguiadepamplona.com\\\/actualidad\\\/wp-content\\\/uploads\\\/2021\\\/03\\\/aytoverde_JGV1123.jpg\",\"width\":1920,\"height\":1280,\"caption\":\"A* Jes\u00fas Garzaron F* 2020_11_19 T* Fachada del Ayuntamiento iluminada de verde L* Ayuntamiento de Pamplona\"},{\"@type\":\"BreadcrumbList\",\"@id\":\"https:\\\/\\\/www.laguiadepamplona.com\\\/actualidad\\\/el-ayuntamiento-se-une-este-sabado-al-dia-mundial-contra-el-cancer-iluminando-en-color-verde-la-fachada-consistorial\\\/#breadcrumb\",\"itemListElement\":[{\"@type\":\"ListItem\",\"position\":1,\"name\":\"Portada\",\"item\":\"https:\\\/\\\/www.laguiadepamplona.com\\\/actualidad\\\/\"},{\"@type\":\"ListItem\",\"position\":2,\"name\":\"El Ayuntamiento se une este s\u00e1bado al D\u00eda Mundial contra el C\u00e1ncer iluminando en color verde la fachada consistorial\"}]},{\"@type\":\"WebSite\",\"@id\":\"https:\\\/\\\/www.laguiadepamplona.com\\\/actualidad\\\/#website\",\"url\":\"https:\\\/\\\/www.laguiadepamplona.com\\\/actualidad\\\/\",\"name\":\"La gu\u00eda de Pamplona\",\"description\":\"Noticias de Pamplona\",\"publisher\":{\"@id\":\"https:\\\/\\\/www.laguiadepamplona.com\\\/actualidad\\\/#organization\"},\"potentialAction\":[{\"@type\":\"SearchAction\",\"target\":{\"@type\":\"EntryPoint\",\"urlTemplate\":\"https:\\\/\\\/www.laguiadepamplona.com\\\/actualidad\\\/?s={search_term_string}\"},\"query-input\":{\"@type\":\"PropertyValueSpecification\",\"valueRequired\":true,\"valueName\":\"search_term_string\"}}],\"inLanguage\":\"es\"},{\"@type\":\"Organization\",\"@id\":\"https:\\\/\\\/www.laguiadepamplona.com\\\/actualidad\\\/#organization\",\"name\":\"La Gu\u00eda de Pamplona \\\/ Noticias\",\"url\":\"https:\\\/\\\/www.laguiadepamplona.com\\\/actualidad\\\/\",\"logo\":{\"@type\":\"ImageObject\",\"inLanguage\":\"es\",\"@id\":\"https:\\\/\\\/www.laguiadepamplona.com\\\/actualidad\\\/#\\\/schema\\\/logo\\\/image\\\/\",\"url\":\"https:\\\/\\\/www.laguiadepamplona.com\\\/actualidad\\\/wp-content\\\/uploads\\\/2018\\\/11\\\/logo-laguiadepamplona18-web1.png\",\"contentUrl\":\"https:\\\/\\\/www.laguiadepamplona.com\\\/actualidad\\\/wp-content\\\/uploads\\\/2018\\\/11\\\/logo-laguiadepamplona18-web1.png\",\"width\":600,\"height\":196,\"caption\":\"La Gu\u00eda de Pamplona \\\/ Noticias\"},\"image\":{\"@id\":\"https:\\\/\\\/www.laguiadepamplona.com\\\/actualidad\\\/#\\\/schema\\\/logo\\\/image\\\/\"},\"sameAs\":[\"https:\\\/\\\/www.facebook.com\\\/laguiadepamplonacom-133175176762273\\\/?ref=hl\",\"https:\\\/\\\/x.com\\\/LaGuiadPamplona\",\"https:\\\/\\\/www.instagram.com\\\/la_guia_de_pamplona\\\/\",\"https:\\\/\\\/www.youtube.com\\\/user\\\/laguiadepamplona\"]},{\"@type\":\"Person\",\"@id\":\"https:\\\/\\\/www.laguiadepamplona.com\\\/actualidad\\\/#\\\/schema\\\/person\\\/efe887376f0213d4657c93adc50b1fdb\",\"name\":\"La Gu\u00eda de Pamplona\",\"image\":{\"@type\":\"ImageObject\",\"inLanguage\":\"es\",\"@id\":\"https:\\\/\\\/secure.gravatar.com\\\/avatar\\\/b6992f131dc8d30ab0dff15446e9d346d9dbd95992de0fef795073f5ea83a81c?s=96&d=mm&r=g\",\"url\":\"https:\\\/\\\/secure.gravatar.com\\\/avatar\\\/b6992f131dc8d30ab0dff15446e9d346d9dbd95992de0fef795073f5ea83a81c?s=96&d=mm&r=g\",\"contentUrl\":\"https:\\\/\\\/secure.gravatar.com\\\/avatar\\\/b6992f131dc8d30ab0dff15446e9d346d9dbd95992de0fef795073f5ea83a81c?s=96&d=mm&r=g\",\"caption\":\"La Gu\u00eda de Pamplona\"}}]}<\/script>\n<!-- \/ Yoast SEO plugin. -->","yoast_head_json":{"title":"El Ayuntamiento se une este s\u00e1bado al D\u00eda Mundial contra el C\u00e1ncer iluminando en color verde la fachada consistorial","description":"El Pleno municipal suscribe el manifiesto institucional de apoyo \u2018Todos contra el c\u00e1ncer\u2019 para fomentar la prevenci\u00f3n, investigaci\u00f3n y divulgaci\u00f3n","robots":{"index":"index","follow":"follow","max-snippet":"max-snippet:-1","max-image-preview":"max-image-preview:large","max-video-preview":"max-video-preview:-1"},"canonical":"https:\/\/www.laguiadepamplona.com\/actualidad\/el-ayuntamiento-se-une-este-sabado-al-dia-mundial-contra-el-cancer-iluminando-en-color-verde-la-fachada-consistorial\/","og_locale":"es_ES","og_type":"article","og_title":"El Ayuntamiento se une este s\u00e1bado al D\u00eda Mundial contra el C\u00e1ncer iluminando en color verde la fachada consistorial","og_description":"El Pleno municipal suscribe el manifiesto institucional de apoyo \u2018Todos contra el c\u00e1ncer\u2019 para fomentar la prevenci\u00f3n, investigaci\u00f3n y divulgaci\u00f3n","og_url":"https:\/\/www.laguiadepamplona.com\/actualidad\/el-ayuntamiento-se-une-este-sabado-al-dia-mundial-contra-el-cancer-iluminando-en-color-verde-la-fachada-consistorial\/","og_site_name":"La Gu\u00eda de Pamplona","article_publisher":"https:\/\/www.facebook.com\/laguiadepamplonacom-133175176762273\/?ref=hl","article_published_time":"2023-02-03T11:09:45+00:00","article_modified_time":"2023-04-11T09:47:16+00:00","og_image":[{"width":1920,"height":1280,"url":"https:\/\/www.laguiadepamplona.com\/actualidad\/wp-content\/uploads\/2021\/03\/aytoverde_JGV1123.jpg","type":"image\/jpeg"}],"author":"La Gu\u00eda de Pamplona","twitter_card":"summary_large_image","twitter_creator":"@LaGuiadPamplona","twitter_site":"@LaGuiadPamplona","twitter_misc":{"Escrito por":"La Gu\u00eda de Pamplona","Tiempo de lectura":"2 minutos"},"schema":{"@context":"https:\/\/schema.org","@graph":[{"@type":"Article","@id":"https:\/\/www.laguiadepamplona.com\/actualidad\/el-ayuntamiento-se-une-este-sabado-al-dia-mundial-contra-el-cancer-iluminando-en-color-verde-la-fachada-consistorial\/#article","isPartOf":{"@id":"https:\/\/www.laguiadepamplona.com\/actualidad\/el-ayuntamiento-se-une-este-sabado-al-dia-mundial-contra-el-cancer-iluminando-en-color-verde-la-fachada-consistorial\/"},"author":{"name":"La Gu\u00eda de Pamplona","@id":"https:\/\/www.laguiadepamplona.com\/actualidad\/#\/schema\/person\/efe887376f0213d4657c93adc50b1fdb"},"headline":"El Ayuntamiento se une este s\u00e1bado al D\u00eda Mundial contra el C\u00e1ncer iluminando en color verde la fachada consistorial","datePublished":"2023-02-03T11:09:45+00:00","dateModified":"2023-04-11T09:47:16+00:00","mainEntityOfPage":{"@id":"https:\/\/www.laguiadepamplona.com\/actualidad\/el-ayuntamiento-se-une-este-sabado-al-dia-mundial-contra-el-cancer-iluminando-en-color-verde-la-fachada-consistorial\/"},"wordCount":363,"commentCount":0,"publisher":{"@id":"https:\/\/www.laguiadepamplona.com\/actualidad\/#organization"},"image":{"@id":"https:\/\/www.laguiadepamplona.com\/actualidad\/el-ayuntamiento-se-une-este-sabado-al-dia-mundial-contra-el-cancer-iluminando-en-color-verde-la-fachada-consistorial\/#primaryimage"},"thumbnailUrl":"https:\/\/www.laguiadepamplona.com\/actualidad\/wp-content\/uploads\/2021\/03\/aytoverde_JGV1123.jpg","articleSection":["Ayto Pamplona"],"inLanguage":"es","potentialAction":[{"@type":"CommentAction","name":"Comment","target":["https:\/\/www.laguiadepamplona.com\/actualidad\/el-ayuntamiento-se-une-este-sabado-al-dia-mundial-contra-el-cancer-iluminando-en-color-verde-la-fachada-consistorial\/#respond"]}]},{"@type":"WebPage","@id":"https:\/\/www.laguiadepamplona.com\/actualidad\/el-ayuntamiento-se-une-este-sabado-al-dia-mundial-contra-el-cancer-iluminando-en-color-verde-la-fachada-consistorial\/","url":"https:\/\/www.laguiadepamplona.com\/actualidad\/el-ayuntamiento-se-une-este-sabado-al-dia-mundial-contra-el-cancer-iluminando-en-color-verde-la-fachada-consistorial\/","name":"El Ayuntamiento se une este s\u00e1bado al D\u00eda Mundial contra el C\u00e1ncer iluminando en color verde la fachada consistorial","isPartOf":{"@id":"https:\/\/www.laguiadepamplona.com\/actualidad\/#website"},"primaryImageOfPage":{"@id":"https:\/\/www.laguiadepamplona.com\/actualidad\/el-ayuntamiento-se-une-este-sabado-al-dia-mundial-contra-el-cancer-iluminando-en-color-verde-la-fachada-consistorial\/#primaryimage"},"image":{"@id":"https:\/\/www.laguiadepamplona.com\/actualidad\/el-ayuntamiento-se-une-este-sabado-al-dia-mundial-contra-el-cancer-iluminando-en-color-verde-la-fachada-consistorial\/#primaryimage"},"thumbnailUrl":"https:\/\/www.laguiadepamplona.com\/actualidad\/wp-content\/uploads\/2021\/03\/aytoverde_JGV1123.jpg","datePublished":"2023-02-03T11:09:45+00:00","dateModified":"2023-04-11T09:47:16+00:00","description":"El Pleno municipal suscribe el manifiesto institucional de apoyo \u2018Todos contra el c\u00e1ncer\u2019 para fomentar la prevenci\u00f3n, investigaci\u00f3n y divulgaci\u00f3n","breadcrumb":{"@id":"https:\/\/www.laguiadepamplona.com\/actualidad\/el-ayuntamiento-se-une-este-sabado-al-dia-mundial-contra-el-cancer-iluminando-en-color-verde-la-fachada-consistorial\/#breadcrumb"},"inLanguage":"es","potentialAction":[{"@type":"ReadAction","target":["https:\/\/www.laguiadepamplona.com\/actualidad\/el-ayuntamiento-se-une-este-sabado-al-dia-mundial-contra-el-cancer-iluminando-en-color-verde-la-fachada-consistorial\/"]}]},{"@type":"ImageObject","inLanguage":"es","@id":"https:\/\/www.laguiadepamplona.com\/actualidad\/el-ayuntamiento-se-une-este-sabado-al-dia-mundial-contra-el-cancer-iluminando-en-color-verde-la-fachada-consistorial\/#primaryimage","url":"https:\/\/www.laguiadepamplona.com\/actualidad\/wp-content\/uploads\/2021\/03\/aytoverde_JGV1123.jpg","contentUrl":"https:\/\/www.laguiadepamplona.com\/actualidad\/wp-content\/uploads\/2021\/03\/aytoverde_JGV1123.jpg","width":1920,"height":1280,"caption":"A* Jes\u00fas Garzaron F* 2020_11_19 T* Fachada del Ayuntamiento iluminada de verde L* Ayuntamiento de Pamplona"},{"@type":"BreadcrumbList","@id":"https:\/\/www.laguiadepamplona.com\/actualidad\/el-ayuntamiento-se-une-este-sabado-al-dia-mundial-contra-el-cancer-iluminando-en-color-verde-la-fachada-consistorial\/#breadcrumb","itemListElement":[{"@type":"ListItem","position":1,"name":"Portada","item":"https:\/\/www.laguiadepamplona.com\/actualidad\/"},{"@type":"ListItem","position":2,"name":"El Ayuntamiento se une este s\u00e1bado al D\u00eda Mundial contra el C\u00e1ncer iluminando en color verde la fachada consistorial"}]},{"@type":"WebSite","@id":"https:\/\/www.laguiadepamplona.com\/actualidad\/#website","url":"https:\/\/www.laguiadepamplona.com\/actualidad\/","name":"La gu\u00eda de Pamplona","description":"Noticias de Pamplona","publisher":{"@id":"https:\/\/www.laguiadepamplona.com\/actualidad\/#organization"},"potentialAction":[{"@type":"SearchAction","target":{"@type":"EntryPoint","urlTemplate":"https:\/\/www.laguiadepamplona.com\/actualidad\/?s={search_term_string}"},"query-input":{"@type":"PropertyValueSpecification","valueRequired":true,"valueName":"search_term_string"}}],"inLanguage":"es"},{"@type":"Organization","@id":"https:\/\/www.laguiadepamplona.com\/actualidad\/#organization","name":"La Gu\u00eda de Pamplona \/ Noticias","url":"https:\/\/www.laguiadepamplona.com\/actualidad\/","logo":{"@type":"ImageObject","inLanguage":"es","@id":"https:\/\/www.laguiadepamplona.com\/actualidad\/#\/schema\/logo\/image\/","url":"https:\/\/www.laguiadepamplona.com\/actualidad\/wp-content\/uploads\/2018\/11\/logo-laguiadepamplona18-web1.png","contentUrl":"https:\/\/www.laguiadepamplona.com\/actualidad\/wp-content\/uploads\/2018\/11\/logo-laguiadepamplona18-web1.png","width":600,"height":196,"caption":"La Gu\u00eda de Pamplona \/ Noticias"},"image":{"@id":"https:\/\/www.laguiadepamplona.com\/actualidad\/#\/schema\/logo\/image\/"},"sameAs":["https:\/\/www.facebook.com\/laguiadepamplonacom-133175176762273\/?ref=hl","https:\/\/x.com\/LaGuiadPamplona","https:\/\/www.instagram.com\/la_guia_de_pamplona\/","https:\/\/www.youtube.com\/user\/laguiadepamplona"]},{"@type":"Person","@id":"https:\/\/www.laguiadepamplona.com\/actualidad\/#\/schema\/person\/efe887376f0213d4657c93adc50b1fdb","name":"La Gu\u00eda de Pamplona","image":{"@type":"ImageObject","inLanguage":"es","@id":"https:\/\/secure.gravatar.com\/avatar\/b6992f131dc8d30ab0dff15446e9d346d9dbd95992de0fef795073f5ea83a81c?s=96&d=mm&r=g","url":"https:\/\/secure.gravatar.com\/avatar\/b6992f131dc8d30ab0dff15446e9d346d9dbd95992de0fef795073f5ea83a81c?s=96&d=mm&r=g","contentUrl":"https:\/\/secure.gravatar.com\/avatar\/b6992f131dc8d30ab0dff15446e9d346d9dbd95992de0fef795073f5ea83a81c?s=96&d=mm&r=g","caption":"La Gu\u00eda de Pamplona"}}]}},"post_mailing_queue_ids":[],"_links":{"self":[{"href":"https:\/\/www.laguiadepamplona.com\/actualidad\/wp-json\/wp\/v2\/posts\/42775","targetHints":{"allow":["GET"]}}],"collection":[{"href":"https:\/\/www.laguiadepamplona.com\/actualidad\/wp-json\/wp\/v2\/posts"}],"about":[{"href":"https:\/\/www.laguiadepamplona.com\/actualidad\/wp-json\/wp\/v2\/types\/post"}],"author":[{"embeddable":true,"href":"https:\/\/www.laguiadepamplona.com\/actualidad\/wp-json\/wp\/v2\/users\/1"}],"replies":[{"embeddable":true,"href":"https:\/\/www.laguiadepamplona.com\/actualidad\/wp-json\/wp\/v2\/comments?post=42775"}],"version-history":[{"count":0,"href":"https:\/\/www.laguiadepamplona.com\/actualidad\/wp-json\/wp\/v2\/posts\/42775\/revisions"}],"wp:featuredmedia":[{"embeddable":true,"href":"https:\/\/www.laguiadepamplona.com\/actualidad\/wp-json\/wp\/v2\/media\/33755"}],"wp:attachment":[{"href":"https:\/\/www.laguiadepamplona.com\/actualidad\/wp-json\/wp\/v2\/media?parent=42775"}],"wp:term":[{"taxonomy":"category","embeddable":true,"href":"https:\/\/www.laguiadepamplona.com\/actualidad\/wp-json\/wp\/v2\/categories?post=42775"},{"taxonomy":"post_tag","embeddable":true,"href":"https:\/\/www.laguiadepamplona.com\/actualidad\/wp-json\/wp\/v2\/tags?post=42775"}],"curies":[{"name":"wp","href":"https:\/\/api.w.org\/{rel}","templated":true}]}}