{"id":42772,"date":"2023-02-03T13:08:30","date_gmt":"2023-02-03T11:08:30","guid":{"rendered":"https:\/\/www.laguiadepamplona.com\/actualidad\/?p=42772"},"modified":"2023-04-11T11:47:17","modified_gmt":"2023-04-11T09:47:17","slug":"la-doble-vertiente-del-miedo-como-tecnica-de-control-pero-tambien-como-motor-de-cambio-social-el-centro-de-una-muestra-en-el-pabellon-de-mixtos-de-la-ciudadela","status":"publish","type":"post","link":"https:\/\/www.laguiadepamplona.com\/actualidad\/la-doble-vertiente-del-miedo-como-tecnica-de-control-pero-tambien-como-motor-de-cambio-social-el-centro-de-una-muestra-en-el-pabellon-de-mixtos-de-la-ciudadela\/","title":{"rendered":"La doble vertiente del miedo como t\u00e9cnica de control, pero tambi\u00e9n como motor de cambio social, el centro de una muestra en el Pabell\u00f3n de Mixtos de la Ciudadela"},"content":{"rendered":"<h5>Los colectivos Maslow Industries (Pamplona) y La Trastera (Tarragona) gestaron durante la pandemia \u2018N\u00ba 1,1 # El triunfo del miedo\u2019<\/h5>\n<p><!--more--><\/p>\n<p>El miedo, o mejor, la ausencia de este, es uno de los escalones identificado en los a\u00f1os 40 del siglo pasado por Abraham Maslow en su conocida \u2018pir\u00e1mide\u2019 de necesidades humanas. Seg\u00fan su teor\u00eda, a medida que los individuos van satisfaciendo las necesidades m\u00e1s b\u00e1sicas, desarrollan nuevas necesidades y deseos m\u00e1s elevados. El miedo y las consecuencias que este arroja son el eje de un proyecto expositivo gestado en 2020, cuando la pandemia hab\u00eda puesto este sentimiento al frente de todas las sociedades.<\/p>\n<p>La primera planta del Pabell\u00f3n de Mixtos de la Ciudadela acoge, desde hoy y hasta el 12 de marzo. la exposici\u00f3n \u201cN\u00ba 1,1 # El triunfo del miedo \u2013 El triomf de la por \u2013 Beldurraren garaipena\u201d, un compendio de textos, fotos y otros recursos art\u00edsticos que se gest\u00f3 en una colaboraci\u00f3n de los colectivos Maslow Industries (Pamplona) compuesto por Mar\u00eda Ozcoidi-Moreno, Peio Basail Izcue y Ferm\u00edn D\u00edez de Ulzurrun y La Trastera (Tarragona) integrado por Alexandra Garc\u00eda, Vicky Ben\u00edtez, \u00c0lvar Calvet y Nikolay Vetoshkin. El proyecto inicialmente se desarroll\u00f3 como una publicaci\u00f3n que fue editada por el Museo de Arte Moderno de Tarragona. Posteriormente, tras el confinamiento, se expuso en ese mismo espacio en 2021.<br \/>\n<script async src=\"\/\/pagead2.googlesyndication.com\/pagead\/js\/adsbygoogle.js\"><\/script><br \/>\n<!-- Noticias La Guia de Pamplona --><br \/>\n<ins class=\"adsbygoogle\"\nstyle=\"display:block\"\ndata-ad-client=\"ca-pub-6943679897239327\"\ndata-ad-slot=\"7048180777\"\ndata-ad-format=\"auto\"><\/ins><br \/>\n<script>\n(adsbygoogle = window.adsbygoogle || []).push({});\n<\/script><\/p>\n<p>La muestra que hoy han presentado Javier Manzanos, t\u00e9cnico de Artes Pl\u00e1sticas del Ayuntamiento de Pamplona, Ferm\u00edn Diez de Ulzurrun artista integrante de Maslow Industries y Alvar Calvet, artista integrante de La Trastera, se present\u00f3 tambi\u00e9n el pasado a\u00f1o en el Festival Internacional de Fotograf\u00eda SCAN manteniendo el trasfondo de protesta y de lucha por unos derechos fundamentales e incrementando sus contenidos a la guerra y sus met\u00e1foras. En esta tercera edici\u00f3n la muestra incorpora nuevos artistas como el colectivo DEMOCRACIA, Nerea de Diego, Pedro Pegenaute, Oier Gil y Ro Caminal.<\/p>\n<p>Usando referencias cl\u00e1sicas como la pintura de El Bosco o Goya, pasando por textos literarios como 1984 de George Orwell la exposici\u00f3n reflexiona sobre en c\u00f3mo un momento en el que la pandemia por la COVID 19 parece llegar a su fin, el miedo como sentimiento est\u00e1 lejos de desterrarse. As\u00ed, es una poderosa t\u00e9cnica de control social, pero tambi\u00e9n puede ser positivo, ya que desde el punto de vista de los creadores tambi\u00e9n puede actuar como herramienta aglutinante de una comunidad e impulsar intentos de mejora.<\/p>\n<p>Esa es la base de la exposici\u00f3n: la utilizaci\u00f3n del arte para trasladar otras miradas, para permitir la intuici\u00f3n de que otro mundo es posible. Si, como defend\u00eda Maslow, son las necesidades no satisfechas las que influyen en el comportamiento de todas las personas, el miedo como esquema adaptativo es un mecanismo de supervivencia y defensa que permite al individuo (y a la sociedad) responder ante situaciones adversas con rapidez y eficacia.<br \/>\n<script async src=\"\/\/pagead2.googlesyndication.com\/pagead\/js\/adsbygoogle.js\"><\/script><br \/>\n<!-- Noticias La Guia de Pamplona --><br \/>\n<ins class=\"adsbygoogle\"\nstyle=\"display:block\"\ndata-ad-client=\"ca-pub-6943679897239327\"\ndata-ad-slot=\"7048180777\"\ndata-ad-format=\"auto\"><\/ins><br \/>\n<script>\n(adsbygoogle = window.adsbygoogle || []).push({});\n<\/script><\/p>\n<p>&nbsp;<\/p>\n<h3>\u2018N\u00ba 1,1 # El Triunfo del Miedo\u2019<\/h3>\n<ul>\n<li>Lugar: Pabell\u00f3n de Mixtos de la Ciudadela (primera planta)<\/li>\n<li>Fechas: del 3 de febrero al 12 de marzo de 2023<\/li>\n<li>Horarios:\n<ul>\n<li>De martes a s\u00e1bados de 11.30 a 13.30 y de 18.00 a 20.30<\/li>\n<li>Domingos y festivos de 11:30 a 13:30<\/li>\n<li>Lunes cerrado<\/li>\n<\/ul>\n<\/li>\n<\/ul>\n","protected":false},"excerpt":{"rendered":"<p>Los colectivos Maslow Industries (Pamplona) y La Trastera (Tarragona) gestaron durante la pandemia \u2018N\u00ba 1,1 # El triunfo del miedo\u2019<\/p>\n","protected":false},"author":1,"featured_media":42773,"comment_status":"open","ping_status":"closed","sticky":false,"template":"","format":"standard","meta":{"footnotes":""},"categories":[2],"tags":[],"class_list":["post-42772","post","type-post","status-publish","format-standard","has-post-thumbnail","hentry","category-ayuntamiento-pamplona"],"yoast_head":"<!-- This site is optimized with the Yoast SEO plugin v27.3 - https:\/\/yoast.com\/product\/yoast-seo-wordpress\/ -->\n<title>La doble vertiente del miedo como t\u00e9cnica de control, pero tambi\u00e9n como motor de cambio social, el centro de una muestra en el Pabell\u00f3n de Mixtos de la Ciudadela<\/title>\n<meta name=\"description\" content=\"Los colectivos Maslow Industries (Pamplona) y La Trastera (Tarragona) gestaron durante la pandemia \u2018N\u00ba 1,1 # El triunfo del miedo\u2019\" \/>\n<meta name=\"robots\" content=\"index, follow, max-snippet:-1, max-image-preview:large, max-video-preview:-1\" \/>\n<link rel=\"canonical\" href=\"https:\/\/www.laguiadepamplona.com\/actualidad\/la-doble-vertiente-del-miedo-como-tecnica-de-control-pero-tambien-como-motor-de-cambio-social-el-centro-de-una-muestra-en-el-pabellon-de-mixtos-de-la-ciudadela\/\" \/>\n<meta property=\"og:locale\" content=\"es_ES\" \/>\n<meta property=\"og:type\" content=\"article\" \/>\n<meta property=\"og:title\" content=\"La doble vertiente del miedo como t\u00e9cnica de control, pero tambi\u00e9n como motor de cambio social, el centro de una muestra en el Pabell\u00f3n de Mixtos de la Ciudadela\" \/>\n<meta property=\"og:description\" content=\"Los colectivos Maslow Industries (Pamplona) y La Trastera (Tarragona) gestaron durante la pandemia \u2018N\u00ba 1,1 # El triunfo del miedo\u2019\" \/>\n<meta property=\"og:url\" content=\"https:\/\/www.laguiadepamplona.com\/actualidad\/la-doble-vertiente-del-miedo-como-tecnica-de-control-pero-tambien-como-motor-de-cambio-social-el-centro-de-una-muestra-en-el-pabellon-de-mixtos-de-la-ciudadela\/\" \/>\n<meta property=\"og:site_name\" content=\"La Gu\u00eda de Pamplona\" \/>\n<meta property=\"article:publisher\" content=\"https:\/\/www.facebook.com\/laguiadepamplonacom-133175176762273\/?ref=hl\" \/>\n<meta property=\"article:published_time\" content=\"2023-02-03T11:08:30+00:00\" \/>\n<meta property=\"article:modified_time\" content=\"2023-04-11T09:47:17+00:00\" \/>\n<meta property=\"og:image\" content=\"https:\/\/www.laguiadepamplona.com\/actualidad\/wp-content\/uploads\/2023\/02\/muestra-el-triunfo-del-miedo.webp\" \/>\n\t<meta property=\"og:image:width\" content=\"1600\" \/>\n\t<meta property=\"og:image:height\" content=\"900\" \/>\n\t<meta property=\"og:image:type\" content=\"image\/webp\" \/>\n<meta name=\"author\" content=\"La Gu\u00eda de Pamplona\" \/>\n<meta name=\"twitter:card\" content=\"summary_large_image\" \/>\n<meta name=\"twitter:creator\" content=\"@LaGuiadPamplona\" \/>\n<meta name=\"twitter:site\" content=\"@LaGuiadPamplona\" \/>\n<meta name=\"twitter:label1\" content=\"Escrito por\" \/>\n\t<meta name=\"twitter:data1\" content=\"La Gu\u00eda de Pamplona\" \/>\n\t<meta name=\"twitter:label2\" content=\"Tiempo de lectura\" \/>\n\t<meta name=\"twitter:data2\" content=\"3 minutos\" \/>\n<script type=\"application\/ld+json\" class=\"yoast-schema-graph\">{\"@context\":\"https:\\\/\\\/schema.org\",\"@graph\":[{\"@type\":\"Article\",\"@id\":\"https:\\\/\\\/www.laguiadepamplona.com\\\/actualidad\\\/la-doble-vertiente-del-miedo-como-tecnica-de-control-pero-tambien-como-motor-de-cambio-social-el-centro-de-una-muestra-en-el-pabellon-de-mixtos-de-la-ciudadela\\\/#article\",\"isPartOf\":{\"@id\":\"https:\\\/\\\/www.laguiadepamplona.com\\\/actualidad\\\/la-doble-vertiente-del-miedo-como-tecnica-de-control-pero-tambien-como-motor-de-cambio-social-el-centro-de-una-muestra-en-el-pabellon-de-mixtos-de-la-ciudadela\\\/\"},\"author\":{\"name\":\"La Gu\u00eda de Pamplona\",\"@id\":\"https:\\\/\\\/www.laguiadepamplona.com\\\/actualidad\\\/#\\\/schema\\\/person\\\/efe887376f0213d4657c93adc50b1fdb\"},\"headline\":\"La doble vertiente del miedo como t\u00e9cnica de control, pero tambi\u00e9n como motor de cambio social, el centro de una muestra en el Pabell\u00f3n de Mixtos de la Ciudadela\",\"datePublished\":\"2023-02-03T11:08:30+00:00\",\"dateModified\":\"2023-04-11T09:47:17+00:00\",\"mainEntityOfPage\":{\"@id\":\"https:\\\/\\\/www.laguiadepamplona.com\\\/actualidad\\\/la-doble-vertiente-del-miedo-como-tecnica-de-control-pero-tambien-como-motor-de-cambio-social-el-centro-de-una-muestra-en-el-pabellon-de-mixtos-de-la-ciudadela\\\/\"},\"wordCount\":567,\"commentCount\":0,\"publisher\":{\"@id\":\"https:\\\/\\\/www.laguiadepamplona.com\\\/actualidad\\\/#organization\"},\"image\":{\"@id\":\"https:\\\/\\\/www.laguiadepamplona.com\\\/actualidad\\\/la-doble-vertiente-del-miedo-como-tecnica-de-control-pero-tambien-como-motor-de-cambio-social-el-centro-de-una-muestra-en-el-pabellon-de-mixtos-de-la-ciudadela\\\/#primaryimage\"},\"thumbnailUrl\":\"https:\\\/\\\/www.laguiadepamplona.com\\\/actualidad\\\/wp-content\\\/uploads\\\/2023\\\/02\\\/muestra-el-triunfo-del-miedo.webp\",\"articleSection\":[\"Ayto Pamplona\"],\"inLanguage\":\"es\",\"potentialAction\":[{\"@type\":\"CommentAction\",\"name\":\"Comment\",\"target\":[\"https:\\\/\\\/www.laguiadepamplona.com\\\/actualidad\\\/la-doble-vertiente-del-miedo-como-tecnica-de-control-pero-tambien-como-motor-de-cambio-social-el-centro-de-una-muestra-en-el-pabellon-de-mixtos-de-la-ciudadela\\\/#respond\"]}]},{\"@type\":\"WebPage\",\"@id\":\"https:\\\/\\\/www.laguiadepamplona.com\\\/actualidad\\\/la-doble-vertiente-del-miedo-como-tecnica-de-control-pero-tambien-como-motor-de-cambio-social-el-centro-de-una-muestra-en-el-pabellon-de-mixtos-de-la-ciudadela\\\/\",\"url\":\"https:\\\/\\\/www.laguiadepamplona.com\\\/actualidad\\\/la-doble-vertiente-del-miedo-como-tecnica-de-control-pero-tambien-como-motor-de-cambio-social-el-centro-de-una-muestra-en-el-pabellon-de-mixtos-de-la-ciudadela\\\/\",\"name\":\"La doble vertiente del miedo como t\u00e9cnica de control, pero tambi\u00e9n como motor de cambio social, el centro de una muestra en el Pabell\u00f3n de Mixtos de la Ciudadela\",\"isPartOf\":{\"@id\":\"https:\\\/\\\/www.laguiadepamplona.com\\\/actualidad\\\/#website\"},\"primaryImageOfPage\":{\"@id\":\"https:\\\/\\\/www.laguiadepamplona.com\\\/actualidad\\\/la-doble-vertiente-del-miedo-como-tecnica-de-control-pero-tambien-como-motor-de-cambio-social-el-centro-de-una-muestra-en-el-pabellon-de-mixtos-de-la-ciudadela\\\/#primaryimage\"},\"image\":{\"@id\":\"https:\\\/\\\/www.laguiadepamplona.com\\\/actualidad\\\/la-doble-vertiente-del-miedo-como-tecnica-de-control-pero-tambien-como-motor-de-cambio-social-el-centro-de-una-muestra-en-el-pabellon-de-mixtos-de-la-ciudadela\\\/#primaryimage\"},\"thumbnailUrl\":\"https:\\\/\\\/www.laguiadepamplona.com\\\/actualidad\\\/wp-content\\\/uploads\\\/2023\\\/02\\\/muestra-el-triunfo-del-miedo.webp\",\"datePublished\":\"2023-02-03T11:08:30+00:00\",\"dateModified\":\"2023-04-11T09:47:17+00:00\",\"description\":\"Los colectivos Maslow Industries (Pamplona) y La Trastera (Tarragona) gestaron durante la pandemia \u2018N\u00ba 1,1 # El triunfo del miedo\u2019\",\"breadcrumb\":{\"@id\":\"https:\\\/\\\/www.laguiadepamplona.com\\\/actualidad\\\/la-doble-vertiente-del-miedo-como-tecnica-de-control-pero-tambien-como-motor-de-cambio-social-el-centro-de-una-muestra-en-el-pabellon-de-mixtos-de-la-ciudadela\\\/#breadcrumb\"},\"inLanguage\":\"es\",\"potentialAction\":[{\"@type\":\"ReadAction\",\"target\":[\"https:\\\/\\\/www.laguiadepamplona.com\\\/actualidad\\\/la-doble-vertiente-del-miedo-como-tecnica-de-control-pero-tambien-como-motor-de-cambio-social-el-centro-de-una-muestra-en-el-pabellon-de-mixtos-de-la-ciudadela\\\/\"]}]},{\"@type\":\"ImageObject\",\"inLanguage\":\"es\",\"@id\":\"https:\\\/\\\/www.laguiadepamplona.com\\\/actualidad\\\/la-doble-vertiente-del-miedo-como-tecnica-de-control-pero-tambien-como-motor-de-cambio-social-el-centro-de-una-muestra-en-el-pabellon-de-mixtos-de-la-ciudadela\\\/#primaryimage\",\"url\":\"https:\\\/\\\/www.laguiadepamplona.com\\\/actualidad\\\/wp-content\\\/uploads\\\/2023\\\/02\\\/muestra-el-triunfo-del-miedo.webp\",\"contentUrl\":\"https:\\\/\\\/www.laguiadepamplona.com\\\/actualidad\\\/wp-content\\\/uploads\\\/2023\\\/02\\\/muestra-el-triunfo-del-miedo.webp\",\"width\":1600,\"height\":900},{\"@type\":\"BreadcrumbList\",\"@id\":\"https:\\\/\\\/www.laguiadepamplona.com\\\/actualidad\\\/la-doble-vertiente-del-miedo-como-tecnica-de-control-pero-tambien-como-motor-de-cambio-social-el-centro-de-una-muestra-en-el-pabellon-de-mixtos-de-la-ciudadela\\\/#breadcrumb\",\"itemListElement\":[{\"@type\":\"ListItem\",\"position\":1,\"name\":\"Portada\",\"item\":\"https:\\\/\\\/www.laguiadepamplona.com\\\/actualidad\\\/\"},{\"@type\":\"ListItem\",\"position\":2,\"name\":\"La doble vertiente del miedo como t\u00e9cnica de control, pero tambi\u00e9n como motor de cambio social, el centro de una muestra en el Pabell\u00f3n de Mixtos de la Ciudadela\"}]},{\"@type\":\"WebSite\",\"@id\":\"https:\\\/\\\/www.laguiadepamplona.com\\\/actualidad\\\/#website\",\"url\":\"https:\\\/\\\/www.laguiadepamplona.com\\\/actualidad\\\/\",\"name\":\"La gu\u00eda de Pamplona\",\"description\":\"Noticias de Pamplona\",\"publisher\":{\"@id\":\"https:\\\/\\\/www.laguiadepamplona.com\\\/actualidad\\\/#organization\"},\"potentialAction\":[{\"@type\":\"SearchAction\",\"target\":{\"@type\":\"EntryPoint\",\"urlTemplate\":\"https:\\\/\\\/www.laguiadepamplona.com\\\/actualidad\\\/?s={search_term_string}\"},\"query-input\":{\"@type\":\"PropertyValueSpecification\",\"valueRequired\":true,\"valueName\":\"search_term_string\"}}],\"inLanguage\":\"es\"},{\"@type\":\"Organization\",\"@id\":\"https:\\\/\\\/www.laguiadepamplona.com\\\/actualidad\\\/#organization\",\"name\":\"La Gu\u00eda de Pamplona \\\/ Noticias\",\"url\":\"https:\\\/\\\/www.laguiadepamplona.com\\\/actualidad\\\/\",\"logo\":{\"@type\":\"ImageObject\",\"inLanguage\":\"es\",\"@id\":\"https:\\\/\\\/www.laguiadepamplona.com\\\/actualidad\\\/#\\\/schema\\\/logo\\\/image\\\/\",\"url\":\"https:\\\/\\\/www.laguiadepamplona.com\\\/actualidad\\\/wp-content\\\/uploads\\\/2018\\\/11\\\/logo-laguiadepamplona18-web1.png\",\"contentUrl\":\"https:\\\/\\\/www.laguiadepamplona.com\\\/actualidad\\\/wp-content\\\/uploads\\\/2018\\\/11\\\/logo-laguiadepamplona18-web1.png\",\"width\":600,\"height\":196,\"caption\":\"La Gu\u00eda de Pamplona \\\/ Noticias\"},\"image\":{\"@id\":\"https:\\\/\\\/www.laguiadepamplona.com\\\/actualidad\\\/#\\\/schema\\\/logo\\\/image\\\/\"},\"sameAs\":[\"https:\\\/\\\/www.facebook.com\\\/laguiadepamplonacom-133175176762273\\\/?ref=hl\",\"https:\\\/\\\/x.com\\\/LaGuiadPamplona\",\"https:\\\/\\\/www.instagram.com\\\/la_guia_de_pamplona\\\/\",\"https:\\\/\\\/www.youtube.com\\\/user\\\/laguiadepamplona\"]},{\"@type\":\"Person\",\"@id\":\"https:\\\/\\\/www.laguiadepamplona.com\\\/actualidad\\\/#\\\/schema\\\/person\\\/efe887376f0213d4657c93adc50b1fdb\",\"name\":\"La Gu\u00eda de Pamplona\",\"image\":{\"@type\":\"ImageObject\",\"inLanguage\":\"es\",\"@id\":\"https:\\\/\\\/secure.gravatar.com\\\/avatar\\\/b6992f131dc8d30ab0dff15446e9d346d9dbd95992de0fef795073f5ea83a81c?s=96&d=mm&r=g\",\"url\":\"https:\\\/\\\/secure.gravatar.com\\\/avatar\\\/b6992f131dc8d30ab0dff15446e9d346d9dbd95992de0fef795073f5ea83a81c?s=96&d=mm&r=g\",\"contentUrl\":\"https:\\\/\\\/secure.gravatar.com\\\/avatar\\\/b6992f131dc8d30ab0dff15446e9d346d9dbd95992de0fef795073f5ea83a81c?s=96&d=mm&r=g\",\"caption\":\"La Gu\u00eda de Pamplona\"}}]}<\/script>\n<!-- \/ Yoast SEO plugin. -->","yoast_head_json":{"title":"La doble vertiente del miedo como t\u00e9cnica de control, pero tambi\u00e9n como motor de cambio social, el centro de una muestra en el Pabell\u00f3n de Mixtos de la Ciudadela","description":"Los colectivos Maslow Industries (Pamplona) y La Trastera (Tarragona) gestaron durante la pandemia \u2018N\u00ba 1,1 # El triunfo del miedo\u2019","robots":{"index":"index","follow":"follow","max-snippet":"max-snippet:-1","max-image-preview":"max-image-preview:large","max-video-preview":"max-video-preview:-1"},"canonical":"https:\/\/www.laguiadepamplona.com\/actualidad\/la-doble-vertiente-del-miedo-como-tecnica-de-control-pero-tambien-como-motor-de-cambio-social-el-centro-de-una-muestra-en-el-pabellon-de-mixtos-de-la-ciudadela\/","og_locale":"es_ES","og_type":"article","og_title":"La doble vertiente del miedo como t\u00e9cnica de control, pero tambi\u00e9n como motor de cambio social, el centro de una muestra en el Pabell\u00f3n de Mixtos de la Ciudadela","og_description":"Los colectivos Maslow Industries (Pamplona) y La Trastera (Tarragona) gestaron durante la pandemia \u2018N\u00ba 1,1 # El triunfo del miedo\u2019","og_url":"https:\/\/www.laguiadepamplona.com\/actualidad\/la-doble-vertiente-del-miedo-como-tecnica-de-control-pero-tambien-como-motor-de-cambio-social-el-centro-de-una-muestra-en-el-pabellon-de-mixtos-de-la-ciudadela\/","og_site_name":"La Gu\u00eda de Pamplona","article_publisher":"https:\/\/www.facebook.com\/laguiadepamplonacom-133175176762273\/?ref=hl","article_published_time":"2023-02-03T11:08:30+00:00","article_modified_time":"2023-04-11T09:47:17+00:00","og_image":[{"width":1600,"height":900,"url":"https:\/\/www.laguiadepamplona.com\/actualidad\/wp-content\/uploads\/2023\/02\/muestra-el-triunfo-del-miedo.webp","type":"image\/webp"}],"author":"La Gu\u00eda de Pamplona","twitter_card":"summary_large_image","twitter_creator":"@LaGuiadPamplona","twitter_site":"@LaGuiadPamplona","twitter_misc":{"Escrito por":"La Gu\u00eda de Pamplona","Tiempo de lectura":"3 minutos"},"schema":{"@context":"https:\/\/schema.org","@graph":[{"@type":"Article","@id":"https:\/\/www.laguiadepamplona.com\/actualidad\/la-doble-vertiente-del-miedo-como-tecnica-de-control-pero-tambien-como-motor-de-cambio-social-el-centro-de-una-muestra-en-el-pabellon-de-mixtos-de-la-ciudadela\/#article","isPartOf":{"@id":"https:\/\/www.laguiadepamplona.com\/actualidad\/la-doble-vertiente-del-miedo-como-tecnica-de-control-pero-tambien-como-motor-de-cambio-social-el-centro-de-una-muestra-en-el-pabellon-de-mixtos-de-la-ciudadela\/"},"author":{"name":"La Gu\u00eda de Pamplona","@id":"https:\/\/www.laguiadepamplona.com\/actualidad\/#\/schema\/person\/efe887376f0213d4657c93adc50b1fdb"},"headline":"La doble vertiente del miedo como t\u00e9cnica de control, pero tambi\u00e9n como motor de cambio social, el centro de una muestra en el Pabell\u00f3n de Mixtos de la Ciudadela","datePublished":"2023-02-03T11:08:30+00:00","dateModified":"2023-04-11T09:47:17+00:00","mainEntityOfPage":{"@id":"https:\/\/www.laguiadepamplona.com\/actualidad\/la-doble-vertiente-del-miedo-como-tecnica-de-control-pero-tambien-como-motor-de-cambio-social-el-centro-de-una-muestra-en-el-pabellon-de-mixtos-de-la-ciudadela\/"},"wordCount":567,"commentCount":0,"publisher":{"@id":"https:\/\/www.laguiadepamplona.com\/actualidad\/#organization"},"image":{"@id":"https:\/\/www.laguiadepamplona.com\/actualidad\/la-doble-vertiente-del-miedo-como-tecnica-de-control-pero-tambien-como-motor-de-cambio-social-el-centro-de-una-muestra-en-el-pabellon-de-mixtos-de-la-ciudadela\/#primaryimage"},"thumbnailUrl":"https:\/\/www.laguiadepamplona.com\/actualidad\/wp-content\/uploads\/2023\/02\/muestra-el-triunfo-del-miedo.webp","articleSection":["Ayto Pamplona"],"inLanguage":"es","potentialAction":[{"@type":"CommentAction","name":"Comment","target":["https:\/\/www.laguiadepamplona.com\/actualidad\/la-doble-vertiente-del-miedo-como-tecnica-de-control-pero-tambien-como-motor-de-cambio-social-el-centro-de-una-muestra-en-el-pabellon-de-mixtos-de-la-ciudadela\/#respond"]}]},{"@type":"WebPage","@id":"https:\/\/www.laguiadepamplona.com\/actualidad\/la-doble-vertiente-del-miedo-como-tecnica-de-control-pero-tambien-como-motor-de-cambio-social-el-centro-de-una-muestra-en-el-pabellon-de-mixtos-de-la-ciudadela\/","url":"https:\/\/www.laguiadepamplona.com\/actualidad\/la-doble-vertiente-del-miedo-como-tecnica-de-control-pero-tambien-como-motor-de-cambio-social-el-centro-de-una-muestra-en-el-pabellon-de-mixtos-de-la-ciudadela\/","name":"La doble vertiente del miedo como t\u00e9cnica de control, pero tambi\u00e9n como motor de cambio social, el centro de una muestra en el Pabell\u00f3n de Mixtos de la Ciudadela","isPartOf":{"@id":"https:\/\/www.laguiadepamplona.com\/actualidad\/#website"},"primaryImageOfPage":{"@id":"https:\/\/www.laguiadepamplona.com\/actualidad\/la-doble-vertiente-del-miedo-como-tecnica-de-control-pero-tambien-como-motor-de-cambio-social-el-centro-de-una-muestra-en-el-pabellon-de-mixtos-de-la-ciudadela\/#primaryimage"},"image":{"@id":"https:\/\/www.laguiadepamplona.com\/actualidad\/la-doble-vertiente-del-miedo-como-tecnica-de-control-pero-tambien-como-motor-de-cambio-social-el-centro-de-una-muestra-en-el-pabellon-de-mixtos-de-la-ciudadela\/#primaryimage"},"thumbnailUrl":"https:\/\/www.laguiadepamplona.com\/actualidad\/wp-content\/uploads\/2023\/02\/muestra-el-triunfo-del-miedo.webp","datePublished":"2023-02-03T11:08:30+00:00","dateModified":"2023-04-11T09:47:17+00:00","description":"Los colectivos Maslow Industries (Pamplona) y La Trastera (Tarragona) gestaron durante la pandemia \u2018N\u00ba 1,1 # El triunfo del miedo\u2019","breadcrumb":{"@id":"https:\/\/www.laguiadepamplona.com\/actualidad\/la-doble-vertiente-del-miedo-como-tecnica-de-control-pero-tambien-como-motor-de-cambio-social-el-centro-de-una-muestra-en-el-pabellon-de-mixtos-de-la-ciudadela\/#breadcrumb"},"inLanguage":"es","potentialAction":[{"@type":"ReadAction","target":["https:\/\/www.laguiadepamplona.com\/actualidad\/la-doble-vertiente-del-miedo-como-tecnica-de-control-pero-tambien-como-motor-de-cambio-social-el-centro-de-una-muestra-en-el-pabellon-de-mixtos-de-la-ciudadela\/"]}]},{"@type":"ImageObject","inLanguage":"es","@id":"https:\/\/www.laguiadepamplona.com\/actualidad\/la-doble-vertiente-del-miedo-como-tecnica-de-control-pero-tambien-como-motor-de-cambio-social-el-centro-de-una-muestra-en-el-pabellon-de-mixtos-de-la-ciudadela\/#primaryimage","url":"https:\/\/www.laguiadepamplona.com\/actualidad\/wp-content\/uploads\/2023\/02\/muestra-el-triunfo-del-miedo.webp","contentUrl":"https:\/\/www.laguiadepamplona.com\/actualidad\/wp-content\/uploads\/2023\/02\/muestra-el-triunfo-del-miedo.webp","width":1600,"height":900},{"@type":"BreadcrumbList","@id":"https:\/\/www.laguiadepamplona.com\/actualidad\/la-doble-vertiente-del-miedo-como-tecnica-de-control-pero-tambien-como-motor-de-cambio-social-el-centro-de-una-muestra-en-el-pabellon-de-mixtos-de-la-ciudadela\/#breadcrumb","itemListElement":[{"@type":"ListItem","position":1,"name":"Portada","item":"https:\/\/www.laguiadepamplona.com\/actualidad\/"},{"@type":"ListItem","position":2,"name":"La doble vertiente del miedo como t\u00e9cnica de control, pero tambi\u00e9n como motor de cambio social, el centro de una muestra en el Pabell\u00f3n de Mixtos de la Ciudadela"}]},{"@type":"WebSite","@id":"https:\/\/www.laguiadepamplona.com\/actualidad\/#website","url":"https:\/\/www.laguiadepamplona.com\/actualidad\/","name":"La gu\u00eda de Pamplona","description":"Noticias de Pamplona","publisher":{"@id":"https:\/\/www.laguiadepamplona.com\/actualidad\/#organization"},"potentialAction":[{"@type":"SearchAction","target":{"@type":"EntryPoint","urlTemplate":"https:\/\/www.laguiadepamplona.com\/actualidad\/?s={search_term_string}"},"query-input":{"@type":"PropertyValueSpecification","valueRequired":true,"valueName":"search_term_string"}}],"inLanguage":"es"},{"@type":"Organization","@id":"https:\/\/www.laguiadepamplona.com\/actualidad\/#organization","name":"La Gu\u00eda de Pamplona \/ Noticias","url":"https:\/\/www.laguiadepamplona.com\/actualidad\/","logo":{"@type":"ImageObject","inLanguage":"es","@id":"https:\/\/www.laguiadepamplona.com\/actualidad\/#\/schema\/logo\/image\/","url":"https:\/\/www.laguiadepamplona.com\/actualidad\/wp-content\/uploads\/2018\/11\/logo-laguiadepamplona18-web1.png","contentUrl":"https:\/\/www.laguiadepamplona.com\/actualidad\/wp-content\/uploads\/2018\/11\/logo-laguiadepamplona18-web1.png","width":600,"height":196,"caption":"La Gu\u00eda de Pamplona \/ Noticias"},"image":{"@id":"https:\/\/www.laguiadepamplona.com\/actualidad\/#\/schema\/logo\/image\/"},"sameAs":["https:\/\/www.facebook.com\/laguiadepamplonacom-133175176762273\/?ref=hl","https:\/\/x.com\/LaGuiadPamplona","https:\/\/www.instagram.com\/la_guia_de_pamplona\/","https:\/\/www.youtube.com\/user\/laguiadepamplona"]},{"@type":"Person","@id":"https:\/\/www.laguiadepamplona.com\/actualidad\/#\/schema\/person\/efe887376f0213d4657c93adc50b1fdb","name":"La Gu\u00eda de Pamplona","image":{"@type":"ImageObject","inLanguage":"es","@id":"https:\/\/secure.gravatar.com\/avatar\/b6992f131dc8d30ab0dff15446e9d346d9dbd95992de0fef795073f5ea83a81c?s=96&d=mm&r=g","url":"https:\/\/secure.gravatar.com\/avatar\/b6992f131dc8d30ab0dff15446e9d346d9dbd95992de0fef795073f5ea83a81c?s=96&d=mm&r=g","contentUrl":"https:\/\/secure.gravatar.com\/avatar\/b6992f131dc8d30ab0dff15446e9d346d9dbd95992de0fef795073f5ea83a81c?s=96&d=mm&r=g","caption":"La Gu\u00eda de Pamplona"}}]}},"post_mailing_queue_ids":[],"_links":{"self":[{"href":"https:\/\/www.laguiadepamplona.com\/actualidad\/wp-json\/wp\/v2\/posts\/42772","targetHints":{"allow":["GET"]}}],"collection":[{"href":"https:\/\/www.laguiadepamplona.com\/actualidad\/wp-json\/wp\/v2\/posts"}],"about":[{"href":"https:\/\/www.laguiadepamplona.com\/actualidad\/wp-json\/wp\/v2\/types\/post"}],"author":[{"embeddable":true,"href":"https:\/\/www.laguiadepamplona.com\/actualidad\/wp-json\/wp\/v2\/users\/1"}],"replies":[{"embeddable":true,"href":"https:\/\/www.laguiadepamplona.com\/actualidad\/wp-json\/wp\/v2\/comments?post=42772"}],"version-history":[{"count":0,"href":"https:\/\/www.laguiadepamplona.com\/actualidad\/wp-json\/wp\/v2\/posts\/42772\/revisions"}],"wp:featuredmedia":[{"embeddable":true,"href":"https:\/\/www.laguiadepamplona.com\/actualidad\/wp-json\/wp\/v2\/media\/42773"}],"wp:attachment":[{"href":"https:\/\/www.laguiadepamplona.com\/actualidad\/wp-json\/wp\/v2\/media?parent=42772"}],"wp:term":[{"taxonomy":"category","embeddable":true,"href":"https:\/\/www.laguiadepamplona.com\/actualidad\/wp-json\/wp\/v2\/categories?post=42772"},{"taxonomy":"post_tag","embeddable":true,"href":"https:\/\/www.laguiadepamplona.com\/actualidad\/wp-json\/wp\/v2\/tags?post=42772"}],"curies":[{"name":"wp","href":"https:\/\/api.w.org\/{rel}","templated":true}]}}