{"id":42767,"date":"2023-02-03T13:06:08","date_gmt":"2023-02-03T11:06:08","guid":{"rendered":"https:\/\/www.laguiadepamplona.com\/actualidad\/?p=42767"},"modified":"2023-04-11T11:47:17","modified_gmt":"2023-04-11T09:47:17","slug":"tres-centros-educativos-presentan-su-plan-de-accion-con-propuestas-de-ahorro-y-eficiencia-dentro-del-programa-educativo-municipal-accion-contra-el-despilfarro-energetico","status":"publish","type":"post","link":"https:\/\/www.laguiadepamplona.com\/actualidad\/tres-centros-educativos-presentan-su-plan-de-accion-con-propuestas-de-ahorro-y-eficiencia-dentro-del-programa-educativo-municipal-accion-contra-el-despilfarro-energetico\/","title":{"rendered":"Tres centros educativos presentan su Plan de Acci\u00f3n con propuestas de ahorro y eficiencia dentro del programa educativo municipal \u2018Acci\u00f3n contra el Despilfarro Energ\u00e9tico\u2019"},"content":{"rendered":"<h5>A trav\u00e9s de una herramienta de gamificaci\u00f3n, se han realizado un diagn\u00f3stico energ\u00e9tico y propuestas concretas para implementar en cada centro<\/h5>\n<p><!--more--><\/p>\n<div id='gallery-1' class='gallery galleryid-42767 gallery-columns-3 gallery-size-medium'><figure class='gallery-item'>\n\t\t\t<div class='gallery-icon landscape'>\n\t\t\t\t<a href='https:\/\/www.laguiadepamplona.com\/actualidad\/wp-content\/uploads\/2023\/02\/q5a6436diplomas23-02-01_0.jpg'><img loading=\"lazy\" decoding=\"async\" width=\"450\" height=\"300\" src=\"https:\/\/www.laguiadepamplona.com\/actualidad\/wp-content\/uploads\/2023\/02\/q5a6436diplomas23-02-01_0-450x300.jpg\" class=\"attachment-medium size-medium\" alt=\"\" aria-describedby=\"gallery-1-42770\" srcset=\"https:\/\/www.laguiadepamplona.com\/actualidad\/wp-content\/uploads\/2023\/02\/q5a6436diplomas23-02-01_0-450x300.jpg 450w, https:\/\/www.laguiadepamplona.com\/actualidad\/wp-content\/uploads\/2023\/02\/q5a6436diplomas23-02-01_0-1022x682.jpg 1022w, https:\/\/www.laguiadepamplona.com\/actualidad\/wp-content\/uploads\/2023\/02\/q5a6436diplomas23-02-01_0-768x512.jpg 768w, https:\/\/www.laguiadepamplona.com\/actualidad\/wp-content\/uploads\/2023\/02\/q5a6436diplomas23-02-01_0-1536x1025.jpg 1536w, https:\/\/www.laguiadepamplona.com\/actualidad\/wp-content\/uploads\/2023\/02\/q5a6436diplomas23-02-01_0-640x427.jpg 640w, https:\/\/www.laguiadepamplona.com\/actualidad\/wp-content\/uploads\/2023\/02\/q5a6436diplomas23-02-01_0.jpg 1920w\" sizes=\"auto, (max-width: 450px) 100vw, 450px\" \/><\/a>\n\t\t\t<\/div>\n\t\t\t\t<figcaption class='wp-caption-text gallery-caption' id='gallery-1-42770'>\n\t\t\t\tA* Jes\u00fas Garzaron\/Ayuntamiento de Pamplona\nT* Entrega de diplomas por trabajos de ahorro energ\u00e9tico.\nF* 2023_02_01\nL* Colegio Santa Teresa de Jes\u00fas. Teresianas\n\t\t\t\t<\/figcaption><\/figure><figure class='gallery-item'>\n\t\t\t<div class='gallery-icon landscape'>\n\t\t\t\t<a href='https:\/\/www.laguiadepamplona.com\/actualidad\/wp-content\/uploads\/2023\/02\/q5a6115diplomas23-01-31.jpg'><img loading=\"lazy\" decoding=\"async\" width=\"450\" height=\"300\" src=\"https:\/\/www.laguiadepamplona.com\/actualidad\/wp-content\/uploads\/2023\/02\/q5a6115diplomas23-01-31-450x300.jpg\" class=\"attachment-medium size-medium\" alt=\"\" aria-describedby=\"gallery-1-42769\" srcset=\"https:\/\/www.laguiadepamplona.com\/actualidad\/wp-content\/uploads\/2023\/02\/q5a6115diplomas23-01-31-450x300.jpg 450w, https:\/\/www.laguiadepamplona.com\/actualidad\/wp-content\/uploads\/2023\/02\/q5a6115diplomas23-01-31-1022x682.jpg 1022w, https:\/\/www.laguiadepamplona.com\/actualidad\/wp-content\/uploads\/2023\/02\/q5a6115diplomas23-01-31-768x512.jpg 768w, https:\/\/www.laguiadepamplona.com\/actualidad\/wp-content\/uploads\/2023\/02\/q5a6115diplomas23-01-31-1536x1025.jpg 1536w, https:\/\/www.laguiadepamplona.com\/actualidad\/wp-content\/uploads\/2023\/02\/q5a6115diplomas23-01-31-640x427.jpg 640w, https:\/\/www.laguiadepamplona.com\/actualidad\/wp-content\/uploads\/2023\/02\/q5a6115diplomas23-01-31.jpg 1920w\" sizes=\"auto, (max-width: 450px) 100vw, 450px\" \/><\/a>\n\t\t\t<\/div>\n\t\t\t\t<figcaption class='wp-caption-text gallery-caption' id='gallery-1-42769'>\n\t\t\t\tA* Jes\u00fas Garzaron\/Ayuntamiento de Pamplona\nT* Entrega de diplomas por participar en un programa del Ayuntamiento de Pamplona sobre ahorro energ\u00e9tico\nF* 2023_01_31\nL* FEC Vedruna, Pamplona\n\t\t\t\t<\/figcaption><\/figure><figure class='gallery-item'>\n\t\t\t<div class='gallery-icon landscape'>\n\t\t\t\t<a href='https:\/\/www.laguiadepamplona.com\/actualidad\/wp-content\/uploads\/2023\/02\/aprendizajeambientalelhuertoee5a7000.jpg'><img loading=\"lazy\" decoding=\"async\" width=\"450\" height=\"300\" src=\"https:\/\/www.laguiadepamplona.com\/actualidad\/wp-content\/uploads\/2023\/02\/aprendizajeambientalelhuertoee5a7000-450x300.jpg\" class=\"attachment-medium size-medium\" alt=\"\" srcset=\"https:\/\/www.laguiadepamplona.com\/actualidad\/wp-content\/uploads\/2023\/02\/aprendizajeambientalelhuertoee5a7000-450x300.jpg 450w, https:\/\/www.laguiadepamplona.com\/actualidad\/wp-content\/uploads\/2023\/02\/aprendizajeambientalelhuertoee5a7000-1024x682.jpg 1024w, https:\/\/www.laguiadepamplona.com\/actualidad\/wp-content\/uploads\/2023\/02\/aprendizajeambientalelhuertoee5a7000-768x512.jpg 768w, https:\/\/www.laguiadepamplona.com\/actualidad\/wp-content\/uploads\/2023\/02\/aprendizajeambientalelhuertoee5a7000-1536x1024.jpg 1536w, https:\/\/www.laguiadepamplona.com\/actualidad\/wp-content\/uploads\/2023\/02\/aprendizajeambientalelhuertoee5a7000-640x427.jpg 640w, https:\/\/www.laguiadepamplona.com\/actualidad\/wp-content\/uploads\/2023\/02\/aprendizajeambientalelhuertoee5a7000.jpg 1920w\" sizes=\"auto, (max-width: 450px) 100vw, 450px\" \/><\/a>\n\t\t\t<\/div><\/figure>\n\t\t<\/div>\n\n<p>Los tres centros educativos que est\u00e1n participando este curso en el proyecto educativo \u2018Acci\u00f3n contra el Despilfarro Energ\u00e9tico&#8217; han presentado esta semana el Plan de Acci\u00f3n para el ahorro energ\u00e9tico de sus centros escolares, recibiendo los diplomas que les acreditan como Grupos de Acci\u00f3n contra el despilfarro energ\u00e9tico. Alumnado de 5\u00ba y 6\u00ba de Primaria de los colegios FEC Vedruna, Nuestra Se\u00f1ora del Huerto y Teresianas han trabajado el uso de la herramienta de gamificaci\u00f3n en la que se basa el proyecto para llevar a cabo propuestas de mejora y eficacia energ\u00e9tica que se adoptar\u00e1n en el propio centro escolar.<\/p>\n<p>El proyecto educativo \u201cAcci\u00f3n contra el Despilfarro Energ\u00e9tico\u201d se basa en una herramienta de gamificaci\u00f3n, dise\u00f1ada por el Servicio de Educaci\u00f3n Ambiental del Ayuntamiento de Pamplona, que potencia el aprendizaje significativo con el fin de permitir al alumnado participar de manera activa en la adquisici\u00f3n de los conocimientos, actitudes y habilidades necesarias para ser capaz de analizar y diagnosticar el origen y el uso de la energ\u00eda en el aula. Con ella se potencia la motivaci\u00f3n, la concentraci\u00f3n, la superaci\u00f3n, el esfuerzo, la cooperaci\u00f3n y el trabajo en equipo.<\/p>\n<p>A lo largo de este \u00faltimo trimestre, los centros escolares han desarrollado el itinerario educativo propuesta por la herramienta de gamificaci\u00f3n, con el que han adquirido los conocimientos, actitudes y habilidades en torno a la energ\u00eda. En ese punto, el alumnado se ha convertido en T\u00e9cnico en Administraci\u00f3n Energ\u00e9tica (TAE). A continuaci\u00f3n, se crearon equipos encargados de descubrir los h\u00e1bitos sobre el uso de la energ\u00eda en su propio centro escolar a trav\u00e9s de un diagn\u00f3stico energ\u00e9tico.<br \/>\n<script async src=\"\/\/pagead2.googlesyndication.com\/pagead\/js\/adsbygoogle.js\"><\/script><br \/>\n<!-- Noticias La Guia de Pamplona --><br \/>\n<ins class=\"adsbygoogle\"\nstyle=\"display:block\"\ndata-ad-client=\"ca-pub-6943679897239327\"\ndata-ad-slot=\"7048180777\"\ndata-ad-format=\"auto\"><\/ins><br \/>\n<script>\n(adsbygoogle = window.adsbygoogle || []).push({});\n<\/script><\/p>\n<p><strong>Diagn\u00f3stico y propuestas para los propios centros escolares<\/strong><\/p>\n<p>Tras ese diagn\u00f3stico, cada equipo realiz\u00f3 una propuesta de acciones encaminadas a mejorar la eficiencia energ\u00e9tica y ahorro energ\u00e9tico del centro escolar. El pasado mes de enero se llevaron a cabo sesiones dinamizadas para realizar la priorizaci\u00f3n de las acciones propuestas por todos los grupos y para generar una propuesta com\u00fan con actuaciones para llevar a cabo el Plan de Acci\u00f3n. El Ayuntamiento aporta unos 1.000 euros para que cada centro invierta en alguna de esas propuestas. FEC Vedruna va a dedicar el dinero para cambiar las luces fluorescentes por luces LED y Nuestra Se\u00f1ora del Huerto y Teresianas van a poner sensores de luz en los pasillos.<\/p>\n<p>Adem\u00e1s, se han propuesto otras ideas que requieren cambios de h\u00e1bitos por parte del alumnado, del profesorado y del centro. Entre ellas, est\u00e1n apagar la luz al salir de clase, apagar la calefacci\u00f3n 5 minutos antes de irse de clase, preguntar a la compa\u00f1\u00eda sobre el origen de la electricidad, tener personas encargadas de abrir las ventanas y apagar las luces, desconectar el <em>stand-by<\/em> de los aparatos, controlar la presi\u00f3n del agua en los ba\u00f1os, ir al colegio andando o en bici o utilizar luz natural.<\/p>\n<p>En esta \u00faltima semana han presentado el Plan de Acci\u00f3n contra el Despilfarro Energ\u00e9tico, donde han detallado c\u00f3mo van a llevar a cabo las acciones propuestas. De esta manera, se han convertido en Grupo de Acci\u00f3n contra el Despilfarro Energ\u00e9tico, como muestran los diplomas recibidos.<\/p>\n<p>La pr\u00f3xima cita del programa ser\u00e1 en el mes de junio, con un encuentro donde los tres centros escolares pondr\u00e1n en com\u00fan c\u00f3mo han llevado a cabo el Plan de Acci\u00f3n para la mejora del ahorro energ\u00e9tico en sus colegios. Durante todo el proceso del programa, los centros cuentan con un seguimiento por parte del Servicio de Educaci\u00f3n Ambiental, para constatar el ahorro energ\u00e9tico y las medidas que se toman hacia esa transici\u00f3n energ\u00e9tica. Asimismo, el Ayuntamiento se compromete a facilitar materialmente la transici\u00f3n energ\u00e9tica a los centros, teniendo en cuenta el ahorro energ\u00e9tico de los mismos.<br \/>\n<script async src=\"\/\/pagead2.googlesyndication.com\/pagead\/js\/adsbygoogle.js\"><\/script><br \/>\n<!-- Noticias La Guia de Pamplona --><br \/>\n<ins class=\"adsbygoogle\"\nstyle=\"display:block\"\ndata-ad-client=\"ca-pub-6943679897239327\"\ndata-ad-slot=\"7048180777\"\ndata-ad-format=\"auto\"><\/ins><br \/>\n<script>\n(adsbygoogle = window.adsbygoogle || []).push({});\n<\/script><\/p>\n<p><strong>Nueva convocatoria<\/strong><\/p>\n<p>Pr\u00f3ximamente, se realizar\u00e1 tambi\u00e9n una nueva convocatoria p\u00fablica para seleccionar a centros educativos de Pamplona que quieran participar en este proyecto de \u2018Acci\u00f3n contra el Despilfarro Energ\u00e9tico\u2019 en el pr\u00f3ximo curso escolar 2023\/2024. Adem\u00e1s de los centros educativos que participen y que cuenten con el seguimiento del Servicio de Educaci\u00f3n Ambiental, la herramienta permite su uso libre por cualquier colegio que quiera trabajar los contenidos curriculares de la energ\u00eda, el cambio clim\u00e1tico y la transici\u00f3n energ\u00e9tica.<\/p>\n<p>El Ayuntamiento de Pamplona quiere con esta iniciativa seguir trabajando en la lucha contra el cambio clim\u00e1tico y en la adaptaci\u00f3n de la ciudad a esos efectos y riesgos clim\u00e1ticos en un momento en el que se est\u00e1 terminando de desarrollar la Estrategia de Transici\u00f3n Energ\u00e9tica y Cambio Clim\u00e1tico 2030. La estrategia se enmarca dentro del proyecto \u2018Go Green Pamplona\u2019. El Ayuntamiento participa en Stardust, un proyecto europeo encaminado a aumentar la eficiencia energ\u00e9tica global y mejorar la calidad de vida en las ciudades participantes. La herramienta de gamificaci\u00f3n es una l\u00ednea de acci\u00f3n dentro de este proyecto y ha recibido financiaci\u00f3n del programa de investigaci\u00f3n e innovaci\u00f3n HORIZON 2020 de la Uni\u00f3n Europea.<\/p>\n","protected":false},"excerpt":{"rendered":"<p>A trav\u00e9s de una herramienta de gamificaci\u00f3n, se han realizado un diagn\u00f3stico energ\u00e9tico y propuestas concretas para implementar en cada centro<\/p>\n","protected":false},"author":1,"featured_media":42768,"comment_status":"open","ping_status":"closed","sticky":false,"template":"","format":"standard","meta":{"footnotes":""},"categories":[2],"tags":[],"class_list":["post-42767","post","type-post","status-publish","format-standard","has-post-thumbnail","hentry","category-ayuntamiento-pamplona"],"yoast_head":"<!-- This site is optimized with the Yoast SEO plugin v27.3 - https:\/\/yoast.com\/product\/yoast-seo-wordpress\/ -->\n<title>Tres centros educativos presentan su Plan de Acci\u00f3n con propuestas de ahorro y eficiencia dentro del programa educativo municipal \u2018Acci\u00f3n contra el Despilfarro Energ\u00e9tico\u2019<\/title>\n<meta name=\"description\" content=\"A trav\u00e9s de una herramienta de gamificaci\u00f3n, se han realizado un diagn\u00f3stico energ\u00e9tico y propuestas concretas para implementar en cada centro\" \/>\n<meta name=\"robots\" content=\"index, follow, max-snippet:-1, max-image-preview:large, max-video-preview:-1\" \/>\n<link rel=\"canonical\" href=\"https:\/\/www.laguiadepamplona.com\/actualidad\/tres-centros-educativos-presentan-su-plan-de-accion-con-propuestas-de-ahorro-y-eficiencia-dentro-del-programa-educativo-municipal-accion-contra-el-despilfarro-energetico\/\" \/>\n<meta property=\"og:locale\" content=\"es_ES\" \/>\n<meta property=\"og:type\" content=\"article\" \/>\n<meta property=\"og:title\" content=\"Tres centros educativos presentan su Plan de Acci\u00f3n con propuestas de ahorro y eficiencia dentro del programa educativo municipal \u2018Acci\u00f3n contra el Despilfarro Energ\u00e9tico\u2019\" \/>\n<meta property=\"og:description\" content=\"A trav\u00e9s de una herramienta de gamificaci\u00f3n, se han realizado un diagn\u00f3stico energ\u00e9tico y propuestas concretas para implementar en cada centro\" \/>\n<meta property=\"og:url\" content=\"https:\/\/www.laguiadepamplona.com\/actualidad\/tres-centros-educativos-presentan-su-plan-de-accion-con-propuestas-de-ahorro-y-eficiencia-dentro-del-programa-educativo-municipal-accion-contra-el-despilfarro-energetico\/\" \/>\n<meta property=\"og:site_name\" content=\"La Gu\u00eda de Pamplona\" \/>\n<meta property=\"article:publisher\" content=\"https:\/\/www.facebook.com\/laguiadepamplonacom-133175176762273\/?ref=hl\" \/>\n<meta property=\"article:published_time\" content=\"2023-02-03T11:06:08+00:00\" \/>\n<meta property=\"article:modified_time\" content=\"2023-04-11T09:47:17+00:00\" \/>\n<meta property=\"og:image\" content=\"https:\/\/www.laguiadepamplona.com\/actualidad\/wp-content\/uploads\/2023\/02\/aprendizajeambientalelhuertoee5a7000.jpg\" \/>\n\t<meta property=\"og:image:width\" content=\"1920\" \/>\n\t<meta property=\"og:image:height\" content=\"1280\" \/>\n\t<meta property=\"og:image:type\" content=\"image\/jpeg\" \/>\n<meta name=\"author\" content=\"La Gu\u00eda de Pamplona\" \/>\n<meta name=\"twitter:card\" content=\"summary_large_image\" \/>\n<meta name=\"twitter:creator\" content=\"@LaGuiadPamplona\" \/>\n<meta name=\"twitter:site\" content=\"@LaGuiadPamplona\" \/>\n<meta name=\"twitter:label1\" content=\"Escrito por\" \/>\n\t<meta name=\"twitter:data1\" content=\"La Gu\u00eda de Pamplona\" \/>\n\t<meta name=\"twitter:label2\" content=\"Tiempo de lectura\" \/>\n\t<meta name=\"twitter:data2\" content=\"4 minutos\" \/>\n<script type=\"application\/ld+json\" class=\"yoast-schema-graph\">{\"@context\":\"https:\\\/\\\/schema.org\",\"@graph\":[{\"@type\":\"Article\",\"@id\":\"https:\\\/\\\/www.laguiadepamplona.com\\\/actualidad\\\/tres-centros-educativos-presentan-su-plan-de-accion-con-propuestas-de-ahorro-y-eficiencia-dentro-del-programa-educativo-municipal-accion-contra-el-despilfarro-energetico\\\/#article\",\"isPartOf\":{\"@id\":\"https:\\\/\\\/www.laguiadepamplona.com\\\/actualidad\\\/tres-centros-educativos-presentan-su-plan-de-accion-con-propuestas-de-ahorro-y-eficiencia-dentro-del-programa-educativo-municipal-accion-contra-el-despilfarro-energetico\\\/\"},\"author\":{\"name\":\"La Gu\u00eda de Pamplona\",\"@id\":\"https:\\\/\\\/www.laguiadepamplona.com\\\/actualidad\\\/#\\\/schema\\\/person\\\/efe887376f0213d4657c93adc50b1fdb\"},\"headline\":\"Tres centros educativos presentan su Plan de Acci\u00f3n con propuestas de ahorro y eficiencia dentro del programa educativo municipal \u2018Acci\u00f3n contra el Despilfarro Energ\u00e9tico\u2019\",\"datePublished\":\"2023-02-03T11:06:08+00:00\",\"dateModified\":\"2023-04-11T09:47:17+00:00\",\"mainEntityOfPage\":{\"@id\":\"https:\\\/\\\/www.laguiadepamplona.com\\\/actualidad\\\/tres-centros-educativos-presentan-su-plan-de-accion-con-propuestas-de-ahorro-y-eficiencia-dentro-del-programa-educativo-municipal-accion-contra-el-despilfarro-energetico\\\/\"},\"wordCount\":945,\"commentCount\":0,\"publisher\":{\"@id\":\"https:\\\/\\\/www.laguiadepamplona.com\\\/actualidad\\\/#organization\"},\"image\":{\"@id\":\"https:\\\/\\\/www.laguiadepamplona.com\\\/actualidad\\\/tres-centros-educativos-presentan-su-plan-de-accion-con-propuestas-de-ahorro-y-eficiencia-dentro-del-programa-educativo-municipal-accion-contra-el-despilfarro-energetico\\\/#primaryimage\"},\"thumbnailUrl\":\"https:\\\/\\\/www.laguiadepamplona.com\\\/actualidad\\\/wp-content\\\/uploads\\\/2023\\\/02\\\/aprendizajeambientalelhuertoee5a7000.jpg\",\"articleSection\":[\"Ayto Pamplona\"],\"inLanguage\":\"es\",\"potentialAction\":[{\"@type\":\"CommentAction\",\"name\":\"Comment\",\"target\":[\"https:\\\/\\\/www.laguiadepamplona.com\\\/actualidad\\\/tres-centros-educativos-presentan-su-plan-de-accion-con-propuestas-de-ahorro-y-eficiencia-dentro-del-programa-educativo-municipal-accion-contra-el-despilfarro-energetico\\\/#respond\"]}]},{\"@type\":\"WebPage\",\"@id\":\"https:\\\/\\\/www.laguiadepamplona.com\\\/actualidad\\\/tres-centros-educativos-presentan-su-plan-de-accion-con-propuestas-de-ahorro-y-eficiencia-dentro-del-programa-educativo-municipal-accion-contra-el-despilfarro-energetico\\\/\",\"url\":\"https:\\\/\\\/www.laguiadepamplona.com\\\/actualidad\\\/tres-centros-educativos-presentan-su-plan-de-accion-con-propuestas-de-ahorro-y-eficiencia-dentro-del-programa-educativo-municipal-accion-contra-el-despilfarro-energetico\\\/\",\"name\":\"Tres centros educativos presentan su Plan de Acci\u00f3n con propuestas de ahorro y eficiencia dentro del programa educativo municipal \u2018Acci\u00f3n contra el Despilfarro Energ\u00e9tico\u2019\",\"isPartOf\":{\"@id\":\"https:\\\/\\\/www.laguiadepamplona.com\\\/actualidad\\\/#website\"},\"primaryImageOfPage\":{\"@id\":\"https:\\\/\\\/www.laguiadepamplona.com\\\/actualidad\\\/tres-centros-educativos-presentan-su-plan-de-accion-con-propuestas-de-ahorro-y-eficiencia-dentro-del-programa-educativo-municipal-accion-contra-el-despilfarro-energetico\\\/#primaryimage\"},\"image\":{\"@id\":\"https:\\\/\\\/www.laguiadepamplona.com\\\/actualidad\\\/tres-centros-educativos-presentan-su-plan-de-accion-con-propuestas-de-ahorro-y-eficiencia-dentro-del-programa-educativo-municipal-accion-contra-el-despilfarro-energetico\\\/#primaryimage\"},\"thumbnailUrl\":\"https:\\\/\\\/www.laguiadepamplona.com\\\/actualidad\\\/wp-content\\\/uploads\\\/2023\\\/02\\\/aprendizajeambientalelhuertoee5a7000.jpg\",\"datePublished\":\"2023-02-03T11:06:08+00:00\",\"dateModified\":\"2023-04-11T09:47:17+00:00\",\"description\":\"A trav\u00e9s de una herramienta de gamificaci\u00f3n, se han realizado un diagn\u00f3stico energ\u00e9tico y propuestas concretas para implementar en cada centro\",\"breadcrumb\":{\"@id\":\"https:\\\/\\\/www.laguiadepamplona.com\\\/actualidad\\\/tres-centros-educativos-presentan-su-plan-de-accion-con-propuestas-de-ahorro-y-eficiencia-dentro-del-programa-educativo-municipal-accion-contra-el-despilfarro-energetico\\\/#breadcrumb\"},\"inLanguage\":\"es\",\"potentialAction\":[{\"@type\":\"ReadAction\",\"target\":[\"https:\\\/\\\/www.laguiadepamplona.com\\\/actualidad\\\/tres-centros-educativos-presentan-su-plan-de-accion-con-propuestas-de-ahorro-y-eficiencia-dentro-del-programa-educativo-municipal-accion-contra-el-despilfarro-energetico\\\/\"]}]},{\"@type\":\"ImageObject\",\"inLanguage\":\"es\",\"@id\":\"https:\\\/\\\/www.laguiadepamplona.com\\\/actualidad\\\/tres-centros-educativos-presentan-su-plan-de-accion-con-propuestas-de-ahorro-y-eficiencia-dentro-del-programa-educativo-municipal-accion-contra-el-despilfarro-energetico\\\/#primaryimage\",\"url\":\"https:\\\/\\\/www.laguiadepamplona.com\\\/actualidad\\\/wp-content\\\/uploads\\\/2023\\\/02\\\/aprendizajeambientalelhuertoee5a7000.jpg\",\"contentUrl\":\"https:\\\/\\\/www.laguiadepamplona.com\\\/actualidad\\\/wp-content\\\/uploads\\\/2023\\\/02\\\/aprendizajeambientalelhuertoee5a7000.jpg\",\"width\":1920,\"height\":1280},{\"@type\":\"BreadcrumbList\",\"@id\":\"https:\\\/\\\/www.laguiadepamplona.com\\\/actualidad\\\/tres-centros-educativos-presentan-su-plan-de-accion-con-propuestas-de-ahorro-y-eficiencia-dentro-del-programa-educativo-municipal-accion-contra-el-despilfarro-energetico\\\/#breadcrumb\",\"itemListElement\":[{\"@type\":\"ListItem\",\"position\":1,\"name\":\"Portada\",\"item\":\"https:\\\/\\\/www.laguiadepamplona.com\\\/actualidad\\\/\"},{\"@type\":\"ListItem\",\"position\":2,\"name\":\"Tres centros educativos presentan su Plan de Acci\u00f3n con propuestas de ahorro y eficiencia dentro del programa educativo municipal \u2018Acci\u00f3n contra el Despilfarro Energ\u00e9tico\u2019\"}]},{\"@type\":\"WebSite\",\"@id\":\"https:\\\/\\\/www.laguiadepamplona.com\\\/actualidad\\\/#website\",\"url\":\"https:\\\/\\\/www.laguiadepamplona.com\\\/actualidad\\\/\",\"name\":\"La gu\u00eda de Pamplona\",\"description\":\"Noticias de Pamplona\",\"publisher\":{\"@id\":\"https:\\\/\\\/www.laguiadepamplona.com\\\/actualidad\\\/#organization\"},\"potentialAction\":[{\"@type\":\"SearchAction\",\"target\":{\"@type\":\"EntryPoint\",\"urlTemplate\":\"https:\\\/\\\/www.laguiadepamplona.com\\\/actualidad\\\/?s={search_term_string}\"},\"query-input\":{\"@type\":\"PropertyValueSpecification\",\"valueRequired\":true,\"valueName\":\"search_term_string\"}}],\"inLanguage\":\"es\"},{\"@type\":\"Organization\",\"@id\":\"https:\\\/\\\/www.laguiadepamplona.com\\\/actualidad\\\/#organization\",\"name\":\"La Gu\u00eda de Pamplona \\\/ Noticias\",\"url\":\"https:\\\/\\\/www.laguiadepamplona.com\\\/actualidad\\\/\",\"logo\":{\"@type\":\"ImageObject\",\"inLanguage\":\"es\",\"@id\":\"https:\\\/\\\/www.laguiadepamplona.com\\\/actualidad\\\/#\\\/schema\\\/logo\\\/image\\\/\",\"url\":\"https:\\\/\\\/www.laguiadepamplona.com\\\/actualidad\\\/wp-content\\\/uploads\\\/2018\\\/11\\\/logo-laguiadepamplona18-web1.png\",\"contentUrl\":\"https:\\\/\\\/www.laguiadepamplona.com\\\/actualidad\\\/wp-content\\\/uploads\\\/2018\\\/11\\\/logo-laguiadepamplona18-web1.png\",\"width\":600,\"height\":196,\"caption\":\"La Gu\u00eda de Pamplona \\\/ Noticias\"},\"image\":{\"@id\":\"https:\\\/\\\/www.laguiadepamplona.com\\\/actualidad\\\/#\\\/schema\\\/logo\\\/image\\\/\"},\"sameAs\":[\"https:\\\/\\\/www.facebook.com\\\/laguiadepamplonacom-133175176762273\\\/?ref=hl\",\"https:\\\/\\\/x.com\\\/LaGuiadPamplona\",\"https:\\\/\\\/www.instagram.com\\\/la_guia_de_pamplona\\\/\",\"https:\\\/\\\/www.youtube.com\\\/user\\\/laguiadepamplona\"]},{\"@type\":\"Person\",\"@id\":\"https:\\\/\\\/www.laguiadepamplona.com\\\/actualidad\\\/#\\\/schema\\\/person\\\/efe887376f0213d4657c93adc50b1fdb\",\"name\":\"La Gu\u00eda de Pamplona\",\"image\":{\"@type\":\"ImageObject\",\"inLanguage\":\"es\",\"@id\":\"https:\\\/\\\/secure.gravatar.com\\\/avatar\\\/b6992f131dc8d30ab0dff15446e9d346d9dbd95992de0fef795073f5ea83a81c?s=96&d=mm&r=g\",\"url\":\"https:\\\/\\\/secure.gravatar.com\\\/avatar\\\/b6992f131dc8d30ab0dff15446e9d346d9dbd95992de0fef795073f5ea83a81c?s=96&d=mm&r=g\",\"contentUrl\":\"https:\\\/\\\/secure.gravatar.com\\\/avatar\\\/b6992f131dc8d30ab0dff15446e9d346d9dbd95992de0fef795073f5ea83a81c?s=96&d=mm&r=g\",\"caption\":\"La Gu\u00eda de Pamplona\"}}]}<\/script>\n<!-- \/ Yoast SEO plugin. -->","yoast_head_json":{"title":"Tres centros educativos presentan su Plan de Acci\u00f3n con propuestas de ahorro y eficiencia dentro del programa educativo municipal \u2018Acci\u00f3n contra el Despilfarro Energ\u00e9tico\u2019","description":"A trav\u00e9s de una herramienta de gamificaci\u00f3n, se han realizado un diagn\u00f3stico energ\u00e9tico y propuestas concretas para implementar en cada centro","robots":{"index":"index","follow":"follow","max-snippet":"max-snippet:-1","max-image-preview":"max-image-preview:large","max-video-preview":"max-video-preview:-1"},"canonical":"https:\/\/www.laguiadepamplona.com\/actualidad\/tres-centros-educativos-presentan-su-plan-de-accion-con-propuestas-de-ahorro-y-eficiencia-dentro-del-programa-educativo-municipal-accion-contra-el-despilfarro-energetico\/","og_locale":"es_ES","og_type":"article","og_title":"Tres centros educativos presentan su Plan de Acci\u00f3n con propuestas de ahorro y eficiencia dentro del programa educativo municipal \u2018Acci\u00f3n contra el Despilfarro Energ\u00e9tico\u2019","og_description":"A trav\u00e9s de una herramienta de gamificaci\u00f3n, se han realizado un diagn\u00f3stico energ\u00e9tico y propuestas concretas para implementar en cada centro","og_url":"https:\/\/www.laguiadepamplona.com\/actualidad\/tres-centros-educativos-presentan-su-plan-de-accion-con-propuestas-de-ahorro-y-eficiencia-dentro-del-programa-educativo-municipal-accion-contra-el-despilfarro-energetico\/","og_site_name":"La Gu\u00eda de Pamplona","article_publisher":"https:\/\/www.facebook.com\/laguiadepamplonacom-133175176762273\/?ref=hl","article_published_time":"2023-02-03T11:06:08+00:00","article_modified_time":"2023-04-11T09:47:17+00:00","og_image":[{"width":1920,"height":1280,"url":"https:\/\/www.laguiadepamplona.com\/actualidad\/wp-content\/uploads\/2023\/02\/aprendizajeambientalelhuertoee5a7000.jpg","type":"image\/jpeg"}],"author":"La Gu\u00eda de Pamplona","twitter_card":"summary_large_image","twitter_creator":"@LaGuiadPamplona","twitter_site":"@LaGuiadPamplona","twitter_misc":{"Escrito por":"La Gu\u00eda de Pamplona","Tiempo de lectura":"4 minutos"},"schema":{"@context":"https:\/\/schema.org","@graph":[{"@type":"Article","@id":"https:\/\/www.laguiadepamplona.com\/actualidad\/tres-centros-educativos-presentan-su-plan-de-accion-con-propuestas-de-ahorro-y-eficiencia-dentro-del-programa-educativo-municipal-accion-contra-el-despilfarro-energetico\/#article","isPartOf":{"@id":"https:\/\/www.laguiadepamplona.com\/actualidad\/tres-centros-educativos-presentan-su-plan-de-accion-con-propuestas-de-ahorro-y-eficiencia-dentro-del-programa-educativo-municipal-accion-contra-el-despilfarro-energetico\/"},"author":{"name":"La Gu\u00eda de Pamplona","@id":"https:\/\/www.laguiadepamplona.com\/actualidad\/#\/schema\/person\/efe887376f0213d4657c93adc50b1fdb"},"headline":"Tres centros educativos presentan su Plan de Acci\u00f3n con propuestas de ahorro y eficiencia dentro del programa educativo municipal \u2018Acci\u00f3n contra el Despilfarro Energ\u00e9tico\u2019","datePublished":"2023-02-03T11:06:08+00:00","dateModified":"2023-04-11T09:47:17+00:00","mainEntityOfPage":{"@id":"https:\/\/www.laguiadepamplona.com\/actualidad\/tres-centros-educativos-presentan-su-plan-de-accion-con-propuestas-de-ahorro-y-eficiencia-dentro-del-programa-educativo-municipal-accion-contra-el-despilfarro-energetico\/"},"wordCount":945,"commentCount":0,"publisher":{"@id":"https:\/\/www.laguiadepamplona.com\/actualidad\/#organization"},"image":{"@id":"https:\/\/www.laguiadepamplona.com\/actualidad\/tres-centros-educativos-presentan-su-plan-de-accion-con-propuestas-de-ahorro-y-eficiencia-dentro-del-programa-educativo-municipal-accion-contra-el-despilfarro-energetico\/#primaryimage"},"thumbnailUrl":"https:\/\/www.laguiadepamplona.com\/actualidad\/wp-content\/uploads\/2023\/02\/aprendizajeambientalelhuertoee5a7000.jpg","articleSection":["Ayto Pamplona"],"inLanguage":"es","potentialAction":[{"@type":"CommentAction","name":"Comment","target":["https:\/\/www.laguiadepamplona.com\/actualidad\/tres-centros-educativos-presentan-su-plan-de-accion-con-propuestas-de-ahorro-y-eficiencia-dentro-del-programa-educativo-municipal-accion-contra-el-despilfarro-energetico\/#respond"]}]},{"@type":"WebPage","@id":"https:\/\/www.laguiadepamplona.com\/actualidad\/tres-centros-educativos-presentan-su-plan-de-accion-con-propuestas-de-ahorro-y-eficiencia-dentro-del-programa-educativo-municipal-accion-contra-el-despilfarro-energetico\/","url":"https:\/\/www.laguiadepamplona.com\/actualidad\/tres-centros-educativos-presentan-su-plan-de-accion-con-propuestas-de-ahorro-y-eficiencia-dentro-del-programa-educativo-municipal-accion-contra-el-despilfarro-energetico\/","name":"Tres centros educativos presentan su Plan de Acci\u00f3n con propuestas de ahorro y eficiencia dentro del programa educativo municipal \u2018Acci\u00f3n contra el Despilfarro Energ\u00e9tico\u2019","isPartOf":{"@id":"https:\/\/www.laguiadepamplona.com\/actualidad\/#website"},"primaryImageOfPage":{"@id":"https:\/\/www.laguiadepamplona.com\/actualidad\/tres-centros-educativos-presentan-su-plan-de-accion-con-propuestas-de-ahorro-y-eficiencia-dentro-del-programa-educativo-municipal-accion-contra-el-despilfarro-energetico\/#primaryimage"},"image":{"@id":"https:\/\/www.laguiadepamplona.com\/actualidad\/tres-centros-educativos-presentan-su-plan-de-accion-con-propuestas-de-ahorro-y-eficiencia-dentro-del-programa-educativo-municipal-accion-contra-el-despilfarro-energetico\/#primaryimage"},"thumbnailUrl":"https:\/\/www.laguiadepamplona.com\/actualidad\/wp-content\/uploads\/2023\/02\/aprendizajeambientalelhuertoee5a7000.jpg","datePublished":"2023-02-03T11:06:08+00:00","dateModified":"2023-04-11T09:47:17+00:00","description":"A trav\u00e9s de una herramienta de gamificaci\u00f3n, se han realizado un diagn\u00f3stico energ\u00e9tico y propuestas concretas para implementar en cada centro","breadcrumb":{"@id":"https:\/\/www.laguiadepamplona.com\/actualidad\/tres-centros-educativos-presentan-su-plan-de-accion-con-propuestas-de-ahorro-y-eficiencia-dentro-del-programa-educativo-municipal-accion-contra-el-despilfarro-energetico\/#breadcrumb"},"inLanguage":"es","potentialAction":[{"@type":"ReadAction","target":["https:\/\/www.laguiadepamplona.com\/actualidad\/tres-centros-educativos-presentan-su-plan-de-accion-con-propuestas-de-ahorro-y-eficiencia-dentro-del-programa-educativo-municipal-accion-contra-el-despilfarro-energetico\/"]}]},{"@type":"ImageObject","inLanguage":"es","@id":"https:\/\/www.laguiadepamplona.com\/actualidad\/tres-centros-educativos-presentan-su-plan-de-accion-con-propuestas-de-ahorro-y-eficiencia-dentro-del-programa-educativo-municipal-accion-contra-el-despilfarro-energetico\/#primaryimage","url":"https:\/\/www.laguiadepamplona.com\/actualidad\/wp-content\/uploads\/2023\/02\/aprendizajeambientalelhuertoee5a7000.jpg","contentUrl":"https:\/\/www.laguiadepamplona.com\/actualidad\/wp-content\/uploads\/2023\/02\/aprendizajeambientalelhuertoee5a7000.jpg","width":1920,"height":1280},{"@type":"BreadcrumbList","@id":"https:\/\/www.laguiadepamplona.com\/actualidad\/tres-centros-educativos-presentan-su-plan-de-accion-con-propuestas-de-ahorro-y-eficiencia-dentro-del-programa-educativo-municipal-accion-contra-el-despilfarro-energetico\/#breadcrumb","itemListElement":[{"@type":"ListItem","position":1,"name":"Portada","item":"https:\/\/www.laguiadepamplona.com\/actualidad\/"},{"@type":"ListItem","position":2,"name":"Tres centros educativos presentan su Plan de Acci\u00f3n con propuestas de ahorro y eficiencia dentro del programa educativo municipal \u2018Acci\u00f3n contra el Despilfarro Energ\u00e9tico\u2019"}]},{"@type":"WebSite","@id":"https:\/\/www.laguiadepamplona.com\/actualidad\/#website","url":"https:\/\/www.laguiadepamplona.com\/actualidad\/","name":"La gu\u00eda de Pamplona","description":"Noticias de Pamplona","publisher":{"@id":"https:\/\/www.laguiadepamplona.com\/actualidad\/#organization"},"potentialAction":[{"@type":"SearchAction","target":{"@type":"EntryPoint","urlTemplate":"https:\/\/www.laguiadepamplona.com\/actualidad\/?s={search_term_string}"},"query-input":{"@type":"PropertyValueSpecification","valueRequired":true,"valueName":"search_term_string"}}],"inLanguage":"es"},{"@type":"Organization","@id":"https:\/\/www.laguiadepamplona.com\/actualidad\/#organization","name":"La Gu\u00eda de Pamplona \/ Noticias","url":"https:\/\/www.laguiadepamplona.com\/actualidad\/","logo":{"@type":"ImageObject","inLanguage":"es","@id":"https:\/\/www.laguiadepamplona.com\/actualidad\/#\/schema\/logo\/image\/","url":"https:\/\/www.laguiadepamplona.com\/actualidad\/wp-content\/uploads\/2018\/11\/logo-laguiadepamplona18-web1.png","contentUrl":"https:\/\/www.laguiadepamplona.com\/actualidad\/wp-content\/uploads\/2018\/11\/logo-laguiadepamplona18-web1.png","width":600,"height":196,"caption":"La Gu\u00eda de Pamplona \/ Noticias"},"image":{"@id":"https:\/\/www.laguiadepamplona.com\/actualidad\/#\/schema\/logo\/image\/"},"sameAs":["https:\/\/www.facebook.com\/laguiadepamplonacom-133175176762273\/?ref=hl","https:\/\/x.com\/LaGuiadPamplona","https:\/\/www.instagram.com\/la_guia_de_pamplona\/","https:\/\/www.youtube.com\/user\/laguiadepamplona"]},{"@type":"Person","@id":"https:\/\/www.laguiadepamplona.com\/actualidad\/#\/schema\/person\/efe887376f0213d4657c93adc50b1fdb","name":"La Gu\u00eda de Pamplona","image":{"@type":"ImageObject","inLanguage":"es","@id":"https:\/\/secure.gravatar.com\/avatar\/b6992f131dc8d30ab0dff15446e9d346d9dbd95992de0fef795073f5ea83a81c?s=96&d=mm&r=g","url":"https:\/\/secure.gravatar.com\/avatar\/b6992f131dc8d30ab0dff15446e9d346d9dbd95992de0fef795073f5ea83a81c?s=96&d=mm&r=g","contentUrl":"https:\/\/secure.gravatar.com\/avatar\/b6992f131dc8d30ab0dff15446e9d346d9dbd95992de0fef795073f5ea83a81c?s=96&d=mm&r=g","caption":"La Gu\u00eda de Pamplona"}}]}},"post_mailing_queue_ids":[],"_links":{"self":[{"href":"https:\/\/www.laguiadepamplona.com\/actualidad\/wp-json\/wp\/v2\/posts\/42767","targetHints":{"allow":["GET"]}}],"collection":[{"href":"https:\/\/www.laguiadepamplona.com\/actualidad\/wp-json\/wp\/v2\/posts"}],"about":[{"href":"https:\/\/www.laguiadepamplona.com\/actualidad\/wp-json\/wp\/v2\/types\/post"}],"author":[{"embeddable":true,"href":"https:\/\/www.laguiadepamplona.com\/actualidad\/wp-json\/wp\/v2\/users\/1"}],"replies":[{"embeddable":true,"href":"https:\/\/www.laguiadepamplona.com\/actualidad\/wp-json\/wp\/v2\/comments?post=42767"}],"version-history":[{"count":0,"href":"https:\/\/www.laguiadepamplona.com\/actualidad\/wp-json\/wp\/v2\/posts\/42767\/revisions"}],"wp:featuredmedia":[{"embeddable":true,"href":"https:\/\/www.laguiadepamplona.com\/actualidad\/wp-json\/wp\/v2\/media\/42768"}],"wp:attachment":[{"href":"https:\/\/www.laguiadepamplona.com\/actualidad\/wp-json\/wp\/v2\/media?parent=42767"}],"wp:term":[{"taxonomy":"category","embeddable":true,"href":"https:\/\/www.laguiadepamplona.com\/actualidad\/wp-json\/wp\/v2\/categories?post=42767"},{"taxonomy":"post_tag","embeddable":true,"href":"https:\/\/www.laguiadepamplona.com\/actualidad\/wp-json\/wp\/v2\/tags?post=42767"}],"curies":[{"name":"wp","href":"https:\/\/api.w.org\/{rel}","templated":true}]}}