{"id":42760,"date":"2023-02-02T14:32:08","date_gmt":"2023-02-02T12:32:08","guid":{"rendered":"https:\/\/www.laguiadepamplona.com\/actualidad\/?p=42760"},"modified":"2023-04-11T11:47:17","modified_gmt":"2023-04-11T09:47:17","slug":"el-palacio-de-condestable-acoge-una-exposicion-con-imagenes-de-san-fermin-de-amiens-que-cuentan-la-historia-del-santo-con-otra-perspectiva","status":"publish","type":"post","link":"https:\/\/www.laguiadepamplona.com\/actualidad\/el-palacio-de-condestable-acoge-una-exposicion-con-imagenes-de-san-fermin-de-amiens-que-cuentan-la-historia-del-santo-con-otra-perspectiva\/","title":{"rendered":"El Palacio de Condestable acoge una exposici\u00f3n con im\u00e1genes de San Ferm\u00edn de Amiens que cuentan la historia del santo con otra perspectiva"},"content":{"rendered":"<h5>Las fotograf\u00edas de \u2018El descubrimiento de San Ferm\u00edn\u2019 en su mayor\u00eda son obra de Esther Herrera, traductora del libro \u2018Historia de San Ferm\u00edn\u2019<\/h5>\n<p><!--more--><\/p>\n<p>El Palacio de Condestable acoge desde este jueves y durante todo el mes de febrero \u2018El descubrimiento de San Ferm\u00edn\u2019, una exposici\u00f3n de fotograf\u00edas sobre San Ferm\u00edn de Amiens. La mayor\u00eda de las im\u00e1genes tomadas en Francia son obra de Esther Herrera, dentro del trabajo de la Asociaci\u00f3n Cultural y Pe\u00f1a Sanferminera Pompaelo, una organizaci\u00f3n sin \u00e1nimo de lucro, de difusi\u00f3n de la historia de Navarra. Las im\u00e1genes forman parte del libro \u2018Historia de San Ferm\u00edn\u2019, presentado el mes pasado, con una visi\u00f3n particular de la figura del santo y las fiestas que se celebran en su honor.<br \/>\n<script async src=\"\/\/pagead2.googlesyndication.com\/pagead\/js\/adsbygoogle.js\"><\/script><br \/>\n<!-- Noticias La Guia de Pamplona --><br \/>\n<ins class=\"adsbygoogle\"\nstyle=\"display:block\"\ndata-ad-client=\"ca-pub-6943679897239327\"\ndata-ad-slot=\"7048180777\"\ndata-ad-format=\"auto\"><\/ins><br \/>\n<script>\n(adsbygoogle = window.adsbygoogle || []).push({});\n<\/script><\/p>\n<p>El alcalde de Pamplona, Enrique Maya, ha participado en la inauguraci\u00f3n de la exposici\u00f3n, donde tambi\u00e9n ha estado presente la autora de las fotograf\u00edas y Miguel Cornejo, presidente de la asociaci\u00f3n. La selecci\u00f3n incluye momentos de la vida de San Ferm\u00edn, desde la predicaci\u00f3n, el proceso o el martirio, adem\u00e1s del traslado de sus reliquias, a trav\u00e9s de los bajorrelieves de la catedral de Amiens.<\/p>\n<p>La exposici\u00f3n que se muestra en el patio de Condestable est\u00e1 compuesta por una veintena de obras de peque\u00f1o tama\u00f1o, tomadas a finales del a\u00f1o pasado en Amiens, zona en que San Ferm\u00edn ejerci\u00f3 su labor pastoral. De hecho, San Ferm\u00edn fue el primer obispo de la localidad. Las im\u00e1genes ilustran el recorrido por lugares en que est\u00e1 documentada la presencia del santo, lugares poco conocidos por el gran p\u00fablico, entre los que se halla la tumba original.<\/p>\n<p>El libro es la primera traducci\u00f3n al espa\u00f1ol de un manual franc\u00e9s de referencia, de rigor hist\u00f3rico, contado desde el punto de vista de un ciudadano que escribe la historia del santo con base en la devoci\u00f3n que se le tiene en la zona y en la investigaci\u00f3n. Las im\u00e1genes est\u00e1n expuestas en el Palacio de Condestable en horario de lunes a domingo de 9 a 14 horas por la ma\u00f1ana, y de 17 a 22 por la tarde.<br \/>\n<script async src=\"\/\/pagead2.googlesyndication.com\/pagead\/js\/adsbygoogle.js\"><\/script><br \/>\n<!-- Noticias La Guia de Pamplona --><br \/>\n<ins class=\"adsbygoogle\"\nstyle=\"display:block\"\ndata-ad-client=\"ca-pub-6943679897239327\"\ndata-ad-slot=\"7048180777\"\ndata-ad-format=\"auto\"><\/ins><br \/>\n<script>\n(adsbygoogle = window.adsbygoogle || []).push({});\n<\/script><\/p>\n<p>&nbsp;<\/p>\n<h3>\u2018El Descubrimiento de San Ferm\u00edn\u2019. Fotograf\u00edas<\/h3>\n<ul>\n<li>Fechas: del 2 al 28 de febrero<\/li>\n<li>Horarios: de 9 a 14 y de 17 a 22, de lunes a domingo<\/li>\n<\/ul>\n","protected":false},"excerpt":{"rendered":"<p>Las fotograf\u00edas de \u2018El descubrimiento de San Ferm\u00edn\u2019 en su mayor\u00eda son obra de Esther Herrera, traductora del libro \u2018Historia de San Ferm\u00edn\u2019<\/p>\n","protected":false},"author":1,"featured_media":42761,"comment_status":"open","ping_status":"closed","sticky":false,"template":"","format":"standard","meta":{"footnotes":""},"categories":[2],"tags":[],"class_list":["post-42760","post","type-post","status-publish","format-standard","has-post-thumbnail","hentry","category-ayuntamiento-pamplona"],"yoast_head":"<!-- This site is optimized with the Yoast SEO plugin v27.3 - https:\/\/yoast.com\/product\/yoast-seo-wordpress\/ -->\n<title>El Palacio de Condestable acoge una exposici\u00f3n con im\u00e1genes de San Ferm\u00edn de Amiens que cuentan la historia del santo con otra perspectiva<\/title>\n<meta name=\"description\" content=\"Las fotograf\u00edas de \u2018El descubrimiento de San Ferm\u00edn\u2019 en su mayor\u00eda son obra de Esther Herrera, traductora del libro \u2018Historia de San Ferm\u00edn\u2019\" \/>\n<meta name=\"robots\" content=\"index, follow, max-snippet:-1, max-image-preview:large, max-video-preview:-1\" \/>\n<link rel=\"canonical\" href=\"https:\/\/www.laguiadepamplona.com\/actualidad\/el-palacio-de-condestable-acoge-una-exposicion-con-imagenes-de-san-fermin-de-amiens-que-cuentan-la-historia-del-santo-con-otra-perspectiva\/\" \/>\n<meta property=\"og:locale\" content=\"es_ES\" \/>\n<meta property=\"og:type\" content=\"article\" \/>\n<meta property=\"og:title\" content=\"El Palacio de Condestable acoge una exposici\u00f3n con im\u00e1genes de San Ferm\u00edn de Amiens que cuentan la historia del santo con otra perspectiva\" \/>\n<meta property=\"og:description\" content=\"Las fotograf\u00edas de \u2018El descubrimiento de San Ferm\u00edn\u2019 en su mayor\u00eda son obra de Esther Herrera, traductora del libro \u2018Historia de San Ferm\u00edn\u2019\" \/>\n<meta property=\"og:url\" content=\"https:\/\/www.laguiadepamplona.com\/actualidad\/el-palacio-de-condestable-acoge-una-exposicion-con-imagenes-de-san-fermin-de-amiens-que-cuentan-la-historia-del-santo-con-otra-perspectiva\/\" \/>\n<meta property=\"og:site_name\" content=\"La Gu\u00eda de Pamplona\" \/>\n<meta property=\"article:publisher\" content=\"https:\/\/www.facebook.com\/laguiadepamplonacom-133175176762273\/?ref=hl\" \/>\n<meta property=\"article:published_time\" content=\"2023-02-02T12:32:08+00:00\" \/>\n<meta property=\"article:modified_time\" content=\"2023-04-11T09:47:17+00:00\" \/>\n<meta property=\"og:image\" content=\"https:\/\/www.laguiadepamplona.com\/actualidad\/wp-content\/uploads\/2023\/02\/expo-san-fermin-amiens-q5a6839exposf23-02-02.webp\" \/>\n\t<meta property=\"og:image:width\" content=\"1920\" \/>\n\t<meta property=\"og:image:height\" content=\"1281\" \/>\n\t<meta property=\"og:image:type\" content=\"image\/webp\" \/>\n<meta name=\"author\" content=\"La Gu\u00eda de Pamplona\" \/>\n<meta name=\"twitter:card\" content=\"summary_large_image\" \/>\n<meta name=\"twitter:creator\" content=\"@LaGuiadPamplona\" \/>\n<meta name=\"twitter:site\" content=\"@LaGuiadPamplona\" \/>\n<meta name=\"twitter:label1\" content=\"Escrito por\" \/>\n\t<meta name=\"twitter:data1\" content=\"La Gu\u00eda de Pamplona\" \/>\n\t<meta name=\"twitter:label2\" content=\"Tiempo de lectura\" \/>\n\t<meta name=\"twitter:data2\" content=\"2 minutos\" \/>\n<script type=\"application\/ld+json\" class=\"yoast-schema-graph\">{\"@context\":\"https:\\\/\\\/schema.org\",\"@graph\":[{\"@type\":\"Article\",\"@id\":\"https:\\\/\\\/www.laguiadepamplona.com\\\/actualidad\\\/el-palacio-de-condestable-acoge-una-exposicion-con-imagenes-de-san-fermin-de-amiens-que-cuentan-la-historia-del-santo-con-otra-perspectiva\\\/#article\",\"isPartOf\":{\"@id\":\"https:\\\/\\\/www.laguiadepamplona.com\\\/actualidad\\\/el-palacio-de-condestable-acoge-una-exposicion-con-imagenes-de-san-fermin-de-amiens-que-cuentan-la-historia-del-santo-con-otra-perspectiva\\\/\"},\"author\":{\"name\":\"La Gu\u00eda de Pamplona\",\"@id\":\"https:\\\/\\\/www.laguiadepamplona.com\\\/actualidad\\\/#\\\/schema\\\/person\\\/efe887376f0213d4657c93adc50b1fdb\"},\"headline\":\"El Palacio de Condestable acoge una exposici\u00f3n con im\u00e1genes de San Ferm\u00edn de Amiens que cuentan la historia del santo con otra perspectiva\",\"datePublished\":\"2023-02-02T12:32:08+00:00\",\"dateModified\":\"2023-04-11T09:47:17+00:00\",\"mainEntityOfPage\":{\"@id\":\"https:\\\/\\\/www.laguiadepamplona.com\\\/actualidad\\\/el-palacio-de-condestable-acoge-una-exposicion-con-imagenes-de-san-fermin-de-amiens-que-cuentan-la-historia-del-santo-con-otra-perspectiva\\\/\"},\"wordCount\":433,\"commentCount\":0,\"publisher\":{\"@id\":\"https:\\\/\\\/www.laguiadepamplona.com\\\/actualidad\\\/#organization\"},\"image\":{\"@id\":\"https:\\\/\\\/www.laguiadepamplona.com\\\/actualidad\\\/el-palacio-de-condestable-acoge-una-exposicion-con-imagenes-de-san-fermin-de-amiens-que-cuentan-la-historia-del-santo-con-otra-perspectiva\\\/#primaryimage\"},\"thumbnailUrl\":\"https:\\\/\\\/www.laguiadepamplona.com\\\/actualidad\\\/wp-content\\\/uploads\\\/2023\\\/02\\\/expo-san-fermin-amiens-q5a6839exposf23-02-02.webp\",\"articleSection\":[\"Ayto Pamplona\"],\"inLanguage\":\"es\",\"potentialAction\":[{\"@type\":\"CommentAction\",\"name\":\"Comment\",\"target\":[\"https:\\\/\\\/www.laguiadepamplona.com\\\/actualidad\\\/el-palacio-de-condestable-acoge-una-exposicion-con-imagenes-de-san-fermin-de-amiens-que-cuentan-la-historia-del-santo-con-otra-perspectiva\\\/#respond\"]}]},{\"@type\":\"WebPage\",\"@id\":\"https:\\\/\\\/www.laguiadepamplona.com\\\/actualidad\\\/el-palacio-de-condestable-acoge-una-exposicion-con-imagenes-de-san-fermin-de-amiens-que-cuentan-la-historia-del-santo-con-otra-perspectiva\\\/\",\"url\":\"https:\\\/\\\/www.laguiadepamplona.com\\\/actualidad\\\/el-palacio-de-condestable-acoge-una-exposicion-con-imagenes-de-san-fermin-de-amiens-que-cuentan-la-historia-del-santo-con-otra-perspectiva\\\/\",\"name\":\"El Palacio de Condestable acoge una exposici\u00f3n con im\u00e1genes de San Ferm\u00edn de Amiens que cuentan la historia del santo con otra perspectiva\",\"isPartOf\":{\"@id\":\"https:\\\/\\\/www.laguiadepamplona.com\\\/actualidad\\\/#website\"},\"primaryImageOfPage\":{\"@id\":\"https:\\\/\\\/www.laguiadepamplona.com\\\/actualidad\\\/el-palacio-de-condestable-acoge-una-exposicion-con-imagenes-de-san-fermin-de-amiens-que-cuentan-la-historia-del-santo-con-otra-perspectiva\\\/#primaryimage\"},\"image\":{\"@id\":\"https:\\\/\\\/www.laguiadepamplona.com\\\/actualidad\\\/el-palacio-de-condestable-acoge-una-exposicion-con-imagenes-de-san-fermin-de-amiens-que-cuentan-la-historia-del-santo-con-otra-perspectiva\\\/#primaryimage\"},\"thumbnailUrl\":\"https:\\\/\\\/www.laguiadepamplona.com\\\/actualidad\\\/wp-content\\\/uploads\\\/2023\\\/02\\\/expo-san-fermin-amiens-q5a6839exposf23-02-02.webp\",\"datePublished\":\"2023-02-02T12:32:08+00:00\",\"dateModified\":\"2023-04-11T09:47:17+00:00\",\"description\":\"Las fotograf\u00edas de \u2018El descubrimiento de San Ferm\u00edn\u2019 en su mayor\u00eda son obra de Esther Herrera, traductora del libro \u2018Historia de San Ferm\u00edn\u2019\",\"breadcrumb\":{\"@id\":\"https:\\\/\\\/www.laguiadepamplona.com\\\/actualidad\\\/el-palacio-de-condestable-acoge-una-exposicion-con-imagenes-de-san-fermin-de-amiens-que-cuentan-la-historia-del-santo-con-otra-perspectiva\\\/#breadcrumb\"},\"inLanguage\":\"es\",\"potentialAction\":[{\"@type\":\"ReadAction\",\"target\":[\"https:\\\/\\\/www.laguiadepamplona.com\\\/actualidad\\\/el-palacio-de-condestable-acoge-una-exposicion-con-imagenes-de-san-fermin-de-amiens-que-cuentan-la-historia-del-santo-con-otra-perspectiva\\\/\"]}]},{\"@type\":\"ImageObject\",\"inLanguage\":\"es\",\"@id\":\"https:\\\/\\\/www.laguiadepamplona.com\\\/actualidad\\\/el-palacio-de-condestable-acoge-una-exposicion-con-imagenes-de-san-fermin-de-amiens-que-cuentan-la-historia-del-santo-con-otra-perspectiva\\\/#primaryimage\",\"url\":\"https:\\\/\\\/www.laguiadepamplona.com\\\/actualidad\\\/wp-content\\\/uploads\\\/2023\\\/02\\\/expo-san-fermin-amiens-q5a6839exposf23-02-02.webp\",\"contentUrl\":\"https:\\\/\\\/www.laguiadepamplona.com\\\/actualidad\\\/wp-content\\\/uploads\\\/2023\\\/02\\\/expo-san-fermin-amiens-q5a6839exposf23-02-02.webp\",\"width\":1920,\"height\":1281},{\"@type\":\"BreadcrumbList\",\"@id\":\"https:\\\/\\\/www.laguiadepamplona.com\\\/actualidad\\\/el-palacio-de-condestable-acoge-una-exposicion-con-imagenes-de-san-fermin-de-amiens-que-cuentan-la-historia-del-santo-con-otra-perspectiva\\\/#breadcrumb\",\"itemListElement\":[{\"@type\":\"ListItem\",\"position\":1,\"name\":\"Portada\",\"item\":\"https:\\\/\\\/www.laguiadepamplona.com\\\/actualidad\\\/\"},{\"@type\":\"ListItem\",\"position\":2,\"name\":\"El Palacio de Condestable acoge una exposici\u00f3n con im\u00e1genes de San Ferm\u00edn de Amiens que cuentan la historia del santo con otra perspectiva\"}]},{\"@type\":\"WebSite\",\"@id\":\"https:\\\/\\\/www.laguiadepamplona.com\\\/actualidad\\\/#website\",\"url\":\"https:\\\/\\\/www.laguiadepamplona.com\\\/actualidad\\\/\",\"name\":\"La gu\u00eda de Pamplona\",\"description\":\"Noticias de Pamplona\",\"publisher\":{\"@id\":\"https:\\\/\\\/www.laguiadepamplona.com\\\/actualidad\\\/#organization\"},\"potentialAction\":[{\"@type\":\"SearchAction\",\"target\":{\"@type\":\"EntryPoint\",\"urlTemplate\":\"https:\\\/\\\/www.laguiadepamplona.com\\\/actualidad\\\/?s={search_term_string}\"},\"query-input\":{\"@type\":\"PropertyValueSpecification\",\"valueRequired\":true,\"valueName\":\"search_term_string\"}}],\"inLanguage\":\"es\"},{\"@type\":\"Organization\",\"@id\":\"https:\\\/\\\/www.laguiadepamplona.com\\\/actualidad\\\/#organization\",\"name\":\"La Gu\u00eda de Pamplona \\\/ Noticias\",\"url\":\"https:\\\/\\\/www.laguiadepamplona.com\\\/actualidad\\\/\",\"logo\":{\"@type\":\"ImageObject\",\"inLanguage\":\"es\",\"@id\":\"https:\\\/\\\/www.laguiadepamplona.com\\\/actualidad\\\/#\\\/schema\\\/logo\\\/image\\\/\",\"url\":\"https:\\\/\\\/www.laguiadepamplona.com\\\/actualidad\\\/wp-content\\\/uploads\\\/2018\\\/11\\\/logo-laguiadepamplona18-web1.png\",\"contentUrl\":\"https:\\\/\\\/www.laguiadepamplona.com\\\/actualidad\\\/wp-content\\\/uploads\\\/2018\\\/11\\\/logo-laguiadepamplona18-web1.png\",\"width\":600,\"height\":196,\"caption\":\"La Gu\u00eda de Pamplona \\\/ Noticias\"},\"image\":{\"@id\":\"https:\\\/\\\/www.laguiadepamplona.com\\\/actualidad\\\/#\\\/schema\\\/logo\\\/image\\\/\"},\"sameAs\":[\"https:\\\/\\\/www.facebook.com\\\/laguiadepamplonacom-133175176762273\\\/?ref=hl\",\"https:\\\/\\\/x.com\\\/LaGuiadPamplona\",\"https:\\\/\\\/www.instagram.com\\\/la_guia_de_pamplona\\\/\",\"https:\\\/\\\/www.youtube.com\\\/user\\\/laguiadepamplona\"]},{\"@type\":\"Person\",\"@id\":\"https:\\\/\\\/www.laguiadepamplona.com\\\/actualidad\\\/#\\\/schema\\\/person\\\/efe887376f0213d4657c93adc50b1fdb\",\"name\":\"La Gu\u00eda de Pamplona\",\"image\":{\"@type\":\"ImageObject\",\"inLanguage\":\"es\",\"@id\":\"https:\\\/\\\/secure.gravatar.com\\\/avatar\\\/b6992f131dc8d30ab0dff15446e9d346d9dbd95992de0fef795073f5ea83a81c?s=96&d=mm&r=g\",\"url\":\"https:\\\/\\\/secure.gravatar.com\\\/avatar\\\/b6992f131dc8d30ab0dff15446e9d346d9dbd95992de0fef795073f5ea83a81c?s=96&d=mm&r=g\",\"contentUrl\":\"https:\\\/\\\/secure.gravatar.com\\\/avatar\\\/b6992f131dc8d30ab0dff15446e9d346d9dbd95992de0fef795073f5ea83a81c?s=96&d=mm&r=g\",\"caption\":\"La Gu\u00eda de Pamplona\"}}]}<\/script>\n<!-- \/ Yoast SEO plugin. -->","yoast_head_json":{"title":"El Palacio de Condestable acoge una exposici\u00f3n con im\u00e1genes de San Ferm\u00edn de Amiens que cuentan la historia del santo con otra perspectiva","description":"Las fotograf\u00edas de \u2018El descubrimiento de San Ferm\u00edn\u2019 en su mayor\u00eda son obra de Esther Herrera, traductora del libro \u2018Historia de San Ferm\u00edn\u2019","robots":{"index":"index","follow":"follow","max-snippet":"max-snippet:-1","max-image-preview":"max-image-preview:large","max-video-preview":"max-video-preview:-1"},"canonical":"https:\/\/www.laguiadepamplona.com\/actualidad\/el-palacio-de-condestable-acoge-una-exposicion-con-imagenes-de-san-fermin-de-amiens-que-cuentan-la-historia-del-santo-con-otra-perspectiva\/","og_locale":"es_ES","og_type":"article","og_title":"El Palacio de Condestable acoge una exposici\u00f3n con im\u00e1genes de San Ferm\u00edn de Amiens que cuentan la historia del santo con otra perspectiva","og_description":"Las fotograf\u00edas de \u2018El descubrimiento de San Ferm\u00edn\u2019 en su mayor\u00eda son obra de Esther Herrera, traductora del libro \u2018Historia de San Ferm\u00edn\u2019","og_url":"https:\/\/www.laguiadepamplona.com\/actualidad\/el-palacio-de-condestable-acoge-una-exposicion-con-imagenes-de-san-fermin-de-amiens-que-cuentan-la-historia-del-santo-con-otra-perspectiva\/","og_site_name":"La Gu\u00eda de Pamplona","article_publisher":"https:\/\/www.facebook.com\/laguiadepamplonacom-133175176762273\/?ref=hl","article_published_time":"2023-02-02T12:32:08+00:00","article_modified_time":"2023-04-11T09:47:17+00:00","og_image":[{"width":1920,"height":1281,"url":"https:\/\/www.laguiadepamplona.com\/actualidad\/wp-content\/uploads\/2023\/02\/expo-san-fermin-amiens-q5a6839exposf23-02-02.webp","type":"image\/webp"}],"author":"La Gu\u00eda de Pamplona","twitter_card":"summary_large_image","twitter_creator":"@LaGuiadPamplona","twitter_site":"@LaGuiadPamplona","twitter_misc":{"Escrito por":"La Gu\u00eda de Pamplona","Tiempo de lectura":"2 minutos"},"schema":{"@context":"https:\/\/schema.org","@graph":[{"@type":"Article","@id":"https:\/\/www.laguiadepamplona.com\/actualidad\/el-palacio-de-condestable-acoge-una-exposicion-con-imagenes-de-san-fermin-de-amiens-que-cuentan-la-historia-del-santo-con-otra-perspectiva\/#article","isPartOf":{"@id":"https:\/\/www.laguiadepamplona.com\/actualidad\/el-palacio-de-condestable-acoge-una-exposicion-con-imagenes-de-san-fermin-de-amiens-que-cuentan-la-historia-del-santo-con-otra-perspectiva\/"},"author":{"name":"La Gu\u00eda de Pamplona","@id":"https:\/\/www.laguiadepamplona.com\/actualidad\/#\/schema\/person\/efe887376f0213d4657c93adc50b1fdb"},"headline":"El Palacio de Condestable acoge una exposici\u00f3n con im\u00e1genes de San Ferm\u00edn de Amiens que cuentan la historia del santo con otra perspectiva","datePublished":"2023-02-02T12:32:08+00:00","dateModified":"2023-04-11T09:47:17+00:00","mainEntityOfPage":{"@id":"https:\/\/www.laguiadepamplona.com\/actualidad\/el-palacio-de-condestable-acoge-una-exposicion-con-imagenes-de-san-fermin-de-amiens-que-cuentan-la-historia-del-santo-con-otra-perspectiva\/"},"wordCount":433,"commentCount":0,"publisher":{"@id":"https:\/\/www.laguiadepamplona.com\/actualidad\/#organization"},"image":{"@id":"https:\/\/www.laguiadepamplona.com\/actualidad\/el-palacio-de-condestable-acoge-una-exposicion-con-imagenes-de-san-fermin-de-amiens-que-cuentan-la-historia-del-santo-con-otra-perspectiva\/#primaryimage"},"thumbnailUrl":"https:\/\/www.laguiadepamplona.com\/actualidad\/wp-content\/uploads\/2023\/02\/expo-san-fermin-amiens-q5a6839exposf23-02-02.webp","articleSection":["Ayto Pamplona"],"inLanguage":"es","potentialAction":[{"@type":"CommentAction","name":"Comment","target":["https:\/\/www.laguiadepamplona.com\/actualidad\/el-palacio-de-condestable-acoge-una-exposicion-con-imagenes-de-san-fermin-de-amiens-que-cuentan-la-historia-del-santo-con-otra-perspectiva\/#respond"]}]},{"@type":"WebPage","@id":"https:\/\/www.laguiadepamplona.com\/actualidad\/el-palacio-de-condestable-acoge-una-exposicion-con-imagenes-de-san-fermin-de-amiens-que-cuentan-la-historia-del-santo-con-otra-perspectiva\/","url":"https:\/\/www.laguiadepamplona.com\/actualidad\/el-palacio-de-condestable-acoge-una-exposicion-con-imagenes-de-san-fermin-de-amiens-que-cuentan-la-historia-del-santo-con-otra-perspectiva\/","name":"El Palacio de Condestable acoge una exposici\u00f3n con im\u00e1genes de San Ferm\u00edn de Amiens que cuentan la historia del santo con otra perspectiva","isPartOf":{"@id":"https:\/\/www.laguiadepamplona.com\/actualidad\/#website"},"primaryImageOfPage":{"@id":"https:\/\/www.laguiadepamplona.com\/actualidad\/el-palacio-de-condestable-acoge-una-exposicion-con-imagenes-de-san-fermin-de-amiens-que-cuentan-la-historia-del-santo-con-otra-perspectiva\/#primaryimage"},"image":{"@id":"https:\/\/www.laguiadepamplona.com\/actualidad\/el-palacio-de-condestable-acoge-una-exposicion-con-imagenes-de-san-fermin-de-amiens-que-cuentan-la-historia-del-santo-con-otra-perspectiva\/#primaryimage"},"thumbnailUrl":"https:\/\/www.laguiadepamplona.com\/actualidad\/wp-content\/uploads\/2023\/02\/expo-san-fermin-amiens-q5a6839exposf23-02-02.webp","datePublished":"2023-02-02T12:32:08+00:00","dateModified":"2023-04-11T09:47:17+00:00","description":"Las fotograf\u00edas de \u2018El descubrimiento de San Ferm\u00edn\u2019 en su mayor\u00eda son obra de Esther Herrera, traductora del libro \u2018Historia de San Ferm\u00edn\u2019","breadcrumb":{"@id":"https:\/\/www.laguiadepamplona.com\/actualidad\/el-palacio-de-condestable-acoge-una-exposicion-con-imagenes-de-san-fermin-de-amiens-que-cuentan-la-historia-del-santo-con-otra-perspectiva\/#breadcrumb"},"inLanguage":"es","potentialAction":[{"@type":"ReadAction","target":["https:\/\/www.laguiadepamplona.com\/actualidad\/el-palacio-de-condestable-acoge-una-exposicion-con-imagenes-de-san-fermin-de-amiens-que-cuentan-la-historia-del-santo-con-otra-perspectiva\/"]}]},{"@type":"ImageObject","inLanguage":"es","@id":"https:\/\/www.laguiadepamplona.com\/actualidad\/el-palacio-de-condestable-acoge-una-exposicion-con-imagenes-de-san-fermin-de-amiens-que-cuentan-la-historia-del-santo-con-otra-perspectiva\/#primaryimage","url":"https:\/\/www.laguiadepamplona.com\/actualidad\/wp-content\/uploads\/2023\/02\/expo-san-fermin-amiens-q5a6839exposf23-02-02.webp","contentUrl":"https:\/\/www.laguiadepamplona.com\/actualidad\/wp-content\/uploads\/2023\/02\/expo-san-fermin-amiens-q5a6839exposf23-02-02.webp","width":1920,"height":1281},{"@type":"BreadcrumbList","@id":"https:\/\/www.laguiadepamplona.com\/actualidad\/el-palacio-de-condestable-acoge-una-exposicion-con-imagenes-de-san-fermin-de-amiens-que-cuentan-la-historia-del-santo-con-otra-perspectiva\/#breadcrumb","itemListElement":[{"@type":"ListItem","position":1,"name":"Portada","item":"https:\/\/www.laguiadepamplona.com\/actualidad\/"},{"@type":"ListItem","position":2,"name":"El Palacio de Condestable acoge una exposici\u00f3n con im\u00e1genes de San Ferm\u00edn de Amiens que cuentan la historia del santo con otra perspectiva"}]},{"@type":"WebSite","@id":"https:\/\/www.laguiadepamplona.com\/actualidad\/#website","url":"https:\/\/www.laguiadepamplona.com\/actualidad\/","name":"La gu\u00eda de Pamplona","description":"Noticias de Pamplona","publisher":{"@id":"https:\/\/www.laguiadepamplona.com\/actualidad\/#organization"},"potentialAction":[{"@type":"SearchAction","target":{"@type":"EntryPoint","urlTemplate":"https:\/\/www.laguiadepamplona.com\/actualidad\/?s={search_term_string}"},"query-input":{"@type":"PropertyValueSpecification","valueRequired":true,"valueName":"search_term_string"}}],"inLanguage":"es"},{"@type":"Organization","@id":"https:\/\/www.laguiadepamplona.com\/actualidad\/#organization","name":"La Gu\u00eda de Pamplona \/ Noticias","url":"https:\/\/www.laguiadepamplona.com\/actualidad\/","logo":{"@type":"ImageObject","inLanguage":"es","@id":"https:\/\/www.laguiadepamplona.com\/actualidad\/#\/schema\/logo\/image\/","url":"https:\/\/www.laguiadepamplona.com\/actualidad\/wp-content\/uploads\/2018\/11\/logo-laguiadepamplona18-web1.png","contentUrl":"https:\/\/www.laguiadepamplona.com\/actualidad\/wp-content\/uploads\/2018\/11\/logo-laguiadepamplona18-web1.png","width":600,"height":196,"caption":"La Gu\u00eda de Pamplona \/ Noticias"},"image":{"@id":"https:\/\/www.laguiadepamplona.com\/actualidad\/#\/schema\/logo\/image\/"},"sameAs":["https:\/\/www.facebook.com\/laguiadepamplonacom-133175176762273\/?ref=hl","https:\/\/x.com\/LaGuiadPamplona","https:\/\/www.instagram.com\/la_guia_de_pamplona\/","https:\/\/www.youtube.com\/user\/laguiadepamplona"]},{"@type":"Person","@id":"https:\/\/www.laguiadepamplona.com\/actualidad\/#\/schema\/person\/efe887376f0213d4657c93adc50b1fdb","name":"La Gu\u00eda de Pamplona","image":{"@type":"ImageObject","inLanguage":"es","@id":"https:\/\/secure.gravatar.com\/avatar\/b6992f131dc8d30ab0dff15446e9d346d9dbd95992de0fef795073f5ea83a81c?s=96&d=mm&r=g","url":"https:\/\/secure.gravatar.com\/avatar\/b6992f131dc8d30ab0dff15446e9d346d9dbd95992de0fef795073f5ea83a81c?s=96&d=mm&r=g","contentUrl":"https:\/\/secure.gravatar.com\/avatar\/b6992f131dc8d30ab0dff15446e9d346d9dbd95992de0fef795073f5ea83a81c?s=96&d=mm&r=g","caption":"La Gu\u00eda de Pamplona"}}]}},"post_mailing_queue_ids":[],"_links":{"self":[{"href":"https:\/\/www.laguiadepamplona.com\/actualidad\/wp-json\/wp\/v2\/posts\/42760","targetHints":{"allow":["GET"]}}],"collection":[{"href":"https:\/\/www.laguiadepamplona.com\/actualidad\/wp-json\/wp\/v2\/posts"}],"about":[{"href":"https:\/\/www.laguiadepamplona.com\/actualidad\/wp-json\/wp\/v2\/types\/post"}],"author":[{"embeddable":true,"href":"https:\/\/www.laguiadepamplona.com\/actualidad\/wp-json\/wp\/v2\/users\/1"}],"replies":[{"embeddable":true,"href":"https:\/\/www.laguiadepamplona.com\/actualidad\/wp-json\/wp\/v2\/comments?post=42760"}],"version-history":[{"count":0,"href":"https:\/\/www.laguiadepamplona.com\/actualidad\/wp-json\/wp\/v2\/posts\/42760\/revisions"}],"wp:featuredmedia":[{"embeddable":true,"href":"https:\/\/www.laguiadepamplona.com\/actualidad\/wp-json\/wp\/v2\/media\/42761"}],"wp:attachment":[{"href":"https:\/\/www.laguiadepamplona.com\/actualidad\/wp-json\/wp\/v2\/media?parent=42760"}],"wp:term":[{"taxonomy":"category","embeddable":true,"href":"https:\/\/www.laguiadepamplona.com\/actualidad\/wp-json\/wp\/v2\/categories?post=42760"},{"taxonomy":"post_tag","embeddable":true,"href":"https:\/\/www.laguiadepamplona.com\/actualidad\/wp-json\/wp\/v2\/tags?post=42760"}],"curies":[{"name":"wp","href":"https:\/\/api.w.org\/{rel}","templated":true}]}}