{"id":42757,"date":"2023-02-02T14:25:03","date_gmt":"2023-02-02T12:25:03","guid":{"rendered":"https:\/\/www.laguiadepamplona.com\/actualidad\/?p=42757"},"modified":"2023-04-11T11:47:17","modified_gmt":"2023-04-11T09:47:17","slug":"el-ayuntamiento-de-pamplona-y-el-colegio-oficial-de-farmaceuticos-colaboraran-para-promover-la-salud-entre-las-personas-mayores-y-colectivos-vulnerables-de-la-ciudad","status":"publish","type":"post","link":"https:\/\/www.laguiadepamplona.com\/actualidad\/el-ayuntamiento-de-pamplona-y-el-colegio-oficial-de-farmaceuticos-colaboraran-para-promover-la-salud-entre-las-personas-mayores-y-colectivos-vulnerables-de-la-ciudad\/","title":{"rendered":"El Ayuntamiento de Pamplona y el Colegio Oficial de Farmac\u00e9uticos colaborar\u00e1n para promover la salud entre las personas mayores y colectivos vulnerables de la ciudad"},"content":{"rendered":"<h5>Ambas entidades han suscrito un protocolo para desarrollar actividades de forma conjunta<\/h5>\n<p><!--more--><\/p>\n<p>El Ayuntamiento de Pamplona y el Colegio Oficial de Farmac\u00e9uticos de Navarra trabajar\u00e1n juntos para impulsar programas de educaci\u00f3n en salud y calidad de vida entre las personas mayores y colectivos socialmente vulnerables. As\u00ed se recoge en el protocolo de colaboraci\u00f3n que han firmado hoy el alcalde Enrique Maya y la presidenta del Colegio de Farmac\u00e9uticos, Marta Galipienzo, y que tendr\u00e1 una vigencia de un a\u00f1o, prorrogable hasta cuatro a\u00f1os m\u00e1s.<br \/>\n<script async src=\"\/\/pagead2.googlesyndication.com\/pagead\/js\/adsbygoogle.js\"><\/script><br \/>\n<!-- Noticias La Guia de Pamplona --><br \/>\n<ins class=\"adsbygoogle\"\nstyle=\"display:block\"\ndata-ad-client=\"ca-pub-6943679897239327\"\ndata-ad-slot=\"7048180777\"\ndata-ad-format=\"auto\"><\/ins><br \/>\n<script>\n(adsbygoogle = window.adsbygoogle || []).push({});\n<\/script><\/p>\n<p>Ambas instituciones se comprometen, a trav\u00e9s de este protocolo, a promover el desarrollo y la dinamizaci\u00f3n de actividades encaminadas a la promoci\u00f3n, la prevenci\u00f3n y el fomento de la salud y de la autonom\u00eda personal de la ciudadan\u00eda. Entre las medidas que se recogen en el protocolo ahora firmado se encuentran la creaci\u00f3n de material gr\u00e1fico espec\u00edfico, la celebraci\u00f3n de actos conjuntos entre el Ayuntamiento y el Colegio Oficial de Farmac\u00e9uticos, la puesta en marcha de programas espec\u00edficos de ayuda terap\u00e9utica y la organizaci\u00f3n de actividades de educaci\u00f3n para la salud. Entre \u00e9stas, se abordar\u00e1n charlas sobre el buen uso de los medicamentos, el mantenimiento del botiqu\u00edn dom\u00e9stico o las especiales caracter\u00edsticas y necesidades de las personas polimedicadas.<\/p>\n<p>Las acciones conjuntas y las colaboraciones entre ambas entidades se revisar\u00e1n y coordinar\u00e1n a trav\u00e9s de una comisi\u00f3n de seguimiento, integrada por un representante del Ayuntamiento y otro del Colegio de Farmac\u00e9uticos. No obstante, la comisi\u00f3n podr\u00e1 contar con el apoyo de profesionales de ambas entidades.<br \/>\n<script async src=\"\/\/pagead2.googlesyndication.com\/pagead\/js\/adsbygoogle.js\"><\/script><br \/>\n<!-- Noticias La Guia de Pamplona --><br \/>\n<ins class=\"adsbygoogle\"\nstyle=\"display:block\"\ndata-ad-client=\"ca-pub-6943679897239327\"\ndata-ad-slot=\"7048180777\"\ndata-ad-format=\"auto\"><\/ins><br \/>\n<script>\n(adsbygoogle = window.adsbygoogle || []).push({});\n<\/script><\/p>\n<p>Este acuerdo se suma busca complementar las distintas acciones que el Ayuntamiento de Pamplona ha puesto en marcha centradas en la poblaci\u00f3n mayor y que se inscriben dentro del programa \u2018Pamplona te cuida\u2019. En este programa se incluyen actividades, recursos p\u00fablicos, ayudas sociales y subvenciones, encaminadas a mejorar la autonom\u00eda y la salud de las personas mayores de 65 a\u00f1os y con necesidades.<\/p>\n","protected":false},"excerpt":{"rendered":"<p>Ambas entidades han suscrito un protocolo para desarrollar actividades de forma conjunta<\/p>\n","protected":false},"author":1,"featured_media":42758,"comment_status":"open","ping_status":"closed","sticky":false,"template":"","format":"standard","meta":{"footnotes":""},"categories":[2],"tags":[],"class_list":["post-42757","post","type-post","status-publish","format-standard","has-post-thumbnail","hentry","category-ayuntamiento-pamplona"],"yoast_head":"<!-- This site is optimized with the Yoast SEO plugin v27.3 - https:\/\/yoast.com\/product\/yoast-seo-wordpress\/ -->\n<title>El Ayuntamiento de Pamplona y el Colegio Oficial de Farmac\u00e9uticos colaborar\u00e1n para promover la salud entre las personas mayores y colectivos vulnerables de la ciudad<\/title>\n<meta name=\"description\" content=\"Ambas entidades han suscrito un protocolo para desarrollar actividades de forma conjunta\" \/>\n<meta name=\"robots\" content=\"index, follow, max-snippet:-1, max-image-preview:large, max-video-preview:-1\" \/>\n<link rel=\"canonical\" href=\"https:\/\/www.laguiadepamplona.com\/actualidad\/el-ayuntamiento-de-pamplona-y-el-colegio-oficial-de-farmaceuticos-colaboraran-para-promover-la-salud-entre-las-personas-mayores-y-colectivos-vulnerables-de-la-ciudad\/\" \/>\n<meta property=\"og:locale\" content=\"es_ES\" \/>\n<meta property=\"og:type\" content=\"article\" \/>\n<meta property=\"og:title\" content=\"El Ayuntamiento de Pamplona y el Colegio Oficial de Farmac\u00e9uticos colaborar\u00e1n para promover la salud entre las personas mayores y colectivos vulnerables de la ciudad\" \/>\n<meta property=\"og:description\" content=\"Ambas entidades han suscrito un protocolo para desarrollar actividades de forma conjunta\" \/>\n<meta property=\"og:url\" content=\"https:\/\/www.laguiadepamplona.com\/actualidad\/el-ayuntamiento-de-pamplona-y-el-colegio-oficial-de-farmaceuticos-colaboraran-para-promover-la-salud-entre-las-personas-mayores-y-colectivos-vulnerables-de-la-ciudad\/\" \/>\n<meta property=\"og:site_name\" content=\"La Gu\u00eda de Pamplona\" \/>\n<meta property=\"article:publisher\" content=\"https:\/\/www.facebook.com\/laguiadepamplonacom-133175176762273\/?ref=hl\" \/>\n<meta property=\"article:published_time\" content=\"2023-02-02T12:25:03+00:00\" \/>\n<meta property=\"article:modified_time\" content=\"2023-04-11T09:47:17+00:00\" \/>\n<meta property=\"og:image\" content=\"https:\/\/www.laguiadepamplona.com\/actualidad\/wp-content\/uploads\/2023\/02\/firmaconveniocolegofifarmaceuticosee5a7363.webp\" \/>\n\t<meta property=\"og:image:width\" content=\"1920\" \/>\n\t<meta property=\"og:image:height\" content=\"1280\" \/>\n\t<meta property=\"og:image:type\" content=\"image\/webp\" \/>\n<meta name=\"author\" content=\"La Gu\u00eda de Pamplona\" \/>\n<meta name=\"twitter:card\" content=\"summary_large_image\" \/>\n<meta name=\"twitter:creator\" content=\"@LaGuiadPamplona\" \/>\n<meta name=\"twitter:site\" content=\"@LaGuiadPamplona\" \/>\n<meta name=\"twitter:label1\" content=\"Escrito por\" \/>\n\t<meta name=\"twitter:data1\" content=\"La Gu\u00eda de Pamplona\" \/>\n\t<meta name=\"twitter:label2\" content=\"Tiempo de lectura\" \/>\n\t<meta name=\"twitter:data2\" content=\"2 minutos\" \/>\n<script type=\"application\/ld+json\" class=\"yoast-schema-graph\">{\"@context\":\"https:\\\/\\\/schema.org\",\"@graph\":[{\"@type\":\"Article\",\"@id\":\"https:\\\/\\\/www.laguiadepamplona.com\\\/actualidad\\\/el-ayuntamiento-de-pamplona-y-el-colegio-oficial-de-farmaceuticos-colaboraran-para-promover-la-salud-entre-las-personas-mayores-y-colectivos-vulnerables-de-la-ciudad\\\/#article\",\"isPartOf\":{\"@id\":\"https:\\\/\\\/www.laguiadepamplona.com\\\/actualidad\\\/el-ayuntamiento-de-pamplona-y-el-colegio-oficial-de-farmaceuticos-colaboraran-para-promover-la-salud-entre-las-personas-mayores-y-colectivos-vulnerables-de-la-ciudad\\\/\"},\"author\":{\"name\":\"La Gu\u00eda de Pamplona\",\"@id\":\"https:\\\/\\\/www.laguiadepamplona.com\\\/actualidad\\\/#\\\/schema\\\/person\\\/efe887376f0213d4657c93adc50b1fdb\"},\"headline\":\"El Ayuntamiento de Pamplona y el Colegio Oficial de Farmac\u00e9uticos colaborar\u00e1n para promover la salud entre las personas mayores y colectivos vulnerables de la ciudad\",\"datePublished\":\"2023-02-02T12:25:03+00:00\",\"dateModified\":\"2023-04-11T09:47:17+00:00\",\"mainEntityOfPage\":{\"@id\":\"https:\\\/\\\/www.laguiadepamplona.com\\\/actualidad\\\/el-ayuntamiento-de-pamplona-y-el-colegio-oficial-de-farmaceuticos-colaboraran-para-promover-la-salud-entre-las-personas-mayores-y-colectivos-vulnerables-de-la-ciudad\\\/\"},\"wordCount\":373,\"commentCount\":0,\"publisher\":{\"@id\":\"https:\\\/\\\/www.laguiadepamplona.com\\\/actualidad\\\/#organization\"},\"image\":{\"@id\":\"https:\\\/\\\/www.laguiadepamplona.com\\\/actualidad\\\/el-ayuntamiento-de-pamplona-y-el-colegio-oficial-de-farmaceuticos-colaboraran-para-promover-la-salud-entre-las-personas-mayores-y-colectivos-vulnerables-de-la-ciudad\\\/#primaryimage\"},\"thumbnailUrl\":\"https:\\\/\\\/www.laguiadepamplona.com\\\/actualidad\\\/wp-content\\\/uploads\\\/2023\\\/02\\\/firmaconveniocolegofifarmaceuticosee5a7363.webp\",\"articleSection\":[\"Ayto Pamplona\"],\"inLanguage\":\"es\",\"potentialAction\":[{\"@type\":\"CommentAction\",\"name\":\"Comment\",\"target\":[\"https:\\\/\\\/www.laguiadepamplona.com\\\/actualidad\\\/el-ayuntamiento-de-pamplona-y-el-colegio-oficial-de-farmaceuticos-colaboraran-para-promover-la-salud-entre-las-personas-mayores-y-colectivos-vulnerables-de-la-ciudad\\\/#respond\"]}]},{\"@type\":\"WebPage\",\"@id\":\"https:\\\/\\\/www.laguiadepamplona.com\\\/actualidad\\\/el-ayuntamiento-de-pamplona-y-el-colegio-oficial-de-farmaceuticos-colaboraran-para-promover-la-salud-entre-las-personas-mayores-y-colectivos-vulnerables-de-la-ciudad\\\/\",\"url\":\"https:\\\/\\\/www.laguiadepamplona.com\\\/actualidad\\\/el-ayuntamiento-de-pamplona-y-el-colegio-oficial-de-farmaceuticos-colaboraran-para-promover-la-salud-entre-las-personas-mayores-y-colectivos-vulnerables-de-la-ciudad\\\/\",\"name\":\"El Ayuntamiento de Pamplona y el Colegio Oficial de Farmac\u00e9uticos colaborar\u00e1n para promover la salud entre las personas mayores y colectivos vulnerables de la ciudad\",\"isPartOf\":{\"@id\":\"https:\\\/\\\/www.laguiadepamplona.com\\\/actualidad\\\/#website\"},\"primaryImageOfPage\":{\"@id\":\"https:\\\/\\\/www.laguiadepamplona.com\\\/actualidad\\\/el-ayuntamiento-de-pamplona-y-el-colegio-oficial-de-farmaceuticos-colaboraran-para-promover-la-salud-entre-las-personas-mayores-y-colectivos-vulnerables-de-la-ciudad\\\/#primaryimage\"},\"image\":{\"@id\":\"https:\\\/\\\/www.laguiadepamplona.com\\\/actualidad\\\/el-ayuntamiento-de-pamplona-y-el-colegio-oficial-de-farmaceuticos-colaboraran-para-promover-la-salud-entre-las-personas-mayores-y-colectivos-vulnerables-de-la-ciudad\\\/#primaryimage\"},\"thumbnailUrl\":\"https:\\\/\\\/www.laguiadepamplona.com\\\/actualidad\\\/wp-content\\\/uploads\\\/2023\\\/02\\\/firmaconveniocolegofifarmaceuticosee5a7363.webp\",\"datePublished\":\"2023-02-02T12:25:03+00:00\",\"dateModified\":\"2023-04-11T09:47:17+00:00\",\"description\":\"Ambas entidades han suscrito un protocolo para desarrollar actividades de forma conjunta\",\"breadcrumb\":{\"@id\":\"https:\\\/\\\/www.laguiadepamplona.com\\\/actualidad\\\/el-ayuntamiento-de-pamplona-y-el-colegio-oficial-de-farmaceuticos-colaboraran-para-promover-la-salud-entre-las-personas-mayores-y-colectivos-vulnerables-de-la-ciudad\\\/#breadcrumb\"},\"inLanguage\":\"es\",\"potentialAction\":[{\"@type\":\"ReadAction\",\"target\":[\"https:\\\/\\\/www.laguiadepamplona.com\\\/actualidad\\\/el-ayuntamiento-de-pamplona-y-el-colegio-oficial-de-farmaceuticos-colaboraran-para-promover-la-salud-entre-las-personas-mayores-y-colectivos-vulnerables-de-la-ciudad\\\/\"]}]},{\"@type\":\"ImageObject\",\"inLanguage\":\"es\",\"@id\":\"https:\\\/\\\/www.laguiadepamplona.com\\\/actualidad\\\/el-ayuntamiento-de-pamplona-y-el-colegio-oficial-de-farmaceuticos-colaboraran-para-promover-la-salud-entre-las-personas-mayores-y-colectivos-vulnerables-de-la-ciudad\\\/#primaryimage\",\"url\":\"https:\\\/\\\/www.laguiadepamplona.com\\\/actualidad\\\/wp-content\\\/uploads\\\/2023\\\/02\\\/firmaconveniocolegofifarmaceuticosee5a7363.webp\",\"contentUrl\":\"https:\\\/\\\/www.laguiadepamplona.com\\\/actualidad\\\/wp-content\\\/uploads\\\/2023\\\/02\\\/firmaconveniocolegofifarmaceuticosee5a7363.webp\",\"width\":1920,\"height\":1280},{\"@type\":\"BreadcrumbList\",\"@id\":\"https:\\\/\\\/www.laguiadepamplona.com\\\/actualidad\\\/el-ayuntamiento-de-pamplona-y-el-colegio-oficial-de-farmaceuticos-colaboraran-para-promover-la-salud-entre-las-personas-mayores-y-colectivos-vulnerables-de-la-ciudad\\\/#breadcrumb\",\"itemListElement\":[{\"@type\":\"ListItem\",\"position\":1,\"name\":\"Portada\",\"item\":\"https:\\\/\\\/www.laguiadepamplona.com\\\/actualidad\\\/\"},{\"@type\":\"ListItem\",\"position\":2,\"name\":\"El Ayuntamiento de Pamplona y el Colegio Oficial de Farmac\u00e9uticos colaborar\u00e1n para promover la salud entre las personas mayores y colectivos vulnerables de la ciudad\"}]},{\"@type\":\"WebSite\",\"@id\":\"https:\\\/\\\/www.laguiadepamplona.com\\\/actualidad\\\/#website\",\"url\":\"https:\\\/\\\/www.laguiadepamplona.com\\\/actualidad\\\/\",\"name\":\"La gu\u00eda de Pamplona\",\"description\":\"Noticias de Pamplona\",\"publisher\":{\"@id\":\"https:\\\/\\\/www.laguiadepamplona.com\\\/actualidad\\\/#organization\"},\"potentialAction\":[{\"@type\":\"SearchAction\",\"target\":{\"@type\":\"EntryPoint\",\"urlTemplate\":\"https:\\\/\\\/www.laguiadepamplona.com\\\/actualidad\\\/?s={search_term_string}\"},\"query-input\":{\"@type\":\"PropertyValueSpecification\",\"valueRequired\":true,\"valueName\":\"search_term_string\"}}],\"inLanguage\":\"es\"},{\"@type\":\"Organization\",\"@id\":\"https:\\\/\\\/www.laguiadepamplona.com\\\/actualidad\\\/#organization\",\"name\":\"La Gu\u00eda de Pamplona \\\/ Noticias\",\"url\":\"https:\\\/\\\/www.laguiadepamplona.com\\\/actualidad\\\/\",\"logo\":{\"@type\":\"ImageObject\",\"inLanguage\":\"es\",\"@id\":\"https:\\\/\\\/www.laguiadepamplona.com\\\/actualidad\\\/#\\\/schema\\\/logo\\\/image\\\/\",\"url\":\"https:\\\/\\\/www.laguiadepamplona.com\\\/actualidad\\\/wp-content\\\/uploads\\\/2018\\\/11\\\/logo-laguiadepamplona18-web1.png\",\"contentUrl\":\"https:\\\/\\\/www.laguiadepamplona.com\\\/actualidad\\\/wp-content\\\/uploads\\\/2018\\\/11\\\/logo-laguiadepamplona18-web1.png\",\"width\":600,\"height\":196,\"caption\":\"La Gu\u00eda de Pamplona \\\/ Noticias\"},\"image\":{\"@id\":\"https:\\\/\\\/www.laguiadepamplona.com\\\/actualidad\\\/#\\\/schema\\\/logo\\\/image\\\/\"},\"sameAs\":[\"https:\\\/\\\/www.facebook.com\\\/laguiadepamplonacom-133175176762273\\\/?ref=hl\",\"https:\\\/\\\/x.com\\\/LaGuiadPamplona\",\"https:\\\/\\\/www.instagram.com\\\/la_guia_de_pamplona\\\/\",\"https:\\\/\\\/www.youtube.com\\\/user\\\/laguiadepamplona\"]},{\"@type\":\"Person\",\"@id\":\"https:\\\/\\\/www.laguiadepamplona.com\\\/actualidad\\\/#\\\/schema\\\/person\\\/efe887376f0213d4657c93adc50b1fdb\",\"name\":\"La Gu\u00eda de Pamplona\",\"image\":{\"@type\":\"ImageObject\",\"inLanguage\":\"es\",\"@id\":\"https:\\\/\\\/secure.gravatar.com\\\/avatar\\\/b6992f131dc8d30ab0dff15446e9d346d9dbd95992de0fef795073f5ea83a81c?s=96&d=mm&r=g\",\"url\":\"https:\\\/\\\/secure.gravatar.com\\\/avatar\\\/b6992f131dc8d30ab0dff15446e9d346d9dbd95992de0fef795073f5ea83a81c?s=96&d=mm&r=g\",\"contentUrl\":\"https:\\\/\\\/secure.gravatar.com\\\/avatar\\\/b6992f131dc8d30ab0dff15446e9d346d9dbd95992de0fef795073f5ea83a81c?s=96&d=mm&r=g\",\"caption\":\"La Gu\u00eda de Pamplona\"}}]}<\/script>\n<!-- \/ Yoast SEO plugin. -->","yoast_head_json":{"title":"El Ayuntamiento de Pamplona y el Colegio Oficial de Farmac\u00e9uticos colaborar\u00e1n para promover la salud entre las personas mayores y colectivos vulnerables de la ciudad","description":"Ambas entidades han suscrito un protocolo para desarrollar actividades de forma conjunta","robots":{"index":"index","follow":"follow","max-snippet":"max-snippet:-1","max-image-preview":"max-image-preview:large","max-video-preview":"max-video-preview:-1"},"canonical":"https:\/\/www.laguiadepamplona.com\/actualidad\/el-ayuntamiento-de-pamplona-y-el-colegio-oficial-de-farmaceuticos-colaboraran-para-promover-la-salud-entre-las-personas-mayores-y-colectivos-vulnerables-de-la-ciudad\/","og_locale":"es_ES","og_type":"article","og_title":"El Ayuntamiento de Pamplona y el Colegio Oficial de Farmac\u00e9uticos colaborar\u00e1n para promover la salud entre las personas mayores y colectivos vulnerables de la ciudad","og_description":"Ambas entidades han suscrito un protocolo para desarrollar actividades de forma conjunta","og_url":"https:\/\/www.laguiadepamplona.com\/actualidad\/el-ayuntamiento-de-pamplona-y-el-colegio-oficial-de-farmaceuticos-colaboraran-para-promover-la-salud-entre-las-personas-mayores-y-colectivos-vulnerables-de-la-ciudad\/","og_site_name":"La Gu\u00eda de Pamplona","article_publisher":"https:\/\/www.facebook.com\/laguiadepamplonacom-133175176762273\/?ref=hl","article_published_time":"2023-02-02T12:25:03+00:00","article_modified_time":"2023-04-11T09:47:17+00:00","og_image":[{"width":1920,"height":1280,"url":"https:\/\/www.laguiadepamplona.com\/actualidad\/wp-content\/uploads\/2023\/02\/firmaconveniocolegofifarmaceuticosee5a7363.webp","type":"image\/webp"}],"author":"La Gu\u00eda de Pamplona","twitter_card":"summary_large_image","twitter_creator":"@LaGuiadPamplona","twitter_site":"@LaGuiadPamplona","twitter_misc":{"Escrito por":"La Gu\u00eda de Pamplona","Tiempo de lectura":"2 minutos"},"schema":{"@context":"https:\/\/schema.org","@graph":[{"@type":"Article","@id":"https:\/\/www.laguiadepamplona.com\/actualidad\/el-ayuntamiento-de-pamplona-y-el-colegio-oficial-de-farmaceuticos-colaboraran-para-promover-la-salud-entre-las-personas-mayores-y-colectivos-vulnerables-de-la-ciudad\/#article","isPartOf":{"@id":"https:\/\/www.laguiadepamplona.com\/actualidad\/el-ayuntamiento-de-pamplona-y-el-colegio-oficial-de-farmaceuticos-colaboraran-para-promover-la-salud-entre-las-personas-mayores-y-colectivos-vulnerables-de-la-ciudad\/"},"author":{"name":"La Gu\u00eda de Pamplona","@id":"https:\/\/www.laguiadepamplona.com\/actualidad\/#\/schema\/person\/efe887376f0213d4657c93adc50b1fdb"},"headline":"El Ayuntamiento de Pamplona y el Colegio Oficial de Farmac\u00e9uticos colaborar\u00e1n para promover la salud entre las personas mayores y colectivos vulnerables de la ciudad","datePublished":"2023-02-02T12:25:03+00:00","dateModified":"2023-04-11T09:47:17+00:00","mainEntityOfPage":{"@id":"https:\/\/www.laguiadepamplona.com\/actualidad\/el-ayuntamiento-de-pamplona-y-el-colegio-oficial-de-farmaceuticos-colaboraran-para-promover-la-salud-entre-las-personas-mayores-y-colectivos-vulnerables-de-la-ciudad\/"},"wordCount":373,"commentCount":0,"publisher":{"@id":"https:\/\/www.laguiadepamplona.com\/actualidad\/#organization"},"image":{"@id":"https:\/\/www.laguiadepamplona.com\/actualidad\/el-ayuntamiento-de-pamplona-y-el-colegio-oficial-de-farmaceuticos-colaboraran-para-promover-la-salud-entre-las-personas-mayores-y-colectivos-vulnerables-de-la-ciudad\/#primaryimage"},"thumbnailUrl":"https:\/\/www.laguiadepamplona.com\/actualidad\/wp-content\/uploads\/2023\/02\/firmaconveniocolegofifarmaceuticosee5a7363.webp","articleSection":["Ayto Pamplona"],"inLanguage":"es","potentialAction":[{"@type":"CommentAction","name":"Comment","target":["https:\/\/www.laguiadepamplona.com\/actualidad\/el-ayuntamiento-de-pamplona-y-el-colegio-oficial-de-farmaceuticos-colaboraran-para-promover-la-salud-entre-las-personas-mayores-y-colectivos-vulnerables-de-la-ciudad\/#respond"]}]},{"@type":"WebPage","@id":"https:\/\/www.laguiadepamplona.com\/actualidad\/el-ayuntamiento-de-pamplona-y-el-colegio-oficial-de-farmaceuticos-colaboraran-para-promover-la-salud-entre-las-personas-mayores-y-colectivos-vulnerables-de-la-ciudad\/","url":"https:\/\/www.laguiadepamplona.com\/actualidad\/el-ayuntamiento-de-pamplona-y-el-colegio-oficial-de-farmaceuticos-colaboraran-para-promover-la-salud-entre-las-personas-mayores-y-colectivos-vulnerables-de-la-ciudad\/","name":"El Ayuntamiento de Pamplona y el Colegio Oficial de Farmac\u00e9uticos colaborar\u00e1n para promover la salud entre las personas mayores y colectivos vulnerables de la ciudad","isPartOf":{"@id":"https:\/\/www.laguiadepamplona.com\/actualidad\/#website"},"primaryImageOfPage":{"@id":"https:\/\/www.laguiadepamplona.com\/actualidad\/el-ayuntamiento-de-pamplona-y-el-colegio-oficial-de-farmaceuticos-colaboraran-para-promover-la-salud-entre-las-personas-mayores-y-colectivos-vulnerables-de-la-ciudad\/#primaryimage"},"image":{"@id":"https:\/\/www.laguiadepamplona.com\/actualidad\/el-ayuntamiento-de-pamplona-y-el-colegio-oficial-de-farmaceuticos-colaboraran-para-promover-la-salud-entre-las-personas-mayores-y-colectivos-vulnerables-de-la-ciudad\/#primaryimage"},"thumbnailUrl":"https:\/\/www.laguiadepamplona.com\/actualidad\/wp-content\/uploads\/2023\/02\/firmaconveniocolegofifarmaceuticosee5a7363.webp","datePublished":"2023-02-02T12:25:03+00:00","dateModified":"2023-04-11T09:47:17+00:00","description":"Ambas entidades han suscrito un protocolo para desarrollar actividades de forma conjunta","breadcrumb":{"@id":"https:\/\/www.laguiadepamplona.com\/actualidad\/el-ayuntamiento-de-pamplona-y-el-colegio-oficial-de-farmaceuticos-colaboraran-para-promover-la-salud-entre-las-personas-mayores-y-colectivos-vulnerables-de-la-ciudad\/#breadcrumb"},"inLanguage":"es","potentialAction":[{"@type":"ReadAction","target":["https:\/\/www.laguiadepamplona.com\/actualidad\/el-ayuntamiento-de-pamplona-y-el-colegio-oficial-de-farmaceuticos-colaboraran-para-promover-la-salud-entre-las-personas-mayores-y-colectivos-vulnerables-de-la-ciudad\/"]}]},{"@type":"ImageObject","inLanguage":"es","@id":"https:\/\/www.laguiadepamplona.com\/actualidad\/el-ayuntamiento-de-pamplona-y-el-colegio-oficial-de-farmaceuticos-colaboraran-para-promover-la-salud-entre-las-personas-mayores-y-colectivos-vulnerables-de-la-ciudad\/#primaryimage","url":"https:\/\/www.laguiadepamplona.com\/actualidad\/wp-content\/uploads\/2023\/02\/firmaconveniocolegofifarmaceuticosee5a7363.webp","contentUrl":"https:\/\/www.laguiadepamplona.com\/actualidad\/wp-content\/uploads\/2023\/02\/firmaconveniocolegofifarmaceuticosee5a7363.webp","width":1920,"height":1280},{"@type":"BreadcrumbList","@id":"https:\/\/www.laguiadepamplona.com\/actualidad\/el-ayuntamiento-de-pamplona-y-el-colegio-oficial-de-farmaceuticos-colaboraran-para-promover-la-salud-entre-las-personas-mayores-y-colectivos-vulnerables-de-la-ciudad\/#breadcrumb","itemListElement":[{"@type":"ListItem","position":1,"name":"Portada","item":"https:\/\/www.laguiadepamplona.com\/actualidad\/"},{"@type":"ListItem","position":2,"name":"El Ayuntamiento de Pamplona y el Colegio Oficial de Farmac\u00e9uticos colaborar\u00e1n para promover la salud entre las personas mayores y colectivos vulnerables de la ciudad"}]},{"@type":"WebSite","@id":"https:\/\/www.laguiadepamplona.com\/actualidad\/#website","url":"https:\/\/www.laguiadepamplona.com\/actualidad\/","name":"La gu\u00eda de Pamplona","description":"Noticias de Pamplona","publisher":{"@id":"https:\/\/www.laguiadepamplona.com\/actualidad\/#organization"},"potentialAction":[{"@type":"SearchAction","target":{"@type":"EntryPoint","urlTemplate":"https:\/\/www.laguiadepamplona.com\/actualidad\/?s={search_term_string}"},"query-input":{"@type":"PropertyValueSpecification","valueRequired":true,"valueName":"search_term_string"}}],"inLanguage":"es"},{"@type":"Organization","@id":"https:\/\/www.laguiadepamplona.com\/actualidad\/#organization","name":"La Gu\u00eda de Pamplona \/ Noticias","url":"https:\/\/www.laguiadepamplona.com\/actualidad\/","logo":{"@type":"ImageObject","inLanguage":"es","@id":"https:\/\/www.laguiadepamplona.com\/actualidad\/#\/schema\/logo\/image\/","url":"https:\/\/www.laguiadepamplona.com\/actualidad\/wp-content\/uploads\/2018\/11\/logo-laguiadepamplona18-web1.png","contentUrl":"https:\/\/www.laguiadepamplona.com\/actualidad\/wp-content\/uploads\/2018\/11\/logo-laguiadepamplona18-web1.png","width":600,"height":196,"caption":"La Gu\u00eda de Pamplona \/ Noticias"},"image":{"@id":"https:\/\/www.laguiadepamplona.com\/actualidad\/#\/schema\/logo\/image\/"},"sameAs":["https:\/\/www.facebook.com\/laguiadepamplonacom-133175176762273\/?ref=hl","https:\/\/x.com\/LaGuiadPamplona","https:\/\/www.instagram.com\/la_guia_de_pamplona\/","https:\/\/www.youtube.com\/user\/laguiadepamplona"]},{"@type":"Person","@id":"https:\/\/www.laguiadepamplona.com\/actualidad\/#\/schema\/person\/efe887376f0213d4657c93adc50b1fdb","name":"La Gu\u00eda de Pamplona","image":{"@type":"ImageObject","inLanguage":"es","@id":"https:\/\/secure.gravatar.com\/avatar\/b6992f131dc8d30ab0dff15446e9d346d9dbd95992de0fef795073f5ea83a81c?s=96&d=mm&r=g","url":"https:\/\/secure.gravatar.com\/avatar\/b6992f131dc8d30ab0dff15446e9d346d9dbd95992de0fef795073f5ea83a81c?s=96&d=mm&r=g","contentUrl":"https:\/\/secure.gravatar.com\/avatar\/b6992f131dc8d30ab0dff15446e9d346d9dbd95992de0fef795073f5ea83a81c?s=96&d=mm&r=g","caption":"La Gu\u00eda de Pamplona"}}]}},"post_mailing_queue_ids":[],"_links":{"self":[{"href":"https:\/\/www.laguiadepamplona.com\/actualidad\/wp-json\/wp\/v2\/posts\/42757","targetHints":{"allow":["GET"]}}],"collection":[{"href":"https:\/\/www.laguiadepamplona.com\/actualidad\/wp-json\/wp\/v2\/posts"}],"about":[{"href":"https:\/\/www.laguiadepamplona.com\/actualidad\/wp-json\/wp\/v2\/types\/post"}],"author":[{"embeddable":true,"href":"https:\/\/www.laguiadepamplona.com\/actualidad\/wp-json\/wp\/v2\/users\/1"}],"replies":[{"embeddable":true,"href":"https:\/\/www.laguiadepamplona.com\/actualidad\/wp-json\/wp\/v2\/comments?post=42757"}],"version-history":[{"count":0,"href":"https:\/\/www.laguiadepamplona.com\/actualidad\/wp-json\/wp\/v2\/posts\/42757\/revisions"}],"wp:featuredmedia":[{"embeddable":true,"href":"https:\/\/www.laguiadepamplona.com\/actualidad\/wp-json\/wp\/v2\/media\/42758"}],"wp:attachment":[{"href":"https:\/\/www.laguiadepamplona.com\/actualidad\/wp-json\/wp\/v2\/media?parent=42757"}],"wp:term":[{"taxonomy":"category","embeddable":true,"href":"https:\/\/www.laguiadepamplona.com\/actualidad\/wp-json\/wp\/v2\/categories?post=42757"},{"taxonomy":"post_tag","embeddable":true,"href":"https:\/\/www.laguiadepamplona.com\/actualidad\/wp-json\/wp\/v2\/tags?post=42757"}],"curies":[{"name":"wp","href":"https:\/\/api.w.org\/{rel}","templated":true}]}}