{"id":42752,"date":"2023-02-01T19:01:59","date_gmt":"2023-02-01T17:01:59","guid":{"rendered":"https:\/\/www.laguiadepamplona.com\/actualidad\/?p=42752"},"modified":"2023-04-11T11:47:18","modified_gmt":"2023-04-11T09:47:18","slug":"convocatoria-abierta-para-soluciones-innovadoras-en-el-ambito-de-la-energia-dentro-del-proyecto-europeo-open-lab","status":"publish","type":"post","link":"https:\/\/www.laguiadepamplona.com\/actualidad\/convocatoria-abierta-para-soluciones-innovadoras-en-el-ambito-de-la-energia-dentro-del-proyecto-europeo-open-lab\/","title":{"rendered":"Convocatoria abierta para soluciones innovadoras en el \u00e1mbito de la energ\u00eda dentro del proyecto europeo Open Lab"},"content":{"rendered":"<h5>Se dirige a empresas y <em>startups<\/em> que deseen testar soluciones antes de salir al mercado; el 7 de febrero hay una sesi\u00f3n online para explicar c\u00f3mo participar<\/h5>\n<p><!--more--><\/p>\n<p>La convocatoria abierta pretende involucrar a innovadores con sede en Europa que quieran contribuir al desarrollo de Barrios de Energ\u00eda Positiva en una o m\u00e1s de las ciudades participantes en el proyecto europeo oPEN Lab, es decir en Pamplona, Genk (B\u00e9lgica) y Tartu (Estonia). Los consorcios de cada una de estas ciudades han planteado diversos retos tecnol\u00f3gicos, para los cuales se ha abierto la convocatoria dirigida a empresas y <em>startups<\/em>.<\/p>\n<p>Los retos pr\u00e1cticos que plantea esta convocatoria son la gesti\u00f3n de la ventilaci\u00f3n en funci\u00f3n de la demanda, el almacenamiento eficiente y seguro de bicicletas, herramientas de apoyo a la co-creaci\u00f3n y gesti\u00f3n de Comunidades Energ\u00e9ticas, soluciones energ\u00e9ticas innovadoras para la generaci\u00f3n y el almacenamiento de energ\u00eda, interfaces de usuario innovadoras y rentables para los sistemas de gesti\u00f3n y mantenimiento a distancia de los sistemas energ\u00e9ticos del edificio, BIM desde el escaneado hasta la construcci\u00f3n, infraestructura educativa de barrio y bomba de calor de CC.<\/p>\n<p>Las entidades solicitantes pueden presentarse solos, como entidad \u00fanica o como Grupo Piloto formado por dos organizaciones o m\u00e1s, en cuyo caso designar\u00e1n un Solicitante Principal.<br \/>\n<script async src=\"\/\/pagead2.googlesyndication.com\/pagead\/js\/adsbygoogle.js\"><\/script><br \/>\n<!-- Noticias La Guia de Pamplona --><br \/>\n<ins class=\"adsbygoogle\"\nstyle=\"display:block\"\ndata-ad-client=\"ca-pub-6943679897239327\"\ndata-ad-slot=\"7048180777\"\ndata-ad-format=\"auto\"><\/ins><br \/>\n<script>\n(adsbygoogle = window.adsbygoogle || []).push({});\n<\/script><\/p>\n<p><strong>Webinar el martes 7 de febrero<\/strong><\/p>\n<p>El Ayuntamiento de Pamplona, junto a sus socios en este proyecto AH&amp;Asociados, CENER, UPV y Obenasa, ofrece un webinar el pr\u00f3ximo 7 para informar sobre la convocatoria y resolver posibles dudas. Las personas interesadas se pueden registrar en el enlace <a href=\"https:\/\/eveeno.com\/pamplonawebinar_07_02_2023\" target=\"_blank\" rel=\"noopener\">https:\/\/eveeno.com\/pamplonawebinar_07_02_2023<\/a><\/p>\n<p>Open Lab es un proyecto europeo financiado con fondos europeos del programa H2020, que pretende identificar paquetes de soluciones replicables y comercialmente viables en relaci\u00f3n a la obtenci\u00f3n y reparto de energ\u00edas limpias. De este modo, permite conseguir barrios energ\u00e9ticamente positivos. En Pamplona, se van a llevar a cabo actuaciones en Rochapea, en el edificio IWER y en las viviendas del Grupo San Pedro para generar un Barrio de Energ\u00eda Positiva. Los edificios del Grupo San Pedro que participan en el proyecto se conectar\u00e1n f\u00edsica o virtualmente con el complejo de IWER posibilitando los intercambios energ\u00e9ticos y el balance de la red.<\/p>\n<p>El pasado 23 de febrero ya se organiz\u00f3 una primera sesi\u00f3n informativa. Un webinar en el que se invit\u00f3 a participar a diferentes empresas. Las que tengan productos innovadores relacionados con la rehabilitaci\u00f3n e integraci\u00f3n de energ\u00edas renovables en edificaci\u00f3n y urbanismo podr\u00e1n probar y testar sus soluciones en el entorno real que genera el proyecto Open Lab. Este segundo webinar tendr\u00e1 tambi\u00e9n sus sesiones en Tartu (Estonia) y Genk (B\u00e9lgica), ciudades con las que Pamplona colabora en este proyecto.<br \/>\n<script async src=\"\/\/pagead2.googlesyndication.com\/pagead\/js\/adsbygoogle.js\"><\/script><br \/>\n<!-- Noticias La Guia de Pamplona --><br \/>\n<ins class=\"adsbygoogle\"\nstyle=\"display:block\"\ndata-ad-client=\"ca-pub-6943679897239327\"\ndata-ad-slot=\"7048180777\"\ndata-ad-format=\"auto\"><\/ins><br \/>\n<script>\n(adsbygoogle = window.adsbygoogle || []).push({});\n<\/script><\/p>\n<p>Las bases de la convocatoria est\u00e1n disponibles en la web del proyecto oPEN Lab<a href=\"\/openlab-project.eu)\" target=\"_blank\" rel=\"noopener\"> (https:\/\/openlab-project.eu)<\/a>. Esta iniciativa se enmarca tambi\u00e9n en la Estrategia Go Green Pamplona, que re\u00fane las acciones que lleva a cabo el Ayuntamiento de Pamplona en su lucha contra el cambio clim\u00e1tica y la adaptaci\u00f3n de la ciudad a los efectos y riesgos que se pueden derivar.<\/p>\n","protected":false},"excerpt":{"rendered":"<p>Se dirige a empresas y startups que deseen testar soluciones antes de salir al mercado; el 7 de febrero hay una sesi\u00f3n online para explicar c\u00f3mo participar<\/p>\n","protected":false},"author":1,"featured_media":41391,"comment_status":"open","ping_status":"closed","sticky":false,"template":"","format":"standard","meta":{"footnotes":""},"categories":[2],"tags":[],"class_list":["post-42752","post","type-post","status-publish","format-standard","has-post-thumbnail","hentry","category-ayuntamiento-pamplona"],"yoast_head":"<!-- This site is optimized with the Yoast SEO plugin v27.3 - https:\/\/yoast.com\/product\/yoast-seo-wordpress\/ -->\n<title>Convocatoria abierta para soluciones innovadoras en el \u00e1mbito de la energ\u00eda dentro del proyecto europeo Open Lab<\/title>\n<meta name=\"description\" content=\"Se dirige a empresas y startups que deseen testar soluciones antes de salir al mercado; el 7 de febrero hay una sesi\u00f3n online para explicar c\u00f3mo participar\" \/>\n<meta name=\"robots\" content=\"index, follow, max-snippet:-1, max-image-preview:large, max-video-preview:-1\" \/>\n<link rel=\"canonical\" href=\"https:\/\/www.laguiadepamplona.com\/actualidad\/convocatoria-abierta-para-soluciones-innovadoras-en-el-ambito-de-la-energia-dentro-del-proyecto-europeo-open-lab\/\" \/>\n<meta property=\"og:locale\" content=\"es_ES\" \/>\n<meta property=\"og:type\" content=\"article\" \/>\n<meta property=\"og:title\" content=\"Convocatoria abierta para soluciones innovadoras en el \u00e1mbito de la energ\u00eda dentro del proyecto europeo Open Lab\" \/>\n<meta property=\"og:description\" content=\"Se dirige a empresas y startups que deseen testar soluciones antes de salir al mercado; el 7 de febrero hay una sesi\u00f3n online para explicar c\u00f3mo participar\" \/>\n<meta property=\"og:url\" content=\"https:\/\/www.laguiadepamplona.com\/actualidad\/convocatoria-abierta-para-soluciones-innovadoras-en-el-ambito-de-la-energia-dentro-del-proyecto-europeo-open-lab\/\" \/>\n<meta property=\"og:site_name\" content=\"La Gu\u00eda de Pamplona\" \/>\n<meta property=\"article:publisher\" content=\"https:\/\/www.facebook.com\/laguiadepamplonacom-133175176762273\/?ref=hl\" \/>\n<meta property=\"article:published_time\" content=\"2023-02-01T17:01:59+00:00\" \/>\n<meta property=\"article:modified_time\" content=\"2023-04-11T09:47:18+00:00\" \/>\n<meta property=\"og:image\" content=\"https:\/\/www.laguiadepamplona.com\/actualidad\/wp-content\/uploads\/2022\/08\/reloj_ayuntamiento.webp\" \/>\n\t<meta property=\"og:image:width\" content=\"1920\" \/>\n\t<meta property=\"og:image:height\" content=\"1245\" \/>\n\t<meta property=\"og:image:type\" content=\"image\/webp\" \/>\n<meta name=\"author\" content=\"La Gu\u00eda de Pamplona\" \/>\n<meta name=\"twitter:card\" content=\"summary_large_image\" \/>\n<meta name=\"twitter:creator\" content=\"@LaGuiadPamplona\" \/>\n<meta name=\"twitter:site\" content=\"@LaGuiadPamplona\" \/>\n<meta name=\"twitter:label1\" content=\"Escrito por\" \/>\n\t<meta name=\"twitter:data1\" content=\"La Gu\u00eda de Pamplona\" \/>\n\t<meta name=\"twitter:label2\" content=\"Tiempo de lectura\" \/>\n\t<meta name=\"twitter:data2\" content=\"3 minutos\" \/>\n<script type=\"application\/ld+json\" class=\"yoast-schema-graph\">{\"@context\":\"https:\\\/\\\/schema.org\",\"@graph\":[{\"@type\":\"Article\",\"@id\":\"https:\\\/\\\/www.laguiadepamplona.com\\\/actualidad\\\/convocatoria-abierta-para-soluciones-innovadoras-en-el-ambito-de-la-energia-dentro-del-proyecto-europeo-open-lab\\\/#article\",\"isPartOf\":{\"@id\":\"https:\\\/\\\/www.laguiadepamplona.com\\\/actualidad\\\/convocatoria-abierta-para-soluciones-innovadoras-en-el-ambito-de-la-energia-dentro-del-proyecto-europeo-open-lab\\\/\"},\"author\":{\"name\":\"La Gu\u00eda de Pamplona\",\"@id\":\"https:\\\/\\\/www.laguiadepamplona.com\\\/actualidad\\\/#\\\/schema\\\/person\\\/efe887376f0213d4657c93adc50b1fdb\"},\"headline\":\"Convocatoria abierta para soluciones innovadoras en el \u00e1mbito de la energ\u00eda dentro del proyecto europeo Open Lab\",\"datePublished\":\"2023-02-01T17:01:59+00:00\",\"dateModified\":\"2023-04-11T09:47:18+00:00\",\"mainEntityOfPage\":{\"@id\":\"https:\\\/\\\/www.laguiadepamplona.com\\\/actualidad\\\/convocatoria-abierta-para-soluciones-innovadoras-en-el-ambito-de-la-energia-dentro-del-proyecto-europeo-open-lab\\\/\"},\"wordCount\":561,\"commentCount\":0,\"publisher\":{\"@id\":\"https:\\\/\\\/www.laguiadepamplona.com\\\/actualidad\\\/#organization\"},\"image\":{\"@id\":\"https:\\\/\\\/www.laguiadepamplona.com\\\/actualidad\\\/convocatoria-abierta-para-soluciones-innovadoras-en-el-ambito-de-la-energia-dentro-del-proyecto-europeo-open-lab\\\/#primaryimage\"},\"thumbnailUrl\":\"https:\\\/\\\/www.laguiadepamplona.com\\\/actualidad\\\/wp-content\\\/uploads\\\/2022\\\/08\\\/reloj_ayuntamiento.webp\",\"articleSection\":[\"Ayto Pamplona\"],\"inLanguage\":\"es\",\"potentialAction\":[{\"@type\":\"CommentAction\",\"name\":\"Comment\",\"target\":[\"https:\\\/\\\/www.laguiadepamplona.com\\\/actualidad\\\/convocatoria-abierta-para-soluciones-innovadoras-en-el-ambito-de-la-energia-dentro-del-proyecto-europeo-open-lab\\\/#respond\"]}]},{\"@type\":\"WebPage\",\"@id\":\"https:\\\/\\\/www.laguiadepamplona.com\\\/actualidad\\\/convocatoria-abierta-para-soluciones-innovadoras-en-el-ambito-de-la-energia-dentro-del-proyecto-europeo-open-lab\\\/\",\"url\":\"https:\\\/\\\/www.laguiadepamplona.com\\\/actualidad\\\/convocatoria-abierta-para-soluciones-innovadoras-en-el-ambito-de-la-energia-dentro-del-proyecto-europeo-open-lab\\\/\",\"name\":\"Convocatoria abierta para soluciones innovadoras en el \u00e1mbito de la energ\u00eda dentro del proyecto europeo Open Lab\",\"isPartOf\":{\"@id\":\"https:\\\/\\\/www.laguiadepamplona.com\\\/actualidad\\\/#website\"},\"primaryImageOfPage\":{\"@id\":\"https:\\\/\\\/www.laguiadepamplona.com\\\/actualidad\\\/convocatoria-abierta-para-soluciones-innovadoras-en-el-ambito-de-la-energia-dentro-del-proyecto-europeo-open-lab\\\/#primaryimage\"},\"image\":{\"@id\":\"https:\\\/\\\/www.laguiadepamplona.com\\\/actualidad\\\/convocatoria-abierta-para-soluciones-innovadoras-en-el-ambito-de-la-energia-dentro-del-proyecto-europeo-open-lab\\\/#primaryimage\"},\"thumbnailUrl\":\"https:\\\/\\\/www.laguiadepamplona.com\\\/actualidad\\\/wp-content\\\/uploads\\\/2022\\\/08\\\/reloj_ayuntamiento.webp\",\"datePublished\":\"2023-02-01T17:01:59+00:00\",\"dateModified\":\"2023-04-11T09:47:18+00:00\",\"description\":\"Se dirige a empresas y startups que deseen testar soluciones antes de salir al mercado; el 7 de febrero hay una sesi\u00f3n online para explicar c\u00f3mo participar\",\"breadcrumb\":{\"@id\":\"https:\\\/\\\/www.laguiadepamplona.com\\\/actualidad\\\/convocatoria-abierta-para-soluciones-innovadoras-en-el-ambito-de-la-energia-dentro-del-proyecto-europeo-open-lab\\\/#breadcrumb\"},\"inLanguage\":\"es\",\"potentialAction\":[{\"@type\":\"ReadAction\",\"target\":[\"https:\\\/\\\/www.laguiadepamplona.com\\\/actualidad\\\/convocatoria-abierta-para-soluciones-innovadoras-en-el-ambito-de-la-energia-dentro-del-proyecto-europeo-open-lab\\\/\"]}]},{\"@type\":\"ImageObject\",\"inLanguage\":\"es\",\"@id\":\"https:\\\/\\\/www.laguiadepamplona.com\\\/actualidad\\\/convocatoria-abierta-para-soluciones-innovadoras-en-el-ambito-de-la-energia-dentro-del-proyecto-europeo-open-lab\\\/#primaryimage\",\"url\":\"https:\\\/\\\/www.laguiadepamplona.com\\\/actualidad\\\/wp-content\\\/uploads\\\/2022\\\/08\\\/reloj_ayuntamiento.webp\",\"contentUrl\":\"https:\\\/\\\/www.laguiadepamplona.com\\\/actualidad\\\/wp-content\\\/uploads\\\/2022\\\/08\\\/reloj_ayuntamiento.webp\",\"width\":1920,\"height\":1245,\"caption\":\"ayuntamiento\"},{\"@type\":\"BreadcrumbList\",\"@id\":\"https:\\\/\\\/www.laguiadepamplona.com\\\/actualidad\\\/convocatoria-abierta-para-soluciones-innovadoras-en-el-ambito-de-la-energia-dentro-del-proyecto-europeo-open-lab\\\/#breadcrumb\",\"itemListElement\":[{\"@type\":\"ListItem\",\"position\":1,\"name\":\"Portada\",\"item\":\"https:\\\/\\\/www.laguiadepamplona.com\\\/actualidad\\\/\"},{\"@type\":\"ListItem\",\"position\":2,\"name\":\"Convocatoria abierta para soluciones innovadoras en el \u00e1mbito de la energ\u00eda dentro del proyecto europeo Open Lab\"}]},{\"@type\":\"WebSite\",\"@id\":\"https:\\\/\\\/www.laguiadepamplona.com\\\/actualidad\\\/#website\",\"url\":\"https:\\\/\\\/www.laguiadepamplona.com\\\/actualidad\\\/\",\"name\":\"La gu\u00eda de Pamplona\",\"description\":\"Noticias de Pamplona\",\"publisher\":{\"@id\":\"https:\\\/\\\/www.laguiadepamplona.com\\\/actualidad\\\/#organization\"},\"potentialAction\":[{\"@type\":\"SearchAction\",\"target\":{\"@type\":\"EntryPoint\",\"urlTemplate\":\"https:\\\/\\\/www.laguiadepamplona.com\\\/actualidad\\\/?s={search_term_string}\"},\"query-input\":{\"@type\":\"PropertyValueSpecification\",\"valueRequired\":true,\"valueName\":\"search_term_string\"}}],\"inLanguage\":\"es\"},{\"@type\":\"Organization\",\"@id\":\"https:\\\/\\\/www.laguiadepamplona.com\\\/actualidad\\\/#organization\",\"name\":\"La Gu\u00eda de Pamplona \\\/ Noticias\",\"url\":\"https:\\\/\\\/www.laguiadepamplona.com\\\/actualidad\\\/\",\"logo\":{\"@type\":\"ImageObject\",\"inLanguage\":\"es\",\"@id\":\"https:\\\/\\\/www.laguiadepamplona.com\\\/actualidad\\\/#\\\/schema\\\/logo\\\/image\\\/\",\"url\":\"https:\\\/\\\/www.laguiadepamplona.com\\\/actualidad\\\/wp-content\\\/uploads\\\/2018\\\/11\\\/logo-laguiadepamplona18-web1.png\",\"contentUrl\":\"https:\\\/\\\/www.laguiadepamplona.com\\\/actualidad\\\/wp-content\\\/uploads\\\/2018\\\/11\\\/logo-laguiadepamplona18-web1.png\",\"width\":600,\"height\":196,\"caption\":\"La Gu\u00eda de Pamplona \\\/ Noticias\"},\"image\":{\"@id\":\"https:\\\/\\\/www.laguiadepamplona.com\\\/actualidad\\\/#\\\/schema\\\/logo\\\/image\\\/\"},\"sameAs\":[\"https:\\\/\\\/www.facebook.com\\\/laguiadepamplonacom-133175176762273\\\/?ref=hl\",\"https:\\\/\\\/x.com\\\/LaGuiadPamplona\",\"https:\\\/\\\/www.instagram.com\\\/la_guia_de_pamplona\\\/\",\"https:\\\/\\\/www.youtube.com\\\/user\\\/laguiadepamplona\"]},{\"@type\":\"Person\",\"@id\":\"https:\\\/\\\/www.laguiadepamplona.com\\\/actualidad\\\/#\\\/schema\\\/person\\\/efe887376f0213d4657c93adc50b1fdb\",\"name\":\"La Gu\u00eda de Pamplona\",\"image\":{\"@type\":\"ImageObject\",\"inLanguage\":\"es\",\"@id\":\"https:\\\/\\\/secure.gravatar.com\\\/avatar\\\/b6992f131dc8d30ab0dff15446e9d346d9dbd95992de0fef795073f5ea83a81c?s=96&d=mm&r=g\",\"url\":\"https:\\\/\\\/secure.gravatar.com\\\/avatar\\\/b6992f131dc8d30ab0dff15446e9d346d9dbd95992de0fef795073f5ea83a81c?s=96&d=mm&r=g\",\"contentUrl\":\"https:\\\/\\\/secure.gravatar.com\\\/avatar\\\/b6992f131dc8d30ab0dff15446e9d346d9dbd95992de0fef795073f5ea83a81c?s=96&d=mm&r=g\",\"caption\":\"La Gu\u00eda de Pamplona\"}}]}<\/script>\n<!-- \/ Yoast SEO plugin. -->","yoast_head_json":{"title":"Convocatoria abierta para soluciones innovadoras en el \u00e1mbito de la energ\u00eda dentro del proyecto europeo Open Lab","description":"Se dirige a empresas y startups que deseen testar soluciones antes de salir al mercado; el 7 de febrero hay una sesi\u00f3n online para explicar c\u00f3mo participar","robots":{"index":"index","follow":"follow","max-snippet":"max-snippet:-1","max-image-preview":"max-image-preview:large","max-video-preview":"max-video-preview:-1"},"canonical":"https:\/\/www.laguiadepamplona.com\/actualidad\/convocatoria-abierta-para-soluciones-innovadoras-en-el-ambito-de-la-energia-dentro-del-proyecto-europeo-open-lab\/","og_locale":"es_ES","og_type":"article","og_title":"Convocatoria abierta para soluciones innovadoras en el \u00e1mbito de la energ\u00eda dentro del proyecto europeo Open Lab","og_description":"Se dirige a empresas y startups que deseen testar soluciones antes de salir al mercado; el 7 de febrero hay una sesi\u00f3n online para explicar c\u00f3mo participar","og_url":"https:\/\/www.laguiadepamplona.com\/actualidad\/convocatoria-abierta-para-soluciones-innovadoras-en-el-ambito-de-la-energia-dentro-del-proyecto-europeo-open-lab\/","og_site_name":"La Gu\u00eda de Pamplona","article_publisher":"https:\/\/www.facebook.com\/laguiadepamplonacom-133175176762273\/?ref=hl","article_published_time":"2023-02-01T17:01:59+00:00","article_modified_time":"2023-04-11T09:47:18+00:00","og_image":[{"width":1920,"height":1245,"url":"https:\/\/www.laguiadepamplona.com\/actualidad\/wp-content\/uploads\/2022\/08\/reloj_ayuntamiento.webp","type":"image\/webp"}],"author":"La Gu\u00eda de Pamplona","twitter_card":"summary_large_image","twitter_creator":"@LaGuiadPamplona","twitter_site":"@LaGuiadPamplona","twitter_misc":{"Escrito por":"La Gu\u00eda de Pamplona","Tiempo de lectura":"3 minutos"},"schema":{"@context":"https:\/\/schema.org","@graph":[{"@type":"Article","@id":"https:\/\/www.laguiadepamplona.com\/actualidad\/convocatoria-abierta-para-soluciones-innovadoras-en-el-ambito-de-la-energia-dentro-del-proyecto-europeo-open-lab\/#article","isPartOf":{"@id":"https:\/\/www.laguiadepamplona.com\/actualidad\/convocatoria-abierta-para-soluciones-innovadoras-en-el-ambito-de-la-energia-dentro-del-proyecto-europeo-open-lab\/"},"author":{"name":"La Gu\u00eda de Pamplona","@id":"https:\/\/www.laguiadepamplona.com\/actualidad\/#\/schema\/person\/efe887376f0213d4657c93adc50b1fdb"},"headline":"Convocatoria abierta para soluciones innovadoras en el \u00e1mbito de la energ\u00eda dentro del proyecto europeo Open Lab","datePublished":"2023-02-01T17:01:59+00:00","dateModified":"2023-04-11T09:47:18+00:00","mainEntityOfPage":{"@id":"https:\/\/www.laguiadepamplona.com\/actualidad\/convocatoria-abierta-para-soluciones-innovadoras-en-el-ambito-de-la-energia-dentro-del-proyecto-europeo-open-lab\/"},"wordCount":561,"commentCount":0,"publisher":{"@id":"https:\/\/www.laguiadepamplona.com\/actualidad\/#organization"},"image":{"@id":"https:\/\/www.laguiadepamplona.com\/actualidad\/convocatoria-abierta-para-soluciones-innovadoras-en-el-ambito-de-la-energia-dentro-del-proyecto-europeo-open-lab\/#primaryimage"},"thumbnailUrl":"https:\/\/www.laguiadepamplona.com\/actualidad\/wp-content\/uploads\/2022\/08\/reloj_ayuntamiento.webp","articleSection":["Ayto Pamplona"],"inLanguage":"es","potentialAction":[{"@type":"CommentAction","name":"Comment","target":["https:\/\/www.laguiadepamplona.com\/actualidad\/convocatoria-abierta-para-soluciones-innovadoras-en-el-ambito-de-la-energia-dentro-del-proyecto-europeo-open-lab\/#respond"]}]},{"@type":"WebPage","@id":"https:\/\/www.laguiadepamplona.com\/actualidad\/convocatoria-abierta-para-soluciones-innovadoras-en-el-ambito-de-la-energia-dentro-del-proyecto-europeo-open-lab\/","url":"https:\/\/www.laguiadepamplona.com\/actualidad\/convocatoria-abierta-para-soluciones-innovadoras-en-el-ambito-de-la-energia-dentro-del-proyecto-europeo-open-lab\/","name":"Convocatoria abierta para soluciones innovadoras en el \u00e1mbito de la energ\u00eda dentro del proyecto europeo Open Lab","isPartOf":{"@id":"https:\/\/www.laguiadepamplona.com\/actualidad\/#website"},"primaryImageOfPage":{"@id":"https:\/\/www.laguiadepamplona.com\/actualidad\/convocatoria-abierta-para-soluciones-innovadoras-en-el-ambito-de-la-energia-dentro-del-proyecto-europeo-open-lab\/#primaryimage"},"image":{"@id":"https:\/\/www.laguiadepamplona.com\/actualidad\/convocatoria-abierta-para-soluciones-innovadoras-en-el-ambito-de-la-energia-dentro-del-proyecto-europeo-open-lab\/#primaryimage"},"thumbnailUrl":"https:\/\/www.laguiadepamplona.com\/actualidad\/wp-content\/uploads\/2022\/08\/reloj_ayuntamiento.webp","datePublished":"2023-02-01T17:01:59+00:00","dateModified":"2023-04-11T09:47:18+00:00","description":"Se dirige a empresas y startups que deseen testar soluciones antes de salir al mercado; el 7 de febrero hay una sesi\u00f3n online para explicar c\u00f3mo participar","breadcrumb":{"@id":"https:\/\/www.laguiadepamplona.com\/actualidad\/convocatoria-abierta-para-soluciones-innovadoras-en-el-ambito-de-la-energia-dentro-del-proyecto-europeo-open-lab\/#breadcrumb"},"inLanguage":"es","potentialAction":[{"@type":"ReadAction","target":["https:\/\/www.laguiadepamplona.com\/actualidad\/convocatoria-abierta-para-soluciones-innovadoras-en-el-ambito-de-la-energia-dentro-del-proyecto-europeo-open-lab\/"]}]},{"@type":"ImageObject","inLanguage":"es","@id":"https:\/\/www.laguiadepamplona.com\/actualidad\/convocatoria-abierta-para-soluciones-innovadoras-en-el-ambito-de-la-energia-dentro-del-proyecto-europeo-open-lab\/#primaryimage","url":"https:\/\/www.laguiadepamplona.com\/actualidad\/wp-content\/uploads\/2022\/08\/reloj_ayuntamiento.webp","contentUrl":"https:\/\/www.laguiadepamplona.com\/actualidad\/wp-content\/uploads\/2022\/08\/reloj_ayuntamiento.webp","width":1920,"height":1245,"caption":"ayuntamiento"},{"@type":"BreadcrumbList","@id":"https:\/\/www.laguiadepamplona.com\/actualidad\/convocatoria-abierta-para-soluciones-innovadoras-en-el-ambito-de-la-energia-dentro-del-proyecto-europeo-open-lab\/#breadcrumb","itemListElement":[{"@type":"ListItem","position":1,"name":"Portada","item":"https:\/\/www.laguiadepamplona.com\/actualidad\/"},{"@type":"ListItem","position":2,"name":"Convocatoria abierta para soluciones innovadoras en el \u00e1mbito de la energ\u00eda dentro del proyecto europeo Open Lab"}]},{"@type":"WebSite","@id":"https:\/\/www.laguiadepamplona.com\/actualidad\/#website","url":"https:\/\/www.laguiadepamplona.com\/actualidad\/","name":"La gu\u00eda de Pamplona","description":"Noticias de Pamplona","publisher":{"@id":"https:\/\/www.laguiadepamplona.com\/actualidad\/#organization"},"potentialAction":[{"@type":"SearchAction","target":{"@type":"EntryPoint","urlTemplate":"https:\/\/www.laguiadepamplona.com\/actualidad\/?s={search_term_string}"},"query-input":{"@type":"PropertyValueSpecification","valueRequired":true,"valueName":"search_term_string"}}],"inLanguage":"es"},{"@type":"Organization","@id":"https:\/\/www.laguiadepamplona.com\/actualidad\/#organization","name":"La Gu\u00eda de Pamplona \/ Noticias","url":"https:\/\/www.laguiadepamplona.com\/actualidad\/","logo":{"@type":"ImageObject","inLanguage":"es","@id":"https:\/\/www.laguiadepamplona.com\/actualidad\/#\/schema\/logo\/image\/","url":"https:\/\/www.laguiadepamplona.com\/actualidad\/wp-content\/uploads\/2018\/11\/logo-laguiadepamplona18-web1.png","contentUrl":"https:\/\/www.laguiadepamplona.com\/actualidad\/wp-content\/uploads\/2018\/11\/logo-laguiadepamplona18-web1.png","width":600,"height":196,"caption":"La Gu\u00eda de Pamplona \/ Noticias"},"image":{"@id":"https:\/\/www.laguiadepamplona.com\/actualidad\/#\/schema\/logo\/image\/"},"sameAs":["https:\/\/www.facebook.com\/laguiadepamplonacom-133175176762273\/?ref=hl","https:\/\/x.com\/LaGuiadPamplona","https:\/\/www.instagram.com\/la_guia_de_pamplona\/","https:\/\/www.youtube.com\/user\/laguiadepamplona"]},{"@type":"Person","@id":"https:\/\/www.laguiadepamplona.com\/actualidad\/#\/schema\/person\/efe887376f0213d4657c93adc50b1fdb","name":"La Gu\u00eda de Pamplona","image":{"@type":"ImageObject","inLanguage":"es","@id":"https:\/\/secure.gravatar.com\/avatar\/b6992f131dc8d30ab0dff15446e9d346d9dbd95992de0fef795073f5ea83a81c?s=96&d=mm&r=g","url":"https:\/\/secure.gravatar.com\/avatar\/b6992f131dc8d30ab0dff15446e9d346d9dbd95992de0fef795073f5ea83a81c?s=96&d=mm&r=g","contentUrl":"https:\/\/secure.gravatar.com\/avatar\/b6992f131dc8d30ab0dff15446e9d346d9dbd95992de0fef795073f5ea83a81c?s=96&d=mm&r=g","caption":"La Gu\u00eda de Pamplona"}}]}},"post_mailing_queue_ids":[],"_links":{"self":[{"href":"https:\/\/www.laguiadepamplona.com\/actualidad\/wp-json\/wp\/v2\/posts\/42752","targetHints":{"allow":["GET"]}}],"collection":[{"href":"https:\/\/www.laguiadepamplona.com\/actualidad\/wp-json\/wp\/v2\/posts"}],"about":[{"href":"https:\/\/www.laguiadepamplona.com\/actualidad\/wp-json\/wp\/v2\/types\/post"}],"author":[{"embeddable":true,"href":"https:\/\/www.laguiadepamplona.com\/actualidad\/wp-json\/wp\/v2\/users\/1"}],"replies":[{"embeddable":true,"href":"https:\/\/www.laguiadepamplona.com\/actualidad\/wp-json\/wp\/v2\/comments?post=42752"}],"version-history":[{"count":0,"href":"https:\/\/www.laguiadepamplona.com\/actualidad\/wp-json\/wp\/v2\/posts\/42752\/revisions"}],"wp:featuredmedia":[{"embeddable":true,"href":"https:\/\/www.laguiadepamplona.com\/actualidad\/wp-json\/wp\/v2\/media\/41391"}],"wp:attachment":[{"href":"https:\/\/www.laguiadepamplona.com\/actualidad\/wp-json\/wp\/v2\/media?parent=42752"}],"wp:term":[{"taxonomy":"category","embeddable":true,"href":"https:\/\/www.laguiadepamplona.com\/actualidad\/wp-json\/wp\/v2\/categories?post=42752"},{"taxonomy":"post_tag","embeddable":true,"href":"https:\/\/www.laguiadepamplona.com\/actualidad\/wp-json\/wp\/v2\/tags?post=42752"}],"curies":[{"name":"wp","href":"https:\/\/api.w.org\/{rel}","templated":true}]}}