{"id":42750,"date":"2023-02-01T18:59:28","date_gmt":"2023-02-01T16:59:28","guid":{"rendered":"https:\/\/www.laguiadepamplona.com\/actualidad\/?p=42750"},"modified":"2023-04-11T11:47:18","modified_gmt":"2023-04-11T09:47:18","slug":"cerrado-provisionalmente-el-censo-electoral-para-elecciones-municipales-y-autonomicas-del-proximo-28-de-mayo","status":"publish","type":"post","link":"https:\/\/www.laguiadepamplona.com\/actualidad\/cerrado-provisionalmente-el-censo-electoral-para-elecciones-municipales-y-autonomicas-del-proximo-28-de-mayo\/","title":{"rendered":"Cerrado provisionalmente el censo electoral para elecciones municipales y auton\u00f3micas del pr\u00f3ximo 28 de mayo"},"content":{"rendered":"<h5>En estos momentos en la ciudad hay 153.162 personas con nacionalidad espa\u00f1ola y que ser\u00e1n mayores de edad a fecha de las elecciones<\/h5>\n<p><!--more--><\/p>\n<p>Este mi\u00e9rcoles, 1 de febrero, se han cerrado oficialmente las listas de ciudadan\u00eda de nacionalidad espa\u00f1ola radicada en Pamplona que podr\u00e1 votar en las elecciones municipales y auton\u00f3micas del pr\u00f3ximo 28 de mayo, es el cierre del censo electoral. Estas listas recogen los movimientos padronales registrados en la ciudad hasta el 30 de enero de 2023 y tienen car\u00e1cter provisional hasta que las respalde la Oficina del Censo Electoral, despu\u00e9s de un per\u00edodo de exposici\u00f3n p\u00fablica y resoluci\u00f3n de reclamaciones.<br \/>\n<script async src=\"\/\/pagead2.googlesyndication.com\/pagead\/js\/adsbygoogle.js\"><\/script><br \/>\n<!-- Noticias La Guia de Pamplona --><br \/>\n<ins class=\"adsbygoogle\"\nstyle=\"display:block\"\ndata-ad-client=\"ca-pub-6943679897239327\"\ndata-ad-slot=\"7048180777\"\ndata-ad-format=\"auto\"><\/ins><br \/>\n<script>\n(adsbygoogle = window.adsbygoogle || []).push({});\n<\/script><\/p>\n<p>Con esos datos podr\u00e1n votar las 153.162 personas con nacionalidad espa\u00f1ola, mayores de edad a fecha de las elecciones que hay en estos momentos en la ciudad. Hay que recordar la cifra se incrementar\u00e1 ya que tambi\u00e9n podr\u00e1n participar en los comicios ciudadanos europeos y de pa\u00edses con acuerdos bilaterales con Espa\u00f1a que lo hayan solicitado, as\u00ed como espa\u00f1oles residentes en el extranjero cuyo \u00faltimo domicilio fue Pamplona y que lo har\u00e1n desde sus consulados. En los comicios auton\u00f3micos pueden votar \u00fanicamente los ciudadanos espa\u00f1oles.<\/p>\n<p>En cumplimiento de la legislaci\u00f3n electoral, el Ayuntamiento pondr\u00e1 en funcionamiento del 10 al 17 de abril un sistema para que los ciudadanos interesados puedan consultar individualmente sus datos y, en su caso, reclamar rectificaciones de informaci\u00f3n a la Oficina del Censo Electoral (DPOCE). Este organismo deber\u00e1 contestar en tres d\u00edas a las solicitudes y, a partir del 21 de abril, se volver\u00e1n a exponer las listas definitivas.<br \/>\n<script async src=\"\/\/pagead2.googlesyndication.com\/pagead\/js\/adsbygoogle.js\"><\/script><br \/>\n<!-- Noticias La Guia de Pamplona --><br \/>\n<ins class=\"adsbygoogle\"\nstyle=\"display:block\"\ndata-ad-client=\"ca-pub-6943679897239327\"\ndata-ad-slot=\"7048180777\"\ndata-ad-format=\"auto\"><\/ins><br \/>\n<script>\n(adsbygoogle = window.adsbygoogle || []).push({});\n<\/script><\/p>\n<p>Ese mismo censo servir\u00e1 para determinar la composici\u00f3n de las mesas electorales cuando se realice el preceptivo sorteo en el Pleno del Consistorio, a finales de abril o principios de mayo. La fecha concreta ser\u00e1 establecida por la Junta de Portavoces del Ayuntamiento de Pamplona.<\/p>\n","protected":false},"excerpt":{"rendered":"<p>En estos momentos en la ciudad hay 153.162 personas con nacionalidad espa\u00f1ola y que ser\u00e1n mayores de edad a fecha de las elecciones<\/p>\n","protected":false},"author":1,"featured_media":20905,"comment_status":"open","ping_status":"closed","sticky":false,"template":"","format":"standard","meta":{"footnotes":""},"categories":[2],"tags":[],"class_list":["post-42750","post","type-post","status-publish","format-standard","has-post-thumbnail","hentry","category-ayuntamiento-pamplona"],"yoast_head":"<!-- This site is optimized with the Yoast SEO plugin v27.3 - https:\/\/yoast.com\/product\/yoast-seo-wordpress\/ -->\n<title>Cerrado provisionalmente el censo electoral para elecciones municipales y auton\u00f3micas del pr\u00f3ximo 28 de mayo<\/title>\n<meta name=\"description\" content=\"En estos momentos en la ciudad hay 153.162 personas con nacionalidad espa\u00f1ola y que ser\u00e1n mayores de edad a fecha de las elecciones\" \/>\n<meta name=\"robots\" content=\"index, follow, max-snippet:-1, max-image-preview:large, max-video-preview:-1\" \/>\n<link rel=\"canonical\" href=\"https:\/\/www.laguiadepamplona.com\/actualidad\/cerrado-provisionalmente-el-censo-electoral-para-elecciones-municipales-y-autonomicas-del-proximo-28-de-mayo\/\" \/>\n<meta property=\"og:locale\" content=\"es_ES\" \/>\n<meta property=\"og:type\" content=\"article\" \/>\n<meta property=\"og:title\" content=\"Cerrado provisionalmente el censo electoral para elecciones municipales y auton\u00f3micas del pr\u00f3ximo 28 de mayo\" \/>\n<meta property=\"og:description\" content=\"En estos momentos en la ciudad hay 153.162 personas con nacionalidad espa\u00f1ola y que ser\u00e1n mayores de edad a fecha de las elecciones\" \/>\n<meta property=\"og:url\" content=\"https:\/\/www.laguiadepamplona.com\/actualidad\/cerrado-provisionalmente-el-censo-electoral-para-elecciones-municipales-y-autonomicas-del-proximo-28-de-mayo\/\" \/>\n<meta property=\"og:site_name\" content=\"La Gu\u00eda de Pamplona\" \/>\n<meta property=\"article:publisher\" content=\"https:\/\/www.facebook.com\/laguiadepamplonacom-133175176762273\/?ref=hl\" \/>\n<meta property=\"article:published_time\" content=\"2023-02-01T16:59:28+00:00\" \/>\n<meta property=\"article:modified_time\" content=\"2023-04-11T09:47:18+00:00\" \/>\n<meta property=\"og:image\" content=\"https:\/\/www.laguiadepamplona.com\/actualidad\/wp-content\/uploads\/2019\/03\/19.03.21_consultas_censo.jpg\" \/>\n\t<meta property=\"og:image:width\" content=\"1920\" \/>\n\t<meta property=\"og:image:height\" content=\"1068\" \/>\n\t<meta property=\"og:image:type\" content=\"image\/jpeg\" \/>\n<meta name=\"author\" content=\"La Gu\u00eda de Pamplona\" \/>\n<meta name=\"twitter:card\" content=\"summary_large_image\" \/>\n<meta name=\"twitter:creator\" content=\"@LaGuiadPamplona\" \/>\n<meta name=\"twitter:site\" content=\"@LaGuiadPamplona\" \/>\n<meta name=\"twitter:label1\" content=\"Escrito por\" \/>\n\t<meta name=\"twitter:data1\" content=\"La Gu\u00eda de Pamplona\" \/>\n\t<meta name=\"twitter:label2\" content=\"Tiempo de lectura\" \/>\n\t<meta name=\"twitter:data2\" content=\"2 minutos\" \/>\n<script type=\"application\/ld+json\" class=\"yoast-schema-graph\">{\"@context\":\"https:\\\/\\\/schema.org\",\"@graph\":[{\"@type\":\"Article\",\"@id\":\"https:\\\/\\\/www.laguiadepamplona.com\\\/actualidad\\\/cerrado-provisionalmente-el-censo-electoral-para-elecciones-municipales-y-autonomicas-del-proximo-28-de-mayo\\\/#article\",\"isPartOf\":{\"@id\":\"https:\\\/\\\/www.laguiadepamplona.com\\\/actualidad\\\/cerrado-provisionalmente-el-censo-electoral-para-elecciones-municipales-y-autonomicas-del-proximo-28-de-mayo\\\/\"},\"author\":{\"name\":\"La Gu\u00eda de Pamplona\",\"@id\":\"https:\\\/\\\/www.laguiadepamplona.com\\\/actualidad\\\/#\\\/schema\\\/person\\\/efe887376f0213d4657c93adc50b1fdb\"},\"headline\":\"Cerrado provisionalmente el censo electoral para elecciones municipales y auton\u00f3micas del pr\u00f3ximo 28 de mayo\",\"datePublished\":\"2023-02-01T16:59:28+00:00\",\"dateModified\":\"2023-04-11T09:47:18+00:00\",\"mainEntityOfPage\":{\"@id\":\"https:\\\/\\\/www.laguiadepamplona.com\\\/actualidad\\\/cerrado-provisionalmente-el-censo-electoral-para-elecciones-municipales-y-autonomicas-del-proximo-28-de-mayo\\\/\"},\"wordCount\":336,\"commentCount\":0,\"publisher\":{\"@id\":\"https:\\\/\\\/www.laguiadepamplona.com\\\/actualidad\\\/#organization\"},\"image\":{\"@id\":\"https:\\\/\\\/www.laguiadepamplona.com\\\/actualidad\\\/cerrado-provisionalmente-el-censo-electoral-para-elecciones-municipales-y-autonomicas-del-proximo-28-de-mayo\\\/#primaryimage\"},\"thumbnailUrl\":\"https:\\\/\\\/www.laguiadepamplona.com\\\/actualidad\\\/wp-content\\\/uploads\\\/2019\\\/03\\\/19.03.21_consultas_censo.jpg\",\"articleSection\":[\"Ayto Pamplona\"],\"inLanguage\":\"es\",\"potentialAction\":[{\"@type\":\"CommentAction\",\"name\":\"Comment\",\"target\":[\"https:\\\/\\\/www.laguiadepamplona.com\\\/actualidad\\\/cerrado-provisionalmente-el-censo-electoral-para-elecciones-municipales-y-autonomicas-del-proximo-28-de-mayo\\\/#respond\"]}]},{\"@type\":\"WebPage\",\"@id\":\"https:\\\/\\\/www.laguiadepamplona.com\\\/actualidad\\\/cerrado-provisionalmente-el-censo-electoral-para-elecciones-municipales-y-autonomicas-del-proximo-28-de-mayo\\\/\",\"url\":\"https:\\\/\\\/www.laguiadepamplona.com\\\/actualidad\\\/cerrado-provisionalmente-el-censo-electoral-para-elecciones-municipales-y-autonomicas-del-proximo-28-de-mayo\\\/\",\"name\":\"Cerrado provisionalmente el censo electoral para elecciones municipales y auton\u00f3micas del pr\u00f3ximo 28 de mayo\",\"isPartOf\":{\"@id\":\"https:\\\/\\\/www.laguiadepamplona.com\\\/actualidad\\\/#website\"},\"primaryImageOfPage\":{\"@id\":\"https:\\\/\\\/www.laguiadepamplona.com\\\/actualidad\\\/cerrado-provisionalmente-el-censo-electoral-para-elecciones-municipales-y-autonomicas-del-proximo-28-de-mayo\\\/#primaryimage\"},\"image\":{\"@id\":\"https:\\\/\\\/www.laguiadepamplona.com\\\/actualidad\\\/cerrado-provisionalmente-el-censo-electoral-para-elecciones-municipales-y-autonomicas-del-proximo-28-de-mayo\\\/#primaryimage\"},\"thumbnailUrl\":\"https:\\\/\\\/www.laguiadepamplona.com\\\/actualidad\\\/wp-content\\\/uploads\\\/2019\\\/03\\\/19.03.21_consultas_censo.jpg\",\"datePublished\":\"2023-02-01T16:59:28+00:00\",\"dateModified\":\"2023-04-11T09:47:18+00:00\",\"description\":\"En estos momentos en la ciudad hay 153.162 personas con nacionalidad espa\u00f1ola y que ser\u00e1n mayores de edad a fecha de las elecciones\",\"breadcrumb\":{\"@id\":\"https:\\\/\\\/www.laguiadepamplona.com\\\/actualidad\\\/cerrado-provisionalmente-el-censo-electoral-para-elecciones-municipales-y-autonomicas-del-proximo-28-de-mayo\\\/#breadcrumb\"},\"inLanguage\":\"es\",\"potentialAction\":[{\"@type\":\"ReadAction\",\"target\":[\"https:\\\/\\\/www.laguiadepamplona.com\\\/actualidad\\\/cerrado-provisionalmente-el-censo-electoral-para-elecciones-municipales-y-autonomicas-del-proximo-28-de-mayo\\\/\"]}]},{\"@type\":\"ImageObject\",\"inLanguage\":\"es\",\"@id\":\"https:\\\/\\\/www.laguiadepamplona.com\\\/actualidad\\\/cerrado-provisionalmente-el-censo-electoral-para-elecciones-municipales-y-autonomicas-del-proximo-28-de-mayo\\\/#primaryimage\",\"url\":\"https:\\\/\\\/www.laguiadepamplona.com\\\/actualidad\\\/wp-content\\\/uploads\\\/2019\\\/03\\\/19.03.21_consultas_censo.jpg\",\"contentUrl\":\"https:\\\/\\\/www.laguiadepamplona.com\\\/actualidad\\\/wp-content\\\/uploads\\\/2019\\\/03\\\/19.03.21_consultas_censo.jpg\",\"width\":1920,\"height\":1068,\"caption\":\"dav\"},{\"@type\":\"BreadcrumbList\",\"@id\":\"https:\\\/\\\/www.laguiadepamplona.com\\\/actualidad\\\/cerrado-provisionalmente-el-censo-electoral-para-elecciones-municipales-y-autonomicas-del-proximo-28-de-mayo\\\/#breadcrumb\",\"itemListElement\":[{\"@type\":\"ListItem\",\"position\":1,\"name\":\"Portada\",\"item\":\"https:\\\/\\\/www.laguiadepamplona.com\\\/actualidad\\\/\"},{\"@type\":\"ListItem\",\"position\":2,\"name\":\"Cerrado provisionalmente el censo electoral para elecciones municipales y auton\u00f3micas del pr\u00f3ximo 28 de mayo\"}]},{\"@type\":\"WebSite\",\"@id\":\"https:\\\/\\\/www.laguiadepamplona.com\\\/actualidad\\\/#website\",\"url\":\"https:\\\/\\\/www.laguiadepamplona.com\\\/actualidad\\\/\",\"name\":\"La gu\u00eda de Pamplona\",\"description\":\"Noticias de Pamplona\",\"publisher\":{\"@id\":\"https:\\\/\\\/www.laguiadepamplona.com\\\/actualidad\\\/#organization\"},\"potentialAction\":[{\"@type\":\"SearchAction\",\"target\":{\"@type\":\"EntryPoint\",\"urlTemplate\":\"https:\\\/\\\/www.laguiadepamplona.com\\\/actualidad\\\/?s={search_term_string}\"},\"query-input\":{\"@type\":\"PropertyValueSpecification\",\"valueRequired\":true,\"valueName\":\"search_term_string\"}}],\"inLanguage\":\"es\"},{\"@type\":\"Organization\",\"@id\":\"https:\\\/\\\/www.laguiadepamplona.com\\\/actualidad\\\/#organization\",\"name\":\"La Gu\u00eda de Pamplona \\\/ Noticias\",\"url\":\"https:\\\/\\\/www.laguiadepamplona.com\\\/actualidad\\\/\",\"logo\":{\"@type\":\"ImageObject\",\"inLanguage\":\"es\",\"@id\":\"https:\\\/\\\/www.laguiadepamplona.com\\\/actualidad\\\/#\\\/schema\\\/logo\\\/image\\\/\",\"url\":\"https:\\\/\\\/www.laguiadepamplona.com\\\/actualidad\\\/wp-content\\\/uploads\\\/2018\\\/11\\\/logo-laguiadepamplona18-web1.png\",\"contentUrl\":\"https:\\\/\\\/www.laguiadepamplona.com\\\/actualidad\\\/wp-content\\\/uploads\\\/2018\\\/11\\\/logo-laguiadepamplona18-web1.png\",\"width\":600,\"height\":196,\"caption\":\"La Gu\u00eda de Pamplona \\\/ Noticias\"},\"image\":{\"@id\":\"https:\\\/\\\/www.laguiadepamplona.com\\\/actualidad\\\/#\\\/schema\\\/logo\\\/image\\\/\"},\"sameAs\":[\"https:\\\/\\\/www.facebook.com\\\/laguiadepamplonacom-133175176762273\\\/?ref=hl\",\"https:\\\/\\\/x.com\\\/LaGuiadPamplona\",\"https:\\\/\\\/www.instagram.com\\\/la_guia_de_pamplona\\\/\",\"https:\\\/\\\/www.youtube.com\\\/user\\\/laguiadepamplona\"]},{\"@type\":\"Person\",\"@id\":\"https:\\\/\\\/www.laguiadepamplona.com\\\/actualidad\\\/#\\\/schema\\\/person\\\/efe887376f0213d4657c93adc50b1fdb\",\"name\":\"La Gu\u00eda de Pamplona\",\"image\":{\"@type\":\"ImageObject\",\"inLanguage\":\"es\",\"@id\":\"https:\\\/\\\/secure.gravatar.com\\\/avatar\\\/b6992f131dc8d30ab0dff15446e9d346d9dbd95992de0fef795073f5ea83a81c?s=96&d=mm&r=g\",\"url\":\"https:\\\/\\\/secure.gravatar.com\\\/avatar\\\/b6992f131dc8d30ab0dff15446e9d346d9dbd95992de0fef795073f5ea83a81c?s=96&d=mm&r=g\",\"contentUrl\":\"https:\\\/\\\/secure.gravatar.com\\\/avatar\\\/b6992f131dc8d30ab0dff15446e9d346d9dbd95992de0fef795073f5ea83a81c?s=96&d=mm&r=g\",\"caption\":\"La Gu\u00eda de Pamplona\"}}]}<\/script>\n<!-- \/ Yoast SEO plugin. -->","yoast_head_json":{"title":"Cerrado provisionalmente el censo electoral para elecciones municipales y auton\u00f3micas del pr\u00f3ximo 28 de mayo","description":"En estos momentos en la ciudad hay 153.162 personas con nacionalidad espa\u00f1ola y que ser\u00e1n mayores de edad a fecha de las elecciones","robots":{"index":"index","follow":"follow","max-snippet":"max-snippet:-1","max-image-preview":"max-image-preview:large","max-video-preview":"max-video-preview:-1"},"canonical":"https:\/\/www.laguiadepamplona.com\/actualidad\/cerrado-provisionalmente-el-censo-electoral-para-elecciones-municipales-y-autonomicas-del-proximo-28-de-mayo\/","og_locale":"es_ES","og_type":"article","og_title":"Cerrado provisionalmente el censo electoral para elecciones municipales y auton\u00f3micas del pr\u00f3ximo 28 de mayo","og_description":"En estos momentos en la ciudad hay 153.162 personas con nacionalidad espa\u00f1ola y que ser\u00e1n mayores de edad a fecha de las elecciones","og_url":"https:\/\/www.laguiadepamplona.com\/actualidad\/cerrado-provisionalmente-el-censo-electoral-para-elecciones-municipales-y-autonomicas-del-proximo-28-de-mayo\/","og_site_name":"La Gu\u00eda de Pamplona","article_publisher":"https:\/\/www.facebook.com\/laguiadepamplonacom-133175176762273\/?ref=hl","article_published_time":"2023-02-01T16:59:28+00:00","article_modified_time":"2023-04-11T09:47:18+00:00","og_image":[{"width":1920,"height":1068,"url":"https:\/\/www.laguiadepamplona.com\/actualidad\/wp-content\/uploads\/2019\/03\/19.03.21_consultas_censo.jpg","type":"image\/jpeg"}],"author":"La Gu\u00eda de Pamplona","twitter_card":"summary_large_image","twitter_creator":"@LaGuiadPamplona","twitter_site":"@LaGuiadPamplona","twitter_misc":{"Escrito por":"La Gu\u00eda de Pamplona","Tiempo de lectura":"2 minutos"},"schema":{"@context":"https:\/\/schema.org","@graph":[{"@type":"Article","@id":"https:\/\/www.laguiadepamplona.com\/actualidad\/cerrado-provisionalmente-el-censo-electoral-para-elecciones-municipales-y-autonomicas-del-proximo-28-de-mayo\/#article","isPartOf":{"@id":"https:\/\/www.laguiadepamplona.com\/actualidad\/cerrado-provisionalmente-el-censo-electoral-para-elecciones-municipales-y-autonomicas-del-proximo-28-de-mayo\/"},"author":{"name":"La Gu\u00eda de Pamplona","@id":"https:\/\/www.laguiadepamplona.com\/actualidad\/#\/schema\/person\/efe887376f0213d4657c93adc50b1fdb"},"headline":"Cerrado provisionalmente el censo electoral para elecciones municipales y auton\u00f3micas del pr\u00f3ximo 28 de mayo","datePublished":"2023-02-01T16:59:28+00:00","dateModified":"2023-04-11T09:47:18+00:00","mainEntityOfPage":{"@id":"https:\/\/www.laguiadepamplona.com\/actualidad\/cerrado-provisionalmente-el-censo-electoral-para-elecciones-municipales-y-autonomicas-del-proximo-28-de-mayo\/"},"wordCount":336,"commentCount":0,"publisher":{"@id":"https:\/\/www.laguiadepamplona.com\/actualidad\/#organization"},"image":{"@id":"https:\/\/www.laguiadepamplona.com\/actualidad\/cerrado-provisionalmente-el-censo-electoral-para-elecciones-municipales-y-autonomicas-del-proximo-28-de-mayo\/#primaryimage"},"thumbnailUrl":"https:\/\/www.laguiadepamplona.com\/actualidad\/wp-content\/uploads\/2019\/03\/19.03.21_consultas_censo.jpg","articleSection":["Ayto Pamplona"],"inLanguage":"es","potentialAction":[{"@type":"CommentAction","name":"Comment","target":["https:\/\/www.laguiadepamplona.com\/actualidad\/cerrado-provisionalmente-el-censo-electoral-para-elecciones-municipales-y-autonomicas-del-proximo-28-de-mayo\/#respond"]}]},{"@type":"WebPage","@id":"https:\/\/www.laguiadepamplona.com\/actualidad\/cerrado-provisionalmente-el-censo-electoral-para-elecciones-municipales-y-autonomicas-del-proximo-28-de-mayo\/","url":"https:\/\/www.laguiadepamplona.com\/actualidad\/cerrado-provisionalmente-el-censo-electoral-para-elecciones-municipales-y-autonomicas-del-proximo-28-de-mayo\/","name":"Cerrado provisionalmente el censo electoral para elecciones municipales y auton\u00f3micas del pr\u00f3ximo 28 de mayo","isPartOf":{"@id":"https:\/\/www.laguiadepamplona.com\/actualidad\/#website"},"primaryImageOfPage":{"@id":"https:\/\/www.laguiadepamplona.com\/actualidad\/cerrado-provisionalmente-el-censo-electoral-para-elecciones-municipales-y-autonomicas-del-proximo-28-de-mayo\/#primaryimage"},"image":{"@id":"https:\/\/www.laguiadepamplona.com\/actualidad\/cerrado-provisionalmente-el-censo-electoral-para-elecciones-municipales-y-autonomicas-del-proximo-28-de-mayo\/#primaryimage"},"thumbnailUrl":"https:\/\/www.laguiadepamplona.com\/actualidad\/wp-content\/uploads\/2019\/03\/19.03.21_consultas_censo.jpg","datePublished":"2023-02-01T16:59:28+00:00","dateModified":"2023-04-11T09:47:18+00:00","description":"En estos momentos en la ciudad hay 153.162 personas con nacionalidad espa\u00f1ola y que ser\u00e1n mayores de edad a fecha de las elecciones","breadcrumb":{"@id":"https:\/\/www.laguiadepamplona.com\/actualidad\/cerrado-provisionalmente-el-censo-electoral-para-elecciones-municipales-y-autonomicas-del-proximo-28-de-mayo\/#breadcrumb"},"inLanguage":"es","potentialAction":[{"@type":"ReadAction","target":["https:\/\/www.laguiadepamplona.com\/actualidad\/cerrado-provisionalmente-el-censo-electoral-para-elecciones-municipales-y-autonomicas-del-proximo-28-de-mayo\/"]}]},{"@type":"ImageObject","inLanguage":"es","@id":"https:\/\/www.laguiadepamplona.com\/actualidad\/cerrado-provisionalmente-el-censo-electoral-para-elecciones-municipales-y-autonomicas-del-proximo-28-de-mayo\/#primaryimage","url":"https:\/\/www.laguiadepamplona.com\/actualidad\/wp-content\/uploads\/2019\/03\/19.03.21_consultas_censo.jpg","contentUrl":"https:\/\/www.laguiadepamplona.com\/actualidad\/wp-content\/uploads\/2019\/03\/19.03.21_consultas_censo.jpg","width":1920,"height":1068,"caption":"dav"},{"@type":"BreadcrumbList","@id":"https:\/\/www.laguiadepamplona.com\/actualidad\/cerrado-provisionalmente-el-censo-electoral-para-elecciones-municipales-y-autonomicas-del-proximo-28-de-mayo\/#breadcrumb","itemListElement":[{"@type":"ListItem","position":1,"name":"Portada","item":"https:\/\/www.laguiadepamplona.com\/actualidad\/"},{"@type":"ListItem","position":2,"name":"Cerrado provisionalmente el censo electoral para elecciones municipales y auton\u00f3micas del pr\u00f3ximo 28 de mayo"}]},{"@type":"WebSite","@id":"https:\/\/www.laguiadepamplona.com\/actualidad\/#website","url":"https:\/\/www.laguiadepamplona.com\/actualidad\/","name":"La gu\u00eda de Pamplona","description":"Noticias de Pamplona","publisher":{"@id":"https:\/\/www.laguiadepamplona.com\/actualidad\/#organization"},"potentialAction":[{"@type":"SearchAction","target":{"@type":"EntryPoint","urlTemplate":"https:\/\/www.laguiadepamplona.com\/actualidad\/?s={search_term_string}"},"query-input":{"@type":"PropertyValueSpecification","valueRequired":true,"valueName":"search_term_string"}}],"inLanguage":"es"},{"@type":"Organization","@id":"https:\/\/www.laguiadepamplona.com\/actualidad\/#organization","name":"La Gu\u00eda de Pamplona \/ Noticias","url":"https:\/\/www.laguiadepamplona.com\/actualidad\/","logo":{"@type":"ImageObject","inLanguage":"es","@id":"https:\/\/www.laguiadepamplona.com\/actualidad\/#\/schema\/logo\/image\/","url":"https:\/\/www.laguiadepamplona.com\/actualidad\/wp-content\/uploads\/2018\/11\/logo-laguiadepamplona18-web1.png","contentUrl":"https:\/\/www.laguiadepamplona.com\/actualidad\/wp-content\/uploads\/2018\/11\/logo-laguiadepamplona18-web1.png","width":600,"height":196,"caption":"La Gu\u00eda de Pamplona \/ Noticias"},"image":{"@id":"https:\/\/www.laguiadepamplona.com\/actualidad\/#\/schema\/logo\/image\/"},"sameAs":["https:\/\/www.facebook.com\/laguiadepamplonacom-133175176762273\/?ref=hl","https:\/\/x.com\/LaGuiadPamplona","https:\/\/www.instagram.com\/la_guia_de_pamplona\/","https:\/\/www.youtube.com\/user\/laguiadepamplona"]},{"@type":"Person","@id":"https:\/\/www.laguiadepamplona.com\/actualidad\/#\/schema\/person\/efe887376f0213d4657c93adc50b1fdb","name":"La Gu\u00eda de Pamplona","image":{"@type":"ImageObject","inLanguage":"es","@id":"https:\/\/secure.gravatar.com\/avatar\/b6992f131dc8d30ab0dff15446e9d346d9dbd95992de0fef795073f5ea83a81c?s=96&d=mm&r=g","url":"https:\/\/secure.gravatar.com\/avatar\/b6992f131dc8d30ab0dff15446e9d346d9dbd95992de0fef795073f5ea83a81c?s=96&d=mm&r=g","contentUrl":"https:\/\/secure.gravatar.com\/avatar\/b6992f131dc8d30ab0dff15446e9d346d9dbd95992de0fef795073f5ea83a81c?s=96&d=mm&r=g","caption":"La Gu\u00eda de Pamplona"}}]}},"post_mailing_queue_ids":[],"_links":{"self":[{"href":"https:\/\/www.laguiadepamplona.com\/actualidad\/wp-json\/wp\/v2\/posts\/42750","targetHints":{"allow":["GET"]}}],"collection":[{"href":"https:\/\/www.laguiadepamplona.com\/actualidad\/wp-json\/wp\/v2\/posts"}],"about":[{"href":"https:\/\/www.laguiadepamplona.com\/actualidad\/wp-json\/wp\/v2\/types\/post"}],"author":[{"embeddable":true,"href":"https:\/\/www.laguiadepamplona.com\/actualidad\/wp-json\/wp\/v2\/users\/1"}],"replies":[{"embeddable":true,"href":"https:\/\/www.laguiadepamplona.com\/actualidad\/wp-json\/wp\/v2\/comments?post=42750"}],"version-history":[{"count":0,"href":"https:\/\/www.laguiadepamplona.com\/actualidad\/wp-json\/wp\/v2\/posts\/42750\/revisions"}],"wp:featuredmedia":[{"embeddable":true,"href":"https:\/\/www.laguiadepamplona.com\/actualidad\/wp-json\/wp\/v2\/media\/20905"}],"wp:attachment":[{"href":"https:\/\/www.laguiadepamplona.com\/actualidad\/wp-json\/wp\/v2\/media?parent=42750"}],"wp:term":[{"taxonomy":"category","embeddable":true,"href":"https:\/\/www.laguiadepamplona.com\/actualidad\/wp-json\/wp\/v2\/categories?post=42750"},{"taxonomy":"post_tag","embeddable":true,"href":"https:\/\/www.laguiadepamplona.com\/actualidad\/wp-json\/wp\/v2\/tags?post=42750"}],"curies":[{"name":"wp","href":"https:\/\/api.w.org\/{rel}","templated":true}]}}