{"id":42744,"date":"2023-02-01T18:55:36","date_gmt":"2023-02-01T16:55:36","guid":{"rendered":"https:\/\/www.laguiadepamplona.com\/actualidad\/?p=42744"},"modified":"2023-04-11T11:47:18","modified_gmt":"2023-04-11T09:47:18","slug":"la-magia-protagoniza-el-mes-de-febrero-en-la-red-civivox-con-cuatro-espectaculos-y-cuatro-talleres-para-publico-infantil-y-familiar","status":"publish","type":"post","link":"https:\/\/www.laguiadepamplona.com\/actualidad\/la-magia-protagoniza-el-mes-de-febrero-en-la-red-civivox-con-cuatro-espectaculos-y-cuatro-talleres-para-publico-infantil-y-familiar\/","title":{"rendered":"La magia protagoniza el mes de febrero en la red Civivox, con cuatro espect\u00e1culos y cuatro talleres para p\u00fablico infantil y familiar"},"content":{"rendered":"<h5>Las inscripciones para los espect\u00e1culos pueden hacerse en los Civivox, llamando al 010 y en <a href=\"http:\/\/www.pamplonaescultura.es\" target=\"_blank\" rel=\"noopener\">www.pamplonaescultura.es<\/a> y <a href=\"http:\/\/www.pamplona.es\" target=\"_blank\" rel=\"noopener\">www.pamplona.es<\/a><\/h5>\n<p><!--more--><\/p>\n<p>La magia protagoniza la programaci\u00f3n del mes de febrero en la red Civivox. El p\u00fablico infantil y familiar tiene a su disposici\u00f3n cuatro espect\u00e1culos, dos de ellos con doble sesi\u00f3n, en euskera y castellano, y cuatro talleres en los que iniciarse en el mundo del ilusionismo. Los espect\u00e1culos se dirigen a p\u00fablico infantil a partir de 3 y 4 a\u00f1os, acompa\u00f1ados por una persona adulta, mientras que los talleres est\u00e1n pensados para ni\u00f1os y ni\u00f1as de 6 a 12 a\u00f1os.<\/p>\n<p>Para acudir a los espect\u00e1culos es necesario inscribirse previamente. La inscripci\u00f3n puede hacerse online, en las p\u00e1ginas web <a href=\"http:\/\/www.pamplonaescultura.es\" target=\"_blank\" rel=\"noopener\">www.pamplonaescultura.es<\/a> y <a href=\"http:\/\/www.pamplona.es\" target=\"_blank\" rel=\"noopener\">www.pamplona.es<\/a>; presencialmente, en cualquier centro Civivox; y por tel\u00e9fono, en el 010 (948 420 100 si se llama desde m\u00f3viles o desde fuera de Pamplona). La inscripci\u00f3n para los talleres est\u00e1 ya cerrada y ma\u00f1ana se conoce el resultado del sorteo. Las plazas que no se cubran se pueden solicitar por las tres v\u00edas anteriores.<br \/>\n<script async src=\"\/\/pagead2.googlesyndication.com\/pagead\/js\/adsbygoogle.js\"><\/script><br \/>\n<!-- Noticias La Guia de Pamplona --><br \/>\n<ins class=\"adsbygoogle\"\nstyle=\"display:block\"\ndata-ad-client=\"ca-pub-6943679897239327\"\ndata-ad-slot=\"7048180777\"\ndata-ad-format=\"auto\"><\/ins><br \/>\n<script>\n(adsbygoogle = window.adsbygoogle || []).push({});\n<\/script><\/p>\n<p>Los cuatro espect\u00e1culos se celebran en Civivox San Jorge, los s\u00e1bados del mes de febrero. El primero de ellos llega el s\u00e1bado 4 a las 18.30, con el t\u00edtulo \u2018Hai. La pescadora de sue\u00f1os\u2019. Esta obra combina teatro visual y magia, a cargo de la compa\u00f1\u00eda Gira Magic. Se trata de un cuento ind\u00edgena para todos los p\u00fablicos que carece de texto, pero incluye una selecci\u00f3n musical de canciones originales. La obra narra, a trav\u00e9s de met\u00e1foras visuales y magia, el navegar de Hai y su tribu, formada por el p\u00fablico, a partir de 3 a\u00f1os acompa\u00f1ados de una persona adulta.<\/p>\n<p>El s\u00e1bado 11 de febrero es el turno de \u2018Una carta m\u00e1gica \/ Gutun magiko bat\u2019, el show de magia del Mago Itzal Magoa que busca una nueva manera de entender lo imposible para recuperar la ilusi\u00f3n. Este espect\u00e1culo de magia-teatro se dirige a toda la familia y pretende invitar a ni\u00f1os y ni\u00f1as a disfrutar del momento y a las personas adultas, a reflexionar sobre el d\u00eda a d\u00eda. El pase en castellano es a las 12.30 y en euskera, a las 18.30. La edad m\u00ednima es a partir de 4 a\u00f1os.<\/p>\n<p>Otro show de magia que se ofrece en doble cita en castellano y en euskera es \u2018Aro y milagros \/ Aroa eta mirariak\u2019. El espect\u00e1culo es el s\u00e1bado 18, a las 12.30 en castellano y a las 18.30 en euskera, a partir de 3 a\u00f1os. Asier Kidam Magic invita a disfrutar de sus \u00faltimas creaciones con humor y una escogida banda sonora. Se presencian peque\u00f1os milagros, como un aro con poderes, ovejas juguetonas o peluches que hacen magia.<\/p>\n<p>La \u00faltima cita del mes es \u2018Lucero m\u00e1gico\u2019, con el mago Marcos, el s\u00e1bado 25 a las 18.30. En este show de magia, familiar e inclusivo, el patio de butacas se convierte en el cielo y el p\u00fablico, en estrellas que brillan con su magia participativa, llena de sorpresas y emociones.<br \/>\n<script async src=\"\/\/pagead2.googlesyndication.com\/pagead\/js\/adsbygoogle.js\"><\/script><br \/>\n<!-- Noticias La Guia de Pamplona --><br \/>\n<ins class=\"adsbygoogle\"\nstyle=\"display:block\"\ndata-ad-client=\"ca-pub-6943679897239327\"\ndata-ad-slot=\"7048180777\"\ndata-ad-format=\"auto\"><\/ins><br \/>\n<script>\n(adsbygoogle = window.adsbygoogle || []).push({});\n<\/script><\/p>\n<p><strong>Los talleres<\/strong><\/p>\n<p>El Mago Marcos ofrece el taller de iniciaci\u00f3n a la magia para que los ni\u00f1os y ni\u00f1as dise\u00f1en, construyan y ensayen dos trucos fant\u00e1sticos. Dos talleres son en Civivox Milagrosa y los otros dos, en Civivox Ensanche. Al finalizar el taller, reciben su diploma de mago o maga y se llevan el truco construido a casa. La inscripci\u00f3n est\u00e1 cerrada, pero si quedaran plazas libres se pueden solicitar en los centros Civivox, en el 010 y en las web municipales.<br \/>\n<script async src=\"\/\/pagead2.googlesyndication.com\/pagead\/js\/adsbygoogle.js\"><\/script><br \/>\n<!-- Noticias La Guia de Pamplona --><br \/>\n<ins class=\"adsbygoogle\"\nstyle=\"display:block\"\ndata-ad-client=\"ca-pub-6943679897239327\"\ndata-ad-slot=\"7048180777\"\ndata-ad-format=\"auto\"><\/ins><br \/>\n<script>\n(adsbygoogle = window.adsbygoogle || []).push({});\n<\/script><\/p>\n<p>&nbsp;<\/p>\n<h3>Febrero M\u00e1gico en Civivox<\/h3>\n<p>ESPECT\u00c1CULOS<\/p>\n<ul>\n<li>La pescadora de sue\u00f1os. Teatro visual y magia. Compa\u00f1\u00eda Gira Magic\n<ul>\n<li>Civivox San Jorge. S\u00e1bado 4 de febrero. 18.30 horas<\/li>\n<li>+ 3 a\u00f1os, en compa\u00f1\u00eda de una persona adulta<\/li>\n<li>3 \u20ac, con inscripci\u00f3n previa<\/li>\n<\/ul>\n<\/li>\n<li>Una carta m\u00e1gica \/ Gutun magiko bat (euskera). Show de magia. Mago Itzal Magoa\n<ul>\n<li>Civivox San Jorge. S\u00e1bado 11 de febrero. 12.30, castellano \/ 18.30, euskera<\/li>\n<li>+ 4 a\u00f1os, en compa\u00f1\u00eda de una persona adulta<\/li>\n<li>1 \u20ac, con inscripci\u00f3n previa<\/li>\n<\/ul>\n<\/li>\n<li>Aro y Milagros \/ Aroa eta mirariak. Show de magia. Asier Kidam Magic\n<ul>\n<li>Civivox San Jorge. S\u00e1bado 18 de febrero. 12.30, castellano \/ 18.30, euskera<\/li>\n<li>+ 3 a\u00f1os, en compa\u00f1\u00eda de una persona adulta<\/li>\n<li>1 \u20ac, con inscripci\u00f3n previa<\/li>\n<\/ul>\n<\/li>\n<li>Lucero M\u00e1gico. Show de magia. Mago Marcos\n<ul>\n<li>Civivox San Jorge. S\u00e1bado 25 de febrero. 18.30 horas<\/li>\n<li>+ 4 a\u00f1os, en compa\u00f1\u00eda de una persona adulta<\/li>\n<li>1 \u20ac, con inscripci\u00f3n previa<\/li>\n<\/ul>\n<\/li>\n<\/ul>\n<p>TALLERES<\/p>\n<ul>\n<li>Aprende magia con el mago Carlos\n<ul>\n<li>Civivox Milagrosa. S\u00e1bado 11 de febrero.<\/li>\n<li>Horarios: 12.00-13.00: 6-8 a\u00f1os \/ 18.00-19.00: 9-12 a\u00f1os<\/li>\n<li>2 \u20ac, con inscripci\u00f3n previa a sorteo<\/li>\n<\/ul>\n<\/li>\n<li>Aprende magia con el mago Carlos\n<ul>\n<li>Civivox Ensanche. S\u00e1bado 18 de febrero.<\/li>\n<li>Horarios: 12.00-13.00: 6-8 a\u00f1os \/ 18.00-19.00: 9-12 a\u00f1os<\/li>\n<li>2 \u20ac, con inscripci\u00f3n previa a sorteo<\/li>\n<\/ul>\n<\/li>\n<\/ul>\n","protected":false},"excerpt":{"rendered":"<p>Las inscripciones para los espect\u00e1culos pueden hacerse en los Civivox, llamando al 010 y en www.pamplonaescultura.es y www.pamplona.es<\/p>\n","protected":false},"author":1,"featured_media":42745,"comment_status":"open","ping_status":"closed","sticky":false,"template":"","format":"standard","meta":{"footnotes":""},"categories":[2],"tags":[],"class_list":["post-42744","post","type-post","status-publish","format-standard","has-post-thumbnail","hentry","category-ayuntamiento-pamplona"],"yoast_head":"<!-- This site is optimized with the Yoast SEO plugin v27.3 - https:\/\/yoast.com\/product\/yoast-seo-wordpress\/ -->\n<title>La magia protagoniza el mes de febrero en la red Civivox, con cuatro espect\u00e1culos y cuatro talleres para p\u00fablico infantil y familiar<\/title>\n<meta name=\"description\" content=\"Las inscripciones para los espect\u00e1culos pueden hacerse en los Civivox, llamando al 010 y en www.pamplonaescultura.es y www.pamplona.es\" \/>\n<meta name=\"robots\" content=\"index, follow, max-snippet:-1, max-image-preview:large, max-video-preview:-1\" \/>\n<link rel=\"canonical\" href=\"https:\/\/www.laguiadepamplona.com\/actualidad\/la-magia-protagoniza-el-mes-de-febrero-en-la-red-civivox-con-cuatro-espectaculos-y-cuatro-talleres-para-publico-infantil-y-familiar\/\" \/>\n<meta property=\"og:locale\" content=\"es_ES\" \/>\n<meta property=\"og:type\" content=\"article\" \/>\n<meta property=\"og:title\" content=\"La magia protagoniza el mes de febrero en la red Civivox, con cuatro espect\u00e1culos y cuatro talleres para p\u00fablico infantil y familiar\" \/>\n<meta property=\"og:description\" content=\"Las inscripciones para los espect\u00e1culos pueden hacerse en los Civivox, llamando al 010 y en www.pamplonaescultura.es y www.pamplona.es\" \/>\n<meta property=\"og:url\" content=\"https:\/\/www.laguiadepamplona.com\/actualidad\/la-magia-protagoniza-el-mes-de-febrero-en-la-red-civivox-con-cuatro-espectaculos-y-cuatro-talleres-para-publico-infantil-y-familiar\/\" \/>\n<meta property=\"og:site_name\" content=\"La Gu\u00eda de Pamplona\" \/>\n<meta property=\"article:publisher\" content=\"https:\/\/www.facebook.com\/laguiadepamplonacom-133175176762273\/?ref=hl\" \/>\n<meta property=\"article:published_time\" content=\"2023-02-01T16:55:36+00:00\" \/>\n<meta property=\"article:modified_time\" content=\"2023-04-11T09:47:18+00:00\" \/>\n<meta property=\"og:image\" content=\"https:\/\/www.laguiadepamplona.com\/actualidad\/wp-content\/uploads\/2023\/02\/hai-la-pescadora-de-suenos.webp\" \/>\n\t<meta property=\"og:image:width\" content=\"620\" \/>\n\t<meta property=\"og:image:height\" content=\"299\" \/>\n\t<meta property=\"og:image:type\" content=\"image\/webp\" \/>\n<meta name=\"author\" content=\"La Gu\u00eda de Pamplona\" \/>\n<meta name=\"twitter:card\" content=\"summary_large_image\" \/>\n<meta name=\"twitter:creator\" content=\"@LaGuiadPamplona\" \/>\n<meta name=\"twitter:site\" content=\"@LaGuiadPamplona\" \/>\n<meta name=\"twitter:label1\" content=\"Escrito por\" \/>\n\t<meta name=\"twitter:data1\" content=\"La Gu\u00eda de Pamplona\" \/>\n\t<meta name=\"twitter:label2\" content=\"Tiempo de lectura\" \/>\n\t<meta name=\"twitter:data2\" content=\"4 minutos\" \/>\n<script type=\"application\/ld+json\" class=\"yoast-schema-graph\">{\"@context\":\"https:\\\/\\\/schema.org\",\"@graph\":[{\"@type\":\"Article\",\"@id\":\"https:\\\/\\\/www.laguiadepamplona.com\\\/actualidad\\\/la-magia-protagoniza-el-mes-de-febrero-en-la-red-civivox-con-cuatro-espectaculos-y-cuatro-talleres-para-publico-infantil-y-familiar\\\/#article\",\"isPartOf\":{\"@id\":\"https:\\\/\\\/www.laguiadepamplona.com\\\/actualidad\\\/la-magia-protagoniza-el-mes-de-febrero-en-la-red-civivox-con-cuatro-espectaculos-y-cuatro-talleres-para-publico-infantil-y-familiar\\\/\"},\"author\":{\"name\":\"La Gu\u00eda de Pamplona\",\"@id\":\"https:\\\/\\\/www.laguiadepamplona.com\\\/actualidad\\\/#\\\/schema\\\/person\\\/efe887376f0213d4657c93adc50b1fdb\"},\"headline\":\"La magia protagoniza el mes de febrero en la red Civivox, con cuatro espect\u00e1culos y cuatro talleres para p\u00fablico infantil y familiar\",\"datePublished\":\"2023-02-01T16:55:36+00:00\",\"dateModified\":\"2023-04-11T09:47:18+00:00\",\"mainEntityOfPage\":{\"@id\":\"https:\\\/\\\/www.laguiadepamplona.com\\\/actualidad\\\/la-magia-protagoniza-el-mes-de-febrero-en-la-red-civivox-con-cuatro-espectaculos-y-cuatro-talleres-para-publico-infantil-y-familiar\\\/\"},\"wordCount\":840,\"commentCount\":0,\"publisher\":{\"@id\":\"https:\\\/\\\/www.laguiadepamplona.com\\\/actualidad\\\/#organization\"},\"image\":{\"@id\":\"https:\\\/\\\/www.laguiadepamplona.com\\\/actualidad\\\/la-magia-protagoniza-el-mes-de-febrero-en-la-red-civivox-con-cuatro-espectaculos-y-cuatro-talleres-para-publico-infantil-y-familiar\\\/#primaryimage\"},\"thumbnailUrl\":\"https:\\\/\\\/www.laguiadepamplona.com\\\/actualidad\\\/wp-content\\\/uploads\\\/2023\\\/02\\\/hai-la-pescadora-de-suenos.webp\",\"articleSection\":[\"Ayto Pamplona\"],\"inLanguage\":\"es\",\"potentialAction\":[{\"@type\":\"CommentAction\",\"name\":\"Comment\",\"target\":[\"https:\\\/\\\/www.laguiadepamplona.com\\\/actualidad\\\/la-magia-protagoniza-el-mes-de-febrero-en-la-red-civivox-con-cuatro-espectaculos-y-cuatro-talleres-para-publico-infantil-y-familiar\\\/#respond\"]}]},{\"@type\":\"WebPage\",\"@id\":\"https:\\\/\\\/www.laguiadepamplona.com\\\/actualidad\\\/la-magia-protagoniza-el-mes-de-febrero-en-la-red-civivox-con-cuatro-espectaculos-y-cuatro-talleres-para-publico-infantil-y-familiar\\\/\",\"url\":\"https:\\\/\\\/www.laguiadepamplona.com\\\/actualidad\\\/la-magia-protagoniza-el-mes-de-febrero-en-la-red-civivox-con-cuatro-espectaculos-y-cuatro-talleres-para-publico-infantil-y-familiar\\\/\",\"name\":\"La magia protagoniza el mes de febrero en la red Civivox, con cuatro espect\u00e1culos y cuatro talleres para p\u00fablico infantil y familiar\",\"isPartOf\":{\"@id\":\"https:\\\/\\\/www.laguiadepamplona.com\\\/actualidad\\\/#website\"},\"primaryImageOfPage\":{\"@id\":\"https:\\\/\\\/www.laguiadepamplona.com\\\/actualidad\\\/la-magia-protagoniza-el-mes-de-febrero-en-la-red-civivox-con-cuatro-espectaculos-y-cuatro-talleres-para-publico-infantil-y-familiar\\\/#primaryimage\"},\"image\":{\"@id\":\"https:\\\/\\\/www.laguiadepamplona.com\\\/actualidad\\\/la-magia-protagoniza-el-mes-de-febrero-en-la-red-civivox-con-cuatro-espectaculos-y-cuatro-talleres-para-publico-infantil-y-familiar\\\/#primaryimage\"},\"thumbnailUrl\":\"https:\\\/\\\/www.laguiadepamplona.com\\\/actualidad\\\/wp-content\\\/uploads\\\/2023\\\/02\\\/hai-la-pescadora-de-suenos.webp\",\"datePublished\":\"2023-02-01T16:55:36+00:00\",\"dateModified\":\"2023-04-11T09:47:18+00:00\",\"description\":\"Las inscripciones para los espect\u00e1culos pueden hacerse en los Civivox, llamando al 010 y en www.pamplonaescultura.es y www.pamplona.es\",\"breadcrumb\":{\"@id\":\"https:\\\/\\\/www.laguiadepamplona.com\\\/actualidad\\\/la-magia-protagoniza-el-mes-de-febrero-en-la-red-civivox-con-cuatro-espectaculos-y-cuatro-talleres-para-publico-infantil-y-familiar\\\/#breadcrumb\"},\"inLanguage\":\"es\",\"potentialAction\":[{\"@type\":\"ReadAction\",\"target\":[\"https:\\\/\\\/www.laguiadepamplona.com\\\/actualidad\\\/la-magia-protagoniza-el-mes-de-febrero-en-la-red-civivox-con-cuatro-espectaculos-y-cuatro-talleres-para-publico-infantil-y-familiar\\\/\"]}]},{\"@type\":\"ImageObject\",\"inLanguage\":\"es\",\"@id\":\"https:\\\/\\\/www.laguiadepamplona.com\\\/actualidad\\\/la-magia-protagoniza-el-mes-de-febrero-en-la-red-civivox-con-cuatro-espectaculos-y-cuatro-talleres-para-publico-infantil-y-familiar\\\/#primaryimage\",\"url\":\"https:\\\/\\\/www.laguiadepamplona.com\\\/actualidad\\\/wp-content\\\/uploads\\\/2023\\\/02\\\/hai-la-pescadora-de-suenos.webp\",\"contentUrl\":\"https:\\\/\\\/www.laguiadepamplona.com\\\/actualidad\\\/wp-content\\\/uploads\\\/2023\\\/02\\\/hai-la-pescadora-de-suenos.webp\",\"width\":620,\"height\":299},{\"@type\":\"BreadcrumbList\",\"@id\":\"https:\\\/\\\/www.laguiadepamplona.com\\\/actualidad\\\/la-magia-protagoniza-el-mes-de-febrero-en-la-red-civivox-con-cuatro-espectaculos-y-cuatro-talleres-para-publico-infantil-y-familiar\\\/#breadcrumb\",\"itemListElement\":[{\"@type\":\"ListItem\",\"position\":1,\"name\":\"Portada\",\"item\":\"https:\\\/\\\/www.laguiadepamplona.com\\\/actualidad\\\/\"},{\"@type\":\"ListItem\",\"position\":2,\"name\":\"La magia protagoniza el mes de febrero en la red Civivox, con cuatro espect\u00e1culos y cuatro talleres para p\u00fablico infantil y familiar\"}]},{\"@type\":\"WebSite\",\"@id\":\"https:\\\/\\\/www.laguiadepamplona.com\\\/actualidad\\\/#website\",\"url\":\"https:\\\/\\\/www.laguiadepamplona.com\\\/actualidad\\\/\",\"name\":\"La gu\u00eda de Pamplona\",\"description\":\"Noticias de Pamplona\",\"publisher\":{\"@id\":\"https:\\\/\\\/www.laguiadepamplona.com\\\/actualidad\\\/#organization\"},\"potentialAction\":[{\"@type\":\"SearchAction\",\"target\":{\"@type\":\"EntryPoint\",\"urlTemplate\":\"https:\\\/\\\/www.laguiadepamplona.com\\\/actualidad\\\/?s={search_term_string}\"},\"query-input\":{\"@type\":\"PropertyValueSpecification\",\"valueRequired\":true,\"valueName\":\"search_term_string\"}}],\"inLanguage\":\"es\"},{\"@type\":\"Organization\",\"@id\":\"https:\\\/\\\/www.laguiadepamplona.com\\\/actualidad\\\/#organization\",\"name\":\"La Gu\u00eda de Pamplona \\\/ Noticias\",\"url\":\"https:\\\/\\\/www.laguiadepamplona.com\\\/actualidad\\\/\",\"logo\":{\"@type\":\"ImageObject\",\"inLanguage\":\"es\",\"@id\":\"https:\\\/\\\/www.laguiadepamplona.com\\\/actualidad\\\/#\\\/schema\\\/logo\\\/image\\\/\",\"url\":\"https:\\\/\\\/www.laguiadepamplona.com\\\/actualidad\\\/wp-content\\\/uploads\\\/2018\\\/11\\\/logo-laguiadepamplona18-web1.png\",\"contentUrl\":\"https:\\\/\\\/www.laguiadepamplona.com\\\/actualidad\\\/wp-content\\\/uploads\\\/2018\\\/11\\\/logo-laguiadepamplona18-web1.png\",\"width\":600,\"height\":196,\"caption\":\"La Gu\u00eda de Pamplona \\\/ Noticias\"},\"image\":{\"@id\":\"https:\\\/\\\/www.laguiadepamplona.com\\\/actualidad\\\/#\\\/schema\\\/logo\\\/image\\\/\"},\"sameAs\":[\"https:\\\/\\\/www.facebook.com\\\/laguiadepamplonacom-133175176762273\\\/?ref=hl\",\"https:\\\/\\\/x.com\\\/LaGuiadPamplona\",\"https:\\\/\\\/www.instagram.com\\\/la_guia_de_pamplona\\\/\",\"https:\\\/\\\/www.youtube.com\\\/user\\\/laguiadepamplona\"]},{\"@type\":\"Person\",\"@id\":\"https:\\\/\\\/www.laguiadepamplona.com\\\/actualidad\\\/#\\\/schema\\\/person\\\/efe887376f0213d4657c93adc50b1fdb\",\"name\":\"La Gu\u00eda de Pamplona\",\"image\":{\"@type\":\"ImageObject\",\"inLanguage\":\"es\",\"@id\":\"https:\\\/\\\/secure.gravatar.com\\\/avatar\\\/b6992f131dc8d30ab0dff15446e9d346d9dbd95992de0fef795073f5ea83a81c?s=96&d=mm&r=g\",\"url\":\"https:\\\/\\\/secure.gravatar.com\\\/avatar\\\/b6992f131dc8d30ab0dff15446e9d346d9dbd95992de0fef795073f5ea83a81c?s=96&d=mm&r=g\",\"contentUrl\":\"https:\\\/\\\/secure.gravatar.com\\\/avatar\\\/b6992f131dc8d30ab0dff15446e9d346d9dbd95992de0fef795073f5ea83a81c?s=96&d=mm&r=g\",\"caption\":\"La Gu\u00eda de Pamplona\"}}]}<\/script>\n<!-- \/ Yoast SEO plugin. -->","yoast_head_json":{"title":"La magia protagoniza el mes de febrero en la red Civivox, con cuatro espect\u00e1culos y cuatro talleres para p\u00fablico infantil y familiar","description":"Las inscripciones para los espect\u00e1culos pueden hacerse en los Civivox, llamando al 010 y en www.pamplonaescultura.es y www.pamplona.es","robots":{"index":"index","follow":"follow","max-snippet":"max-snippet:-1","max-image-preview":"max-image-preview:large","max-video-preview":"max-video-preview:-1"},"canonical":"https:\/\/www.laguiadepamplona.com\/actualidad\/la-magia-protagoniza-el-mes-de-febrero-en-la-red-civivox-con-cuatro-espectaculos-y-cuatro-talleres-para-publico-infantil-y-familiar\/","og_locale":"es_ES","og_type":"article","og_title":"La magia protagoniza el mes de febrero en la red Civivox, con cuatro espect\u00e1culos y cuatro talleres para p\u00fablico infantil y familiar","og_description":"Las inscripciones para los espect\u00e1culos pueden hacerse en los Civivox, llamando al 010 y en www.pamplonaescultura.es y www.pamplona.es","og_url":"https:\/\/www.laguiadepamplona.com\/actualidad\/la-magia-protagoniza-el-mes-de-febrero-en-la-red-civivox-con-cuatro-espectaculos-y-cuatro-talleres-para-publico-infantil-y-familiar\/","og_site_name":"La Gu\u00eda de Pamplona","article_publisher":"https:\/\/www.facebook.com\/laguiadepamplonacom-133175176762273\/?ref=hl","article_published_time":"2023-02-01T16:55:36+00:00","article_modified_time":"2023-04-11T09:47:18+00:00","og_image":[{"width":620,"height":299,"url":"https:\/\/www.laguiadepamplona.com\/actualidad\/wp-content\/uploads\/2023\/02\/hai-la-pescadora-de-suenos.webp","type":"image\/webp"}],"author":"La Gu\u00eda de Pamplona","twitter_card":"summary_large_image","twitter_creator":"@LaGuiadPamplona","twitter_site":"@LaGuiadPamplona","twitter_misc":{"Escrito por":"La Gu\u00eda de Pamplona","Tiempo de lectura":"4 minutos"},"schema":{"@context":"https:\/\/schema.org","@graph":[{"@type":"Article","@id":"https:\/\/www.laguiadepamplona.com\/actualidad\/la-magia-protagoniza-el-mes-de-febrero-en-la-red-civivox-con-cuatro-espectaculos-y-cuatro-talleres-para-publico-infantil-y-familiar\/#article","isPartOf":{"@id":"https:\/\/www.laguiadepamplona.com\/actualidad\/la-magia-protagoniza-el-mes-de-febrero-en-la-red-civivox-con-cuatro-espectaculos-y-cuatro-talleres-para-publico-infantil-y-familiar\/"},"author":{"name":"La Gu\u00eda de Pamplona","@id":"https:\/\/www.laguiadepamplona.com\/actualidad\/#\/schema\/person\/efe887376f0213d4657c93adc50b1fdb"},"headline":"La magia protagoniza el mes de febrero en la red Civivox, con cuatro espect\u00e1culos y cuatro talleres para p\u00fablico infantil y familiar","datePublished":"2023-02-01T16:55:36+00:00","dateModified":"2023-04-11T09:47:18+00:00","mainEntityOfPage":{"@id":"https:\/\/www.laguiadepamplona.com\/actualidad\/la-magia-protagoniza-el-mes-de-febrero-en-la-red-civivox-con-cuatro-espectaculos-y-cuatro-talleres-para-publico-infantil-y-familiar\/"},"wordCount":840,"commentCount":0,"publisher":{"@id":"https:\/\/www.laguiadepamplona.com\/actualidad\/#organization"},"image":{"@id":"https:\/\/www.laguiadepamplona.com\/actualidad\/la-magia-protagoniza-el-mes-de-febrero-en-la-red-civivox-con-cuatro-espectaculos-y-cuatro-talleres-para-publico-infantil-y-familiar\/#primaryimage"},"thumbnailUrl":"https:\/\/www.laguiadepamplona.com\/actualidad\/wp-content\/uploads\/2023\/02\/hai-la-pescadora-de-suenos.webp","articleSection":["Ayto Pamplona"],"inLanguage":"es","potentialAction":[{"@type":"CommentAction","name":"Comment","target":["https:\/\/www.laguiadepamplona.com\/actualidad\/la-magia-protagoniza-el-mes-de-febrero-en-la-red-civivox-con-cuatro-espectaculos-y-cuatro-talleres-para-publico-infantil-y-familiar\/#respond"]}]},{"@type":"WebPage","@id":"https:\/\/www.laguiadepamplona.com\/actualidad\/la-magia-protagoniza-el-mes-de-febrero-en-la-red-civivox-con-cuatro-espectaculos-y-cuatro-talleres-para-publico-infantil-y-familiar\/","url":"https:\/\/www.laguiadepamplona.com\/actualidad\/la-magia-protagoniza-el-mes-de-febrero-en-la-red-civivox-con-cuatro-espectaculos-y-cuatro-talleres-para-publico-infantil-y-familiar\/","name":"La magia protagoniza el mes de febrero en la red Civivox, con cuatro espect\u00e1culos y cuatro talleres para p\u00fablico infantil y familiar","isPartOf":{"@id":"https:\/\/www.laguiadepamplona.com\/actualidad\/#website"},"primaryImageOfPage":{"@id":"https:\/\/www.laguiadepamplona.com\/actualidad\/la-magia-protagoniza-el-mes-de-febrero-en-la-red-civivox-con-cuatro-espectaculos-y-cuatro-talleres-para-publico-infantil-y-familiar\/#primaryimage"},"image":{"@id":"https:\/\/www.laguiadepamplona.com\/actualidad\/la-magia-protagoniza-el-mes-de-febrero-en-la-red-civivox-con-cuatro-espectaculos-y-cuatro-talleres-para-publico-infantil-y-familiar\/#primaryimage"},"thumbnailUrl":"https:\/\/www.laguiadepamplona.com\/actualidad\/wp-content\/uploads\/2023\/02\/hai-la-pescadora-de-suenos.webp","datePublished":"2023-02-01T16:55:36+00:00","dateModified":"2023-04-11T09:47:18+00:00","description":"Las inscripciones para los espect\u00e1culos pueden hacerse en los Civivox, llamando al 010 y en www.pamplonaescultura.es y www.pamplona.es","breadcrumb":{"@id":"https:\/\/www.laguiadepamplona.com\/actualidad\/la-magia-protagoniza-el-mes-de-febrero-en-la-red-civivox-con-cuatro-espectaculos-y-cuatro-talleres-para-publico-infantil-y-familiar\/#breadcrumb"},"inLanguage":"es","potentialAction":[{"@type":"ReadAction","target":["https:\/\/www.laguiadepamplona.com\/actualidad\/la-magia-protagoniza-el-mes-de-febrero-en-la-red-civivox-con-cuatro-espectaculos-y-cuatro-talleres-para-publico-infantil-y-familiar\/"]}]},{"@type":"ImageObject","inLanguage":"es","@id":"https:\/\/www.laguiadepamplona.com\/actualidad\/la-magia-protagoniza-el-mes-de-febrero-en-la-red-civivox-con-cuatro-espectaculos-y-cuatro-talleres-para-publico-infantil-y-familiar\/#primaryimage","url":"https:\/\/www.laguiadepamplona.com\/actualidad\/wp-content\/uploads\/2023\/02\/hai-la-pescadora-de-suenos.webp","contentUrl":"https:\/\/www.laguiadepamplona.com\/actualidad\/wp-content\/uploads\/2023\/02\/hai-la-pescadora-de-suenos.webp","width":620,"height":299},{"@type":"BreadcrumbList","@id":"https:\/\/www.laguiadepamplona.com\/actualidad\/la-magia-protagoniza-el-mes-de-febrero-en-la-red-civivox-con-cuatro-espectaculos-y-cuatro-talleres-para-publico-infantil-y-familiar\/#breadcrumb","itemListElement":[{"@type":"ListItem","position":1,"name":"Portada","item":"https:\/\/www.laguiadepamplona.com\/actualidad\/"},{"@type":"ListItem","position":2,"name":"La magia protagoniza el mes de febrero en la red Civivox, con cuatro espect\u00e1culos y cuatro talleres para p\u00fablico infantil y familiar"}]},{"@type":"WebSite","@id":"https:\/\/www.laguiadepamplona.com\/actualidad\/#website","url":"https:\/\/www.laguiadepamplona.com\/actualidad\/","name":"La gu\u00eda de Pamplona","description":"Noticias de Pamplona","publisher":{"@id":"https:\/\/www.laguiadepamplona.com\/actualidad\/#organization"},"potentialAction":[{"@type":"SearchAction","target":{"@type":"EntryPoint","urlTemplate":"https:\/\/www.laguiadepamplona.com\/actualidad\/?s={search_term_string}"},"query-input":{"@type":"PropertyValueSpecification","valueRequired":true,"valueName":"search_term_string"}}],"inLanguage":"es"},{"@type":"Organization","@id":"https:\/\/www.laguiadepamplona.com\/actualidad\/#organization","name":"La Gu\u00eda de Pamplona \/ Noticias","url":"https:\/\/www.laguiadepamplona.com\/actualidad\/","logo":{"@type":"ImageObject","inLanguage":"es","@id":"https:\/\/www.laguiadepamplona.com\/actualidad\/#\/schema\/logo\/image\/","url":"https:\/\/www.laguiadepamplona.com\/actualidad\/wp-content\/uploads\/2018\/11\/logo-laguiadepamplona18-web1.png","contentUrl":"https:\/\/www.laguiadepamplona.com\/actualidad\/wp-content\/uploads\/2018\/11\/logo-laguiadepamplona18-web1.png","width":600,"height":196,"caption":"La Gu\u00eda de Pamplona \/ Noticias"},"image":{"@id":"https:\/\/www.laguiadepamplona.com\/actualidad\/#\/schema\/logo\/image\/"},"sameAs":["https:\/\/www.facebook.com\/laguiadepamplonacom-133175176762273\/?ref=hl","https:\/\/x.com\/LaGuiadPamplona","https:\/\/www.instagram.com\/la_guia_de_pamplona\/","https:\/\/www.youtube.com\/user\/laguiadepamplona"]},{"@type":"Person","@id":"https:\/\/www.laguiadepamplona.com\/actualidad\/#\/schema\/person\/efe887376f0213d4657c93adc50b1fdb","name":"La Gu\u00eda de Pamplona","image":{"@type":"ImageObject","inLanguage":"es","@id":"https:\/\/secure.gravatar.com\/avatar\/b6992f131dc8d30ab0dff15446e9d346d9dbd95992de0fef795073f5ea83a81c?s=96&d=mm&r=g","url":"https:\/\/secure.gravatar.com\/avatar\/b6992f131dc8d30ab0dff15446e9d346d9dbd95992de0fef795073f5ea83a81c?s=96&d=mm&r=g","contentUrl":"https:\/\/secure.gravatar.com\/avatar\/b6992f131dc8d30ab0dff15446e9d346d9dbd95992de0fef795073f5ea83a81c?s=96&d=mm&r=g","caption":"La Gu\u00eda de Pamplona"}}]}},"post_mailing_queue_ids":[],"_links":{"self":[{"href":"https:\/\/www.laguiadepamplona.com\/actualidad\/wp-json\/wp\/v2\/posts\/42744","targetHints":{"allow":["GET"]}}],"collection":[{"href":"https:\/\/www.laguiadepamplona.com\/actualidad\/wp-json\/wp\/v2\/posts"}],"about":[{"href":"https:\/\/www.laguiadepamplona.com\/actualidad\/wp-json\/wp\/v2\/types\/post"}],"author":[{"embeddable":true,"href":"https:\/\/www.laguiadepamplona.com\/actualidad\/wp-json\/wp\/v2\/users\/1"}],"replies":[{"embeddable":true,"href":"https:\/\/www.laguiadepamplona.com\/actualidad\/wp-json\/wp\/v2\/comments?post=42744"}],"version-history":[{"count":0,"href":"https:\/\/www.laguiadepamplona.com\/actualidad\/wp-json\/wp\/v2\/posts\/42744\/revisions"}],"wp:featuredmedia":[{"embeddable":true,"href":"https:\/\/www.laguiadepamplona.com\/actualidad\/wp-json\/wp\/v2\/media\/42745"}],"wp:attachment":[{"href":"https:\/\/www.laguiadepamplona.com\/actualidad\/wp-json\/wp\/v2\/media?parent=42744"}],"wp:term":[{"taxonomy":"category","embeddable":true,"href":"https:\/\/www.laguiadepamplona.com\/actualidad\/wp-json\/wp\/v2\/categories?post=42744"},{"taxonomy":"post_tag","embeddable":true,"href":"https:\/\/www.laguiadepamplona.com\/actualidad\/wp-json\/wp\/v2\/tags?post=42744"}],"curies":[{"name":"wp","href":"https:\/\/api.w.org\/{rel}","templated":true}]}}