{"id":42735,"date":"2023-01-31T20:12:57","date_gmt":"2023-01-31T18:12:57","guid":{"rendered":"https:\/\/www.laguiadepamplona.com\/actualidad\/?p=42735"},"modified":"2023-04-11T11:47:19","modified_gmt":"2023-04-11T09:47:19","slug":"media-docena-de-charlas-y-ponencias-analizan-las-virtudes-de-la-metodologia-aprendizaje-y-servicio-como-herramienta-educativa-y-de-compromiso-social","status":"publish","type":"post","link":"https:\/\/www.laguiadepamplona.com\/actualidad\/media-docena-de-charlas-y-ponencias-analizan-las-virtudes-de-la-metodologia-aprendizaje-y-servicio-como-herramienta-educativa-y-de-compromiso-social\/","title":{"rendered":"Media docena de charlas y ponencias analizan las virtudes de la metodolog\u00eda \u2018Aprendizaje y Servicio\u2019 como herramienta educativa y de compromiso social"},"content":{"rendered":"<h5>El alcalde Enrique Maya ha inaugurado las jornadas, organizadas por la Red Navarra de Aprendizaje y Servicio, en colaboraci\u00f3n con el Ayuntamiento<\/h5>\n<p><!--more--><\/p>\n<p>Educar en valores, en solidaridad y en el compromiso social es el objetivo que persigue la metodolog\u00eda \u2018Aprendizaje y Servicio\u2019, que cada vez cobra m\u00e1s fuerza entre los centros escolares navarros. As\u00ed ha quedado claro esta tarde, en la apertura de las <a href=\"https:\/\/sites.google.com\/view\/jornadasnavarrasayss2023\/inicio\" target=\"_blank\" rel=\"noopener\">jornadas<\/a> organizadas por la Red Navarra de Aprendizaje y Servicio Solidario en colaboraci\u00f3n con el Ayuntamiento de Pamplona. El alcalde Enrique Maya ha sido el encargado de abrir estas charlas, que se prolongar\u00e1n hasta 1 de marzo y en las que, adem\u00e1s de abordar aspectos como la globalizaci\u00f3n de este movimiento educativo, se mostrar\u00e1n ejemplos de buenas pr\u00e1cticas desarrolladas por centros educativos de Pamplona y de la Comunidad foral.<br \/>\n<script async src=\"\/\/pagead2.googlesyndication.com\/pagead\/js\/adsbygoogle.js\"><\/script><br \/>\n<!-- Noticias La Guia de Pamplona --><br \/>\n<ins class=\"adsbygoogle\"\nstyle=\"display:block\"\ndata-ad-client=\"ca-pub-6943679897239327\"\ndata-ad-slot=\"7048180777\"\ndata-ad-format=\"auto\"><\/ins><br \/>\n<script>\n(adsbygoogle = window.adsbygoogle || []).push({});\n<\/script><\/p>\n<p>La metodolog\u00eda Aprendizaje y Servicio combina, por un lado, una parte formativa y educativa, y, por otro, un servicio a la comunidad, a trav\u00e9s de proyectos concretos en los que el alumnado de todas las etapas educativas busca aplicaciones pr\u00e1cticas y proyectos que puedan aportar un beneficio a la ciudadan\u00eda en su conjunto o a colectivos concretos. La implicaci\u00f3n del Consistorio con esta nueva forma de educar es patente desde que en el curso 2016\/2017 convoc\u00f3 los primeros premios con el objetivo de reconocer los mejores proyectos de este tipo. Entonces fueron siete los centros que concurrieron. Ahora ya son m\u00e1s de veinte los que, a trav\u00e9s de esta nueva metodolog\u00eda, han desarrollado iniciativas para mejorar el d\u00eda a d\u00eda de la sociedad.<\/p>\n<p>Se trata, en definitiva, de impulsar una nueva filosof\u00eda de la educaci\u00f3n, en la que la comunidad educativa en su conjunto se implica en el desarrollo social de un lugar, una poblaci\u00f3n o un colectivo. Todo ello, adem\u00e1s, abordado desde una perspectiva educativa, conforme a los curr\u00edculos escolares de cada edad, ahondando en las diversas materias, pero d\u00e1ndoles a su vez una aplicaci\u00f3n pr\u00e1ctica tangible que, adem\u00e1s, redunda en una mejora social. Durante el proceso, las personas participantes aprenden a trabajar las necesidades reales del entorno con la finalidad de mejorarlo.<br \/>\n<script async src=\"\/\/pagead2.googlesyndication.com\/pagead\/js\/adsbygoogle.js\"><\/script><br \/>\n<!-- Noticias La Guia de Pamplona --><br \/>\n<ins class=\"adsbygoogle\"\nstyle=\"display:block\"\ndata-ad-client=\"ca-pub-6943679897239327\"\ndata-ad-slot=\"7048180777\"\ndata-ad-format=\"auto\"><\/ins><br \/>\n<script>\n(adsbygoogle = window.adsbygoogle || []).push({});\n<\/script><\/p>\n<p><strong>Seis ponencias<\/strong><\/p>\n<p>M\u00e1s de 130 personas, entre docentes entidades sociales y personas interesadas, participar\u00e1n en estas jornadas, cuya apertura se ha celebrado esta tarde en el Palacio de Condestable. En el acto, el presidente de la Red Navarra de Aprendizaje y Servicio, Francisco Soto, y el docente Josemari Aymerich, han destacado el papel de la Comunidad foral en esta materia. Adem\u00e1s, han resaltado los buenos resultados que est\u00e1 dando esta metodolog\u00eda. No en vano, en la \u00faltima edici\u00f3n de los galardones nacionales de Aprendizaje y Servicio hubo tres proyectos navarros premiados y otros cinco finalistas. Se trata de iniciativas desarrolladas por los centros Claret Larraona, Sagrado Coraz\u00f3n y Salesianos de Pamplona; as\u00ed como el IES Marqu\u00e9s de Villena de Marcilla, el CIP Lumbier; la Fundaci\u00f3n El Castillo, de Tudela; y la Asociaci\u00f3n Juvenil El Punto, de Falces.<\/p>\n<p>Las sesiones, que se desarrollar\u00e1n en el IES Mendillorri y en el Molino San Andr\u00e9s, se completar\u00e1n con ponencias impartidas por profesionales y expertos en la materia. As\u00ed, intervendr\u00e1 Jes\u00fas Vicente Ruiz Ome\u00f1aca, del Centro Riojano de Innovaci\u00f3n Educativa (CRIE); Brenda B\u00e4r y Jordi Calvet, del Centro Promotor de ApS Catalunya; y Paco Barea, coordinador de la Red Andaluza de Aprendizaje Servicio. El cierre de las jornadas, el d\u00eda 1 de marzo, correr\u00e1 a cargo de responsables del programa educativo MancoEduca, de la Mancomunidad de la Comarca de Pamplona.<\/p>\n<p>A todas estas charlas se suma, adem\u00e1s, una jornada t\u00e9cnica, este viernes, 3 de febrero, en la que participar\u00e1 el departamento de Derechos Sociales del Gobierno de Navarra; responsables del programa municipal de Cooperaci\u00f3n Internacional al Desarrollo del Ayuntamiento de Pamplona y la Coordinadora de ONGD de Navarra. Entre otros aspectos, esta sesi\u00f3n servir\u00e1 para conocer el programa educativo \u201cEducaci\u00f3n para la Justicia Global y Aprendizaje Servicio\u201d, que el Ayuntamiento de Barcelona puso en marcha hace una d\u00e9cada; y el reci\u00e9n constituido Centro Regional de Educaci\u00f3n para el Desarrollo Sostenible RCE Basque Country \u2013 Navarre.<br \/>\n<script async src=\"\/\/pagead2.googlesyndication.com\/pagead\/js\/adsbygoogle.js\"><\/script><br \/>\n<!-- Noticias La Guia de Pamplona --><br \/>\n<ins class=\"adsbygoogle\"\nstyle=\"display:block\"\ndata-ad-client=\"ca-pub-6943679897239327\"\ndata-ad-slot=\"7048180777\"\ndata-ad-format=\"auto\"><\/ins><br \/>\n<script>\n(adsbygoogle = window.adsbygoogle || []).push({});\n<\/script><\/p>\n<p><strong>Pamplona quiere formar parte de la Red Nacional<\/strong><\/p>\n<p>Dada la implicaci\u00f3n de Pamplona con la metodolog\u00eda de Aprendizaje y Servicio, la Comisi\u00f3n de Asuntos Ciudadanos del pasado 25 de enero aprob\u00f3 por unanimidad el pase al Pleno de este jueves de la incorporaci\u00f3n de Pamplona a la Red Espa\u00f1ola de Aprendizaje-Servicio. De esta forma, la ciudad estrechar\u00eda su colaboraci\u00f3n no solo con la estructura regional, con la que ya mantiene un convenio de colaboraci\u00f3n, sino tambi\u00e9n de la red nacional.<\/p>\n<p>Adem\u00e1s, el Ayuntamiento cuenta con un convenio de colaboraci\u00f3n con la Universidad P\u00fablica de Navarra, la Universidad de Navarra y la UNED, con el objetivo de impulsar esta metodolog\u00eda tambi\u00e9n a niveles universitarios.<\/p>\n<p>La metodolog\u00eda de Aprendizaje y Servicio se inscribe dentro de las l\u00edneas estrat\u00e9gicas de la Agenda 2030 de Pamplona, que result\u00f3 ser la propuesta t\u00e9cnica con el tercer mayor n\u00famero de votos en el proceso participativo para su elaboraci\u00f3n.<\/p>\n","protected":false},"excerpt":{"rendered":"<p>El alcalde Enrique Maya ha inaugurado las jornadas, organizadas por la Red Navarra de Aprendizaje y Servicio, en colaboraci\u00f3n con el Ayuntamiento<\/p>\n","protected":false},"author":1,"featured_media":42736,"comment_status":"open","ping_status":"closed","sticky":false,"template":"","format":"standard","meta":{"footnotes":""},"categories":[2],"tags":[],"class_list":["post-42735","post","type-post","status-publish","format-standard","has-post-thumbnail","hentry","category-ayuntamiento-pamplona"],"yoast_head":"<!-- This site is optimized with the Yoast SEO plugin v27.3 - https:\/\/yoast.com\/product\/yoast-seo-wordpress\/ -->\n<title>Media docena de charlas y ponencias analizan las virtudes de la metodolog\u00eda \u2018Aprendizaje y Servicio\u2019 como herramienta educativa y de compromiso social<\/title>\n<meta name=\"description\" content=\"Media docena de charlas y ponencias analizan las virtudes de la metodolog\u00eda \u2018Aprendizaje y Servicio\u2019 como herramienta educativa y de compromiso social\" \/>\n<meta name=\"robots\" content=\"index, follow, max-snippet:-1, max-image-preview:large, max-video-preview:-1\" \/>\n<link rel=\"canonical\" href=\"https:\/\/www.laguiadepamplona.com\/actualidad\/media-docena-de-charlas-y-ponencias-analizan-las-virtudes-de-la-metodologia-aprendizaje-y-servicio-como-herramienta-educativa-y-de-compromiso-social\/\" \/>\n<meta property=\"og:locale\" content=\"es_ES\" \/>\n<meta property=\"og:type\" content=\"article\" \/>\n<meta property=\"og:title\" content=\"Media docena de charlas y ponencias analizan las virtudes de la metodolog\u00eda \u2018Aprendizaje y Servicio\u2019 como herramienta educativa y de compromiso social\" \/>\n<meta property=\"og:description\" content=\"Media docena de charlas y ponencias analizan las virtudes de la metodolog\u00eda \u2018Aprendizaje y Servicio\u2019 como herramienta educativa y de compromiso social\" \/>\n<meta property=\"og:url\" content=\"https:\/\/www.laguiadepamplona.com\/actualidad\/media-docena-de-charlas-y-ponencias-analizan-las-virtudes-de-la-metodologia-aprendizaje-y-servicio-como-herramienta-educativa-y-de-compromiso-social\/\" \/>\n<meta property=\"og:site_name\" content=\"La Gu\u00eda de Pamplona\" \/>\n<meta property=\"article:publisher\" content=\"https:\/\/www.facebook.com\/laguiadepamplonacom-133175176762273\/?ref=hl\" \/>\n<meta property=\"article:published_time\" content=\"2023-01-31T18:12:57+00:00\" \/>\n<meta property=\"article:modified_time\" content=\"2023-04-11T09:47:19+00:00\" \/>\n<meta property=\"og:image\" content=\"https:\/\/www.laguiadepamplona.com\/actualidad\/wp-content\/uploads\/2023\/01\/q5a6132aprendizaje23-01-31.webp\" \/>\n\t<meta property=\"og:image:width\" content=\"1920\" \/>\n\t<meta property=\"og:image:height\" content=\"1281\" \/>\n\t<meta property=\"og:image:type\" content=\"image\/webp\" \/>\n<meta name=\"author\" content=\"La Gu\u00eda de Pamplona\" \/>\n<meta name=\"twitter:card\" content=\"summary_large_image\" \/>\n<meta name=\"twitter:creator\" content=\"@LaGuiadPamplona\" \/>\n<meta name=\"twitter:site\" content=\"@LaGuiadPamplona\" \/>\n<meta name=\"twitter:label1\" content=\"Escrito por\" \/>\n\t<meta name=\"twitter:data1\" content=\"La Gu\u00eda de Pamplona\" \/>\n\t<meta name=\"twitter:label2\" content=\"Tiempo de lectura\" \/>\n\t<meta name=\"twitter:data2\" content=\"4 minutos\" \/>\n<script type=\"application\/ld+json\" class=\"yoast-schema-graph\">{\"@context\":\"https:\\\/\\\/schema.org\",\"@graph\":[{\"@type\":\"Article\",\"@id\":\"https:\\\/\\\/www.laguiadepamplona.com\\\/actualidad\\\/media-docena-de-charlas-y-ponencias-analizan-las-virtudes-de-la-metodologia-aprendizaje-y-servicio-como-herramienta-educativa-y-de-compromiso-social\\\/#article\",\"isPartOf\":{\"@id\":\"https:\\\/\\\/www.laguiadepamplona.com\\\/actualidad\\\/media-docena-de-charlas-y-ponencias-analizan-las-virtudes-de-la-metodologia-aprendizaje-y-servicio-como-herramienta-educativa-y-de-compromiso-social\\\/\"},\"author\":{\"name\":\"La Gu\u00eda de Pamplona\",\"@id\":\"https:\\\/\\\/www.laguiadepamplona.com\\\/actualidad\\\/#\\\/schema\\\/person\\\/efe887376f0213d4657c93adc50b1fdb\"},\"headline\":\"Media docena de charlas y ponencias analizan las virtudes de la metodolog\u00eda \u2018Aprendizaje y Servicio\u2019 como herramienta educativa y de compromiso social\",\"datePublished\":\"2023-01-31T18:12:57+00:00\",\"dateModified\":\"2023-04-11T09:47:19+00:00\",\"mainEntityOfPage\":{\"@id\":\"https:\\\/\\\/www.laguiadepamplona.com\\\/actualidad\\\/media-docena-de-charlas-y-ponencias-analizan-las-virtudes-de-la-metodologia-aprendizaje-y-servicio-como-herramienta-educativa-y-de-compromiso-social\\\/\"},\"wordCount\":908,\"commentCount\":0,\"publisher\":{\"@id\":\"https:\\\/\\\/www.laguiadepamplona.com\\\/actualidad\\\/#organization\"},\"image\":{\"@id\":\"https:\\\/\\\/www.laguiadepamplona.com\\\/actualidad\\\/media-docena-de-charlas-y-ponencias-analizan-las-virtudes-de-la-metodologia-aprendizaje-y-servicio-como-herramienta-educativa-y-de-compromiso-social\\\/#primaryimage\"},\"thumbnailUrl\":\"https:\\\/\\\/www.laguiadepamplona.com\\\/actualidad\\\/wp-content\\\/uploads\\\/2023\\\/01\\\/q5a6132aprendizaje23-01-31.webp\",\"articleSection\":[\"Ayto Pamplona\"],\"inLanguage\":\"es\",\"potentialAction\":[{\"@type\":\"CommentAction\",\"name\":\"Comment\",\"target\":[\"https:\\\/\\\/www.laguiadepamplona.com\\\/actualidad\\\/media-docena-de-charlas-y-ponencias-analizan-las-virtudes-de-la-metodologia-aprendizaje-y-servicio-como-herramienta-educativa-y-de-compromiso-social\\\/#respond\"]}]},{\"@type\":\"WebPage\",\"@id\":\"https:\\\/\\\/www.laguiadepamplona.com\\\/actualidad\\\/media-docena-de-charlas-y-ponencias-analizan-las-virtudes-de-la-metodologia-aprendizaje-y-servicio-como-herramienta-educativa-y-de-compromiso-social\\\/\",\"url\":\"https:\\\/\\\/www.laguiadepamplona.com\\\/actualidad\\\/media-docena-de-charlas-y-ponencias-analizan-las-virtudes-de-la-metodologia-aprendizaje-y-servicio-como-herramienta-educativa-y-de-compromiso-social\\\/\",\"name\":\"Media docena de charlas y ponencias analizan las virtudes de la metodolog\u00eda \u2018Aprendizaje y Servicio\u2019 como herramienta educativa y de compromiso social\",\"isPartOf\":{\"@id\":\"https:\\\/\\\/www.laguiadepamplona.com\\\/actualidad\\\/#website\"},\"primaryImageOfPage\":{\"@id\":\"https:\\\/\\\/www.laguiadepamplona.com\\\/actualidad\\\/media-docena-de-charlas-y-ponencias-analizan-las-virtudes-de-la-metodologia-aprendizaje-y-servicio-como-herramienta-educativa-y-de-compromiso-social\\\/#primaryimage\"},\"image\":{\"@id\":\"https:\\\/\\\/www.laguiadepamplona.com\\\/actualidad\\\/media-docena-de-charlas-y-ponencias-analizan-las-virtudes-de-la-metodologia-aprendizaje-y-servicio-como-herramienta-educativa-y-de-compromiso-social\\\/#primaryimage\"},\"thumbnailUrl\":\"https:\\\/\\\/www.laguiadepamplona.com\\\/actualidad\\\/wp-content\\\/uploads\\\/2023\\\/01\\\/q5a6132aprendizaje23-01-31.webp\",\"datePublished\":\"2023-01-31T18:12:57+00:00\",\"dateModified\":\"2023-04-11T09:47:19+00:00\",\"description\":\"Media docena de charlas y ponencias analizan las virtudes de la metodolog\u00eda \u2018Aprendizaje y Servicio\u2019 como herramienta educativa y de compromiso social\",\"breadcrumb\":{\"@id\":\"https:\\\/\\\/www.laguiadepamplona.com\\\/actualidad\\\/media-docena-de-charlas-y-ponencias-analizan-las-virtudes-de-la-metodologia-aprendizaje-y-servicio-como-herramienta-educativa-y-de-compromiso-social\\\/#breadcrumb\"},\"inLanguage\":\"es\",\"potentialAction\":[{\"@type\":\"ReadAction\",\"target\":[\"https:\\\/\\\/www.laguiadepamplona.com\\\/actualidad\\\/media-docena-de-charlas-y-ponencias-analizan-las-virtudes-de-la-metodologia-aprendizaje-y-servicio-como-herramienta-educativa-y-de-compromiso-social\\\/\"]}]},{\"@type\":\"ImageObject\",\"inLanguage\":\"es\",\"@id\":\"https:\\\/\\\/www.laguiadepamplona.com\\\/actualidad\\\/media-docena-de-charlas-y-ponencias-analizan-las-virtudes-de-la-metodologia-aprendizaje-y-servicio-como-herramienta-educativa-y-de-compromiso-social\\\/#primaryimage\",\"url\":\"https:\\\/\\\/www.laguiadepamplona.com\\\/actualidad\\\/wp-content\\\/uploads\\\/2023\\\/01\\\/q5a6132aprendizaje23-01-31.webp\",\"contentUrl\":\"https:\\\/\\\/www.laguiadepamplona.com\\\/actualidad\\\/wp-content\\\/uploads\\\/2023\\\/01\\\/q5a6132aprendizaje23-01-31.webp\",\"width\":1920,\"height\":1281},{\"@type\":\"BreadcrumbList\",\"@id\":\"https:\\\/\\\/www.laguiadepamplona.com\\\/actualidad\\\/media-docena-de-charlas-y-ponencias-analizan-las-virtudes-de-la-metodologia-aprendizaje-y-servicio-como-herramienta-educativa-y-de-compromiso-social\\\/#breadcrumb\",\"itemListElement\":[{\"@type\":\"ListItem\",\"position\":1,\"name\":\"Portada\",\"item\":\"https:\\\/\\\/www.laguiadepamplona.com\\\/actualidad\\\/\"},{\"@type\":\"ListItem\",\"position\":2,\"name\":\"Media docena de charlas y ponencias analizan las virtudes de la metodolog\u00eda \u2018Aprendizaje y Servicio\u2019 como herramienta educativa y de compromiso social\"}]},{\"@type\":\"WebSite\",\"@id\":\"https:\\\/\\\/www.laguiadepamplona.com\\\/actualidad\\\/#website\",\"url\":\"https:\\\/\\\/www.laguiadepamplona.com\\\/actualidad\\\/\",\"name\":\"La gu\u00eda de Pamplona\",\"description\":\"Noticias de Pamplona\",\"publisher\":{\"@id\":\"https:\\\/\\\/www.laguiadepamplona.com\\\/actualidad\\\/#organization\"},\"potentialAction\":[{\"@type\":\"SearchAction\",\"target\":{\"@type\":\"EntryPoint\",\"urlTemplate\":\"https:\\\/\\\/www.laguiadepamplona.com\\\/actualidad\\\/?s={search_term_string}\"},\"query-input\":{\"@type\":\"PropertyValueSpecification\",\"valueRequired\":true,\"valueName\":\"search_term_string\"}}],\"inLanguage\":\"es\"},{\"@type\":\"Organization\",\"@id\":\"https:\\\/\\\/www.laguiadepamplona.com\\\/actualidad\\\/#organization\",\"name\":\"La Gu\u00eda de Pamplona \\\/ Noticias\",\"url\":\"https:\\\/\\\/www.laguiadepamplona.com\\\/actualidad\\\/\",\"logo\":{\"@type\":\"ImageObject\",\"inLanguage\":\"es\",\"@id\":\"https:\\\/\\\/www.laguiadepamplona.com\\\/actualidad\\\/#\\\/schema\\\/logo\\\/image\\\/\",\"url\":\"https:\\\/\\\/www.laguiadepamplona.com\\\/actualidad\\\/wp-content\\\/uploads\\\/2018\\\/11\\\/logo-laguiadepamplona18-web1.png\",\"contentUrl\":\"https:\\\/\\\/www.laguiadepamplona.com\\\/actualidad\\\/wp-content\\\/uploads\\\/2018\\\/11\\\/logo-laguiadepamplona18-web1.png\",\"width\":600,\"height\":196,\"caption\":\"La Gu\u00eda de Pamplona \\\/ Noticias\"},\"image\":{\"@id\":\"https:\\\/\\\/www.laguiadepamplona.com\\\/actualidad\\\/#\\\/schema\\\/logo\\\/image\\\/\"},\"sameAs\":[\"https:\\\/\\\/www.facebook.com\\\/laguiadepamplonacom-133175176762273\\\/?ref=hl\",\"https:\\\/\\\/x.com\\\/LaGuiadPamplona\",\"https:\\\/\\\/www.instagram.com\\\/la_guia_de_pamplona\\\/\",\"https:\\\/\\\/www.youtube.com\\\/user\\\/laguiadepamplona\"]},{\"@type\":\"Person\",\"@id\":\"https:\\\/\\\/www.laguiadepamplona.com\\\/actualidad\\\/#\\\/schema\\\/person\\\/efe887376f0213d4657c93adc50b1fdb\",\"name\":\"La Gu\u00eda de Pamplona\",\"image\":{\"@type\":\"ImageObject\",\"inLanguage\":\"es\",\"@id\":\"https:\\\/\\\/secure.gravatar.com\\\/avatar\\\/b6992f131dc8d30ab0dff15446e9d346d9dbd95992de0fef795073f5ea83a81c?s=96&d=mm&r=g\",\"url\":\"https:\\\/\\\/secure.gravatar.com\\\/avatar\\\/b6992f131dc8d30ab0dff15446e9d346d9dbd95992de0fef795073f5ea83a81c?s=96&d=mm&r=g\",\"contentUrl\":\"https:\\\/\\\/secure.gravatar.com\\\/avatar\\\/b6992f131dc8d30ab0dff15446e9d346d9dbd95992de0fef795073f5ea83a81c?s=96&d=mm&r=g\",\"caption\":\"La Gu\u00eda de Pamplona\"}}]}<\/script>\n<!-- \/ Yoast SEO plugin. -->","yoast_head_json":{"title":"Media docena de charlas y ponencias analizan las virtudes de la metodolog\u00eda \u2018Aprendizaje y Servicio\u2019 como herramienta educativa y de compromiso social","description":"Media docena de charlas y ponencias analizan las virtudes de la metodolog\u00eda \u2018Aprendizaje y Servicio\u2019 como herramienta educativa y de compromiso social","robots":{"index":"index","follow":"follow","max-snippet":"max-snippet:-1","max-image-preview":"max-image-preview:large","max-video-preview":"max-video-preview:-1"},"canonical":"https:\/\/www.laguiadepamplona.com\/actualidad\/media-docena-de-charlas-y-ponencias-analizan-las-virtudes-de-la-metodologia-aprendizaje-y-servicio-como-herramienta-educativa-y-de-compromiso-social\/","og_locale":"es_ES","og_type":"article","og_title":"Media docena de charlas y ponencias analizan las virtudes de la metodolog\u00eda \u2018Aprendizaje y Servicio\u2019 como herramienta educativa y de compromiso social","og_description":"Media docena de charlas y ponencias analizan las virtudes de la metodolog\u00eda \u2018Aprendizaje y Servicio\u2019 como herramienta educativa y de compromiso social","og_url":"https:\/\/www.laguiadepamplona.com\/actualidad\/media-docena-de-charlas-y-ponencias-analizan-las-virtudes-de-la-metodologia-aprendizaje-y-servicio-como-herramienta-educativa-y-de-compromiso-social\/","og_site_name":"La Gu\u00eda de Pamplona","article_publisher":"https:\/\/www.facebook.com\/laguiadepamplonacom-133175176762273\/?ref=hl","article_published_time":"2023-01-31T18:12:57+00:00","article_modified_time":"2023-04-11T09:47:19+00:00","og_image":[{"width":1920,"height":1281,"url":"https:\/\/www.laguiadepamplona.com\/actualidad\/wp-content\/uploads\/2023\/01\/q5a6132aprendizaje23-01-31.webp","type":"image\/webp"}],"author":"La Gu\u00eda de Pamplona","twitter_card":"summary_large_image","twitter_creator":"@LaGuiadPamplona","twitter_site":"@LaGuiadPamplona","twitter_misc":{"Escrito por":"La Gu\u00eda de Pamplona","Tiempo de lectura":"4 minutos"},"schema":{"@context":"https:\/\/schema.org","@graph":[{"@type":"Article","@id":"https:\/\/www.laguiadepamplona.com\/actualidad\/media-docena-de-charlas-y-ponencias-analizan-las-virtudes-de-la-metodologia-aprendizaje-y-servicio-como-herramienta-educativa-y-de-compromiso-social\/#article","isPartOf":{"@id":"https:\/\/www.laguiadepamplona.com\/actualidad\/media-docena-de-charlas-y-ponencias-analizan-las-virtudes-de-la-metodologia-aprendizaje-y-servicio-como-herramienta-educativa-y-de-compromiso-social\/"},"author":{"name":"La Gu\u00eda de Pamplona","@id":"https:\/\/www.laguiadepamplona.com\/actualidad\/#\/schema\/person\/efe887376f0213d4657c93adc50b1fdb"},"headline":"Media docena de charlas y ponencias analizan las virtudes de la metodolog\u00eda \u2018Aprendizaje y Servicio\u2019 como herramienta educativa y de compromiso social","datePublished":"2023-01-31T18:12:57+00:00","dateModified":"2023-04-11T09:47:19+00:00","mainEntityOfPage":{"@id":"https:\/\/www.laguiadepamplona.com\/actualidad\/media-docena-de-charlas-y-ponencias-analizan-las-virtudes-de-la-metodologia-aprendizaje-y-servicio-como-herramienta-educativa-y-de-compromiso-social\/"},"wordCount":908,"commentCount":0,"publisher":{"@id":"https:\/\/www.laguiadepamplona.com\/actualidad\/#organization"},"image":{"@id":"https:\/\/www.laguiadepamplona.com\/actualidad\/media-docena-de-charlas-y-ponencias-analizan-las-virtudes-de-la-metodologia-aprendizaje-y-servicio-como-herramienta-educativa-y-de-compromiso-social\/#primaryimage"},"thumbnailUrl":"https:\/\/www.laguiadepamplona.com\/actualidad\/wp-content\/uploads\/2023\/01\/q5a6132aprendizaje23-01-31.webp","articleSection":["Ayto Pamplona"],"inLanguage":"es","potentialAction":[{"@type":"CommentAction","name":"Comment","target":["https:\/\/www.laguiadepamplona.com\/actualidad\/media-docena-de-charlas-y-ponencias-analizan-las-virtudes-de-la-metodologia-aprendizaje-y-servicio-como-herramienta-educativa-y-de-compromiso-social\/#respond"]}]},{"@type":"WebPage","@id":"https:\/\/www.laguiadepamplona.com\/actualidad\/media-docena-de-charlas-y-ponencias-analizan-las-virtudes-de-la-metodologia-aprendizaje-y-servicio-como-herramienta-educativa-y-de-compromiso-social\/","url":"https:\/\/www.laguiadepamplona.com\/actualidad\/media-docena-de-charlas-y-ponencias-analizan-las-virtudes-de-la-metodologia-aprendizaje-y-servicio-como-herramienta-educativa-y-de-compromiso-social\/","name":"Media docena de charlas y ponencias analizan las virtudes de la metodolog\u00eda \u2018Aprendizaje y Servicio\u2019 como herramienta educativa y de compromiso social","isPartOf":{"@id":"https:\/\/www.laguiadepamplona.com\/actualidad\/#website"},"primaryImageOfPage":{"@id":"https:\/\/www.laguiadepamplona.com\/actualidad\/media-docena-de-charlas-y-ponencias-analizan-las-virtudes-de-la-metodologia-aprendizaje-y-servicio-como-herramienta-educativa-y-de-compromiso-social\/#primaryimage"},"image":{"@id":"https:\/\/www.laguiadepamplona.com\/actualidad\/media-docena-de-charlas-y-ponencias-analizan-las-virtudes-de-la-metodologia-aprendizaje-y-servicio-como-herramienta-educativa-y-de-compromiso-social\/#primaryimage"},"thumbnailUrl":"https:\/\/www.laguiadepamplona.com\/actualidad\/wp-content\/uploads\/2023\/01\/q5a6132aprendizaje23-01-31.webp","datePublished":"2023-01-31T18:12:57+00:00","dateModified":"2023-04-11T09:47:19+00:00","description":"Media docena de charlas y ponencias analizan las virtudes de la metodolog\u00eda \u2018Aprendizaje y Servicio\u2019 como herramienta educativa y de compromiso social","breadcrumb":{"@id":"https:\/\/www.laguiadepamplona.com\/actualidad\/media-docena-de-charlas-y-ponencias-analizan-las-virtudes-de-la-metodologia-aprendizaje-y-servicio-como-herramienta-educativa-y-de-compromiso-social\/#breadcrumb"},"inLanguage":"es","potentialAction":[{"@type":"ReadAction","target":["https:\/\/www.laguiadepamplona.com\/actualidad\/media-docena-de-charlas-y-ponencias-analizan-las-virtudes-de-la-metodologia-aprendizaje-y-servicio-como-herramienta-educativa-y-de-compromiso-social\/"]}]},{"@type":"ImageObject","inLanguage":"es","@id":"https:\/\/www.laguiadepamplona.com\/actualidad\/media-docena-de-charlas-y-ponencias-analizan-las-virtudes-de-la-metodologia-aprendizaje-y-servicio-como-herramienta-educativa-y-de-compromiso-social\/#primaryimage","url":"https:\/\/www.laguiadepamplona.com\/actualidad\/wp-content\/uploads\/2023\/01\/q5a6132aprendizaje23-01-31.webp","contentUrl":"https:\/\/www.laguiadepamplona.com\/actualidad\/wp-content\/uploads\/2023\/01\/q5a6132aprendizaje23-01-31.webp","width":1920,"height":1281},{"@type":"BreadcrumbList","@id":"https:\/\/www.laguiadepamplona.com\/actualidad\/media-docena-de-charlas-y-ponencias-analizan-las-virtudes-de-la-metodologia-aprendizaje-y-servicio-como-herramienta-educativa-y-de-compromiso-social\/#breadcrumb","itemListElement":[{"@type":"ListItem","position":1,"name":"Portada","item":"https:\/\/www.laguiadepamplona.com\/actualidad\/"},{"@type":"ListItem","position":2,"name":"Media docena de charlas y ponencias analizan las virtudes de la metodolog\u00eda \u2018Aprendizaje y Servicio\u2019 como herramienta educativa y de compromiso social"}]},{"@type":"WebSite","@id":"https:\/\/www.laguiadepamplona.com\/actualidad\/#website","url":"https:\/\/www.laguiadepamplona.com\/actualidad\/","name":"La gu\u00eda de Pamplona","description":"Noticias de Pamplona","publisher":{"@id":"https:\/\/www.laguiadepamplona.com\/actualidad\/#organization"},"potentialAction":[{"@type":"SearchAction","target":{"@type":"EntryPoint","urlTemplate":"https:\/\/www.laguiadepamplona.com\/actualidad\/?s={search_term_string}"},"query-input":{"@type":"PropertyValueSpecification","valueRequired":true,"valueName":"search_term_string"}}],"inLanguage":"es"},{"@type":"Organization","@id":"https:\/\/www.laguiadepamplona.com\/actualidad\/#organization","name":"La Gu\u00eda de Pamplona \/ Noticias","url":"https:\/\/www.laguiadepamplona.com\/actualidad\/","logo":{"@type":"ImageObject","inLanguage":"es","@id":"https:\/\/www.laguiadepamplona.com\/actualidad\/#\/schema\/logo\/image\/","url":"https:\/\/www.laguiadepamplona.com\/actualidad\/wp-content\/uploads\/2018\/11\/logo-laguiadepamplona18-web1.png","contentUrl":"https:\/\/www.laguiadepamplona.com\/actualidad\/wp-content\/uploads\/2018\/11\/logo-laguiadepamplona18-web1.png","width":600,"height":196,"caption":"La Gu\u00eda de Pamplona \/ Noticias"},"image":{"@id":"https:\/\/www.laguiadepamplona.com\/actualidad\/#\/schema\/logo\/image\/"},"sameAs":["https:\/\/www.facebook.com\/laguiadepamplonacom-133175176762273\/?ref=hl","https:\/\/x.com\/LaGuiadPamplona","https:\/\/www.instagram.com\/la_guia_de_pamplona\/","https:\/\/www.youtube.com\/user\/laguiadepamplona"]},{"@type":"Person","@id":"https:\/\/www.laguiadepamplona.com\/actualidad\/#\/schema\/person\/efe887376f0213d4657c93adc50b1fdb","name":"La Gu\u00eda de Pamplona","image":{"@type":"ImageObject","inLanguage":"es","@id":"https:\/\/secure.gravatar.com\/avatar\/b6992f131dc8d30ab0dff15446e9d346d9dbd95992de0fef795073f5ea83a81c?s=96&d=mm&r=g","url":"https:\/\/secure.gravatar.com\/avatar\/b6992f131dc8d30ab0dff15446e9d346d9dbd95992de0fef795073f5ea83a81c?s=96&d=mm&r=g","contentUrl":"https:\/\/secure.gravatar.com\/avatar\/b6992f131dc8d30ab0dff15446e9d346d9dbd95992de0fef795073f5ea83a81c?s=96&d=mm&r=g","caption":"La Gu\u00eda de Pamplona"}}]}},"post_mailing_queue_ids":[],"_links":{"self":[{"href":"https:\/\/www.laguiadepamplona.com\/actualidad\/wp-json\/wp\/v2\/posts\/42735","targetHints":{"allow":["GET"]}}],"collection":[{"href":"https:\/\/www.laguiadepamplona.com\/actualidad\/wp-json\/wp\/v2\/posts"}],"about":[{"href":"https:\/\/www.laguiadepamplona.com\/actualidad\/wp-json\/wp\/v2\/types\/post"}],"author":[{"embeddable":true,"href":"https:\/\/www.laguiadepamplona.com\/actualidad\/wp-json\/wp\/v2\/users\/1"}],"replies":[{"embeddable":true,"href":"https:\/\/www.laguiadepamplona.com\/actualidad\/wp-json\/wp\/v2\/comments?post=42735"}],"version-history":[{"count":0,"href":"https:\/\/www.laguiadepamplona.com\/actualidad\/wp-json\/wp\/v2\/posts\/42735\/revisions"}],"wp:featuredmedia":[{"embeddable":true,"href":"https:\/\/www.laguiadepamplona.com\/actualidad\/wp-json\/wp\/v2\/media\/42736"}],"wp:attachment":[{"href":"https:\/\/www.laguiadepamplona.com\/actualidad\/wp-json\/wp\/v2\/media?parent=42735"}],"wp:term":[{"taxonomy":"category","embeddable":true,"href":"https:\/\/www.laguiadepamplona.com\/actualidad\/wp-json\/wp\/v2\/categories?post=42735"},{"taxonomy":"post_tag","embeddable":true,"href":"https:\/\/www.laguiadepamplona.com\/actualidad\/wp-json\/wp\/v2\/tags?post=42735"}],"curies":[{"name":"wp","href":"https:\/\/api.w.org\/{rel}","templated":true}]}}