{"id":42733,"date":"2023-01-31T20:08:12","date_gmt":"2023-01-31T18:08:12","guid":{"rendered":"https:\/\/www.laguiadepamplona.com\/actualidad\/?p=42733"},"modified":"2023-04-11T11:47:19","modified_gmt":"2023-04-11T09:47:19","slug":"pamplona-sube-un-nuevo-peldano-de-la-escalerica-este-jueves-llevando-la-musica-a-la-calle","status":"publish","type":"post","link":"https:\/\/www.laguiadepamplona.com\/actualidad\/pamplona-sube-un-nuevo-peldano-de-la-escalerica-este-jueves-llevando-la-musica-a-la-calle\/","title":{"rendered":"Pamplona sube un nuevo pelda\u00f1o de la \u2018Escalerica\u2019 este jueves llevando la m\u00fasica a la calle"},"content":{"rendered":"<h5>Durante la tarde, habr\u00e1 kalejira, baile y conciertos por las calles del centro de la ciudad<\/h5>\n<p><!--more--><\/p>\n<p>El segundo pelda\u00f1o de la \u2018Escalerica\u2019 de San Ferm\u00edn llegar\u00e1 este jueves a Pamplona cargado de m\u00fasica y ritmo joven, recordando as\u00ed que las fiestas de la ciudad tienen un claro componente de calle. Una kalejira recorrer\u00e1 el Casco Antiguo, y las principales plazas del centro hist\u00f3rico acoger\u00e1n bailes y conciertos desde las 19 hasta las 22 horas, dentro del programa de actividades #YaFaltaMenos. De esta forma, el Ayuntamiento quiere celebrar que los Sanfermines est\u00e1n m\u00e1s pr\u00f3ximos.<\/p>\n<p>En esta ocasi\u00f3n, el Consistorio ha querido hacer un gui\u00f1o a la poblaci\u00f3n joven, de ah\u00ed que la propuesta musical incluya artistas con un importante p\u00fablico juvenil como Hofe, Castazabal y DJ Reimy. A todos ellos, se suman, adem\u00e1s, Arkadia Dance, una escuela centrada en danza urbana y todas sus variantes, cuyos alumnos y profesores realizar\u00e1n dos actuaciones. La programaci\u00f3n de este 2 de febrero comenzar\u00e1 a las 19.00 horas, en el cruce de la calle Estafeta con la Cuesta de Labrit, con bailes y DJ. Varios escenarios m\u00f3viles, que funcionan con energ\u00eda renovable, permitir\u00e1 llevar los conciertos por las distintas calles del recorrido musical, que incluye la calle Estafeta, Mercaderes, Plaza del Ayuntamiento, calle Nueva, plazuela del Consejo, San Ant\u00f3n, San Miguel, Plaza San Nicol\u00e1s y calle San Nicol\u00e1s, hasta terminar en la Plaza del Castillo.<br \/>\n<script async src=\"\/\/pagead2.googlesyndication.com\/pagead\/js\/adsbygoogle.js\"><\/script><br \/>\n<!-- Noticias La Guia de Pamplona --><br \/>\n<ins class=\"adsbygoogle\"\nstyle=\"display:block\"\ndata-ad-client=\"ca-pub-6943679897239327\"\ndata-ad-slot=\"7048180777\"\ndata-ad-format=\"auto\"><\/ins><br \/>\n<script>\n(adsbygoogle = window.adsbygoogle || []).push({});\n<\/script><\/p>\n<p>Con esta propuesta musical, el Ayuntamiento quiere potenciar y visibilizar la cultura urbana como parte importante de las fiestas de San Ferm\u00edn. De hecho, el ambiente en las calles es una se\u00f1a de identidad de los Sanfermines. Tambi\u00e9n en el primer escal\u00f3n, el 1 de enero, el Consistorio impuls\u00f3 un pasacalles con m\u00fasica popular durante la hora del verm\u00fa a cargo de los gaiteros Haizaldi\/ Haizaldi Gaiteroak y el grupo Egunsenti.<\/p>\n<p>La programaci\u00f3n #YaFaltaMenos de los pelda\u00f1os de la \u2018Escalerica\u2019 arranc\u00f3 como iniciativa piloto en 2022 y el objetivo es consolidarla este 2023, con la vista puesta en convertir los Sanfermines en un reclamo anual, no \u00fanicamente del 6 al 14 de julio. De hecho, el Plan de Sostenibilidad Tur\u00edstica en Destinos Pamplona SF365 persigue el desarrollo de actividades tur\u00edsticas sostenibles en la ciudad y su entorno, redefiniendo las fiestas de los Sanfermines y su imagen, mediante una programaci\u00f3n cultural vinculada a los Sanfermines durante todo el a\u00f1o. Esta iniciativa ha contado, de hecho, con financiaci\u00f3n europea de los fondos Next Generation EU.<\/p>\n<p>Para lograr el posicionamiento de estas fechas como herramienta tur\u00edstica y cultural, en cada pelda\u00f1o se propondr\u00e1n nuevas actividades culturales para implicar tanto a la ciudadan\u00eda como a los agentes locales, que tienen una relaci\u00f3n directa con la fiesta. Adem\u00e1s, las redes sociales del Ayuntamiento contribuyen a dinamizar estas fechas con los hashtags #SanferminesPamplona, #Sanfermines2023 y #YaFaltaMenos, y equivalentes en euskera #sanferminak2023 #sanferminakIru\u00f1ean #GutxiagoFaltaDa.<br \/>\n<script async src=\"\/\/pagead2.googlesyndication.com\/pagead\/js\/adsbygoogle.js\"><\/script><br \/>\n<!-- Noticias La Guia de Pamplona --><br \/>\n<ins class=\"adsbygoogle\"\nstyle=\"display:block\"\ndata-ad-client=\"ca-pub-6943679897239327\"\ndata-ad-slot=\"7048180777\"\ndata-ad-format=\"auto\"><\/ins><br \/>\n<script>\n(adsbygoogle = window.adsbygoogle || []).push({});\n<\/script><\/p>\n<p>&nbsp;<\/p>\n<h3>Eventos<\/h3>\n<ul>\n<li><strong>19.00 horas<\/strong>. DJ REIMY y baile de Arkadia Dance. En la Cuesta de Labrit con calle Estafeta.<\/li>\n<li><strong>19.10 a 19.20 horas<\/strong>. Kalejira DJ REIMY por la calle Estafeta.<\/li>\n<li><strong>19.20 horas.<\/strong> DJ REIMY y baile de Arkadia Dance. Plaza Mercaderes.<\/li>\n<li><strong>19.40 horas.<\/strong> Kalekija DJ REIMY. Hasta la Plaza del Ayuntamiento.<\/li>\n<li><strong>19.45 a 20.25 horas.<\/strong> Concierto Castazabal. Plaza del Ayuntamiento.<\/li>\n<li><strong>20.30 a 20.45 horas.<\/strong> Kalejira DJ REIMY. Por la calle Nueva, Plaza del Consejo, y calles San Ant\u00f3n y San Miguel.<\/li>\n<li><strong>20.45 horas.<\/strong> Baile Arkadia Dance. Plaza San Nicol\u00e1s.<\/li>\n<li><strong>20.55 horas.<\/strong> Kalejira DJ REIMY. Calle San Nicol\u00e1s.<\/li>\n<li><strong>21.00 a 21.45 horas.<\/strong> Concierto Hofe. Plaza del Castillo.<\/li>\n<\/ul>\n","protected":false},"excerpt":{"rendered":"<p>Durante la tarde, habr\u00e1 kalejira, baile y conciertos por las calles del centro de la ciudad<\/p>\n","protected":false},"author":1,"featured_media":0,"comment_status":"open","ping_status":"closed","sticky":false,"template":"","format":"standard","meta":{"footnotes":""},"categories":[2],"tags":[],"class_list":["post-42733","post","type-post","status-publish","format-standard","hentry","category-ayuntamiento-pamplona"],"yoast_head":"<!-- This site is optimized with the Yoast SEO plugin v27.3 - https:\/\/yoast.com\/product\/yoast-seo-wordpress\/ -->\n<title>Pamplona sube un nuevo pelda\u00f1o de la \u2018Escalerica\u2019 este jueves llevando la m\u00fasica a la calle<\/title>\n<meta name=\"description\" content=\"Durante la tarde, habr\u00e1 kalejira, baile y conciertos por las calles del centro de la ciudad\" \/>\n<meta name=\"robots\" content=\"index, follow, max-snippet:-1, max-image-preview:large, max-video-preview:-1\" \/>\n<link rel=\"canonical\" href=\"https:\/\/www.laguiadepamplona.com\/actualidad\/pamplona-sube-un-nuevo-peldano-de-la-escalerica-este-jueves-llevando-la-musica-a-la-calle\/\" \/>\n<meta property=\"og:locale\" content=\"es_ES\" \/>\n<meta property=\"og:type\" content=\"article\" \/>\n<meta property=\"og:title\" content=\"Pamplona sube un nuevo pelda\u00f1o de la \u2018Escalerica\u2019 este jueves llevando la m\u00fasica a la calle\" \/>\n<meta property=\"og:description\" content=\"Durante la tarde, habr\u00e1 kalejira, baile y conciertos por las calles del centro de la ciudad\" \/>\n<meta property=\"og:url\" content=\"https:\/\/www.laguiadepamplona.com\/actualidad\/pamplona-sube-un-nuevo-peldano-de-la-escalerica-este-jueves-llevando-la-musica-a-la-calle\/\" \/>\n<meta property=\"og:site_name\" content=\"La Gu\u00eda de Pamplona\" \/>\n<meta property=\"article:publisher\" content=\"https:\/\/www.facebook.com\/laguiadepamplonacom-133175176762273\/?ref=hl\" \/>\n<meta property=\"article:published_time\" content=\"2023-01-31T18:08:12+00:00\" \/>\n<meta property=\"article:modified_time\" content=\"2023-04-11T09:47:19+00:00\" \/>\n<meta name=\"author\" content=\"La Gu\u00eda de Pamplona\" \/>\n<meta name=\"twitter:card\" content=\"summary_large_image\" \/>\n<meta name=\"twitter:creator\" content=\"@LaGuiadPamplona\" \/>\n<meta name=\"twitter:site\" content=\"@LaGuiadPamplona\" \/>\n<meta name=\"twitter:label1\" content=\"Escrito por\" \/>\n\t<meta name=\"twitter:data1\" content=\"La Gu\u00eda de Pamplona\" \/>\n\t<meta name=\"twitter:label2\" content=\"Tiempo de lectura\" \/>\n\t<meta name=\"twitter:data2\" content=\"3 minutos\" \/>\n<script type=\"application\/ld+json\" class=\"yoast-schema-graph\">{\"@context\":\"https:\\\/\\\/schema.org\",\"@graph\":[{\"@type\":\"Article\",\"@id\":\"https:\\\/\\\/www.laguiadepamplona.com\\\/actualidad\\\/pamplona-sube-un-nuevo-peldano-de-la-escalerica-este-jueves-llevando-la-musica-a-la-calle\\\/#article\",\"isPartOf\":{\"@id\":\"https:\\\/\\\/www.laguiadepamplona.com\\\/actualidad\\\/pamplona-sube-un-nuevo-peldano-de-la-escalerica-este-jueves-llevando-la-musica-a-la-calle\\\/\"},\"author\":{\"name\":\"La Gu\u00eda de Pamplona\",\"@id\":\"https:\\\/\\\/www.laguiadepamplona.com\\\/actualidad\\\/#\\\/schema\\\/person\\\/efe887376f0213d4657c93adc50b1fdb\"},\"headline\":\"Pamplona sube un nuevo pelda\u00f1o de la \u2018Escalerica\u2019 este jueves llevando la m\u00fasica a la calle\",\"datePublished\":\"2023-01-31T18:08:12+00:00\",\"dateModified\":\"2023-04-11T09:47:19+00:00\",\"mainEntityOfPage\":{\"@id\":\"https:\\\/\\\/www.laguiadepamplona.com\\\/actualidad\\\/pamplona-sube-un-nuevo-peldano-de-la-escalerica-este-jueves-llevando-la-musica-a-la-calle\\\/\"},\"wordCount\":611,\"commentCount\":0,\"publisher\":{\"@id\":\"https:\\\/\\\/www.laguiadepamplona.com\\\/actualidad\\\/#organization\"},\"articleSection\":[\"Ayto Pamplona\"],\"inLanguage\":\"es\",\"potentialAction\":[{\"@type\":\"CommentAction\",\"name\":\"Comment\",\"target\":[\"https:\\\/\\\/www.laguiadepamplona.com\\\/actualidad\\\/pamplona-sube-un-nuevo-peldano-de-la-escalerica-este-jueves-llevando-la-musica-a-la-calle\\\/#respond\"]}]},{\"@type\":\"WebPage\",\"@id\":\"https:\\\/\\\/www.laguiadepamplona.com\\\/actualidad\\\/pamplona-sube-un-nuevo-peldano-de-la-escalerica-este-jueves-llevando-la-musica-a-la-calle\\\/\",\"url\":\"https:\\\/\\\/www.laguiadepamplona.com\\\/actualidad\\\/pamplona-sube-un-nuevo-peldano-de-la-escalerica-este-jueves-llevando-la-musica-a-la-calle\\\/\",\"name\":\"Pamplona sube un nuevo pelda\u00f1o de la \u2018Escalerica\u2019 este jueves llevando la m\u00fasica a la calle\",\"isPartOf\":{\"@id\":\"https:\\\/\\\/www.laguiadepamplona.com\\\/actualidad\\\/#website\"},\"datePublished\":\"2023-01-31T18:08:12+00:00\",\"dateModified\":\"2023-04-11T09:47:19+00:00\",\"description\":\"Durante la tarde, habr\u00e1 kalejira, baile y conciertos por las calles del centro de la ciudad\",\"breadcrumb\":{\"@id\":\"https:\\\/\\\/www.laguiadepamplona.com\\\/actualidad\\\/pamplona-sube-un-nuevo-peldano-de-la-escalerica-este-jueves-llevando-la-musica-a-la-calle\\\/#breadcrumb\"},\"inLanguage\":\"es\",\"potentialAction\":[{\"@type\":\"ReadAction\",\"target\":[\"https:\\\/\\\/www.laguiadepamplona.com\\\/actualidad\\\/pamplona-sube-un-nuevo-peldano-de-la-escalerica-este-jueves-llevando-la-musica-a-la-calle\\\/\"]}]},{\"@type\":\"BreadcrumbList\",\"@id\":\"https:\\\/\\\/www.laguiadepamplona.com\\\/actualidad\\\/pamplona-sube-un-nuevo-peldano-de-la-escalerica-este-jueves-llevando-la-musica-a-la-calle\\\/#breadcrumb\",\"itemListElement\":[{\"@type\":\"ListItem\",\"position\":1,\"name\":\"Portada\",\"item\":\"https:\\\/\\\/www.laguiadepamplona.com\\\/actualidad\\\/\"},{\"@type\":\"ListItem\",\"position\":2,\"name\":\"Pamplona sube un nuevo pelda\u00f1o de la \u2018Escalerica\u2019 este jueves llevando la m\u00fasica a la calle\"}]},{\"@type\":\"WebSite\",\"@id\":\"https:\\\/\\\/www.laguiadepamplona.com\\\/actualidad\\\/#website\",\"url\":\"https:\\\/\\\/www.laguiadepamplona.com\\\/actualidad\\\/\",\"name\":\"La gu\u00eda de Pamplona\",\"description\":\"Noticias de Pamplona\",\"publisher\":{\"@id\":\"https:\\\/\\\/www.laguiadepamplona.com\\\/actualidad\\\/#organization\"},\"potentialAction\":[{\"@type\":\"SearchAction\",\"target\":{\"@type\":\"EntryPoint\",\"urlTemplate\":\"https:\\\/\\\/www.laguiadepamplona.com\\\/actualidad\\\/?s={search_term_string}\"},\"query-input\":{\"@type\":\"PropertyValueSpecification\",\"valueRequired\":true,\"valueName\":\"search_term_string\"}}],\"inLanguage\":\"es\"},{\"@type\":\"Organization\",\"@id\":\"https:\\\/\\\/www.laguiadepamplona.com\\\/actualidad\\\/#organization\",\"name\":\"La Gu\u00eda de Pamplona \\\/ Noticias\",\"url\":\"https:\\\/\\\/www.laguiadepamplona.com\\\/actualidad\\\/\",\"logo\":{\"@type\":\"ImageObject\",\"inLanguage\":\"es\",\"@id\":\"https:\\\/\\\/www.laguiadepamplona.com\\\/actualidad\\\/#\\\/schema\\\/logo\\\/image\\\/\",\"url\":\"https:\\\/\\\/www.laguiadepamplona.com\\\/actualidad\\\/wp-content\\\/uploads\\\/2018\\\/11\\\/logo-laguiadepamplona18-web1.png\",\"contentUrl\":\"https:\\\/\\\/www.laguiadepamplona.com\\\/actualidad\\\/wp-content\\\/uploads\\\/2018\\\/11\\\/logo-laguiadepamplona18-web1.png\",\"width\":600,\"height\":196,\"caption\":\"La Gu\u00eda de Pamplona \\\/ Noticias\"},\"image\":{\"@id\":\"https:\\\/\\\/www.laguiadepamplona.com\\\/actualidad\\\/#\\\/schema\\\/logo\\\/image\\\/\"},\"sameAs\":[\"https:\\\/\\\/www.facebook.com\\\/laguiadepamplonacom-133175176762273\\\/?ref=hl\",\"https:\\\/\\\/x.com\\\/LaGuiadPamplona\",\"https:\\\/\\\/www.instagram.com\\\/la_guia_de_pamplona\\\/\",\"https:\\\/\\\/www.youtube.com\\\/user\\\/laguiadepamplona\"]},{\"@type\":\"Person\",\"@id\":\"https:\\\/\\\/www.laguiadepamplona.com\\\/actualidad\\\/#\\\/schema\\\/person\\\/efe887376f0213d4657c93adc50b1fdb\",\"name\":\"La Gu\u00eda de Pamplona\",\"image\":{\"@type\":\"ImageObject\",\"inLanguage\":\"es\",\"@id\":\"https:\\\/\\\/secure.gravatar.com\\\/avatar\\\/b6992f131dc8d30ab0dff15446e9d346d9dbd95992de0fef795073f5ea83a81c?s=96&d=mm&r=g\",\"url\":\"https:\\\/\\\/secure.gravatar.com\\\/avatar\\\/b6992f131dc8d30ab0dff15446e9d346d9dbd95992de0fef795073f5ea83a81c?s=96&d=mm&r=g\",\"contentUrl\":\"https:\\\/\\\/secure.gravatar.com\\\/avatar\\\/b6992f131dc8d30ab0dff15446e9d346d9dbd95992de0fef795073f5ea83a81c?s=96&d=mm&r=g\",\"caption\":\"La Gu\u00eda de Pamplona\"}}]}<\/script>\n<!-- \/ Yoast SEO plugin. -->","yoast_head_json":{"title":"Pamplona sube un nuevo pelda\u00f1o de la \u2018Escalerica\u2019 este jueves llevando la m\u00fasica a la calle","description":"Durante la tarde, habr\u00e1 kalejira, baile y conciertos por las calles del centro de la ciudad","robots":{"index":"index","follow":"follow","max-snippet":"max-snippet:-1","max-image-preview":"max-image-preview:large","max-video-preview":"max-video-preview:-1"},"canonical":"https:\/\/www.laguiadepamplona.com\/actualidad\/pamplona-sube-un-nuevo-peldano-de-la-escalerica-este-jueves-llevando-la-musica-a-la-calle\/","og_locale":"es_ES","og_type":"article","og_title":"Pamplona sube un nuevo pelda\u00f1o de la \u2018Escalerica\u2019 este jueves llevando la m\u00fasica a la calle","og_description":"Durante la tarde, habr\u00e1 kalejira, baile y conciertos por las calles del centro de la ciudad","og_url":"https:\/\/www.laguiadepamplona.com\/actualidad\/pamplona-sube-un-nuevo-peldano-de-la-escalerica-este-jueves-llevando-la-musica-a-la-calle\/","og_site_name":"La Gu\u00eda de Pamplona","article_publisher":"https:\/\/www.facebook.com\/laguiadepamplonacom-133175176762273\/?ref=hl","article_published_time":"2023-01-31T18:08:12+00:00","article_modified_time":"2023-04-11T09:47:19+00:00","author":"La Gu\u00eda de Pamplona","twitter_card":"summary_large_image","twitter_creator":"@LaGuiadPamplona","twitter_site":"@LaGuiadPamplona","twitter_misc":{"Escrito por":"La Gu\u00eda de Pamplona","Tiempo de lectura":"3 minutos"},"schema":{"@context":"https:\/\/schema.org","@graph":[{"@type":"Article","@id":"https:\/\/www.laguiadepamplona.com\/actualidad\/pamplona-sube-un-nuevo-peldano-de-la-escalerica-este-jueves-llevando-la-musica-a-la-calle\/#article","isPartOf":{"@id":"https:\/\/www.laguiadepamplona.com\/actualidad\/pamplona-sube-un-nuevo-peldano-de-la-escalerica-este-jueves-llevando-la-musica-a-la-calle\/"},"author":{"name":"La Gu\u00eda de Pamplona","@id":"https:\/\/www.laguiadepamplona.com\/actualidad\/#\/schema\/person\/efe887376f0213d4657c93adc50b1fdb"},"headline":"Pamplona sube un nuevo pelda\u00f1o de la \u2018Escalerica\u2019 este jueves llevando la m\u00fasica a la calle","datePublished":"2023-01-31T18:08:12+00:00","dateModified":"2023-04-11T09:47:19+00:00","mainEntityOfPage":{"@id":"https:\/\/www.laguiadepamplona.com\/actualidad\/pamplona-sube-un-nuevo-peldano-de-la-escalerica-este-jueves-llevando-la-musica-a-la-calle\/"},"wordCount":611,"commentCount":0,"publisher":{"@id":"https:\/\/www.laguiadepamplona.com\/actualidad\/#organization"},"articleSection":["Ayto Pamplona"],"inLanguage":"es","potentialAction":[{"@type":"CommentAction","name":"Comment","target":["https:\/\/www.laguiadepamplona.com\/actualidad\/pamplona-sube-un-nuevo-peldano-de-la-escalerica-este-jueves-llevando-la-musica-a-la-calle\/#respond"]}]},{"@type":"WebPage","@id":"https:\/\/www.laguiadepamplona.com\/actualidad\/pamplona-sube-un-nuevo-peldano-de-la-escalerica-este-jueves-llevando-la-musica-a-la-calle\/","url":"https:\/\/www.laguiadepamplona.com\/actualidad\/pamplona-sube-un-nuevo-peldano-de-la-escalerica-este-jueves-llevando-la-musica-a-la-calle\/","name":"Pamplona sube un nuevo pelda\u00f1o de la \u2018Escalerica\u2019 este jueves llevando la m\u00fasica a la calle","isPartOf":{"@id":"https:\/\/www.laguiadepamplona.com\/actualidad\/#website"},"datePublished":"2023-01-31T18:08:12+00:00","dateModified":"2023-04-11T09:47:19+00:00","description":"Durante la tarde, habr\u00e1 kalejira, baile y conciertos por las calles del centro de la ciudad","breadcrumb":{"@id":"https:\/\/www.laguiadepamplona.com\/actualidad\/pamplona-sube-un-nuevo-peldano-de-la-escalerica-este-jueves-llevando-la-musica-a-la-calle\/#breadcrumb"},"inLanguage":"es","potentialAction":[{"@type":"ReadAction","target":["https:\/\/www.laguiadepamplona.com\/actualidad\/pamplona-sube-un-nuevo-peldano-de-la-escalerica-este-jueves-llevando-la-musica-a-la-calle\/"]}]},{"@type":"BreadcrumbList","@id":"https:\/\/www.laguiadepamplona.com\/actualidad\/pamplona-sube-un-nuevo-peldano-de-la-escalerica-este-jueves-llevando-la-musica-a-la-calle\/#breadcrumb","itemListElement":[{"@type":"ListItem","position":1,"name":"Portada","item":"https:\/\/www.laguiadepamplona.com\/actualidad\/"},{"@type":"ListItem","position":2,"name":"Pamplona sube un nuevo pelda\u00f1o de la \u2018Escalerica\u2019 este jueves llevando la m\u00fasica a la calle"}]},{"@type":"WebSite","@id":"https:\/\/www.laguiadepamplona.com\/actualidad\/#website","url":"https:\/\/www.laguiadepamplona.com\/actualidad\/","name":"La gu\u00eda de Pamplona","description":"Noticias de Pamplona","publisher":{"@id":"https:\/\/www.laguiadepamplona.com\/actualidad\/#organization"},"potentialAction":[{"@type":"SearchAction","target":{"@type":"EntryPoint","urlTemplate":"https:\/\/www.laguiadepamplona.com\/actualidad\/?s={search_term_string}"},"query-input":{"@type":"PropertyValueSpecification","valueRequired":true,"valueName":"search_term_string"}}],"inLanguage":"es"},{"@type":"Organization","@id":"https:\/\/www.laguiadepamplona.com\/actualidad\/#organization","name":"La Gu\u00eda de Pamplona \/ Noticias","url":"https:\/\/www.laguiadepamplona.com\/actualidad\/","logo":{"@type":"ImageObject","inLanguage":"es","@id":"https:\/\/www.laguiadepamplona.com\/actualidad\/#\/schema\/logo\/image\/","url":"https:\/\/www.laguiadepamplona.com\/actualidad\/wp-content\/uploads\/2018\/11\/logo-laguiadepamplona18-web1.png","contentUrl":"https:\/\/www.laguiadepamplona.com\/actualidad\/wp-content\/uploads\/2018\/11\/logo-laguiadepamplona18-web1.png","width":600,"height":196,"caption":"La Gu\u00eda de Pamplona \/ Noticias"},"image":{"@id":"https:\/\/www.laguiadepamplona.com\/actualidad\/#\/schema\/logo\/image\/"},"sameAs":["https:\/\/www.facebook.com\/laguiadepamplonacom-133175176762273\/?ref=hl","https:\/\/x.com\/LaGuiadPamplona","https:\/\/www.instagram.com\/la_guia_de_pamplona\/","https:\/\/www.youtube.com\/user\/laguiadepamplona"]},{"@type":"Person","@id":"https:\/\/www.laguiadepamplona.com\/actualidad\/#\/schema\/person\/efe887376f0213d4657c93adc50b1fdb","name":"La Gu\u00eda de Pamplona","image":{"@type":"ImageObject","inLanguage":"es","@id":"https:\/\/secure.gravatar.com\/avatar\/b6992f131dc8d30ab0dff15446e9d346d9dbd95992de0fef795073f5ea83a81c?s=96&d=mm&r=g","url":"https:\/\/secure.gravatar.com\/avatar\/b6992f131dc8d30ab0dff15446e9d346d9dbd95992de0fef795073f5ea83a81c?s=96&d=mm&r=g","contentUrl":"https:\/\/secure.gravatar.com\/avatar\/b6992f131dc8d30ab0dff15446e9d346d9dbd95992de0fef795073f5ea83a81c?s=96&d=mm&r=g","caption":"La Gu\u00eda de Pamplona"}}]}},"post_mailing_queue_ids":[],"_links":{"self":[{"href":"https:\/\/www.laguiadepamplona.com\/actualidad\/wp-json\/wp\/v2\/posts\/42733","targetHints":{"allow":["GET"]}}],"collection":[{"href":"https:\/\/www.laguiadepamplona.com\/actualidad\/wp-json\/wp\/v2\/posts"}],"about":[{"href":"https:\/\/www.laguiadepamplona.com\/actualidad\/wp-json\/wp\/v2\/types\/post"}],"author":[{"embeddable":true,"href":"https:\/\/www.laguiadepamplona.com\/actualidad\/wp-json\/wp\/v2\/users\/1"}],"replies":[{"embeddable":true,"href":"https:\/\/www.laguiadepamplona.com\/actualidad\/wp-json\/wp\/v2\/comments?post=42733"}],"version-history":[{"count":0,"href":"https:\/\/www.laguiadepamplona.com\/actualidad\/wp-json\/wp\/v2\/posts\/42733\/revisions"}],"wp:attachment":[{"href":"https:\/\/www.laguiadepamplona.com\/actualidad\/wp-json\/wp\/v2\/media?parent=42733"}],"wp:term":[{"taxonomy":"category","embeddable":true,"href":"https:\/\/www.laguiadepamplona.com\/actualidad\/wp-json\/wp\/v2\/categories?post=42733"},{"taxonomy":"post_tag","embeddable":true,"href":"https:\/\/www.laguiadepamplona.com\/actualidad\/wp-json\/wp\/v2\/tags?post=42733"}],"curies":[{"name":"wp","href":"https:\/\/api.w.org\/{rel}","templated":true}]}}