{"id":42728,"date":"2023-01-31T19:57:19","date_gmt":"2023-01-31T17:57:19","guid":{"rendered":"https:\/\/www.laguiadepamplona.com\/actualidad\/?p=42728"},"modified":"2023-04-11T11:47:19","modified_gmt":"2023-04-11T09:47:19","slug":"la-seccion-joven-del-festival-de-cine-y-medio-ambiente-ecozine-ofrece-cortometrajes-ineditos-en-version-original-para-alumnado-de-eso-bachillerato-y-ciclos-formativos","status":"publish","type":"post","link":"https:\/\/www.laguiadepamplona.com\/actualidad\/la-seccion-joven-del-festival-de-cine-y-medio-ambiente-ecozine-ofrece-cortometrajes-ineditos-en-version-original-para-alumnado-de-eso-bachillerato-y-ciclos-formativos\/","title":{"rendered":"La Secci\u00f3n Joven del Festival de Cine y Medio Ambiente Ecozine ofrece cortometrajes in\u00e9ditos en versi\u00f3n original para alumnado de ESO, Bachillerato y ciclos formativos"},"content":{"rendered":"<h5>La sexta edici\u00f3n se celebra del 3 a 5 de abril, con sesi\u00f3n matinal doble, y los centros interesados pueden inscribirse en el tel\u00e9fono 948 420 984<\/h5>\n<p><!--more--><\/p>\n<p>El Ayuntamiento de Pamplona y la Asociaci\u00f3n Cultural Ecozine organizan la sexta edici\u00f3n de la Secci\u00f3n Joven del Festival de Cine y Medio Ambiente Ecozine. Esta secci\u00f3n del festival tendr\u00e1 lugar los d\u00edas 3, 4 y 5 de abril en Civivox Iturrama (calle Esqu\u00edroz, 24), con pases a las 10 y a las 12. La entrada es libre previa inscripci\u00f3n en el tel\u00e9fono 948 420 984 o el correo <a href=\"mailto:educacionambiental@pamplona.es\">educacionambiental@pamplona.es<\/a>. Las proyecciones est\u00e1n destinadas a alumnado de Educaci\u00f3n Secundaria, Bachillerato y ciclos formativos, y se ofertan en castellano y en euskera.<br \/>\n<script async src=\"\/\/pagead2.googlesyndication.com\/pagead\/js\/adsbygoogle.js\"><\/script><br \/>\n<!-- Noticias La Guia de Pamplona --><br \/>\n<ins class=\"adsbygoogle\"\nstyle=\"display:block\"\ndata-ad-client=\"ca-pub-6943679897239327\"\ndata-ad-slot=\"7048180777\"\ndata-ad-format=\"auto\"><\/ins><br \/>\n<script>\n(adsbygoogle = window.adsbygoogle || []).push({});\n<\/script><\/p>\n<p>El festival ofrece cortometrajes ambientales, in\u00e9ditos en Espa\u00f1a, en versi\u00f3n original subtitulada, que abordan las consecuencias de la actividad humana sobre el medio ambiente. El objetivo es que la educaci\u00f3n ambiental tenga relevancia en la poblaci\u00f3n joven, con un marcado car\u00e1cter sensibilizador: las soluciones ante los retos medioambientales dependen de las personas y de las instituciones. En las cinco ediciones anteriores, 3.122 estudiantes han visto los cortometrajes, que van acompa\u00f1ados por material adicional para trabajar en el aula.<\/p>\n<p>El festival Ecozine naci\u00f3 en Zaragoza en el a\u00f1o 2007 para incrementar la difusi\u00f3n y proyecci\u00f3n nacional e internacional de producciones audiovisuales en torno al medio ambiente. Desde el a\u00f1o 2018, cuenta con dos secciones en Pamplona: Secci\u00f3n Joven y Secci\u00f3n Oficial. Esta \u00faltima llegar\u00e1 este a\u00f1o a la ciudad del 17 al 20 de abril, en los Cines Golem Baiona, con entrada libre para cualquier persona interesada. Se proyectar\u00e1n cortometrajes y largometrajes documentales de origen internacional, seguidos de encuentros con parte del equipo de creaci\u00f3n de la pel\u00edcula.<\/p>\n<p>Las dos secciones del festival alinean con la Estrategia \u2018Go Green Pamplona\u2019, pues contribuyen en el objetivo de procurar una ciudad m\u00e1s sostenible, innovadora e inclusiva.<br \/>\n<script async src=\"\/\/pagead2.googlesyndication.com\/pagead\/js\/adsbygoogle.js\"><\/script><br \/>\n<!-- Noticias La Guia de Pamplona --><br \/>\n<ins class=\"adsbygoogle\"\nstyle=\"display:block\"\ndata-ad-client=\"ca-pub-6943679897239327\"\ndata-ad-slot=\"7048180777\"\ndata-ad-format=\"auto\"><\/ins><br \/>\n<script>\n(adsbygoogle = window.adsbygoogle || []).push({});\n<\/script><\/p>\n<p>&nbsp;<\/p>\n<h3>Festival de Cine y Medio Ambiente Ecozine<\/h3>\n<ul>\n<li>Secci\u00f3n Joven (requiere inscripci\u00f3n previa)\n<ul>\n<li>Dirigida a estudiantes de Secundaria, Bachillerato y m\u00f3dulos formativos<\/li>\n<li>Fechas: 3, 4 y 5 de abril<\/li>\n<li>Lugar: Civivox Iturrama (calle Esqu\u00edroz, 24)<\/li>\n<\/ul>\n<\/li>\n<li>Secci\u00f3n Oficial.\n<ul>\n<li>Dirigida al p\u00fablico general<\/li>\n<li>Fechas: del 17 al 20 de abril<\/li>\n<li>Lugar: Cines Golem Baiona<\/li>\n<\/ul>\n<\/li>\n<\/ul>\n","protected":false},"excerpt":{"rendered":"<p>La sexta edici\u00f3n se celebra del 3 a 5 de abril, con sesi\u00f3n matinal doble, y los centros interesados pueden inscribirse en el tel\u00e9fono 948 420 984<\/p>\n","protected":false},"author":1,"featured_media":42729,"comment_status":"open","ping_status":"closed","sticky":false,"template":"","format":"standard","meta":{"footnotes":""},"categories":[2],"tags":[],"class_list":["post-42728","post","type-post","status-publish","format-standard","has-post-thumbnail","hentry","category-ayuntamiento-pamplona"],"yoast_head":"<!-- This site is optimized with the Yoast SEO plugin v27.3 - https:\/\/yoast.com\/product\/yoast-seo-wordpress\/ -->\n<title>La Secci\u00f3n Joven del Festival de Cine y Medio Ambiente Ecozine ofrece cortometrajes in\u00e9ditos en versi\u00f3n original para alumnado de ESO, Bachillerato y ciclos formativos<\/title>\n<meta name=\"description\" content=\"La sexta edici\u00f3n se celebra del 3 a 5 de abril, con sesi\u00f3n matinal doble, y los centros interesados pueden inscribirse en el tel\u00e9fono 948 420 984\" \/>\n<meta name=\"robots\" content=\"index, follow, max-snippet:-1, max-image-preview:large, max-video-preview:-1\" \/>\n<link rel=\"canonical\" href=\"https:\/\/www.laguiadepamplona.com\/actualidad\/la-seccion-joven-del-festival-de-cine-y-medio-ambiente-ecozine-ofrece-cortometrajes-ineditos-en-version-original-para-alumnado-de-eso-bachillerato-y-ciclos-formativos\/\" \/>\n<meta property=\"og:locale\" content=\"es_ES\" \/>\n<meta property=\"og:type\" content=\"article\" \/>\n<meta property=\"og:title\" content=\"La Secci\u00f3n Joven del Festival de Cine y Medio Ambiente Ecozine ofrece cortometrajes in\u00e9ditos en versi\u00f3n original para alumnado de ESO, Bachillerato y ciclos formativos\" \/>\n<meta property=\"og:description\" content=\"La sexta edici\u00f3n se celebra del 3 a 5 de abril, con sesi\u00f3n matinal doble, y los centros interesados pueden inscribirse en el tel\u00e9fono 948 420 984\" \/>\n<meta property=\"og:url\" content=\"https:\/\/www.laguiadepamplona.com\/actualidad\/la-seccion-joven-del-festival-de-cine-y-medio-ambiente-ecozine-ofrece-cortometrajes-ineditos-en-version-original-para-alumnado-de-eso-bachillerato-y-ciclos-formativos\/\" \/>\n<meta property=\"og:site_name\" content=\"La Gu\u00eda de Pamplona\" \/>\n<meta property=\"article:publisher\" content=\"https:\/\/www.facebook.com\/laguiadepamplonacom-133175176762273\/?ref=hl\" \/>\n<meta property=\"article:published_time\" content=\"2023-01-31T17:57:19+00:00\" \/>\n<meta property=\"article:modified_time\" content=\"2023-04-11T09:47:19+00:00\" \/>\n<meta property=\"og:image\" content=\"https:\/\/www.laguiadepamplona.com\/actualidad\/wp-content\/uploads\/2023\/01\/ecozine_1.webp\" \/>\n\t<meta property=\"og:image:width\" content=\"1920\" \/>\n\t<meta property=\"og:image:height\" content=\"1280\" \/>\n\t<meta property=\"og:image:type\" content=\"image\/webp\" \/>\n<meta name=\"author\" content=\"La Gu\u00eda de Pamplona\" \/>\n<meta name=\"twitter:card\" content=\"summary_large_image\" \/>\n<meta name=\"twitter:creator\" content=\"@LaGuiadPamplona\" \/>\n<meta name=\"twitter:site\" content=\"@LaGuiadPamplona\" \/>\n<meta name=\"twitter:label1\" content=\"Escrito por\" \/>\n\t<meta name=\"twitter:data1\" content=\"La Gu\u00eda de Pamplona\" \/>\n\t<meta name=\"twitter:label2\" content=\"Tiempo de lectura\" \/>\n\t<meta name=\"twitter:data2\" content=\"2 minutos\" \/>\n<script type=\"application\/ld+json\" class=\"yoast-schema-graph\">{\"@context\":\"https:\\\/\\\/schema.org\",\"@graph\":[{\"@type\":\"Article\",\"@id\":\"https:\\\/\\\/www.laguiadepamplona.com\\\/actualidad\\\/la-seccion-joven-del-festival-de-cine-y-medio-ambiente-ecozine-ofrece-cortometrajes-ineditos-en-version-original-para-alumnado-de-eso-bachillerato-y-ciclos-formativos\\\/#article\",\"isPartOf\":{\"@id\":\"https:\\\/\\\/www.laguiadepamplona.com\\\/actualidad\\\/la-seccion-joven-del-festival-de-cine-y-medio-ambiente-ecozine-ofrece-cortometrajes-ineditos-en-version-original-para-alumnado-de-eso-bachillerato-y-ciclos-formativos\\\/\"},\"author\":{\"name\":\"La Gu\u00eda de Pamplona\",\"@id\":\"https:\\\/\\\/www.laguiadepamplona.com\\\/actualidad\\\/#\\\/schema\\\/person\\\/efe887376f0213d4657c93adc50b1fdb\"},\"headline\":\"La Secci\u00f3n Joven del Festival de Cine y Medio Ambiente Ecozine ofrece cortometrajes in\u00e9ditos en versi\u00f3n original para alumnado de ESO, Bachillerato y ciclos formativos\",\"datePublished\":\"2023-01-31T17:57:19+00:00\",\"dateModified\":\"2023-04-11T09:47:19+00:00\",\"mainEntityOfPage\":{\"@id\":\"https:\\\/\\\/www.laguiadepamplona.com\\\/actualidad\\\/la-seccion-joven-del-festival-de-cine-y-medio-ambiente-ecozine-ofrece-cortometrajes-ineditos-en-version-original-para-alumnado-de-eso-bachillerato-y-ciclos-formativos\\\/\"},\"wordCount\":405,\"commentCount\":0,\"publisher\":{\"@id\":\"https:\\\/\\\/www.laguiadepamplona.com\\\/actualidad\\\/#organization\"},\"image\":{\"@id\":\"https:\\\/\\\/www.laguiadepamplona.com\\\/actualidad\\\/la-seccion-joven-del-festival-de-cine-y-medio-ambiente-ecozine-ofrece-cortometrajes-ineditos-en-version-original-para-alumnado-de-eso-bachillerato-y-ciclos-formativos\\\/#primaryimage\"},\"thumbnailUrl\":\"https:\\\/\\\/www.laguiadepamplona.com\\\/actualidad\\\/wp-content\\\/uploads\\\/2023\\\/01\\\/ecozine_1.webp\",\"articleSection\":[\"Ayto Pamplona\"],\"inLanguage\":\"es\",\"potentialAction\":[{\"@type\":\"CommentAction\",\"name\":\"Comment\",\"target\":[\"https:\\\/\\\/www.laguiadepamplona.com\\\/actualidad\\\/la-seccion-joven-del-festival-de-cine-y-medio-ambiente-ecozine-ofrece-cortometrajes-ineditos-en-version-original-para-alumnado-de-eso-bachillerato-y-ciclos-formativos\\\/#respond\"]}]},{\"@type\":\"WebPage\",\"@id\":\"https:\\\/\\\/www.laguiadepamplona.com\\\/actualidad\\\/la-seccion-joven-del-festival-de-cine-y-medio-ambiente-ecozine-ofrece-cortometrajes-ineditos-en-version-original-para-alumnado-de-eso-bachillerato-y-ciclos-formativos\\\/\",\"url\":\"https:\\\/\\\/www.laguiadepamplona.com\\\/actualidad\\\/la-seccion-joven-del-festival-de-cine-y-medio-ambiente-ecozine-ofrece-cortometrajes-ineditos-en-version-original-para-alumnado-de-eso-bachillerato-y-ciclos-formativos\\\/\",\"name\":\"La Secci\u00f3n Joven del Festival de Cine y Medio Ambiente Ecozine ofrece cortometrajes in\u00e9ditos en versi\u00f3n original para alumnado de ESO, Bachillerato y ciclos formativos\",\"isPartOf\":{\"@id\":\"https:\\\/\\\/www.laguiadepamplona.com\\\/actualidad\\\/#website\"},\"primaryImageOfPage\":{\"@id\":\"https:\\\/\\\/www.laguiadepamplona.com\\\/actualidad\\\/la-seccion-joven-del-festival-de-cine-y-medio-ambiente-ecozine-ofrece-cortometrajes-ineditos-en-version-original-para-alumnado-de-eso-bachillerato-y-ciclos-formativos\\\/#primaryimage\"},\"image\":{\"@id\":\"https:\\\/\\\/www.laguiadepamplona.com\\\/actualidad\\\/la-seccion-joven-del-festival-de-cine-y-medio-ambiente-ecozine-ofrece-cortometrajes-ineditos-en-version-original-para-alumnado-de-eso-bachillerato-y-ciclos-formativos\\\/#primaryimage\"},\"thumbnailUrl\":\"https:\\\/\\\/www.laguiadepamplona.com\\\/actualidad\\\/wp-content\\\/uploads\\\/2023\\\/01\\\/ecozine_1.webp\",\"datePublished\":\"2023-01-31T17:57:19+00:00\",\"dateModified\":\"2023-04-11T09:47:19+00:00\",\"description\":\"La sexta edici\u00f3n se celebra del 3 a 5 de abril, con sesi\u00f3n matinal doble, y los centros interesados pueden inscribirse en el tel\u00e9fono 948 420 984\",\"breadcrumb\":{\"@id\":\"https:\\\/\\\/www.laguiadepamplona.com\\\/actualidad\\\/la-seccion-joven-del-festival-de-cine-y-medio-ambiente-ecozine-ofrece-cortometrajes-ineditos-en-version-original-para-alumnado-de-eso-bachillerato-y-ciclos-formativos\\\/#breadcrumb\"},\"inLanguage\":\"es\",\"potentialAction\":[{\"@type\":\"ReadAction\",\"target\":[\"https:\\\/\\\/www.laguiadepamplona.com\\\/actualidad\\\/la-seccion-joven-del-festival-de-cine-y-medio-ambiente-ecozine-ofrece-cortometrajes-ineditos-en-version-original-para-alumnado-de-eso-bachillerato-y-ciclos-formativos\\\/\"]}]},{\"@type\":\"ImageObject\",\"inLanguage\":\"es\",\"@id\":\"https:\\\/\\\/www.laguiadepamplona.com\\\/actualidad\\\/la-seccion-joven-del-festival-de-cine-y-medio-ambiente-ecozine-ofrece-cortometrajes-ineditos-en-version-original-para-alumnado-de-eso-bachillerato-y-ciclos-formativos\\\/#primaryimage\",\"url\":\"https:\\\/\\\/www.laguiadepamplona.com\\\/actualidad\\\/wp-content\\\/uploads\\\/2023\\\/01\\\/ecozine_1.webp\",\"contentUrl\":\"https:\\\/\\\/www.laguiadepamplona.com\\\/actualidad\\\/wp-content\\\/uploads\\\/2023\\\/01\\\/ecozine_1.webp\",\"width\":1920,\"height\":1280},{\"@type\":\"BreadcrumbList\",\"@id\":\"https:\\\/\\\/www.laguiadepamplona.com\\\/actualidad\\\/la-seccion-joven-del-festival-de-cine-y-medio-ambiente-ecozine-ofrece-cortometrajes-ineditos-en-version-original-para-alumnado-de-eso-bachillerato-y-ciclos-formativos\\\/#breadcrumb\",\"itemListElement\":[{\"@type\":\"ListItem\",\"position\":1,\"name\":\"Portada\",\"item\":\"https:\\\/\\\/www.laguiadepamplona.com\\\/actualidad\\\/\"},{\"@type\":\"ListItem\",\"position\":2,\"name\":\"La Secci\u00f3n Joven del Festival de Cine y Medio Ambiente Ecozine ofrece cortometrajes in\u00e9ditos en versi\u00f3n original para alumnado de ESO, Bachillerato y ciclos formativos\"}]},{\"@type\":\"WebSite\",\"@id\":\"https:\\\/\\\/www.laguiadepamplona.com\\\/actualidad\\\/#website\",\"url\":\"https:\\\/\\\/www.laguiadepamplona.com\\\/actualidad\\\/\",\"name\":\"La gu\u00eda de Pamplona\",\"description\":\"Noticias de Pamplona\",\"publisher\":{\"@id\":\"https:\\\/\\\/www.laguiadepamplona.com\\\/actualidad\\\/#organization\"},\"potentialAction\":[{\"@type\":\"SearchAction\",\"target\":{\"@type\":\"EntryPoint\",\"urlTemplate\":\"https:\\\/\\\/www.laguiadepamplona.com\\\/actualidad\\\/?s={search_term_string}\"},\"query-input\":{\"@type\":\"PropertyValueSpecification\",\"valueRequired\":true,\"valueName\":\"search_term_string\"}}],\"inLanguage\":\"es\"},{\"@type\":\"Organization\",\"@id\":\"https:\\\/\\\/www.laguiadepamplona.com\\\/actualidad\\\/#organization\",\"name\":\"La Gu\u00eda de Pamplona \\\/ Noticias\",\"url\":\"https:\\\/\\\/www.laguiadepamplona.com\\\/actualidad\\\/\",\"logo\":{\"@type\":\"ImageObject\",\"inLanguage\":\"es\",\"@id\":\"https:\\\/\\\/www.laguiadepamplona.com\\\/actualidad\\\/#\\\/schema\\\/logo\\\/image\\\/\",\"url\":\"https:\\\/\\\/www.laguiadepamplona.com\\\/actualidad\\\/wp-content\\\/uploads\\\/2018\\\/11\\\/logo-laguiadepamplona18-web1.png\",\"contentUrl\":\"https:\\\/\\\/www.laguiadepamplona.com\\\/actualidad\\\/wp-content\\\/uploads\\\/2018\\\/11\\\/logo-laguiadepamplona18-web1.png\",\"width\":600,\"height\":196,\"caption\":\"La Gu\u00eda de Pamplona \\\/ Noticias\"},\"image\":{\"@id\":\"https:\\\/\\\/www.laguiadepamplona.com\\\/actualidad\\\/#\\\/schema\\\/logo\\\/image\\\/\"},\"sameAs\":[\"https:\\\/\\\/www.facebook.com\\\/laguiadepamplonacom-133175176762273\\\/?ref=hl\",\"https:\\\/\\\/x.com\\\/LaGuiadPamplona\",\"https:\\\/\\\/www.instagram.com\\\/la_guia_de_pamplona\\\/\",\"https:\\\/\\\/www.youtube.com\\\/user\\\/laguiadepamplona\"]},{\"@type\":\"Person\",\"@id\":\"https:\\\/\\\/www.laguiadepamplona.com\\\/actualidad\\\/#\\\/schema\\\/person\\\/efe887376f0213d4657c93adc50b1fdb\",\"name\":\"La Gu\u00eda de Pamplona\",\"image\":{\"@type\":\"ImageObject\",\"inLanguage\":\"es\",\"@id\":\"https:\\\/\\\/secure.gravatar.com\\\/avatar\\\/b6992f131dc8d30ab0dff15446e9d346d9dbd95992de0fef795073f5ea83a81c?s=96&d=mm&r=g\",\"url\":\"https:\\\/\\\/secure.gravatar.com\\\/avatar\\\/b6992f131dc8d30ab0dff15446e9d346d9dbd95992de0fef795073f5ea83a81c?s=96&d=mm&r=g\",\"contentUrl\":\"https:\\\/\\\/secure.gravatar.com\\\/avatar\\\/b6992f131dc8d30ab0dff15446e9d346d9dbd95992de0fef795073f5ea83a81c?s=96&d=mm&r=g\",\"caption\":\"La Gu\u00eda de Pamplona\"}}]}<\/script>\n<!-- \/ Yoast SEO plugin. -->","yoast_head_json":{"title":"La Secci\u00f3n Joven del Festival de Cine y Medio Ambiente Ecozine ofrece cortometrajes in\u00e9ditos en versi\u00f3n original para alumnado de ESO, Bachillerato y ciclos formativos","description":"La sexta edici\u00f3n se celebra del 3 a 5 de abril, con sesi\u00f3n matinal doble, y los centros interesados pueden inscribirse en el tel\u00e9fono 948 420 984","robots":{"index":"index","follow":"follow","max-snippet":"max-snippet:-1","max-image-preview":"max-image-preview:large","max-video-preview":"max-video-preview:-1"},"canonical":"https:\/\/www.laguiadepamplona.com\/actualidad\/la-seccion-joven-del-festival-de-cine-y-medio-ambiente-ecozine-ofrece-cortometrajes-ineditos-en-version-original-para-alumnado-de-eso-bachillerato-y-ciclos-formativos\/","og_locale":"es_ES","og_type":"article","og_title":"La Secci\u00f3n Joven del Festival de Cine y Medio Ambiente Ecozine ofrece cortometrajes in\u00e9ditos en versi\u00f3n original para alumnado de ESO, Bachillerato y ciclos formativos","og_description":"La sexta edici\u00f3n se celebra del 3 a 5 de abril, con sesi\u00f3n matinal doble, y los centros interesados pueden inscribirse en el tel\u00e9fono 948 420 984","og_url":"https:\/\/www.laguiadepamplona.com\/actualidad\/la-seccion-joven-del-festival-de-cine-y-medio-ambiente-ecozine-ofrece-cortometrajes-ineditos-en-version-original-para-alumnado-de-eso-bachillerato-y-ciclos-formativos\/","og_site_name":"La Gu\u00eda de Pamplona","article_publisher":"https:\/\/www.facebook.com\/laguiadepamplonacom-133175176762273\/?ref=hl","article_published_time":"2023-01-31T17:57:19+00:00","article_modified_time":"2023-04-11T09:47:19+00:00","og_image":[{"width":1920,"height":1280,"url":"https:\/\/www.laguiadepamplona.com\/actualidad\/wp-content\/uploads\/2023\/01\/ecozine_1.webp","type":"image\/webp"}],"author":"La Gu\u00eda de Pamplona","twitter_card":"summary_large_image","twitter_creator":"@LaGuiadPamplona","twitter_site":"@LaGuiadPamplona","twitter_misc":{"Escrito por":"La Gu\u00eda de Pamplona","Tiempo de lectura":"2 minutos"},"schema":{"@context":"https:\/\/schema.org","@graph":[{"@type":"Article","@id":"https:\/\/www.laguiadepamplona.com\/actualidad\/la-seccion-joven-del-festival-de-cine-y-medio-ambiente-ecozine-ofrece-cortometrajes-ineditos-en-version-original-para-alumnado-de-eso-bachillerato-y-ciclos-formativos\/#article","isPartOf":{"@id":"https:\/\/www.laguiadepamplona.com\/actualidad\/la-seccion-joven-del-festival-de-cine-y-medio-ambiente-ecozine-ofrece-cortometrajes-ineditos-en-version-original-para-alumnado-de-eso-bachillerato-y-ciclos-formativos\/"},"author":{"name":"La Gu\u00eda de Pamplona","@id":"https:\/\/www.laguiadepamplona.com\/actualidad\/#\/schema\/person\/efe887376f0213d4657c93adc50b1fdb"},"headline":"La Secci\u00f3n Joven del Festival de Cine y Medio Ambiente Ecozine ofrece cortometrajes in\u00e9ditos en versi\u00f3n original para alumnado de ESO, Bachillerato y ciclos formativos","datePublished":"2023-01-31T17:57:19+00:00","dateModified":"2023-04-11T09:47:19+00:00","mainEntityOfPage":{"@id":"https:\/\/www.laguiadepamplona.com\/actualidad\/la-seccion-joven-del-festival-de-cine-y-medio-ambiente-ecozine-ofrece-cortometrajes-ineditos-en-version-original-para-alumnado-de-eso-bachillerato-y-ciclos-formativos\/"},"wordCount":405,"commentCount":0,"publisher":{"@id":"https:\/\/www.laguiadepamplona.com\/actualidad\/#organization"},"image":{"@id":"https:\/\/www.laguiadepamplona.com\/actualidad\/la-seccion-joven-del-festival-de-cine-y-medio-ambiente-ecozine-ofrece-cortometrajes-ineditos-en-version-original-para-alumnado-de-eso-bachillerato-y-ciclos-formativos\/#primaryimage"},"thumbnailUrl":"https:\/\/www.laguiadepamplona.com\/actualidad\/wp-content\/uploads\/2023\/01\/ecozine_1.webp","articleSection":["Ayto Pamplona"],"inLanguage":"es","potentialAction":[{"@type":"CommentAction","name":"Comment","target":["https:\/\/www.laguiadepamplona.com\/actualidad\/la-seccion-joven-del-festival-de-cine-y-medio-ambiente-ecozine-ofrece-cortometrajes-ineditos-en-version-original-para-alumnado-de-eso-bachillerato-y-ciclos-formativos\/#respond"]}]},{"@type":"WebPage","@id":"https:\/\/www.laguiadepamplona.com\/actualidad\/la-seccion-joven-del-festival-de-cine-y-medio-ambiente-ecozine-ofrece-cortometrajes-ineditos-en-version-original-para-alumnado-de-eso-bachillerato-y-ciclos-formativos\/","url":"https:\/\/www.laguiadepamplona.com\/actualidad\/la-seccion-joven-del-festival-de-cine-y-medio-ambiente-ecozine-ofrece-cortometrajes-ineditos-en-version-original-para-alumnado-de-eso-bachillerato-y-ciclos-formativos\/","name":"La Secci\u00f3n Joven del Festival de Cine y Medio Ambiente Ecozine ofrece cortometrajes in\u00e9ditos en versi\u00f3n original para alumnado de ESO, Bachillerato y ciclos formativos","isPartOf":{"@id":"https:\/\/www.laguiadepamplona.com\/actualidad\/#website"},"primaryImageOfPage":{"@id":"https:\/\/www.laguiadepamplona.com\/actualidad\/la-seccion-joven-del-festival-de-cine-y-medio-ambiente-ecozine-ofrece-cortometrajes-ineditos-en-version-original-para-alumnado-de-eso-bachillerato-y-ciclos-formativos\/#primaryimage"},"image":{"@id":"https:\/\/www.laguiadepamplona.com\/actualidad\/la-seccion-joven-del-festival-de-cine-y-medio-ambiente-ecozine-ofrece-cortometrajes-ineditos-en-version-original-para-alumnado-de-eso-bachillerato-y-ciclos-formativos\/#primaryimage"},"thumbnailUrl":"https:\/\/www.laguiadepamplona.com\/actualidad\/wp-content\/uploads\/2023\/01\/ecozine_1.webp","datePublished":"2023-01-31T17:57:19+00:00","dateModified":"2023-04-11T09:47:19+00:00","description":"La sexta edici\u00f3n se celebra del 3 a 5 de abril, con sesi\u00f3n matinal doble, y los centros interesados pueden inscribirse en el tel\u00e9fono 948 420 984","breadcrumb":{"@id":"https:\/\/www.laguiadepamplona.com\/actualidad\/la-seccion-joven-del-festival-de-cine-y-medio-ambiente-ecozine-ofrece-cortometrajes-ineditos-en-version-original-para-alumnado-de-eso-bachillerato-y-ciclos-formativos\/#breadcrumb"},"inLanguage":"es","potentialAction":[{"@type":"ReadAction","target":["https:\/\/www.laguiadepamplona.com\/actualidad\/la-seccion-joven-del-festival-de-cine-y-medio-ambiente-ecozine-ofrece-cortometrajes-ineditos-en-version-original-para-alumnado-de-eso-bachillerato-y-ciclos-formativos\/"]}]},{"@type":"ImageObject","inLanguage":"es","@id":"https:\/\/www.laguiadepamplona.com\/actualidad\/la-seccion-joven-del-festival-de-cine-y-medio-ambiente-ecozine-ofrece-cortometrajes-ineditos-en-version-original-para-alumnado-de-eso-bachillerato-y-ciclos-formativos\/#primaryimage","url":"https:\/\/www.laguiadepamplona.com\/actualidad\/wp-content\/uploads\/2023\/01\/ecozine_1.webp","contentUrl":"https:\/\/www.laguiadepamplona.com\/actualidad\/wp-content\/uploads\/2023\/01\/ecozine_1.webp","width":1920,"height":1280},{"@type":"BreadcrumbList","@id":"https:\/\/www.laguiadepamplona.com\/actualidad\/la-seccion-joven-del-festival-de-cine-y-medio-ambiente-ecozine-ofrece-cortometrajes-ineditos-en-version-original-para-alumnado-de-eso-bachillerato-y-ciclos-formativos\/#breadcrumb","itemListElement":[{"@type":"ListItem","position":1,"name":"Portada","item":"https:\/\/www.laguiadepamplona.com\/actualidad\/"},{"@type":"ListItem","position":2,"name":"La Secci\u00f3n Joven del Festival de Cine y Medio Ambiente Ecozine ofrece cortometrajes in\u00e9ditos en versi\u00f3n original para alumnado de ESO, Bachillerato y ciclos formativos"}]},{"@type":"WebSite","@id":"https:\/\/www.laguiadepamplona.com\/actualidad\/#website","url":"https:\/\/www.laguiadepamplona.com\/actualidad\/","name":"La gu\u00eda de Pamplona","description":"Noticias de Pamplona","publisher":{"@id":"https:\/\/www.laguiadepamplona.com\/actualidad\/#organization"},"potentialAction":[{"@type":"SearchAction","target":{"@type":"EntryPoint","urlTemplate":"https:\/\/www.laguiadepamplona.com\/actualidad\/?s={search_term_string}"},"query-input":{"@type":"PropertyValueSpecification","valueRequired":true,"valueName":"search_term_string"}}],"inLanguage":"es"},{"@type":"Organization","@id":"https:\/\/www.laguiadepamplona.com\/actualidad\/#organization","name":"La Gu\u00eda de Pamplona \/ Noticias","url":"https:\/\/www.laguiadepamplona.com\/actualidad\/","logo":{"@type":"ImageObject","inLanguage":"es","@id":"https:\/\/www.laguiadepamplona.com\/actualidad\/#\/schema\/logo\/image\/","url":"https:\/\/www.laguiadepamplona.com\/actualidad\/wp-content\/uploads\/2018\/11\/logo-laguiadepamplona18-web1.png","contentUrl":"https:\/\/www.laguiadepamplona.com\/actualidad\/wp-content\/uploads\/2018\/11\/logo-laguiadepamplona18-web1.png","width":600,"height":196,"caption":"La Gu\u00eda de Pamplona \/ Noticias"},"image":{"@id":"https:\/\/www.laguiadepamplona.com\/actualidad\/#\/schema\/logo\/image\/"},"sameAs":["https:\/\/www.facebook.com\/laguiadepamplonacom-133175176762273\/?ref=hl","https:\/\/x.com\/LaGuiadPamplona","https:\/\/www.instagram.com\/la_guia_de_pamplona\/","https:\/\/www.youtube.com\/user\/laguiadepamplona"]},{"@type":"Person","@id":"https:\/\/www.laguiadepamplona.com\/actualidad\/#\/schema\/person\/efe887376f0213d4657c93adc50b1fdb","name":"La Gu\u00eda de Pamplona","image":{"@type":"ImageObject","inLanguage":"es","@id":"https:\/\/secure.gravatar.com\/avatar\/b6992f131dc8d30ab0dff15446e9d346d9dbd95992de0fef795073f5ea83a81c?s=96&d=mm&r=g","url":"https:\/\/secure.gravatar.com\/avatar\/b6992f131dc8d30ab0dff15446e9d346d9dbd95992de0fef795073f5ea83a81c?s=96&d=mm&r=g","contentUrl":"https:\/\/secure.gravatar.com\/avatar\/b6992f131dc8d30ab0dff15446e9d346d9dbd95992de0fef795073f5ea83a81c?s=96&d=mm&r=g","caption":"La Gu\u00eda de Pamplona"}}]}},"post_mailing_queue_ids":[],"_links":{"self":[{"href":"https:\/\/www.laguiadepamplona.com\/actualidad\/wp-json\/wp\/v2\/posts\/42728","targetHints":{"allow":["GET"]}}],"collection":[{"href":"https:\/\/www.laguiadepamplona.com\/actualidad\/wp-json\/wp\/v2\/posts"}],"about":[{"href":"https:\/\/www.laguiadepamplona.com\/actualidad\/wp-json\/wp\/v2\/types\/post"}],"author":[{"embeddable":true,"href":"https:\/\/www.laguiadepamplona.com\/actualidad\/wp-json\/wp\/v2\/users\/1"}],"replies":[{"embeddable":true,"href":"https:\/\/www.laguiadepamplona.com\/actualidad\/wp-json\/wp\/v2\/comments?post=42728"}],"version-history":[{"count":0,"href":"https:\/\/www.laguiadepamplona.com\/actualidad\/wp-json\/wp\/v2\/posts\/42728\/revisions"}],"wp:featuredmedia":[{"embeddable":true,"href":"https:\/\/www.laguiadepamplona.com\/actualidad\/wp-json\/wp\/v2\/media\/42729"}],"wp:attachment":[{"href":"https:\/\/www.laguiadepamplona.com\/actualidad\/wp-json\/wp\/v2\/media?parent=42728"}],"wp:term":[{"taxonomy":"category","embeddable":true,"href":"https:\/\/www.laguiadepamplona.com\/actualidad\/wp-json\/wp\/v2\/categories?post=42728"},{"taxonomy":"post_tag","embeddable":true,"href":"https:\/\/www.laguiadepamplona.com\/actualidad\/wp-json\/wp\/v2\/tags?post=42728"}],"curies":[{"name":"wp","href":"https:\/\/api.w.org\/{rel}","templated":true}]}}