{"id":42725,"date":"2023-01-31T19:51:26","date_gmt":"2023-01-31T17:51:26","guid":{"rendered":"https:\/\/www.laguiadepamplona.com\/actualidad\/?p=42725"},"modified":"2023-04-11T11:47:19","modified_gmt":"2023-04-11T09:47:19","slug":"borrados-mas-de-5-kilometros-de-lineas-de-acera-bici-para-evitar-confusiones-e-insistir-en-el-transito-ciclista-por-carriles-bici-y-calzadas","status":"publish","type":"post","link":"https:\/\/www.laguiadepamplona.com\/actualidad\/borrados-mas-de-5-kilometros-de-lineas-de-acera-bici-para-evitar-confusiones-e-insistir-en-el-transito-ciclista-por-carriles-bici-y-calzadas\/","title":{"rendered":"Borrados m\u00e1s de 5 kil\u00f3metros de l\u00edneas de acera bici para evitar confusiones e insistir en el tr\u00e1nsito ciclista por carriles bici y calzadas"},"content":{"rendered":"<h5>El Ayuntamiento recuerda que la Ordenanza de Movilidad proh\u00edbe la circulaci\u00f3n de bicicletas por las aceras<\/h5>\n<p><!--more--><\/p>\n<p>El Ayuntamiento de Pamplona ha realizado labores de borrado de m\u00e1s de 5 kil\u00f3metros de carril bici pintado en aceras de diferentes barrios de la ciudad. De esta forma, se da cumplimiento a la Ordenanza de Movilidad, que prioriza el uso de las aceras para peatones, y se evitan las confusiones que generaba que estuviera prohibido circular por ellas, pero permanecieran los itinerarios ciclistas pintados. Estas actuaciones se han llevado a cabo a trav\u00e9s de un contrato derivado del acuerdo marco de urbanismo t\u00e1ctico para el mantenimiento de la red ciclable.<\/p>\n<p>El mayor tramo borrado ha sido el de la avenida Marcelo Celayeta, con m\u00e1s de 1.600 metros, tanto en tramos \u00fanicos como triples. En la zona se han retirado tambi\u00e9n cinco se\u00f1ales R-407 de obligatoriedad ciclista. Tambi\u00e9n se ha ejecutado el borrado de 1.170 metros de la acera bici desde la plaza de los Fueros, Sancho el Fuerte, trasera de P\u00edo XII hasta la zona de Hospitales. Asimismo, se han eliminado 200 metros en P\u00edo XII desde el cruce con Sancho el Fuerte hasta el cruce con Vuelta del Castillo, 280 metros en el paseo Jos\u00e9 Mar\u00eda Lacarra y paseo Tulebras con tramo de la avenida de Bayona y 240 metros desde la rotonda de Juan XIII, cuesta de la Reina y calle San Roque.<br \/>\n<script async src=\"\/\/pagead2.googlesyndication.com\/pagead\/js\/adsbygoogle.js\"><\/script><br \/>\n<!-- Noticias La Guia de Pamplona --><br \/>\n<ins class=\"adsbygoogle\"\nstyle=\"display:block\"\ndata-ad-client=\"ca-pub-6943679897239327\"\ndata-ad-slot=\"7048180777\"\ndata-ad-format=\"auto\"><\/ins><br \/>\n<script>\n(adsbygoogle = window.adsbygoogle || []).push({});\n<\/script><\/p>\n<p>En San Jorge se han borrado 375 metros en la calle Sanduzelai hasta el paseo Sandua y otros 400 metros en la calle Miluze. En otro tramo de medio kil\u00f3metro, en calle Ermitaga\u00f1a, paseo P\u00e9rez Goyena y Arcadio Mar\u00eda Larraona, se ha eliminado la pintura, as\u00ed como 120 metros de Navas de Tolosa, 150 en calle Ermitaga\u00f1a, desde el final de Bartolom\u00e9 de Carranza hasta el mercado, y 180 metros m\u00e1s en la avenida de Gipuzkoa. Queda pendiente para un nuevo contrato derivado del acuerdo marco de urbanismo t\u00e1ctico el borrado de aceras bici en el barrio de Mendillorri y un peque\u00f1o tramo en la calle Biurdana.<\/p>\n<p>El procedimiento empleado para borrar esas l\u00edneas ha sido el proyectado de agua a presi\u00f3n sobre la baldosa pintada. El sistema se prob\u00f3 en la acera de la cuesta de Labrit, donde se borraron las marcas existentes en 720 metros de la acera derecha en sentido subida. El procedimiento ha dado como resultado la retirada de la pintura, l\u00edneas y s\u00edmbolos bici que indicaban los itinerarios ciclistas en acera y la limpieza de la parte de las baldosas que han sido tratadas, cuyo color, ahora m\u00e1s blanco, se espera que se iguale al del resto del pavimento en las pr\u00f3ximas semanas.<br \/>\n<script async src=\"\/\/pagead2.googlesyndication.com\/pagead\/js\/adsbygoogle.js\"><\/script><br \/>\n<!-- Noticias La Guia de Pamplona --><br \/>\n<ins class=\"adsbygoogle\"\nstyle=\"display:block\"\ndata-ad-client=\"ca-pub-6943679897239327\"\ndata-ad-slot=\"7048180777\"\ndata-ad-format=\"auto\"><\/ins><br \/>\n<script>\n(adsbygoogle = window.adsbygoogle || []).push({});\n<\/script><\/p>\n<p><strong>Dos aceras bici autorizadas de manera excepcional<\/strong><\/p>\n<p>En la ciudad existen algunos tramos de acera bici que no se han borrado porque est\u00e1n expresamente autorizados, seg\u00fan contempla la Ordenanza de Movilidad. Se trata de tramos en v\u00edas de m\u00e1s de un carril de circulaci\u00f3n por sentido y limitados a 50 km\/h en los que, adem\u00e1s, no hay alternativa viable en calles paralelas.<\/p>\n<p>Es el caso, por ejemplo, de la avenida de Navarra y de la Cuesta de Beloso, que disponen de se\u00f1alizaci\u00f3n vertical que indica la habilitaci\u00f3n temporal de la acera para el tr\u00e1nsito de bicicletas y VMP a una velocidad m\u00e1xima permitida de 10 km\/h, respetando la distancia de seguridad con los peatones en el caso de rebasarlos.<br \/>\n<script async src=\"\/\/pagead2.googlesyndication.com\/pagead\/js\/adsbygoogle.js\"><\/script><br \/>\n<!-- Noticias La Guia de Pamplona --><br \/>\n<ins class=\"adsbygoogle\"\nstyle=\"display:block\"\ndata-ad-client=\"ca-pub-6943679897239327\"\ndata-ad-slot=\"7048180777\"\ndata-ad-format=\"auto\"><\/ins><br \/>\n<script>\n(adsbygoogle = window.adsbygoogle || []).push({});\n<\/script><\/p>\n<p>La Estrategia Go Green Pamplona apuesta por un cambio en la movilidad en la ciudad, con las personas peatonas en el v\u00e9rtice de la pir\u00e1mide de esa movilidad. La buena convivencia en el espacio p\u00fablico pasa porque todas las personas usuarias de las v\u00edas cumplan las normas y sean respetuosas con quienes tienen la prioridad en cada momento y son m\u00e1s vulnerables en caso de accidente. El desplazamiento peatonal es el prioritario y mayoritario y tambi\u00e9n el m\u00e1s inclusivo, ya que todas las personas lo utilizan, abarcado ni\u00f1os y ni\u00f1as, j\u00f3venes, adultos de todas las edades y personas mayores, as\u00ed como personas de todos los grupos sociales.<\/p>\n<p>Por eso es importante recordar que las aceras son de uso exclusivo para peatones y las bicicletas son veh\u00edculos que no pueden invadirlas, aunque s\u00ed tengan permitida la circulaci\u00f3n por calles peatonales y paseos, siempre respetando la prioridad peatonal, adaptando su velocidad a la de los peatones y no pudiendo rebasarlos sin mantener una distancia de seguridad de m\u00e1s de un metro, as\u00ed como guardando distancia con las fachadas de los edificios donde est\u00e1n los accesos a los mismos y a locales comerciales, siendo adem\u00e1s los itinerarios gu\u00eda para las personas ciegas.<\/p>\n","protected":false},"excerpt":{"rendered":"<p>El Ayuntamiento recuerda que la Ordenanza de Movilidad proh\u00edbe la circulaci\u00f3n de bicicletas por las aceras<\/p>\n","protected":false},"author":1,"featured_media":42726,"comment_status":"open","ping_status":"closed","sticky":false,"template":"","format":"standard","meta":{"footnotes":""},"categories":[2],"tags":[],"class_list":["post-42725","post","type-post","status-publish","format-standard","has-post-thumbnail","hentry","category-ayuntamiento-pamplona"],"yoast_head":"<!-- This site is optimized with the Yoast SEO plugin v27.3 - https:\/\/yoast.com\/product\/yoast-seo-wordpress\/ -->\n<title>Borrados m\u00e1s de 5 kil\u00f3metros de l\u00edneas de acera bici para evitar confusiones e insistir en el tr\u00e1nsito ciclista por carriles bici y calzadas<\/title>\n<meta name=\"description\" content=\"El Ayuntamiento recuerda que la Ordenanza de Movilidad proh\u00edbe la circulaci\u00f3n de bicicletas por las aceras\" \/>\n<meta name=\"robots\" content=\"index, follow, max-snippet:-1, max-image-preview:large, max-video-preview:-1\" \/>\n<link rel=\"canonical\" href=\"https:\/\/www.laguiadepamplona.com\/actualidad\/borrados-mas-de-5-kilometros-de-lineas-de-acera-bici-para-evitar-confusiones-e-insistir-en-el-transito-ciclista-por-carriles-bici-y-calzadas\/\" \/>\n<meta property=\"og:locale\" content=\"es_ES\" \/>\n<meta property=\"og:type\" content=\"article\" \/>\n<meta property=\"og:title\" content=\"Borrados m\u00e1s de 5 kil\u00f3metros de l\u00edneas de acera bici para evitar confusiones e insistir en el tr\u00e1nsito ciclista por carriles bici y calzadas\" \/>\n<meta property=\"og:description\" content=\"El Ayuntamiento recuerda que la Ordenanza de Movilidad proh\u00edbe la circulaci\u00f3n de bicicletas por las aceras\" \/>\n<meta property=\"og:url\" content=\"https:\/\/www.laguiadepamplona.com\/actualidad\/borrados-mas-de-5-kilometros-de-lineas-de-acera-bici-para-evitar-confusiones-e-insistir-en-el-transito-ciclista-por-carriles-bici-y-calzadas\/\" \/>\n<meta property=\"og:site_name\" content=\"La Gu\u00eda de Pamplona\" \/>\n<meta property=\"article:publisher\" content=\"https:\/\/www.facebook.com\/laguiadepamplonacom-133175176762273\/?ref=hl\" \/>\n<meta property=\"article:published_time\" content=\"2023-01-31T17:51:26+00:00\" \/>\n<meta property=\"article:modified_time\" content=\"2023-04-11T09:47:19+00:00\" \/>\n<meta property=\"og:image\" content=\"https:\/\/www.laguiadepamplona.com\/actualidad\/wp-content\/uploads\/2023\/01\/Borrado-en-Marcelo-Celayeta-carril-bici.webp\" \/>\n\t<meta property=\"og:image:width\" content=\"1920\" \/>\n\t<meta property=\"og:image:height\" content=\"1280\" \/>\n\t<meta property=\"og:image:type\" content=\"image\/webp\" \/>\n<meta name=\"author\" content=\"La Gu\u00eda de Pamplona\" \/>\n<meta name=\"twitter:card\" content=\"summary_large_image\" \/>\n<meta name=\"twitter:creator\" content=\"@LaGuiadPamplona\" \/>\n<meta name=\"twitter:site\" content=\"@LaGuiadPamplona\" \/>\n<meta name=\"twitter:label1\" content=\"Escrito por\" \/>\n\t<meta name=\"twitter:data1\" content=\"La Gu\u00eda de Pamplona\" \/>\n\t<meta name=\"twitter:label2\" content=\"Tiempo de lectura\" \/>\n\t<meta name=\"twitter:data2\" content=\"4 minutos\" \/>\n<script type=\"application\/ld+json\" class=\"yoast-schema-graph\">{\"@context\":\"https:\\\/\\\/schema.org\",\"@graph\":[{\"@type\":\"Article\",\"@id\":\"https:\\\/\\\/www.laguiadepamplona.com\\\/actualidad\\\/borrados-mas-de-5-kilometros-de-lineas-de-acera-bici-para-evitar-confusiones-e-insistir-en-el-transito-ciclista-por-carriles-bici-y-calzadas\\\/#article\",\"isPartOf\":{\"@id\":\"https:\\\/\\\/www.laguiadepamplona.com\\\/actualidad\\\/borrados-mas-de-5-kilometros-de-lineas-de-acera-bici-para-evitar-confusiones-e-insistir-en-el-transito-ciclista-por-carriles-bici-y-calzadas\\\/\"},\"author\":{\"name\":\"La Gu\u00eda de Pamplona\",\"@id\":\"https:\\\/\\\/www.laguiadepamplona.com\\\/actualidad\\\/#\\\/schema\\\/person\\\/efe887376f0213d4657c93adc50b1fdb\"},\"headline\":\"Borrados m\u00e1s de 5 kil\u00f3metros de l\u00edneas de acera bici para evitar confusiones e insistir en el tr\u00e1nsito ciclista por carriles bici y calzadas\",\"datePublished\":\"2023-01-31T17:51:26+00:00\",\"dateModified\":\"2023-04-11T09:47:19+00:00\",\"mainEntityOfPage\":{\"@id\":\"https:\\\/\\\/www.laguiadepamplona.com\\\/actualidad\\\/borrados-mas-de-5-kilometros-de-lineas-de-acera-bici-para-evitar-confusiones-e-insistir-en-el-transito-ciclista-por-carriles-bici-y-calzadas\\\/\"},\"wordCount\":827,\"commentCount\":0,\"publisher\":{\"@id\":\"https:\\\/\\\/www.laguiadepamplona.com\\\/actualidad\\\/#organization\"},\"image\":{\"@id\":\"https:\\\/\\\/www.laguiadepamplona.com\\\/actualidad\\\/borrados-mas-de-5-kilometros-de-lineas-de-acera-bici-para-evitar-confusiones-e-insistir-en-el-transito-ciclista-por-carriles-bici-y-calzadas\\\/#primaryimage\"},\"thumbnailUrl\":\"https:\\\/\\\/www.laguiadepamplona.com\\\/actualidad\\\/wp-content\\\/uploads\\\/2023\\\/01\\\/Borrado-en-Marcelo-Celayeta-carril-bici.webp\",\"articleSection\":[\"Ayto Pamplona\"],\"inLanguage\":\"es\",\"potentialAction\":[{\"@type\":\"CommentAction\",\"name\":\"Comment\",\"target\":[\"https:\\\/\\\/www.laguiadepamplona.com\\\/actualidad\\\/borrados-mas-de-5-kilometros-de-lineas-de-acera-bici-para-evitar-confusiones-e-insistir-en-el-transito-ciclista-por-carriles-bici-y-calzadas\\\/#respond\"]}]},{\"@type\":\"WebPage\",\"@id\":\"https:\\\/\\\/www.laguiadepamplona.com\\\/actualidad\\\/borrados-mas-de-5-kilometros-de-lineas-de-acera-bici-para-evitar-confusiones-e-insistir-en-el-transito-ciclista-por-carriles-bici-y-calzadas\\\/\",\"url\":\"https:\\\/\\\/www.laguiadepamplona.com\\\/actualidad\\\/borrados-mas-de-5-kilometros-de-lineas-de-acera-bici-para-evitar-confusiones-e-insistir-en-el-transito-ciclista-por-carriles-bici-y-calzadas\\\/\",\"name\":\"Borrados m\u00e1s de 5 kil\u00f3metros de l\u00edneas de acera bici para evitar confusiones e insistir en el tr\u00e1nsito ciclista por carriles bici y calzadas\",\"isPartOf\":{\"@id\":\"https:\\\/\\\/www.laguiadepamplona.com\\\/actualidad\\\/#website\"},\"primaryImageOfPage\":{\"@id\":\"https:\\\/\\\/www.laguiadepamplona.com\\\/actualidad\\\/borrados-mas-de-5-kilometros-de-lineas-de-acera-bici-para-evitar-confusiones-e-insistir-en-el-transito-ciclista-por-carriles-bici-y-calzadas\\\/#primaryimage\"},\"image\":{\"@id\":\"https:\\\/\\\/www.laguiadepamplona.com\\\/actualidad\\\/borrados-mas-de-5-kilometros-de-lineas-de-acera-bici-para-evitar-confusiones-e-insistir-en-el-transito-ciclista-por-carriles-bici-y-calzadas\\\/#primaryimage\"},\"thumbnailUrl\":\"https:\\\/\\\/www.laguiadepamplona.com\\\/actualidad\\\/wp-content\\\/uploads\\\/2023\\\/01\\\/Borrado-en-Marcelo-Celayeta-carril-bici.webp\",\"datePublished\":\"2023-01-31T17:51:26+00:00\",\"dateModified\":\"2023-04-11T09:47:19+00:00\",\"description\":\"El Ayuntamiento recuerda que la Ordenanza de Movilidad proh\u00edbe la circulaci\u00f3n de bicicletas por las aceras\",\"breadcrumb\":{\"@id\":\"https:\\\/\\\/www.laguiadepamplona.com\\\/actualidad\\\/borrados-mas-de-5-kilometros-de-lineas-de-acera-bici-para-evitar-confusiones-e-insistir-en-el-transito-ciclista-por-carriles-bici-y-calzadas\\\/#breadcrumb\"},\"inLanguage\":\"es\",\"potentialAction\":[{\"@type\":\"ReadAction\",\"target\":[\"https:\\\/\\\/www.laguiadepamplona.com\\\/actualidad\\\/borrados-mas-de-5-kilometros-de-lineas-de-acera-bici-para-evitar-confusiones-e-insistir-en-el-transito-ciclista-por-carriles-bici-y-calzadas\\\/\"]}]},{\"@type\":\"ImageObject\",\"inLanguage\":\"es\",\"@id\":\"https:\\\/\\\/www.laguiadepamplona.com\\\/actualidad\\\/borrados-mas-de-5-kilometros-de-lineas-de-acera-bici-para-evitar-confusiones-e-insistir-en-el-transito-ciclista-por-carriles-bici-y-calzadas\\\/#primaryimage\",\"url\":\"https:\\\/\\\/www.laguiadepamplona.com\\\/actualidad\\\/wp-content\\\/uploads\\\/2023\\\/01\\\/Borrado-en-Marcelo-Celayeta-carril-bici.webp\",\"contentUrl\":\"https:\\\/\\\/www.laguiadepamplona.com\\\/actualidad\\\/wp-content\\\/uploads\\\/2023\\\/01\\\/Borrado-en-Marcelo-Celayeta-carril-bici.webp\",\"width\":1920,\"height\":1280},{\"@type\":\"BreadcrumbList\",\"@id\":\"https:\\\/\\\/www.laguiadepamplona.com\\\/actualidad\\\/borrados-mas-de-5-kilometros-de-lineas-de-acera-bici-para-evitar-confusiones-e-insistir-en-el-transito-ciclista-por-carriles-bici-y-calzadas\\\/#breadcrumb\",\"itemListElement\":[{\"@type\":\"ListItem\",\"position\":1,\"name\":\"Portada\",\"item\":\"https:\\\/\\\/www.laguiadepamplona.com\\\/actualidad\\\/\"},{\"@type\":\"ListItem\",\"position\":2,\"name\":\"Borrados m\u00e1s de 5 kil\u00f3metros de l\u00edneas de acera bici para evitar confusiones e insistir en el tr\u00e1nsito ciclista por carriles bici y calzadas\"}]},{\"@type\":\"WebSite\",\"@id\":\"https:\\\/\\\/www.laguiadepamplona.com\\\/actualidad\\\/#website\",\"url\":\"https:\\\/\\\/www.laguiadepamplona.com\\\/actualidad\\\/\",\"name\":\"La gu\u00eda de Pamplona\",\"description\":\"Noticias de Pamplona\",\"publisher\":{\"@id\":\"https:\\\/\\\/www.laguiadepamplona.com\\\/actualidad\\\/#organization\"},\"potentialAction\":[{\"@type\":\"SearchAction\",\"target\":{\"@type\":\"EntryPoint\",\"urlTemplate\":\"https:\\\/\\\/www.laguiadepamplona.com\\\/actualidad\\\/?s={search_term_string}\"},\"query-input\":{\"@type\":\"PropertyValueSpecification\",\"valueRequired\":true,\"valueName\":\"search_term_string\"}}],\"inLanguage\":\"es\"},{\"@type\":\"Organization\",\"@id\":\"https:\\\/\\\/www.laguiadepamplona.com\\\/actualidad\\\/#organization\",\"name\":\"La Gu\u00eda de Pamplona \\\/ Noticias\",\"url\":\"https:\\\/\\\/www.laguiadepamplona.com\\\/actualidad\\\/\",\"logo\":{\"@type\":\"ImageObject\",\"inLanguage\":\"es\",\"@id\":\"https:\\\/\\\/www.laguiadepamplona.com\\\/actualidad\\\/#\\\/schema\\\/logo\\\/image\\\/\",\"url\":\"https:\\\/\\\/www.laguiadepamplona.com\\\/actualidad\\\/wp-content\\\/uploads\\\/2018\\\/11\\\/logo-laguiadepamplona18-web1.png\",\"contentUrl\":\"https:\\\/\\\/www.laguiadepamplona.com\\\/actualidad\\\/wp-content\\\/uploads\\\/2018\\\/11\\\/logo-laguiadepamplona18-web1.png\",\"width\":600,\"height\":196,\"caption\":\"La Gu\u00eda de Pamplona \\\/ Noticias\"},\"image\":{\"@id\":\"https:\\\/\\\/www.laguiadepamplona.com\\\/actualidad\\\/#\\\/schema\\\/logo\\\/image\\\/\"},\"sameAs\":[\"https:\\\/\\\/www.facebook.com\\\/laguiadepamplonacom-133175176762273\\\/?ref=hl\",\"https:\\\/\\\/x.com\\\/LaGuiadPamplona\",\"https:\\\/\\\/www.instagram.com\\\/la_guia_de_pamplona\\\/\",\"https:\\\/\\\/www.youtube.com\\\/user\\\/laguiadepamplona\"]},{\"@type\":\"Person\",\"@id\":\"https:\\\/\\\/www.laguiadepamplona.com\\\/actualidad\\\/#\\\/schema\\\/person\\\/efe887376f0213d4657c93adc50b1fdb\",\"name\":\"La Gu\u00eda de Pamplona\",\"image\":{\"@type\":\"ImageObject\",\"inLanguage\":\"es\",\"@id\":\"https:\\\/\\\/secure.gravatar.com\\\/avatar\\\/b6992f131dc8d30ab0dff15446e9d346d9dbd95992de0fef795073f5ea83a81c?s=96&d=mm&r=g\",\"url\":\"https:\\\/\\\/secure.gravatar.com\\\/avatar\\\/b6992f131dc8d30ab0dff15446e9d346d9dbd95992de0fef795073f5ea83a81c?s=96&d=mm&r=g\",\"contentUrl\":\"https:\\\/\\\/secure.gravatar.com\\\/avatar\\\/b6992f131dc8d30ab0dff15446e9d346d9dbd95992de0fef795073f5ea83a81c?s=96&d=mm&r=g\",\"caption\":\"La Gu\u00eda de Pamplona\"}}]}<\/script>\n<!-- \/ Yoast SEO plugin. -->","yoast_head_json":{"title":"Borrados m\u00e1s de 5 kil\u00f3metros de l\u00edneas de acera bici para evitar confusiones e insistir en el tr\u00e1nsito ciclista por carriles bici y calzadas","description":"El Ayuntamiento recuerda que la Ordenanza de Movilidad proh\u00edbe la circulaci\u00f3n de bicicletas por las aceras","robots":{"index":"index","follow":"follow","max-snippet":"max-snippet:-1","max-image-preview":"max-image-preview:large","max-video-preview":"max-video-preview:-1"},"canonical":"https:\/\/www.laguiadepamplona.com\/actualidad\/borrados-mas-de-5-kilometros-de-lineas-de-acera-bici-para-evitar-confusiones-e-insistir-en-el-transito-ciclista-por-carriles-bici-y-calzadas\/","og_locale":"es_ES","og_type":"article","og_title":"Borrados m\u00e1s de 5 kil\u00f3metros de l\u00edneas de acera bici para evitar confusiones e insistir en el tr\u00e1nsito ciclista por carriles bici y calzadas","og_description":"El Ayuntamiento recuerda que la Ordenanza de Movilidad proh\u00edbe la circulaci\u00f3n de bicicletas por las aceras","og_url":"https:\/\/www.laguiadepamplona.com\/actualidad\/borrados-mas-de-5-kilometros-de-lineas-de-acera-bici-para-evitar-confusiones-e-insistir-en-el-transito-ciclista-por-carriles-bici-y-calzadas\/","og_site_name":"La Gu\u00eda de Pamplona","article_publisher":"https:\/\/www.facebook.com\/laguiadepamplonacom-133175176762273\/?ref=hl","article_published_time":"2023-01-31T17:51:26+00:00","article_modified_time":"2023-04-11T09:47:19+00:00","og_image":[{"width":1920,"height":1280,"url":"https:\/\/www.laguiadepamplona.com\/actualidad\/wp-content\/uploads\/2023\/01\/Borrado-en-Marcelo-Celayeta-carril-bici.webp","type":"image\/webp"}],"author":"La Gu\u00eda de Pamplona","twitter_card":"summary_large_image","twitter_creator":"@LaGuiadPamplona","twitter_site":"@LaGuiadPamplona","twitter_misc":{"Escrito por":"La Gu\u00eda de Pamplona","Tiempo de lectura":"4 minutos"},"schema":{"@context":"https:\/\/schema.org","@graph":[{"@type":"Article","@id":"https:\/\/www.laguiadepamplona.com\/actualidad\/borrados-mas-de-5-kilometros-de-lineas-de-acera-bici-para-evitar-confusiones-e-insistir-en-el-transito-ciclista-por-carriles-bici-y-calzadas\/#article","isPartOf":{"@id":"https:\/\/www.laguiadepamplona.com\/actualidad\/borrados-mas-de-5-kilometros-de-lineas-de-acera-bici-para-evitar-confusiones-e-insistir-en-el-transito-ciclista-por-carriles-bici-y-calzadas\/"},"author":{"name":"La Gu\u00eda de Pamplona","@id":"https:\/\/www.laguiadepamplona.com\/actualidad\/#\/schema\/person\/efe887376f0213d4657c93adc50b1fdb"},"headline":"Borrados m\u00e1s de 5 kil\u00f3metros de l\u00edneas de acera bici para evitar confusiones e insistir en el tr\u00e1nsito ciclista por carriles bici y calzadas","datePublished":"2023-01-31T17:51:26+00:00","dateModified":"2023-04-11T09:47:19+00:00","mainEntityOfPage":{"@id":"https:\/\/www.laguiadepamplona.com\/actualidad\/borrados-mas-de-5-kilometros-de-lineas-de-acera-bici-para-evitar-confusiones-e-insistir-en-el-transito-ciclista-por-carriles-bici-y-calzadas\/"},"wordCount":827,"commentCount":0,"publisher":{"@id":"https:\/\/www.laguiadepamplona.com\/actualidad\/#organization"},"image":{"@id":"https:\/\/www.laguiadepamplona.com\/actualidad\/borrados-mas-de-5-kilometros-de-lineas-de-acera-bici-para-evitar-confusiones-e-insistir-en-el-transito-ciclista-por-carriles-bici-y-calzadas\/#primaryimage"},"thumbnailUrl":"https:\/\/www.laguiadepamplona.com\/actualidad\/wp-content\/uploads\/2023\/01\/Borrado-en-Marcelo-Celayeta-carril-bici.webp","articleSection":["Ayto Pamplona"],"inLanguage":"es","potentialAction":[{"@type":"CommentAction","name":"Comment","target":["https:\/\/www.laguiadepamplona.com\/actualidad\/borrados-mas-de-5-kilometros-de-lineas-de-acera-bici-para-evitar-confusiones-e-insistir-en-el-transito-ciclista-por-carriles-bici-y-calzadas\/#respond"]}]},{"@type":"WebPage","@id":"https:\/\/www.laguiadepamplona.com\/actualidad\/borrados-mas-de-5-kilometros-de-lineas-de-acera-bici-para-evitar-confusiones-e-insistir-en-el-transito-ciclista-por-carriles-bici-y-calzadas\/","url":"https:\/\/www.laguiadepamplona.com\/actualidad\/borrados-mas-de-5-kilometros-de-lineas-de-acera-bici-para-evitar-confusiones-e-insistir-en-el-transito-ciclista-por-carriles-bici-y-calzadas\/","name":"Borrados m\u00e1s de 5 kil\u00f3metros de l\u00edneas de acera bici para evitar confusiones e insistir en el tr\u00e1nsito ciclista por carriles bici y calzadas","isPartOf":{"@id":"https:\/\/www.laguiadepamplona.com\/actualidad\/#website"},"primaryImageOfPage":{"@id":"https:\/\/www.laguiadepamplona.com\/actualidad\/borrados-mas-de-5-kilometros-de-lineas-de-acera-bici-para-evitar-confusiones-e-insistir-en-el-transito-ciclista-por-carriles-bici-y-calzadas\/#primaryimage"},"image":{"@id":"https:\/\/www.laguiadepamplona.com\/actualidad\/borrados-mas-de-5-kilometros-de-lineas-de-acera-bici-para-evitar-confusiones-e-insistir-en-el-transito-ciclista-por-carriles-bici-y-calzadas\/#primaryimage"},"thumbnailUrl":"https:\/\/www.laguiadepamplona.com\/actualidad\/wp-content\/uploads\/2023\/01\/Borrado-en-Marcelo-Celayeta-carril-bici.webp","datePublished":"2023-01-31T17:51:26+00:00","dateModified":"2023-04-11T09:47:19+00:00","description":"El Ayuntamiento recuerda que la Ordenanza de Movilidad proh\u00edbe la circulaci\u00f3n de bicicletas por las aceras","breadcrumb":{"@id":"https:\/\/www.laguiadepamplona.com\/actualidad\/borrados-mas-de-5-kilometros-de-lineas-de-acera-bici-para-evitar-confusiones-e-insistir-en-el-transito-ciclista-por-carriles-bici-y-calzadas\/#breadcrumb"},"inLanguage":"es","potentialAction":[{"@type":"ReadAction","target":["https:\/\/www.laguiadepamplona.com\/actualidad\/borrados-mas-de-5-kilometros-de-lineas-de-acera-bici-para-evitar-confusiones-e-insistir-en-el-transito-ciclista-por-carriles-bici-y-calzadas\/"]}]},{"@type":"ImageObject","inLanguage":"es","@id":"https:\/\/www.laguiadepamplona.com\/actualidad\/borrados-mas-de-5-kilometros-de-lineas-de-acera-bici-para-evitar-confusiones-e-insistir-en-el-transito-ciclista-por-carriles-bici-y-calzadas\/#primaryimage","url":"https:\/\/www.laguiadepamplona.com\/actualidad\/wp-content\/uploads\/2023\/01\/Borrado-en-Marcelo-Celayeta-carril-bici.webp","contentUrl":"https:\/\/www.laguiadepamplona.com\/actualidad\/wp-content\/uploads\/2023\/01\/Borrado-en-Marcelo-Celayeta-carril-bici.webp","width":1920,"height":1280},{"@type":"BreadcrumbList","@id":"https:\/\/www.laguiadepamplona.com\/actualidad\/borrados-mas-de-5-kilometros-de-lineas-de-acera-bici-para-evitar-confusiones-e-insistir-en-el-transito-ciclista-por-carriles-bici-y-calzadas\/#breadcrumb","itemListElement":[{"@type":"ListItem","position":1,"name":"Portada","item":"https:\/\/www.laguiadepamplona.com\/actualidad\/"},{"@type":"ListItem","position":2,"name":"Borrados m\u00e1s de 5 kil\u00f3metros de l\u00edneas de acera bici para evitar confusiones e insistir en el tr\u00e1nsito ciclista por carriles bici y calzadas"}]},{"@type":"WebSite","@id":"https:\/\/www.laguiadepamplona.com\/actualidad\/#website","url":"https:\/\/www.laguiadepamplona.com\/actualidad\/","name":"La gu\u00eda de Pamplona","description":"Noticias de Pamplona","publisher":{"@id":"https:\/\/www.laguiadepamplona.com\/actualidad\/#organization"},"potentialAction":[{"@type":"SearchAction","target":{"@type":"EntryPoint","urlTemplate":"https:\/\/www.laguiadepamplona.com\/actualidad\/?s={search_term_string}"},"query-input":{"@type":"PropertyValueSpecification","valueRequired":true,"valueName":"search_term_string"}}],"inLanguage":"es"},{"@type":"Organization","@id":"https:\/\/www.laguiadepamplona.com\/actualidad\/#organization","name":"La Gu\u00eda de Pamplona \/ Noticias","url":"https:\/\/www.laguiadepamplona.com\/actualidad\/","logo":{"@type":"ImageObject","inLanguage":"es","@id":"https:\/\/www.laguiadepamplona.com\/actualidad\/#\/schema\/logo\/image\/","url":"https:\/\/www.laguiadepamplona.com\/actualidad\/wp-content\/uploads\/2018\/11\/logo-laguiadepamplona18-web1.png","contentUrl":"https:\/\/www.laguiadepamplona.com\/actualidad\/wp-content\/uploads\/2018\/11\/logo-laguiadepamplona18-web1.png","width":600,"height":196,"caption":"La Gu\u00eda de Pamplona \/ Noticias"},"image":{"@id":"https:\/\/www.laguiadepamplona.com\/actualidad\/#\/schema\/logo\/image\/"},"sameAs":["https:\/\/www.facebook.com\/laguiadepamplonacom-133175176762273\/?ref=hl","https:\/\/x.com\/LaGuiadPamplona","https:\/\/www.instagram.com\/la_guia_de_pamplona\/","https:\/\/www.youtube.com\/user\/laguiadepamplona"]},{"@type":"Person","@id":"https:\/\/www.laguiadepamplona.com\/actualidad\/#\/schema\/person\/efe887376f0213d4657c93adc50b1fdb","name":"La Gu\u00eda de Pamplona","image":{"@type":"ImageObject","inLanguage":"es","@id":"https:\/\/secure.gravatar.com\/avatar\/b6992f131dc8d30ab0dff15446e9d346d9dbd95992de0fef795073f5ea83a81c?s=96&d=mm&r=g","url":"https:\/\/secure.gravatar.com\/avatar\/b6992f131dc8d30ab0dff15446e9d346d9dbd95992de0fef795073f5ea83a81c?s=96&d=mm&r=g","contentUrl":"https:\/\/secure.gravatar.com\/avatar\/b6992f131dc8d30ab0dff15446e9d346d9dbd95992de0fef795073f5ea83a81c?s=96&d=mm&r=g","caption":"La Gu\u00eda de Pamplona"}}]}},"post_mailing_queue_ids":[],"_links":{"self":[{"href":"https:\/\/www.laguiadepamplona.com\/actualidad\/wp-json\/wp\/v2\/posts\/42725","targetHints":{"allow":["GET"]}}],"collection":[{"href":"https:\/\/www.laguiadepamplona.com\/actualidad\/wp-json\/wp\/v2\/posts"}],"about":[{"href":"https:\/\/www.laguiadepamplona.com\/actualidad\/wp-json\/wp\/v2\/types\/post"}],"author":[{"embeddable":true,"href":"https:\/\/www.laguiadepamplona.com\/actualidad\/wp-json\/wp\/v2\/users\/1"}],"replies":[{"embeddable":true,"href":"https:\/\/www.laguiadepamplona.com\/actualidad\/wp-json\/wp\/v2\/comments?post=42725"}],"version-history":[{"count":0,"href":"https:\/\/www.laguiadepamplona.com\/actualidad\/wp-json\/wp\/v2\/posts\/42725\/revisions"}],"wp:featuredmedia":[{"embeddable":true,"href":"https:\/\/www.laguiadepamplona.com\/actualidad\/wp-json\/wp\/v2\/media\/42726"}],"wp:attachment":[{"href":"https:\/\/www.laguiadepamplona.com\/actualidad\/wp-json\/wp\/v2\/media?parent=42725"}],"wp:term":[{"taxonomy":"category","embeddable":true,"href":"https:\/\/www.laguiadepamplona.com\/actualidad\/wp-json\/wp\/v2\/categories?post=42725"},{"taxonomy":"post_tag","embeddable":true,"href":"https:\/\/www.laguiadepamplona.com\/actualidad\/wp-json\/wp\/v2\/tags?post=42725"}],"curies":[{"name":"wp","href":"https:\/\/api.w.org\/{rel}","templated":true}]}}