{"id":42719,"date":"2023-01-30T17:37:11","date_gmt":"2023-01-30T15:37:11","guid":{"rendered":"https:\/\/www.laguiadepamplona.com\/actualidad\/?p=42719"},"modified":"2023-04-11T11:47:20","modified_gmt":"2023-04-11T09:47:20","slug":"el-alcalde-de-pamplona-enrique-maya-recibe-a-una-delegacion-de-conil-de-la-frontera-encabezada-por-su-alcalde-juan-manuel-bermudez","status":"publish","type":"post","link":"https:\/\/www.laguiadepamplona.com\/actualidad\/el-alcalde-de-pamplona-enrique-maya-recibe-a-una-delegacion-de-conil-de-la-frontera-encabezada-por-su-alcalde-juan-manuel-bermudez\/","title":{"rendered":"El alcalde de Pamplona, Enrique Maya, recibe a una delegaci\u00f3n de Conil de la Frontera encabezada por su alcalde, Juan Manuel Berm\u00fadez"},"content":{"rendered":"<h5>Los representantes gaditanos, que organizan en abril unas jornadas sobre Hemingway, visitan en Pamplona enclaves relacionados con el escritor<\/h5>\n<p><!--more--><\/p>\n<p>El alcalde de Pamplona, Enrique Maya, ha recibido esta ma\u00f1ana a una delegaci\u00f3n del municipio gaditano de Conil de la Frontera, encabezada por su alcalde, Juan Manuel Berm\u00fadez. En la reuni\u00f3n tambi\u00e9n han estado presentes la concejala gaditana de Cultura, Anabel Moreno, y el coordinador de unas jornadas sobre Hemingway que est\u00e1n previstas para abril, Joaqu\u00edn Recio.<br \/>\n<script async src=\"\/\/pagead2.googlesyndication.com\/pagead\/js\/adsbygoogle.js\"><\/script><br \/>\n<!-- Noticias La Guia de Pamplona --><br \/>\n<ins class=\"adsbygoogle\"\nstyle=\"display:block\"\ndata-ad-client=\"ca-pub-6943679897239327\"\ndata-ad-slot=\"7048180777\"\ndata-ad-format=\"auto\"><\/ins><br \/>\n<script>\n(adsbygoogle = window.adsbygoogle || []).push({});\n<\/script><\/p>\n<p>Los representantes de Conil han compartido con el alcalde esas jornadas que celebrar\u00e1n en el mes de abril en torno a la figura del escritor Ernest Hemingway, quien frecuent\u00f3 la zona a finales de los a\u00f1os 50. De hecho, consta que visit\u00f3 Conil en 1959, acompa\u00f1ado por el torero Antonio Ord\u00f3\u00f1ez, en cuya casa de Medina Sidonia se alojaba, para adquirir tierras en el municipio. El alcalde ha conocido de primera mano la iniciativa, a la que est\u00e1 invitada la ciudad, por su estrecha relaci\u00f3n con el escritor estadounidense.<\/p>\n<p>La delegaci\u00f3n ha visitado posteriormente los enclaves pamploneses en los que se tiene constancia de la presencia del escritor. As\u00ed, han realizado el recorrido del encierro y se han acercado hasta la catedral de Santa Mar\u00eda, la plaza de toros Monumental y el Rinc\u00f3n de Hemingway en el Caf\u00e9 Iru\u00f1a. Todos estos puntos pertenecen al recorrido hist\u00f3rico y tur\u00edstico que ofrece la ciudad.<\/p>\n","protected":false},"excerpt":{"rendered":"<p>Los representantes gaditanos, que organizan en abril unas jornadas sobre Hemingway, visitan en Pamplona enclaves relacionados con el escritor<\/p>\n","protected":false},"author":1,"featured_media":42720,"comment_status":"open","ping_status":"closed","sticky":false,"template":"","format":"standard","meta":{"footnotes":""},"categories":[2],"tags":[],"class_list":["post-42719","post","type-post","status-publish","format-standard","has-post-thumbnail","hentry","category-ayuntamiento-pamplona"],"yoast_head":"<!-- This site is optimized with the Yoast SEO plugin v27.3 - https:\/\/yoast.com\/product\/yoast-seo-wordpress\/ -->\n<title>El alcalde de Pamplona, Enrique Maya, recibe a una delegaci\u00f3n de Conil de la Frontera encabezada por su alcalde, Juan Manuel Berm\u00fadez<\/title>\n<meta name=\"description\" content=\"Los representantes gaditanos, que organizan en abril unas jornadas sobre Hemingway, visitan en Pamplona enclaves relacionados con el escritor\" \/>\n<meta name=\"robots\" content=\"index, follow, max-snippet:-1, max-image-preview:large, max-video-preview:-1\" \/>\n<link rel=\"canonical\" href=\"https:\/\/www.laguiadepamplona.com\/actualidad\/el-alcalde-de-pamplona-enrique-maya-recibe-a-una-delegacion-de-conil-de-la-frontera-encabezada-por-su-alcalde-juan-manuel-bermudez\/\" \/>\n<meta property=\"og:locale\" content=\"es_ES\" \/>\n<meta property=\"og:type\" content=\"article\" \/>\n<meta property=\"og:title\" content=\"El alcalde de Pamplona, Enrique Maya, recibe a una delegaci\u00f3n de Conil de la Frontera encabezada por su alcalde, Juan Manuel Berm\u00fadez\" \/>\n<meta property=\"og:description\" content=\"Los representantes gaditanos, que organizan en abril unas jornadas sobre Hemingway, visitan en Pamplona enclaves relacionados con el escritor\" \/>\n<meta property=\"og:url\" content=\"https:\/\/www.laguiadepamplona.com\/actualidad\/el-alcalde-de-pamplona-enrique-maya-recibe-a-una-delegacion-de-conil-de-la-frontera-encabezada-por-su-alcalde-juan-manuel-bermudez\/\" \/>\n<meta property=\"og:site_name\" content=\"La Gu\u00eda de Pamplona\" \/>\n<meta property=\"article:publisher\" content=\"https:\/\/www.facebook.com\/laguiadepamplonacom-133175176762273\/?ref=hl\" \/>\n<meta property=\"article:published_time\" content=\"2023-01-30T15:37:11+00:00\" \/>\n<meta property=\"article:modified_time\" content=\"2023-04-11T09:47:20+00:00\" \/>\n<meta property=\"og:image\" content=\"https:\/\/www.laguiadepamplona.com\/actualidad\/wp-content\/uploads\/2023\/01\/q5a6050conil23-01-30_0.webp\" \/>\n\t<meta property=\"og:image:width\" content=\"1920\" \/>\n\t<meta property=\"og:image:height\" content=\"1281\" \/>\n\t<meta property=\"og:image:type\" content=\"image\/webp\" \/>\n<meta name=\"author\" content=\"La Gu\u00eda de Pamplona\" \/>\n<meta name=\"twitter:card\" content=\"summary_large_image\" \/>\n<meta name=\"twitter:creator\" content=\"@LaGuiadPamplona\" \/>\n<meta name=\"twitter:site\" content=\"@LaGuiadPamplona\" \/>\n<meta name=\"twitter:label1\" content=\"Escrito por\" \/>\n\t<meta name=\"twitter:data1\" content=\"La Gu\u00eda de Pamplona\" \/>\n\t<meta name=\"twitter:label2\" content=\"Tiempo de lectura\" \/>\n\t<meta name=\"twitter:data2\" content=\"2 minutos\" \/>\n<script type=\"application\/ld+json\" class=\"yoast-schema-graph\">{\"@context\":\"https:\\\/\\\/schema.org\",\"@graph\":[{\"@type\":\"Article\",\"@id\":\"https:\\\/\\\/www.laguiadepamplona.com\\\/actualidad\\\/el-alcalde-de-pamplona-enrique-maya-recibe-a-una-delegacion-de-conil-de-la-frontera-encabezada-por-su-alcalde-juan-manuel-bermudez\\\/#article\",\"isPartOf\":{\"@id\":\"https:\\\/\\\/www.laguiadepamplona.com\\\/actualidad\\\/el-alcalde-de-pamplona-enrique-maya-recibe-a-una-delegacion-de-conil-de-la-frontera-encabezada-por-su-alcalde-juan-manuel-bermudez\\\/\"},\"author\":{\"name\":\"La Gu\u00eda de Pamplona\",\"@id\":\"https:\\\/\\\/www.laguiadepamplona.com\\\/actualidad\\\/#\\\/schema\\\/person\\\/efe887376f0213d4657c93adc50b1fdb\"},\"headline\":\"El alcalde de Pamplona, Enrique Maya, recibe a una delegaci\u00f3n de Conil de la Frontera encabezada por su alcalde, Juan Manuel Berm\u00fadez\",\"datePublished\":\"2023-01-30T15:37:11+00:00\",\"dateModified\":\"2023-04-11T09:47:20+00:00\",\"mainEntityOfPage\":{\"@id\":\"https:\\\/\\\/www.laguiadepamplona.com\\\/actualidad\\\/el-alcalde-de-pamplona-enrique-maya-recibe-a-una-delegacion-de-conil-de-la-frontera-encabezada-por-su-alcalde-juan-manuel-bermudez\\\/\"},\"wordCount\":268,\"commentCount\":0,\"publisher\":{\"@id\":\"https:\\\/\\\/www.laguiadepamplona.com\\\/actualidad\\\/#organization\"},\"image\":{\"@id\":\"https:\\\/\\\/www.laguiadepamplona.com\\\/actualidad\\\/el-alcalde-de-pamplona-enrique-maya-recibe-a-una-delegacion-de-conil-de-la-frontera-encabezada-por-su-alcalde-juan-manuel-bermudez\\\/#primaryimage\"},\"thumbnailUrl\":\"https:\\\/\\\/www.laguiadepamplona.com\\\/actualidad\\\/wp-content\\\/uploads\\\/2023\\\/01\\\/q5a6050conil23-01-30_0.webp\",\"articleSection\":[\"Ayto Pamplona\"],\"inLanguage\":\"es\",\"potentialAction\":[{\"@type\":\"CommentAction\",\"name\":\"Comment\",\"target\":[\"https:\\\/\\\/www.laguiadepamplona.com\\\/actualidad\\\/el-alcalde-de-pamplona-enrique-maya-recibe-a-una-delegacion-de-conil-de-la-frontera-encabezada-por-su-alcalde-juan-manuel-bermudez\\\/#respond\"]}]},{\"@type\":\"WebPage\",\"@id\":\"https:\\\/\\\/www.laguiadepamplona.com\\\/actualidad\\\/el-alcalde-de-pamplona-enrique-maya-recibe-a-una-delegacion-de-conil-de-la-frontera-encabezada-por-su-alcalde-juan-manuel-bermudez\\\/\",\"url\":\"https:\\\/\\\/www.laguiadepamplona.com\\\/actualidad\\\/el-alcalde-de-pamplona-enrique-maya-recibe-a-una-delegacion-de-conil-de-la-frontera-encabezada-por-su-alcalde-juan-manuel-bermudez\\\/\",\"name\":\"El alcalde de Pamplona, Enrique Maya, recibe a una delegaci\u00f3n de Conil de la Frontera encabezada por su alcalde, Juan Manuel Berm\u00fadez\",\"isPartOf\":{\"@id\":\"https:\\\/\\\/www.laguiadepamplona.com\\\/actualidad\\\/#website\"},\"primaryImageOfPage\":{\"@id\":\"https:\\\/\\\/www.laguiadepamplona.com\\\/actualidad\\\/el-alcalde-de-pamplona-enrique-maya-recibe-a-una-delegacion-de-conil-de-la-frontera-encabezada-por-su-alcalde-juan-manuel-bermudez\\\/#primaryimage\"},\"image\":{\"@id\":\"https:\\\/\\\/www.laguiadepamplona.com\\\/actualidad\\\/el-alcalde-de-pamplona-enrique-maya-recibe-a-una-delegacion-de-conil-de-la-frontera-encabezada-por-su-alcalde-juan-manuel-bermudez\\\/#primaryimage\"},\"thumbnailUrl\":\"https:\\\/\\\/www.laguiadepamplona.com\\\/actualidad\\\/wp-content\\\/uploads\\\/2023\\\/01\\\/q5a6050conil23-01-30_0.webp\",\"datePublished\":\"2023-01-30T15:37:11+00:00\",\"dateModified\":\"2023-04-11T09:47:20+00:00\",\"description\":\"Los representantes gaditanos, que organizan en abril unas jornadas sobre Hemingway, visitan en Pamplona enclaves relacionados con el escritor\",\"breadcrumb\":{\"@id\":\"https:\\\/\\\/www.laguiadepamplona.com\\\/actualidad\\\/el-alcalde-de-pamplona-enrique-maya-recibe-a-una-delegacion-de-conil-de-la-frontera-encabezada-por-su-alcalde-juan-manuel-bermudez\\\/#breadcrumb\"},\"inLanguage\":\"es\",\"potentialAction\":[{\"@type\":\"ReadAction\",\"target\":[\"https:\\\/\\\/www.laguiadepamplona.com\\\/actualidad\\\/el-alcalde-de-pamplona-enrique-maya-recibe-a-una-delegacion-de-conil-de-la-frontera-encabezada-por-su-alcalde-juan-manuel-bermudez\\\/\"]}]},{\"@type\":\"ImageObject\",\"inLanguage\":\"es\",\"@id\":\"https:\\\/\\\/www.laguiadepamplona.com\\\/actualidad\\\/el-alcalde-de-pamplona-enrique-maya-recibe-a-una-delegacion-de-conil-de-la-frontera-encabezada-por-su-alcalde-juan-manuel-bermudez\\\/#primaryimage\",\"url\":\"https:\\\/\\\/www.laguiadepamplona.com\\\/actualidad\\\/wp-content\\\/uploads\\\/2023\\\/01\\\/q5a6050conil23-01-30_0.webp\",\"contentUrl\":\"https:\\\/\\\/www.laguiadepamplona.com\\\/actualidad\\\/wp-content\\\/uploads\\\/2023\\\/01\\\/q5a6050conil23-01-30_0.webp\",\"width\":1920,\"height\":1281},{\"@type\":\"BreadcrumbList\",\"@id\":\"https:\\\/\\\/www.laguiadepamplona.com\\\/actualidad\\\/el-alcalde-de-pamplona-enrique-maya-recibe-a-una-delegacion-de-conil-de-la-frontera-encabezada-por-su-alcalde-juan-manuel-bermudez\\\/#breadcrumb\",\"itemListElement\":[{\"@type\":\"ListItem\",\"position\":1,\"name\":\"Portada\",\"item\":\"https:\\\/\\\/www.laguiadepamplona.com\\\/actualidad\\\/\"},{\"@type\":\"ListItem\",\"position\":2,\"name\":\"El alcalde de Pamplona, Enrique Maya, recibe a una delegaci\u00f3n de Conil de la Frontera encabezada por su alcalde, Juan Manuel Berm\u00fadez\"}]},{\"@type\":\"WebSite\",\"@id\":\"https:\\\/\\\/www.laguiadepamplona.com\\\/actualidad\\\/#website\",\"url\":\"https:\\\/\\\/www.laguiadepamplona.com\\\/actualidad\\\/\",\"name\":\"La gu\u00eda de Pamplona\",\"description\":\"Noticias de Pamplona\",\"publisher\":{\"@id\":\"https:\\\/\\\/www.laguiadepamplona.com\\\/actualidad\\\/#organization\"},\"potentialAction\":[{\"@type\":\"SearchAction\",\"target\":{\"@type\":\"EntryPoint\",\"urlTemplate\":\"https:\\\/\\\/www.laguiadepamplona.com\\\/actualidad\\\/?s={search_term_string}\"},\"query-input\":{\"@type\":\"PropertyValueSpecification\",\"valueRequired\":true,\"valueName\":\"search_term_string\"}}],\"inLanguage\":\"es\"},{\"@type\":\"Organization\",\"@id\":\"https:\\\/\\\/www.laguiadepamplona.com\\\/actualidad\\\/#organization\",\"name\":\"La Gu\u00eda de Pamplona \\\/ Noticias\",\"url\":\"https:\\\/\\\/www.laguiadepamplona.com\\\/actualidad\\\/\",\"logo\":{\"@type\":\"ImageObject\",\"inLanguage\":\"es\",\"@id\":\"https:\\\/\\\/www.laguiadepamplona.com\\\/actualidad\\\/#\\\/schema\\\/logo\\\/image\\\/\",\"url\":\"https:\\\/\\\/www.laguiadepamplona.com\\\/actualidad\\\/wp-content\\\/uploads\\\/2018\\\/11\\\/logo-laguiadepamplona18-web1.png\",\"contentUrl\":\"https:\\\/\\\/www.laguiadepamplona.com\\\/actualidad\\\/wp-content\\\/uploads\\\/2018\\\/11\\\/logo-laguiadepamplona18-web1.png\",\"width\":600,\"height\":196,\"caption\":\"La Gu\u00eda de Pamplona \\\/ Noticias\"},\"image\":{\"@id\":\"https:\\\/\\\/www.laguiadepamplona.com\\\/actualidad\\\/#\\\/schema\\\/logo\\\/image\\\/\"},\"sameAs\":[\"https:\\\/\\\/www.facebook.com\\\/laguiadepamplonacom-133175176762273\\\/?ref=hl\",\"https:\\\/\\\/x.com\\\/LaGuiadPamplona\",\"https:\\\/\\\/www.instagram.com\\\/la_guia_de_pamplona\\\/\",\"https:\\\/\\\/www.youtube.com\\\/user\\\/laguiadepamplona\"]},{\"@type\":\"Person\",\"@id\":\"https:\\\/\\\/www.laguiadepamplona.com\\\/actualidad\\\/#\\\/schema\\\/person\\\/efe887376f0213d4657c93adc50b1fdb\",\"name\":\"La Gu\u00eda de Pamplona\",\"image\":{\"@type\":\"ImageObject\",\"inLanguage\":\"es\",\"@id\":\"https:\\\/\\\/secure.gravatar.com\\\/avatar\\\/b6992f131dc8d30ab0dff15446e9d346d9dbd95992de0fef795073f5ea83a81c?s=96&d=mm&r=g\",\"url\":\"https:\\\/\\\/secure.gravatar.com\\\/avatar\\\/b6992f131dc8d30ab0dff15446e9d346d9dbd95992de0fef795073f5ea83a81c?s=96&d=mm&r=g\",\"contentUrl\":\"https:\\\/\\\/secure.gravatar.com\\\/avatar\\\/b6992f131dc8d30ab0dff15446e9d346d9dbd95992de0fef795073f5ea83a81c?s=96&d=mm&r=g\",\"caption\":\"La Gu\u00eda de Pamplona\"}}]}<\/script>\n<!-- \/ Yoast SEO plugin. -->","yoast_head_json":{"title":"El alcalde de Pamplona, Enrique Maya, recibe a una delegaci\u00f3n de Conil de la Frontera encabezada por su alcalde, Juan Manuel Berm\u00fadez","description":"Los representantes gaditanos, que organizan en abril unas jornadas sobre Hemingway, visitan en Pamplona enclaves relacionados con el escritor","robots":{"index":"index","follow":"follow","max-snippet":"max-snippet:-1","max-image-preview":"max-image-preview:large","max-video-preview":"max-video-preview:-1"},"canonical":"https:\/\/www.laguiadepamplona.com\/actualidad\/el-alcalde-de-pamplona-enrique-maya-recibe-a-una-delegacion-de-conil-de-la-frontera-encabezada-por-su-alcalde-juan-manuel-bermudez\/","og_locale":"es_ES","og_type":"article","og_title":"El alcalde de Pamplona, Enrique Maya, recibe a una delegaci\u00f3n de Conil de la Frontera encabezada por su alcalde, Juan Manuel Berm\u00fadez","og_description":"Los representantes gaditanos, que organizan en abril unas jornadas sobre Hemingway, visitan en Pamplona enclaves relacionados con el escritor","og_url":"https:\/\/www.laguiadepamplona.com\/actualidad\/el-alcalde-de-pamplona-enrique-maya-recibe-a-una-delegacion-de-conil-de-la-frontera-encabezada-por-su-alcalde-juan-manuel-bermudez\/","og_site_name":"La Gu\u00eda de Pamplona","article_publisher":"https:\/\/www.facebook.com\/laguiadepamplonacom-133175176762273\/?ref=hl","article_published_time":"2023-01-30T15:37:11+00:00","article_modified_time":"2023-04-11T09:47:20+00:00","og_image":[{"width":1920,"height":1281,"url":"https:\/\/www.laguiadepamplona.com\/actualidad\/wp-content\/uploads\/2023\/01\/q5a6050conil23-01-30_0.webp","type":"image\/webp"}],"author":"La Gu\u00eda de Pamplona","twitter_card":"summary_large_image","twitter_creator":"@LaGuiadPamplona","twitter_site":"@LaGuiadPamplona","twitter_misc":{"Escrito por":"La Gu\u00eda de Pamplona","Tiempo de lectura":"2 minutos"},"schema":{"@context":"https:\/\/schema.org","@graph":[{"@type":"Article","@id":"https:\/\/www.laguiadepamplona.com\/actualidad\/el-alcalde-de-pamplona-enrique-maya-recibe-a-una-delegacion-de-conil-de-la-frontera-encabezada-por-su-alcalde-juan-manuel-bermudez\/#article","isPartOf":{"@id":"https:\/\/www.laguiadepamplona.com\/actualidad\/el-alcalde-de-pamplona-enrique-maya-recibe-a-una-delegacion-de-conil-de-la-frontera-encabezada-por-su-alcalde-juan-manuel-bermudez\/"},"author":{"name":"La Gu\u00eda de Pamplona","@id":"https:\/\/www.laguiadepamplona.com\/actualidad\/#\/schema\/person\/efe887376f0213d4657c93adc50b1fdb"},"headline":"El alcalde de Pamplona, Enrique Maya, recibe a una delegaci\u00f3n de Conil de la Frontera encabezada por su alcalde, Juan Manuel Berm\u00fadez","datePublished":"2023-01-30T15:37:11+00:00","dateModified":"2023-04-11T09:47:20+00:00","mainEntityOfPage":{"@id":"https:\/\/www.laguiadepamplona.com\/actualidad\/el-alcalde-de-pamplona-enrique-maya-recibe-a-una-delegacion-de-conil-de-la-frontera-encabezada-por-su-alcalde-juan-manuel-bermudez\/"},"wordCount":268,"commentCount":0,"publisher":{"@id":"https:\/\/www.laguiadepamplona.com\/actualidad\/#organization"},"image":{"@id":"https:\/\/www.laguiadepamplona.com\/actualidad\/el-alcalde-de-pamplona-enrique-maya-recibe-a-una-delegacion-de-conil-de-la-frontera-encabezada-por-su-alcalde-juan-manuel-bermudez\/#primaryimage"},"thumbnailUrl":"https:\/\/www.laguiadepamplona.com\/actualidad\/wp-content\/uploads\/2023\/01\/q5a6050conil23-01-30_0.webp","articleSection":["Ayto Pamplona"],"inLanguage":"es","potentialAction":[{"@type":"CommentAction","name":"Comment","target":["https:\/\/www.laguiadepamplona.com\/actualidad\/el-alcalde-de-pamplona-enrique-maya-recibe-a-una-delegacion-de-conil-de-la-frontera-encabezada-por-su-alcalde-juan-manuel-bermudez\/#respond"]}]},{"@type":"WebPage","@id":"https:\/\/www.laguiadepamplona.com\/actualidad\/el-alcalde-de-pamplona-enrique-maya-recibe-a-una-delegacion-de-conil-de-la-frontera-encabezada-por-su-alcalde-juan-manuel-bermudez\/","url":"https:\/\/www.laguiadepamplona.com\/actualidad\/el-alcalde-de-pamplona-enrique-maya-recibe-a-una-delegacion-de-conil-de-la-frontera-encabezada-por-su-alcalde-juan-manuel-bermudez\/","name":"El alcalde de Pamplona, Enrique Maya, recibe a una delegaci\u00f3n de Conil de la Frontera encabezada por su alcalde, Juan Manuel Berm\u00fadez","isPartOf":{"@id":"https:\/\/www.laguiadepamplona.com\/actualidad\/#website"},"primaryImageOfPage":{"@id":"https:\/\/www.laguiadepamplona.com\/actualidad\/el-alcalde-de-pamplona-enrique-maya-recibe-a-una-delegacion-de-conil-de-la-frontera-encabezada-por-su-alcalde-juan-manuel-bermudez\/#primaryimage"},"image":{"@id":"https:\/\/www.laguiadepamplona.com\/actualidad\/el-alcalde-de-pamplona-enrique-maya-recibe-a-una-delegacion-de-conil-de-la-frontera-encabezada-por-su-alcalde-juan-manuel-bermudez\/#primaryimage"},"thumbnailUrl":"https:\/\/www.laguiadepamplona.com\/actualidad\/wp-content\/uploads\/2023\/01\/q5a6050conil23-01-30_0.webp","datePublished":"2023-01-30T15:37:11+00:00","dateModified":"2023-04-11T09:47:20+00:00","description":"Los representantes gaditanos, que organizan en abril unas jornadas sobre Hemingway, visitan en Pamplona enclaves relacionados con el escritor","breadcrumb":{"@id":"https:\/\/www.laguiadepamplona.com\/actualidad\/el-alcalde-de-pamplona-enrique-maya-recibe-a-una-delegacion-de-conil-de-la-frontera-encabezada-por-su-alcalde-juan-manuel-bermudez\/#breadcrumb"},"inLanguage":"es","potentialAction":[{"@type":"ReadAction","target":["https:\/\/www.laguiadepamplona.com\/actualidad\/el-alcalde-de-pamplona-enrique-maya-recibe-a-una-delegacion-de-conil-de-la-frontera-encabezada-por-su-alcalde-juan-manuel-bermudez\/"]}]},{"@type":"ImageObject","inLanguage":"es","@id":"https:\/\/www.laguiadepamplona.com\/actualidad\/el-alcalde-de-pamplona-enrique-maya-recibe-a-una-delegacion-de-conil-de-la-frontera-encabezada-por-su-alcalde-juan-manuel-bermudez\/#primaryimage","url":"https:\/\/www.laguiadepamplona.com\/actualidad\/wp-content\/uploads\/2023\/01\/q5a6050conil23-01-30_0.webp","contentUrl":"https:\/\/www.laguiadepamplona.com\/actualidad\/wp-content\/uploads\/2023\/01\/q5a6050conil23-01-30_0.webp","width":1920,"height":1281},{"@type":"BreadcrumbList","@id":"https:\/\/www.laguiadepamplona.com\/actualidad\/el-alcalde-de-pamplona-enrique-maya-recibe-a-una-delegacion-de-conil-de-la-frontera-encabezada-por-su-alcalde-juan-manuel-bermudez\/#breadcrumb","itemListElement":[{"@type":"ListItem","position":1,"name":"Portada","item":"https:\/\/www.laguiadepamplona.com\/actualidad\/"},{"@type":"ListItem","position":2,"name":"El alcalde de Pamplona, Enrique Maya, recibe a una delegaci\u00f3n de Conil de la Frontera encabezada por su alcalde, Juan Manuel Berm\u00fadez"}]},{"@type":"WebSite","@id":"https:\/\/www.laguiadepamplona.com\/actualidad\/#website","url":"https:\/\/www.laguiadepamplona.com\/actualidad\/","name":"La gu\u00eda de Pamplona","description":"Noticias de Pamplona","publisher":{"@id":"https:\/\/www.laguiadepamplona.com\/actualidad\/#organization"},"potentialAction":[{"@type":"SearchAction","target":{"@type":"EntryPoint","urlTemplate":"https:\/\/www.laguiadepamplona.com\/actualidad\/?s={search_term_string}"},"query-input":{"@type":"PropertyValueSpecification","valueRequired":true,"valueName":"search_term_string"}}],"inLanguage":"es"},{"@type":"Organization","@id":"https:\/\/www.laguiadepamplona.com\/actualidad\/#organization","name":"La Gu\u00eda de Pamplona \/ Noticias","url":"https:\/\/www.laguiadepamplona.com\/actualidad\/","logo":{"@type":"ImageObject","inLanguage":"es","@id":"https:\/\/www.laguiadepamplona.com\/actualidad\/#\/schema\/logo\/image\/","url":"https:\/\/www.laguiadepamplona.com\/actualidad\/wp-content\/uploads\/2018\/11\/logo-laguiadepamplona18-web1.png","contentUrl":"https:\/\/www.laguiadepamplona.com\/actualidad\/wp-content\/uploads\/2018\/11\/logo-laguiadepamplona18-web1.png","width":600,"height":196,"caption":"La Gu\u00eda de Pamplona \/ Noticias"},"image":{"@id":"https:\/\/www.laguiadepamplona.com\/actualidad\/#\/schema\/logo\/image\/"},"sameAs":["https:\/\/www.facebook.com\/laguiadepamplonacom-133175176762273\/?ref=hl","https:\/\/x.com\/LaGuiadPamplona","https:\/\/www.instagram.com\/la_guia_de_pamplona\/","https:\/\/www.youtube.com\/user\/laguiadepamplona"]},{"@type":"Person","@id":"https:\/\/www.laguiadepamplona.com\/actualidad\/#\/schema\/person\/efe887376f0213d4657c93adc50b1fdb","name":"La Gu\u00eda de Pamplona","image":{"@type":"ImageObject","inLanguage":"es","@id":"https:\/\/secure.gravatar.com\/avatar\/b6992f131dc8d30ab0dff15446e9d346d9dbd95992de0fef795073f5ea83a81c?s=96&d=mm&r=g","url":"https:\/\/secure.gravatar.com\/avatar\/b6992f131dc8d30ab0dff15446e9d346d9dbd95992de0fef795073f5ea83a81c?s=96&d=mm&r=g","contentUrl":"https:\/\/secure.gravatar.com\/avatar\/b6992f131dc8d30ab0dff15446e9d346d9dbd95992de0fef795073f5ea83a81c?s=96&d=mm&r=g","caption":"La Gu\u00eda de Pamplona"}}]}},"post_mailing_queue_ids":[],"_links":{"self":[{"href":"https:\/\/www.laguiadepamplona.com\/actualidad\/wp-json\/wp\/v2\/posts\/42719","targetHints":{"allow":["GET"]}}],"collection":[{"href":"https:\/\/www.laguiadepamplona.com\/actualidad\/wp-json\/wp\/v2\/posts"}],"about":[{"href":"https:\/\/www.laguiadepamplona.com\/actualidad\/wp-json\/wp\/v2\/types\/post"}],"author":[{"embeddable":true,"href":"https:\/\/www.laguiadepamplona.com\/actualidad\/wp-json\/wp\/v2\/users\/1"}],"replies":[{"embeddable":true,"href":"https:\/\/www.laguiadepamplona.com\/actualidad\/wp-json\/wp\/v2\/comments?post=42719"}],"version-history":[{"count":0,"href":"https:\/\/www.laguiadepamplona.com\/actualidad\/wp-json\/wp\/v2\/posts\/42719\/revisions"}],"wp:featuredmedia":[{"embeddable":true,"href":"https:\/\/www.laguiadepamplona.com\/actualidad\/wp-json\/wp\/v2\/media\/42720"}],"wp:attachment":[{"href":"https:\/\/www.laguiadepamplona.com\/actualidad\/wp-json\/wp\/v2\/media?parent=42719"}],"wp:term":[{"taxonomy":"category","embeddable":true,"href":"https:\/\/www.laguiadepamplona.com\/actualidad\/wp-json\/wp\/v2\/categories?post=42719"},{"taxonomy":"post_tag","embeddable":true,"href":"https:\/\/www.laguiadepamplona.com\/actualidad\/wp-json\/wp\/v2\/tags?post=42719"}],"curies":[{"name":"wp","href":"https:\/\/api.w.org\/{rel}","templated":true}]}}