{"id":42713,"date":"2023-01-30T14:14:31","date_gmt":"2023-01-30T12:14:31","guid":{"rendered":"https:\/\/www.laguiadepamplona.com\/actualidad\/?p=42713"},"modified":"2023-04-11T11:47:20","modified_gmt":"2023-04-11T09:47:20","slug":"plazas-disponibles-en-los-talleres-trabajar-el-bienestar-personal-mejorar-la-comunicacion-interpersonal-y-entender-la-depresion-dirigidos-a-mayo","status":"publish","type":"post","link":"https:\/\/www.laguiadepamplona.com\/actualidad\/plazas-disponibles-en-los-talleres-trabajar-el-bienestar-personal-mejorar-la-comunicacion-interpersonal-y-entender-la-depresion-dirigidos-a-mayo\/","title":{"rendered":"Plazas disponibles en los talleres \u2018Trabajar el bienestar personal\u2019, \u2018Mejorar la comunicaci\u00f3n interpersonal\u2019 y \u2018Entender la depresi\u00f3n\u2019, dirigidos a mayores de 65 a\u00f1os"},"content":{"rendered":"<h5>Los talleres son gratuitos, un d\u00eda a la semana en horario de 10 a 12, y las plazas se completan por orden de llamada en el tel\u00e9fono 948 24 30 40<\/h5>\n<p><!--more--><\/p>\n<p>El Ayuntamiento de Pamplona ofrece diversos talleres para mayores de 65 a\u00f1os que cuentan con plazas disponibles. Se trata de \u2018Trabajar el bienestar personal\u2019, \u2018Mejorar la comunicaci\u00f3n interpersonal\u2019 y \u2018Entender la depresi\u00f3n\u2019, que se ofrecen dentro de la estrategia \u2018Pamplona te cuida\u2019, que aglutina la oferta de actividades, servicios y prestaciones municipales dirigidas a las personas mayores.<\/p>\n<p>Todos los talleres son gratuitos y las plazas se completan por orden de llamada al tel\u00e9fono 948 24 30 40, con preferencia para las personas empadronadas en la ciudad. El horario es de ma\u00f1ana, entre las 10 y las 12 horas, y cada taller consta de varias sesiones, entre tres y cuatro. Los talleres los organiza el Ayuntamiento de Pamplona en colaboraci\u00f3n con el Gobierno de Navarra.<br \/>\n<script async src=\"\/\/pagead2.googlesyndication.com\/pagead\/js\/adsbygoogle.js\"><\/script><br \/>\n<!-- Noticias La Guia de Pamplona --><br \/>\n<ins class=\"adsbygoogle\"\nstyle=\"display:block\"\ndata-ad-client=\"ca-pub-6943679897239327\"\ndata-ad-slot=\"7048180777\"\ndata-ad-format=\"auto\"><\/ins><br \/>\n<script>\n(adsbygoogle = window.adsbygoogle || []).push({});\n<\/script><\/p>\n<p>El taller \u2018Trabajar el bienestar personal\u2019 aborda el autocuidado personal, buscando mejorar el trato hacia la propia persona y afrontar los pensamientos limitantes. Tambi\u00e9n trata las relaciones sociales saludables y la forma de aportar a la sociedad a partir de las experiencias de cada persona. Las sesiones, con un total de 8 horas, ser\u00e1n los martes 31 de enero y 7, 14 y 21 de febrero, en el Local Intergeneracional de Santa Mar\u00eda la Real (calle Mutilva Baja 19).<\/p>\n<p>Otro de los talleres es \u2018Entender la depresi\u00f3n\u2019, que intenta prevenir este trastorno y aportar recursos para sobrellevarlo una vez que aparece, trabajando los pensamientos ante situaciones complicadas y la influencia del entorno social. Este taller se desarrolla los lunes 6, 13, 20 y 27 de febrero, en el Centro San Juan Bosco (calle San Juan Bosco 15).<\/p>\n<p>El tercer taller, \u2018Mejorar la comunicaci\u00f3n interpersonal\u2019, se centra en reforzar las formas de comunicaci\u00f3n de cada persona, c\u00f3mo entender y hacerse entender, y la importancia del lenguaje no verbal. Las fechas en este caso son los martes 7, 14, 21 y 28 de febrero, Civivox Jus La Rocha (Paseo de los Enamorados 37).<br \/>\n<script async src=\"\/\/pagead2.googlesyndication.com\/pagead\/js\/adsbygoogle.js\"><\/script><br \/>\n<!-- Noticias La Guia de Pamplona --><br \/>\n<ins class=\"adsbygoogle\"\nstyle=\"display:block\"\ndata-ad-client=\"ca-pub-6943679897239327\"\ndata-ad-slot=\"7048180777\"\ndata-ad-format=\"auto\"><\/ins><br \/>\n<script>\n(adsbygoogle = window.adsbygoogle || []).push({});\n<\/script><\/p>\n<p>&nbsp;<\/p>\n<h3>Talleres Gratuitos \u2018Pamplona Te Cuida\u2019. Para Mayores de 65<\/h3>\n<ul>\n<li>\u2018Trabajar el bienestar personal\u2019\n<ul>\n<li>Fechas: 31 de enero, 7, 14 y 21 de febrero (martes)<\/li>\n<li>Horario: 10 a 12 horas<\/li>\n<li>Lugar: Local Intergeneracional de Santa Mar\u00eda la Real (calle Mutilva Baja 19)<\/li>\n<\/ul>\n<\/li>\n<li>\u2018Entender la depresi\u00f3n\u2019\n<ul>\n<li>Fechas: 6, 13, 20 y 27 de febrero (lunes)<\/li>\n<li>Horario: 10 a 12 horas<\/li>\n<li>Lugar: Centro San Juan Bosco (calle San Juan Bosco 15)<\/li>\n<\/ul>\n<\/li>\n<li>\u2018Mejorar la comunicaci\u00f3n interpersonal\u2019\n<ul>\n<li>Fechas: 7, 14, 21 y 28 de febrero (martes)<\/li>\n<li>Horario: 10 a 12 horas<\/li>\n<li>Lugar: Civivox Jus La Rocha (Paseo de los Enamorados 37)<\/li>\n<\/ul>\n<\/li>\n<\/ul>\n<p>&nbsp;<br \/>\n[qodef_button size=\u00bblarge\u00bb type=\u00bb\u00bb text=\u00bbBienestar personal 2023.pdf\u00bb custom_class=\u00bb\u00bb icon_pack=\u00bbfont_elegant\u00bb fa_icon=\u00bbicon_download\u00bb link=\u00bbhttps:\/\/www.pamplona.es\/sites\/default\/files\/2023-01\/cartel-bienestar-personal-2023.pdf\u00bb target=\u00bb_blank\u00bb color=\u00bbffffff\u00bb hover_color=\u00bb\u00bb background_color=\u00bb\u00bb hover_background_color=\u00bb\u00bb border_color=\u00bb\u00bb hover_border_color=\u00bb\u00bb font_size=\u00bb\u00bb font_weight=\u00bb\u00bb margin=\u00bb\u00bb]\n&nbsp;<br \/>\n[qodef_button size=\u00bblarge\u00bb type=\u00bb\u00bb text=\u00bbComunicaci\u00f3n interpersonal 2023.pdf\u00bb custom_class=\u00bb\u00bb icon_pack=\u00bbfont_elegant\u00bb fa_icon=\u00bbicon_download\u00bb link=\u00bbhttps:\/\/www.pamplona.es\/sites\/default\/files\/2023-01\/cartel-comunicacion-interpersonal2023.pdf\u00bb target=\u00bb_blank\u00bb color=\u00bbffffff\u00bb hover_color=\u00bb\u00bb background_color=\u00bb\u00bb hover_background_color=\u00bb\u00bb border_color=\u00bb\u00bb hover_border_color=\u00bb\u00bb font_size=\u00bb\u00bb font_weight=\u00bb\u00bb margin=\u00bb\u00bb]\n&nbsp;<br \/>\n[qodef_button size=\u00bblarge\u00bb type=\u00bb\u00bb text=\u00bbEntender la depresi\u00f3n.pdf\u00bb custom_class=\u00bb\u00bb icon_pack=\u00bbfont_elegant\u00bb fa_icon=\u00bbicon_download\u00bb link=\u00bbhttps:\/\/www.pamplona.es\/sites\/default\/files\/2023-01\/cartel-entender-la-depresion.pdf\u00bb target=\u00bb_blank\u00bb color=\u00bbffffff\u00bb hover_color=\u00bb\u00bb background_color=\u00bb\u00bb hover_background_color=\u00bb\u00bb border_color=\u00bb\u00bb hover_border_color=\u00bb\u00bb font_size=\u00bb\u00bb font_weight=\u00bb\u00bb margin=\u00bb\u00bb]\n&nbsp;<\/p>\n","protected":false},"excerpt":{"rendered":"<p>Los talleres son gratuitos, un d\u00eda a la semana en horario de 10 a 12, y las plazas se completan por orden de llamada en el tel\u00e9fono 948 24 30&#8230;<\/p>\n","protected":false},"author":1,"featured_media":42714,"comment_status":"open","ping_status":"closed","sticky":false,"template":"","format":"standard","meta":{"footnotes":""},"categories":[2],"tags":[],"class_list":["post-42713","post","type-post","status-publish","format-standard","has-post-thumbnail","hentry","category-ayuntamiento-pamplona"],"yoast_head":"<!-- This site is optimized with the Yoast SEO plugin v27.3 - https:\/\/yoast.com\/product\/yoast-seo-wordpress\/ -->\n<title>Plazas disponibles en los talleres \u2018Trabajar el bienestar personal\u2019, \u2018Mejorar la comunicaci\u00f3n interpersonal\u2019 y \u2018Entender la depresi\u00f3n\u2019, dirigidos a mayores de 65 a\u00f1os<\/title>\n<meta name=\"description\" content=\"Los talleres son gratuitos, un d\u00eda a la semana en horario de 10 a 12, y las plazas se completan por orden de llamada en el tel\u00e9fono 948 24 30 40\" \/>\n<meta name=\"robots\" content=\"index, follow, max-snippet:-1, max-image-preview:large, max-video-preview:-1\" \/>\n<link rel=\"canonical\" href=\"https:\/\/www.laguiadepamplona.com\/actualidad\/plazas-disponibles-en-los-talleres-trabajar-el-bienestar-personal-mejorar-la-comunicacion-interpersonal-y-entender-la-depresion-dirigidos-a-mayo\/\" \/>\n<meta property=\"og:locale\" content=\"es_ES\" \/>\n<meta property=\"og:type\" content=\"article\" \/>\n<meta property=\"og:title\" content=\"Plazas disponibles en los talleres \u2018Trabajar el bienestar personal\u2019, \u2018Mejorar la comunicaci\u00f3n interpersonal\u2019 y \u2018Entender la depresi\u00f3n\u2019, dirigidos a mayores de 65 a\u00f1os\" \/>\n<meta property=\"og:description\" content=\"Los talleres son gratuitos, un d\u00eda a la semana en horario de 10 a 12, y las plazas se completan por orden de llamada en el tel\u00e9fono 948 24 30 40\" \/>\n<meta property=\"og:url\" content=\"https:\/\/www.laguiadepamplona.com\/actualidad\/plazas-disponibles-en-los-talleres-trabajar-el-bienestar-personal-mejorar-la-comunicacion-interpersonal-y-entender-la-depresion-dirigidos-a-mayo\/\" \/>\n<meta property=\"og:site_name\" content=\"La Gu\u00eda de Pamplona\" \/>\n<meta property=\"article:publisher\" content=\"https:\/\/www.facebook.com\/laguiadepamplonacom-133175176762273\/?ref=hl\" \/>\n<meta property=\"article:published_time\" content=\"2023-01-30T12:14:31+00:00\" \/>\n<meta property=\"article:modified_time\" content=\"2023-04-11T09:47:20+00:00\" \/>\n<meta property=\"og:image\" content=\"https:\/\/www.laguiadepamplona.com\/actualidad\/wp-content\/uploads\/2023\/01\/cartel-comunicacion-interpersonal2023-1.webp\" \/>\n\t<meta property=\"og:image:width\" content=\"1920\" \/>\n\t<meta property=\"og:image:height\" content=\"1329\" \/>\n\t<meta property=\"og:image:type\" content=\"image\/webp\" \/>\n<meta name=\"author\" content=\"La Gu\u00eda de Pamplona\" \/>\n<meta name=\"twitter:card\" content=\"summary_large_image\" \/>\n<meta name=\"twitter:creator\" content=\"@LaGuiadPamplona\" \/>\n<meta name=\"twitter:site\" content=\"@LaGuiadPamplona\" \/>\n<meta name=\"twitter:label1\" content=\"Escrito por\" \/>\n\t<meta name=\"twitter:data1\" content=\"La Gu\u00eda de Pamplona\" \/>\n\t<meta name=\"twitter:label2\" content=\"Tiempo de lectura\" \/>\n\t<meta name=\"twitter:data2\" content=\"3 minutos\" \/>\n<script type=\"application\/ld+json\" class=\"yoast-schema-graph\">{\"@context\":\"https:\\\/\\\/schema.org\",\"@graph\":[{\"@type\":\"Article\",\"@id\":\"https:\\\/\\\/www.laguiadepamplona.com\\\/actualidad\\\/plazas-disponibles-en-los-talleres-trabajar-el-bienestar-personal-mejorar-la-comunicacion-interpersonal-y-entender-la-depresion-dirigidos-a-mayo\\\/#article\",\"isPartOf\":{\"@id\":\"https:\\\/\\\/www.laguiadepamplona.com\\\/actualidad\\\/plazas-disponibles-en-los-talleres-trabajar-el-bienestar-personal-mejorar-la-comunicacion-interpersonal-y-entender-la-depresion-dirigidos-a-mayo\\\/\"},\"author\":{\"name\":\"La Gu\u00eda de Pamplona\",\"@id\":\"https:\\\/\\\/www.laguiadepamplona.com\\\/actualidad\\\/#\\\/schema\\\/person\\\/efe887376f0213d4657c93adc50b1fdb\"},\"headline\":\"Plazas disponibles en los talleres \u2018Trabajar el bienestar personal\u2019, \u2018Mejorar la comunicaci\u00f3n interpersonal\u2019 y \u2018Entender la depresi\u00f3n\u2019, dirigidos a mayores de 65 a\u00f1os\",\"datePublished\":\"2023-01-30T12:14:31+00:00\",\"dateModified\":\"2023-04-11T09:47:20+00:00\",\"mainEntityOfPage\":{\"@id\":\"https:\\\/\\\/www.laguiadepamplona.com\\\/actualidad\\\/plazas-disponibles-en-los-talleres-trabajar-el-bienestar-personal-mejorar-la-comunicacion-interpersonal-y-entender-la-depresion-dirigidos-a-mayo\\\/\"},\"wordCount\":595,\"commentCount\":0,\"publisher\":{\"@id\":\"https:\\\/\\\/www.laguiadepamplona.com\\\/actualidad\\\/#organization\"},\"image\":{\"@id\":\"https:\\\/\\\/www.laguiadepamplona.com\\\/actualidad\\\/plazas-disponibles-en-los-talleres-trabajar-el-bienestar-personal-mejorar-la-comunicacion-interpersonal-y-entender-la-depresion-dirigidos-a-mayo\\\/#primaryimage\"},\"thumbnailUrl\":\"https:\\\/\\\/www.laguiadepamplona.com\\\/actualidad\\\/wp-content\\\/uploads\\\/2023\\\/01\\\/cartel-comunicacion-interpersonal2023-1.webp\",\"articleSection\":[\"Ayto Pamplona\"],\"inLanguage\":\"es\",\"potentialAction\":[{\"@type\":\"CommentAction\",\"name\":\"Comment\",\"target\":[\"https:\\\/\\\/www.laguiadepamplona.com\\\/actualidad\\\/plazas-disponibles-en-los-talleres-trabajar-el-bienestar-personal-mejorar-la-comunicacion-interpersonal-y-entender-la-depresion-dirigidos-a-mayo\\\/#respond\"]}]},{\"@type\":\"WebPage\",\"@id\":\"https:\\\/\\\/www.laguiadepamplona.com\\\/actualidad\\\/plazas-disponibles-en-los-talleres-trabajar-el-bienestar-personal-mejorar-la-comunicacion-interpersonal-y-entender-la-depresion-dirigidos-a-mayo\\\/\",\"url\":\"https:\\\/\\\/www.laguiadepamplona.com\\\/actualidad\\\/plazas-disponibles-en-los-talleres-trabajar-el-bienestar-personal-mejorar-la-comunicacion-interpersonal-y-entender-la-depresion-dirigidos-a-mayo\\\/\",\"name\":\"Plazas disponibles en los talleres \u2018Trabajar el bienestar personal\u2019, \u2018Mejorar la comunicaci\u00f3n interpersonal\u2019 y \u2018Entender la depresi\u00f3n\u2019, dirigidos a mayores de 65 a\u00f1os\",\"isPartOf\":{\"@id\":\"https:\\\/\\\/www.laguiadepamplona.com\\\/actualidad\\\/#website\"},\"primaryImageOfPage\":{\"@id\":\"https:\\\/\\\/www.laguiadepamplona.com\\\/actualidad\\\/plazas-disponibles-en-los-talleres-trabajar-el-bienestar-personal-mejorar-la-comunicacion-interpersonal-y-entender-la-depresion-dirigidos-a-mayo\\\/#primaryimage\"},\"image\":{\"@id\":\"https:\\\/\\\/www.laguiadepamplona.com\\\/actualidad\\\/plazas-disponibles-en-los-talleres-trabajar-el-bienestar-personal-mejorar-la-comunicacion-interpersonal-y-entender-la-depresion-dirigidos-a-mayo\\\/#primaryimage\"},\"thumbnailUrl\":\"https:\\\/\\\/www.laguiadepamplona.com\\\/actualidad\\\/wp-content\\\/uploads\\\/2023\\\/01\\\/cartel-comunicacion-interpersonal2023-1.webp\",\"datePublished\":\"2023-01-30T12:14:31+00:00\",\"dateModified\":\"2023-04-11T09:47:20+00:00\",\"description\":\"Los talleres son gratuitos, un d\u00eda a la semana en horario de 10 a 12, y las plazas se completan por orden de llamada en el tel\u00e9fono 948 24 30 40\",\"breadcrumb\":{\"@id\":\"https:\\\/\\\/www.laguiadepamplona.com\\\/actualidad\\\/plazas-disponibles-en-los-talleres-trabajar-el-bienestar-personal-mejorar-la-comunicacion-interpersonal-y-entender-la-depresion-dirigidos-a-mayo\\\/#breadcrumb\"},\"inLanguage\":\"es\",\"potentialAction\":[{\"@type\":\"ReadAction\",\"target\":[\"https:\\\/\\\/www.laguiadepamplona.com\\\/actualidad\\\/plazas-disponibles-en-los-talleres-trabajar-el-bienestar-personal-mejorar-la-comunicacion-interpersonal-y-entender-la-depresion-dirigidos-a-mayo\\\/\"]}]},{\"@type\":\"ImageObject\",\"inLanguage\":\"es\",\"@id\":\"https:\\\/\\\/www.laguiadepamplona.com\\\/actualidad\\\/plazas-disponibles-en-los-talleres-trabajar-el-bienestar-personal-mejorar-la-comunicacion-interpersonal-y-entender-la-depresion-dirigidos-a-mayo\\\/#primaryimage\",\"url\":\"https:\\\/\\\/www.laguiadepamplona.com\\\/actualidad\\\/wp-content\\\/uploads\\\/2023\\\/01\\\/cartel-comunicacion-interpersonal2023-1.webp\",\"contentUrl\":\"https:\\\/\\\/www.laguiadepamplona.com\\\/actualidad\\\/wp-content\\\/uploads\\\/2023\\\/01\\\/cartel-comunicacion-interpersonal2023-1.webp\",\"width\":1920,\"height\":1329},{\"@type\":\"BreadcrumbList\",\"@id\":\"https:\\\/\\\/www.laguiadepamplona.com\\\/actualidad\\\/plazas-disponibles-en-los-talleres-trabajar-el-bienestar-personal-mejorar-la-comunicacion-interpersonal-y-entender-la-depresion-dirigidos-a-mayo\\\/#breadcrumb\",\"itemListElement\":[{\"@type\":\"ListItem\",\"position\":1,\"name\":\"Portada\",\"item\":\"https:\\\/\\\/www.laguiadepamplona.com\\\/actualidad\\\/\"},{\"@type\":\"ListItem\",\"position\":2,\"name\":\"Plazas disponibles en los talleres \u2018Trabajar el bienestar personal\u2019, \u2018Mejorar la comunicaci\u00f3n interpersonal\u2019 y \u2018Entender la depresi\u00f3n\u2019, dirigidos a mayores de 65 a\u00f1os\"}]},{\"@type\":\"WebSite\",\"@id\":\"https:\\\/\\\/www.laguiadepamplona.com\\\/actualidad\\\/#website\",\"url\":\"https:\\\/\\\/www.laguiadepamplona.com\\\/actualidad\\\/\",\"name\":\"La gu\u00eda de Pamplona\",\"description\":\"Noticias de Pamplona\",\"publisher\":{\"@id\":\"https:\\\/\\\/www.laguiadepamplona.com\\\/actualidad\\\/#organization\"},\"potentialAction\":[{\"@type\":\"SearchAction\",\"target\":{\"@type\":\"EntryPoint\",\"urlTemplate\":\"https:\\\/\\\/www.laguiadepamplona.com\\\/actualidad\\\/?s={search_term_string}\"},\"query-input\":{\"@type\":\"PropertyValueSpecification\",\"valueRequired\":true,\"valueName\":\"search_term_string\"}}],\"inLanguage\":\"es\"},{\"@type\":\"Organization\",\"@id\":\"https:\\\/\\\/www.laguiadepamplona.com\\\/actualidad\\\/#organization\",\"name\":\"La Gu\u00eda de Pamplona \\\/ Noticias\",\"url\":\"https:\\\/\\\/www.laguiadepamplona.com\\\/actualidad\\\/\",\"logo\":{\"@type\":\"ImageObject\",\"inLanguage\":\"es\",\"@id\":\"https:\\\/\\\/www.laguiadepamplona.com\\\/actualidad\\\/#\\\/schema\\\/logo\\\/image\\\/\",\"url\":\"https:\\\/\\\/www.laguiadepamplona.com\\\/actualidad\\\/wp-content\\\/uploads\\\/2018\\\/11\\\/logo-laguiadepamplona18-web1.png\",\"contentUrl\":\"https:\\\/\\\/www.laguiadepamplona.com\\\/actualidad\\\/wp-content\\\/uploads\\\/2018\\\/11\\\/logo-laguiadepamplona18-web1.png\",\"width\":600,\"height\":196,\"caption\":\"La Gu\u00eda de Pamplona \\\/ Noticias\"},\"image\":{\"@id\":\"https:\\\/\\\/www.laguiadepamplona.com\\\/actualidad\\\/#\\\/schema\\\/logo\\\/image\\\/\"},\"sameAs\":[\"https:\\\/\\\/www.facebook.com\\\/laguiadepamplonacom-133175176762273\\\/?ref=hl\",\"https:\\\/\\\/x.com\\\/LaGuiadPamplona\",\"https:\\\/\\\/www.instagram.com\\\/la_guia_de_pamplona\\\/\",\"https:\\\/\\\/www.youtube.com\\\/user\\\/laguiadepamplona\"]},{\"@type\":\"Person\",\"@id\":\"https:\\\/\\\/www.laguiadepamplona.com\\\/actualidad\\\/#\\\/schema\\\/person\\\/efe887376f0213d4657c93adc50b1fdb\",\"name\":\"La Gu\u00eda de Pamplona\",\"image\":{\"@type\":\"ImageObject\",\"inLanguage\":\"es\",\"@id\":\"https:\\\/\\\/secure.gravatar.com\\\/avatar\\\/b6992f131dc8d30ab0dff15446e9d346d9dbd95992de0fef795073f5ea83a81c?s=96&d=mm&r=g\",\"url\":\"https:\\\/\\\/secure.gravatar.com\\\/avatar\\\/b6992f131dc8d30ab0dff15446e9d346d9dbd95992de0fef795073f5ea83a81c?s=96&d=mm&r=g\",\"contentUrl\":\"https:\\\/\\\/secure.gravatar.com\\\/avatar\\\/b6992f131dc8d30ab0dff15446e9d346d9dbd95992de0fef795073f5ea83a81c?s=96&d=mm&r=g\",\"caption\":\"La Gu\u00eda de Pamplona\"}}]}<\/script>\n<!-- \/ Yoast SEO plugin. -->","yoast_head_json":{"title":"Plazas disponibles en los talleres \u2018Trabajar el bienestar personal\u2019, \u2018Mejorar la comunicaci\u00f3n interpersonal\u2019 y \u2018Entender la depresi\u00f3n\u2019, dirigidos a mayores de 65 a\u00f1os","description":"Los talleres son gratuitos, un d\u00eda a la semana en horario de 10 a 12, y las plazas se completan por orden de llamada en el tel\u00e9fono 948 24 30 40","robots":{"index":"index","follow":"follow","max-snippet":"max-snippet:-1","max-image-preview":"max-image-preview:large","max-video-preview":"max-video-preview:-1"},"canonical":"https:\/\/www.laguiadepamplona.com\/actualidad\/plazas-disponibles-en-los-talleres-trabajar-el-bienestar-personal-mejorar-la-comunicacion-interpersonal-y-entender-la-depresion-dirigidos-a-mayo\/","og_locale":"es_ES","og_type":"article","og_title":"Plazas disponibles en los talleres \u2018Trabajar el bienestar personal\u2019, \u2018Mejorar la comunicaci\u00f3n interpersonal\u2019 y \u2018Entender la depresi\u00f3n\u2019, dirigidos a mayores de 65 a\u00f1os","og_description":"Los talleres son gratuitos, un d\u00eda a la semana en horario de 10 a 12, y las plazas se completan por orden de llamada en el tel\u00e9fono 948 24 30 40","og_url":"https:\/\/www.laguiadepamplona.com\/actualidad\/plazas-disponibles-en-los-talleres-trabajar-el-bienestar-personal-mejorar-la-comunicacion-interpersonal-y-entender-la-depresion-dirigidos-a-mayo\/","og_site_name":"La Gu\u00eda de Pamplona","article_publisher":"https:\/\/www.facebook.com\/laguiadepamplonacom-133175176762273\/?ref=hl","article_published_time":"2023-01-30T12:14:31+00:00","article_modified_time":"2023-04-11T09:47:20+00:00","og_image":[{"width":1920,"height":1329,"url":"https:\/\/www.laguiadepamplona.com\/actualidad\/wp-content\/uploads\/2023\/01\/cartel-comunicacion-interpersonal2023-1.webp","type":"image\/webp"}],"author":"La Gu\u00eda de Pamplona","twitter_card":"summary_large_image","twitter_creator":"@LaGuiadPamplona","twitter_site":"@LaGuiadPamplona","twitter_misc":{"Escrito por":"La Gu\u00eda de Pamplona","Tiempo de lectura":"3 minutos"},"schema":{"@context":"https:\/\/schema.org","@graph":[{"@type":"Article","@id":"https:\/\/www.laguiadepamplona.com\/actualidad\/plazas-disponibles-en-los-talleres-trabajar-el-bienestar-personal-mejorar-la-comunicacion-interpersonal-y-entender-la-depresion-dirigidos-a-mayo\/#article","isPartOf":{"@id":"https:\/\/www.laguiadepamplona.com\/actualidad\/plazas-disponibles-en-los-talleres-trabajar-el-bienestar-personal-mejorar-la-comunicacion-interpersonal-y-entender-la-depresion-dirigidos-a-mayo\/"},"author":{"name":"La Gu\u00eda de Pamplona","@id":"https:\/\/www.laguiadepamplona.com\/actualidad\/#\/schema\/person\/efe887376f0213d4657c93adc50b1fdb"},"headline":"Plazas disponibles en los talleres \u2018Trabajar el bienestar personal\u2019, \u2018Mejorar la comunicaci\u00f3n interpersonal\u2019 y \u2018Entender la depresi\u00f3n\u2019, dirigidos a mayores de 65 a\u00f1os","datePublished":"2023-01-30T12:14:31+00:00","dateModified":"2023-04-11T09:47:20+00:00","mainEntityOfPage":{"@id":"https:\/\/www.laguiadepamplona.com\/actualidad\/plazas-disponibles-en-los-talleres-trabajar-el-bienestar-personal-mejorar-la-comunicacion-interpersonal-y-entender-la-depresion-dirigidos-a-mayo\/"},"wordCount":595,"commentCount":0,"publisher":{"@id":"https:\/\/www.laguiadepamplona.com\/actualidad\/#organization"},"image":{"@id":"https:\/\/www.laguiadepamplona.com\/actualidad\/plazas-disponibles-en-los-talleres-trabajar-el-bienestar-personal-mejorar-la-comunicacion-interpersonal-y-entender-la-depresion-dirigidos-a-mayo\/#primaryimage"},"thumbnailUrl":"https:\/\/www.laguiadepamplona.com\/actualidad\/wp-content\/uploads\/2023\/01\/cartel-comunicacion-interpersonal2023-1.webp","articleSection":["Ayto Pamplona"],"inLanguage":"es","potentialAction":[{"@type":"CommentAction","name":"Comment","target":["https:\/\/www.laguiadepamplona.com\/actualidad\/plazas-disponibles-en-los-talleres-trabajar-el-bienestar-personal-mejorar-la-comunicacion-interpersonal-y-entender-la-depresion-dirigidos-a-mayo\/#respond"]}]},{"@type":"WebPage","@id":"https:\/\/www.laguiadepamplona.com\/actualidad\/plazas-disponibles-en-los-talleres-trabajar-el-bienestar-personal-mejorar-la-comunicacion-interpersonal-y-entender-la-depresion-dirigidos-a-mayo\/","url":"https:\/\/www.laguiadepamplona.com\/actualidad\/plazas-disponibles-en-los-talleres-trabajar-el-bienestar-personal-mejorar-la-comunicacion-interpersonal-y-entender-la-depresion-dirigidos-a-mayo\/","name":"Plazas disponibles en los talleres \u2018Trabajar el bienestar personal\u2019, \u2018Mejorar la comunicaci\u00f3n interpersonal\u2019 y \u2018Entender la depresi\u00f3n\u2019, dirigidos a mayores de 65 a\u00f1os","isPartOf":{"@id":"https:\/\/www.laguiadepamplona.com\/actualidad\/#website"},"primaryImageOfPage":{"@id":"https:\/\/www.laguiadepamplona.com\/actualidad\/plazas-disponibles-en-los-talleres-trabajar-el-bienestar-personal-mejorar-la-comunicacion-interpersonal-y-entender-la-depresion-dirigidos-a-mayo\/#primaryimage"},"image":{"@id":"https:\/\/www.laguiadepamplona.com\/actualidad\/plazas-disponibles-en-los-talleres-trabajar-el-bienestar-personal-mejorar-la-comunicacion-interpersonal-y-entender-la-depresion-dirigidos-a-mayo\/#primaryimage"},"thumbnailUrl":"https:\/\/www.laguiadepamplona.com\/actualidad\/wp-content\/uploads\/2023\/01\/cartel-comunicacion-interpersonal2023-1.webp","datePublished":"2023-01-30T12:14:31+00:00","dateModified":"2023-04-11T09:47:20+00:00","description":"Los talleres son gratuitos, un d\u00eda a la semana en horario de 10 a 12, y las plazas se completan por orden de llamada en el tel\u00e9fono 948 24 30 40","breadcrumb":{"@id":"https:\/\/www.laguiadepamplona.com\/actualidad\/plazas-disponibles-en-los-talleres-trabajar-el-bienestar-personal-mejorar-la-comunicacion-interpersonal-y-entender-la-depresion-dirigidos-a-mayo\/#breadcrumb"},"inLanguage":"es","potentialAction":[{"@type":"ReadAction","target":["https:\/\/www.laguiadepamplona.com\/actualidad\/plazas-disponibles-en-los-talleres-trabajar-el-bienestar-personal-mejorar-la-comunicacion-interpersonal-y-entender-la-depresion-dirigidos-a-mayo\/"]}]},{"@type":"ImageObject","inLanguage":"es","@id":"https:\/\/www.laguiadepamplona.com\/actualidad\/plazas-disponibles-en-los-talleres-trabajar-el-bienestar-personal-mejorar-la-comunicacion-interpersonal-y-entender-la-depresion-dirigidos-a-mayo\/#primaryimage","url":"https:\/\/www.laguiadepamplona.com\/actualidad\/wp-content\/uploads\/2023\/01\/cartel-comunicacion-interpersonal2023-1.webp","contentUrl":"https:\/\/www.laguiadepamplona.com\/actualidad\/wp-content\/uploads\/2023\/01\/cartel-comunicacion-interpersonal2023-1.webp","width":1920,"height":1329},{"@type":"BreadcrumbList","@id":"https:\/\/www.laguiadepamplona.com\/actualidad\/plazas-disponibles-en-los-talleres-trabajar-el-bienestar-personal-mejorar-la-comunicacion-interpersonal-y-entender-la-depresion-dirigidos-a-mayo\/#breadcrumb","itemListElement":[{"@type":"ListItem","position":1,"name":"Portada","item":"https:\/\/www.laguiadepamplona.com\/actualidad\/"},{"@type":"ListItem","position":2,"name":"Plazas disponibles en los talleres \u2018Trabajar el bienestar personal\u2019, \u2018Mejorar la comunicaci\u00f3n interpersonal\u2019 y \u2018Entender la depresi\u00f3n\u2019, dirigidos a mayores de 65 a\u00f1os"}]},{"@type":"WebSite","@id":"https:\/\/www.laguiadepamplona.com\/actualidad\/#website","url":"https:\/\/www.laguiadepamplona.com\/actualidad\/","name":"La gu\u00eda de Pamplona","description":"Noticias de Pamplona","publisher":{"@id":"https:\/\/www.laguiadepamplona.com\/actualidad\/#organization"},"potentialAction":[{"@type":"SearchAction","target":{"@type":"EntryPoint","urlTemplate":"https:\/\/www.laguiadepamplona.com\/actualidad\/?s={search_term_string}"},"query-input":{"@type":"PropertyValueSpecification","valueRequired":true,"valueName":"search_term_string"}}],"inLanguage":"es"},{"@type":"Organization","@id":"https:\/\/www.laguiadepamplona.com\/actualidad\/#organization","name":"La Gu\u00eda de Pamplona \/ Noticias","url":"https:\/\/www.laguiadepamplona.com\/actualidad\/","logo":{"@type":"ImageObject","inLanguage":"es","@id":"https:\/\/www.laguiadepamplona.com\/actualidad\/#\/schema\/logo\/image\/","url":"https:\/\/www.laguiadepamplona.com\/actualidad\/wp-content\/uploads\/2018\/11\/logo-laguiadepamplona18-web1.png","contentUrl":"https:\/\/www.laguiadepamplona.com\/actualidad\/wp-content\/uploads\/2018\/11\/logo-laguiadepamplona18-web1.png","width":600,"height":196,"caption":"La Gu\u00eda de Pamplona \/ Noticias"},"image":{"@id":"https:\/\/www.laguiadepamplona.com\/actualidad\/#\/schema\/logo\/image\/"},"sameAs":["https:\/\/www.facebook.com\/laguiadepamplonacom-133175176762273\/?ref=hl","https:\/\/x.com\/LaGuiadPamplona","https:\/\/www.instagram.com\/la_guia_de_pamplona\/","https:\/\/www.youtube.com\/user\/laguiadepamplona"]},{"@type":"Person","@id":"https:\/\/www.laguiadepamplona.com\/actualidad\/#\/schema\/person\/efe887376f0213d4657c93adc50b1fdb","name":"La Gu\u00eda de Pamplona","image":{"@type":"ImageObject","inLanguage":"es","@id":"https:\/\/secure.gravatar.com\/avatar\/b6992f131dc8d30ab0dff15446e9d346d9dbd95992de0fef795073f5ea83a81c?s=96&d=mm&r=g","url":"https:\/\/secure.gravatar.com\/avatar\/b6992f131dc8d30ab0dff15446e9d346d9dbd95992de0fef795073f5ea83a81c?s=96&d=mm&r=g","contentUrl":"https:\/\/secure.gravatar.com\/avatar\/b6992f131dc8d30ab0dff15446e9d346d9dbd95992de0fef795073f5ea83a81c?s=96&d=mm&r=g","caption":"La Gu\u00eda de Pamplona"}}]}},"post_mailing_queue_ids":[],"_links":{"self":[{"href":"https:\/\/www.laguiadepamplona.com\/actualidad\/wp-json\/wp\/v2\/posts\/42713","targetHints":{"allow":["GET"]}}],"collection":[{"href":"https:\/\/www.laguiadepamplona.com\/actualidad\/wp-json\/wp\/v2\/posts"}],"about":[{"href":"https:\/\/www.laguiadepamplona.com\/actualidad\/wp-json\/wp\/v2\/types\/post"}],"author":[{"embeddable":true,"href":"https:\/\/www.laguiadepamplona.com\/actualidad\/wp-json\/wp\/v2\/users\/1"}],"replies":[{"embeddable":true,"href":"https:\/\/www.laguiadepamplona.com\/actualidad\/wp-json\/wp\/v2\/comments?post=42713"}],"version-history":[{"count":0,"href":"https:\/\/www.laguiadepamplona.com\/actualidad\/wp-json\/wp\/v2\/posts\/42713\/revisions"}],"wp:featuredmedia":[{"embeddable":true,"href":"https:\/\/www.laguiadepamplona.com\/actualidad\/wp-json\/wp\/v2\/media\/42714"}],"wp:attachment":[{"href":"https:\/\/www.laguiadepamplona.com\/actualidad\/wp-json\/wp\/v2\/media?parent=42713"}],"wp:term":[{"taxonomy":"category","embeddable":true,"href":"https:\/\/www.laguiadepamplona.com\/actualidad\/wp-json\/wp\/v2\/categories?post=42713"},{"taxonomy":"post_tag","embeddable":true,"href":"https:\/\/www.laguiadepamplona.com\/actualidad\/wp-json\/wp\/v2\/tags?post=42713"}],"curies":[{"name":"wp","href":"https:\/\/api.w.org\/{rel}","templated":true}]}}