{"id":42710,"date":"2023-01-30T14:04:08","date_gmt":"2023-01-30T12:04:08","guid":{"rendered":"https:\/\/www.laguiadepamplona.com\/actualidad\/?p=42710"},"modified":"2023-04-11T11:47:20","modified_gmt":"2023-04-11T09:47:20","slug":"este-lunes-arrancan-los-grupos-gratuitos-de-apoyo-familiar-y-parentalidad-positiva-creciendo-contigo","status":"publish","type":"post","link":"https:\/\/www.laguiadepamplona.com\/actualidad\/este-lunes-arrancan-los-grupos-gratuitos-de-apoyo-familiar-y-parentalidad-positiva-creciendo-contigo\/","title":{"rendered":"Este lunes arrancan los grupos gratuitos de apoyo familiar y parentalidad positiva \u2018Creciendo contigo\u2019"},"content":{"rendered":"<h5>Se han formado 15 grupos participativos, 9 de ellos presenciales y 6 online, que acogen a las 271 personas inscritas<\/h5>\n<p><!--more--><\/p>\n<p>El programa \u2018Creciendo contigo: grupos de apoyo familiar y parentalidad positiva\u2019 arranca este lunes con 15 grupos formados. Nueve de estos grupos ser\u00e1n presenciales, en distintos espacios de la ciudad, y seis se llevar\u00e1n a cabo de manera telem\u00e1tica. El programa organizado por el \u00e1rea de Servicios Sociales, Acci\u00f3n Comunitaria y Deporte, fomenta estos espacios participativos de apoyo para madres, padres, familiares cercanos y tutores que tengan menores a su cargo. El objetivo es compartir experiencias que faciliten la crianza y favorezcan un buen clima familiar.<br \/>\n<script async src=\"\/\/pagead2.googlesyndication.com\/pagead\/js\/adsbygoogle.js\"><\/script><br \/>\n<!-- Noticias La Guia de Pamplona --><br \/>\n<ins class=\"adsbygoogle\"\nstyle=\"display:block\"\ndata-ad-client=\"ca-pub-6943679897239327\"\ndata-ad-slot=\"7048180777\"\ndata-ad-format=\"auto\"><\/ins><br \/>\n<script>\n(adsbygoogle = window.adsbygoogle || []).push({});\n<\/script><\/p>\n<p>Por franjas de edad de los menores, se han formado 6 grupos de 0 a 5 a\u00f1os (40%), otros 6 de 6 a 11 a\u00f1os (40%) y 3 de 12 a 18 a\u00f1os (20%). En cuanto a la modalidad, los 9 cursos presenciales se celebran en horario de ma\u00f1ana o tarde e incluyen dos que se desarrollar\u00e1n en euskera. Las sesiones son semanales, con un total de diez horas y media, distribuidas en siete sesiones de hora y media, hasta el 23 de marzo. Son 271 las personas inscritas.<\/p>\n<p>En cuanto a los espacios, el Casco Viejo acoge 3 grupos, en el Centro Comunitario Plazara, Sala multiusos Descalzos y Sala reuniones Zapater\u00eda. Otros tres corresponden a la zona Milagrosa-Ensanche-Lezkairu, que se re\u00fanen en local multifuncional de Santa Mar\u00eda la Real. En Ermitaga\u00f1a hay un \u00fanico grupo, en el Centro Comunitario Bartolom\u00e9 de Carranza, al igual que ocurre en Buztintzuri, en el Centro Comunitario Paseo Santa Luc\u00eda, y en Rochapea, en el Centro Comunitario La Carbonilla.<br \/>\n<script async src=\"\/\/pagead2.googlesyndication.com\/pagead\/js\/adsbygoogle.js\"><\/script><br \/>\n<!-- Noticias La Guia de Pamplona --><br \/>\n<ins class=\"adsbygoogle\"\nstyle=\"display:block\"\ndata-ad-client=\"ca-pub-6943679897239327\"\ndata-ad-slot=\"7048180777\"\ndata-ad-format=\"auto\"><\/ins><br \/>\n<script>\n(adsbygoogle = window.adsbygoogle || []).push({});\n<\/script><\/p>\n<p><strong>Infancia y adolescencia<\/strong><\/p>\n<p>\u2018Creciendo contigo\u2019 se incluye en el programa municipal de infancia y adolescencia. Persigue como principal objetivo el fomento de la parentalidad positiva ante los retos que plantea la crianza y la educaci\u00f3n en la infancia y la adolescencia. Los grupos creados cuentan con el apoyo y la gu\u00eda de una persona profesional en el \u00e1mbito de la psicolog\u00eda.<\/p>\n<p>Los escenarios para esta actividad se ubican en distintos barrios de la ciudad, a trav\u00e9s de los centros comunitarios, la red Civivox y centros educativos. Estos lugares configuran espacios seguros donde madres, padres y tutores comparten sus experiencias, proponen posibles respuestas, descubren y potencian sus habilidades y refuerzan v\u00ednculos afectivos sanos para maximizar sus capacidades personales<br \/>\n<script async src=\"\/\/pagead2.googlesyndication.com\/pagead\/js\/adsbygoogle.js\"><\/script><br \/>\n<!-- Noticias La Guia de Pamplona --><br \/>\n<ins class=\"adsbygoogle\"\nstyle=\"display:block\"\ndata-ad-client=\"ca-pub-6943679897239327\"\ndata-ad-slot=\"7048180777\"\ndata-ad-format=\"auto\"><\/ins><br \/>\n<script>\n(adsbygoogle = window.adsbygoogle || []).push({});\n<\/script><\/p>\n<p>&nbsp;<\/p>\n<h3>Programa \u2018Creciendo Contigo\u2019. Del 30 de Enero al 23 de Marzo<\/h3>\n<ul>\n<li>271 personas participan en 15 grupos: 9 presenciales y 6 online<\/li>\n<li>Por tramos de edad\n<ul>\n<li>De 0 a 5 a\u00f1os, 6 grupos<\/li>\n<li>De 6 a 11 a\u00f1os, 6 grupos<\/li>\n<li>De 12 a 18 a\u00f1os, 3 grupos<\/li>\n<\/ul>\n<\/li>\n<\/ul>\n<p>&nbsp;<\/p>\n<h3>BARRIOS Y ESPACIOS:<\/h3>\n<ul>\n<li>Casco Viejo (3 grupos)\n<ul>\n<li>Centro Comunitario Plazara, Sala multiusos Descalzos, y Sala reuniones Zapater\u00eda<\/li>\n<\/ul>\n<\/li>\n<li>Ermitaga\u00f1a (un grupo)\n<ul>\n<li>Centro Comunitario Bartolom\u00e9 de Carranza<\/li>\n<\/ul>\n<\/li>\n<li>Zona Milagrosa-Ensanche-Lezkairu (3 grupos)\n<ul>\n<li>Local multifuncional de Santa Mar\u00eda la Real<\/li>\n<\/ul>\n<\/li>\n<li>Buztintxuri (un grupo)\n<ul>\n<li>Centro Comunitario Paseo Santa Luc\u00eda<\/li>\n<\/ul>\n<\/li>\n<li>Rochapea (un grupo)\n<ul>\n<li>Centro Comunitario La Carbonilla<\/li>\n<\/ul>\n<\/li>\n<\/ul>\n","protected":false},"excerpt":{"rendered":"<p>Se han formado 15 grupos participativos, 9 de ellos presenciales y 6 online, que acogen a las 271 personas inscritas<\/p>\n","protected":false},"author":1,"featured_media":42711,"comment_status":"open","ping_status":"closed","sticky":false,"template":"","format":"standard","meta":{"footnotes":""},"categories":[2],"tags":[],"class_list":["post-42710","post","type-post","status-publish","format-standard","has-post-thumbnail","hentry","category-ayuntamiento-pamplona"],"yoast_head":"<!-- This site is optimized with the Yoast SEO plugin v27.3 - https:\/\/yoast.com\/product\/yoast-seo-wordpress\/ -->\n<title>Este lunes arrancan los grupos gratuitos de apoyo familiar y parentalidad positiva \u2018Creciendo contigo\u2019<\/title>\n<meta name=\"description\" content=\"Se han formado 15 grupos participativos, 9 de ellos presenciales y 6 online, que acogen a las 271 personas inscritas\" \/>\n<meta name=\"robots\" content=\"index, follow, max-snippet:-1, max-image-preview:large, max-video-preview:-1\" \/>\n<link rel=\"canonical\" href=\"https:\/\/www.laguiadepamplona.com\/actualidad\/este-lunes-arrancan-los-grupos-gratuitos-de-apoyo-familiar-y-parentalidad-positiva-creciendo-contigo\/\" \/>\n<meta property=\"og:locale\" content=\"es_ES\" \/>\n<meta property=\"og:type\" content=\"article\" \/>\n<meta property=\"og:title\" content=\"Este lunes arrancan los grupos gratuitos de apoyo familiar y parentalidad positiva \u2018Creciendo contigo\u2019\" \/>\n<meta property=\"og:description\" content=\"Se han formado 15 grupos participativos, 9 de ellos presenciales y 6 online, que acogen a las 271 personas inscritas\" \/>\n<meta property=\"og:url\" content=\"https:\/\/www.laguiadepamplona.com\/actualidad\/este-lunes-arrancan-los-grupos-gratuitos-de-apoyo-familiar-y-parentalidad-positiva-creciendo-contigo\/\" \/>\n<meta property=\"og:site_name\" content=\"La Gu\u00eda de Pamplona\" \/>\n<meta property=\"article:publisher\" content=\"https:\/\/www.facebook.com\/laguiadepamplonacom-133175176762273\/?ref=hl\" \/>\n<meta property=\"article:published_time\" content=\"2023-01-30T12:04:08+00:00\" \/>\n<meta property=\"article:modified_time\" content=\"2023-04-11T09:47:20+00:00\" \/>\n<meta property=\"og:image\" content=\"https:\/\/www.laguiadepamplona.com\/actualidad\/wp-content\/uploads\/2023\/01\/familia_04-copia.webp\" \/>\n\t<meta property=\"og:image:width\" content=\"1920\" \/>\n\t<meta property=\"og:image:height\" content=\"1280\" \/>\n\t<meta property=\"og:image:type\" content=\"image\/webp\" \/>\n<meta name=\"author\" content=\"La Gu\u00eda de Pamplona\" \/>\n<meta name=\"twitter:card\" content=\"summary_large_image\" \/>\n<meta name=\"twitter:creator\" content=\"@LaGuiadPamplona\" \/>\n<meta name=\"twitter:site\" content=\"@LaGuiadPamplona\" \/>\n<meta name=\"twitter:label1\" content=\"Escrito por\" \/>\n\t<meta name=\"twitter:data1\" content=\"La Gu\u00eda de Pamplona\" \/>\n\t<meta name=\"twitter:label2\" content=\"Tiempo de lectura\" \/>\n\t<meta name=\"twitter:data2\" content=\"3 minutos\" \/>\n<script type=\"application\/ld+json\" class=\"yoast-schema-graph\">{\"@context\":\"https:\\\/\\\/schema.org\",\"@graph\":[{\"@type\":\"Article\",\"@id\":\"https:\\\/\\\/www.laguiadepamplona.com\\\/actualidad\\\/este-lunes-arrancan-los-grupos-gratuitos-de-apoyo-familiar-y-parentalidad-positiva-creciendo-contigo\\\/#article\",\"isPartOf\":{\"@id\":\"https:\\\/\\\/www.laguiadepamplona.com\\\/actualidad\\\/este-lunes-arrancan-los-grupos-gratuitos-de-apoyo-familiar-y-parentalidad-positiva-creciendo-contigo\\\/\"},\"author\":{\"name\":\"La Gu\u00eda de Pamplona\",\"@id\":\"https:\\\/\\\/www.laguiadepamplona.com\\\/actualidad\\\/#\\\/schema\\\/person\\\/efe887376f0213d4657c93adc50b1fdb\"},\"headline\":\"Este lunes arrancan los grupos gratuitos de apoyo familiar y parentalidad positiva \u2018Creciendo contigo\u2019\",\"datePublished\":\"2023-01-30T12:04:08+00:00\",\"dateModified\":\"2023-04-11T09:47:20+00:00\",\"mainEntityOfPage\":{\"@id\":\"https:\\\/\\\/www.laguiadepamplona.com\\\/actualidad\\\/este-lunes-arrancan-los-grupos-gratuitos-de-apoyo-familiar-y-parentalidad-positiva-creciendo-contigo\\\/\"},\"wordCount\":490,\"commentCount\":0,\"publisher\":{\"@id\":\"https:\\\/\\\/www.laguiadepamplona.com\\\/actualidad\\\/#organization\"},\"image\":{\"@id\":\"https:\\\/\\\/www.laguiadepamplona.com\\\/actualidad\\\/este-lunes-arrancan-los-grupos-gratuitos-de-apoyo-familiar-y-parentalidad-positiva-creciendo-contigo\\\/#primaryimage\"},\"thumbnailUrl\":\"https:\\\/\\\/www.laguiadepamplona.com\\\/actualidad\\\/wp-content\\\/uploads\\\/2023\\\/01\\\/familia_04-copia.webp\",\"articleSection\":[\"Ayto Pamplona\"],\"inLanguage\":\"es\",\"potentialAction\":[{\"@type\":\"CommentAction\",\"name\":\"Comment\",\"target\":[\"https:\\\/\\\/www.laguiadepamplona.com\\\/actualidad\\\/este-lunes-arrancan-los-grupos-gratuitos-de-apoyo-familiar-y-parentalidad-positiva-creciendo-contigo\\\/#respond\"]}]},{\"@type\":\"WebPage\",\"@id\":\"https:\\\/\\\/www.laguiadepamplona.com\\\/actualidad\\\/este-lunes-arrancan-los-grupos-gratuitos-de-apoyo-familiar-y-parentalidad-positiva-creciendo-contigo\\\/\",\"url\":\"https:\\\/\\\/www.laguiadepamplona.com\\\/actualidad\\\/este-lunes-arrancan-los-grupos-gratuitos-de-apoyo-familiar-y-parentalidad-positiva-creciendo-contigo\\\/\",\"name\":\"Este lunes arrancan los grupos gratuitos de apoyo familiar y parentalidad positiva \u2018Creciendo contigo\u2019\",\"isPartOf\":{\"@id\":\"https:\\\/\\\/www.laguiadepamplona.com\\\/actualidad\\\/#website\"},\"primaryImageOfPage\":{\"@id\":\"https:\\\/\\\/www.laguiadepamplona.com\\\/actualidad\\\/este-lunes-arrancan-los-grupos-gratuitos-de-apoyo-familiar-y-parentalidad-positiva-creciendo-contigo\\\/#primaryimage\"},\"image\":{\"@id\":\"https:\\\/\\\/www.laguiadepamplona.com\\\/actualidad\\\/este-lunes-arrancan-los-grupos-gratuitos-de-apoyo-familiar-y-parentalidad-positiva-creciendo-contigo\\\/#primaryimage\"},\"thumbnailUrl\":\"https:\\\/\\\/www.laguiadepamplona.com\\\/actualidad\\\/wp-content\\\/uploads\\\/2023\\\/01\\\/familia_04-copia.webp\",\"datePublished\":\"2023-01-30T12:04:08+00:00\",\"dateModified\":\"2023-04-11T09:47:20+00:00\",\"description\":\"Se han formado 15 grupos participativos, 9 de ellos presenciales y 6 online, que acogen a las 271 personas inscritas\",\"breadcrumb\":{\"@id\":\"https:\\\/\\\/www.laguiadepamplona.com\\\/actualidad\\\/este-lunes-arrancan-los-grupos-gratuitos-de-apoyo-familiar-y-parentalidad-positiva-creciendo-contigo\\\/#breadcrumb\"},\"inLanguage\":\"es\",\"potentialAction\":[{\"@type\":\"ReadAction\",\"target\":[\"https:\\\/\\\/www.laguiadepamplona.com\\\/actualidad\\\/este-lunes-arrancan-los-grupos-gratuitos-de-apoyo-familiar-y-parentalidad-positiva-creciendo-contigo\\\/\"]}]},{\"@type\":\"ImageObject\",\"inLanguage\":\"es\",\"@id\":\"https:\\\/\\\/www.laguiadepamplona.com\\\/actualidad\\\/este-lunes-arrancan-los-grupos-gratuitos-de-apoyo-familiar-y-parentalidad-positiva-creciendo-contigo\\\/#primaryimage\",\"url\":\"https:\\\/\\\/www.laguiadepamplona.com\\\/actualidad\\\/wp-content\\\/uploads\\\/2023\\\/01\\\/familia_04-copia.webp\",\"contentUrl\":\"https:\\\/\\\/www.laguiadepamplona.com\\\/actualidad\\\/wp-content\\\/uploads\\\/2023\\\/01\\\/familia_04-copia.webp\",\"width\":1920,\"height\":1280},{\"@type\":\"BreadcrumbList\",\"@id\":\"https:\\\/\\\/www.laguiadepamplona.com\\\/actualidad\\\/este-lunes-arrancan-los-grupos-gratuitos-de-apoyo-familiar-y-parentalidad-positiva-creciendo-contigo\\\/#breadcrumb\",\"itemListElement\":[{\"@type\":\"ListItem\",\"position\":1,\"name\":\"Portada\",\"item\":\"https:\\\/\\\/www.laguiadepamplona.com\\\/actualidad\\\/\"},{\"@type\":\"ListItem\",\"position\":2,\"name\":\"Este lunes arrancan los grupos gratuitos de apoyo familiar y parentalidad positiva \u2018Creciendo contigo\u2019\"}]},{\"@type\":\"WebSite\",\"@id\":\"https:\\\/\\\/www.laguiadepamplona.com\\\/actualidad\\\/#website\",\"url\":\"https:\\\/\\\/www.laguiadepamplona.com\\\/actualidad\\\/\",\"name\":\"La gu\u00eda de Pamplona\",\"description\":\"Noticias de Pamplona\",\"publisher\":{\"@id\":\"https:\\\/\\\/www.laguiadepamplona.com\\\/actualidad\\\/#organization\"},\"potentialAction\":[{\"@type\":\"SearchAction\",\"target\":{\"@type\":\"EntryPoint\",\"urlTemplate\":\"https:\\\/\\\/www.laguiadepamplona.com\\\/actualidad\\\/?s={search_term_string}\"},\"query-input\":{\"@type\":\"PropertyValueSpecification\",\"valueRequired\":true,\"valueName\":\"search_term_string\"}}],\"inLanguage\":\"es\"},{\"@type\":\"Organization\",\"@id\":\"https:\\\/\\\/www.laguiadepamplona.com\\\/actualidad\\\/#organization\",\"name\":\"La Gu\u00eda de Pamplona \\\/ Noticias\",\"url\":\"https:\\\/\\\/www.laguiadepamplona.com\\\/actualidad\\\/\",\"logo\":{\"@type\":\"ImageObject\",\"inLanguage\":\"es\",\"@id\":\"https:\\\/\\\/www.laguiadepamplona.com\\\/actualidad\\\/#\\\/schema\\\/logo\\\/image\\\/\",\"url\":\"https:\\\/\\\/www.laguiadepamplona.com\\\/actualidad\\\/wp-content\\\/uploads\\\/2018\\\/11\\\/logo-laguiadepamplona18-web1.png\",\"contentUrl\":\"https:\\\/\\\/www.laguiadepamplona.com\\\/actualidad\\\/wp-content\\\/uploads\\\/2018\\\/11\\\/logo-laguiadepamplona18-web1.png\",\"width\":600,\"height\":196,\"caption\":\"La Gu\u00eda de Pamplona \\\/ Noticias\"},\"image\":{\"@id\":\"https:\\\/\\\/www.laguiadepamplona.com\\\/actualidad\\\/#\\\/schema\\\/logo\\\/image\\\/\"},\"sameAs\":[\"https:\\\/\\\/www.facebook.com\\\/laguiadepamplonacom-133175176762273\\\/?ref=hl\",\"https:\\\/\\\/x.com\\\/LaGuiadPamplona\",\"https:\\\/\\\/www.instagram.com\\\/la_guia_de_pamplona\\\/\",\"https:\\\/\\\/www.youtube.com\\\/user\\\/laguiadepamplona\"]},{\"@type\":\"Person\",\"@id\":\"https:\\\/\\\/www.laguiadepamplona.com\\\/actualidad\\\/#\\\/schema\\\/person\\\/efe887376f0213d4657c93adc50b1fdb\",\"name\":\"La Gu\u00eda de Pamplona\",\"image\":{\"@type\":\"ImageObject\",\"inLanguage\":\"es\",\"@id\":\"https:\\\/\\\/secure.gravatar.com\\\/avatar\\\/b6992f131dc8d30ab0dff15446e9d346d9dbd95992de0fef795073f5ea83a81c?s=96&d=mm&r=g\",\"url\":\"https:\\\/\\\/secure.gravatar.com\\\/avatar\\\/b6992f131dc8d30ab0dff15446e9d346d9dbd95992de0fef795073f5ea83a81c?s=96&d=mm&r=g\",\"contentUrl\":\"https:\\\/\\\/secure.gravatar.com\\\/avatar\\\/b6992f131dc8d30ab0dff15446e9d346d9dbd95992de0fef795073f5ea83a81c?s=96&d=mm&r=g\",\"caption\":\"La Gu\u00eda de Pamplona\"}}]}<\/script>\n<!-- \/ Yoast SEO plugin. -->","yoast_head_json":{"title":"Este lunes arrancan los grupos gratuitos de apoyo familiar y parentalidad positiva \u2018Creciendo contigo\u2019","description":"Se han formado 15 grupos participativos, 9 de ellos presenciales y 6 online, que acogen a las 271 personas inscritas","robots":{"index":"index","follow":"follow","max-snippet":"max-snippet:-1","max-image-preview":"max-image-preview:large","max-video-preview":"max-video-preview:-1"},"canonical":"https:\/\/www.laguiadepamplona.com\/actualidad\/este-lunes-arrancan-los-grupos-gratuitos-de-apoyo-familiar-y-parentalidad-positiva-creciendo-contigo\/","og_locale":"es_ES","og_type":"article","og_title":"Este lunes arrancan los grupos gratuitos de apoyo familiar y parentalidad positiva \u2018Creciendo contigo\u2019","og_description":"Se han formado 15 grupos participativos, 9 de ellos presenciales y 6 online, que acogen a las 271 personas inscritas","og_url":"https:\/\/www.laguiadepamplona.com\/actualidad\/este-lunes-arrancan-los-grupos-gratuitos-de-apoyo-familiar-y-parentalidad-positiva-creciendo-contigo\/","og_site_name":"La Gu\u00eda de Pamplona","article_publisher":"https:\/\/www.facebook.com\/laguiadepamplonacom-133175176762273\/?ref=hl","article_published_time":"2023-01-30T12:04:08+00:00","article_modified_time":"2023-04-11T09:47:20+00:00","og_image":[{"width":1920,"height":1280,"url":"https:\/\/www.laguiadepamplona.com\/actualidad\/wp-content\/uploads\/2023\/01\/familia_04-copia.webp","type":"image\/webp"}],"author":"La Gu\u00eda de Pamplona","twitter_card":"summary_large_image","twitter_creator":"@LaGuiadPamplona","twitter_site":"@LaGuiadPamplona","twitter_misc":{"Escrito por":"La Gu\u00eda de Pamplona","Tiempo de lectura":"3 minutos"},"schema":{"@context":"https:\/\/schema.org","@graph":[{"@type":"Article","@id":"https:\/\/www.laguiadepamplona.com\/actualidad\/este-lunes-arrancan-los-grupos-gratuitos-de-apoyo-familiar-y-parentalidad-positiva-creciendo-contigo\/#article","isPartOf":{"@id":"https:\/\/www.laguiadepamplona.com\/actualidad\/este-lunes-arrancan-los-grupos-gratuitos-de-apoyo-familiar-y-parentalidad-positiva-creciendo-contigo\/"},"author":{"name":"La Gu\u00eda de Pamplona","@id":"https:\/\/www.laguiadepamplona.com\/actualidad\/#\/schema\/person\/efe887376f0213d4657c93adc50b1fdb"},"headline":"Este lunes arrancan los grupos gratuitos de apoyo familiar y parentalidad positiva \u2018Creciendo contigo\u2019","datePublished":"2023-01-30T12:04:08+00:00","dateModified":"2023-04-11T09:47:20+00:00","mainEntityOfPage":{"@id":"https:\/\/www.laguiadepamplona.com\/actualidad\/este-lunes-arrancan-los-grupos-gratuitos-de-apoyo-familiar-y-parentalidad-positiva-creciendo-contigo\/"},"wordCount":490,"commentCount":0,"publisher":{"@id":"https:\/\/www.laguiadepamplona.com\/actualidad\/#organization"},"image":{"@id":"https:\/\/www.laguiadepamplona.com\/actualidad\/este-lunes-arrancan-los-grupos-gratuitos-de-apoyo-familiar-y-parentalidad-positiva-creciendo-contigo\/#primaryimage"},"thumbnailUrl":"https:\/\/www.laguiadepamplona.com\/actualidad\/wp-content\/uploads\/2023\/01\/familia_04-copia.webp","articleSection":["Ayto Pamplona"],"inLanguage":"es","potentialAction":[{"@type":"CommentAction","name":"Comment","target":["https:\/\/www.laguiadepamplona.com\/actualidad\/este-lunes-arrancan-los-grupos-gratuitos-de-apoyo-familiar-y-parentalidad-positiva-creciendo-contigo\/#respond"]}]},{"@type":"WebPage","@id":"https:\/\/www.laguiadepamplona.com\/actualidad\/este-lunes-arrancan-los-grupos-gratuitos-de-apoyo-familiar-y-parentalidad-positiva-creciendo-contigo\/","url":"https:\/\/www.laguiadepamplona.com\/actualidad\/este-lunes-arrancan-los-grupos-gratuitos-de-apoyo-familiar-y-parentalidad-positiva-creciendo-contigo\/","name":"Este lunes arrancan los grupos gratuitos de apoyo familiar y parentalidad positiva \u2018Creciendo contigo\u2019","isPartOf":{"@id":"https:\/\/www.laguiadepamplona.com\/actualidad\/#website"},"primaryImageOfPage":{"@id":"https:\/\/www.laguiadepamplona.com\/actualidad\/este-lunes-arrancan-los-grupos-gratuitos-de-apoyo-familiar-y-parentalidad-positiva-creciendo-contigo\/#primaryimage"},"image":{"@id":"https:\/\/www.laguiadepamplona.com\/actualidad\/este-lunes-arrancan-los-grupos-gratuitos-de-apoyo-familiar-y-parentalidad-positiva-creciendo-contigo\/#primaryimage"},"thumbnailUrl":"https:\/\/www.laguiadepamplona.com\/actualidad\/wp-content\/uploads\/2023\/01\/familia_04-copia.webp","datePublished":"2023-01-30T12:04:08+00:00","dateModified":"2023-04-11T09:47:20+00:00","description":"Se han formado 15 grupos participativos, 9 de ellos presenciales y 6 online, que acogen a las 271 personas inscritas","breadcrumb":{"@id":"https:\/\/www.laguiadepamplona.com\/actualidad\/este-lunes-arrancan-los-grupos-gratuitos-de-apoyo-familiar-y-parentalidad-positiva-creciendo-contigo\/#breadcrumb"},"inLanguage":"es","potentialAction":[{"@type":"ReadAction","target":["https:\/\/www.laguiadepamplona.com\/actualidad\/este-lunes-arrancan-los-grupos-gratuitos-de-apoyo-familiar-y-parentalidad-positiva-creciendo-contigo\/"]}]},{"@type":"ImageObject","inLanguage":"es","@id":"https:\/\/www.laguiadepamplona.com\/actualidad\/este-lunes-arrancan-los-grupos-gratuitos-de-apoyo-familiar-y-parentalidad-positiva-creciendo-contigo\/#primaryimage","url":"https:\/\/www.laguiadepamplona.com\/actualidad\/wp-content\/uploads\/2023\/01\/familia_04-copia.webp","contentUrl":"https:\/\/www.laguiadepamplona.com\/actualidad\/wp-content\/uploads\/2023\/01\/familia_04-copia.webp","width":1920,"height":1280},{"@type":"BreadcrumbList","@id":"https:\/\/www.laguiadepamplona.com\/actualidad\/este-lunes-arrancan-los-grupos-gratuitos-de-apoyo-familiar-y-parentalidad-positiva-creciendo-contigo\/#breadcrumb","itemListElement":[{"@type":"ListItem","position":1,"name":"Portada","item":"https:\/\/www.laguiadepamplona.com\/actualidad\/"},{"@type":"ListItem","position":2,"name":"Este lunes arrancan los grupos gratuitos de apoyo familiar y parentalidad positiva \u2018Creciendo contigo\u2019"}]},{"@type":"WebSite","@id":"https:\/\/www.laguiadepamplona.com\/actualidad\/#website","url":"https:\/\/www.laguiadepamplona.com\/actualidad\/","name":"La gu\u00eda de Pamplona","description":"Noticias de Pamplona","publisher":{"@id":"https:\/\/www.laguiadepamplona.com\/actualidad\/#organization"},"potentialAction":[{"@type":"SearchAction","target":{"@type":"EntryPoint","urlTemplate":"https:\/\/www.laguiadepamplona.com\/actualidad\/?s={search_term_string}"},"query-input":{"@type":"PropertyValueSpecification","valueRequired":true,"valueName":"search_term_string"}}],"inLanguage":"es"},{"@type":"Organization","@id":"https:\/\/www.laguiadepamplona.com\/actualidad\/#organization","name":"La Gu\u00eda de Pamplona \/ Noticias","url":"https:\/\/www.laguiadepamplona.com\/actualidad\/","logo":{"@type":"ImageObject","inLanguage":"es","@id":"https:\/\/www.laguiadepamplona.com\/actualidad\/#\/schema\/logo\/image\/","url":"https:\/\/www.laguiadepamplona.com\/actualidad\/wp-content\/uploads\/2018\/11\/logo-laguiadepamplona18-web1.png","contentUrl":"https:\/\/www.laguiadepamplona.com\/actualidad\/wp-content\/uploads\/2018\/11\/logo-laguiadepamplona18-web1.png","width":600,"height":196,"caption":"La Gu\u00eda de Pamplona \/ Noticias"},"image":{"@id":"https:\/\/www.laguiadepamplona.com\/actualidad\/#\/schema\/logo\/image\/"},"sameAs":["https:\/\/www.facebook.com\/laguiadepamplonacom-133175176762273\/?ref=hl","https:\/\/x.com\/LaGuiadPamplona","https:\/\/www.instagram.com\/la_guia_de_pamplona\/","https:\/\/www.youtube.com\/user\/laguiadepamplona"]},{"@type":"Person","@id":"https:\/\/www.laguiadepamplona.com\/actualidad\/#\/schema\/person\/efe887376f0213d4657c93adc50b1fdb","name":"La Gu\u00eda de Pamplona","image":{"@type":"ImageObject","inLanguage":"es","@id":"https:\/\/secure.gravatar.com\/avatar\/b6992f131dc8d30ab0dff15446e9d346d9dbd95992de0fef795073f5ea83a81c?s=96&d=mm&r=g","url":"https:\/\/secure.gravatar.com\/avatar\/b6992f131dc8d30ab0dff15446e9d346d9dbd95992de0fef795073f5ea83a81c?s=96&d=mm&r=g","contentUrl":"https:\/\/secure.gravatar.com\/avatar\/b6992f131dc8d30ab0dff15446e9d346d9dbd95992de0fef795073f5ea83a81c?s=96&d=mm&r=g","caption":"La Gu\u00eda de Pamplona"}}]}},"post_mailing_queue_ids":[],"_links":{"self":[{"href":"https:\/\/www.laguiadepamplona.com\/actualidad\/wp-json\/wp\/v2\/posts\/42710","targetHints":{"allow":["GET"]}}],"collection":[{"href":"https:\/\/www.laguiadepamplona.com\/actualidad\/wp-json\/wp\/v2\/posts"}],"about":[{"href":"https:\/\/www.laguiadepamplona.com\/actualidad\/wp-json\/wp\/v2\/types\/post"}],"author":[{"embeddable":true,"href":"https:\/\/www.laguiadepamplona.com\/actualidad\/wp-json\/wp\/v2\/users\/1"}],"replies":[{"embeddable":true,"href":"https:\/\/www.laguiadepamplona.com\/actualidad\/wp-json\/wp\/v2\/comments?post=42710"}],"version-history":[{"count":0,"href":"https:\/\/www.laguiadepamplona.com\/actualidad\/wp-json\/wp\/v2\/posts\/42710\/revisions"}],"wp:featuredmedia":[{"embeddable":true,"href":"https:\/\/www.laguiadepamplona.com\/actualidad\/wp-json\/wp\/v2\/media\/42711"}],"wp:attachment":[{"href":"https:\/\/www.laguiadepamplona.com\/actualidad\/wp-json\/wp\/v2\/media?parent=42710"}],"wp:term":[{"taxonomy":"category","embeddable":true,"href":"https:\/\/www.laguiadepamplona.com\/actualidad\/wp-json\/wp\/v2\/categories?post=42710"},{"taxonomy":"post_tag","embeddable":true,"href":"https:\/\/www.laguiadepamplona.com\/actualidad\/wp-json\/wp\/v2\/tags?post=42710"}],"curies":[{"name":"wp","href":"https:\/\/api.w.org\/{rel}","templated":true}]}}