{"id":42705,"date":"2023-01-30T13:56:22","date_gmt":"2023-01-30T11:56:22","guid":{"rendered":"https:\/\/www.laguiadepamplona.com\/actualidad\/?p=42705"},"modified":"2023-04-11T11:47:20","modified_gmt":"2023-04-11T09:47:20","slug":"el-programa-policia-comunitaria-en-tu-civivox-atiende-desde-este-miercoles-las-sugerencias-y-solicitudes-que-la-ciudadania-de-siete-barrios-ha-presentado-este-mes","status":"publish","type":"post","link":"https:\/\/www.laguiadepamplona.com\/actualidad\/el-programa-policia-comunitaria-en-tu-civivox-atiende-desde-este-miercoles-las-sugerencias-y-solicitudes-que-la-ciudadania-de-siete-barrios-ha-presentado-este-mes\/","title":{"rendered":"El programa \u2018Polic\u00eda comunitaria en tu Civivox\u2019 atiende desde este mi\u00e9rcoles las sugerencias y solicitudes que la ciudadan\u00eda de siete barrios ha presentado este mes"},"content":{"rendered":"<h5>Civivox San Jorge acoge la primera de las citas que se celebran una vez al mes en centros de la red civivox y el centro comunitario Santa Mar\u00eda la Real<\/h5>\n<p><!--more--><\/p>\n<p>El programa \u2018Polic\u00eda Comunitaria en tu Civivox\u2019 arranca este mi\u00e9rcoles sus citas del mes de febrero. El programa est\u00e1 disponible en siete barrios de la ciudad, donde da servicio a 136.708 personas. La ciudadan\u00eda puede dirigirse al agente titular de su barrio, para trasladarle de manera directa sus solicitudes o sugerencias. Este servicio se presta bajo demanda, de forma que se genera un espacio de intercambio de informaci\u00f3n entre la Polic\u00eda Comunitaria y su barrio a trav\u00e9s de la presencia publicitada en los Civivox.<\/p>\n<p>Los agentes titulares, con apoyo de otros polic\u00edas comunitarios, mantienen una entrevista con quien la haya solicitado para tratar problemas, en principio, relacionados con seguridad ciudadana e incumplimiento de ordenanzas. Si el asunto es sobre otra materia, los agentes derivan a la persona interesada al servicio correspondiente. Las citas se solicitan en el Civivox del barrio de forma presencial o por tel\u00e9fono, en el horario habitual del centro. El servicio es gratuito para las personas solicitantes.<\/p>\n<p>Este programa busca generar una relaci\u00f3n de confianza, a trav\u00e9s de una comunicaci\u00f3n directa y personal con los vecinos y vecinas, as\u00ed como con las asociaciones vecinales, entidades p\u00fablicas, colegios o trabajadores sociales de cada zona. El contacto directo y el acceso al nombre, tel\u00e9fono y correo electr\u00f3nico del agente facilita que se le puedan trasladar habitualmente sus problemas para que los agentes les puedan dar soluci\u00f3n.<br \/>\n<script async src=\"\/\/pagead2.googlesyndication.com\/pagead\/js\/adsbygoogle.js\"><\/script><br \/>\n<!-- Noticias La Guia de Pamplona --><br \/>\n<ins class=\"adsbygoogle\"\nstyle=\"display:block\"\ndata-ad-client=\"ca-pub-6943679897239327\"\ndata-ad-slot=\"7048180777\"\ndata-ad-format=\"auto\"><\/ins><br \/>\n<script>\n(adsbygoogle = window.adsbygoogle || []).push({});\n<\/script><\/p>\n<p><strong>Una cita fija cada mes<\/strong><\/p>\n<p>Las citas son mensuales, en un d\u00eda fijo de la semana en funci\u00f3n del barrio. Este mi\u00e9rcoles, los vecinos y vecinas de San Jorge y Buztintxuri que lo hayan solicitado tendr\u00e1n la reuni\u00f3n con el agente en Civivox San Jorge. El jueves, se celebrar\u00e1n las correspondientes citas de Milagrosa- Arrosadia y Azpilaga\u00f1a, en Civivox Milagrosa, y las de los Ensanches, en Civivox Ensanche. Tambi\u00e9n como primer jueves de mes tienen su reuni\u00f3n las personas de Lezkairu-Santa Mar\u00eda la Real, en el centro comunitario Santa Mar\u00eda la Real, en la calle Mutilva 19.<\/p>\n<p>El primer lunes del mes, Civivox Jus la Rocha acoger\u00e1 las sugerencias del vecindario de Rochapea y Civivox Iturrama las del barrio de Iturrama. Cierra el programa este mes la cita del martes en Civivox Mendillorri, donde se re\u00fane el agente con los vecinos y vecinas de los barrios de Mendillorri, Ripagaina y Santa Mar\u00eda la Real.<br \/>\n<script async src=\"\/\/pagead2.googlesyndication.com\/pagead\/js\/adsbygoogle.js\"><\/script><br \/>\n<!-- Noticias La Guia de Pamplona --><br \/>\n<ins class=\"adsbygoogle\"\nstyle=\"display:block\"\ndata-ad-client=\"ca-pub-6943679897239327\"\ndata-ad-slot=\"7048180777\"\ndata-ad-format=\"auto\"><\/ins><br \/>\n<script>\n(adsbygoogle = window.adsbygoogle || []).push({});\n<\/script><\/p>\n<p>&nbsp;<\/p>\n<h3>Servicio de Polic\u00eda Comunitaria en Siete Barrios<\/h3>\n<ul>\n<li>Iturrama\n<ul>\n<li>Primer lunes de cada mes<\/li>\n<li>Solicitud de cita en Civivox Iturrama o el tel\u00e9fono 948 36 66 55<\/li>\n<\/ul>\n<\/li>\n<li>Mendillorri-Ripagaina-Santa Mar\u00eda la Real\n<ul>\n<li>Primer martes de cada mes<\/li>\n<li>Solicitud de cita en Civivox Mendillorri o el tel\u00e9fono 948 16 41 14<\/li>\n<\/ul>\n<\/li>\n<li>San Jorge-Buztintxuri\n<ul>\n<li>Primer mi\u00e9rcoles de cada mes<\/li>\n<li>Solicitud de cita en Civivox San Jorge o en el tel\u00e9fono 948 13 64 00<\/li>\n<\/ul>\n<\/li>\n<li>Milagrosa-Arrosadia y Azpilaga\u00f1a\n<ul>\n<li>Primer jueves de cada mes<\/li>\n<li>Solicitud de cita en Civivox Milagrosa o el tel\u00e9fono 948 29 28 02<\/li>\n<\/ul>\n<\/li>\n<li>Lezkairu-Santa Mar\u00eda la Real\n<ul>\n<li>Primer jueves de cada mes<\/li>\n<li>Solicitud de cita en el Centro Comunitario Santa Mar\u00eda la Real (calle Mutilva Baja, 19) o el tel\u00e9fono 948 42 05 10<\/li>\n<\/ul>\n<\/li>\n<li>Ensanches\n<ul>\n<li>Primer jueves de cada mes<\/li>\n<li>Solicitud de cita en Civivox Ensanche o el tel\u00e9fono 948 23 28 88<\/li>\n<\/ul>\n<\/li>\n<li>Rochapea\n<ul>\n<li>Primer lunes del mes<\/li>\n<li>Solicitud de cita en Civivox Jus la Rocha o el tel\u00e9fono 948 13 21 90<\/li>\n<\/ul>\n<\/li>\n<\/ul>\n","protected":false},"excerpt":{"rendered":"<p>Civivox San Jorge acoge la primera de las citas que se celebran una vez al mes en centros de la red civivox y el centro comunitario Santa Mar\u00eda la Real<\/p>\n","protected":false},"author":1,"featured_media":39130,"comment_status":"open","ping_status":"closed","sticky":false,"template":"","format":"standard","meta":{"footnotes":""},"categories":[2],"tags":[],"class_list":["post-42705","post","type-post","status-publish","format-standard","has-post-thumbnail","hentry","category-ayuntamiento-pamplona"],"yoast_head":"<!-- This site is optimized with the Yoast SEO plugin v27.3 - https:\/\/yoast.com\/product\/yoast-seo-wordpress\/ -->\n<title>El programa \u2018Polic\u00eda comunitaria en tu Civivox\u2019 atiende desde este mi\u00e9rcoles las sugerencias y solicitudes que la ciudadan\u00eda de siete barrios ha presentado este mes<\/title>\n<meta name=\"description\" content=\"Civivox San Jorge acoge la primera de las citas que se celebran una vez al mes en centros de la red civivox y el centro comunitario Santa Mar\u00eda la Real\" \/>\n<meta name=\"robots\" content=\"index, follow, max-snippet:-1, max-image-preview:large, max-video-preview:-1\" \/>\n<link rel=\"canonical\" href=\"https:\/\/www.laguiadepamplona.com\/actualidad\/el-programa-policia-comunitaria-en-tu-civivox-atiende-desde-este-miercoles-las-sugerencias-y-solicitudes-que-la-ciudadania-de-siete-barrios-ha-presentado-este-mes\/\" \/>\n<meta property=\"og:locale\" content=\"es_ES\" \/>\n<meta property=\"og:type\" content=\"article\" \/>\n<meta property=\"og:title\" content=\"El programa \u2018Polic\u00eda comunitaria en tu Civivox\u2019 atiende desde este mi\u00e9rcoles las sugerencias y solicitudes que la ciudadan\u00eda de siete barrios ha presentado este mes\" \/>\n<meta property=\"og:description\" content=\"Civivox San Jorge acoge la primera de las citas que se celebran una vez al mes en centros de la red civivox y el centro comunitario Santa Mar\u00eda la Real\" \/>\n<meta property=\"og:url\" content=\"https:\/\/www.laguiadepamplona.com\/actualidad\/el-programa-policia-comunitaria-en-tu-civivox-atiende-desde-este-miercoles-las-sugerencias-y-solicitudes-que-la-ciudadania-de-siete-barrios-ha-presentado-este-mes\/\" \/>\n<meta property=\"og:site_name\" content=\"La Gu\u00eda de Pamplona\" \/>\n<meta property=\"article:publisher\" content=\"https:\/\/www.facebook.com\/laguiadepamplonacom-133175176762273\/?ref=hl\" \/>\n<meta property=\"article:published_time\" content=\"2023-01-30T11:56:22+00:00\" \/>\n<meta property=\"article:modified_time\" content=\"2023-04-11T09:47:20+00:00\" \/>\n<meta property=\"og:image\" content=\"https:\/\/www.laguiadepamplona.com\/actualidad\/wp-content\/uploads\/2022\/03\/policia-comunitaria-web_1.jpg\" \/>\n\t<meta property=\"og:image:width\" content=\"1818\" \/>\n\t<meta property=\"og:image:height\" content=\"1212\" \/>\n\t<meta property=\"og:image:type\" content=\"image\/jpeg\" \/>\n<meta name=\"author\" content=\"La Gu\u00eda de Pamplona\" \/>\n<meta name=\"twitter:card\" content=\"summary_large_image\" \/>\n<meta name=\"twitter:creator\" content=\"@LaGuiadPamplona\" \/>\n<meta name=\"twitter:site\" content=\"@LaGuiadPamplona\" \/>\n<meta name=\"twitter:label1\" content=\"Escrito por\" \/>\n\t<meta name=\"twitter:data1\" content=\"La Gu\u00eda de Pamplona\" \/>\n\t<meta name=\"twitter:label2\" content=\"Tiempo de lectura\" \/>\n\t<meta name=\"twitter:data2\" content=\"3 minutos\" \/>\n<script type=\"application\/ld+json\" class=\"yoast-schema-graph\">{\"@context\":\"https:\\\/\\\/schema.org\",\"@graph\":[{\"@type\":\"Article\",\"@id\":\"https:\\\/\\\/www.laguiadepamplona.com\\\/actualidad\\\/el-programa-policia-comunitaria-en-tu-civivox-atiende-desde-este-miercoles-las-sugerencias-y-solicitudes-que-la-ciudadania-de-siete-barrios-ha-presentado-este-mes\\\/#article\",\"isPartOf\":{\"@id\":\"https:\\\/\\\/www.laguiadepamplona.com\\\/actualidad\\\/el-programa-policia-comunitaria-en-tu-civivox-atiende-desde-este-miercoles-las-sugerencias-y-solicitudes-que-la-ciudadania-de-siete-barrios-ha-presentado-este-mes\\\/\"},\"author\":{\"name\":\"La Gu\u00eda de Pamplona\",\"@id\":\"https:\\\/\\\/www.laguiadepamplona.com\\\/actualidad\\\/#\\\/schema\\\/person\\\/efe887376f0213d4657c93adc50b1fdb\"},\"headline\":\"El programa \u2018Polic\u00eda comunitaria en tu Civivox\u2019 atiende desde este mi\u00e9rcoles las sugerencias y solicitudes que la ciudadan\u00eda de siete barrios ha presentado este mes\",\"datePublished\":\"2023-01-30T11:56:22+00:00\",\"dateModified\":\"2023-04-11T09:47:20+00:00\",\"mainEntityOfPage\":{\"@id\":\"https:\\\/\\\/www.laguiadepamplona.com\\\/actualidad\\\/el-programa-policia-comunitaria-en-tu-civivox-atiende-desde-este-miercoles-las-sugerencias-y-solicitudes-que-la-ciudadania-de-siete-barrios-ha-presentado-este-mes\\\/\"},\"wordCount\":612,\"commentCount\":0,\"publisher\":{\"@id\":\"https:\\\/\\\/www.laguiadepamplona.com\\\/actualidad\\\/#organization\"},\"image\":{\"@id\":\"https:\\\/\\\/www.laguiadepamplona.com\\\/actualidad\\\/el-programa-policia-comunitaria-en-tu-civivox-atiende-desde-este-miercoles-las-sugerencias-y-solicitudes-que-la-ciudadania-de-siete-barrios-ha-presentado-este-mes\\\/#primaryimage\"},\"thumbnailUrl\":\"https:\\\/\\\/www.laguiadepamplona.com\\\/actualidad\\\/wp-content\\\/uploads\\\/2022\\\/03\\\/policia-comunitaria-web_1.jpg\",\"articleSection\":[\"Ayto Pamplona\"],\"inLanguage\":\"es\",\"potentialAction\":[{\"@type\":\"CommentAction\",\"name\":\"Comment\",\"target\":[\"https:\\\/\\\/www.laguiadepamplona.com\\\/actualidad\\\/el-programa-policia-comunitaria-en-tu-civivox-atiende-desde-este-miercoles-las-sugerencias-y-solicitudes-que-la-ciudadania-de-siete-barrios-ha-presentado-este-mes\\\/#respond\"]}]},{\"@type\":\"WebPage\",\"@id\":\"https:\\\/\\\/www.laguiadepamplona.com\\\/actualidad\\\/el-programa-policia-comunitaria-en-tu-civivox-atiende-desde-este-miercoles-las-sugerencias-y-solicitudes-que-la-ciudadania-de-siete-barrios-ha-presentado-este-mes\\\/\",\"url\":\"https:\\\/\\\/www.laguiadepamplona.com\\\/actualidad\\\/el-programa-policia-comunitaria-en-tu-civivox-atiende-desde-este-miercoles-las-sugerencias-y-solicitudes-que-la-ciudadania-de-siete-barrios-ha-presentado-este-mes\\\/\",\"name\":\"El programa \u2018Polic\u00eda comunitaria en tu Civivox\u2019 atiende desde este mi\u00e9rcoles las sugerencias y solicitudes que la ciudadan\u00eda de siete barrios ha presentado este mes\",\"isPartOf\":{\"@id\":\"https:\\\/\\\/www.laguiadepamplona.com\\\/actualidad\\\/#website\"},\"primaryImageOfPage\":{\"@id\":\"https:\\\/\\\/www.laguiadepamplona.com\\\/actualidad\\\/el-programa-policia-comunitaria-en-tu-civivox-atiende-desde-este-miercoles-las-sugerencias-y-solicitudes-que-la-ciudadania-de-siete-barrios-ha-presentado-este-mes\\\/#primaryimage\"},\"image\":{\"@id\":\"https:\\\/\\\/www.laguiadepamplona.com\\\/actualidad\\\/el-programa-policia-comunitaria-en-tu-civivox-atiende-desde-este-miercoles-las-sugerencias-y-solicitudes-que-la-ciudadania-de-siete-barrios-ha-presentado-este-mes\\\/#primaryimage\"},\"thumbnailUrl\":\"https:\\\/\\\/www.laguiadepamplona.com\\\/actualidad\\\/wp-content\\\/uploads\\\/2022\\\/03\\\/policia-comunitaria-web_1.jpg\",\"datePublished\":\"2023-01-30T11:56:22+00:00\",\"dateModified\":\"2023-04-11T09:47:20+00:00\",\"description\":\"Civivox San Jorge acoge la primera de las citas que se celebran una vez al mes en centros de la red civivox y el centro comunitario Santa Mar\u00eda la Real\",\"breadcrumb\":{\"@id\":\"https:\\\/\\\/www.laguiadepamplona.com\\\/actualidad\\\/el-programa-policia-comunitaria-en-tu-civivox-atiende-desde-este-miercoles-las-sugerencias-y-solicitudes-que-la-ciudadania-de-siete-barrios-ha-presentado-este-mes\\\/#breadcrumb\"},\"inLanguage\":\"es\",\"potentialAction\":[{\"@type\":\"ReadAction\",\"target\":[\"https:\\\/\\\/www.laguiadepamplona.com\\\/actualidad\\\/el-programa-policia-comunitaria-en-tu-civivox-atiende-desde-este-miercoles-las-sugerencias-y-solicitudes-que-la-ciudadania-de-siete-barrios-ha-presentado-este-mes\\\/\"]}]},{\"@type\":\"ImageObject\",\"inLanguage\":\"es\",\"@id\":\"https:\\\/\\\/www.laguiadepamplona.com\\\/actualidad\\\/el-programa-policia-comunitaria-en-tu-civivox-atiende-desde-este-miercoles-las-sugerencias-y-solicitudes-que-la-ciudadania-de-siete-barrios-ha-presentado-este-mes\\\/#primaryimage\",\"url\":\"https:\\\/\\\/www.laguiadepamplona.com\\\/actualidad\\\/wp-content\\\/uploads\\\/2022\\\/03\\\/policia-comunitaria-web_1.jpg\",\"contentUrl\":\"https:\\\/\\\/www.laguiadepamplona.com\\\/actualidad\\\/wp-content\\\/uploads\\\/2022\\\/03\\\/policia-comunitaria-web_1.jpg\",\"width\":1818,\"height\":1212,\"caption\":\"polic\u00eda comunitaria\"},{\"@type\":\"BreadcrumbList\",\"@id\":\"https:\\\/\\\/www.laguiadepamplona.com\\\/actualidad\\\/el-programa-policia-comunitaria-en-tu-civivox-atiende-desde-este-miercoles-las-sugerencias-y-solicitudes-que-la-ciudadania-de-siete-barrios-ha-presentado-este-mes\\\/#breadcrumb\",\"itemListElement\":[{\"@type\":\"ListItem\",\"position\":1,\"name\":\"Portada\",\"item\":\"https:\\\/\\\/www.laguiadepamplona.com\\\/actualidad\\\/\"},{\"@type\":\"ListItem\",\"position\":2,\"name\":\"El programa \u2018Polic\u00eda comunitaria en tu Civivox\u2019 atiende desde este mi\u00e9rcoles las sugerencias y solicitudes que la ciudadan\u00eda de siete barrios ha presentado este mes\"}]},{\"@type\":\"WebSite\",\"@id\":\"https:\\\/\\\/www.laguiadepamplona.com\\\/actualidad\\\/#website\",\"url\":\"https:\\\/\\\/www.laguiadepamplona.com\\\/actualidad\\\/\",\"name\":\"La gu\u00eda de Pamplona\",\"description\":\"Noticias de Pamplona\",\"publisher\":{\"@id\":\"https:\\\/\\\/www.laguiadepamplona.com\\\/actualidad\\\/#organization\"},\"potentialAction\":[{\"@type\":\"SearchAction\",\"target\":{\"@type\":\"EntryPoint\",\"urlTemplate\":\"https:\\\/\\\/www.laguiadepamplona.com\\\/actualidad\\\/?s={search_term_string}\"},\"query-input\":{\"@type\":\"PropertyValueSpecification\",\"valueRequired\":true,\"valueName\":\"search_term_string\"}}],\"inLanguage\":\"es\"},{\"@type\":\"Organization\",\"@id\":\"https:\\\/\\\/www.laguiadepamplona.com\\\/actualidad\\\/#organization\",\"name\":\"La Gu\u00eda de Pamplona \\\/ Noticias\",\"url\":\"https:\\\/\\\/www.laguiadepamplona.com\\\/actualidad\\\/\",\"logo\":{\"@type\":\"ImageObject\",\"inLanguage\":\"es\",\"@id\":\"https:\\\/\\\/www.laguiadepamplona.com\\\/actualidad\\\/#\\\/schema\\\/logo\\\/image\\\/\",\"url\":\"https:\\\/\\\/www.laguiadepamplona.com\\\/actualidad\\\/wp-content\\\/uploads\\\/2018\\\/11\\\/logo-laguiadepamplona18-web1.png\",\"contentUrl\":\"https:\\\/\\\/www.laguiadepamplona.com\\\/actualidad\\\/wp-content\\\/uploads\\\/2018\\\/11\\\/logo-laguiadepamplona18-web1.png\",\"width\":600,\"height\":196,\"caption\":\"La Gu\u00eda de Pamplona \\\/ Noticias\"},\"image\":{\"@id\":\"https:\\\/\\\/www.laguiadepamplona.com\\\/actualidad\\\/#\\\/schema\\\/logo\\\/image\\\/\"},\"sameAs\":[\"https:\\\/\\\/www.facebook.com\\\/laguiadepamplonacom-133175176762273\\\/?ref=hl\",\"https:\\\/\\\/x.com\\\/LaGuiadPamplona\",\"https:\\\/\\\/www.instagram.com\\\/la_guia_de_pamplona\\\/\",\"https:\\\/\\\/www.youtube.com\\\/user\\\/laguiadepamplona\"]},{\"@type\":\"Person\",\"@id\":\"https:\\\/\\\/www.laguiadepamplona.com\\\/actualidad\\\/#\\\/schema\\\/person\\\/efe887376f0213d4657c93adc50b1fdb\",\"name\":\"La Gu\u00eda de Pamplona\",\"image\":{\"@type\":\"ImageObject\",\"inLanguage\":\"es\",\"@id\":\"https:\\\/\\\/secure.gravatar.com\\\/avatar\\\/b6992f131dc8d30ab0dff15446e9d346d9dbd95992de0fef795073f5ea83a81c?s=96&d=mm&r=g\",\"url\":\"https:\\\/\\\/secure.gravatar.com\\\/avatar\\\/b6992f131dc8d30ab0dff15446e9d346d9dbd95992de0fef795073f5ea83a81c?s=96&d=mm&r=g\",\"contentUrl\":\"https:\\\/\\\/secure.gravatar.com\\\/avatar\\\/b6992f131dc8d30ab0dff15446e9d346d9dbd95992de0fef795073f5ea83a81c?s=96&d=mm&r=g\",\"caption\":\"La Gu\u00eda de Pamplona\"}}]}<\/script>\n<!-- \/ Yoast SEO plugin. -->","yoast_head_json":{"title":"El programa \u2018Polic\u00eda comunitaria en tu Civivox\u2019 atiende desde este mi\u00e9rcoles las sugerencias y solicitudes que la ciudadan\u00eda de siete barrios ha presentado este mes","description":"Civivox San Jorge acoge la primera de las citas que se celebran una vez al mes en centros de la red civivox y el centro comunitario Santa Mar\u00eda la Real","robots":{"index":"index","follow":"follow","max-snippet":"max-snippet:-1","max-image-preview":"max-image-preview:large","max-video-preview":"max-video-preview:-1"},"canonical":"https:\/\/www.laguiadepamplona.com\/actualidad\/el-programa-policia-comunitaria-en-tu-civivox-atiende-desde-este-miercoles-las-sugerencias-y-solicitudes-que-la-ciudadania-de-siete-barrios-ha-presentado-este-mes\/","og_locale":"es_ES","og_type":"article","og_title":"El programa \u2018Polic\u00eda comunitaria en tu Civivox\u2019 atiende desde este mi\u00e9rcoles las sugerencias y solicitudes que la ciudadan\u00eda de siete barrios ha presentado este mes","og_description":"Civivox San Jorge acoge la primera de las citas que se celebran una vez al mes en centros de la red civivox y el centro comunitario Santa Mar\u00eda la Real","og_url":"https:\/\/www.laguiadepamplona.com\/actualidad\/el-programa-policia-comunitaria-en-tu-civivox-atiende-desde-este-miercoles-las-sugerencias-y-solicitudes-que-la-ciudadania-de-siete-barrios-ha-presentado-este-mes\/","og_site_name":"La Gu\u00eda de Pamplona","article_publisher":"https:\/\/www.facebook.com\/laguiadepamplonacom-133175176762273\/?ref=hl","article_published_time":"2023-01-30T11:56:22+00:00","article_modified_time":"2023-04-11T09:47:20+00:00","og_image":[{"width":1818,"height":1212,"url":"https:\/\/www.laguiadepamplona.com\/actualidad\/wp-content\/uploads\/2022\/03\/policia-comunitaria-web_1.jpg","type":"image\/jpeg"}],"author":"La Gu\u00eda de Pamplona","twitter_card":"summary_large_image","twitter_creator":"@LaGuiadPamplona","twitter_site":"@LaGuiadPamplona","twitter_misc":{"Escrito por":"La Gu\u00eda de Pamplona","Tiempo de lectura":"3 minutos"},"schema":{"@context":"https:\/\/schema.org","@graph":[{"@type":"Article","@id":"https:\/\/www.laguiadepamplona.com\/actualidad\/el-programa-policia-comunitaria-en-tu-civivox-atiende-desde-este-miercoles-las-sugerencias-y-solicitudes-que-la-ciudadania-de-siete-barrios-ha-presentado-este-mes\/#article","isPartOf":{"@id":"https:\/\/www.laguiadepamplona.com\/actualidad\/el-programa-policia-comunitaria-en-tu-civivox-atiende-desde-este-miercoles-las-sugerencias-y-solicitudes-que-la-ciudadania-de-siete-barrios-ha-presentado-este-mes\/"},"author":{"name":"La Gu\u00eda de Pamplona","@id":"https:\/\/www.laguiadepamplona.com\/actualidad\/#\/schema\/person\/efe887376f0213d4657c93adc50b1fdb"},"headline":"El programa \u2018Polic\u00eda comunitaria en tu Civivox\u2019 atiende desde este mi\u00e9rcoles las sugerencias y solicitudes que la ciudadan\u00eda de siete barrios ha presentado este mes","datePublished":"2023-01-30T11:56:22+00:00","dateModified":"2023-04-11T09:47:20+00:00","mainEntityOfPage":{"@id":"https:\/\/www.laguiadepamplona.com\/actualidad\/el-programa-policia-comunitaria-en-tu-civivox-atiende-desde-este-miercoles-las-sugerencias-y-solicitudes-que-la-ciudadania-de-siete-barrios-ha-presentado-este-mes\/"},"wordCount":612,"commentCount":0,"publisher":{"@id":"https:\/\/www.laguiadepamplona.com\/actualidad\/#organization"},"image":{"@id":"https:\/\/www.laguiadepamplona.com\/actualidad\/el-programa-policia-comunitaria-en-tu-civivox-atiende-desde-este-miercoles-las-sugerencias-y-solicitudes-que-la-ciudadania-de-siete-barrios-ha-presentado-este-mes\/#primaryimage"},"thumbnailUrl":"https:\/\/www.laguiadepamplona.com\/actualidad\/wp-content\/uploads\/2022\/03\/policia-comunitaria-web_1.jpg","articleSection":["Ayto Pamplona"],"inLanguage":"es","potentialAction":[{"@type":"CommentAction","name":"Comment","target":["https:\/\/www.laguiadepamplona.com\/actualidad\/el-programa-policia-comunitaria-en-tu-civivox-atiende-desde-este-miercoles-las-sugerencias-y-solicitudes-que-la-ciudadania-de-siete-barrios-ha-presentado-este-mes\/#respond"]}]},{"@type":"WebPage","@id":"https:\/\/www.laguiadepamplona.com\/actualidad\/el-programa-policia-comunitaria-en-tu-civivox-atiende-desde-este-miercoles-las-sugerencias-y-solicitudes-que-la-ciudadania-de-siete-barrios-ha-presentado-este-mes\/","url":"https:\/\/www.laguiadepamplona.com\/actualidad\/el-programa-policia-comunitaria-en-tu-civivox-atiende-desde-este-miercoles-las-sugerencias-y-solicitudes-que-la-ciudadania-de-siete-barrios-ha-presentado-este-mes\/","name":"El programa \u2018Polic\u00eda comunitaria en tu Civivox\u2019 atiende desde este mi\u00e9rcoles las sugerencias y solicitudes que la ciudadan\u00eda de siete barrios ha presentado este mes","isPartOf":{"@id":"https:\/\/www.laguiadepamplona.com\/actualidad\/#website"},"primaryImageOfPage":{"@id":"https:\/\/www.laguiadepamplona.com\/actualidad\/el-programa-policia-comunitaria-en-tu-civivox-atiende-desde-este-miercoles-las-sugerencias-y-solicitudes-que-la-ciudadania-de-siete-barrios-ha-presentado-este-mes\/#primaryimage"},"image":{"@id":"https:\/\/www.laguiadepamplona.com\/actualidad\/el-programa-policia-comunitaria-en-tu-civivox-atiende-desde-este-miercoles-las-sugerencias-y-solicitudes-que-la-ciudadania-de-siete-barrios-ha-presentado-este-mes\/#primaryimage"},"thumbnailUrl":"https:\/\/www.laguiadepamplona.com\/actualidad\/wp-content\/uploads\/2022\/03\/policia-comunitaria-web_1.jpg","datePublished":"2023-01-30T11:56:22+00:00","dateModified":"2023-04-11T09:47:20+00:00","description":"Civivox San Jorge acoge la primera de las citas que se celebran una vez al mes en centros de la red civivox y el centro comunitario Santa Mar\u00eda la Real","breadcrumb":{"@id":"https:\/\/www.laguiadepamplona.com\/actualidad\/el-programa-policia-comunitaria-en-tu-civivox-atiende-desde-este-miercoles-las-sugerencias-y-solicitudes-que-la-ciudadania-de-siete-barrios-ha-presentado-este-mes\/#breadcrumb"},"inLanguage":"es","potentialAction":[{"@type":"ReadAction","target":["https:\/\/www.laguiadepamplona.com\/actualidad\/el-programa-policia-comunitaria-en-tu-civivox-atiende-desde-este-miercoles-las-sugerencias-y-solicitudes-que-la-ciudadania-de-siete-barrios-ha-presentado-este-mes\/"]}]},{"@type":"ImageObject","inLanguage":"es","@id":"https:\/\/www.laguiadepamplona.com\/actualidad\/el-programa-policia-comunitaria-en-tu-civivox-atiende-desde-este-miercoles-las-sugerencias-y-solicitudes-que-la-ciudadania-de-siete-barrios-ha-presentado-este-mes\/#primaryimage","url":"https:\/\/www.laguiadepamplona.com\/actualidad\/wp-content\/uploads\/2022\/03\/policia-comunitaria-web_1.jpg","contentUrl":"https:\/\/www.laguiadepamplona.com\/actualidad\/wp-content\/uploads\/2022\/03\/policia-comunitaria-web_1.jpg","width":1818,"height":1212,"caption":"polic\u00eda comunitaria"},{"@type":"BreadcrumbList","@id":"https:\/\/www.laguiadepamplona.com\/actualidad\/el-programa-policia-comunitaria-en-tu-civivox-atiende-desde-este-miercoles-las-sugerencias-y-solicitudes-que-la-ciudadania-de-siete-barrios-ha-presentado-este-mes\/#breadcrumb","itemListElement":[{"@type":"ListItem","position":1,"name":"Portada","item":"https:\/\/www.laguiadepamplona.com\/actualidad\/"},{"@type":"ListItem","position":2,"name":"El programa \u2018Polic\u00eda comunitaria en tu Civivox\u2019 atiende desde este mi\u00e9rcoles las sugerencias y solicitudes que la ciudadan\u00eda de siete barrios ha presentado este mes"}]},{"@type":"WebSite","@id":"https:\/\/www.laguiadepamplona.com\/actualidad\/#website","url":"https:\/\/www.laguiadepamplona.com\/actualidad\/","name":"La gu\u00eda de Pamplona","description":"Noticias de Pamplona","publisher":{"@id":"https:\/\/www.laguiadepamplona.com\/actualidad\/#organization"},"potentialAction":[{"@type":"SearchAction","target":{"@type":"EntryPoint","urlTemplate":"https:\/\/www.laguiadepamplona.com\/actualidad\/?s={search_term_string}"},"query-input":{"@type":"PropertyValueSpecification","valueRequired":true,"valueName":"search_term_string"}}],"inLanguage":"es"},{"@type":"Organization","@id":"https:\/\/www.laguiadepamplona.com\/actualidad\/#organization","name":"La Gu\u00eda de Pamplona \/ Noticias","url":"https:\/\/www.laguiadepamplona.com\/actualidad\/","logo":{"@type":"ImageObject","inLanguage":"es","@id":"https:\/\/www.laguiadepamplona.com\/actualidad\/#\/schema\/logo\/image\/","url":"https:\/\/www.laguiadepamplona.com\/actualidad\/wp-content\/uploads\/2018\/11\/logo-laguiadepamplona18-web1.png","contentUrl":"https:\/\/www.laguiadepamplona.com\/actualidad\/wp-content\/uploads\/2018\/11\/logo-laguiadepamplona18-web1.png","width":600,"height":196,"caption":"La Gu\u00eda de Pamplona \/ Noticias"},"image":{"@id":"https:\/\/www.laguiadepamplona.com\/actualidad\/#\/schema\/logo\/image\/"},"sameAs":["https:\/\/www.facebook.com\/laguiadepamplonacom-133175176762273\/?ref=hl","https:\/\/x.com\/LaGuiadPamplona","https:\/\/www.instagram.com\/la_guia_de_pamplona\/","https:\/\/www.youtube.com\/user\/laguiadepamplona"]},{"@type":"Person","@id":"https:\/\/www.laguiadepamplona.com\/actualidad\/#\/schema\/person\/efe887376f0213d4657c93adc50b1fdb","name":"La Gu\u00eda de Pamplona","image":{"@type":"ImageObject","inLanguage":"es","@id":"https:\/\/secure.gravatar.com\/avatar\/b6992f131dc8d30ab0dff15446e9d346d9dbd95992de0fef795073f5ea83a81c?s=96&d=mm&r=g","url":"https:\/\/secure.gravatar.com\/avatar\/b6992f131dc8d30ab0dff15446e9d346d9dbd95992de0fef795073f5ea83a81c?s=96&d=mm&r=g","contentUrl":"https:\/\/secure.gravatar.com\/avatar\/b6992f131dc8d30ab0dff15446e9d346d9dbd95992de0fef795073f5ea83a81c?s=96&d=mm&r=g","caption":"La Gu\u00eda de Pamplona"}}]}},"post_mailing_queue_ids":[],"_links":{"self":[{"href":"https:\/\/www.laguiadepamplona.com\/actualidad\/wp-json\/wp\/v2\/posts\/42705","targetHints":{"allow":["GET"]}}],"collection":[{"href":"https:\/\/www.laguiadepamplona.com\/actualidad\/wp-json\/wp\/v2\/posts"}],"about":[{"href":"https:\/\/www.laguiadepamplona.com\/actualidad\/wp-json\/wp\/v2\/types\/post"}],"author":[{"embeddable":true,"href":"https:\/\/www.laguiadepamplona.com\/actualidad\/wp-json\/wp\/v2\/users\/1"}],"replies":[{"embeddable":true,"href":"https:\/\/www.laguiadepamplona.com\/actualidad\/wp-json\/wp\/v2\/comments?post=42705"}],"version-history":[{"count":0,"href":"https:\/\/www.laguiadepamplona.com\/actualidad\/wp-json\/wp\/v2\/posts\/42705\/revisions"}],"wp:featuredmedia":[{"embeddable":true,"href":"https:\/\/www.laguiadepamplona.com\/actualidad\/wp-json\/wp\/v2\/media\/39130"}],"wp:attachment":[{"href":"https:\/\/www.laguiadepamplona.com\/actualidad\/wp-json\/wp\/v2\/media?parent=42705"}],"wp:term":[{"taxonomy":"category","embeddable":true,"href":"https:\/\/www.laguiadepamplona.com\/actualidad\/wp-json\/wp\/v2\/categories?post=42705"},{"taxonomy":"post_tag","embeddable":true,"href":"https:\/\/www.laguiadepamplona.com\/actualidad\/wp-json\/wp\/v2\/tags?post=42705"}],"curies":[{"name":"wp","href":"https:\/\/api.w.org\/{rel}","templated":true}]}}