{"id":42699,"date":"2023-01-26T14:31:38","date_gmt":"2023-01-26T12:31:38","guid":{"rendered":"https:\/\/www.laguiadepamplona.com\/actualidad\/?p=42699"},"modified":"2023-04-11T11:47:20","modified_gmt":"2023-04-11T09:47:20","slug":"el-palacio-de-condestable-alberga-desde-hoy-un-conjunto-escultorico-en-piedra-del-siglo-xvi-de-notable-valor-artistico-e-historico-que-representa-el-escudo-de-la-ciudad","status":"publish","type":"post","link":"https:\/\/www.laguiadepamplona.com\/actualidad\/el-palacio-de-condestable-alberga-desde-hoy-un-conjunto-escultorico-en-piedra-del-siglo-xvi-de-notable-valor-artistico-e-historico-que-representa-el-escudo-de-la-ciudad\/","title":{"rendered":"El Palacio de Condestable alberga desde hoy un conjunto escult\u00f3rico en piedra del siglo XVI, de notable valor art\u00edstico e hist\u00f3rico, que representa el escudo de la ciudad"},"content":{"rendered":"<h5>El Ayuntamiento ha adquirido la talla con la voluntad de conservar y exponer p\u00fablicamente de forma permanente este singular patrimonio<\/h5>\n<p><!--more--><\/p>\n<p>El Palacio de Condestable cuenta desde hoy con una nueva pieza de notable valor hist\u00f3rico y art\u00edstico. Se trata de un conjunto escult\u00f3rico realizado en piedra, que representa el escudo de la ciudad. Esta pieza se encontraba en una vivienda de la calle Mayor y ha sido adquirida por el Ayuntamiento, tras la realizaci\u00f3n de un estudio que confirma su valor patrimonial.<\/p>\n<p>A la inauguraci\u00f3n de la pieza, que se halla colocada a una altura de 2,7 metros en el patio del Palacio de Condestable, han acudido el alcalde de Pamplona, Enrique Maya, miembros de la corporaci\u00f3n municipal, la responsable del Archivo Municipal, Ana Hueso, y el autor de la investigaci\u00f3n, Alejandro Aranda. En representaci\u00f3n de la familia Huarte, propietaria original del conjunto escult\u00f3rico ofrecido al Consistorio, ha acudido Carmen Huarte.<br \/>\n<script async src=\"\/\/pagead2.googlesyndication.com\/pagead\/js\/adsbygoogle.js\"><\/script><br \/>\n<!-- Noticias La Guia de Pamplona --><br \/>\n<ins class=\"adsbygoogle\"\nstyle=\"display:block\"\ndata-ad-client=\"ca-pub-6943679897239327\"\ndata-ad-slot=\"7048180777\"\ndata-ad-format=\"auto\"><\/ins><br \/>\n<script>\n(adsbygoogle = window.adsbygoogle || []).push({});\n<\/script><\/p>\n<p>La pieza reci\u00e9n inaugurada es una labra her\u00e1ldica del escudo de armas de Pamplona, datada en la segunda mitad del siglo XVI. La pieza, propiedad de la familia Huarte, muy vinculada al campo de la docencia en la ciudad, se encontraba en la planta baja de una vivienda situada en la calle Mayor. Al poner en venta este inmueble con todos sus bienes, la familia se dirigi\u00f3 a la administraci\u00f3n p\u00fablica por si alguna de las piezas con valor patrimonial podr\u00eda ser de su inter\u00e9s. El Ayuntamiento, tras certificar la singular importancia del escudo, adquiri\u00f3 la pieza para colocarla en Condestable.<\/p>\n<p>Se da la circunstancia de que el Palacio de Condestable es coet\u00e1neo del escudo, ya que ambos son del siglo XVI. Adem\u00e1s, mientras se constru\u00eda la anterior casa consistorial, a mediados del siglo XVIII (de la que se conserva la actual fachada barroca), el Ayuntamiento tuvo su sede en el palacio, lo que contextualiza el hecho de que la pieza se exponga permanentemente en este edificio que sirvi\u00f3 de Casa Consistorial durante aquellos a\u00f1os.<br \/>\n<script async src=\"\/\/pagead2.googlesyndication.com\/pagead\/js\/adsbygoogle.js\"><\/script><br \/>\n<!-- Noticias La Guia de Pamplona --><br \/>\n<ins class=\"adsbygoogle\"\nstyle=\"display:block\"\ndata-ad-client=\"ca-pub-6943679897239327\"\ndata-ad-slot=\"7048180777\"\ndata-ad-format=\"auto\"><\/ins><br \/>\n<script>\n(adsbygoogle = window.adsbygoogle || []).push({});\n<\/script><\/p>\n<p><strong>Informe espec\u00edfico<\/strong><\/p>\n<p>El conjunto escult\u00f3rico fue valorado, adem\u00e1s de por personal t\u00e9cnico del Ayuntamiento y del Gobierno de Navarra, por el doctor en Historia del Arte Alejandro Aranda, vinculado a la c\u00e1tedra de Patrimonio y Arte Navarro de la Universidad de Navarra. En su informe, el historiador destaca el singular valor art\u00edstico del conjunto, tanto en su dise\u00f1o como en su ejecuci\u00f3n. En cuanto al valor hist\u00f3rico, es a\u00fan mayor, debido a que son escasas las representaciones de escudos de armas de Pamplona correspondientes al siglo XVI y, en concreto, no se conserva ninguna talla en piedra de estas caracter\u00edsticas, porque estas tipolog\u00edas de escudos no suelen sobrevivir a los edificios que los albergaban.<\/p>\n","protected":false},"excerpt":{"rendered":"<p>El Ayuntamiento ha adquirido la talla con la voluntad de conservar y exponer p\u00fablicamente de forma permanente este singular patrimonio<\/p>\n","protected":false},"author":1,"featured_media":42700,"comment_status":"open","ping_status":"closed","sticky":false,"template":"","format":"standard","meta":{"footnotes":""},"categories":[2],"tags":[],"class_list":["post-42699","post","type-post","status-publish","format-standard","has-post-thumbnail","hentry","category-ayuntamiento-pamplona"],"yoast_head":"<!-- This site is optimized with the Yoast SEO plugin v27.3 - https:\/\/yoast.com\/product\/yoast-seo-wordpress\/ -->\n<title>El Palacio de Condestable alberga desde hoy un conjunto escult\u00f3rico en piedra del siglo XVI, de notable valor art\u00edstico e hist\u00f3rico, que representa el escudo de la ciudad<\/title>\n<meta name=\"description\" content=\"El Ayuntamiento ha adquirido la talla con la voluntad de conservar y exponer p\u00fablicamente de forma permanente este singular patrimonio\" \/>\n<meta name=\"robots\" content=\"index, follow, max-snippet:-1, max-image-preview:large, max-video-preview:-1\" \/>\n<link rel=\"canonical\" href=\"https:\/\/www.laguiadepamplona.com\/actualidad\/el-palacio-de-condestable-alberga-desde-hoy-un-conjunto-escultorico-en-piedra-del-siglo-xvi-de-notable-valor-artistico-e-historico-que-representa-el-escudo-de-la-ciudad\/\" \/>\n<meta property=\"og:locale\" content=\"es_ES\" \/>\n<meta property=\"og:type\" content=\"article\" \/>\n<meta property=\"og:title\" content=\"El Palacio de Condestable alberga desde hoy un conjunto escult\u00f3rico en piedra del siglo XVI, de notable valor art\u00edstico e hist\u00f3rico, que representa el escudo de la ciudad\" \/>\n<meta property=\"og:description\" content=\"El Ayuntamiento ha adquirido la talla con la voluntad de conservar y exponer p\u00fablicamente de forma permanente este singular patrimonio\" \/>\n<meta property=\"og:url\" content=\"https:\/\/www.laguiadepamplona.com\/actualidad\/el-palacio-de-condestable-alberga-desde-hoy-un-conjunto-escultorico-en-piedra-del-siglo-xvi-de-notable-valor-artistico-e-historico-que-representa-el-escudo-de-la-ciudad\/\" \/>\n<meta property=\"og:site_name\" content=\"La Gu\u00eda de Pamplona\" \/>\n<meta property=\"article:publisher\" content=\"https:\/\/www.facebook.com\/laguiadepamplonacom-133175176762273\/?ref=hl\" \/>\n<meta property=\"article:published_time\" content=\"2023-01-26T12:31:38+00:00\" \/>\n<meta property=\"article:modified_time\" content=\"2023-04-11T09:47:20+00:00\" \/>\n<meta property=\"og:image\" content=\"https:\/\/www.laguiadepamplona.com\/actualidad\/wp-content\/uploads\/2023\/01\/q5a2975escudo23-01-26_0.webp\" \/>\n\t<meta property=\"og:image:width\" content=\"1920\" \/>\n\t<meta property=\"og:image:height\" content=\"1281\" \/>\n\t<meta property=\"og:image:type\" content=\"image\/webp\" \/>\n<meta name=\"author\" content=\"La Gu\u00eda de Pamplona\" \/>\n<meta name=\"twitter:card\" content=\"summary_large_image\" \/>\n<meta name=\"twitter:creator\" content=\"@LaGuiadPamplona\" \/>\n<meta name=\"twitter:site\" content=\"@LaGuiadPamplona\" \/>\n<meta name=\"twitter:label1\" content=\"Escrito por\" \/>\n\t<meta name=\"twitter:data1\" content=\"La Gu\u00eda de Pamplona\" \/>\n\t<meta name=\"twitter:label2\" content=\"Tiempo de lectura\" \/>\n\t<meta name=\"twitter:data2\" content=\"3 minutos\" \/>\n<script type=\"application\/ld+json\" class=\"yoast-schema-graph\">{\"@context\":\"https:\\\/\\\/schema.org\",\"@graph\":[{\"@type\":\"Article\",\"@id\":\"https:\\\/\\\/www.laguiadepamplona.com\\\/actualidad\\\/el-palacio-de-condestable-alberga-desde-hoy-un-conjunto-escultorico-en-piedra-del-siglo-xvi-de-notable-valor-artistico-e-historico-que-representa-el-escudo-de-la-ciudad\\\/#article\",\"isPartOf\":{\"@id\":\"https:\\\/\\\/www.laguiadepamplona.com\\\/actualidad\\\/el-palacio-de-condestable-alberga-desde-hoy-un-conjunto-escultorico-en-piedra-del-siglo-xvi-de-notable-valor-artistico-e-historico-que-representa-el-escudo-de-la-ciudad\\\/\"},\"author\":{\"name\":\"La Gu\u00eda de Pamplona\",\"@id\":\"https:\\\/\\\/www.laguiadepamplona.com\\\/actualidad\\\/#\\\/schema\\\/person\\\/efe887376f0213d4657c93adc50b1fdb\"},\"headline\":\"El Palacio de Condestable alberga desde hoy un conjunto escult\u00f3rico en piedra del siglo XVI, de notable valor art\u00edstico e hist\u00f3rico, que representa el escudo de la ciudad\",\"datePublished\":\"2023-01-26T12:31:38+00:00\",\"dateModified\":\"2023-04-11T09:47:20+00:00\",\"mainEntityOfPage\":{\"@id\":\"https:\\\/\\\/www.laguiadepamplona.com\\\/actualidad\\\/el-palacio-de-condestable-alberga-desde-hoy-un-conjunto-escultorico-en-piedra-del-siglo-xvi-de-notable-valor-artistico-e-historico-que-representa-el-escudo-de-la-ciudad\\\/\"},\"wordCount\":502,\"commentCount\":0,\"publisher\":{\"@id\":\"https:\\\/\\\/www.laguiadepamplona.com\\\/actualidad\\\/#organization\"},\"image\":{\"@id\":\"https:\\\/\\\/www.laguiadepamplona.com\\\/actualidad\\\/el-palacio-de-condestable-alberga-desde-hoy-un-conjunto-escultorico-en-piedra-del-siglo-xvi-de-notable-valor-artistico-e-historico-que-representa-el-escudo-de-la-ciudad\\\/#primaryimage\"},\"thumbnailUrl\":\"https:\\\/\\\/www.laguiadepamplona.com\\\/actualidad\\\/wp-content\\\/uploads\\\/2023\\\/01\\\/q5a2975escudo23-01-26_0.webp\",\"articleSection\":[\"Ayto Pamplona\"],\"inLanguage\":\"es\",\"potentialAction\":[{\"@type\":\"CommentAction\",\"name\":\"Comment\",\"target\":[\"https:\\\/\\\/www.laguiadepamplona.com\\\/actualidad\\\/el-palacio-de-condestable-alberga-desde-hoy-un-conjunto-escultorico-en-piedra-del-siglo-xvi-de-notable-valor-artistico-e-historico-que-representa-el-escudo-de-la-ciudad\\\/#respond\"]}]},{\"@type\":\"WebPage\",\"@id\":\"https:\\\/\\\/www.laguiadepamplona.com\\\/actualidad\\\/el-palacio-de-condestable-alberga-desde-hoy-un-conjunto-escultorico-en-piedra-del-siglo-xvi-de-notable-valor-artistico-e-historico-que-representa-el-escudo-de-la-ciudad\\\/\",\"url\":\"https:\\\/\\\/www.laguiadepamplona.com\\\/actualidad\\\/el-palacio-de-condestable-alberga-desde-hoy-un-conjunto-escultorico-en-piedra-del-siglo-xvi-de-notable-valor-artistico-e-historico-que-representa-el-escudo-de-la-ciudad\\\/\",\"name\":\"El Palacio de Condestable alberga desde hoy un conjunto escult\u00f3rico en piedra del siglo XVI, de notable valor art\u00edstico e hist\u00f3rico, que representa el escudo de la ciudad\",\"isPartOf\":{\"@id\":\"https:\\\/\\\/www.laguiadepamplona.com\\\/actualidad\\\/#website\"},\"primaryImageOfPage\":{\"@id\":\"https:\\\/\\\/www.laguiadepamplona.com\\\/actualidad\\\/el-palacio-de-condestable-alberga-desde-hoy-un-conjunto-escultorico-en-piedra-del-siglo-xvi-de-notable-valor-artistico-e-historico-que-representa-el-escudo-de-la-ciudad\\\/#primaryimage\"},\"image\":{\"@id\":\"https:\\\/\\\/www.laguiadepamplona.com\\\/actualidad\\\/el-palacio-de-condestable-alberga-desde-hoy-un-conjunto-escultorico-en-piedra-del-siglo-xvi-de-notable-valor-artistico-e-historico-que-representa-el-escudo-de-la-ciudad\\\/#primaryimage\"},\"thumbnailUrl\":\"https:\\\/\\\/www.laguiadepamplona.com\\\/actualidad\\\/wp-content\\\/uploads\\\/2023\\\/01\\\/q5a2975escudo23-01-26_0.webp\",\"datePublished\":\"2023-01-26T12:31:38+00:00\",\"dateModified\":\"2023-04-11T09:47:20+00:00\",\"description\":\"El Ayuntamiento ha adquirido la talla con la voluntad de conservar y exponer p\u00fablicamente de forma permanente este singular patrimonio\",\"breadcrumb\":{\"@id\":\"https:\\\/\\\/www.laguiadepamplona.com\\\/actualidad\\\/el-palacio-de-condestable-alberga-desde-hoy-un-conjunto-escultorico-en-piedra-del-siglo-xvi-de-notable-valor-artistico-e-historico-que-representa-el-escudo-de-la-ciudad\\\/#breadcrumb\"},\"inLanguage\":\"es\",\"potentialAction\":[{\"@type\":\"ReadAction\",\"target\":[\"https:\\\/\\\/www.laguiadepamplona.com\\\/actualidad\\\/el-palacio-de-condestable-alberga-desde-hoy-un-conjunto-escultorico-en-piedra-del-siglo-xvi-de-notable-valor-artistico-e-historico-que-representa-el-escudo-de-la-ciudad\\\/\"]}]},{\"@type\":\"ImageObject\",\"inLanguage\":\"es\",\"@id\":\"https:\\\/\\\/www.laguiadepamplona.com\\\/actualidad\\\/el-palacio-de-condestable-alberga-desde-hoy-un-conjunto-escultorico-en-piedra-del-siglo-xvi-de-notable-valor-artistico-e-historico-que-representa-el-escudo-de-la-ciudad\\\/#primaryimage\",\"url\":\"https:\\\/\\\/www.laguiadepamplona.com\\\/actualidad\\\/wp-content\\\/uploads\\\/2023\\\/01\\\/q5a2975escudo23-01-26_0.webp\",\"contentUrl\":\"https:\\\/\\\/www.laguiadepamplona.com\\\/actualidad\\\/wp-content\\\/uploads\\\/2023\\\/01\\\/q5a2975escudo23-01-26_0.webp\",\"width\":1920,\"height\":1281},{\"@type\":\"BreadcrumbList\",\"@id\":\"https:\\\/\\\/www.laguiadepamplona.com\\\/actualidad\\\/el-palacio-de-condestable-alberga-desde-hoy-un-conjunto-escultorico-en-piedra-del-siglo-xvi-de-notable-valor-artistico-e-historico-que-representa-el-escudo-de-la-ciudad\\\/#breadcrumb\",\"itemListElement\":[{\"@type\":\"ListItem\",\"position\":1,\"name\":\"Portada\",\"item\":\"https:\\\/\\\/www.laguiadepamplona.com\\\/actualidad\\\/\"},{\"@type\":\"ListItem\",\"position\":2,\"name\":\"El Palacio de Condestable alberga desde hoy un conjunto escult\u00f3rico en piedra del siglo XVI, de notable valor art\u00edstico e hist\u00f3rico, que representa el escudo de la ciudad\"}]},{\"@type\":\"WebSite\",\"@id\":\"https:\\\/\\\/www.laguiadepamplona.com\\\/actualidad\\\/#website\",\"url\":\"https:\\\/\\\/www.laguiadepamplona.com\\\/actualidad\\\/\",\"name\":\"La gu\u00eda de Pamplona\",\"description\":\"Noticias de Pamplona\",\"publisher\":{\"@id\":\"https:\\\/\\\/www.laguiadepamplona.com\\\/actualidad\\\/#organization\"},\"potentialAction\":[{\"@type\":\"SearchAction\",\"target\":{\"@type\":\"EntryPoint\",\"urlTemplate\":\"https:\\\/\\\/www.laguiadepamplona.com\\\/actualidad\\\/?s={search_term_string}\"},\"query-input\":{\"@type\":\"PropertyValueSpecification\",\"valueRequired\":true,\"valueName\":\"search_term_string\"}}],\"inLanguage\":\"es\"},{\"@type\":\"Organization\",\"@id\":\"https:\\\/\\\/www.laguiadepamplona.com\\\/actualidad\\\/#organization\",\"name\":\"La Gu\u00eda de Pamplona \\\/ Noticias\",\"url\":\"https:\\\/\\\/www.laguiadepamplona.com\\\/actualidad\\\/\",\"logo\":{\"@type\":\"ImageObject\",\"inLanguage\":\"es\",\"@id\":\"https:\\\/\\\/www.laguiadepamplona.com\\\/actualidad\\\/#\\\/schema\\\/logo\\\/image\\\/\",\"url\":\"https:\\\/\\\/www.laguiadepamplona.com\\\/actualidad\\\/wp-content\\\/uploads\\\/2018\\\/11\\\/logo-laguiadepamplona18-web1.png\",\"contentUrl\":\"https:\\\/\\\/www.laguiadepamplona.com\\\/actualidad\\\/wp-content\\\/uploads\\\/2018\\\/11\\\/logo-laguiadepamplona18-web1.png\",\"width\":600,\"height\":196,\"caption\":\"La Gu\u00eda de Pamplona \\\/ Noticias\"},\"image\":{\"@id\":\"https:\\\/\\\/www.laguiadepamplona.com\\\/actualidad\\\/#\\\/schema\\\/logo\\\/image\\\/\"},\"sameAs\":[\"https:\\\/\\\/www.facebook.com\\\/laguiadepamplonacom-133175176762273\\\/?ref=hl\",\"https:\\\/\\\/x.com\\\/LaGuiadPamplona\",\"https:\\\/\\\/www.instagram.com\\\/la_guia_de_pamplona\\\/\",\"https:\\\/\\\/www.youtube.com\\\/user\\\/laguiadepamplona\"]},{\"@type\":\"Person\",\"@id\":\"https:\\\/\\\/www.laguiadepamplona.com\\\/actualidad\\\/#\\\/schema\\\/person\\\/efe887376f0213d4657c93adc50b1fdb\",\"name\":\"La Gu\u00eda de Pamplona\",\"image\":{\"@type\":\"ImageObject\",\"inLanguage\":\"es\",\"@id\":\"https:\\\/\\\/secure.gravatar.com\\\/avatar\\\/b6992f131dc8d30ab0dff15446e9d346d9dbd95992de0fef795073f5ea83a81c?s=96&d=mm&r=g\",\"url\":\"https:\\\/\\\/secure.gravatar.com\\\/avatar\\\/b6992f131dc8d30ab0dff15446e9d346d9dbd95992de0fef795073f5ea83a81c?s=96&d=mm&r=g\",\"contentUrl\":\"https:\\\/\\\/secure.gravatar.com\\\/avatar\\\/b6992f131dc8d30ab0dff15446e9d346d9dbd95992de0fef795073f5ea83a81c?s=96&d=mm&r=g\",\"caption\":\"La Gu\u00eda de Pamplona\"}}]}<\/script>\n<!-- \/ Yoast SEO plugin. -->","yoast_head_json":{"title":"El Palacio de Condestable alberga desde hoy un conjunto escult\u00f3rico en piedra del siglo XVI, de notable valor art\u00edstico e hist\u00f3rico, que representa el escudo de la ciudad","description":"El Ayuntamiento ha adquirido la talla con la voluntad de conservar y exponer p\u00fablicamente de forma permanente este singular patrimonio","robots":{"index":"index","follow":"follow","max-snippet":"max-snippet:-1","max-image-preview":"max-image-preview:large","max-video-preview":"max-video-preview:-1"},"canonical":"https:\/\/www.laguiadepamplona.com\/actualidad\/el-palacio-de-condestable-alberga-desde-hoy-un-conjunto-escultorico-en-piedra-del-siglo-xvi-de-notable-valor-artistico-e-historico-que-representa-el-escudo-de-la-ciudad\/","og_locale":"es_ES","og_type":"article","og_title":"El Palacio de Condestable alberga desde hoy un conjunto escult\u00f3rico en piedra del siglo XVI, de notable valor art\u00edstico e hist\u00f3rico, que representa el escudo de la ciudad","og_description":"El Ayuntamiento ha adquirido la talla con la voluntad de conservar y exponer p\u00fablicamente de forma permanente este singular patrimonio","og_url":"https:\/\/www.laguiadepamplona.com\/actualidad\/el-palacio-de-condestable-alberga-desde-hoy-un-conjunto-escultorico-en-piedra-del-siglo-xvi-de-notable-valor-artistico-e-historico-que-representa-el-escudo-de-la-ciudad\/","og_site_name":"La Gu\u00eda de Pamplona","article_publisher":"https:\/\/www.facebook.com\/laguiadepamplonacom-133175176762273\/?ref=hl","article_published_time":"2023-01-26T12:31:38+00:00","article_modified_time":"2023-04-11T09:47:20+00:00","og_image":[{"width":1920,"height":1281,"url":"https:\/\/www.laguiadepamplona.com\/actualidad\/wp-content\/uploads\/2023\/01\/q5a2975escudo23-01-26_0.webp","type":"image\/webp"}],"author":"La Gu\u00eda de Pamplona","twitter_card":"summary_large_image","twitter_creator":"@LaGuiadPamplona","twitter_site":"@LaGuiadPamplona","twitter_misc":{"Escrito por":"La Gu\u00eda de Pamplona","Tiempo de lectura":"3 minutos"},"schema":{"@context":"https:\/\/schema.org","@graph":[{"@type":"Article","@id":"https:\/\/www.laguiadepamplona.com\/actualidad\/el-palacio-de-condestable-alberga-desde-hoy-un-conjunto-escultorico-en-piedra-del-siglo-xvi-de-notable-valor-artistico-e-historico-que-representa-el-escudo-de-la-ciudad\/#article","isPartOf":{"@id":"https:\/\/www.laguiadepamplona.com\/actualidad\/el-palacio-de-condestable-alberga-desde-hoy-un-conjunto-escultorico-en-piedra-del-siglo-xvi-de-notable-valor-artistico-e-historico-que-representa-el-escudo-de-la-ciudad\/"},"author":{"name":"La Gu\u00eda de Pamplona","@id":"https:\/\/www.laguiadepamplona.com\/actualidad\/#\/schema\/person\/efe887376f0213d4657c93adc50b1fdb"},"headline":"El Palacio de Condestable alberga desde hoy un conjunto escult\u00f3rico en piedra del siglo XVI, de notable valor art\u00edstico e hist\u00f3rico, que representa el escudo de la ciudad","datePublished":"2023-01-26T12:31:38+00:00","dateModified":"2023-04-11T09:47:20+00:00","mainEntityOfPage":{"@id":"https:\/\/www.laguiadepamplona.com\/actualidad\/el-palacio-de-condestable-alberga-desde-hoy-un-conjunto-escultorico-en-piedra-del-siglo-xvi-de-notable-valor-artistico-e-historico-que-representa-el-escudo-de-la-ciudad\/"},"wordCount":502,"commentCount":0,"publisher":{"@id":"https:\/\/www.laguiadepamplona.com\/actualidad\/#organization"},"image":{"@id":"https:\/\/www.laguiadepamplona.com\/actualidad\/el-palacio-de-condestable-alberga-desde-hoy-un-conjunto-escultorico-en-piedra-del-siglo-xvi-de-notable-valor-artistico-e-historico-que-representa-el-escudo-de-la-ciudad\/#primaryimage"},"thumbnailUrl":"https:\/\/www.laguiadepamplona.com\/actualidad\/wp-content\/uploads\/2023\/01\/q5a2975escudo23-01-26_0.webp","articleSection":["Ayto Pamplona"],"inLanguage":"es","potentialAction":[{"@type":"CommentAction","name":"Comment","target":["https:\/\/www.laguiadepamplona.com\/actualidad\/el-palacio-de-condestable-alberga-desde-hoy-un-conjunto-escultorico-en-piedra-del-siglo-xvi-de-notable-valor-artistico-e-historico-que-representa-el-escudo-de-la-ciudad\/#respond"]}]},{"@type":"WebPage","@id":"https:\/\/www.laguiadepamplona.com\/actualidad\/el-palacio-de-condestable-alberga-desde-hoy-un-conjunto-escultorico-en-piedra-del-siglo-xvi-de-notable-valor-artistico-e-historico-que-representa-el-escudo-de-la-ciudad\/","url":"https:\/\/www.laguiadepamplona.com\/actualidad\/el-palacio-de-condestable-alberga-desde-hoy-un-conjunto-escultorico-en-piedra-del-siglo-xvi-de-notable-valor-artistico-e-historico-que-representa-el-escudo-de-la-ciudad\/","name":"El Palacio de Condestable alberga desde hoy un conjunto escult\u00f3rico en piedra del siglo XVI, de notable valor art\u00edstico e hist\u00f3rico, que representa el escudo de la ciudad","isPartOf":{"@id":"https:\/\/www.laguiadepamplona.com\/actualidad\/#website"},"primaryImageOfPage":{"@id":"https:\/\/www.laguiadepamplona.com\/actualidad\/el-palacio-de-condestable-alberga-desde-hoy-un-conjunto-escultorico-en-piedra-del-siglo-xvi-de-notable-valor-artistico-e-historico-que-representa-el-escudo-de-la-ciudad\/#primaryimage"},"image":{"@id":"https:\/\/www.laguiadepamplona.com\/actualidad\/el-palacio-de-condestable-alberga-desde-hoy-un-conjunto-escultorico-en-piedra-del-siglo-xvi-de-notable-valor-artistico-e-historico-que-representa-el-escudo-de-la-ciudad\/#primaryimage"},"thumbnailUrl":"https:\/\/www.laguiadepamplona.com\/actualidad\/wp-content\/uploads\/2023\/01\/q5a2975escudo23-01-26_0.webp","datePublished":"2023-01-26T12:31:38+00:00","dateModified":"2023-04-11T09:47:20+00:00","description":"El Ayuntamiento ha adquirido la talla con la voluntad de conservar y exponer p\u00fablicamente de forma permanente este singular patrimonio","breadcrumb":{"@id":"https:\/\/www.laguiadepamplona.com\/actualidad\/el-palacio-de-condestable-alberga-desde-hoy-un-conjunto-escultorico-en-piedra-del-siglo-xvi-de-notable-valor-artistico-e-historico-que-representa-el-escudo-de-la-ciudad\/#breadcrumb"},"inLanguage":"es","potentialAction":[{"@type":"ReadAction","target":["https:\/\/www.laguiadepamplona.com\/actualidad\/el-palacio-de-condestable-alberga-desde-hoy-un-conjunto-escultorico-en-piedra-del-siglo-xvi-de-notable-valor-artistico-e-historico-que-representa-el-escudo-de-la-ciudad\/"]}]},{"@type":"ImageObject","inLanguage":"es","@id":"https:\/\/www.laguiadepamplona.com\/actualidad\/el-palacio-de-condestable-alberga-desde-hoy-un-conjunto-escultorico-en-piedra-del-siglo-xvi-de-notable-valor-artistico-e-historico-que-representa-el-escudo-de-la-ciudad\/#primaryimage","url":"https:\/\/www.laguiadepamplona.com\/actualidad\/wp-content\/uploads\/2023\/01\/q5a2975escudo23-01-26_0.webp","contentUrl":"https:\/\/www.laguiadepamplona.com\/actualidad\/wp-content\/uploads\/2023\/01\/q5a2975escudo23-01-26_0.webp","width":1920,"height":1281},{"@type":"BreadcrumbList","@id":"https:\/\/www.laguiadepamplona.com\/actualidad\/el-palacio-de-condestable-alberga-desde-hoy-un-conjunto-escultorico-en-piedra-del-siglo-xvi-de-notable-valor-artistico-e-historico-que-representa-el-escudo-de-la-ciudad\/#breadcrumb","itemListElement":[{"@type":"ListItem","position":1,"name":"Portada","item":"https:\/\/www.laguiadepamplona.com\/actualidad\/"},{"@type":"ListItem","position":2,"name":"El Palacio de Condestable alberga desde hoy un conjunto escult\u00f3rico en piedra del siglo XVI, de notable valor art\u00edstico e hist\u00f3rico, que representa el escudo de la ciudad"}]},{"@type":"WebSite","@id":"https:\/\/www.laguiadepamplona.com\/actualidad\/#website","url":"https:\/\/www.laguiadepamplona.com\/actualidad\/","name":"La gu\u00eda de Pamplona","description":"Noticias de Pamplona","publisher":{"@id":"https:\/\/www.laguiadepamplona.com\/actualidad\/#organization"},"potentialAction":[{"@type":"SearchAction","target":{"@type":"EntryPoint","urlTemplate":"https:\/\/www.laguiadepamplona.com\/actualidad\/?s={search_term_string}"},"query-input":{"@type":"PropertyValueSpecification","valueRequired":true,"valueName":"search_term_string"}}],"inLanguage":"es"},{"@type":"Organization","@id":"https:\/\/www.laguiadepamplona.com\/actualidad\/#organization","name":"La Gu\u00eda de Pamplona \/ Noticias","url":"https:\/\/www.laguiadepamplona.com\/actualidad\/","logo":{"@type":"ImageObject","inLanguage":"es","@id":"https:\/\/www.laguiadepamplona.com\/actualidad\/#\/schema\/logo\/image\/","url":"https:\/\/www.laguiadepamplona.com\/actualidad\/wp-content\/uploads\/2018\/11\/logo-laguiadepamplona18-web1.png","contentUrl":"https:\/\/www.laguiadepamplona.com\/actualidad\/wp-content\/uploads\/2018\/11\/logo-laguiadepamplona18-web1.png","width":600,"height":196,"caption":"La Gu\u00eda de Pamplona \/ Noticias"},"image":{"@id":"https:\/\/www.laguiadepamplona.com\/actualidad\/#\/schema\/logo\/image\/"},"sameAs":["https:\/\/www.facebook.com\/laguiadepamplonacom-133175176762273\/?ref=hl","https:\/\/x.com\/LaGuiadPamplona","https:\/\/www.instagram.com\/la_guia_de_pamplona\/","https:\/\/www.youtube.com\/user\/laguiadepamplona"]},{"@type":"Person","@id":"https:\/\/www.laguiadepamplona.com\/actualidad\/#\/schema\/person\/efe887376f0213d4657c93adc50b1fdb","name":"La Gu\u00eda de Pamplona","image":{"@type":"ImageObject","inLanguage":"es","@id":"https:\/\/secure.gravatar.com\/avatar\/b6992f131dc8d30ab0dff15446e9d346d9dbd95992de0fef795073f5ea83a81c?s=96&d=mm&r=g","url":"https:\/\/secure.gravatar.com\/avatar\/b6992f131dc8d30ab0dff15446e9d346d9dbd95992de0fef795073f5ea83a81c?s=96&d=mm&r=g","contentUrl":"https:\/\/secure.gravatar.com\/avatar\/b6992f131dc8d30ab0dff15446e9d346d9dbd95992de0fef795073f5ea83a81c?s=96&d=mm&r=g","caption":"La Gu\u00eda de Pamplona"}}]}},"post_mailing_queue_ids":[],"_links":{"self":[{"href":"https:\/\/www.laguiadepamplona.com\/actualidad\/wp-json\/wp\/v2\/posts\/42699","targetHints":{"allow":["GET"]}}],"collection":[{"href":"https:\/\/www.laguiadepamplona.com\/actualidad\/wp-json\/wp\/v2\/posts"}],"about":[{"href":"https:\/\/www.laguiadepamplona.com\/actualidad\/wp-json\/wp\/v2\/types\/post"}],"author":[{"embeddable":true,"href":"https:\/\/www.laguiadepamplona.com\/actualidad\/wp-json\/wp\/v2\/users\/1"}],"replies":[{"embeddable":true,"href":"https:\/\/www.laguiadepamplona.com\/actualidad\/wp-json\/wp\/v2\/comments?post=42699"}],"version-history":[{"count":0,"href":"https:\/\/www.laguiadepamplona.com\/actualidad\/wp-json\/wp\/v2\/posts\/42699\/revisions"}],"wp:featuredmedia":[{"embeddable":true,"href":"https:\/\/www.laguiadepamplona.com\/actualidad\/wp-json\/wp\/v2\/media\/42700"}],"wp:attachment":[{"href":"https:\/\/www.laguiadepamplona.com\/actualidad\/wp-json\/wp\/v2\/media?parent=42699"}],"wp:term":[{"taxonomy":"category","embeddable":true,"href":"https:\/\/www.laguiadepamplona.com\/actualidad\/wp-json\/wp\/v2\/categories?post=42699"},{"taxonomy":"post_tag","embeddable":true,"href":"https:\/\/www.laguiadepamplona.com\/actualidad\/wp-json\/wp\/v2\/tags?post=42699"}],"curies":[{"name":"wp","href":"https:\/\/api.w.org\/{rel}","templated":true}]}}