{"id":42691,"date":"2023-01-26T14:24:32","date_gmt":"2023-01-26T12:24:32","guid":{"rendered":"https:\/\/www.laguiadepamplona.com\/actualidad\/?p=42691"},"modified":"2023-04-11T11:47:20","modified_gmt":"2023-04-11T09:47:20","slug":"la-exposicion-retrospectiva-de-luis-martorell-en-civivox-condestable-aborda-la-evolucion-de-las-artes-graficas-y-la-ilustracion-desde-el-lapiz-hasta-la-inteligencia-artificial","status":"publish","type":"post","link":"https:\/\/www.laguiadepamplona.com\/actualidad\/la-exposicion-retrospectiva-de-luis-martorell-en-civivox-condestable-aborda-la-evolucion-de-las-artes-graficas-y-la-ilustracion-desde-el-lapiz-hasta-la-inteligencia-artificial\/","title":{"rendered":"La exposici\u00f3n retrospectiva de Luis Martorell en Civivox Condestable aborda la evoluci\u00f3n de las artes gr\u00e1ficas y la ilustraci\u00f3n desde el l\u00e1piz hasta la Inteligencia Artificial"},"content":{"rendered":"<h5>La muestra \u2018C\u00f3mic, dibujo, ilustraci\u00f3n. 2022 \u2013 1972\u2019 agrupa, en tres \u00e9pocas diferenciadas, el mundo y modo creativo de este dibujante navarro<\/h5>\n<p><!--more--><\/p>\n<p>Medio siglo. Cincuenta a\u00f1os en los que el mundo de la ilustraci\u00f3n y del dibujo ha evolucionado de la mano de las nuevas tecnolog\u00edas; en los que el l\u00e1piz y el bol\u00edgrafo han dado paso a sofisticados programas inform\u00e1ticos y a la Inteligencia Artificial. Cincuenta a\u00f1os en los que el dibujante navarro Luis Martorell (Bera, 1952) ha explorado las inmensas posibilidades de la ilustraci\u00f3n, ligada en muchos casos a movimientos sociales y reivindicativos. Ahora, Civivox Condestable acoge una exposici\u00f3n retrospectiva de su obra, que bajo el t\u00edtulo \u2018C\u00f3mic, dibujo, ilustraci\u00f3n. 2022 \u2013 1972\u2019 recoge visualmente esa evoluci\u00f3n y superaci\u00f3n t\u00e9cnica a trav\u00e9s de varias decenas de obras de todas sus etapas art\u00edsticas.<\/p>\n<p>El director del \u00e1rea de Cultura e Igualdad del Ayuntamiento de Pamplona, Jorge Urd\u00e1noz, ha presentado, junto al propio artista, esta exposici\u00f3n, que podr\u00e1 visitarse hasta el 19 de marzo en las salas 1 y 2 del Palacio de Condestable. La muestra incluye carteles, ilustraciones y vi\u00f1etas de c\u00f3mic, como \u2018Tangeline\u2019, en el que Martorell puso imagen y color al guion de su amigo y escritor Jes\u00fas Ferrero. Formado en la Facultad de Bellas Artes de Barcelona, el ilustrador navarro ha plasmado en sus bocetos y dibujos escenas, paisajes y personas que creaba su mente, pero tambi\u00e9n ha dado forma a mensajes feministas y sociales, vinculados a asociaciones vecinales, al movimiento obrero e iniciativas culturales. Lo ha hecho, eso s\u00ed, explorando las distintas herramientas art\u00edsticas disponibles en cada momento, abriendo su creatividad a las innovaciones t\u00e9cnicas y a la tecnolog\u00eda.<br \/>\n<script async src=\"\/\/pagead2.googlesyndication.com\/pagead\/js\/adsbygoogle.js\"><\/script><br \/>\n<!-- Noticias La Guia de Pamplona --><br \/>\n<ins class=\"adsbygoogle\"\nstyle=\"display:block\"\ndata-ad-client=\"ca-pub-6943679897239327\"\ndata-ad-slot=\"7048180777\"\ndata-ad-format=\"auto\"><\/ins><br \/>\n<script>\n(adsbygoogle = window.adsbygoogle || []).push({});\n<\/script><\/p>\n<p>Es por ello que la exposici\u00f3n est\u00e1 articulada en tres espacios, cada uno de ellos referida a una etapa distintas en su evoluci\u00f3n como artista, empezando desde lo m\u00e1s actual y llegando hasta sus inicios como artista, all\u00e1 por 1972. De esos primeros a\u00f1os es su c\u00f3mic \u2018Simplemente mujer\u2019, realizado para la asociaci\u00f3n de vecinos del Barrio del Carmelo en Barcelona y del que la muestra recoge varias vi\u00f1etas. Tambi\u00e9n en esa \u00e9poca, que se extiende hasta 1985, se gestaron los carteles que dise\u00f1\u00f3 para Muthiko Alaiak sobre temas de actualidad, como uno de ellos dedicado a la liberaci\u00f3n de la mujer, realizado en 1975 y prohibido por la dictadura franquista.<\/p>\n<p>En la segunda etapa, que va desde mediados de la d\u00e9cada de los 80 del siglo pasado y hasta el cambio de milenio, Martorell, ya con un nombre y un peso en el mundo de la ilustraci\u00f3n, diversifica su obra entre campa\u00f1as institucionales como las desarrolladas para el Ayuntamiento de Pamplona, la Mancomunidad de la Comarca de Pamplona y el Parlamento de Navarra, entre otros, y la obra creativa en torno al c\u00f3mic y la pintura. De hecho, este artista jug\u00f3 un papel fundamental en el desarrollo del c\u00f3mic en la Comunidad foral. En ese marco hay que situar su implicaci\u00f3n en los proyectos Hamel\u00edn, TMO y la revista literaria Pamiela, donde publica en 1984 la recopilaci\u00f3n de c\u00f3mics \u2018El otro lado dela ventana\u2019, t\u00edtulo de una de sus historietas m\u00e1s complejas e innovadoras, en la que una joven entra, a trav\u00e9s de una ventana, en un mundo on\u00edrico de paisajes, arquitecturas y figuras humanas inimaginables.\u00a0 Es entonces cuando Martorell alcanza un gran desarrollo en todos los terrenos de la ilustraci\u00f3n y la infograf\u00eda, incluyendo trabajos de gran proyecci\u00f3n p\u00fablica, sin abandonar el compromiso social.<br \/>\n<script async src=\"\/\/pagead2.googlesyndication.com\/pagead\/js\/adsbygoogle.js\"><\/script><br \/>\n<!-- Noticias La Guia de Pamplona --><br \/>\n<ins class=\"adsbygoogle\"\nstyle=\"display:block\"\ndata-ad-client=\"ca-pub-6943679897239327\"\ndata-ad-slot=\"7048180777\"\ndata-ad-format=\"auto\"><\/ins><br \/>\n<script>\n(adsbygoogle = window.adsbygoogle || []).push({});\n<\/script><\/p>\n<p><strong>La inform\u00e1tica y la IA<\/strong><\/p>\n<p>El nuevo milenio y la explosi\u00f3n de las nuevas tecnolog\u00edas dieron pie a Martorell a experimentar en el dibujo y hacerlo de la mano de nuevos programas inform\u00e1ticos y nuevos desarrollos t\u00e9cnicos. La muestra sit\u00faa en una tercera etapa creativa sus obras de estos a\u00f1os, en los que ha buscado siempre la superaci\u00f3n t\u00e9cnica. Primero hizo suyo el dise\u00f1o en 3D, que le permiti\u00f3 lograr nuevas texturas, colores y tonalidades a partir de bocetos a mano o directamente preparados con ordenador. La creaci\u00f3n en tres dimensiones le sirvi\u00f3 para investigar sobre vol\u00famenes, sobre la distribuci\u00f3n del color y la funcionalidad de las l\u00edneas utilizando f\u00f3rmulas de c\u00e1lculo o planteamientos de l\u00f3gica.<\/p>\n<p>En los \u00faltimos a\u00f1os, la generalizaci\u00f3n de la Inteligencia Artificial y sus m\u00faltiples usos tambi\u00e9n en el arte han sido utilizados por Martorell para dar nueva vida a bocetos minimalistas hechos a vuelapluma que, ahora, ganan en volumen, color y realidad.<br \/>\n<script async src=\"\/\/pagead2.googlesyndication.com\/pagead\/js\/adsbygoogle.js\"><\/script><br \/>\n<!-- Noticias La Guia de Pamplona --><br \/>\n<ins class=\"adsbygoogle\"\nstyle=\"display:block\"\ndata-ad-client=\"ca-pub-6943679897239327\"\ndata-ad-slot=\"7048180777\"\ndata-ad-format=\"auto\"><\/ins><br \/>\n<script>\n(adsbygoogle = window.adsbygoogle || []).push({});\n<\/script><\/p>\n<p>Son, en esencia, cincuentas a\u00f1os de creaci\u00f3n art\u00edstica adaptada a los tiempos y a los avances tecnol\u00f3gicos, en los que, al margen de las posibilidades t\u00e9cnicas, Luis Martorell no ha dejado de ser \u00e9l mismo, con una creciente obra f\u00e1cilmente identificable, con poso social y creativo, con trasfondo experimental e investigador, pero siempre usando el dibujo y la ilustraci\u00f3n para comunicar, para trasladar ideas y pensamientos, para llegar al espectador.<\/p>\n","protected":false},"excerpt":{"rendered":"<p>La muestra \u2018C\u00f3mic, dibujo, ilustraci\u00f3n. 2022 \u2013 1972\u2019 agrupa, en tres \u00e9pocas diferenciadas, el mundo y modo creativo de este dibujante navarro<\/p>\n","protected":false},"author":1,"featured_media":42692,"comment_status":"open","ping_status":"closed","sticky":false,"template":"","format":"standard","meta":{"footnotes":""},"categories":[2],"tags":[],"class_list":["post-42691","post","type-post","status-publish","format-standard","has-post-thumbnail","hentry","category-ayuntamiento-pamplona"],"yoast_head":"<!-- This site is optimized with the Yoast SEO plugin v27.3 - https:\/\/yoast.com\/product\/yoast-seo-wordpress\/ -->\n<title>La exposici\u00f3n retrospectiva de Luis Martorell en Civivox Condestable aborda la evoluci\u00f3n de las artes gr\u00e1ficas y la ilustraci\u00f3n desde el l\u00e1piz hasta la Inteligencia Artificial<\/title>\n<meta name=\"description\" content=\"La muestra \u2018C\u00f3mic, dibujo, ilustraci\u00f3n. 2022 \u2013 1972\u2019 agrupa, en tres \u00e9pocas diferenciadas, el mundo y modo creativo de este dibujante navarro\" \/>\n<meta name=\"robots\" content=\"index, follow, max-snippet:-1, max-image-preview:large, max-video-preview:-1\" \/>\n<link rel=\"canonical\" href=\"https:\/\/www.laguiadepamplona.com\/actualidad\/la-exposicion-retrospectiva-de-luis-martorell-en-civivox-condestable-aborda-la-evolucion-de-las-artes-graficas-y-la-ilustracion-desde-el-lapiz-hasta-la-inteligencia-artificial\/\" \/>\n<meta property=\"og:locale\" content=\"es_ES\" \/>\n<meta property=\"og:type\" content=\"article\" \/>\n<meta property=\"og:title\" content=\"La exposici\u00f3n retrospectiva de Luis Martorell en Civivox Condestable aborda la evoluci\u00f3n de las artes gr\u00e1ficas y la ilustraci\u00f3n desde el l\u00e1piz hasta la Inteligencia Artificial\" \/>\n<meta property=\"og:description\" content=\"La muestra \u2018C\u00f3mic, dibujo, ilustraci\u00f3n. 2022 \u2013 1972\u2019 agrupa, en tres \u00e9pocas diferenciadas, el mundo y modo creativo de este dibujante navarro\" \/>\n<meta property=\"og:url\" content=\"https:\/\/www.laguiadepamplona.com\/actualidad\/la-exposicion-retrospectiva-de-luis-martorell-en-civivox-condestable-aborda-la-evolucion-de-las-artes-graficas-y-la-ilustracion-desde-el-lapiz-hasta-la-inteligencia-artificial\/\" \/>\n<meta property=\"og:site_name\" content=\"La Gu\u00eda de Pamplona\" \/>\n<meta property=\"article:publisher\" content=\"https:\/\/www.facebook.com\/laguiadepamplonacom-133175176762273\/?ref=hl\" \/>\n<meta property=\"article:published_time\" content=\"2023-01-26T12:24:32+00:00\" \/>\n<meta property=\"article:modified_time\" content=\"2023-04-11T09:47:20+00:00\" \/>\n<meta property=\"og:image\" content=\"https:\/\/www.laguiadepamplona.com\/actualidad\/wp-content\/uploads\/2023\/01\/expo-luis-Martorell.jpeg\" \/>\n\t<meta property=\"og:image:width\" content=\"819\" \/>\n\t<meta property=\"og:image:height\" content=\"503\" \/>\n\t<meta property=\"og:image:type\" content=\"image\/jpeg\" \/>\n<meta name=\"author\" content=\"La Gu\u00eda de Pamplona\" \/>\n<meta name=\"twitter:card\" content=\"summary_large_image\" \/>\n<meta name=\"twitter:creator\" content=\"@LaGuiadPamplona\" \/>\n<meta name=\"twitter:site\" content=\"@LaGuiadPamplona\" \/>\n<meta name=\"twitter:label1\" content=\"Escrito por\" \/>\n\t<meta name=\"twitter:data1\" content=\"La Gu\u00eda de Pamplona\" \/>\n\t<meta name=\"twitter:label2\" content=\"Tiempo de lectura\" \/>\n\t<meta name=\"twitter:data2\" content=\"4 minutos\" \/>\n<script type=\"application\/ld+json\" class=\"yoast-schema-graph\">{\"@context\":\"https:\\\/\\\/schema.org\",\"@graph\":[{\"@type\":\"Article\",\"@id\":\"https:\\\/\\\/www.laguiadepamplona.com\\\/actualidad\\\/la-exposicion-retrospectiva-de-luis-martorell-en-civivox-condestable-aborda-la-evolucion-de-las-artes-graficas-y-la-ilustracion-desde-el-lapiz-hasta-la-inteligencia-artificial\\\/#article\",\"isPartOf\":{\"@id\":\"https:\\\/\\\/www.laguiadepamplona.com\\\/actualidad\\\/la-exposicion-retrospectiva-de-luis-martorell-en-civivox-condestable-aborda-la-evolucion-de-las-artes-graficas-y-la-ilustracion-desde-el-lapiz-hasta-la-inteligencia-artificial\\\/\"},\"author\":{\"name\":\"La Gu\u00eda de Pamplona\",\"@id\":\"https:\\\/\\\/www.laguiadepamplona.com\\\/actualidad\\\/#\\\/schema\\\/person\\\/efe887376f0213d4657c93adc50b1fdb\"},\"headline\":\"La exposici\u00f3n retrospectiva de Luis Martorell en Civivox Condestable aborda la evoluci\u00f3n de las artes gr\u00e1ficas y la ilustraci\u00f3n desde el l\u00e1piz hasta la Inteligencia Artificial\",\"datePublished\":\"2023-01-26T12:24:32+00:00\",\"dateModified\":\"2023-04-11T09:47:20+00:00\",\"mainEntityOfPage\":{\"@id\":\"https:\\\/\\\/www.laguiadepamplona.com\\\/actualidad\\\/la-exposicion-retrospectiva-de-luis-martorell-en-civivox-condestable-aborda-la-evolucion-de-las-artes-graficas-y-la-ilustracion-desde-el-lapiz-hasta-la-inteligencia-artificial\\\/\"},\"wordCount\":895,\"commentCount\":0,\"publisher\":{\"@id\":\"https:\\\/\\\/www.laguiadepamplona.com\\\/actualidad\\\/#organization\"},\"image\":{\"@id\":\"https:\\\/\\\/www.laguiadepamplona.com\\\/actualidad\\\/la-exposicion-retrospectiva-de-luis-martorell-en-civivox-condestable-aborda-la-evolucion-de-las-artes-graficas-y-la-ilustracion-desde-el-lapiz-hasta-la-inteligencia-artificial\\\/#primaryimage\"},\"thumbnailUrl\":\"https:\\\/\\\/www.laguiadepamplona.com\\\/actualidad\\\/wp-content\\\/uploads\\\/2023\\\/01\\\/expo-luis-Martorell.jpeg\",\"articleSection\":[\"Ayto Pamplona\"],\"inLanguage\":\"es\",\"potentialAction\":[{\"@type\":\"CommentAction\",\"name\":\"Comment\",\"target\":[\"https:\\\/\\\/www.laguiadepamplona.com\\\/actualidad\\\/la-exposicion-retrospectiva-de-luis-martorell-en-civivox-condestable-aborda-la-evolucion-de-las-artes-graficas-y-la-ilustracion-desde-el-lapiz-hasta-la-inteligencia-artificial\\\/#respond\"]}]},{\"@type\":\"WebPage\",\"@id\":\"https:\\\/\\\/www.laguiadepamplona.com\\\/actualidad\\\/la-exposicion-retrospectiva-de-luis-martorell-en-civivox-condestable-aborda-la-evolucion-de-las-artes-graficas-y-la-ilustracion-desde-el-lapiz-hasta-la-inteligencia-artificial\\\/\",\"url\":\"https:\\\/\\\/www.laguiadepamplona.com\\\/actualidad\\\/la-exposicion-retrospectiva-de-luis-martorell-en-civivox-condestable-aborda-la-evolucion-de-las-artes-graficas-y-la-ilustracion-desde-el-lapiz-hasta-la-inteligencia-artificial\\\/\",\"name\":\"La exposici\u00f3n retrospectiva de Luis Martorell en Civivox Condestable aborda la evoluci\u00f3n de las artes gr\u00e1ficas y la ilustraci\u00f3n desde el l\u00e1piz hasta la Inteligencia Artificial\",\"isPartOf\":{\"@id\":\"https:\\\/\\\/www.laguiadepamplona.com\\\/actualidad\\\/#website\"},\"primaryImageOfPage\":{\"@id\":\"https:\\\/\\\/www.laguiadepamplona.com\\\/actualidad\\\/la-exposicion-retrospectiva-de-luis-martorell-en-civivox-condestable-aborda-la-evolucion-de-las-artes-graficas-y-la-ilustracion-desde-el-lapiz-hasta-la-inteligencia-artificial\\\/#primaryimage\"},\"image\":{\"@id\":\"https:\\\/\\\/www.laguiadepamplona.com\\\/actualidad\\\/la-exposicion-retrospectiva-de-luis-martorell-en-civivox-condestable-aborda-la-evolucion-de-las-artes-graficas-y-la-ilustracion-desde-el-lapiz-hasta-la-inteligencia-artificial\\\/#primaryimage\"},\"thumbnailUrl\":\"https:\\\/\\\/www.laguiadepamplona.com\\\/actualidad\\\/wp-content\\\/uploads\\\/2023\\\/01\\\/expo-luis-Martorell.jpeg\",\"datePublished\":\"2023-01-26T12:24:32+00:00\",\"dateModified\":\"2023-04-11T09:47:20+00:00\",\"description\":\"La muestra \u2018C\u00f3mic, dibujo, ilustraci\u00f3n. 2022 \u2013 1972\u2019 agrupa, en tres \u00e9pocas diferenciadas, el mundo y modo creativo de este dibujante navarro\",\"breadcrumb\":{\"@id\":\"https:\\\/\\\/www.laguiadepamplona.com\\\/actualidad\\\/la-exposicion-retrospectiva-de-luis-martorell-en-civivox-condestable-aborda-la-evolucion-de-las-artes-graficas-y-la-ilustracion-desde-el-lapiz-hasta-la-inteligencia-artificial\\\/#breadcrumb\"},\"inLanguage\":\"es\",\"potentialAction\":[{\"@type\":\"ReadAction\",\"target\":[\"https:\\\/\\\/www.laguiadepamplona.com\\\/actualidad\\\/la-exposicion-retrospectiva-de-luis-martorell-en-civivox-condestable-aborda-la-evolucion-de-las-artes-graficas-y-la-ilustracion-desde-el-lapiz-hasta-la-inteligencia-artificial\\\/\"]}]},{\"@type\":\"ImageObject\",\"inLanguage\":\"es\",\"@id\":\"https:\\\/\\\/www.laguiadepamplona.com\\\/actualidad\\\/la-exposicion-retrospectiva-de-luis-martorell-en-civivox-condestable-aborda-la-evolucion-de-las-artes-graficas-y-la-ilustracion-desde-el-lapiz-hasta-la-inteligencia-artificial\\\/#primaryimage\",\"url\":\"https:\\\/\\\/www.laguiadepamplona.com\\\/actualidad\\\/wp-content\\\/uploads\\\/2023\\\/01\\\/expo-luis-Martorell.jpeg\",\"contentUrl\":\"https:\\\/\\\/www.laguiadepamplona.com\\\/actualidad\\\/wp-content\\\/uploads\\\/2023\\\/01\\\/expo-luis-Martorell.jpeg\",\"width\":819,\"height\":503},{\"@type\":\"BreadcrumbList\",\"@id\":\"https:\\\/\\\/www.laguiadepamplona.com\\\/actualidad\\\/la-exposicion-retrospectiva-de-luis-martorell-en-civivox-condestable-aborda-la-evolucion-de-las-artes-graficas-y-la-ilustracion-desde-el-lapiz-hasta-la-inteligencia-artificial\\\/#breadcrumb\",\"itemListElement\":[{\"@type\":\"ListItem\",\"position\":1,\"name\":\"Portada\",\"item\":\"https:\\\/\\\/www.laguiadepamplona.com\\\/actualidad\\\/\"},{\"@type\":\"ListItem\",\"position\":2,\"name\":\"La exposici\u00f3n retrospectiva de Luis Martorell en Civivox Condestable aborda la evoluci\u00f3n de las artes gr\u00e1ficas y la ilustraci\u00f3n desde el l\u00e1piz hasta la Inteligencia Artificial\"}]},{\"@type\":\"WebSite\",\"@id\":\"https:\\\/\\\/www.laguiadepamplona.com\\\/actualidad\\\/#website\",\"url\":\"https:\\\/\\\/www.laguiadepamplona.com\\\/actualidad\\\/\",\"name\":\"La gu\u00eda de Pamplona\",\"description\":\"Noticias de Pamplona\",\"publisher\":{\"@id\":\"https:\\\/\\\/www.laguiadepamplona.com\\\/actualidad\\\/#organization\"},\"potentialAction\":[{\"@type\":\"SearchAction\",\"target\":{\"@type\":\"EntryPoint\",\"urlTemplate\":\"https:\\\/\\\/www.laguiadepamplona.com\\\/actualidad\\\/?s={search_term_string}\"},\"query-input\":{\"@type\":\"PropertyValueSpecification\",\"valueRequired\":true,\"valueName\":\"search_term_string\"}}],\"inLanguage\":\"es\"},{\"@type\":\"Organization\",\"@id\":\"https:\\\/\\\/www.laguiadepamplona.com\\\/actualidad\\\/#organization\",\"name\":\"La Gu\u00eda de Pamplona \\\/ Noticias\",\"url\":\"https:\\\/\\\/www.laguiadepamplona.com\\\/actualidad\\\/\",\"logo\":{\"@type\":\"ImageObject\",\"inLanguage\":\"es\",\"@id\":\"https:\\\/\\\/www.laguiadepamplona.com\\\/actualidad\\\/#\\\/schema\\\/logo\\\/image\\\/\",\"url\":\"https:\\\/\\\/www.laguiadepamplona.com\\\/actualidad\\\/wp-content\\\/uploads\\\/2018\\\/11\\\/logo-laguiadepamplona18-web1.png\",\"contentUrl\":\"https:\\\/\\\/www.laguiadepamplona.com\\\/actualidad\\\/wp-content\\\/uploads\\\/2018\\\/11\\\/logo-laguiadepamplona18-web1.png\",\"width\":600,\"height\":196,\"caption\":\"La Gu\u00eda de Pamplona \\\/ Noticias\"},\"image\":{\"@id\":\"https:\\\/\\\/www.laguiadepamplona.com\\\/actualidad\\\/#\\\/schema\\\/logo\\\/image\\\/\"},\"sameAs\":[\"https:\\\/\\\/www.facebook.com\\\/laguiadepamplonacom-133175176762273\\\/?ref=hl\",\"https:\\\/\\\/x.com\\\/LaGuiadPamplona\",\"https:\\\/\\\/www.instagram.com\\\/la_guia_de_pamplona\\\/\",\"https:\\\/\\\/www.youtube.com\\\/user\\\/laguiadepamplona\"]},{\"@type\":\"Person\",\"@id\":\"https:\\\/\\\/www.laguiadepamplona.com\\\/actualidad\\\/#\\\/schema\\\/person\\\/efe887376f0213d4657c93adc50b1fdb\",\"name\":\"La Gu\u00eda de Pamplona\",\"image\":{\"@type\":\"ImageObject\",\"inLanguage\":\"es\",\"@id\":\"https:\\\/\\\/secure.gravatar.com\\\/avatar\\\/b6992f131dc8d30ab0dff15446e9d346d9dbd95992de0fef795073f5ea83a81c?s=96&d=mm&r=g\",\"url\":\"https:\\\/\\\/secure.gravatar.com\\\/avatar\\\/b6992f131dc8d30ab0dff15446e9d346d9dbd95992de0fef795073f5ea83a81c?s=96&d=mm&r=g\",\"contentUrl\":\"https:\\\/\\\/secure.gravatar.com\\\/avatar\\\/b6992f131dc8d30ab0dff15446e9d346d9dbd95992de0fef795073f5ea83a81c?s=96&d=mm&r=g\",\"caption\":\"La Gu\u00eda de Pamplona\"}}]}<\/script>\n<!-- \/ Yoast SEO plugin. -->","yoast_head_json":{"title":"La exposici\u00f3n retrospectiva de Luis Martorell en Civivox Condestable aborda la evoluci\u00f3n de las artes gr\u00e1ficas y la ilustraci\u00f3n desde el l\u00e1piz hasta la Inteligencia Artificial","description":"La muestra \u2018C\u00f3mic, dibujo, ilustraci\u00f3n. 2022 \u2013 1972\u2019 agrupa, en tres \u00e9pocas diferenciadas, el mundo y modo creativo de este dibujante navarro","robots":{"index":"index","follow":"follow","max-snippet":"max-snippet:-1","max-image-preview":"max-image-preview:large","max-video-preview":"max-video-preview:-1"},"canonical":"https:\/\/www.laguiadepamplona.com\/actualidad\/la-exposicion-retrospectiva-de-luis-martorell-en-civivox-condestable-aborda-la-evolucion-de-las-artes-graficas-y-la-ilustracion-desde-el-lapiz-hasta-la-inteligencia-artificial\/","og_locale":"es_ES","og_type":"article","og_title":"La exposici\u00f3n retrospectiva de Luis Martorell en Civivox Condestable aborda la evoluci\u00f3n de las artes gr\u00e1ficas y la ilustraci\u00f3n desde el l\u00e1piz hasta la Inteligencia Artificial","og_description":"La muestra \u2018C\u00f3mic, dibujo, ilustraci\u00f3n. 2022 \u2013 1972\u2019 agrupa, en tres \u00e9pocas diferenciadas, el mundo y modo creativo de este dibujante navarro","og_url":"https:\/\/www.laguiadepamplona.com\/actualidad\/la-exposicion-retrospectiva-de-luis-martorell-en-civivox-condestable-aborda-la-evolucion-de-las-artes-graficas-y-la-ilustracion-desde-el-lapiz-hasta-la-inteligencia-artificial\/","og_site_name":"La Gu\u00eda de Pamplona","article_publisher":"https:\/\/www.facebook.com\/laguiadepamplonacom-133175176762273\/?ref=hl","article_published_time":"2023-01-26T12:24:32+00:00","article_modified_time":"2023-04-11T09:47:20+00:00","og_image":[{"width":819,"height":503,"url":"https:\/\/www.laguiadepamplona.com\/actualidad\/wp-content\/uploads\/2023\/01\/expo-luis-Martorell.jpeg","type":"image\/jpeg"}],"author":"La Gu\u00eda de Pamplona","twitter_card":"summary_large_image","twitter_creator":"@LaGuiadPamplona","twitter_site":"@LaGuiadPamplona","twitter_misc":{"Escrito por":"La Gu\u00eda de Pamplona","Tiempo de lectura":"4 minutos"},"schema":{"@context":"https:\/\/schema.org","@graph":[{"@type":"Article","@id":"https:\/\/www.laguiadepamplona.com\/actualidad\/la-exposicion-retrospectiva-de-luis-martorell-en-civivox-condestable-aborda-la-evolucion-de-las-artes-graficas-y-la-ilustracion-desde-el-lapiz-hasta-la-inteligencia-artificial\/#article","isPartOf":{"@id":"https:\/\/www.laguiadepamplona.com\/actualidad\/la-exposicion-retrospectiva-de-luis-martorell-en-civivox-condestable-aborda-la-evolucion-de-las-artes-graficas-y-la-ilustracion-desde-el-lapiz-hasta-la-inteligencia-artificial\/"},"author":{"name":"La Gu\u00eda de Pamplona","@id":"https:\/\/www.laguiadepamplona.com\/actualidad\/#\/schema\/person\/efe887376f0213d4657c93adc50b1fdb"},"headline":"La exposici\u00f3n retrospectiva de Luis Martorell en Civivox Condestable aborda la evoluci\u00f3n de las artes gr\u00e1ficas y la ilustraci\u00f3n desde el l\u00e1piz hasta la Inteligencia Artificial","datePublished":"2023-01-26T12:24:32+00:00","dateModified":"2023-04-11T09:47:20+00:00","mainEntityOfPage":{"@id":"https:\/\/www.laguiadepamplona.com\/actualidad\/la-exposicion-retrospectiva-de-luis-martorell-en-civivox-condestable-aborda-la-evolucion-de-las-artes-graficas-y-la-ilustracion-desde-el-lapiz-hasta-la-inteligencia-artificial\/"},"wordCount":895,"commentCount":0,"publisher":{"@id":"https:\/\/www.laguiadepamplona.com\/actualidad\/#organization"},"image":{"@id":"https:\/\/www.laguiadepamplona.com\/actualidad\/la-exposicion-retrospectiva-de-luis-martorell-en-civivox-condestable-aborda-la-evolucion-de-las-artes-graficas-y-la-ilustracion-desde-el-lapiz-hasta-la-inteligencia-artificial\/#primaryimage"},"thumbnailUrl":"https:\/\/www.laguiadepamplona.com\/actualidad\/wp-content\/uploads\/2023\/01\/expo-luis-Martorell.jpeg","articleSection":["Ayto Pamplona"],"inLanguage":"es","potentialAction":[{"@type":"CommentAction","name":"Comment","target":["https:\/\/www.laguiadepamplona.com\/actualidad\/la-exposicion-retrospectiva-de-luis-martorell-en-civivox-condestable-aborda-la-evolucion-de-las-artes-graficas-y-la-ilustracion-desde-el-lapiz-hasta-la-inteligencia-artificial\/#respond"]}]},{"@type":"WebPage","@id":"https:\/\/www.laguiadepamplona.com\/actualidad\/la-exposicion-retrospectiva-de-luis-martorell-en-civivox-condestable-aborda-la-evolucion-de-las-artes-graficas-y-la-ilustracion-desde-el-lapiz-hasta-la-inteligencia-artificial\/","url":"https:\/\/www.laguiadepamplona.com\/actualidad\/la-exposicion-retrospectiva-de-luis-martorell-en-civivox-condestable-aborda-la-evolucion-de-las-artes-graficas-y-la-ilustracion-desde-el-lapiz-hasta-la-inteligencia-artificial\/","name":"La exposici\u00f3n retrospectiva de Luis Martorell en Civivox Condestable aborda la evoluci\u00f3n de las artes gr\u00e1ficas y la ilustraci\u00f3n desde el l\u00e1piz hasta la Inteligencia Artificial","isPartOf":{"@id":"https:\/\/www.laguiadepamplona.com\/actualidad\/#website"},"primaryImageOfPage":{"@id":"https:\/\/www.laguiadepamplona.com\/actualidad\/la-exposicion-retrospectiva-de-luis-martorell-en-civivox-condestable-aborda-la-evolucion-de-las-artes-graficas-y-la-ilustracion-desde-el-lapiz-hasta-la-inteligencia-artificial\/#primaryimage"},"image":{"@id":"https:\/\/www.laguiadepamplona.com\/actualidad\/la-exposicion-retrospectiva-de-luis-martorell-en-civivox-condestable-aborda-la-evolucion-de-las-artes-graficas-y-la-ilustracion-desde-el-lapiz-hasta-la-inteligencia-artificial\/#primaryimage"},"thumbnailUrl":"https:\/\/www.laguiadepamplona.com\/actualidad\/wp-content\/uploads\/2023\/01\/expo-luis-Martorell.jpeg","datePublished":"2023-01-26T12:24:32+00:00","dateModified":"2023-04-11T09:47:20+00:00","description":"La muestra \u2018C\u00f3mic, dibujo, ilustraci\u00f3n. 2022 \u2013 1972\u2019 agrupa, en tres \u00e9pocas diferenciadas, el mundo y modo creativo de este dibujante navarro","breadcrumb":{"@id":"https:\/\/www.laguiadepamplona.com\/actualidad\/la-exposicion-retrospectiva-de-luis-martorell-en-civivox-condestable-aborda-la-evolucion-de-las-artes-graficas-y-la-ilustracion-desde-el-lapiz-hasta-la-inteligencia-artificial\/#breadcrumb"},"inLanguage":"es","potentialAction":[{"@type":"ReadAction","target":["https:\/\/www.laguiadepamplona.com\/actualidad\/la-exposicion-retrospectiva-de-luis-martorell-en-civivox-condestable-aborda-la-evolucion-de-las-artes-graficas-y-la-ilustracion-desde-el-lapiz-hasta-la-inteligencia-artificial\/"]}]},{"@type":"ImageObject","inLanguage":"es","@id":"https:\/\/www.laguiadepamplona.com\/actualidad\/la-exposicion-retrospectiva-de-luis-martorell-en-civivox-condestable-aborda-la-evolucion-de-las-artes-graficas-y-la-ilustracion-desde-el-lapiz-hasta-la-inteligencia-artificial\/#primaryimage","url":"https:\/\/www.laguiadepamplona.com\/actualidad\/wp-content\/uploads\/2023\/01\/expo-luis-Martorell.jpeg","contentUrl":"https:\/\/www.laguiadepamplona.com\/actualidad\/wp-content\/uploads\/2023\/01\/expo-luis-Martorell.jpeg","width":819,"height":503},{"@type":"BreadcrumbList","@id":"https:\/\/www.laguiadepamplona.com\/actualidad\/la-exposicion-retrospectiva-de-luis-martorell-en-civivox-condestable-aborda-la-evolucion-de-las-artes-graficas-y-la-ilustracion-desde-el-lapiz-hasta-la-inteligencia-artificial\/#breadcrumb","itemListElement":[{"@type":"ListItem","position":1,"name":"Portada","item":"https:\/\/www.laguiadepamplona.com\/actualidad\/"},{"@type":"ListItem","position":2,"name":"La exposici\u00f3n retrospectiva de Luis Martorell en Civivox Condestable aborda la evoluci\u00f3n de las artes gr\u00e1ficas y la ilustraci\u00f3n desde el l\u00e1piz hasta la Inteligencia Artificial"}]},{"@type":"WebSite","@id":"https:\/\/www.laguiadepamplona.com\/actualidad\/#website","url":"https:\/\/www.laguiadepamplona.com\/actualidad\/","name":"La gu\u00eda de Pamplona","description":"Noticias de Pamplona","publisher":{"@id":"https:\/\/www.laguiadepamplona.com\/actualidad\/#organization"},"potentialAction":[{"@type":"SearchAction","target":{"@type":"EntryPoint","urlTemplate":"https:\/\/www.laguiadepamplona.com\/actualidad\/?s={search_term_string}"},"query-input":{"@type":"PropertyValueSpecification","valueRequired":true,"valueName":"search_term_string"}}],"inLanguage":"es"},{"@type":"Organization","@id":"https:\/\/www.laguiadepamplona.com\/actualidad\/#organization","name":"La Gu\u00eda de Pamplona \/ Noticias","url":"https:\/\/www.laguiadepamplona.com\/actualidad\/","logo":{"@type":"ImageObject","inLanguage":"es","@id":"https:\/\/www.laguiadepamplona.com\/actualidad\/#\/schema\/logo\/image\/","url":"https:\/\/www.laguiadepamplona.com\/actualidad\/wp-content\/uploads\/2018\/11\/logo-laguiadepamplona18-web1.png","contentUrl":"https:\/\/www.laguiadepamplona.com\/actualidad\/wp-content\/uploads\/2018\/11\/logo-laguiadepamplona18-web1.png","width":600,"height":196,"caption":"La Gu\u00eda de Pamplona \/ Noticias"},"image":{"@id":"https:\/\/www.laguiadepamplona.com\/actualidad\/#\/schema\/logo\/image\/"},"sameAs":["https:\/\/www.facebook.com\/laguiadepamplonacom-133175176762273\/?ref=hl","https:\/\/x.com\/LaGuiadPamplona","https:\/\/www.instagram.com\/la_guia_de_pamplona\/","https:\/\/www.youtube.com\/user\/laguiadepamplona"]},{"@type":"Person","@id":"https:\/\/www.laguiadepamplona.com\/actualidad\/#\/schema\/person\/efe887376f0213d4657c93adc50b1fdb","name":"La Gu\u00eda de Pamplona","image":{"@type":"ImageObject","inLanguage":"es","@id":"https:\/\/secure.gravatar.com\/avatar\/b6992f131dc8d30ab0dff15446e9d346d9dbd95992de0fef795073f5ea83a81c?s=96&d=mm&r=g","url":"https:\/\/secure.gravatar.com\/avatar\/b6992f131dc8d30ab0dff15446e9d346d9dbd95992de0fef795073f5ea83a81c?s=96&d=mm&r=g","contentUrl":"https:\/\/secure.gravatar.com\/avatar\/b6992f131dc8d30ab0dff15446e9d346d9dbd95992de0fef795073f5ea83a81c?s=96&d=mm&r=g","caption":"La Gu\u00eda de Pamplona"}}]}},"post_mailing_queue_ids":[],"_links":{"self":[{"href":"https:\/\/www.laguiadepamplona.com\/actualidad\/wp-json\/wp\/v2\/posts\/42691","targetHints":{"allow":["GET"]}}],"collection":[{"href":"https:\/\/www.laguiadepamplona.com\/actualidad\/wp-json\/wp\/v2\/posts"}],"about":[{"href":"https:\/\/www.laguiadepamplona.com\/actualidad\/wp-json\/wp\/v2\/types\/post"}],"author":[{"embeddable":true,"href":"https:\/\/www.laguiadepamplona.com\/actualidad\/wp-json\/wp\/v2\/users\/1"}],"replies":[{"embeddable":true,"href":"https:\/\/www.laguiadepamplona.com\/actualidad\/wp-json\/wp\/v2\/comments?post=42691"}],"version-history":[{"count":0,"href":"https:\/\/www.laguiadepamplona.com\/actualidad\/wp-json\/wp\/v2\/posts\/42691\/revisions"}],"wp:featuredmedia":[{"embeddable":true,"href":"https:\/\/www.laguiadepamplona.com\/actualidad\/wp-json\/wp\/v2\/media\/42692"}],"wp:attachment":[{"href":"https:\/\/www.laguiadepamplona.com\/actualidad\/wp-json\/wp\/v2\/media?parent=42691"}],"wp:term":[{"taxonomy":"category","embeddable":true,"href":"https:\/\/www.laguiadepamplona.com\/actualidad\/wp-json\/wp\/v2\/categories?post=42691"},{"taxonomy":"post_tag","embeddable":true,"href":"https:\/\/www.laguiadepamplona.com\/actualidad\/wp-json\/wp\/v2\/tags?post=42691"}],"curies":[{"name":"wp","href":"https:\/\/api.w.org\/{rel}","templated":true}]}}