{"id":42681,"date":"2023-01-25T14:25:49","date_gmt":"2023-01-25T12:25:49","guid":{"rendered":"https:\/\/www.laguiadepamplona.com\/actualidad\/?p=42681"},"modified":"2023-04-11T11:47:21","modified_gmt":"2023-04-11T09:47:21","slug":"modificado-el-proyecto-de-carril-bici-en-la-zona-superior-del-futuro-ascensor-de-trinitarios-que-transitara-por-la-calzada-en-lugar-de-por-la-acera-junto-a-las-casas-de-larraina","status":"publish","type":"post","link":"https:\/\/www.laguiadepamplona.com\/actualidad\/modificado-el-proyecto-de-carril-bici-en-la-zona-superior-del-futuro-ascensor-de-trinitarios-que-transitara-por-la-calzada-en-lugar-de-por-la-acera-junto-a-las-casas-de-larraina\/","title":{"rendered":"Modificado el proyecto de carril bici en la zona superior del futuro ascensor de Trinitarios, que transitar\u00e1 por la calzada en lugar de por la acera junto a las Casas de Larraina"},"content":{"rendered":"<p><!--more--><\/p>\n<p>El carril bici que partir\u00e1 del futuro ascensor de Trinitarios en la zona de las Casas de Larraina transitar\u00e1 por la calzada en lugar de por la acera como estaba previsto inicialmente. El proyecto se ha adaptado a los nuevos criterios de movilidad que priorizan la acera para peatones y apuestan por la circulaci\u00f3n de las bicicletas por la calzada. El carril bici ir\u00e1 separado de la calzada por la franja arbolada existente.<br \/>\n<script async src=\"\/\/pagead2.googlesyndication.com\/pagead\/js\/adsbygoogle.js\"><\/script><br \/>\n<!-- Noticias La Guia de Pamplona --><br \/>\n<ins class=\"adsbygoogle\"\nstyle=\"display:block\"\ndata-ad-client=\"ca-pub-6943679897239327\"\ndata-ad-slot=\"7048180777\"\ndata-ad-format=\"auto\"><\/ins><br \/>\n<script>\n(adsbygoogle = window.adsbygoogle || []).push({});\n<\/script><\/p>\n<p>El cambio genera tambi\u00e9n un ajuste en el espacio peatonal de conexi\u00f3n con la pasarela del ascensor en la parte superior para establecer la nueva salida del carril bici. Se ha aprovechado esta modificaci\u00f3n para matizar algunos otros aspectos del proyecto. El carril bici se mantendr\u00e1 por la calzada en su tr\u00e1nsito por la curva de las Casas de Larraina y en los cruces con la calle Monasterio de Irazhe y con la cuesta de la Reina. El nuevo trazado del carril bici provocar\u00e1 ajustes en los pasos peatonales y se ganar\u00e1 espacio para la acera en Monasterio de Irache, en las inmediaciones del \u00e1rea de Seguridad Ciudadana. Asimismo, se reubicar\u00e1n los contenedores de la zona.<\/p>\n<p>La Gerencia de Urbanismo ha conocido en su reuni\u00f3n de esta ma\u00f1ana la resoluci\u00f3n del pago de los honorarios correspondientes a la redacci\u00f3n de este documento t\u00e9cnico de adaptaci\u00f3n a los nuevos criterios de movilidad del proyecto. El gasto asciende a 15.246 euros, que se reparten a partes iguales los redactores del proyecto, Ra\u00fal Escriv\u00e1 Peyr\u00f3 e Iriarte Mari\u00f1elarena Arquitectos Urbanistas SLP.<br \/>\n<script async src=\"\/\/pagead2.googlesyndication.com\/pagead\/js\/adsbygoogle.js\"><\/script><br \/>\n<!-- Noticias La Guia de Pamplona --><br \/>\n<ins class=\"adsbygoogle\"\nstyle=\"display:block\"\ndata-ad-client=\"ca-pub-6943679897239327\"\ndata-ad-slot=\"7048180777\"\ndata-ad-format=\"auto\"><\/ins><br \/>\n<script>\n(adsbygoogle = window.adsbygoogle || []).push({});\n<\/script><\/p>\n<p>Las obras del ascensor y de esta urbanizaci\u00f3n las lleva a cabo la empresa Excavaciones Ferm\u00edn Os\u00e9s SL con un presupuesto de 634.850.00 euros IVA no incluido. Este proyecto, tanto en su primera fase, es decir la construcci\u00f3n del ascensor propiamente dicha, como en esta segunda, est\u00e1 financiado por el Plan de Recuperaci\u00f3n, Transformaci\u00f3n y Resiliencia (PRTR) a trav\u00e9s de los fondos europeos Next Generation EU.<\/p>\n","protected":false},"excerpt":{"rendered":"","protected":false},"author":1,"featured_media":42682,"comment_status":"open","ping_status":"closed","sticky":false,"template":"","format":"standard","meta":{"footnotes":""},"categories":[2],"tags":[],"class_list":["post-42681","post","type-post","status-publish","format-standard","has-post-thumbnail","hentry","category-ayuntamiento-pamplona"],"yoast_head":"<!-- This site is optimized with the Yoast SEO plugin v27.3 - https:\/\/yoast.com\/product\/yoast-seo-wordpress\/ -->\n<title>Modificado el proyecto de carril bici en la zona superior del futuro ascensor de Trinitarios, que transitar\u00e1 por la calzada en lugar de por la acera junto a las Casas de Larraina<\/title>\n<meta name=\"description\" content=\"El carril bici que partir\u00e1 del futuro ascensor de Trinitarios en la zona de las Casas de Larraina transitar\u00e1 por la calzada en lugar de por la acera\" \/>\n<meta name=\"robots\" content=\"index, follow, max-snippet:-1, max-image-preview:large, max-video-preview:-1\" \/>\n<link rel=\"canonical\" href=\"https:\/\/www.laguiadepamplona.com\/actualidad\/modificado-el-proyecto-de-carril-bici-en-la-zona-superior-del-futuro-ascensor-de-trinitarios-que-transitara-por-la-calzada-en-lugar-de-por-la-acera-junto-a-las-casas-de-larraina\/\" \/>\n<meta property=\"og:locale\" content=\"es_ES\" \/>\n<meta property=\"og:type\" content=\"article\" \/>\n<meta property=\"og:title\" content=\"Modificado el proyecto de carril bici en la zona superior del futuro ascensor de Trinitarios, que transitar\u00e1 por la calzada en lugar de por la acera junto a las Casas de Larraina\" \/>\n<meta property=\"og:description\" content=\"El carril bici que partir\u00e1 del futuro ascensor de Trinitarios en la zona de las Casas de Larraina transitar\u00e1 por la calzada en lugar de por la acera\" \/>\n<meta property=\"og:url\" content=\"https:\/\/www.laguiadepamplona.com\/actualidad\/modificado-el-proyecto-de-carril-bici-en-la-zona-superior-del-futuro-ascensor-de-trinitarios-que-transitara-por-la-calzada-en-lugar-de-por-la-acera-junto-a-las-casas-de-larraina\/\" \/>\n<meta property=\"og:site_name\" content=\"La Gu\u00eda de Pamplona\" \/>\n<meta property=\"article:publisher\" content=\"https:\/\/www.facebook.com\/laguiadepamplonacom-133175176762273\/?ref=hl\" \/>\n<meta property=\"article:published_time\" content=\"2023-01-25T12:25:49+00:00\" \/>\n<meta property=\"article:modified_time\" content=\"2023-04-11T09:47:21+00:00\" \/>\n<meta property=\"og:image\" content=\"https:\/\/www.laguiadepamplona.com\/actualidad\/wp-content\/uploads\/2023\/01\/23.01.25_CGU_plano_carril_bici_ascensor_trinitarios.webp\" \/>\n\t<meta property=\"og:image:width\" content=\"1920\" \/>\n\t<meta property=\"og:image:height\" content=\"1349\" \/>\n\t<meta property=\"og:image:type\" content=\"image\/webp\" \/>\n<meta name=\"author\" content=\"La Gu\u00eda de Pamplona\" \/>\n<meta name=\"twitter:card\" content=\"summary_large_image\" \/>\n<meta name=\"twitter:creator\" content=\"@LaGuiadPamplona\" \/>\n<meta name=\"twitter:site\" content=\"@LaGuiadPamplona\" \/>\n<meta name=\"twitter:label1\" content=\"Escrito por\" \/>\n\t<meta name=\"twitter:data1\" content=\"La Gu\u00eda de Pamplona\" \/>\n\t<meta name=\"twitter:label2\" content=\"Tiempo de lectura\" \/>\n\t<meta name=\"twitter:data2\" content=\"2 minutos\" \/>\n<script type=\"application\/ld+json\" class=\"yoast-schema-graph\">{\"@context\":\"https:\\\/\\\/schema.org\",\"@graph\":[{\"@type\":\"Article\",\"@id\":\"https:\\\/\\\/www.laguiadepamplona.com\\\/actualidad\\\/modificado-el-proyecto-de-carril-bici-en-la-zona-superior-del-futuro-ascensor-de-trinitarios-que-transitara-por-la-calzada-en-lugar-de-por-la-acera-junto-a-las-casas-de-larraina\\\/#article\",\"isPartOf\":{\"@id\":\"https:\\\/\\\/www.laguiadepamplona.com\\\/actualidad\\\/modificado-el-proyecto-de-carril-bici-en-la-zona-superior-del-futuro-ascensor-de-trinitarios-que-transitara-por-la-calzada-en-lugar-de-por-la-acera-junto-a-las-casas-de-larraina\\\/\"},\"author\":{\"name\":\"La Gu\u00eda de Pamplona\",\"@id\":\"https:\\\/\\\/www.laguiadepamplona.com\\\/actualidad\\\/#\\\/schema\\\/person\\\/efe887376f0213d4657c93adc50b1fdb\"},\"headline\":\"Modificado el proyecto de carril bici en la zona superior del futuro ascensor de Trinitarios, que transitar\u00e1 por la calzada en lugar de por la acera junto a las Casas de Larraina\",\"datePublished\":\"2023-01-25T12:25:49+00:00\",\"dateModified\":\"2023-04-11T09:47:21+00:00\",\"mainEntityOfPage\":{\"@id\":\"https:\\\/\\\/www.laguiadepamplona.com\\\/actualidad\\\/modificado-el-proyecto-de-carril-bici-en-la-zona-superior-del-futuro-ascensor-de-trinitarios-que-transitara-por-la-calzada-en-lugar-de-por-la-acera-junto-a-las-casas-de-larraina\\\/\"},\"wordCount\":368,\"commentCount\":0,\"publisher\":{\"@id\":\"https:\\\/\\\/www.laguiadepamplona.com\\\/actualidad\\\/#organization\"},\"image\":{\"@id\":\"https:\\\/\\\/www.laguiadepamplona.com\\\/actualidad\\\/modificado-el-proyecto-de-carril-bici-en-la-zona-superior-del-futuro-ascensor-de-trinitarios-que-transitara-por-la-calzada-en-lugar-de-por-la-acera-junto-a-las-casas-de-larraina\\\/#primaryimage\"},\"thumbnailUrl\":\"https:\\\/\\\/www.laguiadepamplona.com\\\/actualidad\\\/wp-content\\\/uploads\\\/2023\\\/01\\\/23.01.25_CGU_plano_carril_bici_ascensor_trinitarios.webp\",\"articleSection\":[\"Ayto Pamplona\"],\"inLanguage\":\"es\",\"potentialAction\":[{\"@type\":\"CommentAction\",\"name\":\"Comment\",\"target\":[\"https:\\\/\\\/www.laguiadepamplona.com\\\/actualidad\\\/modificado-el-proyecto-de-carril-bici-en-la-zona-superior-del-futuro-ascensor-de-trinitarios-que-transitara-por-la-calzada-en-lugar-de-por-la-acera-junto-a-las-casas-de-larraina\\\/#respond\"]}]},{\"@type\":\"WebPage\",\"@id\":\"https:\\\/\\\/www.laguiadepamplona.com\\\/actualidad\\\/modificado-el-proyecto-de-carril-bici-en-la-zona-superior-del-futuro-ascensor-de-trinitarios-que-transitara-por-la-calzada-en-lugar-de-por-la-acera-junto-a-las-casas-de-larraina\\\/\",\"url\":\"https:\\\/\\\/www.laguiadepamplona.com\\\/actualidad\\\/modificado-el-proyecto-de-carril-bici-en-la-zona-superior-del-futuro-ascensor-de-trinitarios-que-transitara-por-la-calzada-en-lugar-de-por-la-acera-junto-a-las-casas-de-larraina\\\/\",\"name\":\"Modificado el proyecto de carril bici en la zona superior del futuro ascensor de Trinitarios, que transitar\u00e1 por la calzada en lugar de por la acera junto a las Casas de Larraina\",\"isPartOf\":{\"@id\":\"https:\\\/\\\/www.laguiadepamplona.com\\\/actualidad\\\/#website\"},\"primaryImageOfPage\":{\"@id\":\"https:\\\/\\\/www.laguiadepamplona.com\\\/actualidad\\\/modificado-el-proyecto-de-carril-bici-en-la-zona-superior-del-futuro-ascensor-de-trinitarios-que-transitara-por-la-calzada-en-lugar-de-por-la-acera-junto-a-las-casas-de-larraina\\\/#primaryimage\"},\"image\":{\"@id\":\"https:\\\/\\\/www.laguiadepamplona.com\\\/actualidad\\\/modificado-el-proyecto-de-carril-bici-en-la-zona-superior-del-futuro-ascensor-de-trinitarios-que-transitara-por-la-calzada-en-lugar-de-por-la-acera-junto-a-las-casas-de-larraina\\\/#primaryimage\"},\"thumbnailUrl\":\"https:\\\/\\\/www.laguiadepamplona.com\\\/actualidad\\\/wp-content\\\/uploads\\\/2023\\\/01\\\/23.01.25_CGU_plano_carril_bici_ascensor_trinitarios.webp\",\"datePublished\":\"2023-01-25T12:25:49+00:00\",\"dateModified\":\"2023-04-11T09:47:21+00:00\",\"description\":\"El carril bici que partir\u00e1 del futuro ascensor de Trinitarios en la zona de las Casas de Larraina transitar\u00e1 por la calzada en lugar de por la acera\",\"breadcrumb\":{\"@id\":\"https:\\\/\\\/www.laguiadepamplona.com\\\/actualidad\\\/modificado-el-proyecto-de-carril-bici-en-la-zona-superior-del-futuro-ascensor-de-trinitarios-que-transitara-por-la-calzada-en-lugar-de-por-la-acera-junto-a-las-casas-de-larraina\\\/#breadcrumb\"},\"inLanguage\":\"es\",\"potentialAction\":[{\"@type\":\"ReadAction\",\"target\":[\"https:\\\/\\\/www.laguiadepamplona.com\\\/actualidad\\\/modificado-el-proyecto-de-carril-bici-en-la-zona-superior-del-futuro-ascensor-de-trinitarios-que-transitara-por-la-calzada-en-lugar-de-por-la-acera-junto-a-las-casas-de-larraina\\\/\"]}]},{\"@type\":\"ImageObject\",\"inLanguage\":\"es\",\"@id\":\"https:\\\/\\\/www.laguiadepamplona.com\\\/actualidad\\\/modificado-el-proyecto-de-carril-bici-en-la-zona-superior-del-futuro-ascensor-de-trinitarios-que-transitara-por-la-calzada-en-lugar-de-por-la-acera-junto-a-las-casas-de-larraina\\\/#primaryimage\",\"url\":\"https:\\\/\\\/www.laguiadepamplona.com\\\/actualidad\\\/wp-content\\\/uploads\\\/2023\\\/01\\\/23.01.25_CGU_plano_carril_bici_ascensor_trinitarios.webp\",\"contentUrl\":\"https:\\\/\\\/www.laguiadepamplona.com\\\/actualidad\\\/wp-content\\\/uploads\\\/2023\\\/01\\\/23.01.25_CGU_plano_carril_bici_ascensor_trinitarios.webp\",\"width\":1920,\"height\":1349},{\"@type\":\"BreadcrumbList\",\"@id\":\"https:\\\/\\\/www.laguiadepamplona.com\\\/actualidad\\\/modificado-el-proyecto-de-carril-bici-en-la-zona-superior-del-futuro-ascensor-de-trinitarios-que-transitara-por-la-calzada-en-lugar-de-por-la-acera-junto-a-las-casas-de-larraina\\\/#breadcrumb\",\"itemListElement\":[{\"@type\":\"ListItem\",\"position\":1,\"name\":\"Portada\",\"item\":\"https:\\\/\\\/www.laguiadepamplona.com\\\/actualidad\\\/\"},{\"@type\":\"ListItem\",\"position\":2,\"name\":\"Modificado el proyecto de carril bici en la zona superior del futuro ascensor de Trinitarios, que transitar\u00e1 por la calzada en lugar de por la acera junto a las Casas de Larraina\"}]},{\"@type\":\"WebSite\",\"@id\":\"https:\\\/\\\/www.laguiadepamplona.com\\\/actualidad\\\/#website\",\"url\":\"https:\\\/\\\/www.laguiadepamplona.com\\\/actualidad\\\/\",\"name\":\"La gu\u00eda de Pamplona\",\"description\":\"Noticias de Pamplona\",\"publisher\":{\"@id\":\"https:\\\/\\\/www.laguiadepamplona.com\\\/actualidad\\\/#organization\"},\"potentialAction\":[{\"@type\":\"SearchAction\",\"target\":{\"@type\":\"EntryPoint\",\"urlTemplate\":\"https:\\\/\\\/www.laguiadepamplona.com\\\/actualidad\\\/?s={search_term_string}\"},\"query-input\":{\"@type\":\"PropertyValueSpecification\",\"valueRequired\":true,\"valueName\":\"search_term_string\"}}],\"inLanguage\":\"es\"},{\"@type\":\"Organization\",\"@id\":\"https:\\\/\\\/www.laguiadepamplona.com\\\/actualidad\\\/#organization\",\"name\":\"La Gu\u00eda de Pamplona \\\/ Noticias\",\"url\":\"https:\\\/\\\/www.laguiadepamplona.com\\\/actualidad\\\/\",\"logo\":{\"@type\":\"ImageObject\",\"inLanguage\":\"es\",\"@id\":\"https:\\\/\\\/www.laguiadepamplona.com\\\/actualidad\\\/#\\\/schema\\\/logo\\\/image\\\/\",\"url\":\"https:\\\/\\\/www.laguiadepamplona.com\\\/actualidad\\\/wp-content\\\/uploads\\\/2018\\\/11\\\/logo-laguiadepamplona18-web1.png\",\"contentUrl\":\"https:\\\/\\\/www.laguiadepamplona.com\\\/actualidad\\\/wp-content\\\/uploads\\\/2018\\\/11\\\/logo-laguiadepamplona18-web1.png\",\"width\":600,\"height\":196,\"caption\":\"La Gu\u00eda de Pamplona \\\/ Noticias\"},\"image\":{\"@id\":\"https:\\\/\\\/www.laguiadepamplona.com\\\/actualidad\\\/#\\\/schema\\\/logo\\\/image\\\/\"},\"sameAs\":[\"https:\\\/\\\/www.facebook.com\\\/laguiadepamplonacom-133175176762273\\\/?ref=hl\",\"https:\\\/\\\/x.com\\\/LaGuiadPamplona\",\"https:\\\/\\\/www.instagram.com\\\/la_guia_de_pamplona\\\/\",\"https:\\\/\\\/www.youtube.com\\\/user\\\/laguiadepamplona\"]},{\"@type\":\"Person\",\"@id\":\"https:\\\/\\\/www.laguiadepamplona.com\\\/actualidad\\\/#\\\/schema\\\/person\\\/efe887376f0213d4657c93adc50b1fdb\",\"name\":\"La Gu\u00eda de Pamplona\",\"image\":{\"@type\":\"ImageObject\",\"inLanguage\":\"es\",\"@id\":\"https:\\\/\\\/secure.gravatar.com\\\/avatar\\\/b6992f131dc8d30ab0dff15446e9d346d9dbd95992de0fef795073f5ea83a81c?s=96&d=mm&r=g\",\"url\":\"https:\\\/\\\/secure.gravatar.com\\\/avatar\\\/b6992f131dc8d30ab0dff15446e9d346d9dbd95992de0fef795073f5ea83a81c?s=96&d=mm&r=g\",\"contentUrl\":\"https:\\\/\\\/secure.gravatar.com\\\/avatar\\\/b6992f131dc8d30ab0dff15446e9d346d9dbd95992de0fef795073f5ea83a81c?s=96&d=mm&r=g\",\"caption\":\"La Gu\u00eda de Pamplona\"}}]}<\/script>\n<!-- \/ Yoast SEO plugin. -->","yoast_head_json":{"title":"Modificado el proyecto de carril bici en la zona superior del futuro ascensor de Trinitarios, que transitar\u00e1 por la calzada en lugar de por la acera junto a las Casas de Larraina","description":"El carril bici que partir\u00e1 del futuro ascensor de Trinitarios en la zona de las Casas de Larraina transitar\u00e1 por la calzada en lugar de por la acera","robots":{"index":"index","follow":"follow","max-snippet":"max-snippet:-1","max-image-preview":"max-image-preview:large","max-video-preview":"max-video-preview:-1"},"canonical":"https:\/\/www.laguiadepamplona.com\/actualidad\/modificado-el-proyecto-de-carril-bici-en-la-zona-superior-del-futuro-ascensor-de-trinitarios-que-transitara-por-la-calzada-en-lugar-de-por-la-acera-junto-a-las-casas-de-larraina\/","og_locale":"es_ES","og_type":"article","og_title":"Modificado el proyecto de carril bici en la zona superior del futuro ascensor de Trinitarios, que transitar\u00e1 por la calzada en lugar de por la acera junto a las Casas de Larraina","og_description":"El carril bici que partir\u00e1 del futuro ascensor de Trinitarios en la zona de las Casas de Larraina transitar\u00e1 por la calzada en lugar de por la acera","og_url":"https:\/\/www.laguiadepamplona.com\/actualidad\/modificado-el-proyecto-de-carril-bici-en-la-zona-superior-del-futuro-ascensor-de-trinitarios-que-transitara-por-la-calzada-en-lugar-de-por-la-acera-junto-a-las-casas-de-larraina\/","og_site_name":"La Gu\u00eda de Pamplona","article_publisher":"https:\/\/www.facebook.com\/laguiadepamplonacom-133175176762273\/?ref=hl","article_published_time":"2023-01-25T12:25:49+00:00","article_modified_time":"2023-04-11T09:47:21+00:00","og_image":[{"width":1920,"height":1349,"url":"https:\/\/www.laguiadepamplona.com\/actualidad\/wp-content\/uploads\/2023\/01\/23.01.25_CGU_plano_carril_bici_ascensor_trinitarios.webp","type":"image\/webp"}],"author":"La Gu\u00eda de Pamplona","twitter_card":"summary_large_image","twitter_creator":"@LaGuiadPamplona","twitter_site":"@LaGuiadPamplona","twitter_misc":{"Escrito por":"La Gu\u00eda de Pamplona","Tiempo de lectura":"2 minutos"},"schema":{"@context":"https:\/\/schema.org","@graph":[{"@type":"Article","@id":"https:\/\/www.laguiadepamplona.com\/actualidad\/modificado-el-proyecto-de-carril-bici-en-la-zona-superior-del-futuro-ascensor-de-trinitarios-que-transitara-por-la-calzada-en-lugar-de-por-la-acera-junto-a-las-casas-de-larraina\/#article","isPartOf":{"@id":"https:\/\/www.laguiadepamplona.com\/actualidad\/modificado-el-proyecto-de-carril-bici-en-la-zona-superior-del-futuro-ascensor-de-trinitarios-que-transitara-por-la-calzada-en-lugar-de-por-la-acera-junto-a-las-casas-de-larraina\/"},"author":{"name":"La Gu\u00eda de Pamplona","@id":"https:\/\/www.laguiadepamplona.com\/actualidad\/#\/schema\/person\/efe887376f0213d4657c93adc50b1fdb"},"headline":"Modificado el proyecto de carril bici en la zona superior del futuro ascensor de Trinitarios, que transitar\u00e1 por la calzada en lugar de por la acera junto a las Casas de Larraina","datePublished":"2023-01-25T12:25:49+00:00","dateModified":"2023-04-11T09:47:21+00:00","mainEntityOfPage":{"@id":"https:\/\/www.laguiadepamplona.com\/actualidad\/modificado-el-proyecto-de-carril-bici-en-la-zona-superior-del-futuro-ascensor-de-trinitarios-que-transitara-por-la-calzada-en-lugar-de-por-la-acera-junto-a-las-casas-de-larraina\/"},"wordCount":368,"commentCount":0,"publisher":{"@id":"https:\/\/www.laguiadepamplona.com\/actualidad\/#organization"},"image":{"@id":"https:\/\/www.laguiadepamplona.com\/actualidad\/modificado-el-proyecto-de-carril-bici-en-la-zona-superior-del-futuro-ascensor-de-trinitarios-que-transitara-por-la-calzada-en-lugar-de-por-la-acera-junto-a-las-casas-de-larraina\/#primaryimage"},"thumbnailUrl":"https:\/\/www.laguiadepamplona.com\/actualidad\/wp-content\/uploads\/2023\/01\/23.01.25_CGU_plano_carril_bici_ascensor_trinitarios.webp","articleSection":["Ayto Pamplona"],"inLanguage":"es","potentialAction":[{"@type":"CommentAction","name":"Comment","target":["https:\/\/www.laguiadepamplona.com\/actualidad\/modificado-el-proyecto-de-carril-bici-en-la-zona-superior-del-futuro-ascensor-de-trinitarios-que-transitara-por-la-calzada-en-lugar-de-por-la-acera-junto-a-las-casas-de-larraina\/#respond"]}]},{"@type":"WebPage","@id":"https:\/\/www.laguiadepamplona.com\/actualidad\/modificado-el-proyecto-de-carril-bici-en-la-zona-superior-del-futuro-ascensor-de-trinitarios-que-transitara-por-la-calzada-en-lugar-de-por-la-acera-junto-a-las-casas-de-larraina\/","url":"https:\/\/www.laguiadepamplona.com\/actualidad\/modificado-el-proyecto-de-carril-bici-en-la-zona-superior-del-futuro-ascensor-de-trinitarios-que-transitara-por-la-calzada-en-lugar-de-por-la-acera-junto-a-las-casas-de-larraina\/","name":"Modificado el proyecto de carril bici en la zona superior del futuro ascensor de Trinitarios, que transitar\u00e1 por la calzada en lugar de por la acera junto a las Casas de Larraina","isPartOf":{"@id":"https:\/\/www.laguiadepamplona.com\/actualidad\/#website"},"primaryImageOfPage":{"@id":"https:\/\/www.laguiadepamplona.com\/actualidad\/modificado-el-proyecto-de-carril-bici-en-la-zona-superior-del-futuro-ascensor-de-trinitarios-que-transitara-por-la-calzada-en-lugar-de-por-la-acera-junto-a-las-casas-de-larraina\/#primaryimage"},"image":{"@id":"https:\/\/www.laguiadepamplona.com\/actualidad\/modificado-el-proyecto-de-carril-bici-en-la-zona-superior-del-futuro-ascensor-de-trinitarios-que-transitara-por-la-calzada-en-lugar-de-por-la-acera-junto-a-las-casas-de-larraina\/#primaryimage"},"thumbnailUrl":"https:\/\/www.laguiadepamplona.com\/actualidad\/wp-content\/uploads\/2023\/01\/23.01.25_CGU_plano_carril_bici_ascensor_trinitarios.webp","datePublished":"2023-01-25T12:25:49+00:00","dateModified":"2023-04-11T09:47:21+00:00","description":"El carril bici que partir\u00e1 del futuro ascensor de Trinitarios en la zona de las Casas de Larraina transitar\u00e1 por la calzada en lugar de por la acera","breadcrumb":{"@id":"https:\/\/www.laguiadepamplona.com\/actualidad\/modificado-el-proyecto-de-carril-bici-en-la-zona-superior-del-futuro-ascensor-de-trinitarios-que-transitara-por-la-calzada-en-lugar-de-por-la-acera-junto-a-las-casas-de-larraina\/#breadcrumb"},"inLanguage":"es","potentialAction":[{"@type":"ReadAction","target":["https:\/\/www.laguiadepamplona.com\/actualidad\/modificado-el-proyecto-de-carril-bici-en-la-zona-superior-del-futuro-ascensor-de-trinitarios-que-transitara-por-la-calzada-en-lugar-de-por-la-acera-junto-a-las-casas-de-larraina\/"]}]},{"@type":"ImageObject","inLanguage":"es","@id":"https:\/\/www.laguiadepamplona.com\/actualidad\/modificado-el-proyecto-de-carril-bici-en-la-zona-superior-del-futuro-ascensor-de-trinitarios-que-transitara-por-la-calzada-en-lugar-de-por-la-acera-junto-a-las-casas-de-larraina\/#primaryimage","url":"https:\/\/www.laguiadepamplona.com\/actualidad\/wp-content\/uploads\/2023\/01\/23.01.25_CGU_plano_carril_bici_ascensor_trinitarios.webp","contentUrl":"https:\/\/www.laguiadepamplona.com\/actualidad\/wp-content\/uploads\/2023\/01\/23.01.25_CGU_plano_carril_bici_ascensor_trinitarios.webp","width":1920,"height":1349},{"@type":"BreadcrumbList","@id":"https:\/\/www.laguiadepamplona.com\/actualidad\/modificado-el-proyecto-de-carril-bici-en-la-zona-superior-del-futuro-ascensor-de-trinitarios-que-transitara-por-la-calzada-en-lugar-de-por-la-acera-junto-a-las-casas-de-larraina\/#breadcrumb","itemListElement":[{"@type":"ListItem","position":1,"name":"Portada","item":"https:\/\/www.laguiadepamplona.com\/actualidad\/"},{"@type":"ListItem","position":2,"name":"Modificado el proyecto de carril bici en la zona superior del futuro ascensor de Trinitarios, que transitar\u00e1 por la calzada en lugar de por la acera junto a las Casas de Larraina"}]},{"@type":"WebSite","@id":"https:\/\/www.laguiadepamplona.com\/actualidad\/#website","url":"https:\/\/www.laguiadepamplona.com\/actualidad\/","name":"La gu\u00eda de Pamplona","description":"Noticias de Pamplona","publisher":{"@id":"https:\/\/www.laguiadepamplona.com\/actualidad\/#organization"},"potentialAction":[{"@type":"SearchAction","target":{"@type":"EntryPoint","urlTemplate":"https:\/\/www.laguiadepamplona.com\/actualidad\/?s={search_term_string}"},"query-input":{"@type":"PropertyValueSpecification","valueRequired":true,"valueName":"search_term_string"}}],"inLanguage":"es"},{"@type":"Organization","@id":"https:\/\/www.laguiadepamplona.com\/actualidad\/#organization","name":"La Gu\u00eda de Pamplona \/ Noticias","url":"https:\/\/www.laguiadepamplona.com\/actualidad\/","logo":{"@type":"ImageObject","inLanguage":"es","@id":"https:\/\/www.laguiadepamplona.com\/actualidad\/#\/schema\/logo\/image\/","url":"https:\/\/www.laguiadepamplona.com\/actualidad\/wp-content\/uploads\/2018\/11\/logo-laguiadepamplona18-web1.png","contentUrl":"https:\/\/www.laguiadepamplona.com\/actualidad\/wp-content\/uploads\/2018\/11\/logo-laguiadepamplona18-web1.png","width":600,"height":196,"caption":"La Gu\u00eda de Pamplona \/ Noticias"},"image":{"@id":"https:\/\/www.laguiadepamplona.com\/actualidad\/#\/schema\/logo\/image\/"},"sameAs":["https:\/\/www.facebook.com\/laguiadepamplonacom-133175176762273\/?ref=hl","https:\/\/x.com\/LaGuiadPamplona","https:\/\/www.instagram.com\/la_guia_de_pamplona\/","https:\/\/www.youtube.com\/user\/laguiadepamplona"]},{"@type":"Person","@id":"https:\/\/www.laguiadepamplona.com\/actualidad\/#\/schema\/person\/efe887376f0213d4657c93adc50b1fdb","name":"La Gu\u00eda de Pamplona","image":{"@type":"ImageObject","inLanguage":"es","@id":"https:\/\/secure.gravatar.com\/avatar\/b6992f131dc8d30ab0dff15446e9d346d9dbd95992de0fef795073f5ea83a81c?s=96&d=mm&r=g","url":"https:\/\/secure.gravatar.com\/avatar\/b6992f131dc8d30ab0dff15446e9d346d9dbd95992de0fef795073f5ea83a81c?s=96&d=mm&r=g","contentUrl":"https:\/\/secure.gravatar.com\/avatar\/b6992f131dc8d30ab0dff15446e9d346d9dbd95992de0fef795073f5ea83a81c?s=96&d=mm&r=g","caption":"La Gu\u00eda de Pamplona"}}]}},"post_mailing_queue_ids":[],"_links":{"self":[{"href":"https:\/\/www.laguiadepamplona.com\/actualidad\/wp-json\/wp\/v2\/posts\/42681","targetHints":{"allow":["GET"]}}],"collection":[{"href":"https:\/\/www.laguiadepamplona.com\/actualidad\/wp-json\/wp\/v2\/posts"}],"about":[{"href":"https:\/\/www.laguiadepamplona.com\/actualidad\/wp-json\/wp\/v2\/types\/post"}],"author":[{"embeddable":true,"href":"https:\/\/www.laguiadepamplona.com\/actualidad\/wp-json\/wp\/v2\/users\/1"}],"replies":[{"embeddable":true,"href":"https:\/\/www.laguiadepamplona.com\/actualidad\/wp-json\/wp\/v2\/comments?post=42681"}],"version-history":[{"count":0,"href":"https:\/\/www.laguiadepamplona.com\/actualidad\/wp-json\/wp\/v2\/posts\/42681\/revisions"}],"wp:featuredmedia":[{"embeddable":true,"href":"https:\/\/www.laguiadepamplona.com\/actualidad\/wp-json\/wp\/v2\/media\/42682"}],"wp:attachment":[{"href":"https:\/\/www.laguiadepamplona.com\/actualidad\/wp-json\/wp\/v2\/media?parent=42681"}],"wp:term":[{"taxonomy":"category","embeddable":true,"href":"https:\/\/www.laguiadepamplona.com\/actualidad\/wp-json\/wp\/v2\/categories?post=42681"},{"taxonomy":"post_tag","embeddable":true,"href":"https:\/\/www.laguiadepamplona.com\/actualidad\/wp-json\/wp\/v2\/tags?post=42681"}],"curies":[{"name":"wp","href":"https:\/\/api.w.org\/{rel}","templated":true}]}}