{"id":42675,"date":"2023-01-25T14:22:52","date_gmt":"2023-01-25T12:22:52","guid":{"rendered":"https:\/\/www.laguiadepamplona.com\/actualidad\/?p=42675"},"modified":"2023-04-11T11:47:21","modified_gmt":"2023-04-11T09:47:21","slug":"pamplona-te-cuida-ofrece-una-nueva-edicion-del-taller-gratuito-para-que-las-personas-mayores-de-65-anos-puedan-entender-la-factura-electrica-y-de-gas","status":"publish","type":"post","link":"https:\/\/www.laguiadepamplona.com\/actualidad\/pamplona-te-cuida-ofrece-una-nueva-edicion-del-taller-gratuito-para-que-las-personas-mayores-de-65-anos-puedan-entender-la-factura-electrica-y-de-gas\/","title":{"rendered":"\u2018Pamplona te cuida\u2019 ofrece una nueva edici\u00f3n del taller gratuito para que las personas mayores de 65 a\u00f1os puedan entender la factura el\u00e9ctrica y de gas"},"content":{"rendered":"<h5>Las plazas para el taller, que se celebra el 2 de febrero, de 11 a 13 horas, en el Centro Convive Oskia, se entregan por orden de llamada al 010 desde este jueves<\/h5>\n<p><!--more--><\/p>\n<p>El Ayuntamiento de Pamplona ofrece una nueva edici\u00f3n del taller gratuito para entender la factura el\u00e9ctrica y de gas dirigido a personas mayores de 65 a\u00f1os. El taller invita a resolver todas las dudas que surgen con las facturas y los distintos conceptos que las componen. Las inscripciones se inician desde este jueves en el tel\u00e9fono 010 \u2013 948 420 100, y las plazas se reparten por orden de llamada.<br \/>\n<script async src=\"\/\/pagead2.googlesyndication.com\/pagead\/js\/adsbygoogle.js\"><\/script><br \/>\n<!-- Noticias La Guia de Pamplona --><br \/>\n<ins class=\"adsbygoogle\"\nstyle=\"display:block\"\ndata-ad-client=\"ca-pub-6943679897239327\"\ndata-ad-slot=\"7048180777\"\ndata-ad-format=\"auto\"><\/ins><br \/>\n<script>\n(adsbygoogle = window.adsbygoogle || []).push({});\n<\/script><\/p>\n<p>El taller \u2018Descifra tu factura el\u00e9ctrica y de gas\u2019 tendr\u00e1 lugar el jueves 2 de febrero, de 11 a 13 horas, en el Centro Convive Oskia, en la plaza Virgen de Oskia. Entre los aspectos a tratar, se desglosan los conceptos que componen las facturas de electricidad y gas, y c\u00f3mo se calcula el importe del recibo. Tambi\u00e9n se analiza qu\u00e9 tarifa se tiene contratada y si se tiene derecho al bono social. Las personas participantes pueden plantear sus dudas y consultar cualquier aspecto que consideren relevante. Tambi\u00e9n pueden llevar, si lo desean, sus propias facturas para recibir informaci\u00f3n m\u00e1s detallada. Adem\u00e1s, se ofrecer\u00e1n consejos y buenas pr\u00e1cticas para ahorrar en la factura.<\/p>\n<p>El taller est\u00e1 a cargo del personal de la entidad TEDER, que colabora con entidades locales en iniciativas que promueven el conocimiento. El taller se enmarca as\u00ed mismo dentro del programa \u2018Pamplona te cuida\u2019, que aglutina la oferta del Ayuntamiento para las personas mayores de 65 a\u00f1os, con el objetivo de promover el envejecimiento activo y saludable.<br \/>\n<script async src=\"\/\/pagead2.googlesyndication.com\/pagead\/js\/adsbygoogle.js\"><\/script><br \/>\n<!-- Noticias La Guia de Pamplona --><br \/>\n<ins class=\"adsbygoogle\"\nstyle=\"display:block\"\ndata-ad-client=\"ca-pub-6943679897239327\"\ndata-ad-slot=\"7048180777\"\ndata-ad-format=\"auto\"><\/ins><br \/>\n<script>\n(adsbygoogle = window.adsbygoogle || []).push({});\n<\/script><\/p>\n<p>&nbsp;<\/p>\n<h3>\u2018Descifra tu Factura El\u00e9ctrica y de Gas\u2019<\/h3>\n<ul>\n<li>Taller gratuito para mayores de 65<\/li>\n<li>Fecha: jueves 2 de febrero<\/li>\n<li>Horario: de 11 a 13 horas<\/li>\n<li>Lugar: Centro Convive Oskia (plaza Virgen de Oskia s\/n)<\/li>\n<li>Inscripciones: por orden de llamada al 010 \u2013 948 420 100<\/li>\n<li><strong>Contenido:<\/strong>\n<ul>\n<li>\u00bfQu\u00e9 conceptos componen mi factura de electricidad y gas?<\/li>\n<li>\u00bfC\u00f3mo se calcula mi recibo de electricidad?<\/li>\n<li>\u00bfQu\u00e9 tarifa el\u00e9ctrica tengo contratada? \u00bftengo derecho al bono social?<\/li>\n<li>\u00bfC\u00f3mo puedo ahorrar en mi factura?<\/li>\n<\/ul>\n<\/li>\n<\/ul>\n","protected":false},"excerpt":{"rendered":"<p>Las plazas para el taller, que se celebra el 2 de febrero, de 11 a 13 horas, en el Centro Convive Oskia, se entregan por orden de llamada al 010&#8230;<\/p>\n","protected":false},"author":1,"featured_media":42676,"comment_status":"open","ping_status":"closed","sticky":false,"template":"","format":"standard","meta":{"footnotes":""},"categories":[2],"tags":[],"class_list":["post-42675","post","type-post","status-publish","format-standard","has-post-thumbnail","hentry","category-ayuntamiento-pamplona"],"yoast_head":"<!-- This site is optimized with the Yoast SEO plugin v27.3 - https:\/\/yoast.com\/product\/yoast-seo-wordpress\/ -->\n<title>\u2018Pamplona te cuida\u2019 ofrece una nueva edici\u00f3n del taller gratuito para que las personas mayores de 65 a\u00f1os puedan entender la factura el\u00e9ctrica y de gas<\/title>\n<meta name=\"description\" content=\"vLas plazas para el taller, que se celebra el 2 de febrero, de 11 a 13 horas, en el Centro Convive Oskia, se entregan por orden de llamada al 010 desde este jueves\" \/>\n<meta name=\"robots\" content=\"index, follow, max-snippet:-1, max-image-preview:large, max-video-preview:-1\" \/>\n<link rel=\"canonical\" href=\"https:\/\/www.laguiadepamplona.com\/actualidad\/pamplona-te-cuida-ofrece-una-nueva-edicion-del-taller-gratuito-para-que-las-personas-mayores-de-65-anos-puedan-entender-la-factura-electrica-y-de-gas\/\" \/>\n<meta property=\"og:locale\" content=\"es_ES\" \/>\n<meta property=\"og:type\" content=\"article\" \/>\n<meta property=\"og:title\" content=\"\u2018Pamplona te cuida\u2019 ofrece una nueva edici\u00f3n del taller gratuito para que las personas mayores de 65 a\u00f1os puedan entender la factura el\u00e9ctrica y de gas\" \/>\n<meta property=\"og:description\" content=\"vLas plazas para el taller, que se celebra el 2 de febrero, de 11 a 13 horas, en el Centro Convive Oskia, se entregan por orden de llamada al 010 desde este jueves\" \/>\n<meta property=\"og:url\" content=\"https:\/\/www.laguiadepamplona.com\/actualidad\/pamplona-te-cuida-ofrece-una-nueva-edicion-del-taller-gratuito-para-que-las-personas-mayores-de-65-anos-puedan-entender-la-factura-electrica-y-de-gas\/\" \/>\n<meta property=\"og:site_name\" content=\"La Gu\u00eda de Pamplona\" \/>\n<meta property=\"article:publisher\" content=\"https:\/\/www.facebook.com\/laguiadepamplonacom-133175176762273\/?ref=hl\" \/>\n<meta property=\"article:published_time\" content=\"2023-01-25T12:22:52+00:00\" \/>\n<meta property=\"article:modified_time\" content=\"2023-04-11T09:47:21+00:00\" \/>\n<meta property=\"og:image\" content=\"https:\/\/www.laguiadepamplona.com\/actualidad\/wp-content\/uploads\/2023\/01\/descifra-tu-factura2023-1.webp\" \/>\n\t<meta property=\"og:image:width\" content=\"1920\" \/>\n\t<meta property=\"og:image:height\" content=\"1289\" \/>\n\t<meta property=\"og:image:type\" content=\"image\/webp\" \/>\n<meta name=\"author\" content=\"La Gu\u00eda de Pamplona\" \/>\n<meta name=\"twitter:card\" content=\"summary_large_image\" \/>\n<meta name=\"twitter:creator\" content=\"@LaGuiadPamplona\" \/>\n<meta name=\"twitter:site\" content=\"@LaGuiadPamplona\" \/>\n<meta name=\"twitter:label1\" content=\"Escrito por\" \/>\n\t<meta name=\"twitter:data1\" content=\"La Gu\u00eda de Pamplona\" \/>\n\t<meta name=\"twitter:label2\" content=\"Tiempo de lectura\" \/>\n\t<meta name=\"twitter:data2\" content=\"2 minutos\" \/>\n<script type=\"application\/ld+json\" class=\"yoast-schema-graph\">{\"@context\":\"https:\\\/\\\/schema.org\",\"@graph\":[{\"@type\":\"Article\",\"@id\":\"https:\\\/\\\/www.laguiadepamplona.com\\\/actualidad\\\/pamplona-te-cuida-ofrece-una-nueva-edicion-del-taller-gratuito-para-que-las-personas-mayores-de-65-anos-puedan-entender-la-factura-electrica-y-de-gas\\\/#article\",\"isPartOf\":{\"@id\":\"https:\\\/\\\/www.laguiadepamplona.com\\\/actualidad\\\/pamplona-te-cuida-ofrece-una-nueva-edicion-del-taller-gratuito-para-que-las-personas-mayores-de-65-anos-puedan-entender-la-factura-electrica-y-de-gas\\\/\"},\"author\":{\"name\":\"La Gu\u00eda de Pamplona\",\"@id\":\"https:\\\/\\\/www.laguiadepamplona.com\\\/actualidad\\\/#\\\/schema\\\/person\\\/efe887376f0213d4657c93adc50b1fdb\"},\"headline\":\"\u2018Pamplona te cuida\u2019 ofrece una nueva edici\u00f3n del taller gratuito para que las personas mayores de 65 a\u00f1os puedan entender la factura el\u00e9ctrica y de gas\",\"datePublished\":\"2023-01-25T12:22:52+00:00\",\"dateModified\":\"2023-04-11T09:47:21+00:00\",\"mainEntityOfPage\":{\"@id\":\"https:\\\/\\\/www.laguiadepamplona.com\\\/actualidad\\\/pamplona-te-cuida-ofrece-una-nueva-edicion-del-taller-gratuito-para-que-las-personas-mayores-de-65-anos-puedan-entender-la-factura-electrica-y-de-gas\\\/\"},\"wordCount\":375,\"commentCount\":0,\"publisher\":{\"@id\":\"https:\\\/\\\/www.laguiadepamplona.com\\\/actualidad\\\/#organization\"},\"image\":{\"@id\":\"https:\\\/\\\/www.laguiadepamplona.com\\\/actualidad\\\/pamplona-te-cuida-ofrece-una-nueva-edicion-del-taller-gratuito-para-que-las-personas-mayores-de-65-anos-puedan-entender-la-factura-electrica-y-de-gas\\\/#primaryimage\"},\"thumbnailUrl\":\"https:\\\/\\\/www.laguiadepamplona.com\\\/actualidad\\\/wp-content\\\/uploads\\\/2023\\\/01\\\/descifra-tu-factura2023-1.webp\",\"articleSection\":[\"Ayto Pamplona\"],\"inLanguage\":\"es\",\"potentialAction\":[{\"@type\":\"CommentAction\",\"name\":\"Comment\",\"target\":[\"https:\\\/\\\/www.laguiadepamplona.com\\\/actualidad\\\/pamplona-te-cuida-ofrece-una-nueva-edicion-del-taller-gratuito-para-que-las-personas-mayores-de-65-anos-puedan-entender-la-factura-electrica-y-de-gas\\\/#respond\"]}]},{\"@type\":\"WebPage\",\"@id\":\"https:\\\/\\\/www.laguiadepamplona.com\\\/actualidad\\\/pamplona-te-cuida-ofrece-una-nueva-edicion-del-taller-gratuito-para-que-las-personas-mayores-de-65-anos-puedan-entender-la-factura-electrica-y-de-gas\\\/\",\"url\":\"https:\\\/\\\/www.laguiadepamplona.com\\\/actualidad\\\/pamplona-te-cuida-ofrece-una-nueva-edicion-del-taller-gratuito-para-que-las-personas-mayores-de-65-anos-puedan-entender-la-factura-electrica-y-de-gas\\\/\",\"name\":\"\u2018Pamplona te cuida\u2019 ofrece una nueva edici\u00f3n del taller gratuito para que las personas mayores de 65 a\u00f1os puedan entender la factura el\u00e9ctrica y de gas\",\"isPartOf\":{\"@id\":\"https:\\\/\\\/www.laguiadepamplona.com\\\/actualidad\\\/#website\"},\"primaryImageOfPage\":{\"@id\":\"https:\\\/\\\/www.laguiadepamplona.com\\\/actualidad\\\/pamplona-te-cuida-ofrece-una-nueva-edicion-del-taller-gratuito-para-que-las-personas-mayores-de-65-anos-puedan-entender-la-factura-electrica-y-de-gas\\\/#primaryimage\"},\"image\":{\"@id\":\"https:\\\/\\\/www.laguiadepamplona.com\\\/actualidad\\\/pamplona-te-cuida-ofrece-una-nueva-edicion-del-taller-gratuito-para-que-las-personas-mayores-de-65-anos-puedan-entender-la-factura-electrica-y-de-gas\\\/#primaryimage\"},\"thumbnailUrl\":\"https:\\\/\\\/www.laguiadepamplona.com\\\/actualidad\\\/wp-content\\\/uploads\\\/2023\\\/01\\\/descifra-tu-factura2023-1.webp\",\"datePublished\":\"2023-01-25T12:22:52+00:00\",\"dateModified\":\"2023-04-11T09:47:21+00:00\",\"description\":\"vLas plazas para el taller, que se celebra el 2 de febrero, de 11 a 13 horas, en el Centro Convive Oskia, se entregan por orden de llamada al 010 desde este jueves\",\"breadcrumb\":{\"@id\":\"https:\\\/\\\/www.laguiadepamplona.com\\\/actualidad\\\/pamplona-te-cuida-ofrece-una-nueva-edicion-del-taller-gratuito-para-que-las-personas-mayores-de-65-anos-puedan-entender-la-factura-electrica-y-de-gas\\\/#breadcrumb\"},\"inLanguage\":\"es\",\"potentialAction\":[{\"@type\":\"ReadAction\",\"target\":[\"https:\\\/\\\/www.laguiadepamplona.com\\\/actualidad\\\/pamplona-te-cuida-ofrece-una-nueva-edicion-del-taller-gratuito-para-que-las-personas-mayores-de-65-anos-puedan-entender-la-factura-electrica-y-de-gas\\\/\"]}]},{\"@type\":\"ImageObject\",\"inLanguage\":\"es\",\"@id\":\"https:\\\/\\\/www.laguiadepamplona.com\\\/actualidad\\\/pamplona-te-cuida-ofrece-una-nueva-edicion-del-taller-gratuito-para-que-las-personas-mayores-de-65-anos-puedan-entender-la-factura-electrica-y-de-gas\\\/#primaryimage\",\"url\":\"https:\\\/\\\/www.laguiadepamplona.com\\\/actualidad\\\/wp-content\\\/uploads\\\/2023\\\/01\\\/descifra-tu-factura2023-1.webp\",\"contentUrl\":\"https:\\\/\\\/www.laguiadepamplona.com\\\/actualidad\\\/wp-content\\\/uploads\\\/2023\\\/01\\\/descifra-tu-factura2023-1.webp\",\"width\":1920,\"height\":1289,\"caption\":\"descifra\"},{\"@type\":\"BreadcrumbList\",\"@id\":\"https:\\\/\\\/www.laguiadepamplona.com\\\/actualidad\\\/pamplona-te-cuida-ofrece-una-nueva-edicion-del-taller-gratuito-para-que-las-personas-mayores-de-65-anos-puedan-entender-la-factura-electrica-y-de-gas\\\/#breadcrumb\",\"itemListElement\":[{\"@type\":\"ListItem\",\"position\":1,\"name\":\"Portada\",\"item\":\"https:\\\/\\\/www.laguiadepamplona.com\\\/actualidad\\\/\"},{\"@type\":\"ListItem\",\"position\":2,\"name\":\"\u2018Pamplona te cuida\u2019 ofrece una nueva edici\u00f3n del taller gratuito para que las personas mayores de 65 a\u00f1os puedan entender la factura el\u00e9ctrica y de gas\"}]},{\"@type\":\"WebSite\",\"@id\":\"https:\\\/\\\/www.laguiadepamplona.com\\\/actualidad\\\/#website\",\"url\":\"https:\\\/\\\/www.laguiadepamplona.com\\\/actualidad\\\/\",\"name\":\"La gu\u00eda de Pamplona\",\"description\":\"Noticias de Pamplona\",\"publisher\":{\"@id\":\"https:\\\/\\\/www.laguiadepamplona.com\\\/actualidad\\\/#organization\"},\"potentialAction\":[{\"@type\":\"SearchAction\",\"target\":{\"@type\":\"EntryPoint\",\"urlTemplate\":\"https:\\\/\\\/www.laguiadepamplona.com\\\/actualidad\\\/?s={search_term_string}\"},\"query-input\":{\"@type\":\"PropertyValueSpecification\",\"valueRequired\":true,\"valueName\":\"search_term_string\"}}],\"inLanguage\":\"es\"},{\"@type\":\"Organization\",\"@id\":\"https:\\\/\\\/www.laguiadepamplona.com\\\/actualidad\\\/#organization\",\"name\":\"La Gu\u00eda de Pamplona \\\/ Noticias\",\"url\":\"https:\\\/\\\/www.laguiadepamplona.com\\\/actualidad\\\/\",\"logo\":{\"@type\":\"ImageObject\",\"inLanguage\":\"es\",\"@id\":\"https:\\\/\\\/www.laguiadepamplona.com\\\/actualidad\\\/#\\\/schema\\\/logo\\\/image\\\/\",\"url\":\"https:\\\/\\\/www.laguiadepamplona.com\\\/actualidad\\\/wp-content\\\/uploads\\\/2018\\\/11\\\/logo-laguiadepamplona18-web1.png\",\"contentUrl\":\"https:\\\/\\\/www.laguiadepamplona.com\\\/actualidad\\\/wp-content\\\/uploads\\\/2018\\\/11\\\/logo-laguiadepamplona18-web1.png\",\"width\":600,\"height\":196,\"caption\":\"La Gu\u00eda de Pamplona \\\/ Noticias\"},\"image\":{\"@id\":\"https:\\\/\\\/www.laguiadepamplona.com\\\/actualidad\\\/#\\\/schema\\\/logo\\\/image\\\/\"},\"sameAs\":[\"https:\\\/\\\/www.facebook.com\\\/laguiadepamplonacom-133175176762273\\\/?ref=hl\",\"https:\\\/\\\/x.com\\\/LaGuiadPamplona\",\"https:\\\/\\\/www.instagram.com\\\/la_guia_de_pamplona\\\/\",\"https:\\\/\\\/www.youtube.com\\\/user\\\/laguiadepamplona\"]},{\"@type\":\"Person\",\"@id\":\"https:\\\/\\\/www.laguiadepamplona.com\\\/actualidad\\\/#\\\/schema\\\/person\\\/efe887376f0213d4657c93adc50b1fdb\",\"name\":\"La Gu\u00eda de Pamplona\",\"image\":{\"@type\":\"ImageObject\",\"inLanguage\":\"es\",\"@id\":\"https:\\\/\\\/secure.gravatar.com\\\/avatar\\\/b6992f131dc8d30ab0dff15446e9d346d9dbd95992de0fef795073f5ea83a81c?s=96&d=mm&r=g\",\"url\":\"https:\\\/\\\/secure.gravatar.com\\\/avatar\\\/b6992f131dc8d30ab0dff15446e9d346d9dbd95992de0fef795073f5ea83a81c?s=96&d=mm&r=g\",\"contentUrl\":\"https:\\\/\\\/secure.gravatar.com\\\/avatar\\\/b6992f131dc8d30ab0dff15446e9d346d9dbd95992de0fef795073f5ea83a81c?s=96&d=mm&r=g\",\"caption\":\"La Gu\u00eda de Pamplona\"}}]}<\/script>\n<!-- \/ Yoast SEO plugin. -->","yoast_head_json":{"title":"\u2018Pamplona te cuida\u2019 ofrece una nueva edici\u00f3n del taller gratuito para que las personas mayores de 65 a\u00f1os puedan entender la factura el\u00e9ctrica y de gas","description":"vLas plazas para el taller, que se celebra el 2 de febrero, de 11 a 13 horas, en el Centro Convive Oskia, se entregan por orden de llamada al 010 desde este jueves","robots":{"index":"index","follow":"follow","max-snippet":"max-snippet:-1","max-image-preview":"max-image-preview:large","max-video-preview":"max-video-preview:-1"},"canonical":"https:\/\/www.laguiadepamplona.com\/actualidad\/pamplona-te-cuida-ofrece-una-nueva-edicion-del-taller-gratuito-para-que-las-personas-mayores-de-65-anos-puedan-entender-la-factura-electrica-y-de-gas\/","og_locale":"es_ES","og_type":"article","og_title":"\u2018Pamplona te cuida\u2019 ofrece una nueva edici\u00f3n del taller gratuito para que las personas mayores de 65 a\u00f1os puedan entender la factura el\u00e9ctrica y de gas","og_description":"vLas plazas para el taller, que se celebra el 2 de febrero, de 11 a 13 horas, en el Centro Convive Oskia, se entregan por orden de llamada al 010 desde este jueves","og_url":"https:\/\/www.laguiadepamplona.com\/actualidad\/pamplona-te-cuida-ofrece-una-nueva-edicion-del-taller-gratuito-para-que-las-personas-mayores-de-65-anos-puedan-entender-la-factura-electrica-y-de-gas\/","og_site_name":"La Gu\u00eda de Pamplona","article_publisher":"https:\/\/www.facebook.com\/laguiadepamplonacom-133175176762273\/?ref=hl","article_published_time":"2023-01-25T12:22:52+00:00","article_modified_time":"2023-04-11T09:47:21+00:00","og_image":[{"width":1920,"height":1289,"url":"https:\/\/www.laguiadepamplona.com\/actualidad\/wp-content\/uploads\/2023\/01\/descifra-tu-factura2023-1.webp","type":"image\/webp"}],"author":"La Gu\u00eda de Pamplona","twitter_card":"summary_large_image","twitter_creator":"@LaGuiadPamplona","twitter_site":"@LaGuiadPamplona","twitter_misc":{"Escrito por":"La Gu\u00eda de Pamplona","Tiempo de lectura":"2 minutos"},"schema":{"@context":"https:\/\/schema.org","@graph":[{"@type":"Article","@id":"https:\/\/www.laguiadepamplona.com\/actualidad\/pamplona-te-cuida-ofrece-una-nueva-edicion-del-taller-gratuito-para-que-las-personas-mayores-de-65-anos-puedan-entender-la-factura-electrica-y-de-gas\/#article","isPartOf":{"@id":"https:\/\/www.laguiadepamplona.com\/actualidad\/pamplona-te-cuida-ofrece-una-nueva-edicion-del-taller-gratuito-para-que-las-personas-mayores-de-65-anos-puedan-entender-la-factura-electrica-y-de-gas\/"},"author":{"name":"La Gu\u00eda de Pamplona","@id":"https:\/\/www.laguiadepamplona.com\/actualidad\/#\/schema\/person\/efe887376f0213d4657c93adc50b1fdb"},"headline":"\u2018Pamplona te cuida\u2019 ofrece una nueva edici\u00f3n del taller gratuito para que las personas mayores de 65 a\u00f1os puedan entender la factura el\u00e9ctrica y de gas","datePublished":"2023-01-25T12:22:52+00:00","dateModified":"2023-04-11T09:47:21+00:00","mainEntityOfPage":{"@id":"https:\/\/www.laguiadepamplona.com\/actualidad\/pamplona-te-cuida-ofrece-una-nueva-edicion-del-taller-gratuito-para-que-las-personas-mayores-de-65-anos-puedan-entender-la-factura-electrica-y-de-gas\/"},"wordCount":375,"commentCount":0,"publisher":{"@id":"https:\/\/www.laguiadepamplona.com\/actualidad\/#organization"},"image":{"@id":"https:\/\/www.laguiadepamplona.com\/actualidad\/pamplona-te-cuida-ofrece-una-nueva-edicion-del-taller-gratuito-para-que-las-personas-mayores-de-65-anos-puedan-entender-la-factura-electrica-y-de-gas\/#primaryimage"},"thumbnailUrl":"https:\/\/www.laguiadepamplona.com\/actualidad\/wp-content\/uploads\/2023\/01\/descifra-tu-factura2023-1.webp","articleSection":["Ayto Pamplona"],"inLanguage":"es","potentialAction":[{"@type":"CommentAction","name":"Comment","target":["https:\/\/www.laguiadepamplona.com\/actualidad\/pamplona-te-cuida-ofrece-una-nueva-edicion-del-taller-gratuito-para-que-las-personas-mayores-de-65-anos-puedan-entender-la-factura-electrica-y-de-gas\/#respond"]}]},{"@type":"WebPage","@id":"https:\/\/www.laguiadepamplona.com\/actualidad\/pamplona-te-cuida-ofrece-una-nueva-edicion-del-taller-gratuito-para-que-las-personas-mayores-de-65-anos-puedan-entender-la-factura-electrica-y-de-gas\/","url":"https:\/\/www.laguiadepamplona.com\/actualidad\/pamplona-te-cuida-ofrece-una-nueva-edicion-del-taller-gratuito-para-que-las-personas-mayores-de-65-anos-puedan-entender-la-factura-electrica-y-de-gas\/","name":"\u2018Pamplona te cuida\u2019 ofrece una nueva edici\u00f3n del taller gratuito para que las personas mayores de 65 a\u00f1os puedan entender la factura el\u00e9ctrica y de gas","isPartOf":{"@id":"https:\/\/www.laguiadepamplona.com\/actualidad\/#website"},"primaryImageOfPage":{"@id":"https:\/\/www.laguiadepamplona.com\/actualidad\/pamplona-te-cuida-ofrece-una-nueva-edicion-del-taller-gratuito-para-que-las-personas-mayores-de-65-anos-puedan-entender-la-factura-electrica-y-de-gas\/#primaryimage"},"image":{"@id":"https:\/\/www.laguiadepamplona.com\/actualidad\/pamplona-te-cuida-ofrece-una-nueva-edicion-del-taller-gratuito-para-que-las-personas-mayores-de-65-anos-puedan-entender-la-factura-electrica-y-de-gas\/#primaryimage"},"thumbnailUrl":"https:\/\/www.laguiadepamplona.com\/actualidad\/wp-content\/uploads\/2023\/01\/descifra-tu-factura2023-1.webp","datePublished":"2023-01-25T12:22:52+00:00","dateModified":"2023-04-11T09:47:21+00:00","description":"vLas plazas para el taller, que se celebra el 2 de febrero, de 11 a 13 horas, en el Centro Convive Oskia, se entregan por orden de llamada al 010 desde este jueves","breadcrumb":{"@id":"https:\/\/www.laguiadepamplona.com\/actualidad\/pamplona-te-cuida-ofrece-una-nueva-edicion-del-taller-gratuito-para-que-las-personas-mayores-de-65-anos-puedan-entender-la-factura-electrica-y-de-gas\/#breadcrumb"},"inLanguage":"es","potentialAction":[{"@type":"ReadAction","target":["https:\/\/www.laguiadepamplona.com\/actualidad\/pamplona-te-cuida-ofrece-una-nueva-edicion-del-taller-gratuito-para-que-las-personas-mayores-de-65-anos-puedan-entender-la-factura-electrica-y-de-gas\/"]}]},{"@type":"ImageObject","inLanguage":"es","@id":"https:\/\/www.laguiadepamplona.com\/actualidad\/pamplona-te-cuida-ofrece-una-nueva-edicion-del-taller-gratuito-para-que-las-personas-mayores-de-65-anos-puedan-entender-la-factura-electrica-y-de-gas\/#primaryimage","url":"https:\/\/www.laguiadepamplona.com\/actualidad\/wp-content\/uploads\/2023\/01\/descifra-tu-factura2023-1.webp","contentUrl":"https:\/\/www.laguiadepamplona.com\/actualidad\/wp-content\/uploads\/2023\/01\/descifra-tu-factura2023-1.webp","width":1920,"height":1289,"caption":"descifra"},{"@type":"BreadcrumbList","@id":"https:\/\/www.laguiadepamplona.com\/actualidad\/pamplona-te-cuida-ofrece-una-nueva-edicion-del-taller-gratuito-para-que-las-personas-mayores-de-65-anos-puedan-entender-la-factura-electrica-y-de-gas\/#breadcrumb","itemListElement":[{"@type":"ListItem","position":1,"name":"Portada","item":"https:\/\/www.laguiadepamplona.com\/actualidad\/"},{"@type":"ListItem","position":2,"name":"\u2018Pamplona te cuida\u2019 ofrece una nueva edici\u00f3n del taller gratuito para que las personas mayores de 65 a\u00f1os puedan entender la factura el\u00e9ctrica y de gas"}]},{"@type":"WebSite","@id":"https:\/\/www.laguiadepamplona.com\/actualidad\/#website","url":"https:\/\/www.laguiadepamplona.com\/actualidad\/","name":"La gu\u00eda de Pamplona","description":"Noticias de Pamplona","publisher":{"@id":"https:\/\/www.laguiadepamplona.com\/actualidad\/#organization"},"potentialAction":[{"@type":"SearchAction","target":{"@type":"EntryPoint","urlTemplate":"https:\/\/www.laguiadepamplona.com\/actualidad\/?s={search_term_string}"},"query-input":{"@type":"PropertyValueSpecification","valueRequired":true,"valueName":"search_term_string"}}],"inLanguage":"es"},{"@type":"Organization","@id":"https:\/\/www.laguiadepamplona.com\/actualidad\/#organization","name":"La Gu\u00eda de Pamplona \/ Noticias","url":"https:\/\/www.laguiadepamplona.com\/actualidad\/","logo":{"@type":"ImageObject","inLanguage":"es","@id":"https:\/\/www.laguiadepamplona.com\/actualidad\/#\/schema\/logo\/image\/","url":"https:\/\/www.laguiadepamplona.com\/actualidad\/wp-content\/uploads\/2018\/11\/logo-laguiadepamplona18-web1.png","contentUrl":"https:\/\/www.laguiadepamplona.com\/actualidad\/wp-content\/uploads\/2018\/11\/logo-laguiadepamplona18-web1.png","width":600,"height":196,"caption":"La Gu\u00eda de Pamplona \/ Noticias"},"image":{"@id":"https:\/\/www.laguiadepamplona.com\/actualidad\/#\/schema\/logo\/image\/"},"sameAs":["https:\/\/www.facebook.com\/laguiadepamplonacom-133175176762273\/?ref=hl","https:\/\/x.com\/LaGuiadPamplona","https:\/\/www.instagram.com\/la_guia_de_pamplona\/","https:\/\/www.youtube.com\/user\/laguiadepamplona"]},{"@type":"Person","@id":"https:\/\/www.laguiadepamplona.com\/actualidad\/#\/schema\/person\/efe887376f0213d4657c93adc50b1fdb","name":"La Gu\u00eda de Pamplona","image":{"@type":"ImageObject","inLanguage":"es","@id":"https:\/\/secure.gravatar.com\/avatar\/b6992f131dc8d30ab0dff15446e9d346d9dbd95992de0fef795073f5ea83a81c?s=96&d=mm&r=g","url":"https:\/\/secure.gravatar.com\/avatar\/b6992f131dc8d30ab0dff15446e9d346d9dbd95992de0fef795073f5ea83a81c?s=96&d=mm&r=g","contentUrl":"https:\/\/secure.gravatar.com\/avatar\/b6992f131dc8d30ab0dff15446e9d346d9dbd95992de0fef795073f5ea83a81c?s=96&d=mm&r=g","caption":"La Gu\u00eda de Pamplona"}}]}},"post_mailing_queue_ids":[],"_links":{"self":[{"href":"https:\/\/www.laguiadepamplona.com\/actualidad\/wp-json\/wp\/v2\/posts\/42675","targetHints":{"allow":["GET"]}}],"collection":[{"href":"https:\/\/www.laguiadepamplona.com\/actualidad\/wp-json\/wp\/v2\/posts"}],"about":[{"href":"https:\/\/www.laguiadepamplona.com\/actualidad\/wp-json\/wp\/v2\/types\/post"}],"author":[{"embeddable":true,"href":"https:\/\/www.laguiadepamplona.com\/actualidad\/wp-json\/wp\/v2\/users\/1"}],"replies":[{"embeddable":true,"href":"https:\/\/www.laguiadepamplona.com\/actualidad\/wp-json\/wp\/v2\/comments?post=42675"}],"version-history":[{"count":0,"href":"https:\/\/www.laguiadepamplona.com\/actualidad\/wp-json\/wp\/v2\/posts\/42675\/revisions"}],"wp:featuredmedia":[{"embeddable":true,"href":"https:\/\/www.laguiadepamplona.com\/actualidad\/wp-json\/wp\/v2\/media\/42676"}],"wp:attachment":[{"href":"https:\/\/www.laguiadepamplona.com\/actualidad\/wp-json\/wp\/v2\/media?parent=42675"}],"wp:term":[{"taxonomy":"category","embeddable":true,"href":"https:\/\/www.laguiadepamplona.com\/actualidad\/wp-json\/wp\/v2\/categories?post=42675"},{"taxonomy":"post_tag","embeddable":true,"href":"https:\/\/www.laguiadepamplona.com\/actualidad\/wp-json\/wp\/v2\/tags?post=42675"}],"curies":[{"name":"wp","href":"https:\/\/api.w.org\/{rel}","templated":true}]}}