{"id":42669,"date":"2023-01-24T14:42:41","date_gmt":"2023-01-24T12:42:41","guid":{"rendered":"https:\/\/www.laguiadepamplona.com\/actualidad\/?p=42669"},"modified":"2023-04-11T11:47:21","modified_gmt":"2023-04-11T09:47:21","slug":"la-ola-de-frio-llena-las-cincuenta-plazas-del-albergue-jesus-y-maria-a-diario-durante-la-ultima-semana","status":"publish","type":"post","link":"https:\/\/www.laguiadepamplona.com\/actualidad\/la-ola-de-frio-llena-las-cincuenta-plazas-del-albergue-jesus-y-maria-a-diario-durante-la-ultima-semana\/","title":{"rendered":"La ola de fr\u00edo llena las cincuenta plazas del albergue Jes\u00fas y Mar\u00eda a diario durante la \u00faltima semana"},"content":{"rendered":"<h5>Las bajas temperaturas han provocado la activaci\u00f3n del protocolo diurno, que permite alargar la estancia en este albergue y en el de Trinitarios<\/h5>\n<p><!--more--><\/p>\n<p>Los albergues municipales de Trinitarios y de Jes\u00fas y Mar\u00eda, dirigidos a personas sin hogar, est\u00e1n completos desde el pasado lunes, d\u00eda 16, cuando se intensific\u00f3 la ola de fr\u00edo que afecta a Pamplona y al resto de la Comunidad foral. El Ayuntamiento de Pamplona ha adoptado en estos d\u00edas el protocolo contra el fr\u00edo, con el objetivo de dar cobijo a las personas que carecen de otros recursos habitacionales y, adem\u00e1s de facilitar la pernocta en estos lugares, tambi\u00e9n ha prolongado las horas de estancia durante el d\u00eda, para evitar en la medida de lo posible la exposici\u00f3n a las bajas temperaturas de estos d\u00edas.<\/p>\n<p>La Comisi\u00f3n de Asuntos Ciudadanos del Ayuntamiento de Pamplona han visitado esta ma\u00f1ana las instalaciones del albergue Jes\u00fas y Mar\u00eda, ubicado en el Casco Antiguo de la ciudad, y que desde el pasado 5 de enero se ha habilitado para acoger, de manera excepcional, personas sin hogar, ante la previsi\u00f3n de un invierno duro, con bajas temperaturas. De esta forma, el Consistorio quiso reforzar los recursos ya existentes en el albergue de Trinitarios, cuyas 58 plazas estaban ya completas desde el mes de noviembre. Con el albergue de Jes\u00fas y Mar\u00eda se suman 50 plazas m\u00e1s para este colectivo. Se trata de un recurso provisional, hasta el 31 de marzo, puesto que el albergue de Jes\u00fas y Mar\u00eda funciona habitualmente como albergue tur\u00edstico o de peregrinos que realizan el Camino de Santiago.<br \/>\n<script async src=\"\/\/pagead2.googlesyndication.com\/pagead\/js\/adsbygoogle.js\"><\/script><br \/>\n<!-- Noticias La Guia de Pamplona --><br \/>\n<ins class=\"adsbygoogle\"\nstyle=\"display:block\"\ndata-ad-client=\"ca-pub-6943679897239327\"\ndata-ad-slot=\"7048180777\"\ndata-ad-format=\"auto\"><\/ins><br \/>\n<script>\n(adsbygoogle = window.adsbygoogle || []).push({});\n<\/script><\/p>\n<p>De esta forma, tanto el albergue de Trinitarios como el de Jes\u00fas y Mar\u00eda acogen, en estos momentos, a personas sin hogar o transe\u00fantes. No obstante, el perfil var\u00eda en ambos espacios. Mientras las personas acogidas en Trinitarios son de mayor edad y con m\u00e1s arraigo en Pamplona, quienes hacen uso del albergue Jes\u00fas y Mar\u00eda son, en su mayor\u00eda, j\u00f3venes menores de 30 a\u00f1os de origen norteafricano.<\/p>\n<p>Los servicios que ofrece el Ayuntamiento a las personas usuarias del albergue Jes\u00fas y Mar\u00eda van m\u00e1s all\u00e1 del mero alojamiento nocturno. En concreto, se ofrece cena y desayuno. Adem\u00e1s, el espacio cuenta con aseos y duchas. En un principio, el horario de entrada se estableci\u00f3 a las 20.30 horas y el de salida, a las 8.30 horas. No obstante, con la ola de fr\u00edo se ha puesto en marcha tambi\u00e9n el protocolo diurno, por lo que los usuarios pueden permanecer en el recinto hasta las 12.30 de la ma\u00f1ana.<\/p>\n<p>El Centro de Atenci\u00f3n a Personas sin Hogar de Trinitarios, por su parte, tiene plazas reservadas para acoger, por un lado, a personas empadronadas en Pamplona y, por otro, personas itinerantes, si bien las plazas pueden ocuparse indistintamente por unos u otros si no se completan con la demanda de uno de ellos. Habitualmente, en el caso de personas itinerantes, la estancia podr\u00e1 ser para un m\u00e1ximo de 3 d\u00edas por a\u00f1o, si bien en la actual ola de fr\u00edo se permite prolongar la estancia. En el caso de personas empadronadas, la estancia m\u00e1xima es de seis meses, en funci\u00f3n de la valoraci\u00f3n de los Servicios Sociales municipales. El centro ofrece a todos sus usuarios alojamiento, manutenci\u00f3n, informaci\u00f3n, acogida y promoci\u00f3n y pueden participar en actividades formativas. Con la puesta en marcha del protocolo diurno, los usuarios pueden permanecer en el centro durante todo el d\u00eda.<br \/>\n<script async src=\"\/\/pagead2.googlesyndication.com\/pagead\/js\/adsbygoogle.js\"><\/script><br \/>\n<!-- Noticias La Guia de Pamplona --><br \/>\n<ins class=\"adsbygoogle\"\nstyle=\"display:block\"\ndata-ad-client=\"ca-pub-6943679897239327\"\ndata-ad-slot=\"7048180777\"\ndata-ad-format=\"auto\"><\/ins><br \/>\n<script>\n(adsbygoogle = window.adsbygoogle || []).push({});\n<\/script><\/p>\n<p>Dado que ambos recursos est\u00e1n completos, el Ayuntamiento ha derivado en los \u00faltimos d\u00edas a varias personas a otros recursos habitacionales, como pensiones y hostales, a trav\u00e9s de una colaboraci\u00f3n interadministrativa con el Gobierno de Navarra. En la gesti\u00f3n y derivaci\u00f3n de personas a estos albergues y recursos, el Consistorio cuenta con la colaboraci\u00f3n de DYA, Aspace y Polic\u00eda Municipal.<\/p>\n<p>&nbsp;<\/p>\n<h3>Albergue de Jes\u00fas y Mar\u00eda. Calle Compa\u00f1\u00eda<\/h3>\n<ul>\n<li>Desde el 5 de enero al 31 de marzo<\/li>\n<li>Horario: desde las 8.30 de la tarde hasta las 8.30 de la ma\u00f1ana<\/li>\n<li>Capacidad: 50 personas<\/li>\n<li>Incluye pernocta, cena, desayuno y acceso a aseos y duchas<\/li>\n<\/ul>\n<p>&nbsp;<\/p>\n<h3>Albergue de Trinitarios<\/h3>\n<ul>\n<li>Todo el a\u00f1o<\/li>\n<li>Horario: abierto las 24 horas del d\u00eda<\/li>\n<li>Capacidad: 58 personas<\/li>\n<li>Incluye pernocta, cena, comida, desayuno y acceso a aseos y duchas<\/li>\n<\/ul>\n","protected":false},"excerpt":{"rendered":"<p>Las bajas temperaturas han provocado la activaci\u00f3n del protocolo diurno, que permite alargar la estancia en este albergue y en el de Trinitarios<\/p>\n","protected":false},"author":1,"featured_media":42670,"comment_status":"open","ping_status":"closed","sticky":false,"template":"","format":"standard","meta":{"footnotes":""},"categories":[2],"tags":[],"class_list":["post-42669","post","type-post","status-publish","format-standard","has-post-thumbnail","hentry","category-ayuntamiento-pamplona"],"yoast_head":"<!-- This site is optimized with the Yoast SEO plugin v27.3 - https:\/\/yoast.com\/product\/yoast-seo-wordpress\/ -->\n<title>La ola de fr\u00edo llena las cincuenta plazas del albergue Jes\u00fas y Mar\u00eda a diario durante la \u00faltima semana<\/title>\n<meta name=\"description\" content=\"Las bajas temperaturas han provocado la activaci\u00f3n del protocolo diurno, que permite alargar la estancia en este albergue y en el de Trinitarios\" \/>\n<meta name=\"robots\" content=\"index, follow, max-snippet:-1, max-image-preview:large, max-video-preview:-1\" \/>\n<link rel=\"canonical\" href=\"https:\/\/www.laguiadepamplona.com\/actualidad\/la-ola-de-frio-llena-las-cincuenta-plazas-del-albergue-jesus-y-maria-a-diario-durante-la-ultima-semana\/\" \/>\n<meta property=\"og:locale\" content=\"es_ES\" \/>\n<meta property=\"og:type\" content=\"article\" \/>\n<meta property=\"og:title\" content=\"La ola de fr\u00edo llena las cincuenta plazas del albergue Jes\u00fas y Mar\u00eda a diario durante la \u00faltima semana\" \/>\n<meta property=\"og:description\" content=\"Las bajas temperaturas han provocado la activaci\u00f3n del protocolo diurno, que permite alargar la estancia en este albergue y en el de Trinitarios\" \/>\n<meta property=\"og:url\" content=\"https:\/\/www.laguiadepamplona.com\/actualidad\/la-ola-de-frio-llena-las-cincuenta-plazas-del-albergue-jesus-y-maria-a-diario-durante-la-ultima-semana\/\" \/>\n<meta property=\"og:site_name\" content=\"La Gu\u00eda de Pamplona\" \/>\n<meta property=\"article:publisher\" content=\"https:\/\/www.facebook.com\/laguiadepamplonacom-133175176762273\/?ref=hl\" \/>\n<meta property=\"article:published_time\" content=\"2023-01-24T12:42:41+00:00\" \/>\n<meta property=\"article:modified_time\" content=\"2023-04-11T09:47:21+00:00\" \/>\n<meta property=\"og:image\" content=\"https:\/\/www.laguiadepamplona.com\/actualidad\/wp-content\/uploads\/2023\/01\/albergue-jesusymaria23-01-24.webp\" \/>\n\t<meta property=\"og:image:width\" content=\"1920\" \/>\n\t<meta property=\"og:image:height\" content=\"1281\" \/>\n\t<meta property=\"og:image:type\" content=\"image\/webp\" \/>\n<meta name=\"author\" content=\"La Gu\u00eda de Pamplona\" \/>\n<meta name=\"twitter:card\" content=\"summary_large_image\" \/>\n<meta name=\"twitter:creator\" content=\"@LaGuiadPamplona\" \/>\n<meta name=\"twitter:site\" content=\"@LaGuiadPamplona\" \/>\n<meta name=\"twitter:label1\" content=\"Escrito por\" \/>\n\t<meta name=\"twitter:data1\" content=\"La Gu\u00eda de Pamplona\" \/>\n\t<meta name=\"twitter:label2\" content=\"Tiempo de lectura\" \/>\n\t<meta name=\"twitter:data2\" content=\"4 minutos\" \/>\n<script type=\"application\/ld+json\" class=\"yoast-schema-graph\">{\"@context\":\"https:\\\/\\\/schema.org\",\"@graph\":[{\"@type\":\"Article\",\"@id\":\"https:\\\/\\\/www.laguiadepamplona.com\\\/actualidad\\\/la-ola-de-frio-llena-las-cincuenta-plazas-del-albergue-jesus-y-maria-a-diario-durante-la-ultima-semana\\\/#article\",\"isPartOf\":{\"@id\":\"https:\\\/\\\/www.laguiadepamplona.com\\\/actualidad\\\/la-ola-de-frio-llena-las-cincuenta-plazas-del-albergue-jesus-y-maria-a-diario-durante-la-ultima-semana\\\/\"},\"author\":{\"name\":\"La Gu\u00eda de Pamplona\",\"@id\":\"https:\\\/\\\/www.laguiadepamplona.com\\\/actualidad\\\/#\\\/schema\\\/person\\\/efe887376f0213d4657c93adc50b1fdb\"},\"headline\":\"La ola de fr\u00edo llena las cincuenta plazas del albergue Jes\u00fas y Mar\u00eda a diario durante la \u00faltima semana\",\"datePublished\":\"2023-01-24T12:42:41+00:00\",\"dateModified\":\"2023-04-11T09:47:21+00:00\",\"mainEntityOfPage\":{\"@id\":\"https:\\\/\\\/www.laguiadepamplona.com\\\/actualidad\\\/la-ola-de-frio-llena-las-cincuenta-plazas-del-albergue-jesus-y-maria-a-diario-durante-la-ultima-semana\\\/\"},\"wordCount\":768,\"commentCount\":0,\"publisher\":{\"@id\":\"https:\\\/\\\/www.laguiadepamplona.com\\\/actualidad\\\/#organization\"},\"image\":{\"@id\":\"https:\\\/\\\/www.laguiadepamplona.com\\\/actualidad\\\/la-ola-de-frio-llena-las-cincuenta-plazas-del-albergue-jesus-y-maria-a-diario-durante-la-ultima-semana\\\/#primaryimage\"},\"thumbnailUrl\":\"https:\\\/\\\/www.laguiadepamplona.com\\\/actualidad\\\/wp-content\\\/uploads\\\/2023\\\/01\\\/albergue-jesusymaria23-01-24.webp\",\"articleSection\":[\"Ayto Pamplona\"],\"inLanguage\":\"es\",\"potentialAction\":[{\"@type\":\"CommentAction\",\"name\":\"Comment\",\"target\":[\"https:\\\/\\\/www.laguiadepamplona.com\\\/actualidad\\\/la-ola-de-frio-llena-las-cincuenta-plazas-del-albergue-jesus-y-maria-a-diario-durante-la-ultima-semana\\\/#respond\"]}]},{\"@type\":\"WebPage\",\"@id\":\"https:\\\/\\\/www.laguiadepamplona.com\\\/actualidad\\\/la-ola-de-frio-llena-las-cincuenta-plazas-del-albergue-jesus-y-maria-a-diario-durante-la-ultima-semana\\\/\",\"url\":\"https:\\\/\\\/www.laguiadepamplona.com\\\/actualidad\\\/la-ola-de-frio-llena-las-cincuenta-plazas-del-albergue-jesus-y-maria-a-diario-durante-la-ultima-semana\\\/\",\"name\":\"La ola de fr\u00edo llena las cincuenta plazas del albergue Jes\u00fas y Mar\u00eda a diario durante la \u00faltima semana\",\"isPartOf\":{\"@id\":\"https:\\\/\\\/www.laguiadepamplona.com\\\/actualidad\\\/#website\"},\"primaryImageOfPage\":{\"@id\":\"https:\\\/\\\/www.laguiadepamplona.com\\\/actualidad\\\/la-ola-de-frio-llena-las-cincuenta-plazas-del-albergue-jesus-y-maria-a-diario-durante-la-ultima-semana\\\/#primaryimage\"},\"image\":{\"@id\":\"https:\\\/\\\/www.laguiadepamplona.com\\\/actualidad\\\/la-ola-de-frio-llena-las-cincuenta-plazas-del-albergue-jesus-y-maria-a-diario-durante-la-ultima-semana\\\/#primaryimage\"},\"thumbnailUrl\":\"https:\\\/\\\/www.laguiadepamplona.com\\\/actualidad\\\/wp-content\\\/uploads\\\/2023\\\/01\\\/albergue-jesusymaria23-01-24.webp\",\"datePublished\":\"2023-01-24T12:42:41+00:00\",\"dateModified\":\"2023-04-11T09:47:21+00:00\",\"description\":\"Las bajas temperaturas han provocado la activaci\u00f3n del protocolo diurno, que permite alargar la estancia en este albergue y en el de Trinitarios\",\"breadcrumb\":{\"@id\":\"https:\\\/\\\/www.laguiadepamplona.com\\\/actualidad\\\/la-ola-de-frio-llena-las-cincuenta-plazas-del-albergue-jesus-y-maria-a-diario-durante-la-ultima-semana\\\/#breadcrumb\"},\"inLanguage\":\"es\",\"potentialAction\":[{\"@type\":\"ReadAction\",\"target\":[\"https:\\\/\\\/www.laguiadepamplona.com\\\/actualidad\\\/la-ola-de-frio-llena-las-cincuenta-plazas-del-albergue-jesus-y-maria-a-diario-durante-la-ultima-semana\\\/\"]}]},{\"@type\":\"ImageObject\",\"inLanguage\":\"es\",\"@id\":\"https:\\\/\\\/www.laguiadepamplona.com\\\/actualidad\\\/la-ola-de-frio-llena-las-cincuenta-plazas-del-albergue-jesus-y-maria-a-diario-durante-la-ultima-semana\\\/#primaryimage\",\"url\":\"https:\\\/\\\/www.laguiadepamplona.com\\\/actualidad\\\/wp-content\\\/uploads\\\/2023\\\/01\\\/albergue-jesusymaria23-01-24.webp\",\"contentUrl\":\"https:\\\/\\\/www.laguiadepamplona.com\\\/actualidad\\\/wp-content\\\/uploads\\\/2023\\\/01\\\/albergue-jesusymaria23-01-24.webp\",\"width\":1920,\"height\":1281},{\"@type\":\"BreadcrumbList\",\"@id\":\"https:\\\/\\\/www.laguiadepamplona.com\\\/actualidad\\\/la-ola-de-frio-llena-las-cincuenta-plazas-del-albergue-jesus-y-maria-a-diario-durante-la-ultima-semana\\\/#breadcrumb\",\"itemListElement\":[{\"@type\":\"ListItem\",\"position\":1,\"name\":\"Portada\",\"item\":\"https:\\\/\\\/www.laguiadepamplona.com\\\/actualidad\\\/\"},{\"@type\":\"ListItem\",\"position\":2,\"name\":\"La ola de fr\u00edo llena las cincuenta plazas del albergue Jes\u00fas y Mar\u00eda a diario durante la \u00faltima semana\"}]},{\"@type\":\"WebSite\",\"@id\":\"https:\\\/\\\/www.laguiadepamplona.com\\\/actualidad\\\/#website\",\"url\":\"https:\\\/\\\/www.laguiadepamplona.com\\\/actualidad\\\/\",\"name\":\"La gu\u00eda de Pamplona\",\"description\":\"Noticias de Pamplona\",\"publisher\":{\"@id\":\"https:\\\/\\\/www.laguiadepamplona.com\\\/actualidad\\\/#organization\"},\"potentialAction\":[{\"@type\":\"SearchAction\",\"target\":{\"@type\":\"EntryPoint\",\"urlTemplate\":\"https:\\\/\\\/www.laguiadepamplona.com\\\/actualidad\\\/?s={search_term_string}\"},\"query-input\":{\"@type\":\"PropertyValueSpecification\",\"valueRequired\":true,\"valueName\":\"search_term_string\"}}],\"inLanguage\":\"es\"},{\"@type\":\"Organization\",\"@id\":\"https:\\\/\\\/www.laguiadepamplona.com\\\/actualidad\\\/#organization\",\"name\":\"La Gu\u00eda de Pamplona \\\/ Noticias\",\"url\":\"https:\\\/\\\/www.laguiadepamplona.com\\\/actualidad\\\/\",\"logo\":{\"@type\":\"ImageObject\",\"inLanguage\":\"es\",\"@id\":\"https:\\\/\\\/www.laguiadepamplona.com\\\/actualidad\\\/#\\\/schema\\\/logo\\\/image\\\/\",\"url\":\"https:\\\/\\\/www.laguiadepamplona.com\\\/actualidad\\\/wp-content\\\/uploads\\\/2018\\\/11\\\/logo-laguiadepamplona18-web1.png\",\"contentUrl\":\"https:\\\/\\\/www.laguiadepamplona.com\\\/actualidad\\\/wp-content\\\/uploads\\\/2018\\\/11\\\/logo-laguiadepamplona18-web1.png\",\"width\":600,\"height\":196,\"caption\":\"La Gu\u00eda de Pamplona \\\/ Noticias\"},\"image\":{\"@id\":\"https:\\\/\\\/www.laguiadepamplona.com\\\/actualidad\\\/#\\\/schema\\\/logo\\\/image\\\/\"},\"sameAs\":[\"https:\\\/\\\/www.facebook.com\\\/laguiadepamplonacom-133175176762273\\\/?ref=hl\",\"https:\\\/\\\/x.com\\\/LaGuiadPamplona\",\"https:\\\/\\\/www.instagram.com\\\/la_guia_de_pamplona\\\/\",\"https:\\\/\\\/www.youtube.com\\\/user\\\/laguiadepamplona\"]},{\"@type\":\"Person\",\"@id\":\"https:\\\/\\\/www.laguiadepamplona.com\\\/actualidad\\\/#\\\/schema\\\/person\\\/efe887376f0213d4657c93adc50b1fdb\",\"name\":\"La Gu\u00eda de Pamplona\",\"image\":{\"@type\":\"ImageObject\",\"inLanguage\":\"es\",\"@id\":\"https:\\\/\\\/secure.gravatar.com\\\/avatar\\\/b6992f131dc8d30ab0dff15446e9d346d9dbd95992de0fef795073f5ea83a81c?s=96&d=mm&r=g\",\"url\":\"https:\\\/\\\/secure.gravatar.com\\\/avatar\\\/b6992f131dc8d30ab0dff15446e9d346d9dbd95992de0fef795073f5ea83a81c?s=96&d=mm&r=g\",\"contentUrl\":\"https:\\\/\\\/secure.gravatar.com\\\/avatar\\\/b6992f131dc8d30ab0dff15446e9d346d9dbd95992de0fef795073f5ea83a81c?s=96&d=mm&r=g\",\"caption\":\"La Gu\u00eda de Pamplona\"}}]}<\/script>\n<!-- \/ Yoast SEO plugin. -->","yoast_head_json":{"title":"La ola de fr\u00edo llena las cincuenta plazas del albergue Jes\u00fas y Mar\u00eda a diario durante la \u00faltima semana","description":"Las bajas temperaturas han provocado la activaci\u00f3n del protocolo diurno, que permite alargar la estancia en este albergue y en el de Trinitarios","robots":{"index":"index","follow":"follow","max-snippet":"max-snippet:-1","max-image-preview":"max-image-preview:large","max-video-preview":"max-video-preview:-1"},"canonical":"https:\/\/www.laguiadepamplona.com\/actualidad\/la-ola-de-frio-llena-las-cincuenta-plazas-del-albergue-jesus-y-maria-a-diario-durante-la-ultima-semana\/","og_locale":"es_ES","og_type":"article","og_title":"La ola de fr\u00edo llena las cincuenta plazas del albergue Jes\u00fas y Mar\u00eda a diario durante la \u00faltima semana","og_description":"Las bajas temperaturas han provocado la activaci\u00f3n del protocolo diurno, que permite alargar la estancia en este albergue y en el de Trinitarios","og_url":"https:\/\/www.laguiadepamplona.com\/actualidad\/la-ola-de-frio-llena-las-cincuenta-plazas-del-albergue-jesus-y-maria-a-diario-durante-la-ultima-semana\/","og_site_name":"La Gu\u00eda de Pamplona","article_publisher":"https:\/\/www.facebook.com\/laguiadepamplonacom-133175176762273\/?ref=hl","article_published_time":"2023-01-24T12:42:41+00:00","article_modified_time":"2023-04-11T09:47:21+00:00","og_image":[{"width":1920,"height":1281,"url":"https:\/\/www.laguiadepamplona.com\/actualidad\/wp-content\/uploads\/2023\/01\/albergue-jesusymaria23-01-24.webp","type":"image\/webp"}],"author":"La Gu\u00eda de Pamplona","twitter_card":"summary_large_image","twitter_creator":"@LaGuiadPamplona","twitter_site":"@LaGuiadPamplona","twitter_misc":{"Escrito por":"La Gu\u00eda de Pamplona","Tiempo de lectura":"4 minutos"},"schema":{"@context":"https:\/\/schema.org","@graph":[{"@type":"Article","@id":"https:\/\/www.laguiadepamplona.com\/actualidad\/la-ola-de-frio-llena-las-cincuenta-plazas-del-albergue-jesus-y-maria-a-diario-durante-la-ultima-semana\/#article","isPartOf":{"@id":"https:\/\/www.laguiadepamplona.com\/actualidad\/la-ola-de-frio-llena-las-cincuenta-plazas-del-albergue-jesus-y-maria-a-diario-durante-la-ultima-semana\/"},"author":{"name":"La Gu\u00eda de Pamplona","@id":"https:\/\/www.laguiadepamplona.com\/actualidad\/#\/schema\/person\/efe887376f0213d4657c93adc50b1fdb"},"headline":"La ola de fr\u00edo llena las cincuenta plazas del albergue Jes\u00fas y Mar\u00eda a diario durante la \u00faltima semana","datePublished":"2023-01-24T12:42:41+00:00","dateModified":"2023-04-11T09:47:21+00:00","mainEntityOfPage":{"@id":"https:\/\/www.laguiadepamplona.com\/actualidad\/la-ola-de-frio-llena-las-cincuenta-plazas-del-albergue-jesus-y-maria-a-diario-durante-la-ultima-semana\/"},"wordCount":768,"commentCount":0,"publisher":{"@id":"https:\/\/www.laguiadepamplona.com\/actualidad\/#organization"},"image":{"@id":"https:\/\/www.laguiadepamplona.com\/actualidad\/la-ola-de-frio-llena-las-cincuenta-plazas-del-albergue-jesus-y-maria-a-diario-durante-la-ultima-semana\/#primaryimage"},"thumbnailUrl":"https:\/\/www.laguiadepamplona.com\/actualidad\/wp-content\/uploads\/2023\/01\/albergue-jesusymaria23-01-24.webp","articleSection":["Ayto Pamplona"],"inLanguage":"es","potentialAction":[{"@type":"CommentAction","name":"Comment","target":["https:\/\/www.laguiadepamplona.com\/actualidad\/la-ola-de-frio-llena-las-cincuenta-plazas-del-albergue-jesus-y-maria-a-diario-durante-la-ultima-semana\/#respond"]}]},{"@type":"WebPage","@id":"https:\/\/www.laguiadepamplona.com\/actualidad\/la-ola-de-frio-llena-las-cincuenta-plazas-del-albergue-jesus-y-maria-a-diario-durante-la-ultima-semana\/","url":"https:\/\/www.laguiadepamplona.com\/actualidad\/la-ola-de-frio-llena-las-cincuenta-plazas-del-albergue-jesus-y-maria-a-diario-durante-la-ultima-semana\/","name":"La ola de fr\u00edo llena las cincuenta plazas del albergue Jes\u00fas y Mar\u00eda a diario durante la \u00faltima semana","isPartOf":{"@id":"https:\/\/www.laguiadepamplona.com\/actualidad\/#website"},"primaryImageOfPage":{"@id":"https:\/\/www.laguiadepamplona.com\/actualidad\/la-ola-de-frio-llena-las-cincuenta-plazas-del-albergue-jesus-y-maria-a-diario-durante-la-ultima-semana\/#primaryimage"},"image":{"@id":"https:\/\/www.laguiadepamplona.com\/actualidad\/la-ola-de-frio-llena-las-cincuenta-plazas-del-albergue-jesus-y-maria-a-diario-durante-la-ultima-semana\/#primaryimage"},"thumbnailUrl":"https:\/\/www.laguiadepamplona.com\/actualidad\/wp-content\/uploads\/2023\/01\/albergue-jesusymaria23-01-24.webp","datePublished":"2023-01-24T12:42:41+00:00","dateModified":"2023-04-11T09:47:21+00:00","description":"Las bajas temperaturas han provocado la activaci\u00f3n del protocolo diurno, que permite alargar la estancia en este albergue y en el de Trinitarios","breadcrumb":{"@id":"https:\/\/www.laguiadepamplona.com\/actualidad\/la-ola-de-frio-llena-las-cincuenta-plazas-del-albergue-jesus-y-maria-a-diario-durante-la-ultima-semana\/#breadcrumb"},"inLanguage":"es","potentialAction":[{"@type":"ReadAction","target":["https:\/\/www.laguiadepamplona.com\/actualidad\/la-ola-de-frio-llena-las-cincuenta-plazas-del-albergue-jesus-y-maria-a-diario-durante-la-ultima-semana\/"]}]},{"@type":"ImageObject","inLanguage":"es","@id":"https:\/\/www.laguiadepamplona.com\/actualidad\/la-ola-de-frio-llena-las-cincuenta-plazas-del-albergue-jesus-y-maria-a-diario-durante-la-ultima-semana\/#primaryimage","url":"https:\/\/www.laguiadepamplona.com\/actualidad\/wp-content\/uploads\/2023\/01\/albergue-jesusymaria23-01-24.webp","contentUrl":"https:\/\/www.laguiadepamplona.com\/actualidad\/wp-content\/uploads\/2023\/01\/albergue-jesusymaria23-01-24.webp","width":1920,"height":1281},{"@type":"BreadcrumbList","@id":"https:\/\/www.laguiadepamplona.com\/actualidad\/la-ola-de-frio-llena-las-cincuenta-plazas-del-albergue-jesus-y-maria-a-diario-durante-la-ultima-semana\/#breadcrumb","itemListElement":[{"@type":"ListItem","position":1,"name":"Portada","item":"https:\/\/www.laguiadepamplona.com\/actualidad\/"},{"@type":"ListItem","position":2,"name":"La ola de fr\u00edo llena las cincuenta plazas del albergue Jes\u00fas y Mar\u00eda a diario durante la \u00faltima semana"}]},{"@type":"WebSite","@id":"https:\/\/www.laguiadepamplona.com\/actualidad\/#website","url":"https:\/\/www.laguiadepamplona.com\/actualidad\/","name":"La gu\u00eda de Pamplona","description":"Noticias de Pamplona","publisher":{"@id":"https:\/\/www.laguiadepamplona.com\/actualidad\/#organization"},"potentialAction":[{"@type":"SearchAction","target":{"@type":"EntryPoint","urlTemplate":"https:\/\/www.laguiadepamplona.com\/actualidad\/?s={search_term_string}"},"query-input":{"@type":"PropertyValueSpecification","valueRequired":true,"valueName":"search_term_string"}}],"inLanguage":"es"},{"@type":"Organization","@id":"https:\/\/www.laguiadepamplona.com\/actualidad\/#organization","name":"La Gu\u00eda de Pamplona \/ Noticias","url":"https:\/\/www.laguiadepamplona.com\/actualidad\/","logo":{"@type":"ImageObject","inLanguage":"es","@id":"https:\/\/www.laguiadepamplona.com\/actualidad\/#\/schema\/logo\/image\/","url":"https:\/\/www.laguiadepamplona.com\/actualidad\/wp-content\/uploads\/2018\/11\/logo-laguiadepamplona18-web1.png","contentUrl":"https:\/\/www.laguiadepamplona.com\/actualidad\/wp-content\/uploads\/2018\/11\/logo-laguiadepamplona18-web1.png","width":600,"height":196,"caption":"La Gu\u00eda de Pamplona \/ Noticias"},"image":{"@id":"https:\/\/www.laguiadepamplona.com\/actualidad\/#\/schema\/logo\/image\/"},"sameAs":["https:\/\/www.facebook.com\/laguiadepamplonacom-133175176762273\/?ref=hl","https:\/\/x.com\/LaGuiadPamplona","https:\/\/www.instagram.com\/la_guia_de_pamplona\/","https:\/\/www.youtube.com\/user\/laguiadepamplona"]},{"@type":"Person","@id":"https:\/\/www.laguiadepamplona.com\/actualidad\/#\/schema\/person\/efe887376f0213d4657c93adc50b1fdb","name":"La Gu\u00eda de Pamplona","image":{"@type":"ImageObject","inLanguage":"es","@id":"https:\/\/secure.gravatar.com\/avatar\/b6992f131dc8d30ab0dff15446e9d346d9dbd95992de0fef795073f5ea83a81c?s=96&d=mm&r=g","url":"https:\/\/secure.gravatar.com\/avatar\/b6992f131dc8d30ab0dff15446e9d346d9dbd95992de0fef795073f5ea83a81c?s=96&d=mm&r=g","contentUrl":"https:\/\/secure.gravatar.com\/avatar\/b6992f131dc8d30ab0dff15446e9d346d9dbd95992de0fef795073f5ea83a81c?s=96&d=mm&r=g","caption":"La Gu\u00eda de Pamplona"}}]}},"post_mailing_queue_ids":[],"_links":{"self":[{"href":"https:\/\/www.laguiadepamplona.com\/actualidad\/wp-json\/wp\/v2\/posts\/42669","targetHints":{"allow":["GET"]}}],"collection":[{"href":"https:\/\/www.laguiadepamplona.com\/actualidad\/wp-json\/wp\/v2\/posts"}],"about":[{"href":"https:\/\/www.laguiadepamplona.com\/actualidad\/wp-json\/wp\/v2\/types\/post"}],"author":[{"embeddable":true,"href":"https:\/\/www.laguiadepamplona.com\/actualidad\/wp-json\/wp\/v2\/users\/1"}],"replies":[{"embeddable":true,"href":"https:\/\/www.laguiadepamplona.com\/actualidad\/wp-json\/wp\/v2\/comments?post=42669"}],"version-history":[{"count":0,"href":"https:\/\/www.laguiadepamplona.com\/actualidad\/wp-json\/wp\/v2\/posts\/42669\/revisions"}],"wp:featuredmedia":[{"embeddable":true,"href":"https:\/\/www.laguiadepamplona.com\/actualidad\/wp-json\/wp\/v2\/media\/42670"}],"wp:attachment":[{"href":"https:\/\/www.laguiadepamplona.com\/actualidad\/wp-json\/wp\/v2\/media?parent=42669"}],"wp:term":[{"taxonomy":"category","embeddable":true,"href":"https:\/\/www.laguiadepamplona.com\/actualidad\/wp-json\/wp\/v2\/categories?post=42669"},{"taxonomy":"post_tag","embeddable":true,"href":"https:\/\/www.laguiadepamplona.com\/actualidad\/wp-json\/wp\/v2\/tags?post=42669"}],"curies":[{"name":"wp","href":"https:\/\/api.w.org\/{rel}","templated":true}]}}