{"id":42666,"date":"2023-01-24T14:34:56","date_gmt":"2023-01-24T12:34:56","guid":{"rendered":"https:\/\/www.laguiadepamplona.com\/actualidad\/?p=42666"},"modified":"2023-04-11T11:47:21","modified_gmt":"2023-04-11T09:47:21","slug":"las-160-plazas-de-aparcamiento-junto-al-cementerio-se-convertiran-en-zona-naranja-de-estacionamiento-con-la-primera-hora-gratuita","status":"publish","type":"post","link":"https:\/\/www.laguiadepamplona.com\/actualidad\/las-160-plazas-de-aparcamiento-junto-al-cementerio-se-convertiran-en-zona-naranja-de-estacionamiento-con-la-primera-hora-gratuita\/","title":{"rendered":"Las 160 plazas de aparcamiento junto al cementerio se convertir\u00e1n en zona naranja de estacionamiento, con la primera hora gratuita"},"content":{"rendered":"<h5>La zona se utilizaba como estacionamiento disuasorio, con apenas rotaci\u00f3n y con problemas de aparcamiento para quienes acud\u00edan al cementerio<\/h5>\n<p><!--more--><\/p>\n<p>El Ayuntamiento de Pamplona va a regular la bolsa de aparcamiento ubicada en el entorno del cementerio municipal de San Jos\u00e9. Sus 160 plazas se convertir\u00e1n en zona naranja, con la especificidad de que durante la primera hora el estacionamiento ser\u00e1 gratuito para no gravar a quienes acuden a servicios funerarios o de visita al propio cementerio. Esta modificaci\u00f3n del estacionamiento regulado se aprobar\u00e1 el lunes en Junta de Gobierno Local, aunque pasar\u00e1n varias semanas hasta que entre en vigor.<\/p>\n<p>Esta zona naranja se enmarcar\u00e1 en el sector 6, que se corresponde con el barrio de San Juan, por lo que podr\u00e1n aparcar sin l\u00edmite de tiempo quienes tengan la tarjeta de residente de ese sector. Se colocar\u00e1n dos expendedores, uno cerca de la puerta del crematorio y el otro en la zona central frente a la puerta principal de entrada al cementerio, y se mantendr\u00e1n, las cuatro plazas existentes para el aparcamiento reservado a personas con movilidad reducida. El horario ser\u00e1 el mismo que el del estacionamiento regulado de la ciudad, de lunes a viernes de 8.30 a 14 horas y de 16 a 20 horas, y los s\u00e1bados de 8.30 a 14 horas.<br \/>\n<script async src=\"\/\/pagead2.googlesyndication.com\/pagead\/js\/adsbygoogle.js\"><\/script><br \/>\n<!-- Noticias La Guia de Pamplona --><br \/>\n<ins class=\"adsbygoogle\"\nstyle=\"display:block\"\ndata-ad-client=\"ca-pub-6943679897239327\"\ndata-ad-slot=\"7048180777\"\ndata-ad-format=\"auto\"><\/ins><br \/>\n<script>\n(adsbygoogle = window.adsbygoogle || []).push({});\n<\/script><\/p>\n<p>Esta medida la ha tomado el Ayuntamiento tras comprobar el uso que muchas personas hac\u00edan de esas plazas, que se hab\u00edan convertido en un nuevo aparcamiento disuasorio gratuito. La rotaci\u00f3n de veh\u00edculos se hab\u00eda reducido a unas 30 plazas, pues el resto eran ocupadas por veh\u00edculos que aparcaba a primera hora de la ma\u00f1ana y se iban por la tarde o por veh\u00edculos que permanec\u00edan estacionados durante varios d\u00edas.<\/p>\n<p>Esa falta de rotaci\u00f3n provoca que quienes acuden a los servicios funerarios, ante la premura de los actos, aparquen de forma incorrecta en aceras, arcenes o jardines, dificultando giros o el cruce de veh\u00edculos en la zona m\u00e1s cercana a la orilla del r\u00edo o en la salida hacia San Juan, que incluso ha llevado en ocasiones a tener que cortar el vial hacia el puente de Miluce o el existente hacia la avenida de Navarra.<\/p>\n","protected":false},"excerpt":{"rendered":"<p>La zona se utilizaba como estacionamiento disuasorio, con apenas rotaci\u00f3n y con problemas de aparcamiento para quienes acud\u00edan al cementerio<\/p>\n","protected":false},"author":1,"featured_media":42667,"comment_status":"open","ping_status":"closed","sticky":false,"template":"","format":"standard","meta":{"footnotes":""},"categories":[2],"tags":[],"class_list":["post-42666","post","type-post","status-publish","format-standard","has-post-thumbnail","hentry","category-ayuntamiento-pamplona"],"yoast_head":"<!-- This site is optimized with the Yoast SEO plugin v27.3 - https:\/\/yoast.com\/product\/yoast-seo-wordpress\/ -->\n<title>Las 160 plazas de aparcamiento junto al cementerio se convertir\u00e1n en zona naranja de estacionamiento, con la primera hora gratuita<\/title>\n<meta name=\"description\" content=\"La zona se utilizaba como estacionamiento disuasorio, con apenas rotaci\u00f3n y con problemas de aparcamiento para quienes acud\u00edan al cementerio\" \/>\n<meta name=\"robots\" content=\"index, follow, max-snippet:-1, max-image-preview:large, max-video-preview:-1\" \/>\n<link rel=\"canonical\" href=\"https:\/\/www.laguiadepamplona.com\/actualidad\/las-160-plazas-de-aparcamiento-junto-al-cementerio-se-convertiran-en-zona-naranja-de-estacionamiento-con-la-primera-hora-gratuita\/\" \/>\n<meta property=\"og:locale\" content=\"es_ES\" \/>\n<meta property=\"og:type\" content=\"article\" \/>\n<meta property=\"og:title\" content=\"Las 160 plazas de aparcamiento junto al cementerio se convertir\u00e1n en zona naranja de estacionamiento, con la primera hora gratuita\" \/>\n<meta property=\"og:description\" content=\"La zona se utilizaba como estacionamiento disuasorio, con apenas rotaci\u00f3n y con problemas de aparcamiento para quienes acud\u00edan al cementerio\" \/>\n<meta property=\"og:url\" content=\"https:\/\/www.laguiadepamplona.com\/actualidad\/las-160-plazas-de-aparcamiento-junto-al-cementerio-se-convertiran-en-zona-naranja-de-estacionamiento-con-la-primera-hora-gratuita\/\" \/>\n<meta property=\"og:site_name\" content=\"La Gu\u00eda de Pamplona\" \/>\n<meta property=\"article:publisher\" content=\"https:\/\/www.facebook.com\/laguiadepamplonacom-133175176762273\/?ref=hl\" \/>\n<meta property=\"article:published_time\" content=\"2023-01-24T12:34:56+00:00\" \/>\n<meta property=\"article:modified_time\" content=\"2023-04-11T09:47:21+00:00\" \/>\n<meta property=\"og:image\" content=\"https:\/\/www.laguiadepamplona.com\/actualidad\/wp-content\/uploads\/2023\/01\/cementerio-puerta_2.webp\" \/>\n\t<meta property=\"og:image:width\" content=\"1600\" \/>\n\t<meta property=\"og:image:height\" content=\"1200\" \/>\n\t<meta property=\"og:image:type\" content=\"image\/webp\" \/>\n<meta name=\"author\" content=\"La Gu\u00eda de Pamplona\" \/>\n<meta name=\"twitter:card\" content=\"summary_large_image\" \/>\n<meta name=\"twitter:creator\" content=\"@LaGuiadPamplona\" \/>\n<meta name=\"twitter:site\" content=\"@LaGuiadPamplona\" \/>\n<meta name=\"twitter:label1\" content=\"Escrito por\" \/>\n\t<meta name=\"twitter:data1\" content=\"La Gu\u00eda de Pamplona\" \/>\n\t<meta name=\"twitter:label2\" content=\"Tiempo de lectura\" \/>\n\t<meta name=\"twitter:data2\" content=\"2 minutos\" \/>\n<script type=\"application\/ld+json\" class=\"yoast-schema-graph\">{\"@context\":\"https:\\\/\\\/schema.org\",\"@graph\":[{\"@type\":\"Article\",\"@id\":\"https:\\\/\\\/www.laguiadepamplona.com\\\/actualidad\\\/las-160-plazas-de-aparcamiento-junto-al-cementerio-se-convertiran-en-zona-naranja-de-estacionamiento-con-la-primera-hora-gratuita\\\/#article\",\"isPartOf\":{\"@id\":\"https:\\\/\\\/www.laguiadepamplona.com\\\/actualidad\\\/las-160-plazas-de-aparcamiento-junto-al-cementerio-se-convertiran-en-zona-naranja-de-estacionamiento-con-la-primera-hora-gratuita\\\/\"},\"author\":{\"name\":\"La Gu\u00eda de Pamplona\",\"@id\":\"https:\\\/\\\/www.laguiadepamplona.com\\\/actualidad\\\/#\\\/schema\\\/person\\\/efe887376f0213d4657c93adc50b1fdb\"},\"headline\":\"Las 160 plazas de aparcamiento junto al cementerio se convertir\u00e1n en zona naranja de estacionamiento, con la primera hora gratuita\",\"datePublished\":\"2023-01-24T12:34:56+00:00\",\"dateModified\":\"2023-04-11T09:47:21+00:00\",\"mainEntityOfPage\":{\"@id\":\"https:\\\/\\\/www.laguiadepamplona.com\\\/actualidad\\\/las-160-plazas-de-aparcamiento-junto-al-cementerio-se-convertiran-en-zona-naranja-de-estacionamiento-con-la-primera-hora-gratuita\\\/\"},\"wordCount\":395,\"commentCount\":0,\"publisher\":{\"@id\":\"https:\\\/\\\/www.laguiadepamplona.com\\\/actualidad\\\/#organization\"},\"image\":{\"@id\":\"https:\\\/\\\/www.laguiadepamplona.com\\\/actualidad\\\/las-160-plazas-de-aparcamiento-junto-al-cementerio-se-convertiran-en-zona-naranja-de-estacionamiento-con-la-primera-hora-gratuita\\\/#primaryimage\"},\"thumbnailUrl\":\"https:\\\/\\\/www.laguiadepamplona.com\\\/actualidad\\\/wp-content\\\/uploads\\\/2023\\\/01\\\/cementerio-puerta_2.webp\",\"articleSection\":[\"Ayto Pamplona\"],\"inLanguage\":\"es\",\"potentialAction\":[{\"@type\":\"CommentAction\",\"name\":\"Comment\",\"target\":[\"https:\\\/\\\/www.laguiadepamplona.com\\\/actualidad\\\/las-160-plazas-de-aparcamiento-junto-al-cementerio-se-convertiran-en-zona-naranja-de-estacionamiento-con-la-primera-hora-gratuita\\\/#respond\"]}]},{\"@type\":\"WebPage\",\"@id\":\"https:\\\/\\\/www.laguiadepamplona.com\\\/actualidad\\\/las-160-plazas-de-aparcamiento-junto-al-cementerio-se-convertiran-en-zona-naranja-de-estacionamiento-con-la-primera-hora-gratuita\\\/\",\"url\":\"https:\\\/\\\/www.laguiadepamplona.com\\\/actualidad\\\/las-160-plazas-de-aparcamiento-junto-al-cementerio-se-convertiran-en-zona-naranja-de-estacionamiento-con-la-primera-hora-gratuita\\\/\",\"name\":\"Las 160 plazas de aparcamiento junto al cementerio se convertir\u00e1n en zona naranja de estacionamiento, con la primera hora gratuita\",\"isPartOf\":{\"@id\":\"https:\\\/\\\/www.laguiadepamplona.com\\\/actualidad\\\/#website\"},\"primaryImageOfPage\":{\"@id\":\"https:\\\/\\\/www.laguiadepamplona.com\\\/actualidad\\\/las-160-plazas-de-aparcamiento-junto-al-cementerio-se-convertiran-en-zona-naranja-de-estacionamiento-con-la-primera-hora-gratuita\\\/#primaryimage\"},\"image\":{\"@id\":\"https:\\\/\\\/www.laguiadepamplona.com\\\/actualidad\\\/las-160-plazas-de-aparcamiento-junto-al-cementerio-se-convertiran-en-zona-naranja-de-estacionamiento-con-la-primera-hora-gratuita\\\/#primaryimage\"},\"thumbnailUrl\":\"https:\\\/\\\/www.laguiadepamplona.com\\\/actualidad\\\/wp-content\\\/uploads\\\/2023\\\/01\\\/cementerio-puerta_2.webp\",\"datePublished\":\"2023-01-24T12:34:56+00:00\",\"dateModified\":\"2023-04-11T09:47:21+00:00\",\"description\":\"La zona se utilizaba como estacionamiento disuasorio, con apenas rotaci\u00f3n y con problemas de aparcamiento para quienes acud\u00edan al cementerio\",\"breadcrumb\":{\"@id\":\"https:\\\/\\\/www.laguiadepamplona.com\\\/actualidad\\\/las-160-plazas-de-aparcamiento-junto-al-cementerio-se-convertiran-en-zona-naranja-de-estacionamiento-con-la-primera-hora-gratuita\\\/#breadcrumb\"},\"inLanguage\":\"es\",\"potentialAction\":[{\"@type\":\"ReadAction\",\"target\":[\"https:\\\/\\\/www.laguiadepamplona.com\\\/actualidad\\\/las-160-plazas-de-aparcamiento-junto-al-cementerio-se-convertiran-en-zona-naranja-de-estacionamiento-con-la-primera-hora-gratuita\\\/\"]}]},{\"@type\":\"ImageObject\",\"inLanguage\":\"es\",\"@id\":\"https:\\\/\\\/www.laguiadepamplona.com\\\/actualidad\\\/las-160-plazas-de-aparcamiento-junto-al-cementerio-se-convertiran-en-zona-naranja-de-estacionamiento-con-la-primera-hora-gratuita\\\/#primaryimage\",\"url\":\"https:\\\/\\\/www.laguiadepamplona.com\\\/actualidad\\\/wp-content\\\/uploads\\\/2023\\\/01\\\/cementerio-puerta_2.webp\",\"contentUrl\":\"https:\\\/\\\/www.laguiadepamplona.com\\\/actualidad\\\/wp-content\\\/uploads\\\/2023\\\/01\\\/cementerio-puerta_2.webp\",\"width\":1600,\"height\":1200},{\"@type\":\"BreadcrumbList\",\"@id\":\"https:\\\/\\\/www.laguiadepamplona.com\\\/actualidad\\\/las-160-plazas-de-aparcamiento-junto-al-cementerio-se-convertiran-en-zona-naranja-de-estacionamiento-con-la-primera-hora-gratuita\\\/#breadcrumb\",\"itemListElement\":[{\"@type\":\"ListItem\",\"position\":1,\"name\":\"Portada\",\"item\":\"https:\\\/\\\/www.laguiadepamplona.com\\\/actualidad\\\/\"},{\"@type\":\"ListItem\",\"position\":2,\"name\":\"Las 160 plazas de aparcamiento junto al cementerio se convertir\u00e1n en zona naranja de estacionamiento, con la primera hora gratuita\"}]},{\"@type\":\"WebSite\",\"@id\":\"https:\\\/\\\/www.laguiadepamplona.com\\\/actualidad\\\/#website\",\"url\":\"https:\\\/\\\/www.laguiadepamplona.com\\\/actualidad\\\/\",\"name\":\"La gu\u00eda de Pamplona\",\"description\":\"Noticias de Pamplona\",\"publisher\":{\"@id\":\"https:\\\/\\\/www.laguiadepamplona.com\\\/actualidad\\\/#organization\"},\"potentialAction\":[{\"@type\":\"SearchAction\",\"target\":{\"@type\":\"EntryPoint\",\"urlTemplate\":\"https:\\\/\\\/www.laguiadepamplona.com\\\/actualidad\\\/?s={search_term_string}\"},\"query-input\":{\"@type\":\"PropertyValueSpecification\",\"valueRequired\":true,\"valueName\":\"search_term_string\"}}],\"inLanguage\":\"es\"},{\"@type\":\"Organization\",\"@id\":\"https:\\\/\\\/www.laguiadepamplona.com\\\/actualidad\\\/#organization\",\"name\":\"La Gu\u00eda de Pamplona \\\/ Noticias\",\"url\":\"https:\\\/\\\/www.laguiadepamplona.com\\\/actualidad\\\/\",\"logo\":{\"@type\":\"ImageObject\",\"inLanguage\":\"es\",\"@id\":\"https:\\\/\\\/www.laguiadepamplona.com\\\/actualidad\\\/#\\\/schema\\\/logo\\\/image\\\/\",\"url\":\"https:\\\/\\\/www.laguiadepamplona.com\\\/actualidad\\\/wp-content\\\/uploads\\\/2018\\\/11\\\/logo-laguiadepamplona18-web1.png\",\"contentUrl\":\"https:\\\/\\\/www.laguiadepamplona.com\\\/actualidad\\\/wp-content\\\/uploads\\\/2018\\\/11\\\/logo-laguiadepamplona18-web1.png\",\"width\":600,\"height\":196,\"caption\":\"La Gu\u00eda de Pamplona \\\/ Noticias\"},\"image\":{\"@id\":\"https:\\\/\\\/www.laguiadepamplona.com\\\/actualidad\\\/#\\\/schema\\\/logo\\\/image\\\/\"},\"sameAs\":[\"https:\\\/\\\/www.facebook.com\\\/laguiadepamplonacom-133175176762273\\\/?ref=hl\",\"https:\\\/\\\/x.com\\\/LaGuiadPamplona\",\"https:\\\/\\\/www.instagram.com\\\/la_guia_de_pamplona\\\/\",\"https:\\\/\\\/www.youtube.com\\\/user\\\/laguiadepamplona\"]},{\"@type\":\"Person\",\"@id\":\"https:\\\/\\\/www.laguiadepamplona.com\\\/actualidad\\\/#\\\/schema\\\/person\\\/efe887376f0213d4657c93adc50b1fdb\",\"name\":\"La Gu\u00eda de Pamplona\",\"image\":{\"@type\":\"ImageObject\",\"inLanguage\":\"es\",\"@id\":\"https:\\\/\\\/secure.gravatar.com\\\/avatar\\\/b6992f131dc8d30ab0dff15446e9d346d9dbd95992de0fef795073f5ea83a81c?s=96&d=mm&r=g\",\"url\":\"https:\\\/\\\/secure.gravatar.com\\\/avatar\\\/b6992f131dc8d30ab0dff15446e9d346d9dbd95992de0fef795073f5ea83a81c?s=96&d=mm&r=g\",\"contentUrl\":\"https:\\\/\\\/secure.gravatar.com\\\/avatar\\\/b6992f131dc8d30ab0dff15446e9d346d9dbd95992de0fef795073f5ea83a81c?s=96&d=mm&r=g\",\"caption\":\"La Gu\u00eda de Pamplona\"}}]}<\/script>\n<!-- \/ Yoast SEO plugin. -->","yoast_head_json":{"title":"Las 160 plazas de aparcamiento junto al cementerio se convertir\u00e1n en zona naranja de estacionamiento, con la primera hora gratuita","description":"La zona se utilizaba como estacionamiento disuasorio, con apenas rotaci\u00f3n y con problemas de aparcamiento para quienes acud\u00edan al cementerio","robots":{"index":"index","follow":"follow","max-snippet":"max-snippet:-1","max-image-preview":"max-image-preview:large","max-video-preview":"max-video-preview:-1"},"canonical":"https:\/\/www.laguiadepamplona.com\/actualidad\/las-160-plazas-de-aparcamiento-junto-al-cementerio-se-convertiran-en-zona-naranja-de-estacionamiento-con-la-primera-hora-gratuita\/","og_locale":"es_ES","og_type":"article","og_title":"Las 160 plazas de aparcamiento junto al cementerio se convertir\u00e1n en zona naranja de estacionamiento, con la primera hora gratuita","og_description":"La zona se utilizaba como estacionamiento disuasorio, con apenas rotaci\u00f3n y con problemas de aparcamiento para quienes acud\u00edan al cementerio","og_url":"https:\/\/www.laguiadepamplona.com\/actualidad\/las-160-plazas-de-aparcamiento-junto-al-cementerio-se-convertiran-en-zona-naranja-de-estacionamiento-con-la-primera-hora-gratuita\/","og_site_name":"La Gu\u00eda de Pamplona","article_publisher":"https:\/\/www.facebook.com\/laguiadepamplonacom-133175176762273\/?ref=hl","article_published_time":"2023-01-24T12:34:56+00:00","article_modified_time":"2023-04-11T09:47:21+00:00","og_image":[{"width":1600,"height":1200,"url":"https:\/\/www.laguiadepamplona.com\/actualidad\/wp-content\/uploads\/2023\/01\/cementerio-puerta_2.webp","type":"image\/webp"}],"author":"La Gu\u00eda de Pamplona","twitter_card":"summary_large_image","twitter_creator":"@LaGuiadPamplona","twitter_site":"@LaGuiadPamplona","twitter_misc":{"Escrito por":"La Gu\u00eda de Pamplona","Tiempo de lectura":"2 minutos"},"schema":{"@context":"https:\/\/schema.org","@graph":[{"@type":"Article","@id":"https:\/\/www.laguiadepamplona.com\/actualidad\/las-160-plazas-de-aparcamiento-junto-al-cementerio-se-convertiran-en-zona-naranja-de-estacionamiento-con-la-primera-hora-gratuita\/#article","isPartOf":{"@id":"https:\/\/www.laguiadepamplona.com\/actualidad\/las-160-plazas-de-aparcamiento-junto-al-cementerio-se-convertiran-en-zona-naranja-de-estacionamiento-con-la-primera-hora-gratuita\/"},"author":{"name":"La Gu\u00eda de Pamplona","@id":"https:\/\/www.laguiadepamplona.com\/actualidad\/#\/schema\/person\/efe887376f0213d4657c93adc50b1fdb"},"headline":"Las 160 plazas de aparcamiento junto al cementerio se convertir\u00e1n en zona naranja de estacionamiento, con la primera hora gratuita","datePublished":"2023-01-24T12:34:56+00:00","dateModified":"2023-04-11T09:47:21+00:00","mainEntityOfPage":{"@id":"https:\/\/www.laguiadepamplona.com\/actualidad\/las-160-plazas-de-aparcamiento-junto-al-cementerio-se-convertiran-en-zona-naranja-de-estacionamiento-con-la-primera-hora-gratuita\/"},"wordCount":395,"commentCount":0,"publisher":{"@id":"https:\/\/www.laguiadepamplona.com\/actualidad\/#organization"},"image":{"@id":"https:\/\/www.laguiadepamplona.com\/actualidad\/las-160-plazas-de-aparcamiento-junto-al-cementerio-se-convertiran-en-zona-naranja-de-estacionamiento-con-la-primera-hora-gratuita\/#primaryimage"},"thumbnailUrl":"https:\/\/www.laguiadepamplona.com\/actualidad\/wp-content\/uploads\/2023\/01\/cementerio-puerta_2.webp","articleSection":["Ayto Pamplona"],"inLanguage":"es","potentialAction":[{"@type":"CommentAction","name":"Comment","target":["https:\/\/www.laguiadepamplona.com\/actualidad\/las-160-plazas-de-aparcamiento-junto-al-cementerio-se-convertiran-en-zona-naranja-de-estacionamiento-con-la-primera-hora-gratuita\/#respond"]}]},{"@type":"WebPage","@id":"https:\/\/www.laguiadepamplona.com\/actualidad\/las-160-plazas-de-aparcamiento-junto-al-cementerio-se-convertiran-en-zona-naranja-de-estacionamiento-con-la-primera-hora-gratuita\/","url":"https:\/\/www.laguiadepamplona.com\/actualidad\/las-160-plazas-de-aparcamiento-junto-al-cementerio-se-convertiran-en-zona-naranja-de-estacionamiento-con-la-primera-hora-gratuita\/","name":"Las 160 plazas de aparcamiento junto al cementerio se convertir\u00e1n en zona naranja de estacionamiento, con la primera hora gratuita","isPartOf":{"@id":"https:\/\/www.laguiadepamplona.com\/actualidad\/#website"},"primaryImageOfPage":{"@id":"https:\/\/www.laguiadepamplona.com\/actualidad\/las-160-plazas-de-aparcamiento-junto-al-cementerio-se-convertiran-en-zona-naranja-de-estacionamiento-con-la-primera-hora-gratuita\/#primaryimage"},"image":{"@id":"https:\/\/www.laguiadepamplona.com\/actualidad\/las-160-plazas-de-aparcamiento-junto-al-cementerio-se-convertiran-en-zona-naranja-de-estacionamiento-con-la-primera-hora-gratuita\/#primaryimage"},"thumbnailUrl":"https:\/\/www.laguiadepamplona.com\/actualidad\/wp-content\/uploads\/2023\/01\/cementerio-puerta_2.webp","datePublished":"2023-01-24T12:34:56+00:00","dateModified":"2023-04-11T09:47:21+00:00","description":"La zona se utilizaba como estacionamiento disuasorio, con apenas rotaci\u00f3n y con problemas de aparcamiento para quienes acud\u00edan al cementerio","breadcrumb":{"@id":"https:\/\/www.laguiadepamplona.com\/actualidad\/las-160-plazas-de-aparcamiento-junto-al-cementerio-se-convertiran-en-zona-naranja-de-estacionamiento-con-la-primera-hora-gratuita\/#breadcrumb"},"inLanguage":"es","potentialAction":[{"@type":"ReadAction","target":["https:\/\/www.laguiadepamplona.com\/actualidad\/las-160-plazas-de-aparcamiento-junto-al-cementerio-se-convertiran-en-zona-naranja-de-estacionamiento-con-la-primera-hora-gratuita\/"]}]},{"@type":"ImageObject","inLanguage":"es","@id":"https:\/\/www.laguiadepamplona.com\/actualidad\/las-160-plazas-de-aparcamiento-junto-al-cementerio-se-convertiran-en-zona-naranja-de-estacionamiento-con-la-primera-hora-gratuita\/#primaryimage","url":"https:\/\/www.laguiadepamplona.com\/actualidad\/wp-content\/uploads\/2023\/01\/cementerio-puerta_2.webp","contentUrl":"https:\/\/www.laguiadepamplona.com\/actualidad\/wp-content\/uploads\/2023\/01\/cementerio-puerta_2.webp","width":1600,"height":1200},{"@type":"BreadcrumbList","@id":"https:\/\/www.laguiadepamplona.com\/actualidad\/las-160-plazas-de-aparcamiento-junto-al-cementerio-se-convertiran-en-zona-naranja-de-estacionamiento-con-la-primera-hora-gratuita\/#breadcrumb","itemListElement":[{"@type":"ListItem","position":1,"name":"Portada","item":"https:\/\/www.laguiadepamplona.com\/actualidad\/"},{"@type":"ListItem","position":2,"name":"Las 160 plazas de aparcamiento junto al cementerio se convertir\u00e1n en zona naranja de estacionamiento, con la primera hora gratuita"}]},{"@type":"WebSite","@id":"https:\/\/www.laguiadepamplona.com\/actualidad\/#website","url":"https:\/\/www.laguiadepamplona.com\/actualidad\/","name":"La gu\u00eda de Pamplona","description":"Noticias de Pamplona","publisher":{"@id":"https:\/\/www.laguiadepamplona.com\/actualidad\/#organization"},"potentialAction":[{"@type":"SearchAction","target":{"@type":"EntryPoint","urlTemplate":"https:\/\/www.laguiadepamplona.com\/actualidad\/?s={search_term_string}"},"query-input":{"@type":"PropertyValueSpecification","valueRequired":true,"valueName":"search_term_string"}}],"inLanguage":"es"},{"@type":"Organization","@id":"https:\/\/www.laguiadepamplona.com\/actualidad\/#organization","name":"La Gu\u00eda de Pamplona \/ Noticias","url":"https:\/\/www.laguiadepamplona.com\/actualidad\/","logo":{"@type":"ImageObject","inLanguage":"es","@id":"https:\/\/www.laguiadepamplona.com\/actualidad\/#\/schema\/logo\/image\/","url":"https:\/\/www.laguiadepamplona.com\/actualidad\/wp-content\/uploads\/2018\/11\/logo-laguiadepamplona18-web1.png","contentUrl":"https:\/\/www.laguiadepamplona.com\/actualidad\/wp-content\/uploads\/2018\/11\/logo-laguiadepamplona18-web1.png","width":600,"height":196,"caption":"La Gu\u00eda de Pamplona \/ Noticias"},"image":{"@id":"https:\/\/www.laguiadepamplona.com\/actualidad\/#\/schema\/logo\/image\/"},"sameAs":["https:\/\/www.facebook.com\/laguiadepamplonacom-133175176762273\/?ref=hl","https:\/\/x.com\/LaGuiadPamplona","https:\/\/www.instagram.com\/la_guia_de_pamplona\/","https:\/\/www.youtube.com\/user\/laguiadepamplona"]},{"@type":"Person","@id":"https:\/\/www.laguiadepamplona.com\/actualidad\/#\/schema\/person\/efe887376f0213d4657c93adc50b1fdb","name":"La Gu\u00eda de Pamplona","image":{"@type":"ImageObject","inLanguage":"es","@id":"https:\/\/secure.gravatar.com\/avatar\/b6992f131dc8d30ab0dff15446e9d346d9dbd95992de0fef795073f5ea83a81c?s=96&d=mm&r=g","url":"https:\/\/secure.gravatar.com\/avatar\/b6992f131dc8d30ab0dff15446e9d346d9dbd95992de0fef795073f5ea83a81c?s=96&d=mm&r=g","contentUrl":"https:\/\/secure.gravatar.com\/avatar\/b6992f131dc8d30ab0dff15446e9d346d9dbd95992de0fef795073f5ea83a81c?s=96&d=mm&r=g","caption":"La Gu\u00eda de Pamplona"}}]}},"post_mailing_queue_ids":[],"_links":{"self":[{"href":"https:\/\/www.laguiadepamplona.com\/actualidad\/wp-json\/wp\/v2\/posts\/42666","targetHints":{"allow":["GET"]}}],"collection":[{"href":"https:\/\/www.laguiadepamplona.com\/actualidad\/wp-json\/wp\/v2\/posts"}],"about":[{"href":"https:\/\/www.laguiadepamplona.com\/actualidad\/wp-json\/wp\/v2\/types\/post"}],"author":[{"embeddable":true,"href":"https:\/\/www.laguiadepamplona.com\/actualidad\/wp-json\/wp\/v2\/users\/1"}],"replies":[{"embeddable":true,"href":"https:\/\/www.laguiadepamplona.com\/actualidad\/wp-json\/wp\/v2\/comments?post=42666"}],"version-history":[{"count":0,"href":"https:\/\/www.laguiadepamplona.com\/actualidad\/wp-json\/wp\/v2\/posts\/42666\/revisions"}],"wp:featuredmedia":[{"embeddable":true,"href":"https:\/\/www.laguiadepamplona.com\/actualidad\/wp-json\/wp\/v2\/media\/42667"}],"wp:attachment":[{"href":"https:\/\/www.laguiadepamplona.com\/actualidad\/wp-json\/wp\/v2\/media?parent=42666"}],"wp:term":[{"taxonomy":"category","embeddable":true,"href":"https:\/\/www.laguiadepamplona.com\/actualidad\/wp-json\/wp\/v2\/categories?post=42666"},{"taxonomy":"post_tag","embeddable":true,"href":"https:\/\/www.laguiadepamplona.com\/actualidad\/wp-json\/wp\/v2\/tags?post=42666"}],"curies":[{"name":"wp","href":"https:\/\/api.w.org\/{rel}","templated":true}]}}