{"id":42664,"date":"2023-01-24T14:32:21","date_gmt":"2023-01-24T12:32:21","guid":{"rendered":"https:\/\/www.laguiadepamplona.com\/actualidad\/?p=42664"},"modified":"2023-04-11T11:47:21","modified_gmt":"2023-04-11T09:47:21","slug":"ayuntamiento-de-pamplona-y-telefono-de-la-esperanza-ponen-en-marcha-un-taller-para-paliar-la-soledad-y-potenciar-la-autoestima-de-la-poblacion-adolescente","status":"publish","type":"post","link":"https:\/\/www.laguiadepamplona.com\/actualidad\/ayuntamiento-de-pamplona-y-telefono-de-la-esperanza-ponen-en-marcha-un-taller-para-paliar-la-soledad-y-potenciar-la-autoestima-de-la-poblacion-adolescente\/","title":{"rendered":"Ayuntamiento de Pamplona y Tel\u00e9fono de la Esperanza ponen en marcha un taller para paliar la soledad y potenciar la autoestima de la poblaci\u00f3n adolescente"},"content":{"rendered":"<h5>El convenio firmado en 2021 para el apoyo emocional a personas mayores de 65 a\u00f1os, se ampl\u00eda para abordar la salud mental en la adolescencia<\/h5>\n<p><!--more--><\/p>\n<p>El Ayuntamiento de Pamplona y el Tel\u00e9fono de la Esperanza ampl\u00edan su colaboraci\u00f3n tambi\u00e9n a la poblaci\u00f3n adolescente. Junto a los talleres de apoyo emocional que desde 2021 se imparten dirigidos a personas mayores de 65 a\u00f1os, se va a poner en marcha a lo largo de este primer trimestre del a\u00f1o un taller gratuito de trabajo personal para j\u00f3venes entre 14 y 18 a\u00f1os en el que se abordar\u00e1n aspectos relacionados con la soledad, la autoestima y las relaciones sociales. La difusi\u00f3n de este nuevo taller se realizar\u00e1 a partir del 15 de febrero en los distintos recursos municipales.<br \/>\n<script async src=\"\/\/pagead2.googlesyndication.com\/pagead\/js\/adsbygoogle.js\"><\/script><br \/>\n<!-- Noticias La Guia de Pamplona --><br \/>\n<ins class=\"adsbygoogle\"\nstyle=\"display:block\"\ndata-ad-client=\"ca-pub-6943679897239327\"\ndata-ad-slot=\"7048180777\"\ndata-ad-format=\"auto\"><\/ins><br \/>\n<script>\n(adsbygoogle = window.adsbygoogle || []).push({});\n<\/script><\/p>\n<p>El deterioro de la salud mental y la soledad entre la juventud es una realidad, tal y como muestran diferentes estudios. Seg\u00fan datos del propio Tel\u00e9fono de la Esperanza, un 21% de la poblaci\u00f3n joven sufre soledad severa y un 21% tambi\u00e9n asegura que no tiene un n\u00facleo de amistades. El Instituto Navarro de la Juventud elabor\u00f3 un estudio de salud mental que refleja que un 54,4% ha visto afectado su bienestar emocional de forma negativa por la COVID-19.<\/p>\n<p>Detectada esta problem\u00e1tica, Ayuntamiento de Pamplona y Tel\u00e9fono de la Esperanza han decidido extender las actividades contempladas en el convenio firmado en 2021 a la poblaci\u00f3n infanto-juvenil con el primer taller de trabajo personal \u2018Con\u00f3cete. S\u00e9 t\u00fa mism@\u2019. La concejala delegada de Servicios Sociales, Acci\u00f3n Comunitaria y Deporte, Mar\u00eda Caballero; la presidenta del Tel\u00e9fono de la Esperanza, Bego\u00f1a Arbeloa; y la psic\u00f3loga Paula Fuentes, han presentado este nuevo taller, que no supone una ampliaci\u00f3n de los 20.000 euros que aporta el Consistorio.<br \/>\n<script async src=\"\/\/pagead2.googlesyndication.com\/pagead\/js\/adsbygoogle.js\"><\/script><br \/>\n<!-- Noticias La Guia de Pamplona --><br \/>\n<ins class=\"adsbygoogle\"\nstyle=\"display:block\"\ndata-ad-client=\"ca-pub-6943679897239327\"\ndata-ad-slot=\"7048180777\"\ndata-ad-format=\"auto\"><\/ins><br \/>\n<script>\n(adsbygoogle = window.adsbygoogle || []).push({});\n<\/script><\/p>\n<p><strong>Sobre el taller de trabajo personal<\/strong><\/p>\n<p>El taller se ha articulado a lo largo de tres meses, en doce sesiones semanales de dos horas en la sede del Tel\u00e9fono de la Esperanza (c\/ San Blas, 13). Est\u00e1 dirigido a adolescentes entre 14 y 18 a\u00f1os, con el consentimiento firmado de padre, madre o tutor. La derivaci\u00f3n se realizar\u00e1 a trav\u00e9s de las unidades de barrio, centros de salud y el programa municipal de infancia y adolescencia COworkids. En total, ser\u00e1n 24 horas de formaci\u00f3n, reflexi\u00f3n y acompa\u00f1amiento, en grupos de trabajo de un m\u00e1ximo de 12 personas, guiado y acompa\u00f1ado en todas las sesiones por una persona coordinadora formada en los contenidos y en el trabajo con adolescentes.<\/p>\n<p>Los objetivos del taller pasan por trabajar el autoconocimiento personal, explorando su mundo emocional, sus pensamientos, sentimientos y relaciones. Se trata de aprender a autoconocerse y a relacionarse mejor con los dem\u00e1s, as\u00ed como proporcionar un espacio seguro y de confianza donde poder hablar y compartir lo que les preocupa. Los contenidos se dividen en tres bloques: mi relaci\u00f3n conmigo mismo o conmigo misma (emociones, sentimientos, autoconcepto, autoestima, relaci\u00f3n con su cuerpo, pensamientos suicidas), mi relaci\u00f3n con las dem\u00e1s personas (comunicaci\u00f3n, relaci\u00f3n con familia, amistades, pareja\u2026) y mi relaci\u00f3n con el mundo (mi yo en el futuro).<\/p>\n<p>Cada sesi\u00f3n tendr\u00e1 un trabajo de contenido te\u00f3rico a realizar en sus domicilios. Durante la sesi\u00f3n, se trabajar\u00e1 con din\u00e1micas de grupos, en exposici\u00f3n del trabajo te\u00f3rico realizado y dando tiempo a cada participante a compartir \u2018lo suyo\u2019.<br \/>\n<script async src=\"\/\/pagead2.googlesyndication.com\/pagead\/js\/adsbygoogle.js\"><\/script><br \/>\n<!-- Noticias La Guia de Pamplona --><br \/>\n<ins class=\"adsbygoogle\"\nstyle=\"display:block\"\ndata-ad-client=\"ca-pub-6943679897239327\"\ndata-ad-slot=\"7048180777\"\ndata-ad-format=\"auto\"><\/ins><br \/>\n<script>\n(adsbygoogle = window.adsbygoogle || []).push({});\n<\/script><\/p>\n<p><strong>Convenio con el Tel\u00e9fono de la Esperanza<\/strong><\/p>\n<p>En junio de 2021, el Ayuntamiento de Pamplona firm\u00f3 un convenio de colaboraci\u00f3n con el Tel\u00e9fono de la Esperanza para desarrollar un programa de apoyo psicol\u00f3gico dirigido a personas mayores de 65 a\u00f1os. La idea era poner al alcance de la poblaci\u00f3n mayor un servicio cualificado y gratuito que les pudiera ayudar a superar consecuencias emocionales derivadas de la situaci\u00f3n sanitaria causada por la COVID-19.<\/p>\n<p>El programa de apoyo psicol\u00f3gico y emocional cuenta con dos l\u00edneas de acci\u00f3n supervisadas por el equipo de atenci\u00f3n psicol\u00f3gica. Dentro de la primera l\u00ednea, se oferta asesoramiento individual telef\u00f3nico, y para aquellas personas que por su situaci\u00f3n de vulnerabilidad necesitan una atenci\u00f3n m\u00e1s personalizada se lleva a cabo una atenci\u00f3n presencial, individual o grupal. Este asesoramiento telef\u00f3nico y personalizado se ha reducido de forma considerable tras superarse la pandemia y, por ello, se apuesta ahora por ampliar el programa a la adolescencia.<\/p>\n<p>La segunda l\u00ednea de actuaci\u00f3n se basa en talleres sobre bienestar emocional, gesti\u00f3n del estr\u00e9s, h\u00e1bitos saludables de vida, prevenci\u00f3n de la ansiedad, mejora de la comunicaci\u00f3n interpersonal, insomnio o depresi\u00f3n. Son gratuitos y se desarrollan en locales municipales. Cada taller dura 8 horas y oferta 12 plazas por formaci\u00f3n. En este a\u00f1o y medio se han organizado diez talleres en los que han participado 133 personas (106 mujeres y 27 hombres).<\/p>\n","protected":false},"excerpt":{"rendered":"<p>El convenio firmado en 2021 para el apoyo emocional a personas mayores de 65 a\u00f1os, se ampl\u00eda para abordar la salud mental en la adolescencia<\/p>\n","protected":false},"author":1,"featured_media":41391,"comment_status":"open","ping_status":"closed","sticky":false,"template":"","format":"standard","meta":{"footnotes":""},"categories":[2],"tags":[],"class_list":["post-42664","post","type-post","status-publish","format-standard","has-post-thumbnail","hentry","category-ayuntamiento-pamplona"],"yoast_head":"<!-- This site is optimized with the Yoast SEO plugin v27.3 - https:\/\/yoast.com\/product\/yoast-seo-wordpress\/ -->\n<title>Ayuntamiento de Pamplona y Tel\u00e9fono de la Esperanza ponen en marcha un taller para paliar la soledad y potenciar la autoestima de la poblaci\u00f3n adolescente<\/title>\n<meta name=\"description\" content=\"El convenio firmado en 2021 para el apoyo emocional a personas mayores de 65 a\u00f1os, se ampl\u00eda para abordar la salud mental en la adolescencia\" \/>\n<meta name=\"robots\" content=\"index, follow, max-snippet:-1, max-image-preview:large, max-video-preview:-1\" \/>\n<link rel=\"canonical\" href=\"https:\/\/www.laguiadepamplona.com\/actualidad\/ayuntamiento-de-pamplona-y-telefono-de-la-esperanza-ponen-en-marcha-un-taller-para-paliar-la-soledad-y-potenciar-la-autoestima-de-la-poblacion-adolescente\/\" \/>\n<meta property=\"og:locale\" content=\"es_ES\" \/>\n<meta property=\"og:type\" content=\"article\" \/>\n<meta property=\"og:title\" content=\"Ayuntamiento de Pamplona y Tel\u00e9fono de la Esperanza ponen en marcha un taller para paliar la soledad y potenciar la autoestima de la poblaci\u00f3n adolescente\" \/>\n<meta property=\"og:description\" content=\"El convenio firmado en 2021 para el apoyo emocional a personas mayores de 65 a\u00f1os, se ampl\u00eda para abordar la salud mental en la adolescencia\" \/>\n<meta property=\"og:url\" content=\"https:\/\/www.laguiadepamplona.com\/actualidad\/ayuntamiento-de-pamplona-y-telefono-de-la-esperanza-ponen-en-marcha-un-taller-para-paliar-la-soledad-y-potenciar-la-autoestima-de-la-poblacion-adolescente\/\" \/>\n<meta property=\"og:site_name\" content=\"La Gu\u00eda de Pamplona\" \/>\n<meta property=\"article:publisher\" content=\"https:\/\/www.facebook.com\/laguiadepamplonacom-133175176762273\/?ref=hl\" \/>\n<meta property=\"article:published_time\" content=\"2023-01-24T12:32:21+00:00\" \/>\n<meta property=\"article:modified_time\" content=\"2023-04-11T09:47:21+00:00\" \/>\n<meta property=\"og:image\" content=\"https:\/\/www.laguiadepamplona.com\/actualidad\/wp-content\/uploads\/2022\/08\/reloj_ayuntamiento.webp\" \/>\n\t<meta property=\"og:image:width\" content=\"1920\" \/>\n\t<meta property=\"og:image:height\" content=\"1245\" \/>\n\t<meta property=\"og:image:type\" content=\"image\/webp\" \/>\n<meta name=\"author\" content=\"La Gu\u00eda de Pamplona\" \/>\n<meta name=\"twitter:card\" content=\"summary_large_image\" \/>\n<meta name=\"twitter:creator\" content=\"@LaGuiadPamplona\" \/>\n<meta name=\"twitter:site\" content=\"@LaGuiadPamplona\" \/>\n<meta name=\"twitter:label1\" content=\"Escrito por\" \/>\n\t<meta name=\"twitter:data1\" content=\"La Gu\u00eda de Pamplona\" \/>\n\t<meta name=\"twitter:label2\" content=\"Tiempo de lectura\" \/>\n\t<meta name=\"twitter:data2\" content=\"4 minutos\" \/>\n<script type=\"application\/ld+json\" class=\"yoast-schema-graph\">{\"@context\":\"https:\\\/\\\/schema.org\",\"@graph\":[{\"@type\":\"Article\",\"@id\":\"https:\\\/\\\/www.laguiadepamplona.com\\\/actualidad\\\/ayuntamiento-de-pamplona-y-telefono-de-la-esperanza-ponen-en-marcha-un-taller-para-paliar-la-soledad-y-potenciar-la-autoestima-de-la-poblacion-adolescente\\\/#article\",\"isPartOf\":{\"@id\":\"https:\\\/\\\/www.laguiadepamplona.com\\\/actualidad\\\/ayuntamiento-de-pamplona-y-telefono-de-la-esperanza-ponen-en-marcha-un-taller-para-paliar-la-soledad-y-potenciar-la-autoestima-de-la-poblacion-adolescente\\\/\"},\"author\":{\"name\":\"La Gu\u00eda de Pamplona\",\"@id\":\"https:\\\/\\\/www.laguiadepamplona.com\\\/actualidad\\\/#\\\/schema\\\/person\\\/efe887376f0213d4657c93adc50b1fdb\"},\"headline\":\"Ayuntamiento de Pamplona y Tel\u00e9fono de la Esperanza ponen en marcha un taller para paliar la soledad y potenciar la autoestima de la poblaci\u00f3n adolescente\",\"datePublished\":\"2023-01-24T12:32:21+00:00\",\"dateModified\":\"2023-04-11T09:47:21+00:00\",\"mainEntityOfPage\":{\"@id\":\"https:\\\/\\\/www.laguiadepamplona.com\\\/actualidad\\\/ayuntamiento-de-pamplona-y-telefono-de-la-esperanza-ponen-en-marcha-un-taller-para-paliar-la-soledad-y-potenciar-la-autoestima-de-la-poblacion-adolescente\\\/\"},\"wordCount\":850,\"commentCount\":0,\"publisher\":{\"@id\":\"https:\\\/\\\/www.laguiadepamplona.com\\\/actualidad\\\/#organization\"},\"image\":{\"@id\":\"https:\\\/\\\/www.laguiadepamplona.com\\\/actualidad\\\/ayuntamiento-de-pamplona-y-telefono-de-la-esperanza-ponen-en-marcha-un-taller-para-paliar-la-soledad-y-potenciar-la-autoestima-de-la-poblacion-adolescente\\\/#primaryimage\"},\"thumbnailUrl\":\"https:\\\/\\\/www.laguiadepamplona.com\\\/actualidad\\\/wp-content\\\/uploads\\\/2022\\\/08\\\/reloj_ayuntamiento.webp\",\"articleSection\":[\"Ayto Pamplona\"],\"inLanguage\":\"es\",\"potentialAction\":[{\"@type\":\"CommentAction\",\"name\":\"Comment\",\"target\":[\"https:\\\/\\\/www.laguiadepamplona.com\\\/actualidad\\\/ayuntamiento-de-pamplona-y-telefono-de-la-esperanza-ponen-en-marcha-un-taller-para-paliar-la-soledad-y-potenciar-la-autoestima-de-la-poblacion-adolescente\\\/#respond\"]}]},{\"@type\":\"WebPage\",\"@id\":\"https:\\\/\\\/www.laguiadepamplona.com\\\/actualidad\\\/ayuntamiento-de-pamplona-y-telefono-de-la-esperanza-ponen-en-marcha-un-taller-para-paliar-la-soledad-y-potenciar-la-autoestima-de-la-poblacion-adolescente\\\/\",\"url\":\"https:\\\/\\\/www.laguiadepamplona.com\\\/actualidad\\\/ayuntamiento-de-pamplona-y-telefono-de-la-esperanza-ponen-en-marcha-un-taller-para-paliar-la-soledad-y-potenciar-la-autoestima-de-la-poblacion-adolescente\\\/\",\"name\":\"Ayuntamiento de Pamplona y Tel\u00e9fono de la Esperanza ponen en marcha un taller para paliar la soledad y potenciar la autoestima de la poblaci\u00f3n adolescente\",\"isPartOf\":{\"@id\":\"https:\\\/\\\/www.laguiadepamplona.com\\\/actualidad\\\/#website\"},\"primaryImageOfPage\":{\"@id\":\"https:\\\/\\\/www.laguiadepamplona.com\\\/actualidad\\\/ayuntamiento-de-pamplona-y-telefono-de-la-esperanza-ponen-en-marcha-un-taller-para-paliar-la-soledad-y-potenciar-la-autoestima-de-la-poblacion-adolescente\\\/#primaryimage\"},\"image\":{\"@id\":\"https:\\\/\\\/www.laguiadepamplona.com\\\/actualidad\\\/ayuntamiento-de-pamplona-y-telefono-de-la-esperanza-ponen-en-marcha-un-taller-para-paliar-la-soledad-y-potenciar-la-autoestima-de-la-poblacion-adolescente\\\/#primaryimage\"},\"thumbnailUrl\":\"https:\\\/\\\/www.laguiadepamplona.com\\\/actualidad\\\/wp-content\\\/uploads\\\/2022\\\/08\\\/reloj_ayuntamiento.webp\",\"datePublished\":\"2023-01-24T12:32:21+00:00\",\"dateModified\":\"2023-04-11T09:47:21+00:00\",\"description\":\"El convenio firmado en 2021 para el apoyo emocional a personas mayores de 65 a\u00f1os, se ampl\u00eda para abordar la salud mental en la adolescencia\",\"breadcrumb\":{\"@id\":\"https:\\\/\\\/www.laguiadepamplona.com\\\/actualidad\\\/ayuntamiento-de-pamplona-y-telefono-de-la-esperanza-ponen-en-marcha-un-taller-para-paliar-la-soledad-y-potenciar-la-autoestima-de-la-poblacion-adolescente\\\/#breadcrumb\"},\"inLanguage\":\"es\",\"potentialAction\":[{\"@type\":\"ReadAction\",\"target\":[\"https:\\\/\\\/www.laguiadepamplona.com\\\/actualidad\\\/ayuntamiento-de-pamplona-y-telefono-de-la-esperanza-ponen-en-marcha-un-taller-para-paliar-la-soledad-y-potenciar-la-autoestima-de-la-poblacion-adolescente\\\/\"]}]},{\"@type\":\"ImageObject\",\"inLanguage\":\"es\",\"@id\":\"https:\\\/\\\/www.laguiadepamplona.com\\\/actualidad\\\/ayuntamiento-de-pamplona-y-telefono-de-la-esperanza-ponen-en-marcha-un-taller-para-paliar-la-soledad-y-potenciar-la-autoestima-de-la-poblacion-adolescente\\\/#primaryimage\",\"url\":\"https:\\\/\\\/www.laguiadepamplona.com\\\/actualidad\\\/wp-content\\\/uploads\\\/2022\\\/08\\\/reloj_ayuntamiento.webp\",\"contentUrl\":\"https:\\\/\\\/www.laguiadepamplona.com\\\/actualidad\\\/wp-content\\\/uploads\\\/2022\\\/08\\\/reloj_ayuntamiento.webp\",\"width\":1920,\"height\":1245,\"caption\":\"ayuntamiento\"},{\"@type\":\"BreadcrumbList\",\"@id\":\"https:\\\/\\\/www.laguiadepamplona.com\\\/actualidad\\\/ayuntamiento-de-pamplona-y-telefono-de-la-esperanza-ponen-en-marcha-un-taller-para-paliar-la-soledad-y-potenciar-la-autoestima-de-la-poblacion-adolescente\\\/#breadcrumb\",\"itemListElement\":[{\"@type\":\"ListItem\",\"position\":1,\"name\":\"Portada\",\"item\":\"https:\\\/\\\/www.laguiadepamplona.com\\\/actualidad\\\/\"},{\"@type\":\"ListItem\",\"position\":2,\"name\":\"Ayuntamiento de Pamplona y Tel\u00e9fono de la Esperanza ponen en marcha un taller para paliar la soledad y potenciar la autoestima de la poblaci\u00f3n adolescente\"}]},{\"@type\":\"WebSite\",\"@id\":\"https:\\\/\\\/www.laguiadepamplona.com\\\/actualidad\\\/#website\",\"url\":\"https:\\\/\\\/www.laguiadepamplona.com\\\/actualidad\\\/\",\"name\":\"La gu\u00eda de Pamplona\",\"description\":\"Noticias de Pamplona\",\"publisher\":{\"@id\":\"https:\\\/\\\/www.laguiadepamplona.com\\\/actualidad\\\/#organization\"},\"potentialAction\":[{\"@type\":\"SearchAction\",\"target\":{\"@type\":\"EntryPoint\",\"urlTemplate\":\"https:\\\/\\\/www.laguiadepamplona.com\\\/actualidad\\\/?s={search_term_string}\"},\"query-input\":{\"@type\":\"PropertyValueSpecification\",\"valueRequired\":true,\"valueName\":\"search_term_string\"}}],\"inLanguage\":\"es\"},{\"@type\":\"Organization\",\"@id\":\"https:\\\/\\\/www.laguiadepamplona.com\\\/actualidad\\\/#organization\",\"name\":\"La Gu\u00eda de Pamplona \\\/ Noticias\",\"url\":\"https:\\\/\\\/www.laguiadepamplona.com\\\/actualidad\\\/\",\"logo\":{\"@type\":\"ImageObject\",\"inLanguage\":\"es\",\"@id\":\"https:\\\/\\\/www.laguiadepamplona.com\\\/actualidad\\\/#\\\/schema\\\/logo\\\/image\\\/\",\"url\":\"https:\\\/\\\/www.laguiadepamplona.com\\\/actualidad\\\/wp-content\\\/uploads\\\/2018\\\/11\\\/logo-laguiadepamplona18-web1.png\",\"contentUrl\":\"https:\\\/\\\/www.laguiadepamplona.com\\\/actualidad\\\/wp-content\\\/uploads\\\/2018\\\/11\\\/logo-laguiadepamplona18-web1.png\",\"width\":600,\"height\":196,\"caption\":\"La Gu\u00eda de Pamplona \\\/ Noticias\"},\"image\":{\"@id\":\"https:\\\/\\\/www.laguiadepamplona.com\\\/actualidad\\\/#\\\/schema\\\/logo\\\/image\\\/\"},\"sameAs\":[\"https:\\\/\\\/www.facebook.com\\\/laguiadepamplonacom-133175176762273\\\/?ref=hl\",\"https:\\\/\\\/x.com\\\/LaGuiadPamplona\",\"https:\\\/\\\/www.instagram.com\\\/la_guia_de_pamplona\\\/\",\"https:\\\/\\\/www.youtube.com\\\/user\\\/laguiadepamplona\"]},{\"@type\":\"Person\",\"@id\":\"https:\\\/\\\/www.laguiadepamplona.com\\\/actualidad\\\/#\\\/schema\\\/person\\\/efe887376f0213d4657c93adc50b1fdb\",\"name\":\"La Gu\u00eda de Pamplona\",\"image\":{\"@type\":\"ImageObject\",\"inLanguage\":\"es\",\"@id\":\"https:\\\/\\\/secure.gravatar.com\\\/avatar\\\/b6992f131dc8d30ab0dff15446e9d346d9dbd95992de0fef795073f5ea83a81c?s=96&d=mm&r=g\",\"url\":\"https:\\\/\\\/secure.gravatar.com\\\/avatar\\\/b6992f131dc8d30ab0dff15446e9d346d9dbd95992de0fef795073f5ea83a81c?s=96&d=mm&r=g\",\"contentUrl\":\"https:\\\/\\\/secure.gravatar.com\\\/avatar\\\/b6992f131dc8d30ab0dff15446e9d346d9dbd95992de0fef795073f5ea83a81c?s=96&d=mm&r=g\",\"caption\":\"La Gu\u00eda de Pamplona\"}}]}<\/script>\n<!-- \/ Yoast SEO plugin. -->","yoast_head_json":{"title":"Ayuntamiento de Pamplona y Tel\u00e9fono de la Esperanza ponen en marcha un taller para paliar la soledad y potenciar la autoestima de la poblaci\u00f3n adolescente","description":"El convenio firmado en 2021 para el apoyo emocional a personas mayores de 65 a\u00f1os, se ampl\u00eda para abordar la salud mental en la adolescencia","robots":{"index":"index","follow":"follow","max-snippet":"max-snippet:-1","max-image-preview":"max-image-preview:large","max-video-preview":"max-video-preview:-1"},"canonical":"https:\/\/www.laguiadepamplona.com\/actualidad\/ayuntamiento-de-pamplona-y-telefono-de-la-esperanza-ponen-en-marcha-un-taller-para-paliar-la-soledad-y-potenciar-la-autoestima-de-la-poblacion-adolescente\/","og_locale":"es_ES","og_type":"article","og_title":"Ayuntamiento de Pamplona y Tel\u00e9fono de la Esperanza ponen en marcha un taller para paliar la soledad y potenciar la autoestima de la poblaci\u00f3n adolescente","og_description":"El convenio firmado en 2021 para el apoyo emocional a personas mayores de 65 a\u00f1os, se ampl\u00eda para abordar la salud mental en la adolescencia","og_url":"https:\/\/www.laguiadepamplona.com\/actualidad\/ayuntamiento-de-pamplona-y-telefono-de-la-esperanza-ponen-en-marcha-un-taller-para-paliar-la-soledad-y-potenciar-la-autoestima-de-la-poblacion-adolescente\/","og_site_name":"La Gu\u00eda de Pamplona","article_publisher":"https:\/\/www.facebook.com\/laguiadepamplonacom-133175176762273\/?ref=hl","article_published_time":"2023-01-24T12:32:21+00:00","article_modified_time":"2023-04-11T09:47:21+00:00","og_image":[{"width":1920,"height":1245,"url":"https:\/\/www.laguiadepamplona.com\/actualidad\/wp-content\/uploads\/2022\/08\/reloj_ayuntamiento.webp","type":"image\/webp"}],"author":"La Gu\u00eda de Pamplona","twitter_card":"summary_large_image","twitter_creator":"@LaGuiadPamplona","twitter_site":"@LaGuiadPamplona","twitter_misc":{"Escrito por":"La Gu\u00eda de Pamplona","Tiempo de lectura":"4 minutos"},"schema":{"@context":"https:\/\/schema.org","@graph":[{"@type":"Article","@id":"https:\/\/www.laguiadepamplona.com\/actualidad\/ayuntamiento-de-pamplona-y-telefono-de-la-esperanza-ponen-en-marcha-un-taller-para-paliar-la-soledad-y-potenciar-la-autoestima-de-la-poblacion-adolescente\/#article","isPartOf":{"@id":"https:\/\/www.laguiadepamplona.com\/actualidad\/ayuntamiento-de-pamplona-y-telefono-de-la-esperanza-ponen-en-marcha-un-taller-para-paliar-la-soledad-y-potenciar-la-autoestima-de-la-poblacion-adolescente\/"},"author":{"name":"La Gu\u00eda de Pamplona","@id":"https:\/\/www.laguiadepamplona.com\/actualidad\/#\/schema\/person\/efe887376f0213d4657c93adc50b1fdb"},"headline":"Ayuntamiento de Pamplona y Tel\u00e9fono de la Esperanza ponen en marcha un taller para paliar la soledad y potenciar la autoestima de la poblaci\u00f3n adolescente","datePublished":"2023-01-24T12:32:21+00:00","dateModified":"2023-04-11T09:47:21+00:00","mainEntityOfPage":{"@id":"https:\/\/www.laguiadepamplona.com\/actualidad\/ayuntamiento-de-pamplona-y-telefono-de-la-esperanza-ponen-en-marcha-un-taller-para-paliar-la-soledad-y-potenciar-la-autoestima-de-la-poblacion-adolescente\/"},"wordCount":850,"commentCount":0,"publisher":{"@id":"https:\/\/www.laguiadepamplona.com\/actualidad\/#organization"},"image":{"@id":"https:\/\/www.laguiadepamplona.com\/actualidad\/ayuntamiento-de-pamplona-y-telefono-de-la-esperanza-ponen-en-marcha-un-taller-para-paliar-la-soledad-y-potenciar-la-autoestima-de-la-poblacion-adolescente\/#primaryimage"},"thumbnailUrl":"https:\/\/www.laguiadepamplona.com\/actualidad\/wp-content\/uploads\/2022\/08\/reloj_ayuntamiento.webp","articleSection":["Ayto Pamplona"],"inLanguage":"es","potentialAction":[{"@type":"CommentAction","name":"Comment","target":["https:\/\/www.laguiadepamplona.com\/actualidad\/ayuntamiento-de-pamplona-y-telefono-de-la-esperanza-ponen-en-marcha-un-taller-para-paliar-la-soledad-y-potenciar-la-autoestima-de-la-poblacion-adolescente\/#respond"]}]},{"@type":"WebPage","@id":"https:\/\/www.laguiadepamplona.com\/actualidad\/ayuntamiento-de-pamplona-y-telefono-de-la-esperanza-ponen-en-marcha-un-taller-para-paliar-la-soledad-y-potenciar-la-autoestima-de-la-poblacion-adolescente\/","url":"https:\/\/www.laguiadepamplona.com\/actualidad\/ayuntamiento-de-pamplona-y-telefono-de-la-esperanza-ponen-en-marcha-un-taller-para-paliar-la-soledad-y-potenciar-la-autoestima-de-la-poblacion-adolescente\/","name":"Ayuntamiento de Pamplona y Tel\u00e9fono de la Esperanza ponen en marcha un taller para paliar la soledad y potenciar la autoestima de la poblaci\u00f3n adolescente","isPartOf":{"@id":"https:\/\/www.laguiadepamplona.com\/actualidad\/#website"},"primaryImageOfPage":{"@id":"https:\/\/www.laguiadepamplona.com\/actualidad\/ayuntamiento-de-pamplona-y-telefono-de-la-esperanza-ponen-en-marcha-un-taller-para-paliar-la-soledad-y-potenciar-la-autoestima-de-la-poblacion-adolescente\/#primaryimage"},"image":{"@id":"https:\/\/www.laguiadepamplona.com\/actualidad\/ayuntamiento-de-pamplona-y-telefono-de-la-esperanza-ponen-en-marcha-un-taller-para-paliar-la-soledad-y-potenciar-la-autoestima-de-la-poblacion-adolescente\/#primaryimage"},"thumbnailUrl":"https:\/\/www.laguiadepamplona.com\/actualidad\/wp-content\/uploads\/2022\/08\/reloj_ayuntamiento.webp","datePublished":"2023-01-24T12:32:21+00:00","dateModified":"2023-04-11T09:47:21+00:00","description":"El convenio firmado en 2021 para el apoyo emocional a personas mayores de 65 a\u00f1os, se ampl\u00eda para abordar la salud mental en la adolescencia","breadcrumb":{"@id":"https:\/\/www.laguiadepamplona.com\/actualidad\/ayuntamiento-de-pamplona-y-telefono-de-la-esperanza-ponen-en-marcha-un-taller-para-paliar-la-soledad-y-potenciar-la-autoestima-de-la-poblacion-adolescente\/#breadcrumb"},"inLanguage":"es","potentialAction":[{"@type":"ReadAction","target":["https:\/\/www.laguiadepamplona.com\/actualidad\/ayuntamiento-de-pamplona-y-telefono-de-la-esperanza-ponen-en-marcha-un-taller-para-paliar-la-soledad-y-potenciar-la-autoestima-de-la-poblacion-adolescente\/"]}]},{"@type":"ImageObject","inLanguage":"es","@id":"https:\/\/www.laguiadepamplona.com\/actualidad\/ayuntamiento-de-pamplona-y-telefono-de-la-esperanza-ponen-en-marcha-un-taller-para-paliar-la-soledad-y-potenciar-la-autoestima-de-la-poblacion-adolescente\/#primaryimage","url":"https:\/\/www.laguiadepamplona.com\/actualidad\/wp-content\/uploads\/2022\/08\/reloj_ayuntamiento.webp","contentUrl":"https:\/\/www.laguiadepamplona.com\/actualidad\/wp-content\/uploads\/2022\/08\/reloj_ayuntamiento.webp","width":1920,"height":1245,"caption":"ayuntamiento"},{"@type":"BreadcrumbList","@id":"https:\/\/www.laguiadepamplona.com\/actualidad\/ayuntamiento-de-pamplona-y-telefono-de-la-esperanza-ponen-en-marcha-un-taller-para-paliar-la-soledad-y-potenciar-la-autoestima-de-la-poblacion-adolescente\/#breadcrumb","itemListElement":[{"@type":"ListItem","position":1,"name":"Portada","item":"https:\/\/www.laguiadepamplona.com\/actualidad\/"},{"@type":"ListItem","position":2,"name":"Ayuntamiento de Pamplona y Tel\u00e9fono de la Esperanza ponen en marcha un taller para paliar la soledad y potenciar la autoestima de la poblaci\u00f3n adolescente"}]},{"@type":"WebSite","@id":"https:\/\/www.laguiadepamplona.com\/actualidad\/#website","url":"https:\/\/www.laguiadepamplona.com\/actualidad\/","name":"La gu\u00eda de Pamplona","description":"Noticias de Pamplona","publisher":{"@id":"https:\/\/www.laguiadepamplona.com\/actualidad\/#organization"},"potentialAction":[{"@type":"SearchAction","target":{"@type":"EntryPoint","urlTemplate":"https:\/\/www.laguiadepamplona.com\/actualidad\/?s={search_term_string}"},"query-input":{"@type":"PropertyValueSpecification","valueRequired":true,"valueName":"search_term_string"}}],"inLanguage":"es"},{"@type":"Organization","@id":"https:\/\/www.laguiadepamplona.com\/actualidad\/#organization","name":"La Gu\u00eda de Pamplona \/ Noticias","url":"https:\/\/www.laguiadepamplona.com\/actualidad\/","logo":{"@type":"ImageObject","inLanguage":"es","@id":"https:\/\/www.laguiadepamplona.com\/actualidad\/#\/schema\/logo\/image\/","url":"https:\/\/www.laguiadepamplona.com\/actualidad\/wp-content\/uploads\/2018\/11\/logo-laguiadepamplona18-web1.png","contentUrl":"https:\/\/www.laguiadepamplona.com\/actualidad\/wp-content\/uploads\/2018\/11\/logo-laguiadepamplona18-web1.png","width":600,"height":196,"caption":"La Gu\u00eda de Pamplona \/ Noticias"},"image":{"@id":"https:\/\/www.laguiadepamplona.com\/actualidad\/#\/schema\/logo\/image\/"},"sameAs":["https:\/\/www.facebook.com\/laguiadepamplonacom-133175176762273\/?ref=hl","https:\/\/x.com\/LaGuiadPamplona","https:\/\/www.instagram.com\/la_guia_de_pamplona\/","https:\/\/www.youtube.com\/user\/laguiadepamplona"]},{"@type":"Person","@id":"https:\/\/www.laguiadepamplona.com\/actualidad\/#\/schema\/person\/efe887376f0213d4657c93adc50b1fdb","name":"La Gu\u00eda de Pamplona","image":{"@type":"ImageObject","inLanguage":"es","@id":"https:\/\/secure.gravatar.com\/avatar\/b6992f131dc8d30ab0dff15446e9d346d9dbd95992de0fef795073f5ea83a81c?s=96&d=mm&r=g","url":"https:\/\/secure.gravatar.com\/avatar\/b6992f131dc8d30ab0dff15446e9d346d9dbd95992de0fef795073f5ea83a81c?s=96&d=mm&r=g","contentUrl":"https:\/\/secure.gravatar.com\/avatar\/b6992f131dc8d30ab0dff15446e9d346d9dbd95992de0fef795073f5ea83a81c?s=96&d=mm&r=g","caption":"La Gu\u00eda de Pamplona"}}]}},"post_mailing_queue_ids":[],"_links":{"self":[{"href":"https:\/\/www.laguiadepamplona.com\/actualidad\/wp-json\/wp\/v2\/posts\/42664","targetHints":{"allow":["GET"]}}],"collection":[{"href":"https:\/\/www.laguiadepamplona.com\/actualidad\/wp-json\/wp\/v2\/posts"}],"about":[{"href":"https:\/\/www.laguiadepamplona.com\/actualidad\/wp-json\/wp\/v2\/types\/post"}],"author":[{"embeddable":true,"href":"https:\/\/www.laguiadepamplona.com\/actualidad\/wp-json\/wp\/v2\/users\/1"}],"replies":[{"embeddable":true,"href":"https:\/\/www.laguiadepamplona.com\/actualidad\/wp-json\/wp\/v2\/comments?post=42664"}],"version-history":[{"count":0,"href":"https:\/\/www.laguiadepamplona.com\/actualidad\/wp-json\/wp\/v2\/posts\/42664\/revisions"}],"wp:featuredmedia":[{"embeddable":true,"href":"https:\/\/www.laguiadepamplona.com\/actualidad\/wp-json\/wp\/v2\/media\/41391"}],"wp:attachment":[{"href":"https:\/\/www.laguiadepamplona.com\/actualidad\/wp-json\/wp\/v2\/media?parent=42664"}],"wp:term":[{"taxonomy":"category","embeddable":true,"href":"https:\/\/www.laguiadepamplona.com\/actualidad\/wp-json\/wp\/v2\/categories?post=42664"},{"taxonomy":"post_tag","embeddable":true,"href":"https:\/\/www.laguiadepamplona.com\/actualidad\/wp-json\/wp\/v2\/tags?post=42664"}],"curies":[{"name":"wp","href":"https:\/\/api.w.org\/{rel}","templated":true}]}}